{"id":142307,"date":"2015-04-11T08:05:53","date_gmt":"2015-04-11T06:05:53","guid":{"rendered":"http:\/\/somos.vicencianos.org\/?p=142307"},"modified":"2015-04-11T08:05:53","modified_gmt":"2015-04-11T06:05:53","slug":"vivir-y-morir-en-la-congregacion","status":"publish","type":"post","link":"http:\/\/vincentians.com\/es\/vivir-y-morir-en-la-congregacion\/","title":{"rendered":"Vivir y morir en la Congregaci\u00f3n"},"content":{"rendered":"<p style=\"text-align: justify\">\u00abEl que echa la mano al ara\u00addo y sigue mirando atr\u00e1s no vale para el Reino de Dios\u00bb. (Lc 9,62).<\/p>\n<p style=\"text-align: justify\">\u00abPor el voto espec\u00edfico de <em>es\u00adtabilidad <\/em>nos comprometernos a permanecer toda la vida en la Congregaci\u00f3n dedicados a conseguir su fin, realizando las obras que nos prescriban los Superiores, seg\u00fan las Constituciones <em>y <\/em>Estatutos\u00bb. (C 39).<\/p>\n<p style=\"text-align: justify\"><a href=\"https:\/\/i0.wp.com\/vicencianos.org\/wp-content\/2015\/03\/logo-CM.jpg\"><img data-recalc-dims=\"1\" loading=\"lazy\" decoding=\"async\" class=\"alignright size-medium wp-image-142142\" src=\"https:\/\/i0.wp.com\/vicencianos.org\/wp-content\/2015\/03\/logo-CM-300x300.jpg?resize=300%2C300\" alt=\"logo-CM\" width=\"300\" height=\"300\" \/><\/a>La perpetuidad de los votos de pobreza, castidad y obediencia no pareci\u00f3 suficiente al Fundador de la Con\u00adgregaci\u00f3n para afianzar las voluntades de sus miembros en la perseverancia en la vocaci\u00f3n. Siguiendo el ejemplo de otras comunidades, introdujo el voto de estabilidad, d\u00e1ndole el propio matiz.<\/p>\n<h2 style=\"text-align: justify\"><strong>1. \u00abHacemos un cuarto voto\u00bb.<\/strong><\/h2>\n<p style=\"text-align: justify\">San Vicente, como casi todos los Fundadores, sin perjuicio de su confianza en la Providencia, se esfuerza por consolidar las instituciones y afianzar las voluntades. No basta con la seguridad que la aprobaci\u00f3n pontificia dio a la Congregaci\u00f3n. Tambi\u00e9n sus miembros deben fortalecer la voluntad de ser fieles a la vocaci\u00f3n. Desde los principios se introdujo la pr\u00e1ctica privada de los votos. As\u00ed se lo cuenta San Vicente a la Madre Chantal:<\/p>\n<p style=\"text-align: justify\"><em>\u00abLa <\/em><em>mayor parte de nosotros hemos hecho los tres <\/em><em>votos de <\/em><em>pobreza, castidad y obediencia y el cuarto de <\/em><em>dedicarnos <\/em><em>durante toda nuestra vida a la asistencia del pobre pueblo, <\/em><em>y que <\/em><em>intentamos hacer que <\/em><em>los <\/em><em>apruebe <\/em><em>Su <\/em><em>Santidad\u00bb. <\/em>(I 550-551).<\/p>\n<p style=\"text-align: justify\">Efectivamente, la aprobaci\u00f3n pontificia lleg\u00f3 en 1655. Desde entonces, los misioneros han venido emitiendo el cuarto voto o voto de estabilidad en la Congregaci\u00f3n de la manera siguiente:<\/p>\n<p style=\"text-align: justify\"><em>\u00ab&#8230;hago voto, <\/em><em>adem\u00e1s, <\/em><em>de entregarme a <\/em><em>la salvaci\u00f3n <\/em><em>de los pobres del <\/em><em>campo <\/em><em>todo el tiempo <\/em><em>de <\/em><em>mi <\/em><em>vida en <\/em><em>dicha Congregaci\u00f3n, ayudado de la <\/em><em>gracia del mismo <\/em><em>Dios Omnipotente, <\/em><em>a quien <\/em><em>para este fin <\/em><em>humildemente <\/em><em>invoco\u00bb. <\/em>(C 52, 2 c).<\/p>\n<h2 style=\"text-align: justify\"><strong>2. \u00abTodos hemos tra\u00eddo a la Compa\u00f1\u00eda la resoluci\u00f3n de vivir y morir en ella\u00bb.<\/strong><\/h2>\n<p style=\"text-align: justify\">\u00abEl fin del cuarto voto no es s\u00f3lo \u00abremachar\u00bb la fidelidad temporal en la Congregaci\u00f3n. Es adem\u00e1s, como el <em>\u00abvotum professionis\u00bb, <\/em>es decir, como el voto que abar\u00adca todas las dimensiones de la persona del misionero refiri\u00e9ndolas al fin de la vocaci\u00f3n: la dimensi\u00f3n apost\u00f3\u00adlica, la espiritual, la comunitaria. El cuarto voto marca definitivamente la direcci\u00f3n de la consagraci\u00f3n del mi\u00adsionero en la Congregaci\u00f3n:<\/p>\n<p style=\"text-align: justify\"><em>\u00abTodos hemos tra\u00eddo <\/em><em>a la <\/em><em>Compa\u00f1\u00eda la resoluci\u00f3n de v<\/em><em>ivir <\/em><em>y morir en ella. Hemos tra\u00eddo todo lo que somos, el<\/em><em> cuerpo, <\/em><em>el alma, la voluntad, la capacidad, la destreza <\/em><em>y todo <\/em><em>lo dem\u00e1s. \u00bfPara qu\u00e9? <\/em><em>Para hacer lo <\/em><em>que hizo Jes\u00fas, para salvar al mundo\u00bb. <\/em>(XI 402).<\/p>\n<h2 style=\"text-align: justify\"><strong>3. \u00abLazo vital que une a los hermanos\u00bb.<\/strong><\/h2>\n<p style=\"text-align: justify\">El ser firmes e invariables en el fin es el \u00abalma del buen comportamiento\u00bb, seg\u00fan San Francisco de Sales, Ia estabilidad, adem\u00e1s de salir al encuentro de la \u00ablige\u00adreza del esp\u00edritu humano\u00bb (XI 297), intenta tambi\u00e9n crear un lazo de uni\u00f3n entre los miembros de la Congre\u00adgaci\u00f3n; dar garant\u00eda de perseverancia. Cuando San Vi\u00adcente se pregunta c\u00f3mo realizar el compromiso de \u00absal\u00advar al mundo\u00bb siguiendo a Jes\u00fas, responde:<\/p>\n<p style=\"text-align: justify\"><em>\u00abPor medio <\/em><em>de esta vinculaci\u00f3n <\/em><em>que hay <\/em><em>entre nos\u00adotros <\/em><em>y del <\/em><em>ofrecimiento que hemos <\/em><em>hecho <\/em><em>de vivir y<\/em> <em>morir en esta sociedad y de darle todo lo que somos y todo lo que hacemos\u00bb. (XI 402).<\/em><\/p>\n<p style=\"text-align: justify\">En este mismo sentido merece recordarse lo que la Asamblea General de 1974 declar\u00f3 sobre los votos:<\/p>\n<p style=\"text-align: justify\"><em>\u00abNuestros votos, en especial el de estabilidad, ates\u00adtiguan nuestra consagraci\u00f3n y nuestra confianza en la fidelidad de Dios, que nos llama a servirle en la Congregaci\u00f3n. Constituyen, adem\u00e1s, un lazo vital que une a los hermanos en comunidad fraterna\u00bb. <\/em><em>(AG <\/em>74, 76).<\/p>\n<ul style=\"text-align: justify\">\n<li><em>\u00bfHe sabido valorar el contenido del voto de es\u00adtabilidad en sus aspectos espirituales, comunita\u00adrios y apost\u00f3licos o m\u00e1s bien, \u00e9stos han quedado ocultos y desapercibidos para mi?<\/em><\/li>\n<li><em>\u00bfConsidero una verdadera gracia el poder vivir y morir en la Congregaci\u00f3n de la Misi\u00f3n?<\/em><\/li>\n<\/ul>\n<h2 style=\"text-align: justify\">Oraci\u00f3n:<\/h2>\n<p style=\"text-align: justify\">\u00abNos has llamado, Dios m\u00edo, por pura misericordia, pero somos d\u00e9biles, y capaces de sucumbir al primer asalto. Que nos conserve tu infinita bondad, si as\u00ed lo quieres. Por nuestra parte, mediante tu santa gracia, contribuiremos con todo nuestro esfuerzo a rendirte todos los servicios y toda la felicidad que esperas de nosotros. Dios m\u00edo, danos, pues, la gracia de perseverar hasta la muerte. Es lo que te pido por los m\u00e9ritos de nuestro Se\u00f1or Jesucristo, con la confian\u00adza de que me lo conceder\u00e1s\u00bb. Am\u00e9n. (IX 332-333).<\/p>\n<p>&nbsp;<\/p>\n","protected":false},"excerpt":{"rendered":"<p>\u00abEl que echa la mano al ara\u00addo y sigue mirando atr\u00e1s no vale para el Reino de Dios\u00bb. (Lc 9,62). \u00abPor el voto espec\u00edfico de es\u00adtabilidad nos comprometernos a permanecer toda la vida en la &#8230; <a href=\"http:\/\/vincentians.com\/es\/vivir-y-morir-en-la-congregacion\/\" class=\"more-link\">Read More<\/a><\/p>\n","protected":false},"author":4,"featured_media":142142,"comment_status":"open","ping_status":"closed","sticky":false,"template":"","format":"standard","meta":{"jetpack_post_was_ever_published":false,"_jetpack_newsletter_access":"","_jetpack_dont_email_post_to_subs":false,"_jetpack_newsletter_tier_id":0,"_jetpack_memberships_contains_paywalled_content":false,"_jetpack_memberships_contains_paid_content":false,"footnotes":"","jetpack_publicize_message":"","jetpack_publicize_feature_enabled":true,"jetpack_social_post_already_shared":true,"jetpack_social_options":{"image_generator_settings":{"template":"highway","default_image_id":0,"font":"","enabled":false},"version":2}},"categories":[226],"tags":[256,172],"class_list":["post-142307","post","type-post","status-publish","format-standard","has-post-thumbnail","hentry","category-espiritualidad-vicenciana","tag-madre-chantal","tag-pobreza"],"yoast_head":"<!-- This site is optimized with the Yoast SEO plugin v26.3 - https:\/\/yoast.com\/wordpress\/plugins\/seo\/ -->\n<title>Vivir y morir en la Congregaci\u00f3n - Somos Vicencianos<\/title>\n<meta name=\"robots\" content=\"index, follow, max-snippet:-1, max-image-preview:large, max-video-preview:-1\" \/>\n<link rel=\"canonical\" href=\"https:\/\/vincentians.com\/es\/vivir-y-morir-en-la-congregacion\/\" \/>\n<meta property=\"og:locale\" content=\"es_ES\" \/>\n<meta property=\"og:type\" content=\"article\" \/>\n<meta property=\"og:title\" content=\"Vivir y morir en la Congregaci\u00f3n - Somos Vicencianos\" \/>\n<meta property=\"og:description\" content=\"\u00abEl que echa la mano al ara\u00addo y sigue mirando atr\u00e1s no vale para el Reino de Dios\u00bb. (Lc 9,62). \u00abPor el voto espec\u00edfico de es\u00adtabilidad nos comprometernos a permanecer toda la vida en la ... Read More\" \/>\n<meta property=\"og:url\" content=\"https:\/\/vincentians.com\/es\/vivir-y-morir-en-la-congregacion\/\" \/>\n<meta property=\"og:site_name\" content=\"Somos Vicencianos\" \/>\n<meta property=\"article:publisher\" content=\"https:\/\/www.facebook.com\/WeAreVincentians\/\" \/>\n<meta property=\"article:author\" content=\"https:\/\/www.facebook.com\/JavierChento\" \/>\n<meta property=\"article:published_time\" content=\"2015-04-11T06:05:53+00:00\" \/>\n<meta name=\"author\" content=\"Francisco Javier Fern\u00e1ndez Chento\" \/>\n<meta name=\"twitter:card\" content=\"summary_large_image\" \/>\n<meta name=\"twitter:creator\" content=\"@https:\/\/twitter.com\/javierchento\" \/>\n<meta name=\"twitter:site\" content=\"@WeVincentians\" \/>\n<meta name=\"twitter:label1\" content=\"Escrito por\" \/>\n\t<meta name=\"twitter:data1\" content=\"Francisco Javier Fern\u00e1ndez Chento\" \/>\n\t<meta name=\"twitter:label2\" content=\"Tiempo de lectura\" \/>\n\t<meta name=\"twitter:data2\" content=\"4 minutos\" \/>\n<script type=\"application\/ld+json\" class=\"yoast-schema-graph\">{\"@context\":\"https:\/\/schema.org\",\"@graph\":[{\"@type\":\"Article\",\"@id\":\"https:\/\/vincentians.com\/es\/vivir-y-morir-en-la-congregacion\/#article\",\"isPartOf\":{\"@id\":\"https:\/\/vincentians.com\/es\/vivir-y-morir-en-la-congregacion\/\"},\"author\":{\"name\":\"Francisco Javier Fern\u00e1ndez Chento\",\"@id\":\"http:\/\/vincentians.com\/es\/#\/schema\/person\/9623ef4d9aa3b2dfb8c061f1499288f2\"},\"headline\":\"Vivir y morir en la Congregaci\u00f3n\",\"datePublished\":\"2015-04-11T06:05:53+00:00\",\"mainEntityOfPage\":{\"@id\":\"https:\/\/vincentians.com\/es\/vivir-y-morir-en-la-congregacion\/\"},\"wordCount\":787,\"commentCount\":0,\"publisher\":{\"@id\":\"http:\/\/vincentians.com\/es\/#organization\"},\"image\":{\"@id\":\"https:\/\/vincentians.com\/es\/vivir-y-morir-en-la-congregacion\/#primaryimage\"},\"thumbnailUrl\":\"\",\"keywords\":[\"Madre Chantal\",\"Pobreza\"],\"articleSection\":[\"Espiritualidad vicenciana\"],\"inLanguage\":\"es\",\"potentialAction\":[{\"@type\":\"CommentAction\",\"name\":\"Comment\",\"target\":[\"https:\/\/vincentians.com\/es\/vivir-y-morir-en-la-congregacion\/#respond\"]}]},{\"@type\":\"WebPage\",\"@id\":\"https:\/\/vincentians.com\/es\/vivir-y-morir-en-la-congregacion\/\",\"url\":\"https:\/\/vincentians.com\/es\/vivir-y-morir-en-la-congregacion\/\",\"name\":\"Vivir y morir en la Congregaci\u00f3n - Somos Vicencianos\",\"isPartOf\":{\"@id\":\"http:\/\/vincentians.com\/es\/#website\"},\"primaryImageOfPage\":{\"@id\":\"https:\/\/vincentians.com\/es\/vivir-y-morir-en-la-congregacion\/#primaryimage\"},\"image\":{\"@id\":\"https:\/\/vincentians.com\/es\/vivir-y-morir-en-la-congregacion\/#primaryimage\"},\"thumbnailUrl\":\"\",\"datePublished\":\"2015-04-11T06:05:53+00:00\",\"breadcrumb\":{\"@id\":\"https:\/\/vincentians.com\/es\/vivir-y-morir-en-la-congregacion\/#breadcrumb\"},\"inLanguage\":\"es\",\"potentialAction\":[{\"@type\":\"ReadAction\",\"target\":[\"https:\/\/vincentians.com\/es\/vivir-y-morir-en-la-congregacion\/\"]}]},{\"@type\":\"ImageObject\",\"inLanguage\":\"es\",\"@id\":\"https:\/\/vincentians.com\/es\/vivir-y-morir-en-la-congregacion\/#primaryimage\",\"url\":\"\",\"contentUrl\":\"\"},{\"@type\":\"BreadcrumbList\",\"@id\":\"https:\/\/vincentians.com\/es\/vivir-y-morir-en-la-congregacion\/#breadcrumb\",\"itemListElement\":[{\"@type\":\"ListItem\",\"position\":1,\"name\":\"Portada\",\"item\":\"http:\/\/vincentians.com\/es\/\"},{\"@type\":\"ListItem\",\"position\":2,\"name\":\"Vivir y morir en la Congregaci\u00f3n\"}]},{\"@type\":\"WebSite\",\"@id\":\"http:\/\/vincentians.com\/es\/#website\",\"url\":\"http:\/\/vincentians.com\/es\/\",\"name\":\"Somos Vicencianos\",\"description\":\"Know more to serve more\",\"publisher\":{\"@id\":\"http:\/\/vincentians.com\/es\/#organization\"},\"potentialAction\":[{\"@type\":\"SearchAction\",\"target\":{\"@type\":\"EntryPoint\",\"urlTemplate\":\"http:\/\/vincentians.com\/es\/?s={search_term_string}\"},\"query-input\":{\"@type\":\"PropertyValueSpecification\",\"valueRequired\":true,\"valueName\":\"search_term_string\"}}],\"inLanguage\":\"es\"},{\"@type\":\"Organization\",\"@id\":\"http:\/\/vincentians.com\/es\/#organization\",\"name\":\"The Vincentian Network\",\"url\":\"http:\/\/vincentians.com\/es\/\",\"logo\":{\"@type\":\"ImageObject\",\"inLanguage\":\"es\",\"@id\":\"http:\/\/vincentians.com\/es\/#\/schema\/logo\/image\/\",\"url\":\"https:\/\/i1.wp.com\/vincentians.com\/es\/wp-content\/uploads\/sites\/11\/2016\/06\/Vincentian-Network-logo-big.png?fit=778%2C778\",\"contentUrl\":\"https:\/\/i1.wp.com\/vincentians.com\/es\/wp-content\/uploads\/sites\/11\/2016\/06\/Vincentian-Network-logo-big.png?fit=778%2C778\",\"width\":778,\"height\":778,\"caption\":\"The Vincentian Network\"},\"image\":{\"@id\":\"http:\/\/vincentians.com\/es\/#\/schema\/logo\/image\/\"},\"sameAs\":[\"https:\/\/www.facebook.com\/WeAreVincentians\/\",\"https:\/\/x.com\/WeVincentians\"]},{\"@type\":\"Person\",\"@id\":\"http:\/\/vincentians.com\/es\/#\/schema\/person\/9623ef4d9aa3b2dfb8c061f1499288f2\",\"name\":\"Francisco Javier Fern\u00e1ndez Chento\",\"image\":{\"@type\":\"ImageObject\",\"inLanguage\":\"es\",\"@id\":\"http:\/\/vincentians.com\/es\/#\/schema\/person\/image\/\",\"url\":\"https:\/\/secure.gravatar.com\/avatar\/497d5cde87b4c3d097d0315953521681ba2cd523ee66e5077c3711f7021e65de?s=96&d=mm&r=g\",\"contentUrl\":\"https:\/\/secure.gravatar.com\/avatar\/497d5cde87b4c3d097d0315953521681ba2cd523ee66e5077c3711f7021e65de?s=96&d=mm&r=g\",\"caption\":\"Francisco Javier Fern\u00e1ndez Chento\"},\"description\":\"Director General y cofundador de La Red de Formaci\u00f3n Vicenciana. Javier es laico vicenciano, afiliado a la Congregaci\u00f3n de la Misi\u00f3n y miembro del Equipo de Misiones Populares de la provincia can\u00f3nica de Zaragoza (Espa\u00f1a) de la Congregaci\u00f3n de la Misi\u00f3n. Graduado en la Universidad Oberta de Catalunya con cuatro grados (Asistente de direcci\u00f3n, Gesti\u00f3n Administrativa, Recursos Humanos y Contabilidad Avanzada). Bil\u00edng\u00fce Espa\u00f1ol\/Ingl\u00e9s. gestiona y mantiene varias p\u00e1ginas web cristianas y vicencianas, incluida including La Red de Formaci\u00f3n Vicenciana, de la que es cofundador. Actualmente es responsable del \u00e1rea de Espa\u00f1ol de .famvin, la Red de Noticias de la Familia Vicenciana. Tambi\u00e9n es m\u00fasico cat\u00f3lico y ha editado varios discos. Es Director General y cofundador de Trovador, una reconocida compa\u00f1\u00eda discogr\u00e1fica critiana de Espa\u00f1a. Trabaja en las Tecnolog\u00edas de la Informaci\u00f3n, ofreciendo servicios de alojamiento, dise\u00f1o y mantenimiento Web, as\u00ed como asesoramiento, formaci\u00f3n y soluciones inform\u00e1ticas, gesti\u00f3n documental y digitalizaci\u00f3n de textos, edici\u00f3n y maquetaci\u00f3n de libros, revistas, flyers, etc.\",\"sameAs\":[\"http:\/\/chento.org\",\"https:\/\/www.facebook.com\/JavierChento\",\"https:\/\/x.com\/https:\/\/twitter.com\/javierchento\"],\"url\":\"http:\/\/vincentians.com\/es\/author\/chento\/\"}]}<\/script>\n<!-- \/ Yoast SEO plugin. -->","yoast_head_json":{"title":"Vivir y morir en la Congregaci\u00f3n - Somos Vicencianos","robots":{"index":"index","follow":"follow","max-snippet":"max-snippet:-1","max-image-preview":"max-image-preview:large","max-video-preview":"max-video-preview:-1"},"canonical":"https:\/\/vincentians.com\/es\/vivir-y-morir-en-la-congregacion\/","og_locale":"es_ES","og_type":"article","og_title":"Vivir y morir en la Congregaci\u00f3n - Somos Vicencianos","og_description":"\u00abEl que echa la mano al ara\u00addo y sigue mirando atr\u00e1s no vale para el Reino de Dios\u00bb. (Lc 9,62). \u00abPor el voto espec\u00edfico de es\u00adtabilidad nos comprometernos a permanecer toda la vida en la ... Read More","og_url":"https:\/\/vincentians.com\/es\/vivir-y-morir-en-la-congregacion\/","og_site_name":"Somos Vicencianos","article_publisher":"https:\/\/www.facebook.com\/WeAreVincentians\/","article_author":"https:\/\/www.facebook.com\/JavierChento","article_published_time":"2015-04-11T06:05:53+00:00","author":"Francisco Javier Fern\u00e1ndez Chento","twitter_card":"summary_large_image","twitter_creator":"@https:\/\/twitter.com\/javierchento","twitter_site":"@WeVincentians","twitter_misc":{"Escrito por":"Francisco Javier Fern\u00e1ndez Chento","Tiempo de lectura":"4 minutos"},"schema":{"@context":"https:\/\/schema.org","@graph":[{"@type":"Article","@id":"https:\/\/vincentians.com\/es\/vivir-y-morir-en-la-congregacion\/#article","isPartOf":{"@id":"https:\/\/vincentians.com\/es\/vivir-y-morir-en-la-congregacion\/"},"author":{"name":"Francisco Javier Fern\u00e1ndez Chento","@id":"http:\/\/vincentians.com\/es\/#\/schema\/person\/9623ef4d9aa3b2dfb8c061f1499288f2"},"headline":"Vivir y morir en la Congregaci\u00f3n","datePublished":"2015-04-11T06:05:53+00:00","mainEntityOfPage":{"@id":"https:\/\/vincentians.com\/es\/vivir-y-morir-en-la-congregacion\/"},"wordCount":787,"commentCount":0,"publisher":{"@id":"http:\/\/vincentians.com\/es\/#organization"},"image":{"@id":"https:\/\/vincentians.com\/es\/vivir-y-morir-en-la-congregacion\/#primaryimage"},"thumbnailUrl":"","keywords":["Madre Chantal","Pobreza"],"articleSection":["Espiritualidad vicenciana"],"inLanguage":"es","potentialAction":[{"@type":"CommentAction","name":"Comment","target":["https:\/\/vincentians.com\/es\/vivir-y-morir-en-la-congregacion\/#respond"]}]},{"@type":"WebPage","@id":"https:\/\/vincentians.com\/es\/vivir-y-morir-en-la-congregacion\/","url":"https:\/\/vincentians.com\/es\/vivir-y-morir-en-la-congregacion\/","name":"Vivir y morir en la Congregaci\u00f3n - Somos Vicencianos","isPartOf":{"@id":"http:\/\/vincentians.com\/es\/#website"},"primaryImageOfPage":{"@id":"https:\/\/vincentians.com\/es\/vivir-y-morir-en-la-congregacion\/#primaryimage"},"image":{"@id":"https:\/\/vincentians.com\/es\/vivir-y-morir-en-la-congregacion\/#primaryimage"},"thumbnailUrl":"","datePublished":"2015-04-11T06:05:53+00:00","breadcrumb":{"@id":"https:\/\/vincentians.com\/es\/vivir-y-morir-en-la-congregacion\/#breadcrumb"},"inLanguage":"es","potentialAction":[{"@type":"ReadAction","target":["https:\/\/vincentians.com\/es\/vivir-y-morir-en-la-congregacion\/"]}]},{"@type":"ImageObject","inLanguage":"es","@id":"https:\/\/vincentians.com\/es\/vivir-y-morir-en-la-congregacion\/#primaryimage","url":"","contentUrl":""},{"@type":"BreadcrumbList","@id":"https:\/\/vincentians.com\/es\/vivir-y-morir-en-la-congregacion\/#breadcrumb","itemListElement":[{"@type":"ListItem","position":1,"name":"Portada","item":"http:\/\/vincentians.com\/es\/"},{"@type":"ListItem","position":2,"name":"Vivir y morir en la Congregaci\u00f3n"}]},{"@type":"WebSite","@id":"http:\/\/vincentians.com\/es\/#website","url":"http:\/\/vincentians.com\/es\/","name":"Somos Vicencianos","description":"Know more to serve more","publisher":{"@id":"http:\/\/vincentians.com\/es\/#organization"},"potentialAction":[{"@type":"SearchAction","target":{"@type":"EntryPoint","urlTemplate":"http:\/\/vincentians.com\/es\/?s={search_term_string}"},"query-input":{"@type":"PropertyValueSpecification","valueRequired":true,"valueName":"search_term_string"}}],"inLanguage":"es"},{"@type":"Organization","@id":"http:\/\/vincentians.com\/es\/#organization","name":"The Vincentian Network","url":"http:\/\/vincentians.com\/es\/","logo":{"@type":"ImageObject","inLanguage":"es","@id":"http:\/\/vincentians.com\/es\/#\/schema\/logo\/image\/","url":"https:\/\/i1.wp.com\/vincentians.com\/es\/wp-content\/uploads\/sites\/11\/2016\/06\/Vincentian-Network-logo-big.png?fit=778%2C778","contentUrl":"https:\/\/i1.wp.com\/vincentians.com\/es\/wp-content\/uploads\/sites\/11\/2016\/06\/Vincentian-Network-logo-big.png?fit=778%2C778","width":778,"height":778,"caption":"The Vincentian Network"},"image":{"@id":"http:\/\/vincentians.com\/es\/#\/schema\/logo\/image\/"},"sameAs":["https:\/\/www.facebook.com\/WeAreVincentians\/","https:\/\/x.com\/WeVincentians"]},{"@type":"Person","@id":"http:\/\/vincentians.com\/es\/#\/schema\/person\/9623ef4d9aa3b2dfb8c061f1499288f2","name":"Francisco Javier Fern\u00e1ndez Chento","image":{"@type":"ImageObject","inLanguage":"es","@id":"http:\/\/vincentians.com\/es\/#\/schema\/person\/image\/","url":"https:\/\/secure.gravatar.com\/avatar\/497d5cde87b4c3d097d0315953521681ba2cd523ee66e5077c3711f7021e65de?s=96&d=mm&r=g","contentUrl":"https:\/\/secure.gravatar.com\/avatar\/497d5cde87b4c3d097d0315953521681ba2cd523ee66e5077c3711f7021e65de?s=96&d=mm&r=g","caption":"Francisco Javier Fern\u00e1ndez Chento"},"description":"Director General y cofundador de La Red de Formaci\u00f3n Vicenciana. Javier es laico vicenciano, afiliado a la Congregaci\u00f3n de la Misi\u00f3n y miembro del Equipo de Misiones Populares de la provincia can\u00f3nica de Zaragoza (Espa\u00f1a) de la Congregaci\u00f3n de la Misi\u00f3n. Graduado en la Universidad Oberta de Catalunya con cuatro grados (Asistente de direcci\u00f3n, Gesti\u00f3n Administrativa, Recursos Humanos y Contabilidad Avanzada). Bil\u00edng\u00fce Espa\u00f1ol\/Ingl\u00e9s. gestiona y mantiene varias p\u00e1ginas web cristianas y vicencianas, incluida including La Red de Formaci\u00f3n Vicenciana, de la que es cofundador. Actualmente es responsable del \u00e1rea de Espa\u00f1ol de .famvin, la Red de Noticias de la Familia Vicenciana. Tambi\u00e9n es m\u00fasico cat\u00f3lico y ha editado varios discos. Es Director General y cofundador de Trovador, una reconocida compa\u00f1\u00eda discogr\u00e1fica critiana de Espa\u00f1a. Trabaja en las Tecnolog\u00edas de la Informaci\u00f3n, ofreciendo servicios de alojamiento, dise\u00f1o y mantenimiento Web, as\u00ed como asesoramiento, formaci\u00f3n y soluciones inform\u00e1ticas, gesti\u00f3n documental y digitalizaci\u00f3n de textos, edici\u00f3n y maquetaci\u00f3n de libros, revistas, flyers, etc.","sameAs":["http:\/\/chento.org","https:\/\/www.facebook.com\/JavierChento","https:\/\/x.com\/https:\/\/twitter.com\/javierchento"],"url":"http:\/\/vincentians.com\/es\/author\/chento\/"}]}},"jetpack_publicize_connections":[],"jetpack_featured_media_url":"","jetpack_sharing_enabled":true,"jetpack_shortlink":"https:\/\/wp.me\/p7ETMF-B1h","jetpack-related-posts":[{"id":126446,"url":"http:\/\/vincentians.com\/es\/todo-el-tiempo-de-nuestra-vida\/","url_meta":{"origin":142307,"position":0},"title":"Todo el tiempo de nuestra vida","author":"Francisco Javier Fern\u00e1ndez Chento","date":"16\/06\/2015","format":false,"excerpt":"Marco hist\u00f3rico del voto de estabilidad de la Congregaci\u00f3n de la Misi\u00f3n Los benedictinos y los cartujos hacen voto de estabilidad (cf. II, 104). Antes de que san Vicente pensara introducir el voto o juramento de esta\u00adbilidad, incluso como sustituto de los tres votos sustanciales, si \u00e9stos no fueran aprobados\u2026","rel":"","context":"En \u00abCongregaci\u00f3n de la Misi\u00f3n\u00bb","block_context":{"text":"Congregaci\u00f3n de la Misi\u00f3n","link":"http:\/\/vincentians.com\/es\/category\/la-familia-vicenciana\/ramas\/congregacion-de-la-mision\/"},"img":{"alt_text":"logocm","src":"https:\/\/i0.wp.com\/vicencianos.org\/wp-content\/2011\/12\/logocm-245x300.png?resize=350%2C200","width":350,"height":200},"classes":[]},{"id":131666,"url":"http:\/\/vincentians.com\/es\/nuestro-senor-quiere-quehagamos-votos\/","url_meta":{"origin":142307,"position":1},"title":"\u00abNuestro Se\u00f1or quiere que hagamos votos\u00bb","author":"Francisco Javier Fern\u00e1ndez Chento","date":"30\/10\/2014","format":false,"excerpt":"\"Por ese cari\u00f1o de Dios os exhorto, hermanos, a que ofrezc\u00e1is vuestra propia existencia como sacrificio vivo, consagrado, agradable a Dios, como vuestro culto aut\u00e9ntico; y no os amold\u00e9is al mundo \u00e9ste, sino iros transformando con la nueva mentalidad, para ser vosotros capaces de distinguir lo que es la voluntad\u2026","rel":"","context":"En \u00abEspiritualidad vicenciana\u00bb","block_context":{"text":"Espiritualidad vicenciana","link":"http:\/\/vincentians.com\/es\/category\/espiritualidad\/espiritualidad-vicenciana\/"},"img":{"alt_text":"votos","src":"https:\/\/i0.wp.com\/vicencianos.org\/wp-content\/2014\/10\/votos-300x225.jpg?resize=350%2C200","width":350,"height":200},"classes":[]},{"id":123967,"url":"http:\/\/vincentians.com\/es\/hacia-la-santa-invencion-los-votos-en-el-cm\/","url_meta":{"origin":142307,"position":2},"title":"Hacia la \u201cSanta Invenci\u00f3n\u201d (los votos en el CM)","author":"Francisco Javier Fern\u00e1ndez Chento","date":"13\/10\/2022","format":false,"excerpt":"METAS QUE SAN VICENTE QUER\u00cdA LOGRAR La Providencia de Dios ha inspirado finalmente a la Compa\u00f1\u00eda esta santa invenci\u00f3n de ponernos en un estado en el que tengamos la felicidad del estado religioso, gracias a los votos simples, pero siguiendo entre el clero. 1.- Teniendo presente todo lo expuesto en\u2026","rel":"","context":"En \u00abFormaci\u00f3n Vicenciana\u00bb","block_context":{"text":"Formaci\u00f3n Vicenciana","link":"http:\/\/vincentians.com\/es\/category\/formacion-vicenciana\/"},"img":{"alt_text":"","src":"https:\/\/i0.wp.com\/vincentians.com\/es\/wp-content\/uploads\/sites\/11\/2013\/04\/formacion_permanente-1.jpg?fit=303%2C303&resize=350%2C200","width":350,"height":200},"classes":[]},{"id":109290,"url":"http:\/\/vincentians.com\/es\/los-votos-de-la-congregacion-de-la-mision\/","url_meta":{"origin":142307,"position":3},"title":"Los votos de la Congregaci\u00f3n de la Misi\u00f3n","author":"Francisco Javier Fern\u00e1ndez Chento","date":"01\/05\/2016","format":false,"excerpt":"Introducci\u00f3n. En este tema, ligeramente vidrioso, es bueno insistir en la ra\u00adz\u00f3n de nuestro intento de reestudio. Somos miembros de un gru\u00adpo que tiene por finalidad promover estudios acerca de los m\u00e1s importantes problemas de la comunidad (Const 54, decreto 2). Cada uno de nosotros trae la representaci\u00f3n de una\u2026","rel":"","context":"En \u00abFormaci\u00f3n Vicenciana\u00bb","block_context":{"text":"Formaci\u00f3n Vicenciana","link":"http:\/\/vincentians.com\/es\/category\/formacion-vicenciana\/"},"img":{"alt_text":"LOGO CM","src":"https:\/\/i0.wp.com\/vicencianos.org\/wp-content\/uploads\/2012\/06\/LOGO-CM-237x300.jpg?resize=350%2C200","width":350,"height":200},"classes":[]},{"id":130790,"url":"http:\/\/vincentians.com\/es\/iii-la-recuperacion-de-los-cuatro-votos-vicencianos-estabilidad-v\/","url_meta":{"origin":142307,"position":4},"title":"III. LA RECUPERACI\u00d3N DE LOS CUATRO VOTOS VICENCIANOS (estabilidad) (V)","author":"Francisco Javier Fern\u00e1ndez Chento","date":"04\/07\/2014","format":false,"excerpt":"En esta secci\u00f3n voy a seguir el orden del art\u00edculo 28 de las Constituciones y del Programa para la Formaci\u00f3n Vicenciana en el Seminario Mayor. El orden seguido en estos documentos recientes es diferente del de las Reglas Comunes, y refleja, al menos hasta cierto punto, una perspectiva diferente sobre\u2026","rel":"","context":"En \u00abFormaci\u00f3n Vicenciana\u00bb","block_context":{"text":"Formaci\u00f3n Vicenciana","link":"http:\/\/vincentians.com\/es\/category\/formacion-vicenciana\/"},"img":{"alt_text":"voca","src":"https:\/\/i0.wp.com\/vicencianos.org\/wp-content\/2014\/06\/voca.jpg?resize=350%2C200","width":350,"height":200},"classes":[]},{"id":127038,"url":"http:\/\/vincentians.com\/es\/una-comunidad-mas-firme-y-mas-solida\/","url_meta":{"origin":142307,"position":5},"title":"Una comunidad m\u00e1s firme y m\u00e1s s\u00f3lida","author":"Mitxel Olabu\u00e9naga","date":"25\/01\/2024","format":false,"excerpt":"La vivencia de los votos La Compa\u00f1\u00eda es as\u00ed m\u00e1s perfecta... (X, 397) 1. La primera dimensi\u00f3n es la vivencia de los votos. Podemos concretar esta cuesti\u00f3n en las siguientes preguntas: \u00bfHasta qu\u00e9 punto han influido los votos en la vida espiritual, personal, comunitaria y apost\u00f3lica? \u00bfFueron v\u00e1lidas las razones\u2026","rel":"","context":"En \u00abHistoria de la Congregaci\u00f3n de la Misi\u00f3n\u00bb","block_context":{"text":"Historia de la Congregaci\u00f3n de la Misi\u00f3n","link":"http:\/\/vincentians.com\/es\/category\/historia-de-la-familia-vicenciana\/historia-de-la-congregacion-de-la-mision\/"},"img":{"alt_text":"","src":"https:\/\/i0.wp.com\/vincentians.com\/es\/wp-content\/uploads\/sites\/11\/2013\/04\/f-7-scaled.jpg?fit=1200%2C570&resize=350%2C200","width":350,"height":200,"srcset":"https:\/\/i0.wp.com\/vincentians.com\/es\/wp-content\/uploads\/sites\/11\/2013\/04\/f-7-scaled.jpg?fit=1200%2C570&resize=350%2C200 1x, https:\/\/i0.wp.com\/vincentians.com\/es\/wp-content\/uploads\/sites\/11\/2013\/04\/f-7-scaled.jpg?fit=1200%2C570&resize=525%2C300 1.5x, https:\/\/i0.wp.com\/vincentians.com\/es\/wp-content\/uploads\/sites\/11\/2013\/04\/f-7-scaled.jpg?fit=1200%2C570&resize=700%2C400 2x, https:\/\/i0.wp.com\/vincentians.com\/es\/wp-content\/uploads\/sites\/11\/2013\/04\/f-7-scaled.jpg?fit=1200%2C570&resize=1050%2C600 3x"},"classes":[]}],"_links":{"self":[{"href":"http:\/\/vincentians.com\/es\/wp-json\/wp\/v2\/posts\/142307","targetHints":{"allow":["GET"]}}],"collection":[{"href":"http:\/\/vincentians.com\/es\/wp-json\/wp\/v2\/posts"}],"about":[{"href":"http:\/\/vincentians.com\/es\/wp-json\/wp\/v2\/types\/post"}],"author":[{"embeddable":true,"href":"http:\/\/vincentians.com\/es\/wp-json\/wp\/v2\/users\/4"}],"replies":[{"embeddable":true,"href":"http:\/\/vincentians.com\/es\/wp-json\/wp\/v2\/comments?post=142307"}],"version-history":[{"count":0,"href":"http:\/\/vincentians.com\/es\/wp-json\/wp\/v2\/posts\/142307\/revisions"}],"wp:featuredmedia":[{"embeddable":true,"href":"http:\/\/vincentians.com\/es\/wp-json\/"}],"wp:attachment":[{"href":"http:\/\/vincentians.com\/es\/wp-json\/wp\/v2\/media?parent=142307"}],"wp:term":[{"taxonomy":"category","embeddable":true,"href":"http:\/\/vincentians.com\/es\/wp-json\/wp\/v2\/categories?post=142307"},{"taxonomy":"post_tag","embeddable":true,"href":"http:\/\/vincentians.com\/es\/wp-json\/wp\/v2\/tags?post=142307"}],"curies":[{"name":"wp","href":"https:\/\/api.w.org\/{rel}","templated":true}]}}