{"id":141973,"date":"2015-03-28T06:17:21","date_gmt":"2015-03-28T05:17:21","guid":{"rendered":"http:\/\/somos.vicencianos.org\/?p=141973"},"modified":"2015-03-28T06:17:21","modified_gmt":"2015-03-28T05:17:21","slug":"sujetos-a-la-ley-universal-del-trabajo","status":"publish","type":"post","link":"http:\/\/vincentians.com\/es\/sujetos-a-la-ley-universal-del-trabajo\/","title":{"rendered":"Sujetos a la ley universal del trabajo"},"content":{"rendered":"<p style=\"text-align: justify\"><em>No he deseado dinero, oro ni ropa de nadie; sab\u00e9is por experiencia que estas manos han ganado lo necesario para m\u00ed y mis compa\u00f1eros. En todo os he hecho ver que hay que trabajar as\u00ed para socorrer a los necesitados, acord\u00e1ndose de las palabras del Se\u00f1or: `Hay m\u00e1s dicha en dar que en recibir&#8217;. (Hch. 20, 33-35).<\/em><\/p>\n<p style=\"text-align: justify\"><em>En el cumplimiento de su oficio, seg\u00fan el fin de la Congregaci\u00f3n y el proyecto comunitario, todos han de sentirse sujetos a la ley universal del trabajo (C 32,1).<\/em><\/p>\n<p style=\"text-align: justify\"><a href=\"https:\/\/i0.wp.com\/vicencianos.org\/wp-content\/2015\/03\/asd15.jpg\"><img data-recalc-dims=\"1\" loading=\"lazy\" decoding=\"async\" class=\"alignright size-medium wp-image-141974\" src=\"https:\/\/i0.wp.com\/vicencianos.org\/wp-content\/2015\/03\/asd15-300x195.jpg?resize=300%2C195\" alt=\"asd\" width=\"300\" height=\"195\" \/><\/a>No debe extra\u00f1ar que dentro del contexto de la po\u00adbreza evang\u00e9lica se imponga a los que profesan la ley del trabajo. Es proclamar que no se toleran los \u00abmendicantes\u00bb y mucho menos los \u00abpar\u00e1sitos\u00bb. El trabajo es un derecho y un deber de todos. Por el trabajo nos hacemos solidarios unos de otros, nos unimos a los gozos y fatigas de todo hombre y, sobre todo, nos unimos a los pobres sobre quienes ordinariamente recaen los trabajos m\u00e1s penosos.<\/p>\n<h2 style=\"text-align: justify\"><strong>1. Jes\u00fas trabaj\u00f3<\/strong><\/h2>\n<p style=\"text-align: justify\">San Vicente da varias razones para incitar al trabajo: Dios mand\u00f3 trabajar para ganar el sustento. El mismo Dios trabaja sin parar en su intimidad divina engendrando eternamente al Hijo. El Padre y el Hijo trabajan intensamente d\u00e1ndonos el Esp\u00edritu Santo; Dios trabaja en la conservaci\u00f3n del mundo, para mantener el orden bell\u00edsimo de la naturaleza; trabaja en cada ser viviente: con el artesano, con el ama de casa, con la hormiga, con la abeja&#8230; (IX 439 ss). Jes\u00fas tambi\u00e9n trabaj\u00f3:<em>\u00abNuestro Se\u00f1or ha llevado aqu\u00ed en la tierra dos cla\u00adses de vida; una desde el nacimiento hasta los treinta a\u00f1os y durante ella trabaj\u00f3 con el sudor de su divino rostro para ganarse la vida. Su oficio fue el de carpin\u00adtero&#8230; Desde la ma\u00f1ana a la noche trabaj\u00f3 en su juven\u00adtud, continu\u00f3 hasta la muerte&#8230; El otro estado de la vida de Jesucristo en la tierra fue desde los treinta a\u00f1os hasta su muerte. Durante estos tres a\u00f1os \u00bfqu\u00e9 es lo que no trabaj\u00f3 de d\u00eda y de noche, predicando unas veces en el templo, otras en las aldeas, sin descanso, para convertir al mundo y ganar las almas para Dios?&#8230; No dejaba de trabajar d\u00eda y noche, a cualquier hora, yendo a donde sab\u00eda que hab\u00eda alguna alma que ganar o un enfermo para darle la curaci\u00f3n del cuerpo y despu\u00e9s la del alma\u00bb. <\/em>(IX 446-447).<\/p>\n<h2 style=\"text-align: justify\"><strong>2. Trabajo y misi\u00f3n.<\/strong><\/h2>\n<p style=\"text-align: justify\">El trabajo, exigencia <em>de <\/em>la pobreza evang\u00e9lica, debe estar en armon\u00eda con la misi\u00f3n propia, con el esp\u00edritu de la evangelizaci\u00f3n y sin perjuicio de otros valores pro\u00adpios de la vocaci\u00f3n. El texto que Pablo VI nos ofrece en la Evangelica Testificatio merece meditarse atenta\u00admente:<\/p>\n<p style=\"text-align: justify\"><em>\u00abVosotros os dais cuenta de lo que sufren tantas personas arrastradas por el torbellino del trabajo para tener qu\u00e9 comprar, de qu\u00e9 gozar, qu\u00e9 consumir, lo que frecuentemente les origina una fatiga verdaderamente&#8217; inhumana. Un aspecto esencial de vuestra pobreza ser\u00e1 hacer ver el sentido humano del trabajo, desarrollado con libertad de esp\u00edritu y restituido a su propio valor como medio para conseguir el sustento <\/em>y <em>para prestar un servicio. El Concilio \u00bfno ha puesto el acento sobre vuestra necesaria sumisi\u00f3n a la ley universal del trabajo? Ganar lo que necesit\u00e1is para vuestra vida y la de vuestros hermanos y para ayudar a los pobres con vuestro trabajo es lo que os incumbe a todos vosotros. Pero vuestro trabajo no puede ponerse al margen de la misi<\/em><em>\u00f3n de vuestras comunidades ni se debe asumir habi\u00adtualmente aquellos que no sean los propios. El trabajo no debe arrastraros de manera alguna hacia la secularizaci\u00f3n con da\u00f1o de vuestra vida religiosa. Tened cuidado ele vivir el esp\u00edritu que os debe animar. Ser\u00eda un gran Millo el que os valorasen solamente por la retribuci\u00f3n que aport\u00e1is de vuestro trabajo profano\u00bb. <\/em>(ET 20).<\/p>\n<h2 style=\"text-align: justify\"><strong>3. \u00abLa Iglesia quiere obreros, pero obreros que trabajen\u00bb.<\/strong><\/h2>\n<p style=\"text-align: justify\">El trabajo es exigencia del celo por la gloria de Dios v la salvaci\u00f3n de los hombres. San Vicente, como Santa Teresa, ped\u00eda obras. A Dios hay que amarle con \u00abel sudor del rostro y el cansancio de nuestras manos\u00bb. Al hombre se le conoce por las obras. No nos enga\u00f1emos, repet\u00eda San Vicente: <em>\u00abTotum opus <\/em><em>nostrum <\/em><em>in operatione consistit\u00bb, <\/em>que es como si dijera: lo nuestro es trabajar:<\/p>\n<p style=\"text-align: justify\"><em>Hay<\/em> <em>muchos, que preocupados de tener un aspecto externo<\/em><em> de compostura y el interior lleno de grandes sentimientos de Dios, se detienen en eso; y cuando llega la <\/em><em>hora de los hechos y se presentan las ocasiones de trabajar, se quedan cortos&#8230; hablan como \u00e1ngeles, pero que, cuando se trata de trabajar por Dios, de sufrir, de mortificarse, de instruir a los pobres, de ir a buscar la oveja perdida&#8230; \u00a1ay!, todo se viene abajo y les fallan los \u00e1nimos&#8230; La Iglesia es una gran mies que requiere obreros, pero obreros que trabajen. No hay nada m\u00e1s conforme con el Evangelio que reunir, por un lado, la luz y fuerzas para el alma en la oraci\u00f3n, en la lectura y en el retiro y, por otro, ir luego a hacer part\u00edcipes a los hombres del<\/em><em> alimento espiritual. Esto es lo que hicieron <\/em><em>el Se\u00f1or y, despu\u00e9s de El, los ap\u00f3stoles&#8230; Esto es lo que <\/em><em>debemos hacer nosotros y la forma con que<\/em><\/p>\n<p style=\"text-align: justify\"><em>Hemos de demostrar a Dios con obras que le amamos. <\/em>Totum opus nostrum in operatione consistit. (XI 733-734).<\/p>\n<ul style=\"text-align: justify\">\n<li><em>\u00bfPuedo asegurar que cumplo lo que se dice en las Reglas Comunes (IV <\/em>5), <em>es decir, que estoy siempre \u00fatilmente ocupado?<\/em><\/li>\n<li><em>\u00bfPuedo considerarme entre aquellos sacerdotes que tienen m\u00e1s trabajo que el que pueden reali\u00adzar y que, seg\u00fan San Vicente, citando el parecer de A. <\/em><em>Duval, <\/em><em>es bueno para el sacerdote?<\/em><\/li>\n<li><em>\u00bfMi trabajo corresponde a las obligaciones de mi vida sacerdotal y misionera seg\u00fan los proyec\u00adtos provincial y local?<\/em><\/li>\n<\/ul>\n<h2 style=\"text-align: justify\">Oraci\u00f3n:<\/h2>\n<p style=\"text-align: justify\">\u00abRuego a Dios, que desde toda la eternidad trabaj\u00f3 den\u00adtro de s\u00ed mismo, ruego a nuestro Se\u00f1or que trabaj\u00f3 aqu\u00ed en la tierra hasta ser un jornalero, ruego al Esp\u00edritu Santo que nos anima al trabajo, ruego a S. Pablo que se gan\u00f3 con el trabajo el pan de su sustento, ruego a todos los an\u00adtiguos religiosos que se ejercitaron en el trabajo manual y que llegaron a la santidad, que quiera la bondad de Dios perdonamos el tiempo que tantas veces hemos perdido&#8230; Ruego a nuestro Se\u00f1or Jesucristo que nos conceda la gra\u00adcia de trabajar para imitarle. Ruego a la Sant\u00edsima Virgen y a todos los santos que nos obtengan de la Sant\u00edsima Tri\u00adnidad esta gracia. Am\u00e9n\u00bb. (IX 452).<\/p>\n","protected":false},"excerpt":{"rendered":"<p>No he deseado dinero, oro ni ropa de nadie; sab\u00e9is por experiencia que estas manos han ganado lo necesario para m\u00ed y mis compa\u00f1eros. En todo os he hecho ver que hay que trabajar as\u00ed &#8230; <a href=\"http:\/\/vincentians.com\/es\/sujetos-a-la-ley-universal-del-trabajo\/\" class=\"more-link\">Read More<\/a><\/p>\n","protected":false},"author":4,"featured_media":141974,"comment_status":"open","ping_status":"closed","sticky":false,"template":"","format":"standard","meta":{"jetpack_post_was_ever_published":false,"_jetpack_newsletter_access":"","_jetpack_dont_email_post_to_subs":false,"_jetpack_newsletter_tier_id":0,"_jetpack_memberships_contains_paywalled_content":false,"_jetpack_memberships_contains_paid_content":false,"footnotes":"","jetpack_publicize_message":"","jetpack_publicize_feature_enabled":true,"jetpack_social_post_already_shared":true,"jetpack_social_options":{"image_generator_settings":{"template":"highway","default_image_id":0,"font":"","enabled":false},"version":2}},"categories":[226],"tags":[172],"class_list":["post-141973","post","type-post","status-publish","format-standard","has-post-thumbnail","hentry","category-espiritualidad-vicenciana","tag-pobreza"],"yoast_head":"<!-- This site is optimized with the Yoast SEO plugin v26.3 - https:\/\/yoast.com\/wordpress\/plugins\/seo\/ -->\n<title>Sujetos a la ley universal del trabajo - Somos Vicencianos<\/title>\n<meta name=\"robots\" content=\"index, follow, max-snippet:-1, max-image-preview:large, max-video-preview:-1\" \/>\n<link rel=\"canonical\" href=\"http:\/\/vincentians.com\/es\/sujetos-a-la-ley-universal-del-trabajo\/\" \/>\n<meta property=\"og:locale\" content=\"es_ES\" \/>\n<meta property=\"og:type\" content=\"article\" \/>\n<meta property=\"og:title\" content=\"Sujetos a la ley universal del trabajo - Somos Vicencianos\" \/>\n<meta property=\"og:description\" content=\"No he deseado dinero, oro ni ropa de nadie; sab\u00e9is por experiencia que estas manos han ganado lo necesario para m\u00ed y mis compa\u00f1eros. En todo os he hecho ver que hay que trabajar as\u00ed ... Read More\" \/>\n<meta property=\"og:url\" content=\"http:\/\/vincentians.com\/es\/sujetos-a-la-ley-universal-del-trabajo\/\" \/>\n<meta property=\"og:site_name\" content=\"Somos Vicencianos\" \/>\n<meta property=\"article:publisher\" content=\"https:\/\/www.facebook.com\/WeAreVincentians\/\" \/>\n<meta property=\"article:author\" content=\"https:\/\/www.facebook.com\/JavierChento\" \/>\n<meta property=\"article:published_time\" content=\"2015-03-28T05:17:21+00:00\" \/>\n<meta name=\"author\" content=\"Francisco Javier Fern\u00e1ndez Chento\" \/>\n<meta name=\"twitter:card\" content=\"summary_large_image\" \/>\n<meta name=\"twitter:creator\" content=\"@https:\/\/twitter.com\/javierchento\" \/>\n<meta name=\"twitter:site\" content=\"@WeVincentians\" \/>\n<meta name=\"twitter:label1\" content=\"Escrito por\" \/>\n\t<meta name=\"twitter:data1\" content=\"Francisco Javier Fern\u00e1ndez Chento\" \/>\n\t<meta name=\"twitter:label2\" content=\"Tiempo de lectura\" \/>\n\t<meta name=\"twitter:data2\" content=\"6 minutos\" \/>\n<script type=\"application\/ld+json\" class=\"yoast-schema-graph\">{\"@context\":\"https:\/\/schema.org\",\"@graph\":[{\"@type\":\"Article\",\"@id\":\"http:\/\/vincentians.com\/es\/sujetos-a-la-ley-universal-del-trabajo\/#article\",\"isPartOf\":{\"@id\":\"http:\/\/vincentians.com\/es\/sujetos-a-la-ley-universal-del-trabajo\/\"},\"author\":{\"name\":\"Francisco Javier Fern\u00e1ndez Chento\",\"@id\":\"http:\/\/vincentians.com\/es\/#\/schema\/person\/9623ef4d9aa3b2dfb8c061f1499288f2\"},\"headline\":\"Sujetos a la ley universal del trabajo\",\"datePublished\":\"2015-03-28T05:17:21+00:00\",\"mainEntityOfPage\":{\"@id\":\"http:\/\/vincentians.com\/es\/sujetos-a-la-ley-universal-del-trabajo\/\"},\"wordCount\":1158,\"commentCount\":0,\"publisher\":{\"@id\":\"http:\/\/vincentians.com\/es\/#organization\"},\"image\":{\"@id\":\"http:\/\/vincentians.com\/es\/sujetos-a-la-ley-universal-del-trabajo\/#primaryimage\"},\"thumbnailUrl\":\"\",\"keywords\":[\"Pobreza\"],\"articleSection\":[\"Espiritualidad vicenciana\"],\"inLanguage\":\"es\",\"potentialAction\":[{\"@type\":\"CommentAction\",\"name\":\"Comment\",\"target\":[\"http:\/\/vincentians.com\/es\/sujetos-a-la-ley-universal-del-trabajo\/#respond\"]}]},{\"@type\":\"WebPage\",\"@id\":\"http:\/\/vincentians.com\/es\/sujetos-a-la-ley-universal-del-trabajo\/\",\"url\":\"http:\/\/vincentians.com\/es\/sujetos-a-la-ley-universal-del-trabajo\/\",\"name\":\"Sujetos a la ley universal del trabajo - Somos Vicencianos\",\"isPartOf\":{\"@id\":\"http:\/\/vincentians.com\/es\/#website\"},\"primaryImageOfPage\":{\"@id\":\"http:\/\/vincentians.com\/es\/sujetos-a-la-ley-universal-del-trabajo\/#primaryimage\"},\"image\":{\"@id\":\"http:\/\/vincentians.com\/es\/sujetos-a-la-ley-universal-del-trabajo\/#primaryimage\"},\"thumbnailUrl\":\"\",\"datePublished\":\"2015-03-28T05:17:21+00:00\",\"breadcrumb\":{\"@id\":\"http:\/\/vincentians.com\/es\/sujetos-a-la-ley-universal-del-trabajo\/#breadcrumb\"},\"inLanguage\":\"es\",\"potentialAction\":[{\"@type\":\"ReadAction\",\"target\":[\"http:\/\/vincentians.com\/es\/sujetos-a-la-ley-universal-del-trabajo\/\"]}]},{\"@type\":\"ImageObject\",\"inLanguage\":\"es\",\"@id\":\"http:\/\/vincentians.com\/es\/sujetos-a-la-ley-universal-del-trabajo\/#primaryimage\",\"url\":\"\",\"contentUrl\":\"\"},{\"@type\":\"BreadcrumbList\",\"@id\":\"http:\/\/vincentians.com\/es\/sujetos-a-la-ley-universal-del-trabajo\/#breadcrumb\",\"itemListElement\":[{\"@type\":\"ListItem\",\"position\":1,\"name\":\"Portada\",\"item\":\"http:\/\/vincentians.com\/es\/\"},{\"@type\":\"ListItem\",\"position\":2,\"name\":\"Sujetos a la ley universal del trabajo\"}]},{\"@type\":\"WebSite\",\"@id\":\"http:\/\/vincentians.com\/es\/#website\",\"url\":\"http:\/\/vincentians.com\/es\/\",\"name\":\"Somos Vicencianos\",\"description\":\"Know more to serve more\",\"publisher\":{\"@id\":\"http:\/\/vincentians.com\/es\/#organization\"},\"potentialAction\":[{\"@type\":\"SearchAction\",\"target\":{\"@type\":\"EntryPoint\",\"urlTemplate\":\"http:\/\/vincentians.com\/es\/?s={search_term_string}\"},\"query-input\":{\"@type\":\"PropertyValueSpecification\",\"valueRequired\":true,\"valueName\":\"search_term_string\"}}],\"inLanguage\":\"es\"},{\"@type\":\"Organization\",\"@id\":\"http:\/\/vincentians.com\/es\/#organization\",\"name\":\"The Vincentian Network\",\"url\":\"http:\/\/vincentians.com\/es\/\",\"logo\":{\"@type\":\"ImageObject\",\"inLanguage\":\"es\",\"@id\":\"http:\/\/vincentians.com\/es\/#\/schema\/logo\/image\/\",\"url\":\"https:\/\/i1.wp.com\/vincentians.com\/es\/wp-content\/uploads\/sites\/11\/2016\/06\/Vincentian-Network-logo-big.png?fit=778%2C778\",\"contentUrl\":\"https:\/\/i1.wp.com\/vincentians.com\/es\/wp-content\/uploads\/sites\/11\/2016\/06\/Vincentian-Network-logo-big.png?fit=778%2C778\",\"width\":778,\"height\":778,\"caption\":\"The Vincentian Network\"},\"image\":{\"@id\":\"http:\/\/vincentians.com\/es\/#\/schema\/logo\/image\/\"},\"sameAs\":[\"https:\/\/www.facebook.com\/WeAreVincentians\/\",\"https:\/\/x.com\/WeVincentians\"]},{\"@type\":\"Person\",\"@id\":\"http:\/\/vincentians.com\/es\/#\/schema\/person\/9623ef4d9aa3b2dfb8c061f1499288f2\",\"name\":\"Francisco Javier Fern\u00e1ndez Chento\",\"image\":{\"@type\":\"ImageObject\",\"inLanguage\":\"es\",\"@id\":\"http:\/\/vincentians.com\/es\/#\/schema\/person\/image\/\",\"url\":\"https:\/\/secure.gravatar.com\/avatar\/497d5cde87b4c3d097d0315953521681ba2cd523ee66e5077c3711f7021e65de?s=96&d=mm&r=g\",\"contentUrl\":\"https:\/\/secure.gravatar.com\/avatar\/497d5cde87b4c3d097d0315953521681ba2cd523ee66e5077c3711f7021e65de?s=96&d=mm&r=g\",\"caption\":\"Francisco Javier Fern\u00e1ndez Chento\"},\"description\":\"Director General y cofundador de La Red de Formaci\u00f3n Vicenciana. Javier es laico vicenciano, afiliado a la Congregaci\u00f3n de la Misi\u00f3n y miembro del Equipo de Misiones Populares de la provincia can\u00f3nica de Zaragoza (Espa\u00f1a) de la Congregaci\u00f3n de la Misi\u00f3n. Graduado en la Universidad Oberta de Catalunya con cuatro grados (Asistente de direcci\u00f3n, Gesti\u00f3n Administrativa, Recursos Humanos y Contabilidad Avanzada). Bil\u00edng\u00fce Espa\u00f1ol\/Ingl\u00e9s. gestiona y mantiene varias p\u00e1ginas web cristianas y vicencianas, incluida including La Red de Formaci\u00f3n Vicenciana, de la que es cofundador. Actualmente es responsable del \u00e1rea de Espa\u00f1ol de .famvin, la Red de Noticias de la Familia Vicenciana. Tambi\u00e9n es m\u00fasico cat\u00f3lico y ha editado varios discos. Es Director General y cofundador de Trovador, una reconocida compa\u00f1\u00eda discogr\u00e1fica critiana de Espa\u00f1a. Trabaja en las Tecnolog\u00edas de la Informaci\u00f3n, ofreciendo servicios de alojamiento, dise\u00f1o y mantenimiento Web, as\u00ed como asesoramiento, formaci\u00f3n y soluciones inform\u00e1ticas, gesti\u00f3n documental y digitalizaci\u00f3n de textos, edici\u00f3n y maquetaci\u00f3n de libros, revistas, flyers, etc.\",\"sameAs\":[\"http:\/\/chento.org\",\"https:\/\/www.facebook.com\/JavierChento\",\"https:\/\/x.com\/https:\/\/twitter.com\/javierchento\"],\"url\":\"http:\/\/vincentians.com\/es\/author\/chento\/\"}]}<\/script>\n<!-- \/ Yoast SEO plugin. -->","yoast_head_json":{"title":"Sujetos a la ley universal del trabajo - Somos Vicencianos","robots":{"index":"index","follow":"follow","max-snippet":"max-snippet:-1","max-image-preview":"max-image-preview:large","max-video-preview":"max-video-preview:-1"},"canonical":"http:\/\/vincentians.com\/es\/sujetos-a-la-ley-universal-del-trabajo\/","og_locale":"es_ES","og_type":"article","og_title":"Sujetos a la ley universal del trabajo - Somos Vicencianos","og_description":"No he deseado dinero, oro ni ropa de nadie; sab\u00e9is por experiencia que estas manos han ganado lo necesario para m\u00ed y mis compa\u00f1eros. En todo os he hecho ver que hay que trabajar as\u00ed ... Read More","og_url":"http:\/\/vincentians.com\/es\/sujetos-a-la-ley-universal-del-trabajo\/","og_site_name":"Somos Vicencianos","article_publisher":"https:\/\/www.facebook.com\/WeAreVincentians\/","article_author":"https:\/\/www.facebook.com\/JavierChento","article_published_time":"2015-03-28T05:17:21+00:00","author":"Francisco Javier Fern\u00e1ndez Chento","twitter_card":"summary_large_image","twitter_creator":"@https:\/\/twitter.com\/javierchento","twitter_site":"@WeVincentians","twitter_misc":{"Escrito por":"Francisco Javier Fern\u00e1ndez Chento","Tiempo de lectura":"6 minutos"},"schema":{"@context":"https:\/\/schema.org","@graph":[{"@type":"Article","@id":"http:\/\/vincentians.com\/es\/sujetos-a-la-ley-universal-del-trabajo\/#article","isPartOf":{"@id":"http:\/\/vincentians.com\/es\/sujetos-a-la-ley-universal-del-trabajo\/"},"author":{"name":"Francisco Javier Fern\u00e1ndez Chento","@id":"http:\/\/vincentians.com\/es\/#\/schema\/person\/9623ef4d9aa3b2dfb8c061f1499288f2"},"headline":"Sujetos a la ley universal del trabajo","datePublished":"2015-03-28T05:17:21+00:00","mainEntityOfPage":{"@id":"http:\/\/vincentians.com\/es\/sujetos-a-la-ley-universal-del-trabajo\/"},"wordCount":1158,"commentCount":0,"publisher":{"@id":"http:\/\/vincentians.com\/es\/#organization"},"image":{"@id":"http:\/\/vincentians.com\/es\/sujetos-a-la-ley-universal-del-trabajo\/#primaryimage"},"thumbnailUrl":"","keywords":["Pobreza"],"articleSection":["Espiritualidad vicenciana"],"inLanguage":"es","potentialAction":[{"@type":"CommentAction","name":"Comment","target":["http:\/\/vincentians.com\/es\/sujetos-a-la-ley-universal-del-trabajo\/#respond"]}]},{"@type":"WebPage","@id":"http:\/\/vincentians.com\/es\/sujetos-a-la-ley-universal-del-trabajo\/","url":"http:\/\/vincentians.com\/es\/sujetos-a-la-ley-universal-del-trabajo\/","name":"Sujetos a la ley universal del trabajo - Somos Vicencianos","isPartOf":{"@id":"http:\/\/vincentians.com\/es\/#website"},"primaryImageOfPage":{"@id":"http:\/\/vincentians.com\/es\/sujetos-a-la-ley-universal-del-trabajo\/#primaryimage"},"image":{"@id":"http:\/\/vincentians.com\/es\/sujetos-a-la-ley-universal-del-trabajo\/#primaryimage"},"thumbnailUrl":"","datePublished":"2015-03-28T05:17:21+00:00","breadcrumb":{"@id":"http:\/\/vincentians.com\/es\/sujetos-a-la-ley-universal-del-trabajo\/#breadcrumb"},"inLanguage":"es","potentialAction":[{"@type":"ReadAction","target":["http:\/\/vincentians.com\/es\/sujetos-a-la-ley-universal-del-trabajo\/"]}]},{"@type":"ImageObject","inLanguage":"es","@id":"http:\/\/vincentians.com\/es\/sujetos-a-la-ley-universal-del-trabajo\/#primaryimage","url":"","contentUrl":""},{"@type":"BreadcrumbList","@id":"http:\/\/vincentians.com\/es\/sujetos-a-la-ley-universal-del-trabajo\/#breadcrumb","itemListElement":[{"@type":"ListItem","position":1,"name":"Portada","item":"http:\/\/vincentians.com\/es\/"},{"@type":"ListItem","position":2,"name":"Sujetos a la ley universal del trabajo"}]},{"@type":"WebSite","@id":"http:\/\/vincentians.com\/es\/#website","url":"http:\/\/vincentians.com\/es\/","name":"Somos Vicencianos","description":"Know more to serve more","publisher":{"@id":"http:\/\/vincentians.com\/es\/#organization"},"potentialAction":[{"@type":"SearchAction","target":{"@type":"EntryPoint","urlTemplate":"http:\/\/vincentians.com\/es\/?s={search_term_string}"},"query-input":{"@type":"PropertyValueSpecification","valueRequired":true,"valueName":"search_term_string"}}],"inLanguage":"es"},{"@type":"Organization","@id":"http:\/\/vincentians.com\/es\/#organization","name":"The Vincentian Network","url":"http:\/\/vincentians.com\/es\/","logo":{"@type":"ImageObject","inLanguage":"es","@id":"http:\/\/vincentians.com\/es\/#\/schema\/logo\/image\/","url":"https:\/\/i1.wp.com\/vincentians.com\/es\/wp-content\/uploads\/sites\/11\/2016\/06\/Vincentian-Network-logo-big.png?fit=778%2C778","contentUrl":"https:\/\/i1.wp.com\/vincentians.com\/es\/wp-content\/uploads\/sites\/11\/2016\/06\/Vincentian-Network-logo-big.png?fit=778%2C778","width":778,"height":778,"caption":"The Vincentian Network"},"image":{"@id":"http:\/\/vincentians.com\/es\/#\/schema\/logo\/image\/"},"sameAs":["https:\/\/www.facebook.com\/WeAreVincentians\/","https:\/\/x.com\/WeVincentians"]},{"@type":"Person","@id":"http:\/\/vincentians.com\/es\/#\/schema\/person\/9623ef4d9aa3b2dfb8c061f1499288f2","name":"Francisco Javier Fern\u00e1ndez Chento","image":{"@type":"ImageObject","inLanguage":"es","@id":"http:\/\/vincentians.com\/es\/#\/schema\/person\/image\/","url":"https:\/\/secure.gravatar.com\/avatar\/497d5cde87b4c3d097d0315953521681ba2cd523ee66e5077c3711f7021e65de?s=96&d=mm&r=g","contentUrl":"https:\/\/secure.gravatar.com\/avatar\/497d5cde87b4c3d097d0315953521681ba2cd523ee66e5077c3711f7021e65de?s=96&d=mm&r=g","caption":"Francisco Javier Fern\u00e1ndez Chento"},"description":"Director General y cofundador de La Red de Formaci\u00f3n Vicenciana. Javier es laico vicenciano, afiliado a la Congregaci\u00f3n de la Misi\u00f3n y miembro del Equipo de Misiones Populares de la provincia can\u00f3nica de Zaragoza (Espa\u00f1a) de la Congregaci\u00f3n de la Misi\u00f3n. Graduado en la Universidad Oberta de Catalunya con cuatro grados (Asistente de direcci\u00f3n, Gesti\u00f3n Administrativa, Recursos Humanos y Contabilidad Avanzada). Bil\u00edng\u00fce Espa\u00f1ol\/Ingl\u00e9s. gestiona y mantiene varias p\u00e1ginas web cristianas y vicencianas, incluida including La Red de Formaci\u00f3n Vicenciana, de la que es cofundador. Actualmente es responsable del \u00e1rea de Espa\u00f1ol de .famvin, la Red de Noticias de la Familia Vicenciana. Tambi\u00e9n es m\u00fasico cat\u00f3lico y ha editado varios discos. Es Director General y cofundador de Trovador, una reconocida compa\u00f1\u00eda discogr\u00e1fica critiana de Espa\u00f1a. Trabaja en las Tecnolog\u00edas de la Informaci\u00f3n, ofreciendo servicios de alojamiento, dise\u00f1o y mantenimiento Web, as\u00ed como asesoramiento, formaci\u00f3n y soluciones inform\u00e1ticas, gesti\u00f3n documental y digitalizaci\u00f3n de textos, edici\u00f3n y maquetaci\u00f3n de libros, revistas, flyers, etc.","sameAs":["http:\/\/chento.org","https:\/\/www.facebook.com\/JavierChento","https:\/\/x.com\/https:\/\/twitter.com\/javierchento"],"url":"http:\/\/vincentians.com\/es\/author\/chento\/"}]}},"jetpack_publicize_connections":[],"jetpack_featured_media_url":"","jetpack_sharing_enabled":true,"jetpack_shortlink":"https:\/\/wp.me\/p7ETMF-AVT","jetpack-related-posts":[{"id":387151,"url":"http:\/\/vincentians.com\/es\/derechos-y-deberes\/","url_meta":{"origin":141973,"position":0},"title":"Derechos y Deberes","author":"Mitxel Olabu\u00e9naga","date":"27\/02\/2016","format":false,"excerpt":"\u00bfNo soy libre? \u00bfNo soy ap\u00f3stol? \u00bfEs que no he visto a Jes\u00fas nuestro Se\u00f1or?... \u00bfAcaso no tenemos derecho a comer y a beber? \u00bfAcaso no tenemos derecho a viajar en compa\u00f1\u00eda de una mujer cristiana como los dem\u00e1s ap\u00f3stoles, incluyendo a los parientes del Se\u00f1or y a Pedro? o\u2026","rel":"","context":"En \u00abEspiritualidad\u00bb","block_context":{"text":"Espiritualidad","link":"http:\/\/vincentians.com\/es\/category\/espiritualidad\/"},"img":{"alt_text":"caridad4","src":"https:\/\/i0.wp.com\/vicencianos.org\/wp-content\/uploads\/2015\/03\/caridad4-300x218.jpg?resize=350%2C200","width":350,"height":200},"classes":[]},{"id":124807,"url":"http:\/\/vincentians.com\/es\/imposible-soportar-el-peso-de-la-riqueza-y-el-de-la-virtud-v-ii-396-iii\/","url_meta":{"origin":141973,"position":1},"title":"Imposible soportar el peso de la riqueza y el de la virtud (V, II, 396) (III)","author":"Francisco Javier Fern\u00e1ndez Chento","date":"17\/12\/2023","format":false,"excerpt":"Los medios para ser fieles al compromiso de practicar la pobreza Tambi\u00e9n nosotros nos esforzaremos, seg\u00fan nuestras pobres fuerzas, en el cultivo de esta virtud (RC III, 1) 46.- San Vicente fue generoso en ofrecer medios para ser fieles a la pobreza personal y comunitaria. Teniendo en cuenta lo establecido\u2026","rel":"","context":"En \u00abFormaci\u00f3n Vicenciana\u00bb","block_context":{"text":"Formaci\u00f3n Vicenciana","link":"http:\/\/vincentians.com\/es\/category\/formacion-vicenciana\/"},"img":{"alt_text":"","src":"https:\/\/i0.wp.com\/vincentians.com\/es\/wp-content\/uploads\/sites\/11\/2013\/01\/c.jpg?fit=979%2C739&resize=350%2C200","width":350,"height":200,"srcset":"https:\/\/i0.wp.com\/vincentians.com\/es\/wp-content\/uploads\/sites\/11\/2013\/01\/c.jpg?fit=979%2C739&resize=350%2C200 1x, https:\/\/i0.wp.com\/vincentians.com\/es\/wp-content\/uploads\/sites\/11\/2013\/01\/c.jpg?fit=979%2C739&resize=525%2C300 1.5x, https:\/\/i0.wp.com\/vincentians.com\/es\/wp-content\/uploads\/sites\/11\/2013\/01\/c.jpg?fit=979%2C739&resize=700%2C400 2x"},"classes":[]},{"id":124809,"url":"http:\/\/vincentians.com\/es\/imposible-soportar-el-peso-de-la-riqueza-y-el-de-la-virtud-v-ii-396-iv\/","url_meta":{"origin":141973,"position":2},"title":"Imposible soportar el peso de la riqueza y el de la virtud (V (II, 396) (IV)","author":"Francisco Javier Fern\u00e1ndez Chento","date":"12\/11\/2013","format":false,"excerpt":"Valor actual de la doctrina vicenciana sobre la pobreza 65.- A la pregunta sobre el valor actual de la ense\u00f1anza y pr\u00e1ctica de la pobreza, seg\u00fan san Vicente, no es f\u00e1cil responder. Una visi\u00f3n muy resumida pod\u00eda ser la siguiente: En el \u00e1mbito doctrinal, san Vicente se queda un tanto\u2026","rel":"","context":"En \u00abFormaci\u00f3n Vicenciana\u00bb","block_context":{"text":"Formaci\u00f3n Vicenciana","link":"http:\/\/vincentians.com\/es\/category\/formacion-vicenciana\/"},"img":{"alt_text":"valores dibujo 2","src":"https:\/\/i0.wp.com\/vicencianos.org\/wp-content\/2013\/10\/valores-dibujo-2.jpg?resize=350%2C200","width":350,"height":200},"classes":[]},{"id":37359,"url":"http:\/\/vincentians.com\/es\/interpretacion-del-estatuto-fundamental-de-la-pobreza\/","url_meta":{"origin":141973,"position":3},"title":"Interpretaci\u00f3n del Estatuto Fundamental de la pobreza","author":"Francisco Javier Fern\u00e1ndez Chento","date":"25\/02\/2017","format":false,"excerpt":"A. Contenido del Estatuto En el Estatuto Fundamental pueden considerarse los siguientes elementos normativos: Se presupone que los miembros de la Congregaci\u00f3n conservan el dominio de los bienes inmuebles o de los beneficios simples que posean o que en el futuro puedan poseer Los miembros de la Congregaci\u00f3n deben emplear\u2026","rel":"","context":"En \u00abDocumentos de la Congregaci\u00f3n de la Misi\u00f3n\u00bb","block_context":{"text":"Documentos de la Congregaci\u00f3n de la Misi\u00f3n","link":"http:\/\/vincentians.com\/es\/category\/formacion-vicenciana\/documentos-oficiales-de-la-familia-vicenciana\/documentos-de-la-congregacion-de-la-mision\/"},"img":{"alt_text":"","src":"https:\/\/i0.wp.com\/vincentians.com\/es\/wp-content\/uploads\/sites\/11\/2016\/09\/revolucion-francesa.jpg?fit=1200%2C630&resize=350%2C200","width":350,"height":200,"srcset":"https:\/\/i0.wp.com\/vincentians.com\/es\/wp-content\/uploads\/sites\/11\/2016\/09\/revolucion-francesa.jpg?fit=1200%2C630&resize=350%2C200 1x, https:\/\/i0.wp.com\/vincentians.com\/es\/wp-content\/uploads\/sites\/11\/2016\/09\/revolucion-francesa.jpg?fit=1200%2C630&resize=525%2C300 1.5x, https:\/\/i0.wp.com\/vincentians.com\/es\/wp-content\/uploads\/sites\/11\/2016\/09\/revolucion-francesa.jpg?fit=1200%2C630&resize=700%2C400 2x, https:\/\/i0.wp.com\/vincentians.com\/es\/wp-content\/uploads\/sites\/11\/2016\/09\/revolucion-francesa.jpg?fit=1200%2C630&resize=1050%2C600 3x"},"classes":[]},{"id":131336,"url":"http:\/\/vincentians.com\/es\/de-la-religion-de-san-pedro\/","url_meta":{"origin":141973,"position":4},"title":"\u00abDe la religi\u00f3n de san Pedro\u00bb","author":"Francisco Javier Fern\u00e1ndez Chento","date":"24\/05\/2015","format":false,"excerpt":"\"Fue \u00e9l quien dio a unos como ap\u00f3stoles, otros como profetas, a otros como evangelistas, a otros como pastores y maestros con el fin de equipar a los consagrados para la tarea del servicio, para constituir el cuerpo del Mes\u00edas\". (Ef 4,11-12). \"La Congregaci\u00f3n de la Misi\u00f3n, seg\u00fan una tradici\u00f3n\u2026","rel":"","context":"En \u00abEspiritualidad vicenciana\u00bb","block_context":{"text":"Espiritualidad vicenciana","link":"http:\/\/vincentians.com\/es\/category\/espiritualidad\/espiritualidad-vicenciana\/"},"img":{"alt_text":"logocm","src":"https:\/\/i0.wp.com\/vicencianos.org\/wp-content\/2011\/04\/logocm-237x300.jpg?resize=350%2C200","width":350,"height":200},"classes":[]},{"id":130794,"url":"http:\/\/vincentians.com\/es\/iii-la-recuperacion-de-los-cuatro-votos-vicencianos-pobreza-vii\/","url_meta":{"origin":141973,"position":5},"title":"III. LA RECUPERACI\u00d3N DE LOS CUATRO VOTOS VICENCIANOS (pobreza) (VII)","author":"Francisco Javier Fern\u00e1ndez Chento","date":"08\/07\/2014","format":false,"excerpt":"3. Pobreza Hacia una comprensi\u00f3n moderna a) En la Iglesia conciliar y posconciliar tal vez no haya habido un tema m\u00e1s repetido que la llamada a una pobreza evang\u00e9lica. En respuesta a Cristo la Iglesia quiere ser la Iglesia de los pobres. Lo mismo se puede decir de la congregaci\u00f3n.\u2026","rel":"","context":"En \u00abFormaci\u00f3n Vicenciana\u00bb","block_context":{"text":"Formaci\u00f3n Vicenciana","link":"http:\/\/vincentians.com\/es\/category\/formacion-vicenciana\/"},"img":{"alt_text":"voca","src":"https:\/\/i0.wp.com\/vicencianos.org\/wp-content\/2014\/06\/voca.jpg?resize=350%2C200","width":350,"height":200},"classes":[]}],"_links":{"self":[{"href":"http:\/\/vincentians.com\/es\/wp-json\/wp\/v2\/posts\/141973","targetHints":{"allow":["GET"]}}],"collection":[{"href":"http:\/\/vincentians.com\/es\/wp-json\/wp\/v2\/posts"}],"about":[{"href":"http:\/\/vincentians.com\/es\/wp-json\/wp\/v2\/types\/post"}],"author":[{"embeddable":true,"href":"http:\/\/vincentians.com\/es\/wp-json\/wp\/v2\/users\/4"}],"replies":[{"embeddable":true,"href":"http:\/\/vincentians.com\/es\/wp-json\/wp\/v2\/comments?post=141973"}],"version-history":[{"count":0,"href":"http:\/\/vincentians.com\/es\/wp-json\/wp\/v2\/posts\/141973\/revisions"}],"wp:featuredmedia":[{"embeddable":true,"href":"http:\/\/vincentians.com\/es\/wp-json\/"}],"wp:attachment":[{"href":"http:\/\/vincentians.com\/es\/wp-json\/wp\/v2\/media?parent=141973"}],"wp:term":[{"taxonomy":"category","embeddable":true,"href":"http:\/\/vincentians.com\/es\/wp-json\/wp\/v2\/categories?post=141973"},{"taxonomy":"post_tag","embeddable":true,"href":"http:\/\/vincentians.com\/es\/wp-json\/wp\/v2\/tags?post=141973"}],"curies":[{"name":"wp","href":"https:\/\/api.w.org\/{rel}","templated":true}]}}