{"id":141965,"date":"2015-03-26T08:37:54","date_gmt":"2015-03-26T07:37:54","guid":{"rendered":"http:\/\/somos.vicencianos.org\/?p=141965"},"modified":"2015-03-26T08:37:54","modified_gmt":"2015-03-26T07:37:54","slug":"leales-al-don-recibido","status":"publish","type":"post","link":"http:\/\/vincentians.com\/es\/leales-al-don-recibido\/","title":{"rendered":"Leales al don recibido"},"content":{"rendered":"<p style=\"text-align: justify\"><a href=\"http:\/\/vicencianos.org\/blog\/leales-al-don-recibido\/asd-32\/\" rel=\"attachment wp-att-141966\"><img data-recalc-dims=\"1\" loading=\"lazy\" decoding=\"async\" class=\"alignleft  wp-image-141966\" src=\"https:\/\/i0.wp.com\/vicencianos.org\/wp-content\/2015\/03\/asd13.jpg?resize=202%2C203\" alt=\"asd\" width=\"202\" height=\"203\" \/><\/a>\u00abPero el cuerpo no es para la lujuria, sino para el Se\u00f1or, y el Se\u00f1or para el cuerpo, pues Dios, que resucit\u00f3 al Se\u00f1or nos resucitar\u00e1 tambi\u00e9n a nosotros con su poder&#8230;\u00bb. (I Cor 6,14).<\/p>\n<p style=\"text-align: justify\">\u00abSab\u00e9is bien que vuestro cuerpo es templo del Esp\u00edri\u00adtu Santo, que est\u00e1 en voso\u00adtros porque Dios os lo ha dado. No os pertenec\u00e9is, os han comprado pagando; pues glorificad a Dios en vuestro cuerpo\u00bb. (I Cor 19,20).<\/p>\n<p style=\"text-align: justify\">\u201cLa \u00edntima uni\u00f3n con Cristo, la comuni\u00f3n verdaderamente fraterna, la afanosa labor en el apostolado y la asc\u00e9tica aprobada por la experiencia d la Iglesia har\u00e1n vigorosa nuestra castidad. Ella es, adem\u00e1s, por la continua y madura respuesta a la vocaci\u00f3n divina, fuente de espiritual fecundidad en el mundo y contribuye en manera a conseguir la realizaci\u00f3n plena, incluso humana\u201d. (C 30)<\/p>\n<p style=\"text-align: justify\">\u00abNadie presuma de su castidad\u00bb, advirti\u00f3 San Vicente en las Reglas Comunes (IV, 3). El Perfectae Caritatis dice lo mismo cuando exhorta \u00aba no presumir de las propias fuerzas\u00bb. La castidad perfecta en el en el celibato es una \u00abconquista constante\u00bb, dijo Pablo VI en la Enc\u00edclica Sacerdotalis Coelibatus. De ah\u00ed la importancia de los medios.<\/p>\n<p style=\"text-align: justify\">San Vicente aconsej\u00f3 ser prudentes en el trato con las personas de distinto sexo, moderados en el comer y beber, evitar la ociosidad y practicar la mortificaci\u00f3n de los sentidos (RC IV, 2-5). En una palabra, aconsej\u00f3 a sus misioneros la ascesis que pone en pr\u00e1ctica los medios naturales y sobrenaturales experimentados como eficaces para ser fieles a la castidad y celibato prometidos a Dios.<\/p>\n<h2 style=\"text-align: justify\"><strong>1. La uni\u00f3n con Cristo<\/strong><\/h2>\n<p style=\"text-align: justify\">La castidad es un don de Dios; el que lo posee asemeja m\u00e1s a Cristo. La uni\u00f3n con Cristo mantenida por la oraci\u00f3n y los sacramentos es uno de los grandes medios para conseguir de Dios la lealtad al don reci\u00adbido:<\/p>\n<p style=\"text-align: justify\"><em>\u00abNueva fuerza y nuevo gozo aportar\u00e1n al sacerdote de Cristo el profundizar cada d\u00eda en la meditaci\u00f3n y en la oraci\u00f3n los motivos de su donaci\u00f3n y la convicci\u00f3n de haber escogido la mejor parte. Implorar\u00e1 con humil\u00addad y perseverancia la gracia de la fidelidad, que nunca se niega a quien la pide con coraz\u00f3n sincero, recurriendo al mismo tiempo a los medios naturales y sobrenaturales de que dispone. No descuidar\u00e1, sobre todo, aquellas normas asc\u00e9ticas que garantiza la experiencia de la Igle\u00adsia y que en las circunstancias actuales no son menos necesarias que en otros tiempos\u00bb.<\/em><\/p>\n<p style=\"text-align: justify\"><em>\u00abApl\u00edquese el sacerdote en primer lugar a cultivar con todo el amor que la gracia le inspira su intimidad con Cristo, explorando su inagotable y santificador mis\u00adterio; adquiera un sentido cada vez m\u00e1s profundo del misterio de la Iglesia, fuera del cual su estado de vida correr\u00eda el riesgo de aparecerle sin consistencia e incon\u00adgruente\u00bb. <\/em>(S. Coel. 74-75).<\/p>\n<h2 style=\"text-align: justify\"><strong>2. La vida fraterna<\/strong><\/h2>\n<p style=\"text-align: justify\">La posible soledad que la castidad perfecta en el ce\u00adlibato puede originar, tiene remedio en gran medida viviendo la fraternidad:<\/p>\n<p style=\"text-align: justify\"><em>\u00abRecuerden todos, especialmente los Superiores, que la castidad se guarda con m\u00e1s seguridad cuando en la vida com\u00fan reina un verdadero amor fraterno\u00bb. <\/em>(PC 12).<\/p>\n<p style=\"text-align: justify\">Pablo VI exhorta a la caridad para con el sacerdote hermano que se encuentra en dificultad para ser fiel a la castidad:<\/p>\n<p style=\"text-align: justify\"><em>\u00abReflexionen los sacerdotes sobre las amonestacio\u00adnes del Concilio <\/em>(PO 8), <em>que les exhorta a la com\u00fan <\/em><em>participaci\u00f3n en el sacerdocio para que se sientan viva\u00admente responsables respecto de los hermanos turbados por dificultades, que exponen a serio peligro el don di\u00advino que hay en ellos. Sientan el ardor de la caridad para con ellos, pues tienen necesidad de amor, de com\u00adprensi\u00f3n, de oraciones, de ayudas discretas pero efica\u00adces, y tienen un t\u00edtulo para contar con la caridad sin l\u00edmites de los que son y deben ser sus m\u00e1s verdaderos amigos\u00bb. <\/em>(S. Coel. 81).<\/p>\n<h2 style=\"text-align: justify\"><strong>3. Entrega al ministerio<\/strong><\/h2>\n<p style=\"text-align: justify\">Tambi\u00e9n el trabajo ministerial, hecho con rectitud, superando inclinaciones del sentimiento que ponen en peligro la afectividad y alimentan propensiones del co\u00adraz\u00f3n es otro de los medios para conservar la castidad y el celibato:<\/p>\n<p style=\"text-align: justify\"><em>\u00abCon la gracia y la paz en el coraz\u00f3n, el sacerdote afrontar\u00e1 con magnanimidad las m\u00faltiples obligaciones de su vida y de su ministerio, encontrando en ellas, si las ejerce con fe y celo, nuevas ocasiones de demostrar su pertenencia a Cristo y a su Cuerpo M\u00edstico para la propia edificaci\u00f3n y la santificaci\u00f3n de los dem\u00e1s. La caridad de Cristo que le impulsa y le ayuda, no a renunciar a los mejores sentimientos, sino a sublimarlos y a profundizarlos\u00bb. <\/em>(S. Coel. 76).<\/p>\n<ul style=\"text-align: justify\">\n<li><em>\u00bfEn mi noble esfuerzo por ser fiel al don de la castidad en el celibato \u00bfhe puesto en pr\u00e1ctica los medios naturales y sobrenaturales oportunos?<\/em><\/li>\n<li><em>\u00bfQu\u00e9 experiencia tengo de no haber controlado mis sentidos presumiendo, hasta cierto punto, de mis fuerzas en lo que a la fidelidad de la casti\u00addad se refiere?<\/em><\/li>\n<li><em>\u00bfHe sentido la ayuda de la vida en com\u00fan en momentos dif\u00edciles? \u00bfHe ayudado a alg\u00fan com\u00adpa\u00f1ero sabiendo que estaba en dificultad o le he<\/em> <em>dejado a su suerte por aquello de que se trata de <\/em><em>algo muy delicado?\u00a0\u00a0\u00a0\u00a0\u00a0\u00a0\u00a0\u00a0\u00a0\u00a0\u00a0 <\/em><\/li>\n<\/ul>\n<h2 style=\"text-align: justify\">Oraci\u00f3n:<\/h2>\n<p style=\"text-align: justify\">\u00abSe\u00f1or, que has llamado a vivir la castidad y el celiba\u00adto por el Reino de los Cielos en la alegr\u00eda y en la paz, conc\u00e9denos evitar los extremos del medio obsesivo y de la falsa presunci\u00f3n. Que nos convenzamos que para ser evan\u00adg\u00e9licamente castos necesitamos esforzarnos continuamente y usar de los medios naturales y sobrenaturales. S\u00f3lo as\u00ed seremos signos cre\u00edbles de la castidad evang\u00e9lica en el mun\u00addo. Se\u00f1or, que el vigor de la castidad nos permita amar sin medida y ser libres, rompiendo todas las ataduras que nos impiden la plena disponibilidad para servir a los intereses de tu Reino. Am\u00e9n\u00bb.<\/p>\n","protected":false},"excerpt":{"rendered":"<p>\u00abPero el cuerpo no es para la lujuria, sino para el Se\u00f1or, y el Se\u00f1or para el cuerpo, pues Dios, que resucit\u00f3 al Se\u00f1or nos resucitar\u00e1 tambi\u00e9n a nosotros con su poder&#8230;\u00bb. (I Cor 6,14). &#8230; <a href=\"http:\/\/vincentians.com\/es\/leales-al-don-recibido\/\" class=\"more-link\">Read More<\/a><\/p>\n","protected":false},"author":4,"featured_media":141966,"comment_status":"open","ping_status":"closed","sticky":false,"template":"","format":"standard","meta":{"jetpack_post_was_ever_published":false,"_jetpack_newsletter_access":"","_jetpack_dont_email_post_to_subs":false,"_jetpack_newsletter_tier_id":0,"_jetpack_memberships_contains_paywalled_content":false,"_jetpack_memberships_contains_paid_content":false,"footnotes":"","jetpack_publicize_message":"","jetpack_publicize_feature_enabled":true,"jetpack_social_post_already_shared":true,"jetpack_social_options":{"image_generator_settings":{"template":"highway","default_image_id":0,"font":"","enabled":false},"version":2}},"categories":[226],"tags":[],"class_list":["post-141965","post","type-post","status-publish","format-standard","has-post-thumbnail","hentry","category-espiritualidad-vicenciana"],"yoast_head":"<!-- This site is optimized with the Yoast SEO plugin v26.3 - https:\/\/yoast.com\/wordpress\/plugins\/seo\/ -->\n<title>Leales al don recibido - Somos Vicencianos<\/title>\n<meta name=\"robots\" content=\"index, follow, max-snippet:-1, max-image-preview:large, max-video-preview:-1\" \/>\n<link rel=\"canonical\" href=\"http:\/\/vincentians.com\/es\/leales-al-don-recibido\/\" \/>\n<meta property=\"og:locale\" content=\"es_ES\" \/>\n<meta property=\"og:type\" content=\"article\" \/>\n<meta property=\"og:title\" content=\"Leales al don recibido - Somos Vicencianos\" \/>\n<meta property=\"og:description\" content=\"\u00abPero el cuerpo no es para la lujuria, sino para el Se\u00f1or, y el Se\u00f1or para el cuerpo, pues Dios, que resucit\u00f3 al Se\u00f1or nos resucitar\u00e1 tambi\u00e9n a nosotros con su poder&#8230;\u00bb. (I Cor 6,14). ... Read More\" \/>\n<meta property=\"og:url\" content=\"http:\/\/vincentians.com\/es\/leales-al-don-recibido\/\" \/>\n<meta property=\"og:site_name\" content=\"Somos Vicencianos\" \/>\n<meta property=\"article:publisher\" content=\"https:\/\/www.facebook.com\/WeAreVincentians\/\" \/>\n<meta property=\"article:author\" content=\"https:\/\/www.facebook.com\/JavierChento\" \/>\n<meta property=\"article:published_time\" content=\"2015-03-26T07:37:54+00:00\" \/>\n<meta name=\"author\" content=\"Francisco Javier Fern\u00e1ndez Chento\" \/>\n<meta name=\"twitter:card\" content=\"summary_large_image\" \/>\n<meta name=\"twitter:creator\" content=\"@https:\/\/twitter.com\/javierchento\" \/>\n<meta name=\"twitter:site\" content=\"@WeVincentians\" \/>\n<meta name=\"twitter:label1\" content=\"Escrito por\" \/>\n\t<meta name=\"twitter:data1\" content=\"Francisco Javier Fern\u00e1ndez Chento\" \/>\n\t<meta name=\"twitter:label2\" content=\"Tiempo de lectura\" \/>\n\t<meta name=\"twitter:data2\" content=\"5 minutos\" \/>\n<script type=\"application\/ld+json\" class=\"yoast-schema-graph\">{\"@context\":\"https:\/\/schema.org\",\"@graph\":[{\"@type\":\"Article\",\"@id\":\"http:\/\/vincentians.com\/es\/leales-al-don-recibido\/#article\",\"isPartOf\":{\"@id\":\"http:\/\/vincentians.com\/es\/leales-al-don-recibido\/\"},\"author\":{\"name\":\"Francisco Javier Fern\u00e1ndez Chento\",\"@id\":\"http:\/\/vincentians.com\/es\/#\/schema\/person\/9623ef4d9aa3b2dfb8c061f1499288f2\"},\"headline\":\"Leales al don recibido\",\"datePublished\":\"2015-03-26T07:37:54+00:00\",\"mainEntityOfPage\":{\"@id\":\"http:\/\/vincentians.com\/es\/leales-al-don-recibido\/\"},\"wordCount\":1010,\"commentCount\":0,\"publisher\":{\"@id\":\"http:\/\/vincentians.com\/es\/#organization\"},\"image\":{\"@id\":\"http:\/\/vincentians.com\/es\/leales-al-don-recibido\/#primaryimage\"},\"thumbnailUrl\":\"\",\"articleSection\":[\"Espiritualidad vicenciana\"],\"inLanguage\":\"es\",\"potentialAction\":[{\"@type\":\"CommentAction\",\"name\":\"Comment\",\"target\":[\"http:\/\/vincentians.com\/es\/leales-al-don-recibido\/#respond\"]}]},{\"@type\":\"WebPage\",\"@id\":\"http:\/\/vincentians.com\/es\/leales-al-don-recibido\/\",\"url\":\"http:\/\/vincentians.com\/es\/leales-al-don-recibido\/\",\"name\":\"Leales al don recibido - Somos Vicencianos\",\"isPartOf\":{\"@id\":\"http:\/\/vincentians.com\/es\/#website\"},\"primaryImageOfPage\":{\"@id\":\"http:\/\/vincentians.com\/es\/leales-al-don-recibido\/#primaryimage\"},\"image\":{\"@id\":\"http:\/\/vincentians.com\/es\/leales-al-don-recibido\/#primaryimage\"},\"thumbnailUrl\":\"\",\"datePublished\":\"2015-03-26T07:37:54+00:00\",\"breadcrumb\":{\"@id\":\"http:\/\/vincentians.com\/es\/leales-al-don-recibido\/#breadcrumb\"},\"inLanguage\":\"es\",\"potentialAction\":[{\"@type\":\"ReadAction\",\"target\":[\"http:\/\/vincentians.com\/es\/leales-al-don-recibido\/\"]}]},{\"@type\":\"ImageObject\",\"inLanguage\":\"es\",\"@id\":\"http:\/\/vincentians.com\/es\/leales-al-don-recibido\/#primaryimage\",\"url\":\"\",\"contentUrl\":\"\"},{\"@type\":\"BreadcrumbList\",\"@id\":\"http:\/\/vincentians.com\/es\/leales-al-don-recibido\/#breadcrumb\",\"itemListElement\":[{\"@type\":\"ListItem\",\"position\":1,\"name\":\"Portada\",\"item\":\"http:\/\/vincentians.com\/es\/\"},{\"@type\":\"ListItem\",\"position\":2,\"name\":\"Leales al don recibido\"}]},{\"@type\":\"WebSite\",\"@id\":\"http:\/\/vincentians.com\/es\/#website\",\"url\":\"http:\/\/vincentians.com\/es\/\",\"name\":\"Somos Vicencianos\",\"description\":\"Know more to serve more\",\"publisher\":{\"@id\":\"http:\/\/vincentians.com\/es\/#organization\"},\"potentialAction\":[{\"@type\":\"SearchAction\",\"target\":{\"@type\":\"EntryPoint\",\"urlTemplate\":\"http:\/\/vincentians.com\/es\/?s={search_term_string}\"},\"query-input\":{\"@type\":\"PropertyValueSpecification\",\"valueRequired\":true,\"valueName\":\"search_term_string\"}}],\"inLanguage\":\"es\"},{\"@type\":\"Organization\",\"@id\":\"http:\/\/vincentians.com\/es\/#organization\",\"name\":\"The Vincentian Network\",\"url\":\"http:\/\/vincentians.com\/es\/\",\"logo\":{\"@type\":\"ImageObject\",\"inLanguage\":\"es\",\"@id\":\"http:\/\/vincentians.com\/es\/#\/schema\/logo\/image\/\",\"url\":\"https:\/\/i1.wp.com\/vincentians.com\/es\/wp-content\/uploads\/sites\/11\/2016\/06\/Vincentian-Network-logo-big.png?fit=778%2C778\",\"contentUrl\":\"https:\/\/i1.wp.com\/vincentians.com\/es\/wp-content\/uploads\/sites\/11\/2016\/06\/Vincentian-Network-logo-big.png?fit=778%2C778\",\"width\":778,\"height\":778,\"caption\":\"The Vincentian Network\"},\"image\":{\"@id\":\"http:\/\/vincentians.com\/es\/#\/schema\/logo\/image\/\"},\"sameAs\":[\"https:\/\/www.facebook.com\/WeAreVincentians\/\",\"https:\/\/x.com\/WeVincentians\"]},{\"@type\":\"Person\",\"@id\":\"http:\/\/vincentians.com\/es\/#\/schema\/person\/9623ef4d9aa3b2dfb8c061f1499288f2\",\"name\":\"Francisco Javier Fern\u00e1ndez Chento\",\"image\":{\"@type\":\"ImageObject\",\"inLanguage\":\"es\",\"@id\":\"http:\/\/vincentians.com\/es\/#\/schema\/person\/image\/\",\"url\":\"https:\/\/secure.gravatar.com\/avatar\/497d5cde87b4c3d097d0315953521681ba2cd523ee66e5077c3711f7021e65de?s=96&d=mm&r=g\",\"contentUrl\":\"https:\/\/secure.gravatar.com\/avatar\/497d5cde87b4c3d097d0315953521681ba2cd523ee66e5077c3711f7021e65de?s=96&d=mm&r=g\",\"caption\":\"Francisco Javier Fern\u00e1ndez Chento\"},\"description\":\"Director General y cofundador de La Red de Formaci\u00f3n Vicenciana. Javier es laico vicenciano, afiliado a la Congregaci\u00f3n de la Misi\u00f3n y miembro del Equipo de Misiones Populares de la provincia can\u00f3nica de Zaragoza (Espa\u00f1a) de la Congregaci\u00f3n de la Misi\u00f3n. Graduado en la Universidad Oberta de Catalunya con cuatro grados (Asistente de direcci\u00f3n, Gesti\u00f3n Administrativa, Recursos Humanos y Contabilidad Avanzada). Bil\u00edng\u00fce Espa\u00f1ol\/Ingl\u00e9s. gestiona y mantiene varias p\u00e1ginas web cristianas y vicencianas, incluida including La Red de Formaci\u00f3n Vicenciana, de la que es cofundador. Actualmente es responsable del \u00e1rea de Espa\u00f1ol de .famvin, la Red de Noticias de la Familia Vicenciana. Tambi\u00e9n es m\u00fasico cat\u00f3lico y ha editado varios discos. Es Director General y cofundador de Trovador, una reconocida compa\u00f1\u00eda discogr\u00e1fica critiana de Espa\u00f1a. Trabaja en las Tecnolog\u00edas de la Informaci\u00f3n, ofreciendo servicios de alojamiento, dise\u00f1o y mantenimiento Web, as\u00ed como asesoramiento, formaci\u00f3n y soluciones inform\u00e1ticas, gesti\u00f3n documental y digitalizaci\u00f3n de textos, edici\u00f3n y maquetaci\u00f3n de libros, revistas, flyers, etc.\",\"sameAs\":[\"http:\/\/chento.org\",\"https:\/\/www.facebook.com\/JavierChento\",\"https:\/\/x.com\/https:\/\/twitter.com\/javierchento\"],\"url\":\"http:\/\/vincentians.com\/es\/author\/chento\/\"}]}<\/script>\n<!-- \/ Yoast SEO plugin. -->","yoast_head_json":{"title":"Leales al don recibido - Somos Vicencianos","robots":{"index":"index","follow":"follow","max-snippet":"max-snippet:-1","max-image-preview":"max-image-preview:large","max-video-preview":"max-video-preview:-1"},"canonical":"http:\/\/vincentians.com\/es\/leales-al-don-recibido\/","og_locale":"es_ES","og_type":"article","og_title":"Leales al don recibido - Somos Vicencianos","og_description":"\u00abPero el cuerpo no es para la lujuria, sino para el Se\u00f1or, y el Se\u00f1or para el cuerpo, pues Dios, que resucit\u00f3 al Se\u00f1or nos resucitar\u00e1 tambi\u00e9n a nosotros con su poder&#8230;\u00bb. (I Cor 6,14). ... Read More","og_url":"http:\/\/vincentians.com\/es\/leales-al-don-recibido\/","og_site_name":"Somos Vicencianos","article_publisher":"https:\/\/www.facebook.com\/WeAreVincentians\/","article_author":"https:\/\/www.facebook.com\/JavierChento","article_published_time":"2015-03-26T07:37:54+00:00","author":"Francisco Javier Fern\u00e1ndez Chento","twitter_card":"summary_large_image","twitter_creator":"@https:\/\/twitter.com\/javierchento","twitter_site":"@WeVincentians","twitter_misc":{"Escrito por":"Francisco Javier Fern\u00e1ndez Chento","Tiempo de lectura":"5 minutos"},"schema":{"@context":"https:\/\/schema.org","@graph":[{"@type":"Article","@id":"http:\/\/vincentians.com\/es\/leales-al-don-recibido\/#article","isPartOf":{"@id":"http:\/\/vincentians.com\/es\/leales-al-don-recibido\/"},"author":{"name":"Francisco Javier Fern\u00e1ndez Chento","@id":"http:\/\/vincentians.com\/es\/#\/schema\/person\/9623ef4d9aa3b2dfb8c061f1499288f2"},"headline":"Leales al don recibido","datePublished":"2015-03-26T07:37:54+00:00","mainEntityOfPage":{"@id":"http:\/\/vincentians.com\/es\/leales-al-don-recibido\/"},"wordCount":1010,"commentCount":0,"publisher":{"@id":"http:\/\/vincentians.com\/es\/#organization"},"image":{"@id":"http:\/\/vincentians.com\/es\/leales-al-don-recibido\/#primaryimage"},"thumbnailUrl":"","articleSection":["Espiritualidad vicenciana"],"inLanguage":"es","potentialAction":[{"@type":"CommentAction","name":"Comment","target":["http:\/\/vincentians.com\/es\/leales-al-don-recibido\/#respond"]}]},{"@type":"WebPage","@id":"http:\/\/vincentians.com\/es\/leales-al-don-recibido\/","url":"http:\/\/vincentians.com\/es\/leales-al-don-recibido\/","name":"Leales al don recibido - Somos Vicencianos","isPartOf":{"@id":"http:\/\/vincentians.com\/es\/#website"},"primaryImageOfPage":{"@id":"http:\/\/vincentians.com\/es\/leales-al-don-recibido\/#primaryimage"},"image":{"@id":"http:\/\/vincentians.com\/es\/leales-al-don-recibido\/#primaryimage"},"thumbnailUrl":"","datePublished":"2015-03-26T07:37:54+00:00","breadcrumb":{"@id":"http:\/\/vincentians.com\/es\/leales-al-don-recibido\/#breadcrumb"},"inLanguage":"es","potentialAction":[{"@type":"ReadAction","target":["http:\/\/vincentians.com\/es\/leales-al-don-recibido\/"]}]},{"@type":"ImageObject","inLanguage":"es","@id":"http:\/\/vincentians.com\/es\/leales-al-don-recibido\/#primaryimage","url":"","contentUrl":""},{"@type":"BreadcrumbList","@id":"http:\/\/vincentians.com\/es\/leales-al-don-recibido\/#breadcrumb","itemListElement":[{"@type":"ListItem","position":1,"name":"Portada","item":"http:\/\/vincentians.com\/es\/"},{"@type":"ListItem","position":2,"name":"Leales al don recibido"}]},{"@type":"WebSite","@id":"http:\/\/vincentians.com\/es\/#website","url":"http:\/\/vincentians.com\/es\/","name":"Somos Vicencianos","description":"Know more to serve more","publisher":{"@id":"http:\/\/vincentians.com\/es\/#organization"},"potentialAction":[{"@type":"SearchAction","target":{"@type":"EntryPoint","urlTemplate":"http:\/\/vincentians.com\/es\/?s={search_term_string}"},"query-input":{"@type":"PropertyValueSpecification","valueRequired":true,"valueName":"search_term_string"}}],"inLanguage":"es"},{"@type":"Organization","@id":"http:\/\/vincentians.com\/es\/#organization","name":"The Vincentian Network","url":"http:\/\/vincentians.com\/es\/","logo":{"@type":"ImageObject","inLanguage":"es","@id":"http:\/\/vincentians.com\/es\/#\/schema\/logo\/image\/","url":"https:\/\/i1.wp.com\/vincentians.com\/es\/wp-content\/uploads\/sites\/11\/2016\/06\/Vincentian-Network-logo-big.png?fit=778%2C778","contentUrl":"https:\/\/i1.wp.com\/vincentians.com\/es\/wp-content\/uploads\/sites\/11\/2016\/06\/Vincentian-Network-logo-big.png?fit=778%2C778","width":778,"height":778,"caption":"The Vincentian Network"},"image":{"@id":"http:\/\/vincentians.com\/es\/#\/schema\/logo\/image\/"},"sameAs":["https:\/\/www.facebook.com\/WeAreVincentians\/","https:\/\/x.com\/WeVincentians"]},{"@type":"Person","@id":"http:\/\/vincentians.com\/es\/#\/schema\/person\/9623ef4d9aa3b2dfb8c061f1499288f2","name":"Francisco Javier Fern\u00e1ndez Chento","image":{"@type":"ImageObject","inLanguage":"es","@id":"http:\/\/vincentians.com\/es\/#\/schema\/person\/image\/","url":"https:\/\/secure.gravatar.com\/avatar\/497d5cde87b4c3d097d0315953521681ba2cd523ee66e5077c3711f7021e65de?s=96&d=mm&r=g","contentUrl":"https:\/\/secure.gravatar.com\/avatar\/497d5cde87b4c3d097d0315953521681ba2cd523ee66e5077c3711f7021e65de?s=96&d=mm&r=g","caption":"Francisco Javier Fern\u00e1ndez Chento"},"description":"Director General y cofundador de La Red de Formaci\u00f3n Vicenciana. Javier es laico vicenciano, afiliado a la Congregaci\u00f3n de la Misi\u00f3n y miembro del Equipo de Misiones Populares de la provincia can\u00f3nica de Zaragoza (Espa\u00f1a) de la Congregaci\u00f3n de la Misi\u00f3n. Graduado en la Universidad Oberta de Catalunya con cuatro grados (Asistente de direcci\u00f3n, Gesti\u00f3n Administrativa, Recursos Humanos y Contabilidad Avanzada). Bil\u00edng\u00fce Espa\u00f1ol\/Ingl\u00e9s. gestiona y mantiene varias p\u00e1ginas web cristianas y vicencianas, incluida including La Red de Formaci\u00f3n Vicenciana, de la que es cofundador. Actualmente es responsable del \u00e1rea de Espa\u00f1ol de .famvin, la Red de Noticias de la Familia Vicenciana. Tambi\u00e9n es m\u00fasico cat\u00f3lico y ha editado varios discos. Es Director General y cofundador de Trovador, una reconocida compa\u00f1\u00eda discogr\u00e1fica critiana de Espa\u00f1a. Trabaja en las Tecnolog\u00edas de la Informaci\u00f3n, ofreciendo servicios de alojamiento, dise\u00f1o y mantenimiento Web, as\u00ed como asesoramiento, formaci\u00f3n y soluciones inform\u00e1ticas, gesti\u00f3n documental y digitalizaci\u00f3n de textos, edici\u00f3n y maquetaci\u00f3n de libros, revistas, flyers, etc.","sameAs":["http:\/\/chento.org","https:\/\/www.facebook.com\/JavierChento","https:\/\/x.com\/https:\/\/twitter.com\/javierchento"],"url":"http:\/\/vincentians.com\/es\/author\/chento\/"}]}},"jetpack_publicize_connections":[],"jetpack_featured_media_url":"","jetpack_sharing_enabled":true,"jetpack_shortlink":"https:\/\/wp.me\/p7ETMF-AVL","jetpack-related-posts":[{"id":136982,"url":"http:\/\/vincentians.com\/es\/ciclo-a-la-ascension-del-senor-reflexion-de-antonio-elduayen-c-m\/","url_meta":{"origin":141965,"position":0},"title":"Ciclo A, La Ascensi\u00f3n del Se\u00f1or (reflexi\u00f3n de Antonio Elduayen, C.M.)","author":"Francisco Javier Fern\u00e1ndez Chento","date":"03\/06\/2011","format":false,"excerpt":"Queridos amigos La Ascensi\u00f3n del Se\u00f1or es la otra cara de la Resurrecci\u00f3n. Ciertamente es grande, lo m\u00e1ximo, haber vencido a la muerte (y al pecado causante de la misma). Y es grande e in\u00e9dito haber estrenado un nuevo cuerpo, espiritual, lo llama S. Pablo (1 Cor 15,44) y una\u2026","rel":"","context":"En \u00abHomil\u00edas y reflexiones, A\u00f1o A\u00bb","block_context":{"text":"Homil\u00edas y reflexiones, A\u00f1o A","link":"http:\/\/vincentians.com\/es\/category\/homilias-y-reflexiones-a-la-palabra-de-dios\/homilias-y-reflexiones-ano-a\/"},"img":{"alt_text":"","src":"https:\/\/i0.wp.com\/vincentians.com\/es\/wp-content\/uploads\/sites\/11\/2016\/07\/reflexiones-palabra-de-dios.jpg?fit=1200%2C630&resize=350%2C200","width":350,"height":200,"srcset":"https:\/\/i0.wp.com\/vincentians.com\/es\/wp-content\/uploads\/sites\/11\/2016\/07\/reflexiones-palabra-de-dios.jpg?fit=1200%2C630&resize=350%2C200 1x, https:\/\/i0.wp.com\/vincentians.com\/es\/wp-content\/uploads\/sites\/11\/2016\/07\/reflexiones-palabra-de-dios.jpg?fit=1200%2C630&resize=525%2C300 1.5x, https:\/\/i0.wp.com\/vincentians.com\/es\/wp-content\/uploads\/sites\/11\/2016\/07\/reflexiones-palabra-de-dios.jpg?fit=1200%2C630&resize=700%2C400 2x, https:\/\/i0.wp.com\/vincentians.com\/es\/wp-content\/uploads\/sites\/11\/2016\/07\/reflexiones-palabra-de-dios.jpg?fit=1200%2C630&resize=1050%2C600 3x"},"classes":[]},{"id":136987,"url":"http:\/\/vincentians.com\/es\/ascension-del-senor-reflexion-de-antonio-elduayen-c-m\/","url_meta":{"origin":141965,"position":1},"title":"Ascensi\u00f3n del Se\u00f1or (reflexi\u00f3n de Antonio Elduayen, C.M.)","author":"Francisco Javier Fern\u00e1ndez Chento","date":"30\/05\/2014","format":false,"excerpt":"Queridos amigos y amigas, La Ascensi\u00f3n del Se\u00f1or es la otra cara de la Resurrecci\u00f3n. Ciertamente es grande, lo m\u00e1ximo, haber vencido a la muerte (y al pecado causante de la misma). \u201cHa comenzado el reino de la vida y se ha disuelto el imperio de la muerte, nos dir\u00e1\u2026","rel":"","context":"En \u00abHomil\u00edas y reflexiones, A\u00f1o A\u00bb","block_context":{"text":"Homil\u00edas y reflexiones, A\u00f1o A","link":"http:\/\/vincentians.com\/es\/category\/homilias-y-reflexiones-a-la-palabra-de-dios\/homilias-y-reflexiones-ano-a\/"},"img":{"alt_text":"","src":"https:\/\/i0.wp.com\/vincentians.com\/es\/wp-content\/uploads\/sites\/11\/2016\/07\/reflexiones-palabra-de-dios.jpg?fit=1200%2C630&resize=350%2C200","width":350,"height":200,"srcset":"https:\/\/i0.wp.com\/vincentians.com\/es\/wp-content\/uploads\/sites\/11\/2016\/07\/reflexiones-palabra-de-dios.jpg?fit=1200%2C630&resize=350%2C200 1x, https:\/\/i0.wp.com\/vincentians.com\/es\/wp-content\/uploads\/sites\/11\/2016\/07\/reflexiones-palabra-de-dios.jpg?fit=1200%2C630&resize=525%2C300 1.5x, https:\/\/i0.wp.com\/vincentians.com\/es\/wp-content\/uploads\/sites\/11\/2016\/07\/reflexiones-palabra-de-dios.jpg?fit=1200%2C630&resize=700%2C400 2x, https:\/\/i0.wp.com\/vincentians.com\/es\/wp-content\/uploads\/sites\/11\/2016\/07\/reflexiones-palabra-de-dios.jpg?fit=1200%2C630&resize=1050%2C600 3x"},"classes":[]},{"id":387144,"url":"http:\/\/vincentians.com\/es\/la-eucaristia-fuente-y-culmen-de-la-vida-cristiana\/","url_meta":{"origin":141965,"position":2},"title":"La Eucarist\u00eda fuente y culmen de la vida cristiana","author":"Mitxel Olabu\u00e9naga","date":"03\/03\/2016","format":false,"excerpt":"Cada vez que com\u00e9is de este pan y beb\u00e9is de esa copa, proclam\u00e1is la muerte del Se\u00f1or, hasta que El vuelva\u00bb. (I Cor 11,26). \u00ad\u00abNuestra vida debe tender a la celebraci\u00f3n diaria de la Cena del Se\u00f1or como a su culmen: de ella dimana, en efecto, como de su fuente,\u2026","rel":"","context":"En \u00abEspiritualidad\u00bb","block_context":{"text":"Espiritualidad","link":"http:\/\/vincentians.com\/es\/category\/espiritualidad\/"},"img":{"alt_text":"asd","src":"https:\/\/i0.wp.com\/vicencianos.org\/wp-content\/uploads\/2016\/02\/asd-6-300x224.jpg?resize=350%2C200","width":350,"height":200},"classes":[]},{"id":135847,"url":"http:\/\/vincentians.com\/es\/lectio-divina-para-domingo-de-resurreccion-preparada-por-chuno-chavez-alva-c-m\/","url_meta":{"origin":141965,"position":3},"title":"Lectio Divina para Domingo de Resurrecci\u00f3n (preparada por Chuno Ch\u00e1vez Alva, C.M.)","author":"Francisco Javier Fern\u00e1ndez Chento","date":"25\/03\/2013","format":false,"excerpt":"LA PALABRA HOY: Hechos Ap\u00f3stoles 10, 34a.37-43; Salmo 117; Colosenses 3,1-4; Juan 20, 1-9. Ambientaci\u00f3n: Un cirio, rodeado de flores, imagen del Resucitado, frase: \u201c\u00a1Ha resucitado!\u201d. Una vela por participante Cantos sugeridos: Alegre la ma\u00f1ana; Resucit\u00f3; Haces nuevas todas las cosas Ambientaci\u00f3n Todas las lecturas de hoy se hacen eco\u2026","rel":"","context":"En \u00abHomil\u00edas y reflexiones, A\u00f1o C\u00bb","block_context":{"text":"Homil\u00edas y reflexiones, A\u00f1o C","link":"http:\/\/vincentians.com\/es\/category\/homilias-y-reflexiones-a-la-palabra-de-dios\/homilias-y-reflexiones-ano-c\/"},"img":{"alt_text":"","src":"https:\/\/i0.wp.com\/vincentians.com\/es\/wp-content\/uploads\/sites\/11\/2016\/07\/reflexiones-palabra-de-dios.jpg?fit=1200%2C630&resize=350%2C200","width":350,"height":200,"srcset":"https:\/\/i0.wp.com\/vincentians.com\/es\/wp-content\/uploads\/sites\/11\/2016\/07\/reflexiones-palabra-de-dios.jpg?fit=1200%2C630&resize=350%2C200 1x, https:\/\/i0.wp.com\/vincentians.com\/es\/wp-content\/uploads\/sites\/11\/2016\/07\/reflexiones-palabra-de-dios.jpg?fit=1200%2C630&resize=525%2C300 1.5x, https:\/\/i0.wp.com\/vincentians.com\/es\/wp-content\/uploads\/sites\/11\/2016\/07\/reflexiones-palabra-de-dios.jpg?fit=1200%2C630&resize=700%2C400 2x, https:\/\/i0.wp.com\/vincentians.com\/es\/wp-content\/uploads\/sites\/11\/2016\/07\/reflexiones-palabra-de-dios.jpg?fit=1200%2C630&resize=1050%2C600 3x"},"classes":[]},{"id":142785,"url":"http:\/\/vincentians.com\/es\/domingo-de-resurreccion-reflexion-de-pedro-guillen-goni-c-m-3\/","url_meta":{"origin":141965,"position":4},"title":"Domingo de Resurrecci\u00f3n (reflexi\u00f3n de Pedro Guill\u00e9n Go\u00f1i, C.M.)","author":"Francisco Javier Fern\u00e1ndez Chento","date":"02\/04\/2015","format":false,"excerpt":"Iniciamos, con este domingo, el tiempo pascual, un periodo lit\u00fargico que centra nuestro itinerario espiritual en la resurrecci\u00f3n del Se\u00f1or, acontecimiento esencial, \u00fanico y prioritario, en nuestra vida de fe. \u201cSi Cristo no hubiera resucitado vana ser\u00eda nuestra fe\u201d (1 Cor 15,14). La instauraci\u00f3n del Reino de Dios, el anuncio\u2026","rel":"","context":"En \u00abHomil\u00edas y reflexiones, A\u00f1o B\u00bb","block_context":{"text":"Homil\u00edas y reflexiones, A\u00f1o B","link":"http:\/\/vincentians.com\/es\/category\/homilias-y-reflexiones-a-la-palabra-de-dios\/homilias-y-reflexiones-ano-b\/"},"img":{"alt_text":"","src":"https:\/\/i0.wp.com\/vincentians.com\/es\/wp-content\/uploads\/sites\/11\/2016\/07\/reflexiones-palabra-de-dios.jpg?fit=1200%2C630&resize=350%2C200","width":350,"height":200,"srcset":"https:\/\/i0.wp.com\/vincentians.com\/es\/wp-content\/uploads\/sites\/11\/2016\/07\/reflexiones-palabra-de-dios.jpg?fit=1200%2C630&resize=350%2C200 1x, https:\/\/i0.wp.com\/vincentians.com\/es\/wp-content\/uploads\/sites\/11\/2016\/07\/reflexiones-palabra-de-dios.jpg?fit=1200%2C630&resize=525%2C300 1.5x, https:\/\/i0.wp.com\/vincentians.com\/es\/wp-content\/uploads\/sites\/11\/2016\/07\/reflexiones-palabra-de-dios.jpg?fit=1200%2C630&resize=700%2C400 2x, https:\/\/i0.wp.com\/vincentians.com\/es\/wp-content\/uploads\/sites\/11\/2016\/07\/reflexiones-palabra-de-dios.jpg?fit=1200%2C630&resize=1050%2C600 3x"},"classes":[]},{"id":117159,"url":"http:\/\/vincentians.com\/es\/presbyterorum-ordinis\/","url_meta":{"origin":141965,"position":5},"title":"Presbyterorum ordinis","author":"Francisco Javier Fern\u00e1ndez Chento","date":"16\/04\/2013","format":false,"excerpt":"DECRETO PRESBYTERORUM ORDINIS SOBRE EL MINISTERIO Y LA VIDA DE LOS PRESB\u00cdTEROS Proemio 1. Repetidas veces ha tra\u00eddo este Sagrado Concilio a la memoria de todos la excelencia del Orden de los presb\u00edteros en la Iglesia. Y como se asignan a este Orden en la renovaci\u00f3n de la Iglesia influjos\u2026","rel":"","context":"En \u00abConcilio Vaticano II\u00bb","block_context":{"text":"Concilio Vaticano II","link":"http:\/\/vincentians.com\/es\/category\/formacion-cristiana\/concilios-ecumenicos\/concilio-vaticano-ii\/"},"img":{"alt_text":"","src":"","width":0,"height":0},"classes":[]}],"_links":{"self":[{"href":"http:\/\/vincentians.com\/es\/wp-json\/wp\/v2\/posts\/141965","targetHints":{"allow":["GET"]}}],"collection":[{"href":"http:\/\/vincentians.com\/es\/wp-json\/wp\/v2\/posts"}],"about":[{"href":"http:\/\/vincentians.com\/es\/wp-json\/wp\/v2\/types\/post"}],"author":[{"embeddable":true,"href":"http:\/\/vincentians.com\/es\/wp-json\/wp\/v2\/users\/4"}],"replies":[{"embeddable":true,"href":"http:\/\/vincentians.com\/es\/wp-json\/wp\/v2\/comments?post=141965"}],"version-history":[{"count":0,"href":"http:\/\/vincentians.com\/es\/wp-json\/wp\/v2\/posts\/141965\/revisions"}],"wp:featuredmedia":[{"embeddable":true,"href":"http:\/\/vincentians.com\/es\/wp-json\/"}],"wp:attachment":[{"href":"http:\/\/vincentians.com\/es\/wp-json\/wp\/v2\/media?parent=141965"}],"wp:term":[{"taxonomy":"category","embeddable":true,"href":"http:\/\/vincentians.com\/es\/wp-json\/wp\/v2\/categories?post=141965"},{"taxonomy":"post_tag","embeddable":true,"href":"http:\/\/vincentians.com\/es\/wp-json\/wp\/v2\/tags?post=141965"}],"curies":[{"name":"wp","href":"https:\/\/api.w.org\/{rel}","templated":true}]}}