{"id":141805,"date":"2015-03-24T01:30:55","date_gmt":"2015-03-24T00:30:55","guid":{"rendered":"http:\/\/somos.vicencianos.org\/?p=141805"},"modified":"2015-03-24T01:30:55","modified_gmt":"2015-03-24T00:30:55","slug":"amor-a-los-parientes-segun-cristo","status":"publish","type":"post","link":"http:\/\/vincentians.com\/es\/amor-a-los-parientes-segun-cristo\/","title":{"rendered":"Amor a los parientes, \u00abseg\u00fan Cristo\u00bb"},"content":{"rendered":"<p style=\"text-align: justify\">\u00abSi uno quiere ser de los m\u00edos y no me prefiere a su padre y a su madre, a su mujer y a sus hijos, a sus hermanos y hermanas, no puede ser disc\u00edpulo m\u00edo\u00bb. (Lc 14,26).<\/p>\n<p style=\"text-align: justify\">\u201cCumpliremos f\u00e1cilmente los deberes para con nuestros padres, pero con la moderaci\u00f3n necesaria para realizar nuestra misi\u00f3n y guardar la vida comunitaria\u201d (E.15,11).<\/p>\n<p style=\"text-align: justify\"><a href=\"https:\/\/i0.wp.com\/vicencianos.org\/wp-content\/2015\/03\/parientes.jpg\"><img data-recalc-dims=\"1\" loading=\"lazy\" decoding=\"async\" class=\"alignright size-medium wp-image-142022\" src=\"https:\/\/i0.wp.com\/vicencianos.org\/wp-content\/2015\/03\/parientes-288x300.jpg?resize=288%2C300\" alt=\"http:\/\/www.dreamstime.com\/stock-photography-image30936982\" width=\"288\" height=\"300\" \/><\/a>La disciplina respecto a las ayudas y visitas a padres y familiares ha variado mucho desde el tiempo de San Vicente hasta hoy; sin embargo, el consejo de Jes\u00fas a sus seguidores permanece invariable. Entonces como ahora, Jesucristo evangelizador de los pobres espera de los Misioneros el desprendimiento necesario de los pa\u00adrientes para desempe\u00f1ar fielmente las funciones apost\u00f3\u00adlicas y los compromisos de la vida en com\u00fan. El pensa\u00admiento del Fundador est\u00e1 sustancialmente recogido, por Io que al amor a los familiares se refiere, en los textos siguientes.<\/p>\n<h2 style=\"text-align: justify\"><strong>1. \u00abHemos de amarlos en nuestro Se\u00f1or\u00bb.<\/strong><\/h2>\n<p style=\"text-align: justify\">San Vicente interpreta de este modo el texto del Evangelio que encabeza la meditaci\u00f3n:<\/p>\n<p style=\"text-align: justify\"><em>\u00abCreo que nuestro Se\u00f1or lo entendi\u00f3 de esta manera: que hay que abandonar a los padres que se oponen a la felicidad de sus hijos que quieren entregarse a Dios; en este caso hay que renunciar al afecto de los Padres. Pero, me objetar\u00e9is, nuestro Se\u00f1or no lo hizo, ya que <\/em><em>vivi\u00f3 siempre con San Jos\u00e9 y la Sant\u00edsima Virgen y trat\u00f3<\/em><em> con sus parientes. S\u00ed, pero sus padres ten\u00edan<br \/>\nsiempre su entendimiento y sus deseos sujetos a este divino ni\u00f1o y sus acciones y afectos se. conformaban con la divina voluntad gracias a la sabidur\u00eda admirable y a la providencia eterna del Padre. Nuestros parientes, por <\/em><em>el contrario, muchas veces est\u00e1n lejos de esta sumisi\u00f3n a los designios de Dios y se empe\u00f1an en impedirnos que los sigamos; y entonces tenemos que odiarlos y abando\u00adnarlos. Y si no son as\u00ed, mejor entonces; hemos de amar\u00adlos en nuestro Se\u00f1or, no ya sintiendo afecto hacia ellos por ser buenos, sino porque se despegan de nosotros, para que seamos mejores siguiendo a nuestro com\u00fan Salvador, que es el \u00fanico perfecto\u00bb. (XI 515).<\/em><\/p>\n<h2 style=\"text-align: justify\"><strong>2. \u00abEn caso de extrema necesidad tienen derecho a reclamar a sus hijos\u00bb.<\/strong><\/h2>\n<p style=\"text-align: justify\"><em>Ya en tiempo de San Vicente la necesidad de los padres obligaba, por derecho natural y de la Iglesia, a que los hijos salieran incluso de las Congregaciones para poder asistirlos. San Vicente se hace cargo de esta obli\u00adgaci\u00f3n:<\/em><\/p>\n<p style=\"text-align: justify\"><em>\u00abDicen los c\u00e1nones que los padres o las madres que se encuentran en un caso de extrema necesidad tienen derecho a reclamar a sus hijos, en cualquier lugar o con\u00addici\u00f3n en que se hallen, para ser socorridos por ellos en medio de sus sufrimientos, cuando se trata de una nece\u00adsidad natural, y que los hijos pueden salirse de la Con\u00adgregaci\u00f3n, despu\u00e9s de haber pedido permiso a los supe\u00adriores, tanto si lo obtienen, como si no lo obtienen. Esto se entiende, como he dicho, en caso de verdadera nece\u00adsidad, y no de una necesidad supuesta. Por tanto, pue\u00adden salir y acudir a su lado, <\/em>y <em>volver luego al sitio o estado de donde hab\u00edan salido, tal como muchos lo han hecho; podr\u00eda poner muchos ejemplos\u00bb. (XI 515).<\/em><\/p>\n<h2 style=\"text-align: justify\"><strong>3. \u00abNo nos dejemos llevar por la pasi\u00f3n de ir a verlos\u00bb.<\/strong><\/h2>\n<p style=\"text-align: justify\">Matizando un poco lo anterior, sigue hablando cl Fundador:<\/p>\n<p style=\"text-align: justify\"><em>\u00abPero muchas veces los padres fingen que tienen necesidad de vosotros; no se sienten a gusto; les gustar\u00eda <\/em><em>estar mejor; no es la necesidad presente la que les apre\u00admia, sino el temor del futuro, por no tener confianza en Dios&#8230; Si as\u00ed es, hay que contentarse con rezar a Dios por ellos y contribuir, de la forma que se pueda, a su consuelo y alivio, para que amen y sirvan a Dios. S\u00ed, hemos de arreglar esto de forma que no nos dejemos llevar por la pasi\u00f3n de ir a verlos, ya que con el pre\u00adtexto de atender a su salvaci\u00f3n, pondr\u00edamos la nuestra en peligro, abandonar\u00edamos las ocupaciones en que Dios nos ha puesto y, en vez de renunciar a los parientes, ir\u00edamos a buscarlos, dejar\u00edamos a nuestro Se\u00f1or por ellos v entonces caer\u00edamos en el reproche que El nos dirige: <\/em>\u00abEl que ama a su padre o a su madre m\u00e1s que a m\u00ed, no es digno de m\u00ed\u00bb (Mt 10,37). <em>Fijaos; a los que quieren ser sus disc\u00edpulos les dice llanamente que tienen que apartarse del afecto a sus padres\u00bb. <\/em>(XI 515-516).<\/p>\n<ul style=\"text-align: justify\">\n<li><em>\u00bfCumplo fielmente con las obligaciones para con los padres y familiares, tal como est\u00e1 ordenado por las Constituciones, Estatutos y Normas Pro\u00advinciales?<\/em><\/li>\n<li><em>\u00bfAbandono los ministerios y la convivencia co\u00admunitaria para ir a visitar a la familia sin nece\u00adsidad y sin el debido permiso?<\/em><\/li>\n<\/ul>\n<h2 style=\"text-align: justify\">Oraci\u00f3n:<\/h2>\n<p style=\"text-align: justify\">\u00abSe\u00f1or Dios nuestro, que, por la gracia del Esp\u00edritu Santo, has infundido los dones de la caridad en el coraz\u00f3n le tus fieles, concede a nuestros familiares y amigos, por quienes te rogamos, la salud del cuerpo y del alma, para que te amen con todas sus fuerzas y realicen con genero\u00adso coraz\u00f3n todo lo que es agradable a tus ojos. Por nuestro Sentir Jesucristo\u00bb. (Mro, oraci\u00f3n por los familiares y amigos).<\/p>\n<p style=\"text-align: justify\">\n","protected":false},"excerpt":{"rendered":"<p>\u00abSi uno quiere ser de los m\u00edos y no me prefiere a su padre y a su madre, a su mujer y a sus hijos, a sus hermanos y hermanas, no puede ser disc\u00edpulo m\u00edo\u00bb. &#8230; <a href=\"http:\/\/vincentians.com\/es\/amor-a-los-parientes-segun-cristo\/\" class=\"more-link\">Read More<\/a><\/p>\n","protected":false},"author":4,"featured_media":142022,"comment_status":"open","ping_status":"closed","sticky":false,"template":"","format":"standard","meta":{"jetpack_post_was_ever_published":false,"_jetpack_newsletter_access":"","_jetpack_dont_email_post_to_subs":false,"_jetpack_newsletter_tier_id":0,"_jetpack_memberships_contains_paywalled_content":false,"_jetpack_memberships_contains_paid_content":false,"footnotes":"","jetpack_publicize_message":"","jetpack_publicize_feature_enabled":true,"jetpack_social_post_already_shared":true,"jetpack_social_options":{"image_generator_settings":{"template":"highway","default_image_id":0,"font":"","enabled":false},"version":2}},"categories":[226],"tags":[],"class_list":["post-141805","post","type-post","status-publish","format-standard","has-post-thumbnail","hentry","category-espiritualidad-vicenciana"],"yoast_head":"<!-- This site is optimized with the Yoast SEO plugin v26.3 - https:\/\/yoast.com\/wordpress\/plugins\/seo\/ -->\n<title>Amor a los parientes, \u00abseg\u00fan Cristo\u00bb - Somos Vicencianos<\/title>\n<meta name=\"robots\" content=\"index, follow, max-snippet:-1, max-image-preview:large, max-video-preview:-1\" \/>\n<link rel=\"canonical\" href=\"http:\/\/vincentians.com\/es\/amor-a-los-parientes-segun-cristo\/\" \/>\n<meta property=\"og:locale\" content=\"es_ES\" \/>\n<meta property=\"og:type\" content=\"article\" \/>\n<meta property=\"og:title\" content=\"Amor a los parientes, \u00abseg\u00fan Cristo\u00bb - Somos Vicencianos\" \/>\n<meta property=\"og:description\" content=\"\u00abSi uno quiere ser de los m\u00edos y no me prefiere a su padre y a su madre, a su mujer y a sus hijos, a sus hermanos y hermanas, no puede ser disc\u00edpulo m\u00edo\u00bb. ... Read More\" \/>\n<meta property=\"og:url\" content=\"http:\/\/vincentians.com\/es\/amor-a-los-parientes-segun-cristo\/\" \/>\n<meta property=\"og:site_name\" content=\"Somos Vicencianos\" \/>\n<meta property=\"article:publisher\" content=\"https:\/\/www.facebook.com\/WeAreVincentians\/\" \/>\n<meta property=\"article:author\" content=\"https:\/\/www.facebook.com\/JavierChento\" \/>\n<meta property=\"article:published_time\" content=\"2015-03-24T00:30:55+00:00\" \/>\n<meta name=\"author\" content=\"Francisco Javier Fern\u00e1ndez Chento\" \/>\n<meta name=\"twitter:card\" content=\"summary_large_image\" \/>\n<meta name=\"twitter:creator\" content=\"@https:\/\/twitter.com\/javierchento\" \/>\n<meta name=\"twitter:site\" content=\"@WeVincentians\" \/>\n<meta name=\"twitter:label1\" content=\"Escrito por\" \/>\n\t<meta name=\"twitter:data1\" content=\"Francisco Javier Fern\u00e1ndez Chento\" \/>\n\t<meta name=\"twitter:label2\" content=\"Tiempo de lectura\" \/>\n\t<meta name=\"twitter:data2\" content=\"5 minutos\" \/>\n<script type=\"application\/ld+json\" class=\"yoast-schema-graph\">{\"@context\":\"https:\/\/schema.org\",\"@graph\":[{\"@type\":\"Article\",\"@id\":\"http:\/\/vincentians.com\/es\/amor-a-los-parientes-segun-cristo\/#article\",\"isPartOf\":{\"@id\":\"http:\/\/vincentians.com\/es\/amor-a-los-parientes-segun-cristo\/\"},\"author\":{\"name\":\"Francisco Javier Fern\u00e1ndez Chento\",\"@id\":\"http:\/\/vincentians.com\/es\/#\/schema\/person\/9623ef4d9aa3b2dfb8c061f1499288f2\"},\"headline\":\"Amor a los parientes, \u00abseg\u00fan Cristo\u00bb\",\"datePublished\":\"2015-03-24T00:30:55+00:00\",\"mainEntityOfPage\":{\"@id\":\"http:\/\/vincentians.com\/es\/amor-a-los-parientes-segun-cristo\/\"},\"wordCount\":914,\"commentCount\":0,\"publisher\":{\"@id\":\"http:\/\/vincentians.com\/es\/#organization\"},\"image\":{\"@id\":\"http:\/\/vincentians.com\/es\/amor-a-los-parientes-segun-cristo\/#primaryimage\"},\"thumbnailUrl\":\"\",\"articleSection\":[\"Espiritualidad vicenciana\"],\"inLanguage\":\"es\",\"potentialAction\":[{\"@type\":\"CommentAction\",\"name\":\"Comment\",\"target\":[\"http:\/\/vincentians.com\/es\/amor-a-los-parientes-segun-cristo\/#respond\"]}]},{\"@type\":\"WebPage\",\"@id\":\"http:\/\/vincentians.com\/es\/amor-a-los-parientes-segun-cristo\/\",\"url\":\"http:\/\/vincentians.com\/es\/amor-a-los-parientes-segun-cristo\/\",\"name\":\"Amor a los parientes, \u00abseg\u00fan Cristo\u00bb - Somos Vicencianos\",\"isPartOf\":{\"@id\":\"http:\/\/vincentians.com\/es\/#website\"},\"primaryImageOfPage\":{\"@id\":\"http:\/\/vincentians.com\/es\/amor-a-los-parientes-segun-cristo\/#primaryimage\"},\"image\":{\"@id\":\"http:\/\/vincentians.com\/es\/amor-a-los-parientes-segun-cristo\/#primaryimage\"},\"thumbnailUrl\":\"\",\"datePublished\":\"2015-03-24T00:30:55+00:00\",\"breadcrumb\":{\"@id\":\"http:\/\/vincentians.com\/es\/amor-a-los-parientes-segun-cristo\/#breadcrumb\"},\"inLanguage\":\"es\",\"potentialAction\":[{\"@type\":\"ReadAction\",\"target\":[\"http:\/\/vincentians.com\/es\/amor-a-los-parientes-segun-cristo\/\"]}]},{\"@type\":\"ImageObject\",\"inLanguage\":\"es\",\"@id\":\"http:\/\/vincentians.com\/es\/amor-a-los-parientes-segun-cristo\/#primaryimage\",\"url\":\"\",\"contentUrl\":\"\"},{\"@type\":\"BreadcrumbList\",\"@id\":\"http:\/\/vincentians.com\/es\/amor-a-los-parientes-segun-cristo\/#breadcrumb\",\"itemListElement\":[{\"@type\":\"ListItem\",\"position\":1,\"name\":\"Portada\",\"item\":\"http:\/\/vincentians.com\/es\/\"},{\"@type\":\"ListItem\",\"position\":2,\"name\":\"Amor a los parientes, \u00abseg\u00fan Cristo\u00bb\"}]},{\"@type\":\"WebSite\",\"@id\":\"http:\/\/vincentians.com\/es\/#website\",\"url\":\"http:\/\/vincentians.com\/es\/\",\"name\":\"Somos Vicencianos\",\"description\":\"Know more to serve more\",\"publisher\":{\"@id\":\"http:\/\/vincentians.com\/es\/#organization\"},\"potentialAction\":[{\"@type\":\"SearchAction\",\"target\":{\"@type\":\"EntryPoint\",\"urlTemplate\":\"http:\/\/vincentians.com\/es\/?s={search_term_string}\"},\"query-input\":{\"@type\":\"PropertyValueSpecification\",\"valueRequired\":true,\"valueName\":\"search_term_string\"}}],\"inLanguage\":\"es\"},{\"@type\":\"Organization\",\"@id\":\"http:\/\/vincentians.com\/es\/#organization\",\"name\":\"The Vincentian Network\",\"url\":\"http:\/\/vincentians.com\/es\/\",\"logo\":{\"@type\":\"ImageObject\",\"inLanguage\":\"es\",\"@id\":\"http:\/\/vincentians.com\/es\/#\/schema\/logo\/image\/\",\"url\":\"https:\/\/i1.wp.com\/vincentians.com\/es\/wp-content\/uploads\/sites\/11\/2016\/06\/Vincentian-Network-logo-big.png?fit=778%2C778\",\"contentUrl\":\"https:\/\/i1.wp.com\/vincentians.com\/es\/wp-content\/uploads\/sites\/11\/2016\/06\/Vincentian-Network-logo-big.png?fit=778%2C778\",\"width\":778,\"height\":778,\"caption\":\"The Vincentian Network\"},\"image\":{\"@id\":\"http:\/\/vincentians.com\/es\/#\/schema\/logo\/image\/\"},\"sameAs\":[\"https:\/\/www.facebook.com\/WeAreVincentians\/\",\"https:\/\/x.com\/WeVincentians\"]},{\"@type\":\"Person\",\"@id\":\"http:\/\/vincentians.com\/es\/#\/schema\/person\/9623ef4d9aa3b2dfb8c061f1499288f2\",\"name\":\"Francisco Javier Fern\u00e1ndez Chento\",\"image\":{\"@type\":\"ImageObject\",\"inLanguage\":\"es\",\"@id\":\"http:\/\/vincentians.com\/es\/#\/schema\/person\/image\/\",\"url\":\"https:\/\/secure.gravatar.com\/avatar\/497d5cde87b4c3d097d0315953521681ba2cd523ee66e5077c3711f7021e65de?s=96&d=mm&r=g\",\"contentUrl\":\"https:\/\/secure.gravatar.com\/avatar\/497d5cde87b4c3d097d0315953521681ba2cd523ee66e5077c3711f7021e65de?s=96&d=mm&r=g\",\"caption\":\"Francisco Javier Fern\u00e1ndez Chento\"},\"description\":\"Director General y cofundador de La Red de Formaci\u00f3n Vicenciana. Javier es laico vicenciano, afiliado a la Congregaci\u00f3n de la Misi\u00f3n y miembro del Equipo de Misiones Populares de la provincia can\u00f3nica de Zaragoza (Espa\u00f1a) de la Congregaci\u00f3n de la Misi\u00f3n. Graduado en la Universidad Oberta de Catalunya con cuatro grados (Asistente de direcci\u00f3n, Gesti\u00f3n Administrativa, Recursos Humanos y Contabilidad Avanzada). Bil\u00edng\u00fce Espa\u00f1ol\/Ingl\u00e9s. gestiona y mantiene varias p\u00e1ginas web cristianas y vicencianas, incluida including La Red de Formaci\u00f3n Vicenciana, de la que es cofundador. Actualmente es responsable del \u00e1rea de Espa\u00f1ol de .famvin, la Red de Noticias de la Familia Vicenciana. Tambi\u00e9n es m\u00fasico cat\u00f3lico y ha editado varios discos. Es Director General y cofundador de Trovador, una reconocida compa\u00f1\u00eda discogr\u00e1fica critiana de Espa\u00f1a. Trabaja en las Tecnolog\u00edas de la Informaci\u00f3n, ofreciendo servicios de alojamiento, dise\u00f1o y mantenimiento Web, as\u00ed como asesoramiento, formaci\u00f3n y soluciones inform\u00e1ticas, gesti\u00f3n documental y digitalizaci\u00f3n de textos, edici\u00f3n y maquetaci\u00f3n de libros, revistas, flyers, etc.\",\"sameAs\":[\"http:\/\/chento.org\",\"https:\/\/www.facebook.com\/JavierChento\",\"https:\/\/x.com\/https:\/\/twitter.com\/javierchento\"],\"url\":\"http:\/\/vincentians.com\/es\/author\/chento\/\"}]}<\/script>\n<!-- \/ Yoast SEO plugin. -->","yoast_head_json":{"title":"Amor a los parientes, \u00abseg\u00fan Cristo\u00bb - Somos Vicencianos","robots":{"index":"index","follow":"follow","max-snippet":"max-snippet:-1","max-image-preview":"max-image-preview:large","max-video-preview":"max-video-preview:-1"},"canonical":"http:\/\/vincentians.com\/es\/amor-a-los-parientes-segun-cristo\/","og_locale":"es_ES","og_type":"article","og_title":"Amor a los parientes, \u00abseg\u00fan Cristo\u00bb - Somos Vicencianos","og_description":"\u00abSi uno quiere ser de los m\u00edos y no me prefiere a su padre y a su madre, a su mujer y a sus hijos, a sus hermanos y hermanas, no puede ser disc\u00edpulo m\u00edo\u00bb. ... Read More","og_url":"http:\/\/vincentians.com\/es\/amor-a-los-parientes-segun-cristo\/","og_site_name":"Somos Vicencianos","article_publisher":"https:\/\/www.facebook.com\/WeAreVincentians\/","article_author":"https:\/\/www.facebook.com\/JavierChento","article_published_time":"2015-03-24T00:30:55+00:00","author":"Francisco Javier Fern\u00e1ndez Chento","twitter_card":"summary_large_image","twitter_creator":"@https:\/\/twitter.com\/javierchento","twitter_site":"@WeVincentians","twitter_misc":{"Escrito por":"Francisco Javier Fern\u00e1ndez Chento","Tiempo de lectura":"5 minutos"},"schema":{"@context":"https:\/\/schema.org","@graph":[{"@type":"Article","@id":"http:\/\/vincentians.com\/es\/amor-a-los-parientes-segun-cristo\/#article","isPartOf":{"@id":"http:\/\/vincentians.com\/es\/amor-a-los-parientes-segun-cristo\/"},"author":{"name":"Francisco Javier Fern\u00e1ndez Chento","@id":"http:\/\/vincentians.com\/es\/#\/schema\/person\/9623ef4d9aa3b2dfb8c061f1499288f2"},"headline":"Amor a los parientes, \u00abseg\u00fan Cristo\u00bb","datePublished":"2015-03-24T00:30:55+00:00","mainEntityOfPage":{"@id":"http:\/\/vincentians.com\/es\/amor-a-los-parientes-segun-cristo\/"},"wordCount":914,"commentCount":0,"publisher":{"@id":"http:\/\/vincentians.com\/es\/#organization"},"image":{"@id":"http:\/\/vincentians.com\/es\/amor-a-los-parientes-segun-cristo\/#primaryimage"},"thumbnailUrl":"","articleSection":["Espiritualidad vicenciana"],"inLanguage":"es","potentialAction":[{"@type":"CommentAction","name":"Comment","target":["http:\/\/vincentians.com\/es\/amor-a-los-parientes-segun-cristo\/#respond"]}]},{"@type":"WebPage","@id":"http:\/\/vincentians.com\/es\/amor-a-los-parientes-segun-cristo\/","url":"http:\/\/vincentians.com\/es\/amor-a-los-parientes-segun-cristo\/","name":"Amor a los parientes, \u00abseg\u00fan Cristo\u00bb - Somos Vicencianos","isPartOf":{"@id":"http:\/\/vincentians.com\/es\/#website"},"primaryImageOfPage":{"@id":"http:\/\/vincentians.com\/es\/amor-a-los-parientes-segun-cristo\/#primaryimage"},"image":{"@id":"http:\/\/vincentians.com\/es\/amor-a-los-parientes-segun-cristo\/#primaryimage"},"thumbnailUrl":"","datePublished":"2015-03-24T00:30:55+00:00","breadcrumb":{"@id":"http:\/\/vincentians.com\/es\/amor-a-los-parientes-segun-cristo\/#breadcrumb"},"inLanguage":"es","potentialAction":[{"@type":"ReadAction","target":["http:\/\/vincentians.com\/es\/amor-a-los-parientes-segun-cristo\/"]}]},{"@type":"ImageObject","inLanguage":"es","@id":"http:\/\/vincentians.com\/es\/amor-a-los-parientes-segun-cristo\/#primaryimage","url":"","contentUrl":""},{"@type":"BreadcrumbList","@id":"http:\/\/vincentians.com\/es\/amor-a-los-parientes-segun-cristo\/#breadcrumb","itemListElement":[{"@type":"ListItem","position":1,"name":"Portada","item":"http:\/\/vincentians.com\/es\/"},{"@type":"ListItem","position":2,"name":"Amor a los parientes, \u00abseg\u00fan Cristo\u00bb"}]},{"@type":"WebSite","@id":"http:\/\/vincentians.com\/es\/#website","url":"http:\/\/vincentians.com\/es\/","name":"Somos Vicencianos","description":"Know more to serve more","publisher":{"@id":"http:\/\/vincentians.com\/es\/#organization"},"potentialAction":[{"@type":"SearchAction","target":{"@type":"EntryPoint","urlTemplate":"http:\/\/vincentians.com\/es\/?s={search_term_string}"},"query-input":{"@type":"PropertyValueSpecification","valueRequired":true,"valueName":"search_term_string"}}],"inLanguage":"es"},{"@type":"Organization","@id":"http:\/\/vincentians.com\/es\/#organization","name":"The Vincentian Network","url":"http:\/\/vincentians.com\/es\/","logo":{"@type":"ImageObject","inLanguage":"es","@id":"http:\/\/vincentians.com\/es\/#\/schema\/logo\/image\/","url":"https:\/\/i1.wp.com\/vincentians.com\/es\/wp-content\/uploads\/sites\/11\/2016\/06\/Vincentian-Network-logo-big.png?fit=778%2C778","contentUrl":"https:\/\/i1.wp.com\/vincentians.com\/es\/wp-content\/uploads\/sites\/11\/2016\/06\/Vincentian-Network-logo-big.png?fit=778%2C778","width":778,"height":778,"caption":"The Vincentian Network"},"image":{"@id":"http:\/\/vincentians.com\/es\/#\/schema\/logo\/image\/"},"sameAs":["https:\/\/www.facebook.com\/WeAreVincentians\/","https:\/\/x.com\/WeVincentians"]},{"@type":"Person","@id":"http:\/\/vincentians.com\/es\/#\/schema\/person\/9623ef4d9aa3b2dfb8c061f1499288f2","name":"Francisco Javier Fern\u00e1ndez Chento","image":{"@type":"ImageObject","inLanguage":"es","@id":"http:\/\/vincentians.com\/es\/#\/schema\/person\/image\/","url":"https:\/\/secure.gravatar.com\/avatar\/497d5cde87b4c3d097d0315953521681ba2cd523ee66e5077c3711f7021e65de?s=96&d=mm&r=g","contentUrl":"https:\/\/secure.gravatar.com\/avatar\/497d5cde87b4c3d097d0315953521681ba2cd523ee66e5077c3711f7021e65de?s=96&d=mm&r=g","caption":"Francisco Javier Fern\u00e1ndez Chento"},"description":"Director General y cofundador de La Red de Formaci\u00f3n Vicenciana. Javier es laico vicenciano, afiliado a la Congregaci\u00f3n de la Misi\u00f3n y miembro del Equipo de Misiones Populares de la provincia can\u00f3nica de Zaragoza (Espa\u00f1a) de la Congregaci\u00f3n de la Misi\u00f3n. Graduado en la Universidad Oberta de Catalunya con cuatro grados (Asistente de direcci\u00f3n, Gesti\u00f3n Administrativa, Recursos Humanos y Contabilidad Avanzada). Bil\u00edng\u00fce Espa\u00f1ol\/Ingl\u00e9s. gestiona y mantiene varias p\u00e1ginas web cristianas y vicencianas, incluida including La Red de Formaci\u00f3n Vicenciana, de la que es cofundador. Actualmente es responsable del \u00e1rea de Espa\u00f1ol de .famvin, la Red de Noticias de la Familia Vicenciana. Tambi\u00e9n es m\u00fasico cat\u00f3lico y ha editado varios discos. Es Director General y cofundador de Trovador, una reconocida compa\u00f1\u00eda discogr\u00e1fica critiana de Espa\u00f1a. Trabaja en las Tecnolog\u00edas de la Informaci\u00f3n, ofreciendo servicios de alojamiento, dise\u00f1o y mantenimiento Web, as\u00ed como asesoramiento, formaci\u00f3n y soluciones inform\u00e1ticas, gesti\u00f3n documental y digitalizaci\u00f3n de textos, edici\u00f3n y maquetaci\u00f3n de libros, revistas, flyers, etc.","sameAs":["http:\/\/chento.org","https:\/\/www.facebook.com\/JavierChento","https:\/\/x.com\/https:\/\/twitter.com\/javierchento"],"url":"http:\/\/vincentians.com\/es\/author\/chento\/"}]}},"jetpack_publicize_connections":[],"jetpack_featured_media_url":"","jetpack_sharing_enabled":true,"jetpack_shortlink":"https:\/\/wp.me\/p7ETMF-ATb","jetpack-related-posts":[{"id":12242,"url":"http:\/\/vincentians.com\/es\/vicente-de-paul-conferencia-072-repeticion-de-la-oracion-del-16-de-marzo-de-1656\/","url_meta":{"origin":141805,"position":0},"title":"Vicente de Pa\u00fal, Conferencia 072: Repetici\u00f3n De La Oraci\u00f3n Del 16 De Marzo De 1656","author":"Francisco Javier Fern\u00e1ndez Chento","date":"10\/08\/2009","format":false,"excerpt":"Hay que tomar la comida en el refectorio. No buscar las comodidades. Pobreza de la familia del padre Vicente. No invitar a comer a personas extra\u00f1as. Alimentar bien a los pensionistas. Despu\u00e9s que uno de los hermanos coadjutores encargado de la cocina hubo repetido su oraci\u00f3n, tom\u00f3 la palabra el\u2026","rel":"","context":"En \u00abEscritos de Vicente de Pa\u00fal\u00bb","block_context":{"text":"Escritos de Vicente de Pa\u00fal","link":"http:\/\/vincentians.com\/es\/category\/escritos\/escritos-de-vicente-de-paul\/"},"img":{"alt_text":"","src":"https:\/\/i0.wp.com\/vincentians.com\/es\/wp-content\/uploads\/sites\/11\/2016\/07\/escritos-vicente-de-paul.jpg?fit=1200%2C630&resize=350%2C200","width":350,"height":200,"srcset":"https:\/\/i0.wp.com\/vincentians.com\/es\/wp-content\/uploads\/sites\/11\/2016\/07\/escritos-vicente-de-paul.jpg?fit=1200%2C630&resize=350%2C200 1x, https:\/\/i0.wp.com\/vincentians.com\/es\/wp-content\/uploads\/sites\/11\/2016\/07\/escritos-vicente-de-paul.jpg?fit=1200%2C630&resize=525%2C300 1.5x, https:\/\/i0.wp.com\/vincentians.com\/es\/wp-content\/uploads\/sites\/11\/2016\/07\/escritos-vicente-de-paul.jpg?fit=1200%2C630&resize=700%2C400 2x, https:\/\/i0.wp.com\/vincentians.com\/es\/wp-content\/uploads\/sites\/11\/2016\/07\/escritos-vicente-de-paul.jpg?fit=1200%2C630&resize=1050%2C600 3x"},"classes":[]},{"id":126880,"url":"http:\/\/vincentians.com\/es\/vicente-de-paul-carta-1221-a-bernardo-codoing-superior-de-richelieu\/","url_meta":{"origin":141805,"position":1},"title":"Vicente de Pa\u00fal, Carta 1221: A Bernardo Codoing, Superior De Richelieu","author":"Francisco Javier Fern\u00e1ndez Chento","date":"31\/01\/2014","format":false,"excerpt":"18 diciembre 1649. Cre\u00eda que el hermano Admirault se atendr\u00eda a lo que le dije por medio del padre Benito, que nosotros seguimos el consejo del evangelio de no volver a casa de nuestros parientes despu\u00e9s de haber]os dejado para seguir a Nuestro Se\u00f1or. Ya sabe usted lo que \u00e9l\u2026","rel":"","context":"En \u00abEscritos de Vicente de Pa\u00fal\u00bb","block_context":{"text":"Escritos de Vicente de Pa\u00fal","link":"http:\/\/vincentians.com\/es\/category\/escritos\/escritos-de-vicente-de-paul\/"},"img":{"alt_text":"","src":"https:\/\/i0.wp.com\/vincentians.com\/es\/wp-content\/uploads\/sites\/11\/2016\/07\/escritos-vicente-de-paul.jpg?fit=1200%2C630&resize=350%2C200","width":350,"height":200,"srcset":"https:\/\/i0.wp.com\/vincentians.com\/es\/wp-content\/uploads\/sites\/11\/2016\/07\/escritos-vicente-de-paul.jpg?fit=1200%2C630&resize=350%2C200 1x, https:\/\/i0.wp.com\/vincentians.com\/es\/wp-content\/uploads\/sites\/11\/2016\/07\/escritos-vicente-de-paul.jpg?fit=1200%2C630&resize=525%2C300 1.5x, https:\/\/i0.wp.com\/vincentians.com\/es\/wp-content\/uploads\/sites\/11\/2016\/07\/escritos-vicente-de-paul.jpg?fit=1200%2C630&resize=700%2C400 2x, https:\/\/i0.wp.com\/vincentians.com\/es\/wp-content\/uploads\/sites\/11\/2016\/07\/escritos-vicente-de-paul.jpg?fit=1200%2C630&resize=1050%2C600 3x"},"classes":[]},{"id":28278,"url":"http:\/\/vincentians.com\/es\/vicente-de-paul-carta-0497-a-pedro-escart\/","url_meta":{"origin":141805,"position":2},"title":"Vicente de Pa\u00fal, Carta 0497: A Pedro Escart","author":"Francisco Javier Fern\u00e1ndez Chento","date":"02\/02\/2011","format":false,"excerpt":"Par\u00eds, 26 de agosto de 1640 Padre: \u00a1La gracia de nuestro Se\u00f1or sea siempre con nosotros! Aunque ya le escrib\u00ed largo y tendido hace alrededor de un mes, no quiero dejar que pase esta ocasi\u00f3n para ponerle unas l\u00edneas y decirle que le recuerdo con cari\u00f1o y que pienso con\u2026","rel":"","context":"En \u00abEscritos de Vicente de Pa\u00fal\u00bb","block_context":{"text":"Escritos de Vicente de Pa\u00fal","link":"http:\/\/vincentians.com\/es\/category\/escritos\/escritos-de-vicente-de-paul\/"},"img":{"alt_text":"","src":"https:\/\/i0.wp.com\/vincentians.com\/es\/wp-content\/uploads\/sites\/11\/2016\/07\/escritos-vicente-de-paul.jpg?fit=1200%2C630&resize=350%2C200","width":350,"height":200,"srcset":"https:\/\/i0.wp.com\/vincentians.com\/es\/wp-content\/uploads\/sites\/11\/2016\/07\/escritos-vicente-de-paul.jpg?fit=1200%2C630&resize=350%2C200 1x, https:\/\/i0.wp.com\/vincentians.com\/es\/wp-content\/uploads\/sites\/11\/2016\/07\/escritos-vicente-de-paul.jpg?fit=1200%2C630&resize=525%2C300 1.5x, https:\/\/i0.wp.com\/vincentians.com\/es\/wp-content\/uploads\/sites\/11\/2016\/07\/escritos-vicente-de-paul.jpg?fit=1200%2C630&resize=700%2C400 2x, https:\/\/i0.wp.com\/vincentians.com\/es\/wp-content\/uploads\/sites\/11\/2016\/07\/escritos-vicente-de-paul.jpg?fit=1200%2C630&resize=1050%2C600 3x"},"classes":[]},{"id":142206,"url":"http:\/\/vincentians.com\/es\/generosos-con-los-pobres-y-companeros\/","url_meta":{"origin":141805,"position":3},"title":"Generosos con los pobres y compa\u00f1eros","author":"Francisco Javier Fern\u00e1ndez Chento","date":"04\/04\/2015","format":false,"excerpt":"No os olvid\u00e9is de distribuir vuestros bienes y de hacer eI bien, que tales sacrificios son los que agradan a Dios\u00bb. IIII, 13,16). \u00abConforme al Estatuto Fun\u00addamental del voto de pobre\u00adza en la Congregaci\u00f3n, emplearemos los bienes propios, con permiso del Superior, en obras de caridad y en favor de\u2026","rel":"","context":"En \u00abEspiritualidad vicenciana\u00bb","block_context":{"text":"Espiritualidad vicenciana","link":"http:\/\/vincentians.com\/es\/category\/espiritualidad\/espiritualidad-vicenciana\/"},"img":{"alt_text":"asd","src":"https:\/\/i0.wp.com\/vicencianos.org\/wp-content\/2015\/03\/asd20.jpg?resize=350%2C200","width":350,"height":200},"classes":[]},{"id":103909,"url":"http:\/\/vincentians.com\/es\/luisa-de-marillac-carta-0643-al-senor-vicente\/","url_meta":{"origin":141805,"position":4},"title":"Luisa de Marillac, Carta 0643: Al se\u00f1or Vicente","author":"Francisco Javier Fern\u00e1ndez Chento","date":"19\/09\/2012","format":false,"excerpt":"[septiembre 1658] Necesito consolarme con su caridad, mi muy Honorable Padre, de la p\u00e9rdida de nuestra pobre Sor Juana Bautista, por mi culpa, al no haberme atrevido a hablarle claro de la mala conducta en lo que ha pasado en el nombre de Jes\u00fas, de lo que ella ha sufrido\u2026","rel":"","context":"En \u00abEscritos de Luisa de Marillac\u00bb","block_context":{"text":"Escritos de Luisa de Marillac","link":"http:\/\/vincentians.com\/es\/category\/escritos\/escritos-de-luisa-de-marillac\/"},"img":{"alt_text":"","src":"https:\/\/i0.wp.com\/vincentians.com\/es\/wp-content\/uploads\/sites\/11\/2016\/07\/escritos-luisa-de-marillac.jpg?fit=1200%2C630&resize=350%2C200","width":350,"height":200,"srcset":"https:\/\/i0.wp.com\/vincentians.com\/es\/wp-content\/uploads\/sites\/11\/2016\/07\/escritos-luisa-de-marillac.jpg?fit=1200%2C630&resize=350%2C200 1x, https:\/\/i0.wp.com\/vincentians.com\/es\/wp-content\/uploads\/sites\/11\/2016\/07\/escritos-luisa-de-marillac.jpg?fit=1200%2C630&resize=525%2C300 1.5x, https:\/\/i0.wp.com\/vincentians.com\/es\/wp-content\/uploads\/sites\/11\/2016\/07\/escritos-luisa-de-marillac.jpg?fit=1200%2C630&resize=700%2C400 2x, https:\/\/i0.wp.com\/vincentians.com\/es\/wp-content\/uploads\/sites\/11\/2016\/07\/escritos-luisa-de-marillac.jpg?fit=1200%2C630&resize=1050%2C600 3x"},"classes":[]},{"id":131351,"url":"http:\/\/vincentians.com\/es\/el-senor-vicente-evolucion-de-un-santo-v\/","url_meta":{"origin":141805,"position":5},"title":"El se\u00f1or Vicente, evoluci\u00f3n de un santo (V)","author":"Francisco Javier Fern\u00e1ndez Chento","date":"26\/09\/2014","format":false,"excerpt":"5. El problema del Edipo 1. Entrada de Vicente de Pa\u00fal en Par\u00eds.- 2. El complejo de Edipo eternizado.- 3. Padre e hijo.- 4. Carta a su madre.- 5. Regresi\u00f3n.- 6. Las cartas traicioneras.- 7. Introversi\u00f3n.- 8. El caso del se\u00f1or Vicente.- 9- Castas fantas\u00edas.- 10. Triunfo sobre el rival.-\u2026","rel":"","context":"En \u00abVicente de Pa\u00fal\u00bb","block_context":{"text":"Vicente de Pa\u00fal","link":"http:\/\/vincentians.com\/es\/category\/la-familia-vicenciana\/fundadores\/vicente-de-paul\/"},"img":{"alt_text":"coraz\u00f3n","src":"https:\/\/i0.wp.com\/vicencianos.org\/wp-content\/2014\/03\/coraz%C3%B3n.jpg?resize=350%2C200","width":350,"height":200},"classes":[]}],"_links":{"self":[{"href":"http:\/\/vincentians.com\/es\/wp-json\/wp\/v2\/posts\/141805","targetHints":{"allow":["GET"]}}],"collection":[{"href":"http:\/\/vincentians.com\/es\/wp-json\/wp\/v2\/posts"}],"about":[{"href":"http:\/\/vincentians.com\/es\/wp-json\/wp\/v2\/types\/post"}],"author":[{"embeddable":true,"href":"http:\/\/vincentians.com\/es\/wp-json\/wp\/v2\/users\/4"}],"replies":[{"embeddable":true,"href":"http:\/\/vincentians.com\/es\/wp-json\/wp\/v2\/comments?post=141805"}],"version-history":[{"count":0,"href":"http:\/\/vincentians.com\/es\/wp-json\/wp\/v2\/posts\/141805\/revisions"}],"wp:featuredmedia":[{"embeddable":true,"href":"http:\/\/vincentians.com\/es\/wp-json\/"}],"wp:attachment":[{"href":"http:\/\/vincentians.com\/es\/wp-json\/wp\/v2\/media?parent=141805"}],"wp:term":[{"taxonomy":"category","embeddable":true,"href":"http:\/\/vincentians.com\/es\/wp-json\/wp\/v2\/categories?post=141805"},{"taxonomy":"post_tag","embeddable":true,"href":"http:\/\/vincentians.com\/es\/wp-json\/wp\/v2\/tags?post=141805"}],"curies":[{"name":"wp","href":"https:\/\/api.w.org\/{rel}","templated":true}]}}