{"id":141794,"date":"2015-03-20T08:24:04","date_gmt":"2015-03-20T07:24:04","guid":{"rendered":"http:\/\/somos.vicencianos.org\/?p=141794"},"modified":"2015-03-20T08:24:04","modified_gmt":"2015-03-20T07:24:04","slug":"intercesores-de-los-hermanos-difuntos","status":"publish","type":"post","link":"http:\/\/vincentians.com\/es\/intercesores-de-los-hermanos-difuntos\/","title":{"rendered":"Intercesores de los hermanos difuntos"},"content":{"rendered":"<p style=\"text-align: justify\"><a href=\"http:\/\/vicencianos.org\/blog\/intercesores-de-los-hermanos-difuntos\/asd-26\/\" rel=\"attachment wp-att-141797\"><img data-recalc-dims=\"1\" loading=\"lazy\" decoding=\"async\" class=\"alignleft  wp-image-141797\" src=\"https:\/\/i0.wp.com\/vicencianos.org\/wp-content\/2015\/03\/asd9.jpg?resize=225%2C266\" alt=\"asd\" width=\"225\" height=\"266\" \/><\/a>\u00abYo soy la resurrecci\u00f3n y la vida. El que tiene fe en m\u00ed, aunque muera, vivir\u00e1; y todo el que est\u00e1 vivo y tiene fe en m\u00ed, no morir\u00e1 nunca\u00bb. (In 11,25-26).<\/p>\n<p style=\"text-align: justify\">Cuando mor\u00eda alg\u00fan misionero, el Fundador de la Congregaci\u00f3n sol\u00eda pedir oraciones a la comunidad por el eterno descanso del fallecido; dedicaba, adem\u00e1s, algu\u00adnas conferencias para resaltar las virtudes en que hab\u00eda destacado el difunto; comunicaba tambi\u00e9n la noticia al resto de las comunidades de la Compa\u00f1\u00eda. Se serv\u00eda San Vicente de todos estos medios para animar a los Misio\u00adneros en la vocaci\u00f3n apost\u00f3lica y en la adquisici\u00f3n de la santidad cristiana.<\/p>\n<h2 style=\"text-align: justify\"><strong>1. \u00abDeseo que esto se conserve dentro de la humildad y de la caridad cristiana\u00bb.<\/strong><\/h2>\n<p style=\"text-align: justify\">La tradici\u00f3n, que se ha mantenido ininterrumpida\u00admente en la Congregaci\u00f3n, de dar a conocer la noticia del fallecimiento de cualquier cohermano, se apoya en la voluntad expresa de San Vicente. Con motivo de la muerte del padre De la Salle, escrib\u00eda el Santo Fun\u00addador:<\/p>\n<p style=\"text-align: justify\"><em>\u00abHab\u00eda <\/em><em>tenido siempre miedo a morir; pero desde <\/em><em>el principio empez\u00f3 a considerar la <\/em><em>muerte <\/em><em>con <\/em><em>agrado, Porque hab\u00eda o\u00eddo decir <\/em><em>que Dios <\/em><em>quita al final el temor de la muerte a <\/em><em>los que lo tuvieron durante su <\/em><em>vida <\/em>y <em>ejercitaron la caridad <\/em><em>con los pobres. No <\/em><em>puedo <\/em><em>expresarle <\/em><em>los <\/em><em>sentimientos de devoci\u00f3n que ha dejado en la comunidad. <\/em><em>Estaba <\/em><em>por entonces en el <\/em><em>retiro <\/em>y, <em>en la repetici\u00f3n de oraci\u00f3n, cada uno dec\u00eda lo m\u00e1s edificante <\/em><em>que le hab\u00eda o\u00eddo decir y refer\u00eda las virtudes que le ha\u00adb\u00eda visto practicar; lo cual nos ha dado tema por tener algunas conferencias sobre lo mismo. Yo ten\u00eda alguna dificultad; pero considerando que el esp\u00edritu de la Igle\u00adsia es pensar en las virtudes de los que han muerto en el Se\u00f1or y que por eso ha establecido notarios que re\u00adcojan y manifiesten los combates de los m\u00e1rtires y las santas acciones de los confesores&#8230;, he cre\u00eddo que po\u00addr\u00edamos tambi\u00e9n nosotros hacerlo \u00fatilmente y he sen\u00adtido gran consuelo. Deseo incluso que esto se conserve dentro de la humildad y caridad cristiana. Me parece que hay motivos para esperar que algunos se corregi\u00adr\u00e1n de sus defectos y otros se animar\u00e1n en la virtud\u00bb. <\/em>(I 577).<\/p>\n<h2 style=\"text-align: justify\"><strong>2. \u00abPoseen ya en Dios la vida verdadera\u00bb.<\/strong><\/h2>\n<p style=\"text-align: justify\">La muerte de nuestros hermanos difuntos nos hace pensar en la nuestra, que sobrevendr\u00e1 cuando se llene el cupo de nuestros d\u00edas, conocido por el Se\u00f1or, due\u00f1o de la vida <em>y <\/em>de la muerte. Pero \u00e9sta ha sido siempre <em>y <\/em>lo ser\u00e1 un gran misterio para el hombre, en quien fra\u00adcasa toda imaginaci\u00f3n:<\/p>\n<p style=\"text-align: justify\"><em>\u00abLa fe cristiana ense\u00f1a que la muerte corporal, que entr\u00f3 en la historia a consecuencia del pecado, ser\u00e1 vencida, cuando el omnipotente y misericordioso Salva\u00addor restituya al hombre en el estado de salvaci\u00f3n per\u00addida por el pecado. Dios ha llamado y llamado al hom\u00adbre a adherirse a El con la total plenitud de su ser en la perpetua comuni\u00f3n de la incorruptible vida divina. Ha sido Cristo resucitado, el que ha ganado esta victoria para el hombre, libr\u00e1ndolo de la muerte, con su pro <\/em><em>pia <\/em><em>muerte. Para todo hombre que reflexione, la fe, apoyada en s\u00f3lidos argumentos, responde satisfactoriamente al interrogante angustioso sobre el destino futuro del hombre, y al mismo tiempo ofrece la posibilidad de una comuni\u00f3n con nuestros queridos hermanos arrebat<\/em><em>ados por la muerte, d\u00e1ndonos la esperanza de que po\u00adseen ya en Dios la vida verdadera\u00bb. <\/em>(GS 18).<\/p>\n<h2 style=\"text-align: justify\"><strong>3. \u00abGozo eterno y absoluto\u00bb.<\/strong><\/h2>\n<p style=\"text-align: justify\">El mundo de hoy necesita, acaso m\u00e1s que nunca, de un testimonio de esperanza ante la vida futura. Los consagrados a Dios para evangelizar a los pobres son, sin duda alguna, los que han de ofrecer este testimonio alegre y vivificador de liberaci\u00f3n total:<\/p>\n<p style=\"text-align: justify\"><em>\u00abLa Iglesia, en el decurso de la historia, no ha ce\u00adsado de ser vivificada y de alegrarse por la santidad de tantos religiosos y religiosas que, en la diversidad de sus vocaciones, fueron testimonios vivientes de un amor sin l\u00edmites y de Jesucristo. Esta gracia, \u00bfno es para el hombre de hoy como un soplo vivificador venido desde lo infinito, como una liberaci\u00f3n de s\u00ed mismo en la pers\u00adpectiva de un gozo eterno y absoluto?\u00bb. <\/em>(ET 53).<\/p>\n<ul style=\"text-align: justify\">\n<li><em>\u00bfOfrezco con caridad cristiana los sufragios por mis hermanos difuntos?<\/em><\/li>\n<li><em>\u00bfTrato de imitar los buenos ejemplos de tantos misioneros que entregaron su vida por Jesucris\u00adto y por la salvaci\u00f3n de los hombres?<\/em><\/li>\n<li><em>\u00bfMe preparo a bien morir como hac\u00eda y aconse\u00adjaba con frecuencia San Vicente?<\/em><\/li>\n<\/ul>\n<h2 style=\"text-align: justify\">Oraci\u00f3n:<\/h2>\n<p>\u00abImploramos humildemente tu misericordia, Se\u00f1or, para que nuestros hermanos que entregaron su vida al servicio del Evangelio y de los pobres, alcancen el premio de tu reino. Por nuestro Se\u00f1or Jesucristo\u00bb. (Mro, por los difuntos que trabajaron en el servicio del evangelio).<\/p>\n","protected":false},"excerpt":{"rendered":"<p>\u00abYo soy la resurrecci\u00f3n y la vida. El que tiene fe en m\u00ed, aunque muera, vivir\u00e1; y todo el que est\u00e1 vivo y tiene fe en m\u00ed, no morir\u00e1 nunca\u00bb. (In 11,25-26). Cuando mor\u00eda alg\u00fan &#8230; <a href=\"http:\/\/vincentians.com\/es\/intercesores-de-los-hermanos-difuntos\/\" class=\"more-link\">Read More<\/a><\/p>\n","protected":false},"author":4,"featured_media":141797,"comment_status":"open","ping_status":"closed","sticky":false,"template":"","format":"standard","meta":{"jetpack_post_was_ever_published":false,"_jetpack_newsletter_access":"","_jetpack_dont_email_post_to_subs":false,"_jetpack_newsletter_tier_id":0,"_jetpack_memberships_contains_paywalled_content":false,"_jetpack_memberships_contains_paid_content":false,"footnotes":"","jetpack_publicize_message":"","jetpack_publicize_feature_enabled":true,"jetpack_social_post_already_shared":true,"jetpack_social_options":{"image_generator_settings":{"template":"highway","default_image_id":0,"font":"","enabled":false},"version":2}},"categories":[226],"tags":[],"class_list":["post-141794","post","type-post","status-publish","format-standard","has-post-thumbnail","hentry","category-espiritualidad-vicenciana"],"yoast_head":"<!-- This site is optimized with the Yoast SEO plugin v26.3 - https:\/\/yoast.com\/wordpress\/plugins\/seo\/ -->\n<title>Intercesores de los hermanos difuntos - Somos Vicencianos<\/title>\n<meta name=\"robots\" content=\"index, follow, max-snippet:-1, max-image-preview:large, max-video-preview:-1\" \/>\n<link rel=\"canonical\" href=\"http:\/\/vincentians.com\/es\/intercesores-de-los-hermanos-difuntos\/\" \/>\n<meta property=\"og:locale\" content=\"es_ES\" \/>\n<meta property=\"og:type\" content=\"article\" \/>\n<meta property=\"og:title\" content=\"Intercesores de los hermanos difuntos - Somos Vicencianos\" \/>\n<meta property=\"og:description\" content=\"\u00abYo soy la resurrecci\u00f3n y la vida. El que tiene fe en m\u00ed, aunque muera, vivir\u00e1; y todo el que est\u00e1 vivo y tiene fe en m\u00ed, no morir\u00e1 nunca\u00bb. (In 11,25-26). Cuando mor\u00eda alg\u00fan ... Read More\" \/>\n<meta property=\"og:url\" content=\"http:\/\/vincentians.com\/es\/intercesores-de-los-hermanos-difuntos\/\" \/>\n<meta property=\"og:site_name\" content=\"Somos Vicencianos\" \/>\n<meta property=\"article:publisher\" content=\"https:\/\/www.facebook.com\/WeAreVincentians\/\" \/>\n<meta property=\"article:author\" content=\"https:\/\/www.facebook.com\/JavierChento\" \/>\n<meta property=\"article:published_time\" content=\"2015-03-20T07:24:04+00:00\" \/>\n<meta name=\"author\" content=\"Francisco Javier Fern\u00e1ndez Chento\" \/>\n<meta name=\"twitter:card\" content=\"summary_large_image\" \/>\n<meta name=\"twitter:creator\" content=\"@https:\/\/twitter.com\/javierchento\" \/>\n<meta name=\"twitter:site\" content=\"@WeVincentians\" \/>\n<meta name=\"twitter:label1\" content=\"Escrito por\" \/>\n\t<meta name=\"twitter:data1\" content=\"Francisco Javier Fern\u00e1ndez Chento\" \/>\n\t<meta name=\"twitter:label2\" content=\"Tiempo de lectura\" \/>\n\t<meta name=\"twitter:data2\" content=\"4 minutos\" \/>\n<script type=\"application\/ld+json\" class=\"yoast-schema-graph\">{\"@context\":\"https:\/\/schema.org\",\"@graph\":[{\"@type\":\"Article\",\"@id\":\"http:\/\/vincentians.com\/es\/intercesores-de-los-hermanos-difuntos\/#article\",\"isPartOf\":{\"@id\":\"http:\/\/vincentians.com\/es\/intercesores-de-los-hermanos-difuntos\/\"},\"author\":{\"name\":\"Francisco Javier Fern\u00e1ndez Chento\",\"@id\":\"http:\/\/vincentians.com\/es\/#\/schema\/person\/9623ef4d9aa3b2dfb8c061f1499288f2\"},\"headline\":\"Intercesores de los hermanos difuntos\",\"datePublished\":\"2015-03-20T07:24:04+00:00\",\"mainEntityOfPage\":{\"@id\":\"http:\/\/vincentians.com\/es\/intercesores-de-los-hermanos-difuntos\/\"},\"wordCount\":855,\"commentCount\":0,\"publisher\":{\"@id\":\"http:\/\/vincentians.com\/es\/#organization\"},\"image\":{\"@id\":\"http:\/\/vincentians.com\/es\/intercesores-de-los-hermanos-difuntos\/#primaryimage\"},\"thumbnailUrl\":\"\",\"articleSection\":[\"Espiritualidad vicenciana\"],\"inLanguage\":\"es\",\"potentialAction\":[{\"@type\":\"CommentAction\",\"name\":\"Comment\",\"target\":[\"http:\/\/vincentians.com\/es\/intercesores-de-los-hermanos-difuntos\/#respond\"]}]},{\"@type\":\"WebPage\",\"@id\":\"http:\/\/vincentians.com\/es\/intercesores-de-los-hermanos-difuntos\/\",\"url\":\"http:\/\/vincentians.com\/es\/intercesores-de-los-hermanos-difuntos\/\",\"name\":\"Intercesores de los hermanos difuntos - Somos Vicencianos\",\"isPartOf\":{\"@id\":\"http:\/\/vincentians.com\/es\/#website\"},\"primaryImageOfPage\":{\"@id\":\"http:\/\/vincentians.com\/es\/intercesores-de-los-hermanos-difuntos\/#primaryimage\"},\"image\":{\"@id\":\"http:\/\/vincentians.com\/es\/intercesores-de-los-hermanos-difuntos\/#primaryimage\"},\"thumbnailUrl\":\"\",\"datePublished\":\"2015-03-20T07:24:04+00:00\",\"breadcrumb\":{\"@id\":\"http:\/\/vincentians.com\/es\/intercesores-de-los-hermanos-difuntos\/#breadcrumb\"},\"inLanguage\":\"es\",\"potentialAction\":[{\"@type\":\"ReadAction\",\"target\":[\"http:\/\/vincentians.com\/es\/intercesores-de-los-hermanos-difuntos\/\"]}]},{\"@type\":\"ImageObject\",\"inLanguage\":\"es\",\"@id\":\"http:\/\/vincentians.com\/es\/intercesores-de-los-hermanos-difuntos\/#primaryimage\",\"url\":\"\",\"contentUrl\":\"\"},{\"@type\":\"BreadcrumbList\",\"@id\":\"http:\/\/vincentians.com\/es\/intercesores-de-los-hermanos-difuntos\/#breadcrumb\",\"itemListElement\":[{\"@type\":\"ListItem\",\"position\":1,\"name\":\"Portada\",\"item\":\"http:\/\/vincentians.com\/es\/\"},{\"@type\":\"ListItem\",\"position\":2,\"name\":\"Intercesores de los hermanos difuntos\"}]},{\"@type\":\"WebSite\",\"@id\":\"http:\/\/vincentians.com\/es\/#website\",\"url\":\"http:\/\/vincentians.com\/es\/\",\"name\":\"Somos Vicencianos\",\"description\":\"Know more to serve more\",\"publisher\":{\"@id\":\"http:\/\/vincentians.com\/es\/#organization\"},\"potentialAction\":[{\"@type\":\"SearchAction\",\"target\":{\"@type\":\"EntryPoint\",\"urlTemplate\":\"http:\/\/vincentians.com\/es\/?s={search_term_string}\"},\"query-input\":{\"@type\":\"PropertyValueSpecification\",\"valueRequired\":true,\"valueName\":\"search_term_string\"}}],\"inLanguage\":\"es\"},{\"@type\":\"Organization\",\"@id\":\"http:\/\/vincentians.com\/es\/#organization\",\"name\":\"The Vincentian Network\",\"url\":\"http:\/\/vincentians.com\/es\/\",\"logo\":{\"@type\":\"ImageObject\",\"inLanguage\":\"es\",\"@id\":\"http:\/\/vincentians.com\/es\/#\/schema\/logo\/image\/\",\"url\":\"https:\/\/i1.wp.com\/vincentians.com\/es\/wp-content\/uploads\/sites\/11\/2016\/06\/Vincentian-Network-logo-big.png?fit=778%2C778\",\"contentUrl\":\"https:\/\/i1.wp.com\/vincentians.com\/es\/wp-content\/uploads\/sites\/11\/2016\/06\/Vincentian-Network-logo-big.png?fit=778%2C778\",\"width\":778,\"height\":778,\"caption\":\"The Vincentian Network\"},\"image\":{\"@id\":\"http:\/\/vincentians.com\/es\/#\/schema\/logo\/image\/\"},\"sameAs\":[\"https:\/\/www.facebook.com\/WeAreVincentians\/\",\"https:\/\/x.com\/WeVincentians\"]},{\"@type\":\"Person\",\"@id\":\"http:\/\/vincentians.com\/es\/#\/schema\/person\/9623ef4d9aa3b2dfb8c061f1499288f2\",\"name\":\"Francisco Javier Fern\u00e1ndez Chento\",\"image\":{\"@type\":\"ImageObject\",\"inLanguage\":\"es\",\"@id\":\"http:\/\/vincentians.com\/es\/#\/schema\/person\/image\/\",\"url\":\"https:\/\/secure.gravatar.com\/avatar\/497d5cde87b4c3d097d0315953521681ba2cd523ee66e5077c3711f7021e65de?s=96&d=mm&r=g\",\"contentUrl\":\"https:\/\/secure.gravatar.com\/avatar\/497d5cde87b4c3d097d0315953521681ba2cd523ee66e5077c3711f7021e65de?s=96&d=mm&r=g\",\"caption\":\"Francisco Javier Fern\u00e1ndez Chento\"},\"description\":\"Director General y cofundador de La Red de Formaci\u00f3n Vicenciana. Javier es laico vicenciano, afiliado a la Congregaci\u00f3n de la Misi\u00f3n y miembro del Equipo de Misiones Populares de la provincia can\u00f3nica de Zaragoza (Espa\u00f1a) de la Congregaci\u00f3n de la Misi\u00f3n. Graduado en la Universidad Oberta de Catalunya con cuatro grados (Asistente de direcci\u00f3n, Gesti\u00f3n Administrativa, Recursos Humanos y Contabilidad Avanzada). Bil\u00edng\u00fce Espa\u00f1ol\/Ingl\u00e9s. gestiona y mantiene varias p\u00e1ginas web cristianas y vicencianas, incluida including La Red de Formaci\u00f3n Vicenciana, de la que es cofundador. Actualmente es responsable del \u00e1rea de Espa\u00f1ol de .famvin, la Red de Noticias de la Familia Vicenciana. Tambi\u00e9n es m\u00fasico cat\u00f3lico y ha editado varios discos. Es Director General y cofundador de Trovador, una reconocida compa\u00f1\u00eda discogr\u00e1fica critiana de Espa\u00f1a. Trabaja en las Tecnolog\u00edas de la Informaci\u00f3n, ofreciendo servicios de alojamiento, dise\u00f1o y mantenimiento Web, as\u00ed como asesoramiento, formaci\u00f3n y soluciones inform\u00e1ticas, gesti\u00f3n documental y digitalizaci\u00f3n de textos, edici\u00f3n y maquetaci\u00f3n de libros, revistas, flyers, etc.\",\"sameAs\":[\"http:\/\/chento.org\",\"https:\/\/www.facebook.com\/JavierChento\",\"https:\/\/x.com\/https:\/\/twitter.com\/javierchento\"],\"url\":\"http:\/\/vincentians.com\/es\/author\/chento\/\"}]}<\/script>\n<!-- \/ Yoast SEO plugin. -->","yoast_head_json":{"title":"Intercesores de los hermanos difuntos - Somos Vicencianos","robots":{"index":"index","follow":"follow","max-snippet":"max-snippet:-1","max-image-preview":"max-image-preview:large","max-video-preview":"max-video-preview:-1"},"canonical":"http:\/\/vincentians.com\/es\/intercesores-de-los-hermanos-difuntos\/","og_locale":"es_ES","og_type":"article","og_title":"Intercesores de los hermanos difuntos - Somos Vicencianos","og_description":"\u00abYo soy la resurrecci\u00f3n y la vida. El que tiene fe en m\u00ed, aunque muera, vivir\u00e1; y todo el que est\u00e1 vivo y tiene fe en m\u00ed, no morir\u00e1 nunca\u00bb. (In 11,25-26). Cuando mor\u00eda alg\u00fan ... Read More","og_url":"http:\/\/vincentians.com\/es\/intercesores-de-los-hermanos-difuntos\/","og_site_name":"Somos Vicencianos","article_publisher":"https:\/\/www.facebook.com\/WeAreVincentians\/","article_author":"https:\/\/www.facebook.com\/JavierChento","article_published_time":"2015-03-20T07:24:04+00:00","author":"Francisco Javier Fern\u00e1ndez Chento","twitter_card":"summary_large_image","twitter_creator":"@https:\/\/twitter.com\/javierchento","twitter_site":"@WeVincentians","twitter_misc":{"Escrito por":"Francisco Javier Fern\u00e1ndez Chento","Tiempo de lectura":"4 minutos"},"schema":{"@context":"https:\/\/schema.org","@graph":[{"@type":"Article","@id":"http:\/\/vincentians.com\/es\/intercesores-de-los-hermanos-difuntos\/#article","isPartOf":{"@id":"http:\/\/vincentians.com\/es\/intercesores-de-los-hermanos-difuntos\/"},"author":{"name":"Francisco Javier Fern\u00e1ndez Chento","@id":"http:\/\/vincentians.com\/es\/#\/schema\/person\/9623ef4d9aa3b2dfb8c061f1499288f2"},"headline":"Intercesores de los hermanos difuntos","datePublished":"2015-03-20T07:24:04+00:00","mainEntityOfPage":{"@id":"http:\/\/vincentians.com\/es\/intercesores-de-los-hermanos-difuntos\/"},"wordCount":855,"commentCount":0,"publisher":{"@id":"http:\/\/vincentians.com\/es\/#organization"},"image":{"@id":"http:\/\/vincentians.com\/es\/intercesores-de-los-hermanos-difuntos\/#primaryimage"},"thumbnailUrl":"","articleSection":["Espiritualidad vicenciana"],"inLanguage":"es","potentialAction":[{"@type":"CommentAction","name":"Comment","target":["http:\/\/vincentians.com\/es\/intercesores-de-los-hermanos-difuntos\/#respond"]}]},{"@type":"WebPage","@id":"http:\/\/vincentians.com\/es\/intercesores-de-los-hermanos-difuntos\/","url":"http:\/\/vincentians.com\/es\/intercesores-de-los-hermanos-difuntos\/","name":"Intercesores de los hermanos difuntos - Somos Vicencianos","isPartOf":{"@id":"http:\/\/vincentians.com\/es\/#website"},"primaryImageOfPage":{"@id":"http:\/\/vincentians.com\/es\/intercesores-de-los-hermanos-difuntos\/#primaryimage"},"image":{"@id":"http:\/\/vincentians.com\/es\/intercesores-de-los-hermanos-difuntos\/#primaryimage"},"thumbnailUrl":"","datePublished":"2015-03-20T07:24:04+00:00","breadcrumb":{"@id":"http:\/\/vincentians.com\/es\/intercesores-de-los-hermanos-difuntos\/#breadcrumb"},"inLanguage":"es","potentialAction":[{"@type":"ReadAction","target":["http:\/\/vincentians.com\/es\/intercesores-de-los-hermanos-difuntos\/"]}]},{"@type":"ImageObject","inLanguage":"es","@id":"http:\/\/vincentians.com\/es\/intercesores-de-los-hermanos-difuntos\/#primaryimage","url":"","contentUrl":""},{"@type":"BreadcrumbList","@id":"http:\/\/vincentians.com\/es\/intercesores-de-los-hermanos-difuntos\/#breadcrumb","itemListElement":[{"@type":"ListItem","position":1,"name":"Portada","item":"http:\/\/vincentians.com\/es\/"},{"@type":"ListItem","position":2,"name":"Intercesores de los hermanos difuntos"}]},{"@type":"WebSite","@id":"http:\/\/vincentians.com\/es\/#website","url":"http:\/\/vincentians.com\/es\/","name":"Somos Vicencianos","description":"Know more to serve more","publisher":{"@id":"http:\/\/vincentians.com\/es\/#organization"},"potentialAction":[{"@type":"SearchAction","target":{"@type":"EntryPoint","urlTemplate":"http:\/\/vincentians.com\/es\/?s={search_term_string}"},"query-input":{"@type":"PropertyValueSpecification","valueRequired":true,"valueName":"search_term_string"}}],"inLanguage":"es"},{"@type":"Organization","@id":"http:\/\/vincentians.com\/es\/#organization","name":"The Vincentian Network","url":"http:\/\/vincentians.com\/es\/","logo":{"@type":"ImageObject","inLanguage":"es","@id":"http:\/\/vincentians.com\/es\/#\/schema\/logo\/image\/","url":"https:\/\/i1.wp.com\/vincentians.com\/es\/wp-content\/uploads\/sites\/11\/2016\/06\/Vincentian-Network-logo-big.png?fit=778%2C778","contentUrl":"https:\/\/i1.wp.com\/vincentians.com\/es\/wp-content\/uploads\/sites\/11\/2016\/06\/Vincentian-Network-logo-big.png?fit=778%2C778","width":778,"height":778,"caption":"The Vincentian Network"},"image":{"@id":"http:\/\/vincentians.com\/es\/#\/schema\/logo\/image\/"},"sameAs":["https:\/\/www.facebook.com\/WeAreVincentians\/","https:\/\/x.com\/WeVincentians"]},{"@type":"Person","@id":"http:\/\/vincentians.com\/es\/#\/schema\/person\/9623ef4d9aa3b2dfb8c061f1499288f2","name":"Francisco Javier Fern\u00e1ndez Chento","image":{"@type":"ImageObject","inLanguage":"es","@id":"http:\/\/vincentians.com\/es\/#\/schema\/person\/image\/","url":"https:\/\/secure.gravatar.com\/avatar\/497d5cde87b4c3d097d0315953521681ba2cd523ee66e5077c3711f7021e65de?s=96&d=mm&r=g","contentUrl":"https:\/\/secure.gravatar.com\/avatar\/497d5cde87b4c3d097d0315953521681ba2cd523ee66e5077c3711f7021e65de?s=96&d=mm&r=g","caption":"Francisco Javier Fern\u00e1ndez Chento"},"description":"Director General y cofundador de La Red de Formaci\u00f3n Vicenciana. Javier es laico vicenciano, afiliado a la Congregaci\u00f3n de la Misi\u00f3n y miembro del Equipo de Misiones Populares de la provincia can\u00f3nica de Zaragoza (Espa\u00f1a) de la Congregaci\u00f3n de la Misi\u00f3n. Graduado en la Universidad Oberta de Catalunya con cuatro grados (Asistente de direcci\u00f3n, Gesti\u00f3n Administrativa, Recursos Humanos y Contabilidad Avanzada). Bil\u00edng\u00fce Espa\u00f1ol\/Ingl\u00e9s. gestiona y mantiene varias p\u00e1ginas web cristianas y vicencianas, incluida including La Red de Formaci\u00f3n Vicenciana, de la que es cofundador. Actualmente es responsable del \u00e1rea de Espa\u00f1ol de .famvin, la Red de Noticias de la Familia Vicenciana. Tambi\u00e9n es m\u00fasico cat\u00f3lico y ha editado varios discos. Es Director General y cofundador de Trovador, una reconocida compa\u00f1\u00eda discogr\u00e1fica critiana de Espa\u00f1a. Trabaja en las Tecnolog\u00edas de la Informaci\u00f3n, ofreciendo servicios de alojamiento, dise\u00f1o y mantenimiento Web, as\u00ed como asesoramiento, formaci\u00f3n y soluciones inform\u00e1ticas, gesti\u00f3n documental y digitalizaci\u00f3n de textos, edici\u00f3n y maquetaci\u00f3n de libros, revistas, flyers, etc.","sameAs":["http:\/\/chento.org","https:\/\/www.facebook.com\/JavierChento","https:\/\/x.com\/https:\/\/twitter.com\/javierchento"],"url":"http:\/\/vincentians.com\/es\/author\/chento\/"}]}},"jetpack_publicize_connections":[],"jetpack_featured_media_url":"","jetpack_sharing_enabled":true,"jetpack_shortlink":"https:\/\/wp.me\/p7ETMF-AT0","jetpack-related-posts":[{"id":139666,"url":"http:\/\/vincentians.com\/es\/pastores-de-comunidades-cristianas\/","url_meta":{"origin":141794,"position":0},"title":"Pastores de Comunidades Cristianas","author":"Francisco Javier Fern\u00e1ndez Chento","date":"23\/02\/2015","format":false,"excerpt":"\u00abTened cuidado de vosotros y de todo el reba\u00f1o en que \u00adel Esp\u00edritu os ha puesto como guardianes, siendo as\u00ed pastores de la Iglesia de \u00adDios, que \u00e9l adquiri\u00f3 con la sangre de su Hijo\u00bb. (Hch 20,28). \u00ab1. Entre las actividades apost\u00f3licas de la Congregaci\u00f3n se cuentan las parroquias, con\u2026","rel":"","context":"En \u00abEspiritualidad vicenciana\u00bb","block_context":{"text":"Espiritualidad vicenciana","link":"http:\/\/vincentians.com\/es\/category\/espiritualidad\/espiritualidad-vicenciana\/"},"img":{"alt_text":"comunidad joven","src":"https:\/\/i0.wp.com\/vicencianos.org\/wp-content\/2015\/02\/comunidad-joven-300x223.jpg?resize=350%2C200","width":350,"height":200},"classes":[]},{"id":135582,"url":"http:\/\/vincentians.com\/es\/celam-documento-de-la-aparecida-2007\/","url_meta":{"origin":141794,"position":1},"title":"Celam: Documento de La Aparecida (2007)","author":"Francisco Javier Fern\u00e1ndez Chento","date":"01\/02\/2015","format":false,"excerpt":"Resumen 1. Los obispos reunidos en la V Conferencia General del Episcopado de Am\u00e9rica Latina y El Caribe quieren impulsar, con el acontecimiento celebrado junto a Nuestra Se\u00f1ora Aparecida en el esp\u00edritu de \u201cun nuevo Pentecost\u00e9s\u201d, y con el documento final que resume las conclusiones de su di\u00e1logo, una renovaci\u00f3n\u2026","rel":"","context":"En \u00abConsejo Episcopal Latinoamericano\u00bb","block_context":{"text":"Consejo Episcopal Latinoamericano","link":"http:\/\/vincentians.com\/es\/category\/formacion-cristiana\/consejo-episcopal-latinoamericano\/"},"img":{"alt_text":"","src":"https:\/\/i0.wp.com\/vincentians.com\/es\/wp-content\/uploads\/sites\/11\/2016\/07\/celam.jpg?fit=1200%2C630&resize=350%2C200","width":350,"height":200,"srcset":"https:\/\/i0.wp.com\/vincentians.com\/es\/wp-content\/uploads\/sites\/11\/2016\/07\/celam.jpg?fit=1200%2C630&resize=350%2C200 1x, https:\/\/i0.wp.com\/vincentians.com\/es\/wp-content\/uploads\/sites\/11\/2016\/07\/celam.jpg?fit=1200%2C630&resize=525%2C300 1.5x, https:\/\/i0.wp.com\/vincentians.com\/es\/wp-content\/uploads\/sites\/11\/2016\/07\/celam.jpg?fit=1200%2C630&resize=700%2C400 2x, https:\/\/i0.wp.com\/vincentians.com\/es\/wp-content\/uploads\/sites\/11\/2016\/07\/celam.jpg?fit=1200%2C630&resize=1050%2C600 3x"},"classes":[]},{"id":120725,"url":"http:\/\/vincentians.com\/es\/los-movimientos-juveniles-como-transmisores-de-la-fe\/","url_meta":{"origin":141794,"position":2},"title":"Los movimientos juveniles como transmisores de la fe","author":"Francisco Javier Fern\u00e1ndez Chento","date":"15\/10\/2022","format":false,"excerpt":"En la Jornada Mundial de la Juventud en Colonia (agosto de 2005) pude sentir el peso de los \"movimientos juve\u00adniles\" en la pastoral con j\u00f3venes. A pesar de la unidad que se viv\u00eda entre todos los convocados por Cristo, se apreciaba la pluralidad y riqueza de \"carismas\" que se manifestaban\u2026","rel":"","context":"En \u00abJuventud\u00bb","block_context":{"text":"Juventud","link":"http:\/\/vincentians.com\/es\/category\/servicios-y-ministerios\/juventud\/"},"img":{"alt_text":"","src":"https:\/\/i0.wp.com\/vincentians.com\/es\/wp-content\/uploads\/sites\/11\/2016\/08\/iglesia-de-los-pobres.jpg?fit=1200%2C630&resize=350%2C200","width":350,"height":200,"srcset":"https:\/\/i0.wp.com\/vincentians.com\/es\/wp-content\/uploads\/sites\/11\/2016\/08\/iglesia-de-los-pobres.jpg?fit=1200%2C630&resize=350%2C200 1x, https:\/\/i0.wp.com\/vincentians.com\/es\/wp-content\/uploads\/sites\/11\/2016\/08\/iglesia-de-los-pobres.jpg?fit=1200%2C630&resize=525%2C300 1.5x, https:\/\/i0.wp.com\/vincentians.com\/es\/wp-content\/uploads\/sites\/11\/2016\/08\/iglesia-de-los-pobres.jpg?fit=1200%2C630&resize=700%2C400 2x, https:\/\/i0.wp.com\/vincentians.com\/es\/wp-content\/uploads\/sites\/11\/2016\/08\/iglesia-de-los-pobres.jpg?fit=1200%2C630&resize=1050%2C600 3x"},"classes":[]},{"id":131167,"url":"http:\/\/vincentians.com\/es\/monsenor-el-p-juan-sastre-riutort-1883-1949\/","url_meta":{"origin":141794,"position":3},"title":"Monse\u00f1or el P. Juan Sastre Riutort (1883 &#8211; 1949)","author":"Mitxel Olabu\u00e9naga","date":"30\/08\/2014","format":false,"excerpt":"Como avance de otro trabajo biogr\u00e1fico m\u00e1s completo que se nos ha prometido, trasladamos a estas p\u00e1ginas unas primeras impresiones y la \"Noticia biogr\u00e1fica\" que escribimos apresuradamente y con los pocos datos que encontramos a mano para el suplemento extraordinario del n\u00famero de abril de \"AQU\u00cd Y ALL\u00c1\", que estaba\u2026","rel":"","context":"En \u00abBiograf\u00edas de Misioneros Pa\u00fales\u00bb","block_context":{"text":"Biograf\u00edas de Misioneros Pa\u00fales","link":"http:\/\/vincentians.com\/es\/category\/la-familia-vicenciana\/biografias-vicencianas\/biografias-de-misioneros-paules\/"},"img":{"alt_text":"","src":"https:\/\/i0.wp.com\/vincentians.com\/es\/wp-content\/uploads\/sites\/11\/2016\/07\/bio-cm.jpg?fit=1200%2C630&resize=350%2C200","width":350,"height":200,"srcset":"https:\/\/i0.wp.com\/vincentians.com\/es\/wp-content\/uploads\/sites\/11\/2016\/07\/bio-cm.jpg?fit=1200%2C630&resize=350%2C200 1x, https:\/\/i0.wp.com\/vincentians.com\/es\/wp-content\/uploads\/sites\/11\/2016\/07\/bio-cm.jpg?fit=1200%2C630&resize=525%2C300 1.5x, https:\/\/i0.wp.com\/vincentians.com\/es\/wp-content\/uploads\/sites\/11\/2016\/07\/bio-cm.jpg?fit=1200%2C630&resize=700%2C400 2x, https:\/\/i0.wp.com\/vincentians.com\/es\/wp-content\/uploads\/sites\/11\/2016\/07\/bio-cm.jpg?fit=1200%2C630&resize=1050%2C600 3x"},"classes":[]},{"id":128336,"url":"http:\/\/vincentians.com\/es\/tener-fe-en-la-comunion-de-los-santos-en-la-resurreccion-de-la-carne-y-en-la-vida-eterna\/","url_meta":{"origin":141794,"position":4},"title":"Tener Fe en la Comuni\u00f3n de los Santos, en la Resurrecci\u00f3n de la Carne y en la Vida Eterna","author":"Francisco Javier Fern\u00e1ndez Chento","date":"23\/02\/2024","format":false,"excerpt":"Terminamos la recitaci\u00f3n del \"Credo\" cada domingo confesando con el \"S\u00edmbolo de los Ap\u00f3stoles\" que creo \"en la comuni\u00f3n de los santos, el perd\u00f3n de los pecados, la resurrecci\u00f3n de la carne y la vida eterna\". En el fondo de esta \u00faltima afirmaci\u00f3n de fe hay una convicci\u00f3n firme de\u2026","rel":"","context":"En \u00abFormaci\u00f3n Cristiana\u00bb","block_context":{"text":"Formaci\u00f3n Cristiana","link":"http:\/\/vincentians.com\/es\/category\/formacion-cristiana\/"},"img":{"alt_text":"","src":"https:\/\/i0.wp.com\/vincentians.com\/es\/wp-content\/uploads\/sites\/11\/2016\/09\/sencillos-como-palomas.jpg?fit=1200%2C630&resize=350%2C200","width":350,"height":200,"srcset":"https:\/\/i0.wp.com\/vincentians.com\/es\/wp-content\/uploads\/sites\/11\/2016\/09\/sencillos-como-palomas.jpg?fit=1200%2C630&resize=350%2C200 1x, https:\/\/i0.wp.com\/vincentians.com\/es\/wp-content\/uploads\/sites\/11\/2016\/09\/sencillos-como-palomas.jpg?fit=1200%2C630&resize=525%2C300 1.5x, https:\/\/i0.wp.com\/vincentians.com\/es\/wp-content\/uploads\/sites\/11\/2016\/09\/sencillos-como-palomas.jpg?fit=1200%2C630&resize=700%2C400 2x, https:\/\/i0.wp.com\/vincentians.com\/es\/wp-content\/uploads\/sites\/11\/2016\/09\/sencillos-como-palomas.jpg?fit=1200%2C630&resize=1050%2C600 3x"},"classes":[]},{"id":119438,"url":"http:\/\/vincentians.com\/es\/anunciar-a-jesucristo-hoy\/","url_meta":{"origin":141794,"position":5},"title":"Anunciar a Jesucristo, hoy","author":"Francisco Javier Fern\u00e1ndez Chento","date":"10\/04\/2013","format":false,"excerpt":"I - Un nuevo escenario cultural Vivimos un momento de cambios y transformaciones importantes en todos los \u00e1mbitos de la existencia humana; \"una acelerada transformaci\u00f3n\" de la sociedad ha generado un nuevo escenario cultural caracterizado por la p\u00e9rdida de la consistencia ontol\u00f3gica del alma, una crisis de verdad, una perversi\u00f3n\u2026","rel":"","context":"En \u00abFormaci\u00f3n Cristiana\u00bb","block_context":{"text":"Formaci\u00f3n Cristiana","link":"http:\/\/vincentians.com\/es\/category\/formacion-cristiana\/"},"img":{"alt_text":"anunciar","src":"https:\/\/i0.wp.com\/vicencianos.org\/wp-content\/2013\/04\/anunciar-211x300.jpg?resize=350%2C200","width":350,"height":200},"classes":[]}],"_links":{"self":[{"href":"http:\/\/vincentians.com\/es\/wp-json\/wp\/v2\/posts\/141794","targetHints":{"allow":["GET"]}}],"collection":[{"href":"http:\/\/vincentians.com\/es\/wp-json\/wp\/v2\/posts"}],"about":[{"href":"http:\/\/vincentians.com\/es\/wp-json\/wp\/v2\/types\/post"}],"author":[{"embeddable":true,"href":"http:\/\/vincentians.com\/es\/wp-json\/wp\/v2\/users\/4"}],"replies":[{"embeddable":true,"href":"http:\/\/vincentians.com\/es\/wp-json\/wp\/v2\/comments?post=141794"}],"version-history":[{"count":0,"href":"http:\/\/vincentians.com\/es\/wp-json\/wp\/v2\/posts\/141794\/revisions"}],"wp:featuredmedia":[{"embeddable":true,"href":"http:\/\/vincentians.com\/es\/wp-json\/"}],"wp:attachment":[{"href":"http:\/\/vincentians.com\/es\/wp-json\/wp\/v2\/media?parent=141794"}],"wp:term":[{"taxonomy":"category","embeddable":true,"href":"http:\/\/vincentians.com\/es\/wp-json\/wp\/v2\/categories?post=141794"},{"taxonomy":"post_tag","embeddable":true,"href":"http:\/\/vincentians.com\/es\/wp-json\/wp\/v2\/tags?post=141794"}],"curies":[{"name":"wp","href":"https:\/\/api.w.org\/{rel}","templated":true}]}}