{"id":141002,"date":"2015-03-01T09:00:50","date_gmt":"2015-03-01T08:00:50","guid":{"rendered":"http:\/\/somos.vicencianos.org\/?p=141002"},"modified":"2015-03-01T09:00:50","modified_gmt":"2015-03-01T08:00:50","slug":"nuestra-forma-ordinaria-de-vivir","status":"publish","type":"post","link":"http:\/\/vincentians.com\/es\/nuestra-forma-ordinaria-de-vivir\/","title":{"rendered":"Nuestra forma ordinaria de vivir"},"content":{"rendered":"<p style=\"text-align: justify\">\u00abLos creyentes viv\u00edan todos unidos y lo ten\u00edan todo en \u00adcom\u00fan; vend\u00edan posesiones y bienes y lo repart\u00edan entre todos seg\u00fan la necesidad de cada uno\u00bb. (Hch 2,44).<\/p>\n<p style=\"text-align: justify\">\u00abLa vida comunitaria es un rasgo propio de la Congregaci\u00f3n y su forma ordinaria de vivir ya desde su fundaci\u00f3n <em>y <\/em>por voluntad clara de San Vicente. Por tanto, sus miembros deben vivir en una casa o en una comunidad leg\u00edtimamente constituida, a tenor del derecho propio\u00bb. (C 21,1).<\/p>\n<p style=\"text-align: justify\"><a href=\"https:\/\/i0.wp.com\/vicencianos.org\/wp-content\/2011\/04\/comunidad.jpg\"><img data-recalc-dims=\"1\" loading=\"lazy\" decoding=\"async\" class=\"alignright size-medium wp-image-34538\" src=\"https:\/\/i0.wp.com\/vicencianos.org\/wp-content\/2011\/04\/comunidad-300x224.jpg?resize=300%2C224\" alt=\"comunidad\" width=\"300\" height=\"224\" \/><\/a>Esta reflexi\u00f3n sobre la vida comunitaria completa algunos aspectos de la meditaci\u00f3n 14, titulada <em>\u00abVida fraterna en com\u00fan\u00bb. <\/em>Basta repasar los documentos fun\u00addacionales de la Congregaci\u00f3n m\u00e1s conocidos para con\u00advencerse de que la vida en com\u00fan era la forma ordina\u00adria de vivir que llevaban los primeros misioneros. San Vicente urg\u00eda este estilo de vida, incluso, en las misio\u00adnes, siempre que el trabajo apost\u00f3lico no lo impidiera.<\/p>\n<h2><strong>1. \u00abVivir en com\u00fan\u00bb.<\/strong><\/h2>\n<p style=\"text-align: justify\">Citamos solamente algunas cl\u00e1usulas referentes a la vida en com\u00fan, tomadas de ciertos documentos relativos a la Congregaci\u00f3n de la Misi\u00f3n. En el Contrato de fun\u00addaci\u00f3n, del 17 de abril de 1625, se dice taxativamente:<\/p>\n<p style=\"text-align: justify\"><em>\u00abDichos eclesi\u00e1sticos <\/em><em>vivir\u00e1n en com\u00fan bajo <\/em><em>la obe\u00addiencia del se\u00f1or De <\/em><em>Pa\u00fal de la manera indicada y de su sucesor, cuando <\/em><em>\u00e9ste <\/em><em>muera, con el nombre de Com\u00adpa\u00f1\u00eda, Congregaci\u00f3n o Cofrad\u00eda de padres o <\/em><em>sacerdotes <\/em><em>de la Misi\u00f3n\u00bb. <\/em>(X 240).<\/p>\n<p style=\"text-align: justify\">Asimismo, en el Acta de Asociaci\u00f3n de los primeros Misioneros, del 4 de septiembre de 1626, se consigna este hecho:<\/p>\n<p style=\"text-align: justify\"><em>\u00abEscogemos, agregamos <\/em>y <em>asociamos a dicha obra, <\/em><em>para <\/em><em>vivir juntos <\/em><em>en <\/em><em>forma de Congregaci\u00f3n, Compa\u00f1\u00eda o Cofrad\u00eda (a tales sacerdotes probados en virtud y ca\u00adpacidad) y para trabajar <\/em><em>por <\/em><em>la salvaci\u00f3n del pueblo <\/em><em>po\u00adbre <\/em><em>del <\/em><em>campo, <\/em><em>seg\u00fan dicha fundaci\u00f3n&#8230; y con la <\/em><em>pro\u00admesa <\/em><em>de <\/em><em>observar <\/em><em>dicha fundaci\u00f3n y el reglamento <\/em><em>par\u00adticular <\/em><em>que <\/em><em>sobre <\/em><em>la misma hemos escrito\u00bb. <\/em>(X 243).<\/p>\n<p style=\"text-align: justify\">Tambi\u00e9n en la Bula de erecci\u00f3n de la Congregaci\u00f3n de la Misi\u00f3n, del 12 de enero de 1632, se fija la vida en com\u00fan en estos t\u00e9rminos:<\/p>\n<p style=\"text-align: justify\"><em>\u00abEl Padre <\/em><em>Vicente, a quien le hab\u00eda inspirado <\/em><em>Dios, autor de todos <\/em><em>los bienes, esta misma idea (de instituir <\/em><em>una piadosa Congregaci\u00f3n de <\/em><em>varones rectos e id\u00f3neos<\/em><em>), emprendi\u00f3 con <\/em><em>unos <\/em><em>pocos <\/em><em>esta <\/em><em>obra tan <\/em><em>\u00fatil a la cris\u00adtiandad, <\/em><em>dando principio a <\/em><em>una Congregaci\u00f3n. <\/em><em>Luego, con la ayuda de Dios, <\/em><em>encontr\u00f3 <\/em><em>muchos <\/em><em>varones eclesi\u00e1s\u00adticos, <\/em><em>piadosos y de <\/em><em>buen coraz\u00f3n, <\/em><em>deseosos <\/em><em>de abrazar su g\u00e9nero de vida, que se retiraron a <\/em><em>una <\/em><em>casa debida\u00admente acondicionada para morar en ella en la ciudad de Par\u00eds&#8230; All\u00ed siguieron viviendo <\/em>y <em>viven actualmente en <\/em><em>com\u00fan bajo el <\/em><em>gobierno y direcci\u00f3n <\/em><em>del <\/em><em>Padre Vicente, superior de la Congregaci\u00f3n, que ha <\/em><em>prescrito los cap\u00edtu\u00adlos y reglas para <\/em><em>su debida observancia\u00bb. <\/em>(X 306-307).<\/p>\n<h2><strong> 2. \u00abEs algo que se fue haciendo ello solo, poco a poco\u00bb.<\/strong><\/h2>\n<p style=\"text-align: justify\">Dos a\u00f1os antes de morir el Fundador de la Congre\u00adgaci\u00f3n, intentando explicar c\u00f3mo se introdujeron en la Compa\u00f1\u00eda algunas pr\u00e1cticas comunitarias, dijo:<\/p>\n<p style=\"text-align: justify\"><em>\u00abEs algo <\/em><em>que <\/em><em>se fue <\/em><em>haciendo <\/em><em>ello solo, <\/em><em>poco <\/em><em>a poco, una cosa <\/em><em>tras otra. <\/em><em>Fue <\/em><em>aumentando <\/em><em>el <\/em><em>n\u00famero de <\/em><em>los <\/em><em>que se juntaban con nosotros; <\/em><em>todos <\/em><em>se esforzaban <\/em><em>por <\/em><em>ser virtuosos; y al mismo tiempo que iba creciendo <\/em><em>el <\/em><em>n\u00famero de misioneros, se iban tambi\u00e9n introduciendo <\/em><em>las <\/em><em>buenas pr\u00e1cticas, a fin de poder vivir todos juntos y llevar cierta uniformidad en nuestras tareas\u00bb. <\/em>(XI 328).<\/p>\n<h2><strong> 3. \u00abEl apoyo mutuo en una comunidad de vida\u00bb.<\/strong><\/h2>\n<p style=\"text-align: justify\">En cualquier comunidad humana nadie se libra de afrontar ciertas dificultades que lleva consigo la con\u00advivencia y la vida en com\u00fan. Por eso, Pablo VI exhorta a la pr\u00e1ctica de la caridad a todos los miembros que forman una comunidad viva, orientada a un mismo apos\u00adtolado:<\/p>\n<p style=\"text-align: justify\"><em>\u00abSi <\/em><em>algunos religiosos dan la impresi\u00f3n de haberse quedado como apagados por su vida comunitaria, la que por el contrario hubiera debido hacerles abrirse, \u00bfno ocurrir\u00e1 esto, porque falta en ella esa cordialidad com\u00adprensiva que alimenta la esperanza? Es indudable que el esp\u00edritu de grupo, las relaciones de amistad, la cola\u00adboraci\u00f3n fraterna en un mismo apostolado, como tam\u00adbi\u00e9n el apoyo mutuo en una comunidad de vida, elegi\u00adda para servir mejor a Cristo, son otros tantos coeficien\u00adtes preciosos en este camino cotidiano\u00bb. <\/em>(ET 39).<\/p>\n<ul style=\"text-align: justify\">\n<li><em>\u00bfAprecio y defiendo la vida fraterna en com\u00fan, tal como se estila en la Congregaci\u00f3n, seg\u00fan vo\u00adluntad de San Vicente?<\/em><\/li>\n<li><em>\u00bfDoy ejemplo a mis hermanos asistiendo a los actos programados por la misma comunidad?<\/em><\/li>\n<li><em>\u00bfApoyo con todas las fuerzas a mis compa\u00f1eros de comunidad que se sienten cansados por el cotidiano vivir en com\u00fan?<\/em><\/li>\n<\/ul>\n<h2 style=\"text-align: justify\">Oraci\u00f3n:<\/h2>\n<p style=\"text-align: justify\">\u00abAcepta complacido, Se\u00f1or, la ofrenda que hacemos de nuestras vidas los Misioneros, para seguir e imitar a tu Hijo Jesucristo evangelizador de los pobres en la Congregaci\u00f3n de la Misi\u00f3n; conc\u00e9denos entender todos los bienes espi\u00adrituales que se encierran en la vida en com\u00fan para procla\u00admar con valent\u00eda la Buena Nueva. Por Jesucristo nuestro Se\u00f1or\u00bb.<\/p>\n","protected":false},"excerpt":{"rendered":"<p>\u00abLos creyentes viv\u00edan todos unidos y lo ten\u00edan todo en \u00adcom\u00fan; vend\u00edan posesiones y bienes y lo repart\u00edan entre todos seg\u00fan la necesidad de cada uno\u00bb. (Hch 2,44). \u00abLa vida comunitaria es un rasgo propio &#8230; <a href=\"http:\/\/vincentians.com\/es\/nuestra-forma-ordinaria-de-vivir\/\" class=\"more-link\">Read More<\/a><\/p>\n","protected":false},"author":4,"featured_media":34538,"comment_status":"open","ping_status":"open","sticky":false,"template":"","format":"standard","meta":{"jetpack_post_was_ever_published":false,"_jetpack_newsletter_access":"","_jetpack_dont_email_post_to_subs":false,"_jetpack_newsletter_tier_id":0,"_jetpack_memberships_contains_paywalled_content":false,"_jetpack_memberships_contains_paid_content":false,"footnotes":"","jetpack_publicize_message":"","jetpack_publicize_feature_enabled":true,"jetpack_social_post_already_shared":true,"jetpack_social_options":{"image_generator_settings":{"template":"highway","default_image_id":0,"font":"","enabled":false},"version":2}},"categories":[226],"tags":[],"class_list":["post-141002","post","type-post","status-publish","format-standard","has-post-thumbnail","hentry","category-espiritualidad-vicenciana"],"yoast_head":"<!-- This site is optimized with the Yoast SEO plugin v26.3 - https:\/\/yoast.com\/wordpress\/plugins\/seo\/ -->\n<title>Nuestra forma ordinaria de vivir - Somos Vicencianos<\/title>\n<meta name=\"robots\" content=\"index, follow, max-snippet:-1, max-image-preview:large, max-video-preview:-1\" \/>\n<link rel=\"canonical\" href=\"http:\/\/vincentians.com\/es\/nuestra-forma-ordinaria-de-vivir\/\" \/>\n<meta property=\"og:locale\" content=\"es_ES\" \/>\n<meta property=\"og:type\" content=\"article\" \/>\n<meta property=\"og:title\" content=\"Nuestra forma ordinaria de vivir - Somos Vicencianos\" \/>\n<meta property=\"og:description\" content=\"\u00abLos creyentes viv\u00edan todos unidos y lo ten\u00edan todo en \u00adcom\u00fan; vend\u00edan posesiones y bienes y lo repart\u00edan entre todos seg\u00fan la necesidad de cada uno\u00bb. (Hch 2,44). \u00abLa vida comunitaria es un rasgo propio ... Read More\" \/>\n<meta property=\"og:url\" content=\"http:\/\/vincentians.com\/es\/nuestra-forma-ordinaria-de-vivir\/\" \/>\n<meta property=\"og:site_name\" content=\"Somos Vicencianos\" \/>\n<meta property=\"article:publisher\" content=\"https:\/\/www.facebook.com\/WeAreVincentians\/\" \/>\n<meta property=\"article:author\" content=\"https:\/\/www.facebook.com\/JavierChento\" \/>\n<meta property=\"article:published_time\" content=\"2015-03-01T08:00:50+00:00\" \/>\n<meta name=\"author\" content=\"Francisco Javier Fern\u00e1ndez Chento\" \/>\n<meta name=\"twitter:card\" content=\"summary_large_image\" \/>\n<meta name=\"twitter:creator\" content=\"@https:\/\/twitter.com\/javierchento\" \/>\n<meta name=\"twitter:site\" content=\"@WeVincentians\" \/>\n<meta name=\"twitter:label1\" content=\"Escrito por\" \/>\n\t<meta name=\"twitter:data1\" content=\"Francisco Javier Fern\u00e1ndez Chento\" \/>\n\t<meta name=\"twitter:label2\" content=\"Tiempo de lectura\" \/>\n\t<meta name=\"twitter:data2\" content=\"4 minutos\" \/>\n<script type=\"application\/ld+json\" class=\"yoast-schema-graph\">{\"@context\":\"https:\/\/schema.org\",\"@graph\":[{\"@type\":\"Article\",\"@id\":\"http:\/\/vincentians.com\/es\/nuestra-forma-ordinaria-de-vivir\/#article\",\"isPartOf\":{\"@id\":\"http:\/\/vincentians.com\/es\/nuestra-forma-ordinaria-de-vivir\/\"},\"author\":{\"name\":\"Francisco Javier Fern\u00e1ndez Chento\",\"@id\":\"http:\/\/vincentians.com\/es\/#\/schema\/person\/9623ef4d9aa3b2dfb8c061f1499288f2\"},\"headline\":\"Nuestra forma ordinaria de vivir\",\"datePublished\":\"2015-03-01T08:00:50+00:00\",\"mainEntityOfPage\":{\"@id\":\"http:\/\/vincentians.com\/es\/nuestra-forma-ordinaria-de-vivir\/\"},\"wordCount\":892,\"commentCount\":0,\"publisher\":{\"@id\":\"http:\/\/vincentians.com\/es\/#organization\"},\"image\":{\"@id\":\"http:\/\/vincentians.com\/es\/nuestra-forma-ordinaria-de-vivir\/#primaryimage\"},\"thumbnailUrl\":\"\",\"articleSection\":[\"Espiritualidad vicenciana\"],\"inLanguage\":\"es\",\"potentialAction\":[{\"@type\":\"CommentAction\",\"name\":\"Comment\",\"target\":[\"http:\/\/vincentians.com\/es\/nuestra-forma-ordinaria-de-vivir\/#respond\"]}]},{\"@type\":\"WebPage\",\"@id\":\"http:\/\/vincentians.com\/es\/nuestra-forma-ordinaria-de-vivir\/\",\"url\":\"http:\/\/vincentians.com\/es\/nuestra-forma-ordinaria-de-vivir\/\",\"name\":\"Nuestra forma ordinaria de vivir - Somos Vicencianos\",\"isPartOf\":{\"@id\":\"http:\/\/vincentians.com\/es\/#website\"},\"primaryImageOfPage\":{\"@id\":\"http:\/\/vincentians.com\/es\/nuestra-forma-ordinaria-de-vivir\/#primaryimage\"},\"image\":{\"@id\":\"http:\/\/vincentians.com\/es\/nuestra-forma-ordinaria-de-vivir\/#primaryimage\"},\"thumbnailUrl\":\"\",\"datePublished\":\"2015-03-01T08:00:50+00:00\",\"breadcrumb\":{\"@id\":\"http:\/\/vincentians.com\/es\/nuestra-forma-ordinaria-de-vivir\/#breadcrumb\"},\"inLanguage\":\"es\",\"potentialAction\":[{\"@type\":\"ReadAction\",\"target\":[\"http:\/\/vincentians.com\/es\/nuestra-forma-ordinaria-de-vivir\/\"]}]},{\"@type\":\"ImageObject\",\"inLanguage\":\"es\",\"@id\":\"http:\/\/vincentians.com\/es\/nuestra-forma-ordinaria-de-vivir\/#primaryimage\",\"url\":\"\",\"contentUrl\":\"\"},{\"@type\":\"BreadcrumbList\",\"@id\":\"http:\/\/vincentians.com\/es\/nuestra-forma-ordinaria-de-vivir\/#breadcrumb\",\"itemListElement\":[{\"@type\":\"ListItem\",\"position\":1,\"name\":\"Portada\",\"item\":\"http:\/\/vincentians.com\/es\/\"},{\"@type\":\"ListItem\",\"position\":2,\"name\":\"Nuestra forma ordinaria de vivir\"}]},{\"@type\":\"WebSite\",\"@id\":\"http:\/\/vincentians.com\/es\/#website\",\"url\":\"http:\/\/vincentians.com\/es\/\",\"name\":\"Somos Vicencianos\",\"description\":\"Know more to serve more\",\"publisher\":{\"@id\":\"http:\/\/vincentians.com\/es\/#organization\"},\"potentialAction\":[{\"@type\":\"SearchAction\",\"target\":{\"@type\":\"EntryPoint\",\"urlTemplate\":\"http:\/\/vincentians.com\/es\/?s={search_term_string}\"},\"query-input\":{\"@type\":\"PropertyValueSpecification\",\"valueRequired\":true,\"valueName\":\"search_term_string\"}}],\"inLanguage\":\"es\"},{\"@type\":\"Organization\",\"@id\":\"http:\/\/vincentians.com\/es\/#organization\",\"name\":\"The Vincentian Network\",\"url\":\"http:\/\/vincentians.com\/es\/\",\"logo\":{\"@type\":\"ImageObject\",\"inLanguage\":\"es\",\"@id\":\"http:\/\/vincentians.com\/es\/#\/schema\/logo\/image\/\",\"url\":\"https:\/\/i1.wp.com\/vincentians.com\/es\/wp-content\/uploads\/sites\/11\/2016\/06\/Vincentian-Network-logo-big.png?fit=778%2C778\",\"contentUrl\":\"https:\/\/i1.wp.com\/vincentians.com\/es\/wp-content\/uploads\/sites\/11\/2016\/06\/Vincentian-Network-logo-big.png?fit=778%2C778\",\"width\":778,\"height\":778,\"caption\":\"The Vincentian Network\"},\"image\":{\"@id\":\"http:\/\/vincentians.com\/es\/#\/schema\/logo\/image\/\"},\"sameAs\":[\"https:\/\/www.facebook.com\/WeAreVincentians\/\",\"https:\/\/x.com\/WeVincentians\"]},{\"@type\":\"Person\",\"@id\":\"http:\/\/vincentians.com\/es\/#\/schema\/person\/9623ef4d9aa3b2dfb8c061f1499288f2\",\"name\":\"Francisco Javier Fern\u00e1ndez Chento\",\"image\":{\"@type\":\"ImageObject\",\"inLanguage\":\"es\",\"@id\":\"http:\/\/vincentians.com\/es\/#\/schema\/person\/image\/\",\"url\":\"https:\/\/secure.gravatar.com\/avatar\/497d5cde87b4c3d097d0315953521681ba2cd523ee66e5077c3711f7021e65de?s=96&d=mm&r=g\",\"contentUrl\":\"https:\/\/secure.gravatar.com\/avatar\/497d5cde87b4c3d097d0315953521681ba2cd523ee66e5077c3711f7021e65de?s=96&d=mm&r=g\",\"caption\":\"Francisco Javier Fern\u00e1ndez Chento\"},\"description\":\"Director General y cofundador de La Red de Formaci\u00f3n Vicenciana. Javier es laico vicenciano, afiliado a la Congregaci\u00f3n de la Misi\u00f3n y miembro del Equipo de Misiones Populares de la provincia can\u00f3nica de Zaragoza (Espa\u00f1a) de la Congregaci\u00f3n de la Misi\u00f3n. Graduado en la Universidad Oberta de Catalunya con cuatro grados (Asistente de direcci\u00f3n, Gesti\u00f3n Administrativa, Recursos Humanos y Contabilidad Avanzada). Bil\u00edng\u00fce Espa\u00f1ol\/Ingl\u00e9s. gestiona y mantiene varias p\u00e1ginas web cristianas y vicencianas, incluida including La Red de Formaci\u00f3n Vicenciana, de la que es cofundador. Actualmente es responsable del \u00e1rea de Espa\u00f1ol de .famvin, la Red de Noticias de la Familia Vicenciana. Tambi\u00e9n es m\u00fasico cat\u00f3lico y ha editado varios discos. Es Director General y cofundador de Trovador, una reconocida compa\u00f1\u00eda discogr\u00e1fica critiana de Espa\u00f1a. Trabaja en las Tecnolog\u00edas de la Informaci\u00f3n, ofreciendo servicios de alojamiento, dise\u00f1o y mantenimiento Web, as\u00ed como asesoramiento, formaci\u00f3n y soluciones inform\u00e1ticas, gesti\u00f3n documental y digitalizaci\u00f3n de textos, edici\u00f3n y maquetaci\u00f3n de libros, revistas, flyers, etc.\",\"sameAs\":[\"http:\/\/chento.org\",\"https:\/\/www.facebook.com\/JavierChento\",\"https:\/\/x.com\/https:\/\/twitter.com\/javierchento\"],\"url\":\"http:\/\/vincentians.com\/es\/author\/chento\/\"}]}<\/script>\n<!-- \/ Yoast SEO plugin. -->","yoast_head_json":{"title":"Nuestra forma ordinaria de vivir - Somos Vicencianos","robots":{"index":"index","follow":"follow","max-snippet":"max-snippet:-1","max-image-preview":"max-image-preview:large","max-video-preview":"max-video-preview:-1"},"canonical":"http:\/\/vincentians.com\/es\/nuestra-forma-ordinaria-de-vivir\/","og_locale":"es_ES","og_type":"article","og_title":"Nuestra forma ordinaria de vivir - Somos Vicencianos","og_description":"\u00abLos creyentes viv\u00edan todos unidos y lo ten\u00edan todo en \u00adcom\u00fan; vend\u00edan posesiones y bienes y lo repart\u00edan entre todos seg\u00fan la necesidad de cada uno\u00bb. (Hch 2,44). \u00abLa vida comunitaria es un rasgo propio ... Read More","og_url":"http:\/\/vincentians.com\/es\/nuestra-forma-ordinaria-de-vivir\/","og_site_name":"Somos Vicencianos","article_publisher":"https:\/\/www.facebook.com\/WeAreVincentians\/","article_author":"https:\/\/www.facebook.com\/JavierChento","article_published_time":"2015-03-01T08:00:50+00:00","author":"Francisco Javier Fern\u00e1ndez Chento","twitter_card":"summary_large_image","twitter_creator":"@https:\/\/twitter.com\/javierchento","twitter_site":"@WeVincentians","twitter_misc":{"Escrito por":"Francisco Javier Fern\u00e1ndez Chento","Tiempo de lectura":"4 minutos"},"schema":{"@context":"https:\/\/schema.org","@graph":[{"@type":"Article","@id":"http:\/\/vincentians.com\/es\/nuestra-forma-ordinaria-de-vivir\/#article","isPartOf":{"@id":"http:\/\/vincentians.com\/es\/nuestra-forma-ordinaria-de-vivir\/"},"author":{"name":"Francisco Javier Fern\u00e1ndez Chento","@id":"http:\/\/vincentians.com\/es\/#\/schema\/person\/9623ef4d9aa3b2dfb8c061f1499288f2"},"headline":"Nuestra forma ordinaria de vivir","datePublished":"2015-03-01T08:00:50+00:00","mainEntityOfPage":{"@id":"http:\/\/vincentians.com\/es\/nuestra-forma-ordinaria-de-vivir\/"},"wordCount":892,"commentCount":0,"publisher":{"@id":"http:\/\/vincentians.com\/es\/#organization"},"image":{"@id":"http:\/\/vincentians.com\/es\/nuestra-forma-ordinaria-de-vivir\/#primaryimage"},"thumbnailUrl":"","articleSection":["Espiritualidad vicenciana"],"inLanguage":"es","potentialAction":[{"@type":"CommentAction","name":"Comment","target":["http:\/\/vincentians.com\/es\/nuestra-forma-ordinaria-de-vivir\/#respond"]}]},{"@type":"WebPage","@id":"http:\/\/vincentians.com\/es\/nuestra-forma-ordinaria-de-vivir\/","url":"http:\/\/vincentians.com\/es\/nuestra-forma-ordinaria-de-vivir\/","name":"Nuestra forma ordinaria de vivir - Somos Vicencianos","isPartOf":{"@id":"http:\/\/vincentians.com\/es\/#website"},"primaryImageOfPage":{"@id":"http:\/\/vincentians.com\/es\/nuestra-forma-ordinaria-de-vivir\/#primaryimage"},"image":{"@id":"http:\/\/vincentians.com\/es\/nuestra-forma-ordinaria-de-vivir\/#primaryimage"},"thumbnailUrl":"","datePublished":"2015-03-01T08:00:50+00:00","breadcrumb":{"@id":"http:\/\/vincentians.com\/es\/nuestra-forma-ordinaria-de-vivir\/#breadcrumb"},"inLanguage":"es","potentialAction":[{"@type":"ReadAction","target":["http:\/\/vincentians.com\/es\/nuestra-forma-ordinaria-de-vivir\/"]}]},{"@type":"ImageObject","inLanguage":"es","@id":"http:\/\/vincentians.com\/es\/nuestra-forma-ordinaria-de-vivir\/#primaryimage","url":"","contentUrl":""},{"@type":"BreadcrumbList","@id":"http:\/\/vincentians.com\/es\/nuestra-forma-ordinaria-de-vivir\/#breadcrumb","itemListElement":[{"@type":"ListItem","position":1,"name":"Portada","item":"http:\/\/vincentians.com\/es\/"},{"@type":"ListItem","position":2,"name":"Nuestra forma ordinaria de vivir"}]},{"@type":"WebSite","@id":"http:\/\/vincentians.com\/es\/#website","url":"http:\/\/vincentians.com\/es\/","name":"Somos Vicencianos","description":"Know more to serve more","publisher":{"@id":"http:\/\/vincentians.com\/es\/#organization"},"potentialAction":[{"@type":"SearchAction","target":{"@type":"EntryPoint","urlTemplate":"http:\/\/vincentians.com\/es\/?s={search_term_string}"},"query-input":{"@type":"PropertyValueSpecification","valueRequired":true,"valueName":"search_term_string"}}],"inLanguage":"es"},{"@type":"Organization","@id":"http:\/\/vincentians.com\/es\/#organization","name":"The Vincentian Network","url":"http:\/\/vincentians.com\/es\/","logo":{"@type":"ImageObject","inLanguage":"es","@id":"http:\/\/vincentians.com\/es\/#\/schema\/logo\/image\/","url":"https:\/\/i1.wp.com\/vincentians.com\/es\/wp-content\/uploads\/sites\/11\/2016\/06\/Vincentian-Network-logo-big.png?fit=778%2C778","contentUrl":"https:\/\/i1.wp.com\/vincentians.com\/es\/wp-content\/uploads\/sites\/11\/2016\/06\/Vincentian-Network-logo-big.png?fit=778%2C778","width":778,"height":778,"caption":"The Vincentian Network"},"image":{"@id":"http:\/\/vincentians.com\/es\/#\/schema\/logo\/image\/"},"sameAs":["https:\/\/www.facebook.com\/WeAreVincentians\/","https:\/\/x.com\/WeVincentians"]},{"@type":"Person","@id":"http:\/\/vincentians.com\/es\/#\/schema\/person\/9623ef4d9aa3b2dfb8c061f1499288f2","name":"Francisco Javier Fern\u00e1ndez Chento","image":{"@type":"ImageObject","inLanguage":"es","@id":"http:\/\/vincentians.com\/es\/#\/schema\/person\/image\/","url":"https:\/\/secure.gravatar.com\/avatar\/497d5cde87b4c3d097d0315953521681ba2cd523ee66e5077c3711f7021e65de?s=96&d=mm&r=g","contentUrl":"https:\/\/secure.gravatar.com\/avatar\/497d5cde87b4c3d097d0315953521681ba2cd523ee66e5077c3711f7021e65de?s=96&d=mm&r=g","caption":"Francisco Javier Fern\u00e1ndez Chento"},"description":"Director General y cofundador de La Red de Formaci\u00f3n Vicenciana. Javier es laico vicenciano, afiliado a la Congregaci\u00f3n de la Misi\u00f3n y miembro del Equipo de Misiones Populares de la provincia can\u00f3nica de Zaragoza (Espa\u00f1a) de la Congregaci\u00f3n de la Misi\u00f3n. Graduado en la Universidad Oberta de Catalunya con cuatro grados (Asistente de direcci\u00f3n, Gesti\u00f3n Administrativa, Recursos Humanos y Contabilidad Avanzada). Bil\u00edng\u00fce Espa\u00f1ol\/Ingl\u00e9s. gestiona y mantiene varias p\u00e1ginas web cristianas y vicencianas, incluida including La Red de Formaci\u00f3n Vicenciana, de la que es cofundador. Actualmente es responsable del \u00e1rea de Espa\u00f1ol de .famvin, la Red de Noticias de la Familia Vicenciana. Tambi\u00e9n es m\u00fasico cat\u00f3lico y ha editado varios discos. Es Director General y cofundador de Trovador, una reconocida compa\u00f1\u00eda discogr\u00e1fica critiana de Espa\u00f1a. Trabaja en las Tecnolog\u00edas de la Informaci\u00f3n, ofreciendo servicios de alojamiento, dise\u00f1o y mantenimiento Web, as\u00ed como asesoramiento, formaci\u00f3n y soluciones inform\u00e1ticas, gesti\u00f3n documental y digitalizaci\u00f3n de textos, edici\u00f3n y maquetaci\u00f3n de libros, revistas, flyers, etc.","sameAs":["http:\/\/chento.org","https:\/\/www.facebook.com\/JavierChento","https:\/\/x.com\/https:\/\/twitter.com\/javierchento"],"url":"http:\/\/vincentians.com\/es\/author\/chento\/"}]}},"jetpack_publicize_connections":[],"jetpack_featured_media_url":"","jetpack_sharing_enabled":true,"jetpack_shortlink":"https:\/\/wp.me\/p7ETMF-AGe","jetpack-related-posts":[{"id":32953,"url":"http:\/\/vincentians.com\/es\/reflexiones-sobre-la-vida-en-comun-del-misionero-vicenciano\/","url_meta":{"origin":141002,"position":0},"title":"Reflexiones sobre la vida en com\u00fan del misionero vicenciano","author":"Francisco Javier Fern\u00e1ndez Chento","date":"28\/09\/2016","format":false,"excerpt":"INTRODUCCI\u00d3N Punto de referencia El enunciado del tema es ya significativo, porque pone de relieve los tres aspectos que nos interesan: la vida de fraternidad en com\u00fan, del misionero vicenciano. No nos interesa ahora reflexionar sobre los componentes de la vida comunitaria en general, sino sobre los propios de la\u2026","rel":"","context":"En \u00abCongregaci\u00f3n de la Misi\u00f3n\u00bb","block_context":{"text":"Congregaci\u00f3n de la Misi\u00f3n","link":"http:\/\/vincentians.com\/es\/category\/la-familia-vicenciana\/ramas\/congregacion-de-la-mision\/"},"img":{"alt_text":"asd","src":"https:\/\/i0.wp.com\/vicencianos.org\/wp-content\/uploads\/2011\/04\/asd.png?resize=350%2C200","width":350,"height":200},"classes":[]},{"id":54772,"url":"http:\/\/vincentians.com\/es\/el-proyecto-comunitario-2\/","url_meta":{"origin":141002,"position":1},"title":"El Proyecto comunitario","author":"Francisco Javier Fern\u00e1ndez Chento","date":"10\/02\/2015","format":false,"excerpt":"1. Importancia Las Constituciones (C 27; Cf. E 16) ofrecen un medio pr\u00e1ctico para renovar la vida de comunidad: el proyecto comunitario. \u00c9ste puede ser un medio muy eficaz para la renovaci\u00f3n si los miembros de una comunidad lo adoptan como una \"alianza\". Si a trav\u00e9s del di\u00e1logo basado en\u2026","rel":"","context":"En \u00abCongregaci\u00f3n de la Misi\u00f3n\u00bb","block_context":{"text":"Congregaci\u00f3n de la Misi\u00f3n","link":"http:\/\/vincentians.com\/es\/category\/la-familia-vicenciana\/ramas\/congregacion-de-la-mision\/"},"img":{"alt_text":"logocm","src":"https:\/\/i0.wp.com\/vicencianos.org\/wp-content\/2011\/12\/logocm-245x300.png?resize=350%2C200","width":350,"height":200},"classes":[]},{"id":5011,"url":"http:\/\/vincentians.com\/es\/constituciones-de-la-congregacion-de-la-mision\/","url_meta":{"origin":141002,"position":2},"title":"Constituciones de la Congregaci\u00f3n de la Misi\u00f3n","author":"Francisco Javier Fern\u00e1ndez Chento","date":"01\/10\/2009","format":false,"excerpt":"SAGRADA CONGREGACION DE RELIGIOSOS E INSTITUTOS SECULARES. Prot. n. P. 53 1\/81. DECRETO. La CONGREGACION de la Misi\u00f3n fundada por San Vicente de Pa\u00fal, tiene como fin apost\u00f3lico espec\u00edfico evangelizar a los pobres y promover la formaci\u00f3n del clero. Adhiri\u00e9ndose a las Normas del Concilio Vaticano II y a otras\u2026","rel":"","context":"En \u00abDocumentos de la Congregaci\u00f3n de la Misi\u00f3n\u00bb","block_context":{"text":"Documentos de la Congregaci\u00f3n de la Misi\u00f3n","link":"http:\/\/vincentians.com\/es\/category\/formacion-vicenciana\/documentos-oficiales-de-la-familia-vicenciana\/documentos-de-la-congregacion-de-la-mision\/"},"img":{"alt_text":"","src":"https:\/\/i0.wp.com\/vicencianos.org\/wp-content\/2009\/10\/contitucion-192x300.jpg?resize=350%2C200","width":350,"height":200},"classes":[]},{"id":405826,"url":"http:\/\/vincentians.com\/es\/vida-fraterna-en-comun-ii\/","url_meta":{"origin":141002,"position":3},"title":"Vida fraterna en com\u00fan (II)","author":"Mitxel Olabu\u00e9naga","date":"20\/05\/2025","format":false,"excerpt":"Al estilo de los fundadores Ambas Comunidades han asumido el esp\u00edritu de lo que san Vicente de Pa\u00fal escribi\u00f3 en el cap\u00edtulo VIII de las Reglas Comunes de la Congregaci\u00f3n de la Misi\u00f3n: \"Sobre el trato mutuo entre nos\u00adotros\". En este cap\u00edtulo, se nos invita a mirar a la Comunidad\u2026","rel":"","context":"En \u00abEspiritualidad\u00bb","block_context":{"text":"Espiritualidad","link":"http:\/\/vincentians.com\/es\/category\/espiritualidad\/"},"img":{"alt_text":"","src":"https:\/\/i0.wp.com\/vincentians.com\/es\/wp-content\/uploads\/sites\/11\/2023\/08\/aa.jpg?fit=848%2C565&resize=350%2C200","width":350,"height":200,"srcset":"https:\/\/i0.wp.com\/vincentians.com\/es\/wp-content\/uploads\/sites\/11\/2023\/08\/aa.jpg?fit=848%2C565&resize=350%2C200 1x, https:\/\/i0.wp.com\/vincentians.com\/es\/wp-content\/uploads\/sites\/11\/2023\/08\/aa.jpg?fit=848%2C565&resize=525%2C300 1.5x, https:\/\/i0.wp.com\/vincentians.com\/es\/wp-content\/uploads\/sites\/11\/2023\/08\/aa.jpg?fit=848%2C565&resize=700%2C400 2x"},"classes":[]},{"id":404920,"url":"http:\/\/vincentians.com\/es\/el-fin-apostolico-propio-la-compania-de-las-hijas-de-la-caridad-y-la-congregacion-de-la-mision-como-sociedades-de-vida-apostolica-ii\/","url_meta":{"origin":141002,"position":4},"title":"\u00abEL FIN APOST\u00d3LICO PROPIO\u00bb LA COMPA\u00d1\u00cdA DE LAS HIJAS DE LA CARIDAD Y LA CONGREGACI\u00d3N DE LA MISI\u00d3N COMO SOCIEDADES DE VIDA APOST\u00d3LICA (II)","author":"Mitxel Olabu\u00e9naga","date":"10\/08\/2023","format":false,"excerpt":"LAS CONSTITUCIONES POSCONCILIARES DE LA CONGREGACI\u00d3N DE LA MISI\u00d3N Y DE LA COMPA\u00d1IA DE LAS HIJAS DE LA CARIDAD La renovaci\u00f3n puesta en marcha por el Concilio Vaticano II tuvo su repercusi\u00f3n tambi\u00e9n en los institutos vicencianos que han puesto manos a la obra de examinar sus textos normativos a\u2026","rel":"","context":"En \u00abFormaci\u00f3n Vicenciana\u00bb","block_context":{"text":"Formaci\u00f3n Vicenciana","link":"http:\/\/vincentians.com\/es\/category\/formacion-vicenciana\/"},"img":{"alt_text":"","src":"","width":0,"height":0},"classes":[]},{"id":405021,"url":"http:\/\/vincentians.com\/es\/la-consagracion-vicenciana-en-los-misioneros-paules-vii\/","url_meta":{"origin":141002,"position":5},"title":"LA CONSAGRACI\u00d3N VICENCIANA EN LOS MISIONEROS PA\u00daLES (VII)","author":"Mitxel Olabu\u00e9naga","date":"18\/11\/2023","format":false,"excerpt":"EL SER: DE LA INSUFICIENCIA A LA AUTENTICIDAD Envueltos en una cultura que privilegia el espect\u00e1culo y la apariencia, la eficacia y los datos estad\u00edsticos, es grande la presi\u00f3n para hacer cada vez m\u00e1s cosas. Muchas veces estamos tan preocupados con lo que hacernos o lo que debemos hacer pero\u2026","rel":"","context":"En \u00abFormaci\u00f3n Vicenciana\u00bb","block_context":{"text":"Formaci\u00f3n Vicenciana","link":"http:\/\/vincentians.com\/es\/category\/formacion-vicenciana\/"},"img":{"alt_text":"","src":"https:\/\/i0.wp.com\/vincentians.com\/es\/wp-content\/uploads\/sites\/11\/2013\/04\/e-4.jpg?fit=976%2C570&resize=350%2C200","width":350,"height":200,"srcset":"https:\/\/i0.wp.com\/vincentians.com\/es\/wp-content\/uploads\/sites\/11\/2013\/04\/e-4.jpg?fit=976%2C570&resize=350%2C200 1x, https:\/\/i0.wp.com\/vincentians.com\/es\/wp-content\/uploads\/sites\/11\/2013\/04\/e-4.jpg?fit=976%2C570&resize=525%2C300 1.5x, https:\/\/i0.wp.com\/vincentians.com\/es\/wp-content\/uploads\/sites\/11\/2013\/04\/e-4.jpg?fit=976%2C570&resize=700%2C400 2x"},"classes":[]}],"_links":{"self":[{"href":"http:\/\/vincentians.com\/es\/wp-json\/wp\/v2\/posts\/141002","targetHints":{"allow":["GET"]}}],"collection":[{"href":"http:\/\/vincentians.com\/es\/wp-json\/wp\/v2\/posts"}],"about":[{"href":"http:\/\/vincentians.com\/es\/wp-json\/wp\/v2\/types\/post"}],"author":[{"embeddable":true,"href":"http:\/\/vincentians.com\/es\/wp-json\/wp\/v2\/users\/4"}],"replies":[{"embeddable":true,"href":"http:\/\/vincentians.com\/es\/wp-json\/wp\/v2\/comments?post=141002"}],"version-history":[{"count":0,"href":"http:\/\/vincentians.com\/es\/wp-json\/wp\/v2\/posts\/141002\/revisions"}],"wp:featuredmedia":[{"embeddable":true,"href":"http:\/\/vincentians.com\/es\/wp-json\/"}],"wp:attachment":[{"href":"http:\/\/vincentians.com\/es\/wp-json\/wp\/v2\/media?parent=141002"}],"wp:term":[{"taxonomy":"category","embeddable":true,"href":"http:\/\/vincentians.com\/es\/wp-json\/wp\/v2\/categories?post=141002"},{"taxonomy":"post_tag","embeddable":true,"href":"http:\/\/vincentians.com\/es\/wp-json\/wp\/v2\/tags?post=141002"}],"curies":[{"name":"wp","href":"https:\/\/api.w.org\/{rel}","templated":true}]}}