{"id":140961,"date":"2015-02-27T08:11:27","date_gmt":"2015-02-27T07:11:27","guid":{"rendered":"http:\/\/somos.vicencianos.org\/?p=140961"},"modified":"2015-02-27T08:11:27","modified_gmt":"2015-02-27T07:11:27","slug":"en-comunidad-como-jesus-con-sus-discipulos","status":"publish","type":"post","link":"http:\/\/vincentians.com\/es\/en-comunidad-como-jesus-con-sus-discipulos\/","title":{"rendered":"En comunidad como Jes\u00fas con sus disc\u00edpulos"},"content":{"rendered":"<p style=\"text-align: justify\"><a href=\"https:\/\/i0.wp.com\/vicencianos.org\/wp-content\/2015\/02\/asd3.jpg\"><img data-recalc-dims=\"1\" loading=\"lazy\" decoding=\"async\" class=\"alignright size-medium wp-image-140962\" src=\"https:\/\/i0.wp.com\/vicencianos.org\/wp-content\/2015\/02\/asd3-300x195.jpg?resize=300%2C195\" alt=\"asd\" width=\"300\" height=\"195\" \/><\/a>\u00abPor aquel entonces se fue \u00ada la monta\u00f1a a orar y se pas\u00f3 \u00adla noche orando a Dios. Cuando se hizo de d\u00eda llam\u00f3 a sus disc\u00edpulos, escogi\u00f3 a doce de ellos y los nombr\u00f3 ap\u00f3stoles\u00bb. (Lc 6,12-13).<\/p>\n<p style=\"text-align: justify\">\u00abSeguimos a Cristo que convoca a los ap\u00f3stoles y disc\u00edpulos y que lleva con ellos una vida fraterna para evangelizar a los pobres\u00bb. (C 20,2).<\/p>\n<p style=\"text-align: justify\">Los llamados y elegidos para seguir a Jesucristo evangelizador de los pobres han de vivir la vida del Maestro, a fin de compartir luego su misi\u00f3n apost\u00f3lica. Jes\u00fas era el centro de la comunidad de ap\u00f3stoles y dis\u00adc\u00edpulos congregados en torno a \u00e9l; hacia \u00e9l converg\u00edan las miradas e intereses de los Doce que hab\u00edan sido elegidos. Todos se sent\u00edan amados y unidos por Jes\u00fas, am\u00e1ndose unos a otros en la persona misma del Hijo de Dios, de cuyo esp\u00edritu dimana la uni\u00f3n fraterna.<\/p>\n<h2><strong> 1. \u00abY les anim\u00f3 de su esp\u00edritu\u00bb.<\/strong><\/h2>\n<p style=\"text-align: justify\">La comunidad de Misioneros intenta ser una copia de la formada por Jes\u00fas, que, al principio, seg\u00fan San Vicente:<\/p>\n<p style=\"text-align: justify\"><em>\u00abS\u00f3lo hac\u00eda acciones particulares; no aparentaba nada m\u00e1s, hasta que empez\u00f3 a anunciar el Evangelio a los pobres; luego, con el tiempo, eligi\u00f3 a los Doce, se esforz\u00f3 en instruirlos, amonestarlos <\/em>y <em>formarlos <\/em>y, <em>final\u00admente, los anim\u00f3 de su esp\u00edritu, no s\u00f3lo para ellos, sino para todos los pueblos de la tierra\u00bb. <\/em>(XI 390).<\/p>\n<p style=\"text-align: justify\">La vida fraterna de los Misioneros, orientada a la evangelizaci\u00f3n, expresa ciertamente la uni\u00f3n entre to\u00addos. Ahora bien: <em>\u00abEsta uni\u00f3n viene por la caridad de Jesucristo, ya que otra uni\u00f3n que no est\u00e9 cimentada en la sangre de este divino Salvador no puede subsistir. Por tanto, te\u00adn\u00e9is que estar unidos entre vosotros en Jesucristo, por Jesucristo y para Jesucristo. El esp\u00edritu de Jesucristo es un esp\u00edritu de uni\u00f3n y de paz; \u00bfc\u00f3mo podr\u00edais atraer a las almas si no estuvieseis unidos entre vosotros y con El mismo? De ninguna manera. Dios nos llama para que trabajemos en su vi\u00f1a. Id, pues, como si no tuvierais en El m\u00e1s que un solo coraz\u00f3n y una misma inten\u00adci\u00f3n; de esta manera es como producir\u00e9is fruto\u00bb. (XI 71).<\/em><\/p>\n<h2><strong> 2. \u00abFamilia reunida en el nombre del Se\u00f1or\u00bb.<\/strong><\/h2>\n<p style=\"text-align: justify\">Las palabras de San Vicente, arriba citadas, llevan al convencimiento de que la fraternidad en torno a Je\u00ads\u00fas es prenda de aut\u00e9ntica comunidad y medio excelen\u00adte para evangelizar a los pobres. Por otra parte, sabe\u00admos que:<\/p>\n<p style=\"text-align: justify\"><em>\u00abLa comunidad, como una verdadera familia reunida en el nombre del Se\u00f1or, disfruta de su presencia, por\u00adque el amor de Dios se ha derramado en los corazones por virtud del Esp\u00edritu Santo <\/em>(cf. Rom 5,5). <em>Pero el amor es el cumplimiento de la ley y v\u00ednculo de perfec\u00adci\u00f3n, y por \u00e9l sabemos que hemos pasado de la muerte a la vida. M\u00e1s a\u00fan: la uni\u00f3n de los hermanos manifiesta la venida de Cristo y de ella deriva un gran vigor apos\u00adt\u00f3lico\u00bb. <\/em>(PC 15).<\/p>\n<h2><strong> 3. \u00abSer fiel a Cristo es amarlo con toda el alma <\/strong><strong>y <\/strong><strong>con todo el coraz\u00f3n\u00bb.<\/strong><\/h2>\n<p style=\"text-align: justify\">La benevolencia divina al llamarnos a la Comunidad vicenciana espera una respuesta de fidelidad a Jes\u00fas evangelizador de los pobres. El Papa Juan Pablo II explica las caracter\u00edsticas de esta fidelidad:<\/p>\n<p style=\"text-align: justify\"><em>\u00abSu llamada es una declaraci\u00f3n de amor. Vuestra respuesta es entrega, amistad, amor manifestado en la <\/em><em>donaci\u00f3n de la propia vida, como seguimiento definitivo y como participaci\u00f3n permanente de su misi\u00f3n y en su consagraci\u00f3n. Ser fiel a Cristo es proclamarlo como Se\u00ad\u00f1or resucitado presente en la Iglesia y en el mundo, centro de la creaci\u00f3n y de la historia, raz\u00f3n de ser de nuestra existencia. Ser fiel a Cristo es amarlo con toda el alma y con todo el coraz\u00f3n, de forma que ese amor sea la norma y el motor de todas nuestras acciones. Esta fidelidad a Cristo reclama, por lo tanto, que seamos hombres de una caridad y pastoral aprendida en la ora\u00adci\u00f3n o di\u00e1logo con el Se\u00f1or. Entonces aceptaremos vivencialmente su persona, su acci\u00f3n santificadora y su misi\u00f3n\u00bb. <\/em>(Juan Pablo II, 8-11-1982).<\/p>\n<ul style=\"text-align: justify\">\n<li><em>\u00bfMe mueven algo las recomendaciones y conse\u00adjos de Jes\u00fas para que reine en la comunidad la paz y la uni\u00f3n?<\/em><\/li>\n<li><em>\u00bfJes\u00fas es verdaderamente el centro de mi comu\u00adnidad que El mismo se ha preparado?<\/em><\/li>\n<li><em>\u00bfSoy fiel a los compromisos comunitarios como expresi\u00f3n de fidelidad a Cristo?<\/em><\/li>\n<\/ul>\n<h2 style=\"text-align: justify\">Oraci\u00f3n:<\/h2>\n<p style=\"text-align: justify\">\u00abSe\u00f1or, t\u00fa nos ha llamado a la Congregaci\u00f3n de la Mi\u00adsi\u00f3n para prolongar la obra evangelizadora de tu Hijo; con\u00adc\u00e9denos la gracia de permanecer fieles a la vocaci\u00f3n, vivien\u00addo en comunidad como Jes\u00fas con sus disc\u00edpulos. Por el mismo Jesucristo nuestro Se\u00f1or\u00bb.<\/p>\n<p>&nbsp;<\/p>\n","protected":false},"excerpt":{"rendered":"<p>\u00abPor aquel entonces se fue \u00ada la monta\u00f1a a orar y se pas\u00f3 \u00adla noche orando a Dios. Cuando se hizo de d\u00eda llam\u00f3 a sus disc\u00edpulos, escogi\u00f3 a doce de ellos y los nombr\u00f3 &#8230; <a href=\"http:\/\/vincentians.com\/es\/en-comunidad-como-jesus-con-sus-discipulos\/\" class=\"more-link\">Read More<\/a><\/p>\n","protected":false},"author":4,"featured_media":140962,"comment_status":"open","ping_status":"open","sticky":false,"template":"","format":"standard","meta":{"jetpack_post_was_ever_published":false,"_jetpack_newsletter_access":"","_jetpack_dont_email_post_to_subs":false,"_jetpack_newsletter_tier_id":0,"_jetpack_memberships_contains_paywalled_content":false,"_jetpack_memberships_contains_paid_content":false,"footnotes":"","jetpack_publicize_message":"","jetpack_publicize_feature_enabled":true,"jetpack_social_post_already_shared":true,"jetpack_social_options":{"image_generator_settings":{"template":"highway","default_image_id":0,"font":"","enabled":false},"version":2}},"categories":[226],"tags":[],"class_list":["post-140961","post","type-post","status-publish","format-standard","has-post-thumbnail","hentry","category-espiritualidad-vicenciana"],"yoast_head":"<!-- This site is optimized with the Yoast SEO plugin v26.3 - https:\/\/yoast.com\/wordpress\/plugins\/seo\/ -->\n<title>En comunidad como Jes\u00fas con sus disc\u00edpulos - Somos Vicencianos<\/title>\n<meta name=\"robots\" content=\"index, follow, max-snippet:-1, max-image-preview:large, max-video-preview:-1\" \/>\n<link rel=\"canonical\" href=\"http:\/\/vincentians.com\/es\/en-comunidad-como-jesus-con-sus-discipulos\/\" \/>\n<meta property=\"og:locale\" content=\"es_ES\" \/>\n<meta property=\"og:type\" content=\"article\" \/>\n<meta property=\"og:title\" content=\"En comunidad como Jes\u00fas con sus disc\u00edpulos - Somos Vicencianos\" \/>\n<meta property=\"og:description\" content=\"\u00abPor aquel entonces se fue \u00ada la monta\u00f1a a orar y se pas\u00f3 \u00adla noche orando a Dios. Cuando se hizo de d\u00eda llam\u00f3 a sus disc\u00edpulos, escogi\u00f3 a doce de ellos y los nombr\u00f3 ... Read More\" \/>\n<meta property=\"og:url\" content=\"http:\/\/vincentians.com\/es\/en-comunidad-como-jesus-con-sus-discipulos\/\" \/>\n<meta property=\"og:site_name\" content=\"Somos Vicencianos\" \/>\n<meta property=\"article:publisher\" content=\"https:\/\/www.facebook.com\/WeAreVincentians\/\" \/>\n<meta property=\"article:author\" content=\"https:\/\/www.facebook.com\/JavierChento\" \/>\n<meta property=\"article:published_time\" content=\"2015-02-27T07:11:27+00:00\" \/>\n<meta name=\"author\" content=\"Francisco Javier Fern\u00e1ndez Chento\" \/>\n<meta name=\"twitter:card\" content=\"summary_large_image\" \/>\n<meta name=\"twitter:creator\" content=\"@https:\/\/twitter.com\/javierchento\" \/>\n<meta name=\"twitter:site\" content=\"@WeVincentians\" \/>\n<meta name=\"twitter:label1\" content=\"Escrito por\" \/>\n\t<meta name=\"twitter:data1\" content=\"Francisco Javier Fern\u00e1ndez Chento\" \/>\n\t<meta name=\"twitter:label2\" content=\"Tiempo de lectura\" \/>\n\t<meta name=\"twitter:data2\" content=\"4 minutos\" \/>\n<script type=\"application\/ld+json\" class=\"yoast-schema-graph\">{\"@context\":\"https:\/\/schema.org\",\"@graph\":[{\"@type\":\"Article\",\"@id\":\"http:\/\/vincentians.com\/es\/en-comunidad-como-jesus-con-sus-discipulos\/#article\",\"isPartOf\":{\"@id\":\"http:\/\/vincentians.com\/es\/en-comunidad-como-jesus-con-sus-discipulos\/\"},\"author\":{\"name\":\"Francisco Javier Fern\u00e1ndez Chento\",\"@id\":\"http:\/\/vincentians.com\/es\/#\/schema\/person\/9623ef4d9aa3b2dfb8c061f1499288f2\"},\"headline\":\"En comunidad como Jes\u00fas con sus disc\u00edpulos\",\"datePublished\":\"2015-02-27T07:11:27+00:00\",\"mainEntityOfPage\":{\"@id\":\"http:\/\/vincentians.com\/es\/en-comunidad-como-jesus-con-sus-discipulos\/\"},\"wordCount\":853,\"commentCount\":0,\"publisher\":{\"@id\":\"http:\/\/vincentians.com\/es\/#organization\"},\"image\":{\"@id\":\"http:\/\/vincentians.com\/es\/en-comunidad-como-jesus-con-sus-discipulos\/#primaryimage\"},\"thumbnailUrl\":\"\",\"articleSection\":[\"Espiritualidad vicenciana\"],\"inLanguage\":\"es\",\"potentialAction\":[{\"@type\":\"CommentAction\",\"name\":\"Comment\",\"target\":[\"http:\/\/vincentians.com\/es\/en-comunidad-como-jesus-con-sus-discipulos\/#respond\"]}]},{\"@type\":\"WebPage\",\"@id\":\"http:\/\/vincentians.com\/es\/en-comunidad-como-jesus-con-sus-discipulos\/\",\"url\":\"http:\/\/vincentians.com\/es\/en-comunidad-como-jesus-con-sus-discipulos\/\",\"name\":\"En comunidad como Jes\u00fas con sus disc\u00edpulos - Somos Vicencianos\",\"isPartOf\":{\"@id\":\"http:\/\/vincentians.com\/es\/#website\"},\"primaryImageOfPage\":{\"@id\":\"http:\/\/vincentians.com\/es\/en-comunidad-como-jesus-con-sus-discipulos\/#primaryimage\"},\"image\":{\"@id\":\"http:\/\/vincentians.com\/es\/en-comunidad-como-jesus-con-sus-discipulos\/#primaryimage\"},\"thumbnailUrl\":\"\",\"datePublished\":\"2015-02-27T07:11:27+00:00\",\"breadcrumb\":{\"@id\":\"http:\/\/vincentians.com\/es\/en-comunidad-como-jesus-con-sus-discipulos\/#breadcrumb\"},\"inLanguage\":\"es\",\"potentialAction\":[{\"@type\":\"ReadAction\",\"target\":[\"http:\/\/vincentians.com\/es\/en-comunidad-como-jesus-con-sus-discipulos\/\"]}]},{\"@type\":\"ImageObject\",\"inLanguage\":\"es\",\"@id\":\"http:\/\/vincentians.com\/es\/en-comunidad-como-jesus-con-sus-discipulos\/#primaryimage\",\"url\":\"\",\"contentUrl\":\"\"},{\"@type\":\"BreadcrumbList\",\"@id\":\"http:\/\/vincentians.com\/es\/en-comunidad-como-jesus-con-sus-discipulos\/#breadcrumb\",\"itemListElement\":[{\"@type\":\"ListItem\",\"position\":1,\"name\":\"Portada\",\"item\":\"http:\/\/vincentians.com\/es\/\"},{\"@type\":\"ListItem\",\"position\":2,\"name\":\"En comunidad como Jes\u00fas con sus disc\u00edpulos\"}]},{\"@type\":\"WebSite\",\"@id\":\"http:\/\/vincentians.com\/es\/#website\",\"url\":\"http:\/\/vincentians.com\/es\/\",\"name\":\"Somos Vicencianos\",\"description\":\"Know more to serve more\",\"publisher\":{\"@id\":\"http:\/\/vincentians.com\/es\/#organization\"},\"potentialAction\":[{\"@type\":\"SearchAction\",\"target\":{\"@type\":\"EntryPoint\",\"urlTemplate\":\"http:\/\/vincentians.com\/es\/?s={search_term_string}\"},\"query-input\":{\"@type\":\"PropertyValueSpecification\",\"valueRequired\":true,\"valueName\":\"search_term_string\"}}],\"inLanguage\":\"es\"},{\"@type\":\"Organization\",\"@id\":\"http:\/\/vincentians.com\/es\/#organization\",\"name\":\"The Vincentian Network\",\"url\":\"http:\/\/vincentians.com\/es\/\",\"logo\":{\"@type\":\"ImageObject\",\"inLanguage\":\"es\",\"@id\":\"http:\/\/vincentians.com\/es\/#\/schema\/logo\/image\/\",\"url\":\"https:\/\/i1.wp.com\/vincentians.com\/es\/wp-content\/uploads\/sites\/11\/2016\/06\/Vincentian-Network-logo-big.png?fit=778%2C778\",\"contentUrl\":\"https:\/\/i1.wp.com\/vincentians.com\/es\/wp-content\/uploads\/sites\/11\/2016\/06\/Vincentian-Network-logo-big.png?fit=778%2C778\",\"width\":778,\"height\":778,\"caption\":\"The Vincentian Network\"},\"image\":{\"@id\":\"http:\/\/vincentians.com\/es\/#\/schema\/logo\/image\/\"},\"sameAs\":[\"https:\/\/www.facebook.com\/WeAreVincentians\/\",\"https:\/\/x.com\/WeVincentians\"]},{\"@type\":\"Person\",\"@id\":\"http:\/\/vincentians.com\/es\/#\/schema\/person\/9623ef4d9aa3b2dfb8c061f1499288f2\",\"name\":\"Francisco Javier Fern\u00e1ndez Chento\",\"image\":{\"@type\":\"ImageObject\",\"inLanguage\":\"es\",\"@id\":\"http:\/\/vincentians.com\/es\/#\/schema\/person\/image\/\",\"url\":\"https:\/\/secure.gravatar.com\/avatar\/497d5cde87b4c3d097d0315953521681ba2cd523ee66e5077c3711f7021e65de?s=96&d=mm&r=g\",\"contentUrl\":\"https:\/\/secure.gravatar.com\/avatar\/497d5cde87b4c3d097d0315953521681ba2cd523ee66e5077c3711f7021e65de?s=96&d=mm&r=g\",\"caption\":\"Francisco Javier Fern\u00e1ndez Chento\"},\"description\":\"Director General y cofundador de La Red de Formaci\u00f3n Vicenciana. Javier es laico vicenciano, afiliado a la Congregaci\u00f3n de la Misi\u00f3n y miembro del Equipo de Misiones Populares de la provincia can\u00f3nica de Zaragoza (Espa\u00f1a) de la Congregaci\u00f3n de la Misi\u00f3n. Graduado en la Universidad Oberta de Catalunya con cuatro grados (Asistente de direcci\u00f3n, Gesti\u00f3n Administrativa, Recursos Humanos y Contabilidad Avanzada). Bil\u00edng\u00fce Espa\u00f1ol\/Ingl\u00e9s. gestiona y mantiene varias p\u00e1ginas web cristianas y vicencianas, incluida including La Red de Formaci\u00f3n Vicenciana, de la que es cofundador. Actualmente es responsable del \u00e1rea de Espa\u00f1ol de .famvin, la Red de Noticias de la Familia Vicenciana. Tambi\u00e9n es m\u00fasico cat\u00f3lico y ha editado varios discos. Es Director General y cofundador de Trovador, una reconocida compa\u00f1\u00eda discogr\u00e1fica critiana de Espa\u00f1a. Trabaja en las Tecnolog\u00edas de la Informaci\u00f3n, ofreciendo servicios de alojamiento, dise\u00f1o y mantenimiento Web, as\u00ed como asesoramiento, formaci\u00f3n y soluciones inform\u00e1ticas, gesti\u00f3n documental y digitalizaci\u00f3n de textos, edici\u00f3n y maquetaci\u00f3n de libros, revistas, flyers, etc.\",\"sameAs\":[\"http:\/\/chento.org\",\"https:\/\/www.facebook.com\/JavierChento\",\"https:\/\/x.com\/https:\/\/twitter.com\/javierchento\"],\"url\":\"http:\/\/vincentians.com\/es\/author\/chento\/\"}]}<\/script>\n<!-- \/ Yoast SEO plugin. -->","yoast_head_json":{"title":"En comunidad como Jes\u00fas con sus disc\u00edpulos - Somos Vicencianos","robots":{"index":"index","follow":"follow","max-snippet":"max-snippet:-1","max-image-preview":"max-image-preview:large","max-video-preview":"max-video-preview:-1"},"canonical":"http:\/\/vincentians.com\/es\/en-comunidad-como-jesus-con-sus-discipulos\/","og_locale":"es_ES","og_type":"article","og_title":"En comunidad como Jes\u00fas con sus disc\u00edpulos - Somos Vicencianos","og_description":"\u00abPor aquel entonces se fue \u00ada la monta\u00f1a a orar y se pas\u00f3 \u00adla noche orando a Dios. Cuando se hizo de d\u00eda llam\u00f3 a sus disc\u00edpulos, escogi\u00f3 a doce de ellos y los nombr\u00f3 ... Read More","og_url":"http:\/\/vincentians.com\/es\/en-comunidad-como-jesus-con-sus-discipulos\/","og_site_name":"Somos Vicencianos","article_publisher":"https:\/\/www.facebook.com\/WeAreVincentians\/","article_author":"https:\/\/www.facebook.com\/JavierChento","article_published_time":"2015-02-27T07:11:27+00:00","author":"Francisco Javier Fern\u00e1ndez Chento","twitter_card":"summary_large_image","twitter_creator":"@https:\/\/twitter.com\/javierchento","twitter_site":"@WeVincentians","twitter_misc":{"Escrito por":"Francisco Javier Fern\u00e1ndez Chento","Tiempo de lectura":"4 minutos"},"schema":{"@context":"https:\/\/schema.org","@graph":[{"@type":"Article","@id":"http:\/\/vincentians.com\/es\/en-comunidad-como-jesus-con-sus-discipulos\/#article","isPartOf":{"@id":"http:\/\/vincentians.com\/es\/en-comunidad-como-jesus-con-sus-discipulos\/"},"author":{"name":"Francisco Javier Fern\u00e1ndez Chento","@id":"http:\/\/vincentians.com\/es\/#\/schema\/person\/9623ef4d9aa3b2dfb8c061f1499288f2"},"headline":"En comunidad como Jes\u00fas con sus disc\u00edpulos","datePublished":"2015-02-27T07:11:27+00:00","mainEntityOfPage":{"@id":"http:\/\/vincentians.com\/es\/en-comunidad-como-jesus-con-sus-discipulos\/"},"wordCount":853,"commentCount":0,"publisher":{"@id":"http:\/\/vincentians.com\/es\/#organization"},"image":{"@id":"http:\/\/vincentians.com\/es\/en-comunidad-como-jesus-con-sus-discipulos\/#primaryimage"},"thumbnailUrl":"","articleSection":["Espiritualidad vicenciana"],"inLanguage":"es","potentialAction":[{"@type":"CommentAction","name":"Comment","target":["http:\/\/vincentians.com\/es\/en-comunidad-como-jesus-con-sus-discipulos\/#respond"]}]},{"@type":"WebPage","@id":"http:\/\/vincentians.com\/es\/en-comunidad-como-jesus-con-sus-discipulos\/","url":"http:\/\/vincentians.com\/es\/en-comunidad-como-jesus-con-sus-discipulos\/","name":"En comunidad como Jes\u00fas con sus disc\u00edpulos - Somos Vicencianos","isPartOf":{"@id":"http:\/\/vincentians.com\/es\/#website"},"primaryImageOfPage":{"@id":"http:\/\/vincentians.com\/es\/en-comunidad-como-jesus-con-sus-discipulos\/#primaryimage"},"image":{"@id":"http:\/\/vincentians.com\/es\/en-comunidad-como-jesus-con-sus-discipulos\/#primaryimage"},"thumbnailUrl":"","datePublished":"2015-02-27T07:11:27+00:00","breadcrumb":{"@id":"http:\/\/vincentians.com\/es\/en-comunidad-como-jesus-con-sus-discipulos\/#breadcrumb"},"inLanguage":"es","potentialAction":[{"@type":"ReadAction","target":["http:\/\/vincentians.com\/es\/en-comunidad-como-jesus-con-sus-discipulos\/"]}]},{"@type":"ImageObject","inLanguage":"es","@id":"http:\/\/vincentians.com\/es\/en-comunidad-como-jesus-con-sus-discipulos\/#primaryimage","url":"","contentUrl":""},{"@type":"BreadcrumbList","@id":"http:\/\/vincentians.com\/es\/en-comunidad-como-jesus-con-sus-discipulos\/#breadcrumb","itemListElement":[{"@type":"ListItem","position":1,"name":"Portada","item":"http:\/\/vincentians.com\/es\/"},{"@type":"ListItem","position":2,"name":"En comunidad como Jes\u00fas con sus disc\u00edpulos"}]},{"@type":"WebSite","@id":"http:\/\/vincentians.com\/es\/#website","url":"http:\/\/vincentians.com\/es\/","name":"Somos Vicencianos","description":"Know more to serve more","publisher":{"@id":"http:\/\/vincentians.com\/es\/#organization"},"potentialAction":[{"@type":"SearchAction","target":{"@type":"EntryPoint","urlTemplate":"http:\/\/vincentians.com\/es\/?s={search_term_string}"},"query-input":{"@type":"PropertyValueSpecification","valueRequired":true,"valueName":"search_term_string"}}],"inLanguage":"es"},{"@type":"Organization","@id":"http:\/\/vincentians.com\/es\/#organization","name":"The Vincentian Network","url":"http:\/\/vincentians.com\/es\/","logo":{"@type":"ImageObject","inLanguage":"es","@id":"http:\/\/vincentians.com\/es\/#\/schema\/logo\/image\/","url":"https:\/\/i1.wp.com\/vincentians.com\/es\/wp-content\/uploads\/sites\/11\/2016\/06\/Vincentian-Network-logo-big.png?fit=778%2C778","contentUrl":"https:\/\/i1.wp.com\/vincentians.com\/es\/wp-content\/uploads\/sites\/11\/2016\/06\/Vincentian-Network-logo-big.png?fit=778%2C778","width":778,"height":778,"caption":"The Vincentian Network"},"image":{"@id":"http:\/\/vincentians.com\/es\/#\/schema\/logo\/image\/"},"sameAs":["https:\/\/www.facebook.com\/WeAreVincentians\/","https:\/\/x.com\/WeVincentians"]},{"@type":"Person","@id":"http:\/\/vincentians.com\/es\/#\/schema\/person\/9623ef4d9aa3b2dfb8c061f1499288f2","name":"Francisco Javier Fern\u00e1ndez Chento","image":{"@type":"ImageObject","inLanguage":"es","@id":"http:\/\/vincentians.com\/es\/#\/schema\/person\/image\/","url":"https:\/\/secure.gravatar.com\/avatar\/497d5cde87b4c3d097d0315953521681ba2cd523ee66e5077c3711f7021e65de?s=96&d=mm&r=g","contentUrl":"https:\/\/secure.gravatar.com\/avatar\/497d5cde87b4c3d097d0315953521681ba2cd523ee66e5077c3711f7021e65de?s=96&d=mm&r=g","caption":"Francisco Javier Fern\u00e1ndez Chento"},"description":"Director General y cofundador de La Red de Formaci\u00f3n Vicenciana. Javier es laico vicenciano, afiliado a la Congregaci\u00f3n de la Misi\u00f3n y miembro del Equipo de Misiones Populares de la provincia can\u00f3nica de Zaragoza (Espa\u00f1a) de la Congregaci\u00f3n de la Misi\u00f3n. Graduado en la Universidad Oberta de Catalunya con cuatro grados (Asistente de direcci\u00f3n, Gesti\u00f3n Administrativa, Recursos Humanos y Contabilidad Avanzada). Bil\u00edng\u00fce Espa\u00f1ol\/Ingl\u00e9s. gestiona y mantiene varias p\u00e1ginas web cristianas y vicencianas, incluida including La Red de Formaci\u00f3n Vicenciana, de la que es cofundador. Actualmente es responsable del \u00e1rea de Espa\u00f1ol de .famvin, la Red de Noticias de la Familia Vicenciana. Tambi\u00e9n es m\u00fasico cat\u00f3lico y ha editado varios discos. Es Director General y cofundador de Trovador, una reconocida compa\u00f1\u00eda discogr\u00e1fica critiana de Espa\u00f1a. Trabaja en las Tecnolog\u00edas de la Informaci\u00f3n, ofreciendo servicios de alojamiento, dise\u00f1o y mantenimiento Web, as\u00ed como asesoramiento, formaci\u00f3n y soluciones inform\u00e1ticas, gesti\u00f3n documental y digitalizaci\u00f3n de textos, edici\u00f3n y maquetaci\u00f3n de libros, revistas, flyers, etc.","sameAs":["http:\/\/chento.org","https:\/\/www.facebook.com\/JavierChento","https:\/\/x.com\/https:\/\/twitter.com\/javierchento"],"url":"http:\/\/vincentians.com\/es\/author\/chento\/"}]}},"jetpack_publicize_connections":[],"jetpack_featured_media_url":"","jetpack_sharing_enabled":true,"jetpack_shortlink":"https:\/\/wp.me\/p7ETMF-AFz","jetpack-related-posts":[{"id":387094,"url":"http:\/\/vincentians.com\/es\/discipulos-de-cristo\/","url_meta":{"origin":140961,"position":0},"title":"Disc\u00edpulos de Cristo","author":"Mitxel Olabu\u00e9naga","date":"20\/02\/2016","format":false,"excerpt":"\u00abNadie puede acercarse a mi si el Padre no se lo conce\u00adde. Desde entonces muchos disc\u00edpulos se echaron atr\u00e1s v no volvieron m\u00e1s con \u00e9l. Jes\u00fas pregunt\u00f3 a los Doce: \u00bfTambi\u00e9n vosotros quer\u00e9is marcharos? Sim\u00f3n Pedro le contesto: Se\u00f1or, y \u00bfa qui\u00e9n vamos a recurrir? En tus palabras hay vida\u2026","rel":"","context":"En \u00abEspiritualidad\u00bb","block_context":{"text":"Espiritualidad","link":"http:\/\/vincentians.com\/es\/category\/espiritualidad\/"},"img":{"alt_text":"asd","src":"https:\/\/i0.wp.com\/vicencianos.org\/wp-content\/uploads\/2016\/02\/asd-300x193.png?resize=350%2C200","width":350,"height":200},"classes":[]},{"id":135783,"url":"http:\/\/vincentians.com\/es\/15o-domingo-de-tiempo-ordinario-reflexion-de-antonio-elduayen-c-m\/","url_meta":{"origin":140961,"position":1},"title":"15\u00ba Domingo de Tiempo Ordinario (reflexi\u00f3n de Antonio Elduayen, C.M.)","author":"Francisco Javier Fern\u00e1ndez Chento","date":"15\/07\/2012","format":false,"excerpt":"Queridos amigos Buscar, formar y enviar misioneros, fue una tarea fundamental y constante de Jes\u00fas. Como lo es de la Iglesia. Y ten\u00eda y tiene que ser as\u00ed si queremos establecer el Reinado del Padre Dios en el mundo. Es por ello que la primera cosa que hizo el Se\u00f1or,\u2026","rel":"","context":"En \u00abHomil\u00edas y reflexiones, A\u00f1o B\u00bb","block_context":{"text":"Homil\u00edas y reflexiones, A\u00f1o B","link":"http:\/\/vincentians.com\/es\/category\/homilias-y-reflexiones-a-la-palabra-de-dios\/homilias-y-reflexiones-ano-b\/"},"img":{"alt_text":"","src":"https:\/\/i0.wp.com\/vincentians.com\/es\/wp-content\/uploads\/sites\/11\/2016\/07\/reflexiones-palabra-de-dios.jpg?fit=1200%2C630&resize=350%2C200","width":350,"height":200,"srcset":"https:\/\/i0.wp.com\/vincentians.com\/es\/wp-content\/uploads\/sites\/11\/2016\/07\/reflexiones-palabra-de-dios.jpg?fit=1200%2C630&resize=350%2C200 1x, https:\/\/i0.wp.com\/vincentians.com\/es\/wp-content\/uploads\/sites\/11\/2016\/07\/reflexiones-palabra-de-dios.jpg?fit=1200%2C630&resize=525%2C300 1.5x, https:\/\/i0.wp.com\/vincentians.com\/es\/wp-content\/uploads\/sites\/11\/2016\/07\/reflexiones-palabra-de-dios.jpg?fit=1200%2C630&resize=700%2C400 2x, https:\/\/i0.wp.com\/vincentians.com\/es\/wp-content\/uploads\/sites\/11\/2016\/07\/reflexiones-palabra-de-dios.jpg?fit=1200%2C630&resize=1050%2C600 3x"},"classes":[]},{"id":144671,"url":"http:\/\/vincentians.com\/es\/el-servicio-de-los-pobres-con-espiritu-y-en-comunidad\/","url_meta":{"origin":140961,"position":2},"title":"El servicio de los Pobres con \u00abEsp\u00edritu\u00bb y en comunidad","author":"Francisco Javier Fern\u00e1ndez Chento","date":"09\/05\/2015","format":false,"excerpt":"Pre\u00e1mbulo: \u00bfQu\u00e9 significa el t\u00edtulo de nuestra reflexi\u00f3n? \u00a1El Servicio de los pobres con \u00abEsp\u00edritu\u00bb y en comunidad! El t\u00edtulo dado a esta charla \u00a1est\u00e1 inspirado por el Papa Francisco. En efecto, en su exhortaci\u00f3n \u201cLa Alegr\u00eda del Evangelio\u201d(Evangelii Gaudium), el cap\u00edtulo cinco conlleva un t\u00edtulo asombroso \u00ab\u00a0Evangelizadores con Esp\u00edritu\u00bb.\u2026","rel":"","context":"En \u00abEspiritualidad vicenciana\u00bb","block_context":{"text":"Espiritualidad vicenciana","link":"http:\/\/vincentians.com\/es\/category\/espiritualidad\/espiritualidad-vicenciana\/"},"img":{"alt_text":"svp-laicos-1","src":"https:\/\/i0.wp.com\/vicencianos.org\/wp-content\/2011\/11\/svp-laicos-1-300x228.jpg?resize=350%2C200","width":350,"height":200},"classes":[]},{"id":387828,"url":"http:\/\/vincentians.com\/es\/si-alguien-quiere-venir-en-pos-de-mi\/","url_meta":{"origin":140961,"position":3},"title":"Si alguien quiere venir en pos de m\u00ed\u2026","author":"Mitxel Olabu\u00e9naga","date":"23\/09\/2016","format":false,"excerpt":"La llamada de Jes\u00fas a seguirle implica muchas y radica\u00adles renuncias: negaci\u00f3n de .s\u00ed mismo, ruptura total con la ideolog\u00eda del mundo, desprendimiento efectivo de la familia, aceptaci\u00f3n ge\u00adnerosa de la cruz de cada d\u00eda. El Se\u00f1or nos invita a participar en su vida y muerte, para ser con \u00e9l\u2026","rel":"","context":"En \u00abFormaci\u00f3n Vicenciana sin categorizar\u00bb","block_context":{"text":"Formaci\u00f3n Vicenciana sin categorizar","link":"http:\/\/vincentians.com\/es\/category\/formacion-vicenciana\/formacion-vicenciana-sin-categorizar\/"},"img":{"alt_text":"asd","src":"https:\/\/i0.wp.com\/vicencianos.org\/wp-content\/uploads\/2016\/07\/asd-6-300x215.jpg?resize=350%2C200","width":350,"height":200},"classes":[]},{"id":145075,"url":"http:\/\/vincentians.com\/es\/la-ascension-del-senor-reflexion-de-la-s-s-v-p-en-espana\/","url_meta":{"origin":140961,"position":4},"title":"La Ascensi\u00f3n del Se\u00f1or (reflexi\u00f3n de la S.S.V.P. en Espa\u00f1a)","author":"Francisco Javier Fern\u00e1ndez Chento","date":"13\/05\/2015","format":false,"excerpt":"\u201cSe\u00f1or, si t\u00fa estuvieras en mi lugar, \u00bfqu\u00e9 har\u00edas en esta ocasi\u00f3n?\u201d. (SvdeP) Al principio del Libro de los Hechos de los Ap\u00f3stoles, se describe la Ascensi\u00f3n del Se\u00f1or al cielo, mientras que San Marcos nos habla de las \u00faltimas palabras e instrucciones que Jes\u00fas Resucitado dio a sus disc\u00edpulos\u2026","rel":"","context":"En \u00abHomil\u00edas y reflexiones, A\u00f1o B\u00bb","block_context":{"text":"Homil\u00edas y reflexiones, A\u00f1o B","link":"http:\/\/vincentians.com\/es\/category\/homilias-y-reflexiones-a-la-palabra-de-dios\/homilias-y-reflexiones-ano-b\/"},"img":{"alt_text":"","src":"https:\/\/i0.wp.com\/vincentians.com\/es\/wp-content\/uploads\/sites\/11\/2016\/07\/reflexiones-palabra-de-dios.jpg?fit=1200%2C630&resize=350%2C200","width":350,"height":200,"srcset":"https:\/\/i0.wp.com\/vincentians.com\/es\/wp-content\/uploads\/sites\/11\/2016\/07\/reflexiones-palabra-de-dios.jpg?fit=1200%2C630&resize=350%2C200 1x, https:\/\/i0.wp.com\/vincentians.com\/es\/wp-content\/uploads\/sites\/11\/2016\/07\/reflexiones-palabra-de-dios.jpg?fit=1200%2C630&resize=525%2C300 1.5x, https:\/\/i0.wp.com\/vincentians.com\/es\/wp-content\/uploads\/sites\/11\/2016\/07\/reflexiones-palabra-de-dios.jpg?fit=1200%2C630&resize=700%2C400 2x, https:\/\/i0.wp.com\/vincentians.com\/es\/wp-content\/uploads\/sites\/11\/2016\/07\/reflexiones-palabra-de-dios.jpg?fit=1200%2C630&resize=1050%2C600 3x"},"classes":[]},{"id":149528,"url":"http:\/\/vincentians.com\/es\/pentecostes-reflexion-de-la-s-s-v-p-en-espana-2\/","url_meta":{"origin":140961,"position":5},"title":"Pentecost\u00e9s (reflexi\u00f3n de la S.S.V.P. en Espa\u00f1a)","author":"Francisco Javier Fern\u00e1ndez Chento","date":"23\/05\/2015","format":false,"excerpt":"\"Para tender a la perfecci\u00f3n, hay que revestirse del Esp\u00edritu de Jesucristo.\" (SvdeP) En el pasaje de los Hechos de los Ap\u00f3stoles, se nos describe en detalle el acontecimiento del d\u00eda de Pentecost\u00e9s, cuando el Esp\u00edritu Santo descendi\u00f3 sobre los Ap\u00f3stoles para que cumplieran con la misi\u00f3n que se les\u2026","rel":"","context":"En \u00abHomil\u00edas y reflexiones, A\u00f1o B\u00bb","block_context":{"text":"Homil\u00edas y reflexiones, A\u00f1o B","link":"http:\/\/vincentians.com\/es\/category\/homilias-y-reflexiones-a-la-palabra-de-dios\/homilias-y-reflexiones-ano-b\/"},"img":{"alt_text":"","src":"https:\/\/i0.wp.com\/vincentians.com\/es\/wp-content\/uploads\/sites\/11\/2016\/07\/reflexiones-palabra-de-dios.jpg?fit=1200%2C630&resize=350%2C200","width":350,"height":200,"srcset":"https:\/\/i0.wp.com\/vincentians.com\/es\/wp-content\/uploads\/sites\/11\/2016\/07\/reflexiones-palabra-de-dios.jpg?fit=1200%2C630&resize=350%2C200 1x, https:\/\/i0.wp.com\/vincentians.com\/es\/wp-content\/uploads\/sites\/11\/2016\/07\/reflexiones-palabra-de-dios.jpg?fit=1200%2C630&resize=525%2C300 1.5x, https:\/\/i0.wp.com\/vincentians.com\/es\/wp-content\/uploads\/sites\/11\/2016\/07\/reflexiones-palabra-de-dios.jpg?fit=1200%2C630&resize=700%2C400 2x, https:\/\/i0.wp.com\/vincentians.com\/es\/wp-content\/uploads\/sites\/11\/2016\/07\/reflexiones-palabra-de-dios.jpg?fit=1200%2C630&resize=1050%2C600 3x"},"classes":[]}],"_links":{"self":[{"href":"http:\/\/vincentians.com\/es\/wp-json\/wp\/v2\/posts\/140961","targetHints":{"allow":["GET"]}}],"collection":[{"href":"http:\/\/vincentians.com\/es\/wp-json\/wp\/v2\/posts"}],"about":[{"href":"http:\/\/vincentians.com\/es\/wp-json\/wp\/v2\/types\/post"}],"author":[{"embeddable":true,"href":"http:\/\/vincentians.com\/es\/wp-json\/wp\/v2\/users\/4"}],"replies":[{"embeddable":true,"href":"http:\/\/vincentians.com\/es\/wp-json\/wp\/v2\/comments?post=140961"}],"version-history":[{"count":0,"href":"http:\/\/vincentians.com\/es\/wp-json\/wp\/v2\/posts\/140961\/revisions"}],"wp:featuredmedia":[{"embeddable":true,"href":"http:\/\/vincentians.com\/es\/wp-json\/"}],"wp:attachment":[{"href":"http:\/\/vincentians.com\/es\/wp-json\/wp\/v2\/media?parent=140961"}],"wp:term":[{"taxonomy":"category","embeddable":true,"href":"http:\/\/vincentians.com\/es\/wp-json\/wp\/v2\/categories?post=140961"},{"taxonomy":"post_tag","embeddable":true,"href":"http:\/\/vincentians.com\/es\/wp-json\/wp\/v2\/tags?post=140961"}],"curies":[{"name":"wp","href":"https:\/\/api.w.org\/{rel}","templated":true}]}}