{"id":14055,"date":"2019-03-30T08:00:49","date_gmt":"2019-03-30T07:00:49","guid":{"rendered":"http:\/\/somos.vicencianos.org\/blog\/?p=14055"},"modified":"2019-03-15T08:30:31","modified_gmt":"2019-03-15T07:30:31","slug":"la-justificacion-por-la-fe-de-y-en-jesus-gracia-de-dios","status":"publish","type":"post","link":"http:\/\/vincentians.com\/es\/la-justificacion-por-la-fe-de-y-en-jesus-gracia-de-dios\/","title":{"rendered":"La justificaci\u00f3n por la fe de y en Jes\u00fas: Gracia de Dios"},"content":{"rendered":"<h2>Primera parte: charla<\/h2>\n<p>\u00bfQu\u00e9 significa para usted esta frase de Pablo: \u00absomos justificados por la fe de y en Jes\u00fas y no por la obras de la ley\u00bb?<\/p>\n<p>Considerada como el \u00abtestamento de Pablo\u00bb, la carta a los Romanos nos expone de una forma m\u00e1s completa y ordenada su teolog\u00eda de la salvaci\u00f3n. La carta se divide en dos partes: Rm 1\u00ad11 donde expone sus reflexiones sobre la salvaci\u00f3n y Rm 12\u00ad15 en las que saca las consecuencias pr\u00e1cticas para la comunidad. El n\u00facleo principal de la carta es Rm 1\u00ad8.<\/p>\n<p>Veamos entonces que nos dice Pablo sobre la salvaci\u00f3n en Rm 1\u00ad8.<\/p>\n<p>Rm 1, 1\u00ad17 es una introducci\u00f3n en la que Pablo presenta el tema principal de la carta: El Evangelio de Jesucristo es para todos los pueblos, para toda la humanidad (Rm 1, 16). Cuando Pablo usa la palabra Evangelio no se refiere a un texto escrito, sino a una persona, Jes\u00fas, que con su muerte y resurrecci\u00f3n nos salva.<\/p>\n<p>Lea en este momento el texto Rm 1, 18 \u2013 3, 20.<\/p>\n<p>En este texto, Pablo expone cu\u00e1l es la situaci\u00f3n de la humanidad antes de la muerte y resurrecci\u00f3n de Jes\u00fas. La lectura de este texto nos puede dejar desconcertados y confundidos. Toda la humanidad vive bajo el yugo del pecado que conduce a la muerte. El pecado es alejamiento de Dios, que Pablo describe mediante la imagen de la \u00abira de Dios\u00bb. El trasfondo de \u00e9ste: los jud\u00edos pensaban que al cumplir la ley est\u00e1n m\u00e1s cerca de Dios y los pecadores son los dem\u00e1s, los que no cumplen la ley.<\/p>\n<p>\u00bfUsted cree que por asistir todos los d\u00edas a misa y comulgar, por tener obras de caridad, por servir al pobre, etc., est\u00e1 m\u00e1s cerca de Dios? \u00bfUsted cree que sus obras le salvan y justifican ante Dios?<\/p>\n<p>Pablo desautoriza este modo de pensar y afirma que \u00abest\u00e1n todos bajo el pecado\u00bb (Rm 3, 20), tanto los jud\u00edos con su ley, como los paganos que adoran los \u00eddolos.<\/p>\n<p>En Rm 3, 21 \u2013 2, 25, Pablo anuncia qu\u00e9 es lo que se manifiesta en el Evangelio: la \u00abjusticia de Dios\u00bb. Todos est\u00e1bamos en pecado y todos somos salvados por Jes\u00fas; salvados no por las obras de la ley, sino por la justicia y el amor de Dios manifestado en Jes\u00fas (Rm 3, 23\u00ad24). La teolog\u00eda tradicional, ha reducido la Gracia a una \u00abcosa\u00bb y al hacerla girar casi exclusivamente sobre la categor\u00eda del \u00abm\u00e9rito\u00bb (no ileg\u00edtima en s\u00ed misma, pero s\u00ed en su inflaci\u00f3n excesiva, la cual impide mantener su cambio radical de significado cuando el ser humano la dice de su relaci\u00f3n de Dios), acab\u00f3 por convertir el tratado de la Gracia en un tratado de \u00abpesas y medidas\u00bb.<\/p>\n<p>Para explicar el efecto de la Gracia en el ser humano, o el efecto concreto de la victoria sobre el pecado, Pablo acu\u00f1\u00f3 la palabra \u00abjustificaci\u00f3n\u00bb. No resulta hoy un vocablo muy \u00fatil, porque la justificaci\u00f3n suena casi siempre a excusa o disculpa ofrecida ante las dem\u00e1s personas y que, por tanto, impide la condena o la falta de aprecio de la gente. Y es un dato innegable que la vida de los seres humanos es una b\u00fasqueda constante o un tejido continuo de tales \u00abjustificaciones\u00bb: el ser humano es necesidad de justificaci\u00f3n, aun al margen de si las justificaciones que \u00e9l asigna son objetivamente v\u00e1lidas y verdaderas.<\/p>\n<p>Pero, en realidad, no era \u00e9se exactamente el significado paulino del t\u00e9rmino, el cual, no obstante, es comprensible para nosotros etimol\u00f3gicamente; pues justificar equivale a \u00abhacer justo\u00bb, en el sentido m\u00e1s amplio de la palabra. Una persona \u00abjustificada\u00bb es, por tanto, una persona \u00abbuena\u00bb, cuya bondad no resiste todos los \u00abcontroles de calidad\u00bb. La justificaci\u00f3n paulina es, pues, la transformaci\u00f3n de la persona, de inhumana en buena y, por tanto, en plenamente humana.<\/p>\n<p>Esta aproximaci\u00f3n al t\u00e9rmino \u00abjustificaci\u00f3n\u00bb nos permite comprender tambi\u00e9n que, en el horizonte sem\u00e1ntico moderno, puede sustituirse por \u00abrealizaci\u00f3n humana\u00bb, \u00abhumanizaci\u00f3n\u00bb, \u00abrehabilitaci\u00f3n\u00bb, \u00abperd\u00f3n\u00bb, \u00abliberaci\u00f3n\u00bb (de la inhumanidad de la persona), \u00abregeneraci\u00f3n\u00bb, etc. No obstante, es preciso reconocer que no tenemos hoy una palabra que sustituya un\u00edvoca y adecuadamente (y pedag\u00f3gicamente) a la antigua justificaci\u00f3n.<\/p>\n<p>La Gracia, pues, comienza con la transformaci\u00f3n del ser humano \u00abjustific\u00e1ndolo\u00bb, si bien esa justificaci\u00f3n debe ser entendida como algo hist\u00f3rico que, a la vez que ya est\u00e1, ha de desarrollarse. En Rm 5 \u2013 8, Pablo intenta perseguir experiencialmente ese desarrollo.<\/p>\n<p>Rm 5, 1\u00ad21 es el centro nuclear de la carta. Aqu\u00ed el lenguaje de Pablo cambia radicalmente, ya no habla de la \u00abira de Dios\u00bb, sino del \u00abamor de Dios\u00bb (Rm 5, 5); ya no dice que estamos alejados de Dios, sino que \u00abestamos en paz con Dios\u00bb (Rm 5, 1); ya no habla de una situaci\u00f3n de muerte, sino de vida (Rm 5, 18). Este cambio se debe al gran acontecimiento salvador: la muerte y resurrecci\u00f3n de Jes\u00fas que nos reconcilia con Dios (Rm 5, 10\u00ad11).<\/p>\n<p>Rm 6, 1 \u2013 8, 17. Si antes Pablo habl\u00f3 de la humanidad antes de Jes\u00fas, ahora habla de la comunidad despu\u00e9s de la muerte y resurrecci\u00f3n de Jes\u00fas y hasta la salvaci\u00f3n final. En estos textos Pablo habla en primera persona del plural: \u00abnosotros\u00bb, se refiere a la comunidad, que despu\u00e9s de haber sido justificada por la fe en Jes\u00fas, recibe el Esp\u00edritu para vivir una \u00abvida nueva\u00bb (Rm 6, 4), como \u00abhijos de Dios\u00bb (Rm 8, 14\u00ad17); es un tiempo de lucha interior contra las fuerzas del pecado (Rm 7, 21\u00ad23).<\/p>\n<p>En Rm 8, 18\u00ad39, Pablo nos habla de la esperanza (Rm 8, 24). No s\u00f3lo la comunidad sino toda la creaci\u00f3n aguarda, con dolores de parto, el tiempo de la liberaci\u00f3n definitiva (Rm 8, 22). Y termina con un himno al amor de Dios (Rm 8, 31\u00ad39), es un texto que cierra el arco que se abri\u00f3 en Rm 5, 5. Hemos de notar que Pablo no predica una esperanza evasiva, ni una espiritualidad alejada del mundo. Cuando habla de esperanza menciona el hambre, la persecuci\u00f3n, los peligros y sufrimientos que la comunidad padece, porque ser justificados no significa que desaparecen todos los problemas; pero la comunidad tiene la certeza que nada ni nadie le separar\u00e1 ya del amor de Dios, ese amor que libera (Rm 8, 35a).<\/p>\n<p>En pocas palabras, se presenta la Gracia en el ser humano como un proceso de liberaci\u00f3n DE (liberaci\u00f3n del pecado, de la Ley, de lo anticuado y obsoleto, etc.). Nos recuerda el car\u00e1cter hist\u00f3rico de esa liberaci\u00f3n y, por eso, su experiencia contradictoria: el ser humano se siente, a la vez, libre y esclavo. Y, finalmente, presenta la transformaci\u00f3n producida por la Gracia como una liberaci\u00f3n PARA (para las obras del Esp\u00edritu de Dios \u00ady, por tanto, de los hijos de Dios\u00ad y no del falso esp\u00edritu humano).<\/p>\n<p>\u00bfQu\u00e9 exige al cristianismo en Am\u00e9rica Latina pronunciarse sobre la justificaci\u00f3n por la fe?<\/p>\n<p>B\u00e1sicamente, exige tener como punto de partida la vida actual de los pobres y excluidos, y en relaci\u00f3n a estos, la vida de los dem\u00e1s. El pobre hace referencia al oprimido, al d\u00e9bil, al hambriento; al marginado, rechazado, deslegitimado, indigno, humillado, impotente, insignificante; al sujeto excluido en el plano econ\u00f3mico\u00adcultural.<\/p>\n<p>Ante el gran desaf\u00edo de la exclusi\u00f3n creciente de grandes sectores de la humanidad al acceso de las necesidades b\u00e1sicas, indispensables para vivir dignamente, \u00bfqu\u00e9 tiene que decir la justificaci\u00f3n por la fe?<\/p>\n<p>En estas sociedades donde el mercado tiende a regular las leyes, hay libertad para que todos participen, pero obviamente no son muchos los que tienen medios para hacerlo. Estos, que son la mayor\u00eda, quedan excluidos, y su vida se torna permanentemente amenazada. El costo social de este sistema es tan grande que te\u00f3logos y economistas develan su car\u00e1cter idol\u00e1trico porque exigen el sacrificio de vidas humanas.<\/p>\n<p>En Latinoam\u00e9rica necesitamos pensar a partir de la propia humanidad negada, con los no\u00adpersona, que Gustavo Guti\u00e9rrez los define como \u00abaquellos no considerados como seres humanos por el actual orden social: clases explotadas, razas marginadas, culturas despreciadas \u00addonde la mujer de esos sectores es, doblemente explotada, marginada y despreciada. De acuerdo a la experiencia, muy frecuentemente la vida en la marginaci\u00f3n carcome espacios \u00edntimos de la persona hasta hacerla indigna e insignificante, frente a s\u00ed misma, frente a los dem\u00e1s y hasta frente a Dios. El sentido de la vida desaparece en el horizonte.<\/p>\n<p>\u00bfQu\u00e9 hacer entonces, ante la el hambre y la insignificancia que desaf\u00edan la doctrina de la justificaci\u00f3n de la fe?<\/p>\n<p>Al mencionar la vida de los pobres, el tema de la justificaci\u00f3n pasa necesariamente por otra l\u00f3gica distinta a la conocida. La existencia de los pobres nos indica tambi\u00e9n que hay seres responsables de su existencia. Lo que se quiere decir es que un acercamiento orientado hacia la afirmaci\u00f3n de la persona se vuelve indispensable en un contexto donde los rostros de los seres humanos han sido deformados por la pobreza, la violaci\u00f3n de sus derechos y la humillaci\u00f3n.<\/p>\n<p>Si lo que amenaza la vida de los seres humanos es pecado, hoy d\u00eda \u00e9ste se percebe como un poder indestructible. San Pablo lo percibi\u00f3 as\u00ed en su historia, como un mecanismo tejido bajo la injusticia, que hace de todos los humanos sus esclavos, los que dirigen sin Dios el destino de la historia, y los dirigidos por aquellos. Es un sistema que amenaza la vida de muchos, de la gran mayor\u00eda.<\/p>\n<p>Es estudio de la justificaci\u00f3n como afirmaci\u00f3n de la vida ha de tener el rostro peculiar del pobre, no solo su opresi\u00f3n econ\u00f3mica, sino tambi\u00e9n, su dignidad negada como ser humano.<\/p>\n<p>Busque y lea Rm 5, 1\u00ad12. \u00bfCu\u00e1l es la idea principal de este texto? \u00bfQu\u00e9 quiere decir la palabra \u00abjustificaci\u00f3n\u00bb en la teolog\u00eda de Pablo? \u00bfCu\u00e1l es, para Pablo, la prueba de que Dios nos ama? \u00bfQu\u00e9 significa, para Pablo la \u00abfe en Jesucristo\u00bb? \u00bfSe trata de fe s\u00f3lo de palabras? \u00bfPor qu\u00e9? Comparando este texto con Rm 1, 18 \u2013 3, 20, \u00bfqu\u00e9 diferencias encuentra? \u00bfQu\u00e9 aplicaci\u00f3n concreta da usted a la teolog\u00eda de Pablo en nuestra realidad?<\/p>\n<p>Leer estas palabras de Monse\u00f1or Romero y compartir la reflexi\u00f3n:<\/p>\n<p>\u00abNo es el esfuerzo humano, no es la Ley; es un d\u00e1diva de iniciativa gratuita de Dios, justifica a quien el quiere, no a una que quisiera por su propio orgullo subir hasta Dios \u00a1Imposible! S\u00f3lo Dios llama a esta justificaci\u00f3n. Pero ese Dios no es un Dios que no lo podamos encontrar. Esto es lo m\u00e1s bello: que Dios se hizo hombre y sali\u00f3 por los caminos para encontrarse con ellos. En Cristo est\u00e1 la justificaci\u00f3n de Dios. Cristo es el Dios que perdona, el Dios que justifica. Cristo es el Dios que ha venido no a condenar sino a perdonar. A nadie excluye\u00bb (Homil\u00eda 11 de junio de 1978).<\/p>\n<p>\u00bfC\u00f3mo explica Monse\u00f1or Romero la justificaci\u00f3n? \u00bfC\u00f3mo podemos traducir esta doctrina de la justificaci\u00f3n a nuestras vidas?<\/p>\n<h2>Segunda parte: estudio de un texto<\/h2>\n<p>Rm 8, 1\u00ad17<\/p>\n<ol>\n<li>Conformarse en grupos de 5 personas m\u00e1ximo.<\/li>\n<li>Estudiar y meditar el texto: Lectura del texto, dos m\u00e1s veces, luego repetirlo con las propias palabras. Estudio y meditaci\u00f3n del texto (no se entretenga demasiado en este punto, busque lo pr\u00e1ctico, r\u00e1pido y sint\u00e9tico): Cualidad del texto, lenguaje, estilo, g\u00e9nero literario, divisi\u00f3n interna, contenido, detalles. Autor, para qui\u00e9n, por qu\u00e9 les escribi\u00f3, qu\u00e9 escribi\u00f3, c\u00f3mo escribi\u00f3, desde d\u00f3nde y cu\u00e1ndo escribi\u00f3. Situaci\u00f3n de la comunidad: contexto de la comunidad y del pueblo, posibles conflictos que provocara el texto. La situaci\u00f3n econ\u00f3mica, social, pol\u00edtica, ideol\u00f3gica, religiosa, antropol\u00f3gica, psicol\u00f3gica. (Consultar textos)<\/li>\n<li>Escuchar el mensaje de la Palabra de Dios: ver como el texto toma partido en los conflictos de la \u00e9poca y como puede hacerlo en la actualidad. Mensaje del texto de Pablo para la comunidad de aquellos tiempos y ahora para nuestra comunidad cristiana. Buscar que todo lo que se ha descubierto sea un espejo y nos permita comparar el ayer y el hoy, utilizando las siguientes preguntas: \u00bfQu\u00e9 es lo que libera al ser humano de la ley del pecado y la muerte? \u00bf Por qu\u00e9 dice Pablo que \u00abDios hizo lo que la ley de Mois\u00e9s no pudo hacer\u00bb? \u00bfQu\u00e9 significa para Pablo vivir seg\u00fan \u00abla carne\u00bb, seg\u00fan \u00abla naturaleza d\u00e9bil\u00bb? \u00bfSeg\u00fan Pablo, el esp\u00edritu que recibimos en el bautismo es un esp\u00edritu de categor\u00eda inferior, de segunda clase o algo parecido? \u00bfSi o no y por qu\u00e9? \u00bfPara Pablo, qui\u00e9nes son los verdaderos hijos de Dios? \u00bfSi ya recibiste el Esp\u00edritu de Dios, por qu\u00e9 sigues viviendo en la esclavitud y el miedo? \u00bfA qu\u00e9 clase de sufrimiento se refiere Pablo, cu\u00e1ndo dice \u00abpuesto que sufrimos con \u00c9l\u00bb (v. 17)?<\/li>\n<li>Celebrar la Palabra recibida, estudiada y reflexionada: Utilizar la creatividad del grupo, de tal forma que se acent\u00fae plenamente el sentido del texto, su actualizaci\u00f3n y el compromiso que deja.<\/li>\n<\/ol>\n","protected":false},"excerpt":{"rendered":"<p>Primera parte: charla \u00bfQu\u00e9 significa para usted esta frase de Pablo: \u00absomos justificados por la fe de y en Jes\u00fas y no por la obras de la ley\u00bb? Considerada como el \u00abtestamento de Pablo\u00bb, la &#8230; <a href=\"http:\/\/vincentians.com\/es\/la-justificacion-por-la-fe-de-y-en-jesus-gracia-de-dios\/\" class=\"more-link\">Read More<\/a><\/p>\n","protected":false},"author":4,"featured_media":399979,"comment_status":"open","ping_status":"open","sticky":false,"template":"","format":"standard","meta":{"jetpack_post_was_ever_published":false,"_jetpack_newsletter_access":"","_jetpack_dont_email_post_to_subs":false,"_jetpack_newsletter_tier_id":0,"_jetpack_memberships_contains_paywalled_content":false,"_jetpack_memberships_contains_paid_content":false,"footnotes":"","jetpack_publicize_message":"","jetpack_publicize_feature_enabled":true,"jetpack_social_post_already_shared":true,"jetpack_social_options":{"image_generator_settings":{"template":"highway","default_image_id":0,"font":"","enabled":false},"version":2}},"categories":[29],"tags":[],"class_list":["post-14055","post","type-post","status-publish","format-standard","has-post-thumbnail","hentry","category-formacion-cristiana"],"yoast_head":"<!-- This site is optimized with the Yoast SEO plugin v26.3 - https:\/\/yoast.com\/wordpress\/plugins\/seo\/ -->\n<title>La justificaci\u00f3n por la fe de y en Jes\u00fas: Gracia de Dios - Somos Vicencianos<\/title>\n<meta name=\"robots\" content=\"index, follow, max-snippet:-1, max-image-preview:large, max-video-preview:-1\" \/>\n<link rel=\"canonical\" href=\"http:\/\/vincentians.com\/es\/la-justificacion-por-la-fe-de-y-en-jesus-gracia-de-dios\/\" \/>\n<meta property=\"og:locale\" content=\"es_ES\" \/>\n<meta property=\"og:type\" content=\"article\" \/>\n<meta property=\"og:title\" content=\"La justificaci\u00f3n por la fe de y en Jes\u00fas: Gracia de Dios - Somos Vicencianos\" \/>\n<meta property=\"og:description\" content=\"Primera parte: charla \u00bfQu\u00e9 significa para usted esta frase de Pablo: \u00absomos justificados por la fe de y en Jes\u00fas y no por la obras de la ley\u00bb? Considerada como el \u00abtestamento de Pablo\u00bb, la ... Read More\" \/>\n<meta property=\"og:url\" content=\"http:\/\/vincentians.com\/es\/la-justificacion-por-la-fe-de-y-en-jesus-gracia-de-dios\/\" \/>\n<meta property=\"og:site_name\" content=\"Somos Vicencianos\" \/>\n<meta property=\"article:publisher\" content=\"https:\/\/www.facebook.com\/WeAreVincentians\/\" \/>\n<meta property=\"article:author\" content=\"https:\/\/www.facebook.com\/JavierChento\" \/>\n<meta property=\"article:published_time\" content=\"2019-03-30T07:00:49+00:00\" \/>\n<meta property=\"og:image\" content=\"https:\/\/i0.wp.com\/vincentians.com\/es\/wp-content\/uploads\/sites\/11\/2016\/09\/identidad.jpg?fit=1200%2C630\" \/>\n\t<meta property=\"og:image:width\" content=\"1200\" \/>\n\t<meta property=\"og:image:height\" content=\"630\" \/>\n\t<meta property=\"og:image:type\" content=\"image\/jpeg\" \/>\n<meta name=\"author\" content=\"Francisco Javier Fern\u00e1ndez Chento\" \/>\n<meta name=\"twitter:card\" content=\"summary_large_image\" \/>\n<meta name=\"twitter:creator\" content=\"@https:\/\/twitter.com\/javierchento\" \/>\n<meta name=\"twitter:site\" content=\"@WeVincentians\" \/>\n<meta name=\"twitter:label1\" content=\"Escrito por\" \/>\n\t<meta name=\"twitter:data1\" content=\"Francisco Javier Fern\u00e1ndez Chento\" \/>\n\t<meta name=\"twitter:label2\" content=\"Tiempo de lectura\" \/>\n\t<meta name=\"twitter:data2\" content=\"11 minutos\" \/>\n<script type=\"application\/ld+json\" class=\"yoast-schema-graph\">{\"@context\":\"https:\/\/schema.org\",\"@graph\":[{\"@type\":\"Article\",\"@id\":\"http:\/\/vincentians.com\/es\/la-justificacion-por-la-fe-de-y-en-jesus-gracia-de-dios\/#article\",\"isPartOf\":{\"@id\":\"http:\/\/vincentians.com\/es\/la-justificacion-por-la-fe-de-y-en-jesus-gracia-de-dios\/\"},\"author\":{\"name\":\"Francisco Javier Fern\u00e1ndez Chento\",\"@id\":\"http:\/\/vincentians.com\/es\/#\/schema\/person\/9623ef4d9aa3b2dfb8c061f1499288f2\"},\"headline\":\"La justificaci\u00f3n por la fe de y en Jes\u00fas: Gracia de Dios\",\"datePublished\":\"2019-03-30T07:00:49+00:00\",\"mainEntityOfPage\":{\"@id\":\"http:\/\/vincentians.com\/es\/la-justificacion-por-la-fe-de-y-en-jesus-gracia-de-dios\/\"},\"wordCount\":2239,\"commentCount\":1,\"publisher\":{\"@id\":\"http:\/\/vincentians.com\/es\/#organization\"},\"image\":{\"@id\":\"http:\/\/vincentians.com\/es\/la-justificacion-por-la-fe-de-y-en-jesus-gracia-de-dios\/#primaryimage\"},\"thumbnailUrl\":\"https:\/\/i0.wp.com\/vincentians.com\/es\/wp-content\/uploads\/sites\/11\/2016\/09\/identidad.jpg?fit=1200%2C630\",\"articleSection\":[\"Formaci\u00f3n Cristiana\"],\"inLanguage\":\"es\",\"potentialAction\":[{\"@type\":\"CommentAction\",\"name\":\"Comment\",\"target\":[\"http:\/\/vincentians.com\/es\/la-justificacion-por-la-fe-de-y-en-jesus-gracia-de-dios\/#respond\"]}]},{\"@type\":\"WebPage\",\"@id\":\"http:\/\/vincentians.com\/es\/la-justificacion-por-la-fe-de-y-en-jesus-gracia-de-dios\/\",\"url\":\"http:\/\/vincentians.com\/es\/la-justificacion-por-la-fe-de-y-en-jesus-gracia-de-dios\/\",\"name\":\"La justificaci\u00f3n por la fe de y en Jes\u00fas: Gracia de Dios - Somos Vicencianos\",\"isPartOf\":{\"@id\":\"http:\/\/vincentians.com\/es\/#website\"},\"primaryImageOfPage\":{\"@id\":\"http:\/\/vincentians.com\/es\/la-justificacion-por-la-fe-de-y-en-jesus-gracia-de-dios\/#primaryimage\"},\"image\":{\"@id\":\"http:\/\/vincentians.com\/es\/la-justificacion-por-la-fe-de-y-en-jesus-gracia-de-dios\/#primaryimage\"},\"thumbnailUrl\":\"https:\/\/i0.wp.com\/vincentians.com\/es\/wp-content\/uploads\/sites\/11\/2016\/09\/identidad.jpg?fit=1200%2C630\",\"datePublished\":\"2019-03-30T07:00:49+00:00\",\"breadcrumb\":{\"@id\":\"http:\/\/vincentians.com\/es\/la-justificacion-por-la-fe-de-y-en-jesus-gracia-de-dios\/#breadcrumb\"},\"inLanguage\":\"es\",\"potentialAction\":[{\"@type\":\"ReadAction\",\"target\":[\"http:\/\/vincentians.com\/es\/la-justificacion-por-la-fe-de-y-en-jesus-gracia-de-dios\/\"]}]},{\"@type\":\"ImageObject\",\"inLanguage\":\"es\",\"@id\":\"http:\/\/vincentians.com\/es\/la-justificacion-por-la-fe-de-y-en-jesus-gracia-de-dios\/#primaryimage\",\"url\":\"https:\/\/i0.wp.com\/vincentians.com\/es\/wp-content\/uploads\/sites\/11\/2016\/09\/identidad.jpg?fit=1200%2C630\",\"contentUrl\":\"https:\/\/i0.wp.com\/vincentians.com\/es\/wp-content\/uploads\/sites\/11\/2016\/09\/identidad.jpg?fit=1200%2C630\",\"width\":1200,\"height\":630},{\"@type\":\"BreadcrumbList\",\"@id\":\"http:\/\/vincentians.com\/es\/la-justificacion-por-la-fe-de-y-en-jesus-gracia-de-dios\/#breadcrumb\",\"itemListElement\":[{\"@type\":\"ListItem\",\"position\":1,\"name\":\"Portada\",\"item\":\"http:\/\/vincentians.com\/es\/\"},{\"@type\":\"ListItem\",\"position\":2,\"name\":\"La justificaci\u00f3n por la fe de y en Jes\u00fas: Gracia de Dios\"}]},{\"@type\":\"WebSite\",\"@id\":\"http:\/\/vincentians.com\/es\/#website\",\"url\":\"http:\/\/vincentians.com\/es\/\",\"name\":\"Somos Vicencianos\",\"description\":\"Know more to serve more\",\"publisher\":{\"@id\":\"http:\/\/vincentians.com\/es\/#organization\"},\"potentialAction\":[{\"@type\":\"SearchAction\",\"target\":{\"@type\":\"EntryPoint\",\"urlTemplate\":\"http:\/\/vincentians.com\/es\/?s={search_term_string}\"},\"query-input\":{\"@type\":\"PropertyValueSpecification\",\"valueRequired\":true,\"valueName\":\"search_term_string\"}}],\"inLanguage\":\"es\"},{\"@type\":\"Organization\",\"@id\":\"http:\/\/vincentians.com\/es\/#organization\",\"name\":\"The Vincentian Network\",\"url\":\"http:\/\/vincentians.com\/es\/\",\"logo\":{\"@type\":\"ImageObject\",\"inLanguage\":\"es\",\"@id\":\"http:\/\/vincentians.com\/es\/#\/schema\/logo\/image\/\",\"url\":\"https:\/\/i1.wp.com\/vincentians.com\/es\/wp-content\/uploads\/sites\/11\/2016\/06\/Vincentian-Network-logo-big.png?fit=778%2C778\",\"contentUrl\":\"https:\/\/i1.wp.com\/vincentians.com\/es\/wp-content\/uploads\/sites\/11\/2016\/06\/Vincentian-Network-logo-big.png?fit=778%2C778\",\"width\":778,\"height\":778,\"caption\":\"The Vincentian Network\"},\"image\":{\"@id\":\"http:\/\/vincentians.com\/es\/#\/schema\/logo\/image\/\"},\"sameAs\":[\"https:\/\/www.facebook.com\/WeAreVincentians\/\",\"https:\/\/x.com\/WeVincentians\"]},{\"@type\":\"Person\",\"@id\":\"http:\/\/vincentians.com\/es\/#\/schema\/person\/9623ef4d9aa3b2dfb8c061f1499288f2\",\"name\":\"Francisco Javier Fern\u00e1ndez Chento\",\"image\":{\"@type\":\"ImageObject\",\"inLanguage\":\"es\",\"@id\":\"http:\/\/vincentians.com\/es\/#\/schema\/person\/image\/\",\"url\":\"https:\/\/secure.gravatar.com\/avatar\/497d5cde87b4c3d097d0315953521681ba2cd523ee66e5077c3711f7021e65de?s=96&d=mm&r=g\",\"contentUrl\":\"https:\/\/secure.gravatar.com\/avatar\/497d5cde87b4c3d097d0315953521681ba2cd523ee66e5077c3711f7021e65de?s=96&d=mm&r=g\",\"caption\":\"Francisco Javier Fern\u00e1ndez Chento\"},\"description\":\"Director General y cofundador de La Red de Formaci\u00f3n Vicenciana. Javier es laico vicenciano, afiliado a la Congregaci\u00f3n de la Misi\u00f3n y miembro del Equipo de Misiones Populares de la provincia can\u00f3nica de Zaragoza (Espa\u00f1a) de la Congregaci\u00f3n de la Misi\u00f3n. Graduado en la Universidad Oberta de Catalunya con cuatro grados (Asistente de direcci\u00f3n, Gesti\u00f3n Administrativa, Recursos Humanos y Contabilidad Avanzada). Bil\u00edng\u00fce Espa\u00f1ol\/Ingl\u00e9s. gestiona y mantiene varias p\u00e1ginas web cristianas y vicencianas, incluida including La Red de Formaci\u00f3n Vicenciana, de la que es cofundador. Actualmente es responsable del \u00e1rea de Espa\u00f1ol de .famvin, la Red de Noticias de la Familia Vicenciana. Tambi\u00e9n es m\u00fasico cat\u00f3lico y ha editado varios discos. Es Director General y cofundador de Trovador, una reconocida compa\u00f1\u00eda discogr\u00e1fica critiana de Espa\u00f1a. Trabaja en las Tecnolog\u00edas de la Informaci\u00f3n, ofreciendo servicios de alojamiento, dise\u00f1o y mantenimiento Web, as\u00ed como asesoramiento, formaci\u00f3n y soluciones inform\u00e1ticas, gesti\u00f3n documental y digitalizaci\u00f3n de textos, edici\u00f3n y maquetaci\u00f3n de libros, revistas, flyers, etc.\",\"sameAs\":[\"http:\/\/chento.org\",\"https:\/\/www.facebook.com\/JavierChento\",\"https:\/\/x.com\/https:\/\/twitter.com\/javierchento\"],\"url\":\"http:\/\/vincentians.com\/es\/author\/chento\/\"}]}<\/script>\n<!-- \/ Yoast SEO plugin. -->","yoast_head_json":{"title":"La justificaci\u00f3n por la fe de y en Jes\u00fas: Gracia de Dios - Somos Vicencianos","robots":{"index":"index","follow":"follow","max-snippet":"max-snippet:-1","max-image-preview":"max-image-preview:large","max-video-preview":"max-video-preview:-1"},"canonical":"http:\/\/vincentians.com\/es\/la-justificacion-por-la-fe-de-y-en-jesus-gracia-de-dios\/","og_locale":"es_ES","og_type":"article","og_title":"La justificaci\u00f3n por la fe de y en Jes\u00fas: Gracia de Dios - Somos Vicencianos","og_description":"Primera parte: charla \u00bfQu\u00e9 significa para usted esta frase de Pablo: \u00absomos justificados por la fe de y en Jes\u00fas y no por la obras de la ley\u00bb? Considerada como el \u00abtestamento de Pablo\u00bb, la ... Read More","og_url":"http:\/\/vincentians.com\/es\/la-justificacion-por-la-fe-de-y-en-jesus-gracia-de-dios\/","og_site_name":"Somos Vicencianos","article_publisher":"https:\/\/www.facebook.com\/WeAreVincentians\/","article_author":"https:\/\/www.facebook.com\/JavierChento","article_published_time":"2019-03-30T07:00:49+00:00","og_image":[{"width":1200,"height":630,"url":"https:\/\/i0.wp.com\/vincentians.com\/es\/wp-content\/uploads\/sites\/11\/2016\/09\/identidad.jpg?fit=1200%2C630","type":"image\/jpeg"}],"author":"Francisco Javier Fern\u00e1ndez Chento","twitter_card":"summary_large_image","twitter_creator":"@https:\/\/twitter.com\/javierchento","twitter_site":"@WeVincentians","twitter_misc":{"Escrito por":"Francisco Javier Fern\u00e1ndez Chento","Tiempo de lectura":"11 minutos"},"schema":{"@context":"https:\/\/schema.org","@graph":[{"@type":"Article","@id":"http:\/\/vincentians.com\/es\/la-justificacion-por-la-fe-de-y-en-jesus-gracia-de-dios\/#article","isPartOf":{"@id":"http:\/\/vincentians.com\/es\/la-justificacion-por-la-fe-de-y-en-jesus-gracia-de-dios\/"},"author":{"name":"Francisco Javier Fern\u00e1ndez Chento","@id":"http:\/\/vincentians.com\/es\/#\/schema\/person\/9623ef4d9aa3b2dfb8c061f1499288f2"},"headline":"La justificaci\u00f3n por la fe de y en Jes\u00fas: Gracia de Dios","datePublished":"2019-03-30T07:00:49+00:00","mainEntityOfPage":{"@id":"http:\/\/vincentians.com\/es\/la-justificacion-por-la-fe-de-y-en-jesus-gracia-de-dios\/"},"wordCount":2239,"commentCount":1,"publisher":{"@id":"http:\/\/vincentians.com\/es\/#organization"},"image":{"@id":"http:\/\/vincentians.com\/es\/la-justificacion-por-la-fe-de-y-en-jesus-gracia-de-dios\/#primaryimage"},"thumbnailUrl":"https:\/\/i0.wp.com\/vincentians.com\/es\/wp-content\/uploads\/sites\/11\/2016\/09\/identidad.jpg?fit=1200%2C630","articleSection":["Formaci\u00f3n Cristiana"],"inLanguage":"es","potentialAction":[{"@type":"CommentAction","name":"Comment","target":["http:\/\/vincentians.com\/es\/la-justificacion-por-la-fe-de-y-en-jesus-gracia-de-dios\/#respond"]}]},{"@type":"WebPage","@id":"http:\/\/vincentians.com\/es\/la-justificacion-por-la-fe-de-y-en-jesus-gracia-de-dios\/","url":"http:\/\/vincentians.com\/es\/la-justificacion-por-la-fe-de-y-en-jesus-gracia-de-dios\/","name":"La justificaci\u00f3n por la fe de y en Jes\u00fas: Gracia de Dios - Somos Vicencianos","isPartOf":{"@id":"http:\/\/vincentians.com\/es\/#website"},"primaryImageOfPage":{"@id":"http:\/\/vincentians.com\/es\/la-justificacion-por-la-fe-de-y-en-jesus-gracia-de-dios\/#primaryimage"},"image":{"@id":"http:\/\/vincentians.com\/es\/la-justificacion-por-la-fe-de-y-en-jesus-gracia-de-dios\/#primaryimage"},"thumbnailUrl":"https:\/\/i0.wp.com\/vincentians.com\/es\/wp-content\/uploads\/sites\/11\/2016\/09\/identidad.jpg?fit=1200%2C630","datePublished":"2019-03-30T07:00:49+00:00","breadcrumb":{"@id":"http:\/\/vincentians.com\/es\/la-justificacion-por-la-fe-de-y-en-jesus-gracia-de-dios\/#breadcrumb"},"inLanguage":"es","potentialAction":[{"@type":"ReadAction","target":["http:\/\/vincentians.com\/es\/la-justificacion-por-la-fe-de-y-en-jesus-gracia-de-dios\/"]}]},{"@type":"ImageObject","inLanguage":"es","@id":"http:\/\/vincentians.com\/es\/la-justificacion-por-la-fe-de-y-en-jesus-gracia-de-dios\/#primaryimage","url":"https:\/\/i0.wp.com\/vincentians.com\/es\/wp-content\/uploads\/sites\/11\/2016\/09\/identidad.jpg?fit=1200%2C630","contentUrl":"https:\/\/i0.wp.com\/vincentians.com\/es\/wp-content\/uploads\/sites\/11\/2016\/09\/identidad.jpg?fit=1200%2C630","width":1200,"height":630},{"@type":"BreadcrumbList","@id":"http:\/\/vincentians.com\/es\/la-justificacion-por-la-fe-de-y-en-jesus-gracia-de-dios\/#breadcrumb","itemListElement":[{"@type":"ListItem","position":1,"name":"Portada","item":"http:\/\/vincentians.com\/es\/"},{"@type":"ListItem","position":2,"name":"La justificaci\u00f3n por la fe de y en Jes\u00fas: Gracia de Dios"}]},{"@type":"WebSite","@id":"http:\/\/vincentians.com\/es\/#website","url":"http:\/\/vincentians.com\/es\/","name":"Somos Vicencianos","description":"Know more to serve more","publisher":{"@id":"http:\/\/vincentians.com\/es\/#organization"},"potentialAction":[{"@type":"SearchAction","target":{"@type":"EntryPoint","urlTemplate":"http:\/\/vincentians.com\/es\/?s={search_term_string}"},"query-input":{"@type":"PropertyValueSpecification","valueRequired":true,"valueName":"search_term_string"}}],"inLanguage":"es"},{"@type":"Organization","@id":"http:\/\/vincentians.com\/es\/#organization","name":"The Vincentian Network","url":"http:\/\/vincentians.com\/es\/","logo":{"@type":"ImageObject","inLanguage":"es","@id":"http:\/\/vincentians.com\/es\/#\/schema\/logo\/image\/","url":"https:\/\/i1.wp.com\/vincentians.com\/es\/wp-content\/uploads\/sites\/11\/2016\/06\/Vincentian-Network-logo-big.png?fit=778%2C778","contentUrl":"https:\/\/i1.wp.com\/vincentians.com\/es\/wp-content\/uploads\/sites\/11\/2016\/06\/Vincentian-Network-logo-big.png?fit=778%2C778","width":778,"height":778,"caption":"The Vincentian Network"},"image":{"@id":"http:\/\/vincentians.com\/es\/#\/schema\/logo\/image\/"},"sameAs":["https:\/\/www.facebook.com\/WeAreVincentians\/","https:\/\/x.com\/WeVincentians"]},{"@type":"Person","@id":"http:\/\/vincentians.com\/es\/#\/schema\/person\/9623ef4d9aa3b2dfb8c061f1499288f2","name":"Francisco Javier Fern\u00e1ndez Chento","image":{"@type":"ImageObject","inLanguage":"es","@id":"http:\/\/vincentians.com\/es\/#\/schema\/person\/image\/","url":"https:\/\/secure.gravatar.com\/avatar\/497d5cde87b4c3d097d0315953521681ba2cd523ee66e5077c3711f7021e65de?s=96&d=mm&r=g","contentUrl":"https:\/\/secure.gravatar.com\/avatar\/497d5cde87b4c3d097d0315953521681ba2cd523ee66e5077c3711f7021e65de?s=96&d=mm&r=g","caption":"Francisco Javier Fern\u00e1ndez Chento"},"description":"Director General y cofundador de La Red de Formaci\u00f3n Vicenciana. Javier es laico vicenciano, afiliado a la Congregaci\u00f3n de la Misi\u00f3n y miembro del Equipo de Misiones Populares de la provincia can\u00f3nica de Zaragoza (Espa\u00f1a) de la Congregaci\u00f3n de la Misi\u00f3n. Graduado en la Universidad Oberta de Catalunya con cuatro grados (Asistente de direcci\u00f3n, Gesti\u00f3n Administrativa, Recursos Humanos y Contabilidad Avanzada). Bil\u00edng\u00fce Espa\u00f1ol\/Ingl\u00e9s. gestiona y mantiene varias p\u00e1ginas web cristianas y vicencianas, incluida including La Red de Formaci\u00f3n Vicenciana, de la que es cofundador. Actualmente es responsable del \u00e1rea de Espa\u00f1ol de .famvin, la Red de Noticias de la Familia Vicenciana. Tambi\u00e9n es m\u00fasico cat\u00f3lico y ha editado varios discos. Es Director General y cofundador de Trovador, una reconocida compa\u00f1\u00eda discogr\u00e1fica critiana de Espa\u00f1a. Trabaja en las Tecnolog\u00edas de la Informaci\u00f3n, ofreciendo servicios de alojamiento, dise\u00f1o y mantenimiento Web, as\u00ed como asesoramiento, formaci\u00f3n y soluciones inform\u00e1ticas, gesti\u00f3n documental y digitalizaci\u00f3n de textos, edici\u00f3n y maquetaci\u00f3n de libros, revistas, flyers, etc.","sameAs":["http:\/\/chento.org","https:\/\/www.facebook.com\/JavierChento","https:\/\/x.com\/https:\/\/twitter.com\/javierchento"],"url":"http:\/\/vincentians.com\/es\/author\/chento\/"}]}},"jetpack_publicize_connections":[],"jetpack_featured_media_url":"https:\/\/i0.wp.com\/vincentians.com\/es\/wp-content\/uploads\/sites\/11\/2016\/09\/identidad.jpg?fit=1200%2C630","jetpack_sharing_enabled":true,"jetpack_shortlink":"https:\/\/wp.me\/p7ETMF-3EH","jetpack-related-posts":[{"id":125375,"url":"http:\/\/vincentians.com\/es\/lumen-fidei-capitulo-1\/","url_meta":{"origin":14055,"position":0},"title":"Lumen Fidei (Cap\u00edtulo 1)","author":"Francisco Javier Fern\u00e1ndez Chento","date":"16\/11\/2013","format":false,"excerpt":"\u00a0 Cap\u00edtulo primero: Hemos cre\u00eddo en el amor (cf. 1 Jn 4,16) Abrah\u00e1n, nuestro padre en la fe 8. La fe nos abre el camino y acompa\u00f1a nuestros pasos a lo largo de la historia. Por eso, si queremos entender lo que es la fe, tenemos que narrar su recorrido,\u2026","rel":"","context":"En \u00abDocumentos Pontificios\u00bb","block_context":{"text":"Documentos Pontificios","link":"http:\/\/vincentians.com\/es\/category\/formacion-cristiana\/documentos-pontificios\/"},"img":{"alt_text":"Lumen-fidei","src":"https:\/\/i0.wp.com\/vicencianos.org\/wp-content\/2013\/11\/Lumen-fidei-300x300.jpg?resize=350%2C200","width":350,"height":200},"classes":[]},{"id":132931,"url":"http:\/\/vincentians.com\/es\/acercandonos-al-libro-de-los-hechos-de-los-apostoles-04\/","url_meta":{"origin":14055,"position":1},"title":"Acerc\u00e1ndonos al libro de los Hechos de los Ap\u00f3stoles (04)","author":"Francisco Javier Fern\u00e1ndez Chento","date":"22\/12\/2014","format":false,"excerpt":"Cap\u00edtulo III: De Antioqu\u00eda hasta el confin del mundo. 1. Primera misi\u00f3n de Pablo (Hch 13,1-14,28) a. Bernab\u00e9 y Pablo enviados por la comunidad de Antioqu\u00eda (Hch 13-14) La comunidad de Antioqu\u00eda se fortalec\u00eda y empiezan a organizarse con responsabilidades que recogen t\u00edtulos jud\u00edos como son los \"profetas\" y \"maestros\"\u2026","rel":"","context":"En \u00abFormaci\u00f3n Cristiana\u00bb","block_context":{"text":"Formaci\u00f3n Cristiana","link":"http:\/\/vincentians.com\/es\/category\/formacion-cristiana\/"},"img":{"alt_text":"pentecostes","src":"https:\/\/i0.wp.com\/vicencianos.org\/wp-content\/2014\/12\/pentecostes-300x225.jpg?resize=350%2C200","width":350,"height":200},"classes":[]},{"id":387828,"url":"http:\/\/vincentians.com\/es\/si-alguien-quiere-venir-en-pos-de-mi\/","url_meta":{"origin":14055,"position":2},"title":"Si alguien quiere venir en pos de m\u00ed\u2026","author":"Mitxel Olabu\u00e9naga","date":"23\/09\/2016","format":false,"excerpt":"La llamada de Jes\u00fas a seguirle implica muchas y radica\u00adles renuncias: negaci\u00f3n de .s\u00ed mismo, ruptura total con la ideolog\u00eda del mundo, desprendimiento efectivo de la familia, aceptaci\u00f3n ge\u00adnerosa de la cruz de cada d\u00eda. El Se\u00f1or nos invita a participar en su vida y muerte, para ser con \u00e9l\u2026","rel":"","context":"En \u00abFormaci\u00f3n Vicenciana sin categorizar\u00bb","block_context":{"text":"Formaci\u00f3n Vicenciana sin categorizar","link":"http:\/\/vincentians.com\/es\/category\/formacion-vicenciana\/formacion-vicenciana-sin-categorizar\/"},"img":{"alt_text":"asd","src":"https:\/\/i0.wp.com\/vicencianos.org\/wp-content\/uploads\/2016\/07\/asd-6-300x215.jpg?resize=350%2C200","width":350,"height":200},"classes":[]},{"id":125376,"url":"http:\/\/vincentians.com\/es\/lumen-fidei-capitulo-2\/","url_meta":{"origin":14055,"position":3},"title":"Lumen Fidei (Cap\u00edtulo 2)","author":"Francisco Javier Fern\u00e1ndez Chento","date":"17\/11\/2013","format":false,"excerpt":"\u00a0 Cap\u00edtulo segundo: Si no cre\u00e9is, no comprender\u00e9is (cf. Is 7,9) Fe y verdad 23. Si no cre\u00e9is, no comprender\u00e9is (cf. Is 7,9). La versi\u00f3n griega de la Biblia hebrea, la traducci\u00f3n de los Setenta realizada en Alejandr\u00eda de Egipto, traduce as\u00ed las palabras del profeta Isa\u00edas al rey Acaz.\u2026","rel":"","context":"En \u00abDocumentos Pontificios\u00bb","block_context":{"text":"Documentos Pontificios","link":"http:\/\/vincentians.com\/es\/category\/formacion-cristiana\/documentos-pontificios\/"},"img":{"alt_text":"Lumen-fidei","src":"https:\/\/i0.wp.com\/vicencianos.org\/wp-content\/2013\/11\/Lumen-fidei-300x300.jpg?resize=350%2C200","width":350,"height":200},"classes":[]},{"id":387832,"url":"http:\/\/vincentians.com\/es\/id-por-el-mundo-y-predicad-el-evangelio\/","url_meta":{"origin":14055,"position":4},"title":"Id por el mundo y predicad el Evangelio","author":"Mitxel Olabu\u00e9naga","date":"26\/09\/2016","format":false,"excerpt":"La quinta y \u00faltima virtud del seguidor de Jes\u00fas se lla\u00adma \u00abcelo por la salvaci\u00f3n de las almas\u00bb. Por estar situada en \u00falti\u00admo lugar, no es la menos importante, pero s\u00ed la m\u00e1s significativa de la vocaci\u00f3n misionera. Su despliegue encierra el ejercicio de todas las virtudes anteriores y, en\u2026","rel":"","context":"En \u00abFormaci\u00f3n Vicenciana sin categorizar\u00bb","block_context":{"text":"Formaci\u00f3n Vicenciana sin categorizar","link":"http:\/\/vincentians.com\/es\/category\/formacion-vicenciana\/formacion-vicenciana-sin-categorizar\/"},"img":{"alt_text":"asd","src":"https:\/\/i0.wp.com\/vicencianos.org\/wp-content\/uploads\/2016\/07\/asd-7-300x225.jpg?resize=350%2C200","width":350,"height":200},"classes":[]},{"id":14060,"url":"http:\/\/vincentians.com\/es\/las-mujeres-comprometidas-con-el-evangelio\/","url_meta":{"origin":14055,"position":5},"title":"Las mujeres comprometidas con el Evangelio","author":"Francisco Javier Fern\u00e1ndez Chento","date":"09\/06\/2015","format":false,"excerpt":"Primera parte: charla \u00bfPens\u00e1is que Pablo limit\u00f3 la participaci\u00f3n de las mujeres en las comunidades? \u00bfPor qu\u00e9? \u00bfPablo contrario a la participaci\u00f3n de las mujeres? Algunas personas se apoyan en Pablo para argumentar que la mujer debe estar callada en la comunidad y someterse al hombre. La misi\u00f3n de las\u2026","rel":"","context":"En \u00abFormaci\u00f3n Cristiana\u00bb","block_context":{"text":"Formaci\u00f3n Cristiana","link":"http:\/\/vincentians.com\/es\/category\/formacion-cristiana\/"},"img":{"alt_text":"famvinmex5-300x279","src":"https:\/\/i0.wp.com\/vicencianos.org\/wp-content\/2012\/06\/famvinmex5-300x279.jpg?resize=350%2C200","width":350,"height":200},"classes":[]}],"_links":{"self":[{"href":"http:\/\/vincentians.com\/es\/wp-json\/wp\/v2\/posts\/14055","targetHints":{"allow":["GET"]}}],"collection":[{"href":"http:\/\/vincentians.com\/es\/wp-json\/wp\/v2\/posts"}],"about":[{"href":"http:\/\/vincentians.com\/es\/wp-json\/wp\/v2\/types\/post"}],"author":[{"embeddable":true,"href":"http:\/\/vincentians.com\/es\/wp-json\/wp\/v2\/users\/4"}],"replies":[{"embeddable":true,"href":"http:\/\/vincentians.com\/es\/wp-json\/wp\/v2\/comments?post=14055"}],"version-history":[{"count":1,"href":"http:\/\/vincentians.com\/es\/wp-json\/wp\/v2\/posts\/14055\/revisions"}],"predecessor-version":[{"id":402161,"href":"http:\/\/vincentians.com\/es\/wp-json\/wp\/v2\/posts\/14055\/revisions\/402161"}],"wp:featuredmedia":[{"embeddable":true,"href":"http:\/\/vincentians.com\/es\/wp-json\/wp\/v2\/media\/399979"}],"wp:attachment":[{"href":"http:\/\/vincentians.com\/es\/wp-json\/wp\/v2\/media?parent=14055"}],"wp:term":[{"taxonomy":"category","embeddable":true,"href":"http:\/\/vincentians.com\/es\/wp-json\/wp\/v2\/categories?post=14055"},{"taxonomy":"post_tag","embeddable":true,"href":"http:\/\/vincentians.com\/es\/wp-json\/wp\/v2\/tags?post=14055"}],"curies":[{"name":"wp","href":"https:\/\/api.w.org\/{rel}","templated":true}]}}