{"id":139777,"date":"2015-02-14T13:50:16","date_gmt":"2015-02-14T12:50:16","guid":{"rendered":"http:\/\/somos.vicencianos.org\/?p=139777"},"modified":"2016-07-24T10:28:10","modified_gmt":"2016-07-24T08:28:10","slug":"6o-domingo-de-t-o-reflexion-de-jose-cervantes-gabarron-2","status":"publish","type":"post","link":"http:\/\/vincentians.com\/es\/6o-domingo-de-t-o-reflexion-de-jose-cervantes-gabarron-2\/","title":{"rendered":"6\u00ba Domingo de T.O. (reflexi\u00f3n de Jos\u00e9 Cervantes Gabarr\u00f3n)"},"content":{"rendered":"<h2 style=\"text-align: center\"><strong><em>\u201cMisericordeando\u201d<\/em><\/strong><\/h2>\n<div id=\"attachment_132400\" style=\"width: 220px\" class=\"wp-caption alignright\"><a href=\"https:\/\/i0.wp.com\/vicencianos.org\/wp-content\/2011\/12\/Jose_Cervantes.jpg\"><img data-recalc-dims=\"1\" loading=\"lazy\" decoding=\"async\" aria-describedby=\"caption-attachment-132400\" class=\"size-medium wp-image-132400\" src=\"https:\/\/i0.wp.com\/vicencianos.org\/wp-content\/2011\/12\/Jose_Cervantes-210x300.jpg?resize=210%2C300\" alt=\"Jos\u00e9 Cervantes Gabarr\u00f3n, sacerdote misionero y profesor de Sagrada Escritura.\" width=\"210\" height=\"300\" \/><\/a><p id=\"caption-attachment-132400\" class=\"wp-caption-text\">Jos\u00e9 Cervantes Gabarr\u00f3n, sacerdote misionero y profesor de Sagrada Escritura.<\/p><\/div>\n<p>Nos permitimos titular hoy la reflexi\u00f3n con una palabra admirablemente rescatada por el Papa Francisco para mostrar activamente la misericordia de Dios utilizando el verbo\u00a0<strong>misericordear.<\/strong>\u00a0La curaci\u00f3n del leproso por parte de Jes\u00fas es un\u00a0<strong>signo revelador de la cercan\u00eda del Reino de Dios que \u00e9l ha anunciado e inaugurado (Mc 1,39-45).<\/strong>\u00a0La\u00a0<strong>enfermedad<\/strong>\u00a0maldita de la lepra era motivo de <strong>exclusi\u00f3n<\/strong>\u00a0de la comunidad israelita por razones de impureza y de prevenci\u00f3n de su transmisi\u00f3n. As\u00ed aparece legislada la actuaci\u00f3n con los enfermos de lepra en el libro b\u00edblico del Lev\u00edtico (Lv 13) y as\u00ed fue desarrollada posteriormente en las legislaciones rab\u00ednicas de la Misn\u00e1. El leproso era, de hecho, como un muerto en vida. En ese contexto social y religioso de exclusi\u00f3n de los enfermos de lepra por razones de seguridad y de prevenci\u00f3n, interviene Jes\u00fas de manera provocadora:<strong>\u00abMisericordeando\u00bb<\/strong>.<\/p>\n<p>Un leproso no pod\u00eda acercarse a nadie y todo lo que tocaba quedaba impuro. Por eso ten\u00eda que vivir fuera de los poblados y advertir de su presencia por dondequiera que pasaba. En cambio para Jes\u00fas el leproso es, sobre todo, un <strong>marginado y excluido<\/strong>\u00a0de la comunidad que necesita ayuda.\u00a0<strong>El amor de Jes\u00fas hacia el leproso le conmociona profundamente,<\/strong>\u00a0le remueve sus entra\u00f1as de misericordia. Entonces extiende su mano, lo toca y le devuelve la salud. Sin embargo m\u00e1s importante incluso que la recuperaci\u00f3n de la salud fue la recuperaci\u00f3n de la dignidad como persona liberada de la marginaci\u00f3n a la que estaba sometido por la legislaci\u00f3n vigente. El que hab\u00eda sido leproso qued\u00f3 limpio y reincorporado a la sociedad.<\/p>\n<p>Jes\u00fas desobedeci\u00f3 la ley y quebrant\u00f3 todas las medidas preventivas. La reacci\u00f3n de Jes\u00fas merece gran atenci\u00f3n. En vez de temer al contagio y a contaminarse con la impureza del leproso, \u00e9l sinti\u00f3 una gran convulsi\u00f3n interior al ver el sufrimiento cruel del enfermo marginado. En lugar de velar por su propia seguridad y de protegerse ante la presencia de una supuesta amenaza a la salud p\u00fablica y al control social de la misma, Jes\u00fas se mueve en otro sentido y tiende su mano al excluido. Hab\u00eda visto en el leproso al ser humano sufriente, indigente y necesitado de ayuda, maltratado y oprimido por la ley.\u00a0<strong>La intervenci\u00f3n de Jes\u00fas es digna de admiraci\u00f3n<\/strong>\u00a0en toda su extensi\u00f3n.\u00a0<strong>Tan admirable como el efecto de la curaci\u00f3n es la acci\u00f3n sorprendente y extraordinaria de tocar al leproso.<\/strong>\u00a0El prodigio de Jes\u00fas ha consistido en <strong>romper con una ley de exclusi\u00f3n y marginaci\u00f3n<\/strong>\u00a0del ser humano y saltarse las medidas preventivas de seguridad para poner al necesitado en el centro de mira de su amor. Tal actuaci\u00f3n de Jes\u00fas es una se\u00f1al inequ\u00edvoca de la cercan\u00eda del Reino de Dios a este mundo. Por aqu\u00ed va el\u00a0<strong>cambio de mentalidad<\/strong>\u00a0que el evangelio reclama.<\/p>\n<p>Esa nueva mentalidad es la que deriva de la\u00a0<strong>misericordia entra\u00f1able y compasiva de Jes\u00fas,<\/strong>\u00a0que como tantas veces en los evangelios, va desvelando el amor de Dios en \u00e9l y su concentraci\u00f3n en los \u00faltimos de la sociedad, en los marginados y en los pobres. El Evangelio expresa ese amor con un t\u00e9rmino espec\u00edfico como primera reacci\u00f3n de Jes\u00fas ante un marginado: <strong>Conmocionarse.<\/strong>\u00a0En algunas traducciones se pueden perder algunos matices, pues no s\u00f3lo se trata s\u00f3lo de la emoci\u00f3n pasajera de conmoverse, ni de un mero sentimiento de l\u00e1stima o pena, ni s\u00f3lo de una actitud interior de compasi\u00f3n hacia otro, sino de todo un movimiento espiritual personal, interior y f\u00edsico que impulsa desde el amor m\u00e1s profundo y desde la indignaci\u00f3n por el mal que aniquila a la persona a la acci\u00f3n curativa de la enfermedad y liberadora de la marginaci\u00f3n. <strong><em>Splanjnizomai<\/em><\/strong><em>\u00a0<\/em>es un verbo griego que implica un movimiento intenso, corporal, \u00edntimo, desde las entra\u00f1as, como cuando decimos \u00ab<strong>me da un vuelco el coraz\u00f3n\u00bb<\/strong>. Este verbo se podr\u00eda traducir ya, siguiendo al papa Francisco en su sabidur\u00eda y en su testimonio, como\u00a0<strong>\u00abmisericordear\u00bb.<\/strong>\u00a0Es un\u00a0<strong>amor apasionado, profundamente espiritual, que conmociona las v\u00edsceras,<\/strong>\u00a0afecta a toda la persona y la pone en movimiento hacia la persona amada. Es un amor que atiende con la fuerza del esp\u00edritu la miseria humana presente en el pr\u00f3jimo y\u00a0<strong>se verifica en m\u00faltiples acciones que nacen del coraz\u00f3n<\/strong>.<\/p>\n<p>Ese tipo de amor rompe todas las barreras con tal de atender a la persona sumida en la miseria. Tocar al leproso es romper con la barrera de lo puro y lo impuro. El mismo verbo <strong>\u00abmisericordear\u00bb<\/strong>\u00a0lo encontramos tambi\u00e9n en las par\u00e1bolas del hijo pr\u00f3digo, donde el padre viejo rompe la barrera de la limitaci\u00f3n f\u00edsica hasta salir corriendo hacia su hijo, y tambi\u00e9n en la del pr\u00f3jimo samaritano, donde \u00e9ste rompe las barreras de las diferencias \u00e9tnicas, nacionales y religiosas. Lo mismo ocurre en la reacci\u00f3n de Jes\u00fas ante la multitud hambrienta y ante la multitud abandonada como ovejas sin pastor, cuando Jes\u00fas desborda lo imaginable superando por amor las leyes de la naturaleza y capacitando a los suyos para llevar a cabo el milagro sorprendente y maravilloso del pan compartido que sacia a todos. Ese mismo amor es el protagonista en el coraz\u00f3n de Jes\u00fas, que muestra la misericordia entra\u00f1able y liberadora de Dios,\u00a0<strong>curando y restableciendo a la vida y a la sociedad al leproso marginado<\/strong>.<\/p>\n<p>Hagamos nosotros lo mismo que Jes\u00fas ante cualquier tipo de marginaci\u00f3n de nuestros hermanos y\u00a0<strong>seamos capaces de romper todo tipo de barreras, <\/strong>tambi\u00e9n las de las ideas, para poder afrontar la situaci\u00f3n cr\u00edtica de un mundo en el que los marginados, sumidos en las miserias de la desigualdad y de la injusticia, del hambre y de tantas otras barbaries, constituyen la inmensa mayor\u00eda de los seres humanos.\u00a0<strong>Seamos capaces de misericordear no s\u00f3lo incluyendo a los excluidos sino reconcili\u00e1ndonos con ellos.<\/strong><\/p>\n","protected":false},"excerpt":{"rendered":"<p>\u201cMisericordeando\u201d Nos permitimos titular hoy la reflexi\u00f3n con una palabra admirablemente rescatada por el Papa Francisco para mostrar activamente la misericordia de Dios utilizando el verbo\u00a0misericordear.\u00a0La curaci\u00f3n del leproso por parte de Jes\u00fas es un\u00a0signo &#8230; <a href=\"http:\/\/vincentians.com\/es\/6o-domingo-de-t-o-reflexion-de-jose-cervantes-gabarron-2\/\" class=\"more-link\">Read More<\/a><\/p>\n","protected":false},"author":4,"featured_media":388408,"comment_status":"open","ping_status":"open","sticky":false,"template":"","format":"standard","meta":{"jetpack_post_was_ever_published":false,"_jetpack_newsletter_access":"","_jetpack_dont_email_post_to_subs":false,"_jetpack_newsletter_tier_id":0,"_jetpack_memberships_contains_paywalled_content":false,"_jetpack_memberships_contains_paid_content":false,"footnotes":"","jetpack_publicize_message":"","jetpack_publicize_feature_enabled":true,"jetpack_social_post_already_shared":true,"jetpack_social_options":{"image_generator_settings":{"template":"highway","default_image_id":0,"font":"","enabled":false},"version":2}},"categories":[93],"tags":[],"class_list":["post-139777","post","type-post","status-publish","format-standard","has-post-thumbnail","hentry","category-homilias-y-reflexiones-ano-b"],"yoast_head":"<!-- This site is optimized with the Yoast SEO plugin v26.3 - https:\/\/yoast.com\/wordpress\/plugins\/seo\/ -->\n<title>6\u00ba Domingo de T.O. (reflexi\u00f3n de Jos\u00e9 Cervantes Gabarr\u00f3n) - Somos Vicencianos<\/title>\n<meta name=\"robots\" content=\"index, follow, max-snippet:-1, max-image-preview:large, max-video-preview:-1\" \/>\n<link rel=\"canonical\" href=\"http:\/\/vincentians.com\/es\/6o-domingo-de-t-o-reflexion-de-jose-cervantes-gabarron-2\/\" \/>\n<meta property=\"og:locale\" content=\"es_ES\" \/>\n<meta property=\"og:type\" content=\"article\" \/>\n<meta property=\"og:title\" content=\"6\u00ba Domingo de T.O. (reflexi\u00f3n de Jos\u00e9 Cervantes Gabarr\u00f3n) - Somos Vicencianos\" \/>\n<meta property=\"og:description\" content=\"\u201cMisericordeando\u201d Nos permitimos titular hoy la reflexi\u00f3n con una palabra admirablemente rescatada por el Papa Francisco para mostrar activamente la misericordia de Dios utilizando el verbo\u00a0misericordear.\u00a0La curaci\u00f3n del leproso por parte de Jes\u00fas es un\u00a0signo ... Read More\" \/>\n<meta property=\"og:url\" content=\"http:\/\/vincentians.com\/es\/6o-domingo-de-t-o-reflexion-de-jose-cervantes-gabarron-2\/\" \/>\n<meta property=\"og:site_name\" content=\"Somos Vicencianos\" \/>\n<meta property=\"article:publisher\" content=\"https:\/\/www.facebook.com\/WeAreVincentians\/\" \/>\n<meta property=\"article:author\" content=\"https:\/\/www.facebook.com\/JavierChento\" \/>\n<meta property=\"article:published_time\" content=\"2015-02-14T12:50:16+00:00\" \/>\n<meta property=\"article:modified_time\" content=\"2016-07-24T08:28:10+00:00\" \/>\n<meta property=\"og:image\" content=\"https:\/\/i0.wp.com\/vincentians.com\/es\/wp-content\/uploads\/sites\/11\/2016\/07\/reflexiones-palabra-de-dios.jpg?fit=1200%2C630\" \/>\n\t<meta property=\"og:image:width\" content=\"1200\" \/>\n\t<meta property=\"og:image:height\" content=\"630\" \/>\n\t<meta property=\"og:image:type\" content=\"image\/jpeg\" \/>\n<meta name=\"author\" content=\"Francisco Javier Fern\u00e1ndez Chento\" \/>\n<meta name=\"twitter:card\" content=\"summary_large_image\" \/>\n<meta name=\"twitter:creator\" content=\"@https:\/\/twitter.com\/javierchento\" \/>\n<meta name=\"twitter:site\" content=\"@WeVincentians\" \/>\n<meta name=\"twitter:label1\" content=\"Escrito por\" \/>\n\t<meta name=\"twitter:data1\" content=\"Francisco Javier Fern\u00e1ndez Chento\" \/>\n\t<meta name=\"twitter:label2\" content=\"Tiempo de lectura\" \/>\n\t<meta name=\"twitter:data2\" content=\"5 minutos\" \/>\n<script type=\"application\/ld+json\" class=\"yoast-schema-graph\">{\"@context\":\"https:\/\/schema.org\",\"@graph\":[{\"@type\":\"Article\",\"@id\":\"http:\/\/vincentians.com\/es\/6o-domingo-de-t-o-reflexion-de-jose-cervantes-gabarron-2\/#article\",\"isPartOf\":{\"@id\":\"http:\/\/vincentians.com\/es\/6o-domingo-de-t-o-reflexion-de-jose-cervantes-gabarron-2\/\"},\"author\":{\"name\":\"Francisco Javier Fern\u00e1ndez Chento\",\"@id\":\"http:\/\/vincentians.com\/es\/#\/schema\/person\/9623ef4d9aa3b2dfb8c061f1499288f2\"},\"headline\":\"6\u00ba Domingo de T.O. (reflexi\u00f3n de Jos\u00e9 Cervantes Gabarr\u00f3n)\",\"datePublished\":\"2015-02-14T12:50:16+00:00\",\"dateModified\":\"2016-07-24T08:28:10+00:00\",\"mainEntityOfPage\":{\"@id\":\"http:\/\/vincentians.com\/es\/6o-domingo-de-t-o-reflexion-de-jose-cervantes-gabarron-2\/\"},\"wordCount\":1081,\"commentCount\":0,\"publisher\":{\"@id\":\"http:\/\/vincentians.com\/es\/#organization\"},\"image\":{\"@id\":\"http:\/\/vincentians.com\/es\/6o-domingo-de-t-o-reflexion-de-jose-cervantes-gabarron-2\/#primaryimage\"},\"thumbnailUrl\":\"https:\/\/i0.wp.com\/vincentians.com\/es\/wp-content\/uploads\/sites\/11\/2016\/07\/reflexiones-palabra-de-dios.jpg?fit=1200%2C630\",\"articleSection\":[\"Homil\u00edas y reflexiones, A\u00f1o B\"],\"inLanguage\":\"es\",\"potentialAction\":[{\"@type\":\"CommentAction\",\"name\":\"Comment\",\"target\":[\"http:\/\/vincentians.com\/es\/6o-domingo-de-t-o-reflexion-de-jose-cervantes-gabarron-2\/#respond\"]}]},{\"@type\":\"WebPage\",\"@id\":\"http:\/\/vincentians.com\/es\/6o-domingo-de-t-o-reflexion-de-jose-cervantes-gabarron-2\/\",\"url\":\"http:\/\/vincentians.com\/es\/6o-domingo-de-t-o-reflexion-de-jose-cervantes-gabarron-2\/\",\"name\":\"6\u00ba Domingo de T.O. (reflexi\u00f3n de Jos\u00e9 Cervantes Gabarr\u00f3n) - Somos Vicencianos\",\"isPartOf\":{\"@id\":\"http:\/\/vincentians.com\/es\/#website\"},\"primaryImageOfPage\":{\"@id\":\"http:\/\/vincentians.com\/es\/6o-domingo-de-t-o-reflexion-de-jose-cervantes-gabarron-2\/#primaryimage\"},\"image\":{\"@id\":\"http:\/\/vincentians.com\/es\/6o-domingo-de-t-o-reflexion-de-jose-cervantes-gabarron-2\/#primaryimage\"},\"thumbnailUrl\":\"https:\/\/i0.wp.com\/vincentians.com\/es\/wp-content\/uploads\/sites\/11\/2016\/07\/reflexiones-palabra-de-dios.jpg?fit=1200%2C630\",\"datePublished\":\"2015-02-14T12:50:16+00:00\",\"dateModified\":\"2016-07-24T08:28:10+00:00\",\"breadcrumb\":{\"@id\":\"http:\/\/vincentians.com\/es\/6o-domingo-de-t-o-reflexion-de-jose-cervantes-gabarron-2\/#breadcrumb\"},\"inLanguage\":\"es\",\"potentialAction\":[{\"@type\":\"ReadAction\",\"target\":[\"http:\/\/vincentians.com\/es\/6o-domingo-de-t-o-reflexion-de-jose-cervantes-gabarron-2\/\"]}]},{\"@type\":\"ImageObject\",\"inLanguage\":\"es\",\"@id\":\"http:\/\/vincentians.com\/es\/6o-domingo-de-t-o-reflexion-de-jose-cervantes-gabarron-2\/#primaryimage\",\"url\":\"https:\/\/i0.wp.com\/vincentians.com\/es\/wp-content\/uploads\/sites\/11\/2016\/07\/reflexiones-palabra-de-dios.jpg?fit=1200%2C630\",\"contentUrl\":\"https:\/\/i0.wp.com\/vincentians.com\/es\/wp-content\/uploads\/sites\/11\/2016\/07\/reflexiones-palabra-de-dios.jpg?fit=1200%2C630\",\"width\":1200,\"height\":630},{\"@type\":\"BreadcrumbList\",\"@id\":\"http:\/\/vincentians.com\/es\/6o-domingo-de-t-o-reflexion-de-jose-cervantes-gabarron-2\/#breadcrumb\",\"itemListElement\":[{\"@type\":\"ListItem\",\"position\":1,\"name\":\"Portada\",\"item\":\"http:\/\/vincentians.com\/es\/\"},{\"@type\":\"ListItem\",\"position\":2,\"name\":\"6\u00ba Domingo de T.O. (reflexi\u00f3n de Jos\u00e9 Cervantes Gabarr\u00f3n)\"}]},{\"@type\":\"WebSite\",\"@id\":\"http:\/\/vincentians.com\/es\/#website\",\"url\":\"http:\/\/vincentians.com\/es\/\",\"name\":\"Somos Vicencianos\",\"description\":\"Know more to serve more\",\"publisher\":{\"@id\":\"http:\/\/vincentians.com\/es\/#organization\"},\"potentialAction\":[{\"@type\":\"SearchAction\",\"target\":{\"@type\":\"EntryPoint\",\"urlTemplate\":\"http:\/\/vincentians.com\/es\/?s={search_term_string}\"},\"query-input\":{\"@type\":\"PropertyValueSpecification\",\"valueRequired\":true,\"valueName\":\"search_term_string\"}}],\"inLanguage\":\"es\"},{\"@type\":\"Organization\",\"@id\":\"http:\/\/vincentians.com\/es\/#organization\",\"name\":\"The Vincentian Network\",\"url\":\"http:\/\/vincentians.com\/es\/\",\"logo\":{\"@type\":\"ImageObject\",\"inLanguage\":\"es\",\"@id\":\"http:\/\/vincentians.com\/es\/#\/schema\/logo\/image\/\",\"url\":\"https:\/\/i1.wp.com\/vincentians.com\/es\/wp-content\/uploads\/sites\/11\/2016\/06\/Vincentian-Network-logo-big.png?fit=778%2C778\",\"contentUrl\":\"https:\/\/i1.wp.com\/vincentians.com\/es\/wp-content\/uploads\/sites\/11\/2016\/06\/Vincentian-Network-logo-big.png?fit=778%2C778\",\"width\":778,\"height\":778,\"caption\":\"The Vincentian Network\"},\"image\":{\"@id\":\"http:\/\/vincentians.com\/es\/#\/schema\/logo\/image\/\"},\"sameAs\":[\"https:\/\/www.facebook.com\/WeAreVincentians\/\",\"https:\/\/x.com\/WeVincentians\"]},{\"@type\":\"Person\",\"@id\":\"http:\/\/vincentians.com\/es\/#\/schema\/person\/9623ef4d9aa3b2dfb8c061f1499288f2\",\"name\":\"Francisco Javier Fern\u00e1ndez Chento\",\"image\":{\"@type\":\"ImageObject\",\"inLanguage\":\"es\",\"@id\":\"http:\/\/vincentians.com\/es\/#\/schema\/person\/image\/\",\"url\":\"https:\/\/secure.gravatar.com\/avatar\/497d5cde87b4c3d097d0315953521681ba2cd523ee66e5077c3711f7021e65de?s=96&d=mm&r=g\",\"contentUrl\":\"https:\/\/secure.gravatar.com\/avatar\/497d5cde87b4c3d097d0315953521681ba2cd523ee66e5077c3711f7021e65de?s=96&d=mm&r=g\",\"caption\":\"Francisco Javier Fern\u00e1ndez Chento\"},\"description\":\"Director General y cofundador de La Red de Formaci\u00f3n Vicenciana. Javier es laico vicenciano, afiliado a la Congregaci\u00f3n de la Misi\u00f3n y miembro del Equipo de Misiones Populares de la provincia can\u00f3nica de Zaragoza (Espa\u00f1a) de la Congregaci\u00f3n de la Misi\u00f3n. Graduado en la Universidad Oberta de Catalunya con cuatro grados (Asistente de direcci\u00f3n, Gesti\u00f3n Administrativa, Recursos Humanos y Contabilidad Avanzada). Bil\u00edng\u00fce Espa\u00f1ol\/Ingl\u00e9s. gestiona y mantiene varias p\u00e1ginas web cristianas y vicencianas, incluida including La Red de Formaci\u00f3n Vicenciana, de la que es cofundador. Actualmente es responsable del \u00e1rea de Espa\u00f1ol de .famvin, la Red de Noticias de la Familia Vicenciana. Tambi\u00e9n es m\u00fasico cat\u00f3lico y ha editado varios discos. Es Director General y cofundador de Trovador, una reconocida compa\u00f1\u00eda discogr\u00e1fica critiana de Espa\u00f1a. Trabaja en las Tecnolog\u00edas de la Informaci\u00f3n, ofreciendo servicios de alojamiento, dise\u00f1o y mantenimiento Web, as\u00ed como asesoramiento, formaci\u00f3n y soluciones inform\u00e1ticas, gesti\u00f3n documental y digitalizaci\u00f3n de textos, edici\u00f3n y maquetaci\u00f3n de libros, revistas, flyers, etc.\",\"sameAs\":[\"http:\/\/chento.org\",\"https:\/\/www.facebook.com\/JavierChento\",\"https:\/\/x.com\/https:\/\/twitter.com\/javierchento\"],\"url\":\"http:\/\/vincentians.com\/es\/author\/chento\/\"}]}<\/script>\n<!-- \/ Yoast SEO plugin. -->","yoast_head_json":{"title":"6\u00ba Domingo de T.O. (reflexi\u00f3n de Jos\u00e9 Cervantes Gabarr\u00f3n) - Somos Vicencianos","robots":{"index":"index","follow":"follow","max-snippet":"max-snippet:-1","max-image-preview":"max-image-preview:large","max-video-preview":"max-video-preview:-1"},"canonical":"http:\/\/vincentians.com\/es\/6o-domingo-de-t-o-reflexion-de-jose-cervantes-gabarron-2\/","og_locale":"es_ES","og_type":"article","og_title":"6\u00ba Domingo de T.O. (reflexi\u00f3n de Jos\u00e9 Cervantes Gabarr\u00f3n) - Somos Vicencianos","og_description":"\u201cMisericordeando\u201d Nos permitimos titular hoy la reflexi\u00f3n con una palabra admirablemente rescatada por el Papa Francisco para mostrar activamente la misericordia de Dios utilizando el verbo\u00a0misericordear.\u00a0La curaci\u00f3n del leproso por parte de Jes\u00fas es un\u00a0signo ... Read More","og_url":"http:\/\/vincentians.com\/es\/6o-domingo-de-t-o-reflexion-de-jose-cervantes-gabarron-2\/","og_site_name":"Somos Vicencianos","article_publisher":"https:\/\/www.facebook.com\/WeAreVincentians\/","article_author":"https:\/\/www.facebook.com\/JavierChento","article_published_time":"2015-02-14T12:50:16+00:00","article_modified_time":"2016-07-24T08:28:10+00:00","og_image":[{"width":1200,"height":630,"url":"https:\/\/i0.wp.com\/vincentians.com\/es\/wp-content\/uploads\/sites\/11\/2016\/07\/reflexiones-palabra-de-dios.jpg?fit=1200%2C630","type":"image\/jpeg"}],"author":"Francisco Javier Fern\u00e1ndez Chento","twitter_card":"summary_large_image","twitter_creator":"@https:\/\/twitter.com\/javierchento","twitter_site":"@WeVincentians","twitter_misc":{"Escrito por":"Francisco Javier Fern\u00e1ndez Chento","Tiempo de lectura":"5 minutos"},"schema":{"@context":"https:\/\/schema.org","@graph":[{"@type":"Article","@id":"http:\/\/vincentians.com\/es\/6o-domingo-de-t-o-reflexion-de-jose-cervantes-gabarron-2\/#article","isPartOf":{"@id":"http:\/\/vincentians.com\/es\/6o-domingo-de-t-o-reflexion-de-jose-cervantes-gabarron-2\/"},"author":{"name":"Francisco Javier Fern\u00e1ndez Chento","@id":"http:\/\/vincentians.com\/es\/#\/schema\/person\/9623ef4d9aa3b2dfb8c061f1499288f2"},"headline":"6\u00ba Domingo de T.O. (reflexi\u00f3n de Jos\u00e9 Cervantes Gabarr\u00f3n)","datePublished":"2015-02-14T12:50:16+00:00","dateModified":"2016-07-24T08:28:10+00:00","mainEntityOfPage":{"@id":"http:\/\/vincentians.com\/es\/6o-domingo-de-t-o-reflexion-de-jose-cervantes-gabarron-2\/"},"wordCount":1081,"commentCount":0,"publisher":{"@id":"http:\/\/vincentians.com\/es\/#organization"},"image":{"@id":"http:\/\/vincentians.com\/es\/6o-domingo-de-t-o-reflexion-de-jose-cervantes-gabarron-2\/#primaryimage"},"thumbnailUrl":"https:\/\/i0.wp.com\/vincentians.com\/es\/wp-content\/uploads\/sites\/11\/2016\/07\/reflexiones-palabra-de-dios.jpg?fit=1200%2C630","articleSection":["Homil\u00edas y reflexiones, A\u00f1o B"],"inLanguage":"es","potentialAction":[{"@type":"CommentAction","name":"Comment","target":["http:\/\/vincentians.com\/es\/6o-domingo-de-t-o-reflexion-de-jose-cervantes-gabarron-2\/#respond"]}]},{"@type":"WebPage","@id":"http:\/\/vincentians.com\/es\/6o-domingo-de-t-o-reflexion-de-jose-cervantes-gabarron-2\/","url":"http:\/\/vincentians.com\/es\/6o-domingo-de-t-o-reflexion-de-jose-cervantes-gabarron-2\/","name":"6\u00ba Domingo de T.O. (reflexi\u00f3n de Jos\u00e9 Cervantes Gabarr\u00f3n) - Somos Vicencianos","isPartOf":{"@id":"http:\/\/vincentians.com\/es\/#website"},"primaryImageOfPage":{"@id":"http:\/\/vincentians.com\/es\/6o-domingo-de-t-o-reflexion-de-jose-cervantes-gabarron-2\/#primaryimage"},"image":{"@id":"http:\/\/vincentians.com\/es\/6o-domingo-de-t-o-reflexion-de-jose-cervantes-gabarron-2\/#primaryimage"},"thumbnailUrl":"https:\/\/i0.wp.com\/vincentians.com\/es\/wp-content\/uploads\/sites\/11\/2016\/07\/reflexiones-palabra-de-dios.jpg?fit=1200%2C630","datePublished":"2015-02-14T12:50:16+00:00","dateModified":"2016-07-24T08:28:10+00:00","breadcrumb":{"@id":"http:\/\/vincentians.com\/es\/6o-domingo-de-t-o-reflexion-de-jose-cervantes-gabarron-2\/#breadcrumb"},"inLanguage":"es","potentialAction":[{"@type":"ReadAction","target":["http:\/\/vincentians.com\/es\/6o-domingo-de-t-o-reflexion-de-jose-cervantes-gabarron-2\/"]}]},{"@type":"ImageObject","inLanguage":"es","@id":"http:\/\/vincentians.com\/es\/6o-domingo-de-t-o-reflexion-de-jose-cervantes-gabarron-2\/#primaryimage","url":"https:\/\/i0.wp.com\/vincentians.com\/es\/wp-content\/uploads\/sites\/11\/2016\/07\/reflexiones-palabra-de-dios.jpg?fit=1200%2C630","contentUrl":"https:\/\/i0.wp.com\/vincentians.com\/es\/wp-content\/uploads\/sites\/11\/2016\/07\/reflexiones-palabra-de-dios.jpg?fit=1200%2C630","width":1200,"height":630},{"@type":"BreadcrumbList","@id":"http:\/\/vincentians.com\/es\/6o-domingo-de-t-o-reflexion-de-jose-cervantes-gabarron-2\/#breadcrumb","itemListElement":[{"@type":"ListItem","position":1,"name":"Portada","item":"http:\/\/vincentians.com\/es\/"},{"@type":"ListItem","position":2,"name":"6\u00ba Domingo de T.O. (reflexi\u00f3n de Jos\u00e9 Cervantes Gabarr\u00f3n)"}]},{"@type":"WebSite","@id":"http:\/\/vincentians.com\/es\/#website","url":"http:\/\/vincentians.com\/es\/","name":"Somos Vicencianos","description":"Know more to serve more","publisher":{"@id":"http:\/\/vincentians.com\/es\/#organization"},"potentialAction":[{"@type":"SearchAction","target":{"@type":"EntryPoint","urlTemplate":"http:\/\/vincentians.com\/es\/?s={search_term_string}"},"query-input":{"@type":"PropertyValueSpecification","valueRequired":true,"valueName":"search_term_string"}}],"inLanguage":"es"},{"@type":"Organization","@id":"http:\/\/vincentians.com\/es\/#organization","name":"The Vincentian Network","url":"http:\/\/vincentians.com\/es\/","logo":{"@type":"ImageObject","inLanguage":"es","@id":"http:\/\/vincentians.com\/es\/#\/schema\/logo\/image\/","url":"https:\/\/i1.wp.com\/vincentians.com\/es\/wp-content\/uploads\/sites\/11\/2016\/06\/Vincentian-Network-logo-big.png?fit=778%2C778","contentUrl":"https:\/\/i1.wp.com\/vincentians.com\/es\/wp-content\/uploads\/sites\/11\/2016\/06\/Vincentian-Network-logo-big.png?fit=778%2C778","width":778,"height":778,"caption":"The Vincentian Network"},"image":{"@id":"http:\/\/vincentians.com\/es\/#\/schema\/logo\/image\/"},"sameAs":["https:\/\/www.facebook.com\/WeAreVincentians\/","https:\/\/x.com\/WeVincentians"]},{"@type":"Person","@id":"http:\/\/vincentians.com\/es\/#\/schema\/person\/9623ef4d9aa3b2dfb8c061f1499288f2","name":"Francisco Javier Fern\u00e1ndez Chento","image":{"@type":"ImageObject","inLanguage":"es","@id":"http:\/\/vincentians.com\/es\/#\/schema\/person\/image\/","url":"https:\/\/secure.gravatar.com\/avatar\/497d5cde87b4c3d097d0315953521681ba2cd523ee66e5077c3711f7021e65de?s=96&d=mm&r=g","contentUrl":"https:\/\/secure.gravatar.com\/avatar\/497d5cde87b4c3d097d0315953521681ba2cd523ee66e5077c3711f7021e65de?s=96&d=mm&r=g","caption":"Francisco Javier Fern\u00e1ndez Chento"},"description":"Director General y cofundador de La Red de Formaci\u00f3n Vicenciana. Javier es laico vicenciano, afiliado a la Congregaci\u00f3n de la Misi\u00f3n y miembro del Equipo de Misiones Populares de la provincia can\u00f3nica de Zaragoza (Espa\u00f1a) de la Congregaci\u00f3n de la Misi\u00f3n. Graduado en la Universidad Oberta de Catalunya con cuatro grados (Asistente de direcci\u00f3n, Gesti\u00f3n Administrativa, Recursos Humanos y Contabilidad Avanzada). Bil\u00edng\u00fce Espa\u00f1ol\/Ingl\u00e9s. gestiona y mantiene varias p\u00e1ginas web cristianas y vicencianas, incluida including La Red de Formaci\u00f3n Vicenciana, de la que es cofundador. Actualmente es responsable del \u00e1rea de Espa\u00f1ol de .famvin, la Red de Noticias de la Familia Vicenciana. Tambi\u00e9n es m\u00fasico cat\u00f3lico y ha editado varios discos. Es Director General y cofundador de Trovador, una reconocida compa\u00f1\u00eda discogr\u00e1fica critiana de Espa\u00f1a. Trabaja en las Tecnolog\u00edas de la Informaci\u00f3n, ofreciendo servicios de alojamiento, dise\u00f1o y mantenimiento Web, as\u00ed como asesoramiento, formaci\u00f3n y soluciones inform\u00e1ticas, gesti\u00f3n documental y digitalizaci\u00f3n de textos, edici\u00f3n y maquetaci\u00f3n de libros, revistas, flyers, etc.","sameAs":["http:\/\/chento.org","https:\/\/www.facebook.com\/JavierChento","https:\/\/x.com\/https:\/\/twitter.com\/javierchento"],"url":"http:\/\/vincentians.com\/es\/author\/chento\/"}]}},"jetpack_publicize_connections":[],"jetpack_featured_media_url":"https:\/\/i0.wp.com\/vincentians.com\/es\/wp-content\/uploads\/sites\/11\/2016\/07\/reflexiones-palabra-de-dios.jpg?fit=1200%2C630","jetpack_sharing_enabled":true,"jetpack_shortlink":"https:\/\/wp.me\/p7ETMF-Amt","jetpack-related-posts":[{"id":132433,"url":"http:\/\/vincentians.com\/es\/4o-domingo-de-cuaresma-reflexion-de-jose-cervantes-gabarron-2\/","url_meta":{"origin":139777,"position":0},"title":"4\u00ba Domingo de Cuaresma (reflexi\u00f3n de Jos\u00e9 Cervantes Gabarr\u00f3n)","author":"Francisco Javier Fern\u00e1ndez Chento","date":"17\/03\/2012","format":false,"excerpt":"El amor da la vida \"Dios, rico en misericordia, por el gran amor con que nos am\u00f3, estando nosotros muertos por los pecados, nos ha hecho vivir con Cristo\" (Ef 2,4). \"Tanto am\u00f3 Dios al mundo que le dio a su \u00fanico Hijo para que todo el que crea en\u2026","rel":"","context":"En \u00abHomil\u00edas y reflexiones, A\u00f1o B\u00bb","block_context":{"text":"Homil\u00edas y reflexiones, A\u00f1o B","link":"http:\/\/vincentians.com\/es\/category\/homilias-y-reflexiones-a-la-palabra-de-dios\/homilias-y-reflexiones-ano-b\/"},"img":{"alt_text":"","src":"https:\/\/i0.wp.com\/vincentians.com\/es\/wp-content\/uploads\/sites\/11\/2016\/07\/reflexiones-palabra-de-dios.jpg?fit=1200%2C630&resize=350%2C200","width":350,"height":200,"srcset":"https:\/\/i0.wp.com\/vincentians.com\/es\/wp-content\/uploads\/sites\/11\/2016\/07\/reflexiones-palabra-de-dios.jpg?fit=1200%2C630&resize=350%2C200 1x, https:\/\/i0.wp.com\/vincentians.com\/es\/wp-content\/uploads\/sites\/11\/2016\/07\/reflexiones-palabra-de-dios.jpg?fit=1200%2C630&resize=525%2C300 1.5x, https:\/\/i0.wp.com\/vincentians.com\/es\/wp-content\/uploads\/sites\/11\/2016\/07\/reflexiones-palabra-de-dios.jpg?fit=1200%2C630&resize=700%2C400 2x, https:\/\/i0.wp.com\/vincentians.com\/es\/wp-content\/uploads\/sites\/11\/2016\/07\/reflexiones-palabra-de-dios.jpg?fit=1200%2C630&resize=1050%2C600 3x"},"classes":[]},{"id":132420,"url":"http:\/\/vincentians.com\/es\/natividad-del-senor-reflexion-de-jose-cervantes-gabarron\/","url_meta":{"origin":139777,"position":1},"title":"Natividad del Se\u00f1or (reflexi\u00f3n de Jos\u00e9 Cervantes Gabarr\u00f3n)","author":"Francisco Javier Fern\u00e1ndez Chento","date":"23\/12\/2011","format":false,"excerpt":"La Navidad, regalo de Dios Acerca del nacimiento de Jes\u00fas que hoy celebramos, hay acuerdo entre los especialistas en admitir como hist\u00f3ricamente cierto que Jes\u00fas naci\u00f3 durante el reinado de Herodes el Grande (37-4 a.C.), en la era del emperador Augusto (37 a.C.-14 d.C.), pero no se puede precisar el\u2026","rel":"","context":"En \u00abHomil\u00edas y reflexiones, A\u00f1o B\u00bb","block_context":{"text":"Homil\u00edas y reflexiones, A\u00f1o B","link":"http:\/\/vincentians.com\/es\/category\/homilias-y-reflexiones-a-la-palabra-de-dios\/homilias-y-reflexiones-ano-b\/"},"img":{"alt_text":"","src":"https:\/\/i0.wp.com\/vincentians.com\/es\/wp-content\/uploads\/sites\/11\/2016\/07\/reflexiones-palabra-de-dios.jpg?fit=1200%2C630&resize=350%2C200","width":350,"height":200,"srcset":"https:\/\/i0.wp.com\/vincentians.com\/es\/wp-content\/uploads\/sites\/11\/2016\/07\/reflexiones-palabra-de-dios.jpg?fit=1200%2C630&resize=350%2C200 1x, https:\/\/i0.wp.com\/vincentians.com\/es\/wp-content\/uploads\/sites\/11\/2016\/07\/reflexiones-palabra-de-dios.jpg?fit=1200%2C630&resize=525%2C300 1.5x, https:\/\/i0.wp.com\/vincentians.com\/es\/wp-content\/uploads\/sites\/11\/2016\/07\/reflexiones-palabra-de-dios.jpg?fit=1200%2C630&resize=700%2C400 2x, https:\/\/i0.wp.com\/vincentians.com\/es\/wp-content\/uploads\/sites\/11\/2016\/07\/reflexiones-palabra-de-dios.jpg?fit=1200%2C630&resize=1050%2C600 3x"},"classes":[]},{"id":135767,"url":"http:\/\/vincentians.com\/es\/corpus-christi-reflexion-de-jose-cervantes-gabarron\/","url_meta":{"origin":139777,"position":2},"title":"Corpus Christi (reflexi\u00f3n de Jos\u00e9 Cervantes Gabarr\u00f3n)","author":"Francisco Javier Fern\u00e1ndez Chento","date":"07\/06\/2012","format":false,"excerpt":"Partir el pan, don de Dios para la vida La celebraci\u00f3n del Corpus Christi recapitula en un d\u00eda de fiesta extraordinario la trascendencia de la Eucarist\u00eda en la vida de la Iglesia y el dinamismo del pan partido como sacramento que proclama y exalta la presencia del Se\u00f1or Jes\u00fas, el\u2026","rel":"","context":"En \u00abHomil\u00edas y reflexiones, A\u00f1o B\u00bb","block_context":{"text":"Homil\u00edas y reflexiones, A\u00f1o B","link":"http:\/\/vincentians.com\/es\/category\/homilias-y-reflexiones-a-la-palabra-de-dios\/homilias-y-reflexiones-ano-b\/"},"img":{"alt_text":"","src":"https:\/\/i0.wp.com\/vincentians.com\/es\/wp-content\/uploads\/sites\/11\/2016\/07\/reflexiones-palabra-de-dios.jpg?fit=1200%2C630&resize=350%2C200","width":350,"height":200,"srcset":"https:\/\/i0.wp.com\/vincentians.com\/es\/wp-content\/uploads\/sites\/11\/2016\/07\/reflexiones-palabra-de-dios.jpg?fit=1200%2C630&resize=350%2C200 1x, https:\/\/i0.wp.com\/vincentians.com\/es\/wp-content\/uploads\/sites\/11\/2016\/07\/reflexiones-palabra-de-dios.jpg?fit=1200%2C630&resize=525%2C300 1.5x, https:\/\/i0.wp.com\/vincentians.com\/es\/wp-content\/uploads\/sites\/11\/2016\/07\/reflexiones-palabra-de-dios.jpg?fit=1200%2C630&resize=700%2C400 2x, https:\/\/i0.wp.com\/vincentians.com\/es\/wp-content\/uploads\/sites\/11\/2016\/07\/reflexiones-palabra-de-dios.jpg?fit=1200%2C630&resize=1050%2C600 3x"},"classes":[]},{"id":141030,"url":"http:\/\/vincentians.com\/es\/2o-domingo-de-cuaresma-reflexion-de-jose-cervantes-gabarron-3\/","url_meta":{"origin":139777,"position":3},"title":"2\u00ba Domingo de Cuaresma (reflexi\u00f3n de Jos\u00e9 Cervantes Gabarr\u00f3n)","author":"Francisco Javier Fern\u00e1ndez Chento","date":"28\/02\/2015","format":false,"excerpt":"Transfigurados por la Pasi\u00f3n de Cristo La escena de la\u00a0transfiguraci\u00f3n de Jes\u00fas\u00a0en lo alto de un monte anuncia la gloria final de la cuaresma. Sin embargo,\u00a0el itinerario hasta la Pascua hay que recorrerlo a trav\u00e9s de la Pasi\u00f3n.\u00a0\u00c9ste es el mensaje dominical. En el centro de los evangelios sin\u00f3pticos la\u2026","rel":"","context":"En \u00abHomil\u00edas y reflexiones, A\u00f1o B\u00bb","block_context":{"text":"Homil\u00edas y reflexiones, A\u00f1o B","link":"http:\/\/vincentians.com\/es\/category\/homilias-y-reflexiones-a-la-palabra-de-dios\/homilias-y-reflexiones-ano-b\/"},"img":{"alt_text":"","src":"https:\/\/i0.wp.com\/vincentians.com\/es\/wp-content\/uploads\/sites\/11\/2016\/07\/reflexiones-palabra-de-dios.jpg?fit=1200%2C630&resize=350%2C200","width":350,"height":200,"srcset":"https:\/\/i0.wp.com\/vincentians.com\/es\/wp-content\/uploads\/sites\/11\/2016\/07\/reflexiones-palabra-de-dios.jpg?fit=1200%2C630&resize=350%2C200 1x, https:\/\/i0.wp.com\/vincentians.com\/es\/wp-content\/uploads\/sites\/11\/2016\/07\/reflexiones-palabra-de-dios.jpg?fit=1200%2C630&resize=525%2C300 1.5x, https:\/\/i0.wp.com\/vincentians.com\/es\/wp-content\/uploads\/sites\/11\/2016\/07\/reflexiones-palabra-de-dios.jpg?fit=1200%2C630&resize=700%2C400 2x, https:\/\/i0.wp.com\/vincentians.com\/es\/wp-content\/uploads\/sites\/11\/2016\/07\/reflexiones-palabra-de-dios.jpg?fit=1200%2C630&resize=1050%2C600 3x"},"classes":[]},{"id":175158,"url":"http:\/\/vincentians.com\/es\/11o-domingo-de-t-o-reflexion-de-jose-cervantes-gabarron\/","url_meta":{"origin":139777,"position":4},"title":"11\u00ba Domingo de T.O. (reflexi\u00f3n de Jos\u00e9 Cervantes Gabarr\u00f3n)","author":"Francisco Javier Fern\u00e1ndez Chento","date":"14\/06\/2015","format":false,"excerpt":"El crecimiento del Reino de Dios Al comienzo del Evangelio de Marcos, \u00e9ste presenta claves fundamentales para la lectura de su obra: \u201cJes\u00fas fue predicando el Evangelio de Dios y diciendo: Se ha cumplido el plazo y se ha acercado el Reino de Dios; convi\u00e9rtanse y crean en el Evangelio\u201d\u2026","rel":"","context":"En \u00abHomil\u00edas y reflexiones, A\u00f1o B\u00bb","block_context":{"text":"Homil\u00edas y reflexiones, A\u00f1o B","link":"http:\/\/vincentians.com\/es\/category\/homilias-y-reflexiones-a-la-palabra-de-dios\/homilias-y-reflexiones-ano-b\/"},"img":{"alt_text":"","src":"https:\/\/i0.wp.com\/vincentians.com\/es\/wp-content\/uploads\/sites\/11\/2016\/07\/reflexiones-palabra-de-dios.jpg?fit=1200%2C630&resize=350%2C200","width":350,"height":200,"srcset":"https:\/\/i0.wp.com\/vincentians.com\/es\/wp-content\/uploads\/sites\/11\/2016\/07\/reflexiones-palabra-de-dios.jpg?fit=1200%2C630&resize=350%2C200 1x, https:\/\/i0.wp.com\/vincentians.com\/es\/wp-content\/uploads\/sites\/11\/2016\/07\/reflexiones-palabra-de-dios.jpg?fit=1200%2C630&resize=525%2C300 1.5x, https:\/\/i0.wp.com\/vincentians.com\/es\/wp-content\/uploads\/sites\/11\/2016\/07\/reflexiones-palabra-de-dios.jpg?fit=1200%2C630&resize=700%2C400 2x, https:\/\/i0.wp.com\/vincentians.com\/es\/wp-content\/uploads\/sites\/11\/2016\/07\/reflexiones-palabra-de-dios.jpg?fit=1200%2C630&resize=1050%2C600 3x"},"classes":[]},{"id":133776,"url":"http:\/\/vincentians.com\/es\/natividad-del-senor-reflexion-de-jose-cervantes-gabarron-2\/","url_meta":{"origin":139777,"position":5},"title":"Natividad del Se\u00f1or (reflexi\u00f3n de Jos\u00e9 Cervantes Gabarr\u00f3n)","author":"Francisco Javier Fern\u00e1ndez Chento","date":"24\/12\/2014","format":false,"excerpt":"La alegr\u00eda de la Nochebuena Esta noche es Nochebuena porque nace Jes\u00fas y en \u00e9l ha aparecido la gracia de Dios que trae la salvaci\u00f3n para todos los hombres (Tito 2,11-14). El motivo real de la celebraci\u00f3n de la Navidad y de nuestra gran alegr\u00eda es el nacimiento del ni\u00f1o\u2026","rel":"","context":"En \u00abHomil\u00edas y reflexiones, A\u00f1o B\u00bb","block_context":{"text":"Homil\u00edas y reflexiones, A\u00f1o B","link":"http:\/\/vincentians.com\/es\/category\/homilias-y-reflexiones-a-la-palabra-de-dios\/homilias-y-reflexiones-ano-b\/"},"img":{"alt_text":"","src":"https:\/\/i0.wp.com\/vincentians.com\/es\/wp-content\/uploads\/sites\/11\/2016\/07\/reflexiones-palabra-de-dios.jpg?fit=1200%2C630&resize=350%2C200","width":350,"height":200,"srcset":"https:\/\/i0.wp.com\/vincentians.com\/es\/wp-content\/uploads\/sites\/11\/2016\/07\/reflexiones-palabra-de-dios.jpg?fit=1200%2C630&resize=350%2C200 1x, https:\/\/i0.wp.com\/vincentians.com\/es\/wp-content\/uploads\/sites\/11\/2016\/07\/reflexiones-palabra-de-dios.jpg?fit=1200%2C630&resize=525%2C300 1.5x, https:\/\/i0.wp.com\/vincentians.com\/es\/wp-content\/uploads\/sites\/11\/2016\/07\/reflexiones-palabra-de-dios.jpg?fit=1200%2C630&resize=700%2C400 2x, https:\/\/i0.wp.com\/vincentians.com\/es\/wp-content\/uploads\/sites\/11\/2016\/07\/reflexiones-palabra-de-dios.jpg?fit=1200%2C630&resize=1050%2C600 3x"},"classes":[]}],"_links":{"self":[{"href":"http:\/\/vincentians.com\/es\/wp-json\/wp\/v2\/posts\/139777","targetHints":{"allow":["GET"]}}],"collection":[{"href":"http:\/\/vincentians.com\/es\/wp-json\/wp\/v2\/posts"}],"about":[{"href":"http:\/\/vincentians.com\/es\/wp-json\/wp\/v2\/types\/post"}],"author":[{"embeddable":true,"href":"http:\/\/vincentians.com\/es\/wp-json\/wp\/v2\/users\/4"}],"replies":[{"embeddable":true,"href":"http:\/\/vincentians.com\/es\/wp-json\/wp\/v2\/comments?post=139777"}],"version-history":[{"count":0,"href":"http:\/\/vincentians.com\/es\/wp-json\/wp\/v2\/posts\/139777\/revisions"}],"wp:featuredmedia":[{"embeddable":true,"href":"http:\/\/vincentians.com\/es\/wp-json\/wp\/v2\/media\/388408"}],"wp:attachment":[{"href":"http:\/\/vincentians.com\/es\/wp-json\/wp\/v2\/media?parent=139777"}],"wp:term":[{"taxonomy":"category","embeddable":true,"href":"http:\/\/vincentians.com\/es\/wp-json\/wp\/v2\/categories?post=139777"},{"taxonomy":"post_tag","embeddable":true,"href":"http:\/\/vincentians.com\/es\/wp-json\/wp\/v2\/tags?post=139777"}],"curies":[{"name":"wp","href":"https:\/\/api.w.org\/{rel}","templated":true}]}}