{"id":139301,"date":"2015-02-09T08:10:32","date_gmt":"2015-02-09T07:10:32","guid":{"rendered":"http:\/\/somos.vicencianos.org\/?p=139301"},"modified":"2016-07-24T10:28:11","modified_gmt":"2016-07-24T08:28:11","slug":"lectio-para-6o-domingo-de-t-o-preparada-por-chuno-chavez-alva-c-m","status":"publish","type":"post","link":"http:\/\/vincentians.com\/es\/lectio-para-6o-domingo-de-t-o-preparada-por-chuno-chavez-alva-c-m\/","title":{"rendered":"Lectio para 6\u00ba domingo de T.O. (preparada por Chuno Ch\u00e1vez Alva, C.M.)"},"content":{"rendered":"<h2 style=\"text-align: center\"><b>Si quieres, puedes limpiarme&#8230;<\/b><\/h2>\n<p><strong>LA PALABRA<\/strong><strong> HOY<\/strong><strong>: <\/strong>Lev\u00edtico 13, 1-2.44-46; Salmo 31; 1 Corintios 10,31-11,1; Marcos 1, 40-45<\/p>\n<p><strong>Ambientaci\u00f3n: <\/strong>Al centro: im\u00e1genes o fotograf\u00edas de situaciones de marginaci\u00f3n que vive nuestra sociedad actual.<\/p>\n<p><strong>Cantos sugeridos: <\/strong>Con nosotros est\u00e1 y no le conocemos.<\/p>\n<h2>Ambientaci\u00f3n<\/h2>\n<p><em>El sufrimiento por la enfermedad de la lepra iba acompa\u00f1ado por la marginaci\u00f3n m\u00e1s absoluta. Jes\u00fas, en el evangelio de hoy, sana al leproso y lo integra de nuevo en la vida de su pueblo. La Palabra de Dios nos lleva necesariamente a leer nuestra historia personal comprometidos con la salvaci\u00f3n de los hermanos.<\/em><\/p>\n<h2>Oraci\u00f3n inicial<\/h2>\n<p>Se\u00f1or Jes\u00fas<br \/>\nun leproso se te acerca<br \/>\ny te dice&#8230;si quieres puedes sanarme&#8230;<br \/>\ny ante esa s\u00faplica T\u00fa no permaneciste indiferente,<br \/>\ntuviste compasi\u00f3n de \u00e9l, lo tocaste y lo sanaste.<br \/>\nle devolviste la salud y tambi\u00e9n la dignidad<br \/>\nreintegr\u00e1ndole a la comunidad<br \/>\nSe\u00f1or, nosotros tambi\u00e9n te decimos:<br \/>\nsi quieres&#8230;, abre nuestro coraz\u00f3n a tu palabra,<br \/>\nsi quieres&#8230;, danos tu Esp\u00edritu Santo,<br \/>\nsi quieres&#8230;, haz que tu Palabra nos cuestione,<br \/>\nsi quieres&#8230;, transf\u00f3rmanos,<br \/>\nsi quieres&#8230;, haz que sintamos y vivamos como T\u00fa,<br \/>\nSe\u00f1or, T\u00fa nunca permaneces indiferente a nuestra vida,<br \/>\npor eso sabemos que S\u00cd lo quieres.<br \/>\nQue S\u00cd, nos dar\u00e1s las gracias de que tu Palabra<br \/>\nnos ayude a conocerte m\u00e1s, a amarte m\u00e1s,<br \/>\na seguirte siempre.<br \/>\nDanos, Se\u00f1or, tu Esp\u00edritu Santo.<br \/>\nQue as\u00ed sea.<\/p>\n<h2>I. Lectio: \u00bfQu\u00e9 dice el texto? \u2013 Marcos 1, 40-45<b><br \/>\n<\/b><\/h2>\n<p><strong>Motivaci\u00f3n:<\/strong><em> Jes\u00fas act\u00faa siempre en la historia de las personas, en esta ocasi\u00f3n limpiando a un leproso. Incluso da un paso m\u00e1s: ya no importa s\u00f3lo la acci\u00f3n de limpiar de la enfermedad a este hombre, sino tambi\u00e9n la devoluci\u00f3n de la dignidad de la persona y la superaci\u00f3n total de la marginaci\u00f3n a la que estaba sometido. El encuentro con Jes\u00fas regenera radicalmente la vida del ser humano<\/em><em>. Escuchemos: <\/em><\/p>\n<p><strong>Forma de leerlo:<\/strong><\/p>\n<ol>\n<li>Proclamar el texto en voz alta (todos de pie).<\/li>\n<li>Cada uno puede leer en voz alta el vers\u00edculo que m\u00e1s le llam\u00f3 la atenci\u00f3n (sentados).<\/li>\n<\/ol>\n<p><strong>Preguntas para la lectura:<\/strong><\/p>\n<ul>\n<li><em>\u00bf<\/em>C\u00f3mo se inicia el relato? \u00bfQui\u00e9n se le acerca a Jes\u00fas?<\/li>\n<li>\u00bfC\u00f3mo reacciona Jes\u00fas? \u00bfCon qu\u00e9 gestos y palabras?<\/li>\n<li>Seg\u00fan la Ley, los leprosos eran impuros y transmit\u00edan su impureza. \u00bfQu\u00e9 actitudes destacan en la forma de actuar de Jes\u00fas?<\/li>\n<li>44-45: \u00bfQu\u00e9 dice Jes\u00fas? \u00bfQu\u00e9 hace el hombre curado?<\/li>\n<li>\u00bfQu\u00e9 hay de semejante entre la vida que se ve obligado a llevar Jes\u00fas y la que llevaba anteriormente el leproso?<\/li>\n<\/ul>\n<p><strong>Otros textos b\u00edblicos para confrontar: Mt 8,2-4; Lc 5,12-14. Tambi\u00e9n 2 Reyes 5 y Lev\u00edtico 14, 2-32<\/strong>.<\/p>\n<h2>II. Meditatio: \u00bfQu\u00e9 me dice? \u00bfQu\u00e9 nos dice el Texto?<\/h2>\n<p><strong><em>Motivaci\u00f3n: <\/em><\/strong><em>En nuestros d\u00edas tambi\u00e9n hay gente marginada por la sociedad, como el leproso del Evangelio. Son personas rechazadas por razones pol\u00edticas, sociales, religiosas\u2026 La historia del encuentro de Jes\u00fas con aquel leproso es, sin duda, hoy m\u00e1s que nunca nuestra historia.<\/em><\/p>\n<ul>\n<li><em>El leproso suplica a Jes\u00fas, de rodillas: si quieres, puedes limpiarme: <\/em>\u00bfC\u00f3mo nos acercamos a Jes\u00fas? \u00bfQu\u00e9 esperamos de \u00e9l?<\/li>\n<li><em>Tambi\u00e9n nosotros tenemos algunas \u201cmanchas\u201d en nuestras vidas. <\/em>\u00bfDe qu\u00e9 nos gustar\u00eda ser limpiados?<\/li>\n<li>\u00bfQu\u00e9 implican para m\u00ed hoy las palabras de Jes\u00fas: \u00a1S\u00ed quiero! \u00a1Queda sano!?<\/li>\n<li>\u00bfQui\u00e9nes son marginados hoy por nuestra sociedad? \u00bfQu\u00e9 podemos hacer para que vuelvan a ser \u201climpios\u201d ante los ojos de los dem\u00e1s?<\/li>\n<\/ul>\n<h2>III. Oratio: \u00bfQu\u00e9 le digo al Se\u00f1or motivado por su Palabra?<\/h2>\n<p><strong><em>Motivaci\u00f3n: <\/em><\/strong><em>Como disc\u00edpulos, hacemos una lectura creyente de la realidad que nos rodea, una lectura desde el coraz\u00f3n de Dios. A \u00e9l nos acercamos como el leproso, desde la fe hecha s\u00faplica, buscando que nos limpie, que sane las enfermedades de nuestro mundo. Tambi\u00e9n le pedimos fuerza para que nos ayude a transformar la realidad que nos rodea.<\/em><\/p>\n<ul>\n<li>Podemos hacer nuestra oraci\u00f3n dejando resonar en nuestro interior estas frases: <em>Se\u00f1or, t\u00fa puedes sanarme\u2026 Se\u00f1or, t\u00fa puedes curarme\u2026 Se\u00f1or, t\u00fa puedes limpiarme\u2026Se\u00f1or, t\u00fa puedes purificarme\u2026<\/em><\/li>\n<li>Se puede, tambi\u00e9n, recitar el <em>salmo 31<\/em> que corresponde a este domingo.<\/li>\n<\/ul>\n<h2>IV. Contemplatio: \u00bfQu\u00e9 me lleva a hacer el texto?<\/h2>\n<p><strong><em>Motivaci\u00f3n: <\/em><\/strong>San Vicente conoci\u00f3 de cerca a los marginados sociales de su \u00e9poca. P. Rom\u00e1n describe as\u00ed su situaci\u00f3n: <em>Pocas situaciones m\u00e1s lamentables que la de los condenados a galeras de los siglos XVI y XVII. Quiz\u00e1 s\u00f3lo los prisioneros de los campos de concentraci\u00f3n del siglo XX pueden compararse con ellos. El horror comenzaba desde el mismo momento de su encierro en la \u00abConciergerie\u00bb parisiense a la espera de la \u00abcadena\u00bb en que ser\u00edan conducidos a los puertos. All\u00ed yac\u00edan en calabozos infectos y nauseabundos, encadenados de dos en dos, extenuados por el hambre, devorados por la fiebre y los gusanos. La situaci\u00f3n no mejoraba con su traslado a los barcos. En ellos les esperaban las inacabables jornadas de pesado remar, abrasados por el ardiente sol mediterr\u00e1neo o azotados por la lluvia y las tormentas y fustigados a menudo por el l\u00e1tigo de c\u00f3mitres despiadados y crueles. <strong>(San Vicente de Pa\u00fal, Biograf\u00eda, p.144)<\/strong><\/em><\/p>\n<p>San Vicente mismo les visit\u00f3 y luego envi\u00f3 a misioneros e hijas de la Caridad. 40 a\u00f1os despu\u00e9s, recuerda: <em>Hermanas m\u00edas, \u00a1qu\u00e9 dicha servir a esos pobres presos, abandonados en manos de personas que no ten\u00edan piedad de ellos! Yo he visto a esas pobres gentes tratados como bestias; esto fue lo que hizo que Dios se llenara de compasi\u00f3n. Le dieron l\u00e1stima y luego su bondad hizo dos cosas en su favor: primero, hizo que compraran una casa para ellos; segundo, quiso disponer las cosas de tal modo que fueran servidos por sus propias hijas, puesto que decir una hija de la Caridad es decir una hija de Dios. (IX, 749)<\/em><\/p>\n<ul>\n<li><strong>Dialogar en nuestras comunidades, grupos, familia: Ante las lepras actuales, \u00bfqu\u00e9 signos concretos de la compasi\u00f3n de Jes\u00fas podemos dar?<\/strong><\/li>\n<\/ul>\n<h2>Oraci\u00f3n final<\/h2>\n<p>Gracias, Padre, porque Jes\u00fas,<br \/>\ncurando a los leprosos<br \/>\nnos mostr\u00f3 que el amor no margina a nadie,<br \/>\nsino que regenera a la persona, restableci\u00e9ndola en su dignidad.<br \/>\nCada sanaci\u00f3n de Cristo nos habla de su coraz\u00f3n compasivo<br \/>\ny nos confirma en la venida de tu amor y de tu reino.<br \/>\nSiguiendo su ejemplo, danos, Se\u00f1or,<br \/>\nun coraz\u00f3n sensible al bien de los hermanos,<br \/>\npara saber dialogar contigo en la fe.<br \/>\nDanos disponibilidad para escuchar tu palabra,<br \/>\nsin encerrarnos en una est\u00e9ril seguridad. Am\u00e9n.<\/p>\n","protected":false},"excerpt":{"rendered":"<p>Si quieres, puedes limpiarme&#8230; LA PALABRA HOY: Lev\u00edtico 13, 1-2.44-46; Salmo 31; 1 Corintios 10,31-11,1; Marcos 1, 40-45 Ambientaci\u00f3n: Al centro: im\u00e1genes o fotograf\u00edas de situaciones de marginaci\u00f3n que vive nuestra sociedad actual. Cantos sugeridos: &#8230; <a href=\"http:\/\/vincentians.com\/es\/lectio-para-6o-domingo-de-t-o-preparada-por-chuno-chavez-alva-c-m\/\" class=\"more-link\">Read More<\/a><\/p>\n","protected":false},"author":4,"featured_media":388408,"comment_status":"open","ping_status":"open","sticky":false,"template":"","format":"standard","meta":{"jetpack_post_was_ever_published":false,"_jetpack_newsletter_access":"","_jetpack_dont_email_post_to_subs":false,"_jetpack_newsletter_tier_id":0,"_jetpack_memberships_contains_paywalled_content":false,"_jetpack_memberships_contains_paid_content":false,"footnotes":"","jetpack_publicize_message":"","jetpack_publicize_feature_enabled":true,"jetpack_social_post_already_shared":true,"jetpack_social_options":{"image_generator_settings":{"template":"highway","default_image_id":0,"font":"","enabled":false},"version":2}},"categories":[93],"tags":[],"class_list":["post-139301","post","type-post","status-publish","format-standard","has-post-thumbnail","hentry","category-homilias-y-reflexiones-ano-b"],"yoast_head":"<!-- This site is optimized with the Yoast SEO plugin v26.3 - https:\/\/yoast.com\/wordpress\/plugins\/seo\/ -->\n<title>Lectio para 6\u00ba domingo de T.O. (preparada por Chuno Ch\u00e1vez Alva, C.M.) - Somos Vicencianos<\/title>\n<meta name=\"robots\" content=\"index, follow, max-snippet:-1, max-image-preview:large, max-video-preview:-1\" \/>\n<link rel=\"canonical\" href=\"http:\/\/vincentians.com\/es\/lectio-para-6o-domingo-de-t-o-preparada-por-chuno-chavez-alva-c-m\/\" \/>\n<meta property=\"og:locale\" content=\"es_ES\" \/>\n<meta property=\"og:type\" content=\"article\" \/>\n<meta property=\"og:title\" content=\"Lectio para 6\u00ba domingo de T.O. (preparada por Chuno Ch\u00e1vez Alva, C.M.) - Somos Vicencianos\" \/>\n<meta property=\"og:description\" content=\"Si quieres, puedes limpiarme&#8230; LA PALABRA HOY: Lev\u00edtico 13, 1-2.44-46; Salmo 31; 1 Corintios 10,31-11,1; Marcos 1, 40-45 Ambientaci\u00f3n: Al centro: im\u00e1genes o fotograf\u00edas de situaciones de marginaci\u00f3n que vive nuestra sociedad actual. Cantos sugeridos: ... Read More\" \/>\n<meta property=\"og:url\" content=\"http:\/\/vincentians.com\/es\/lectio-para-6o-domingo-de-t-o-preparada-por-chuno-chavez-alva-c-m\/\" \/>\n<meta property=\"og:site_name\" content=\"Somos Vicencianos\" \/>\n<meta property=\"article:publisher\" content=\"https:\/\/www.facebook.com\/WeAreVincentians\/\" \/>\n<meta property=\"article:author\" content=\"https:\/\/www.facebook.com\/JavierChento\" \/>\n<meta property=\"article:published_time\" content=\"2015-02-09T07:10:32+00:00\" \/>\n<meta property=\"article:modified_time\" content=\"2016-07-24T08:28:11+00:00\" \/>\n<meta property=\"og:image\" content=\"https:\/\/i0.wp.com\/vincentians.com\/es\/wp-content\/uploads\/sites\/11\/2016\/07\/reflexiones-palabra-de-dios.jpg?fit=1200%2C630\" \/>\n\t<meta property=\"og:image:width\" content=\"1200\" \/>\n\t<meta property=\"og:image:height\" content=\"630\" \/>\n\t<meta property=\"og:image:type\" content=\"image\/jpeg\" \/>\n<meta name=\"author\" content=\"Francisco Javier Fern\u00e1ndez Chento\" \/>\n<meta name=\"twitter:card\" content=\"summary_large_image\" \/>\n<meta name=\"twitter:creator\" content=\"@https:\/\/twitter.com\/javierchento\" \/>\n<meta name=\"twitter:site\" content=\"@WeVincentians\" \/>\n<meta name=\"twitter:label1\" content=\"Escrito por\" \/>\n\t<meta name=\"twitter:data1\" content=\"Francisco Javier Fern\u00e1ndez Chento\" \/>\n\t<meta name=\"twitter:label2\" content=\"Tiempo de lectura\" \/>\n\t<meta name=\"twitter:data2\" content=\"6 minutos\" \/>\n<script type=\"application\/ld+json\" class=\"yoast-schema-graph\">{\"@context\":\"https:\/\/schema.org\",\"@graph\":[{\"@type\":\"Article\",\"@id\":\"http:\/\/vincentians.com\/es\/lectio-para-6o-domingo-de-t-o-preparada-por-chuno-chavez-alva-c-m\/#article\",\"isPartOf\":{\"@id\":\"http:\/\/vincentians.com\/es\/lectio-para-6o-domingo-de-t-o-preparada-por-chuno-chavez-alva-c-m\/\"},\"author\":{\"name\":\"Francisco Javier Fern\u00e1ndez Chento\",\"@id\":\"http:\/\/vincentians.com\/es\/#\/schema\/person\/9623ef4d9aa3b2dfb8c061f1499288f2\"},\"headline\":\"Lectio para 6\u00ba domingo de T.O. (preparada por Chuno Ch\u00e1vez Alva, C.M.)\",\"datePublished\":\"2015-02-09T07:10:32+00:00\",\"dateModified\":\"2016-07-24T08:28:11+00:00\",\"mainEntityOfPage\":{\"@id\":\"http:\/\/vincentians.com\/es\/lectio-para-6o-domingo-de-t-o-preparada-por-chuno-chavez-alva-c-m\/\"},\"wordCount\":1150,\"commentCount\":0,\"publisher\":{\"@id\":\"http:\/\/vincentians.com\/es\/#organization\"},\"image\":{\"@id\":\"http:\/\/vincentians.com\/es\/lectio-para-6o-domingo-de-t-o-preparada-por-chuno-chavez-alva-c-m\/#primaryimage\"},\"thumbnailUrl\":\"https:\/\/i0.wp.com\/vincentians.com\/es\/wp-content\/uploads\/sites\/11\/2016\/07\/reflexiones-palabra-de-dios.jpg?fit=1200%2C630\",\"articleSection\":[\"Homil\u00edas y reflexiones, A\u00f1o B\"],\"inLanguage\":\"es\",\"potentialAction\":[{\"@type\":\"CommentAction\",\"name\":\"Comment\",\"target\":[\"http:\/\/vincentians.com\/es\/lectio-para-6o-domingo-de-t-o-preparada-por-chuno-chavez-alva-c-m\/#respond\"]}]},{\"@type\":\"WebPage\",\"@id\":\"http:\/\/vincentians.com\/es\/lectio-para-6o-domingo-de-t-o-preparada-por-chuno-chavez-alva-c-m\/\",\"url\":\"http:\/\/vincentians.com\/es\/lectio-para-6o-domingo-de-t-o-preparada-por-chuno-chavez-alva-c-m\/\",\"name\":\"Lectio para 6\u00ba domingo de T.O. (preparada por Chuno Ch\u00e1vez Alva, C.M.) - Somos Vicencianos\",\"isPartOf\":{\"@id\":\"http:\/\/vincentians.com\/es\/#website\"},\"primaryImageOfPage\":{\"@id\":\"http:\/\/vincentians.com\/es\/lectio-para-6o-domingo-de-t-o-preparada-por-chuno-chavez-alva-c-m\/#primaryimage\"},\"image\":{\"@id\":\"http:\/\/vincentians.com\/es\/lectio-para-6o-domingo-de-t-o-preparada-por-chuno-chavez-alva-c-m\/#primaryimage\"},\"thumbnailUrl\":\"https:\/\/i0.wp.com\/vincentians.com\/es\/wp-content\/uploads\/sites\/11\/2016\/07\/reflexiones-palabra-de-dios.jpg?fit=1200%2C630\",\"datePublished\":\"2015-02-09T07:10:32+00:00\",\"dateModified\":\"2016-07-24T08:28:11+00:00\",\"breadcrumb\":{\"@id\":\"http:\/\/vincentians.com\/es\/lectio-para-6o-domingo-de-t-o-preparada-por-chuno-chavez-alva-c-m\/#breadcrumb\"},\"inLanguage\":\"es\",\"potentialAction\":[{\"@type\":\"ReadAction\",\"target\":[\"http:\/\/vincentians.com\/es\/lectio-para-6o-domingo-de-t-o-preparada-por-chuno-chavez-alva-c-m\/\"]}]},{\"@type\":\"ImageObject\",\"inLanguage\":\"es\",\"@id\":\"http:\/\/vincentians.com\/es\/lectio-para-6o-domingo-de-t-o-preparada-por-chuno-chavez-alva-c-m\/#primaryimage\",\"url\":\"https:\/\/i0.wp.com\/vincentians.com\/es\/wp-content\/uploads\/sites\/11\/2016\/07\/reflexiones-palabra-de-dios.jpg?fit=1200%2C630\",\"contentUrl\":\"https:\/\/i0.wp.com\/vincentians.com\/es\/wp-content\/uploads\/sites\/11\/2016\/07\/reflexiones-palabra-de-dios.jpg?fit=1200%2C630\",\"width\":1200,\"height\":630},{\"@type\":\"BreadcrumbList\",\"@id\":\"http:\/\/vincentians.com\/es\/lectio-para-6o-domingo-de-t-o-preparada-por-chuno-chavez-alva-c-m\/#breadcrumb\",\"itemListElement\":[{\"@type\":\"ListItem\",\"position\":1,\"name\":\"Portada\",\"item\":\"http:\/\/vincentians.com\/es\/\"},{\"@type\":\"ListItem\",\"position\":2,\"name\":\"Lectio para 6\u00ba domingo de T.O. (preparada por Chuno Ch\u00e1vez Alva, C.M.)\"}]},{\"@type\":\"WebSite\",\"@id\":\"http:\/\/vincentians.com\/es\/#website\",\"url\":\"http:\/\/vincentians.com\/es\/\",\"name\":\"Somos Vicencianos\",\"description\":\"Know more to serve more\",\"publisher\":{\"@id\":\"http:\/\/vincentians.com\/es\/#organization\"},\"potentialAction\":[{\"@type\":\"SearchAction\",\"target\":{\"@type\":\"EntryPoint\",\"urlTemplate\":\"http:\/\/vincentians.com\/es\/?s={search_term_string}\"},\"query-input\":{\"@type\":\"PropertyValueSpecification\",\"valueRequired\":true,\"valueName\":\"search_term_string\"}}],\"inLanguage\":\"es\"},{\"@type\":\"Organization\",\"@id\":\"http:\/\/vincentians.com\/es\/#organization\",\"name\":\"The Vincentian Network\",\"url\":\"http:\/\/vincentians.com\/es\/\",\"logo\":{\"@type\":\"ImageObject\",\"inLanguage\":\"es\",\"@id\":\"http:\/\/vincentians.com\/es\/#\/schema\/logo\/image\/\",\"url\":\"https:\/\/i1.wp.com\/vincentians.com\/es\/wp-content\/uploads\/sites\/11\/2016\/06\/Vincentian-Network-logo-big.png?fit=778%2C778\",\"contentUrl\":\"https:\/\/i1.wp.com\/vincentians.com\/es\/wp-content\/uploads\/sites\/11\/2016\/06\/Vincentian-Network-logo-big.png?fit=778%2C778\",\"width\":778,\"height\":778,\"caption\":\"The Vincentian Network\"},\"image\":{\"@id\":\"http:\/\/vincentians.com\/es\/#\/schema\/logo\/image\/\"},\"sameAs\":[\"https:\/\/www.facebook.com\/WeAreVincentians\/\",\"https:\/\/x.com\/WeVincentians\"]},{\"@type\":\"Person\",\"@id\":\"http:\/\/vincentians.com\/es\/#\/schema\/person\/9623ef4d9aa3b2dfb8c061f1499288f2\",\"name\":\"Francisco Javier Fern\u00e1ndez Chento\",\"image\":{\"@type\":\"ImageObject\",\"inLanguage\":\"es\",\"@id\":\"http:\/\/vincentians.com\/es\/#\/schema\/person\/image\/\",\"url\":\"https:\/\/secure.gravatar.com\/avatar\/497d5cde87b4c3d097d0315953521681ba2cd523ee66e5077c3711f7021e65de?s=96&d=mm&r=g\",\"contentUrl\":\"https:\/\/secure.gravatar.com\/avatar\/497d5cde87b4c3d097d0315953521681ba2cd523ee66e5077c3711f7021e65de?s=96&d=mm&r=g\",\"caption\":\"Francisco Javier Fern\u00e1ndez Chento\"},\"description\":\"Director General y cofundador de La Red de Formaci\u00f3n Vicenciana. Javier es laico vicenciano, afiliado a la Congregaci\u00f3n de la Misi\u00f3n y miembro del Equipo de Misiones Populares de la provincia can\u00f3nica de Zaragoza (Espa\u00f1a) de la Congregaci\u00f3n de la Misi\u00f3n. Graduado en la Universidad Oberta de Catalunya con cuatro grados (Asistente de direcci\u00f3n, Gesti\u00f3n Administrativa, Recursos Humanos y Contabilidad Avanzada). Bil\u00edng\u00fce Espa\u00f1ol\/Ingl\u00e9s. gestiona y mantiene varias p\u00e1ginas web cristianas y vicencianas, incluida including La Red de Formaci\u00f3n Vicenciana, de la que es cofundador. Actualmente es responsable del \u00e1rea de Espa\u00f1ol de .famvin, la Red de Noticias de la Familia Vicenciana. Tambi\u00e9n es m\u00fasico cat\u00f3lico y ha editado varios discos. Es Director General y cofundador de Trovador, una reconocida compa\u00f1\u00eda discogr\u00e1fica critiana de Espa\u00f1a. Trabaja en las Tecnolog\u00edas de la Informaci\u00f3n, ofreciendo servicios de alojamiento, dise\u00f1o y mantenimiento Web, as\u00ed como asesoramiento, formaci\u00f3n y soluciones inform\u00e1ticas, gesti\u00f3n documental y digitalizaci\u00f3n de textos, edici\u00f3n y maquetaci\u00f3n de libros, revistas, flyers, etc.\",\"sameAs\":[\"http:\/\/chento.org\",\"https:\/\/www.facebook.com\/JavierChento\",\"https:\/\/x.com\/https:\/\/twitter.com\/javierchento\"],\"url\":\"http:\/\/vincentians.com\/es\/author\/chento\/\"}]}<\/script>\n<!-- \/ Yoast SEO plugin. -->","yoast_head_json":{"title":"Lectio para 6\u00ba domingo de T.O. (preparada por Chuno Ch\u00e1vez Alva, C.M.) - Somos Vicencianos","robots":{"index":"index","follow":"follow","max-snippet":"max-snippet:-1","max-image-preview":"max-image-preview:large","max-video-preview":"max-video-preview:-1"},"canonical":"http:\/\/vincentians.com\/es\/lectio-para-6o-domingo-de-t-o-preparada-por-chuno-chavez-alva-c-m\/","og_locale":"es_ES","og_type":"article","og_title":"Lectio para 6\u00ba domingo de T.O. (preparada por Chuno Ch\u00e1vez Alva, C.M.) - Somos Vicencianos","og_description":"Si quieres, puedes limpiarme&#8230; LA PALABRA HOY: Lev\u00edtico 13, 1-2.44-46; Salmo 31; 1 Corintios 10,31-11,1; Marcos 1, 40-45 Ambientaci\u00f3n: Al centro: im\u00e1genes o fotograf\u00edas de situaciones de marginaci\u00f3n que vive nuestra sociedad actual. Cantos sugeridos: ... Read More","og_url":"http:\/\/vincentians.com\/es\/lectio-para-6o-domingo-de-t-o-preparada-por-chuno-chavez-alva-c-m\/","og_site_name":"Somos Vicencianos","article_publisher":"https:\/\/www.facebook.com\/WeAreVincentians\/","article_author":"https:\/\/www.facebook.com\/JavierChento","article_published_time":"2015-02-09T07:10:32+00:00","article_modified_time":"2016-07-24T08:28:11+00:00","og_image":[{"width":1200,"height":630,"url":"https:\/\/i0.wp.com\/vincentians.com\/es\/wp-content\/uploads\/sites\/11\/2016\/07\/reflexiones-palabra-de-dios.jpg?fit=1200%2C630","type":"image\/jpeg"}],"author":"Francisco Javier Fern\u00e1ndez Chento","twitter_card":"summary_large_image","twitter_creator":"@https:\/\/twitter.com\/javierchento","twitter_site":"@WeVincentians","twitter_misc":{"Escrito por":"Francisco Javier Fern\u00e1ndez Chento","Tiempo de lectura":"6 minutos"},"schema":{"@context":"https:\/\/schema.org","@graph":[{"@type":"Article","@id":"http:\/\/vincentians.com\/es\/lectio-para-6o-domingo-de-t-o-preparada-por-chuno-chavez-alva-c-m\/#article","isPartOf":{"@id":"http:\/\/vincentians.com\/es\/lectio-para-6o-domingo-de-t-o-preparada-por-chuno-chavez-alva-c-m\/"},"author":{"name":"Francisco Javier Fern\u00e1ndez Chento","@id":"http:\/\/vincentians.com\/es\/#\/schema\/person\/9623ef4d9aa3b2dfb8c061f1499288f2"},"headline":"Lectio para 6\u00ba domingo de T.O. (preparada por Chuno Ch\u00e1vez Alva, C.M.)","datePublished":"2015-02-09T07:10:32+00:00","dateModified":"2016-07-24T08:28:11+00:00","mainEntityOfPage":{"@id":"http:\/\/vincentians.com\/es\/lectio-para-6o-domingo-de-t-o-preparada-por-chuno-chavez-alva-c-m\/"},"wordCount":1150,"commentCount":0,"publisher":{"@id":"http:\/\/vincentians.com\/es\/#organization"},"image":{"@id":"http:\/\/vincentians.com\/es\/lectio-para-6o-domingo-de-t-o-preparada-por-chuno-chavez-alva-c-m\/#primaryimage"},"thumbnailUrl":"https:\/\/i0.wp.com\/vincentians.com\/es\/wp-content\/uploads\/sites\/11\/2016\/07\/reflexiones-palabra-de-dios.jpg?fit=1200%2C630","articleSection":["Homil\u00edas y reflexiones, A\u00f1o B"],"inLanguage":"es","potentialAction":[{"@type":"CommentAction","name":"Comment","target":["http:\/\/vincentians.com\/es\/lectio-para-6o-domingo-de-t-o-preparada-por-chuno-chavez-alva-c-m\/#respond"]}]},{"@type":"WebPage","@id":"http:\/\/vincentians.com\/es\/lectio-para-6o-domingo-de-t-o-preparada-por-chuno-chavez-alva-c-m\/","url":"http:\/\/vincentians.com\/es\/lectio-para-6o-domingo-de-t-o-preparada-por-chuno-chavez-alva-c-m\/","name":"Lectio para 6\u00ba domingo de T.O. (preparada por Chuno Ch\u00e1vez Alva, C.M.) - Somos Vicencianos","isPartOf":{"@id":"http:\/\/vincentians.com\/es\/#website"},"primaryImageOfPage":{"@id":"http:\/\/vincentians.com\/es\/lectio-para-6o-domingo-de-t-o-preparada-por-chuno-chavez-alva-c-m\/#primaryimage"},"image":{"@id":"http:\/\/vincentians.com\/es\/lectio-para-6o-domingo-de-t-o-preparada-por-chuno-chavez-alva-c-m\/#primaryimage"},"thumbnailUrl":"https:\/\/i0.wp.com\/vincentians.com\/es\/wp-content\/uploads\/sites\/11\/2016\/07\/reflexiones-palabra-de-dios.jpg?fit=1200%2C630","datePublished":"2015-02-09T07:10:32+00:00","dateModified":"2016-07-24T08:28:11+00:00","breadcrumb":{"@id":"http:\/\/vincentians.com\/es\/lectio-para-6o-domingo-de-t-o-preparada-por-chuno-chavez-alva-c-m\/#breadcrumb"},"inLanguage":"es","potentialAction":[{"@type":"ReadAction","target":["http:\/\/vincentians.com\/es\/lectio-para-6o-domingo-de-t-o-preparada-por-chuno-chavez-alva-c-m\/"]}]},{"@type":"ImageObject","inLanguage":"es","@id":"http:\/\/vincentians.com\/es\/lectio-para-6o-domingo-de-t-o-preparada-por-chuno-chavez-alva-c-m\/#primaryimage","url":"https:\/\/i0.wp.com\/vincentians.com\/es\/wp-content\/uploads\/sites\/11\/2016\/07\/reflexiones-palabra-de-dios.jpg?fit=1200%2C630","contentUrl":"https:\/\/i0.wp.com\/vincentians.com\/es\/wp-content\/uploads\/sites\/11\/2016\/07\/reflexiones-palabra-de-dios.jpg?fit=1200%2C630","width":1200,"height":630},{"@type":"BreadcrumbList","@id":"http:\/\/vincentians.com\/es\/lectio-para-6o-domingo-de-t-o-preparada-por-chuno-chavez-alva-c-m\/#breadcrumb","itemListElement":[{"@type":"ListItem","position":1,"name":"Portada","item":"http:\/\/vincentians.com\/es\/"},{"@type":"ListItem","position":2,"name":"Lectio para 6\u00ba domingo de T.O. (preparada por Chuno Ch\u00e1vez Alva, C.M.)"}]},{"@type":"WebSite","@id":"http:\/\/vincentians.com\/es\/#website","url":"http:\/\/vincentians.com\/es\/","name":"Somos Vicencianos","description":"Know more to serve more","publisher":{"@id":"http:\/\/vincentians.com\/es\/#organization"},"potentialAction":[{"@type":"SearchAction","target":{"@type":"EntryPoint","urlTemplate":"http:\/\/vincentians.com\/es\/?s={search_term_string}"},"query-input":{"@type":"PropertyValueSpecification","valueRequired":true,"valueName":"search_term_string"}}],"inLanguage":"es"},{"@type":"Organization","@id":"http:\/\/vincentians.com\/es\/#organization","name":"The Vincentian Network","url":"http:\/\/vincentians.com\/es\/","logo":{"@type":"ImageObject","inLanguage":"es","@id":"http:\/\/vincentians.com\/es\/#\/schema\/logo\/image\/","url":"https:\/\/i1.wp.com\/vincentians.com\/es\/wp-content\/uploads\/sites\/11\/2016\/06\/Vincentian-Network-logo-big.png?fit=778%2C778","contentUrl":"https:\/\/i1.wp.com\/vincentians.com\/es\/wp-content\/uploads\/sites\/11\/2016\/06\/Vincentian-Network-logo-big.png?fit=778%2C778","width":778,"height":778,"caption":"The Vincentian Network"},"image":{"@id":"http:\/\/vincentians.com\/es\/#\/schema\/logo\/image\/"},"sameAs":["https:\/\/www.facebook.com\/WeAreVincentians\/","https:\/\/x.com\/WeVincentians"]},{"@type":"Person","@id":"http:\/\/vincentians.com\/es\/#\/schema\/person\/9623ef4d9aa3b2dfb8c061f1499288f2","name":"Francisco Javier Fern\u00e1ndez Chento","image":{"@type":"ImageObject","inLanguage":"es","@id":"http:\/\/vincentians.com\/es\/#\/schema\/person\/image\/","url":"https:\/\/secure.gravatar.com\/avatar\/497d5cde87b4c3d097d0315953521681ba2cd523ee66e5077c3711f7021e65de?s=96&d=mm&r=g","contentUrl":"https:\/\/secure.gravatar.com\/avatar\/497d5cde87b4c3d097d0315953521681ba2cd523ee66e5077c3711f7021e65de?s=96&d=mm&r=g","caption":"Francisco Javier Fern\u00e1ndez Chento"},"description":"Director General y cofundador de La Red de Formaci\u00f3n Vicenciana. Javier es laico vicenciano, afiliado a la Congregaci\u00f3n de la Misi\u00f3n y miembro del Equipo de Misiones Populares de la provincia can\u00f3nica de Zaragoza (Espa\u00f1a) de la Congregaci\u00f3n de la Misi\u00f3n. Graduado en la Universidad Oberta de Catalunya con cuatro grados (Asistente de direcci\u00f3n, Gesti\u00f3n Administrativa, Recursos Humanos y Contabilidad Avanzada). Bil\u00edng\u00fce Espa\u00f1ol\/Ingl\u00e9s. gestiona y mantiene varias p\u00e1ginas web cristianas y vicencianas, incluida including La Red de Formaci\u00f3n Vicenciana, de la que es cofundador. Actualmente es responsable del \u00e1rea de Espa\u00f1ol de .famvin, la Red de Noticias de la Familia Vicenciana. Tambi\u00e9n es m\u00fasico cat\u00f3lico y ha editado varios discos. Es Director General y cofundador de Trovador, una reconocida compa\u00f1\u00eda discogr\u00e1fica critiana de Espa\u00f1a. Trabaja en las Tecnolog\u00edas de la Informaci\u00f3n, ofreciendo servicios de alojamiento, dise\u00f1o y mantenimiento Web, as\u00ed como asesoramiento, formaci\u00f3n y soluciones inform\u00e1ticas, gesti\u00f3n documental y digitalizaci\u00f3n de textos, edici\u00f3n y maquetaci\u00f3n de libros, revistas, flyers, etc.","sameAs":["http:\/\/chento.org","https:\/\/www.facebook.com\/JavierChento","https:\/\/x.com\/https:\/\/twitter.com\/javierchento"],"url":"http:\/\/vincentians.com\/es\/author\/chento\/"}]}},"jetpack_publicize_connections":[],"jetpack_featured_media_url":"https:\/\/i0.wp.com\/vincentians.com\/es\/wp-content\/uploads\/sites\/11\/2016\/07\/reflexiones-palabra-de-dios.jpg?fit=1200%2C630","jetpack_sharing_enabled":true,"jetpack_shortlink":"https:\/\/wp.me\/p7ETMF-AeN","jetpack-related-posts":[{"id":1283,"url":"http:\/\/vincentians.com\/es\/6o-domingo-de-t-o-reflexion-de-jose-roman-flecha\/","url_meta":{"origin":139301,"position":0},"title":"6\u00ba Domingo de T.O. (reflexi\u00f3n de Jos\u00e9 Rom\u00e1n Flecha)","author":"Francisco Javier Fern\u00e1ndez Chento","date":"06\/02\/2012","format":false,"excerpt":"LEPROSO CON LOS LEPROSOS Domingo 6\u00ba del tiempo ordinario 12 de febrero de 2012 \u201cLa grandeza de la humanidad est\u00e1 determinada esencialmente por su relaci\u00f3n con el sufrimiento y con el que sufre. Esto es v\u00e1lido tanto para el individuo como para la sociedad. Una sociedad que no logra aceptar\u2026","rel":"","context":"En \u00abHomil\u00edas y reflexiones, A\u00f1o B\u00bb","block_context":{"text":"Homil\u00edas y reflexiones, A\u00f1o B","link":"http:\/\/vincentians.com\/es\/category\/homilias-y-reflexiones-a-la-palabra-de-dios\/homilias-y-reflexiones-ano-b\/"},"img":{"alt_text":"","src":"https:\/\/i0.wp.com\/vincentians.com\/es\/wp-content\/uploads\/sites\/11\/2016\/07\/reflexiones-palabra-de-dios.jpg?fit=1200%2C630&resize=350%2C200","width":350,"height":200,"srcset":"https:\/\/i0.wp.com\/vincentians.com\/es\/wp-content\/uploads\/sites\/11\/2016\/07\/reflexiones-palabra-de-dios.jpg?fit=1200%2C630&resize=350%2C200 1x, https:\/\/i0.wp.com\/vincentians.com\/es\/wp-content\/uploads\/sites\/11\/2016\/07\/reflexiones-palabra-de-dios.jpg?fit=1200%2C630&resize=525%2C300 1.5x, https:\/\/i0.wp.com\/vincentians.com\/es\/wp-content\/uploads\/sites\/11\/2016\/07\/reflexiones-palabra-de-dios.jpg?fit=1200%2C630&resize=700%2C400 2x, https:\/\/i0.wp.com\/vincentians.com\/es\/wp-content\/uploads\/sites\/11\/2016\/07\/reflexiones-palabra-de-dios.jpg?fit=1200%2C630&resize=1050%2C600 3x"},"classes":[]},{"id":139777,"url":"http:\/\/vincentians.com\/es\/6o-domingo-de-t-o-reflexion-de-jose-cervantes-gabarron-2\/","url_meta":{"origin":139301,"position":1},"title":"6\u00ba Domingo de T.O. (reflexi\u00f3n de Jos\u00e9 Cervantes Gabarr\u00f3n)","author":"Francisco Javier Fern\u00e1ndez Chento","date":"14\/02\/2015","format":false,"excerpt":"\u201cMisericordeando\u201d Nos permitimos titular hoy la reflexi\u00f3n con una palabra admirablemente rescatada por el Papa Francisco para mostrar activamente la misericordia de Dios utilizando el verbo\u00a0misericordear.\u00a0La curaci\u00f3n del leproso por parte de Jes\u00fas es un\u00a0signo revelador de la cercan\u00eda del Reino de Dios que \u00e9l ha anunciado e inaugurado (Mc\u2026","rel":"","context":"En \u00abHomil\u00edas y reflexiones, A\u00f1o B\u00bb","block_context":{"text":"Homil\u00edas y reflexiones, A\u00f1o B","link":"http:\/\/vincentians.com\/es\/category\/homilias-y-reflexiones-a-la-palabra-de-dios\/homilias-y-reflexiones-ano-b\/"},"img":{"alt_text":"","src":"https:\/\/i0.wp.com\/vincentians.com\/es\/wp-content\/uploads\/sites\/11\/2016\/07\/reflexiones-palabra-de-dios.jpg?fit=1200%2C630&resize=350%2C200","width":350,"height":200,"srcset":"https:\/\/i0.wp.com\/vincentians.com\/es\/wp-content\/uploads\/sites\/11\/2016\/07\/reflexiones-palabra-de-dios.jpg?fit=1200%2C630&resize=350%2C200 1x, https:\/\/i0.wp.com\/vincentians.com\/es\/wp-content\/uploads\/sites\/11\/2016\/07\/reflexiones-palabra-de-dios.jpg?fit=1200%2C630&resize=525%2C300 1.5x, https:\/\/i0.wp.com\/vincentians.com\/es\/wp-content\/uploads\/sites\/11\/2016\/07\/reflexiones-palabra-de-dios.jpg?fit=1200%2C630&resize=700%2C400 2x, https:\/\/i0.wp.com\/vincentians.com\/es\/wp-content\/uploads\/sites\/11\/2016\/07\/reflexiones-palabra-de-dios.jpg?fit=1200%2C630&resize=1050%2C600 3x"},"classes":[]},{"id":1285,"url":"http:\/\/vincentians.com\/es\/6o-domingo-de-t-o-reflexion-de-julio-suescun-c-m\/","url_meta":{"origin":139301,"position":2},"title":"6\u00ba Domingo de T.O. (reflexi\u00f3n de Julio Suescun, C.M.)","author":"Francisco Javier Fern\u00e1ndez Chento","date":"07\/02\/2012","format":false,"excerpt":"Al verlo, se indign\u00f3 Jes\u00fas se encuentra, por primera vez en el relato evang\u00e9lico de San Marcos, con un leproso. Hay que recordar lo que significaba la lepra para los jud\u00edos contempor\u00e1neos de Jes\u00fas. Esta no era una enfermedad m\u00e1s. Estaba sometida a rigurosas restricciones legales (lectura 1\u00aa). \u00a0El leproso\u2026","rel":"","context":"En \u00abHomil\u00edas y reflexiones, A\u00f1o B\u00bb","block_context":{"text":"Homil\u00edas y reflexiones, A\u00f1o B","link":"http:\/\/vincentians.com\/es\/category\/homilias-y-reflexiones-a-la-palabra-de-dios\/homilias-y-reflexiones-ano-b\/"},"img":{"alt_text":"","src":"https:\/\/i0.wp.com\/vincentians.com\/es\/wp-content\/uploads\/sites\/11\/2016\/07\/reflexiones-palabra-de-dios.jpg?fit=1200%2C630&resize=350%2C200","width":350,"height":200,"srcset":"https:\/\/i0.wp.com\/vincentians.com\/es\/wp-content\/uploads\/sites\/11\/2016\/07\/reflexiones-palabra-de-dios.jpg?fit=1200%2C630&resize=350%2C200 1x, https:\/\/i0.wp.com\/vincentians.com\/es\/wp-content\/uploads\/sites\/11\/2016\/07\/reflexiones-palabra-de-dios.jpg?fit=1200%2C630&resize=525%2C300 1.5x, https:\/\/i0.wp.com\/vincentians.com\/es\/wp-content\/uploads\/sites\/11\/2016\/07\/reflexiones-palabra-de-dios.jpg?fit=1200%2C630&resize=700%2C400 2x, https:\/\/i0.wp.com\/vincentians.com\/es\/wp-content\/uploads\/sites\/11\/2016\/07\/reflexiones-palabra-de-dios.jpg?fit=1200%2C630&resize=1050%2C600 3x"},"classes":[]},{"id":1297,"url":"http:\/\/vincentians.com\/es\/6o-domingo-de-t-o-reflexion-de-jose-cervantes-gabarron\/","url_meta":{"origin":139301,"position":3},"title":"6\u00ba Domingo de T.O. (reflexi\u00f3n de Jos\u00e9 Cervantes Gabarr\u00f3n)","author":"Francisco Javier Fern\u00e1ndez Chento","date":"10\/02\/2012","format":false,"excerpt":"La misericordia liberadora de Jes\u00fas La curaci\u00f3n del leproso por parte de Jes\u00fas es un signo revelador de la cercan\u00eda del Reino de Dios que \u00e9l ha anunciado e inaugurado (Mc 1,39-45). La enfermedad maldita de la lepra era motivo de exclusi\u00f3n de la comunidad israelita por razones de impureza\u2026","rel":"","context":"En \u00abHomil\u00edas y reflexiones, A\u00f1o B\u00bb","block_context":{"text":"Homil\u00edas y reflexiones, A\u00f1o B","link":"http:\/\/vincentians.com\/es\/category\/homilias-y-reflexiones-a-la-palabra-de-dios\/homilias-y-reflexiones-ano-b\/"},"img":{"alt_text":"","src":"https:\/\/i0.wp.com\/vincentians.com\/es\/wp-content\/uploads\/sites\/11\/2016\/07\/reflexiones-palabra-de-dios.jpg?fit=1200%2C630&resize=350%2C200","width":350,"height":200,"srcset":"https:\/\/i0.wp.com\/vincentians.com\/es\/wp-content\/uploads\/sites\/11\/2016\/07\/reflexiones-palabra-de-dios.jpg?fit=1200%2C630&resize=350%2C200 1x, https:\/\/i0.wp.com\/vincentians.com\/es\/wp-content\/uploads\/sites\/11\/2016\/07\/reflexiones-palabra-de-dios.jpg?fit=1200%2C630&resize=525%2C300 1.5x, https:\/\/i0.wp.com\/vincentians.com\/es\/wp-content\/uploads\/sites\/11\/2016\/07\/reflexiones-palabra-de-dios.jpg?fit=1200%2C630&resize=700%2C400 2x, https:\/\/i0.wp.com\/vincentians.com\/es\/wp-content\/uploads\/sites\/11\/2016\/07\/reflexiones-palabra-de-dios.jpg?fit=1200%2C630&resize=1050%2C600 3x"},"classes":[]},{"id":134449,"url":"http:\/\/vincentians.com\/es\/6o-domingo-de-tiempo-ordinario-reflexion-de-honorio-lopez-c-m\/","url_meta":{"origin":139301,"position":4},"title":"6\u00ba domingo de T.O. (reflexi\u00f3n de Honorio L\u00f3pez, C.M.)","author":"Francisco Javier Fern\u00e1ndez Chento","date":"15\/02\/2015","format":false,"excerpt":"Lv 13, 1-2.44-46; Sal 32, 1-5; 1 Cor 10, 31\u201411, 1; Mc 1, 40-45 Toc\u00f3 al leproso y le dijo: Quiero, queda limpio\" Me admiran estos dos transgresores: el leproso y Jes\u00fas. Los leprosos \u2013seg\u00fan la Ley- deb\u00edan vivir aislados, fuera de las poblaciones, de la casa y del templo.\u2026","rel":"","context":"En \u00abHomil\u00edas y reflexiones, A\u00f1o B\u00bb","block_context":{"text":"Homil\u00edas y reflexiones, A\u00f1o B","link":"http:\/\/vincentians.com\/es\/category\/homilias-y-reflexiones-a-la-palabra-de-dios\/homilias-y-reflexiones-ano-b\/"},"img":{"alt_text":"","src":"https:\/\/i0.wp.com\/vincentians.com\/es\/wp-content\/uploads\/sites\/11\/2016\/07\/reflexiones-palabra-de-dios.jpg?fit=1200%2C630&resize=350%2C200","width":350,"height":200,"srcset":"https:\/\/i0.wp.com\/vincentians.com\/es\/wp-content\/uploads\/sites\/11\/2016\/07\/reflexiones-palabra-de-dios.jpg?fit=1200%2C630&resize=350%2C200 1x, https:\/\/i0.wp.com\/vincentians.com\/es\/wp-content\/uploads\/sites\/11\/2016\/07\/reflexiones-palabra-de-dios.jpg?fit=1200%2C630&resize=525%2C300 1.5x, https:\/\/i0.wp.com\/vincentians.com\/es\/wp-content\/uploads\/sites\/11\/2016\/07\/reflexiones-palabra-de-dios.jpg?fit=1200%2C630&resize=700%2C400 2x, https:\/\/i0.wp.com\/vincentians.com\/es\/wp-content\/uploads\/sites\/11\/2016\/07\/reflexiones-palabra-de-dios.jpg?fit=1200%2C630&resize=1050%2C600 3x"},"classes":[]},{"id":139457,"url":"http:\/\/vincentians.com\/es\/6o-domingo-de-t-o-reflexion-de-la-s-s-v-p-en-espana\/","url_meta":{"origin":139301,"position":5},"title":"6\u00ba Domingo de T.O. (reflexi\u00f3n de la S.S.V.P. en Espa\u00f1a)","author":"Francisco Javier Fern\u00e1ndez Chento","date":"10\/02\/2015","format":false,"excerpt":"\u00abEl bien no hace ruido, el ruido no hace bien\u00bb (SVdeP) El pasaje del Libro del Lev\u00edtico es un extracto de las leyes de pureza; y m\u00e1s especialmente de las que conciernen al tratamiento de la lepra. Se llamaba lepra a la mayor parte de las enfermedades de la piel.\u2026","rel":"","context":"En \u00abHomil\u00edas y reflexiones, A\u00f1o B\u00bb","block_context":{"text":"Homil\u00edas y reflexiones, A\u00f1o B","link":"http:\/\/vincentians.com\/es\/category\/homilias-y-reflexiones-a-la-palabra-de-dios\/homilias-y-reflexiones-ano-b\/"},"img":{"alt_text":"","src":"https:\/\/i0.wp.com\/vincentians.com\/es\/wp-content\/uploads\/sites\/11\/2016\/07\/reflexiones-palabra-de-dios.jpg?fit=1200%2C630&resize=350%2C200","width":350,"height":200,"srcset":"https:\/\/i0.wp.com\/vincentians.com\/es\/wp-content\/uploads\/sites\/11\/2016\/07\/reflexiones-palabra-de-dios.jpg?fit=1200%2C630&resize=350%2C200 1x, https:\/\/i0.wp.com\/vincentians.com\/es\/wp-content\/uploads\/sites\/11\/2016\/07\/reflexiones-palabra-de-dios.jpg?fit=1200%2C630&resize=525%2C300 1.5x, https:\/\/i0.wp.com\/vincentians.com\/es\/wp-content\/uploads\/sites\/11\/2016\/07\/reflexiones-palabra-de-dios.jpg?fit=1200%2C630&resize=700%2C400 2x, https:\/\/i0.wp.com\/vincentians.com\/es\/wp-content\/uploads\/sites\/11\/2016\/07\/reflexiones-palabra-de-dios.jpg?fit=1200%2C630&resize=1050%2C600 3x"},"classes":[]}],"_links":{"self":[{"href":"http:\/\/vincentians.com\/es\/wp-json\/wp\/v2\/posts\/139301","targetHints":{"allow":["GET"]}}],"collection":[{"href":"http:\/\/vincentians.com\/es\/wp-json\/wp\/v2\/posts"}],"about":[{"href":"http:\/\/vincentians.com\/es\/wp-json\/wp\/v2\/types\/post"}],"author":[{"embeddable":true,"href":"http:\/\/vincentians.com\/es\/wp-json\/wp\/v2\/users\/4"}],"replies":[{"embeddable":true,"href":"http:\/\/vincentians.com\/es\/wp-json\/wp\/v2\/comments?post=139301"}],"version-history":[{"count":0,"href":"http:\/\/vincentians.com\/es\/wp-json\/wp\/v2\/posts\/139301\/revisions"}],"wp:featuredmedia":[{"embeddable":true,"href":"http:\/\/vincentians.com\/es\/wp-json\/wp\/v2\/media\/388408"}],"wp:attachment":[{"href":"http:\/\/vincentians.com\/es\/wp-json\/wp\/v2\/media?parent=139301"}],"wp:term":[{"taxonomy":"category","embeddable":true,"href":"http:\/\/vincentians.com\/es\/wp-json\/wp\/v2\/categories?post=139301"},{"taxonomy":"post_tag","embeddable":true,"href":"http:\/\/vincentians.com\/es\/wp-json\/wp\/v2\/tags?post=139301"}],"curies":[{"name":"wp","href":"https:\/\/api.w.org\/{rel}","templated":true}]}}