{"id":138493,"date":"2015-02-06T03:05:04","date_gmt":"2015-02-06T02:05:04","guid":{"rendered":"http:\/\/somos.vicencianos.org\/?p=138493"},"modified":"2016-07-26T19:56:08","modified_gmt":"2016-07-26T17:56:08","slug":"exhortacion-apostolica-evangelii-nuntiandi","status":"publish","type":"post","link":"http:\/\/vincentians.com\/es\/exhortacion-apostolica-evangelii-nuntiandi\/","title":{"rendered":"Exhortaci\u00f3n Apost\u00f3lica \u00abEvangelii nuntiandi\u00bb"},"content":{"rendered":"<div class='stb-container stb-style-info stb-no-caption'><div class='stb-caption'><div class='stb-logo'><img class='stb-logo__image' src='' alt='img'\/><\/div><div class='stb-caption-content'><\/div><div class='stb-tool'><\/div><\/div><div class='stb-content'>\n<p>El 8 de diciembre de 1965, el Papa Pablo VI declaraba clausurado el Concilio. En la historia de la Iglesia, parece que se puede comparar la trascendencia hist\u00f3rica del Vaticano II con la del Concilio de Trento, en el siglo XVI, y con la del Vaticano I, realizado en 1870, pero que qued\u00f3 inacabado. El Vaticano II ha empezado el proceso de <i>aggiornamento<\/i> de la Iglesia de cara no s\u00f3lo al final del siglo XX, sino ante el siglo XXI.<\/p>\n<p>Poco a poco se fue viendo la oportunidad de un nuevo Concilio. Ya en el pontificado del Papa P\u00edo XII se empezaron a dar los primeros pasos para su convocatoria. Luego el asunto qued\u00f3 tranquilo, hasta que accedi\u00f3 al solio pontificio Juan XXIII. En aquel entonces anunci\u00f3 la realizaci\u00f3n de un nuevo Concilio, relanzando con nuevo br\u00edo el proyecto de su ilustre predecesor.<\/p>\n<p>A\u00f1os despu\u00e9s,<b> <\/b>la historia ofrecer\u00eda al segundo Papa del Concilio, S.S. Pablo VI, la ocasi\u00f3n de preparar un documento que resulta fundamental de cara al peregrinar del Pueblo de Dios. Eran los tiempos del A\u00f1o Santo de 1975, en los que la Iglesia hab\u00eda intensificado el anuncio de la Buena Nueva y se hab\u00eda centrado, al decir del Papa, en dos grandes mensajes: \u00abVest\u00edos del hombre nuevo\u00bb y \u00abReconciliaos con Dios\u00bb. Por ese entonces se hab\u00eda reunido la III Asamblea General del S\u00ednodo de los Obispos, abocada al tema de la evangelizaci\u00f3n. Al concluir, los Obispos no publicaron un documento propio, sino que iniciaron la costumbre de confiar al Pastor Universal los documentos de sus reflexiones para que \u00e9ste redactase una exhortaci\u00f3n apost\u00f3lica. As\u00ed pues, al final del A\u00f1o Santo y al cumplirse el X aniversario de la Clausura del Concilio Vaticano II, el Papa Pablo VI promulg\u00f3 una exhortaci\u00f3n apost\u00f3lica dedicada \u00abal anuncio del Evangelio\u00bb.<\/p>\n<p>La Asamblea del S\u00ednodo de los Obispos se hab\u00eda realizado del 27 de setiembre al 26 de octubre de 1974. Su gestaci\u00f3n se hab\u00eda iniciado dos a\u00f1os antes, en 1972. Entre los que participaron en dicha preparaci\u00f3n estuvo el Cardenal Karol Wojtyla, despu\u00e9s Papa Juan Pablo II. Entre los temas propuestos el Papa Pablo VI eligi\u00f3 el de la evangelizaci\u00f3n del mundo. La raz\u00f3n fue explicitada en la circular que informaba de la realizaci\u00f3n del S\u00ednodo: \u00abel tema de la evangelizaci\u00f3n toca de cerca las graves dificultades con las que se topa la Iglesia en el cumplimiento de su propia misi\u00f3n, debido a la multiplicidad y rapidez de los cambios que se difunden en la sociedad civil y la misma Iglesia, por lo que se hace oportuna la necesidad de la consulta para ver c\u00f3mo, en este nuevo mundo en transformaci\u00f3n y en las presentes circunstancias, ella debe realizar su misi\u00f3n salv\u00edfica de anunciar el Evangelio\u00bb.<\/p>\n<p>La evangelizaci\u00f3n era para el Santo Padre un asunto de prioridad, como \u00e9l mismo lo se\u00f1ala: \u00abLas condiciones de la sociedad nos obligan, por tanto, a revisar m\u00e9todos, a buscar por todos los medios el modo de llevar al hombre moderno el mensaje cristiano, en el cual \u00fanicamente podr\u00e1 hallar la respuesta a sus interrogantes y la fuerza para su empe\u00f1o de solidaridad humana\u00bb. Con ese trasfondo tan claro, que es como una prolongaci\u00f3n del <i>aggiornamento<\/i> que sign\u00f3 el Concilio, se prepararon dos <i>Lineamenta<\/i>, siendo el texto final el de mayo de 1973. Finalmente fue enviado a los Obispos del mundo el <i>Instrumento de trabajo.<\/i><\/p>\n<p>El 27 de setiembre de 1974 se realiz\u00f3 en la Capilla Sixtina la solemne Misa de apertura de la Asamblea Sinodal orientada a la evangelizaci\u00f3n en el mundo contempor\u00e1neo. El Papa en su homil\u00eda hizo una oraci\u00f3n al Divino Maestro. Empez\u00f3 diciendo: \u00ab\u00a1Se\u00f1or Jes\u00fas! S\u00f3lo en forma de plegaria sabemos expresar el tema de esta reflexi\u00f3n previa al S\u00ednodo Episcopal\u00bb. A\u00f1adi\u00f3 luego, dirigi\u00e9ndose al Se\u00f1or: \u00abel hecho mismo de la evangelizaci\u00f3n nace de Ti, Se\u00f1or, como un r\u00edo; un r\u00edo que tiene su fuente, y T\u00fa, Cristo Jes\u00fas, eres precisamente esa fuente. T\u00fa eres la causa hist\u00f3rica; T\u00fa eres la causa eficiente y trascendente de este prodigioso fen\u00f3meno: de Ti, Maestro, ha nacido el apostolado; de Ti, Salvador; de Ti, principio y modelo\u00bb. La Asamblea misma fue inaugurada poco m\u00e1s tarde, en el Aula Sinodal. Es en esa ocasi\u00f3n que el Papa lanz\u00f3 aquellas tres preguntas famosas: \u00ab\u00bfQui\u00e9nes somos nosotros? \u00bfQu\u00e9 estamos haciendo? \u00bfQu\u00e9 debemos hacer?\u00bb. El Papa pas\u00f3 revista en su discurso inaugural a la naturaleza y finalidad de la evangelizaci\u00f3n, a los medios y m\u00e9todos arm\u00f3nicos con el anuncio de la Buena Nueva.<\/p>\n<p>En dos ocasiones m\u00e1s se dirigi\u00f3 el Papa a los integrantes de la Asamblea Sinodal, antes de pronunciar el 26 de octubre de 1974 el discurso de clausura titulado \u00abAclaraciones y orientaciones sobre la evangelizaci\u00f3n\u00bb. All\u00ed el Santo Padre hizo un balance de los desarrollos de la Asamblea Sinodal, destacando entre otros puntos el esclarecimiento entre evangelizaci\u00f3n y promoci\u00f3n humana que andaba algo confuso para algunos. Tambi\u00e9n destac\u00f3 la responsabilidad de la evangelizaci\u00f3n, y de c\u00f3mo la Iglesia de Cristo es objeto y sujeto de evangelizaci\u00f3n, ahondando en temas que veremos reiterarse en los a\u00f1os siguientes y hacerse expl\u00edcitos en documentos de la mayor importancia como la reciente declaraci\u00f3n <i>Dominus Iesus. <\/i><\/p>\n<p>Ese mismo d\u00eda, el Papa Pablo VI resaltaba como aspectos positivos de la Asamblea el haber \u00abconfirmado la prioridad del deber de comunicar a los hombres la Palabra de Dios, el anuncio gozoso de la vida eterna, que introduce en el misterio pascual\u00bb, y el que \u00abexiste hoy en la Iglesia una conciencia, un fino y agudo sentido del deber de emplear todos los medios externos que el arte, la vida y la t\u00e9cnica ponen hoy a nuestro alcance, para difundir el gozoso anuncio\u00bb.<\/p>\n<p>Finalmente, el Papa fue muy en\u00e9rgico en relaci\u00f3n a algunos puntos \u00absobre los que de ninguna manera podemos guardar silencio\u00bb. Habl\u00f3 con claridad sobre una eclesiolog\u00eda deficiente, sobre un particularismo opuesto a la universalidad, sobre el posible exceso al entender la liberaci\u00f3n, y sobre \u00abel contenido de la fe (que) o es cat\u00f3lico o ya no es tal\u00bb, destacando que \u00abtodos nosotros hemos recibido la fe a trav\u00e9s de una tradici\u00f3n ininterrumpida y siempre constante\u00bb. Pablo VI fue muy claro al ejercer su ministerio petrino y la energ\u00eda de lo que afirmaba se mostraba siempre impregnada por el impulso de la caridad.<\/p>\n<p>En la celebraci\u00f3n de la Inmaculada Concepci\u00f3n de 1975, poco m\u00e1s de un a\u00f1o despu\u00e9s de la clausura del S\u00ednodo, el Papa promulga la exhortaci\u00f3n apost\u00f3lica <i>Evangelii nuntiandi<\/i>. Lo hace expl\u00edcitamente como Sucesor de Pedro, buscando \u00abconfirmar a los hermanos\u00bb, lo que para \u00e9l es \u00abun programa de vida y de acci\u00f3n\u00bb cotidiano. La lectura de la exhortaci\u00f3n impresiona intensamente pues su lozan\u00eda y actualidad permanecen y se abren hacia el ma\u00f1ana.<\/p>\n<p>Consciente de lo que significa la evangelizaci\u00f3n como deber para la Iglesia y sus hijos, el Papa Pablo VI resume as\u00ed lo que ir\u00e1 a desarrollar en la exhortaci\u00f3n: \u00abDespu\u00e9s del Concilio y gracias al Concilio que ha constituido para ella una hora de Dios en este ciclo de la historia, la Iglesia \u00bfes m\u00e1s o menos apta para anunciar el Evangelio y para inserirlo en el coraz\u00f3n del hombre con convicci\u00f3n, libertad de esp\u00edritu y eficacia?\u00bb. La bella respuesta afirmativa la va haciendo expl\u00edcita el Papa a lo largo de las p\u00e1ginas siguientes, mostrando c\u00f3mo la evangelizaci\u00f3n es la vocaci\u00f3n propia de la Iglesia.<\/p>\n<p><em>Luis Fernando Figari<\/em><br \/>\n<small><em>Publicado originalmente en el semanario Fe y Familia, 3 de diciembre de 2000<\/em><\/small><\/p>\n<\/div><\/div>\n<p>&nbsp;<\/p>\n<h2>Descarga la Exhortaci\u00f3n Apost\u00f3lica \u00abEvangelii nuntiandi\u00bb en formato PDF aqu\u00ed:<\/h2>\n<dl id=\"\" class=\"wp-caption aligncenter\" style=\"width: 266px\">\n<dt class=\"wp-caption-dt\"><a href=\"http:\/\/vicencianos.org\/?dl_id=362\" target=\"_blank\"><img data-recalc-dims=\"1\" loading=\"lazy\" decoding=\"async\" src=\"https:\/\/i0.wp.com\/vicencianos.org\/wp-content\/2015\/02\/evangelii_nuntiandi.jpg?resize=256%2C349\" alt=\"PDF\" width=\"256\" height=\"349\" \/><\/a><\/dt>\n<dd class=\"wp-caption-dd\">Formato PDF (pincha en la imagen para descargar)<\/dd>\n<\/dl>\n<p style=\"text-align: center\">\n","protected":false},"excerpt":{"rendered":"<p>&nbsp; Descarga la Exhortaci\u00f3n Apost\u00f3lica \u00abEvangelii nuntiandi\u00bb en formato PDF aqu\u00ed: Formato PDF (pincha en la imagen para descargar)<\/p>\n","protected":false},"author":4,"featured_media":138494,"comment_status":"open","ping_status":"open","sticky":false,"template":"","format":"standard","meta":{"jetpack_post_was_ever_published":false,"_jetpack_newsletter_access":"","_jetpack_dont_email_post_to_subs":false,"_jetpack_newsletter_tier_id":0,"_jetpack_memberships_contains_paywalled_content":false,"_jetpack_memberships_contains_paid_content":false,"footnotes":"","jetpack_publicize_message":"","jetpack_publicize_feature_enabled":true,"jetpack_social_post_already_shared":true,"jetpack_social_options":{"image_generator_settings":{"template":"highway","default_image_id":0,"font":"","enabled":false},"version":2}},"categories":[100],"tags":[],"class_list":["post-138493","post","type-post","status-publish","format-standard","has-post-thumbnail","hentry","category-documentos-pontificios"],"yoast_head":"<!-- This site is optimized with the Yoast SEO plugin v26.3 - https:\/\/yoast.com\/wordpress\/plugins\/seo\/ -->\n<title>Exhortaci\u00f3n Apost\u00f3lica &quot;Evangelii nuntiandi&quot; - Somos Vicencianos<\/title>\n<meta name=\"robots\" content=\"index, follow, max-snippet:-1, max-image-preview:large, max-video-preview:-1\" \/>\n<link rel=\"canonical\" href=\"http:\/\/vincentians.com\/es\/exhortacion-apostolica-evangelii-nuntiandi\/\" \/>\n<meta property=\"og:locale\" content=\"es_ES\" \/>\n<meta property=\"og:type\" content=\"article\" \/>\n<meta property=\"og:title\" content=\"Exhortaci\u00f3n Apost\u00f3lica &quot;Evangelii nuntiandi&quot; - Somos Vicencianos\" \/>\n<meta property=\"og:description\" content=\"&nbsp; Descarga la Exhortaci\u00f3n Apost\u00f3lica \u00abEvangelii nuntiandi\u00bb en formato PDF aqu\u00ed: Formato PDF (pincha en la imagen para descargar)\" \/>\n<meta property=\"og:url\" content=\"http:\/\/vincentians.com\/es\/exhortacion-apostolica-evangelii-nuntiandi\/\" \/>\n<meta property=\"og:site_name\" content=\"Somos Vicencianos\" \/>\n<meta property=\"article:publisher\" content=\"https:\/\/www.facebook.com\/WeAreVincentians\/\" \/>\n<meta property=\"article:author\" content=\"https:\/\/www.facebook.com\/JavierChento\" \/>\n<meta property=\"article:published_time\" content=\"2015-02-06T02:05:04+00:00\" \/>\n<meta property=\"article:modified_time\" content=\"2016-07-26T17:56:08+00:00\" \/>\n<meta name=\"author\" content=\"Francisco Javier Fern\u00e1ndez Chento\" \/>\n<meta name=\"twitter:card\" content=\"summary_large_image\" \/>\n<meta name=\"twitter:creator\" content=\"@https:\/\/twitter.com\/javierchento\" \/>\n<meta name=\"twitter:site\" content=\"@WeVincentians\" \/>\n<meta name=\"twitter:label1\" content=\"Escrito por\" \/>\n\t<meta name=\"twitter:data1\" content=\"Francisco Javier Fern\u00e1ndez Chento\" \/>\n\t<meta name=\"twitter:label2\" content=\"Tiempo de lectura\" \/>\n\t<meta name=\"twitter:data2\" content=\"7 minutos\" \/>\n<script type=\"application\/ld+json\" class=\"yoast-schema-graph\">{\"@context\":\"https:\/\/schema.org\",\"@graph\":[{\"@type\":\"Article\",\"@id\":\"http:\/\/vincentians.com\/es\/exhortacion-apostolica-evangelii-nuntiandi\/#article\",\"isPartOf\":{\"@id\":\"http:\/\/vincentians.com\/es\/exhortacion-apostolica-evangelii-nuntiandi\/\"},\"author\":{\"name\":\"Francisco Javier Fern\u00e1ndez Chento\",\"@id\":\"https:\/\/vincentians.com\/es\/#\/schema\/person\/9623ef4d9aa3b2dfb8c061f1499288f2\"},\"headline\":\"Exhortaci\u00f3n Apost\u00f3lica \u00abEvangelii nuntiandi\u00bb\",\"datePublished\":\"2015-02-06T02:05:04+00:00\",\"dateModified\":\"2016-07-26T17:56:08+00:00\",\"mainEntityOfPage\":{\"@id\":\"http:\/\/vincentians.com\/es\/exhortacion-apostolica-evangelii-nuntiandi\/\"},\"wordCount\":1365,\"commentCount\":0,\"publisher\":{\"@id\":\"https:\/\/vincentians.com\/es\/#organization\"},\"image\":{\"@id\":\"http:\/\/vincentians.com\/es\/exhortacion-apostolica-evangelii-nuntiandi\/#primaryimage\"},\"thumbnailUrl\":\"\",\"articleSection\":[\"Documentos Pontificios\"],\"inLanguage\":\"es\",\"potentialAction\":[{\"@type\":\"CommentAction\",\"name\":\"Comment\",\"target\":[\"http:\/\/vincentians.com\/es\/exhortacion-apostolica-evangelii-nuntiandi\/#respond\"]}]},{\"@type\":\"WebPage\",\"@id\":\"http:\/\/vincentians.com\/es\/exhortacion-apostolica-evangelii-nuntiandi\/\",\"url\":\"http:\/\/vincentians.com\/es\/exhortacion-apostolica-evangelii-nuntiandi\/\",\"name\":\"Exhortaci\u00f3n Apost\u00f3lica \\\"Evangelii nuntiandi\\\" - Somos Vicencianos\",\"isPartOf\":{\"@id\":\"https:\/\/vincentians.com\/es\/#website\"},\"primaryImageOfPage\":{\"@id\":\"http:\/\/vincentians.com\/es\/exhortacion-apostolica-evangelii-nuntiandi\/#primaryimage\"},\"image\":{\"@id\":\"http:\/\/vincentians.com\/es\/exhortacion-apostolica-evangelii-nuntiandi\/#primaryimage\"},\"thumbnailUrl\":\"\",\"datePublished\":\"2015-02-06T02:05:04+00:00\",\"dateModified\":\"2016-07-26T17:56:08+00:00\",\"breadcrumb\":{\"@id\":\"http:\/\/vincentians.com\/es\/exhortacion-apostolica-evangelii-nuntiandi\/#breadcrumb\"},\"inLanguage\":\"es\",\"potentialAction\":[{\"@type\":\"ReadAction\",\"target\":[\"http:\/\/vincentians.com\/es\/exhortacion-apostolica-evangelii-nuntiandi\/\"]}]},{\"@type\":\"ImageObject\",\"inLanguage\":\"es\",\"@id\":\"http:\/\/vincentians.com\/es\/exhortacion-apostolica-evangelii-nuntiandi\/#primaryimage\",\"url\":\"\",\"contentUrl\":\"\"},{\"@type\":\"BreadcrumbList\",\"@id\":\"http:\/\/vincentians.com\/es\/exhortacion-apostolica-evangelii-nuntiandi\/#breadcrumb\",\"itemListElement\":[{\"@type\":\"ListItem\",\"position\":1,\"name\":\"Portada\",\"item\":\"https:\/\/vincentians.com\/es\/\"},{\"@type\":\"ListItem\",\"position\":2,\"name\":\"Exhortaci\u00f3n Apost\u00f3lica \u00abEvangelii nuntiandi\u00bb\"}]},{\"@type\":\"WebSite\",\"@id\":\"https:\/\/vincentians.com\/es\/#website\",\"url\":\"https:\/\/vincentians.com\/es\/\",\"name\":\"Somos Vicencianos\",\"description\":\"Know more to serve more\",\"publisher\":{\"@id\":\"https:\/\/vincentians.com\/es\/#organization\"},\"potentialAction\":[{\"@type\":\"SearchAction\",\"target\":{\"@type\":\"EntryPoint\",\"urlTemplate\":\"https:\/\/vincentians.com\/es\/?s={search_term_string}\"},\"query-input\":{\"@type\":\"PropertyValueSpecification\",\"valueRequired\":true,\"valueName\":\"search_term_string\"}}],\"inLanguage\":\"es\"},{\"@type\":\"Organization\",\"@id\":\"https:\/\/vincentians.com\/es\/#organization\",\"name\":\"The Vincentian Network\",\"url\":\"https:\/\/vincentians.com\/es\/\",\"logo\":{\"@type\":\"ImageObject\",\"inLanguage\":\"es\",\"@id\":\"https:\/\/vincentians.com\/es\/#\/schema\/logo\/image\/\",\"url\":\"https:\/\/i1.wp.com\/vincentians.com\/es\/wp-content\/uploads\/sites\/11\/2016\/06\/Vincentian-Network-logo-big.png?fit=778%2C778\",\"contentUrl\":\"https:\/\/i1.wp.com\/vincentians.com\/es\/wp-content\/uploads\/sites\/11\/2016\/06\/Vincentian-Network-logo-big.png?fit=778%2C778\",\"width\":778,\"height\":778,\"caption\":\"The Vincentian Network\"},\"image\":{\"@id\":\"https:\/\/vincentians.com\/es\/#\/schema\/logo\/image\/\"},\"sameAs\":[\"https:\/\/www.facebook.com\/WeAreVincentians\/\",\"https:\/\/x.com\/WeVincentians\"]},{\"@type\":\"Person\",\"@id\":\"https:\/\/vincentians.com\/es\/#\/schema\/person\/9623ef4d9aa3b2dfb8c061f1499288f2\",\"name\":\"Francisco Javier Fern\u00e1ndez Chento\",\"image\":{\"@type\":\"ImageObject\",\"inLanguage\":\"es\",\"@id\":\"https:\/\/vincentians.com\/es\/#\/schema\/person\/image\/\",\"url\":\"https:\/\/secure.gravatar.com\/avatar\/497d5cde87b4c3d097d0315953521681ba2cd523ee66e5077c3711f7021e65de?s=96&d=mm&r=g\",\"contentUrl\":\"https:\/\/secure.gravatar.com\/avatar\/497d5cde87b4c3d097d0315953521681ba2cd523ee66e5077c3711f7021e65de?s=96&d=mm&r=g\",\"caption\":\"Francisco Javier Fern\u00e1ndez Chento\"},\"description\":\"Director General y cofundador de La Red de Formaci\u00f3n Vicenciana. Javier es laico vicenciano, afiliado a la Congregaci\u00f3n de la Misi\u00f3n y miembro del Equipo de Misiones Populares de la provincia can\u00f3nica de Zaragoza (Espa\u00f1a) de la Congregaci\u00f3n de la Misi\u00f3n. Graduado en la Universidad Oberta de Catalunya con cuatro grados (Asistente de direcci\u00f3n, Gesti\u00f3n Administrativa, Recursos Humanos y Contabilidad Avanzada). Bil\u00edng\u00fce Espa\u00f1ol\/Ingl\u00e9s. gestiona y mantiene varias p\u00e1ginas web cristianas y vicencianas, incluida including La Red de Formaci\u00f3n Vicenciana, de la que es cofundador. Actualmente es responsable del \u00e1rea de Espa\u00f1ol de .famvin, la Red de Noticias de la Familia Vicenciana. Tambi\u00e9n es m\u00fasico cat\u00f3lico y ha editado varios discos. Es Director General y cofundador de Trovador, una reconocida compa\u00f1\u00eda discogr\u00e1fica critiana de Espa\u00f1a. Trabaja en las Tecnolog\u00edas de la Informaci\u00f3n, ofreciendo servicios de alojamiento, dise\u00f1o y mantenimiento Web, as\u00ed como asesoramiento, formaci\u00f3n y soluciones inform\u00e1ticas, gesti\u00f3n documental y digitalizaci\u00f3n de textos, edici\u00f3n y maquetaci\u00f3n de libros, revistas, flyers, etc.\",\"sameAs\":[\"http:\/\/chento.org\",\"https:\/\/www.facebook.com\/JavierChento\",\"https:\/\/x.com\/https:\/\/twitter.com\/javierchento\"],\"url\":\"http:\/\/vincentians.com\/es\/author\/chento\/\"}]}<\/script>\n<!-- \/ Yoast SEO plugin. -->","yoast_head_json":{"title":"Exhortaci\u00f3n Apost\u00f3lica \"Evangelii nuntiandi\" - Somos Vicencianos","robots":{"index":"index","follow":"follow","max-snippet":"max-snippet:-1","max-image-preview":"max-image-preview:large","max-video-preview":"max-video-preview:-1"},"canonical":"http:\/\/vincentians.com\/es\/exhortacion-apostolica-evangelii-nuntiandi\/","og_locale":"es_ES","og_type":"article","og_title":"Exhortaci\u00f3n Apost\u00f3lica \"Evangelii nuntiandi\" - Somos Vicencianos","og_description":"&nbsp; Descarga la Exhortaci\u00f3n Apost\u00f3lica \u00abEvangelii nuntiandi\u00bb en formato PDF aqu\u00ed: Formato PDF (pincha en la imagen para descargar)","og_url":"http:\/\/vincentians.com\/es\/exhortacion-apostolica-evangelii-nuntiandi\/","og_site_name":"Somos Vicencianos","article_publisher":"https:\/\/www.facebook.com\/WeAreVincentians\/","article_author":"https:\/\/www.facebook.com\/JavierChento","article_published_time":"2015-02-06T02:05:04+00:00","article_modified_time":"2016-07-26T17:56:08+00:00","author":"Francisco Javier Fern\u00e1ndez Chento","twitter_card":"summary_large_image","twitter_creator":"@https:\/\/twitter.com\/javierchento","twitter_site":"@WeVincentians","twitter_misc":{"Escrito por":"Francisco Javier Fern\u00e1ndez Chento","Tiempo de lectura":"7 minutos"},"schema":{"@context":"https:\/\/schema.org","@graph":[{"@type":"Article","@id":"http:\/\/vincentians.com\/es\/exhortacion-apostolica-evangelii-nuntiandi\/#article","isPartOf":{"@id":"http:\/\/vincentians.com\/es\/exhortacion-apostolica-evangelii-nuntiandi\/"},"author":{"name":"Francisco Javier Fern\u00e1ndez Chento","@id":"https:\/\/vincentians.com\/es\/#\/schema\/person\/9623ef4d9aa3b2dfb8c061f1499288f2"},"headline":"Exhortaci\u00f3n Apost\u00f3lica \u00abEvangelii nuntiandi\u00bb","datePublished":"2015-02-06T02:05:04+00:00","dateModified":"2016-07-26T17:56:08+00:00","mainEntityOfPage":{"@id":"http:\/\/vincentians.com\/es\/exhortacion-apostolica-evangelii-nuntiandi\/"},"wordCount":1365,"commentCount":0,"publisher":{"@id":"https:\/\/vincentians.com\/es\/#organization"},"image":{"@id":"http:\/\/vincentians.com\/es\/exhortacion-apostolica-evangelii-nuntiandi\/#primaryimage"},"thumbnailUrl":"","articleSection":["Documentos Pontificios"],"inLanguage":"es","potentialAction":[{"@type":"CommentAction","name":"Comment","target":["http:\/\/vincentians.com\/es\/exhortacion-apostolica-evangelii-nuntiandi\/#respond"]}]},{"@type":"WebPage","@id":"http:\/\/vincentians.com\/es\/exhortacion-apostolica-evangelii-nuntiandi\/","url":"http:\/\/vincentians.com\/es\/exhortacion-apostolica-evangelii-nuntiandi\/","name":"Exhortaci\u00f3n Apost\u00f3lica \"Evangelii nuntiandi\" - Somos Vicencianos","isPartOf":{"@id":"https:\/\/vincentians.com\/es\/#website"},"primaryImageOfPage":{"@id":"http:\/\/vincentians.com\/es\/exhortacion-apostolica-evangelii-nuntiandi\/#primaryimage"},"image":{"@id":"http:\/\/vincentians.com\/es\/exhortacion-apostolica-evangelii-nuntiandi\/#primaryimage"},"thumbnailUrl":"","datePublished":"2015-02-06T02:05:04+00:00","dateModified":"2016-07-26T17:56:08+00:00","breadcrumb":{"@id":"http:\/\/vincentians.com\/es\/exhortacion-apostolica-evangelii-nuntiandi\/#breadcrumb"},"inLanguage":"es","potentialAction":[{"@type":"ReadAction","target":["http:\/\/vincentians.com\/es\/exhortacion-apostolica-evangelii-nuntiandi\/"]}]},{"@type":"ImageObject","inLanguage":"es","@id":"http:\/\/vincentians.com\/es\/exhortacion-apostolica-evangelii-nuntiandi\/#primaryimage","url":"","contentUrl":""},{"@type":"BreadcrumbList","@id":"http:\/\/vincentians.com\/es\/exhortacion-apostolica-evangelii-nuntiandi\/#breadcrumb","itemListElement":[{"@type":"ListItem","position":1,"name":"Portada","item":"https:\/\/vincentians.com\/es\/"},{"@type":"ListItem","position":2,"name":"Exhortaci\u00f3n Apost\u00f3lica \u00abEvangelii nuntiandi\u00bb"}]},{"@type":"WebSite","@id":"https:\/\/vincentians.com\/es\/#website","url":"https:\/\/vincentians.com\/es\/","name":"Somos Vicencianos","description":"Know more to serve more","publisher":{"@id":"https:\/\/vincentians.com\/es\/#organization"},"potentialAction":[{"@type":"SearchAction","target":{"@type":"EntryPoint","urlTemplate":"https:\/\/vincentians.com\/es\/?s={search_term_string}"},"query-input":{"@type":"PropertyValueSpecification","valueRequired":true,"valueName":"search_term_string"}}],"inLanguage":"es"},{"@type":"Organization","@id":"https:\/\/vincentians.com\/es\/#organization","name":"The Vincentian Network","url":"https:\/\/vincentians.com\/es\/","logo":{"@type":"ImageObject","inLanguage":"es","@id":"https:\/\/vincentians.com\/es\/#\/schema\/logo\/image\/","url":"https:\/\/i1.wp.com\/vincentians.com\/es\/wp-content\/uploads\/sites\/11\/2016\/06\/Vincentian-Network-logo-big.png?fit=778%2C778","contentUrl":"https:\/\/i1.wp.com\/vincentians.com\/es\/wp-content\/uploads\/sites\/11\/2016\/06\/Vincentian-Network-logo-big.png?fit=778%2C778","width":778,"height":778,"caption":"The Vincentian Network"},"image":{"@id":"https:\/\/vincentians.com\/es\/#\/schema\/logo\/image\/"},"sameAs":["https:\/\/www.facebook.com\/WeAreVincentians\/","https:\/\/x.com\/WeVincentians"]},{"@type":"Person","@id":"https:\/\/vincentians.com\/es\/#\/schema\/person\/9623ef4d9aa3b2dfb8c061f1499288f2","name":"Francisco Javier Fern\u00e1ndez Chento","image":{"@type":"ImageObject","inLanguage":"es","@id":"https:\/\/vincentians.com\/es\/#\/schema\/person\/image\/","url":"https:\/\/secure.gravatar.com\/avatar\/497d5cde87b4c3d097d0315953521681ba2cd523ee66e5077c3711f7021e65de?s=96&d=mm&r=g","contentUrl":"https:\/\/secure.gravatar.com\/avatar\/497d5cde87b4c3d097d0315953521681ba2cd523ee66e5077c3711f7021e65de?s=96&d=mm&r=g","caption":"Francisco Javier Fern\u00e1ndez Chento"},"description":"Director General y cofundador de La Red de Formaci\u00f3n Vicenciana. Javier es laico vicenciano, afiliado a la Congregaci\u00f3n de la Misi\u00f3n y miembro del Equipo de Misiones Populares de la provincia can\u00f3nica de Zaragoza (Espa\u00f1a) de la Congregaci\u00f3n de la Misi\u00f3n. Graduado en la Universidad Oberta de Catalunya con cuatro grados (Asistente de direcci\u00f3n, Gesti\u00f3n Administrativa, Recursos Humanos y Contabilidad Avanzada). Bil\u00edng\u00fce Espa\u00f1ol\/Ingl\u00e9s. gestiona y mantiene varias p\u00e1ginas web cristianas y vicencianas, incluida including La Red de Formaci\u00f3n Vicenciana, de la que es cofundador. Actualmente es responsable del \u00e1rea de Espa\u00f1ol de .famvin, la Red de Noticias de la Familia Vicenciana. Tambi\u00e9n es m\u00fasico cat\u00f3lico y ha editado varios discos. Es Director General y cofundador de Trovador, una reconocida compa\u00f1\u00eda discogr\u00e1fica critiana de Espa\u00f1a. Trabaja en las Tecnolog\u00edas de la Informaci\u00f3n, ofreciendo servicios de alojamiento, dise\u00f1o y mantenimiento Web, as\u00ed como asesoramiento, formaci\u00f3n y soluciones inform\u00e1ticas, gesti\u00f3n documental y digitalizaci\u00f3n de textos, edici\u00f3n y maquetaci\u00f3n de libros, revistas, flyers, etc.","sameAs":["http:\/\/chento.org","https:\/\/www.facebook.com\/JavierChento","https:\/\/x.com\/https:\/\/twitter.com\/javierchento"],"url":"http:\/\/vincentians.com\/es\/author\/chento\/"}]}},"jetpack_publicize_connections":[],"jetpack_featured_media_url":"","jetpack_sharing_enabled":true,"jetpack_shortlink":"https:\/\/wp.me\/p7ETMF-A1L","jetpack-related-posts":[{"id":108450,"url":"http:\/\/vincentians.com\/es\/a-50-anos-del-concilio-vaicano-ii-homenaje-memoria-y-actualizacion-del-acontecimiento-eclesial-mas-importante-del-siglo-xx\/","url_meta":{"origin":138493,"position":0},"title":"A 50 a\u00f1os del Concilio Vaticano II: Homenaje, memoria y actualizaci\u00f3n del acontecimiento eclesial m\u00e1s importante del siglo XX","author":"Francisco Javier Fern\u00e1ndez Chento","date":"24\/09\/2012","format":false,"excerpt":"Despu\u00e9s de buscar y rebuscar por tierra, mar y aire, al fin he encontrado el tesoro anhelado. Un tesoro en forma de cuatro libros que llevan el mismo t\u00edtulo: \"Un periodista en el Concilio\", del querido y mil veces recordado Jos\u00e9 Luis Mart\u00edn Descalzo. Un tesoro que, hace much\u00edsimo tiempo,\u2026","rel":"","context":"En \u00abFormaci\u00f3n Cristiana\u00bb","block_context":{"text":"Formaci\u00f3n Cristiana","link":"http:\/\/vincentians.com\/es\/category\/formacion-cristiana\/"},"img":{"alt_text":"","src":"https:\/\/i0.wp.com\/vicencianos.org\/wp-content\/2012\/09\/cvII_01-300x259.jpg?resize=350%2C200","width":350,"height":200},"classes":[]},{"id":126479,"url":"http:\/\/vincentians.com\/es\/el-laicado-vicenciano-a-la-luz-del-vaticano-ii\/","url_meta":{"origin":138493,"position":1},"title":"El Laicado Vicenciano a la luz del Vaticano II","author":"Francisco Javier Fern\u00e1ndez Chento","date":"26\/08\/2019","format":false,"excerpt":"De entrada, confieso mi rubor y mi atrevimiento. Porque soy consciente de que puedo caer en la sempiterna tentaci\u00f3n del t\u00edpico cl\u00e9rigo que, desde las alambradas del dogmatismo, se permite adoctrinar a los \"pobrecitos\" laicos, como si ellos no fueran mayores de edad y protagonis\u00adtas de su compromiso vital. Sin\u2026","rel":"","context":"En \u00abFormaci\u00f3n Vicenciana\u00bb","block_context":{"text":"Formaci\u00f3n Vicenciana","link":"http:\/\/vincentians.com\/es\/category\/formacion-vicenciana\/"},"img":{"alt_text":"","src":"https:\/\/i0.wp.com\/vincentians.com\/es\/wp-content\/uploads\/sites\/11\/2016\/09\/vincentian-missionarie.jpg?fit=846%2C444&resize=350%2C200","width":350,"height":200,"srcset":"https:\/\/i0.wp.com\/vincentians.com\/es\/wp-content\/uploads\/sites\/11\/2016\/09\/vincentian-missionarie.jpg?fit=846%2C444&resize=350%2C200 1x, https:\/\/i0.wp.com\/vincentians.com\/es\/wp-content\/uploads\/sites\/11\/2016\/09\/vincentian-missionarie.jpg?fit=846%2C444&resize=525%2C300 1.5x, https:\/\/i0.wp.com\/vincentians.com\/es\/wp-content\/uploads\/sites\/11\/2016\/09\/vincentian-missionarie.jpg?fit=846%2C444&resize=700%2C400 2x"},"classes":[]},{"id":128875,"url":"http:\/\/vincentians.com\/es\/cristianos-laicos-y-signos-de-los-tiempos-3\/","url_meta":{"origin":138493,"position":2},"title":"Cristianos laicos y signos de los tiempos (3)","author":"Francisco Javier Fern\u00e1ndez Chento","date":"13\/11\/2024","format":false,"excerpt":"III. El Vaticano II frente a los \"signos de los tiempos\" Juan XXIII al convocar el Concilio Vaticano II se propuso realizar una \"puesta al d\u00eda\" de la Iglesia (\"aggiornamento\") tenien\u00addo como punto de referencia no solo los valores y pautas del Evangelio, sino tambi\u00e9n y de forma muy especial,\u2026","rel":"","context":"En \u00abFormaci\u00f3n Cristiana\u00bb","block_context":{"text":"Formaci\u00f3n Cristiana","link":"http:\/\/vincentians.com\/es\/category\/formacion-cristiana\/"},"img":{"alt_text":"","src":"https:\/\/i0.wp.com\/vincentians.com\/es\/wp-content\/uploads\/sites\/11\/2013\/05\/Cuba-Iglesia-de-La-Milagrosa-La-Habana.png?fit=1200%2C919&resize=350%2C200","width":350,"height":200,"srcset":"https:\/\/i0.wp.com\/vincentians.com\/es\/wp-content\/uploads\/sites\/11\/2013\/05\/Cuba-Iglesia-de-La-Milagrosa-La-Habana.png?fit=1200%2C919&resize=350%2C200 1x, https:\/\/i0.wp.com\/vincentians.com\/es\/wp-content\/uploads\/sites\/11\/2013\/05\/Cuba-Iglesia-de-La-Milagrosa-La-Habana.png?fit=1200%2C919&resize=525%2C300 1.5x, https:\/\/i0.wp.com\/vincentians.com\/es\/wp-content\/uploads\/sites\/11\/2013\/05\/Cuba-Iglesia-de-La-Milagrosa-La-Habana.png?fit=1200%2C919&resize=700%2C400 2x, https:\/\/i0.wp.com\/vincentians.com\/es\/wp-content\/uploads\/sites\/11\/2013\/05\/Cuba-Iglesia-de-La-Milagrosa-La-Habana.png?fit=1200%2C919&resize=1050%2C600 3x"},"classes":[]},{"id":120270,"url":"http:\/\/vincentians.com\/es\/el-concilio-vaticano-ii-huracan-de-un-nuevo-pentecostes-comic\/","url_meta":{"origin":138493,"position":3},"title":"El Concilio Vaticano II, hurac\u00e1n de un nuevo Pentecost\u00e9s (C\u00f3mic)","author":"Francisco Javier Fern\u00e1ndez Chento","date":"19\/04\/2013","format":false,"excerpt":"En Junio de 1959, Juan XXIII habla por primera vez de su intenci\u00f3n de convocar un concilio ecum\u00e9nico, pero el anuncio oficial no se formula hasta el a\u00f1o 1961. Comienza el 11 de octubre de 1962, y se distribuy\u00f3 en cuatro asambleas, clausur\u00e1ndose el a\u00f1o 1965. Este c\u00f3mic es un\u2026","rel":"","context":"En \u00abCatequesis\u00bb","block_context":{"text":"Catequesis","link":"http:\/\/vincentians.com\/es\/category\/servicios-y-ministerios\/catequesis\/"},"img":{"alt_text":"PDF","src":"https:\/\/i0.wp.com\/vicencianos.org\/vicencianos\/files\/pdf.png?resize=350%2C200","width":350,"height":200},"classes":[]},{"id":117162,"url":"http:\/\/vincentians.com\/es\/in-spiritu-sancto\/","url_meta":{"origin":138493,"position":4},"title":"In Spiritu Sancto","author":"Francisco Javier Fern\u00e1ndez Chento","date":"03\/01\/2013","format":false,"excerpt":"BREVE PONTIFICIO ''IN SPIRITU SANCTO'' PARA CLAUSURAR EL CONCILIO VATICANO II PABLO VI PARA PERPETUA MEMORIA 8 de diciembre de 1965 El Concilio Vaticano II, reunido en el Esp\u00edritu Santo y bajo la protecci\u00f3n de la Bienaventurada Virgen Mar\u00eda, que hemos declarado Madre de la Iglesia, y de San Jos\u00e9,\u2026","rel":"","context":"En \u00abConcilio Vaticano II\u00bb","block_context":{"text":"Concilio Vaticano II","link":"http:\/\/vincentians.com\/es\/category\/formacion-cristiana\/concilios-ecumenicos\/concilio-vaticano-ii\/"},"img":{"alt_text":"","src":"","width":0,"height":0},"classes":[]},{"id":116327,"url":"http:\/\/vincentians.com\/es\/el-concilio-vaticano-ii-y-el-ano-de-la-fe-catequesis-1\/","url_meta":{"origin":138493,"position":5},"title":"El Concilio Vaticano II y el A\u00f1o de la Fe (Catequesis 1)","author":"Francisco Javier Fern\u00e1ndez Chento","date":"16\/12\/2012","format":false,"excerpt":"Introducci\u00f3n: Discurso de Antonio Maria Rouco Varela, presidente de la CEE, en la apertura de la 99\u00aa Asamblea Plenaria de la CEE (Madrid, 23\/28-4-2012), y cuyo t\u00edtulo es \"salir de la crisis precisa de la caridad\". Dos son las partes que comprende este \"discurso\": El plan pastoral, la nueva evangelizaci\u00f3n\u2026","rel":"","context":"En \u00abFormaci\u00f3n Cristiana\u00bb","block_context":{"text":"Formaci\u00f3n Cristiana","link":"http:\/\/vincentians.com\/es\/category\/formacion-cristiana\/"},"img":{"alt_text":"logoanodelafe2","src":"https:\/\/i0.wp.com\/vicencianos.org\/wp-content\/2012\/12\/logoanodelafe2-296x300.jpg?resize=350%2C200","width":350,"height":200},"classes":[]}],"_links":{"self":[{"href":"http:\/\/vincentians.com\/es\/wp-json\/wp\/v2\/posts\/138493","targetHints":{"allow":["GET"]}}],"collection":[{"href":"http:\/\/vincentians.com\/es\/wp-json\/wp\/v2\/posts"}],"about":[{"href":"http:\/\/vincentians.com\/es\/wp-json\/wp\/v2\/types\/post"}],"author":[{"embeddable":true,"href":"http:\/\/vincentians.com\/es\/wp-json\/wp\/v2\/users\/4"}],"replies":[{"embeddable":true,"href":"http:\/\/vincentians.com\/es\/wp-json\/wp\/v2\/comments?post=138493"}],"version-history":[{"count":0,"href":"http:\/\/vincentians.com\/es\/wp-json\/wp\/v2\/posts\/138493\/revisions"}],"wp:featuredmedia":[{"embeddable":true,"href":"http:\/\/vincentians.com\/es\/wp-json\/"}],"wp:attachment":[{"href":"http:\/\/vincentians.com\/es\/wp-json\/wp\/v2\/media?parent=138493"}],"wp:term":[{"taxonomy":"category","embeddable":true,"href":"http:\/\/vincentians.com\/es\/wp-json\/wp\/v2\/categories?post=138493"},{"taxonomy":"post_tag","embeddable":true,"href":"http:\/\/vincentians.com\/es\/wp-json\/wp\/v2\/tags?post=138493"}],"curies":[{"name":"wp","href":"https:\/\/api.w.org\/{rel}","templated":true}]}}