{"id":137704,"date":"2015-01-31T16:02:30","date_gmt":"2015-01-31T15:02:30","guid":{"rendered":"http:\/\/somos.vicencianos.org\/?p=137704"},"modified":"2016-07-24T10:28:13","modified_gmt":"2016-07-24T08:28:13","slug":"4o-domingo-de-t-o-reflexion-de-julio-cesar-villalobos-c-m-2","status":"publish","type":"post","link":"http:\/\/vincentians.com\/es\/4o-domingo-de-t-o-reflexion-de-julio-cesar-villalobos-c-m-2\/","title":{"rendered":"4\u00ba Domingo de T.O. (reflexi\u00f3n de Julio C\u00e9sar Villalobos, C.M.)"},"content":{"rendered":"<h2 align=\"center\">Escuchemos a Dios que viene con autoridad<\/h2>\n<p>\u00bfSabes Jes\u00fas? Muchas veces nos hablas y no te hacemos caso, insistes en permanecer siempre al lado de nosotros, pero no queremos verte, nos corriges con amor y nos gana la soberbia de no querer cambiar, vienes a trav\u00e9s de tus profetas y no hacemos lo que nos pides, nos preocupamos de tantas cosas innecesarias, por eso es que a veces nuestra vida no tiene sentido; nos hablas en cada misa y no te escuchamos. Ay\u00fadanos a escuchar tu voz, a saber que siempre eres t\u00fa quien se dirige a nosotros para cambiar nuestra vida.<\/p>\n<p>Cu\u00e1n importante es saber escuchar a Dios. El que escucha a Dios es porque guarda paz en su alma, esa paz que viene del Esp\u00edritu. El que escucha es porque no guarda violencia en su coraz\u00f3n.<\/p>\n<p>El libro del Deuteronomio (18,15-20) nos pone a Mois\u00e9s dirigi\u00e9ndose a su pueblo para que pueda escuchar la voz del profeta: \u201cEl Se\u00f1or tu Dios har\u00e1 surgir un profeta como yo, de entre los tuyos, de entre tus hermanos. A \u00e9l lo escuchar\u00e1n. Es lo que pediste al Se\u00f1or tu Dios en Horeb\u2026\u201d<\/p>\n<p>\u201cAfuera\u201d, all\u00e1 \u201cen el mundo\u201d hay mucho ruido. Mucha gente vive apresurada, se quiere llegar tan r\u00e1pido al destino deseado, queremos ver resultados siempre lo m\u00e1s r\u00e1pido posible, se env\u00eda mensajes a cualquier parte del mundo en mil\u00e9simas de segundos, cada d\u00eda se crean nuevas cosas, mucha m\u00fasica a alto volumen, intentamos llenarnos de cosas\u2026 \u00bfy con todo esto estaremos dispuestos para escuchar siempre a Dios?<\/p>\n<p>\u00bfQu\u00e9 pasa cuando no escuchamos a Dios o hacemos cosas que no son santas o no son queridas por Dios, en palabras del Deuteronomio: \u201cese profeta morir\u00e1\u201d.<\/p>\n<p>Por eso es que debe resonar siempre el llamado de San Pablo: \u201cQuiero que est\u00e9n libre de preocupaciones\u201d (1Cor.7,32-35). Al dirigirse as\u00ed San Pablo, lo hace con una preocupaci\u00f3n: \u201cinducirlos a una cosa noble y al trato con el Se\u00f1or sin preocupaciones\u201d.<\/p>\n<p>En el evangelio aparece Jes\u00fas con mucha autoridad, tanto as\u00ed que sus paisanos se sorprenden: \u201cse quedaron asombrados de su doctrina, porque no ense\u00f1aba como los escribas, sino con autoridad\u2026\u201d (Mc.1,21-28). Los esp\u00edritus inmundos, seg\u00fan el evangelio de hoy reconocen qui\u00e9n es Dios; y los que no tienen esos esp\u00edritus tambi\u00e9n.<\/p>\n<p>\u00bfReconozco que Dios tiene autoridad?, \u00bf\u00e9l siempre gobierna mi vida?, \u00bf\u00e9l es la autoridad de las autoridades?, \u00bf\u00e9l siempre es la \u00fanica autoridad en la Iglesia y en el mundo?, \u00bfqui\u00e9n manda en nuestra vida: el diablo o Dios?&#8230;<\/p>\n<p>Anim\u00e9monos a escuchar siempre a Dios que viene con autoridad.<\/p>\n","protected":false},"excerpt":{"rendered":"<p>Escuchemos a Dios que viene con autoridad \u00bfSabes Jes\u00fas? Muchas veces nos hablas y no te hacemos caso, insistes en permanecer siempre al lado de nosotros, pero no queremos verte, nos corriges con amor y &#8230; <a href=\"http:\/\/vincentians.com\/es\/4o-domingo-de-t-o-reflexion-de-julio-cesar-villalobos-c-m-2\/\" class=\"more-link\">Read More<\/a><\/p>\n","protected":false},"author":4,"featured_media":388408,"comment_status":"open","ping_status":"open","sticky":false,"template":"","format":"standard","meta":{"jetpack_post_was_ever_published":false,"_jetpack_newsletter_access":"","_jetpack_dont_email_post_to_subs":false,"_jetpack_newsletter_tier_id":0,"_jetpack_memberships_contains_paywalled_content":false,"_jetpack_memberships_contains_paid_content":false,"footnotes":"","jetpack_publicize_message":"","jetpack_publicize_feature_enabled":true,"jetpack_social_post_already_shared":true,"jetpack_social_options":{"image_generator_settings":{"template":"highway","default_image_id":0,"font":"","enabled":false},"version":2}},"categories":[93],"tags":[],"class_list":["post-137704","post","type-post","status-publish","format-standard","has-post-thumbnail","hentry","category-homilias-y-reflexiones-ano-b"],"yoast_head":"<!-- This site is optimized with the Yoast SEO plugin v26.3 - https:\/\/yoast.com\/wordpress\/plugins\/seo\/ -->\n<title>4\u00ba Domingo de T.O. (reflexi\u00f3n de Julio C\u00e9sar Villalobos, C.M.) - Somos Vicencianos<\/title>\n<meta name=\"robots\" content=\"index, follow, max-snippet:-1, max-image-preview:large, max-video-preview:-1\" \/>\n<link rel=\"canonical\" href=\"http:\/\/vincentians.com\/es\/4o-domingo-de-t-o-reflexion-de-julio-cesar-villalobos-c-m-2\/\" \/>\n<meta property=\"og:locale\" content=\"es_ES\" \/>\n<meta property=\"og:type\" content=\"article\" \/>\n<meta property=\"og:title\" content=\"4\u00ba Domingo de T.O. (reflexi\u00f3n de Julio C\u00e9sar Villalobos, C.M.) - Somos Vicencianos\" \/>\n<meta property=\"og:description\" content=\"Escuchemos a Dios que viene con autoridad \u00bfSabes Jes\u00fas? Muchas veces nos hablas y no te hacemos caso, insistes en permanecer siempre al lado de nosotros, pero no queremos verte, nos corriges con amor y ... Read More\" \/>\n<meta property=\"og:url\" content=\"http:\/\/vincentians.com\/es\/4o-domingo-de-t-o-reflexion-de-julio-cesar-villalobos-c-m-2\/\" \/>\n<meta property=\"og:site_name\" content=\"Somos Vicencianos\" \/>\n<meta property=\"article:publisher\" content=\"https:\/\/www.facebook.com\/WeAreVincentians\/\" \/>\n<meta property=\"article:author\" content=\"https:\/\/www.facebook.com\/JavierChento\" \/>\n<meta property=\"article:published_time\" content=\"2015-01-31T15:02:30+00:00\" \/>\n<meta property=\"article:modified_time\" content=\"2016-07-24T08:28:13+00:00\" \/>\n<meta property=\"og:image\" content=\"https:\/\/i0.wp.com\/vincentians.com\/es\/wp-content\/uploads\/sites\/11\/2016\/07\/reflexiones-palabra-de-dios.jpg?fit=1200%2C630\" \/>\n\t<meta property=\"og:image:width\" content=\"1200\" \/>\n\t<meta property=\"og:image:height\" content=\"630\" \/>\n\t<meta property=\"og:image:type\" content=\"image\/jpeg\" \/>\n<meta name=\"author\" content=\"Francisco Javier Fern\u00e1ndez Chento\" \/>\n<meta name=\"twitter:card\" content=\"summary_large_image\" \/>\n<meta name=\"twitter:creator\" content=\"@https:\/\/twitter.com\/javierchento\" \/>\n<meta name=\"twitter:site\" content=\"@WeVincentians\" \/>\n<meta name=\"twitter:label1\" content=\"Escrito por\" \/>\n\t<meta name=\"twitter:data1\" content=\"Francisco Javier Fern\u00e1ndez Chento\" \/>\n\t<meta name=\"twitter:label2\" content=\"Tiempo de lectura\" \/>\n\t<meta name=\"twitter:data2\" content=\"2 minutos\" \/>\n<script type=\"application\/ld+json\" class=\"yoast-schema-graph\">{\"@context\":\"https:\/\/schema.org\",\"@graph\":[{\"@type\":\"Article\",\"@id\":\"http:\/\/vincentians.com\/es\/4o-domingo-de-t-o-reflexion-de-julio-cesar-villalobos-c-m-2\/#article\",\"isPartOf\":{\"@id\":\"http:\/\/vincentians.com\/es\/4o-domingo-de-t-o-reflexion-de-julio-cesar-villalobos-c-m-2\/\"},\"author\":{\"name\":\"Francisco Javier Fern\u00e1ndez Chento\",\"@id\":\"http:\/\/vincentians.com\/es\/#\/schema\/person\/9623ef4d9aa3b2dfb8c061f1499288f2\"},\"headline\":\"4\u00ba Domingo de T.O. (reflexi\u00f3n de Julio C\u00e9sar Villalobos, C.M.)\",\"datePublished\":\"2015-01-31T15:02:30+00:00\",\"dateModified\":\"2016-07-24T08:28:13+00:00\",\"mainEntityOfPage\":{\"@id\":\"http:\/\/vincentians.com\/es\/4o-domingo-de-t-o-reflexion-de-julio-cesar-villalobos-c-m-2\/\"},\"wordCount\":471,\"commentCount\":0,\"publisher\":{\"@id\":\"http:\/\/vincentians.com\/es\/#organization\"},\"image\":{\"@id\":\"http:\/\/vincentians.com\/es\/4o-domingo-de-t-o-reflexion-de-julio-cesar-villalobos-c-m-2\/#primaryimage\"},\"thumbnailUrl\":\"https:\/\/i0.wp.com\/vincentians.com\/es\/wp-content\/uploads\/sites\/11\/2016\/07\/reflexiones-palabra-de-dios.jpg?fit=1200%2C630\",\"articleSection\":[\"Homil\u00edas y reflexiones, A\u00f1o B\"],\"inLanguage\":\"es\",\"potentialAction\":[{\"@type\":\"CommentAction\",\"name\":\"Comment\",\"target\":[\"http:\/\/vincentians.com\/es\/4o-domingo-de-t-o-reflexion-de-julio-cesar-villalobos-c-m-2\/#respond\"]}]},{\"@type\":\"WebPage\",\"@id\":\"http:\/\/vincentians.com\/es\/4o-domingo-de-t-o-reflexion-de-julio-cesar-villalobos-c-m-2\/\",\"url\":\"http:\/\/vincentians.com\/es\/4o-domingo-de-t-o-reflexion-de-julio-cesar-villalobos-c-m-2\/\",\"name\":\"4\u00ba Domingo de T.O. (reflexi\u00f3n de Julio C\u00e9sar Villalobos, C.M.) - Somos Vicencianos\",\"isPartOf\":{\"@id\":\"http:\/\/vincentians.com\/es\/#website\"},\"primaryImageOfPage\":{\"@id\":\"http:\/\/vincentians.com\/es\/4o-domingo-de-t-o-reflexion-de-julio-cesar-villalobos-c-m-2\/#primaryimage\"},\"image\":{\"@id\":\"http:\/\/vincentians.com\/es\/4o-domingo-de-t-o-reflexion-de-julio-cesar-villalobos-c-m-2\/#primaryimage\"},\"thumbnailUrl\":\"https:\/\/i0.wp.com\/vincentians.com\/es\/wp-content\/uploads\/sites\/11\/2016\/07\/reflexiones-palabra-de-dios.jpg?fit=1200%2C630\",\"datePublished\":\"2015-01-31T15:02:30+00:00\",\"dateModified\":\"2016-07-24T08:28:13+00:00\",\"breadcrumb\":{\"@id\":\"http:\/\/vincentians.com\/es\/4o-domingo-de-t-o-reflexion-de-julio-cesar-villalobos-c-m-2\/#breadcrumb\"},\"inLanguage\":\"es\",\"potentialAction\":[{\"@type\":\"ReadAction\",\"target\":[\"http:\/\/vincentians.com\/es\/4o-domingo-de-t-o-reflexion-de-julio-cesar-villalobos-c-m-2\/\"]}]},{\"@type\":\"ImageObject\",\"inLanguage\":\"es\",\"@id\":\"http:\/\/vincentians.com\/es\/4o-domingo-de-t-o-reflexion-de-julio-cesar-villalobos-c-m-2\/#primaryimage\",\"url\":\"https:\/\/i0.wp.com\/vincentians.com\/es\/wp-content\/uploads\/sites\/11\/2016\/07\/reflexiones-palabra-de-dios.jpg?fit=1200%2C630\",\"contentUrl\":\"https:\/\/i0.wp.com\/vincentians.com\/es\/wp-content\/uploads\/sites\/11\/2016\/07\/reflexiones-palabra-de-dios.jpg?fit=1200%2C630\",\"width\":1200,\"height\":630},{\"@type\":\"BreadcrumbList\",\"@id\":\"http:\/\/vincentians.com\/es\/4o-domingo-de-t-o-reflexion-de-julio-cesar-villalobos-c-m-2\/#breadcrumb\",\"itemListElement\":[{\"@type\":\"ListItem\",\"position\":1,\"name\":\"Portada\",\"item\":\"http:\/\/vincentians.com\/es\/\"},{\"@type\":\"ListItem\",\"position\":2,\"name\":\"4\u00ba Domingo de T.O. (reflexi\u00f3n de Julio C\u00e9sar Villalobos, C.M.)\"}]},{\"@type\":\"WebSite\",\"@id\":\"http:\/\/vincentians.com\/es\/#website\",\"url\":\"http:\/\/vincentians.com\/es\/\",\"name\":\"Somos Vicencianos\",\"description\":\"Know more to serve more\",\"publisher\":{\"@id\":\"http:\/\/vincentians.com\/es\/#organization\"},\"potentialAction\":[{\"@type\":\"SearchAction\",\"target\":{\"@type\":\"EntryPoint\",\"urlTemplate\":\"http:\/\/vincentians.com\/es\/?s={search_term_string}\"},\"query-input\":{\"@type\":\"PropertyValueSpecification\",\"valueRequired\":true,\"valueName\":\"search_term_string\"}}],\"inLanguage\":\"es\"},{\"@type\":\"Organization\",\"@id\":\"http:\/\/vincentians.com\/es\/#organization\",\"name\":\"The Vincentian Network\",\"url\":\"http:\/\/vincentians.com\/es\/\",\"logo\":{\"@type\":\"ImageObject\",\"inLanguage\":\"es\",\"@id\":\"http:\/\/vincentians.com\/es\/#\/schema\/logo\/image\/\",\"url\":\"https:\/\/i1.wp.com\/vincentians.com\/es\/wp-content\/uploads\/sites\/11\/2016\/06\/Vincentian-Network-logo-big.png?fit=778%2C778\",\"contentUrl\":\"https:\/\/i1.wp.com\/vincentians.com\/es\/wp-content\/uploads\/sites\/11\/2016\/06\/Vincentian-Network-logo-big.png?fit=778%2C778\",\"width\":778,\"height\":778,\"caption\":\"The Vincentian Network\"},\"image\":{\"@id\":\"http:\/\/vincentians.com\/es\/#\/schema\/logo\/image\/\"},\"sameAs\":[\"https:\/\/www.facebook.com\/WeAreVincentians\/\",\"https:\/\/x.com\/WeVincentians\"]},{\"@type\":\"Person\",\"@id\":\"http:\/\/vincentians.com\/es\/#\/schema\/person\/9623ef4d9aa3b2dfb8c061f1499288f2\",\"name\":\"Francisco Javier Fern\u00e1ndez Chento\",\"image\":{\"@type\":\"ImageObject\",\"inLanguage\":\"es\",\"@id\":\"http:\/\/vincentians.com\/es\/#\/schema\/person\/image\/\",\"url\":\"https:\/\/secure.gravatar.com\/avatar\/497d5cde87b4c3d097d0315953521681ba2cd523ee66e5077c3711f7021e65de?s=96&d=mm&r=g\",\"contentUrl\":\"https:\/\/secure.gravatar.com\/avatar\/497d5cde87b4c3d097d0315953521681ba2cd523ee66e5077c3711f7021e65de?s=96&d=mm&r=g\",\"caption\":\"Francisco Javier Fern\u00e1ndez Chento\"},\"description\":\"Director General y cofundador de La Red de Formaci\u00f3n Vicenciana. Javier es laico vicenciano, afiliado a la Congregaci\u00f3n de la Misi\u00f3n y miembro del Equipo de Misiones Populares de la provincia can\u00f3nica de Zaragoza (Espa\u00f1a) de la Congregaci\u00f3n de la Misi\u00f3n. Graduado en la Universidad Oberta de Catalunya con cuatro grados (Asistente de direcci\u00f3n, Gesti\u00f3n Administrativa, Recursos Humanos y Contabilidad Avanzada). Bil\u00edng\u00fce Espa\u00f1ol\/Ingl\u00e9s. gestiona y mantiene varias p\u00e1ginas web cristianas y vicencianas, incluida including La Red de Formaci\u00f3n Vicenciana, de la que es cofundador. Actualmente es responsable del \u00e1rea de Espa\u00f1ol de .famvin, la Red de Noticias de la Familia Vicenciana. Tambi\u00e9n es m\u00fasico cat\u00f3lico y ha editado varios discos. Es Director General y cofundador de Trovador, una reconocida compa\u00f1\u00eda discogr\u00e1fica critiana de Espa\u00f1a. Trabaja en las Tecnolog\u00edas de la Informaci\u00f3n, ofreciendo servicios de alojamiento, dise\u00f1o y mantenimiento Web, as\u00ed como asesoramiento, formaci\u00f3n y soluciones inform\u00e1ticas, gesti\u00f3n documental y digitalizaci\u00f3n de textos, edici\u00f3n y maquetaci\u00f3n de libros, revistas, flyers, etc.\",\"sameAs\":[\"http:\/\/chento.org\",\"https:\/\/www.facebook.com\/JavierChento\",\"https:\/\/x.com\/https:\/\/twitter.com\/javierchento\"],\"url\":\"http:\/\/vincentians.com\/es\/author\/chento\/\"}]}<\/script>\n<!-- \/ Yoast SEO plugin. -->","yoast_head_json":{"title":"4\u00ba Domingo de T.O. (reflexi\u00f3n de Julio C\u00e9sar Villalobos, C.M.) - Somos Vicencianos","robots":{"index":"index","follow":"follow","max-snippet":"max-snippet:-1","max-image-preview":"max-image-preview:large","max-video-preview":"max-video-preview:-1"},"canonical":"http:\/\/vincentians.com\/es\/4o-domingo-de-t-o-reflexion-de-julio-cesar-villalobos-c-m-2\/","og_locale":"es_ES","og_type":"article","og_title":"4\u00ba Domingo de T.O. (reflexi\u00f3n de Julio C\u00e9sar Villalobos, C.M.) - Somos Vicencianos","og_description":"Escuchemos a Dios que viene con autoridad \u00bfSabes Jes\u00fas? Muchas veces nos hablas y no te hacemos caso, insistes en permanecer siempre al lado de nosotros, pero no queremos verte, nos corriges con amor y ... Read More","og_url":"http:\/\/vincentians.com\/es\/4o-domingo-de-t-o-reflexion-de-julio-cesar-villalobos-c-m-2\/","og_site_name":"Somos Vicencianos","article_publisher":"https:\/\/www.facebook.com\/WeAreVincentians\/","article_author":"https:\/\/www.facebook.com\/JavierChento","article_published_time":"2015-01-31T15:02:30+00:00","article_modified_time":"2016-07-24T08:28:13+00:00","og_image":[{"width":1200,"height":630,"url":"https:\/\/i0.wp.com\/vincentians.com\/es\/wp-content\/uploads\/sites\/11\/2016\/07\/reflexiones-palabra-de-dios.jpg?fit=1200%2C630","type":"image\/jpeg"}],"author":"Francisco Javier Fern\u00e1ndez Chento","twitter_card":"summary_large_image","twitter_creator":"@https:\/\/twitter.com\/javierchento","twitter_site":"@WeVincentians","twitter_misc":{"Escrito por":"Francisco Javier Fern\u00e1ndez Chento","Tiempo de lectura":"2 minutos"},"schema":{"@context":"https:\/\/schema.org","@graph":[{"@type":"Article","@id":"http:\/\/vincentians.com\/es\/4o-domingo-de-t-o-reflexion-de-julio-cesar-villalobos-c-m-2\/#article","isPartOf":{"@id":"http:\/\/vincentians.com\/es\/4o-domingo-de-t-o-reflexion-de-julio-cesar-villalobos-c-m-2\/"},"author":{"name":"Francisco Javier Fern\u00e1ndez Chento","@id":"http:\/\/vincentians.com\/es\/#\/schema\/person\/9623ef4d9aa3b2dfb8c061f1499288f2"},"headline":"4\u00ba Domingo de T.O. (reflexi\u00f3n de Julio C\u00e9sar Villalobos, C.M.)","datePublished":"2015-01-31T15:02:30+00:00","dateModified":"2016-07-24T08:28:13+00:00","mainEntityOfPage":{"@id":"http:\/\/vincentians.com\/es\/4o-domingo-de-t-o-reflexion-de-julio-cesar-villalobos-c-m-2\/"},"wordCount":471,"commentCount":0,"publisher":{"@id":"http:\/\/vincentians.com\/es\/#organization"},"image":{"@id":"http:\/\/vincentians.com\/es\/4o-domingo-de-t-o-reflexion-de-julio-cesar-villalobos-c-m-2\/#primaryimage"},"thumbnailUrl":"https:\/\/i0.wp.com\/vincentians.com\/es\/wp-content\/uploads\/sites\/11\/2016\/07\/reflexiones-palabra-de-dios.jpg?fit=1200%2C630","articleSection":["Homil\u00edas y reflexiones, A\u00f1o B"],"inLanguage":"es","potentialAction":[{"@type":"CommentAction","name":"Comment","target":["http:\/\/vincentians.com\/es\/4o-domingo-de-t-o-reflexion-de-julio-cesar-villalobos-c-m-2\/#respond"]}]},{"@type":"WebPage","@id":"http:\/\/vincentians.com\/es\/4o-domingo-de-t-o-reflexion-de-julio-cesar-villalobos-c-m-2\/","url":"http:\/\/vincentians.com\/es\/4o-domingo-de-t-o-reflexion-de-julio-cesar-villalobos-c-m-2\/","name":"4\u00ba Domingo de T.O. (reflexi\u00f3n de Julio C\u00e9sar Villalobos, C.M.) - Somos Vicencianos","isPartOf":{"@id":"http:\/\/vincentians.com\/es\/#website"},"primaryImageOfPage":{"@id":"http:\/\/vincentians.com\/es\/4o-domingo-de-t-o-reflexion-de-julio-cesar-villalobos-c-m-2\/#primaryimage"},"image":{"@id":"http:\/\/vincentians.com\/es\/4o-domingo-de-t-o-reflexion-de-julio-cesar-villalobos-c-m-2\/#primaryimage"},"thumbnailUrl":"https:\/\/i0.wp.com\/vincentians.com\/es\/wp-content\/uploads\/sites\/11\/2016\/07\/reflexiones-palabra-de-dios.jpg?fit=1200%2C630","datePublished":"2015-01-31T15:02:30+00:00","dateModified":"2016-07-24T08:28:13+00:00","breadcrumb":{"@id":"http:\/\/vincentians.com\/es\/4o-domingo-de-t-o-reflexion-de-julio-cesar-villalobos-c-m-2\/#breadcrumb"},"inLanguage":"es","potentialAction":[{"@type":"ReadAction","target":["http:\/\/vincentians.com\/es\/4o-domingo-de-t-o-reflexion-de-julio-cesar-villalobos-c-m-2\/"]}]},{"@type":"ImageObject","inLanguage":"es","@id":"http:\/\/vincentians.com\/es\/4o-domingo-de-t-o-reflexion-de-julio-cesar-villalobos-c-m-2\/#primaryimage","url":"https:\/\/i0.wp.com\/vincentians.com\/es\/wp-content\/uploads\/sites\/11\/2016\/07\/reflexiones-palabra-de-dios.jpg?fit=1200%2C630","contentUrl":"https:\/\/i0.wp.com\/vincentians.com\/es\/wp-content\/uploads\/sites\/11\/2016\/07\/reflexiones-palabra-de-dios.jpg?fit=1200%2C630","width":1200,"height":630},{"@type":"BreadcrumbList","@id":"http:\/\/vincentians.com\/es\/4o-domingo-de-t-o-reflexion-de-julio-cesar-villalobos-c-m-2\/#breadcrumb","itemListElement":[{"@type":"ListItem","position":1,"name":"Portada","item":"http:\/\/vincentians.com\/es\/"},{"@type":"ListItem","position":2,"name":"4\u00ba Domingo de T.O. (reflexi\u00f3n de Julio C\u00e9sar Villalobos, C.M.)"}]},{"@type":"WebSite","@id":"http:\/\/vincentians.com\/es\/#website","url":"http:\/\/vincentians.com\/es\/","name":"Somos Vicencianos","description":"Know more to serve more","publisher":{"@id":"http:\/\/vincentians.com\/es\/#organization"},"potentialAction":[{"@type":"SearchAction","target":{"@type":"EntryPoint","urlTemplate":"http:\/\/vincentians.com\/es\/?s={search_term_string}"},"query-input":{"@type":"PropertyValueSpecification","valueRequired":true,"valueName":"search_term_string"}}],"inLanguage":"es"},{"@type":"Organization","@id":"http:\/\/vincentians.com\/es\/#organization","name":"The Vincentian Network","url":"http:\/\/vincentians.com\/es\/","logo":{"@type":"ImageObject","inLanguage":"es","@id":"http:\/\/vincentians.com\/es\/#\/schema\/logo\/image\/","url":"https:\/\/i1.wp.com\/vincentians.com\/es\/wp-content\/uploads\/sites\/11\/2016\/06\/Vincentian-Network-logo-big.png?fit=778%2C778","contentUrl":"https:\/\/i1.wp.com\/vincentians.com\/es\/wp-content\/uploads\/sites\/11\/2016\/06\/Vincentian-Network-logo-big.png?fit=778%2C778","width":778,"height":778,"caption":"The Vincentian Network"},"image":{"@id":"http:\/\/vincentians.com\/es\/#\/schema\/logo\/image\/"},"sameAs":["https:\/\/www.facebook.com\/WeAreVincentians\/","https:\/\/x.com\/WeVincentians"]},{"@type":"Person","@id":"http:\/\/vincentians.com\/es\/#\/schema\/person\/9623ef4d9aa3b2dfb8c061f1499288f2","name":"Francisco Javier Fern\u00e1ndez Chento","image":{"@type":"ImageObject","inLanguage":"es","@id":"http:\/\/vincentians.com\/es\/#\/schema\/person\/image\/","url":"https:\/\/secure.gravatar.com\/avatar\/497d5cde87b4c3d097d0315953521681ba2cd523ee66e5077c3711f7021e65de?s=96&d=mm&r=g","contentUrl":"https:\/\/secure.gravatar.com\/avatar\/497d5cde87b4c3d097d0315953521681ba2cd523ee66e5077c3711f7021e65de?s=96&d=mm&r=g","caption":"Francisco Javier Fern\u00e1ndez Chento"},"description":"Director General y cofundador de La Red de Formaci\u00f3n Vicenciana. Javier es laico vicenciano, afiliado a la Congregaci\u00f3n de la Misi\u00f3n y miembro del Equipo de Misiones Populares de la provincia can\u00f3nica de Zaragoza (Espa\u00f1a) de la Congregaci\u00f3n de la Misi\u00f3n. Graduado en la Universidad Oberta de Catalunya con cuatro grados (Asistente de direcci\u00f3n, Gesti\u00f3n Administrativa, Recursos Humanos y Contabilidad Avanzada). Bil\u00edng\u00fce Espa\u00f1ol\/Ingl\u00e9s. gestiona y mantiene varias p\u00e1ginas web cristianas y vicencianas, incluida including La Red de Formaci\u00f3n Vicenciana, de la que es cofundador. Actualmente es responsable del \u00e1rea de Espa\u00f1ol de .famvin, la Red de Noticias de la Familia Vicenciana. Tambi\u00e9n es m\u00fasico cat\u00f3lico y ha editado varios discos. Es Director General y cofundador de Trovador, una reconocida compa\u00f1\u00eda discogr\u00e1fica critiana de Espa\u00f1a. Trabaja en las Tecnolog\u00edas de la Informaci\u00f3n, ofreciendo servicios de alojamiento, dise\u00f1o y mantenimiento Web, as\u00ed como asesoramiento, formaci\u00f3n y soluciones inform\u00e1ticas, gesti\u00f3n documental y digitalizaci\u00f3n de textos, edici\u00f3n y maquetaci\u00f3n de libros, revistas, flyers, etc.","sameAs":["http:\/\/chento.org","https:\/\/www.facebook.com\/JavierChento","https:\/\/x.com\/https:\/\/twitter.com\/javierchento"],"url":"http:\/\/vincentians.com\/es\/author\/chento\/"}]}},"jetpack_publicize_connections":[],"jetpack_featured_media_url":"https:\/\/i0.wp.com\/vincentians.com\/es\/wp-content\/uploads\/sites\/11\/2016\/07\/reflexiones-palabra-de-dios.jpg?fit=1200%2C630","jetpack_sharing_enabled":true,"jetpack_shortlink":"https:\/\/wp.me\/p7ETMF-zP2","jetpack-related-posts":[{"id":135928,"url":"http:\/\/vincentians.com\/es\/2o-domingo-de-t-o-reflexion-de-jose-roman-flecha\/","url_meta":{"origin":137704,"position":0},"title":"2\u00ba Domingo de T.O. (reflexi\u00f3n de Jos\u00e9 Rom\u00e1n Flecha)","author":"Francisco Javier Fern\u00e1ndez Chento","date":"13\/01\/2015","format":false,"excerpt":"LA LLAMADA Y EL ANUNCIO Domingo 2\u00ba del Tiempo Ordinario. B. 18 de enero de 2015 \u201cAqu\u00ed estoy. Vengo porque me has llamado\u201d. Hasta tres veces repite el ni\u00f1o Samuel estas palabras que se recogen en la primera lectura de la misa de hoy (1Sam 3,3-10.19). La escena se sit\u00faa\u2026","rel":"","context":"En \u00abHomil\u00edas y reflexiones, A\u00f1o B\u00bb","block_context":{"text":"Homil\u00edas y reflexiones, A\u00f1o B","link":"http:\/\/vincentians.com\/es\/category\/homilias-y-reflexiones-a-la-palabra-de-dios\/homilias-y-reflexiones-ano-b\/"},"img":{"alt_text":"","src":"https:\/\/i0.wp.com\/vincentians.com\/es\/wp-content\/uploads\/sites\/11\/2016\/07\/reflexiones-palabra-de-dios.jpg?fit=1200%2C630&resize=350%2C200","width":350,"height":200,"srcset":"https:\/\/i0.wp.com\/vincentians.com\/es\/wp-content\/uploads\/sites\/11\/2016\/07\/reflexiones-palabra-de-dios.jpg?fit=1200%2C630&resize=350%2C200 1x, https:\/\/i0.wp.com\/vincentians.com\/es\/wp-content\/uploads\/sites\/11\/2016\/07\/reflexiones-palabra-de-dios.jpg?fit=1200%2C630&resize=525%2C300 1.5x, https:\/\/i0.wp.com\/vincentians.com\/es\/wp-content\/uploads\/sites\/11\/2016\/07\/reflexiones-palabra-de-dios.jpg?fit=1200%2C630&resize=700%2C400 2x, https:\/\/i0.wp.com\/vincentians.com\/es\/wp-content\/uploads\/sites\/11\/2016\/07\/reflexiones-palabra-de-dios.jpg?fit=1200%2C630&resize=1050%2C600 3x"},"classes":[]},{"id":135836,"url":"http:\/\/vincentians.com\/es\/cuarto-domingo-de-adviento-reflexion-de-jose-roman-flecha\/","url_meta":{"origin":137704,"position":1},"title":"Cuarto Domingo de Adviento (reflexi\u00f3n de Jos\u00e9 Rom\u00e1n Flecha)","author":"Francisco Javier Fern\u00e1ndez Chento","date":"17\/12\/2012","format":false,"excerpt":"ENCUENTRO Y PROFEC\u00cdA Domingo 4\u00ba de Adviento. C 23 de diciembre de 2012 A Bel\u00e9n hab\u00eda llegado Ruth en el tiempo en que se segaba la cebada. Con la llegada de aquella extranjera se preparaba un futuro glorioso. De su familia hab\u00eda de nacer el rey David. Pero el profeta\u2026","rel":"","context":"En \u00abHomil\u00edas y reflexiones, A\u00f1o C\u00bb","block_context":{"text":"Homil\u00edas y reflexiones, A\u00f1o C","link":"http:\/\/vincentians.com\/es\/category\/homilias-y-reflexiones-a-la-palabra-de-dios\/homilias-y-reflexiones-ano-c\/"},"img":{"alt_text":"","src":"https:\/\/i0.wp.com\/vincentians.com\/es\/wp-content\/uploads\/sites\/11\/2016\/07\/reflexiones-palabra-de-dios.jpg?fit=1200%2C630&resize=350%2C200","width":350,"height":200,"srcset":"https:\/\/i0.wp.com\/vincentians.com\/es\/wp-content\/uploads\/sites\/11\/2016\/07\/reflexiones-palabra-de-dios.jpg?fit=1200%2C630&resize=350%2C200 1x, https:\/\/i0.wp.com\/vincentians.com\/es\/wp-content\/uploads\/sites\/11\/2016\/07\/reflexiones-palabra-de-dios.jpg?fit=1200%2C630&resize=525%2C300 1.5x, https:\/\/i0.wp.com\/vincentians.com\/es\/wp-content\/uploads\/sites\/11\/2016\/07\/reflexiones-palabra-de-dios.jpg?fit=1200%2C630&resize=700%2C400 2x, https:\/\/i0.wp.com\/vincentians.com\/es\/wp-content\/uploads\/sites\/11\/2016\/07\/reflexiones-palabra-de-dios.jpg?fit=1200%2C630&resize=1050%2C600 3x"},"classes":[]},{"id":132539,"url":"http:\/\/vincentians.com\/es\/domingo-3o-de-adviento-reflexion-de-julio-cesar-villalobos-c-m\/","url_meta":{"origin":137704,"position":2},"title":"Domingo 3\u00ba de Adviento (reflexi\u00f3n de Julio C\u00e9sar Villalobos, C.M.)","author":"Francisco Javier Fern\u00e1ndez Chento","date":"11\/12\/2014","format":false,"excerpt":"El Adviento tiene un rostro: la alegr\u00eda Una vez, un joven de 15 a\u00f1os de edad estaba en su escuela, jugando con sus compa\u00f1eros, visitando la biblioteca de esa escuela, de pronto el encargado de la biblioteca le pregunta: \"Oye, \u00bftu madre no se llama Mar\u00eda Rosa? El joven contest\u00f3:\u2026","rel":"","context":"En \u00abHomil\u00edas y reflexiones, A\u00f1o B\u00bb","block_context":{"text":"Homil\u00edas y reflexiones, A\u00f1o B","link":"http:\/\/vincentians.com\/es\/category\/homilias-y-reflexiones-a-la-palabra-de-dios\/homilias-y-reflexiones-ano-b\/"},"img":{"alt_text":"","src":"https:\/\/i0.wp.com\/vincentians.com\/es\/wp-content\/uploads\/sites\/11\/2016\/07\/reflexiones-palabra-de-dios.jpg?fit=1200%2C630&resize=350%2C200","width":350,"height":200,"srcset":"https:\/\/i0.wp.com\/vincentians.com\/es\/wp-content\/uploads\/sites\/11\/2016\/07\/reflexiones-palabra-de-dios.jpg?fit=1200%2C630&resize=350%2C200 1x, https:\/\/i0.wp.com\/vincentians.com\/es\/wp-content\/uploads\/sites\/11\/2016\/07\/reflexiones-palabra-de-dios.jpg?fit=1200%2C630&resize=525%2C300 1.5x, https:\/\/i0.wp.com\/vincentians.com\/es\/wp-content\/uploads\/sites\/11\/2016\/07\/reflexiones-palabra-de-dios.jpg?fit=1200%2C630&resize=700%2C400 2x, https:\/\/i0.wp.com\/vincentians.com\/es\/wp-content\/uploads\/sites\/11\/2016\/07\/reflexiones-palabra-de-dios.jpg?fit=1200%2C630&resize=1050%2C600 3x"},"classes":[]},{"id":132447,"url":"http:\/\/vincentians.com\/es\/6o-domingo-de-pascua-reflexion-de-julio-cesar-villalobos-c-m\/","url_meta":{"origin":137704,"position":3},"title":"6\u00ba Domingo de Pascua (reflexi\u00f3n de Julio C\u00e9sar Villalobos, C.M.)","author":"Francisco Javier Fern\u00e1ndez Chento","date":"11\/05\/2012","format":false,"excerpt":"El pedido de Jes\u00fas: permanecer en su amor \u00bfAlguna vez has recibido un regalo?, \u00bfte recuerdas alg\u00fan regalo especial?, \u00bfquiz\u00e1s algo material?, \u00bfquiz\u00e1s algo que ha marcado para siempre tu vida?, \u00bfaceptaste o no ese regalo que te hicieron?, \u00bfconservas ese regalo hasta hoy?... Hubo una vez una persona joven\u2026","rel":"","context":"En \u00abHomil\u00edas y reflexiones, A\u00f1o B\u00bb","block_context":{"text":"Homil\u00edas y reflexiones, A\u00f1o B","link":"http:\/\/vincentians.com\/es\/category\/homilias-y-reflexiones-a-la-palabra-de-dios\/homilias-y-reflexiones-ano-b\/"},"img":{"alt_text":"","src":"https:\/\/i0.wp.com\/vincentians.com\/es\/wp-content\/uploads\/sites\/11\/2016\/07\/reflexiones-palabra-de-dios.jpg?fit=1200%2C630&resize=350%2C200","width":350,"height":200,"srcset":"https:\/\/i0.wp.com\/vincentians.com\/es\/wp-content\/uploads\/sites\/11\/2016\/07\/reflexiones-palabra-de-dios.jpg?fit=1200%2C630&resize=350%2C200 1x, https:\/\/i0.wp.com\/vincentians.com\/es\/wp-content\/uploads\/sites\/11\/2016\/07\/reflexiones-palabra-de-dios.jpg?fit=1200%2C630&resize=525%2C300 1.5x, https:\/\/i0.wp.com\/vincentians.com\/es\/wp-content\/uploads\/sites\/11\/2016\/07\/reflexiones-palabra-de-dios.jpg?fit=1200%2C630&resize=700%2C400 2x, https:\/\/i0.wp.com\/vincentians.com\/es\/wp-content\/uploads\/sites\/11\/2016\/07\/reflexiones-palabra-de-dios.jpg?fit=1200%2C630&resize=1050%2C600 3x"},"classes":[]},{"id":142130,"url":"http:\/\/vincentians.com\/es\/5o-domingo-de-cuaresma-reflexion-de-julio-cesar-villalobos-c-m\/","url_meta":{"origin":137704,"position":4},"title":"5\u00ba Domingo de Cuaresma (reflexi\u00f3n de Julio C\u00e9sar Villalobos, C.M.)","author":"Francisco Javier Fern\u00e1ndez Chento","date":"20\/03\/2015","format":false,"excerpt":"Un examen al final del camino y un deseo: ver a Jes\u00fas Ya entramos por llegar a la meta final de este itinerario cuaresmal y una vez m\u00e1s es bueno hacer un examen: \u00bfle habr\u00e9 hecho caso a Dios que me ha pedido que me convierta? (cf.Mc.1,15); \u00bfhabr\u00e9 escuchado la\u2026","rel":"","context":"En \u00abHomil\u00edas y reflexiones, A\u00f1o B\u00bb","block_context":{"text":"Homil\u00edas y reflexiones, A\u00f1o B","link":"http:\/\/vincentians.com\/es\/category\/homilias-y-reflexiones-a-la-palabra-de-dios\/homilias-y-reflexiones-ano-b\/"},"img":{"alt_text":"","src":"https:\/\/i0.wp.com\/vincentians.com\/es\/wp-content\/uploads\/sites\/11\/2016\/07\/reflexiones-palabra-de-dios.jpg?fit=1200%2C630&resize=350%2C200","width":350,"height":200,"srcset":"https:\/\/i0.wp.com\/vincentians.com\/es\/wp-content\/uploads\/sites\/11\/2016\/07\/reflexiones-palabra-de-dios.jpg?fit=1200%2C630&resize=350%2C200 1x, https:\/\/i0.wp.com\/vincentians.com\/es\/wp-content\/uploads\/sites\/11\/2016\/07\/reflexiones-palabra-de-dios.jpg?fit=1200%2C630&resize=525%2C300 1.5x, https:\/\/i0.wp.com\/vincentians.com\/es\/wp-content\/uploads\/sites\/11\/2016\/07\/reflexiones-palabra-de-dios.jpg?fit=1200%2C630&resize=700%2C400 2x, https:\/\/i0.wp.com\/vincentians.com\/es\/wp-content\/uploads\/sites\/11\/2016\/07\/reflexiones-palabra-de-dios.jpg?fit=1200%2C630&resize=1050%2C600 3x"},"classes":[]},{"id":119424,"url":"http:\/\/vincentians.com\/es\/un-corazon-indiviso-silencio-escucha-y-oracion\/","url_meta":{"origin":137704,"position":5},"title":"\u201cUn coraz\u00f3n indiviso\u201d: Silencio, escucha y oraci\u00f3n","author":"Francisco Javier Fern\u00e1ndez Chento","date":"09\/01\/2022","format":false,"excerpt":"El coraz\u00f3n indiviso necesita un lugar tranquilo y silencioso en el que pueda centrarse en s\u00ed mismo y estar atento a las inspiraciones del Esp\u00edritu. En la vida de la persona consagrada, debe haber un espacio para el silencio, la escucha y la oraci\u00f3n. Nuestras Constituciones nos lo recuerdan: \"Para\u2026","rel":"","context":"En \u00abEspiritualidad vicenciana\u00bb","block_context":{"text":"Espiritualidad vicenciana","link":"http:\/\/vincentians.com\/es\/category\/espiritualidad\/espiritualidad-vicenciana\/"},"img":{"alt_text":"","src":"https:\/\/i0.wp.com\/vincentians.com\/es\/wp-content\/uploads\/sites\/11\/2013\/04\/hijas-caridaqd.jpg?fit=1200%2C675&resize=350%2C200","width":350,"height":200,"srcset":"https:\/\/i0.wp.com\/vincentians.com\/es\/wp-content\/uploads\/sites\/11\/2013\/04\/hijas-caridaqd.jpg?fit=1200%2C675&resize=350%2C200 1x, https:\/\/i0.wp.com\/vincentians.com\/es\/wp-content\/uploads\/sites\/11\/2013\/04\/hijas-caridaqd.jpg?fit=1200%2C675&resize=525%2C300 1.5x, https:\/\/i0.wp.com\/vincentians.com\/es\/wp-content\/uploads\/sites\/11\/2013\/04\/hijas-caridaqd.jpg?fit=1200%2C675&resize=700%2C400 2x, https:\/\/i0.wp.com\/vincentians.com\/es\/wp-content\/uploads\/sites\/11\/2013\/04\/hijas-caridaqd.jpg?fit=1200%2C675&resize=1050%2C600 3x"},"classes":[]}],"_links":{"self":[{"href":"http:\/\/vincentians.com\/es\/wp-json\/wp\/v2\/posts\/137704","targetHints":{"allow":["GET"]}}],"collection":[{"href":"http:\/\/vincentians.com\/es\/wp-json\/wp\/v2\/posts"}],"about":[{"href":"http:\/\/vincentians.com\/es\/wp-json\/wp\/v2\/types\/post"}],"author":[{"embeddable":true,"href":"http:\/\/vincentians.com\/es\/wp-json\/wp\/v2\/users\/4"}],"replies":[{"embeddable":true,"href":"http:\/\/vincentians.com\/es\/wp-json\/wp\/v2\/comments?post=137704"}],"version-history":[{"count":0,"href":"http:\/\/vincentians.com\/es\/wp-json\/wp\/v2\/posts\/137704\/revisions"}],"wp:featuredmedia":[{"embeddable":true,"href":"http:\/\/vincentians.com\/es\/wp-json\/wp\/v2\/media\/388408"}],"wp:attachment":[{"href":"http:\/\/vincentians.com\/es\/wp-json\/wp\/v2\/media?parent=137704"}],"wp:term":[{"taxonomy":"category","embeddable":true,"href":"http:\/\/vincentians.com\/es\/wp-json\/wp\/v2\/categories?post=137704"},{"taxonomy":"post_tag","embeddable":true,"href":"http:\/\/vincentians.com\/es\/wp-json\/wp\/v2\/tags?post=137704"}],"curies":[{"name":"wp","href":"https:\/\/api.w.org\/{rel}","templated":true}]}}