{"id":137701,"date":"2015-01-31T16:50:16","date_gmt":"2015-01-31T15:50:16","guid":{"rendered":"http:\/\/somos.vicencianos.org\/?p=137701"},"modified":"2016-07-24T10:28:13","modified_gmt":"2016-07-24T08:28:13","slug":"4o-domingo-de-t-o-reflexion-de-jose-cervantes-gabarron-2","status":"publish","type":"post","link":"http:\/\/vincentians.com\/es\/4o-domingo-de-t-o-reflexion-de-jose-cervantes-gabarron-2\/","title":{"rendered":"4\u00ba Domingo de T.O. (reflexi\u00f3n de Jos\u00e9 Cervantes Gabarr\u00f3n)"},"content":{"rendered":"<h2 style=\"text-align: center\"><strong><em><strong><strong><em>Autoridad de Jes\u00fas contra el mal<\/em><\/strong><\/strong><\/em><\/strong><\/h2>\n<div id=\"attachment_132400\" style=\"width: 220px\" class=\"wp-caption alignright\"><a href=\"https:\/\/i0.wp.com\/vicencianos.org\/wp-content\/2011\/12\/Jose_Cervantes.jpg\"><img data-recalc-dims=\"1\" loading=\"lazy\" decoding=\"async\" aria-describedby=\"caption-attachment-132400\" class=\"size-medium wp-image-132400\" src=\"https:\/\/i0.wp.com\/vicencianos.org\/wp-content\/2011\/12\/Jose_Cervantes-210x300.jpg?resize=210%2C300\" alt=\"Jos\u00e9 Cervantes Gabarr\u00f3n, sacerdote misionero y profesor de Sagrada Escritura.\" width=\"210\" height=\"300\" \/><\/a><p id=\"caption-attachment-132400\" class=\"wp-caption-text\">Jos\u00e9 Cervantes Gabarr\u00f3n, sacerdote misionero y profesor de Sagrada Escritura.<\/p><\/div>\n<p>El evangelio de este domingo\u00a0<strong>empieza la narraci\u00f3n de la actividad taumat\u00fargica de Jes\u00fas<\/strong>. El primero de los milagros narrados por Marcos es un exorcismo, acaecido en la sinagoga de Cafarna\u00fan, donde Jes\u00fas lleva a cabo la expulsi\u00f3n de un esp\u00edritu inmundo de un hombre pose\u00eddo (Mc 1,21-27).<\/p>\n<p>Inmediatamente antes Jes\u00fas hab\u00eda anunciado la proximidad inminente del Reinado de Dios. Parece que las obras milagrosas de Jes\u00fas est\u00e1n orientadas a mostrar esa cercan\u00eda, aunque no todav\u00eda su plena manifestaci\u00f3n. En este sentido<strong>\u00a0<\/strong><strong>los milagros son s\u00f3lo signos de la cercan\u00eda del Reino, pero no la llegada plena del Reino.<\/strong>\u00a0El milagro, que con ligeras variantes est\u00e1 narrado tambi\u00e9n en el evangelio de Lucas, tiene varios aspectos que son significativos. Se trata de un milagro de\u00a0<strong>confrontaci\u00f3n con el esp\u00edritu del mal y de revelaci\u00f3n de la gran autoridad de Jes\u00fas<\/strong>\u00a0frente al modo de ense\u00f1ar de los dirigentes religiosos. En \u00e9l se manifiesta la potencia de la palabra de Jes\u00fas que increpa al maligno, lo expulsa del poseso e inicia el proceso de su eliminaci\u00f3n, suscitando el asombro de todos y la primera cuesti\u00f3n acerca de su identidad y del misterio de su persona, que debe ir madurando progresivamente a lo largo de todo el Evangelio:\u00a0<em>\u00bfQu\u00e9 es esto? \u00a1Una nueva ense\u00f1anza con autoridad! Hasta a los esp\u00edritus inmundos se impone, y le obedecen<\/em>\u00a0(Mc 1,27).<\/p>\n<p>La confrontaci\u00f3n de Jes\u00fas con el esp\u00edritu inmundo constituye el n\u00facleo del milagro, pues los demonios s\u00ed reconocen al Santo de Dios y su fuerza antag\u00f3nica respecto a los seres humanos. El hombre, pose\u00eddo por el esp\u00edritu maligno, pasa a un segundo plano en la narraci\u00f3n, dejando paso al protagonista, Jes\u00fas, en su enfrentamiento contundente, potente y eficaz con el demonio. La palabra de Jes\u00fas es contra \u00e9l.\u00a0<strong>El Evangelio de Dios<\/strong>\u00a0que Jes\u00fas proclama es\u00a0<strong>una palabra de increpaci\u00f3n, de indignaci\u00f3n y de lucha<\/strong>\u00a0contra el mal en cualquiera de sus manifestaciones. La posesi\u00f3n diab\u00f3lica puede ser entendida de diversas maneras seg\u00fan los contextos culturales en los que \u00e9sta se sit\u00fae. En todo caso es\u00a0<strong>una fuerza espiritual maligna,<\/strong>\u00a0<strong>personalizada, exterior o interior,<\/strong>\u00a0que atrapa, domina y somete a la persona humana tomando posesi\u00f3n de ella. La verificaci\u00f3n hist\u00f3rica de que Jes\u00fas realiz\u00f3 este tipo de milagros expulsando demonios es indiscutible si aplicamos los criterios de historicidad. Baste decir que es un hecho que hasta los adversarios lo constatan, aunque lo interpreten de forma diferente. En el tiempo presente creo que este tipo de posesi\u00f3n dominadora y aniquiladora del ser humano se puede aplicar a toda fuerza interior o exterior que somete a una persona y no se debe excluir ninguna forma de poder econ\u00f3mico y pol\u00edtico que diab\u00f3licamente destroza vidas y familias humanas. Frente a estas formas y contra ellas tambi\u00e9n Jes\u00fas dir\u00eda nuevamente:\u00a0<strong>\u00abC\u00e1llate y sal fuera!\u00bb<\/strong>\u00a0Y ojal\u00e1 que pueda o\u00edrse esta voz a trav\u00e9s de los creyentes en esta palabra.<\/p>\n<p>Pero un relato de milagro evang\u00e9lico no permite quedarnos meramente en el hecho como tal, sino que reclama una interpretaci\u00f3n adecuada del mismo. Por eso es importante descubrir su valor de signo de la otra realidad a la cual apunta el hecho en s\u00ed. En Marcos el milagro, en primer lugar, nos\u00a0<strong>revela la gran autoridad de Jes\u00fas y de su palabra,<\/strong>\u00a0y en segundo lugar, nos\u00a0<strong>remite al misterio todav\u00eda indeclarable de su identidad como Hijo de Dios,<\/strong>\u00a0pues esto no se debe decir hasta que \u00e9l muestre toda su identidad de forma inequ\u00edvoca no a trav\u00e9s de las obras de poder, sino mediante su muerte en la cruz.<\/p>\n<p>La autoridad de Jes\u00fas no tiene que ver nada con el poder sino con<strong>\u00a0<\/strong><strong>la fuerza de su palabra, con la coherencia arm\u00f3nica y total entre su ser, su obrar y su habla<\/strong>r, y con la capacidad de convicci\u00f3n de su discurso mostrando la soberan\u00eda absoluta de Dios en su vida. En griego autoridad se dice exousia, palabra que evoca etimol\u00f3gicamente y desde su ra\u00edz filos\u00f3fica,\u00a0<em>ex+ousia<\/em>, la profundidad del ser y de la identidad de una persona. Es la esencia de la persona que se manifiesta con convicci\u00f3n. Con el milagro se manifiesta la gran autoridad moral de Jes\u00fas para intervenir contra todo poder que someta al ser humano haciendo visible la cercan\u00eda del Reinado de Dios gracias a su palabra liberadora a favor del hombre, dominado y pose\u00eddo.<\/p>\n<p>Quiera Dios que la Iglesia y cada uno de nosotros, los creyentes, fieles al esp\u00edritu prof\u00e9tico y siguiendo a este Jes\u00fas del Evangelio, seamos capaces de intervenir tambi\u00e9n con la\u00a0<strong>verdadera autoridad moral<\/strong>\u00a0que deriva del mesianismo liberador de Jes\u00fas, y podamos\u00a0<strong>hacer frente sin rodeos a las m\u00faltiples<\/strong><strong>\u00a0<\/strong><strong>manifestaciones del mal<\/strong><strong>\u00a0<\/strong>que acosan al ser humano, desde el\u00a0<strong>pecado personal hasta sus derivaciones fatales de car\u00e1cter estructural,<\/strong>\u00a0entre las cuales sobresale la gran desigualdad injusta de nuestro mundo. \u00c9sta ciertamente consiste en la manipulaci\u00f3n diab\u00f3lica de los pueblos y de los pobres por parte de los intereses de los opulentos y de los \u00abmercados\u00bb, los cuales promueven hasta sus \u00faltimas consecuencias este doble proceso de empobrecimiento de muchos y de enriquecimiento de unos pocos, que pone en evidencia lo que ya algunos denominan la \u00abfascistizaci\u00f3n\u00bb de los mercados, los \u00abcr\u00edmenes econ\u00f3micos\u00bb contra la humanidad y cuyos golpes de Estado se dejan notar por doquier en este planeta tremendamente desigual e injusto.<\/p>\n","protected":false},"excerpt":{"rendered":"<p>Autoridad de Jes\u00fas contra el mal El evangelio de este domingo\u00a0empieza la narraci\u00f3n de la actividad taumat\u00fargica de Jes\u00fas. El primero de los milagros narrados por Marcos es un exorcismo, acaecido en la sinagoga de &#8230; <a href=\"http:\/\/vincentians.com\/es\/4o-domingo-de-t-o-reflexion-de-jose-cervantes-gabarron-2\/\" class=\"more-link\">Read More<\/a><\/p>\n","protected":false},"author":4,"featured_media":388408,"comment_status":"open","ping_status":"open","sticky":false,"template":"","format":"standard","meta":{"jetpack_post_was_ever_published":false,"_jetpack_newsletter_access":"","_jetpack_dont_email_post_to_subs":false,"_jetpack_newsletter_tier_id":0,"_jetpack_memberships_contains_paywalled_content":false,"_jetpack_memberships_contains_paid_content":false,"footnotes":"","jetpack_publicize_message":"","jetpack_publicize_feature_enabled":true,"jetpack_social_post_already_shared":true,"jetpack_social_options":{"image_generator_settings":{"template":"highway","default_image_id":0,"font":"","enabled":false},"version":2}},"categories":[93],"tags":[],"class_list":["post-137701","post","type-post","status-publish","format-standard","has-post-thumbnail","hentry","category-homilias-y-reflexiones-ano-b"],"yoast_head":"<!-- This site is optimized with the Yoast SEO plugin v26.3 - https:\/\/yoast.com\/wordpress\/plugins\/seo\/ -->\n<title>4\u00ba Domingo de T.O. (reflexi\u00f3n de Jos\u00e9 Cervantes Gabarr\u00f3n) - Somos Vicencianos<\/title>\n<meta name=\"robots\" content=\"index, follow, max-snippet:-1, max-image-preview:large, max-video-preview:-1\" \/>\n<link rel=\"canonical\" href=\"http:\/\/vincentians.com\/es\/4o-domingo-de-t-o-reflexion-de-jose-cervantes-gabarron-2\/\" \/>\n<meta property=\"og:locale\" content=\"es_ES\" \/>\n<meta property=\"og:type\" content=\"article\" \/>\n<meta property=\"og:title\" content=\"4\u00ba Domingo de T.O. (reflexi\u00f3n de Jos\u00e9 Cervantes Gabarr\u00f3n) - Somos Vicencianos\" \/>\n<meta property=\"og:description\" content=\"Autoridad de Jes\u00fas contra el mal El evangelio de este domingo\u00a0empieza la narraci\u00f3n de la actividad taumat\u00fargica de Jes\u00fas. El primero de los milagros narrados por Marcos es un exorcismo, acaecido en la sinagoga de ... Read More\" \/>\n<meta property=\"og:url\" content=\"http:\/\/vincentians.com\/es\/4o-domingo-de-t-o-reflexion-de-jose-cervantes-gabarron-2\/\" \/>\n<meta property=\"og:site_name\" content=\"Somos Vicencianos\" \/>\n<meta property=\"article:publisher\" content=\"https:\/\/www.facebook.com\/WeAreVincentians\/\" \/>\n<meta property=\"article:author\" content=\"https:\/\/www.facebook.com\/JavierChento\" \/>\n<meta property=\"article:published_time\" content=\"2015-01-31T15:50:16+00:00\" \/>\n<meta property=\"article:modified_time\" content=\"2016-07-24T08:28:13+00:00\" \/>\n<meta property=\"og:image\" content=\"https:\/\/i0.wp.com\/vincentians.com\/es\/wp-content\/uploads\/sites\/11\/2016\/07\/reflexiones-palabra-de-dios.jpg?fit=1200%2C630\" \/>\n\t<meta property=\"og:image:width\" content=\"1200\" \/>\n\t<meta property=\"og:image:height\" content=\"630\" \/>\n\t<meta property=\"og:image:type\" content=\"image\/jpeg\" \/>\n<meta name=\"author\" content=\"Francisco Javier Fern\u00e1ndez Chento\" \/>\n<meta name=\"twitter:card\" content=\"summary_large_image\" \/>\n<meta name=\"twitter:creator\" content=\"@https:\/\/twitter.com\/javierchento\" \/>\n<meta name=\"twitter:site\" content=\"@WeVincentians\" \/>\n<meta name=\"twitter:label1\" content=\"Escrito por\" \/>\n\t<meta name=\"twitter:data1\" content=\"Francisco Javier Fern\u00e1ndez Chento\" \/>\n\t<meta name=\"twitter:label2\" content=\"Tiempo de lectura\" \/>\n\t<meta name=\"twitter:data2\" content=\"5 minutos\" \/>\n<script type=\"application\/ld+json\" class=\"yoast-schema-graph\">{\"@context\":\"https:\/\/schema.org\",\"@graph\":[{\"@type\":\"Article\",\"@id\":\"http:\/\/vincentians.com\/es\/4o-domingo-de-t-o-reflexion-de-jose-cervantes-gabarron-2\/#article\",\"isPartOf\":{\"@id\":\"http:\/\/vincentians.com\/es\/4o-domingo-de-t-o-reflexion-de-jose-cervantes-gabarron-2\/\"},\"author\":{\"name\":\"Francisco Javier Fern\u00e1ndez Chento\",\"@id\":\"https:\/\/vincentians.com\/es\/#\/schema\/person\/9623ef4d9aa3b2dfb8c061f1499288f2\"},\"headline\":\"4\u00ba Domingo de T.O. (reflexi\u00f3n de Jos\u00e9 Cervantes Gabarr\u00f3n)\",\"datePublished\":\"2015-01-31T15:50:16+00:00\",\"dateModified\":\"2016-07-24T08:28:13+00:00\",\"mainEntityOfPage\":{\"@id\":\"http:\/\/vincentians.com\/es\/4o-domingo-de-t-o-reflexion-de-jose-cervantes-gabarron-2\/\"},\"wordCount\":1007,\"commentCount\":0,\"publisher\":{\"@id\":\"https:\/\/vincentians.com\/es\/#organization\"},\"image\":{\"@id\":\"http:\/\/vincentians.com\/es\/4o-domingo-de-t-o-reflexion-de-jose-cervantes-gabarron-2\/#primaryimage\"},\"thumbnailUrl\":\"https:\/\/i0.wp.com\/vincentians.com\/es\/wp-content\/uploads\/sites\/11\/2016\/07\/reflexiones-palabra-de-dios.jpg?fit=1200%2C630\",\"articleSection\":[\"Homil\u00edas y reflexiones, A\u00f1o B\"],\"inLanguage\":\"es\",\"potentialAction\":[{\"@type\":\"CommentAction\",\"name\":\"Comment\",\"target\":[\"http:\/\/vincentians.com\/es\/4o-domingo-de-t-o-reflexion-de-jose-cervantes-gabarron-2\/#respond\"]}]},{\"@type\":\"WebPage\",\"@id\":\"http:\/\/vincentians.com\/es\/4o-domingo-de-t-o-reflexion-de-jose-cervantes-gabarron-2\/\",\"url\":\"http:\/\/vincentians.com\/es\/4o-domingo-de-t-o-reflexion-de-jose-cervantes-gabarron-2\/\",\"name\":\"4\u00ba Domingo de T.O. (reflexi\u00f3n de Jos\u00e9 Cervantes Gabarr\u00f3n) - Somos Vicencianos\",\"isPartOf\":{\"@id\":\"https:\/\/vincentians.com\/es\/#website\"},\"primaryImageOfPage\":{\"@id\":\"http:\/\/vincentians.com\/es\/4o-domingo-de-t-o-reflexion-de-jose-cervantes-gabarron-2\/#primaryimage\"},\"image\":{\"@id\":\"http:\/\/vincentians.com\/es\/4o-domingo-de-t-o-reflexion-de-jose-cervantes-gabarron-2\/#primaryimage\"},\"thumbnailUrl\":\"https:\/\/i0.wp.com\/vincentians.com\/es\/wp-content\/uploads\/sites\/11\/2016\/07\/reflexiones-palabra-de-dios.jpg?fit=1200%2C630\",\"datePublished\":\"2015-01-31T15:50:16+00:00\",\"dateModified\":\"2016-07-24T08:28:13+00:00\",\"breadcrumb\":{\"@id\":\"http:\/\/vincentians.com\/es\/4o-domingo-de-t-o-reflexion-de-jose-cervantes-gabarron-2\/#breadcrumb\"},\"inLanguage\":\"es\",\"potentialAction\":[{\"@type\":\"ReadAction\",\"target\":[\"http:\/\/vincentians.com\/es\/4o-domingo-de-t-o-reflexion-de-jose-cervantes-gabarron-2\/\"]}]},{\"@type\":\"ImageObject\",\"inLanguage\":\"es\",\"@id\":\"http:\/\/vincentians.com\/es\/4o-domingo-de-t-o-reflexion-de-jose-cervantes-gabarron-2\/#primaryimage\",\"url\":\"https:\/\/i0.wp.com\/vincentians.com\/es\/wp-content\/uploads\/sites\/11\/2016\/07\/reflexiones-palabra-de-dios.jpg?fit=1200%2C630\",\"contentUrl\":\"https:\/\/i0.wp.com\/vincentians.com\/es\/wp-content\/uploads\/sites\/11\/2016\/07\/reflexiones-palabra-de-dios.jpg?fit=1200%2C630\",\"width\":1200,\"height\":630},{\"@type\":\"BreadcrumbList\",\"@id\":\"http:\/\/vincentians.com\/es\/4o-domingo-de-t-o-reflexion-de-jose-cervantes-gabarron-2\/#breadcrumb\",\"itemListElement\":[{\"@type\":\"ListItem\",\"position\":1,\"name\":\"Portada\",\"item\":\"https:\/\/vincentians.com\/es\/\"},{\"@type\":\"ListItem\",\"position\":2,\"name\":\"4\u00ba Domingo de T.O. (reflexi\u00f3n de Jos\u00e9 Cervantes Gabarr\u00f3n)\"}]},{\"@type\":\"WebSite\",\"@id\":\"https:\/\/vincentians.com\/es\/#website\",\"url\":\"https:\/\/vincentians.com\/es\/\",\"name\":\"Somos Vicencianos\",\"description\":\"Know more to serve more\",\"publisher\":{\"@id\":\"https:\/\/vincentians.com\/es\/#organization\"},\"potentialAction\":[{\"@type\":\"SearchAction\",\"target\":{\"@type\":\"EntryPoint\",\"urlTemplate\":\"https:\/\/vincentians.com\/es\/?s={search_term_string}\"},\"query-input\":{\"@type\":\"PropertyValueSpecification\",\"valueRequired\":true,\"valueName\":\"search_term_string\"}}],\"inLanguage\":\"es\"},{\"@type\":\"Organization\",\"@id\":\"https:\/\/vincentians.com\/es\/#organization\",\"name\":\"The Vincentian Network\",\"url\":\"https:\/\/vincentians.com\/es\/\",\"logo\":{\"@type\":\"ImageObject\",\"inLanguage\":\"es\",\"@id\":\"https:\/\/vincentians.com\/es\/#\/schema\/logo\/image\/\",\"url\":\"https:\/\/i1.wp.com\/vincentians.com\/es\/wp-content\/uploads\/sites\/11\/2016\/06\/Vincentian-Network-logo-big.png?fit=778%2C778\",\"contentUrl\":\"https:\/\/i1.wp.com\/vincentians.com\/es\/wp-content\/uploads\/sites\/11\/2016\/06\/Vincentian-Network-logo-big.png?fit=778%2C778\",\"width\":778,\"height\":778,\"caption\":\"The Vincentian Network\"},\"image\":{\"@id\":\"https:\/\/vincentians.com\/es\/#\/schema\/logo\/image\/\"},\"sameAs\":[\"https:\/\/www.facebook.com\/WeAreVincentians\/\",\"https:\/\/x.com\/WeVincentians\"]},{\"@type\":\"Person\",\"@id\":\"https:\/\/vincentians.com\/es\/#\/schema\/person\/9623ef4d9aa3b2dfb8c061f1499288f2\",\"name\":\"Francisco Javier Fern\u00e1ndez Chento\",\"image\":{\"@type\":\"ImageObject\",\"inLanguage\":\"es\",\"@id\":\"https:\/\/vincentians.com\/es\/#\/schema\/person\/image\/\",\"url\":\"https:\/\/secure.gravatar.com\/avatar\/497d5cde87b4c3d097d0315953521681ba2cd523ee66e5077c3711f7021e65de?s=96&d=mm&r=g\",\"contentUrl\":\"https:\/\/secure.gravatar.com\/avatar\/497d5cde87b4c3d097d0315953521681ba2cd523ee66e5077c3711f7021e65de?s=96&d=mm&r=g\",\"caption\":\"Francisco Javier Fern\u00e1ndez Chento\"},\"description\":\"Director General y cofundador de La Red de Formaci\u00f3n Vicenciana. Javier es laico vicenciano, afiliado a la Congregaci\u00f3n de la Misi\u00f3n y miembro del Equipo de Misiones Populares de la provincia can\u00f3nica de Zaragoza (Espa\u00f1a) de la Congregaci\u00f3n de la Misi\u00f3n. Graduado en la Universidad Oberta de Catalunya con cuatro grados (Asistente de direcci\u00f3n, Gesti\u00f3n Administrativa, Recursos Humanos y Contabilidad Avanzada). Bil\u00edng\u00fce Espa\u00f1ol\/Ingl\u00e9s. gestiona y mantiene varias p\u00e1ginas web cristianas y vicencianas, incluida including La Red de Formaci\u00f3n Vicenciana, de la que es cofundador. Actualmente es responsable del \u00e1rea de Espa\u00f1ol de .famvin, la Red de Noticias de la Familia Vicenciana. Tambi\u00e9n es m\u00fasico cat\u00f3lico y ha editado varios discos. Es Director General y cofundador de Trovador, una reconocida compa\u00f1\u00eda discogr\u00e1fica critiana de Espa\u00f1a. Trabaja en las Tecnolog\u00edas de la Informaci\u00f3n, ofreciendo servicios de alojamiento, dise\u00f1o y mantenimiento Web, as\u00ed como asesoramiento, formaci\u00f3n y soluciones inform\u00e1ticas, gesti\u00f3n documental y digitalizaci\u00f3n de textos, edici\u00f3n y maquetaci\u00f3n de libros, revistas, flyers, etc.\",\"sameAs\":[\"http:\/\/chento.org\",\"https:\/\/www.facebook.com\/JavierChento\",\"https:\/\/x.com\/https:\/\/twitter.com\/javierchento\"],\"url\":\"http:\/\/vincentians.com\/es\/author\/chento\/\"}]}<\/script>\n<!-- \/ Yoast SEO plugin. -->","yoast_head_json":{"title":"4\u00ba Domingo de T.O. (reflexi\u00f3n de Jos\u00e9 Cervantes Gabarr\u00f3n) - Somos Vicencianos","robots":{"index":"index","follow":"follow","max-snippet":"max-snippet:-1","max-image-preview":"max-image-preview:large","max-video-preview":"max-video-preview:-1"},"canonical":"http:\/\/vincentians.com\/es\/4o-domingo-de-t-o-reflexion-de-jose-cervantes-gabarron-2\/","og_locale":"es_ES","og_type":"article","og_title":"4\u00ba Domingo de T.O. (reflexi\u00f3n de Jos\u00e9 Cervantes Gabarr\u00f3n) - Somos Vicencianos","og_description":"Autoridad de Jes\u00fas contra el mal El evangelio de este domingo\u00a0empieza la narraci\u00f3n de la actividad taumat\u00fargica de Jes\u00fas. El primero de los milagros narrados por Marcos es un exorcismo, acaecido en la sinagoga de ... Read More","og_url":"http:\/\/vincentians.com\/es\/4o-domingo-de-t-o-reflexion-de-jose-cervantes-gabarron-2\/","og_site_name":"Somos Vicencianos","article_publisher":"https:\/\/www.facebook.com\/WeAreVincentians\/","article_author":"https:\/\/www.facebook.com\/JavierChento","article_published_time":"2015-01-31T15:50:16+00:00","article_modified_time":"2016-07-24T08:28:13+00:00","og_image":[{"width":1200,"height":630,"url":"https:\/\/i0.wp.com\/vincentians.com\/es\/wp-content\/uploads\/sites\/11\/2016\/07\/reflexiones-palabra-de-dios.jpg?fit=1200%2C630","type":"image\/jpeg"}],"author":"Francisco Javier Fern\u00e1ndez Chento","twitter_card":"summary_large_image","twitter_creator":"@https:\/\/twitter.com\/javierchento","twitter_site":"@WeVincentians","twitter_misc":{"Escrito por":"Francisco Javier Fern\u00e1ndez Chento","Tiempo de lectura":"5 minutos"},"schema":{"@context":"https:\/\/schema.org","@graph":[{"@type":"Article","@id":"http:\/\/vincentians.com\/es\/4o-domingo-de-t-o-reflexion-de-jose-cervantes-gabarron-2\/#article","isPartOf":{"@id":"http:\/\/vincentians.com\/es\/4o-domingo-de-t-o-reflexion-de-jose-cervantes-gabarron-2\/"},"author":{"name":"Francisco Javier Fern\u00e1ndez Chento","@id":"https:\/\/vincentians.com\/es\/#\/schema\/person\/9623ef4d9aa3b2dfb8c061f1499288f2"},"headline":"4\u00ba Domingo de T.O. (reflexi\u00f3n de Jos\u00e9 Cervantes Gabarr\u00f3n)","datePublished":"2015-01-31T15:50:16+00:00","dateModified":"2016-07-24T08:28:13+00:00","mainEntityOfPage":{"@id":"http:\/\/vincentians.com\/es\/4o-domingo-de-t-o-reflexion-de-jose-cervantes-gabarron-2\/"},"wordCount":1007,"commentCount":0,"publisher":{"@id":"https:\/\/vincentians.com\/es\/#organization"},"image":{"@id":"http:\/\/vincentians.com\/es\/4o-domingo-de-t-o-reflexion-de-jose-cervantes-gabarron-2\/#primaryimage"},"thumbnailUrl":"https:\/\/i0.wp.com\/vincentians.com\/es\/wp-content\/uploads\/sites\/11\/2016\/07\/reflexiones-palabra-de-dios.jpg?fit=1200%2C630","articleSection":["Homil\u00edas y reflexiones, A\u00f1o B"],"inLanguage":"es","potentialAction":[{"@type":"CommentAction","name":"Comment","target":["http:\/\/vincentians.com\/es\/4o-domingo-de-t-o-reflexion-de-jose-cervantes-gabarron-2\/#respond"]}]},{"@type":"WebPage","@id":"http:\/\/vincentians.com\/es\/4o-domingo-de-t-o-reflexion-de-jose-cervantes-gabarron-2\/","url":"http:\/\/vincentians.com\/es\/4o-domingo-de-t-o-reflexion-de-jose-cervantes-gabarron-2\/","name":"4\u00ba Domingo de T.O. (reflexi\u00f3n de Jos\u00e9 Cervantes Gabarr\u00f3n) - Somos Vicencianos","isPartOf":{"@id":"https:\/\/vincentians.com\/es\/#website"},"primaryImageOfPage":{"@id":"http:\/\/vincentians.com\/es\/4o-domingo-de-t-o-reflexion-de-jose-cervantes-gabarron-2\/#primaryimage"},"image":{"@id":"http:\/\/vincentians.com\/es\/4o-domingo-de-t-o-reflexion-de-jose-cervantes-gabarron-2\/#primaryimage"},"thumbnailUrl":"https:\/\/i0.wp.com\/vincentians.com\/es\/wp-content\/uploads\/sites\/11\/2016\/07\/reflexiones-palabra-de-dios.jpg?fit=1200%2C630","datePublished":"2015-01-31T15:50:16+00:00","dateModified":"2016-07-24T08:28:13+00:00","breadcrumb":{"@id":"http:\/\/vincentians.com\/es\/4o-domingo-de-t-o-reflexion-de-jose-cervantes-gabarron-2\/#breadcrumb"},"inLanguage":"es","potentialAction":[{"@type":"ReadAction","target":["http:\/\/vincentians.com\/es\/4o-domingo-de-t-o-reflexion-de-jose-cervantes-gabarron-2\/"]}]},{"@type":"ImageObject","inLanguage":"es","@id":"http:\/\/vincentians.com\/es\/4o-domingo-de-t-o-reflexion-de-jose-cervantes-gabarron-2\/#primaryimage","url":"https:\/\/i0.wp.com\/vincentians.com\/es\/wp-content\/uploads\/sites\/11\/2016\/07\/reflexiones-palabra-de-dios.jpg?fit=1200%2C630","contentUrl":"https:\/\/i0.wp.com\/vincentians.com\/es\/wp-content\/uploads\/sites\/11\/2016\/07\/reflexiones-palabra-de-dios.jpg?fit=1200%2C630","width":1200,"height":630},{"@type":"BreadcrumbList","@id":"http:\/\/vincentians.com\/es\/4o-domingo-de-t-o-reflexion-de-jose-cervantes-gabarron-2\/#breadcrumb","itemListElement":[{"@type":"ListItem","position":1,"name":"Portada","item":"https:\/\/vincentians.com\/es\/"},{"@type":"ListItem","position":2,"name":"4\u00ba Domingo de T.O. (reflexi\u00f3n de Jos\u00e9 Cervantes Gabarr\u00f3n)"}]},{"@type":"WebSite","@id":"https:\/\/vincentians.com\/es\/#website","url":"https:\/\/vincentians.com\/es\/","name":"Somos Vicencianos","description":"Know more to serve more","publisher":{"@id":"https:\/\/vincentians.com\/es\/#organization"},"potentialAction":[{"@type":"SearchAction","target":{"@type":"EntryPoint","urlTemplate":"https:\/\/vincentians.com\/es\/?s={search_term_string}"},"query-input":{"@type":"PropertyValueSpecification","valueRequired":true,"valueName":"search_term_string"}}],"inLanguage":"es"},{"@type":"Organization","@id":"https:\/\/vincentians.com\/es\/#organization","name":"The Vincentian Network","url":"https:\/\/vincentians.com\/es\/","logo":{"@type":"ImageObject","inLanguage":"es","@id":"https:\/\/vincentians.com\/es\/#\/schema\/logo\/image\/","url":"https:\/\/i1.wp.com\/vincentians.com\/es\/wp-content\/uploads\/sites\/11\/2016\/06\/Vincentian-Network-logo-big.png?fit=778%2C778","contentUrl":"https:\/\/i1.wp.com\/vincentians.com\/es\/wp-content\/uploads\/sites\/11\/2016\/06\/Vincentian-Network-logo-big.png?fit=778%2C778","width":778,"height":778,"caption":"The Vincentian Network"},"image":{"@id":"https:\/\/vincentians.com\/es\/#\/schema\/logo\/image\/"},"sameAs":["https:\/\/www.facebook.com\/WeAreVincentians\/","https:\/\/x.com\/WeVincentians"]},{"@type":"Person","@id":"https:\/\/vincentians.com\/es\/#\/schema\/person\/9623ef4d9aa3b2dfb8c061f1499288f2","name":"Francisco Javier Fern\u00e1ndez Chento","image":{"@type":"ImageObject","inLanguage":"es","@id":"https:\/\/vincentians.com\/es\/#\/schema\/person\/image\/","url":"https:\/\/secure.gravatar.com\/avatar\/497d5cde87b4c3d097d0315953521681ba2cd523ee66e5077c3711f7021e65de?s=96&d=mm&r=g","contentUrl":"https:\/\/secure.gravatar.com\/avatar\/497d5cde87b4c3d097d0315953521681ba2cd523ee66e5077c3711f7021e65de?s=96&d=mm&r=g","caption":"Francisco Javier Fern\u00e1ndez Chento"},"description":"Director General y cofundador de La Red de Formaci\u00f3n Vicenciana. Javier es laico vicenciano, afiliado a la Congregaci\u00f3n de la Misi\u00f3n y miembro del Equipo de Misiones Populares de la provincia can\u00f3nica de Zaragoza (Espa\u00f1a) de la Congregaci\u00f3n de la Misi\u00f3n. Graduado en la Universidad Oberta de Catalunya con cuatro grados (Asistente de direcci\u00f3n, Gesti\u00f3n Administrativa, Recursos Humanos y Contabilidad Avanzada). Bil\u00edng\u00fce Espa\u00f1ol\/Ingl\u00e9s. gestiona y mantiene varias p\u00e1ginas web cristianas y vicencianas, incluida including La Red de Formaci\u00f3n Vicenciana, de la que es cofundador. Actualmente es responsable del \u00e1rea de Espa\u00f1ol de .famvin, la Red de Noticias de la Familia Vicenciana. Tambi\u00e9n es m\u00fasico cat\u00f3lico y ha editado varios discos. Es Director General y cofundador de Trovador, una reconocida compa\u00f1\u00eda discogr\u00e1fica critiana de Espa\u00f1a. Trabaja en las Tecnolog\u00edas de la Informaci\u00f3n, ofreciendo servicios de alojamiento, dise\u00f1o y mantenimiento Web, as\u00ed como asesoramiento, formaci\u00f3n y soluciones inform\u00e1ticas, gesti\u00f3n documental y digitalizaci\u00f3n de textos, edici\u00f3n y maquetaci\u00f3n de libros, revistas, flyers, etc.","sameAs":["http:\/\/chento.org","https:\/\/www.facebook.com\/JavierChento","https:\/\/x.com\/https:\/\/twitter.com\/javierchento"],"url":"http:\/\/vincentians.com\/es\/author\/chento\/"}]}},"jetpack_publicize_connections":[],"jetpack_featured_media_url":"https:\/\/i0.wp.com\/vincentians.com\/es\/wp-content\/uploads\/sites\/11\/2016\/07\/reflexiones-palabra-de-dios.jpg?fit=1200%2C630","jetpack_sharing_enabled":true,"jetpack_shortlink":"https:\/\/wp.me\/p7ETMF-zOZ","jetpack-related-posts":[{"id":139777,"url":"http:\/\/vincentians.com\/es\/6o-domingo-de-t-o-reflexion-de-jose-cervantes-gabarron-2\/","url_meta":{"origin":137701,"position":0},"title":"6\u00ba Domingo de T.O. (reflexi\u00f3n de Jos\u00e9 Cervantes Gabarr\u00f3n)","author":"Francisco Javier Fern\u00e1ndez Chento","date":"14\/02\/2015","format":false,"excerpt":"\u201cMisericordeando\u201d Nos permitimos titular hoy la reflexi\u00f3n con una palabra admirablemente rescatada por el Papa Francisco para mostrar activamente la misericordia de Dios utilizando el verbo\u00a0misericordear.\u00a0La curaci\u00f3n del leproso por parte de Jes\u00fas es un\u00a0signo revelador de la cercan\u00eda del Reino de Dios que \u00e9l ha anunciado e inaugurado (Mc\u2026","rel":"","context":"En \u00abHomil\u00edas y reflexiones, A\u00f1o B\u00bb","block_context":{"text":"Homil\u00edas y reflexiones, A\u00f1o B","link":"http:\/\/vincentians.com\/es\/category\/homilias-y-reflexiones-a-la-palabra-de-dios\/homilias-y-reflexiones-ano-b\/"},"img":{"alt_text":"","src":"https:\/\/i0.wp.com\/vincentians.com\/es\/wp-content\/uploads\/sites\/11\/2016\/07\/reflexiones-palabra-de-dios.jpg?fit=1200%2C630&resize=350%2C200","width":350,"height":200,"srcset":"https:\/\/i0.wp.com\/vincentians.com\/es\/wp-content\/uploads\/sites\/11\/2016\/07\/reflexiones-palabra-de-dios.jpg?fit=1200%2C630&resize=350%2C200 1x, https:\/\/i0.wp.com\/vincentians.com\/es\/wp-content\/uploads\/sites\/11\/2016\/07\/reflexiones-palabra-de-dios.jpg?fit=1200%2C630&resize=525%2C300 1.5x, https:\/\/i0.wp.com\/vincentians.com\/es\/wp-content\/uploads\/sites\/11\/2016\/07\/reflexiones-palabra-de-dios.jpg?fit=1200%2C630&resize=700%2C400 2x, https:\/\/i0.wp.com\/vincentians.com\/es\/wp-content\/uploads\/sites\/11\/2016\/07\/reflexiones-palabra-de-dios.jpg?fit=1200%2C630&resize=1050%2C600 3x"},"classes":[]},{"id":132433,"url":"http:\/\/vincentians.com\/es\/4o-domingo-de-cuaresma-reflexion-de-jose-cervantes-gabarron-2\/","url_meta":{"origin":137701,"position":1},"title":"4\u00ba Domingo de Cuaresma (reflexi\u00f3n de Jos\u00e9 Cervantes Gabarr\u00f3n)","author":"Francisco Javier Fern\u00e1ndez Chento","date":"17\/03\/2012","format":false,"excerpt":"El amor da la vida \"Dios, rico en misericordia, por el gran amor con que nos am\u00f3, estando nosotros muertos por los pecados, nos ha hecho vivir con Cristo\" (Ef 2,4). \"Tanto am\u00f3 Dios al mundo que le dio a su \u00fanico Hijo para que todo el que crea en\u2026","rel":"","context":"En \u00abHomil\u00edas y reflexiones, A\u00f1o B\u00bb","block_context":{"text":"Homil\u00edas y reflexiones, A\u00f1o B","link":"http:\/\/vincentians.com\/es\/category\/homilias-y-reflexiones-a-la-palabra-de-dios\/homilias-y-reflexiones-ano-b\/"},"img":{"alt_text":"","src":"https:\/\/i0.wp.com\/vincentians.com\/es\/wp-content\/uploads\/sites\/11\/2016\/07\/reflexiones-palabra-de-dios.jpg?fit=1200%2C630&resize=350%2C200","width":350,"height":200,"srcset":"https:\/\/i0.wp.com\/vincentians.com\/es\/wp-content\/uploads\/sites\/11\/2016\/07\/reflexiones-palabra-de-dios.jpg?fit=1200%2C630&resize=350%2C200 1x, https:\/\/i0.wp.com\/vincentians.com\/es\/wp-content\/uploads\/sites\/11\/2016\/07\/reflexiones-palabra-de-dios.jpg?fit=1200%2C630&resize=525%2C300 1.5x, https:\/\/i0.wp.com\/vincentians.com\/es\/wp-content\/uploads\/sites\/11\/2016\/07\/reflexiones-palabra-de-dios.jpg?fit=1200%2C630&resize=700%2C400 2x, https:\/\/i0.wp.com\/vincentians.com\/es\/wp-content\/uploads\/sites\/11\/2016\/07\/reflexiones-palabra-de-dios.jpg?fit=1200%2C630&resize=1050%2C600 3x"},"classes":[]},{"id":135794,"url":"http:\/\/vincentians.com\/es\/18o-domingo-de-tiempo-ordinario-reflexion-de-jose-cervantes-gabarron\/","url_meta":{"origin":137701,"position":2},"title":"18\u00ba Domingo de Tiempo Ordinario (reflexi\u00f3n de Jos\u00e9 Cervantes Gabarr\u00f3n)","author":"Francisco Javier Fern\u00e1ndez Chento","date":"03\/08\/2012","format":false,"excerpt":"Jesucristo, pan de vida Jos\u00e9 Cervantes Gabarr\u00f3n, sacerdote misionero y profesor de Sagrada Escritura.El relato del reparto del pan entre la multitud seg\u00fan el cuarto evangelio (Jn 6,1-15) escuchado el pasado domingo en nuestra Iglesia es el fundamento del mensaje que se va a ir profundizando en los pr\u00f3ximos domingos.\u2026","rel":"","context":"En \u00abHomil\u00edas y reflexiones, A\u00f1o B\u00bb","block_context":{"text":"Homil\u00edas y reflexiones, A\u00f1o B","link":"http:\/\/vincentians.com\/es\/category\/homilias-y-reflexiones-a-la-palabra-de-dios\/homilias-y-reflexiones-ano-b\/"},"img":{"alt_text":"","src":"https:\/\/i0.wp.com\/vincentians.com\/es\/wp-content\/uploads\/sites\/11\/2016\/07\/reflexiones-palabra-de-dios.jpg?fit=1200%2C630&resize=350%2C200","width":350,"height":200,"srcset":"https:\/\/i0.wp.com\/vincentians.com\/es\/wp-content\/uploads\/sites\/11\/2016\/07\/reflexiones-palabra-de-dios.jpg?fit=1200%2C630&resize=350%2C200 1x, https:\/\/i0.wp.com\/vincentians.com\/es\/wp-content\/uploads\/sites\/11\/2016\/07\/reflexiones-palabra-de-dios.jpg?fit=1200%2C630&resize=525%2C300 1.5x, https:\/\/i0.wp.com\/vincentians.com\/es\/wp-content\/uploads\/sites\/11\/2016\/07\/reflexiones-palabra-de-dios.jpg?fit=1200%2C630&resize=700%2C400 2x, https:\/\/i0.wp.com\/vincentians.com\/es\/wp-content\/uploads\/sites\/11\/2016\/07\/reflexiones-palabra-de-dios.jpg?fit=1200%2C630&resize=1050%2C600 3x"},"classes":[]},{"id":199229,"url":"http:\/\/vincentians.com\/es\/14o-domingo-de-t-o-reflexion-de-jose-cervantes-gabarron\/","url_meta":{"origin":137701,"position":3},"title":"14\u00ba Domingo de T.O. (reflexi\u00f3n de Jos\u00e9 Cervantes Gabarr\u00f3n)","author":"Francisco Javier Fern\u00e1ndez Chento","date":"04\/07\/2015","format":false,"excerpt":"El papa Francisco nos trae la alegr\u00eda y la gracia del Hijo de Mar\u00eda e Hijo de Dios En Bolivia ya estamos preparados para recibir con inmensa alegr\u00eda al Papa Francisco que nos visita a mitad de la pr\u00f3xima semana. Damos gracias a Dios por su presencia entre nosotros, pues\u2026","rel":"","context":"En \u00abHomil\u00edas y reflexiones, A\u00f1o B\u00bb","block_context":{"text":"Homil\u00edas y reflexiones, A\u00f1o B","link":"http:\/\/vincentians.com\/es\/category\/homilias-y-reflexiones-a-la-palabra-de-dios\/homilias-y-reflexiones-ano-b\/"},"img":{"alt_text":"","src":"https:\/\/i0.wp.com\/vincentians.com\/es\/wp-content\/uploads\/sites\/11\/2016\/07\/reflexiones-palabra-de-dios.jpg?fit=1200%2C630&resize=350%2C200","width":350,"height":200,"srcset":"https:\/\/i0.wp.com\/vincentians.com\/es\/wp-content\/uploads\/sites\/11\/2016\/07\/reflexiones-palabra-de-dios.jpg?fit=1200%2C630&resize=350%2C200 1x, https:\/\/i0.wp.com\/vincentians.com\/es\/wp-content\/uploads\/sites\/11\/2016\/07\/reflexiones-palabra-de-dios.jpg?fit=1200%2C630&resize=525%2C300 1.5x, https:\/\/i0.wp.com\/vincentians.com\/es\/wp-content\/uploads\/sites\/11\/2016\/07\/reflexiones-palabra-de-dios.jpg?fit=1200%2C630&resize=700%2C400 2x, https:\/\/i0.wp.com\/vincentians.com\/es\/wp-content\/uploads\/sites\/11\/2016\/07\/reflexiones-palabra-de-dios.jpg?fit=1200%2C630&resize=1050%2C600 3x"},"classes":[]},{"id":387041,"url":"http:\/\/vincentians.com\/es\/5o-domingo-de-t-o-reflexion-de-jose-cervantes-gabarron-2\/","url_meta":{"origin":137701,"position":4},"title":"5\u00ba Domingo de T.O. (reflexi\u00f3n de Jos\u00e9 Cervantes Gabarr\u00f3n)","author":"Francisco Javier Fern\u00e1ndez Chento","date":"06\/02\/2016","format":false,"excerpt":"El Evangelio fascinante del Resucitado La fe en Cristo Crucificado y Resucitado que nos llama a participar de su triunfo sobre el mal, sobre el pecado y sobre la muerte es lo esencial y espec\u00edfico de la fe cristiana. El principal texto paulino sobre el Resucitado (1 Cor 15,1-5) presenta\u2026","rel":"","context":"En \u00abHomil\u00edas y reflexiones, A\u00f1o C\u00bb","block_context":{"text":"Homil\u00edas y reflexiones, A\u00f1o C","link":"http:\/\/vincentians.com\/es\/category\/homilias-y-reflexiones-a-la-palabra-de-dios\/homilias-y-reflexiones-ano-c\/"},"img":{"alt_text":"","src":"https:\/\/i0.wp.com\/vincentians.com\/es\/wp-content\/uploads\/sites\/11\/2016\/07\/reflexiones-palabra-de-dios.jpg?fit=1200%2C630&resize=350%2C200","width":350,"height":200,"srcset":"https:\/\/i0.wp.com\/vincentians.com\/es\/wp-content\/uploads\/sites\/11\/2016\/07\/reflexiones-palabra-de-dios.jpg?fit=1200%2C630&resize=350%2C200 1x, https:\/\/i0.wp.com\/vincentians.com\/es\/wp-content\/uploads\/sites\/11\/2016\/07\/reflexiones-palabra-de-dios.jpg?fit=1200%2C630&resize=525%2C300 1.5x, https:\/\/i0.wp.com\/vincentians.com\/es\/wp-content\/uploads\/sites\/11\/2016\/07\/reflexiones-palabra-de-dios.jpg?fit=1200%2C630&resize=700%2C400 2x, https:\/\/i0.wp.com\/vincentians.com\/es\/wp-content\/uploads\/sites\/11\/2016\/07\/reflexiones-palabra-de-dios.jpg?fit=1200%2C630&resize=1050%2C600 3x"},"classes":[]},{"id":135789,"url":"http:\/\/vincentians.com\/es\/16o-domingo-de-tiempo-ordinario-reflexion-de-jose-cervantes-gabarron\/","url_meta":{"origin":137701,"position":5},"title":"16\u00ba Domingo de Tiempo Ordinario (reflexi\u00f3n de Jos\u00e9 Cervantes Gabarr\u00f3n)","author":"Francisco Javier Fern\u00e1ndez Chento","date":"20\/07\/2012","format":false,"excerpt":"Pastores apasionados por servir Jos\u00e9 Cervantes Gabarr\u00f3n, sacerdote misionero y profesor de Sagrada Escritura.De multitudes necesitadas habla el evangelio de Marcos este domingo en la introducci\u00f3n al reparto prodigioso de pan entre cinco mil personas (Mc 6, 30-34). La reacci\u00f3n de Jes\u00fas en esta escena evang\u00e9lica puede aportar una gran\u2026","rel":"","context":"En \u00abHomil\u00edas y reflexiones, A\u00f1o B\u00bb","block_context":{"text":"Homil\u00edas y reflexiones, A\u00f1o B","link":"http:\/\/vincentians.com\/es\/category\/homilias-y-reflexiones-a-la-palabra-de-dios\/homilias-y-reflexiones-ano-b\/"},"img":{"alt_text":"","src":"https:\/\/i0.wp.com\/vincentians.com\/es\/wp-content\/uploads\/sites\/11\/2016\/07\/reflexiones-palabra-de-dios.jpg?fit=1200%2C630&resize=350%2C200","width":350,"height":200,"srcset":"https:\/\/i0.wp.com\/vincentians.com\/es\/wp-content\/uploads\/sites\/11\/2016\/07\/reflexiones-palabra-de-dios.jpg?fit=1200%2C630&resize=350%2C200 1x, https:\/\/i0.wp.com\/vincentians.com\/es\/wp-content\/uploads\/sites\/11\/2016\/07\/reflexiones-palabra-de-dios.jpg?fit=1200%2C630&resize=525%2C300 1.5x, https:\/\/i0.wp.com\/vincentians.com\/es\/wp-content\/uploads\/sites\/11\/2016\/07\/reflexiones-palabra-de-dios.jpg?fit=1200%2C630&resize=700%2C400 2x, https:\/\/i0.wp.com\/vincentians.com\/es\/wp-content\/uploads\/sites\/11\/2016\/07\/reflexiones-palabra-de-dios.jpg?fit=1200%2C630&resize=1050%2C600 3x"},"classes":[]}],"_links":{"self":[{"href":"http:\/\/vincentians.com\/es\/wp-json\/wp\/v2\/posts\/137701","targetHints":{"allow":["GET"]}}],"collection":[{"href":"http:\/\/vincentians.com\/es\/wp-json\/wp\/v2\/posts"}],"about":[{"href":"http:\/\/vincentians.com\/es\/wp-json\/wp\/v2\/types\/post"}],"author":[{"embeddable":true,"href":"http:\/\/vincentians.com\/es\/wp-json\/wp\/v2\/users\/4"}],"replies":[{"embeddable":true,"href":"http:\/\/vincentians.com\/es\/wp-json\/wp\/v2\/comments?post=137701"}],"version-history":[{"count":0,"href":"http:\/\/vincentians.com\/es\/wp-json\/wp\/v2\/posts\/137701\/revisions"}],"wp:featuredmedia":[{"embeddable":true,"href":"http:\/\/vincentians.com\/es\/wp-json\/wp\/v2\/media\/388408"}],"wp:attachment":[{"href":"http:\/\/vincentians.com\/es\/wp-json\/wp\/v2\/media?parent=137701"}],"wp:term":[{"taxonomy":"category","embeddable":true,"href":"http:\/\/vincentians.com\/es\/wp-json\/wp\/v2\/categories?post=137701"},{"taxonomy":"post_tag","embeddable":true,"href":"http:\/\/vincentians.com\/es\/wp-json\/wp\/v2\/tags?post=137701"}],"curies":[{"name":"wp","href":"https:\/\/api.w.org\/{rel}","templated":true}]}}