{"id":137108,"date":"2015-01-30T05:14:27","date_gmt":"2015-01-30T04:14:27","guid":{"rendered":"http:\/\/somos.vicencianos.org\/?p=137108"},"modified":"2015-01-30T05:14:27","modified_gmt":"2015-01-30T04:14:27","slug":"estatutos-de-navyl-en-colombia","status":"publish","type":"post","link":"http:\/\/vincentians.com\/es\/estatutos-de-navyl-en-colombia\/","title":{"rendered":"Estatutos de NAVYL en Colombia"},"content":{"rendered":"<h2>Fundaci\u00f3n:<\/h2>\n<p><a href=\"https:\/\/i0.wp.com\/vicencianos.org\/wp-content\/2014\/01\/navyl.jpg\"><img data-recalc-dims=\"1\" loading=\"lazy\" decoding=\"async\" class=\"alignright size-medium wp-image-137110\" src=\"https:\/\/i0.wp.com\/vicencianos.org\/wp-content\/2014\/01\/navyl-300x300.jpg?resize=300%2C300\" alt=\"navyl\" width=\"300\" height=\"300\" \/><\/a>La rama de la Familia Vicentina, Navyl, Ni\u00f1os amigos de Vicente y Luisa, naci\u00f3 en Cali el 15 de marzo de 1991, con ocasi\u00f3n de la celebraci\u00f3n de los 400 a\u00f1os del nacimiento de Santa Luisa de Marillac, para perpetuar su memoria y presentarla como modelo al igual que a San Vicente, en el servicio a Cristo en los Pobres.<\/p>\n<p>En la ni\u00f1ez se abren valiosas posibilidades de acci\u00f3n para la edificaci\u00f3n de la Iglesia la humanizaci\u00f3n de la sociedad, y\u00a0 en San Vicente y en Santa Luisa los ni\u00f1os encuentran grandes defensores de sus vidas y valores.<\/p>\n<p>Basados en el Evangelio y en la doctrina social de la Iglesia Navyl saca su objetivo:\u00a0\u00a0 Brindar a los ni\u00f1os la posibilidad\u00a0 de crecer en la fe, desarrollar los valores humanos y cristianos a la luz del carisma vicentino, de tal manera que lleguen a ser peque\u00f1os grandes ap\u00f3stoles en su familia, en el colegio y en la parroquia.<\/p>\n<h2>Convicciones:<\/h2>\n<ul>\n<li>La ni\u00f1ez debe ser destinataria de una acci\u00f3n prioritaria de la Iglesia.<\/li>\n<li>Los ni\u00f1os son don y signo de la presencia de Dios en el mundo.<\/li>\n<li>La ni\u00f1ez construye el futuro de nuestros pueblos.<\/li>\n<li>Las Hermanas Vicentinas atiendan a los ni\u00f1os honrando la infancia del Se\u00f1or.<\/li>\n<li>San Vicente de Pa\u00fal les pide a las Hermanas ser los\u00a0 \u00e1ngeles buenos para los ni\u00f1os, d\u00e1ndoles a Dios.<\/li>\n<li>La humanidad debe darle a los ni\u00f1os lo mejor.<\/li>\n<li>La ni\u00f1ez, hoy en d\u00eda, debe ser destinataria de una acci\u00f3n prioritaria de la Iglesia.<\/li>\n<li>\u201cLa infancia es digna de nuestro amor y respeto\u201d\u00a0 San Juan Gabriel Perboyre, c.m.<\/li>\n<\/ul>\n<h2>Objetivos espec\u00edficos:<\/h2>\n<ul>\n<li>Que los ni\u00f1os sean amigos de Jes\u00fas.<\/li>\n<li>Que Mar\u00eda sea su maestra y modelo.<\/li>\n<li>Que imiten a San Vicente y Santa Luisa en el servicio a Cristo en los pobres.<\/li>\n<li>Que los ni\u00f1os se sienta parte de la Familia Vicentina.<\/li>\n<li>Que vinculados a sus parroquias descubran y cultiven sus valores.<\/li>\n<li>Que aprendan a compartir en familia, en grupo y en la parroquia.<\/li>\n<\/ul>\n<h2>Organizaci\u00f3n:<\/h2>\n<p>Los grupos de Navyl funcionan como los dem\u00e1s grupos apost\u00f3licos, con proyectos elaborados en conjunto con la ayuda de la Hermana asesora y en constante evaluaci\u00f3n con el Jucovi local.<\/p>\n<h1>Vinculaci\u00f3n y compromiso:<\/h1>\n<p>Los ni\u00f1os deben hacer su solicitud con la aprobaci\u00f3n de sus padres o responsables y al ser acogidos se comprometen a:<\/p>\n<ul>\n<li>Aportar y servir a la sociedad.<\/li>\n<li>A recibir formaci\u00f3n.<\/li>\n<li>Entrar en ambiente de oraci\u00f3n frecuente.<\/li>\n<li>A formarse a partir de la realidad.<\/li>\n<li>A vivir con respeto, comprensi\u00f3n y alegr\u00eda.<\/li>\n<li>A poner sus cualidades, su tiempo y su servicio al servicio de los m\u00e1s pobres.<\/li>\n<\/ul>\n<h2>Actividades:<\/h2>\n<ul>\n<li>Encuentros provincial y regional.<\/li>\n<li>Reuniones locales.<\/li>\n<li>Cursos a distancia.<\/li>\n<li>Elaboraci\u00f3n del bolet\u00edn.<\/li>\n<li>Visitas y servicios a los pobres.<\/li>\n<li>Colaboraci\u00f3n en las juntas coordinadoras vicentinas locales y en las parroquias.<\/li>\n<\/ul>\n<h2>Distintivos:<\/h2>\n<p><strong>Var\u00edan de acuerdo a los grupos locales:<\/strong><\/p>\n<ul>\n<li>El saludo: \u201cCon Cristo en el coraz\u00f3n, con Vicente y Luisa en acci\u00f3n\u201d.<\/li>\n<li>El escudo.<\/li>\n<li>El himno.<\/li>\n<li>El brazalete.<\/li>\n<li>La camiseta.<\/li>\n<li>El carn\u00e9 del Navylista.<\/li>\n<li>El bot\u00f3n.<\/li>\n<\/ul>\n<h2>Himno de Navyl:<\/h2>\n<p><em>Letra y m\u00fasica, ni\u00f1os de Trujillo,\u00a0 Valle.<\/em><\/p>\n<p><strong>Los ni\u00f1os Navylista, unidos en la acci\u00f3n,<br \/>\nsirviendo a los pobres con fe y con amor,<br \/>\nseguimos el ejemplo que Cristo nos dej\u00f3,<br \/>\nde amarnos como hermanos, de todo coraz\u00f3n\u201d<\/strong><\/p>\n<p>Con la mirada en San Vicente y Santa Luisa,<br \/>\nlos patronos de nuestro grupo Navyl,<br \/>\npreparamos un mundo lindo y bueno,<br \/>\nde paz y de justicia, de amor y verdad.<\/p>\n<p>Somos los ni\u00f1os en la Iglesia la esperanza,<br \/>\nlos peque\u00f1os colaboradores,<br \/>\nanunciadores de Cristo en su Palabra,<br \/>\nextendemos su Reino, es nuestra gran misi\u00f3n.<\/p>\n<p>Si avanzamos con Mar\u00eda\u00a0 nuestra madre,<br \/>\nlograremos un mundo m\u00e1s humano,<br \/>\nsembraremos para todos los ni\u00f1os,<br \/>\nla fe y la alegr\u00eda, el amor y la oraci\u00f3n.<\/p>\n","protected":false},"excerpt":{"rendered":"<p>Fundaci\u00f3n: La rama de la Familia Vicentina, Navyl, Ni\u00f1os amigos de Vicente y Luisa, naci\u00f3 en Cali el 15 de marzo de 1991, con ocasi\u00f3n de la celebraci\u00f3n de los 400 a\u00f1os del nacimiento de &#8230; <a href=\"http:\/\/vincentians.com\/es\/estatutos-de-navyl-en-colombia\/\" class=\"more-link\">Read More<\/a><\/p>\n","protected":false},"author":4,"featured_media":137110,"comment_status":"open","ping_status":"open","sticky":false,"template":"","format":"standard","meta":{"jetpack_post_was_ever_published":false,"_jetpack_newsletter_access":"","_jetpack_dont_email_post_to_subs":false,"_jetpack_newsletter_tier_id":0,"_jetpack_memberships_contains_paywalled_content":false,"_jetpack_memberships_contains_paid_content":false,"footnotes":"","jetpack_publicize_message":"","jetpack_publicize_feature_enabled":true,"jetpack_social_post_already_shared":true,"jetpack_social_options":{"image_generator_settings":{"template":"highway","default_image_id":0,"font":"","enabled":false},"version":2}},"categories":[321],"tags":[196],"class_list":["post-137108","post","type-post","status-publish","format-standard","has-post-thumbnail","hentry","category-documentos-de-otras-ramas-e-instituciones-vicencianas","tag-perboyre"],"yoast_head":"<!-- This site is optimized with the Yoast SEO plugin v26.3 - https:\/\/yoast.com\/wordpress\/plugins\/seo\/ -->\n<title>Estatutos de NAVYL en Colombia - Somos Vicencianos<\/title>\n<meta name=\"robots\" content=\"index, follow, max-snippet:-1, max-image-preview:large, max-video-preview:-1\" \/>\n<link rel=\"canonical\" href=\"http:\/\/vincentians.com\/es\/estatutos-de-navyl-en-colombia\/\" \/>\n<meta property=\"og:locale\" content=\"es_ES\" \/>\n<meta property=\"og:type\" content=\"article\" \/>\n<meta property=\"og:title\" content=\"Estatutos de NAVYL en Colombia - Somos Vicencianos\" \/>\n<meta property=\"og:description\" content=\"Fundaci\u00f3n: La rama de la Familia Vicentina, Navyl, Ni\u00f1os amigos de Vicente y Luisa, naci\u00f3 en Cali el 15 de marzo de 1991, con ocasi\u00f3n de la celebraci\u00f3n de los 400 a\u00f1os del nacimiento de ... Read More\" \/>\n<meta property=\"og:url\" content=\"http:\/\/vincentians.com\/es\/estatutos-de-navyl-en-colombia\/\" \/>\n<meta property=\"og:site_name\" content=\"Somos Vicencianos\" \/>\n<meta property=\"article:publisher\" content=\"https:\/\/www.facebook.com\/WeAreVincentians\/\" \/>\n<meta property=\"article:author\" content=\"https:\/\/www.facebook.com\/JavierChento\" \/>\n<meta property=\"article:published_time\" content=\"2015-01-30T04:14:27+00:00\" \/>\n<meta name=\"author\" content=\"Francisco Javier Fern\u00e1ndez Chento\" \/>\n<meta name=\"twitter:card\" content=\"summary_large_image\" \/>\n<meta name=\"twitter:creator\" content=\"@https:\/\/twitter.com\/javierchento\" \/>\n<meta name=\"twitter:site\" content=\"@WeVincentians\" \/>\n<meta name=\"twitter:label1\" content=\"Escrito por\" \/>\n\t<meta name=\"twitter:data1\" content=\"Francisco Javier Fern\u00e1ndez Chento\" \/>\n\t<meta name=\"twitter:label2\" content=\"Tiempo de lectura\" \/>\n\t<meta name=\"twitter:data2\" content=\"3 minutos\" \/>\n<script type=\"application\/ld+json\" class=\"yoast-schema-graph\">{\"@context\":\"https:\/\/schema.org\",\"@graph\":[{\"@type\":\"Article\",\"@id\":\"http:\/\/vincentians.com\/es\/estatutos-de-navyl-en-colombia\/#article\",\"isPartOf\":{\"@id\":\"http:\/\/vincentians.com\/es\/estatutos-de-navyl-en-colombia\/\"},\"author\":{\"name\":\"Francisco Javier Fern\u00e1ndez Chento\",\"@id\":\"http:\/\/vincentians.com\/es\/#\/schema\/person\/9623ef4d9aa3b2dfb8c061f1499288f2\"},\"headline\":\"Estatutos de NAVYL en Colombia\",\"datePublished\":\"2015-01-30T04:14:27+00:00\",\"mainEntityOfPage\":{\"@id\":\"http:\/\/vincentians.com\/es\/estatutos-de-navyl-en-colombia\/\"},\"wordCount\":676,\"commentCount\":0,\"publisher\":{\"@id\":\"http:\/\/vincentians.com\/es\/#organization\"},\"image\":{\"@id\":\"http:\/\/vincentians.com\/es\/estatutos-de-navyl-en-colombia\/#primaryimage\"},\"thumbnailUrl\":\"\",\"keywords\":[\"Perboyre\"],\"articleSection\":[\"Documentos de otras Ramas e Instituciones vicencianas\"],\"inLanguage\":\"es\",\"potentialAction\":[{\"@type\":\"CommentAction\",\"name\":\"Comment\",\"target\":[\"http:\/\/vincentians.com\/es\/estatutos-de-navyl-en-colombia\/#respond\"]}]},{\"@type\":\"WebPage\",\"@id\":\"http:\/\/vincentians.com\/es\/estatutos-de-navyl-en-colombia\/\",\"url\":\"http:\/\/vincentians.com\/es\/estatutos-de-navyl-en-colombia\/\",\"name\":\"Estatutos de NAVYL en Colombia - Somos Vicencianos\",\"isPartOf\":{\"@id\":\"http:\/\/vincentians.com\/es\/#website\"},\"primaryImageOfPage\":{\"@id\":\"http:\/\/vincentians.com\/es\/estatutos-de-navyl-en-colombia\/#primaryimage\"},\"image\":{\"@id\":\"http:\/\/vincentians.com\/es\/estatutos-de-navyl-en-colombia\/#primaryimage\"},\"thumbnailUrl\":\"\",\"datePublished\":\"2015-01-30T04:14:27+00:00\",\"breadcrumb\":{\"@id\":\"http:\/\/vincentians.com\/es\/estatutos-de-navyl-en-colombia\/#breadcrumb\"},\"inLanguage\":\"es\",\"potentialAction\":[{\"@type\":\"ReadAction\",\"target\":[\"http:\/\/vincentians.com\/es\/estatutos-de-navyl-en-colombia\/\"]}]},{\"@type\":\"ImageObject\",\"inLanguage\":\"es\",\"@id\":\"http:\/\/vincentians.com\/es\/estatutos-de-navyl-en-colombia\/#primaryimage\",\"url\":\"\",\"contentUrl\":\"\"},{\"@type\":\"BreadcrumbList\",\"@id\":\"http:\/\/vincentians.com\/es\/estatutos-de-navyl-en-colombia\/#breadcrumb\",\"itemListElement\":[{\"@type\":\"ListItem\",\"position\":1,\"name\":\"Portada\",\"item\":\"http:\/\/vincentians.com\/es\/\"},{\"@type\":\"ListItem\",\"position\":2,\"name\":\"Estatutos de NAVYL en Colombia\"}]},{\"@type\":\"WebSite\",\"@id\":\"http:\/\/vincentians.com\/es\/#website\",\"url\":\"http:\/\/vincentians.com\/es\/\",\"name\":\"Somos Vicencianos\",\"description\":\"Know more to serve more\",\"publisher\":{\"@id\":\"http:\/\/vincentians.com\/es\/#organization\"},\"potentialAction\":[{\"@type\":\"SearchAction\",\"target\":{\"@type\":\"EntryPoint\",\"urlTemplate\":\"http:\/\/vincentians.com\/es\/?s={search_term_string}\"},\"query-input\":{\"@type\":\"PropertyValueSpecification\",\"valueRequired\":true,\"valueName\":\"search_term_string\"}}],\"inLanguage\":\"es\"},{\"@type\":\"Organization\",\"@id\":\"http:\/\/vincentians.com\/es\/#organization\",\"name\":\"The Vincentian Network\",\"url\":\"http:\/\/vincentians.com\/es\/\",\"logo\":{\"@type\":\"ImageObject\",\"inLanguage\":\"es\",\"@id\":\"http:\/\/vincentians.com\/es\/#\/schema\/logo\/image\/\",\"url\":\"https:\/\/i1.wp.com\/vincentians.com\/es\/wp-content\/uploads\/sites\/11\/2016\/06\/Vincentian-Network-logo-big.png?fit=778%2C778\",\"contentUrl\":\"https:\/\/i1.wp.com\/vincentians.com\/es\/wp-content\/uploads\/sites\/11\/2016\/06\/Vincentian-Network-logo-big.png?fit=778%2C778\",\"width\":778,\"height\":778,\"caption\":\"The Vincentian Network\"},\"image\":{\"@id\":\"http:\/\/vincentians.com\/es\/#\/schema\/logo\/image\/\"},\"sameAs\":[\"https:\/\/www.facebook.com\/WeAreVincentians\/\",\"https:\/\/x.com\/WeVincentians\"]},{\"@type\":\"Person\",\"@id\":\"http:\/\/vincentians.com\/es\/#\/schema\/person\/9623ef4d9aa3b2dfb8c061f1499288f2\",\"name\":\"Francisco Javier Fern\u00e1ndez Chento\",\"image\":{\"@type\":\"ImageObject\",\"inLanguage\":\"es\",\"@id\":\"http:\/\/vincentians.com\/es\/#\/schema\/person\/image\/\",\"url\":\"https:\/\/secure.gravatar.com\/avatar\/497d5cde87b4c3d097d0315953521681ba2cd523ee66e5077c3711f7021e65de?s=96&d=mm&r=g\",\"contentUrl\":\"https:\/\/secure.gravatar.com\/avatar\/497d5cde87b4c3d097d0315953521681ba2cd523ee66e5077c3711f7021e65de?s=96&d=mm&r=g\",\"caption\":\"Francisco Javier Fern\u00e1ndez Chento\"},\"description\":\"Director General y cofundador de La Red de Formaci\u00f3n Vicenciana. Javier es laico vicenciano, afiliado a la Congregaci\u00f3n de la Misi\u00f3n y miembro del Equipo de Misiones Populares de la provincia can\u00f3nica de Zaragoza (Espa\u00f1a) de la Congregaci\u00f3n de la Misi\u00f3n. Graduado en la Universidad Oberta de Catalunya con cuatro grados (Asistente de direcci\u00f3n, Gesti\u00f3n Administrativa, Recursos Humanos y Contabilidad Avanzada). Bil\u00edng\u00fce Espa\u00f1ol\/Ingl\u00e9s. gestiona y mantiene varias p\u00e1ginas web cristianas y vicencianas, incluida including La Red de Formaci\u00f3n Vicenciana, de la que es cofundador. Actualmente es responsable del \u00e1rea de Espa\u00f1ol de .famvin, la Red de Noticias de la Familia Vicenciana. Tambi\u00e9n es m\u00fasico cat\u00f3lico y ha editado varios discos. Es Director General y cofundador de Trovador, una reconocida compa\u00f1\u00eda discogr\u00e1fica critiana de Espa\u00f1a. Trabaja en las Tecnolog\u00edas de la Informaci\u00f3n, ofreciendo servicios de alojamiento, dise\u00f1o y mantenimiento Web, as\u00ed como asesoramiento, formaci\u00f3n y soluciones inform\u00e1ticas, gesti\u00f3n documental y digitalizaci\u00f3n de textos, edici\u00f3n y maquetaci\u00f3n de libros, revistas, flyers, etc.\",\"sameAs\":[\"http:\/\/chento.org\",\"https:\/\/www.facebook.com\/JavierChento\",\"https:\/\/x.com\/https:\/\/twitter.com\/javierchento\"],\"url\":\"http:\/\/vincentians.com\/es\/author\/chento\/\"}]}<\/script>\n<!-- \/ Yoast SEO plugin. -->","yoast_head_json":{"title":"Estatutos de NAVYL en Colombia - Somos Vicencianos","robots":{"index":"index","follow":"follow","max-snippet":"max-snippet:-1","max-image-preview":"max-image-preview:large","max-video-preview":"max-video-preview:-1"},"canonical":"http:\/\/vincentians.com\/es\/estatutos-de-navyl-en-colombia\/","og_locale":"es_ES","og_type":"article","og_title":"Estatutos de NAVYL en Colombia - Somos Vicencianos","og_description":"Fundaci\u00f3n: La rama de la Familia Vicentina, Navyl, Ni\u00f1os amigos de Vicente y Luisa, naci\u00f3 en Cali el 15 de marzo de 1991, con ocasi\u00f3n de la celebraci\u00f3n de los 400 a\u00f1os del nacimiento de ... Read More","og_url":"http:\/\/vincentians.com\/es\/estatutos-de-navyl-en-colombia\/","og_site_name":"Somos Vicencianos","article_publisher":"https:\/\/www.facebook.com\/WeAreVincentians\/","article_author":"https:\/\/www.facebook.com\/JavierChento","article_published_time":"2015-01-30T04:14:27+00:00","author":"Francisco Javier Fern\u00e1ndez Chento","twitter_card":"summary_large_image","twitter_creator":"@https:\/\/twitter.com\/javierchento","twitter_site":"@WeVincentians","twitter_misc":{"Escrito por":"Francisco Javier Fern\u00e1ndez Chento","Tiempo de lectura":"3 minutos"},"schema":{"@context":"https:\/\/schema.org","@graph":[{"@type":"Article","@id":"http:\/\/vincentians.com\/es\/estatutos-de-navyl-en-colombia\/#article","isPartOf":{"@id":"http:\/\/vincentians.com\/es\/estatutos-de-navyl-en-colombia\/"},"author":{"name":"Francisco Javier Fern\u00e1ndez Chento","@id":"http:\/\/vincentians.com\/es\/#\/schema\/person\/9623ef4d9aa3b2dfb8c061f1499288f2"},"headline":"Estatutos de NAVYL en Colombia","datePublished":"2015-01-30T04:14:27+00:00","mainEntityOfPage":{"@id":"http:\/\/vincentians.com\/es\/estatutos-de-navyl-en-colombia\/"},"wordCount":676,"commentCount":0,"publisher":{"@id":"http:\/\/vincentians.com\/es\/#organization"},"image":{"@id":"http:\/\/vincentians.com\/es\/estatutos-de-navyl-en-colombia\/#primaryimage"},"thumbnailUrl":"","keywords":["Perboyre"],"articleSection":["Documentos de otras Ramas e Instituciones vicencianas"],"inLanguage":"es","potentialAction":[{"@type":"CommentAction","name":"Comment","target":["http:\/\/vincentians.com\/es\/estatutos-de-navyl-en-colombia\/#respond"]}]},{"@type":"WebPage","@id":"http:\/\/vincentians.com\/es\/estatutos-de-navyl-en-colombia\/","url":"http:\/\/vincentians.com\/es\/estatutos-de-navyl-en-colombia\/","name":"Estatutos de NAVYL en Colombia - Somos Vicencianos","isPartOf":{"@id":"http:\/\/vincentians.com\/es\/#website"},"primaryImageOfPage":{"@id":"http:\/\/vincentians.com\/es\/estatutos-de-navyl-en-colombia\/#primaryimage"},"image":{"@id":"http:\/\/vincentians.com\/es\/estatutos-de-navyl-en-colombia\/#primaryimage"},"thumbnailUrl":"","datePublished":"2015-01-30T04:14:27+00:00","breadcrumb":{"@id":"http:\/\/vincentians.com\/es\/estatutos-de-navyl-en-colombia\/#breadcrumb"},"inLanguage":"es","potentialAction":[{"@type":"ReadAction","target":["http:\/\/vincentians.com\/es\/estatutos-de-navyl-en-colombia\/"]}]},{"@type":"ImageObject","inLanguage":"es","@id":"http:\/\/vincentians.com\/es\/estatutos-de-navyl-en-colombia\/#primaryimage","url":"","contentUrl":""},{"@type":"BreadcrumbList","@id":"http:\/\/vincentians.com\/es\/estatutos-de-navyl-en-colombia\/#breadcrumb","itemListElement":[{"@type":"ListItem","position":1,"name":"Portada","item":"http:\/\/vincentians.com\/es\/"},{"@type":"ListItem","position":2,"name":"Estatutos de NAVYL en Colombia"}]},{"@type":"WebSite","@id":"http:\/\/vincentians.com\/es\/#website","url":"http:\/\/vincentians.com\/es\/","name":"Somos Vicencianos","description":"Know more to serve more","publisher":{"@id":"http:\/\/vincentians.com\/es\/#organization"},"potentialAction":[{"@type":"SearchAction","target":{"@type":"EntryPoint","urlTemplate":"http:\/\/vincentians.com\/es\/?s={search_term_string}"},"query-input":{"@type":"PropertyValueSpecification","valueRequired":true,"valueName":"search_term_string"}}],"inLanguage":"es"},{"@type":"Organization","@id":"http:\/\/vincentians.com\/es\/#organization","name":"The Vincentian Network","url":"http:\/\/vincentians.com\/es\/","logo":{"@type":"ImageObject","inLanguage":"es","@id":"http:\/\/vincentians.com\/es\/#\/schema\/logo\/image\/","url":"https:\/\/i1.wp.com\/vincentians.com\/es\/wp-content\/uploads\/sites\/11\/2016\/06\/Vincentian-Network-logo-big.png?fit=778%2C778","contentUrl":"https:\/\/i1.wp.com\/vincentians.com\/es\/wp-content\/uploads\/sites\/11\/2016\/06\/Vincentian-Network-logo-big.png?fit=778%2C778","width":778,"height":778,"caption":"The Vincentian Network"},"image":{"@id":"http:\/\/vincentians.com\/es\/#\/schema\/logo\/image\/"},"sameAs":["https:\/\/www.facebook.com\/WeAreVincentians\/","https:\/\/x.com\/WeVincentians"]},{"@type":"Person","@id":"http:\/\/vincentians.com\/es\/#\/schema\/person\/9623ef4d9aa3b2dfb8c061f1499288f2","name":"Francisco Javier Fern\u00e1ndez Chento","image":{"@type":"ImageObject","inLanguage":"es","@id":"http:\/\/vincentians.com\/es\/#\/schema\/person\/image\/","url":"https:\/\/secure.gravatar.com\/avatar\/497d5cde87b4c3d097d0315953521681ba2cd523ee66e5077c3711f7021e65de?s=96&d=mm&r=g","contentUrl":"https:\/\/secure.gravatar.com\/avatar\/497d5cde87b4c3d097d0315953521681ba2cd523ee66e5077c3711f7021e65de?s=96&d=mm&r=g","caption":"Francisco Javier Fern\u00e1ndez Chento"},"description":"Director General y cofundador de La Red de Formaci\u00f3n Vicenciana. Javier es laico vicenciano, afiliado a la Congregaci\u00f3n de la Misi\u00f3n y miembro del Equipo de Misiones Populares de la provincia can\u00f3nica de Zaragoza (Espa\u00f1a) de la Congregaci\u00f3n de la Misi\u00f3n. Graduado en la Universidad Oberta de Catalunya con cuatro grados (Asistente de direcci\u00f3n, Gesti\u00f3n Administrativa, Recursos Humanos y Contabilidad Avanzada). Bil\u00edng\u00fce Espa\u00f1ol\/Ingl\u00e9s. gestiona y mantiene varias p\u00e1ginas web cristianas y vicencianas, incluida including La Red de Formaci\u00f3n Vicenciana, de la que es cofundador. Actualmente es responsable del \u00e1rea de Espa\u00f1ol de .famvin, la Red de Noticias de la Familia Vicenciana. Tambi\u00e9n es m\u00fasico cat\u00f3lico y ha editado varios discos. Es Director General y cofundador de Trovador, una reconocida compa\u00f1\u00eda discogr\u00e1fica critiana de Espa\u00f1a. Trabaja en las Tecnolog\u00edas de la Informaci\u00f3n, ofreciendo servicios de alojamiento, dise\u00f1o y mantenimiento Web, as\u00ed como asesoramiento, formaci\u00f3n y soluciones inform\u00e1ticas, gesti\u00f3n documental y digitalizaci\u00f3n de textos, edici\u00f3n y maquetaci\u00f3n de libros, revistas, flyers, etc.","sameAs":["http:\/\/chento.org","https:\/\/www.facebook.com\/JavierChento","https:\/\/x.com\/https:\/\/twitter.com\/javierchento"],"url":"http:\/\/vincentians.com\/es\/author\/chento\/"}]}},"jetpack_publicize_connections":[],"jetpack_featured_media_url":"","jetpack_sharing_enabled":true,"jetpack_shortlink":"https:\/\/wp.me\/p7ETMF-zFq","jetpack-related-posts":[{"id":161107,"url":"http:\/\/vincentians.com\/es\/la-colaboracion-en-la-familia-vicentina\/","url_meta":{"origin":137108,"position":0},"title":"La Colaboraci\u00f3n en la Familia Vicentina","author":"Francisco Javier Fern\u00e1ndez Chento","date":"02\/06\/2015","format":false,"excerpt":"\u201c\u00a1Ensancha el espacio de la tienda vicentina!\u201d En este a\u00f1o el tema para la Familia Vicentina es \u201cLa Colaboraci\u00f3n\u201d. Nuestra convicci\u00f3n es que la colaboraci\u00f3n entre las varias ramas de la Familia Vicentina es necesaria para el desarrollo cualitativo y cuantitativo del servicio a los pobres. Hoy en d\u00eda, en\u2026","rel":"","context":"En \u00abFormaci\u00f3n Vicenciana\u00bb","block_context":{"text":"Formaci\u00f3n Vicenciana","link":"http:\/\/vincentians.com\/es\/category\/formacion-vicenciana\/"},"img":{"alt_text":"collaboration","src":"https:\/\/i0.wp.com\/vicencianos.org\/wp-content\/uploads\/2015\/06\/collaboration.jpg?resize=350%2C200","width":350,"height":200,"srcset":"https:\/\/i0.wp.com\/vicencianos.org\/wp-content\/uploads\/2015\/06\/collaboration.jpg?resize=350%2C200 1x, https:\/\/i0.wp.com\/vicencianos.org\/wp-content\/uploads\/2015\/06\/collaboration.jpg?resize=525%2C300 1.5x, https:\/\/i0.wp.com\/vicencianos.org\/wp-content\/uploads\/2015\/06\/collaboration.jpg?resize=700%2C400 2x, https:\/\/i0.wp.com\/vicencianos.org\/wp-content\/uploads\/2015\/06\/collaboration.jpg?resize=1050%2C600 3x, https:\/\/i0.wp.com\/vicencianos.org\/wp-content\/uploads\/2015\/06\/collaboration.jpg?resize=1400%2C800 4x"},"classes":[]},{"id":134512,"url":"http:\/\/vincentians.com\/es\/dos-papas-santos-simpatizantes-del-carisma-vicentino\/","url_meta":{"origin":137108,"position":1},"title":"Dos papas santos simpatizantes del carisma vicentino","author":"Francisco Javier Fern\u00e1ndez Chento","date":"31\/12\/2014","format":false,"excerpt":"El Papa Francisco canoniz\u00f3 a los papas Juan XXIII (1881\u20131963) y Juan Pablo II (1929\u20132005) el 27 de abril de 2014 en Roma, en el contexto del 50 aniversario de la apertura del Concilio Vaticano II convocado por el papa Roncalli, convirti\u00e9ndose as\u00ed en los otros pont\u00edfices proclamados santos en\u2026","rel":"","context":"En \u00abFormaci\u00f3n Vicenciana\u00bb","block_context":{"text":"Formaci\u00f3n Vicenciana","link":"http:\/\/vincentians.com\/es\/category\/formacion-vicenciana\/"},"img":{"alt_text":"juan23_y_juanpablo2","src":"https:\/\/i0.wp.com\/vicencianos.org\/wp-content\/2014\/12\/juan23_y_juanpablo2.jpg?resize=350%2C200","width":350,"height":200},"classes":[]},{"id":386810,"url":"http:\/\/vincentians.com\/es\/santa-virgen-maria-madre-de-dios-reflexion-de-la-s-s-v-p-en-estados-unidos\/","url_meta":{"origin":137108,"position":2},"title":"Santa Virgen Mar\u00eda, Madre de Dios (reflexi\u00f3n de la S.S.V.P. en Estados Unidos)","author":"Francisco Javier Fern\u00e1ndez Chento","date":"01\/01\/2016","format":false,"excerpt":"Evangelio: (San Lucas 2:16-21) Fueron apresuradamente y hallaron a Mar\u00eda y a Jos\u00e9 con el reci\u00e9n nacido acostado en el pesebre. Entonces contaron lo que los \u00e1ngeles les hab\u00edan dicho del ni\u00f1o. Todos los que escucharon a los pastores quedaron maravillados de lo que dec\u00edan. Mar\u00eda, por su parte, guardaba\u2026","rel":"","context":"En \u00abHomil\u00edas y reflexiones, A\u00f1o C\u00bb","block_context":{"text":"Homil\u00edas y reflexiones, A\u00f1o C","link":"http:\/\/vincentians.com\/es\/category\/homilias-y-reflexiones-a-la-palabra-de-dios\/homilias-y-reflexiones-ano-c\/"},"img":{"alt_text":"","src":"https:\/\/i0.wp.com\/vincentians.com\/es\/wp-content\/uploads\/sites\/11\/2016\/07\/reflexiones-palabra-de-dios.jpg?fit=1200%2C630&resize=350%2C200","width":350,"height":200,"srcset":"https:\/\/i0.wp.com\/vincentians.com\/es\/wp-content\/uploads\/sites\/11\/2016\/07\/reflexiones-palabra-de-dios.jpg?fit=1200%2C630&resize=350%2C200 1x, https:\/\/i0.wp.com\/vincentians.com\/es\/wp-content\/uploads\/sites\/11\/2016\/07\/reflexiones-palabra-de-dios.jpg?fit=1200%2C630&resize=525%2C300 1.5x, https:\/\/i0.wp.com\/vincentians.com\/es\/wp-content\/uploads\/sites\/11\/2016\/07\/reflexiones-palabra-de-dios.jpg?fit=1200%2C630&resize=700%2C400 2x, https:\/\/i0.wp.com\/vincentians.com\/es\/wp-content\/uploads\/sites\/11\/2016\/07\/reflexiones-palabra-de-dios.jpg?fit=1200%2C630&resize=1050%2C600 3x"},"classes":[]},{"id":137106,"url":"http:\/\/vincentians.com\/es\/estatutos-de-misevi-en-colombia-2\/","url_meta":{"origin":137108,"position":3},"title":"Estatutos de Fundaci\u00f3n Vicentina Luisa de Marillac en Colombia","author":"Francisco Javier Fern\u00e1ndez Chento","date":"31\/01\/2015","format":false,"excerpt":"Introducci\u00f3n hist\u00f3rica La historia providencial de la Fundaci\u00f3n Vicentina Luisa de Marillac se inicia en la cuna del carisma vicentino, Francia, con la afiliaci\u00f3n de la conocida en ese momento como \u201cobra de la venerable Luisa de Marillac\u201d a la familia de las Damas de la Caridad. Este hecho fundacional\u2026","rel":"","context":"En \u00abDocumentos de otras Ramas e Instituciones vicencianas\u00bb","block_context":{"text":"Documentos de otras Ramas e Instituciones vicencianas","link":"http:\/\/vincentians.com\/es\/category\/formacion-vicenciana\/documentos-oficiales-de-la-familia-vicenciana\/documentos-de-otras-ramas-e-instituciones-vicencianas\/"},"img":{"alt_text":"fvlm","src":"https:\/\/i0.wp.com\/vicencianos.org\/wp-content\/2014\/12\/fvlm-300x300.jpg?resize=350%2C200","width":350,"height":200},"classes":[]},{"id":113192,"url":"http:\/\/vincentians.com\/es\/venid-y-ved-que-bueno-es-estar-juntos-como-familia-vicenciana\/","url_meta":{"origin":137108,"position":4},"title":"Venid y Ved: \u00a1qu\u00e9 bueno es estar juntos como Familia Vicenciana!","author":"Francisco Javier Fern\u00e1ndez Chento","date":"18\/10\/2012","format":false,"excerpt":"I - Analicemos nuestra realidad. \u00a1Bendita es la Iglesia que cree en los j\u00f3venes! Es con esta convicci\u00f3n que iniciamos nuestra preparaci\u00f3n para el Encuentro Internacional de la Juventud Vicenciana. No queremos empezar mirando solamente a los desaf\u00edos y dificultades que la juventud, especialmente aquella que sigue a Cristo, enfrenta\u2026","rel":"","context":"En \u00abFormaci\u00f3n Vicenciana\u00bb","block_context":{"text":"Formaci\u00f3n Vicenciana","link":"http:\/\/vincentians.com\/es\/category\/formacion-vicenciana\/"},"img":{"alt_text":"","src":"https:\/\/i0.wp.com\/vicencianos.org\/wp-content\/2012\/10\/jmj1-300x224.jpg?resize=350%2C200","width":350,"height":200},"classes":[]},{"id":117103,"url":"http:\/\/vincentians.com\/es\/parroquia-de-zaragoza-1967\/","url_meta":{"origin":137108,"position":5},"title":"Parroquia de Zaragoza (1967)","author":"Mitxel Olabu\u00e9naga","date":"07\/08\/2021","format":false,"excerpt":"El Director de ANALES aprovech\u00f3 las vacaciones de verano para visitar gran parte de las Casas peninsulares de la Provincia para recoger alguna informaci\u00f3n de las mismas, especialmente de las novedades de que a\u00fan no se ha dado cuenta en las cr\u00f3ni\u00adcas de ANALES. Claro es que la informaci\u00f3n no\u2026","rel":"","context":"En \u00abHistoria de la Congregaci\u00f3n de la Misi\u00f3n\u00bb","block_context":{"text":"Historia de la Congregaci\u00f3n de la Misi\u00f3n","link":"http:\/\/vincentians.com\/es\/category\/historia-de-la-familia-vicenciana\/historia-de-la-congregacion-de-la-mision\/"},"img":{"alt_text":"","src":"https:\/\/i0.wp.com\/vincentians.com\/es\/wp-content\/uploads\/sites\/11\/2016\/09\/enviados-evangelizar-pobres.jpg?fit=1200%2C630&resize=350%2C200","width":350,"height":200,"srcset":"https:\/\/i0.wp.com\/vincentians.com\/es\/wp-content\/uploads\/sites\/11\/2016\/09\/enviados-evangelizar-pobres.jpg?fit=1200%2C630&resize=350%2C200 1x, https:\/\/i0.wp.com\/vincentians.com\/es\/wp-content\/uploads\/sites\/11\/2016\/09\/enviados-evangelizar-pobres.jpg?fit=1200%2C630&resize=525%2C300 1.5x, https:\/\/i0.wp.com\/vincentians.com\/es\/wp-content\/uploads\/sites\/11\/2016\/09\/enviados-evangelizar-pobres.jpg?fit=1200%2C630&resize=700%2C400 2x, https:\/\/i0.wp.com\/vincentians.com\/es\/wp-content\/uploads\/sites\/11\/2016\/09\/enviados-evangelizar-pobres.jpg?fit=1200%2C630&resize=1050%2C600 3x"},"classes":[]}],"_links":{"self":[{"href":"http:\/\/vincentians.com\/es\/wp-json\/wp\/v2\/posts\/137108","targetHints":{"allow":["GET"]}}],"collection":[{"href":"http:\/\/vincentians.com\/es\/wp-json\/wp\/v2\/posts"}],"about":[{"href":"http:\/\/vincentians.com\/es\/wp-json\/wp\/v2\/types\/post"}],"author":[{"embeddable":true,"href":"http:\/\/vincentians.com\/es\/wp-json\/wp\/v2\/users\/4"}],"replies":[{"embeddable":true,"href":"http:\/\/vincentians.com\/es\/wp-json\/wp\/v2\/comments?post=137108"}],"version-history":[{"count":0,"href":"http:\/\/vincentians.com\/es\/wp-json\/wp\/v2\/posts\/137108\/revisions"}],"wp:featuredmedia":[{"embeddable":true,"href":"http:\/\/vincentians.com\/es\/wp-json\/"}],"wp:attachment":[{"href":"http:\/\/vincentians.com\/es\/wp-json\/wp\/v2\/media?parent=137108"}],"wp:term":[{"taxonomy":"category","embeddable":true,"href":"http:\/\/vincentians.com\/es\/wp-json\/wp\/v2\/categories?post=137108"},{"taxonomy":"post_tag","embeddable":true,"href":"http:\/\/vincentians.com\/es\/wp-json\/wp\/v2\/tags?post=137108"}],"curies":[{"name":"wp","href":"https:\/\/api.w.org\/{rel}","templated":true}]}}