{"id":137107,"date":"2015-02-01T05:14:27","date_gmt":"2015-02-01T04:14:27","guid":{"rendered":"http:\/\/somos.vicencianos.org\/?p=137107"},"modified":"2015-02-01T05:14:27","modified_gmt":"2015-02-01T04:14:27","slug":"estatutos-de-aic-en-colombia","status":"publish","type":"post","link":"http:\/\/vincentians.com\/es\/estatutos-de-aic-en-colombia\/","title":{"rendered":"Estatutos de AIC en Colombia"},"content":{"rendered":"<h2><strong>CAPITULO I: NOMBRE, NATURALEZA, OBJETO, PATRIMONIO, DURACI\u00d3N Y DOMICILIO<\/strong><\/h2>\n<p><strong><a href=\"https:\/\/i0.wp.com\/vicencianos.org\/wp-content\/2014\/12\/aic_colombia.jpg\"><img data-recalc-dims=\"1\" loading=\"lazy\" decoding=\"async\" class=\"alignright size-medium wp-image-137113\" src=\"https:\/\/i0.wp.com\/vicencianos.org\/wp-content\/2014\/12\/aic_colombia-300x300.jpg?resize=300%2C300\" alt=\"aic_colombia\" width=\"300\" height=\"300\" \/><\/a>Art\u00edculo 1:<\/strong><\/p>\n<p><strong>NOMBRE.<\/strong> Organismo Nacional de Asociaciones Voluntarias Vicentinas de la Caridad que en adelante llevar\u00e1 el nombre de: FEDERACI\u00d3N NACIONAL DE VOLUNTARIADOS VICENTINOS DE LA CARIDAD A.I.C. COLOMBIA, se regir\u00e1 por estos estatutos y en lo no dispuesto en \u00e9l, se aplicar\u00e1n las disposiciones del c\u00f3digo civil, y dem\u00e1s normas especiales y complementarias del Derecho Colombiano.<\/p>\n<p><strong>Art\u00edculo 2:<\/strong><\/p>\n<p><strong>NATURALEZA.<\/strong> La Federaci\u00f3n Nacional de Voluntariados Vicentinos de la Caridad A.I.C. Colombia, es un organismo coordinador, de car\u00e1cter nacional, entidad sin \u00e1nimo de lucro que se regir\u00e1 por estos estatutos y en general regido por las normas de derecho com\u00fan aplicables a sus condiciones.<\/p>\n<p><strong>Art\u00edculo 3:<\/strong><\/p>\n<p>El \u00e1mbito de operaciones de la Federaci\u00f3n Nacional de Voluntariados Vicentinos de la Caridad A.I.C. Colombia, es todo el territorio de la Rep\u00fablica de Colombia, y podr\u00e1 establecer alianzas y convenios\u00a0 con otras federaciones y organizaciones nacionales e internacionales de la misma naturaleza.<\/p>\n<p><strong>Art\u00edculo 4:<\/strong><\/p>\n<p><strong>DOMICILIO.<\/strong> El domicilio de la Federaci\u00f3n Nacional de Voluntariados Vicentinos de la Caridad A.I.C. Colombia, ser\u00e1 en la carrera 26 No. 22-B-47 de la ciudad de Bogot\u00e1, Departamento de Cundinamarca, de la Rep\u00fablica de Colombia, y podr\u00e1 sesionar en otras ciudades si lo estimare conveniente.<\/p>\n<p><strong>Art\u00edculo 5: <\/strong><\/p>\n<p><strong>PATRIMONIO. <\/strong>El patrimonio de la Federaci\u00f3n Nacional de Voluntariados Vicentinos de la Caridad A.I.C. Colombia, estar\u00e1 conformado por las cuotas de sostenimiento que pagar\u00e1n las Asociaciones, cuotas extraordinarias, donaciones Nacionales e Internacionales, los bienes muebles e inmuebles que se adquieran y las rentas que produzcan los bienes de la Federaci\u00f3n.<\/p>\n<p><strong>Art\u00edculo 6:<\/strong><\/p>\n<p>Federaci\u00f3n Nacional de Voluntariados Vicentinos de la Caridad A.I.C. Colombia, se constituye por un tiempo de duraci\u00f3n de 50 a\u00f1os prorrogables, sin embargo podr\u00e1 disolverse o liquidarse cuando se presenten las causales que para el efecto establezca la legislaci\u00f3n pertinente a los presentes estatutos.<\/p>\n<h2><strong>CAP\u00cdTULO II: <\/strong><strong>MISI\u00d3N, VISI\u00d3N Y OBJETIVOS<br \/>\n<\/strong><\/h2>\n<p><strong>Art\u00edculo 7:<\/strong><\/p>\n<p><strong>MISI\u00d3N: <\/strong>La Federaci\u00f3n Nacional de Voluntariados Vicentinos de la Caridad A.I.C. Colombia, reconoce la realidad de pobreza y el sufrimiento cada vez m\u00e1s creciente en todo el mundo y especialmente en Colombia, decide: Asumir una lucha consciente y permanente contra todas las pobrezas y sus causas, para lograr una justicia social desarrollando una acci\u00f3n conjunta de personas voluntarias con compromiso cristiano, a la luz del Evangelio, en comuni\u00f3n con la doctrina social de la Iglesia Cat\u00f3lica, las ense\u00f1anzas de San Vicente de Pa\u00fal y Santa Luisa de Marillac y las L\u00edneas Program\u00e1ticas Internacionales.<\/p>\n<p><strong>Art\u00edculo 8:<\/strong><\/p>\n<p><strong>VISI\u00d3N:<\/strong> La Federaci\u00f3n Nacional de Voluntariados Vicentinos de la Caridad AIC Colombia, tiene como Visi\u00f3n: ser transformadores en medio del mundo en el cual viven, como fuerza asociativa, con una actitud de apertura, basada en el carisma vicentino donde los pobres sean gestores de su propio desarrollo y as\u00ed procurar la construcci\u00f3n de un mundo m\u00e1s fraterno en uni\u00f3n con las fuerzas vivas de la Iglesia y de la sociedad.<\/p>\n<p><strong>Art\u00edculo 9:<\/strong><\/p>\n<p><strong>OBJETIVOS:<\/strong> La Federaci\u00f3n Nacional de Voluntariados Vicentinos de la Caridad A.I.C. Colombia, testimonia la Caridad de Cristo siguiendo la tradici\u00f3n de San Vicente de Pa\u00fal y la doctrina social de la Iglesia, tiene como objetivos:<\/p>\n<ul>\n<li>Apoyar la\u00a0 promoci\u00f3n y el desarrollo de los menos favorecidos,\u00a0 luchando contra las pobrezas y sus causas,\u00a0 en cualquier regi\u00f3n del pa\u00eds sin discriminaci\u00f3n pol\u00edtica o religiosa.<\/li>\n<li>Federar las Asociaciones de Voluntariados Vicentinos de la Caridad A.I.C.<\/li>\n<li>Establecer pol\u00edticas que orienten a la acci\u00f3n directa de formaci\u00f3n entre las asociaciones que permitan el paso de la asistencia a la promoci\u00f3n de las comunidades.<\/li>\n<li>Fomentar la formaci\u00f3n integral de sus miembros a nivel humano, cristiano, vicentino y t\u00e9cnico.<\/li>\n<li>Coordinar y animar las asociaciones de Voluntariados Vicentinos de la Caridad existentes y promover la fundaci\u00f3n de nuevos centros.<\/li>\n<li>Prestar colaboraci\u00f3n, representaci\u00f3n y gesti\u00f3n ante los<\/li>\n<li>organismos del Estado, la Iglesia Cat\u00f3lica y el sector privado.<\/li>\n<li>Denunciar ante quienes compete la violaci\u00f3n de los derechos humanos y buscar con los voluntariados l\u00edneas de acci\u00f3n a favor de la justicia y la equidad.<\/li>\n<li>Trabajar en estrecha colaboraci\u00f3n con el Comit\u00e9 Ejecutivo Internacional de Caridades AIC,\u00a0 con el Consejo Latinoamericano y colombiano de la Familia Vicentina y con otras organizaciones que busquen el bien com\u00fan.<\/li>\n<\/ul>\n<p><strong>FUNCIONES:<\/strong><\/p>\n<ul>\n<li>Hacer seguimiento y evaluar los proyectos sociales que realicen las asociaciones como administradoras de los \u201cbienes de los pobres\u201d.<\/li>\n<li>Gestionar la consecuci\u00f3n de recursos para financiar los proyectos de formaci\u00f3n, divulgaci\u00f3n e investigaci\u00f3n.<\/li>\n<li>Tomar conciencia e incluir en los planes de acci\u00f3n, la necesidad de proteger activamente la naturaleza como medio de supervivencia de la humanidad.<\/li>\n<li>Mantener la pertenencia y la comuni\u00f3n con la Junta Coordinadora Vicentina.<\/li>\n<\/ul>\n<h2><strong>CAP\u00cdTULO III: DEL GOBIERNO<\/strong><\/h2>\n<p><strong>Art\u00edculo 10:<\/strong><\/p>\n<p>El Gobierno de la Federaci\u00f3n Nacional de Voluntariados Vicentinos de la Caridad \u00a0A.I.C. Colombia reside.<\/p>\n<p>En la Asamblea Nacional de delegadas y\u00a0 en la Junta Directiva Nacional.<\/p>\n<p>&nbsp;<\/p>\n<p><strong>Art\u00edculo 11: <\/strong><\/p>\n<p>La Asamblea Nacional de Delegadas es la m\u00e1xima autoridad de la Federaci\u00f3n Nacional de Voluntariados Vicentinos de la Caridad A.I.C. Colombia, estar\u00e1 constituida por: las Presidentas de las asociaciones afiliadas o sus representantes, las Coordinadoras Regionales o sus representantes y un miembro de la Junta Directiva Nacional, que constituir\u00e1n qu\u00f3rum deliberatorio y decisorio. Podr\u00e1n participar las dem\u00e1s Voluntarias Vicentinas, y formar\u00e1n parte solamente del qu\u00f3rum deliberatorio.<\/p>\n<p><strong>PARAGRAFO 1<\/strong><\/p>\n<p>Las delegadas o sus representantes deben ser voluntarios vicentinos consagrados en ejercicio de su misi\u00f3n, cumplir los criterios de participaci\u00f3n y cuando asistan a la Asamblea Nacional de Delegadas como representante debe portar por escrito su representaci\u00f3n.<\/p>\n<p><strong>PARAGRAFO 2<\/strong><\/p>\n<p>Para tener derecho al voto, las Asociaciones deben estar a paz y salvo con las cuotas de sostenimiento y asistir a la Asamblea.<\/p>\n<p><strong>Art\u00edculo 12:<\/strong><\/p>\n<p>Las reuniones de la Asamblea General son de dos clases, ordinarias y extraordinarias.<\/p>\n<p><strong>Art\u00edculo 13:<\/strong><\/p>\n<p>Las reuniones ordinarias se celebran cada dos a\u00f1os dentro de los cinco primeros meses del a\u00f1o, en la sede del Secretariado de la Entidad o donde lo estimare conveniente, la convocatoria se har\u00e1 con sesenta (60) d\u00edas h\u00e1biles de anticipaci\u00f3n, por la representante legal de la Entidad, dicha convocatoria deber\u00e1 contener la agenda de la Asamblea.<\/p>\n<p><strong>Art\u00edculo 14:<\/strong><\/p>\n<p>La reuni\u00f3n extraordinaria se llevar\u00e1 a cabo cuando lo requiera el 20% de las Asociaciones h\u00e1biles, el revisor fiscal o la presidenta, y su comunicaci\u00f3n ser\u00e1 con treinta (30) d\u00edas h\u00e1biles de anticipaci\u00f3n, cuya reuni\u00f3n se ocupar\u00e1 del orden del d\u00eda fijado en la convocatoria.\u00a0 Si se presentan puntos diferentes de decisi\u00f3n a los de la convocatoria estos se podr\u00e1n discutir si son aceptados por decisi\u00f3n de la mayor\u00eda de los presentes y solo cuando se hayan agotado los puntos del orden del d\u00eda para el cual se hizo la convocatoria.\u00a0 La citaci\u00f3n para cualquiera de las dos (2) reuniones se podr\u00e1 realizar mediante correspondencia ordinaria, correo electr\u00f3nico, fax o telef\u00f3nicamente.<\/p>\n<p><strong>Art\u00edculo 15:<\/strong><\/p>\n<p>Las decisiones ser\u00e1n aprobadas por la mitad m\u00e1s uno (1) de los votos del qu\u00f3rum decisorio, salvo para adoptar la decisi\u00f3n de disolver y liquidar la asociaci\u00f3n, en cuyo caso se tendr\u00e1 en cuenta lo previsto en el Art\u00edculo 33 de estos estatutos.<\/p>\n<p><strong>Art\u00edculo 16:<\/strong><\/p>\n<p>La Junta Directiva Nacional se reunir\u00e1 cuatro (4) veces al a\u00f1o, las fechas de estas reuniones se estipular\u00e1n en la planeaci\u00f3n que se realiza en el mes de Noviembre de cada a\u00f1o.\u00a0 Para que haya qu\u00f3rum decisorio se requiere la mitad m\u00e1s uno (1) de los miembros que conforman la Junta Directiva Nacional.<\/p>\n<h2><strong>CAP\u00cdTULO IV: DE LA ASAMBLEA NACIONAL DE DELEGADAS<\/strong><\/h2>\n<p><strong>Art\u00edculo 17: <\/strong><\/p>\n<p>Son atribuciones de la Asamblea Nacional de Delegadas:<\/p>\n<p>Nombrar presidenta y secretaria para la Asamblea. La secretaria elaborar\u00e1 las actas y recoger\u00e1 las firmas.<\/p>\n<ul>\n<li>Nombrar a una comisi\u00f3n para la revisi\u00f3n del acta del d\u00eda para someterla a aprobaci\u00f3n el d\u00eda siguiente.<\/li>\n<li>Aprobar el informe que debe presentar la Junta Directiva Nacional al t\u00e9rmino de sus labores.<\/li>\n<li>Aprobar los estados financieros presentados por la Junta Directiva Nacional.<\/li>\n<li>Elegir a la presidenta para un per\u00edodo de <strong>cuatro (4)<\/strong> a\u00f1os y la Fiscal que debe ser de un centro diferente a la de la Presidenta.<\/li>\n<li>Fijar las cuotas que por conceptos de aportes ordinarios, anuales y cuotas extraordinarias deben contribuir las asociaciones<\/li>\n<li>Decretar la disoluci\u00f3n de la Federaci\u00f3n, previa aprobaci\u00f3n de las dos (2) terceras partes de las Asociaciones Miembros en dos (2) sesiones distintas y en fechas diferentes.<\/li>\n<li>Autorizar los topes econ\u00f3micos as\u00ed:\n<ul>\n<li>A la Junta Directiva Nacional para celebrar contratos de hasta treinta (30) salarios m\u00ednimos legales vigentes.<\/li>\n<li>A la presidenta Nacional hasta cinco (5) salarios m\u00ednimos vigentes.<\/li>\n<\/ul>\n<\/li>\n<li>Reformar los estatutos en dos (2) sesiones diferentes y fechas diferentes, en caso de ser necesario.<\/li>\n<li>En general todas aquellas funciones que le corresponden como organismo supremo de la Federaci\u00f3n.<\/li>\n<\/ul>\n<p><strong>PAR\u00c1GRAFO 1<\/strong>: Las cuentas que rinda la Junta Directiva Nacional deber\u00e1n ser firmadas por la Tesorera y la Presidenta, llevar el visto bueno de la Fiscal y estar acompa\u00f1ado de un informe expl\u00edcito.<\/p>\n<p><strong>PAR\u00c1GRAFO 2: <\/strong>El porcentaje de incremento de las cuotas anuales ser\u00e1 el mismo aprobado para el salario m\u00ednimo legal o el aprobado por la asamblea.<\/p>\n<p><strong>PARAGRAFO 3:<\/strong> La elecci\u00f3n de la Presidenta Nacional se har\u00e1 de la siguiente forma: Las asociaciones presentar\u00e1n a las candidatas a la Junta Directiva Nacional con dos (2) meses de anticipaci\u00f3n, se debe enviar su hoja de vida y la aceptaci\u00f3n de su candidatura.\u00a0 En caso de ausencia de candidatas la Asamblea buscar\u00e1 mecanismos para promoverlas.\u00a0 Para ser elegida como Presidenta Nacional, la voluntaria debe cumplir los siguientes requisitos:<\/p>\n<ul>\n<li>Voluntaria consagrada y con testimonio de vida cristiana en el carisma vicentino<\/li>\n<li>Tener m\u00ednimo cinco a\u00f1os como socia activa y sentido de pertenencia<\/li>\n<li>No ser activista pol\u00edtica<\/li>\n<li>Estar presente el d\u00eda de la elecci\u00f3n<\/li>\n<\/ul>\n<p><strong>PAR\u00c1GRAFO 4: <\/strong>La Presidenta Nacional no podr\u00e1 ser elegida por m\u00e1s de dos per\u00edodos consecutivos, pero puede ser elegida pasado uno o m\u00e1s per\u00edodos.<\/p>\n<h2><strong>CAP\u00cdTULO V: DE LAS ASOCIACIONES MIEMBROS<\/strong><\/h2>\n<p><strong>Art\u00edculo 18: <\/strong><\/p>\n<p><strong>Son derechos de las Asociaciones Federadas<\/strong><\/p>\n<ul>\n<li>Que sus delegadas o representantes sean elegidas o elegir para poder desempe\u00f1ar cargos en la Junta Directiva Nacional.<\/li>\n<li>Por medio de sus delegadas o sus representantes participar y opinar en deliberaciones y ejercer el voto para la toma de decisiones.<\/li>\n<\/ul>\n<p><strong>Art\u00edculo 19: <\/strong><\/p>\n<p><strong>Son deberes de las Asociaciones Federadas:<\/strong><\/p>\n<ul>\n<li>Atender oportunamente a las convocatorias hechas por la Junta Directiva Nacional para asambleas ordinarias o extraordinarias, de formaci\u00f3n informaci\u00f3n y capacitaci\u00f3n.<\/li>\n<li>Mantener informada a la Junta Directiva Nacional de todas sus actividades.<\/li>\n<li>Estar dispuestas a recibir toda la informaci\u00f3n que ofrece la Federaci\u00f3n Nacional A.I.C. Colombia y otras asociaciones que sean afines en el trabajo y en el carisma.<\/li>\n<li>Colaborar en la asesor\u00eda y creaci\u00f3n de otros centros.<\/li>\n<li>Cumplir con las obligaciones econ\u00f3micas adquiridas con la Federaci\u00f3n Nacional de Colombia y con la A.I.C. Internacional.<\/li>\n<li>Cumplir con los estatutos<\/li>\n<li>Participar activamente en la Junta Coordinadora Vicentina (JUCOVI) Local y Regional.<\/li>\n<\/ul>\n<h2><strong>CAP\u00cdTULO VI: DE LA JUNTA DIRECTIVA NACIONAL.<\/strong><\/h2>\n<p><strong>Art\u00edculo 20: <\/strong><\/p>\n<p>La Junta Directiva Nacional de la Federaci\u00f3n Nacional AIC Colombia estar\u00e1 integrada as\u00ed:<\/p>\n<ul>\n<li>PRESIDENTA<\/li>\n<li>VICEPRESIDENTA<\/li>\n<li>SECRETARIA<\/li>\n<li>COORDINADORA NACIONAL<\/li>\n<li>TESORERA<\/li>\n<li>TRES (3) VOCALES<\/li>\n<li>FISCAL<\/li>\n<\/ul>\n<p><strong>PAR\u00c1GRAFO 1: \u00a0<\/strong>Las suplencias ser\u00e1n ejercidas en su momento por las vocales elegidas<\/p>\n<p><strong>PAR\u00c1GRAFO 2: <\/strong>La Junta Directiva Nacional tendr\u00e1 como asesores:<\/p>\n<ul>\n<li>Un sacerdote de la Congregaci\u00f3n de la Misi\u00f3n C.M., Padre Vicentino nombrado por su Visitador Provincial.<\/li>\n<li>Dos (2) Hermanas, Hijas de la Caridad, una de cada provincia (Bogot\u00e1 y Cali) nombradas por sus respectivas Visitadoras.<\/li>\n<\/ul>\n<p>Dichos Asesores conformaran parte solo del qu\u00f3rum deliberatorio de la Junta Directiva Nacional.<\/p>\n<p><strong>Art\u00edculo 21:<\/strong><\/p>\n<p><strong>Son funciones de la Junta Directiva Nacional<\/strong>.<\/p>\n<ul>\n<li>La Presidenta y la Fiscal elegidas por la asamblea de delegadas\u00a0 nombraran a sus dignatarios y asignar\u00e1 los cargos de la nueva junta directiva nacional.<\/li>\n<li>Elaborar su propio reglamento.<\/li>\n<li>Planear, coordinar las labores que deben desarrollar para el impulso y beneficio de la Federaci\u00f3n Nacional de Voluntariados Vicentinos de la Caridad A.I.C. Colombia.<\/li>\n<li>Aprobar la afiliaci\u00f3n de nuevas asociaciones y establecer los criterios para la fundaci\u00f3n de nuevos centros.<\/li>\n<li>Organizar medios de comunicaci\u00f3n, divulgaci\u00f3n, informaci\u00f3n y formaci\u00f3n para el Voluntariado Vicentino de la Caridad<\/li>\n<li>Estudiar, vigilar, aprobar y ejecutar los contratos que la presidenta proponga que no superen el tope de treinta (30) salarios m\u00ednimos mensuales vigentes, aprobados por la Asamblea Nacional.<\/li>\n<li>Crear los organismos y los cargos necesarios para el mejor funcionamiento de la Federaci\u00f3n Nacional de Voluntariados Vicentinos de la Caridad A.I.C. Colombia.<\/li>\n<li>Vincular personal remunerado a trav\u00e9s de contratos seg\u00fan la ley.<\/li>\n<li>Elaborar los informes para ser presentados a la Asamblea Nacional<\/li>\n<li>Vigilar y controlar para que las actividades, dineros y patrimonio de cada Asociaci\u00f3n cumpla sus objetivos.<\/li>\n<li>Visitar y asesorar las asociaciones.<\/li>\n<li>Representar las asociaciones afiliadas ante la Familia Vicentina, las autoridades civiles y Eclesi\u00e1sticas y ante terceros en caso de que ellos lo soliciten.<\/li>\n<li>Nombrar la persona responsable del secretariado (secretaria general)<\/li>\n<li>Planear el trabajo a desarrollar en el secretariado<\/li>\n<li>Prohibir a las asociaciones federadas el prestar a terceros la raz\u00f3n social de su centro o el de la Federaci\u00f3n para actividades lucrativas o de cualquier otro evento.<\/li>\n<li>Autorizar a la Presidenta Nacional para celebrar contratos superiores a 5 salarios m\u00ednimos legales vigentes y hasta treinta (30) salarios m\u00ednimos legales vigentes, en caso de una negociaci\u00f3n mayor debe estar autorizada por la Asamblea Nacional.<\/li>\n<li>Reglamentar todos los casos que est\u00e1n contemplados en los presentes estatutos.<\/li>\n<\/ul>\n<p><strong>PAR\u00c1GRAFO 1: <\/strong>El personal remunerado no puede tener v\u00ednculos de consanguinidad con la Junta Directiva Nacional.<\/p>\n<p><strong>PAR\u00c1GRAFO 2:<\/strong> Ning\u00fan miembro de la Federaci\u00f3n podr\u00e1 recibir remuneraci\u00f3n de ninguna \u00edndole por su trabajo dentro de la Asociaci\u00f3n.<\/p>\n<p><strong>Art\u00edculo 22: <\/strong><\/p>\n<p><strong>De la Presidenta:<\/strong><\/p>\n<p>La Presidenta es la Representante Legal de la Federaci\u00f3n de Voluntariados Vicentino de la Caridad A.I.C. Colombia.<\/p>\n<p><strong>Art\u00edculo 23: <\/strong><\/p>\n<p><strong>Son Atribuciones y funciones de la Presidenta:<\/strong><\/p>\n<ul>\n<li>Instalar la Asamblea y presidir la mesa directiva mientras se da posesi\u00f3n a \u00a0la mesa de la misma.<\/li>\n<li>Presidir las reuniones de Junta Directiva Nacional.<\/li>\n<li>Mantener la comunicaci\u00f3n y la coordinaci\u00f3n con el Comit\u00e9 Ejecutivo Internacional de A.I.C.<\/li>\n<li>Elaborar conjuntamente con la secretaria los informes para ser presentados a la Asamblea<\/li>\n<li>Planear con la Junta Directiva Nacional, y hacer seguimiento a los programas de formaci\u00f3n para las asociaciones.<\/li>\n<li>Representar judicial y extrajudicialmente a la Federaci\u00f3n Nacional de Voluntariados Vicentinos de la Caridad A.I.C. Colombia, para todos los efectos<\/li>\n<li>Elaborar el presupuesto para ser presentado a la Asamblea Nacional de Delegadas<\/li>\n<li>Las funciones de la Presidenta cesar\u00e1n el d\u00eda en que se posesione la elegida por la Asamblea de Delegadas para un nuevo per\u00edodo.<\/li>\n<li>Representar la Federaci\u00f3n de Voluntariados Vicentinos de la Caridad A.I.C. Colombia, \u00a0ante La Junta Coordinadora Vicentina Nacional (JUCOVI)<\/li>\n<\/ul>\n<p><strong>Art\u00edculo 24: <\/strong><\/p>\n<p><strong>Son funciones de la Vicepresidenta<\/strong><\/p>\n<ul>\n<li>Reemplazar a la Presidenta en todas sus funciones, en caso de una ausencia temporal o definitiva hasta una nueva elecci\u00f3n.<\/li>\n<li>Trabajar en estrecha relaci\u00f3n con la Presidenta y hacerse cargo de las responsabilidades que la Presidenta le asigne.<\/li>\n<li>Dar lectura del acta aprobada, de la Asamblea anterior<\/li>\n<\/ul>\n<p><strong>Art\u00edculo 25: <\/strong><\/p>\n<p><strong>Son funciones de la secretaria de la Junta Directiva Nacional.<\/strong><\/p>\n<ul>\n<li>Elaborar las actas de las reuniones de la Junta Directiva Nacional, tomando las firmas correspondientes<\/li>\n<li>Citar conforme a los estatutos y reglamento, a las reuniones de Junta Directiva Nacional.<\/li>\n<li>Preparar con la Presidenta los informes que debe presentar a la Junta Directiva Nacional.<\/li>\n<li>Coordinar el trabajo de Secretariado General<\/li>\n<li>En general todas aquellas funciones que le asigne la Junta Directiva Nacional.<\/li>\n<\/ul>\n<p><strong>Art\u00edculo 26:<\/strong><\/p>\n<p><strong>\u00a0Son funciones de la Tesorera.<\/strong><\/p>\n<ul>\n<li>Elaborar el presupuesto econ\u00f3mico general de la Federaci\u00f3n de Voluntariados Vicentinos de la Caridad A.I.C. Colombia, cobrar, recaudar cuotas de todo orden, cualquier clase de ingreso l\u00edcito, auxilio, donaci\u00f3n, contribuciones y expedir el recibo correspondiente.<\/li>\n<li>Prestar fianza personal cuando el manejo de los fondos estatales as\u00ed lo exijan.<\/li>\n<li>Verificar los pagos que sean autorizados por la Junta Directiva Nacional o por la Presidenta.<\/li>\n<li>Mantener al d\u00eda cuentas, relaci\u00f3n de gastos y caja menor.<\/li>\n<li>Verificar que los libros de contabilidad permanezcan al d\u00eda.<\/li>\n<li>Presentar peri\u00f3dicamente un informe y balance respectivo para ser estudiado por la Junta Directiva Nacional y el Fiscal cuando lo soliciten.<\/li>\n<li>Planificar con la Presidenta y de acuerdo a los programas, los presupuestos generales o parciales para someterlos a la Juta Directiva Nacional.<\/li>\n<li>Llevar las cuentas de la Federaci\u00f3n Nacional de Voluntariados Vicentinos de la Caridad A.I.C. Colombia, y tener su firma y la del Representante Legal registradas en los bancos.<\/li>\n<li>Recordar el pago oportuno de las cuotas ordinarias o extraordinarias fijadas por la Junta de las Asociaciones Federadas (mediante el recibo de cobro anticipado y otros medios que considere \u00fatiles, como cartas, llamadas etc. As\u00ed como est\u00edmulos en el bolet\u00edn para quienes est\u00e9n al d\u00eda).<\/li>\n<\/ul>\n<p><strong>Art\u00edculo 27: <\/strong><\/p>\n<p><strong>Son funciones de la coordinadora:<\/strong><\/p>\n<ul>\n<li>Prestar asesor\u00eda t\u00e9cnica a la Junta Directiva Nacional en lo relativo a programas y proyectos de promoci\u00f3n social y en las dem\u00e1s actividades de car\u00e1cter general.<\/li>\n<li>Coordinar con la Junta Directiva Nacional y las Coordinadoras Regionales, los programas de estudio y capacitaci\u00f3n para las Asociaciones.<\/li>\n<li>Orientar a las Coordinadoras Regionales para el cumplimiento de sus obligaciones, estableciendo contacto permanente con ellas.<\/li>\n<li>Visitar y asesorar los centros cuando sea necesario y acompa\u00f1ar en los encuentros de formaci\u00f3n cuando la situaci\u00f3n lo amerite.<\/li>\n<li>Presentar los informes a la Junta Directiva Nacional, sobre el estado del funcionamiento de los Centros cada tres (3) meses.<\/li>\n<\/ul>\n<p><strong>Art\u00edculo 28: <\/strong><\/p>\n<p><strong>Son funciones de las Vocales<\/strong><\/p>\n<ul>\n<li>Participar en las reuniones de Junta Directiva Nacional y cumplir las funciones que la Presidenta o la Junta les asigne<\/li>\n<li>Cumplir con responsabilidad las tareas que le asigne la Junta Directiva Nacional<\/li>\n<li>En caso de renuncia o ausencia permanente de uno de los miembros de la Junta Directiva Nacional, una (1) Vocal ocupar\u00e1 el cargo.<\/li>\n<\/ul>\n<p><strong>Art\u00edculo 29:<\/strong><\/p>\n<p><strong>Son funciones de los Asesores<\/strong><\/p>\n<ul>\n<li>Participar en las reuniones de la Junta Directiva Nacional, Asamblea de delegadas y Encuentros de formaci\u00f3n<\/li>\n<li>Colaborar en la planeaci\u00f3n, ejecuci\u00f3n y evaluaci\u00f3n de las actividades programadas.<\/li>\n<li>Ofrecer formaci\u00f3n espiritual permanente con el fin de mantener viva la doctrina de la Iglesia Cat\u00f3lica y el carisma de nuestros fundadores.<\/li>\n<li>Favorecer la formaci\u00f3n de Hermanas, Sacerdotes, Laicos y Asesores.<\/li>\n<li>Asumir otras responsabilidades que le solicite la Junta Directiva Nacional.<\/li>\n<li>Visitar en cuanto sea posible, las Asociaciones locales.<\/li>\n<\/ul>\n<h2><strong>CAPITULO VII: \u00d3RGANOS DE CONTROL<\/strong><\/h2>\n<p><strong>Art\u00edculo 30: <\/strong><\/p>\n<p><strong>Son funciones de la Fiscal<\/strong><\/p>\n<ul>\n<li>Revisar libros de contabilidad por lo menos una vez cada tres (3) meses<\/li>\n<li>Velar por el cumplimiento de los estatutos y reglamentos<\/li>\n<li>Convocar a las reuniones extraordinarias, a la Junta Directiva Nacional, cuando una situaci\u00f3n especial lo amerite o lo considere conveniente.<\/li>\n<li>Informar a la Junta Directiva Nacional, toda anomal\u00eda que se presente en las Asociaciones y buscar los correctivos<\/li>\n<li>Orientar y asesorar la administraci\u00f3n de los bienes de las Asociaciones locales, conforme a las normas del Estado.<\/li>\n<\/ul>\n<h2><strong>CAP\u00cdTULO VIII: CAUSALES DE SANCI\u00d3N<\/strong><\/h2>\n<p><strong>Art\u00edculo 31: <\/strong><\/p>\n<p><strong>Son causales de sanci\u00f3n:<\/strong><\/p>\n<ul>\n<li>Violaci\u00f3n grave de los estatutos, reglamento o r\u00e9gimen disciplinario.<\/li>\n<li>Fraude o malversaci\u00f3n de los fondos de la asociaci\u00f3n, o da\u00f1os en sus bienes premeditadamente<\/li>\n<li>Comportamiento indebido social y\/o moral que atente contra el Buen Nombre de la Asociaci\u00f3n.<\/li>\n<\/ul>\n<p>Las faltas ser\u00e1n consideradas como:<\/p>\n<ul>\n<li>Leves<\/li>\n<li>Graves<\/li>\n<li>Muy graves<\/li>\n<\/ul>\n<p>Y sancionadas con:<\/p>\n<ul>\n<li>Amonestaci\u00f3n, suspensi\u00f3n, expulsi\u00f3n<\/li>\n<\/ul>\n<p><strong>PAR\u00c1GRAFO 1 <\/strong>Se garantiza el derecho a la defensa.<\/p>\n<p><strong>PARAGRAFO 2 <\/strong><\/p>\n<p>Los Centros Locales Federados y no Federados que sean sancionados con expulsi\u00f3n de acuerdo al art\u00edculo 31 referente a las causales de sanci\u00f3n, quedar\u00e1n imposibilitados para seguir utilizando el nombre de Voluntariados Vicentinos o Damas de la Caridad A.I.C Colombia.\u00a0 Para dar cumplimiento a esta sanci\u00f3n se har\u00e1 p\u00fablico el Centro sancionado en los diarios de circulaci\u00f3n a nivel local y nacional.<\/p>\n<h2><strong>CAPITULO IX: DISPOSICIONES VARIAS.<\/strong><\/h2>\n<p><strong>Art\u00edculo 32:<\/strong><\/p>\n<p>La Federaci\u00f3n Nacional de Voluntariados Vicentinos de la Caridad A.I.C. Colombia se disolver\u00e1:<\/p>\n<ul>\n<li>Por causas previstas por la ley<\/li>\n<li>Por decisi\u00f3n de la Asamblea de delegadas<\/li>\n<\/ul>\n<p><strong>Art\u00edculo 33: <\/strong><\/p>\n<p>Para decretar la disoluci\u00f3n de la Federaci\u00f3n de Voluntariados Vicentinos de la Caridad A.I.C. Colombia, se requiere la aprobaci\u00f3n de la totalidad de los votos autorizados de la Asamblea de delegadas en dos (2) sesiones diferentes, en fechas diferentes<\/p>\n<p><strong>Art\u00edculo 34:<\/strong><\/p>\n<p>Cuando se vaya a decretar la disoluci\u00f3n de una asociaci\u00f3n local y se cite con este fin, debe estar presente m\u00ednimo un representante de la Junta Directiva Nacional.<\/p>\n<p><strong>Art\u00edculo 35: <\/strong><\/p>\n<p>Para reformar los presentes estatutos se requiere, reuni\u00f3n de Asamblea nacional de delegadas y ser\u00e1n aprobados en dos (2) sesiones distintas y en fechas diferentes.<\/p>\n<p><strong>Art\u00edculo 36:<\/strong><\/p>\n<p>Los presentes estatutos fueron estudiados y reformados en Asamblea de Delegadas realizada en la ciudad de Ibagu\u00e9 a los 8-9 d\u00edas del mes de junio de dos mil (2006) habiendo sido aprobados un\u00e1nimemente por las Delegadas a los 9 d\u00edas del mes de Junio del a\u00f1o 2006 y reformados en Asamblea del Mayo del 2008.<\/p>\n<p><strong>PAR\u00c1GRAFO: <\/strong>Los presentes estatutos rigen desde su aprobaci\u00f3n y registro en la C\u00e1mara de Comercio. Y solo ser\u00e1n reformados seg\u00fan las disposiciones del ART\u00cdCULO 35 de los presentes estatutos.<\/p>\n","protected":false},"excerpt":{"rendered":"<p>CAPITULO I: NOMBRE, NATURALEZA, OBJETO, PATRIMONIO, DURACI\u00d3N Y DOMICILIO Art\u00edculo 1: NOMBRE. Organismo Nacional de Asociaciones Voluntarias Vicentinas de la Caridad que en adelante llevar\u00e1 el nombre de: FEDERACI\u00d3N NACIONAL DE VOLUNTARIADOS VICENTINOS DE LA &#8230; <a href=\"http:\/\/vincentians.com\/es\/estatutos-de-aic-en-colombia\/\" class=\"more-link\">Read More<\/a><\/p>\n","protected":false},"author":4,"featured_media":137113,"comment_status":"open","ping_status":"open","sticky":false,"template":"","format":"standard","meta":{"jetpack_post_was_ever_published":false,"_jetpack_newsletter_access":"","_jetpack_dont_email_post_to_subs":false,"_jetpack_newsletter_tier_id":0,"_jetpack_memberships_contains_paywalled_content":false,"_jetpack_memberships_contains_paid_content":false,"footnotes":"","jetpack_publicize_message":"","jetpack_publicize_feature_enabled":true,"jetpack_social_post_already_shared":true,"jetpack_social_options":{"image_generator_settings":{"template":"highway","default_image_id":0,"font":"","enabled":false},"version":2}},"categories":[358],"tags":[172],"class_list":["post-137107","post","type-post","status-publish","format-standard","has-post-thumbnail","hentry","category-documentos-de-asociacion-internacional-de-caridades","tag-pobreza"],"yoast_head":"<!-- This site is optimized with the Yoast SEO plugin v26.3 - https:\/\/yoast.com\/wordpress\/plugins\/seo\/ -->\n<title>Estatutos de AIC en Colombia - Somos Vicencianos<\/title>\n<meta name=\"robots\" content=\"index, follow, max-snippet:-1, max-image-preview:large, max-video-preview:-1\" \/>\n<link rel=\"canonical\" href=\"http:\/\/vincentians.com\/es\/estatutos-de-aic-en-colombia\/\" \/>\n<meta property=\"og:locale\" content=\"es_ES\" \/>\n<meta property=\"og:type\" content=\"article\" \/>\n<meta property=\"og:title\" content=\"Estatutos de AIC en Colombia - Somos Vicencianos\" \/>\n<meta property=\"og:description\" content=\"CAPITULO I: NOMBRE, NATURALEZA, OBJETO, PATRIMONIO, DURACI\u00d3N Y DOMICILIO Art\u00edculo 1: NOMBRE. Organismo Nacional de Asociaciones Voluntarias Vicentinas de la Caridad que en adelante llevar\u00e1 el nombre de: FEDERACI\u00d3N NACIONAL DE VOLUNTARIADOS VICENTINOS DE LA ... Read More\" \/>\n<meta property=\"og:url\" content=\"http:\/\/vincentians.com\/es\/estatutos-de-aic-en-colombia\/\" \/>\n<meta property=\"og:site_name\" content=\"Somos Vicencianos\" \/>\n<meta property=\"article:publisher\" content=\"https:\/\/www.facebook.com\/WeAreVincentians\/\" \/>\n<meta property=\"article:author\" content=\"https:\/\/www.facebook.com\/JavierChento\" \/>\n<meta property=\"article:published_time\" content=\"2015-02-01T04:14:27+00:00\" \/>\n<meta name=\"author\" content=\"Francisco Javier Fern\u00e1ndez Chento\" \/>\n<meta name=\"twitter:card\" content=\"summary_large_image\" \/>\n<meta name=\"twitter:creator\" content=\"@https:\/\/twitter.com\/javierchento\" \/>\n<meta name=\"twitter:site\" content=\"@WeVincentians\" \/>\n<meta name=\"twitter:label1\" content=\"Escrito por\" \/>\n\t<meta name=\"twitter:data1\" content=\"Francisco Javier Fern\u00e1ndez Chento\" \/>\n\t<meta name=\"twitter:label2\" content=\"Tiempo de lectura\" \/>\n\t<meta name=\"twitter:data2\" content=\"18 minutos\" \/>\n<script type=\"application\/ld+json\" class=\"yoast-schema-graph\">{\"@context\":\"https:\/\/schema.org\",\"@graph\":[{\"@type\":\"Article\",\"@id\":\"http:\/\/vincentians.com\/es\/estatutos-de-aic-en-colombia\/#article\",\"isPartOf\":{\"@id\":\"http:\/\/vincentians.com\/es\/estatutos-de-aic-en-colombia\/\"},\"author\":{\"name\":\"Francisco Javier Fern\u00e1ndez Chento\",\"@id\":\"http:\/\/vincentians.com\/es\/#\/schema\/person\/9623ef4d9aa3b2dfb8c061f1499288f2\"},\"headline\":\"Estatutos de AIC en Colombia\",\"datePublished\":\"2015-02-01T04:14:27+00:00\",\"mainEntityOfPage\":{\"@id\":\"http:\/\/vincentians.com\/es\/estatutos-de-aic-en-colombia\/\"},\"wordCount\":3684,\"commentCount\":1,\"publisher\":{\"@id\":\"http:\/\/vincentians.com\/es\/#organization\"},\"image\":{\"@id\":\"http:\/\/vincentians.com\/es\/estatutos-de-aic-en-colombia\/#primaryimage\"},\"thumbnailUrl\":\"\",\"keywords\":[\"Pobreza\"],\"articleSection\":[\"Documentos de Asociaci\u00f3n Internacional de Caridades\"],\"inLanguage\":\"es\",\"potentialAction\":[{\"@type\":\"CommentAction\",\"name\":\"Comment\",\"target\":[\"http:\/\/vincentians.com\/es\/estatutos-de-aic-en-colombia\/#respond\"]}]},{\"@type\":\"WebPage\",\"@id\":\"http:\/\/vincentians.com\/es\/estatutos-de-aic-en-colombia\/\",\"url\":\"http:\/\/vincentians.com\/es\/estatutos-de-aic-en-colombia\/\",\"name\":\"Estatutos de AIC en Colombia - Somos Vicencianos\",\"isPartOf\":{\"@id\":\"http:\/\/vincentians.com\/es\/#website\"},\"primaryImageOfPage\":{\"@id\":\"http:\/\/vincentians.com\/es\/estatutos-de-aic-en-colombia\/#primaryimage\"},\"image\":{\"@id\":\"http:\/\/vincentians.com\/es\/estatutos-de-aic-en-colombia\/#primaryimage\"},\"thumbnailUrl\":\"\",\"datePublished\":\"2015-02-01T04:14:27+00:00\",\"breadcrumb\":{\"@id\":\"http:\/\/vincentians.com\/es\/estatutos-de-aic-en-colombia\/#breadcrumb\"},\"inLanguage\":\"es\",\"potentialAction\":[{\"@type\":\"ReadAction\",\"target\":[\"http:\/\/vincentians.com\/es\/estatutos-de-aic-en-colombia\/\"]}]},{\"@type\":\"ImageObject\",\"inLanguage\":\"es\",\"@id\":\"http:\/\/vincentians.com\/es\/estatutos-de-aic-en-colombia\/#primaryimage\",\"url\":\"\",\"contentUrl\":\"\"},{\"@type\":\"BreadcrumbList\",\"@id\":\"http:\/\/vincentians.com\/es\/estatutos-de-aic-en-colombia\/#breadcrumb\",\"itemListElement\":[{\"@type\":\"ListItem\",\"position\":1,\"name\":\"Portada\",\"item\":\"http:\/\/vincentians.com\/es\/\"},{\"@type\":\"ListItem\",\"position\":2,\"name\":\"Estatutos de AIC en Colombia\"}]},{\"@type\":\"WebSite\",\"@id\":\"http:\/\/vincentians.com\/es\/#website\",\"url\":\"http:\/\/vincentians.com\/es\/\",\"name\":\"Somos Vicencianos\",\"description\":\"Know more to serve more\",\"publisher\":{\"@id\":\"http:\/\/vincentians.com\/es\/#organization\"},\"potentialAction\":[{\"@type\":\"SearchAction\",\"target\":{\"@type\":\"EntryPoint\",\"urlTemplate\":\"http:\/\/vincentians.com\/es\/?s={search_term_string}\"},\"query-input\":{\"@type\":\"PropertyValueSpecification\",\"valueRequired\":true,\"valueName\":\"search_term_string\"}}],\"inLanguage\":\"es\"},{\"@type\":\"Organization\",\"@id\":\"http:\/\/vincentians.com\/es\/#organization\",\"name\":\"The Vincentian Network\",\"url\":\"http:\/\/vincentians.com\/es\/\",\"logo\":{\"@type\":\"ImageObject\",\"inLanguage\":\"es\",\"@id\":\"http:\/\/vincentians.com\/es\/#\/schema\/logo\/image\/\",\"url\":\"https:\/\/i1.wp.com\/vincentians.com\/es\/wp-content\/uploads\/sites\/11\/2016\/06\/Vincentian-Network-logo-big.png?fit=778%2C778\",\"contentUrl\":\"https:\/\/i1.wp.com\/vincentians.com\/es\/wp-content\/uploads\/sites\/11\/2016\/06\/Vincentian-Network-logo-big.png?fit=778%2C778\",\"width\":778,\"height\":778,\"caption\":\"The Vincentian Network\"},\"image\":{\"@id\":\"http:\/\/vincentians.com\/es\/#\/schema\/logo\/image\/\"},\"sameAs\":[\"https:\/\/www.facebook.com\/WeAreVincentians\/\",\"https:\/\/x.com\/WeVincentians\"]},{\"@type\":\"Person\",\"@id\":\"http:\/\/vincentians.com\/es\/#\/schema\/person\/9623ef4d9aa3b2dfb8c061f1499288f2\",\"name\":\"Francisco Javier Fern\u00e1ndez Chento\",\"image\":{\"@type\":\"ImageObject\",\"inLanguage\":\"es\",\"@id\":\"http:\/\/vincentians.com\/es\/#\/schema\/person\/image\/\",\"url\":\"https:\/\/secure.gravatar.com\/avatar\/497d5cde87b4c3d097d0315953521681ba2cd523ee66e5077c3711f7021e65de?s=96&d=mm&r=g\",\"contentUrl\":\"https:\/\/secure.gravatar.com\/avatar\/497d5cde87b4c3d097d0315953521681ba2cd523ee66e5077c3711f7021e65de?s=96&d=mm&r=g\",\"caption\":\"Francisco Javier Fern\u00e1ndez Chento\"},\"description\":\"Director General y cofundador de La Red de Formaci\u00f3n Vicenciana. Javier es laico vicenciano, afiliado a la Congregaci\u00f3n de la Misi\u00f3n y miembro del Equipo de Misiones Populares de la provincia can\u00f3nica de Zaragoza (Espa\u00f1a) de la Congregaci\u00f3n de la Misi\u00f3n. Graduado en la Universidad Oberta de Catalunya con cuatro grados (Asistente de direcci\u00f3n, Gesti\u00f3n Administrativa, Recursos Humanos y Contabilidad Avanzada). Bil\u00edng\u00fce Espa\u00f1ol\/Ingl\u00e9s. gestiona y mantiene varias p\u00e1ginas web cristianas y vicencianas, incluida including La Red de Formaci\u00f3n Vicenciana, de la que es cofundador. Actualmente es responsable del \u00e1rea de Espa\u00f1ol de .famvin, la Red de Noticias de la Familia Vicenciana. Tambi\u00e9n es m\u00fasico cat\u00f3lico y ha editado varios discos. Es Director General y cofundador de Trovador, una reconocida compa\u00f1\u00eda discogr\u00e1fica critiana de Espa\u00f1a. Trabaja en las Tecnolog\u00edas de la Informaci\u00f3n, ofreciendo servicios de alojamiento, dise\u00f1o y mantenimiento Web, as\u00ed como asesoramiento, formaci\u00f3n y soluciones inform\u00e1ticas, gesti\u00f3n documental y digitalizaci\u00f3n de textos, edici\u00f3n y maquetaci\u00f3n de libros, revistas, flyers, etc.\",\"sameAs\":[\"http:\/\/chento.org\",\"https:\/\/www.facebook.com\/JavierChento\",\"https:\/\/x.com\/https:\/\/twitter.com\/javierchento\"],\"url\":\"http:\/\/vincentians.com\/es\/author\/chento\/\"}]}<\/script>\n<!-- \/ Yoast SEO plugin. -->","yoast_head_json":{"title":"Estatutos de AIC en Colombia - Somos Vicencianos","robots":{"index":"index","follow":"follow","max-snippet":"max-snippet:-1","max-image-preview":"max-image-preview:large","max-video-preview":"max-video-preview:-1"},"canonical":"http:\/\/vincentians.com\/es\/estatutos-de-aic-en-colombia\/","og_locale":"es_ES","og_type":"article","og_title":"Estatutos de AIC en Colombia - Somos Vicencianos","og_description":"CAPITULO I: NOMBRE, NATURALEZA, OBJETO, PATRIMONIO, DURACI\u00d3N Y DOMICILIO Art\u00edculo 1: NOMBRE. Organismo Nacional de Asociaciones Voluntarias Vicentinas de la Caridad que en adelante llevar\u00e1 el nombre de: FEDERACI\u00d3N NACIONAL DE VOLUNTARIADOS VICENTINOS DE LA ... Read More","og_url":"http:\/\/vincentians.com\/es\/estatutos-de-aic-en-colombia\/","og_site_name":"Somos Vicencianos","article_publisher":"https:\/\/www.facebook.com\/WeAreVincentians\/","article_author":"https:\/\/www.facebook.com\/JavierChento","article_published_time":"2015-02-01T04:14:27+00:00","author":"Francisco Javier Fern\u00e1ndez Chento","twitter_card":"summary_large_image","twitter_creator":"@https:\/\/twitter.com\/javierchento","twitter_site":"@WeVincentians","twitter_misc":{"Escrito por":"Francisco Javier Fern\u00e1ndez Chento","Tiempo de lectura":"18 minutos"},"schema":{"@context":"https:\/\/schema.org","@graph":[{"@type":"Article","@id":"http:\/\/vincentians.com\/es\/estatutos-de-aic-en-colombia\/#article","isPartOf":{"@id":"http:\/\/vincentians.com\/es\/estatutos-de-aic-en-colombia\/"},"author":{"name":"Francisco Javier Fern\u00e1ndez Chento","@id":"http:\/\/vincentians.com\/es\/#\/schema\/person\/9623ef4d9aa3b2dfb8c061f1499288f2"},"headline":"Estatutos de AIC en Colombia","datePublished":"2015-02-01T04:14:27+00:00","mainEntityOfPage":{"@id":"http:\/\/vincentians.com\/es\/estatutos-de-aic-en-colombia\/"},"wordCount":3684,"commentCount":1,"publisher":{"@id":"http:\/\/vincentians.com\/es\/#organization"},"image":{"@id":"http:\/\/vincentians.com\/es\/estatutos-de-aic-en-colombia\/#primaryimage"},"thumbnailUrl":"","keywords":["Pobreza"],"articleSection":["Documentos de Asociaci\u00f3n Internacional de Caridades"],"inLanguage":"es","potentialAction":[{"@type":"CommentAction","name":"Comment","target":["http:\/\/vincentians.com\/es\/estatutos-de-aic-en-colombia\/#respond"]}]},{"@type":"WebPage","@id":"http:\/\/vincentians.com\/es\/estatutos-de-aic-en-colombia\/","url":"http:\/\/vincentians.com\/es\/estatutos-de-aic-en-colombia\/","name":"Estatutos de AIC en Colombia - Somos Vicencianos","isPartOf":{"@id":"http:\/\/vincentians.com\/es\/#website"},"primaryImageOfPage":{"@id":"http:\/\/vincentians.com\/es\/estatutos-de-aic-en-colombia\/#primaryimage"},"image":{"@id":"http:\/\/vincentians.com\/es\/estatutos-de-aic-en-colombia\/#primaryimage"},"thumbnailUrl":"","datePublished":"2015-02-01T04:14:27+00:00","breadcrumb":{"@id":"http:\/\/vincentians.com\/es\/estatutos-de-aic-en-colombia\/#breadcrumb"},"inLanguage":"es","potentialAction":[{"@type":"ReadAction","target":["http:\/\/vincentians.com\/es\/estatutos-de-aic-en-colombia\/"]}]},{"@type":"ImageObject","inLanguage":"es","@id":"http:\/\/vincentians.com\/es\/estatutos-de-aic-en-colombia\/#primaryimage","url":"","contentUrl":""},{"@type":"BreadcrumbList","@id":"http:\/\/vincentians.com\/es\/estatutos-de-aic-en-colombia\/#breadcrumb","itemListElement":[{"@type":"ListItem","position":1,"name":"Portada","item":"http:\/\/vincentians.com\/es\/"},{"@type":"ListItem","position":2,"name":"Estatutos de AIC en Colombia"}]},{"@type":"WebSite","@id":"http:\/\/vincentians.com\/es\/#website","url":"http:\/\/vincentians.com\/es\/","name":"Somos Vicencianos","description":"Know more to serve more","publisher":{"@id":"http:\/\/vincentians.com\/es\/#organization"},"potentialAction":[{"@type":"SearchAction","target":{"@type":"EntryPoint","urlTemplate":"http:\/\/vincentians.com\/es\/?s={search_term_string}"},"query-input":{"@type":"PropertyValueSpecification","valueRequired":true,"valueName":"search_term_string"}}],"inLanguage":"es"},{"@type":"Organization","@id":"http:\/\/vincentians.com\/es\/#organization","name":"The Vincentian Network","url":"http:\/\/vincentians.com\/es\/","logo":{"@type":"ImageObject","inLanguage":"es","@id":"http:\/\/vincentians.com\/es\/#\/schema\/logo\/image\/","url":"https:\/\/i1.wp.com\/vincentians.com\/es\/wp-content\/uploads\/sites\/11\/2016\/06\/Vincentian-Network-logo-big.png?fit=778%2C778","contentUrl":"https:\/\/i1.wp.com\/vincentians.com\/es\/wp-content\/uploads\/sites\/11\/2016\/06\/Vincentian-Network-logo-big.png?fit=778%2C778","width":778,"height":778,"caption":"The Vincentian Network"},"image":{"@id":"http:\/\/vincentians.com\/es\/#\/schema\/logo\/image\/"},"sameAs":["https:\/\/www.facebook.com\/WeAreVincentians\/","https:\/\/x.com\/WeVincentians"]},{"@type":"Person","@id":"http:\/\/vincentians.com\/es\/#\/schema\/person\/9623ef4d9aa3b2dfb8c061f1499288f2","name":"Francisco Javier Fern\u00e1ndez Chento","image":{"@type":"ImageObject","inLanguage":"es","@id":"http:\/\/vincentians.com\/es\/#\/schema\/person\/image\/","url":"https:\/\/secure.gravatar.com\/avatar\/497d5cde87b4c3d097d0315953521681ba2cd523ee66e5077c3711f7021e65de?s=96&d=mm&r=g","contentUrl":"https:\/\/secure.gravatar.com\/avatar\/497d5cde87b4c3d097d0315953521681ba2cd523ee66e5077c3711f7021e65de?s=96&d=mm&r=g","caption":"Francisco Javier Fern\u00e1ndez Chento"},"description":"Director General y cofundador de La Red de Formaci\u00f3n Vicenciana. Javier es laico vicenciano, afiliado a la Congregaci\u00f3n de la Misi\u00f3n y miembro del Equipo de Misiones Populares de la provincia can\u00f3nica de Zaragoza (Espa\u00f1a) de la Congregaci\u00f3n de la Misi\u00f3n. Graduado en la Universidad Oberta de Catalunya con cuatro grados (Asistente de direcci\u00f3n, Gesti\u00f3n Administrativa, Recursos Humanos y Contabilidad Avanzada). Bil\u00edng\u00fce Espa\u00f1ol\/Ingl\u00e9s. gestiona y mantiene varias p\u00e1ginas web cristianas y vicencianas, incluida including La Red de Formaci\u00f3n Vicenciana, de la que es cofundador. Actualmente es responsable del \u00e1rea de Espa\u00f1ol de .famvin, la Red de Noticias de la Familia Vicenciana. Tambi\u00e9n es m\u00fasico cat\u00f3lico y ha editado varios discos. Es Director General y cofundador de Trovador, una reconocida compa\u00f1\u00eda discogr\u00e1fica critiana de Espa\u00f1a. Trabaja en las Tecnolog\u00edas de la Informaci\u00f3n, ofreciendo servicios de alojamiento, dise\u00f1o y mantenimiento Web, as\u00ed como asesoramiento, formaci\u00f3n y soluciones inform\u00e1ticas, gesti\u00f3n documental y digitalizaci\u00f3n de textos, edici\u00f3n y maquetaci\u00f3n de libros, revistas, flyers, etc.","sameAs":["http:\/\/chento.org","https:\/\/www.facebook.com\/JavierChento","https:\/\/x.com\/https:\/\/twitter.com\/javierchento"],"url":"http:\/\/vincentians.com\/es\/author\/chento\/"}]}},"jetpack_publicize_connections":[],"jetpack_featured_media_url":"","jetpack_sharing_enabled":true,"jetpack_shortlink":"https:\/\/wp.me\/p7ETMF-zFp","jetpack-related-posts":[{"id":132580,"url":"http:\/\/vincentians.com\/es\/estatutos-del-voluntariado-juvenil-vicentino-voljuvi\/","url_meta":{"origin":137107,"position":0},"title":"Estatutos del Voluntariado Juvenil Vicentino \u00abVOLJUVI\u00bb","author":"Francisco Javier Fern\u00e1ndez Chento","date":"10\/12\/2014","format":false,"excerpt":"Pre\u00e1mbulo El Voluntariado Juvenil Vicentino tuvo su origen en Par\u00eds el 29 de noviembre de 1909. Naci\u00f3 con el nombre de \"Obra de Luisas de Marillac\", y como parte de la Cofrad\u00eda de las Damas de la Caridad, hoy Asociaci\u00f3n Internacional de Caridades (A.I.C.). De esto hay constancia en un\u2026","rel":"","context":"En \u00abDocumentos de otras Ramas e Instituciones vicencianas\u00bb","block_context":{"text":"Documentos de otras Ramas e Instituciones vicencianas","link":"http:\/\/vincentians.com\/es\/category\/formacion-vicenciana\/documentos-oficiales-de-la-familia-vicenciana\/documentos-de-otras-ramas-e-instituciones-vicencianas\/"},"img":{"alt_text":"voluntariado_juvenil_vicentino","src":"https:\/\/i0.wp.com\/vicencianos.org\/wp-content\/2014\/12\/voluntariado_juvenil_vicentino-300x300.jpg?resize=350%2C200","width":350,"height":200},"classes":[]},{"id":132875,"url":"http:\/\/vincentians.com\/es\/estatutos-de-misevi-en-colombia\/","url_meta":{"origin":137107,"position":1},"title":"Estatutos de MISEVI en Colombia","author":"Francisco Javier Fern\u00e1ndez Chento","date":"17\/12\/2014","format":false,"excerpt":"CONREGAZIONE DELLA MISSIONE Cuna Generaiizia Roma 27 de abril 2005 Padre Gabriel NARANJO SALAZAR, CM Visitador Bogot\u00e1 Querido Gabriel: \u00a1Que la gracia y la paz del Se\u00f1or Jesucristo llenen tu coraz\u00f3n ahora y siempre! Por medio de la presente quiero felicitarte a Ti y en tu nombre, a los miembros\u2026","rel":"","context":"En \u00abDocumentos de Misioneros Seglares Vicencianos\u00bb","block_context":{"text":"Documentos de Misioneros Seglares Vicencianos","link":"http:\/\/vincentians.com\/es\/category\/formacion-vicenciana\/documentos-oficiales-de-la-familia-vicenciana\/documentos-de-misioneros-seglares-vicencianos\/"},"img":{"alt_text":"misevi_colombia","src":"https:\/\/i0.wp.com\/vicencianos.org\/wp-content\/2014\/12\/misevi_colombia-175x300.jpg?resize=350%2C200","width":350,"height":200},"classes":[]},{"id":137106,"url":"http:\/\/vincentians.com\/es\/estatutos-de-misevi-en-colombia-2\/","url_meta":{"origin":137107,"position":2},"title":"Estatutos de Fundaci\u00f3n Vicentina Luisa de Marillac en Colombia","author":"Francisco Javier Fern\u00e1ndez Chento","date":"31\/01\/2015","format":false,"excerpt":"Introducci\u00f3n hist\u00f3rica La historia providencial de la Fundaci\u00f3n Vicentina Luisa de Marillac se inicia en la cuna del carisma vicentino, Francia, con la afiliaci\u00f3n de la conocida en ese momento como \u201cobra de la venerable Luisa de Marillac\u201d a la familia de las Damas de la Caridad. Este hecho fundacional\u2026","rel":"","context":"En \u00abDocumentos de otras Ramas e Instituciones vicencianas\u00bb","block_context":{"text":"Documentos de otras Ramas e Instituciones vicencianas","link":"http:\/\/vincentians.com\/es\/category\/formacion-vicenciana\/documentos-oficiales-de-la-familia-vicenciana\/documentos-de-otras-ramas-e-instituciones-vicencianas\/"},"img":{"alt_text":"fvlm","src":"https:\/\/i0.wp.com\/vicencianos.org\/wp-content\/2014\/12\/fvlm-300x300.jpg?resize=350%2C200","width":350,"height":200},"classes":[]},{"id":132806,"url":"http:\/\/vincentians.com\/es\/estatutos-de-los-hijos-de-maria-inmaculada-en-colombia\/","url_meta":{"origin":137107,"position":3},"title":"Estatutos de los Hijos de Mar\u00eda Inmaculada en Colombia","author":"Francisco Javier Fern\u00e1ndez Chento","date":"16\/12\/2014","format":false,"excerpt":"Identidad: La asociaci\u00f3n de los Hijos de Mar\u00eda Inmaculada tuvo su origen en las apariciones de la Virgen Mar\u00eda a Santa Catalina Labour\u00e9 en 1830. Cuatro notas caracter\u00edsticas le hacen vivir su identidad: Eclesial: fue aprobada por P\u00edo IX en 1850 y est\u00e1 invitada expl\u00edcitamente a colaborar con la jerarqu\u00eda.\u2026","rel":"","context":"En \u00abDocumentos de otras Ramas e Instituciones vicencianas\u00bb","block_context":{"text":"Documentos de otras Ramas e Instituciones vicencianas","link":"http:\/\/vincentians.com\/es\/category\/formacion-vicenciana\/documentos-oficiales-de-la-familia-vicenciana\/documentos-de-otras-ramas-e-instituciones-vicencianas\/"},"img":{"alt_text":"Hijos de Maria Inmaculada en Colombia","src":"https:\/\/i0.wp.com\/vicencianos.org\/wp-content\/2014\/12\/Hijos-de-Maria-Inmaculada-en-Colombia-598x1024.jpg?resize=350%2C200","width":350,"height":200},"classes":[]},{"id":41843,"url":"http:\/\/vincentians.com\/es\/los-movimientos-laicos-vicentinos\/","url_meta":{"origin":137107,"position":4},"title":"Los Movimientos Laicos Vicentinos","author":"Francisco Javier Fern\u00e1ndez Chento","date":"29\/01\/2015","format":false,"excerpt":"Introducci\u00f3n (sintetizada) Ante todo hay que hacerse tres clases de preguntas: 1. \u00bfCu\u00e1n\u00adtas y cu\u00e1les son las asociaciones y\/o movimientos de caridad que caen bajo el patrocinio de San Vicente de Pa\u00fal? \u00bfCu\u00e1ntos(as) de \u00e9stos(as) podemos llamar propiamente vicentinos, sujeto de esta ponencia? 2. En una Iglesia y despu\u00e9s de\u2026","rel":"","context":"En \u00abFamilia Vicenciana sin categorizar\u00bb","block_context":{"text":"Familia Vicenciana sin categorizar","link":"http:\/\/vincentians.com\/es\/category\/la-familia-vicenciana\/familia-vicenciana-sin-categorizar\/"},"img":{"alt_text":"familia_vicentina","src":"https:\/\/i0.wp.com\/vicencianos.org\/wp-content\/2011\/06\/familia_vicentina-300x278.jpg?resize=350%2C200","width":350,"height":200},"classes":[]},{"id":137108,"url":"http:\/\/vincentians.com\/es\/estatutos-de-navyl-en-colombia\/","url_meta":{"origin":137107,"position":5},"title":"Estatutos de NAVYL en Colombia","author":"Francisco Javier Fern\u00e1ndez Chento","date":"30\/01\/2015","format":false,"excerpt":"Fundaci\u00f3n: La rama de la Familia Vicentina, Navyl, Ni\u00f1os amigos de Vicente y Luisa, naci\u00f3 en Cali el 15 de marzo de 1991, con ocasi\u00f3n de la celebraci\u00f3n de los 400 a\u00f1os del nacimiento de Santa Luisa de Marillac, para perpetuar su memoria y presentarla como modelo al igual que\u2026","rel":"","context":"En \u00abDocumentos de otras Ramas e Instituciones vicencianas\u00bb","block_context":{"text":"Documentos de otras Ramas e Instituciones vicencianas","link":"http:\/\/vincentians.com\/es\/category\/formacion-vicenciana\/documentos-oficiales-de-la-familia-vicenciana\/documentos-de-otras-ramas-e-instituciones-vicencianas\/"},"img":{"alt_text":"navyl","src":"https:\/\/i0.wp.com\/vicencianos.org\/wp-content\/2014\/01\/navyl-300x300.jpg?resize=350%2C200","width":350,"height":200},"classes":[]}],"_links":{"self":[{"href":"http:\/\/vincentians.com\/es\/wp-json\/wp\/v2\/posts\/137107","targetHints":{"allow":["GET"]}}],"collection":[{"href":"http:\/\/vincentians.com\/es\/wp-json\/wp\/v2\/posts"}],"about":[{"href":"http:\/\/vincentians.com\/es\/wp-json\/wp\/v2\/types\/post"}],"author":[{"embeddable":true,"href":"http:\/\/vincentians.com\/es\/wp-json\/wp\/v2\/users\/4"}],"replies":[{"embeddable":true,"href":"http:\/\/vincentians.com\/es\/wp-json\/wp\/v2\/comments?post=137107"}],"version-history":[{"count":0,"href":"http:\/\/vincentians.com\/es\/wp-json\/wp\/v2\/posts\/137107\/revisions"}],"wp:featuredmedia":[{"embeddable":true,"href":"http:\/\/vincentians.com\/es\/wp-json\/"}],"wp:attachment":[{"href":"http:\/\/vincentians.com\/es\/wp-json\/wp\/v2\/media?parent=137107"}],"wp:term":[{"taxonomy":"category","embeddable":true,"href":"http:\/\/vincentians.com\/es\/wp-json\/wp\/v2\/categories?post=137107"},{"taxonomy":"post_tag","embeddable":true,"href":"http:\/\/vincentians.com\/es\/wp-json\/wp\/v2\/tags?post=137107"}],"curies":[{"name":"wp","href":"https:\/\/api.w.org\/{rel}","templated":true}]}}