{"id":137106,"date":"2015-01-31T05:14:27","date_gmt":"2015-01-31T04:14:27","guid":{"rendered":"http:\/\/somos.vicencianos.org\/?p=137106"},"modified":"2015-01-31T05:14:27","modified_gmt":"2015-01-31T04:14:27","slug":"estatutos-de-misevi-en-colombia-2","status":"publish","type":"post","link":"http:\/\/vincentians.com\/es\/estatutos-de-misevi-en-colombia-2\/","title":{"rendered":"Estatutos de Fundaci\u00f3n Vicentina Luisa de Marillac en Colombia"},"content":{"rendered":"<h2><strong>Introducci\u00f3n hist\u00f3rica<\/strong><\/h2>\n<p><a href=\"https:\/\/i0.wp.com\/vicencianos.org\/wp-content\/2014\/12\/fvlm.jpg\"><img data-recalc-dims=\"1\" loading=\"lazy\" decoding=\"async\" class=\"alignright size-medium wp-image-137115\" src=\"https:\/\/i0.wp.com\/vicencianos.org\/wp-content\/2014\/12\/fvlm-300x300.jpg?resize=300%2C300\" alt=\"fvlm\" width=\"300\" height=\"300\" \/><\/a>La historia providencial de la Fundaci\u00f3n Vicentina Luisa de Marillac se inicia en la cuna del carisma vicentino, Francia, con la afiliaci\u00f3n de la conocida en ese momento como \u201cobra de la venerable Luisa de Marillac\u201d a la familia de las Damas de la Caridad. Este hecho fundacional sucedi\u00f3 en la Parroquia de San Nicol\u00e1s de Chardonnet, de Par\u00eds, el 29 de noviembre de 1909, y fue aprobado por el Arzobispo de Par\u00eds, Monse\u00f1or Amette, y gracias a los buenos oficios del P. Villette, C.M.<\/p>\n<p>Gracias a la relaci\u00f3n con esta rama, que directamente hab\u00eda fundado Vicente de Pa\u00fal y animado Luisa de Marillac, se reconoce oficialmente la existencia de esta hija de la Familia Vicentina.<\/p>\n<h3><em>Parte propia de Colombia<\/em><\/h3>\n<p>Llega a Colombia en la primera mitad del siglo XX. De hecho, el 2 de enero de 1933 se establece en la Casa Provincial de las Hijas de la Caridad de Cali, con el padrinazgo de dos vicentinos franceses, Sor Mar\u00eda Luisa Courbin, en ese momento visitadora, y el Padre Juan Luis Bozec, como \u201cAsociaci\u00f3n Luisas de Marillac\u201d. La instituci\u00f3n contaba en ese momento con 23 socias. El 23 de julio de ese mismo a\u00f1o, se elige la primera junta coordinadora integrada por Sabina Menardi como presidenta, Mar\u00eda Luisa Mu\u00f1oz como secretaria, Soledad Llanos como tesorera, y los mismos Sor Courbin y el Padre Bozec como asesores.<\/p>\n<p>Desde sus inicios se dedica al servicio de los pobres, sobre todo de los ancianos, visit\u00e1ndolos en sus casas y proporcion\u00e1ndoles ayuda en alimentaci\u00f3n, vestido, salud, vivienda, espiritualidad, recreaci\u00f3n y el m\u00e1s humano acompa\u00f1amiento.<\/p>\n<p>Al a\u00f1o siguiente, el 23 de noviembre, y con motivo de la canonizaci\u00f3n de Luisa de Marillac, las primeras 32 socias hacen su consagraci\u00f3n, empe\u00f1\u00e1ndose en seguir a Jesucristo, sirviendo a los pobres, con el esp\u00edritu propio del carisma vicentino. Muy pronto, el 27 de noviembre de 1934, la Asociaci\u00f3n adquiere la personer\u00eda eclesi\u00e1stica, y el 30 de julio de 1941 la personer\u00eda jur\u00eddica.<\/p>\n<p>En marzo de 1940 se crea un grupo de ni\u00f1as, llamadas \u201cLuisitas\u201d, con el fin de transmitirles el carisma espec\u00edfico y asegurar en el futuro la vitalidad de la asociaci\u00f3n.<\/p>\n<p>Con el transcurso de los a\u00f1os \u00e9sta adquiere instalaciones f\u00edsicas, siempre en la ciudad de Cali, para atender en hogares a los ancianos de la ciudad.<\/p>\n<p>Poco a poco se extiende a otros lugares del pa\u00eds, como Bogot\u00e1, Ibagu\u00e9 y Popay\u00e1n, y con la ayuda de las hermanas y los padres vicentinos crece el n\u00famero de miembros, hasta reclamar, en 1970, una organizaci\u00f3n nacional, con una junta encargada de coordinar la acci\u00f3n de los diversos grupos, establecer comunicaci\u00f3n entre ellos y organizar planes formativos. Poco despu\u00e9s surge la necesidad de organizar congresos nacionales, desde el I, en la ciudad de Cali, en 1971, hasta llegar al VI en la ciudad de Buga, en 1986.<\/p>\n<p>Durante el III Congreso Nacional, realizado en Pereira en 1978, se aprueba el cambio de nombre propuesto en el congreso anterior, de Barranquilla, en 1976, por el de \u201cVoluntariado Juvenil Vicentino (Voljuvi)\u201d, con el fin de abrir espacio al dinamismo de los grupos existentes y, de modo especial, a la presencia de los j\u00f3venes varones, interesados en los mismos compromisos. En esta evoluci\u00f3n fue muy importante la asesor\u00eda del P. Luis Jenaro Rojas Chaux, C.M.<\/p>\n<p>Despu\u00e9s de una breve experiencia con esta orientaci\u00f3n, el grupo madre de Cali recupera la identidad inicial, d\u00e1ndose en septiembre de 1992 el nombre de \u201cVoluntariado Vicentino Luisa de Marillac\u201d. A pedido de la Presidencia de la Rep\u00fablica, y con el fin de poder contratar con el Estado, este nombre es reemplazado por el de \u201cFundaci\u00f3n Vicentina Luisa de Marillac\u201d, en diciembre de 1996.<\/p>\n<p>En el I Encuentro de la Fundaci\u00f3n, Ibagu\u00e9, 2004, se asume el compromiso que se reafirma en el II, en 2005, de recuperar el dinamismo de las antiguas Luisas, disperso en varios de los grupos que como tales se hab\u00edan mantenido en diversos lugares del pa\u00eds.<\/p>\n<p>As\u00ed, sin renunciar al car\u00e1cter mixto de sus miembros, hombres y mujeres, y sin desconocer el valor del VOLJUVI, la asociaci\u00f3n recupera su car\u00e1cter originario, reconoci\u00e9ndose como una evoluci\u00f3n de la Asociaci\u00f3n Luisas de Marillac, en los presentes Estatutos que recogen la historia de quienes se\u00f1alaron el camino inicial y el patrimonio institucional que se ha ido amasando en estos a\u00f1os.<\/p>\n<p>Hasta el momento la Fundaci\u00f3n ha tenido 16 presidentas, que se han preocupado, no solo por su animaci\u00f3n interna, sino tambi\u00e9n por su relaci\u00f3n con la Familia Vicentina, sobre todo cuando \u00e9sta, despu\u00e9s del Concilio Vaticano II, comienza a tomar conciencia de su realidad y de su integraci\u00f3n.<\/p>\n<p>Inspirada en la V Conferencia General del Episcopado latinoamericano y caribe\u00f1o, en las orientaciones del S\u00ednodo sobre la Palabra de Dios, de 2008, y en los compromisos de la Familia Vicentina, sobre el cambio sist\u00e9mico, intenta asumir las orientaciones pos-conciliares en la din\u00e1mica del discipulado misionero, inspirado en la Palabra y orientado hacia un cambio en las condiciones de los pobres que los lleva a vivir su dignidad de hijos de Dios.<\/p>\n<h2><strong>Primera parte:<\/strong><strong> Nuestra Vocaci\u00f3n: Identidad <\/strong><\/h2>\n<h3><strong>I. Nombre<\/strong><\/h3>\n<p>1. Las Luisas de Marillac, conocidas como Fundaci\u00f3n Vicentina Luisa de Marillac o con otros nombres, son una asociaci\u00f3n de personas cat\u00f3licas que buscan la realizaci\u00f3n de su vocaci\u00f3n cristiana, mediante un compromiso con la promoci\u00f3n y la rehabilitaci\u00f3n integral de los pobres, especialmente ancianos, seg\u00fan el ejemplo y las ense\u00f1anzas de San Vicente de Pa\u00fal y Santa Luisa de Marillac.<\/p>\n<h3><strong>II. Principios constitutivos <\/strong><\/h3>\n<p><em>\u201cCaminemos con confianza por este camino real en el que Jesucristo ha de ser nuestro mentor y gu\u00eda\u201d <\/em>(SVP XI, 468)<\/p>\n<p>2. Los principios constitutivos de la Fundaci\u00f3n son:<\/p>\n<ol>\n<li>Su <strong>piedra angular<\/strong> es Jesucristo, evangelizador de los pobres, seguido, imitado y anunciado seg\u00fan la espiritualidad vicentina, que se sintetiza en el amor a Dios y al pobre, en la entrega personal a los m\u00e1s necesitados, con amor afectivo y efectivo, y en esp\u00edritu de humildad, sencillez y caridad.<\/li>\n<li>Tiene un <strong>car\u00e1cter eclesial<\/strong>, que se expresa en su sentido de pertenencia a la Iglesia cat\u00f3lica, y en el respeto y acatamiento a la jerarqu\u00eda.<\/li>\n<li>La<strong> vocaci\u00f3n laical<\/strong> de sus integrantes la asume en la din\u00e1mica del discipulado misionero, por lo que se reconoce llamada a ser vanguardia de la Iglesia en medio de la familia y de la sociedad, con miras a un ambiente y a unas estructuras que respondan a los planes de Dios.<\/li>\n<li>Los criterios y estrategias del <strong>cambio sist\u00e9mico<\/strong>, inspirar\u00e1n tanto la formaci\u00f3n de sus integrantes como su servicio vicentino.<\/li>\n<li>Dada su <strong>condici\u00f3n apol\u00edtica<\/strong>, es ajena a la militancia partidista, pero abierta a que sus miembros tengan una opci\u00f3n pol\u00edtica personal, iluminada siempre por el evangelio y la doctrina social de la Iglesia; los miembros de la Fundaci\u00f3n pueden aceptar cargos pol\u00edticos pero sin comprometerla como tal y sin ejercer entre tanto funciones directivas.<\/li>\n<li>La Fundaci\u00f3n y cada uno de sus miembros estar\u00e1n al tanto de lo que concierne a las <strong>realidades temporales<\/strong> y los fen\u00f3menos socio-culturales, por medio de un conocimiento claro y seguro y de una conciencia cr\u00edtica que facilite su propia formaci\u00f3n y la de las personas con las que trabaja.<\/li>\n<li>La Fundaci\u00f3n es una <strong>sociedad laical<\/strong>, de acci\u00f3n social, sin \u00e1nimo de lucro, legalmente reconocida por el Estado y por la Iglesia, organizada y regida por los presentes Estatutos.<\/li>\n<\/ol>\n<p><strong>III. Fines<\/strong><\/p>\n<p><strong>3. El fin general<\/strong> de la Fundaci\u00f3n es el seguimiento y el anuncio de Jesucristo evangelizador de los pobres. Este fin lo logran sus miembros:<\/p>\n<ol>\n<li>Cuando viven en el servicio a los hermanos el amor que Jes\u00fas se\u00f1al\u00f3 como propio de sus seguidores: <em>\u201cLes aseguro que cuando lo hicieron con uno de estos mis hermanos m\u00e1s peque\u00f1os, conmigo lo hicieron\u201d <\/em>(Mt 25, 40)<\/li>\n<li>Cuando se comprometen con los pobres por medio de un servicio evang\u00e9lico, vicentino e inter-disciplinario;<\/li>\n<li>Cuando se consagran a los ancianos, ayud\u00e1ndoles a realizar su vida como personas, a fin de que f\u00edsica y espiritualmente disfruten de su dignidad de hijos de Dios.<\/li>\n<\/ol>\n<p><strong>4. Los fines espec\u00edficos<\/strong> de la Fundaci\u00f3n son:<\/p>\n<ol>\n<li>Promover la santificaci\u00f3n de sus miembros mediante la identificaci\u00f3n con Jesucristo y el testimonio individual y comunitario de amor a \u00c9l en la persona de los pobres.<\/li>\n<li>Servir y evangelizar a los ancianos, respondiendo a sus m\u00e1s elementales necesidades y promovi\u00e9ndolos de manera integral.<\/li>\n<\/ol>\n<h3><strong>IV. Criterios <\/strong><\/h3>\n<p>5. Los criterios generales de la Fundaci\u00f3n son:<\/p>\n<ol>\n<li>Asegurar la formaci\u00f3n integral de sus miembros en los aspectos humano, t\u00e9cnico, espiritual, comunitario y apost\u00f3lico.<\/li>\n<li>Fomentar una aut\u00e9ntica amistad entre sus miembros y una actitud de alegr\u00eda que se vivan en su propia familia y en los ambientes de su labor apost\u00f3lica.<\/li>\n<li>Dar testimonio de vida cristiana y de servicio para motivar a ni\u00f1os, j\u00f3venes y adultos en el esp\u00edritu de la Fundaci\u00f3n y la pertenencia a ella.<\/li>\n<li>Impulsar la pertenencia a la Familia Vicentina para una mayor vivencia del carisma.<\/li>\n<li>Comprometer en los hogares para ancianos a la comunidad y las autoridades del lugar.<\/li>\n<li>Vincularse con los organismos interesados en la problem\u00e1tica del anciano y coordinar con ellos proyectos encaminados a mejorarla.<\/li>\n<li>Promover la educaci\u00f3n geronto-geri\u00e1trica a todo nivel, comenzando por las familias.<\/li>\n<li>Divulgar los programas, procesos y resultados de su acci\u00f3n entre las instituciones y la comunidad.<\/li>\n<li>Buscar recursos t\u00e9cnicos y econ\u00f3micos, con la empresa privada, el gobierno y las instituciones internacionales de ayuda, para la realizaci\u00f3n de sus programas.<\/li>\n<li>Contribuir al cambio de las estructuras sociales injustas con miras al desarrollo integral de los pobres, en reconocimiento de su dignidad.<\/li>\n<li>Elaborar planes, proyectos y programas que aseguren el cumplimiento del fin general y de los fines espec\u00edficos de la Fundaci\u00f3n, a nivel social, cultural y econ\u00f3mico.<\/li>\n<li>Evaluar permanentemente sus planes y sus actividades.<\/li>\n<\/ol>\n<h3><strong>V. Domicilio\u00a0<\/strong><\/h3>\n<p>6. La Fundaci\u00f3n Vicentina Luisa de Marillac de Colombia tiene su domicilio en el municipio de Cali, departamento del Valle del Cauca, Rep\u00fablica de Colombia; su sede en esta direcci\u00f3n: Casa Provincial de las Hijas de la Caridad, Avenida Roosevelt No. 29-71; y su radio de acci\u00f3n en todo el pa\u00eds.<\/p>\n<h2><strong>Segunda parte: Nuestra Vida: Esp\u00edritu<\/strong><\/h2>\n<h3><strong>I. El apostolado <\/strong><\/h3>\n<p><em>\u201cHagan por los pobres todo lo que puedan, especialmente en relaci\u00f3n con el servicio espiritual que les deben ustedes\u201d <\/em>(SLM, C.E. 241)<\/p>\n<p><strong>1. El servicio primordial<\/strong> de la Fundaci\u00f3n Luisa de Marillac, mediante una visi\u00f3n human\u00edstica, cristiana y t\u00e9cnica, es ofrecer a los pobres, especialmente a los ancianos que est\u00e1n bajo su cuidado, una atenci\u00f3n integral, para garantizar que se sientan parte de la comunidad y disfruten de un buen nivel de calidad de vida.<\/p>\n<p><strong>2. La meta fundamental<\/strong> de la Fundaci\u00f3n en el ejercicio de su apostolado no se limitar\u00e1 a los aspectos materiales o culturales de la promoci\u00f3n de los pobres, sino que incluir\u00e1 como factor principal e indispensable su evangelizaci\u00f3n, con la cual se disponen a realizarse como hijos de Dios, a liberarse de las injusticias y a anunciar con su manera de vivir la presencia del Reino.<\/p>\n<p>3. En su servicio apost\u00f3lico a los pobres, la Fundaci\u00f3n tendr\u00e1 en cuenta los siguientes <strong>criterios<\/strong>:<\/p>\n<ol>\n<li>Preferencia por los m\u00e1s pobres entre los pobres, especialmente los ancianos.<\/li>\n<li>Promoci\u00f3n del papel activo del beneficiado, sin suplirlo, de tal modo que \u00e9l se convierta en el primer agente de su propio proceso.<\/li>\n<li>Trato respetuoso con el beneficiado, con sentido evang\u00e9lico.<\/li>\n<li>Estudio de la realidad circundante del servicio, para una adecuada repuesta a las necesidades materiales y espirituales de los pobres.<\/li>\n<li>Planeaci\u00f3n del servicio, precisando objetivos, pol\u00edticas, estrategias y programas de acci\u00f3n.<\/li>\n<\/ol>\n<p>4. Siguiendo una tradici\u00f3n que se remonta a sus or\u00edgenes, se preocupar\u00e1 por las visitas domiciliarias a los pobres, con el fin de conocer experiencialmente sus necesidades y de responder a ellas con soluciones personalizadas y evangelizadoras.<\/p>\n<h3><strong>ii. La espiritualidad<\/strong><\/h3>\n<p><em>\u201cQue Cristo habite por la fe en sus corazones; que vivan arraigados y fundamentados en el amor. As\u00ed podr\u00e1n comprender, junto con todos los creyentes, cu\u00e1l es la anchura, la longitud, la altura y la profundidad del amor de Cristo, un amor que supera todo conocimiento; de esta manera los desbordar\u00e1 la plenitud misma de Dios\u201d <\/em>(Ef 3, 17-19)<\/p>\n<p>5.. Los miembros de la Fundaci\u00f3n respaldar\u00e1n su proyecci\u00f3n apost\u00f3lica en una <strong>espiritualidad<\/strong> evang\u00e9lica, eclesial y vicentina que garantice el discipulado misionero propio de los seguidores de Jes\u00fas de Nazaret, con las caracter\u00edsticas espec\u00edficas del carisma vicentino.<\/p>\n<p>6. Alimentar\u00e1n su <strong>relaci\u00f3n con el Maestro<\/strong> y el anuncio de \u00c9l por medio de una lectura orante, comunitaria y comprometida de la Sagrada Escritura; la oraci\u00f3n personal diaria; la participaci\u00f3n en la misa dominical; la recepci\u00f3n de los sacramentos; y la vivencia de los consejos evang\u00e9licos.<\/p>\n<p>7. Cultivar\u00e1n con especial empe\u00f1o la <strong>devoci\u00f3n<\/strong> a la Virgen Mar\u00eda, bajo la advocaci\u00f3n de la Medalla Milagrosa; a San Vicente de Pa\u00fal, Santa Luisa de Marillac y los dem\u00e1s santos y beatos de la Familia Vicentina, por medio de la imitaci\u00f3n de sus virtudes y la celebraci\u00f3n comunitaria de sus fiestas lit\u00fargicas.<\/p>\n<p>8. Se ayudar\u00e1n mutuamente en la vivencia de la<strong> vida cristiana<\/strong> por medio de la correcci\u00f3n fraterna, de la direcci\u00f3n espiritual y de la lectura de los escritos vicentinos.<\/p>\n<p>9. Se empe\u00f1ar\u00e1n en el cultivo de las <strong>virtudes humanas<\/strong> que los capaciten para la madurez, la santidad y el servicio, como: la responsabilidad, la rectitud, la tolerancia, el sentido cr\u00edtico, la gratuidad, la generosidad y la urbanidad.<\/p>\n<p>10. Tendr\u00e1n un especial afecto por las <strong>virtudes propias<\/strong> del carisma que son la humildad, la sencillez y la caridad, como caminos de crecimiento, identificaci\u00f3n y disponibilidad apost\u00f3lica.<\/p>\n<p>11. Dado el dinamismo de la espiritualidad vicentina, las apremiantes necesidades de los pobres y las respuestas que exigen los signos de los tiempos, los miembros y la organizaci\u00f3n de la Fundaci\u00f3n se mantendr\u00e1n en un <strong>estado de conversi\u00f3n<\/strong> y en permanente preocupaci\u00f3n por nuevas vocaciones.<\/p>\n<h3><strong>III. Los miembros <\/strong><\/h3>\n<p><em>\u201cUn fiel amigo es un refugio s\u00f3lido. El que encuentra un tal amigo ha encontrado un tesoro\u201d<\/em> (Eclo 6, 14)<\/p>\n<p><em>\u201cNos trataremos con gran respeto, a manera de amigos que se quieren bien\u201d<\/em> (RC VIII, 2)<\/p>\n<p>\u201c<em>Tenemos que acoger con agrado a quienes vienen a ver a los pobres, sin tener en cuenta nuestro inter\u00e9s particular, sino sencillamente porque hay que hacerlo as\u00ed y porque puede resultar un bien para aquellos<\/em>\u201d (SLM, C.E. 322)<\/p>\n<p>12. La Fundaci\u00f3n est\u00e1 conformada por dos tipos de miembros: los afiliados y los agregados.<\/p>\n<p><strong>1) <\/strong><strong>De los miembros afiliados<\/strong><\/p>\n<p><strong>13. Los afiliados<\/strong> son quienes manifiestan su voluntad de vivir su vida cristiana iluminada por el esp\u00edritu de San Vicente de Pa\u00fal y Santa Luisa de Marillac y por la doctrina social de la Iglesia; se deciden a cumplir los presentes Estatutos y a participar activa y responsablemente en los planes de la Fundaci\u00f3n; y son admitidos por las juntas locales.<\/p>\n<p><strong>14. Los requisitos<\/strong> para ser miembro afiliado son:<\/p>\n<ol>\n<li>El cabal cumplimiento del anterior art\u00edculo.<\/li>\n<li>El testimonio de vida cristiana y de reconocida honorabilidad.<\/li>\n<li>La presentaci\u00f3n por parte de un miembro de la Congregaci\u00f3n de la Misi\u00f3n o de la Compa\u00f1\u00eda de las Hijas de la Caridad o de cualquiera otro miembro de la misma Fundaci\u00f3n.<\/li>\n<li>La solicitud por escrito a la junta local.<\/li>\n<li>La aceptaci\u00f3n por parte de la junta local.<\/li>\n<li>El cumplimiento del per\u00edodo de formaci\u00f3n establecido para antes de la consagraci\u00f3n.<\/li>\n<\/ol>\n<p><strong>15. Los derechos<\/strong> de los afiliados son:<\/p>\n<ol>\n<li>La participaci\u00f3n en las asambleas locales con derecho a voz y voto.<\/li>\n<li>La propuesta de iniciativas y proyectos para el buen desarrollo de las actividades de la Fundaci\u00f3n.<\/li>\n<li>La voz activa y pasiva para la elecci\u00f3n de las juntas.<\/li>\n<li>La participaci\u00f3n en las reuniones de la junta local con derecho a voz pero no a voto.<\/li>\n<li>La participaci\u00f3n en todas las actividades de la Fundaci\u00f3n.<\/li>\n<li>La utilizaci\u00f3n de los distintivos propios de la Fundaci\u00f3n.<\/li>\n<\/ol>\n<p><strong>16. Los deberes<\/strong> de los afiliados son:<\/p>\n<ol>\n<li>Asistir a la asamblea local y participar all\u00ed activamente.<\/li>\n<li>Expresar su sentido de pertenencia a la Fundaci\u00f3n con el compromiso en sus actividades y la fraternidad en relaci\u00f3n con los otros miembros y los beneficiados.<\/li>\n<li>Conocer y cumplir los Estatutos y los Reglamentos.<\/li>\n<li>Secundar las decisiones de las juntas internacional, nacional y local.<\/li>\n<li>Trabajar en equipo y, en consecuencia, respetar las decisiones que se tomen por consenso o que se resuelvan por votaci\u00f3n.<\/li>\n<li>Apoyar la din\u00e1mica de renovaci\u00f3n de la Fundaci\u00f3n con la b\u00fasqueda de soluciones nuevas para las necesidades de los pobres.<\/li>\n<li>Estar disponible para el servicio de la animaci\u00f3n y el ejercicio responsable del liderazgo.<\/li>\n<li>Tomar parte en los encuentros propios de la Fundaci\u00f3n y en los de otras instituciones que favorezcan el trabajo con el pobre.<\/li>\n<li>Preocuparse por la integraci\u00f3n de miembros nuevos.<\/li>\n<li>Abstenerse de acciones u omisiones que afecten la estabilidad econ\u00f3mica o la imagen social de la Fundaci\u00f3n.<\/li>\n<li>Notificar por escrito a la junta local la voluntad de retirarse de la Fundaci\u00f3n.<\/li>\n<\/ol>\n<p>17. Los afiliados podr\u00edan llegar a ser excepcionalmente <strong>empleados<\/strong> de la Fundaci\u00f3n bajo estas condiciones:<\/p>\n<ol>\n<li>Que encarnen el esp\u00edritu propio del carisma.<\/li>\n<li>Que se caractericen por su calidad profesional.<\/li>\n<li>Que entre tanto no ejerzan puestos directivos.<\/li>\n<\/ol>\n<p>18. Los afiliados har\u00e1n su <strong>consagraci\u00f3n<\/strong> y la renovar\u00e1n cada a\u00f1o en una de las dos celebraciones comunitarias, de Santa Luisa de Marillac o de San Vicente de Pa\u00fal.<\/p>\n<p>19. Con miras a garantizar un comportamiento adecuado e institucional por parte de los afiliados, la Fundaci\u00f3n contar\u00e1 con los siguientes<strong> mecanismos<\/strong>:<\/p>\n<p>1\u00ba\u00a0 <strong>El estimulo del reconocimiento anual<\/strong> por parte de la junta local, de aquel miembro que se haya distinguido por su entrega y efectividad en los compromisos vicentinos, y por su preocupaci\u00f3n por la integraci\u00f3n de nuevos miembros.<\/p>\n<p>2\u00ba\u00a0 <strong>Las sanciones,<\/strong> aprobadas por la junta local y una vez o\u00eddos los descargos, con aquellos miembros que hayan contrariado el esp\u00edritu y las normas de los Estatutos. Estas sanciones pueden ser de dos tipos:<\/p>\n<p>El requerimiento ante la junta en una reuni\u00f3n ordinaria por negligencia en el cumplimiento de los deberes;<\/p>\n<p>La expulsi\u00f3n, que se puede dar por estas causas:<\/p>\n<ul>\n<li>Una falta grave contra la moral;<\/li>\n<li>La violaci\u00f3n sistem\u00e1tica de los Estatutos o los Reglamentos;<\/li>\n<li>El fraude a los fondos;<\/li>\n<li>El proselitismo pol\u00edtico;<\/li>\n<li>La relaci\u00f3n con movimientos contrarios a la Iglesia cat\u00f3lica.<\/li>\n<\/ul>\n<p><strong>20. El procedimiento para la expulsi\u00f3n<\/strong> de uno de los miembros requiere:<\/p>\n<ol>\n<li>La citaci\u00f3n a una reuni\u00f3n de la junta local para plantearle las causales y escuchar sus descargos;<\/li>\n<li>La aprobaci\u00f3n de esta medida por al menos las dos terceras partes de los integrantes de la junta.<\/li>\n<\/ol>\n<p>21. Todo afiliado cuestionado tiene<strong> derecho de apelaci\u00f3n<\/strong>, ante la asamblea local o la Junta Nacional; mientras que cualquiera de estas instancias tome la decisi\u00f3n definitiva, la autoridad correspondiente le puede aplicar una suspensi\u00f3n cautelar.<\/p>\n<p><strong>2) <\/strong><strong>De los miembros agregados<\/strong><\/p>\n<p><strong>22. Los agregados<\/strong> son aquellas personas naturales o jur\u00eddicas que, sin ser afiliados, se distinguen por sus aportes o su colaboraci\u00f3n en el cumplimiento de los fines de la Fundaci\u00f3n.<\/p>\n<p><strong>23. La postulaci\u00f3n<\/strong> de los agregados debe ser hecha por un integrante de la junta y ser aprobada por \u00e9sta.<\/p>\n<p><strong>24. Los derechos<\/strong> de los agregados son:<\/p>\n<ol>\n<li>invitaci\u00f3n y la asistencia a las reuniones de las juntas y a las asambleas, con voz pero sin voto, y a las celebraciones comunitarias.<\/li>\n<li>2\u00ba\u00a0 El disfrute de los beneficios espirituales de los afiliados y de los beneficiados.<\/li>\n<\/ol>\n<h2><strong>Tercera parte: Nuestra Organizaci\u00f3n: Estructuras de animaci\u00f3n y gobierno <\/strong><\/h2>\n<h3><strong>I. Gobierno<\/strong><\/h3>\n<p><em>\u201cEstoy entre vosotros como quien sirve\u201d<\/em> (Lc 22, 27)<\/p>\n<p><strong>I.I. Principios generales<\/strong><\/p>\n<p>25. En la Fundaci\u00f3n Vicentina Luisa de Marillac <strong>los criterios generales<\/strong> de la animaci\u00f3n y gobierno son:<\/p>\n<ol>\n<li>Todos los afiliados tienen el derecho y el deber de participar en la gesti\u00f3n de la Fundaci\u00f3n, por medio de la colaboraci\u00f3n para el cumplimiento de sus fines, el aporte en la toma de decisiones y la disponibilidad para el desempe\u00f1o de tareas.<\/li>\n<li>Los que ejercen el ministerio de gobierno tendr\u00e1n que hacerlo a ejemplo del Maestro \u201cque no vino a ser servido sino a servir\u201d (Mt 20, 28).<\/li>\n<li>Los que ejercen el ministerio de gobierno lo har\u00e1n a trav\u00e9s del di\u00e1logo, el respeto a las personas y el temple para las decisiones.<\/li>\n<li>Las diversas instancias de animaci\u00f3n y de gobierno ser\u00e1n respetadas salvando el principio de subsidiariedad y evitando remitir a un grado superior lo que se puede resolver en el inferior.<\/li>\n<\/ol>\n<p>26. El Director General de la Fundaci\u00f3n es el Superior General de la Congregaci\u00f3n de la Misi\u00f3n y de la Compa\u00f1\u00eda de las Hijas de la Caridad; este servicio de animaci\u00f3n lo delegar\u00e1 en un sacerdote de la misma Congregaci\u00f3n que har\u00e1 las veces de Sub-director General.<\/p>\n<p><strong>27. La estructura b\u00e1sica<\/strong> de la Fundaci\u00f3n es la siguiente:<\/p>\n<ul>\n<li>Grupos locales<\/li>\n<li>Juntas locales, nacionales e internacional<\/li>\n<li>Asambleas locales, nacionales e internacional<\/li>\n<li>Comisiones, las que las asambleas o juntas consideren oportunas y necesarias.<\/li>\n<\/ul>\n<p>28. Tantos los grupos locales, como las juntas y asambleas locales, deber\u00e1n aprobar sus propios <strong>Reglamentos internos<\/strong>, inspirados siempre en los presentes Estatutos y aplic\u00e1ndolos a sus realidades.<\/p>\n<p><strong>I.II. Grupos locales <\/strong><\/p>\n<p>29. Para la erecci\u00f3n de un grupo local se requiere:<\/p>\n<ul>\n<li>Un n\u00famero m\u00ednimo de cinco miembros<\/li>\n<li>Al menos un proyecto com\u00fan de trabajo con los pobres, especialmente los ancianos<\/li>\n<li>La aprobaci\u00f3n de la Junta<\/li>\n<\/ul>\n<p>30. Los grupos locales ser\u00e1n aut\u00f3nomos en el manejo de sus fondos pero presentando informe permanente a sus juntas y en las asambleas.<\/p>\n<p>31. Los grupos locales podr\u00e1n entablar hermanamientos directamente o con la ayuda de la Junta Nacional, y siempre con su aprobaci\u00f3n, con otros grupos o instituciones locales, nacionales o internacionales.<\/p>\n<p>32. Los grupos locales podr\u00e1n organizarse aut\u00f3nomamente con personer\u00eda jur\u00eddica; los que no la tengan se la pedir\u00e1n al presidente nacional, quien delegar\u00e1 la representaci\u00f3n legal ad casum.<\/p>\n<p>33. Un grupo local podr\u00e1 ser disuelto por la Junta Nacional cuando:<\/p>\n<ol>\n<li>Se aleje del esp\u00edritu y la norma de estos Estatutos<\/li>\n<li>Se reduzca irremediablemente el n\u00famero m\u00ednimo de afiliados m\u00e1s all\u00e1 de lo previsto para su constituci\u00f3n<\/li>\n<li>Se llegue a una malversaci\u00f3n de los fondos<\/li>\n<li>Resulte imposible el mantenimiento de su proyecto de servicio a los pobres.<\/li>\n<\/ol>\n<p>34. Una vez sea disuelto un grupo local, corresponde a la Junta Nacional, velar por la reubicaci\u00f3n de los afiliados que merezcan continuar en la Fundaci\u00f3n y porque otro grupo mantenga el servicio a los pobres que dicho grupo sosten\u00eda, si es el caso.<\/p>\n<p><strong>I.III. Asambleas <\/strong><\/p>\n<p><strong>1) <\/strong><strong>De las asambleas en general<\/strong><\/p>\n<p>35. Las asambleas en general son, en su nivel, la instancia m\u00e1s importante de gobierno de la Fundaci\u00f3n; su fin es velar por el patrimonio institucional, espiritual y apost\u00f3lico de la Fundaci\u00f3n; son de tres tipos: internacional, nacional y local.<\/p>\n<p>36. Las atribuciones de todo tipo de asamblea son:<\/p>\n<ol>\n<li>Fijar los lineamientos para el cumplimiento de los fines de la Fundaci\u00f3n.<\/li>\n<li>Colaborar con reflexi\u00f3n y sugerencias para el programa de trabajo que la junta debe idear y realizar durante su mandato.<\/li>\n<li>Evaluar el trabajo desarrollado por la junta.<\/li>\n<li>Modificar o revocar las decisiones de la junta que vayan en contra de los fines de la Fundaci\u00f3n.<\/li>\n<li>Elegir presidente, fiscal, revisor fiscal, si es el caso.<\/li>\n<li>Remover a cualquiera de los miembros de la junta por incumplimiento de sus funciones, debidamente comprobado y no corregido oportunamente por el interesado.<\/li>\n<li>Aprobar o no el informe de tesorer\u00eda que rinda la junta.<\/li>\n<\/ol>\n<p>37. Las normas de todo tipo de asamblea son:<\/p>\n<ol>\n<li>La asistencia personal y no delegada de los asamble\u00edstas, tanto de los que asisten por derecho propio como de aquellos que son elegidos.<\/li>\n<li>La presencia de m\u00e1s de la mitad de los asamble\u00edstas para el qu\u00f3rum.<\/li>\n<li>La condici\u00f3n a paz y salvo con la Fundaci\u00f3n para la voz activa y la voz pasiva.<\/li>\n<li>La mayor\u00eda absoluta de votos para cualquier tipo de decisi\u00f3n excepto lo que tenga que ver con reforma de Estatutos o de Reglamentos, o primer escrutinio para la elecci\u00f3n de presidente\u00a0 (cf. 73,1; 103; 105;).<\/li>\n<li>La voz activa pero no pasiva de los agregados, los asesores y los peritos.<\/li>\n<\/ol>\n<p>38. Se tendr\u00e1n asambleas extraordinarias cuando:<\/p>\n<ol>\n<li>Lo amerite una problem\u00e1tica grave de la instancia de organizaci\u00f3n correspondiente;<\/li>\n<li>Su convocaci\u00f3n sea hecha por el presidente y aprobada por la junta;<\/li>\n<li>Las pida al menos una d\u00e9cima parte de los miembros de la organizaci\u00f3n correspondiente.<\/li>\n<\/ol>\n<p><strong>2) <\/strong><strong>De las asambleas internacionales <\/strong><\/p>\n<p>39. Asambleas internacionales son aquellas conformadas por: a) la Junta Internacional saliente; b) el Director General y\/o el Sub-director General; c) las juntas nacionales; d) los asesores que puedan participar; e) los agregados que acepten la invitaci\u00f3n; f) los expertos que invite la presidenta internacional, con voz pero sin voto.<\/p>\n<p>40. Las asambleas internacionales se llevar\u00e1n a cabo cada tres a\u00f1os, en fecha que incluya el 19 de junio y en un lugar escogido por la asamblea internacional precedente, para el logro de estos cinco objetivos:<\/p>\n<ol>\n<li>Analizar informes de la Junta Internacional y de las juntas nacionales.<\/li>\n<li>Evaluar y redise\u00f1ar la marcha general de la Fundaci\u00f3n.<\/li>\n<li>Estudiar y programar un asunto de particular actualidad eclesial o de servicio al pobre.<\/li>\n<li>Elegir la Junta Internacional.<\/li>\n<li>Estudiar y aprobar la reforma de Estatutos.<\/li>\n<\/ol>\n<p>41. Las atribuciones de la asamblea internacional son:<\/p>\n<ol>\n<li>Estudiar y aprobar la reforma de Estatutos bajo los criterios de unidad y descentralizaci\u00f3n..<\/li>\n<li>Elegir la Junta Internacional que estar\u00e1 conformada por la Junta Nacional del pa\u00eds que se escoja como sede de la siguiente asamblea internacional.<\/li>\n<li>Convocar a la siguiente asamblea internacional con la sola elecci\u00f3n del lugar y la fecha.<\/li>\n<\/ol>\n<p><strong>3) <\/strong><strong>De las asambleas nacionales\u00a0 <\/strong><\/p>\n<p>42. Asambleas nacionales son aquellas conformadas por: a) la Junta Nacional saliente b) las juntas locales o sus sustitutos <em>ad hoc, <\/em>nombrados colegialmente por los grupos locales; c) un representante por cada grupo de diez afiliados o fracci\u00f3n de los grupos locales elegidos en asamblea local; d) los asesores; e) los agregados que acepten la invitaci\u00f3n; f) los expertos que invite la presidencia nacional, con voz pero sin voto.<\/p>\n<p>43. Las asambleas nacionales se llevar\u00e1n a efecto al menos cada tres a\u00f1os, para el logro de estos cuatro objetivos:<\/p>\n<ol>\n<li>Analizar informes de la Junta Nacional y de los grupos locales.<\/li>\n<li>Evaluar y redise\u00f1ar la marcha nacional de la Fundaci\u00f3n, a la luz de la \u00faltima Asamblea Internacional.<\/li>\n<li>Tener un momento formativo.<\/li>\n<li>Elegir una nueva Junta Nacional.<\/li>\n<\/ol>\n<p>44. Las atribuciones de la Asamblea Nacional son:<\/p>\n<ol>\n<li>Aprobar el presupuesto anual de la Junta Nacional.<\/li>\n<li>Aprobar el l\u00edmite de gastos que puede hacer el Presidente Nacional sin consentimiento de la junta.<\/li>\n<li>Si es el caso, nombrar el revisor fiscal nacional y fijarle los honorarios.<\/li>\n<li>Nombrar a la comisi\u00f3n <em>ad hoc <\/em>de revisi\u00f3n de actas.<\/li>\n<\/ol>\n<p><strong>4) De las Asambleas locales<\/strong><\/p>\n<p>45. Asambleas locales son aquellas conformadas por: a) todos los miembros de un grupo local; b) los agregados que acepten la invitaci\u00f3n; c) los asesores; d) los expertos que invite el presidente local, con voz pero sin voto.<\/p>\n<p>46. Las asambleas locales se llevar\u00e1n a efecto al menos cada a\u00f1o, para el logro de estos objetivos:<\/p>\n<ol>\n<li>Evaluar los informes de gesti\u00f3n.<\/li>\n<li>Compartir informes de cada uno de los miembros y de las comisiones que se hayan organizado.<\/li>\n<li>Evaluar y orientar la marcha del grupo local y sus obras.<\/li>\n<li>Adelantar actividades comunes de formaci\u00f3n permanente.<\/li>\n<li>Elegir nueva junta local, si es el caso.<\/li>\n<\/ol>\n<p>47. Las atribuciones de la asamblea local son:<\/p>\n<ol>\n<li>Aprobar o reformar el Reglamento.<\/li>\n<li>Aprobar el informe anual de la junta coordinadora.<\/li>\n<li>Aprobar el informe financiero anual.<\/li>\n<li>Aprobar el presupuesto para el a\u00f1o siguiente.<\/li>\n<li>Aprobar el l\u00edmite de gastos que pueda hacer el presidente local sin consultar a la junta.<\/li>\n<li>Responder con su decisi\u00f3n a las apelaciones planteadas por los afiliados afectados con alguna sanci\u00f3n.<\/li>\n<li>Si es el caso, nombrar el revisor fiscal y fijarle los honorarios.<\/li>\n<\/ol>\n<p><strong>I.IV. Juntas <\/strong><\/p>\n<p><strong>1) <\/strong><strong>De las juntas en general <\/strong><\/p>\n<p>48. Las juntas en general son el \u00f3rgano ejecutivo de las pol\u00edticas y de las decisiones tomadas por las asambleas; est\u00e1n al servicio de la instituci\u00f3n, de sus miembros y de los beneficiados; velan por el cultivo ordinario del patrimonio institucional de la Fundaci\u00f3n en el nivel correspondiente; tienen el encargo de animar, coordinar y administrar, a los miembros y estructuras de su \u00e1mbito; son elegidas en las asambleas correspondientes.<\/p>\n<p>49. Para ser elegido integrante de cualquier junta se requiere:<\/p>\n<ol>\n<li>Ser miembro afiliado de la Fundaci\u00f3n.<\/li>\n<li>Estar a paz y salvo con la Fundaci\u00f3n.<\/li>\n<\/ol>\n<p>50. Las funciones de las juntas son:<\/p>\n<ol>\n<li>Resolver los asuntos de la Fundaci\u00f3n que necesiten interpretaci\u00f3n de los Estatutos o los Reglamentos, seg\u00fan el caso, o est\u00e9n en contradicci\u00f3n con ellos.<\/li>\n<li>Elaborar programas, adelantar obras o hacer inversiones, pedidas por los Estatutos, los Reglamentos o las asambleas.<\/li>\n<li>Organizar cursos o encuentros que favorezcan el intercambio y la formaci\u00f3n.<\/li>\n<li>Fomentar la amistad entre los miembros y salvar por encima de todo la unidad de la Fundaci\u00f3n.<\/li>\n<li>Apoyar a los grupos locales en el desarrollo de su formaci\u00f3n y su acci\u00f3n.<\/li>\n<li>Estudiar y resolver los casos que tengan que ver con est\u00edmulos, sanciones o expulsi\u00f3n de miembros.<\/li>\n<li>Aprobar la postulaci\u00f3n de agregados.<\/li>\n<li>Planear, coordinar y supervisar las labores que se desarrollen a favor de los beneficiados.<\/li>\n<li>Conformar las comisiones necesarias para el logro de los fines de la Fundaci\u00f3n, o disolverlas.<\/li>\n<li>Procurar la vinculaci\u00f3n de organismos oficiales o privados, locales, nacionales o internacionales, para el desarrollo socio-econ\u00f3mico o cultural de la Fundaci\u00f3n.<\/li>\n<li>Administrar los fondos comunes.<\/li>\n<li>Fijar la cuant\u00eda de la fianza que deba prestar el tesorero para garantizar el manejo de los fondos puestos bajo su cuidado.<\/li>\n<li>Autorizar la adquisici\u00f3n o la venta, y el destino de bienes de la Fundaci\u00f3n, en su nivel.<\/li>\n<li>Preparar las asambleas de su nivel.<\/li>\n<li>Mantener permanente integraci\u00f3n con la Familia Vicentina de su nivel y coordinar con los representantes de las otras ramas las actividades comunes de formaci\u00f3n y de servicio a los pobres.<\/li>\n<\/ol>\n<p>51. Los per\u00edodos de las juntas corresponden a los de sus respectivos presidentes, pero teniendo en cuenta que la redesignaci\u00f3n o reelecci\u00f3n de los otros integrantes es siempre indefinida.<\/p>\n<p>52. Las normas de todo tipo de junta son:<\/p>\n<ol>\n<li>La presencia de m\u00e1s de la mitad de sus integrantes para el qu\u00f3rum.<\/li>\n<li>La mayor\u00eda absoluta de votos para cualquier tipo de decisi\u00f3n.<\/li>\n<\/ol>\n<p><strong>2) <\/strong><strong>De la Junta Internacional<\/strong><\/p>\n<p>53. La Junta Internacional estar\u00e1 conformada por la Junta Nacional del pa\u00eds donde se realizar\u00e1 la Asamblea Internacional y por el Director General y\/o el Sub-director General.<\/p>\n<p>54. Su elecci\u00f3n se har\u00e1 de la siguiente manera:<\/p>\n<p>a) La Asamblea Internacional elegir\u00e1 el lugar de la siguiente Asamblea Internacional.<\/p>\n<p>b) Autom\u00e1ticamente, la Junta Nacional del pa\u00eds correspondiente asume al mismo tiempo la condici\u00f3n de Junta Internacional.<\/p>\n<p>55. Las reuniones de la Junta Internacional corresponden a las de la Junta Nacional que detenta esta doble condici\u00f3n, por lo que siempre deber\u00e1 incluir en su agenda un momento para los asuntos internacionales.<\/p>\n<p>56. Las funciones de la Junta Internacional son:<\/p>\n<ol>\n<li>Reconocer formalmente la existencia de nuevas juntas nacionales.<\/li>\n<li>Mantener la comunicaci\u00f3n con las juntas nacionales y de \u00e9stas entre s\u00ed.<\/li>\n<li>Conservar un archivo de los asuntos que le competen.<\/li>\n<li>Sostener un medio de comunicaci\u00f3n permanente que asegure el intercambio de informaci\u00f3n, experiencias y recursos de los grupos locales de los diversos pa\u00edses.<\/li>\n<li>Programar y coordinar o delegar la coordinaci\u00f3n de los encuentros internacionales de la Fundaci\u00f3n.<\/li>\n<li>Buscar recursos financieros ante instancias de ayuda en beneficio de los programas internacionales, nacionales y locales.<\/li>\n<li>Impulsar una red de hermanamiento a favor de los grupos locales y sus obras m\u00e1s necesitadas.<\/li>\n<\/ol>\n<p><strong>3) <\/strong><strong>De la Junta Nacional<\/strong><\/p>\n<p>57. La Junta Nacional estar\u00e1 conformada por:<\/p>\n<ul>\n<li>El presidente<\/li>\n<li>El vice-presidente<\/li>\n<li>El secretario<\/li>\n<li>El tesorero<\/li>\n<li>Un n\u00famero de vocales correspondiente a los grupos locales<\/li>\n<li>El fiscal<\/li>\n<li>Los asesores.<\/li>\n<\/ul>\n<p>58. Su elecci\u00f3n se har\u00e1 de la siguiente manera:<\/p>\n<ol>\n<li>La Asamblea Nacional elegir\u00e1 la sede de la nueva Junta Nacional.<\/li>\n<li>Una vez escogida la sede, su correspondiente grupo local proceder\u00e1 a presentar a consideraci\u00f3n de la asamblea una terna para la elecci\u00f3n de presidente nacional.<\/li>\n<li>Hecha la elecci\u00f3n de presidente nacional, \u00e9ste proceder\u00e1 a designar el vice-presidente, el secretario y el tesorero.<\/li>\n<li>Los vocales ser\u00e1n los presidentes de los grupos locales.<\/li>\n<li>El fiscal ser\u00e1 elegido de entre los presidentes locales.<\/li>\n<\/ol>\n<p>59. Las reuniones de la Junta Nacional ser\u00e1n de dos tipos: plenas y permanentes.<\/p>\n<ol>\n<li>Las reuniones plenas son aquellas en las que deben participar todos los miembros de la junta; se har\u00e1n al menos una vez al a\u00f1o.<\/li>\n<li>Las reuniones permanentes son aquellas en las que la presencia de los vocales no es obligatoria sino optativa, se har\u00e1n al menos cada dos meses.<\/li>\n<\/ol>\n<p>60. Las funciones de la Junta Nacional son:<\/p>\n<ol>\n<li>Elaborar, ejecutar y renovar los proyectos nacionales de formaci\u00f3n, humana, t\u00e9cnica, vicentina y pastoral, pedidos por las asambleas.<\/li>\n<li>Evaluar, orientar e impulsar los procesos de acci\u00f3n de car\u00e1cter nacional de la Fundaci\u00f3n.<\/li>\n<li>Aprobar los Reglamentos Particulares de los grupos.<\/li>\n<li>Impulsar y aprobar la creaci\u00f3n de nuevos grupos locales.<\/li>\n<li>Disolver grupos locales cuando las circunstancias lo requieran.<\/li>\n<li>Mantener la comunicaci\u00f3n con los grupos locales y una red de informaci\u00f3n entre ellos, para favorecer el enriquecimiento mutuo y el sentido de pertenencia.<\/li>\n<li>Coordinar los encuentros regionales y nacionales de la Fundaci\u00f3n.<\/li>\n<li>Buscar recursos financieros ante instituciones de ayuda en beneficio de los programas nacionales y locales.<\/li>\n<li>Impulsar una red de hermanamiento en favor de los grupos locales y sus obras m\u00e1s necesitadas.<\/li>\n<li>Organizar una jornada anual de solidaridad para allegar fondos que le ayuden a financiar su propio funcionamiento y a apoyar a los grupos locales m\u00e1s necesitados.<\/li>\n<li>Convocar, organizar y coordinar las asambleas nacionales hasta el momento de la elecci\u00f3n de una nueva Junta Nacional.<\/li>\n<li>Proponer la reforma de los Estatutos.<\/li>\n<li>Responder con su decisi\u00f3n a las apelaciones planteadas por los afiliados afectados con alguna sanci\u00f3n.<\/li>\n<\/ol>\n<p><strong>4) <\/strong><strong>De la junta local <\/strong><\/p>\n<p>61. La junta local estar\u00e1 compuesta por:<\/p>\n<ul>\n<li>El presidente<\/li>\n<li>El vice-presidente<\/li>\n<li>El secretario<\/li>\n<li>El tesorero<\/li>\n<li>Un vocal<\/li>\n<li>Un revisor fiscal<\/li>\n<li>Los asesores<\/li>\n<li>Los afiliados que quieran asistir, con voz pero sin voto.<\/li>\n<\/ul>\n<p>62. Su elecci\u00f3n se har\u00e1 de la siguiente manera: cada uno de sus integrantes ser\u00e1 elegido en votaciones distintas y de manera directa por los asamble\u00edstas.<\/p>\n<p>63. Las reuniones de la junta local se har\u00e1n al menos cada mes.<\/p>\n<p>64. Las funciones de la junta local son:<\/p>\n<ol>\n<li>Evaluar la realizaci\u00f3n de los planes, proyectos, programas e inversiones, por lo menos cada tres meses, y tomar las medidas que aseguren su ejecuci\u00f3n.<\/li>\n<li>Presentar a la asamblea local reformas del Reglamento.<\/li>\n<li>Fomentar la pastoral de los grupos locales.<\/li>\n<li>Aplicar a los afiliados los est\u00edmulos o sanciones que se merezcan.<\/li>\n<li>Buscar fondos que ayuden al sostenimiento de las obras.<\/li>\n<li>Presentar a consideraci\u00f3n y aprobaci\u00f3n de la asamblea el presupuesto anual.<\/li>\n<li>Revisar y fenecer en primera instancia las cuentas que presente el tesorero con el visto bueno del revisor fiscal.<\/li>\n<li>Aprobar los gastos que no hayan sido incluidos en el presupuesto anual y que sean superiores a un salario m\u00ednimo.<\/li>\n<li>Organizar dos celebraciones comunitarias al a\u00f1o:\n<ol>\n<li>Una con motivo de la fiesta de Santa Luisa de Marillac, el 15 de marzo<\/li>\n<li>Otra con motivo de la fiesta de San Vicente de Pa\u00fal, el 27 de septiembre.<\/li>\n<\/ol>\n<\/li>\n<li>Motivar y asegurar la integraci\u00f3n de los grupos locales con la Familia Vicentina del lugar.<\/li>\n<\/ol>\n<p><strong>I.V. Cargos de animaci\u00f3n y gobierno<\/strong><\/p>\n<p><strong>1) <\/strong><strong>De los Presidentes <\/strong><\/p>\n<p>65. Los presidentes son miembros de la Fundaci\u00f3n que reciben por votaci\u00f3n directa el encargo de animarla y gobernarla en su nivel correspondiente, con miras al cumplimiento de los Estatutos o Reglamentos y de las decisiones de las asambleas.<\/p>\n<p>66. Los requisitos para el ejercicio de la presidencia son:<\/p>\n<ol>\n<li>Ser miembro afiliado<\/li>\n<li>Actuar <em>ad honorem<\/em><\/li>\n<li>Tener capacidades, solvencia moral y disponibilidad para este servicio.<\/li>\n<\/ol>\n<p>67. La elecci\u00f3n de presidentes se deber\u00e1 hacer en una asamblea, por votaci\u00f3n directa y secreta y por mayor\u00eda de votos seg\u00fan este orden:<\/p>\n<ol>\n<li>M\u00e1s de las dos terceras partes en una primera votaci\u00f3n.<\/li>\n<li>Mayor\u00eda absoluta en una segunda votaci\u00f3n.<\/li>\n<li>Mayor\u00eda relativa en una tercera votaci\u00f3n.<\/li>\n<\/ol>\n<p>68. El per\u00edodo de los presidentes es:<\/p>\n<ol>\n<li>Del presidente nacional de tres a\u00f1os, con posibilidad solo de dos reelecciones continuas.<\/li>\n<li>Del presidente local de dos a\u00f1os, con posibilidad de solo una reelecci\u00f3n inmediata.<\/li>\n<\/ol>\n<p>69. Las funciones de los presidentes en general son:<\/p>\n<ol>\n<li>Hacer presente a Cristo buen pastor entre los miembros y los beneficiados de la Fundaci\u00f3n, con actitudes de cercan\u00eda y de servicio, y de firmeza en el ejercicio de la autoridad.<\/li>\n<li>Velar porque los pobres sean adecuadamente servidos por los miembros y los empleados de la Fundaci\u00f3n.<\/li>\n<li>Orientar las actividades de la Fundaci\u00f3n hacia los fines previstos en los Estatutos.<\/li>\n<li>Llevar a fiel cumplimiento las orientaciones y decisiones de las asambleas y de la junta.<\/li>\n<li>Fomentar la corresponsabilidad de los integrantes de la junta y de los miembros de la Fundaci\u00f3n.<\/li>\n<li>Elaborar la agenda de las reuniones de la junta.<\/li>\n<li>Presidir las reuniones de la junta y las correspondientes asambleas hasta el nombramiento de su reemplazo.<\/li>\n<li>Avalar con su firma las actas de las asambleas y de la junta.<\/li>\n<li>Presentar a la junta sugerencias de reforma de los Estatutos o los Reglamentos.<\/li>\n<li>Estudiar y proponer a la junta la creaci\u00f3n de comisiones o la provisi\u00f3n de cargos que necesite el desarrollo de la Fundaci\u00f3n.<\/li>\n<li>Ser el ordenador de los gastos.<\/li>\n<li>Realizar los actos administrativos y celebrar los contratos que estime convenientes para el adecuado desarrollo de la Fundaci\u00f3n, de acuerdo con las disposiciones de las asambleas o de la junta, seg\u00fan el caso.<\/li>\n<li>Revisar y aprobar los informes financieros que se han de rendir a las asambleas, y los presupuestos que se deben presentar a su consideraci\u00f3n.<\/li>\n<li>Buscar las instancias jur\u00eddicas necesarias, para la defensa de los intereses de la Fundaci\u00f3n.<\/li>\n<li>Mantener comunicaci\u00f3n a todos los niveles y con todas las instancias e instituciones de la Fundaci\u00f3n o relativas a ella.<\/li>\n<li>Ejercer la representaci\u00f3n oficial de la Fundaci\u00f3n ante la sociedad, las autoridades civiles y eclesi\u00e1sticas y la Familia Vicentina del \u00e1mbito correspondiente.<\/li>\n<li>Representar a la Fundaci\u00f3n o delegar esa representatividad, en los eventos e instituciones de car\u00e1cter local, regional, nacional o internacional.<\/li>\n<li>Convocar al final de cada reuni\u00f3n de la junta para la siguiente, precisando la fecha, la hora, el lugar y la tem\u00e1tica general de la agenda.<\/li>\n<li>Invitar a las asambleas a los agregados, y a los expertos que considere oportunos.<\/li>\n<\/ol>\n<p>70. Las funciones espec\u00edficas del presidente internacional son:<\/p>\n<ol>\n<li>Ser la imagen corporativa de la Fundaci\u00f3n a nivel internacional.<\/li>\n<li>Representar a la Fundaci\u00f3n en los encuentros de animadores de la Familia Vicentina a nivel internacional.<\/li>\n<li>Mantener estrecha relaci\u00f3n con los presidentes nacionales.<\/li>\n<\/ol>\n<p>71. Las funciones espec\u00edficas del presidente nacional son:<\/p>\n<ol>\n<li>Designar los integrantes de la junta que le corresponden.<\/li>\n<li>Convocar a las asambleas nacionales, y a asambleas extraordinarias nacionales o locales con la aprobaci\u00f3n de la Junta Nacional.<\/li>\n<li>Ser la imagen corporativa de la Fundaci\u00f3n a nivel nacional.<\/li>\n<li>Delegar <em>ad casum <\/em>la representaci\u00f3n legal.<\/li>\n<li>Representar a la Fundaci\u00f3n en la junta coordinadora vicentina de su pa\u00eds.<\/li>\n<\/ol>\n<p>72. Las funciones espec\u00edficas de los presidentes locales son:<\/p>\n<ol>\n<li>Ejercer el cargo de vocal y cualquier otro para el que fuera designado o elegido en la Junta Nacional.<\/li>\n<li>Mantener estrecha relaci\u00f3n con el presidente nacional.<\/li>\n<li>Representar al grupo en la Junta Coordinadora Vicentina Local.<\/li>\n<li>Nombrar al personal asalariado de las obras, despu\u00e9s de consultar a la junta.<\/li>\n<\/ol>\n<p><strong>2) <\/strong><strong>De los Vice-presidentes<\/strong><\/p>\n<p>73. Las funciones de los vice-presidentes son:<\/p>\n<ol>\n<li>Asumir el cargo de presidente por el resto del per\u00edodo en caso de ausencia definitiva, o interinamente en caso de ausencia temporal.<\/li>\n<li>Apoyar al presidente en sus iniciativas, proyectos y determinaciones.<\/li>\n<li>Cooperar con los dem\u00e1s miembros de la junta para la buena marcha de la Fundaci\u00f3n.<\/li>\n<li>Animar las relaciones sociales de la Fundaci\u00f3n, con su preocupaci\u00f3n por la armon\u00eda entre los miembros, la sinton\u00eda de los benefactores, el bienestar de los beneficiados, la cercan\u00eda con la Familia Vicentina y el contacto con las instituciones afines.<\/li>\n<\/ol>\n<p><strong>3) <\/strong><strong>De los Tesoreros<\/strong><\/p>\n<p>74. Las funciones de los tesoreros son:<\/p>\n<ol>\n<li>Responder por los fondos de la Fundaci\u00f3n y constituir las fianzas o garant\u00edas que le sean exigidas por los organismos oficiales o las juntas.<\/li>\n<li>Guardar los fondos de la Fundaci\u00f3n, con la ayuda de entidades financieras legales, id\u00f3neas y honestas.<\/li>\n<li>Tomar iniciativas que contribuyan a allegar fondos y a hacerlos rendir.<\/li>\n<li>Efectuar los pagos autorizados por los presidentes.<\/li>\n<li>Llevar al d\u00eda los libros de contabilidad, verificando estrictamente las entradas y salidas.<\/li>\n<li>Conservar los respectivos comprobantes, debidamente fichados, enumerados y firmados, de acuerdo con las normas vigentes.<\/li>\n<li>Firmar, conjuntamente con el presidente o el vice-presidente, los cheques y documentos relativos a dinero y bienes, conforme con las autorizaciones dadas por las asambleas, las juntas o los presidentes.<\/li>\n<li>Rendir a las juntas los informes de tesorer\u00eda aprobados previamente por el revisor fiscal.<\/li>\n<\/ol>\n<p><strong>4) <\/strong><strong>De los Secretarios <\/strong><\/p>\n<p>75. Las funciones de los secretarios son:<\/p>\n<ol>\n<li>Redactar las actas de las asambleas y de las juntas.<\/li>\n<li>Llevar la correspondencia.<\/li>\n<li>Ayudar al presidente en la preparaci\u00f3n de las agendas.<\/li>\n<li>Apoyar al presidente en la preparaci\u00f3n de los informes de presentar a las asambleas o juntas.<\/li>\n<li>Responsabilizarse de los ficheros, los archivos y los dem\u00e1s documentos de la Fundaci\u00f3n.<\/li>\n<li>Llevar la hoja de vida de cada uno de los miembros de la Fundaci\u00f3n y de los beneficiados.<\/li>\n<li>Elaborar y mantener actualizado el historial.<\/li>\n<\/ol>\n<p>76. Las actas de asambleas, juntas o comisiones incluir\u00e1n siempre al menos los siguientes asuntos:<\/p>\n<ol>\n<li>Lugar y fecha de la reuni\u00f3n<\/li>\n<li>Nombre de los asistentes<\/li>\n<li>Relaci\u00f3n general de los debates<\/li>\n<li>Decisiones adoptadas por votaci\u00f3n, con el n\u00famero correspondiente a favor y en contra<\/li>\n<li>Constancias que se requieran dejar de acuerdo a las leyes de cada pa\u00eds<\/li>\n<li>Firmas del presidente y el secretario.<\/li>\n<\/ol>\n<p>77. Las actas de las asambleas internacionales, nacionales y locales deben ser aprobadas por una comisi\u00f3n <em>ad hoc<\/em>, nombrada por la misma asamblea.<\/p>\n<p>78. Las actas pueden pasar a los libros y los archivos con las solas firmas del presidente y el secretario.<\/p>\n<p><strong>5) <\/strong><strong>De los Vocales<\/strong><\/p>\n<p>79. Las funciones de los vocales son:<\/p>\n<ol>\n<li>Asistir a las reuniones de las juntas.<\/li>\n<li>Representar a los afiliados en las juntas.<\/li>\n<li>Asesorar a las juntas en sus an\u00e1lisis y determinaciones.<\/li>\n<li>Desempe\u00f1ar las funciones que las juntas les deleguen.<\/li>\n<\/ol>\n<p><strong>6) <\/strong><strong>De los Fiscales <\/strong><\/p>\n<p>80. Las funciones de los fiscales son:<\/p>\n<ol>\n<li>Velar por el cumplimiento de los Estatutos y los Reglamentos, y de las decisiones de las asambleas y las juntas.<\/li>\n<li>Evaluar los resultados del trabajo y su conformidad con los fines de la Fundaci\u00f3n.<\/li>\n<li>Pedir a los presidentes la convocatoria a asambleas extraordinarias o a reuniones extraordinarias de la junta, cuando lo requiera el cumplimiento de sus funciones fiscalizadoras.<\/li>\n<\/ol>\n<p><strong>7) <\/strong><strong>De los Asesores<\/strong><\/p>\n<p>81. Son aquellos Misioneros o Hijas de la Caridad designados para ayudar en la espiritualidad y la formaci\u00f3n de los miembros, los grupos, los beneficiados, y las instancias de animaci\u00f3n y gobierno de la Fundaci\u00f3n.<\/p>\n<p>82. Las funciones del Director General y de su Delegado, el Sub-director General son :<\/p>\n<ol>\n<li>Animar la vitalidad del carisma vicentino en la Fundaci\u00f3n y la formaci\u00f3n espiritual y vicentina de sus miembros;<\/li>\n<li>Apoyar a la Fundaci\u00f3n en sus relaciones con las otras ramas de la Familia Vicentina y con instituciones civiles y eclesi\u00e1sticas;<\/li>\n<li>Participar en las Asambleas y\/o las Juntas Internacionales, con voz y voto;<\/li>\n<li>Visitar, cuando sea posible y le parezca conveniente, a la Fundaci\u00f3n en cualquiera de sus instancias.<\/li>\n<\/ol>\n<p>83. El asesor nacional y los asesores locales ser\u00e1n nombrados por el visitador provincial de la Congregaci\u00f3n de la Misi\u00f3n; la asesora nacional por las visitadoras provinciales de la Compa\u00f1\u00eda de las Hijas de la Caridad de com\u00fan acuerdo; las asesoras locales por las visitadoras de la provincia correspondiente.<\/p>\n<p>84. El asesor y la asesora internacionales ser\u00e1n los nacionales del pa\u00eds de la Junta Internacional.<\/p>\n<p>85. Las funciones de los asesores son:<\/p>\n<ol>\n<li>Promover la santificaci\u00f3n de los afiliados y los agregados mediante la preparaci\u00f3n y acompa\u00f1amiento de proyectos formativos.<\/li>\n<li>Transmitir a los miembros y a las instancias de organizaci\u00f3n la espiritualidad vicentina y los elementos caracter\u00edsticos del carisma.<\/li>\n<li>Favorecer el conocimiento de la Biblia y de los documentos del magisterio de la Iglesia, de la liturgia y de la doctrina vicentina entre los miembros de la Fundaci\u00f3n.<\/li>\n<li>Motivar y acompa\u00f1ar a los miembros en su esfuerzo por ejercer un servicio evangelizador a favor de los beneficiados.<\/li>\n<li>Asesorar a quien lo requiera en el funcionamiento general de la Fundaci\u00f3n.<\/li>\n<\/ol>\n<p>86. Los asesores participar\u00e1n en las asambleas y en las juntas con voz pero sin voto.<\/p>\n<p><strong>8) <\/strong><strong>De los Revisores fiscales <\/strong><\/p>\n<p>87. Las funciones de los revisores fiscales son:<\/p>\n<ol>\n<li>Ejercer un control permanente sobre los bienes y fondos de la Fundaci\u00f3n.<\/li>\n<li>Denunciar ante los presidentes o las asambleas cualquier irregularidad que encuentren en el manejo de los bienes o la ineficiencia en la gesti\u00f3n de tesorer\u00eda.<\/li>\n<li>Vigilar que los fondos sean invertidos en necesidades reales y en proyectos propios de la Fundaci\u00f3n.<\/li>\n<li>Revisar los libros contables.<\/li>\n<li>Aprobar o no el informe que el tesorero debe presentar a la junta.<\/li>\n<li>Presentar a la junta un informe semestral sobre la situaci\u00f3n econ\u00f3mica de la Fundaci\u00f3n.<\/li>\n<li>Revisar y firmar los documentos que exigen las disposiciones legales vigentes.<\/li>\n<li>Revisar las cuentas pagadas por la tesorer\u00eda y comprobar si corresponden a gastos autorizados por las asambleas o las juntas y ordenados por los presidentes.<\/li>\n<\/ol>\n<h3><strong>II. Patrimonio econ\u00f3mico <\/strong><\/h3>\n<p><em>\u201c\u00bfY qui\u00e9n de ustedes, por m\u00e1s que lo intente, puede alargar su vida una hora? Por tanto, si nada pueden hacer en estas cosas tan peque\u00f1as, \u00bfpor qu\u00e9 se inquietan de lo dem\u00e1s? F\u00edjense c\u00f3mo crecen los lirios; no se fatigan ni tejen, pero les digo que ni Salom\u00f3n en todo su esplendor se visti\u00f3 como uno de ellos. Y si Dios viste as\u00ed a la hierba, que hoy est\u00e1 en el campo y ma\u00f1ana se echa al fuego, \u00bfcu\u00e1nto m\u00e1s har\u00e1 por ustedes, hombres de poca fe? As\u00ed que ustedes no se inquieten buscando qu\u00e9 comer\u00e1n o qu\u00e9 beber\u00e1n. Por todo eso se inquieta la gente del mundo, pero su Padre ya sabe lo que necesitan. Busquen m\u00e1s bien su Reino, y \u00c9l les dar\u00e1 lo dem\u00e1s\u201d\u00a0\u00a0<\/em>(Lc 12, 25-31)<\/p>\n<p>88. El patrimonio econ\u00f3mico de la Fundaci\u00f3n Vicentina Luisa de Marillac estar\u00e1 conformado por:<\/p>\n<ol>\n<li>Las donaciones, los legados o los suministros gratuitos de cualquier \u00edndole que le hagan instituciones p\u00fablicas o privadas, o personas particulares.<\/li>\n<li>Los dem\u00e1s bienes que adquiera como persona jur\u00eddica y el producto de los ingresos o aprovechamiento que obtenga por cualquier otro concepto.<\/li>\n<\/ol>\n<p>89. Dada su condici\u00f3n de entidad sin \u00e1nimo de lucro, los ingresos y eventuales utilidades se invertir\u00e1n en servicios que favorezcan el logro de los fines de la Fundaci\u00f3n; por el mismo motivo los bienes y los recursos en general solo podr\u00e1n destinarse a la creaci\u00f3n de obras de inter\u00e9s com\u00fan y al sostenimiento de sus servicios.<\/p>\n<p>90. Los grupos locales y sus correspondientes juntas son corresponsables del sostenimiento de las estructuras de animaci\u00f3n y gobierno nacional, para lo que entregar\u00e1n a la Junta Nacional un aporte anual que ser\u00e1 acordado en la asamblea nacional.<\/p>\n<p>91. As\u00ed mismo, cada uno de los afiliados expresar\u00e1 su sentido de pertenencia a la Fundaci\u00f3n y su corresponsabilidad con las estructuras y las obras, con una cuota anual que entregar\u00e1 a la junta local, equivalente a lo acordado en la asamblea nacional.<\/p>\n<p>92. Tanto los presidentes, como los dem\u00e1s integrantes de las juntas, o cualquier afiliado al que se le encomiende una misi\u00f3n especial, tienen derecho a que la Fundaci\u00f3n le cubra de sus fondos los gastos necesarios y posibles, y solo \u00e9stos.<\/p>\n<h3><strong>III. Disposiciones finales <\/strong><\/h3>\n<p>93. Los distintivos propios de la Fundaci\u00f3n son el escudo, la bandera y el lema; los que al imprimirse integrar\u00e1n los tres colores propios:<\/p>\n<ol>\n<li>El blanco, signo de la pureza y rectitud de intenci\u00f3n de su servicio.<\/li>\n<li>El verde, signo de la esperanza que da al pobre con su entrega.<\/li>\n<li>El rojo, signo del amor cristiano con el que cumple su misi\u00f3n.<\/li>\n<\/ol>\n<p>94. El escudo, que data de los primeros tiempos de la Fundaci\u00f3n, es un bot\u00f3n con una cruz centrada, con las iniciales del nombre oficial en sus cuatro \u00e1ngulos.<\/p>\n<p>95. La bandera constar\u00e1 de tres franjas horizontales de igual tama\u00f1o.<\/p>\n<p>96. El lema, \u201cservimos integralmente al pobre con amor cristiano\u201d, se imprimir\u00e1 bajo el logotipo de un anciano.<\/p>\n<p>97. La Fundaci\u00f3n Vicentina Luisa de Marillac tiene una duraci\u00f3n indefinida, pero podr\u00e1 disolverse y liquidarse por voluntad de sus miembros o por mandato legal. En el primer caso, ser\u00e1n necesarias las dos terceras partes de sus afiliados, con votos emitidos en dos asambleas, celebradas en d\u00edas diferentes.<\/p>\n<p>98. Disuelta la Fundaci\u00f3n, se proceder\u00e1 a su liquidaci\u00f3n de la siguiente manera:<\/p>\n<ul>\n<li>Ante todo se pagar\u00e1n las obligaciones pendientes con los empleados, con terceros y las contra\u00eddas con los afiliados.<\/li>\n<li>Los bienes muebles e inmuebles pasar\u00e1n a ser propiedad de la Compa\u00f1\u00eda de las Hijas de la Caridad o de la Congregaci\u00f3n de la Misi\u00f3n, de modo que cualquiera de ellas contin\u00fae la labor a favor de los pobres, con la colaboraci\u00f3n de la Familia Vicentina.<\/li>\n<li>Actuar\u00e1 como liquidador la persona que designe la asamblea nacional o, en su defecto, el \u00faltimo presidente nacional.<\/li>\n<\/ul>\n<p>99. Los presentes Estatutos, que son el derecho propio de la Fundaci\u00f3n, rigen desde el momento de su aprobaci\u00f3n por parte de la I Asamblea Internacional, y solo podr\u00e1n ser modificados por una Asamblea Internacional, en dos sesiones diferentes, y con el voto de por lo menos las dos terceras partes de los asamble\u00edstas.<\/p>\n<p>LOS PRESENTES ESTATUTOS DE LA FUNDACI\u00d3N VICENTINA LUISA DE MARILLAC, FUERON APROBADOS POR LA I\u00aa \u00a0\u00a0ASAMBLEA INTERNACIONAL, TENIDA EN LA CIUDAD DE CALI, COLOMBIA, DEL 23 AL 29 DE NOVIEMBRE DE 2009.<\/p>\n<p><strong>Decreto \u00fanico:<\/strong> Todos los grupos locales existentes, coordinados por sus juntas, deben proceder a elaborar sus Reglamentos particulares, a aprobarlos en asambleas locales, y a someterlos a la aprobaci\u00f3n de la Junta Nacional, en un t\u00e9rmino no superior a los dos a\u00f1os, a partir de la fecha de esta I\u00aa Asamblea Internacional.<\/p>\n<h2><strong>Glosario<\/strong><\/h2>\n<p><strong><em>Ad casum<\/em><\/strong><strong>: <\/strong>expresi\u00f3n latina que significa literalmente \u201cpara un caso\u201d y se refiere a lo que se delega para asuntos espec\u00edficos.<\/p>\n<p><strong><em>Ad hoc: <\/em><\/strong>expresi\u00f3n latina que significa literalmente \u201cpara esto\u201d y se refiere a lo que se hace para un fin determinado y preciso.<\/p>\n<p><strong><em>Ad honorem: <\/em><\/strong>expresi\u00f3n latina que significa literalmente \u201cpara honor\u201d y se refiere al t\u00edtulo o empleo que se asume sin retribuci\u00f3n econ\u00f3mica.<\/p>\n<p><strong>Aprobaci\u00f3n: <\/strong>acci\u00f3n y efecto de reconocimiento oficial de la existencia de un grupo local por parte de la Junta Nacional.<\/p>\n<p><strong>Apelaci\u00f3n: <\/strong>acci\u00f3n que ejerce como derecho propio, cualquier persona o instituci\u00f3n dentro de la Fundaci\u00f3n, para pedir a una instancia superior que revoque la sentencia del inferior.<\/p>\n<p><strong>Asesor: <\/strong>Misionero Vicentino o Hija de la Caridad, que presta el servicio de aconsejar o de ilustrar, desde su especialidad espiritual, teol\u00f3gica o can\u00f3nica, a cualquiera de las instancias o personas de la Fundaci\u00f3n; su papel es particularmente importante en lo relativo a la formaci\u00f3n.<\/p>\n<p><strong>Bienes inmuebles: <\/strong>aquellos que no pueden trasladarse; equivale a bienes ra\u00edces.<\/p>\n<p><strong>Bienes muebles: <\/strong>aquellos que pueden trasladarse.<\/p>\n<p><strong>Carisma: <\/strong>don del Esp\u00edritu Santo dado a una o varias personas en beneficio de la unidad de la Iglesia; se refiere en sentido vicentino al que recibieron Vicente de Pa\u00fal, Luisa de Marillac y los dem\u00e1s fundadores de las diversas ramas.<\/p>\n<p><strong>Consejos evang\u00e9licos: <\/strong>son aquellas caracter\u00edsticas propias del estilo de vida de Jes\u00fas de Nazaret, de castidad, pobreza y obediencia, que en algunos momentos de la historia de la Iglesia se han considerado como exclusivas de los religiosos por los votos que hacen, pero que en realidad obligan a todo bautizado por su condici\u00f3n de disc\u00edpulo.<\/p>\n<p><strong>Contrato: <\/strong>pacto entre dos o m\u00e1s personas o instituciones; documento que lo acredita.<\/p>\n<p><strong>Derecho propio: <\/strong>el conjunto de elementos jur\u00eddicos que rigen la marcha de la Fundaci\u00f3n, recogidos en los Estatutos y dem\u00e1s documentos aprobados por las autoridades de la Fundaci\u00f3n.<\/p>\n<p><strong>Elecci\u00f3n: <\/strong>proceso por el cual una persona es escogida por medio de una votaci\u00f3n para un servicio de autoridad o de responsabilidad.<\/p>\n<p><strong>Espiritualidad: <\/strong>conjunto de convicciones, actitudes y virtudes con que se asume el compromiso t\u00edpicamente vicentino de seguir a Jesucristo en la entrega a los pobres.<\/p>\n<p><strong>Estatutos: <\/strong>conjunto de principios y normas que, inspiradas en el carisma vicentino, rigen las diversas instancias de gobierno, administraci\u00f3n y animaci\u00f3n de la Fundaci\u00f3n; son el punto de partida de su derecho propio, est\u00e1n por encima de cualquier otro instrumento jur\u00eddico; su valor normativo sobre otros instrumentos jur\u00eddicos est\u00e1 determinado por su nivel, nacional o local.<\/p>\n<p><strong>Experto: <\/strong>aquella persona que por su experiencia o conocimiento es invitada a una asamblea para que le enriquezca con sus puntos de vista.<\/p>\n<p><strong>Familia Vicentina: <\/strong>conjunto de comunidades, ramas o movimientos eclesiales, cuyos objetivos y esp\u00edritu coinciden con aquellos de San Vicente de Pa\u00fal y de Santa Luisa de Marillac, o de personas particularmente ligadas a ellos; se cuentan por centenares y congregan en el mundo a varios millones de personas; su fin es estar al lado de los pobres.<\/p>\n<p><strong>Fiscal: <\/strong>miembro de la Fundaci\u00f3n que es elegido para que en nombre de la misma vigile el comportamiento de sus miembros y de sus instituciones, sobre todo en relaci\u00f3n con los asuntos financieros.<\/p>\n<p><strong>Hermanamiento: <\/strong>v\u00ednculo de fraternidad que se establece entre grupos locales, por lo general pudiente uno y necesitado otro, o entre \u00e9stos y cualquier otro tipo de instituci\u00f3n, en favor de los pobres; incluye el apoyo econ\u00f3mico, pero tambi\u00e9n el intercambio espiritual y la mutua comunicaci\u00f3n.<\/p>\n<p><strong>Imagen corporativa: <\/strong>corresponde a la imagen que los presidentes dan de la Fundaci\u00f3n, incluidos su esp\u00edritu, sus miembros y sus obras.<\/p>\n<p><strong>Magisterio: <\/strong>es la ense\u00f1anza oficial de la Iglesia que se refiere a los diversos t\u00f3picos de la vida cristiana; cuando la emite el Papa se le conoce como magisterio pontificio, cuando la emiten los obispos se le conoce como magisterio episcopal.<\/p>\n<p><strong>Mayor\u00eda absoluta: <\/strong>la que se logra con m\u00e1s de la mitad de los votos; junto con la relativa, son las dos \u00fanicas citadas expl\u00edcitamente por el C\u00f3digo de Derecho Can\u00f3nico; se le conoce tambi\u00e9n como mayor\u00eda calificada.<\/p>\n<p><strong>Mayor\u00eda relativa: <\/strong>la que se logra con el mayor n\u00famero de votos en relaci\u00f3n con otras posibilidades; junto con la absoluta, son las dos \u00fanicas citadas expl\u00edcitamente por el C\u00f3digo de Derecho Can\u00f3nico; se le conoce tambi\u00e9n como mayor\u00eda simple.<\/p>\n<p><strong>Personer\u00eda jur\u00eddica: <\/strong>reconocimiento que la ley civil o eclesi\u00e1stica da a una persona, a un grupo de personas o a una instituci\u00f3n, convirti\u00e9ndolos en sujetos de derechos y deberes.<\/p>\n<p><strong>Qu\u00f3rum: <\/strong>n\u00famero de individuos necesarios para que se pueda realizar una reuni\u00f3n y para que sea v\u00e1lida una decisi\u00f3n.<\/p>\n<p><strong>Reglamento: <\/strong>conjunto de normas, preceptos y procedimientos propios de los grupos locales, sus juntas y asambleas, elaborado a la luz de los Estatutos Nacionales; por lo mismo, supeditado a \u00e9stos.<\/p>\n<p><strong>Revisor fiscal: <\/strong>prestador de servicios de la Fundaci\u00f3n que revisa, inspecciona y comprueba lo realizado por las personas y las instituciones de la Fundaci\u00f3n, en relaci\u00f3n con los asuntos financieros.<\/p>\n<p><strong>Santidad: <\/strong>meta del esfuerzo humano y espiritual de los cristianos en su crecimiento hacia la madurez y la identificaci\u00f3n con Dios a trav\u00e9s de la vivencia del amor.<\/p>\n<p><strong>Suspensi\u00f3n cautelar: <\/strong>medida preventiva, asumida de modo temporal, hasta cuando se nieguen o confirmen las razones para una decisi\u00f3n definitiva o para que la tome la autoridad competente.<\/p>\n<p><strong>Vocaci\u00f3n: <\/strong>inspiraci\u00f3n con que la Divina Providencia mueve el compromiso de los cristianos; voluntad expresa de asumir la vida como un llamado de Dios, por medio de un proyecto de entrega a los dem\u00e1s, inspirada en el evangelio.<\/p>\n<p><strong>Voto: <\/strong>parecer, que se puede dar de diversas maneras, para la toma de una decisi\u00f3n.<\/p>\n<p><strong>Voz: <\/strong>posibilidad de opinar en una reuni\u00f3n.<\/p>\n<p><strong>Voz activa: <\/strong>derecho de elegir o de votar sobre un asunto determinado.<\/p>\n<p><strong>Voz pasiva: <\/strong>derecho de ser elegido para un asunto determinado.<\/p>\n","protected":false},"excerpt":{"rendered":"<p>Introducci\u00f3n hist\u00f3rica La historia providencial de la Fundaci\u00f3n Vicentina Luisa de Marillac se inicia en la cuna del carisma vicentino, Francia, con la afiliaci\u00f3n de la conocida en ese momento como \u201cobra de la venerable &#8230; <a href=\"http:\/\/vincentians.com\/es\/estatutos-de-misevi-en-colombia-2\/\" class=\"more-link\">Read More<\/a><\/p>\n","protected":false},"author":4,"featured_media":137115,"comment_status":"open","ping_status":"open","sticky":false,"template":"","format":"standard","meta":{"jetpack_post_was_ever_published":false,"_jetpack_newsletter_access":"","_jetpack_dont_email_post_to_subs":false,"_jetpack_newsletter_tier_id":0,"_jetpack_memberships_contains_paywalled_content":false,"_jetpack_memberships_contains_paid_content":false,"footnotes":"","jetpack_publicize_message":"","jetpack_publicize_feature_enabled":true,"jetpack_social_post_already_shared":true,"jetpack_social_options":{"image_generator_settings":{"template":"highway","default_image_id":0,"font":"","enabled":false},"version":2}},"categories":[321],"tags":[172],"class_list":["post-137106","post","type-post","status-publish","format-standard","has-post-thumbnail","hentry","category-documentos-de-otras-ramas-e-instituciones-vicencianas","tag-pobreza"],"yoast_head":"<!-- This site is optimized with the Yoast SEO plugin v26.3 - https:\/\/yoast.com\/wordpress\/plugins\/seo\/ -->\n<title>Estatutos de Fundaci\u00f3n Vicentina Luisa de Marillac en Colombia - Somos Vicencianos<\/title>\n<meta name=\"robots\" content=\"index, follow, max-snippet:-1, max-image-preview:large, max-video-preview:-1\" \/>\n<link rel=\"canonical\" href=\"http:\/\/vincentians.com\/es\/estatutos-de-misevi-en-colombia-2\/\" \/>\n<meta property=\"og:locale\" content=\"es_ES\" \/>\n<meta property=\"og:type\" content=\"article\" \/>\n<meta property=\"og:title\" content=\"Estatutos de Fundaci\u00f3n Vicentina Luisa de Marillac en Colombia - Somos Vicencianos\" \/>\n<meta property=\"og:description\" content=\"Introducci\u00f3n hist\u00f3rica La historia providencial de la Fundaci\u00f3n Vicentina Luisa de Marillac se inicia en la cuna del carisma vicentino, Francia, con la afiliaci\u00f3n de la conocida en ese momento como \u201cobra de la venerable ... Read More\" \/>\n<meta property=\"og:url\" content=\"http:\/\/vincentians.com\/es\/estatutos-de-misevi-en-colombia-2\/\" \/>\n<meta property=\"og:site_name\" content=\"Somos Vicencianos\" \/>\n<meta property=\"article:publisher\" content=\"https:\/\/www.facebook.com\/WeAreVincentians\/\" \/>\n<meta property=\"article:author\" content=\"https:\/\/www.facebook.com\/JavierChento\" \/>\n<meta property=\"article:published_time\" content=\"2015-01-31T04:14:27+00:00\" \/>\n<meta name=\"author\" content=\"Francisco Javier Fern\u00e1ndez Chento\" \/>\n<meta name=\"twitter:card\" content=\"summary_large_image\" \/>\n<meta name=\"twitter:creator\" content=\"@https:\/\/twitter.com\/javierchento\" \/>\n<meta name=\"twitter:site\" content=\"@WeVincentians\" \/>\n<meta name=\"twitter:label1\" content=\"Escrito por\" \/>\n\t<meta name=\"twitter:data1\" content=\"Francisco Javier Fern\u00e1ndez Chento\" \/>\n\t<meta name=\"twitter:label2\" content=\"Tiempo de lectura\" \/>\n\t<meta name=\"twitter:data2\" content=\"48 minutos\" \/>\n<script type=\"application\/ld+json\" class=\"yoast-schema-graph\">{\"@context\":\"https:\/\/schema.org\",\"@graph\":[{\"@type\":\"Article\",\"@id\":\"http:\/\/vincentians.com\/es\/estatutos-de-misevi-en-colombia-2\/#article\",\"isPartOf\":{\"@id\":\"http:\/\/vincentians.com\/es\/estatutos-de-misevi-en-colombia-2\/\"},\"author\":{\"name\":\"Francisco Javier Fern\u00e1ndez Chento\",\"@id\":\"http:\/\/vincentians.com\/es\/#\/schema\/person\/9623ef4d9aa3b2dfb8c061f1499288f2\"},\"headline\":\"Estatutos de Fundaci\u00f3n Vicentina Luisa de Marillac en Colombia\",\"datePublished\":\"2015-01-31T04:14:27+00:00\",\"mainEntityOfPage\":{\"@id\":\"http:\/\/vincentians.com\/es\/estatutos-de-misevi-en-colombia-2\/\"},\"wordCount\":9708,\"commentCount\":0,\"publisher\":{\"@id\":\"http:\/\/vincentians.com\/es\/#organization\"},\"image\":{\"@id\":\"http:\/\/vincentians.com\/es\/estatutos-de-misevi-en-colombia-2\/#primaryimage\"},\"thumbnailUrl\":\"\",\"keywords\":[\"Pobreza\"],\"articleSection\":[\"Documentos de otras Ramas e Instituciones vicencianas\"],\"inLanguage\":\"es\",\"potentialAction\":[{\"@type\":\"CommentAction\",\"name\":\"Comment\",\"target\":[\"http:\/\/vincentians.com\/es\/estatutos-de-misevi-en-colombia-2\/#respond\"]}]},{\"@type\":\"WebPage\",\"@id\":\"http:\/\/vincentians.com\/es\/estatutos-de-misevi-en-colombia-2\/\",\"url\":\"http:\/\/vincentians.com\/es\/estatutos-de-misevi-en-colombia-2\/\",\"name\":\"Estatutos de Fundaci\u00f3n Vicentina Luisa de Marillac en Colombia - Somos Vicencianos\",\"isPartOf\":{\"@id\":\"http:\/\/vincentians.com\/es\/#website\"},\"primaryImageOfPage\":{\"@id\":\"http:\/\/vincentians.com\/es\/estatutos-de-misevi-en-colombia-2\/#primaryimage\"},\"image\":{\"@id\":\"http:\/\/vincentians.com\/es\/estatutos-de-misevi-en-colombia-2\/#primaryimage\"},\"thumbnailUrl\":\"\",\"datePublished\":\"2015-01-31T04:14:27+00:00\",\"breadcrumb\":{\"@id\":\"http:\/\/vincentians.com\/es\/estatutos-de-misevi-en-colombia-2\/#breadcrumb\"},\"inLanguage\":\"es\",\"potentialAction\":[{\"@type\":\"ReadAction\",\"target\":[\"http:\/\/vincentians.com\/es\/estatutos-de-misevi-en-colombia-2\/\"]}]},{\"@type\":\"ImageObject\",\"inLanguage\":\"es\",\"@id\":\"http:\/\/vincentians.com\/es\/estatutos-de-misevi-en-colombia-2\/#primaryimage\",\"url\":\"\",\"contentUrl\":\"\"},{\"@type\":\"BreadcrumbList\",\"@id\":\"http:\/\/vincentians.com\/es\/estatutos-de-misevi-en-colombia-2\/#breadcrumb\",\"itemListElement\":[{\"@type\":\"ListItem\",\"position\":1,\"name\":\"Portada\",\"item\":\"http:\/\/vincentians.com\/es\/\"},{\"@type\":\"ListItem\",\"position\":2,\"name\":\"Estatutos de Fundaci\u00f3n Vicentina Luisa de Marillac en Colombia\"}]},{\"@type\":\"WebSite\",\"@id\":\"http:\/\/vincentians.com\/es\/#website\",\"url\":\"http:\/\/vincentians.com\/es\/\",\"name\":\"Somos Vicencianos\",\"description\":\"Know more to serve more\",\"publisher\":{\"@id\":\"http:\/\/vincentians.com\/es\/#organization\"},\"potentialAction\":[{\"@type\":\"SearchAction\",\"target\":{\"@type\":\"EntryPoint\",\"urlTemplate\":\"http:\/\/vincentians.com\/es\/?s={search_term_string}\"},\"query-input\":{\"@type\":\"PropertyValueSpecification\",\"valueRequired\":true,\"valueName\":\"search_term_string\"}}],\"inLanguage\":\"es\"},{\"@type\":\"Organization\",\"@id\":\"http:\/\/vincentians.com\/es\/#organization\",\"name\":\"The Vincentian Network\",\"url\":\"http:\/\/vincentians.com\/es\/\",\"logo\":{\"@type\":\"ImageObject\",\"inLanguage\":\"es\",\"@id\":\"http:\/\/vincentians.com\/es\/#\/schema\/logo\/image\/\",\"url\":\"https:\/\/i1.wp.com\/vincentians.com\/es\/wp-content\/uploads\/sites\/11\/2016\/06\/Vincentian-Network-logo-big.png?fit=778%2C778\",\"contentUrl\":\"https:\/\/i1.wp.com\/vincentians.com\/es\/wp-content\/uploads\/sites\/11\/2016\/06\/Vincentian-Network-logo-big.png?fit=778%2C778\",\"width\":778,\"height\":778,\"caption\":\"The Vincentian Network\"},\"image\":{\"@id\":\"http:\/\/vincentians.com\/es\/#\/schema\/logo\/image\/\"},\"sameAs\":[\"https:\/\/www.facebook.com\/WeAreVincentians\/\",\"https:\/\/x.com\/WeVincentians\"]},{\"@type\":\"Person\",\"@id\":\"http:\/\/vincentians.com\/es\/#\/schema\/person\/9623ef4d9aa3b2dfb8c061f1499288f2\",\"name\":\"Francisco Javier Fern\u00e1ndez Chento\",\"image\":{\"@type\":\"ImageObject\",\"inLanguage\":\"es\",\"@id\":\"http:\/\/vincentians.com\/es\/#\/schema\/person\/image\/\",\"url\":\"https:\/\/secure.gravatar.com\/avatar\/497d5cde87b4c3d097d0315953521681ba2cd523ee66e5077c3711f7021e65de?s=96&d=mm&r=g\",\"contentUrl\":\"https:\/\/secure.gravatar.com\/avatar\/497d5cde87b4c3d097d0315953521681ba2cd523ee66e5077c3711f7021e65de?s=96&d=mm&r=g\",\"caption\":\"Francisco Javier Fern\u00e1ndez Chento\"},\"description\":\"Director General y cofundador de La Red de Formaci\u00f3n Vicenciana. Javier es laico vicenciano, afiliado a la Congregaci\u00f3n de la Misi\u00f3n y miembro del Equipo de Misiones Populares de la provincia can\u00f3nica de Zaragoza (Espa\u00f1a) de la Congregaci\u00f3n de la Misi\u00f3n. Graduado en la Universidad Oberta de Catalunya con cuatro grados (Asistente de direcci\u00f3n, Gesti\u00f3n Administrativa, Recursos Humanos y Contabilidad Avanzada). Bil\u00edng\u00fce Espa\u00f1ol\/Ingl\u00e9s. gestiona y mantiene varias p\u00e1ginas web cristianas y vicencianas, incluida including La Red de Formaci\u00f3n Vicenciana, de la que es cofundador. Actualmente es responsable del \u00e1rea de Espa\u00f1ol de .famvin, la Red de Noticias de la Familia Vicenciana. Tambi\u00e9n es m\u00fasico cat\u00f3lico y ha editado varios discos. Es Director General y cofundador de Trovador, una reconocida compa\u00f1\u00eda discogr\u00e1fica critiana de Espa\u00f1a. Trabaja en las Tecnolog\u00edas de la Informaci\u00f3n, ofreciendo servicios de alojamiento, dise\u00f1o y mantenimiento Web, as\u00ed como asesoramiento, formaci\u00f3n y soluciones inform\u00e1ticas, gesti\u00f3n documental y digitalizaci\u00f3n de textos, edici\u00f3n y maquetaci\u00f3n de libros, revistas, flyers, etc.\",\"sameAs\":[\"http:\/\/chento.org\",\"https:\/\/www.facebook.com\/JavierChento\",\"https:\/\/x.com\/https:\/\/twitter.com\/javierchento\"],\"url\":\"http:\/\/vincentians.com\/es\/author\/chento\/\"}]}<\/script>\n<!-- \/ Yoast SEO plugin. -->","yoast_head_json":{"title":"Estatutos de Fundaci\u00f3n Vicentina Luisa de Marillac en Colombia - Somos Vicencianos","robots":{"index":"index","follow":"follow","max-snippet":"max-snippet:-1","max-image-preview":"max-image-preview:large","max-video-preview":"max-video-preview:-1"},"canonical":"http:\/\/vincentians.com\/es\/estatutos-de-misevi-en-colombia-2\/","og_locale":"es_ES","og_type":"article","og_title":"Estatutos de Fundaci\u00f3n Vicentina Luisa de Marillac en Colombia - Somos Vicencianos","og_description":"Introducci\u00f3n hist\u00f3rica La historia providencial de la Fundaci\u00f3n Vicentina Luisa de Marillac se inicia en la cuna del carisma vicentino, Francia, con la afiliaci\u00f3n de la conocida en ese momento como \u201cobra de la venerable ... Read More","og_url":"http:\/\/vincentians.com\/es\/estatutos-de-misevi-en-colombia-2\/","og_site_name":"Somos Vicencianos","article_publisher":"https:\/\/www.facebook.com\/WeAreVincentians\/","article_author":"https:\/\/www.facebook.com\/JavierChento","article_published_time":"2015-01-31T04:14:27+00:00","author":"Francisco Javier Fern\u00e1ndez Chento","twitter_card":"summary_large_image","twitter_creator":"@https:\/\/twitter.com\/javierchento","twitter_site":"@WeVincentians","twitter_misc":{"Escrito por":"Francisco Javier Fern\u00e1ndez Chento","Tiempo de lectura":"48 minutos"},"schema":{"@context":"https:\/\/schema.org","@graph":[{"@type":"Article","@id":"http:\/\/vincentians.com\/es\/estatutos-de-misevi-en-colombia-2\/#article","isPartOf":{"@id":"http:\/\/vincentians.com\/es\/estatutos-de-misevi-en-colombia-2\/"},"author":{"name":"Francisco Javier Fern\u00e1ndez Chento","@id":"http:\/\/vincentians.com\/es\/#\/schema\/person\/9623ef4d9aa3b2dfb8c061f1499288f2"},"headline":"Estatutos de Fundaci\u00f3n Vicentina Luisa de Marillac en Colombia","datePublished":"2015-01-31T04:14:27+00:00","mainEntityOfPage":{"@id":"http:\/\/vincentians.com\/es\/estatutos-de-misevi-en-colombia-2\/"},"wordCount":9708,"commentCount":0,"publisher":{"@id":"http:\/\/vincentians.com\/es\/#organization"},"image":{"@id":"http:\/\/vincentians.com\/es\/estatutos-de-misevi-en-colombia-2\/#primaryimage"},"thumbnailUrl":"","keywords":["Pobreza"],"articleSection":["Documentos de otras Ramas e Instituciones vicencianas"],"inLanguage":"es","potentialAction":[{"@type":"CommentAction","name":"Comment","target":["http:\/\/vincentians.com\/es\/estatutos-de-misevi-en-colombia-2\/#respond"]}]},{"@type":"WebPage","@id":"http:\/\/vincentians.com\/es\/estatutos-de-misevi-en-colombia-2\/","url":"http:\/\/vincentians.com\/es\/estatutos-de-misevi-en-colombia-2\/","name":"Estatutos de Fundaci\u00f3n Vicentina Luisa de Marillac en Colombia - Somos Vicencianos","isPartOf":{"@id":"http:\/\/vincentians.com\/es\/#website"},"primaryImageOfPage":{"@id":"http:\/\/vincentians.com\/es\/estatutos-de-misevi-en-colombia-2\/#primaryimage"},"image":{"@id":"http:\/\/vincentians.com\/es\/estatutos-de-misevi-en-colombia-2\/#primaryimage"},"thumbnailUrl":"","datePublished":"2015-01-31T04:14:27+00:00","breadcrumb":{"@id":"http:\/\/vincentians.com\/es\/estatutos-de-misevi-en-colombia-2\/#breadcrumb"},"inLanguage":"es","potentialAction":[{"@type":"ReadAction","target":["http:\/\/vincentians.com\/es\/estatutos-de-misevi-en-colombia-2\/"]}]},{"@type":"ImageObject","inLanguage":"es","@id":"http:\/\/vincentians.com\/es\/estatutos-de-misevi-en-colombia-2\/#primaryimage","url":"","contentUrl":""},{"@type":"BreadcrumbList","@id":"http:\/\/vincentians.com\/es\/estatutos-de-misevi-en-colombia-2\/#breadcrumb","itemListElement":[{"@type":"ListItem","position":1,"name":"Portada","item":"http:\/\/vincentians.com\/es\/"},{"@type":"ListItem","position":2,"name":"Estatutos de Fundaci\u00f3n Vicentina Luisa de Marillac en Colombia"}]},{"@type":"WebSite","@id":"http:\/\/vincentians.com\/es\/#website","url":"http:\/\/vincentians.com\/es\/","name":"Somos Vicencianos","description":"Know more to serve more","publisher":{"@id":"http:\/\/vincentians.com\/es\/#organization"},"potentialAction":[{"@type":"SearchAction","target":{"@type":"EntryPoint","urlTemplate":"http:\/\/vincentians.com\/es\/?s={search_term_string}"},"query-input":{"@type":"PropertyValueSpecification","valueRequired":true,"valueName":"search_term_string"}}],"inLanguage":"es"},{"@type":"Organization","@id":"http:\/\/vincentians.com\/es\/#organization","name":"The Vincentian Network","url":"http:\/\/vincentians.com\/es\/","logo":{"@type":"ImageObject","inLanguage":"es","@id":"http:\/\/vincentians.com\/es\/#\/schema\/logo\/image\/","url":"https:\/\/i1.wp.com\/vincentians.com\/es\/wp-content\/uploads\/sites\/11\/2016\/06\/Vincentian-Network-logo-big.png?fit=778%2C778","contentUrl":"https:\/\/i1.wp.com\/vincentians.com\/es\/wp-content\/uploads\/sites\/11\/2016\/06\/Vincentian-Network-logo-big.png?fit=778%2C778","width":778,"height":778,"caption":"The Vincentian Network"},"image":{"@id":"http:\/\/vincentians.com\/es\/#\/schema\/logo\/image\/"},"sameAs":["https:\/\/www.facebook.com\/WeAreVincentians\/","https:\/\/x.com\/WeVincentians"]},{"@type":"Person","@id":"http:\/\/vincentians.com\/es\/#\/schema\/person\/9623ef4d9aa3b2dfb8c061f1499288f2","name":"Francisco Javier Fern\u00e1ndez Chento","image":{"@type":"ImageObject","inLanguage":"es","@id":"http:\/\/vincentians.com\/es\/#\/schema\/person\/image\/","url":"https:\/\/secure.gravatar.com\/avatar\/497d5cde87b4c3d097d0315953521681ba2cd523ee66e5077c3711f7021e65de?s=96&d=mm&r=g","contentUrl":"https:\/\/secure.gravatar.com\/avatar\/497d5cde87b4c3d097d0315953521681ba2cd523ee66e5077c3711f7021e65de?s=96&d=mm&r=g","caption":"Francisco Javier Fern\u00e1ndez Chento"},"description":"Director General y cofundador de La Red de Formaci\u00f3n Vicenciana. Javier es laico vicenciano, afiliado a la Congregaci\u00f3n de la Misi\u00f3n y miembro del Equipo de Misiones Populares de la provincia can\u00f3nica de Zaragoza (Espa\u00f1a) de la Congregaci\u00f3n de la Misi\u00f3n. Graduado en la Universidad Oberta de Catalunya con cuatro grados (Asistente de direcci\u00f3n, Gesti\u00f3n Administrativa, Recursos Humanos y Contabilidad Avanzada). Bil\u00edng\u00fce Espa\u00f1ol\/Ingl\u00e9s. gestiona y mantiene varias p\u00e1ginas web cristianas y vicencianas, incluida including La Red de Formaci\u00f3n Vicenciana, de la que es cofundador. Actualmente es responsable del \u00e1rea de Espa\u00f1ol de .famvin, la Red de Noticias de la Familia Vicenciana. Tambi\u00e9n es m\u00fasico cat\u00f3lico y ha editado varios discos. Es Director General y cofundador de Trovador, una reconocida compa\u00f1\u00eda discogr\u00e1fica critiana de Espa\u00f1a. Trabaja en las Tecnolog\u00edas de la Informaci\u00f3n, ofreciendo servicios de alojamiento, dise\u00f1o y mantenimiento Web, as\u00ed como asesoramiento, formaci\u00f3n y soluciones inform\u00e1ticas, gesti\u00f3n documental y digitalizaci\u00f3n de textos, edici\u00f3n y maquetaci\u00f3n de libros, revistas, flyers, etc.","sameAs":["http:\/\/chento.org","https:\/\/www.facebook.com\/JavierChento","https:\/\/x.com\/https:\/\/twitter.com\/javierchento"],"url":"http:\/\/vincentians.com\/es\/author\/chento\/"}]}},"jetpack_publicize_connections":[],"jetpack_featured_media_url":"","jetpack_sharing_enabled":true,"jetpack_shortlink":"https:\/\/wp.me\/p7ETMF-zFo","jetpack-related-posts":[{"id":137108,"url":"http:\/\/vincentians.com\/es\/estatutos-de-navyl-en-colombia\/","url_meta":{"origin":137106,"position":0},"title":"Estatutos de NAVYL en Colombia","author":"Francisco Javier Fern\u00e1ndez Chento","date":"30\/01\/2015","format":false,"excerpt":"Fundaci\u00f3n: La rama de la Familia Vicentina, Navyl, Ni\u00f1os amigos de Vicente y Luisa, naci\u00f3 en Cali el 15 de marzo de 1991, con ocasi\u00f3n de la celebraci\u00f3n de los 400 a\u00f1os del nacimiento de Santa Luisa de Marillac, para perpetuar su memoria y presentarla como modelo al igual que\u2026","rel":"","context":"En \u00abDocumentos de otras Ramas e Instituciones vicencianas\u00bb","block_context":{"text":"Documentos de otras Ramas e Instituciones vicencianas","link":"http:\/\/vincentians.com\/es\/category\/formacion-vicenciana\/documentos-oficiales-de-la-familia-vicenciana\/documentos-de-otras-ramas-e-instituciones-vicencianas\/"},"img":{"alt_text":"navyl","src":"https:\/\/i0.wp.com\/vicencianos.org\/wp-content\/2014\/01\/navyl-300x300.jpg?resize=350%2C200","width":350,"height":200},"classes":[]},{"id":134512,"url":"http:\/\/vincentians.com\/es\/dos-papas-santos-simpatizantes-del-carisma-vicentino\/","url_meta":{"origin":137106,"position":1},"title":"Dos papas santos simpatizantes del carisma vicentino","author":"Francisco Javier Fern\u00e1ndez Chento","date":"31\/12\/2014","format":false,"excerpt":"El Papa Francisco canoniz\u00f3 a los papas Juan XXIII (1881\u20131963) y Juan Pablo II (1929\u20132005) el 27 de abril de 2014 en Roma, en el contexto del 50 aniversario de la apertura del Concilio Vaticano II convocado por el papa Roncalli, convirti\u00e9ndose as\u00ed en los otros pont\u00edfices proclamados santos en\u2026","rel":"","context":"En \u00abFormaci\u00f3n Vicenciana\u00bb","block_context":{"text":"Formaci\u00f3n Vicenciana","link":"http:\/\/vincentians.com\/es\/category\/formacion-vicenciana\/"},"img":{"alt_text":"juan23_y_juanpablo2","src":"https:\/\/i0.wp.com\/vicencianos.org\/wp-content\/2014\/12\/juan23_y_juanpablo2.jpg?resize=350%2C200","width":350,"height":200},"classes":[]},{"id":137107,"url":"http:\/\/vincentians.com\/es\/estatutos-de-aic-en-colombia\/","url_meta":{"origin":137106,"position":2},"title":"Estatutos de AIC en Colombia","author":"Francisco Javier Fern\u00e1ndez Chento","date":"01\/02\/2015","format":false,"excerpt":"CAPITULO I: NOMBRE, NATURALEZA, OBJETO, PATRIMONIO, DURACI\u00d3N Y DOMICILIO Art\u00edculo 1: NOMBRE. Organismo Nacional de Asociaciones Voluntarias Vicentinas de la Caridad que en adelante llevar\u00e1 el nombre de: FEDERACI\u00d3N NACIONAL DE VOLUNTARIADOS VICENTINOS DE LA CARIDAD A.I.C. COLOMBIA, se regir\u00e1 por estos estatutos y en lo no dispuesto en \u00e9l,\u2026","rel":"","context":"En \u00abDocumentos de Asociaci\u00f3n Internacional de Caridades\u00bb","block_context":{"text":"Documentos de Asociaci\u00f3n Internacional de Caridades","link":"http:\/\/vincentians.com\/es\/category\/formacion-vicenciana\/documentos-oficiales-de-la-familia-vicenciana\/documentos-de-asociacion-internacional-de-caridades\/"},"img":{"alt_text":"aic_colombia","src":"https:\/\/i0.wp.com\/vicencianos.org\/wp-content\/2014\/12\/aic_colombia-300x300.jpg?resize=350%2C200","width":350,"height":200},"classes":[]},{"id":132576,"url":"http:\/\/vincentians.com\/es\/manual-para-afiliados-a-la-congregacion-de-la-mision-en-colombia\/","url_meta":{"origin":137106,"position":3},"title":"Manual para Afiliados a la Congregaci\u00f3n de la Misi\u00f3n en Colombia","author":"Francisco Javier Fern\u00e1ndez Chento","date":"11\/12\/2014","format":false,"excerpt":"1. Justificaci\u00f3n: La inmensa mayor\u00eda de los miembros de la Familia Vicentina en el mundo y en Colombia, son laicos Existe un grupo considerable de afiliados a la Congregaci\u00f3n de la Misi\u00f3n en Colombia Hay poco conocimiento mutuo entre la Congregaci\u00f3n y sus afiliados laicos : ni ellos saben mucho\u2026","rel":"","context":"En \u00abDocumentos de otras Ramas e Instituciones vicencianas\u00bb","block_context":{"text":"Documentos de otras Ramas e Instituciones vicencianas","link":"http:\/\/vincentians.com\/es\/category\/formacion-vicenciana\/documentos-oficiales-de-la-familia-vicenciana\/documentos-de-otras-ramas-e-instituciones-vicencianas\/"},"img":{"alt_text":"logo_afiliados","src":"https:\/\/i0.wp.com\/vicencianos.org\/wp-content\/2014\/12\/logo_afiliados-300x291.jpg?resize=350%2C200","width":350,"height":200},"classes":[]},{"id":132580,"url":"http:\/\/vincentians.com\/es\/estatutos-del-voluntariado-juvenil-vicentino-voljuvi\/","url_meta":{"origin":137106,"position":4},"title":"Estatutos del Voluntariado Juvenil Vicentino \u00abVOLJUVI\u00bb","author":"Francisco Javier Fern\u00e1ndez Chento","date":"10\/12\/2014","format":false,"excerpt":"Pre\u00e1mbulo El Voluntariado Juvenil Vicentino tuvo su origen en Par\u00eds el 29 de noviembre de 1909. Naci\u00f3 con el nombre de \"Obra de Luisas de Marillac\", y como parte de la Cofrad\u00eda de las Damas de la Caridad, hoy Asociaci\u00f3n Internacional de Caridades (A.I.C.). De esto hay constancia en un\u2026","rel":"","context":"En \u00abDocumentos de otras Ramas e Instituciones vicencianas\u00bb","block_context":{"text":"Documentos de otras Ramas e Instituciones vicencianas","link":"http:\/\/vincentians.com\/es\/category\/formacion-vicenciana\/documentos-oficiales-de-la-familia-vicenciana\/documentos-de-otras-ramas-e-instituciones-vicencianas\/"},"img":{"alt_text":"voluntariado_juvenil_vicentino","src":"https:\/\/i0.wp.com\/vicencianos.org\/wp-content\/2014\/12\/voluntariado_juvenil_vicentino-300x300.jpg?resize=350%2C200","width":350,"height":200},"classes":[]},{"id":386810,"url":"http:\/\/vincentians.com\/es\/santa-virgen-maria-madre-de-dios-reflexion-de-la-s-s-v-p-en-estados-unidos\/","url_meta":{"origin":137106,"position":5},"title":"Santa Virgen Mar\u00eda, Madre de Dios (reflexi\u00f3n de la S.S.V.P. en Estados Unidos)","author":"Francisco Javier Fern\u00e1ndez Chento","date":"01\/01\/2016","format":false,"excerpt":"Evangelio: (San Lucas 2:16-21) Fueron apresuradamente y hallaron a Mar\u00eda y a Jos\u00e9 con el reci\u00e9n nacido acostado en el pesebre. Entonces contaron lo que los \u00e1ngeles les hab\u00edan dicho del ni\u00f1o. Todos los que escucharon a los pastores quedaron maravillados de lo que dec\u00edan. Mar\u00eda, por su parte, guardaba\u2026","rel":"","context":"En \u00abHomil\u00edas y reflexiones, A\u00f1o C\u00bb","block_context":{"text":"Homil\u00edas y reflexiones, A\u00f1o C","link":"http:\/\/vincentians.com\/es\/category\/homilias-y-reflexiones-a-la-palabra-de-dios\/homilias-y-reflexiones-ano-c\/"},"img":{"alt_text":"","src":"https:\/\/i0.wp.com\/vincentians.com\/es\/wp-content\/uploads\/sites\/11\/2016\/07\/reflexiones-palabra-de-dios.jpg?fit=1200%2C630&resize=350%2C200","width":350,"height":200,"srcset":"https:\/\/i0.wp.com\/vincentians.com\/es\/wp-content\/uploads\/sites\/11\/2016\/07\/reflexiones-palabra-de-dios.jpg?fit=1200%2C630&resize=350%2C200 1x, https:\/\/i0.wp.com\/vincentians.com\/es\/wp-content\/uploads\/sites\/11\/2016\/07\/reflexiones-palabra-de-dios.jpg?fit=1200%2C630&resize=525%2C300 1.5x, https:\/\/i0.wp.com\/vincentians.com\/es\/wp-content\/uploads\/sites\/11\/2016\/07\/reflexiones-palabra-de-dios.jpg?fit=1200%2C630&resize=700%2C400 2x, https:\/\/i0.wp.com\/vincentians.com\/es\/wp-content\/uploads\/sites\/11\/2016\/07\/reflexiones-palabra-de-dios.jpg?fit=1200%2C630&resize=1050%2C600 3x"},"classes":[]}],"_links":{"self":[{"href":"http:\/\/vincentians.com\/es\/wp-json\/wp\/v2\/posts\/137106","targetHints":{"allow":["GET"]}}],"collection":[{"href":"http:\/\/vincentians.com\/es\/wp-json\/wp\/v2\/posts"}],"about":[{"href":"http:\/\/vincentians.com\/es\/wp-json\/wp\/v2\/types\/post"}],"author":[{"embeddable":true,"href":"http:\/\/vincentians.com\/es\/wp-json\/wp\/v2\/users\/4"}],"replies":[{"embeddable":true,"href":"http:\/\/vincentians.com\/es\/wp-json\/wp\/v2\/comments?post=137106"}],"version-history":[{"count":0,"href":"http:\/\/vincentians.com\/es\/wp-json\/wp\/v2\/posts\/137106\/revisions"}],"wp:featuredmedia":[{"embeddable":true,"href":"http:\/\/vincentians.com\/es\/wp-json\/"}],"wp:attachment":[{"href":"http:\/\/vincentians.com\/es\/wp-json\/wp\/v2\/media?parent=137106"}],"wp:term":[{"taxonomy":"category","embeddable":true,"href":"http:\/\/vincentians.com\/es\/wp-json\/wp\/v2\/categories?post=137106"},{"taxonomy":"post_tag","embeddable":true,"href":"http:\/\/vincentians.com\/es\/wp-json\/wp\/v2\/tags?post=137106"}],"curies":[{"name":"wp","href":"https:\/\/api.w.org\/{rel}","templated":true}]}}