{"id":136774,"date":"2015-02-03T06:40:45","date_gmt":"2015-02-03T05:40:45","guid":{"rendered":"http:\/\/somos.vicencianos.org\/?p=136774"},"modified":"2015-02-03T06:40:45","modified_gmt":"2015-02-03T05:40:45","slug":"promotores-de-laicos-evangelizadores","status":"publish","type":"post","link":"http:\/\/vincentians.com\/es\/promotores-de-laicos-evangelizadores\/","title":{"rendered":"Promotores de laicos evangelizadores"},"content":{"rendered":"<p style=\"text-align: justify\">\u00abNo te pido s\u00f3lo por \u00e9stos, te pido tambi\u00e9n por los que van a creer en m\u00ed mediante su mensaje: que sean todos \u00aduno, como t\u00fa, Padre, est\u00e1s conmigo y yo contigo\u00bb<\/p>\n<p style=\"text-align: justify\">\u00abApl\u00edquense a la promoci\u00f3n y preparaci\u00f3n conveniente de los laicos, incluso para los ministerios pastorales necesarios en la comunidad cristiana\u00bb. (C 15). (Jn 17,20-21).<\/p>\n<p style=\"text-align: justify\"><a href=\"https:\/\/i0.wp.com\/vicencianos.org\/wp-content\/2015\/02\/jovenes_alegres.jpg\"><img data-recalc-dims=\"1\" loading=\"lazy\" decoding=\"async\" class=\"alignright size-medium wp-image-137815\" src=\"https:\/\/i0.wp.com\/vicencianos.org\/wp-content\/2015\/02\/jovenes_alegres-300x300.jpg?resize=300%2C300\" alt=\"jovenes_alegres\" width=\"300\" height=\"300\" \/><\/a>La ingente labor apost\u00f3lica de San Vicente de Pa\u00fal fue realizada, en parte, gracias a la colaboraci\u00f3n de los laicos. Los seglares fueron, efectivamente, palanca extra\u00adordinaria que apoy\u00f3 las estupendas realizaciones carita\u00adtivas del Santo. De ah\u00ed que dedicara San Vicente tiempo y empe\u00f1o en atender y preparar seglares para la pr\u00e1c\u00adtica de la justicia y caridad. El Papa Juan Pablo II, impresionado por el movimiento caritativo laical, de inspiraci\u00f3n vicenciana, ha escrito: \u00abLa vocaci\u00f3n de este genial iniciador de la acci\u00f3n caritativa y social ilumina todav\u00eda hoy la senda de sus hijos e hijas, de los seglares que viven de su esp\u00edritu, de los j\u00f3venes que buscan la clave de una vida \u00fatil y radicalmente gastada por el don de s\u00ed mismos\u00bb. (Juan Pablo II, carta al Superior Gene\u00adral C.M., 12-5-1981).<\/p>\n<h2><strong>1. \u00abTodos los cristianos seglares participan de la misi\u00f3n de la Iglesia\u00bb.<\/strong><\/h2>\n<p style=\"text-align: justify\">Las cofrad\u00edas de mujeres, hombres y mixtas, con sus respectivos reglamentos, trazados por San Vicente, de\u00admuestran el inter\u00e9s del Santo por promover <em>y <\/em>preparar laicos para aquella sociedad tan necesitada; revelan igual\u00admente su confianza en las inmensas posibilidades espiri\u00adtuales y apost\u00f3licas de los seglares de aquel tiempo. Vi\u00adcente de Pa\u00fal fue un adelantado de las consignas que hoy pregona la Iglesia:<\/p>\n<p style=\"text-align: justify\"><em>\u00abTodos los cristianos seglares participan de la mi\u00adsi\u00f3n de la Iglesia. En virtud del bautismo y de la con\u00adfirmaci\u00f3n, est\u00e1n llamados a difundir el Reino de Dios en la vida familiar, profesional, c\u00edvica, <\/em><em>etc. <\/em><em>A todos llama el Se\u00f1or a dar testimonio de fe, con palabras y <\/em>v <em>obras, en medio de la sociedad, y a construir la ciudad terrena, seg\u00fan los designios de Dios. Esta acci\u00f3n del cristiano en el mundo, inspirada en la fe y en la cari\u00addad, es parte integrante de la misi\u00f3n de la Iglesia\u00bb. <\/em>(LG 17,33).<\/p>\n<h2><strong> 2. \u00abEl campo propio de su actividad evangelizadora\u00bb.<\/strong><\/h2>\n<p style=\"text-align: justify\">Nuestra \u00edinea de acci\u00f3n con los seglares no puede ser otra que la propuesta por la Iglesia. La orientaci\u00f3n hacia los pobres, que demos a los seglares, ser\u00e1 lo es\u00adpec\u00edfico vicenciano:<\/p>\n<p style=\"text-align: justify\"><em>\u00abLos seglares, cuya vocaci\u00f3n espec\u00edfica los coloca en el coraz\u00f3n del mundo y a la gu\u00eda de las m\u00e1s variadas tareas temporales, deben ejercer por lo mismo una for\u00adma singular de evangelizaci\u00f3n. Su tarea primera e inme\u00addiata no es la instituci\u00f3n y el desarrollo de la comunidad eclesial \u2014esa es la funci\u00f3n espec\u00edfica de los Pastores\u2014, sino en poner en pr\u00e1ctica todas las posibilidades cris\u00adtianas y evang\u00e9licas escondidas, pero a su vez ya pre\u00adsentes y activas en las cosas del mundo. El campo pro\u00adpio de su actividad evangelizadora, en el mundo vasto <\/em>r <em>complejo de la pol\u00edtica, de lo social, de la econom\u00eda, y tambi\u00e9n de la cultura, de las ciencias y de las artes, de la vida internacional, de los medios de comunicaci\u00f3n de masas, as\u00ed como otras realidades abiertas a la evan\u00adgelizaci\u00f3n como el amor, la familia, la educaci\u00f3n de los ni\u00f1os y j\u00f3venes, el trabajo profesional, el sufrimiento\u00bb. <\/em>(EN 70).<\/p>\n<h2 style=\"text-align: justify\"><strong>3. \u00abAl servicio de la edificaci\u00f3n del Reino de Dios\u00bb.<\/strong><\/h2>\n<p style=\"text-align: justify\">El anuncio del Reino de Dios como realidad abso\u00adluta, ante el cual todo lo dem\u00e1s es accesorio, pide cada vez con m\u00e1s urgencia el compromiso de los laicos, sin los cuales no llegar\u00eda a conocerse en algunos rincones de la tierra:<\/p>\n<p style=\"text-align: justify\"><em>\u00abCuantos m\u00e1s seglares haya impregnados del Evange\u00adlio, responsables de estas realidades y claramente com\u00adprometidos en ellas, competentes para promoverlas y conscientes de que es necesario desplegar su plena capa\u00adcidad cristianas, tantas veces oculta y asfixiada, tanto m\u00e1s estas realidades \u2014sin perder o sacrificar de su coe\u00adficiente humano, al contrario, manifestando una dimen\u00adsi\u00f3n transcendente frecuentemente desconocida\u2014 esta\u00adr\u00e1n al servicio de la edificaci\u00f3n del Reino de Dios y, por consiguiente, de la salvaci\u00f3n en Cristo Jes\u00fas\u00bb. <\/em>(EN 70).<\/p>\n<ul style=\"text-align: justify\">\n<li><em>\u00bfMe intereso por la preparaci\u00f3n de los laicos en <\/em><em>todos los campos que les son propios?<\/em><\/li>\n<li><em>\u00bfEstimulo a los seglares con mi ejemplo, ani\u00adm\u00e1ndolos, adem\u00e1s, con la palabra para que no decaigan en el trabajo apost\u00f3lico?<\/em><\/li>\n<li><em>\u00bfProcuro desplegar toda la capacidad cristiana <\/em><em>apost\u00f3lica que se oculta en los seglares?<\/em><\/li>\n<\/ul>\n<h2 style=\"text-align: justify\">Oraci\u00f3n:<\/h2>\n<p style=\"text-align: justify\">\u00abSe\u00f1or, t\u00fa que dijiste `la mies es mucha, pero los obre\u00adros pocos&#8217;, suscita en tu Iglesia laicos comprometidos en las tareas evang\u00e9licas que completen el ministerio de los Pastores, as\u00ed, todos unidos, implantaremos tu Reino en la tierra, Reino de justicia, de paz y de amor. Por Jesucristo nuestro Se\u00f1or\u00bb.<\/p>\n<p>&nbsp;<\/p>\n","protected":false},"excerpt":{"rendered":"<p>\u00abNo te pido s\u00f3lo por \u00e9stos, te pido tambi\u00e9n por los que van a creer en m\u00ed mediante su mensaje: que sean todos \u00aduno, como t\u00fa, Padre, est\u00e1s conmigo y yo contigo\u00bb \u00abApl\u00edquense a la &#8230; <a href=\"http:\/\/vincentians.com\/es\/promotores-de-laicos-evangelizadores\/\" class=\"more-link\">Read More<\/a><\/p>\n","protected":false},"author":4,"featured_media":137815,"comment_status":"open","ping_status":"open","sticky":false,"template":"","format":"standard","meta":{"jetpack_post_was_ever_published":false,"_jetpack_newsletter_access":"","_jetpack_dont_email_post_to_subs":false,"_jetpack_newsletter_tier_id":0,"_jetpack_memberships_contains_paywalled_content":false,"_jetpack_memberships_contains_paid_content":false,"footnotes":"","jetpack_publicize_message":"","jetpack_publicize_feature_enabled":true,"jetpack_social_post_already_shared":true,"jetpack_social_options":{"image_generator_settings":{"template":"highway","default_image_id":0,"font":"","enabled":false},"version":2}},"categories":[226],"tags":[],"class_list":["post-136774","post","type-post","status-publish","format-standard","has-post-thumbnail","hentry","category-espiritualidad-vicenciana"],"yoast_head":"<!-- This site is optimized with the Yoast SEO plugin v26.3 - https:\/\/yoast.com\/wordpress\/plugins\/seo\/ -->\n<title>Promotores de laicos evangelizadores - Somos Vicencianos<\/title>\n<meta name=\"robots\" content=\"index, follow, max-snippet:-1, max-image-preview:large, max-video-preview:-1\" \/>\n<link rel=\"canonical\" href=\"http:\/\/vincentians.com\/es\/promotores-de-laicos-evangelizadores\/\" \/>\n<meta property=\"og:locale\" content=\"es_ES\" \/>\n<meta property=\"og:type\" content=\"article\" \/>\n<meta property=\"og:title\" content=\"Promotores de laicos evangelizadores - Somos Vicencianos\" \/>\n<meta property=\"og:description\" content=\"\u00abNo te pido s\u00f3lo por \u00e9stos, te pido tambi\u00e9n por los que van a creer en m\u00ed mediante su mensaje: que sean todos \u00aduno, como t\u00fa, Padre, est\u00e1s conmigo y yo contigo\u00bb \u00abApl\u00edquense a la ... Read More\" \/>\n<meta property=\"og:url\" content=\"http:\/\/vincentians.com\/es\/promotores-de-laicos-evangelizadores\/\" \/>\n<meta property=\"og:site_name\" content=\"Somos Vicencianos\" \/>\n<meta property=\"article:publisher\" content=\"https:\/\/www.facebook.com\/WeAreVincentians\/\" \/>\n<meta property=\"article:author\" content=\"https:\/\/www.facebook.com\/JavierChento\" \/>\n<meta property=\"article:published_time\" content=\"2015-02-03T05:40:45+00:00\" \/>\n<meta name=\"author\" content=\"Francisco Javier Fern\u00e1ndez Chento\" \/>\n<meta name=\"twitter:card\" content=\"summary_large_image\" \/>\n<meta name=\"twitter:creator\" content=\"@https:\/\/twitter.com\/javierchento\" \/>\n<meta name=\"twitter:site\" content=\"@WeVincentians\" \/>\n<meta name=\"twitter:label1\" content=\"Escrito por\" \/>\n\t<meta name=\"twitter:data1\" content=\"Francisco Javier Fern\u00e1ndez Chento\" \/>\n\t<meta name=\"twitter:label2\" content=\"Tiempo de lectura\" \/>\n\t<meta name=\"twitter:data2\" content=\"4 minutos\" \/>\n<script type=\"application\/ld+json\" class=\"yoast-schema-graph\">{\"@context\":\"https:\/\/schema.org\",\"@graph\":[{\"@type\":\"Article\",\"@id\":\"http:\/\/vincentians.com\/es\/promotores-de-laicos-evangelizadores\/#article\",\"isPartOf\":{\"@id\":\"http:\/\/vincentians.com\/es\/promotores-de-laicos-evangelizadores\/\"},\"author\":{\"name\":\"Francisco Javier Fern\u00e1ndez Chento\",\"@id\":\"https:\/\/vincentians.com\/es\/#\/schema\/person\/9623ef4d9aa3b2dfb8c061f1499288f2\"},\"headline\":\"Promotores de laicos evangelizadores\",\"datePublished\":\"2015-02-03T05:40:45+00:00\",\"mainEntityOfPage\":{\"@id\":\"http:\/\/vincentians.com\/es\/promotores-de-laicos-evangelizadores\/\"},\"wordCount\":869,\"commentCount\":0,\"publisher\":{\"@id\":\"https:\/\/vincentians.com\/es\/#organization\"},\"image\":{\"@id\":\"http:\/\/vincentians.com\/es\/promotores-de-laicos-evangelizadores\/#primaryimage\"},\"thumbnailUrl\":\"\",\"articleSection\":[\"Espiritualidad vicenciana\"],\"inLanguage\":\"es\",\"potentialAction\":[{\"@type\":\"CommentAction\",\"name\":\"Comment\",\"target\":[\"http:\/\/vincentians.com\/es\/promotores-de-laicos-evangelizadores\/#respond\"]}]},{\"@type\":\"WebPage\",\"@id\":\"http:\/\/vincentians.com\/es\/promotores-de-laicos-evangelizadores\/\",\"url\":\"http:\/\/vincentians.com\/es\/promotores-de-laicos-evangelizadores\/\",\"name\":\"Promotores de laicos evangelizadores - Somos Vicencianos\",\"isPartOf\":{\"@id\":\"https:\/\/vincentians.com\/es\/#website\"},\"primaryImageOfPage\":{\"@id\":\"http:\/\/vincentians.com\/es\/promotores-de-laicos-evangelizadores\/#primaryimage\"},\"image\":{\"@id\":\"http:\/\/vincentians.com\/es\/promotores-de-laicos-evangelizadores\/#primaryimage\"},\"thumbnailUrl\":\"\",\"datePublished\":\"2015-02-03T05:40:45+00:00\",\"breadcrumb\":{\"@id\":\"http:\/\/vincentians.com\/es\/promotores-de-laicos-evangelizadores\/#breadcrumb\"},\"inLanguage\":\"es\",\"potentialAction\":[{\"@type\":\"ReadAction\",\"target\":[\"http:\/\/vincentians.com\/es\/promotores-de-laicos-evangelizadores\/\"]}]},{\"@type\":\"ImageObject\",\"inLanguage\":\"es\",\"@id\":\"http:\/\/vincentians.com\/es\/promotores-de-laicos-evangelizadores\/#primaryimage\",\"url\":\"\",\"contentUrl\":\"\"},{\"@type\":\"BreadcrumbList\",\"@id\":\"http:\/\/vincentians.com\/es\/promotores-de-laicos-evangelizadores\/#breadcrumb\",\"itemListElement\":[{\"@type\":\"ListItem\",\"position\":1,\"name\":\"Portada\",\"item\":\"https:\/\/vincentians.com\/es\/\"},{\"@type\":\"ListItem\",\"position\":2,\"name\":\"Promotores de laicos evangelizadores\"}]},{\"@type\":\"WebSite\",\"@id\":\"https:\/\/vincentians.com\/es\/#website\",\"url\":\"https:\/\/vincentians.com\/es\/\",\"name\":\"Somos Vicencianos\",\"description\":\"Know more to serve more\",\"publisher\":{\"@id\":\"https:\/\/vincentians.com\/es\/#organization\"},\"potentialAction\":[{\"@type\":\"SearchAction\",\"target\":{\"@type\":\"EntryPoint\",\"urlTemplate\":\"https:\/\/vincentians.com\/es\/?s={search_term_string}\"},\"query-input\":{\"@type\":\"PropertyValueSpecification\",\"valueRequired\":true,\"valueName\":\"search_term_string\"}}],\"inLanguage\":\"es\"},{\"@type\":\"Organization\",\"@id\":\"https:\/\/vincentians.com\/es\/#organization\",\"name\":\"The Vincentian Network\",\"url\":\"https:\/\/vincentians.com\/es\/\",\"logo\":{\"@type\":\"ImageObject\",\"inLanguage\":\"es\",\"@id\":\"https:\/\/vincentians.com\/es\/#\/schema\/logo\/image\/\",\"url\":\"https:\/\/i1.wp.com\/vincentians.com\/es\/wp-content\/uploads\/sites\/11\/2016\/06\/Vincentian-Network-logo-big.png?fit=778%2C778\",\"contentUrl\":\"https:\/\/i1.wp.com\/vincentians.com\/es\/wp-content\/uploads\/sites\/11\/2016\/06\/Vincentian-Network-logo-big.png?fit=778%2C778\",\"width\":778,\"height\":778,\"caption\":\"The Vincentian Network\"},\"image\":{\"@id\":\"https:\/\/vincentians.com\/es\/#\/schema\/logo\/image\/\"},\"sameAs\":[\"https:\/\/www.facebook.com\/WeAreVincentians\/\",\"https:\/\/x.com\/WeVincentians\"]},{\"@type\":\"Person\",\"@id\":\"https:\/\/vincentians.com\/es\/#\/schema\/person\/9623ef4d9aa3b2dfb8c061f1499288f2\",\"name\":\"Francisco Javier Fern\u00e1ndez Chento\",\"image\":{\"@type\":\"ImageObject\",\"inLanguage\":\"es\",\"@id\":\"https:\/\/vincentians.com\/es\/#\/schema\/person\/image\/\",\"url\":\"https:\/\/secure.gravatar.com\/avatar\/497d5cde87b4c3d097d0315953521681ba2cd523ee66e5077c3711f7021e65de?s=96&d=mm&r=g\",\"contentUrl\":\"https:\/\/secure.gravatar.com\/avatar\/497d5cde87b4c3d097d0315953521681ba2cd523ee66e5077c3711f7021e65de?s=96&d=mm&r=g\",\"caption\":\"Francisco Javier Fern\u00e1ndez Chento\"},\"description\":\"Director General y cofundador de La Red de Formaci\u00f3n Vicenciana. Javier es laico vicenciano, afiliado a la Congregaci\u00f3n de la Misi\u00f3n y miembro del Equipo de Misiones Populares de la provincia can\u00f3nica de Zaragoza (Espa\u00f1a) de la Congregaci\u00f3n de la Misi\u00f3n. Graduado en la Universidad Oberta de Catalunya con cuatro grados (Asistente de direcci\u00f3n, Gesti\u00f3n Administrativa, Recursos Humanos y Contabilidad Avanzada). Bil\u00edng\u00fce Espa\u00f1ol\/Ingl\u00e9s. gestiona y mantiene varias p\u00e1ginas web cristianas y vicencianas, incluida including La Red de Formaci\u00f3n Vicenciana, de la que es cofundador. Actualmente es responsable del \u00e1rea de Espa\u00f1ol de .famvin, la Red de Noticias de la Familia Vicenciana. Tambi\u00e9n es m\u00fasico cat\u00f3lico y ha editado varios discos. Es Director General y cofundador de Trovador, una reconocida compa\u00f1\u00eda discogr\u00e1fica critiana de Espa\u00f1a. Trabaja en las Tecnolog\u00edas de la Informaci\u00f3n, ofreciendo servicios de alojamiento, dise\u00f1o y mantenimiento Web, as\u00ed como asesoramiento, formaci\u00f3n y soluciones inform\u00e1ticas, gesti\u00f3n documental y digitalizaci\u00f3n de textos, edici\u00f3n y maquetaci\u00f3n de libros, revistas, flyers, etc.\",\"sameAs\":[\"http:\/\/chento.org\",\"https:\/\/www.facebook.com\/JavierChento\",\"https:\/\/x.com\/https:\/\/twitter.com\/javierchento\"],\"url\":\"http:\/\/vincentians.com\/es\/author\/chento\/\"}]}<\/script>\n<!-- \/ Yoast SEO plugin. -->","yoast_head_json":{"title":"Promotores de laicos evangelizadores - Somos Vicencianos","robots":{"index":"index","follow":"follow","max-snippet":"max-snippet:-1","max-image-preview":"max-image-preview:large","max-video-preview":"max-video-preview:-1"},"canonical":"http:\/\/vincentians.com\/es\/promotores-de-laicos-evangelizadores\/","og_locale":"es_ES","og_type":"article","og_title":"Promotores de laicos evangelizadores - Somos Vicencianos","og_description":"\u00abNo te pido s\u00f3lo por \u00e9stos, te pido tambi\u00e9n por los que van a creer en m\u00ed mediante su mensaje: que sean todos \u00aduno, como t\u00fa, Padre, est\u00e1s conmigo y yo contigo\u00bb \u00abApl\u00edquense a la ... Read More","og_url":"http:\/\/vincentians.com\/es\/promotores-de-laicos-evangelizadores\/","og_site_name":"Somos Vicencianos","article_publisher":"https:\/\/www.facebook.com\/WeAreVincentians\/","article_author":"https:\/\/www.facebook.com\/JavierChento","article_published_time":"2015-02-03T05:40:45+00:00","author":"Francisco Javier Fern\u00e1ndez Chento","twitter_card":"summary_large_image","twitter_creator":"@https:\/\/twitter.com\/javierchento","twitter_site":"@WeVincentians","twitter_misc":{"Escrito por":"Francisco Javier Fern\u00e1ndez Chento","Tiempo de lectura":"4 minutos"},"schema":{"@context":"https:\/\/schema.org","@graph":[{"@type":"Article","@id":"http:\/\/vincentians.com\/es\/promotores-de-laicos-evangelizadores\/#article","isPartOf":{"@id":"http:\/\/vincentians.com\/es\/promotores-de-laicos-evangelizadores\/"},"author":{"name":"Francisco Javier Fern\u00e1ndez Chento","@id":"https:\/\/vincentians.com\/es\/#\/schema\/person\/9623ef4d9aa3b2dfb8c061f1499288f2"},"headline":"Promotores de laicos evangelizadores","datePublished":"2015-02-03T05:40:45+00:00","mainEntityOfPage":{"@id":"http:\/\/vincentians.com\/es\/promotores-de-laicos-evangelizadores\/"},"wordCount":869,"commentCount":0,"publisher":{"@id":"https:\/\/vincentians.com\/es\/#organization"},"image":{"@id":"http:\/\/vincentians.com\/es\/promotores-de-laicos-evangelizadores\/#primaryimage"},"thumbnailUrl":"","articleSection":["Espiritualidad vicenciana"],"inLanguage":"es","potentialAction":[{"@type":"CommentAction","name":"Comment","target":["http:\/\/vincentians.com\/es\/promotores-de-laicos-evangelizadores\/#respond"]}]},{"@type":"WebPage","@id":"http:\/\/vincentians.com\/es\/promotores-de-laicos-evangelizadores\/","url":"http:\/\/vincentians.com\/es\/promotores-de-laicos-evangelizadores\/","name":"Promotores de laicos evangelizadores - Somos Vicencianos","isPartOf":{"@id":"https:\/\/vincentians.com\/es\/#website"},"primaryImageOfPage":{"@id":"http:\/\/vincentians.com\/es\/promotores-de-laicos-evangelizadores\/#primaryimage"},"image":{"@id":"http:\/\/vincentians.com\/es\/promotores-de-laicos-evangelizadores\/#primaryimage"},"thumbnailUrl":"","datePublished":"2015-02-03T05:40:45+00:00","breadcrumb":{"@id":"http:\/\/vincentians.com\/es\/promotores-de-laicos-evangelizadores\/#breadcrumb"},"inLanguage":"es","potentialAction":[{"@type":"ReadAction","target":["http:\/\/vincentians.com\/es\/promotores-de-laicos-evangelizadores\/"]}]},{"@type":"ImageObject","inLanguage":"es","@id":"http:\/\/vincentians.com\/es\/promotores-de-laicos-evangelizadores\/#primaryimage","url":"","contentUrl":""},{"@type":"BreadcrumbList","@id":"http:\/\/vincentians.com\/es\/promotores-de-laicos-evangelizadores\/#breadcrumb","itemListElement":[{"@type":"ListItem","position":1,"name":"Portada","item":"https:\/\/vincentians.com\/es\/"},{"@type":"ListItem","position":2,"name":"Promotores de laicos evangelizadores"}]},{"@type":"WebSite","@id":"https:\/\/vincentians.com\/es\/#website","url":"https:\/\/vincentians.com\/es\/","name":"Somos Vicencianos","description":"Know more to serve more","publisher":{"@id":"https:\/\/vincentians.com\/es\/#organization"},"potentialAction":[{"@type":"SearchAction","target":{"@type":"EntryPoint","urlTemplate":"https:\/\/vincentians.com\/es\/?s={search_term_string}"},"query-input":{"@type":"PropertyValueSpecification","valueRequired":true,"valueName":"search_term_string"}}],"inLanguage":"es"},{"@type":"Organization","@id":"https:\/\/vincentians.com\/es\/#organization","name":"The Vincentian Network","url":"https:\/\/vincentians.com\/es\/","logo":{"@type":"ImageObject","inLanguage":"es","@id":"https:\/\/vincentians.com\/es\/#\/schema\/logo\/image\/","url":"https:\/\/i1.wp.com\/vincentians.com\/es\/wp-content\/uploads\/sites\/11\/2016\/06\/Vincentian-Network-logo-big.png?fit=778%2C778","contentUrl":"https:\/\/i1.wp.com\/vincentians.com\/es\/wp-content\/uploads\/sites\/11\/2016\/06\/Vincentian-Network-logo-big.png?fit=778%2C778","width":778,"height":778,"caption":"The Vincentian Network"},"image":{"@id":"https:\/\/vincentians.com\/es\/#\/schema\/logo\/image\/"},"sameAs":["https:\/\/www.facebook.com\/WeAreVincentians\/","https:\/\/x.com\/WeVincentians"]},{"@type":"Person","@id":"https:\/\/vincentians.com\/es\/#\/schema\/person\/9623ef4d9aa3b2dfb8c061f1499288f2","name":"Francisco Javier Fern\u00e1ndez Chento","image":{"@type":"ImageObject","inLanguage":"es","@id":"https:\/\/vincentians.com\/es\/#\/schema\/person\/image\/","url":"https:\/\/secure.gravatar.com\/avatar\/497d5cde87b4c3d097d0315953521681ba2cd523ee66e5077c3711f7021e65de?s=96&d=mm&r=g","contentUrl":"https:\/\/secure.gravatar.com\/avatar\/497d5cde87b4c3d097d0315953521681ba2cd523ee66e5077c3711f7021e65de?s=96&d=mm&r=g","caption":"Francisco Javier Fern\u00e1ndez Chento"},"description":"Director General y cofundador de La Red de Formaci\u00f3n Vicenciana. Javier es laico vicenciano, afiliado a la Congregaci\u00f3n de la Misi\u00f3n y miembro del Equipo de Misiones Populares de la provincia can\u00f3nica de Zaragoza (Espa\u00f1a) de la Congregaci\u00f3n de la Misi\u00f3n. Graduado en la Universidad Oberta de Catalunya con cuatro grados (Asistente de direcci\u00f3n, Gesti\u00f3n Administrativa, Recursos Humanos y Contabilidad Avanzada). Bil\u00edng\u00fce Espa\u00f1ol\/Ingl\u00e9s. gestiona y mantiene varias p\u00e1ginas web cristianas y vicencianas, incluida including La Red de Formaci\u00f3n Vicenciana, de la que es cofundador. Actualmente es responsable del \u00e1rea de Espa\u00f1ol de .famvin, la Red de Noticias de la Familia Vicenciana. Tambi\u00e9n es m\u00fasico cat\u00f3lico y ha editado varios discos. Es Director General y cofundador de Trovador, una reconocida compa\u00f1\u00eda discogr\u00e1fica critiana de Espa\u00f1a. Trabaja en las Tecnolog\u00edas de la Informaci\u00f3n, ofreciendo servicios de alojamiento, dise\u00f1o y mantenimiento Web, as\u00ed como asesoramiento, formaci\u00f3n y soluciones inform\u00e1ticas, gesti\u00f3n documental y digitalizaci\u00f3n de textos, edici\u00f3n y maquetaci\u00f3n de libros, revistas, flyers, etc.","sameAs":["http:\/\/chento.org","https:\/\/www.facebook.com\/JavierChento","https:\/\/x.com\/https:\/\/twitter.com\/javierchento"],"url":"http:\/\/vincentians.com\/es\/author\/chento\/"}]}},"jetpack_publicize_connections":[],"jetpack_featured_media_url":"","jetpack_sharing_enabled":true,"jetpack_shortlink":"https:\/\/wp.me\/p7ETMF-zA2","jetpack-related-posts":[{"id":131320,"url":"http:\/\/vincentians.com\/es\/los-laicos-luz-del-mundo\/","url_meta":{"origin":136774,"position":0},"title":"Los laicos, luz del mundo","author":"Francisco Javier Fern\u00e1ndez Chento","date":"09\/02\/2015","format":false,"excerpt":"\"De \u00e9l (de Cristo) viene que el cuerpo entero, compacto y trabado por todas las junturas que lo alimentan, con la actividad peculiar de cada una de las partes, vaya creciendo como cuerpo, construy\u00e9ndose el mismo por el amor\" (Ef. 4,16) \"El fin de la Congregaci\u00f3n de la Misi\u00f3n es\u2026","rel":"","context":"En \u00abEspiritualidad vicenciana\u00bb","block_context":{"text":"Espiritualidad vicenciana","link":"http:\/\/vincentians.com\/es\/category\/espiritualidad\/espiritualidad-vicenciana\/"},"img":{"alt_text":"laicos vicentinos","src":"https:\/\/i0.wp.com\/vicencianos.org\/wp-content\/2014\/09\/laicos-vicentinos-300x266.jpg?resize=350%2C200","width":350,"height":200},"classes":[]},{"id":136776,"url":"http:\/\/vincentians.com\/es\/agentes-de-unidad-entre-clerigos-y-laicos\/","url_meta":{"origin":136774,"position":1},"title":"Agentes de unidad entre cl\u00e9rigos y laicos","author":"Francisco Javier Fern\u00e1ndez Chento","date":"05\/02\/2015","format":false,"excerpt":"\u00abEsforzaos por mantener la unidad que crea el Esp\u00edritu, estrech\u00e1ndola con la paz. Hay un solo cuerpo y un solo Esp\u00edritu, como una es tam\u00adbi\u00e9n la esperanza que os abri\u00f3 su llamamiento\u00bb. (Ef 4,3-4). \u00abEnse\u00f1en fielmente a cl\u00e9ri\u00adgos y laicos a trabajar en equipo y ayudarse mutuamen\u00adte en el proceso\u2026","rel":"","context":"En \u00abEspiritualidad vicenciana\u00bb","block_context":{"text":"Espiritualidad vicenciana","link":"http:\/\/vincentians.com\/es\/category\/espiritualidad\/espiritualidad-vicenciana\/"},"img":{"alt_text":"unidad","src":"https:\/\/i0.wp.com\/vicencianos.org\/wp-content\/2015\/02\/unidad-300x198.jpg?resize=350%2C200","width":350,"height":200},"classes":[]},{"id":122918,"url":"http:\/\/vincentians.com\/es\/animacion-de-la-formacion\/","url_meta":{"origin":136774,"position":2},"title":"Animaci\u00f3n de la formaci\u00f3n","author":"Francisco Javier Fern\u00e1ndez Chento","date":"21\/09\/2022","format":false,"excerpt":"1. Introducci\u00f3n Cuando se me encomend\u00f3 presentar esta Comunicaci\u00f3n se me dijo que lo hiciera desde mi experiencia pastoral en el campo de la Familia Vicenciana. Lo voy a intentar. Quiero empezar afir\u00admando que considero una gracia muy grande el haber podido trabajar como Consiliario o Asesor o simplemente como\u2026","rel":"","context":"En \u00abFormaci\u00f3n Cristiana\u00bb","block_context":{"text":"Formaci\u00f3n Cristiana","link":"http:\/\/vincentians.com\/es\/category\/formacion-cristiana\/"},"img":{"alt_text":"","src":"https:\/\/i0.wp.com\/vincentians.com\/es\/wp-content\/uploads\/sites\/11\/2013\/04\/formacion_permanente.jpg?fit=303%2C303&resize=350%2C200","width":350,"height":200},"classes":[]},{"id":118081,"url":"http:\/\/vincentians.com\/es\/el-religioso-y-los-seglares-en-nuestras-instituciones\/","url_meta":{"origin":136774,"position":3},"title":"El religioso y los seglares en nuestras instituciones","author":"Francisco Javier Fern\u00e1ndez Chento","date":"15\/09\/2021","format":false,"excerpt":"I. Un problema nuevo a) Por la evoluci\u00f3n del esp\u00edritu caritativo. Ninguna \u00e9poca en la historia de la civilizaci\u00f3n ha conocido una evoluci\u00f3n tan r\u00e1pida como la nuestra. El sector caritativo no se ha escapado a este ritmo acelerado. Las construcciones y los equi\u00adpos m\u00e9dicos, cuyo valor de costo a\u00fan\u2026","rel":"","context":"En \u00abFormaci\u00f3n Cristiana\u00bb","block_context":{"text":"Formaci\u00f3n Cristiana","link":"http:\/\/vincentians.com\/es\/category\/formacion-cristiana\/"},"img":{"alt_text":"","src":"https:\/\/i0.wp.com\/vincentians.com\/es\/wp-content\/uploads\/sites\/11\/2021\/01\/aaaa.jpg?fit=640%2C369&resize=350%2C200","width":350,"height":200,"srcset":"https:\/\/i0.wp.com\/vincentians.com\/es\/wp-content\/uploads\/sites\/11\/2021\/01\/aaaa.jpg?fit=640%2C369&resize=350%2C200 1x, https:\/\/i0.wp.com\/vincentians.com\/es\/wp-content\/uploads\/sites\/11\/2021\/01\/aaaa.jpg?fit=640%2C369&resize=525%2C300 1.5x"},"classes":[]},{"id":121278,"url":"http:\/\/vincentians.com\/es\/breve-historia-del-laicado\/","url_meta":{"origin":136774,"position":4},"title":"Breve historia del laicado","author":"Francisco Javier Fern\u00e1ndez Chento","date":"11\/11\/2022","format":false,"excerpt":"Presentaci\u00f3n La historia no s\u00f3lo nos da a conocer el pasado, sino que nos ofrece lecciones de insospechada validez para el presente y nos ayuda a afrontar el futuro con clarividencia. Por ello esta breve s\u00edntesis hist\u00f3rica del papel del seglar en la Iglesia desde los or\u00edgenes del cristianismo hasta\u2026","rel":"","context":"En \u00abFormaci\u00f3n Cristiana\u00bb","block_context":{"text":"Formaci\u00f3n Cristiana","link":"http:\/\/vincentians.com\/es\/category\/formacion-cristiana\/"},"img":{"alt_text":"","src":"https:\/\/i0.wp.com\/vincentians.com\/es\/wp-content\/uploads\/sites\/11\/2016\/09\/vincentian-missionarie.jpg?fit=846%2C444&resize=350%2C200","width":350,"height":200,"srcset":"https:\/\/i0.wp.com\/vincentians.com\/es\/wp-content\/uploads\/sites\/11\/2016\/09\/vincentian-missionarie.jpg?fit=846%2C444&resize=350%2C200 1x, https:\/\/i0.wp.com\/vincentians.com\/es\/wp-content\/uploads\/sites\/11\/2016\/09\/vincentian-missionarie.jpg?fit=846%2C444&resize=525%2C300 1.5x, https:\/\/i0.wp.com\/vincentians.com\/es\/wp-content\/uploads\/sites\/11\/2016\/09\/vincentian-missionarie.jpg?fit=846%2C444&resize=700%2C400 2x"},"classes":[]},{"id":119584,"url":"http:\/\/vincentians.com\/es\/luisa-de-marillac-formadora-de-los-laicos\/","url_meta":{"origin":136774,"position":5},"title":"Luisa de Marillac, formadora de los laicos","author":"Francisco Javier Fern\u00e1ndez Chento","date":"27\/01\/2016","format":false,"excerpt":"1.- Introducci\u00f3n y circunstancias ambientales. Cuando se me pidi\u00f3 este trabajo lo primero que se me ocurri\u00f3 es ir a las biograf\u00edas de Santa Luisa. En la primera biograf\u00eda, escrita por Nicol\u00e1s Gobill\u00f3n catorce a\u00f1os despu\u00e9s de su muerte, encontr\u00e9 esta cita: \"Desde el momento en que comenz\u00f3 las reuniones,\u2026","rel":"","context":"En \u00abFormaci\u00f3n Vicenciana\u00bb","block_context":{"text":"Formaci\u00f3n Vicenciana","link":"http:\/\/vincentians.com\/es\/category\/formacion-vicenciana\/"},"img":{"alt_text":"vicente luisa munecos","src":"https:\/\/i0.wp.com\/vicencianos.org\/wp-content\/uploads\/2015\/06\/vicente-luisa-munecos-1024x768.jpg?resize=350%2C200","width":350,"height":200,"srcset":"https:\/\/i0.wp.com\/vicencianos.org\/wp-content\/uploads\/2015\/06\/vicente-luisa-munecos-1024x768.jpg?resize=350%2C200 1x, https:\/\/i0.wp.com\/vicencianos.org\/wp-content\/uploads\/2015\/06\/vicente-luisa-munecos-1024x768.jpg?resize=525%2C300 1.5x, https:\/\/i0.wp.com\/vicencianos.org\/wp-content\/uploads\/2015\/06\/vicente-luisa-munecos-1024x768.jpg?resize=700%2C400 2x"},"classes":[]}],"_links":{"self":[{"href":"http:\/\/vincentians.com\/es\/wp-json\/wp\/v2\/posts\/136774","targetHints":{"allow":["GET"]}}],"collection":[{"href":"http:\/\/vincentians.com\/es\/wp-json\/wp\/v2\/posts"}],"about":[{"href":"http:\/\/vincentians.com\/es\/wp-json\/wp\/v2\/types\/post"}],"author":[{"embeddable":true,"href":"http:\/\/vincentians.com\/es\/wp-json\/wp\/v2\/users\/4"}],"replies":[{"embeddable":true,"href":"http:\/\/vincentians.com\/es\/wp-json\/wp\/v2\/comments?post=136774"}],"version-history":[{"count":0,"href":"http:\/\/vincentians.com\/es\/wp-json\/wp\/v2\/posts\/136774\/revisions"}],"wp:featuredmedia":[{"embeddable":true,"href":"http:\/\/vincentians.com\/es\/wp-json\/"}],"wp:attachment":[{"href":"http:\/\/vincentians.com\/es\/wp-json\/wp\/v2\/media?parent=136774"}],"wp:term":[{"taxonomy":"category","embeddable":true,"href":"http:\/\/vincentians.com\/es\/wp-json\/wp\/v2\/categories?post=136774"},{"taxonomy":"post_tag","embeddable":true,"href":"http:\/\/vincentians.com\/es\/wp-json\/wp\/v2\/tags?post=136774"}],"curies":[{"name":"wp","href":"https:\/\/api.w.org\/{rel}","templated":true}]}}