{"id":136767,"date":"2015-01-31T06:23:41","date_gmt":"2015-01-31T05:23:41","guid":{"rendered":"http:\/\/somos.vicencianos.org\/?p=136767"},"modified":"2015-01-31T06:23:41","modified_gmt":"2015-01-31T05:23:41","slug":"misioneros-populares","status":"publish","type":"post","link":"http:\/\/vincentians.com\/es\/misioneros-populares\/","title":{"rendered":"Misioneros populares"},"content":{"rendered":"<p style=\"text-align: justify\">\u00abAl encontrarlo le dijeron: Todo el mundo te busca. El les respondi\u00f3: V\u00e1monos a otra parte, a las aldeas cercanas, que voy a predicar tambi\u00e9n all\u00ed; para eso he salido\u00bb. (Mc 1,37-38).<\/p>\n<p style=\"text-align: justify\">\u00abSe han de promover con empe\u00f1o las misiones populares, tan entra\u00f1ablemente queri\u00addas por el Fundador. Emprenderemos, pues, la obra de las misiones, adapt\u00e1ndolas a las circunstancias de tiempo y lugar y buscando con esmero todas las posibilida\u00addes de darles nuevo impulso, bien para renovar y construir la verdadera comunidad cris\u00adtiana, bien para suscitar la fe en los corazones de to\u00addos los que no creen\u00bb. (C 2).<\/p>\n<p style=\"text-align: justify\"><a href=\"https:\/\/i0.wp.com\/vicencianos.org\/wp-content\/2014\/12\/Peral.jpg\"><img data-recalc-dims=\"1\" loading=\"lazy\" decoding=\"async\" class=\"alignright size-medium wp-image-133265\" src=\"https:\/\/i0.wp.com\/vicencianos.org\/wp-content\/2014\/12\/Peral-300x223.jpg?resize=300%2C223\" alt=\"Peral\" width=\"300\" height=\"223\" \/><\/a>Las misiones al pobre pueblo dieron origen a la Con\u00adgregaci\u00f3n. Nunca la Compa\u00f1\u00eda ha demostrado mejor su car\u00e1cter, dentro de la Iglesia, que cuando se ha entre\u00adgado con empe\u00f1o a dar misiones. Los mismos nombres \u00abde la Misi\u00f3n\u00bb y \u00abcasa de la Misi\u00f3n\u00bb revelan la natu\u00adraleza de la Congregaci\u00f3n, as\u00ed corno el ministerio prin\u00adcipal a que se dedicaban los primeros Misioneros, don\u00addequiera que se establec\u00edan.<\/p>\n<h2><strong> 1. \u00abNuestra vocaci\u00f3n es trabajar por la salvaci\u00f3n de las pobres gentes del campo\u00bb.<\/strong><\/h2>\n<p style=\"text-align: justify\">Dejemos la palabra, una vez m\u00e1s, a San Vicente, que nos explica el primer trabajo de la Congregaci\u00f3n, fuente de otros ministerios que sobrevinieron poco m\u00e1s tarde:<\/p>\n<p style=\"text-align: justify\"><em>\u00abLas misiones corresponden a los designios eternos que Dios tiene sobre nosotros. Lo m\u00e1s importante de nuestra vocaci\u00f3n es trabajar por la salvaci\u00f3n de las pobres<\/em><em> gentes del campo, y todo lo dem\u00e1s no es m\u00e1s que accesorio; pues no hubi\u00e9semos nunca trabajado con los ordenandos ni en los seminarios eclesi\u00e1sticos, si no hubi\u00e9semos juzgado que esto era necesario para mantener al pueblo y conservar el fruto que producen las misiones cuando hay buenos eclesi\u00e1sticos, imitando en eso a los buenos conquistadores, que dejan una guarnici\u00f3n en las plazas que ocupan, por miedo a perder lo que han conquistado con tanto esfuerzo. \u00bfVerdad que sentimos dichosos de expresar al vivo la vocaci\u00f3n de Jesucristo?\u00bb. <\/em>(XI 55).<\/p>\n<h2><strong> 2. Est\u00e1n esperando que vaya&#8230;\u00bb.<\/strong><\/h2>\n<p style=\"text-align: justify\">Despu\u00e9s de Jesucristo, incansable evangelizador de pueblos y aldeas, los Misioneros no encuentran otro modelo m\u00e1s cercano a ellos, que les impulse a dar mi\u00adsiones, en los pueblos, que el mismo Vicente de Pa\u00fal. El Santo Fundador dec\u00eda casi al final de su vida:<\/p>\n<p style=\"text-align: justify\"><em>\u00abMe acuerdo de que antiguamente, cuando volv\u00eda alguna misi\u00f3n, me parec\u00eda que, al acercarme a Par\u00eds, se iban<\/em> <em>a caer sobre m\u00ed las puertas de la ciudad para aplastarme; muy pocas veces volv\u00eda de la misi\u00f3n sin que se ocurriera este pensamiento. La raz\u00f3n de esto es que llevaba dentro de m\u00ed: T\u00fa vuelves a Par\u00eds, y hay otras muchas aldeas que est\u00e1n esperando de ti lo que acabas de hacer aqu\u00ed y all\u00e1. Si no hubiese ido a aquella aldea, Probablemente tales y tales personas, al morir en el estado en que las encontraste, se habr\u00edan perdido&#8230; Est\u00e1n esperando que vayas a hacer entre ellos lo mismo que Ibas de hacer con sus vecinos; est\u00e1n esperando una misi\u00f3n, \u00a1y t\u00fa te vas y los dejas all\u00ed!\u00bb. <\/em>(XI 317).<\/p>\n<h2><strong> 3. \u00abAtenci\u00f3n a las necesidades actuales de la humanidad y de la Iglesia\u00bb.<\/strong><\/h2>\n<p style=\"text-align: justify\">Tender la mirada a los or\u00edgenes de la Congregaci\u00f3n puede ser un cauce inspirador del ministerio de las misiones populares hoy. Es lo que aconseja Pablo VI res\u00adpecto a la Iglesia de Jesucristo:<\/p>\n<p style=\"text-align: justify\"><em>\u00abUna mirada sobre los or\u00edgenes de la Iglesia es muy esclarecedora y aporta el beneficio de una experiencia tanto m\u00e1s valiosa cuanto que ha permitido a la Iglesia consolidarse, crecer y extenderse. No obstante, esta aten\u00adci\u00f3n a las fuentes debe ser completada con otras la aten\u00adci\u00f3n a las necesidades actuales de la humanidad <\/em>y <em>de la Iglesia Beber en estas fuentes siempre inspiradoras, no sacrificar nada de estos valores y saber adaptarse a las exigencias y a las necesidades actuales, tales son los ejes que permitir\u00e1n buscar con sabidur\u00eda y poner en claro los misterios que necesita la Iglesia y que muchos de sus miembros querr\u00e1n abrazar para la mayor vitalidad de la comunidad eclesial\u00bb. <\/em>(EN 73).<\/p>\n<ul style=\"text-align: justify\">\n<li><em>\u00bfEstoy dispuesto a dar misiones, siempre que piden mi colaboraci\u00f3n?<\/em><\/li>\n<li><em>Me intereso por conocer la realidad socioreligiosa de los pueblos que evangelizo, para que las<\/em><em> predicaciones sean m\u00e1s actuales y eficaces?<\/em><\/li>\n<li><em>\u00bfPromuevo con empe\u00f1o las misiones, seg\u00fan mis posibilidades de trabajo?<\/em><\/li>\n<\/ul>\n<h2 style=\"text-align: justify\">Oraci\u00f3n:<\/h2>\n<p style=\"text-align: justify\">\u00abSe\u00f1or, t\u00fa has querido que tu Iglesia sea sacramento de salvaci\u00f3n para todos los hombres, a fin de que la obra redentora de Cristo persevere hasta el final de los tiempos; mueve ahora los corazones de tus fieles y conc\u00e9denos la gracia de sentir que nos llamas con urgencia a trabajar por la salvaci\u00f3n del mundo, para que, de todas las naciones, se forme y desarrolle un solo pueblo, una sola familia, con\u00adsagrada a tu nombre. Por nuestro Se\u00f1or Jesucristo\u00bb.<\/p>\n<p style=\"text-align: justify\">(Mro, Votiva por la evangelizaci\u00f3n de los pueblos).<\/p>\n","protected":false},"excerpt":{"rendered":"<p>\u00abAl encontrarlo le dijeron: Todo el mundo te busca. El les respondi\u00f3: V\u00e1monos a otra parte, a las aldeas cercanas, que voy a predicar tambi\u00e9n all\u00ed; para eso he salido\u00bb. (Mc 1,37-38). \u00abSe han de &#8230; <a href=\"http:\/\/vincentians.com\/es\/misioneros-populares\/\" class=\"more-link\">Read More<\/a><\/p>\n","protected":false},"author":4,"featured_media":133265,"comment_status":"open","ping_status":"open","sticky":false,"template":"","format":"standard","meta":{"jetpack_post_was_ever_published":false,"_jetpack_newsletter_access":"","_jetpack_dont_email_post_to_subs":false,"_jetpack_newsletter_tier_id":0,"_jetpack_memberships_contains_paywalled_content":false,"_jetpack_memberships_contains_paid_content":false,"footnotes":"","jetpack_publicize_message":"","jetpack_publicize_feature_enabled":true,"jetpack_social_post_already_shared":true,"jetpack_social_options":{"image_generator_settings":{"template":"highway","default_image_id":0,"font":"","enabled":false},"version":2}},"categories":[226],"tags":[176],"class_list":["post-136767","post","type-post","status-publish","format-standard","has-post-thumbnail","hentry","category-espiritualidad-vicenciana","tag-misiones-populares"],"yoast_head":"<!-- This site is optimized with the Yoast SEO plugin v26.3 - https:\/\/yoast.com\/wordpress\/plugins\/seo\/ -->\n<title>Misioneros populares - Somos Vicencianos<\/title>\n<meta name=\"robots\" content=\"index, follow, max-snippet:-1, max-image-preview:large, max-video-preview:-1\" \/>\n<link rel=\"canonical\" href=\"http:\/\/vincentians.com\/es\/misioneros-populares\/\" \/>\n<meta property=\"og:locale\" content=\"es_ES\" \/>\n<meta property=\"og:type\" content=\"article\" \/>\n<meta property=\"og:title\" content=\"Misioneros populares - Somos Vicencianos\" \/>\n<meta property=\"og:description\" content=\"\u00abAl encontrarlo le dijeron: Todo el mundo te busca. El les respondi\u00f3: V\u00e1monos a otra parte, a las aldeas cercanas, que voy a predicar tambi\u00e9n all\u00ed; para eso he salido\u00bb. (Mc 1,37-38). \u00abSe han de ... Read More\" \/>\n<meta property=\"og:url\" content=\"http:\/\/vincentians.com\/es\/misioneros-populares\/\" \/>\n<meta property=\"og:site_name\" content=\"Somos Vicencianos\" \/>\n<meta property=\"article:publisher\" content=\"https:\/\/www.facebook.com\/WeAreVincentians\/\" \/>\n<meta property=\"article:author\" content=\"https:\/\/www.facebook.com\/JavierChento\" \/>\n<meta property=\"article:published_time\" content=\"2015-01-31T05:23:41+00:00\" \/>\n<meta name=\"author\" content=\"Francisco Javier Fern\u00e1ndez Chento\" \/>\n<meta name=\"twitter:card\" content=\"summary_large_image\" \/>\n<meta name=\"twitter:creator\" content=\"@https:\/\/twitter.com\/javierchento\" \/>\n<meta name=\"twitter:site\" content=\"@WeVincentians\" \/>\n<meta name=\"twitter:label1\" content=\"Escrito por\" \/>\n\t<meta name=\"twitter:data1\" content=\"Francisco Javier Fern\u00e1ndez Chento\" \/>\n\t<meta name=\"twitter:label2\" content=\"Tiempo de lectura\" \/>\n\t<meta name=\"twitter:data2\" content=\"4 minutos\" \/>\n<script type=\"application\/ld+json\" class=\"yoast-schema-graph\">{\"@context\":\"https:\/\/schema.org\",\"@graph\":[{\"@type\":\"Article\",\"@id\":\"http:\/\/vincentians.com\/es\/misioneros-populares\/#article\",\"isPartOf\":{\"@id\":\"http:\/\/vincentians.com\/es\/misioneros-populares\/\"},\"author\":{\"name\":\"Francisco Javier Fern\u00e1ndez Chento\",\"@id\":\"https:\/\/vincentians.com\/es\/#\/schema\/person\/9623ef4d9aa3b2dfb8c061f1499288f2\"},\"headline\":\"Misioneros populares\",\"datePublished\":\"2015-01-31T05:23:41+00:00\",\"mainEntityOfPage\":{\"@id\":\"http:\/\/vincentians.com\/es\/misioneros-populares\/\"},\"wordCount\":868,\"commentCount\":0,\"publisher\":{\"@id\":\"https:\/\/vincentians.com\/es\/#organization\"},\"image\":{\"@id\":\"http:\/\/vincentians.com\/es\/misioneros-populares\/#primaryimage\"},\"thumbnailUrl\":\"\",\"keywords\":[\"Misiones Populares\"],\"articleSection\":[\"Espiritualidad vicenciana\"],\"inLanguage\":\"es\",\"potentialAction\":[{\"@type\":\"CommentAction\",\"name\":\"Comment\",\"target\":[\"http:\/\/vincentians.com\/es\/misioneros-populares\/#respond\"]}]},{\"@type\":\"WebPage\",\"@id\":\"http:\/\/vincentians.com\/es\/misioneros-populares\/\",\"url\":\"http:\/\/vincentians.com\/es\/misioneros-populares\/\",\"name\":\"Misioneros populares - Somos Vicencianos\",\"isPartOf\":{\"@id\":\"https:\/\/vincentians.com\/es\/#website\"},\"primaryImageOfPage\":{\"@id\":\"http:\/\/vincentians.com\/es\/misioneros-populares\/#primaryimage\"},\"image\":{\"@id\":\"http:\/\/vincentians.com\/es\/misioneros-populares\/#primaryimage\"},\"thumbnailUrl\":\"\",\"datePublished\":\"2015-01-31T05:23:41+00:00\",\"breadcrumb\":{\"@id\":\"http:\/\/vincentians.com\/es\/misioneros-populares\/#breadcrumb\"},\"inLanguage\":\"es\",\"potentialAction\":[{\"@type\":\"ReadAction\",\"target\":[\"http:\/\/vincentians.com\/es\/misioneros-populares\/\"]}]},{\"@type\":\"ImageObject\",\"inLanguage\":\"es\",\"@id\":\"http:\/\/vincentians.com\/es\/misioneros-populares\/#primaryimage\",\"url\":\"\",\"contentUrl\":\"\"},{\"@type\":\"BreadcrumbList\",\"@id\":\"http:\/\/vincentians.com\/es\/misioneros-populares\/#breadcrumb\",\"itemListElement\":[{\"@type\":\"ListItem\",\"position\":1,\"name\":\"Portada\",\"item\":\"https:\/\/vincentians.com\/es\/\"},{\"@type\":\"ListItem\",\"position\":2,\"name\":\"Misioneros populares\"}]},{\"@type\":\"WebSite\",\"@id\":\"https:\/\/vincentians.com\/es\/#website\",\"url\":\"https:\/\/vincentians.com\/es\/\",\"name\":\"Somos Vicencianos\",\"description\":\"Know more to serve more\",\"publisher\":{\"@id\":\"https:\/\/vincentians.com\/es\/#organization\"},\"potentialAction\":[{\"@type\":\"SearchAction\",\"target\":{\"@type\":\"EntryPoint\",\"urlTemplate\":\"https:\/\/vincentians.com\/es\/?s={search_term_string}\"},\"query-input\":{\"@type\":\"PropertyValueSpecification\",\"valueRequired\":true,\"valueName\":\"search_term_string\"}}],\"inLanguage\":\"es\"},{\"@type\":\"Organization\",\"@id\":\"https:\/\/vincentians.com\/es\/#organization\",\"name\":\"The Vincentian Network\",\"url\":\"https:\/\/vincentians.com\/es\/\",\"logo\":{\"@type\":\"ImageObject\",\"inLanguage\":\"es\",\"@id\":\"https:\/\/vincentians.com\/es\/#\/schema\/logo\/image\/\",\"url\":\"https:\/\/i1.wp.com\/vincentians.com\/es\/wp-content\/uploads\/sites\/11\/2016\/06\/Vincentian-Network-logo-big.png?fit=778%2C778\",\"contentUrl\":\"https:\/\/i1.wp.com\/vincentians.com\/es\/wp-content\/uploads\/sites\/11\/2016\/06\/Vincentian-Network-logo-big.png?fit=778%2C778\",\"width\":778,\"height\":778,\"caption\":\"The Vincentian Network\"},\"image\":{\"@id\":\"https:\/\/vincentians.com\/es\/#\/schema\/logo\/image\/\"},\"sameAs\":[\"https:\/\/www.facebook.com\/WeAreVincentians\/\",\"https:\/\/x.com\/WeVincentians\"]},{\"@type\":\"Person\",\"@id\":\"https:\/\/vincentians.com\/es\/#\/schema\/person\/9623ef4d9aa3b2dfb8c061f1499288f2\",\"name\":\"Francisco Javier Fern\u00e1ndez Chento\",\"image\":{\"@type\":\"ImageObject\",\"inLanguage\":\"es\",\"@id\":\"https:\/\/vincentians.com\/es\/#\/schema\/person\/image\/\",\"url\":\"https:\/\/secure.gravatar.com\/avatar\/497d5cde87b4c3d097d0315953521681ba2cd523ee66e5077c3711f7021e65de?s=96&d=mm&r=g\",\"contentUrl\":\"https:\/\/secure.gravatar.com\/avatar\/497d5cde87b4c3d097d0315953521681ba2cd523ee66e5077c3711f7021e65de?s=96&d=mm&r=g\",\"caption\":\"Francisco Javier Fern\u00e1ndez Chento\"},\"description\":\"Director General y cofundador de La Red de Formaci\u00f3n Vicenciana. Javier es laico vicenciano, afiliado a la Congregaci\u00f3n de la Misi\u00f3n y miembro del Equipo de Misiones Populares de la provincia can\u00f3nica de Zaragoza (Espa\u00f1a) de la Congregaci\u00f3n de la Misi\u00f3n. Graduado en la Universidad Oberta de Catalunya con cuatro grados (Asistente de direcci\u00f3n, Gesti\u00f3n Administrativa, Recursos Humanos y Contabilidad Avanzada). Bil\u00edng\u00fce Espa\u00f1ol\/Ingl\u00e9s. gestiona y mantiene varias p\u00e1ginas web cristianas y vicencianas, incluida including La Red de Formaci\u00f3n Vicenciana, de la que es cofundador. Actualmente es responsable del \u00e1rea de Espa\u00f1ol de .famvin, la Red de Noticias de la Familia Vicenciana. Tambi\u00e9n es m\u00fasico cat\u00f3lico y ha editado varios discos. Es Director General y cofundador de Trovador, una reconocida compa\u00f1\u00eda discogr\u00e1fica critiana de Espa\u00f1a. Trabaja en las Tecnolog\u00edas de la Informaci\u00f3n, ofreciendo servicios de alojamiento, dise\u00f1o y mantenimiento Web, as\u00ed como asesoramiento, formaci\u00f3n y soluciones inform\u00e1ticas, gesti\u00f3n documental y digitalizaci\u00f3n de textos, edici\u00f3n y maquetaci\u00f3n de libros, revistas, flyers, etc.\",\"sameAs\":[\"http:\/\/chento.org\",\"https:\/\/www.facebook.com\/JavierChento\",\"https:\/\/x.com\/https:\/\/twitter.com\/javierchento\"],\"url\":\"http:\/\/vincentians.com\/es\/author\/chento\/\"}]}<\/script>\n<!-- \/ Yoast SEO plugin. -->","yoast_head_json":{"title":"Misioneros populares - Somos Vicencianos","robots":{"index":"index","follow":"follow","max-snippet":"max-snippet:-1","max-image-preview":"max-image-preview:large","max-video-preview":"max-video-preview:-1"},"canonical":"http:\/\/vincentians.com\/es\/misioneros-populares\/","og_locale":"es_ES","og_type":"article","og_title":"Misioneros populares - Somos Vicencianos","og_description":"\u00abAl encontrarlo le dijeron: Todo el mundo te busca. El les respondi\u00f3: V\u00e1monos a otra parte, a las aldeas cercanas, que voy a predicar tambi\u00e9n all\u00ed; para eso he salido\u00bb. (Mc 1,37-38). \u00abSe han de ... Read More","og_url":"http:\/\/vincentians.com\/es\/misioneros-populares\/","og_site_name":"Somos Vicencianos","article_publisher":"https:\/\/www.facebook.com\/WeAreVincentians\/","article_author":"https:\/\/www.facebook.com\/JavierChento","article_published_time":"2015-01-31T05:23:41+00:00","author":"Francisco Javier Fern\u00e1ndez Chento","twitter_card":"summary_large_image","twitter_creator":"@https:\/\/twitter.com\/javierchento","twitter_site":"@WeVincentians","twitter_misc":{"Escrito por":"Francisco Javier Fern\u00e1ndez Chento","Tiempo de lectura":"4 minutos"},"schema":{"@context":"https:\/\/schema.org","@graph":[{"@type":"Article","@id":"http:\/\/vincentians.com\/es\/misioneros-populares\/#article","isPartOf":{"@id":"http:\/\/vincentians.com\/es\/misioneros-populares\/"},"author":{"name":"Francisco Javier Fern\u00e1ndez Chento","@id":"https:\/\/vincentians.com\/es\/#\/schema\/person\/9623ef4d9aa3b2dfb8c061f1499288f2"},"headline":"Misioneros populares","datePublished":"2015-01-31T05:23:41+00:00","mainEntityOfPage":{"@id":"http:\/\/vincentians.com\/es\/misioneros-populares\/"},"wordCount":868,"commentCount":0,"publisher":{"@id":"https:\/\/vincentians.com\/es\/#organization"},"image":{"@id":"http:\/\/vincentians.com\/es\/misioneros-populares\/#primaryimage"},"thumbnailUrl":"","keywords":["Misiones Populares"],"articleSection":["Espiritualidad vicenciana"],"inLanguage":"es","potentialAction":[{"@type":"CommentAction","name":"Comment","target":["http:\/\/vincentians.com\/es\/misioneros-populares\/#respond"]}]},{"@type":"WebPage","@id":"http:\/\/vincentians.com\/es\/misioneros-populares\/","url":"http:\/\/vincentians.com\/es\/misioneros-populares\/","name":"Misioneros populares - Somos Vicencianos","isPartOf":{"@id":"https:\/\/vincentians.com\/es\/#website"},"primaryImageOfPage":{"@id":"http:\/\/vincentians.com\/es\/misioneros-populares\/#primaryimage"},"image":{"@id":"http:\/\/vincentians.com\/es\/misioneros-populares\/#primaryimage"},"thumbnailUrl":"","datePublished":"2015-01-31T05:23:41+00:00","breadcrumb":{"@id":"http:\/\/vincentians.com\/es\/misioneros-populares\/#breadcrumb"},"inLanguage":"es","potentialAction":[{"@type":"ReadAction","target":["http:\/\/vincentians.com\/es\/misioneros-populares\/"]}]},{"@type":"ImageObject","inLanguage":"es","@id":"http:\/\/vincentians.com\/es\/misioneros-populares\/#primaryimage","url":"","contentUrl":""},{"@type":"BreadcrumbList","@id":"http:\/\/vincentians.com\/es\/misioneros-populares\/#breadcrumb","itemListElement":[{"@type":"ListItem","position":1,"name":"Portada","item":"https:\/\/vincentians.com\/es\/"},{"@type":"ListItem","position":2,"name":"Misioneros populares"}]},{"@type":"WebSite","@id":"https:\/\/vincentians.com\/es\/#website","url":"https:\/\/vincentians.com\/es\/","name":"Somos Vicencianos","description":"Know more to serve more","publisher":{"@id":"https:\/\/vincentians.com\/es\/#organization"},"potentialAction":[{"@type":"SearchAction","target":{"@type":"EntryPoint","urlTemplate":"https:\/\/vincentians.com\/es\/?s={search_term_string}"},"query-input":{"@type":"PropertyValueSpecification","valueRequired":true,"valueName":"search_term_string"}}],"inLanguage":"es"},{"@type":"Organization","@id":"https:\/\/vincentians.com\/es\/#organization","name":"The Vincentian Network","url":"https:\/\/vincentians.com\/es\/","logo":{"@type":"ImageObject","inLanguage":"es","@id":"https:\/\/vincentians.com\/es\/#\/schema\/logo\/image\/","url":"https:\/\/i1.wp.com\/vincentians.com\/es\/wp-content\/uploads\/sites\/11\/2016\/06\/Vincentian-Network-logo-big.png?fit=778%2C778","contentUrl":"https:\/\/i1.wp.com\/vincentians.com\/es\/wp-content\/uploads\/sites\/11\/2016\/06\/Vincentian-Network-logo-big.png?fit=778%2C778","width":778,"height":778,"caption":"The Vincentian Network"},"image":{"@id":"https:\/\/vincentians.com\/es\/#\/schema\/logo\/image\/"},"sameAs":["https:\/\/www.facebook.com\/WeAreVincentians\/","https:\/\/x.com\/WeVincentians"]},{"@type":"Person","@id":"https:\/\/vincentians.com\/es\/#\/schema\/person\/9623ef4d9aa3b2dfb8c061f1499288f2","name":"Francisco Javier Fern\u00e1ndez Chento","image":{"@type":"ImageObject","inLanguage":"es","@id":"https:\/\/vincentians.com\/es\/#\/schema\/person\/image\/","url":"https:\/\/secure.gravatar.com\/avatar\/497d5cde87b4c3d097d0315953521681ba2cd523ee66e5077c3711f7021e65de?s=96&d=mm&r=g","contentUrl":"https:\/\/secure.gravatar.com\/avatar\/497d5cde87b4c3d097d0315953521681ba2cd523ee66e5077c3711f7021e65de?s=96&d=mm&r=g","caption":"Francisco Javier Fern\u00e1ndez Chento"},"description":"Director General y cofundador de La Red de Formaci\u00f3n Vicenciana. Javier es laico vicenciano, afiliado a la Congregaci\u00f3n de la Misi\u00f3n y miembro del Equipo de Misiones Populares de la provincia can\u00f3nica de Zaragoza (Espa\u00f1a) de la Congregaci\u00f3n de la Misi\u00f3n. Graduado en la Universidad Oberta de Catalunya con cuatro grados (Asistente de direcci\u00f3n, Gesti\u00f3n Administrativa, Recursos Humanos y Contabilidad Avanzada). Bil\u00edng\u00fce Espa\u00f1ol\/Ingl\u00e9s. gestiona y mantiene varias p\u00e1ginas web cristianas y vicencianas, incluida including La Red de Formaci\u00f3n Vicenciana, de la que es cofundador. Actualmente es responsable del \u00e1rea de Espa\u00f1ol de .famvin, la Red de Noticias de la Familia Vicenciana. Tambi\u00e9n es m\u00fasico cat\u00f3lico y ha editado varios discos. Es Director General y cofundador de Trovador, una reconocida compa\u00f1\u00eda discogr\u00e1fica critiana de Espa\u00f1a. Trabaja en las Tecnolog\u00edas de la Informaci\u00f3n, ofreciendo servicios de alojamiento, dise\u00f1o y mantenimiento Web, as\u00ed como asesoramiento, formaci\u00f3n y soluciones inform\u00e1ticas, gesti\u00f3n documental y digitalizaci\u00f3n de textos, edici\u00f3n y maquetaci\u00f3n de libros, revistas, flyers, etc.","sameAs":["http:\/\/chento.org","https:\/\/www.facebook.com\/JavierChento","https:\/\/x.com\/https:\/\/twitter.com\/javierchento"],"url":"http:\/\/vincentians.com\/es\/author\/chento\/"}]}},"jetpack_publicize_connections":[],"jetpack_featured_media_url":"","jetpack_sharing_enabled":true,"jetpack_shortlink":"https:\/\/wp.me\/p7ETMF-zzV","jetpack-related-posts":[{"id":403861,"url":"http:\/\/vincentians.com\/es\/vicente-de-paul-en-gannes-folleville-x\/","url_meta":{"origin":136767,"position":0},"title":"VICENTE DE PAUL EN GANNES-FOLLEVILLE (X)","author":"Mitxel Olabu\u00e9naga","date":"14\/12\/2021","format":false,"excerpt":"4.3. LAS MISIONES POPULARES Y LA CONGREGACI\u00d3N DE LA MISI\u00d3N EN LA ACTUALIDAD Pretendo afrontar, finalmente, tanto la presencia de las misio\u00adnes populares y la misma Congregaci\u00f3n de la Misi\u00f3n en el inundo actual y en la situaci\u00f3n actual. \u00bfSon factibles? \u00bfTienen sentido? \u00bfSe requieren cambios o estrategias nuevas, diferentes\u2026","rel":"","context":"En \u00abFormaci\u00f3n Vicenciana\u00bb","block_context":{"text":"Formaci\u00f3n Vicenciana","link":"http:\/\/vincentians.com\/es\/category\/formacion-vicenciana\/"},"img":{"alt_text":"","src":"https:\/\/i0.wp.com\/vincentians.com\/es\/wp-content\/uploads\/sites\/11\/2017\/04\/vicente-y-eucaristia.jpg?fit=1200%2C630&resize=350%2C200","width":350,"height":200,"srcset":"https:\/\/i0.wp.com\/vincentians.com\/es\/wp-content\/uploads\/sites\/11\/2017\/04\/vicente-y-eucaristia.jpg?fit=1200%2C630&resize=350%2C200 1x, https:\/\/i0.wp.com\/vincentians.com\/es\/wp-content\/uploads\/sites\/11\/2017\/04\/vicente-y-eucaristia.jpg?fit=1200%2C630&resize=525%2C300 1.5x, https:\/\/i0.wp.com\/vincentians.com\/es\/wp-content\/uploads\/sites\/11\/2017\/04\/vicente-y-eucaristia.jpg?fit=1200%2C630&resize=700%2C400 2x, https:\/\/i0.wp.com\/vincentians.com\/es\/wp-content\/uploads\/sites\/11\/2017\/04\/vicente-y-eucaristia.jpg?fit=1200%2C630&resize=1050%2C600 3x"},"classes":[]},{"id":143,"url":"http:\/\/vincentians.com\/es\/conceptos-clave-en-misiones-populares-09-encuentro-con-las-personas\/","url_meta":{"origin":136767,"position":1},"title":"Conceptos clave en misiones populares 09: Encuentro con las personas","author":"Francisco Javier Fern\u00e1ndez Chento","date":"09\/01\/2015","format":false,"excerpt":"La palabra encuentro es una de las palabras claves de nuestro quehacer misionero. La realidad del encuentro es la forma de presentarse Jes\u00fas entre nosotros. El ha salido del Padre y ha venido hasta nosotros para encontrarse. Volvemos al evangelio: Iba Jes\u00fas de camino, se encuentra con una mujer, le\u2026","rel":"","context":"En \u00abMisiones populares\u00bb","block_context":{"text":"Misiones populares","link":"http:\/\/vincentians.com\/es\/category\/servicios-y-ministerios\/misiones-populares-misiones\/"},"img":{"alt_text":"encontrarse","src":"https:\/\/i0.wp.com\/vicencianos.org\/wp-content\/2015\/01\/encontrarse-300x225.jpg?resize=350%2C200","width":350,"height":200},"classes":[]},{"id":194,"url":"http:\/\/vincentians.com\/es\/conceptos-clave-en-misiones-populares-16-grupos-de-encuentro\/","url_meta":{"origin":136767,"position":2},"title":"Conceptos clave en misiones populares 16: Grupos de Encuentro","author":"Francisco Javier Fern\u00e1ndez Chento","date":"16\/01\/2015","format":false,"excerpt":"Los Grupos de Encuentro son una f\u00f3rmula empleada en el Equipo de Zaragoza para que las personas de un determinado lugar se encuentren de forma natural, cercana y sencilla con Dios y con las ra\u00edces de la Fe, con otras personas y consigo mismo\/a. A trav\u00e9s de estos Grupos se\u2026","rel":"","context":"En \u00abMisiones populares\u00bb","block_context":{"text":"Misiones populares","link":"http:\/\/vincentians.com\/es\/category\/servicios-y-ministerios\/misiones-populares-misiones\/"},"img":{"alt_text":"P18","src":"https:\/\/i0.wp.com\/vicencianos.org\/wp-content\/2015\/01\/P18-300x225.jpg?resize=350%2C200","width":350,"height":200},"classes":[]},{"id":403853,"url":"http:\/\/vincentians.com\/es\/vicente-de-paul-en-gannes-folleville-vi\/","url_meta":{"origin":136767,"position":3},"title":"VICENTE DE PAUL EN GANNES-FOLLEVILLE (VI)","author":"Mitxel Olabu\u00e9naga","date":"06\/12\/2021","format":false,"excerpt":"GANNES-FOLLEVILLE, \u00bfNACIMIENTO DE LA MISI\u00d3N POPULAR? En el apartado anterior hemos analizado el hecho hist\u00f3rico de Gannes y Folleville, su impacto en Vicente de Pa\u00fal y las inter\u00adpretaciones que, hasta el d\u00eda de hoy, ha habido al respecto. Pien\u00adso que ha quedado suficientemente claro que lo sucedido en Gannes y\u2026","rel":"","context":"En \u00abFormaci\u00f3n Vicenciana\u00bb","block_context":{"text":"Formaci\u00f3n Vicenciana","link":"http:\/\/vincentians.com\/es\/category\/formacion-vicenciana\/"},"img":{"alt_text":"","src":"https:\/\/i0.wp.com\/vincentians.com\/es\/wp-content\/uploads\/sites\/11\/2017\/04\/vicente-y-eucaristia.jpg?fit=1200%2C630&resize=350%2C200","width":350,"height":200,"srcset":"https:\/\/i0.wp.com\/vincentians.com\/es\/wp-content\/uploads\/sites\/11\/2017\/04\/vicente-y-eucaristia.jpg?fit=1200%2C630&resize=350%2C200 1x, https:\/\/i0.wp.com\/vincentians.com\/es\/wp-content\/uploads\/sites\/11\/2017\/04\/vicente-y-eucaristia.jpg?fit=1200%2C630&resize=525%2C300 1.5x, https:\/\/i0.wp.com\/vincentians.com\/es\/wp-content\/uploads\/sites\/11\/2017\/04\/vicente-y-eucaristia.jpg?fit=1200%2C630&resize=700%2C400 2x, https:\/\/i0.wp.com\/vincentians.com\/es\/wp-content\/uploads\/sites\/11\/2017\/04\/vicente-y-eucaristia.jpg?fit=1200%2C630&resize=1050%2C600 3x"},"classes":[]},{"id":156,"url":"http:\/\/vincentians.com\/es\/conceptos-clave-en-misiones-populares-11-importancia-de-todos\/","url_meta":{"origin":136767,"position":4},"title":"Conceptos clave en misiones populares 11: Importancia de todos","author":"Francisco Javier Fern\u00e1ndez Chento","date":"11\/01\/2015","format":false,"excerpt":"- \u00bfPara qui\u00e9n es la Misi\u00f3n? \u00bfA qu\u00e9 tipo de personas se dirige? - A todas. Como el Sembrador de la par\u00e1bola, nosotros debemos poner a prueba todos los terrenos; tenemos que arriesgar el Mensaje hasta en aquellos lugares que menos receptivos parecen. El mensaje sembrado en el camino, en\u2026","rel":"","context":"En \u00abMisiones populares\u00bb","block_context":{"text":"Misiones populares","link":"http:\/\/vincentians.com\/es\/category\/servicios-y-ministerios\/misiones-populares-misiones\/"},"img":{"alt_text":"","src":"","width":0,"height":0},"classes":[]},{"id":1282,"url":"http:\/\/vincentians.com\/es\/localizacion-territorial-de-las-misiones-populares-1704-2000\/","url_meta":{"origin":136767,"position":5},"title":"Localizaci\u00f3n territorial de las misiones populares 1704-2000","author":"Mitxel Olabu\u00e9naga","date":"31\/05\/2011","format":false,"excerpt":"A trav\u00e9s de estas p\u00e1ginas queremos presentar la acci\u00f3n que la Congregaci\u00f3n de la Misi\u00f3n ha desarrollado en las distintas Comunidades Aut\u00f3nomas de Espa\u00f1a a trav\u00e9s de las Misiones Populares. Una historia de casas, misioneros, proyectos y dificultades. Una historia en la que cada uno de los pueblos tiene una\u2026","rel":"","context":"En \u00abHistoria de la Congregaci\u00f3n de la Misi\u00f3n en Espa\u00f1a\u00bb","block_context":{"text":"Historia de la Congregaci\u00f3n de la Misi\u00f3n en Espa\u00f1a","link":"http:\/\/vincentians.com\/es\/category\/historia-de-la-familia-vicenciana\/historia-de-la-congregacion-de-la-mision-en-espana\/"},"img":{"alt_text":"","src":"https:\/\/i0.wp.com\/vicencianos.org\/wp-content\/2009\/11\/localizacion_territorial_de_las_misiones_populares.jpg?resize=350%2C200","width":350,"height":200},"classes":[]}],"_links":{"self":[{"href":"http:\/\/vincentians.com\/es\/wp-json\/wp\/v2\/posts\/136767","targetHints":{"allow":["GET"]}}],"collection":[{"href":"http:\/\/vincentians.com\/es\/wp-json\/wp\/v2\/posts"}],"about":[{"href":"http:\/\/vincentians.com\/es\/wp-json\/wp\/v2\/types\/post"}],"author":[{"embeddable":true,"href":"http:\/\/vincentians.com\/es\/wp-json\/wp\/v2\/users\/4"}],"replies":[{"embeddable":true,"href":"http:\/\/vincentians.com\/es\/wp-json\/wp\/v2\/comments?post=136767"}],"version-history":[{"count":0,"href":"http:\/\/vincentians.com\/es\/wp-json\/wp\/v2\/posts\/136767\/revisions"}],"wp:featuredmedia":[{"embeddable":true,"href":"http:\/\/vincentians.com\/es\/wp-json\/"}],"wp:attachment":[{"href":"http:\/\/vincentians.com\/es\/wp-json\/wp\/v2\/media?parent=136767"}],"wp:term":[{"taxonomy":"category","embeddable":true,"href":"http:\/\/vincentians.com\/es\/wp-json\/wp\/v2\/categories?post=136767"},{"taxonomy":"post_tag","embeddable":true,"href":"http:\/\/vincentians.com\/es\/wp-json\/wp\/v2\/tags?post=136767"}],"curies":[{"name":"wp","href":"https:\/\/api.w.org\/{rel}","templated":true}]}}