{"id":136556,"date":"2015-01-24T11:50:16","date_gmt":"2015-01-24T10:50:16","guid":{"rendered":"http:\/\/somos.vicencianos.org\/?p=136556"},"modified":"2016-07-24T10:28:13","modified_gmt":"2016-07-24T08:28:13","slug":"3o-domingo-de-t-o-reflexion-de-jose-cervantes-gabarron-2","status":"publish","type":"post","link":"http:\/\/vincentians.com\/es\/3o-domingo-de-t-o-reflexion-de-jose-cervantes-gabarron-2\/","title":{"rendered":"3\u00ba Domingo de T.O. (reflexi\u00f3n de Jos\u00e9 Cervantes Gabarr\u00f3n)"},"content":{"rendered":"<h2 style=\"text-align: center\"><strong><em><strong><strong><em>El Evangelio y el Reinado de Dios<\/em><\/strong><\/strong><\/em><\/strong><\/h2>\n<div id=\"attachment_132400\" style=\"width: 220px\" class=\"wp-caption alignright\"><a href=\"https:\/\/i0.wp.com\/vicencianos.org\/wp-content\/2011\/12\/Jose_Cervantes.jpg\"><img data-recalc-dims=\"1\" loading=\"lazy\" decoding=\"async\" aria-describedby=\"caption-attachment-132400\" class=\"size-medium wp-image-132400\" src=\"https:\/\/i0.wp.com\/vicencianos.org\/wp-content\/2011\/12\/Jose_Cervantes-210x300.jpg?resize=210%2C300\" alt=\"Jos\u00e9 Cervantes Gabarr\u00f3n, sacerdote misionero y profesor de Sagrada Escritura.\" width=\"210\" height=\"300\" \/><\/a><p id=\"caption-attachment-132400\" class=\"wp-caption-text\">Jos\u00e9 Cervantes Gabarr\u00f3n, sacerdote misionero y profesor de Sagrada Escritura.<\/p><\/div>\n<p>La palabra de Dios de este domingo proclama la\u00a0<strong>cercan\u00eda inminente del tiempo de Dios<\/strong>\u00a0presente en la historia humana que apela urgentemente a la\u00a0<strong>conversi\u00f3n<\/strong>\u00a0del coraz\u00f3n, al cambio de vida y de mentalidad para experimentar la alegr\u00eda del Reinado de Dios.<\/p>\n<p>Esto es lo que hace Jon\u00e1s con su llamada a la conversi\u00f3n de los ninivitas (Jon 3,1-10) amenazados por Dios con la destrucci\u00f3n de la gran ciudad. Pero el cambio de vida y de conducta por creer en Dios hizo que los ninivitas se salvaran. Tambi\u00e9n Pablo se hace eco del car\u00e1cter definitivo, irreversible e inminente del\u00a0<strong><em>tiempo<\/em><\/strong><em>\u00a0<\/em>(en griego\u00a0<em><strong>kair\u00f3s<\/strong><\/em>) de Dios en nuestra vida para urgir a la conversi\u00f3n de los corintios\u00a0<strong>(1 Cor 7,29-31)<\/strong>. Ese mismo tiempo de Dios, oportuno, de gracia y de salvaci\u00f3n, se identifica con\u00a0<strong>el Reino de Dios y se ha acercado<\/strong>\u00a0definitivamente a los seres humanos en la persona de Jes\u00fas, tal como proclama el\u00a0<strong>Evangelio<\/strong>\u00a0de Marcos (Mc 1,14-20).<\/p>\n<p>Al comienzo de su obra Marcos presenta claves fundamentales para la lectura de su obra:\u00a0<em><strong>\u00abJes\u00fas fue predicando el Evangelio de Dios y diciendo: Se ha cumplido el plazo y se ha acercado el Reino de Dios; convert\u00edos y creed en el Evangelio\u00bb (Mc 1,14-15).<\/strong><\/em>\u00a0La identidad de Jes\u00fas como Mes\u00edas e Hijo de Dios y su vinculaci\u00f3n con el Reino de Dios constituyen el misterio del Evangelio que Marcos pretende desentra\u00f1ar y revelar como buena noticia para todo ser humano.<\/p>\n<p>El mensaje inicial de Jes\u00fas es el Evangelio de Dios y tiene un doble contenido:\u00a0<strong>Un anuncio y un mandato.<\/strong>\u00a0Primeramente su predicaci\u00f3n consiste en el anuncio de una realidad inminente y gratuita, la\u00a0<strong>cercan\u00eda del Reino de Dios<\/strong>, cuya llegada pr\u00f3xima es un hecho irreversible y definitivo. En segundo lugar, su predicaci\u00f3n insta a todos sus seguidores, tanto a los oyentes contempor\u00e1neos suyos como a los lectores del evangelio a lo largo de la historia, a la\u00a0<strong>aut\u00e9ntica conversi\u00f3n,<\/strong>\u00a0especificando que \u00e9sta consiste en un cambio de mentalidad para\u00a0<strong>orientar la vida y la conducta seg\u00fan el Evangelio.<\/strong><\/p>\n<p><strong>El anuncio del Reino, como don imparable<\/strong>\u00a0de parte de Dios, es\u00a0<strong>una realidad viva y din\u00e1mica,<\/strong>\u00a0que nada ni nadie puede detener. Su definitiva proximidad es una propuesta abierta y universal para que la humanidad participe en la salvaci\u00f3n que Dios le ofrece.\u00a0Pero no se dice por ahora el evangelio qu\u00e9 es el Reino, ni d\u00f3nde est\u00e1, ni en qu\u00e9 consiste. En todo caso es algo que viene dado por Dios, pues se trata de una realidad que tiene en \u00e9l su origen. Del contexto inmediato posterior se puede deducir que la cercan\u00eda del Reino est\u00e1 vinculada a la persona de Jes\u00fas y a su actividad liberadora, desarrollada sobre todo en Cafarna\u00fan, en favor de los oprimidos y excluidos, de los enfermos y marginados y en abierta oposici\u00f3n a las instituciones religiosas de su tiempo. La autoridad de Jes\u00fas puesta al servicio del hombre anula el poder de los dirigentes de la sinagoga y antepone la atenci\u00f3n al ser humano necesitado frente al respeto del d\u00eda del s\u00e1bado.\u00a0<strong>Ese dinamismo liberador del hombre respecto a cualquier estructura opresora fue iniciado con la actuaci\u00f3n de Jes\u00fas y es la fuerza imparable del Reino de Dios,<\/strong>\u00a0que, como una semilla diminuta, va creciendo y desarroll\u00e1ndose en la historia sin que nadie sepa c\u00f3mo.<\/p>\n<p>El mandato contenido en el mensaje de Jes\u00fas deja la puerta abierta para que toda persona pueda entrar en el dinamismo del Reino, que es como un torrente de vida nueva, capaz de conducir a la humanidad por los senderos de la justicia, de la fraternidad y de la paz. La\u00a0<strong>llamada a la conversi\u00f3n<\/strong>\u00a0conlleva principalmente un cambio de mentalidad, una visi\u00f3n nueva de la vida, del hombre y de la sociedad. El verbo griego subyacente refleja esa transformaci\u00f3n total de la mente. Es la\u00a0<strong><em>metanoia<\/em><\/strong>\u00a0que implica creer en el evangelio como Buena Noticia. Pero la invitaci\u00f3n que hace el texto de Mc 1,15 no es s\u00f3lo a creer en Dios, sino a creer en ese Evangelio, es decir, creer en Jes\u00fas y en su mensaje y en su obra de liberaci\u00f3n, reconociendo que su misi\u00f3n prof\u00e9tica conflictiva y su destino de muerte violenta e injusta constituyen parad\u00f3jicamente la Buena Noticia de la salvaci\u00f3n para los seres humanos, pues en la acogida de su palabra, en la percepci\u00f3n de su presencia y en el seguimiento radical de sus pasos se vive ya el dinamismo del Reinado de Dios.<\/p>\n<p>As\u00ed pues,\u00a0<strong>el Reino de Dios es el misterio del amor de Dios que establece una relaci\u00f3n nueva, personal y din\u00e1mica con los seres humanos,<\/strong>\u00a0y, al ser acogido por ellos, toda la vida humana queda trastocada, impregnada y regenerada por Dios. El Reino de Dios es Dios mismo que ama a todo ser humano y se acerca a toda persona para establecer una relaci\u00f3n personal de amor, que conduzca a la m\u00e1s profunda alegr\u00eda. Por eso la interpretaci\u00f3n del Reino de Dios como\u00a0<strong>\u00abReinado de Dios\u00bb en el coraz\u00f3n humano<\/strong>\u00a0evoca el car\u00e1cter\u00a0<strong>personal y plenificante<\/strong>\u00a0del amor de Dios, que viene dado en Jes\u00fas, el cual se ha acercado definitivamente al hombre y\u00a0<strong>consumar\u00e1 su amor<\/strong>\u00a0en la entrega de la cruz, en su\u00a0<strong>muerte y resurrecci\u00f3n<\/strong>. Acoger este misterio de gracia es clave para que el reinar de Dios se vaya manifestando a trav\u00e9s de la conducta de cada persona con todas las consecuencias que conlleva en la interioridad humana, tanto en la espiritualidad, como en la mentalidad y en las relaciones sociales.<\/p>\n<p>Este\u00a0<strong>Reinado de Dios<\/strong>\u00a0tiene una dimensi\u00f3n<strong>\u00a0social<\/strong>\u00a0indiscutible, que anuncia la justicia y la paz como grandes valores divinos que est\u00e1n llegando con todo aqu\u00e9l que defiende a los humildes, que socorre y libera a los pobres y quebranta al explotador.\u00a0<strong>\u00c9ste es el Reino cuya cercan\u00eda anuncia Jes\u00fas y por cuya causa vivi\u00f3 y fue crucificado.<\/strong>\u00a0La conversi\u00f3n o metanoia consiste en transformar nuestra mentalidad al acoger el amor irrevocable de Dios, que se ha hecho patente en Jes\u00fas de Nazaret, para seguir a Jes\u00fas en solidaridad con los pobres e indigentes y en los esfuerzos por la liberaci\u00f3n y el desarrollo de los pa\u00edses y sectores m\u00e1s oprimidos del mundo.<\/p>\n<p>Pero el paso decisivo para\u00a0<strong>entrar en el Reinado de Dios es<\/strong>\u00a0<strong>seguir a Jes\u00fas,<\/strong>\u00a0convertirse en disc\u00edpulo suyo y reconocer en \u00e9l al Hijo de Dios, cuando, como el centuri\u00f3n (Mc 15,39) sepamos contemplar a Dios en su muerte en la cruz. S\u00f3lo con esta\u00a0<strong>reorientaci\u00f3n de la mirada hacia Jes\u00fas en la cruz<\/strong>\u00a0y, con \u00e9l, hacia todas las v\u00edctimas de la injusticia y los sufrientes de este mundo se producir\u00e1 en nosotros la aut\u00e9ntica metanoia o\u00a0<strong>conversi\u00f3n que pide el Evangelio de hoy.<\/strong><\/p>\n<p>Este Jes\u00fas es el Evangelio. Esto es lo que debe comprender existencialmente su comunidad y, como se trata b\u00e1sicamente de un problema de conocimiento, se dirige a ella con la categor\u00eda\u00a0<strong>discipulado.<\/strong>\u00a0Presenta a los disc\u00edpulos hist\u00f3ricos de Jes\u00fas como tipo de los cristianos de su tiempo. La tarea b\u00e1sica de aqu\u00e9llos consisti\u00f3 en conocer a Jes\u00fas, su mesianismo y su divinidad. La comunidad debe aprender de ellos a conocer el aut\u00e9ntico Jes\u00fas y superar as\u00ed sus problemas. La estrecha vinculaci\u00f3n de los\u00a0<strong>disc\u00edpulos con Jes\u00fas<\/strong>\u00a0constituye desde la primera p\u00e1gina del evangelio una realidad primordial para el anuncio de la\u00a0<strong>cercan\u00eda inminente del Reino de Dios<\/strong><strong>\u00a0<\/strong>y su presencia en esta tierra.<\/p>\n<p>Tal vez por ello a la proclamaci\u00f3n inicial de Jes\u00fas sigue el relato de l<strong>a llamada a los primeros disc\u00edpulos,<\/strong>\u00a0en el cual se cuenta que Jes\u00fas, junto al lago de Galilea, vio a dos parejas de hermanos y los llam\u00f3 para seguirle (Mc 1,16-20). La singularidad de esta llamada de Jes\u00fas tiene aspectos muy significativos que marcaron la importancia del discipulado inicial en su seguimiento radical de Jes\u00fas. Es Jes\u00fas quien tiene la\u00a0<strong>iniciativa<\/strong>\u00a0de llamar a aquellos disc\u00edpulos, lo cual revela su enorme autoridad y la trascendencia de su misi\u00f3n, equiparable a la funci\u00f3n de Dios en los relatos de vocaci\u00f3n del Antiguo Testamento. Jes\u00fas llama a los que \u00e9l quiere, pero se percibe en \u00e9l un criterio de elecci\u00f3n al escoger a\u00a0personas capaces de ayudarle\u00a0en la misi\u00f3n de proclamar y\u00a0<strong>hacer presente el reinado de Dios.<\/strong><\/p>\n<p>El hecho de que la vocaci\u00f3n de los disc\u00edpulos sea la primera acci\u00f3n de Jes\u00fas en orden a mostrar la cercan\u00eda del Reinado de Dios significa que Jes\u00fas quiso contar desde el principio y para siempre con un grupo personas especialmente llamadas para compartir\u00a0<strong>su mismo estilo de vida<\/strong>, marcado por la ruptura con todo tipo de lazos familiares y por una gran libertad en el comportamiento contracultural frente a los valores e instituciones dominantes. De aquel c\u00edrculo m\u00e1s cercano a Jes\u00fas formaban parte, adem\u00e1s de los Doce, Natanael, Jos\u00e9 y Mat\u00edas (Hch 1,21-22), y algunas mujeres, que siguieron y sirvieron a Jes\u00fas (Lc 8,1-2 y Mc 15,40-41). Su testimonio sigue arrastrando hoy a muchas personas consagradas totalmente al servicio apasionado a Jesucristo y al Reino de Dios.<\/p>\n<p>Tambi\u00e9n de nosotros espera Jes\u00fas que,\u00a0<strong>como los primeros disc\u00edpulos y como el ap\u00f3stol Pablo,<\/strong>\u00a0del cual este domingo tambi\u00e9n celebramos su propia conversi\u00f3n, nosotros avancemos en la fidelidad a su Evangelio.<\/p>\n","protected":false},"excerpt":{"rendered":"<p>El Evangelio y el Reinado de Dios La palabra de Dios de este domingo proclama la\u00a0cercan\u00eda inminente del tiempo de Dios\u00a0presente en la historia humana que apela urgentemente a la\u00a0conversi\u00f3n\u00a0del coraz\u00f3n, al cambio de vida &#8230; <a href=\"http:\/\/vincentians.com\/es\/3o-domingo-de-t-o-reflexion-de-jose-cervantes-gabarron-2\/\" class=\"more-link\">Read More<\/a><\/p>\n","protected":false},"author":4,"featured_media":388408,"comment_status":"open","ping_status":"open","sticky":false,"template":"","format":"standard","meta":{"jetpack_post_was_ever_published":false,"_jetpack_newsletter_access":"","_jetpack_dont_email_post_to_subs":false,"_jetpack_newsletter_tier_id":0,"_jetpack_memberships_contains_paywalled_content":false,"_jetpack_memberships_contains_paid_content":false,"footnotes":"","jetpack_publicize_message":"","jetpack_publicize_feature_enabled":true,"jetpack_social_post_already_shared":true,"jetpack_social_options":{"image_generator_settings":{"template":"highway","default_image_id":0,"font":"","enabled":false},"version":2}},"categories":[93],"tags":[],"class_list":["post-136556","post","type-post","status-publish","format-standard","has-post-thumbnail","hentry","category-homilias-y-reflexiones-ano-b"],"yoast_head":"<!-- This site is optimized with the Yoast SEO plugin v26.3 - https:\/\/yoast.com\/wordpress\/plugins\/seo\/ -->\n<title>3\u00ba Domingo de T.O. (reflexi\u00f3n de Jos\u00e9 Cervantes Gabarr\u00f3n) - Somos Vicencianos<\/title>\n<meta name=\"robots\" content=\"index, follow, max-snippet:-1, max-image-preview:large, max-video-preview:-1\" \/>\n<link rel=\"canonical\" href=\"http:\/\/vincentians.com\/es\/3o-domingo-de-t-o-reflexion-de-jose-cervantes-gabarron-2\/\" \/>\n<meta property=\"og:locale\" content=\"es_ES\" \/>\n<meta property=\"og:type\" content=\"article\" \/>\n<meta property=\"og:title\" content=\"3\u00ba Domingo de T.O. (reflexi\u00f3n de Jos\u00e9 Cervantes Gabarr\u00f3n) - Somos Vicencianos\" \/>\n<meta property=\"og:description\" content=\"El Evangelio y el Reinado de Dios La palabra de Dios de este domingo proclama la\u00a0cercan\u00eda inminente del tiempo de Dios\u00a0presente en la historia humana que apela urgentemente a la\u00a0conversi\u00f3n\u00a0del coraz\u00f3n, al cambio de vida ... Read More\" \/>\n<meta property=\"og:url\" content=\"http:\/\/vincentians.com\/es\/3o-domingo-de-t-o-reflexion-de-jose-cervantes-gabarron-2\/\" \/>\n<meta property=\"og:site_name\" content=\"Somos Vicencianos\" \/>\n<meta property=\"article:publisher\" content=\"https:\/\/www.facebook.com\/WeAreVincentians\/\" \/>\n<meta property=\"article:author\" content=\"https:\/\/www.facebook.com\/JavierChento\" \/>\n<meta property=\"article:published_time\" content=\"2015-01-24T10:50:16+00:00\" \/>\n<meta property=\"article:modified_time\" content=\"2016-07-24T08:28:13+00:00\" \/>\n<meta property=\"og:image\" content=\"https:\/\/i0.wp.com\/vincentians.com\/es\/wp-content\/uploads\/sites\/11\/2016\/07\/reflexiones-palabra-de-dios.jpg?fit=1200%2C630\" \/>\n\t<meta property=\"og:image:width\" content=\"1200\" \/>\n\t<meta property=\"og:image:height\" content=\"630\" \/>\n\t<meta property=\"og:image:type\" content=\"image\/jpeg\" \/>\n<meta name=\"author\" content=\"Francisco Javier Fern\u00e1ndez Chento\" \/>\n<meta name=\"twitter:card\" content=\"summary_large_image\" \/>\n<meta name=\"twitter:creator\" content=\"@https:\/\/twitter.com\/javierchento\" \/>\n<meta name=\"twitter:site\" content=\"@WeVincentians\" \/>\n<meta name=\"twitter:label1\" content=\"Escrito por\" \/>\n\t<meta name=\"twitter:data1\" content=\"Francisco Javier Fern\u00e1ndez Chento\" \/>\n\t<meta name=\"twitter:label2\" content=\"Tiempo de lectura\" \/>\n\t<meta name=\"twitter:data2\" content=\"8 minutos\" \/>\n<script type=\"application\/ld+json\" class=\"yoast-schema-graph\">{\"@context\":\"https:\/\/schema.org\",\"@graph\":[{\"@type\":\"Article\",\"@id\":\"http:\/\/vincentians.com\/es\/3o-domingo-de-t-o-reflexion-de-jose-cervantes-gabarron-2\/#article\",\"isPartOf\":{\"@id\":\"http:\/\/vincentians.com\/es\/3o-domingo-de-t-o-reflexion-de-jose-cervantes-gabarron-2\/\"},\"author\":{\"name\":\"Francisco Javier Fern\u00e1ndez Chento\",\"@id\":\"https:\/\/vincentians.com\/es\/#\/schema\/person\/9623ef4d9aa3b2dfb8c061f1499288f2\"},\"headline\":\"3\u00ba Domingo de T.O. (reflexi\u00f3n de Jos\u00e9 Cervantes Gabarr\u00f3n)\",\"datePublished\":\"2015-01-24T10:50:16+00:00\",\"dateModified\":\"2016-07-24T08:28:13+00:00\",\"mainEntityOfPage\":{\"@id\":\"http:\/\/vincentians.com\/es\/3o-domingo-de-t-o-reflexion-de-jose-cervantes-gabarron-2\/\"},\"wordCount\":1701,\"commentCount\":0,\"publisher\":{\"@id\":\"https:\/\/vincentians.com\/es\/#organization\"},\"image\":{\"@id\":\"http:\/\/vincentians.com\/es\/3o-domingo-de-t-o-reflexion-de-jose-cervantes-gabarron-2\/#primaryimage\"},\"thumbnailUrl\":\"https:\/\/i0.wp.com\/vincentians.com\/es\/wp-content\/uploads\/sites\/11\/2016\/07\/reflexiones-palabra-de-dios.jpg?fit=1200%2C630\",\"articleSection\":[\"Homil\u00edas y reflexiones, A\u00f1o B\"],\"inLanguage\":\"es\",\"potentialAction\":[{\"@type\":\"CommentAction\",\"name\":\"Comment\",\"target\":[\"http:\/\/vincentians.com\/es\/3o-domingo-de-t-o-reflexion-de-jose-cervantes-gabarron-2\/#respond\"]}]},{\"@type\":\"WebPage\",\"@id\":\"http:\/\/vincentians.com\/es\/3o-domingo-de-t-o-reflexion-de-jose-cervantes-gabarron-2\/\",\"url\":\"http:\/\/vincentians.com\/es\/3o-domingo-de-t-o-reflexion-de-jose-cervantes-gabarron-2\/\",\"name\":\"3\u00ba Domingo de T.O. (reflexi\u00f3n de Jos\u00e9 Cervantes Gabarr\u00f3n) - Somos Vicencianos\",\"isPartOf\":{\"@id\":\"https:\/\/vincentians.com\/es\/#website\"},\"primaryImageOfPage\":{\"@id\":\"http:\/\/vincentians.com\/es\/3o-domingo-de-t-o-reflexion-de-jose-cervantes-gabarron-2\/#primaryimage\"},\"image\":{\"@id\":\"http:\/\/vincentians.com\/es\/3o-domingo-de-t-o-reflexion-de-jose-cervantes-gabarron-2\/#primaryimage\"},\"thumbnailUrl\":\"https:\/\/i0.wp.com\/vincentians.com\/es\/wp-content\/uploads\/sites\/11\/2016\/07\/reflexiones-palabra-de-dios.jpg?fit=1200%2C630\",\"datePublished\":\"2015-01-24T10:50:16+00:00\",\"dateModified\":\"2016-07-24T08:28:13+00:00\",\"breadcrumb\":{\"@id\":\"http:\/\/vincentians.com\/es\/3o-domingo-de-t-o-reflexion-de-jose-cervantes-gabarron-2\/#breadcrumb\"},\"inLanguage\":\"es\",\"potentialAction\":[{\"@type\":\"ReadAction\",\"target\":[\"http:\/\/vincentians.com\/es\/3o-domingo-de-t-o-reflexion-de-jose-cervantes-gabarron-2\/\"]}]},{\"@type\":\"ImageObject\",\"inLanguage\":\"es\",\"@id\":\"http:\/\/vincentians.com\/es\/3o-domingo-de-t-o-reflexion-de-jose-cervantes-gabarron-2\/#primaryimage\",\"url\":\"https:\/\/i0.wp.com\/vincentians.com\/es\/wp-content\/uploads\/sites\/11\/2016\/07\/reflexiones-palabra-de-dios.jpg?fit=1200%2C630\",\"contentUrl\":\"https:\/\/i0.wp.com\/vincentians.com\/es\/wp-content\/uploads\/sites\/11\/2016\/07\/reflexiones-palabra-de-dios.jpg?fit=1200%2C630\",\"width\":1200,\"height\":630},{\"@type\":\"BreadcrumbList\",\"@id\":\"http:\/\/vincentians.com\/es\/3o-domingo-de-t-o-reflexion-de-jose-cervantes-gabarron-2\/#breadcrumb\",\"itemListElement\":[{\"@type\":\"ListItem\",\"position\":1,\"name\":\"Portada\",\"item\":\"https:\/\/vincentians.com\/es\/\"},{\"@type\":\"ListItem\",\"position\":2,\"name\":\"3\u00ba Domingo de T.O. (reflexi\u00f3n de Jos\u00e9 Cervantes Gabarr\u00f3n)\"}]},{\"@type\":\"WebSite\",\"@id\":\"https:\/\/vincentians.com\/es\/#website\",\"url\":\"https:\/\/vincentians.com\/es\/\",\"name\":\"Somos Vicencianos\",\"description\":\"Know more to serve more\",\"publisher\":{\"@id\":\"https:\/\/vincentians.com\/es\/#organization\"},\"potentialAction\":[{\"@type\":\"SearchAction\",\"target\":{\"@type\":\"EntryPoint\",\"urlTemplate\":\"https:\/\/vincentians.com\/es\/?s={search_term_string}\"},\"query-input\":{\"@type\":\"PropertyValueSpecification\",\"valueRequired\":true,\"valueName\":\"search_term_string\"}}],\"inLanguage\":\"es\"},{\"@type\":\"Organization\",\"@id\":\"https:\/\/vincentians.com\/es\/#organization\",\"name\":\"The Vincentian Network\",\"url\":\"https:\/\/vincentians.com\/es\/\",\"logo\":{\"@type\":\"ImageObject\",\"inLanguage\":\"es\",\"@id\":\"https:\/\/vincentians.com\/es\/#\/schema\/logo\/image\/\",\"url\":\"https:\/\/i1.wp.com\/vincentians.com\/es\/wp-content\/uploads\/sites\/11\/2016\/06\/Vincentian-Network-logo-big.png?fit=778%2C778\",\"contentUrl\":\"https:\/\/i1.wp.com\/vincentians.com\/es\/wp-content\/uploads\/sites\/11\/2016\/06\/Vincentian-Network-logo-big.png?fit=778%2C778\",\"width\":778,\"height\":778,\"caption\":\"The Vincentian Network\"},\"image\":{\"@id\":\"https:\/\/vincentians.com\/es\/#\/schema\/logo\/image\/\"},\"sameAs\":[\"https:\/\/www.facebook.com\/WeAreVincentians\/\",\"https:\/\/x.com\/WeVincentians\"]},{\"@type\":\"Person\",\"@id\":\"https:\/\/vincentians.com\/es\/#\/schema\/person\/9623ef4d9aa3b2dfb8c061f1499288f2\",\"name\":\"Francisco Javier Fern\u00e1ndez Chento\",\"image\":{\"@type\":\"ImageObject\",\"inLanguage\":\"es\",\"@id\":\"https:\/\/vincentians.com\/es\/#\/schema\/person\/image\/\",\"url\":\"https:\/\/secure.gravatar.com\/avatar\/497d5cde87b4c3d097d0315953521681ba2cd523ee66e5077c3711f7021e65de?s=96&d=mm&r=g\",\"contentUrl\":\"https:\/\/secure.gravatar.com\/avatar\/497d5cde87b4c3d097d0315953521681ba2cd523ee66e5077c3711f7021e65de?s=96&d=mm&r=g\",\"caption\":\"Francisco Javier Fern\u00e1ndez Chento\"},\"description\":\"Director General y cofundador de La Red de Formaci\u00f3n Vicenciana. Javier es laico vicenciano, afiliado a la Congregaci\u00f3n de la Misi\u00f3n y miembro del Equipo de Misiones Populares de la provincia can\u00f3nica de Zaragoza (Espa\u00f1a) de la Congregaci\u00f3n de la Misi\u00f3n. Graduado en la Universidad Oberta de Catalunya con cuatro grados (Asistente de direcci\u00f3n, Gesti\u00f3n Administrativa, Recursos Humanos y Contabilidad Avanzada). Bil\u00edng\u00fce Espa\u00f1ol\/Ingl\u00e9s. gestiona y mantiene varias p\u00e1ginas web cristianas y vicencianas, incluida including La Red de Formaci\u00f3n Vicenciana, de la que es cofundador. Actualmente es responsable del \u00e1rea de Espa\u00f1ol de .famvin, la Red de Noticias de la Familia Vicenciana. Tambi\u00e9n es m\u00fasico cat\u00f3lico y ha editado varios discos. Es Director General y cofundador de Trovador, una reconocida compa\u00f1\u00eda discogr\u00e1fica critiana de Espa\u00f1a. Trabaja en las Tecnolog\u00edas de la Informaci\u00f3n, ofreciendo servicios de alojamiento, dise\u00f1o y mantenimiento Web, as\u00ed como asesoramiento, formaci\u00f3n y soluciones inform\u00e1ticas, gesti\u00f3n documental y digitalizaci\u00f3n de textos, edici\u00f3n y maquetaci\u00f3n de libros, revistas, flyers, etc.\",\"sameAs\":[\"http:\/\/chento.org\",\"https:\/\/www.facebook.com\/JavierChento\",\"https:\/\/x.com\/https:\/\/twitter.com\/javierchento\"],\"url\":\"http:\/\/vincentians.com\/es\/author\/chento\/\"}]}<\/script>\n<!-- \/ Yoast SEO plugin. -->","yoast_head_json":{"title":"3\u00ba Domingo de T.O. (reflexi\u00f3n de Jos\u00e9 Cervantes Gabarr\u00f3n) - Somos Vicencianos","robots":{"index":"index","follow":"follow","max-snippet":"max-snippet:-1","max-image-preview":"max-image-preview:large","max-video-preview":"max-video-preview:-1"},"canonical":"http:\/\/vincentians.com\/es\/3o-domingo-de-t-o-reflexion-de-jose-cervantes-gabarron-2\/","og_locale":"es_ES","og_type":"article","og_title":"3\u00ba Domingo de T.O. (reflexi\u00f3n de Jos\u00e9 Cervantes Gabarr\u00f3n) - Somos Vicencianos","og_description":"El Evangelio y el Reinado de Dios La palabra de Dios de este domingo proclama la\u00a0cercan\u00eda inminente del tiempo de Dios\u00a0presente en la historia humana que apela urgentemente a la\u00a0conversi\u00f3n\u00a0del coraz\u00f3n, al cambio de vida ... Read More","og_url":"http:\/\/vincentians.com\/es\/3o-domingo-de-t-o-reflexion-de-jose-cervantes-gabarron-2\/","og_site_name":"Somos Vicencianos","article_publisher":"https:\/\/www.facebook.com\/WeAreVincentians\/","article_author":"https:\/\/www.facebook.com\/JavierChento","article_published_time":"2015-01-24T10:50:16+00:00","article_modified_time":"2016-07-24T08:28:13+00:00","og_image":[{"width":1200,"height":630,"url":"https:\/\/i0.wp.com\/vincentians.com\/es\/wp-content\/uploads\/sites\/11\/2016\/07\/reflexiones-palabra-de-dios.jpg?fit=1200%2C630","type":"image\/jpeg"}],"author":"Francisco Javier Fern\u00e1ndez Chento","twitter_card":"summary_large_image","twitter_creator":"@https:\/\/twitter.com\/javierchento","twitter_site":"@WeVincentians","twitter_misc":{"Escrito por":"Francisco Javier Fern\u00e1ndez Chento","Tiempo de lectura":"8 minutos"},"schema":{"@context":"https:\/\/schema.org","@graph":[{"@type":"Article","@id":"http:\/\/vincentians.com\/es\/3o-domingo-de-t-o-reflexion-de-jose-cervantes-gabarron-2\/#article","isPartOf":{"@id":"http:\/\/vincentians.com\/es\/3o-domingo-de-t-o-reflexion-de-jose-cervantes-gabarron-2\/"},"author":{"name":"Francisco Javier Fern\u00e1ndez Chento","@id":"https:\/\/vincentians.com\/es\/#\/schema\/person\/9623ef4d9aa3b2dfb8c061f1499288f2"},"headline":"3\u00ba Domingo de T.O. (reflexi\u00f3n de Jos\u00e9 Cervantes Gabarr\u00f3n)","datePublished":"2015-01-24T10:50:16+00:00","dateModified":"2016-07-24T08:28:13+00:00","mainEntityOfPage":{"@id":"http:\/\/vincentians.com\/es\/3o-domingo-de-t-o-reflexion-de-jose-cervantes-gabarron-2\/"},"wordCount":1701,"commentCount":0,"publisher":{"@id":"https:\/\/vincentians.com\/es\/#organization"},"image":{"@id":"http:\/\/vincentians.com\/es\/3o-domingo-de-t-o-reflexion-de-jose-cervantes-gabarron-2\/#primaryimage"},"thumbnailUrl":"https:\/\/i0.wp.com\/vincentians.com\/es\/wp-content\/uploads\/sites\/11\/2016\/07\/reflexiones-palabra-de-dios.jpg?fit=1200%2C630","articleSection":["Homil\u00edas y reflexiones, A\u00f1o B"],"inLanguage":"es","potentialAction":[{"@type":"CommentAction","name":"Comment","target":["http:\/\/vincentians.com\/es\/3o-domingo-de-t-o-reflexion-de-jose-cervantes-gabarron-2\/#respond"]}]},{"@type":"WebPage","@id":"http:\/\/vincentians.com\/es\/3o-domingo-de-t-o-reflexion-de-jose-cervantes-gabarron-2\/","url":"http:\/\/vincentians.com\/es\/3o-domingo-de-t-o-reflexion-de-jose-cervantes-gabarron-2\/","name":"3\u00ba Domingo de T.O. (reflexi\u00f3n de Jos\u00e9 Cervantes Gabarr\u00f3n) - Somos Vicencianos","isPartOf":{"@id":"https:\/\/vincentians.com\/es\/#website"},"primaryImageOfPage":{"@id":"http:\/\/vincentians.com\/es\/3o-domingo-de-t-o-reflexion-de-jose-cervantes-gabarron-2\/#primaryimage"},"image":{"@id":"http:\/\/vincentians.com\/es\/3o-domingo-de-t-o-reflexion-de-jose-cervantes-gabarron-2\/#primaryimage"},"thumbnailUrl":"https:\/\/i0.wp.com\/vincentians.com\/es\/wp-content\/uploads\/sites\/11\/2016\/07\/reflexiones-palabra-de-dios.jpg?fit=1200%2C630","datePublished":"2015-01-24T10:50:16+00:00","dateModified":"2016-07-24T08:28:13+00:00","breadcrumb":{"@id":"http:\/\/vincentians.com\/es\/3o-domingo-de-t-o-reflexion-de-jose-cervantes-gabarron-2\/#breadcrumb"},"inLanguage":"es","potentialAction":[{"@type":"ReadAction","target":["http:\/\/vincentians.com\/es\/3o-domingo-de-t-o-reflexion-de-jose-cervantes-gabarron-2\/"]}]},{"@type":"ImageObject","inLanguage":"es","@id":"http:\/\/vincentians.com\/es\/3o-domingo-de-t-o-reflexion-de-jose-cervantes-gabarron-2\/#primaryimage","url":"https:\/\/i0.wp.com\/vincentians.com\/es\/wp-content\/uploads\/sites\/11\/2016\/07\/reflexiones-palabra-de-dios.jpg?fit=1200%2C630","contentUrl":"https:\/\/i0.wp.com\/vincentians.com\/es\/wp-content\/uploads\/sites\/11\/2016\/07\/reflexiones-palabra-de-dios.jpg?fit=1200%2C630","width":1200,"height":630},{"@type":"BreadcrumbList","@id":"http:\/\/vincentians.com\/es\/3o-domingo-de-t-o-reflexion-de-jose-cervantes-gabarron-2\/#breadcrumb","itemListElement":[{"@type":"ListItem","position":1,"name":"Portada","item":"https:\/\/vincentians.com\/es\/"},{"@type":"ListItem","position":2,"name":"3\u00ba Domingo de T.O. (reflexi\u00f3n de Jos\u00e9 Cervantes Gabarr\u00f3n)"}]},{"@type":"WebSite","@id":"https:\/\/vincentians.com\/es\/#website","url":"https:\/\/vincentians.com\/es\/","name":"Somos Vicencianos","description":"Know more to serve more","publisher":{"@id":"https:\/\/vincentians.com\/es\/#organization"},"potentialAction":[{"@type":"SearchAction","target":{"@type":"EntryPoint","urlTemplate":"https:\/\/vincentians.com\/es\/?s={search_term_string}"},"query-input":{"@type":"PropertyValueSpecification","valueRequired":true,"valueName":"search_term_string"}}],"inLanguage":"es"},{"@type":"Organization","@id":"https:\/\/vincentians.com\/es\/#organization","name":"The Vincentian Network","url":"https:\/\/vincentians.com\/es\/","logo":{"@type":"ImageObject","inLanguage":"es","@id":"https:\/\/vincentians.com\/es\/#\/schema\/logo\/image\/","url":"https:\/\/i1.wp.com\/vincentians.com\/es\/wp-content\/uploads\/sites\/11\/2016\/06\/Vincentian-Network-logo-big.png?fit=778%2C778","contentUrl":"https:\/\/i1.wp.com\/vincentians.com\/es\/wp-content\/uploads\/sites\/11\/2016\/06\/Vincentian-Network-logo-big.png?fit=778%2C778","width":778,"height":778,"caption":"The Vincentian Network"},"image":{"@id":"https:\/\/vincentians.com\/es\/#\/schema\/logo\/image\/"},"sameAs":["https:\/\/www.facebook.com\/WeAreVincentians\/","https:\/\/x.com\/WeVincentians"]},{"@type":"Person","@id":"https:\/\/vincentians.com\/es\/#\/schema\/person\/9623ef4d9aa3b2dfb8c061f1499288f2","name":"Francisco Javier Fern\u00e1ndez Chento","image":{"@type":"ImageObject","inLanguage":"es","@id":"https:\/\/vincentians.com\/es\/#\/schema\/person\/image\/","url":"https:\/\/secure.gravatar.com\/avatar\/497d5cde87b4c3d097d0315953521681ba2cd523ee66e5077c3711f7021e65de?s=96&d=mm&r=g","contentUrl":"https:\/\/secure.gravatar.com\/avatar\/497d5cde87b4c3d097d0315953521681ba2cd523ee66e5077c3711f7021e65de?s=96&d=mm&r=g","caption":"Francisco Javier Fern\u00e1ndez Chento"},"description":"Director General y cofundador de La Red de Formaci\u00f3n Vicenciana. Javier es laico vicenciano, afiliado a la Congregaci\u00f3n de la Misi\u00f3n y miembro del Equipo de Misiones Populares de la provincia can\u00f3nica de Zaragoza (Espa\u00f1a) de la Congregaci\u00f3n de la Misi\u00f3n. Graduado en la Universidad Oberta de Catalunya con cuatro grados (Asistente de direcci\u00f3n, Gesti\u00f3n Administrativa, Recursos Humanos y Contabilidad Avanzada). Bil\u00edng\u00fce Espa\u00f1ol\/Ingl\u00e9s. gestiona y mantiene varias p\u00e1ginas web cristianas y vicencianas, incluida including La Red de Formaci\u00f3n Vicenciana, de la que es cofundador. Actualmente es responsable del \u00e1rea de Espa\u00f1ol de .famvin, la Red de Noticias de la Familia Vicenciana. Tambi\u00e9n es m\u00fasico cat\u00f3lico y ha editado varios discos. Es Director General y cofundador de Trovador, una reconocida compa\u00f1\u00eda discogr\u00e1fica critiana de Espa\u00f1a. Trabaja en las Tecnolog\u00edas de la Informaci\u00f3n, ofreciendo servicios de alojamiento, dise\u00f1o y mantenimiento Web, as\u00ed como asesoramiento, formaci\u00f3n y soluciones inform\u00e1ticas, gesti\u00f3n documental y digitalizaci\u00f3n de textos, edici\u00f3n y maquetaci\u00f3n de libros, revistas, flyers, etc.","sameAs":["http:\/\/chento.org","https:\/\/www.facebook.com\/JavierChento","https:\/\/x.com\/https:\/\/twitter.com\/javierchento"],"url":"http:\/\/vincentians.com\/es\/author\/chento\/"}]}},"jetpack_publicize_connections":[],"jetpack_featured_media_url":"https:\/\/i0.wp.com\/vincentians.com\/es\/wp-content\/uploads\/sites\/11\/2016\/07\/reflexiones-palabra-de-dios.jpg?fit=1200%2C630","jetpack_sharing_enabled":true,"jetpack_shortlink":"https:\/\/wp.me\/p7ETMF-zww","jetpack-related-posts":[{"id":135667,"url":"http:\/\/vincentians.com\/es\/3o-domingo-de-t-o-reflexion-de-jose-cervantes-gabarron\/","url_meta":{"origin":136556,"position":0},"title":"3\u00ba Domingo de T.O. (reflexi\u00f3n de Jos\u00e9 Cervantes Gabarr\u00f3n)","author":"Francisco Javier Fern\u00e1ndez Chento","date":"20\/01\/2012","format":false,"excerpt":"El Reinado de Dios Al comienzo del Evangelio de Marcos (Mc 1,14-20), \u00e9ste presenta claves fundamentales para la lectura de su obra: \u201cJes\u00fas fue predicando el Evangelio de Dios y diciendo: Se ha cumplido el plazo y se ha acercado el Reino de Dios; convert\u00edos y creed en el Evangelio\u201d\u2026","rel":"","context":"En \u00abHomil\u00edas y reflexiones, A\u00f1o B\u00bb","block_context":{"text":"Homil\u00edas y reflexiones, A\u00f1o B","link":"http:\/\/vincentians.com\/es\/category\/homilias-y-reflexiones-a-la-palabra-de-dios\/homilias-y-reflexiones-ano-b\/"},"img":{"alt_text":"","src":"https:\/\/i0.wp.com\/vincentians.com\/es\/wp-content\/uploads\/sites\/11\/2016\/07\/reflexiones-palabra-de-dios.jpg?fit=1200%2C630&resize=350%2C200","width":350,"height":200,"srcset":"https:\/\/i0.wp.com\/vincentians.com\/es\/wp-content\/uploads\/sites\/11\/2016\/07\/reflexiones-palabra-de-dios.jpg?fit=1200%2C630&resize=350%2C200 1x, https:\/\/i0.wp.com\/vincentians.com\/es\/wp-content\/uploads\/sites\/11\/2016\/07\/reflexiones-palabra-de-dios.jpg?fit=1200%2C630&resize=525%2C300 1.5x, https:\/\/i0.wp.com\/vincentians.com\/es\/wp-content\/uploads\/sites\/11\/2016\/07\/reflexiones-palabra-de-dios.jpg?fit=1200%2C630&resize=700%2C400 2x, https:\/\/i0.wp.com\/vincentians.com\/es\/wp-content\/uploads\/sites\/11\/2016\/07\/reflexiones-palabra-de-dios.jpg?fit=1200%2C630&resize=1050%2C600 3x"},"classes":[]},{"id":175158,"url":"http:\/\/vincentians.com\/es\/11o-domingo-de-t-o-reflexion-de-jose-cervantes-gabarron\/","url_meta":{"origin":136556,"position":1},"title":"11\u00ba Domingo de T.O. (reflexi\u00f3n de Jos\u00e9 Cervantes Gabarr\u00f3n)","author":"Francisco Javier Fern\u00e1ndez Chento","date":"14\/06\/2015","format":false,"excerpt":"El crecimiento del Reino de Dios Al comienzo del Evangelio de Marcos, \u00e9ste presenta claves fundamentales para la lectura de su obra: \u201cJes\u00fas fue predicando el Evangelio de Dios y diciendo: Se ha cumplido el plazo y se ha acercado el Reino de Dios; convi\u00e9rtanse y crean en el Evangelio\u201d\u2026","rel":"","context":"En \u00abHomil\u00edas y reflexiones, A\u00f1o B\u00bb","block_context":{"text":"Homil\u00edas y reflexiones, A\u00f1o B","link":"http:\/\/vincentians.com\/es\/category\/homilias-y-reflexiones-a-la-palabra-de-dios\/homilias-y-reflexiones-ano-b\/"},"img":{"alt_text":"","src":"https:\/\/i0.wp.com\/vincentians.com\/es\/wp-content\/uploads\/sites\/11\/2016\/07\/reflexiones-palabra-de-dios.jpg?fit=1200%2C630&resize=350%2C200","width":350,"height":200,"srcset":"https:\/\/i0.wp.com\/vincentians.com\/es\/wp-content\/uploads\/sites\/11\/2016\/07\/reflexiones-palabra-de-dios.jpg?fit=1200%2C630&resize=350%2C200 1x, https:\/\/i0.wp.com\/vincentians.com\/es\/wp-content\/uploads\/sites\/11\/2016\/07\/reflexiones-palabra-de-dios.jpg?fit=1200%2C630&resize=525%2C300 1.5x, https:\/\/i0.wp.com\/vincentians.com\/es\/wp-content\/uploads\/sites\/11\/2016\/07\/reflexiones-palabra-de-dios.jpg?fit=1200%2C630&resize=700%2C400 2x, https:\/\/i0.wp.com\/vincentians.com\/es\/wp-content\/uploads\/sites\/11\/2016\/07\/reflexiones-palabra-de-dios.jpg?fit=1200%2C630&resize=1050%2C600 3x"},"classes":[]},{"id":132359,"url":"http:\/\/vincentians.com\/es\/domingo-2o-de-adviento-reflexion-de-jose-cervantes-gabarron-3\/","url_meta":{"origin":136556,"position":2},"title":"Domingo 2\u00ba de Adviento (reflexi\u00f3n de Jos\u00e9 Cervantes Gabarr\u00f3n)","author":"Francisco Javier Fern\u00e1ndez Chento","date":"04\/12\/2011","format":false,"excerpt":"La palabra de la esperanza Con la presentaci\u00f3n de Isa\u00edas y de Juan Bautista este domingo de Adviento proclama la esperanza mesi\u00e1nica cristiana haciendo una llamada a la conversi\u00f3n y transmitiendo un impulso espiritual orientado a apresurar el d\u00eda de un cielo nuevo y una tierra nueva en los que\u2026","rel":"","context":"En \u00abHomil\u00edas y reflexiones, A\u00f1o B\u00bb","block_context":{"text":"Homil\u00edas y reflexiones, A\u00f1o B","link":"http:\/\/vincentians.com\/es\/category\/homilias-y-reflexiones-a-la-palabra-de-dios\/homilias-y-reflexiones-ano-b\/"},"img":{"alt_text":"","src":"https:\/\/i0.wp.com\/vincentians.com\/es\/wp-content\/uploads\/sites\/11\/2016\/07\/reflexiones-palabra-de-dios.jpg?fit=1200%2C630&resize=350%2C200","width":350,"height":200,"srcset":"https:\/\/i0.wp.com\/vincentians.com\/es\/wp-content\/uploads\/sites\/11\/2016\/07\/reflexiones-palabra-de-dios.jpg?fit=1200%2C630&resize=350%2C200 1x, https:\/\/i0.wp.com\/vincentians.com\/es\/wp-content\/uploads\/sites\/11\/2016\/07\/reflexiones-palabra-de-dios.jpg?fit=1200%2C630&resize=525%2C300 1.5x, https:\/\/i0.wp.com\/vincentians.com\/es\/wp-content\/uploads\/sites\/11\/2016\/07\/reflexiones-palabra-de-dios.jpg?fit=1200%2C630&resize=700%2C400 2x, https:\/\/i0.wp.com\/vincentians.com\/es\/wp-content\/uploads\/sites\/11\/2016\/07\/reflexiones-palabra-de-dios.jpg?fit=1200%2C630&resize=1050%2C600 3x"},"classes":[]},{"id":140547,"url":"http:\/\/vincentians.com\/es\/1o-domingo-de-cuaresma-reflexion-de-jose-cervantes-gabarron-3\/","url_meta":{"origin":136556,"position":3},"title":"1\u00ba Domingo de Cuaresma (reflexi\u00f3n de Jos\u00e9 Cervantes Gabarr\u00f3n)","author":"Francisco Javier Fern\u00e1ndez Chento","date":"21\/02\/2015","format":false,"excerpt":"Convertirse al Evangelio de la Pasi\u00f3n Hoy no podemos empezar una reflexi\u00f3n cuaresmal sin hacer referencia a la\u00a0Pasi\u00f3n de Cristo de nuestros d\u00edas. En Guiza (Egipto) ha empezado la Cuaresma de este a\u00f1o con la\u00a0decapitaci\u00f3n\u00a0de veinti\u00fan cristianos coptos por parte del Estado Isl\u00e1mico. No muy lejos de aquella tierra, en\u2026","rel":"","context":"En \u00abHomil\u00edas y reflexiones, A\u00f1o B\u00bb","block_context":{"text":"Homil\u00edas y reflexiones, A\u00f1o B","link":"http:\/\/vincentians.com\/es\/category\/homilias-y-reflexiones-a-la-palabra-de-dios\/homilias-y-reflexiones-ano-b\/"},"img":{"alt_text":"","src":"https:\/\/i0.wp.com\/vincentians.com\/es\/wp-content\/uploads\/sites\/11\/2016\/07\/reflexiones-palabra-de-dios.jpg?fit=1200%2C630&resize=350%2C200","width":350,"height":200,"srcset":"https:\/\/i0.wp.com\/vincentians.com\/es\/wp-content\/uploads\/sites\/11\/2016\/07\/reflexiones-palabra-de-dios.jpg?fit=1200%2C630&resize=350%2C200 1x, https:\/\/i0.wp.com\/vincentians.com\/es\/wp-content\/uploads\/sites\/11\/2016\/07\/reflexiones-palabra-de-dios.jpg?fit=1200%2C630&resize=525%2C300 1.5x, https:\/\/i0.wp.com\/vincentians.com\/es\/wp-content\/uploads\/sites\/11\/2016\/07\/reflexiones-palabra-de-dios.jpg?fit=1200%2C630&resize=700%2C400 2x, https:\/\/i0.wp.com\/vincentians.com\/es\/wp-content\/uploads\/sites\/11\/2016\/07\/reflexiones-palabra-de-dios.jpg?fit=1200%2C630&resize=1050%2C600 3x"},"classes":[]},{"id":143408,"url":"http:\/\/vincentians.com\/es\/3o-domingo-de-pascua-reflexion-de-jose-cervantes-gabarron-4\/","url_meta":{"origin":136556,"position":4},"title":"3\u00ba Domingo de Pascua (reflexi\u00f3n de Jos\u00e9 Cervantes Gabarr\u00f3n)","author":"Francisco Javier Fern\u00e1ndez Chento","date":"19\/04\/2015","format":false,"excerpt":"La misi\u00f3n de dar testimonio del Resucitado Las dos lecturas lucanas de este tercer domingo de Pascua (Hech 3,13-19; Lc\u00a0 24,35-48) permiten profundizar en los hechos acaecidos a Jes\u00fas que le llevaron a su pasi\u00f3n, muerte y resurrecci\u00f3n, para descubrir en ellos la historia de la salvaci\u00f3n seg\u00fan el plan\u2026","rel":"","context":"En \u00abHomil\u00edas y reflexiones, A\u00f1o B\u00bb","block_context":{"text":"Homil\u00edas y reflexiones, A\u00f1o B","link":"http:\/\/vincentians.com\/es\/category\/homilias-y-reflexiones-a-la-palabra-de-dios\/homilias-y-reflexiones-ano-b\/"},"img":{"alt_text":"","src":"https:\/\/i0.wp.com\/vincentians.com\/es\/wp-content\/uploads\/sites\/11\/2016\/07\/reflexiones-palabra-de-dios.jpg?fit=1200%2C630&resize=350%2C200","width":350,"height":200,"srcset":"https:\/\/i0.wp.com\/vincentians.com\/es\/wp-content\/uploads\/sites\/11\/2016\/07\/reflexiones-palabra-de-dios.jpg?fit=1200%2C630&resize=350%2C200 1x, https:\/\/i0.wp.com\/vincentians.com\/es\/wp-content\/uploads\/sites\/11\/2016\/07\/reflexiones-palabra-de-dios.jpg?fit=1200%2C630&resize=525%2C300 1.5x, https:\/\/i0.wp.com\/vincentians.com\/es\/wp-content\/uploads\/sites\/11\/2016\/07\/reflexiones-palabra-de-dios.jpg?fit=1200%2C630&resize=700%2C400 2x, https:\/\/i0.wp.com\/vincentians.com\/es\/wp-content\/uploads\/sites\/11\/2016\/07\/reflexiones-palabra-de-dios.jpg?fit=1200%2C630&resize=1050%2C600 3x"},"classes":[]},{"id":137701,"url":"http:\/\/vincentians.com\/es\/4o-domingo-de-t-o-reflexion-de-jose-cervantes-gabarron-2\/","url_meta":{"origin":136556,"position":5},"title":"4\u00ba Domingo de T.O. (reflexi\u00f3n de Jos\u00e9 Cervantes Gabarr\u00f3n)","author":"Francisco Javier Fern\u00e1ndez Chento","date":"31\/01\/2015","format":false,"excerpt":"Autoridad de Jes\u00fas contra el mal El evangelio de este domingo\u00a0empieza la narraci\u00f3n de la actividad taumat\u00fargica de Jes\u00fas. El primero de los milagros narrados por Marcos es un exorcismo, acaecido en la sinagoga de Cafarna\u00fan, donde Jes\u00fas lleva a cabo la expulsi\u00f3n de un esp\u00edritu inmundo de un hombre\u2026","rel":"","context":"En \u00abHomil\u00edas y reflexiones, A\u00f1o B\u00bb","block_context":{"text":"Homil\u00edas y reflexiones, A\u00f1o B","link":"http:\/\/vincentians.com\/es\/category\/homilias-y-reflexiones-a-la-palabra-de-dios\/homilias-y-reflexiones-ano-b\/"},"img":{"alt_text":"","src":"https:\/\/i0.wp.com\/vincentians.com\/es\/wp-content\/uploads\/sites\/11\/2016\/07\/reflexiones-palabra-de-dios.jpg?fit=1200%2C630&resize=350%2C200","width":350,"height":200,"srcset":"https:\/\/i0.wp.com\/vincentians.com\/es\/wp-content\/uploads\/sites\/11\/2016\/07\/reflexiones-palabra-de-dios.jpg?fit=1200%2C630&resize=350%2C200 1x, https:\/\/i0.wp.com\/vincentians.com\/es\/wp-content\/uploads\/sites\/11\/2016\/07\/reflexiones-palabra-de-dios.jpg?fit=1200%2C630&resize=525%2C300 1.5x, https:\/\/i0.wp.com\/vincentians.com\/es\/wp-content\/uploads\/sites\/11\/2016\/07\/reflexiones-palabra-de-dios.jpg?fit=1200%2C630&resize=700%2C400 2x, https:\/\/i0.wp.com\/vincentians.com\/es\/wp-content\/uploads\/sites\/11\/2016\/07\/reflexiones-palabra-de-dios.jpg?fit=1200%2C630&resize=1050%2C600 3x"},"classes":[]}],"_links":{"self":[{"href":"http:\/\/vincentians.com\/es\/wp-json\/wp\/v2\/posts\/136556","targetHints":{"allow":["GET"]}}],"collection":[{"href":"http:\/\/vincentians.com\/es\/wp-json\/wp\/v2\/posts"}],"about":[{"href":"http:\/\/vincentians.com\/es\/wp-json\/wp\/v2\/types\/post"}],"author":[{"embeddable":true,"href":"http:\/\/vincentians.com\/es\/wp-json\/wp\/v2\/users\/4"}],"replies":[{"embeddable":true,"href":"http:\/\/vincentians.com\/es\/wp-json\/wp\/v2\/comments?post=136556"}],"version-history":[{"count":0,"href":"http:\/\/vincentians.com\/es\/wp-json\/wp\/v2\/posts\/136556\/revisions"}],"wp:featuredmedia":[{"embeddable":true,"href":"http:\/\/vincentians.com\/es\/wp-json\/wp\/v2\/media\/388408"}],"wp:attachment":[{"href":"http:\/\/vincentians.com\/es\/wp-json\/wp\/v2\/media?parent=136556"}],"wp:term":[{"taxonomy":"category","embeddable":true,"href":"http:\/\/vincentians.com\/es\/wp-json\/wp\/v2\/categories?post=136556"},{"taxonomy":"post_tag","embeddable":true,"href":"http:\/\/vincentians.com\/es\/wp-json\/wp\/v2\/tags?post=136556"}],"curies":[{"name":"wp","href":"https:\/\/api.w.org\/{rel}","templated":true}]}}