{"id":136530,"date":"2015-01-29T03:29:53","date_gmt":"2015-01-29T02:29:53","guid":{"rendered":"http:\/\/somos.vicencianos.org\/?p=136530"},"modified":"2016-07-27T12:06:30","modified_gmt":"2016-07-27T10:06:30","slug":"jose-de-los-mozos-de-dios","status":"publish","type":"post","link":"http:\/\/vincentians.com\/es\/jose-de-los-mozos-de-dios\/","title":{"rendered":"Jos\u00e9 de los Mozos de Dios"},"content":{"rendered":"<p><a href=\"http:\/\/vicencianos.org\/blog\/de-las-heras-perez-santiago\/biografias-paules-348\/\" rel=\"attachment wp-att-136523\"><img data-recalc-dims=\"1\" loading=\"lazy\" decoding=\"async\" class=\"alignleft size-full wp-image-136523\" src=\"https:\/\/i0.wp.com\/vicencianos.org\/wp-content\/2015\/01\/Biografias-Pa%C3%BAles.jpg?resize=232%2C300\" alt=\"Biografias Pa\u00fales\" width=\"232\" height=\"300\" \/><\/a>Nacimiento: 4.2.1899 en Madrid \/ Fecha de vocaci\u00f3n: 27.10.1916 ibidem \/ Votos perpetuos: 28.10.1918 ibidem \/ Fecha de ordenaci\u00f3n: 12.7.1925 ibidem.<\/p>\n<p>DESTINOS: Lleg\u00f3 el 8.10.1925: M\u00e9rida 14.10.1925. Desterrado el 28.2.1926. Despu\u00e9s anduvo por Espa\u00f1a (Los Milagros), Puerto Rico (Seminario de San Juan), Nueva York (parroquias de La Milagrosa, St.James y Santa Agon\u00eda). Y all\u00ed casose civilmente en 1936.<\/p>\n","protected":false},"excerpt":{"rendered":"<p>Nacimiento: 4.2.1899 en Madrid \/ Fecha de vocaci\u00f3n: 27.10.1916 ibidem \/ Votos perpetuos: 28.10.1918 ibidem \/ Fecha de ordenaci\u00f3n: 12.7.1925 ibidem. DESTINOS: Lleg\u00f3 el 8.10.1925: M\u00e9rida 14.10.1925. Desterrado el 28.2.1926. Despu\u00e9s anduvo por Espa\u00f1a (Los &#8230; <a href=\"http:\/\/vincentians.com\/es\/jose-de-los-mozos-de-dios\/\" class=\"more-link\">Read More<\/a><\/p>\n","protected":false},"author":5,"featured_media":391249,"comment_status":"open","ping_status":"open","sticky":false,"template":"","format":"standard","meta":{"jetpack_post_was_ever_published":false,"_jetpack_newsletter_access":"","_jetpack_dont_email_post_to_subs":false,"_jetpack_newsletter_tier_id":0,"_jetpack_memberships_contains_paywalled_content":false,"_jetpack_memberships_contains_paid_content":false,"footnotes":"","jetpack_publicize_message":"","jetpack_publicize_feature_enabled":true,"jetpack_social_post_already_shared":true,"jetpack_social_options":{"image_generator_settings":{"template":"highway","default_image_id":0,"font":"","enabled":false},"version":2}},"categories":[19],"tags":[],"class_list":["post-136530","post","type-post","status-publish","format-standard","has-post-thumbnail","hentry","category-biografias-de-misioneros-paules"],"yoast_head":"<!-- This site is optimized with the Yoast SEO plugin v26.3 - https:\/\/yoast.com\/wordpress\/plugins\/seo\/ -->\n<title>Jos\u00e9 de los Mozos de Dios - Somos Vicencianos<\/title>\n<meta name=\"robots\" content=\"index, follow, max-snippet:-1, max-image-preview:large, max-video-preview:-1\" \/>\n<link rel=\"canonical\" href=\"http:\/\/vincentians.com\/es\/jose-de-los-mozos-de-dios\/\" \/>\n<meta property=\"og:locale\" content=\"es_ES\" \/>\n<meta property=\"og:type\" content=\"article\" \/>\n<meta property=\"og:title\" content=\"Jos\u00e9 de los Mozos de Dios - Somos Vicencianos\" \/>\n<meta property=\"og:description\" content=\"Nacimiento: 4.2.1899 en Madrid \/ Fecha de vocaci\u00f3n: 27.10.1916 ibidem \/ Votos perpetuos: 28.10.1918 ibidem \/ Fecha de ordenaci\u00f3n: 12.7.1925 ibidem. DESTINOS: Lleg\u00f3 el 8.10.1925: M\u00e9rida 14.10.1925. Desterrado el 28.2.1926. Despu\u00e9s anduvo por Espa\u00f1a (Los ... Read More\" \/>\n<meta property=\"og:url\" content=\"http:\/\/vincentians.com\/es\/jose-de-los-mozos-de-dios\/\" \/>\n<meta property=\"og:site_name\" content=\"Somos Vicencianos\" \/>\n<meta property=\"article:publisher\" content=\"https:\/\/www.facebook.com\/WeAreVincentians\/\" \/>\n<meta property=\"article:published_time\" content=\"2015-01-29T02:29:53+00:00\" \/>\n<meta property=\"article:modified_time\" content=\"2016-07-27T10:06:30+00:00\" \/>\n<meta property=\"og:image\" content=\"https:\/\/i0.wp.com\/vincentians.com\/es\/wp-content\/uploads\/sites\/11\/2016\/07\/bio-cm.jpg?fit=1200%2C630\" \/>\n\t<meta property=\"og:image:width\" content=\"1200\" \/>\n\t<meta property=\"og:image:height\" content=\"630\" \/>\n\t<meta property=\"og:image:type\" content=\"image\/jpeg\" \/>\n<meta name=\"author\" content=\"Mitxel Olabu\u00e9naga\" \/>\n<meta name=\"twitter:card\" content=\"summary_large_image\" \/>\n<meta name=\"twitter:creator\" content=\"@WeVincentians\" \/>\n<meta name=\"twitter:site\" content=\"@WeVincentians\" \/>\n<meta name=\"twitter:label1\" content=\"Escrito por\" \/>\n\t<meta name=\"twitter:data1\" content=\"Mitxel Olabu\u00e9naga\" \/>\n<script type=\"application\/ld+json\" class=\"yoast-schema-graph\">{\"@context\":\"https:\/\/schema.org\",\"@graph\":[{\"@type\":\"Article\",\"@id\":\"http:\/\/vincentians.com\/es\/jose-de-los-mozos-de-dios\/#article\",\"isPartOf\":{\"@id\":\"http:\/\/vincentians.com\/es\/jose-de-los-mozos-de-dios\/\"},\"author\":{\"name\":\"Mitxel Olabu\u00e9naga\",\"@id\":\"http:\/\/vincentians.com\/es\/#\/schema\/person\/7c2670b4445a7ca9d164ea6acdb31859\"},\"headline\":\"Jos\u00e9 de los Mozos de Dios\",\"datePublished\":\"2015-01-29T02:29:53+00:00\",\"dateModified\":\"2016-07-27T10:06:30+00:00\",\"mainEntityOfPage\":{\"@id\":\"http:\/\/vincentians.com\/es\/jose-de-los-mozos-de-dios\/\"},\"wordCount\":60,\"commentCount\":1,\"publisher\":{\"@id\":\"http:\/\/vincentians.com\/es\/#organization\"},\"image\":{\"@id\":\"http:\/\/vincentians.com\/es\/jose-de-los-mozos-de-dios\/#primaryimage\"},\"thumbnailUrl\":\"https:\/\/i0.wp.com\/vincentians.com\/es\/wp-content\/uploads\/sites\/11\/2016\/07\/bio-cm.jpg?fit=1200%2C630\",\"articleSection\":[\"Biograf\u00edas de Misioneros Pa\u00fales\"],\"inLanguage\":\"es\",\"potentialAction\":[{\"@type\":\"CommentAction\",\"name\":\"Comment\",\"target\":[\"http:\/\/vincentians.com\/es\/jose-de-los-mozos-de-dios\/#respond\"]}]},{\"@type\":\"WebPage\",\"@id\":\"http:\/\/vincentians.com\/es\/jose-de-los-mozos-de-dios\/\",\"url\":\"http:\/\/vincentians.com\/es\/jose-de-los-mozos-de-dios\/\",\"name\":\"Jos\u00e9 de los Mozos de Dios - Somos Vicencianos\",\"isPartOf\":{\"@id\":\"http:\/\/vincentians.com\/es\/#website\"},\"primaryImageOfPage\":{\"@id\":\"http:\/\/vincentians.com\/es\/jose-de-los-mozos-de-dios\/#primaryimage\"},\"image\":{\"@id\":\"http:\/\/vincentians.com\/es\/jose-de-los-mozos-de-dios\/#primaryimage\"},\"thumbnailUrl\":\"https:\/\/i0.wp.com\/vincentians.com\/es\/wp-content\/uploads\/sites\/11\/2016\/07\/bio-cm.jpg?fit=1200%2C630\",\"datePublished\":\"2015-01-29T02:29:53+00:00\",\"dateModified\":\"2016-07-27T10:06:30+00:00\",\"breadcrumb\":{\"@id\":\"http:\/\/vincentians.com\/es\/jose-de-los-mozos-de-dios\/#breadcrumb\"},\"inLanguage\":\"es\",\"potentialAction\":[{\"@type\":\"ReadAction\",\"target\":[\"http:\/\/vincentians.com\/es\/jose-de-los-mozos-de-dios\/\"]}]},{\"@type\":\"ImageObject\",\"inLanguage\":\"es\",\"@id\":\"http:\/\/vincentians.com\/es\/jose-de-los-mozos-de-dios\/#primaryimage\",\"url\":\"https:\/\/i0.wp.com\/vincentians.com\/es\/wp-content\/uploads\/sites\/11\/2016\/07\/bio-cm.jpg?fit=1200%2C630\",\"contentUrl\":\"https:\/\/i0.wp.com\/vincentians.com\/es\/wp-content\/uploads\/sites\/11\/2016\/07\/bio-cm.jpg?fit=1200%2C630\",\"width\":1200,\"height\":630},{\"@type\":\"BreadcrumbList\",\"@id\":\"http:\/\/vincentians.com\/es\/jose-de-los-mozos-de-dios\/#breadcrumb\",\"itemListElement\":[{\"@type\":\"ListItem\",\"position\":1,\"name\":\"Portada\",\"item\":\"http:\/\/vincentians.com\/es\/\"},{\"@type\":\"ListItem\",\"position\":2,\"name\":\"Jos\u00e9 de los Mozos de Dios\"}]},{\"@type\":\"WebSite\",\"@id\":\"http:\/\/vincentians.com\/es\/#website\",\"url\":\"http:\/\/vincentians.com\/es\/\",\"name\":\"Somos Vicencianos\",\"description\":\"Know more to serve more\",\"publisher\":{\"@id\":\"http:\/\/vincentians.com\/es\/#organization\"},\"potentialAction\":[{\"@type\":\"SearchAction\",\"target\":{\"@type\":\"EntryPoint\",\"urlTemplate\":\"http:\/\/vincentians.com\/es\/?s={search_term_string}\"},\"query-input\":{\"@type\":\"PropertyValueSpecification\",\"valueRequired\":true,\"valueName\":\"search_term_string\"}}],\"inLanguage\":\"es\"},{\"@type\":\"Organization\",\"@id\":\"http:\/\/vincentians.com\/es\/#organization\",\"name\":\"The Vincentian Network\",\"url\":\"http:\/\/vincentians.com\/es\/\",\"logo\":{\"@type\":\"ImageObject\",\"inLanguage\":\"es\",\"@id\":\"http:\/\/vincentians.com\/es\/#\/schema\/logo\/image\/\",\"url\":\"https:\/\/i1.wp.com\/vincentians.com\/es\/wp-content\/uploads\/sites\/11\/2016\/06\/Vincentian-Network-logo-big.png?fit=778%2C778\",\"contentUrl\":\"https:\/\/i1.wp.com\/vincentians.com\/es\/wp-content\/uploads\/sites\/11\/2016\/06\/Vincentian-Network-logo-big.png?fit=778%2C778\",\"width\":778,\"height\":778,\"caption\":\"The Vincentian Network\"},\"image\":{\"@id\":\"http:\/\/vincentians.com\/es\/#\/schema\/logo\/image\/\"},\"sameAs\":[\"https:\/\/www.facebook.com\/WeAreVincentians\/\",\"https:\/\/x.com\/WeVincentians\"]},{\"@type\":\"Person\",\"@id\":\"http:\/\/vincentians.com\/es\/#\/schema\/person\/7c2670b4445a7ca9d164ea6acdb31859\",\"name\":\"Mitxel Olabu\u00e9naga\",\"image\":{\"@type\":\"ImageObject\",\"inLanguage\":\"es\",\"@id\":\"http:\/\/vincentians.com\/es\/#\/schema\/person\/image\/\",\"url\":\"https:\/\/secure.gravatar.com\/avatar\/34137ec2e2b8939cbbed975731e71f3f4f1defc7266ded337a5ce0f925426877?s=96&d=mm&r=g\",\"contentUrl\":\"https:\/\/secure.gravatar.com\/avatar\/34137ec2e2b8939cbbed975731e71f3f4f1defc7266ded337a5ce0f925426877?s=96&d=mm&r=g\",\"caption\":\"Mitxel Olabu\u00e9naga\"},\"url\":\"http:\/\/vincentians.com\/es\/author\/mitxel\/\"}]}<\/script>\n<!-- \/ Yoast SEO plugin. -->","yoast_head_json":{"title":"Jos\u00e9 de los Mozos de Dios - Somos Vicencianos","robots":{"index":"index","follow":"follow","max-snippet":"max-snippet:-1","max-image-preview":"max-image-preview:large","max-video-preview":"max-video-preview:-1"},"canonical":"http:\/\/vincentians.com\/es\/jose-de-los-mozos-de-dios\/","og_locale":"es_ES","og_type":"article","og_title":"Jos\u00e9 de los Mozos de Dios - Somos Vicencianos","og_description":"Nacimiento: 4.2.1899 en Madrid \/ Fecha de vocaci\u00f3n: 27.10.1916 ibidem \/ Votos perpetuos: 28.10.1918 ibidem \/ Fecha de ordenaci\u00f3n: 12.7.1925 ibidem. DESTINOS: Lleg\u00f3 el 8.10.1925: M\u00e9rida 14.10.1925. Desterrado el 28.2.1926. Despu\u00e9s anduvo por Espa\u00f1a (Los ... Read More","og_url":"http:\/\/vincentians.com\/es\/jose-de-los-mozos-de-dios\/","og_site_name":"Somos Vicencianos","article_publisher":"https:\/\/www.facebook.com\/WeAreVincentians\/","article_published_time":"2015-01-29T02:29:53+00:00","article_modified_time":"2016-07-27T10:06:30+00:00","og_image":[{"width":1200,"height":630,"url":"https:\/\/i0.wp.com\/vincentians.com\/es\/wp-content\/uploads\/sites\/11\/2016\/07\/bio-cm.jpg?fit=1200%2C630","type":"image\/jpeg"}],"author":"Mitxel Olabu\u00e9naga","twitter_card":"summary_large_image","twitter_creator":"@WeVincentians","twitter_site":"@WeVincentians","twitter_misc":{"Escrito por":"Mitxel Olabu\u00e9naga"},"schema":{"@context":"https:\/\/schema.org","@graph":[{"@type":"Article","@id":"http:\/\/vincentians.com\/es\/jose-de-los-mozos-de-dios\/#article","isPartOf":{"@id":"http:\/\/vincentians.com\/es\/jose-de-los-mozos-de-dios\/"},"author":{"name":"Mitxel Olabu\u00e9naga","@id":"http:\/\/vincentians.com\/es\/#\/schema\/person\/7c2670b4445a7ca9d164ea6acdb31859"},"headline":"Jos\u00e9 de los Mozos de Dios","datePublished":"2015-01-29T02:29:53+00:00","dateModified":"2016-07-27T10:06:30+00:00","mainEntityOfPage":{"@id":"http:\/\/vincentians.com\/es\/jose-de-los-mozos-de-dios\/"},"wordCount":60,"commentCount":1,"publisher":{"@id":"http:\/\/vincentians.com\/es\/#organization"},"image":{"@id":"http:\/\/vincentians.com\/es\/jose-de-los-mozos-de-dios\/#primaryimage"},"thumbnailUrl":"https:\/\/i0.wp.com\/vincentians.com\/es\/wp-content\/uploads\/sites\/11\/2016\/07\/bio-cm.jpg?fit=1200%2C630","articleSection":["Biograf\u00edas de Misioneros Pa\u00fales"],"inLanguage":"es","potentialAction":[{"@type":"CommentAction","name":"Comment","target":["http:\/\/vincentians.com\/es\/jose-de-los-mozos-de-dios\/#respond"]}]},{"@type":"WebPage","@id":"http:\/\/vincentians.com\/es\/jose-de-los-mozos-de-dios\/","url":"http:\/\/vincentians.com\/es\/jose-de-los-mozos-de-dios\/","name":"Jos\u00e9 de los Mozos de Dios - Somos Vicencianos","isPartOf":{"@id":"http:\/\/vincentians.com\/es\/#website"},"primaryImageOfPage":{"@id":"http:\/\/vincentians.com\/es\/jose-de-los-mozos-de-dios\/#primaryimage"},"image":{"@id":"http:\/\/vincentians.com\/es\/jose-de-los-mozos-de-dios\/#primaryimage"},"thumbnailUrl":"https:\/\/i0.wp.com\/vincentians.com\/es\/wp-content\/uploads\/sites\/11\/2016\/07\/bio-cm.jpg?fit=1200%2C630","datePublished":"2015-01-29T02:29:53+00:00","dateModified":"2016-07-27T10:06:30+00:00","breadcrumb":{"@id":"http:\/\/vincentians.com\/es\/jose-de-los-mozos-de-dios\/#breadcrumb"},"inLanguage":"es","potentialAction":[{"@type":"ReadAction","target":["http:\/\/vincentians.com\/es\/jose-de-los-mozos-de-dios\/"]}]},{"@type":"ImageObject","inLanguage":"es","@id":"http:\/\/vincentians.com\/es\/jose-de-los-mozos-de-dios\/#primaryimage","url":"https:\/\/i0.wp.com\/vincentians.com\/es\/wp-content\/uploads\/sites\/11\/2016\/07\/bio-cm.jpg?fit=1200%2C630","contentUrl":"https:\/\/i0.wp.com\/vincentians.com\/es\/wp-content\/uploads\/sites\/11\/2016\/07\/bio-cm.jpg?fit=1200%2C630","width":1200,"height":630},{"@type":"BreadcrumbList","@id":"http:\/\/vincentians.com\/es\/jose-de-los-mozos-de-dios\/#breadcrumb","itemListElement":[{"@type":"ListItem","position":1,"name":"Portada","item":"http:\/\/vincentians.com\/es\/"},{"@type":"ListItem","position":2,"name":"Jos\u00e9 de los Mozos de Dios"}]},{"@type":"WebSite","@id":"http:\/\/vincentians.com\/es\/#website","url":"http:\/\/vincentians.com\/es\/","name":"Somos Vicencianos","description":"Know more to serve more","publisher":{"@id":"http:\/\/vincentians.com\/es\/#organization"},"potentialAction":[{"@type":"SearchAction","target":{"@type":"EntryPoint","urlTemplate":"http:\/\/vincentians.com\/es\/?s={search_term_string}"},"query-input":{"@type":"PropertyValueSpecification","valueRequired":true,"valueName":"search_term_string"}}],"inLanguage":"es"},{"@type":"Organization","@id":"http:\/\/vincentians.com\/es\/#organization","name":"The Vincentian Network","url":"http:\/\/vincentians.com\/es\/","logo":{"@type":"ImageObject","inLanguage":"es","@id":"http:\/\/vincentians.com\/es\/#\/schema\/logo\/image\/","url":"https:\/\/i1.wp.com\/vincentians.com\/es\/wp-content\/uploads\/sites\/11\/2016\/06\/Vincentian-Network-logo-big.png?fit=778%2C778","contentUrl":"https:\/\/i1.wp.com\/vincentians.com\/es\/wp-content\/uploads\/sites\/11\/2016\/06\/Vincentian-Network-logo-big.png?fit=778%2C778","width":778,"height":778,"caption":"The Vincentian Network"},"image":{"@id":"http:\/\/vincentians.com\/es\/#\/schema\/logo\/image\/"},"sameAs":["https:\/\/www.facebook.com\/WeAreVincentians\/","https:\/\/x.com\/WeVincentians"]},{"@type":"Person","@id":"http:\/\/vincentians.com\/es\/#\/schema\/person\/7c2670b4445a7ca9d164ea6acdb31859","name":"Mitxel Olabu\u00e9naga","image":{"@type":"ImageObject","inLanguage":"es","@id":"http:\/\/vincentians.com\/es\/#\/schema\/person\/image\/","url":"https:\/\/secure.gravatar.com\/avatar\/34137ec2e2b8939cbbed975731e71f3f4f1defc7266ded337a5ce0f925426877?s=96&d=mm&r=g","contentUrl":"https:\/\/secure.gravatar.com\/avatar\/34137ec2e2b8939cbbed975731e71f3f4f1defc7266ded337a5ce0f925426877?s=96&d=mm&r=g","caption":"Mitxel Olabu\u00e9naga"},"url":"http:\/\/vincentians.com\/es\/author\/mitxel\/"}]}},"jetpack_publicize_connections":[],"jetpack_featured_media_url":"https:\/\/i0.wp.com\/vincentians.com\/es\/wp-content\/uploads\/sites\/11\/2016\/07\/bio-cm.jpg?fit=1200%2C630","jetpack_sharing_enabled":true,"jetpack_shortlink":"https:\/\/wp.me\/p7ETMF-zw6","jetpack-related-posts":[{"id":130626,"url":"http:\/\/vincentians.com\/es\/ansotegui-romero-teodoro\/","url_meta":{"origin":136530,"position":0},"title":"ANSOTEGUI ROMERO, TEODORO","author":"Mitxel Olabu\u00e9naga","date":"06\/06\/2014","format":false,"excerpt":"Nacimiento: 6.2.1880 en Viana-Navarra \/ Fecha de vocaci\u00f3n: 18.9.1896 en Madrid \/ Votos perpetuos: 19.9.1898 ibidem \/ Fecha de ordenaci\u00f3n: 13.3.1905 en Madrid, iglesia de S.Vicente de Paul (Milagrosa hoy), Mons.Santander. DESTINOS: Primera entrada en M\u00e9xico 1905: Chihuahua 1906 \/ Merida 1912 \/ Primera salida de M\u00e9xico: Guant\u00e1namo 1918 \/\u2026","rel":"","context":"En \u00abBiograf\u00edas de Misioneros Pa\u00fales\u00bb","block_context":{"text":"Biograf\u00edas de Misioneros Pa\u00fales","link":"http:\/\/vincentians.com\/es\/category\/la-familia-vicenciana\/biografias-vicencianas\/biografias-de-misioneros-paules\/"},"img":{"alt_text":"","src":"https:\/\/i0.wp.com\/vincentians.com\/es\/wp-content\/uploads\/sites\/11\/2016\/07\/bio-cm.jpg?fit=1200%2C630&resize=350%2C200","width":350,"height":200,"srcset":"https:\/\/i0.wp.com\/vincentians.com\/es\/wp-content\/uploads\/sites\/11\/2016\/07\/bio-cm.jpg?fit=1200%2C630&resize=350%2C200 1x, https:\/\/i0.wp.com\/vincentians.com\/es\/wp-content\/uploads\/sites\/11\/2016\/07\/bio-cm.jpg?fit=1200%2C630&resize=525%2C300 1.5x, https:\/\/i0.wp.com\/vincentians.com\/es\/wp-content\/uploads\/sites\/11\/2016\/07\/bio-cm.jpg?fit=1200%2C630&resize=700%2C400 2x, https:\/\/i0.wp.com\/vincentians.com\/es\/wp-content\/uploads\/sites\/11\/2016\/07\/bio-cm.jpg?fit=1200%2C630&resize=1050%2C600 3x"},"classes":[]},{"id":131724,"url":"http:\/\/vincentians.com\/es\/castilla-ibeas-jose\/","url_meta":{"origin":136530,"position":1},"title":"CASTILLA IBEAS, JOSE","author":"Mitxel Olabu\u00e9naga","date":"08\/11\/2014","format":false,"excerpt":"Nacimiento: 6.7.1900 en Rubena, Burgos \/ Fecha de vocaci\u00f3n: 30.8.1916 en Madrid \/ Votos perpetuos: 1.9.1918 ibidem \/ Fecha de ordenaci\u00f3n 12.7.1925 ibidem. DESTINOS: Lleg\u00f3 a M\u00e9xico 8.10.1925: Tacubaya 26 \/ Le\u00f3n de Nicaragua 35 \/ M\u00e9xico D.F. 39 \/ Oaxaca 41 \/ Guadalajara 43 \/ Chihuahua 48 \/ Oaxaca\u2026","rel":"","context":"En \u00abBiograf\u00edas de Misioneros Pa\u00fales\u00bb","block_context":{"text":"Biograf\u00edas de Misioneros Pa\u00fales","link":"http:\/\/vincentians.com\/es\/category\/la-familia-vicenciana\/biografias-vicencianas\/biografias-de-misioneros-paules\/"},"img":{"alt_text":"","src":"https:\/\/i0.wp.com\/vincentians.com\/es\/wp-content\/uploads\/sites\/11\/2016\/07\/bio-cm.jpg?fit=1200%2C630&resize=350%2C200","width":350,"height":200,"srcset":"https:\/\/i0.wp.com\/vincentians.com\/es\/wp-content\/uploads\/sites\/11\/2016\/07\/bio-cm.jpg?fit=1200%2C630&resize=350%2C200 1x, https:\/\/i0.wp.com\/vincentians.com\/es\/wp-content\/uploads\/sites\/11\/2016\/07\/bio-cm.jpg?fit=1200%2C630&resize=525%2C300 1.5x, https:\/\/i0.wp.com\/vincentians.com\/es\/wp-content\/uploads\/sites\/11\/2016\/07\/bio-cm.jpg?fit=1200%2C630&resize=700%2C400 2x, https:\/\/i0.wp.com\/vincentians.com\/es\/wp-content\/uploads\/sites\/11\/2016\/07\/bio-cm.jpg?fit=1200%2C630&resize=1050%2C600 3x"},"classes":[]},{"id":132176,"url":"http:\/\/vincentians.com\/es\/corrales-solares-andres-avelino\/","url_meta":{"origin":136530,"position":2},"title":"Andr\u00e9s Avelino Corrales Solares","author":"Mitxel Olabu\u00e9naga","date":"25\/12\/2014","format":false,"excerpt":"Nacimiento: 9.11.1872 en Nativitas de Xochimilco \/ Fecha de vocaci\u00f3n: 1893 en Madrid \/ Votos perpetuos: 12.9.1895 ibidem \/ Fecha de ordenaci\u00f3n: 8.9.1899 ibidem. DESTINOS: \"Al regresar de Espa\u00f1a en Octubre de 1899 fui al Seminario de San Luis Potos\u00ed \/ Despu\u00e9s fui a Tacubaya de 1901 a 1923, 21\u2026","rel":"","context":"En \u00abBiograf\u00edas de Misioneros Pa\u00fales\u00bb","block_context":{"text":"Biograf\u00edas de Misioneros Pa\u00fales","link":"http:\/\/vincentians.com\/es\/category\/la-familia-vicenciana\/biografias-vicencianas\/biografias-de-misioneros-paules\/"},"img":{"alt_text":"","src":"https:\/\/i0.wp.com\/vincentians.com\/es\/wp-content\/uploads\/sites\/11\/2016\/07\/bio-cm.jpg?fit=1200%2C630&resize=350%2C200","width":350,"height":200,"srcset":"https:\/\/i0.wp.com\/vincentians.com\/es\/wp-content\/uploads\/sites\/11\/2016\/07\/bio-cm.jpg?fit=1200%2C630&resize=350%2C200 1x, https:\/\/i0.wp.com\/vincentians.com\/es\/wp-content\/uploads\/sites\/11\/2016\/07\/bio-cm.jpg?fit=1200%2C630&resize=525%2C300 1.5x, https:\/\/i0.wp.com\/vincentians.com\/es\/wp-content\/uploads\/sites\/11\/2016\/07\/bio-cm.jpg?fit=1200%2C630&resize=700%2C400 2x, https:\/\/i0.wp.com\/vincentians.com\/es\/wp-content\/uploads\/sites\/11\/2016\/07\/bio-cm.jpg?fit=1200%2C630&resize=1050%2C600 3x"},"classes":[]},{"id":131746,"url":"http:\/\/vincentians.com\/es\/cid-garcia-gumersindo\/","url_meta":{"origin":136530,"position":3},"title":"CID GARCIA, GUMERSINDO","author":"Mitxel Olabu\u00e9naga","date":"30\/11\/2014","format":false,"excerpt":"Nacimiento: 13.1.1888 en Guede, Orense \/ Fecha de vocaci\u00f3n: 9.10.1906 Madrid \/ Votos perpetuos: 10.10.1908 ibidem \/ Fecha de ordenaci\u00f3n: 29.8.1915 ibidem, Mons. Jos\u00e9 Alvarez, obispo de Le\u00f3n. DESTINOS: Espa\u00f1a (Murgu\u00eda, Santa Cruz La Palma) \/ M\u00e9xico: Tacubaya 1922 \/ Oaxaca 23 \/ Guadalajara 24. Sali\u00f3 el 24.8.1926 por la\u2026","rel":"","context":"En \u00abBiograf\u00edas de Misioneros Pa\u00fales\u00bb","block_context":{"text":"Biograf\u00edas de Misioneros Pa\u00fales","link":"http:\/\/vincentians.com\/es\/category\/la-familia-vicenciana\/biografias-vicencianas\/biografias-de-misioneros-paules\/"},"img":{"alt_text":"","src":"https:\/\/i0.wp.com\/vincentians.com\/es\/wp-content\/uploads\/sites\/11\/2016\/07\/bio-cm.jpg?fit=1200%2C630&resize=350%2C200","width":350,"height":200,"srcset":"https:\/\/i0.wp.com\/vincentians.com\/es\/wp-content\/uploads\/sites\/11\/2016\/07\/bio-cm.jpg?fit=1200%2C630&resize=350%2C200 1x, https:\/\/i0.wp.com\/vincentians.com\/es\/wp-content\/uploads\/sites\/11\/2016\/07\/bio-cm.jpg?fit=1200%2C630&resize=525%2C300 1.5x, https:\/\/i0.wp.com\/vincentians.com\/es\/wp-content\/uploads\/sites\/11\/2016\/07\/bio-cm.jpg?fit=1200%2C630&resize=700%2C400 2x, https:\/\/i0.wp.com\/vincentians.com\/es\/wp-content\/uploads\/sites\/11\/2016\/07\/bio-cm.jpg?fit=1200%2C630&resize=1050%2C600 3x"},"classes":[]},{"id":130385,"url":"http:\/\/vincentians.com\/es\/alduan-chivite-elias\/","url_meta":{"origin":136530,"position":4},"title":"Alduan Chivite, El\u00edas","author":"Mitxel Olabu\u00e9naga","date":"09\/05\/2014","format":false,"excerpt":"Nacimiento: 15.7.1902 en Cintru\u00e9nigo, Navarra \/ Fecha de vocaci\u00f3n: 8.9.1918 en Madrid \/ Votos perpetuos: 9.9.1920 en ibidem \/ Fecha de ordenaci\u00f3n: 15.5.1927 en ibidem. DESTINOS: Malaga, 1927 \/ Baracaldo, 1929 \/ La Orotava 1931? \/ Limpias 1931 \/ Avila superior 1933 \/ Capell\u00e1n de la Legi\u00f3n 1936 \/ Pamplona\u2026","rel":"","context":"En \u00abBiograf\u00edas de Misioneros Pa\u00fales\u00bb","block_context":{"text":"Biograf\u00edas de Misioneros Pa\u00fales","link":"http:\/\/vincentians.com\/es\/category\/la-familia-vicenciana\/biografias-vicencianas\/biografias-de-misioneros-paules\/"},"img":{"alt_text":"","src":"https:\/\/i0.wp.com\/vincentians.com\/es\/wp-content\/uploads\/sites\/11\/2016\/07\/bio-cm.jpg?fit=1200%2C630&resize=350%2C200","width":350,"height":200,"srcset":"https:\/\/i0.wp.com\/vincentians.com\/es\/wp-content\/uploads\/sites\/11\/2016\/07\/bio-cm.jpg?fit=1200%2C630&resize=350%2C200 1x, https:\/\/i0.wp.com\/vincentians.com\/es\/wp-content\/uploads\/sites\/11\/2016\/07\/bio-cm.jpg?fit=1200%2C630&resize=525%2C300 1.5x, https:\/\/i0.wp.com\/vincentians.com\/es\/wp-content\/uploads\/sites\/11\/2016\/07\/bio-cm.jpg?fit=1200%2C630&resize=700%2C400 2x, https:\/\/i0.wp.com\/vincentians.com\/es\/wp-content\/uploads\/sites\/11\/2016\/07\/bio-cm.jpg?fit=1200%2C630&resize=1050%2C600 3x"},"classes":[]},{"id":130506,"url":"http:\/\/vincentians.com\/es\/amo-humada-manuel\/","url_meta":{"origin":136530,"position":5},"title":"AMO HUMADA, MANUEL","author":"Mitxel Olabu\u00e9naga","date":"29\/05\/2014","format":false,"excerpt":"Nacimiento: 19.9.1887 en Llanillo de Valdelucio, Burgos \/ Fecha de vocaci\u00f3n: 12.6.1904 en Madrid \/ Votos perpetuos: 13.6.1906 en ibidem \/ Fecha de ordenaci\u00f3n: 28.9.1913. DESTINOS: M\u00e9xico-Tacubaya 1913. En 1914 sali\u00f3 por la revoluci\u00f3n y parece que viaj\u00f3 mucho: Paredes de Nava 1914, Mandalayong 1915 \/ La Laguna 1918 \/\u2026","rel":"","context":"En \u00abBiograf\u00edas de Misioneros Pa\u00fales\u00bb","block_context":{"text":"Biograf\u00edas de Misioneros Pa\u00fales","link":"http:\/\/vincentians.com\/es\/category\/la-familia-vicenciana\/biografias-vicencianas\/biografias-de-misioneros-paules\/"},"img":{"alt_text":"","src":"https:\/\/i0.wp.com\/vincentians.com\/es\/wp-content\/uploads\/sites\/11\/2016\/07\/bio-cm.jpg?fit=1200%2C630&resize=350%2C200","width":350,"height":200,"srcset":"https:\/\/i0.wp.com\/vincentians.com\/es\/wp-content\/uploads\/sites\/11\/2016\/07\/bio-cm.jpg?fit=1200%2C630&resize=350%2C200 1x, https:\/\/i0.wp.com\/vincentians.com\/es\/wp-content\/uploads\/sites\/11\/2016\/07\/bio-cm.jpg?fit=1200%2C630&resize=525%2C300 1.5x, https:\/\/i0.wp.com\/vincentians.com\/es\/wp-content\/uploads\/sites\/11\/2016\/07\/bio-cm.jpg?fit=1200%2C630&resize=700%2C400 2x, https:\/\/i0.wp.com\/vincentians.com\/es\/wp-content\/uploads\/sites\/11\/2016\/07\/bio-cm.jpg?fit=1200%2C630&resize=1050%2C600 3x"},"classes":[]}],"_links":{"self":[{"href":"http:\/\/vincentians.com\/es\/wp-json\/wp\/v2\/posts\/136530","targetHints":{"allow":["GET"]}}],"collection":[{"href":"http:\/\/vincentians.com\/es\/wp-json\/wp\/v2\/posts"}],"about":[{"href":"http:\/\/vincentians.com\/es\/wp-json\/wp\/v2\/types\/post"}],"author":[{"embeddable":true,"href":"http:\/\/vincentians.com\/es\/wp-json\/wp\/v2\/users\/5"}],"replies":[{"embeddable":true,"href":"http:\/\/vincentians.com\/es\/wp-json\/wp\/v2\/comments?post=136530"}],"version-history":[{"count":0,"href":"http:\/\/vincentians.com\/es\/wp-json\/wp\/v2\/posts\/136530\/revisions"}],"wp:featuredmedia":[{"embeddable":true,"href":"http:\/\/vincentians.com\/es\/wp-json\/wp\/v2\/media\/391249"}],"wp:attachment":[{"href":"http:\/\/vincentians.com\/es\/wp-json\/wp\/v2\/media?parent=136530"}],"wp:term":[{"taxonomy":"category","embeddable":true,"href":"http:\/\/vincentians.com\/es\/wp-json\/wp\/v2\/categories?post=136530"},{"taxonomy":"post_tag","embeddable":true,"href":"http:\/\/vincentians.com\/es\/wp-json\/wp\/v2\/tags?post=136530"}],"curies":[{"name":"wp","href":"https:\/\/api.w.org\/{rel}","templated":true}]}}