{"id":136352,"date":"2015-01-20T18:20:16","date_gmt":"2015-01-20T17:20:16","guid":{"rendered":"http:\/\/somos.vicencianos.org\/?p=136352"},"modified":"2016-07-24T10:28:14","modified_gmt":"2016-07-24T08:28:14","slug":"3o-domingo-de-t-o-reflexion-de-jose-antonio-pagola","status":"publish","type":"post","link":"http:\/\/vincentians.com\/es\/3o-domingo-de-t-o-reflexion-de-jose-antonio-pagola\/","title":{"rendered":"3\u00ba domingo de T.O. (reflexi\u00f3n de Jos\u00e9 Antonio Pagola)"},"content":{"rendered":"<h2>Ir detr\u00e1s de Jes\u00fas<\/h2>\n<p><a href=\"https:\/\/i0.wp.com\/vicencianos.org\/wp-content\/2014\/12\/pagola.jpg\"><img data-recalc-dims=\"1\" loading=\"lazy\" decoding=\"async\" class=\"alignright size-medium wp-image-132660\" src=\"https:\/\/i0.wp.com\/vicencianos.org\/wp-content\/2014\/12\/pagola-300x231.jpg?resize=300%2C231\" alt=\"pagola\" width=\"300\" height=\"231\" \/><\/a>Cuando el <strong>Bautista<\/strong> fue detenido, Jes\u00fas vino a Galilea y comenz\u00f3 a \u00abproclamar la Buena Noticia de Dios\u00bb. Seg\u00fan Marcos, no ense\u00f1a propiamente una doctrina para que sus disc\u00edpulos la aprendan y difundan correctamente. Jes\u00fas anuncia un acontecimiento que est\u00e1 ya ocurriendo. \u00c9l lo est\u00e1 ya viviendo y quiere compartir su experiencia con todos.<a id=\"more363409\" name=\"more363409\"><\/a><\/p>\n<p>Marcos resume as\u00ed su mensaje: \u00abSe ha cumplido el plazo\u00bb: ya no hay que mirar hacia atr\u00e1s. \u00abEst\u00e1 cerca el reino de Dios\u00bb: pues quiere construir un mundo m\u00e1s humano. <strong>\u00abConvert\u00edos\u00bb: no pod\u00e9is seguir como si nada estuviera ocurriendo; cambiad vuestra manera de pensar y de actuar<\/strong>. \u00abCreed en esta Buena Noticia\u00bb. Este proyecto de Dios es la mejor noticia que pod\u00e9is escuchar.<\/p>\n<p>Despu\u00e9s de este solemne resumen, la primera actuaci\u00f3n de Jes\u00fas es buscar colaboradores para llevar adelante su proyecto. Jes\u00fas va \u00abpasando junto al lago de Galilea\u00bb. Ha comenzado su camino. <strong>Es un profeta itinerante que busca seguidores para hacer con ellos un recorrido apasionante: vivir abriendo caminos al reino de Dios<\/strong>. No es un rabino sentado en su c\u00e1tedra, que busca alumnos para formar una escuela religiosa. Ser cristiano no es aprender doctrinas, sino seguirle a Jes\u00fas en su proyecto de vida.<\/p>\n<p>El que toma la iniciativa es siempre Jes\u00fas. Se acerca, fija su mirada en aquellos cuatro pescadores y los llama a dar una orientaci\u00f3n nueva a sus vidas. <strong>Sin su intervenci\u00f3n, no nace nunca un verdadero cristiano<\/strong>. Los creyentes hemos de vivir con m\u00e1s fe la presencia viva de Cristo y su mirada sobre cada uno de nosotros. Si no es \u00e9l, \u00bfqui\u00e9n puede dar una nueva orientaci\u00f3n a nuestras vidas?<\/p>\n<p>Pero <strong>lo m\u00e1s decisivo es escuchar desde dentro su llamada<\/strong>: \u00abVenid detr\u00e1s de m\u00ed\u00bb. No es tarea de un d\u00eda. Escuchar esta llamada significa despertar la confianza en Jes\u00fas, reavivar nuestra adhesi\u00f3n personal a \u00e9l, tener fe en su proyecto, identificarnos con su programa, reproducir en nosotros sus actitudes&#8230; y, de esta manera, ganar m\u00e1s personas para su proyecto.<\/p>\n<p>Este podr\u00eda ser hoy un buen lema para una comunidad cristiana: <strong>Ir detr\u00e1s de Jes\u00fas. Ponerlo al frente de todos<\/strong>. Recordarlo cada domingo como el l\u00edder que va por delante de nosotros. Generar una nueva din\u00e1mica. Centrarlo todo en seguir m\u00e1s de cerca a Jesucristo. Nuestras comunidades cristianas se transformar\u00edan. La Iglesia ser\u00eda diferente.<\/p>\n<p><strong>Jos\u00e9 Antonio Pagola<\/strong><\/p>\n<p>3 Tiempo Ordinario &#8211; B<br \/>\n(Marcos 1,14-20)<\/p>\n<p>25 de enero 2015<\/p>\n","protected":false},"excerpt":{"rendered":"<p>Ir detr\u00e1s de Jes\u00fas Cuando el Bautista fue detenido, Jes\u00fas vino a Galilea y comenz\u00f3 a \u00abproclamar la Buena Noticia de Dios\u00bb. Seg\u00fan Marcos, no ense\u00f1a propiamente una doctrina para que sus disc\u00edpulos la aprendan &#8230; <a href=\"http:\/\/vincentians.com\/es\/3o-domingo-de-t-o-reflexion-de-jose-antonio-pagola\/\" class=\"more-link\">Read More<\/a><\/p>\n","protected":false},"author":4,"featured_media":388396,"comment_status":"open","ping_status":"open","sticky":false,"template":"","format":"standard","meta":{"jetpack_post_was_ever_published":false,"_jetpack_newsletter_access":"","_jetpack_dont_email_post_to_subs":false,"_jetpack_newsletter_tier_id":0,"_jetpack_memberships_contains_paywalled_content":false,"_jetpack_memberships_contains_paid_content":false,"footnotes":"","jetpack_publicize_message":"","jetpack_publicize_feature_enabled":true,"jetpack_social_post_already_shared":true,"jetpack_social_options":{"image_generator_settings":{"template":"highway","default_image_id":0,"font":"","enabled":false},"version":2}},"categories":[93],"tags":[],"class_list":["post-136352","post","type-post","status-publish","format-standard","has-post-thumbnail","hentry","category-homilias-y-reflexiones-ano-b"],"yoast_head":"<!-- This site is optimized with the Yoast SEO plugin v26.3 - https:\/\/yoast.com\/wordpress\/plugins\/seo\/ -->\n<title>3\u00ba domingo de T.O. (reflexi\u00f3n de Jos\u00e9 Antonio Pagola) - Somos Vicencianos<\/title>\n<meta name=\"robots\" content=\"index, follow, max-snippet:-1, max-image-preview:large, max-video-preview:-1\" \/>\n<link rel=\"canonical\" href=\"http:\/\/vincentians.com\/es\/3o-domingo-de-t-o-reflexion-de-jose-antonio-pagola\/\" \/>\n<meta property=\"og:locale\" content=\"es_ES\" \/>\n<meta property=\"og:type\" content=\"article\" \/>\n<meta property=\"og:title\" content=\"3\u00ba domingo de T.O. (reflexi\u00f3n de Jos\u00e9 Antonio Pagola) - Somos Vicencianos\" \/>\n<meta property=\"og:description\" content=\"Ir detr\u00e1s de Jes\u00fas Cuando el Bautista fue detenido, Jes\u00fas vino a Galilea y comenz\u00f3 a \u00abproclamar la Buena Noticia de Dios\u00bb. Seg\u00fan Marcos, no ense\u00f1a propiamente una doctrina para que sus disc\u00edpulos la aprendan ... Read More\" \/>\n<meta property=\"og:url\" content=\"http:\/\/vincentians.com\/es\/3o-domingo-de-t-o-reflexion-de-jose-antonio-pagola\/\" \/>\n<meta property=\"og:site_name\" content=\"Somos Vicencianos\" \/>\n<meta property=\"article:publisher\" content=\"https:\/\/www.facebook.com\/WeAreVincentians\/\" \/>\n<meta property=\"article:author\" content=\"https:\/\/www.facebook.com\/JavierChento\" \/>\n<meta property=\"article:published_time\" content=\"2015-01-20T17:20:16+00:00\" \/>\n<meta property=\"article:modified_time\" content=\"2016-07-24T08:28:14+00:00\" \/>\n<meta property=\"og:image\" content=\"https:\/\/i0.wp.com\/vincentians.com\/es\/wp-content\/uploads\/sites\/11\/2016\/07\/reflexiones-pagola.jpg?fit=1200%2C630\" \/>\n\t<meta property=\"og:image:width\" content=\"1200\" \/>\n\t<meta property=\"og:image:height\" content=\"630\" \/>\n\t<meta property=\"og:image:type\" content=\"image\/jpeg\" \/>\n<meta name=\"author\" content=\"Francisco Javier Fern\u00e1ndez Chento\" \/>\n<meta name=\"twitter:card\" content=\"summary_large_image\" \/>\n<meta name=\"twitter:creator\" content=\"@https:\/\/twitter.com\/javierchento\" \/>\n<meta name=\"twitter:site\" content=\"@WeVincentians\" \/>\n<meta name=\"twitter:label1\" content=\"Escrito por\" \/>\n\t<meta name=\"twitter:data1\" content=\"Francisco Javier Fern\u00e1ndez Chento\" \/>\n\t<meta name=\"twitter:label2\" content=\"Tiempo de lectura\" \/>\n\t<meta name=\"twitter:data2\" content=\"2 minutos\" \/>\n<script type=\"application\/ld+json\" class=\"yoast-schema-graph\">{\"@context\":\"https:\/\/schema.org\",\"@graph\":[{\"@type\":\"Article\",\"@id\":\"http:\/\/vincentians.com\/es\/3o-domingo-de-t-o-reflexion-de-jose-antonio-pagola\/#article\",\"isPartOf\":{\"@id\":\"http:\/\/vincentians.com\/es\/3o-domingo-de-t-o-reflexion-de-jose-antonio-pagola\/\"},\"author\":{\"name\":\"Francisco Javier Fern\u00e1ndez Chento\",\"@id\":\"http:\/\/vincentians.com\/es\/#\/schema\/person\/9623ef4d9aa3b2dfb8c061f1499288f2\"},\"headline\":\"3\u00ba domingo de T.O. (reflexi\u00f3n de Jos\u00e9 Antonio Pagola)\",\"datePublished\":\"2015-01-20T17:20:16+00:00\",\"dateModified\":\"2016-07-24T08:28:14+00:00\",\"mainEntityOfPage\":{\"@id\":\"http:\/\/vincentians.com\/es\/3o-domingo-de-t-o-reflexion-de-jose-antonio-pagola\/\"},\"wordCount\":446,\"commentCount\":0,\"publisher\":{\"@id\":\"http:\/\/vincentians.com\/es\/#organization\"},\"image\":{\"@id\":\"http:\/\/vincentians.com\/es\/3o-domingo-de-t-o-reflexion-de-jose-antonio-pagola\/#primaryimage\"},\"thumbnailUrl\":\"https:\/\/i0.wp.com\/vincentians.com\/es\/wp-content\/uploads\/sites\/11\/2016\/07\/reflexiones-pagola.jpg?fit=1200%2C630\",\"articleSection\":[\"Homil\u00edas y reflexiones, A\u00f1o B\"],\"inLanguage\":\"es\",\"potentialAction\":[{\"@type\":\"CommentAction\",\"name\":\"Comment\",\"target\":[\"http:\/\/vincentians.com\/es\/3o-domingo-de-t-o-reflexion-de-jose-antonio-pagola\/#respond\"]}]},{\"@type\":\"WebPage\",\"@id\":\"http:\/\/vincentians.com\/es\/3o-domingo-de-t-o-reflexion-de-jose-antonio-pagola\/\",\"url\":\"http:\/\/vincentians.com\/es\/3o-domingo-de-t-o-reflexion-de-jose-antonio-pagola\/\",\"name\":\"3\u00ba domingo de T.O. (reflexi\u00f3n de Jos\u00e9 Antonio Pagola) - Somos Vicencianos\",\"isPartOf\":{\"@id\":\"http:\/\/vincentians.com\/es\/#website\"},\"primaryImageOfPage\":{\"@id\":\"http:\/\/vincentians.com\/es\/3o-domingo-de-t-o-reflexion-de-jose-antonio-pagola\/#primaryimage\"},\"image\":{\"@id\":\"http:\/\/vincentians.com\/es\/3o-domingo-de-t-o-reflexion-de-jose-antonio-pagola\/#primaryimage\"},\"thumbnailUrl\":\"https:\/\/i0.wp.com\/vincentians.com\/es\/wp-content\/uploads\/sites\/11\/2016\/07\/reflexiones-pagola.jpg?fit=1200%2C630\",\"datePublished\":\"2015-01-20T17:20:16+00:00\",\"dateModified\":\"2016-07-24T08:28:14+00:00\",\"breadcrumb\":{\"@id\":\"http:\/\/vincentians.com\/es\/3o-domingo-de-t-o-reflexion-de-jose-antonio-pagola\/#breadcrumb\"},\"inLanguage\":\"es\",\"potentialAction\":[{\"@type\":\"ReadAction\",\"target\":[\"http:\/\/vincentians.com\/es\/3o-domingo-de-t-o-reflexion-de-jose-antonio-pagola\/\"]}]},{\"@type\":\"ImageObject\",\"inLanguage\":\"es\",\"@id\":\"http:\/\/vincentians.com\/es\/3o-domingo-de-t-o-reflexion-de-jose-antonio-pagola\/#primaryimage\",\"url\":\"https:\/\/i0.wp.com\/vincentians.com\/es\/wp-content\/uploads\/sites\/11\/2016\/07\/reflexiones-pagola.jpg?fit=1200%2C630\",\"contentUrl\":\"https:\/\/i0.wp.com\/vincentians.com\/es\/wp-content\/uploads\/sites\/11\/2016\/07\/reflexiones-pagola.jpg?fit=1200%2C630\",\"width\":1200,\"height\":630},{\"@type\":\"BreadcrumbList\",\"@id\":\"http:\/\/vincentians.com\/es\/3o-domingo-de-t-o-reflexion-de-jose-antonio-pagola\/#breadcrumb\",\"itemListElement\":[{\"@type\":\"ListItem\",\"position\":1,\"name\":\"Portada\",\"item\":\"http:\/\/vincentians.com\/es\/\"},{\"@type\":\"ListItem\",\"position\":2,\"name\":\"3\u00ba domingo de T.O. (reflexi\u00f3n de Jos\u00e9 Antonio Pagola)\"}]},{\"@type\":\"WebSite\",\"@id\":\"http:\/\/vincentians.com\/es\/#website\",\"url\":\"http:\/\/vincentians.com\/es\/\",\"name\":\"Somos Vicencianos\",\"description\":\"Know more to serve more\",\"publisher\":{\"@id\":\"http:\/\/vincentians.com\/es\/#organization\"},\"potentialAction\":[{\"@type\":\"SearchAction\",\"target\":{\"@type\":\"EntryPoint\",\"urlTemplate\":\"http:\/\/vincentians.com\/es\/?s={search_term_string}\"},\"query-input\":{\"@type\":\"PropertyValueSpecification\",\"valueRequired\":true,\"valueName\":\"search_term_string\"}}],\"inLanguage\":\"es\"},{\"@type\":\"Organization\",\"@id\":\"http:\/\/vincentians.com\/es\/#organization\",\"name\":\"The Vincentian Network\",\"url\":\"http:\/\/vincentians.com\/es\/\",\"logo\":{\"@type\":\"ImageObject\",\"inLanguage\":\"es\",\"@id\":\"http:\/\/vincentians.com\/es\/#\/schema\/logo\/image\/\",\"url\":\"https:\/\/i1.wp.com\/vincentians.com\/es\/wp-content\/uploads\/sites\/11\/2016\/06\/Vincentian-Network-logo-big.png?fit=778%2C778\",\"contentUrl\":\"https:\/\/i1.wp.com\/vincentians.com\/es\/wp-content\/uploads\/sites\/11\/2016\/06\/Vincentian-Network-logo-big.png?fit=778%2C778\",\"width\":778,\"height\":778,\"caption\":\"The Vincentian Network\"},\"image\":{\"@id\":\"http:\/\/vincentians.com\/es\/#\/schema\/logo\/image\/\"},\"sameAs\":[\"https:\/\/www.facebook.com\/WeAreVincentians\/\",\"https:\/\/x.com\/WeVincentians\"]},{\"@type\":\"Person\",\"@id\":\"http:\/\/vincentians.com\/es\/#\/schema\/person\/9623ef4d9aa3b2dfb8c061f1499288f2\",\"name\":\"Francisco Javier Fern\u00e1ndez Chento\",\"image\":{\"@type\":\"ImageObject\",\"inLanguage\":\"es\",\"@id\":\"http:\/\/vincentians.com\/es\/#\/schema\/person\/image\/\",\"url\":\"https:\/\/secure.gravatar.com\/avatar\/497d5cde87b4c3d097d0315953521681ba2cd523ee66e5077c3711f7021e65de?s=96&d=mm&r=g\",\"contentUrl\":\"https:\/\/secure.gravatar.com\/avatar\/497d5cde87b4c3d097d0315953521681ba2cd523ee66e5077c3711f7021e65de?s=96&d=mm&r=g\",\"caption\":\"Francisco Javier Fern\u00e1ndez Chento\"},\"description\":\"Director General y cofundador de La Red de Formaci\u00f3n Vicenciana. Javier es laico vicenciano, afiliado a la Congregaci\u00f3n de la Misi\u00f3n y miembro del Equipo de Misiones Populares de la provincia can\u00f3nica de Zaragoza (Espa\u00f1a) de la Congregaci\u00f3n de la Misi\u00f3n. Graduado en la Universidad Oberta de Catalunya con cuatro grados (Asistente de direcci\u00f3n, Gesti\u00f3n Administrativa, Recursos Humanos y Contabilidad Avanzada). Bil\u00edng\u00fce Espa\u00f1ol\/Ingl\u00e9s. gestiona y mantiene varias p\u00e1ginas web cristianas y vicencianas, incluida including La Red de Formaci\u00f3n Vicenciana, de la que es cofundador. Actualmente es responsable del \u00e1rea de Espa\u00f1ol de .famvin, la Red de Noticias de la Familia Vicenciana. Tambi\u00e9n es m\u00fasico cat\u00f3lico y ha editado varios discos. Es Director General y cofundador de Trovador, una reconocida compa\u00f1\u00eda discogr\u00e1fica critiana de Espa\u00f1a. Trabaja en las Tecnolog\u00edas de la Informaci\u00f3n, ofreciendo servicios de alojamiento, dise\u00f1o y mantenimiento Web, as\u00ed como asesoramiento, formaci\u00f3n y soluciones inform\u00e1ticas, gesti\u00f3n documental y digitalizaci\u00f3n de textos, edici\u00f3n y maquetaci\u00f3n de libros, revistas, flyers, etc.\",\"sameAs\":[\"http:\/\/chento.org\",\"https:\/\/www.facebook.com\/JavierChento\",\"https:\/\/x.com\/https:\/\/twitter.com\/javierchento\"],\"url\":\"http:\/\/vincentians.com\/es\/author\/chento\/\"}]}<\/script>\n<!-- \/ Yoast SEO plugin. -->","yoast_head_json":{"title":"3\u00ba domingo de T.O. (reflexi\u00f3n de Jos\u00e9 Antonio Pagola) - Somos Vicencianos","robots":{"index":"index","follow":"follow","max-snippet":"max-snippet:-1","max-image-preview":"max-image-preview:large","max-video-preview":"max-video-preview:-1"},"canonical":"http:\/\/vincentians.com\/es\/3o-domingo-de-t-o-reflexion-de-jose-antonio-pagola\/","og_locale":"es_ES","og_type":"article","og_title":"3\u00ba domingo de T.O. (reflexi\u00f3n de Jos\u00e9 Antonio Pagola) - Somos Vicencianos","og_description":"Ir detr\u00e1s de Jes\u00fas Cuando el Bautista fue detenido, Jes\u00fas vino a Galilea y comenz\u00f3 a \u00abproclamar la Buena Noticia de Dios\u00bb. Seg\u00fan Marcos, no ense\u00f1a propiamente una doctrina para que sus disc\u00edpulos la aprendan ... Read More","og_url":"http:\/\/vincentians.com\/es\/3o-domingo-de-t-o-reflexion-de-jose-antonio-pagola\/","og_site_name":"Somos Vicencianos","article_publisher":"https:\/\/www.facebook.com\/WeAreVincentians\/","article_author":"https:\/\/www.facebook.com\/JavierChento","article_published_time":"2015-01-20T17:20:16+00:00","article_modified_time":"2016-07-24T08:28:14+00:00","og_image":[{"width":1200,"height":630,"url":"https:\/\/i0.wp.com\/vincentians.com\/es\/wp-content\/uploads\/sites\/11\/2016\/07\/reflexiones-pagola.jpg?fit=1200%2C630","type":"image\/jpeg"}],"author":"Francisco Javier Fern\u00e1ndez Chento","twitter_card":"summary_large_image","twitter_creator":"@https:\/\/twitter.com\/javierchento","twitter_site":"@WeVincentians","twitter_misc":{"Escrito por":"Francisco Javier Fern\u00e1ndez Chento","Tiempo de lectura":"2 minutos"},"schema":{"@context":"https:\/\/schema.org","@graph":[{"@type":"Article","@id":"http:\/\/vincentians.com\/es\/3o-domingo-de-t-o-reflexion-de-jose-antonio-pagola\/#article","isPartOf":{"@id":"http:\/\/vincentians.com\/es\/3o-domingo-de-t-o-reflexion-de-jose-antonio-pagola\/"},"author":{"name":"Francisco Javier Fern\u00e1ndez Chento","@id":"http:\/\/vincentians.com\/es\/#\/schema\/person\/9623ef4d9aa3b2dfb8c061f1499288f2"},"headline":"3\u00ba domingo de T.O. (reflexi\u00f3n de Jos\u00e9 Antonio Pagola)","datePublished":"2015-01-20T17:20:16+00:00","dateModified":"2016-07-24T08:28:14+00:00","mainEntityOfPage":{"@id":"http:\/\/vincentians.com\/es\/3o-domingo-de-t-o-reflexion-de-jose-antonio-pagola\/"},"wordCount":446,"commentCount":0,"publisher":{"@id":"http:\/\/vincentians.com\/es\/#organization"},"image":{"@id":"http:\/\/vincentians.com\/es\/3o-domingo-de-t-o-reflexion-de-jose-antonio-pagola\/#primaryimage"},"thumbnailUrl":"https:\/\/i0.wp.com\/vincentians.com\/es\/wp-content\/uploads\/sites\/11\/2016\/07\/reflexiones-pagola.jpg?fit=1200%2C630","articleSection":["Homil\u00edas y reflexiones, A\u00f1o B"],"inLanguage":"es","potentialAction":[{"@type":"CommentAction","name":"Comment","target":["http:\/\/vincentians.com\/es\/3o-domingo-de-t-o-reflexion-de-jose-antonio-pagola\/#respond"]}]},{"@type":"WebPage","@id":"http:\/\/vincentians.com\/es\/3o-domingo-de-t-o-reflexion-de-jose-antonio-pagola\/","url":"http:\/\/vincentians.com\/es\/3o-domingo-de-t-o-reflexion-de-jose-antonio-pagola\/","name":"3\u00ba domingo de T.O. (reflexi\u00f3n de Jos\u00e9 Antonio Pagola) - Somos Vicencianos","isPartOf":{"@id":"http:\/\/vincentians.com\/es\/#website"},"primaryImageOfPage":{"@id":"http:\/\/vincentians.com\/es\/3o-domingo-de-t-o-reflexion-de-jose-antonio-pagola\/#primaryimage"},"image":{"@id":"http:\/\/vincentians.com\/es\/3o-domingo-de-t-o-reflexion-de-jose-antonio-pagola\/#primaryimage"},"thumbnailUrl":"https:\/\/i0.wp.com\/vincentians.com\/es\/wp-content\/uploads\/sites\/11\/2016\/07\/reflexiones-pagola.jpg?fit=1200%2C630","datePublished":"2015-01-20T17:20:16+00:00","dateModified":"2016-07-24T08:28:14+00:00","breadcrumb":{"@id":"http:\/\/vincentians.com\/es\/3o-domingo-de-t-o-reflexion-de-jose-antonio-pagola\/#breadcrumb"},"inLanguage":"es","potentialAction":[{"@type":"ReadAction","target":["http:\/\/vincentians.com\/es\/3o-domingo-de-t-o-reflexion-de-jose-antonio-pagola\/"]}]},{"@type":"ImageObject","inLanguage":"es","@id":"http:\/\/vincentians.com\/es\/3o-domingo-de-t-o-reflexion-de-jose-antonio-pagola\/#primaryimage","url":"https:\/\/i0.wp.com\/vincentians.com\/es\/wp-content\/uploads\/sites\/11\/2016\/07\/reflexiones-pagola.jpg?fit=1200%2C630","contentUrl":"https:\/\/i0.wp.com\/vincentians.com\/es\/wp-content\/uploads\/sites\/11\/2016\/07\/reflexiones-pagola.jpg?fit=1200%2C630","width":1200,"height":630},{"@type":"BreadcrumbList","@id":"http:\/\/vincentians.com\/es\/3o-domingo-de-t-o-reflexion-de-jose-antonio-pagola\/#breadcrumb","itemListElement":[{"@type":"ListItem","position":1,"name":"Portada","item":"http:\/\/vincentians.com\/es\/"},{"@type":"ListItem","position":2,"name":"3\u00ba domingo de T.O. (reflexi\u00f3n de Jos\u00e9 Antonio Pagola)"}]},{"@type":"WebSite","@id":"http:\/\/vincentians.com\/es\/#website","url":"http:\/\/vincentians.com\/es\/","name":"Somos Vicencianos","description":"Know more to serve more","publisher":{"@id":"http:\/\/vincentians.com\/es\/#organization"},"potentialAction":[{"@type":"SearchAction","target":{"@type":"EntryPoint","urlTemplate":"http:\/\/vincentians.com\/es\/?s={search_term_string}"},"query-input":{"@type":"PropertyValueSpecification","valueRequired":true,"valueName":"search_term_string"}}],"inLanguage":"es"},{"@type":"Organization","@id":"http:\/\/vincentians.com\/es\/#organization","name":"The Vincentian Network","url":"http:\/\/vincentians.com\/es\/","logo":{"@type":"ImageObject","inLanguage":"es","@id":"http:\/\/vincentians.com\/es\/#\/schema\/logo\/image\/","url":"https:\/\/i1.wp.com\/vincentians.com\/es\/wp-content\/uploads\/sites\/11\/2016\/06\/Vincentian-Network-logo-big.png?fit=778%2C778","contentUrl":"https:\/\/i1.wp.com\/vincentians.com\/es\/wp-content\/uploads\/sites\/11\/2016\/06\/Vincentian-Network-logo-big.png?fit=778%2C778","width":778,"height":778,"caption":"The Vincentian Network"},"image":{"@id":"http:\/\/vincentians.com\/es\/#\/schema\/logo\/image\/"},"sameAs":["https:\/\/www.facebook.com\/WeAreVincentians\/","https:\/\/x.com\/WeVincentians"]},{"@type":"Person","@id":"http:\/\/vincentians.com\/es\/#\/schema\/person\/9623ef4d9aa3b2dfb8c061f1499288f2","name":"Francisco Javier Fern\u00e1ndez Chento","image":{"@type":"ImageObject","inLanguage":"es","@id":"http:\/\/vincentians.com\/es\/#\/schema\/person\/image\/","url":"https:\/\/secure.gravatar.com\/avatar\/497d5cde87b4c3d097d0315953521681ba2cd523ee66e5077c3711f7021e65de?s=96&d=mm&r=g","contentUrl":"https:\/\/secure.gravatar.com\/avatar\/497d5cde87b4c3d097d0315953521681ba2cd523ee66e5077c3711f7021e65de?s=96&d=mm&r=g","caption":"Francisco Javier Fern\u00e1ndez Chento"},"description":"Director General y cofundador de La Red de Formaci\u00f3n Vicenciana. Javier es laico vicenciano, afiliado a la Congregaci\u00f3n de la Misi\u00f3n y miembro del Equipo de Misiones Populares de la provincia can\u00f3nica de Zaragoza (Espa\u00f1a) de la Congregaci\u00f3n de la Misi\u00f3n. Graduado en la Universidad Oberta de Catalunya con cuatro grados (Asistente de direcci\u00f3n, Gesti\u00f3n Administrativa, Recursos Humanos y Contabilidad Avanzada). Bil\u00edng\u00fce Espa\u00f1ol\/Ingl\u00e9s. gestiona y mantiene varias p\u00e1ginas web cristianas y vicencianas, incluida including La Red de Formaci\u00f3n Vicenciana, de la que es cofundador. Actualmente es responsable del \u00e1rea de Espa\u00f1ol de .famvin, la Red de Noticias de la Familia Vicenciana. Tambi\u00e9n es m\u00fasico cat\u00f3lico y ha editado varios discos. Es Director General y cofundador de Trovador, una reconocida compa\u00f1\u00eda discogr\u00e1fica critiana de Espa\u00f1a. Trabaja en las Tecnolog\u00edas de la Informaci\u00f3n, ofreciendo servicios de alojamiento, dise\u00f1o y mantenimiento Web, as\u00ed como asesoramiento, formaci\u00f3n y soluciones inform\u00e1ticas, gesti\u00f3n documental y digitalizaci\u00f3n de textos, edici\u00f3n y maquetaci\u00f3n de libros, revistas, flyers, etc.","sameAs":["http:\/\/chento.org","https:\/\/www.facebook.com\/JavierChento","https:\/\/x.com\/https:\/\/twitter.com\/javierchento"],"url":"http:\/\/vincentians.com\/es\/author\/chento\/"}]}},"jetpack_publicize_connections":[],"jetpack_featured_media_url":"https:\/\/i0.wp.com\/vincentians.com\/es\/wp-content\/uploads\/sites\/11\/2016\/07\/reflexiones-pagola.jpg?fit=1200%2C630","jetpack_sharing_enabled":true,"jetpack_shortlink":"https:\/\/wp.me\/p7ETMF-zte","jetpack-related-posts":[{"id":136718,"url":"http:\/\/vincentians.com\/es\/4o-domingo-de-t-o-reflexion-de-jose-antonio-pagola-2\/","url_meta":{"origin":136352,"position":0},"title":"4\u00ba domingo de T.O. (reflexi\u00f3n de Jos\u00e9 Antonio Pagola)","author":"Francisco Javier Fern\u00e1ndez Chento","date":"26\/01\/2015","format":false,"excerpt":"Un ense\u00f1ar nuevo El episodio es sorprendente y sobrecogedor. Todo ocurre en la \u00absinagoga\u00bb, el lugar donde se ense\u00f1a oficialmente la Ley, tal como es interpretada por los maestros autorizados. Sucede en \u00abs\u00e1bado\u00bb, el d\u00eda en que los jud\u00edos observantes se re\u00fanen para escuchar el comentario de sus dirigentes. Es\u2026","rel":"","context":"En \u00abHomil\u00edas y reflexiones, A\u00f1o B\u00bb","block_context":{"text":"Homil\u00edas y reflexiones, A\u00f1o B","link":"http:\/\/vincentians.com\/es\/category\/homilias-y-reflexiones-a-la-palabra-de-dios\/homilias-y-reflexiones-ano-b\/"},"img":{"alt_text":"","src":"https:\/\/i0.wp.com\/vincentians.com\/es\/wp-content\/uploads\/sites\/11\/2016\/07\/reflexiones-pagola.jpg?fit=1200%2C630&resize=350%2C200","width":350,"height":200,"srcset":"https:\/\/i0.wp.com\/vincentians.com\/es\/wp-content\/uploads\/sites\/11\/2016\/07\/reflexiones-pagola.jpg?fit=1200%2C630&resize=350%2C200 1x, https:\/\/i0.wp.com\/vincentians.com\/es\/wp-content\/uploads\/sites\/11\/2016\/07\/reflexiones-pagola.jpg?fit=1200%2C630&resize=525%2C300 1.5x, https:\/\/i0.wp.com\/vincentians.com\/es\/wp-content\/uploads\/sites\/11\/2016\/07\/reflexiones-pagola.jpg?fit=1200%2C630&resize=700%2C400 2x, https:\/\/i0.wp.com\/vincentians.com\/es\/wp-content\/uploads\/sites\/11\/2016\/07\/reflexiones-pagola.jpg?fit=1200%2C630&resize=1050%2C600 3x"},"classes":[]},{"id":386941,"url":"http:\/\/vincentians.com\/es\/4o-domingo-de-t-o-reflexion-de-javier-balda\/","url_meta":{"origin":136352,"position":1},"title":"4\u00ba Domingo de T.O. (reflexi\u00f3n de Javier Balda)","author":"Francisco Javier Fern\u00e1ndez Chento","date":"28\/01\/2016","format":false,"excerpt":"Jes\u00fas, \u00bfBuena Noticia para nosotros? Si el sectarismo impide la fraternidad, el dogmatismo es el mayor obst\u00e1culo para la verdad y el orgullo y la vanidad, los mayores impedimentos para el crecimiento del amor en nuestro coraz\u00f3n. La presencia de Jes\u00fas nos abre a una nueva verdad y nos conduce\u2026","rel":"","context":"En \u00abHomil\u00edas y reflexiones, A\u00f1o C\u00bb","block_context":{"text":"Homil\u00edas y reflexiones, A\u00f1o C","link":"http:\/\/vincentians.com\/es\/category\/homilias-y-reflexiones-a-la-palabra-de-dios\/homilias-y-reflexiones-ano-c\/"},"img":{"alt_text":"","src":"https:\/\/i0.wp.com\/vincentians.com\/es\/wp-content\/uploads\/sites\/11\/2016\/07\/reflexiones-palabra-de-dios.jpg?fit=1200%2C630&resize=350%2C200","width":350,"height":200,"srcset":"https:\/\/i0.wp.com\/vincentians.com\/es\/wp-content\/uploads\/sites\/11\/2016\/07\/reflexiones-palabra-de-dios.jpg?fit=1200%2C630&resize=350%2C200 1x, https:\/\/i0.wp.com\/vincentians.com\/es\/wp-content\/uploads\/sites\/11\/2016\/07\/reflexiones-palabra-de-dios.jpg?fit=1200%2C630&resize=525%2C300 1.5x, https:\/\/i0.wp.com\/vincentians.com\/es\/wp-content\/uploads\/sites\/11\/2016\/07\/reflexiones-palabra-de-dios.jpg?fit=1200%2C630&resize=700%2C400 2x, https:\/\/i0.wp.com\/vincentians.com\/es\/wp-content\/uploads\/sites\/11\/2016\/07\/reflexiones-palabra-de-dios.jpg?fit=1200%2C630&resize=1050%2C600 3x"},"classes":[]},{"id":144936,"url":"http:\/\/vincentians.com\/es\/la-ascension-del-senor-reflexion-de-jose-antonio-pagola\/","url_meta":{"origin":136352,"position":2},"title":"La Ascensi\u00f3n del Se\u00f1or (reflexi\u00f3n de Jos\u00e9 Antonio Pagola)","author":"Francisco Javier Fern\u00e1ndez Chento","date":"11\/05\/2015","format":false,"excerpt":"Confianza y responsabilidad Al evangelio original de Marcos se le a\u00f1adi\u00f3 en alg\u00fan momento un ap\u00e9ndice donde se recoge este mandato final de Jes\u00fas: \u00abId al mundo entero y proclamad el Evangelio a toda la creaci\u00f3n\u00bb. El Evangelio no ha de quedar en el interior del peque\u00f1o grupo de sus\u2026","rel":"","context":"En \u00abHomil\u00edas y reflexiones, A\u00f1o B\u00bb","block_context":{"text":"Homil\u00edas y reflexiones, A\u00f1o B","link":"http:\/\/vincentians.com\/es\/category\/homilias-y-reflexiones-a-la-palabra-de-dios\/homilias-y-reflexiones-ano-b\/"},"img":{"alt_text":"","src":"https:\/\/i0.wp.com\/vincentians.com\/es\/wp-content\/uploads\/sites\/11\/2016\/07\/reflexiones-pagola.jpg?fit=1200%2C630&resize=350%2C200","width":350,"height":200,"srcset":"https:\/\/i0.wp.com\/vincentians.com\/es\/wp-content\/uploads\/sites\/11\/2016\/07\/reflexiones-pagola.jpg?fit=1200%2C630&resize=350%2C200 1x, https:\/\/i0.wp.com\/vincentians.com\/es\/wp-content\/uploads\/sites\/11\/2016\/07\/reflexiones-pagola.jpg?fit=1200%2C630&resize=525%2C300 1.5x, https:\/\/i0.wp.com\/vincentians.com\/es\/wp-content\/uploads\/sites\/11\/2016\/07\/reflexiones-pagola.jpg?fit=1200%2C630&resize=700%2C400 2x, https:\/\/i0.wp.com\/vincentians.com\/es\/wp-content\/uploads\/sites\/11\/2016\/07\/reflexiones-pagola.jpg?fit=1200%2C630&resize=1050%2C600 3x"},"classes":[]},{"id":135667,"url":"http:\/\/vincentians.com\/es\/3o-domingo-de-t-o-reflexion-de-jose-cervantes-gabarron\/","url_meta":{"origin":136352,"position":3},"title":"3\u00ba Domingo de T.O. (reflexi\u00f3n de Jos\u00e9 Cervantes Gabarr\u00f3n)","author":"Francisco Javier Fern\u00e1ndez Chento","date":"20\/01\/2012","format":false,"excerpt":"El Reinado de Dios Al comienzo del Evangelio de Marcos (Mc 1,14-20), \u00e9ste presenta claves fundamentales para la lectura de su obra: \u201cJes\u00fas fue predicando el Evangelio de Dios y diciendo: Se ha cumplido el plazo y se ha acercado el Reino de Dios; convert\u00edos y creed en el Evangelio\u201d\u2026","rel":"","context":"En \u00abHomil\u00edas y reflexiones, A\u00f1o B\u00bb","block_context":{"text":"Homil\u00edas y reflexiones, A\u00f1o B","link":"http:\/\/vincentians.com\/es\/category\/homilias-y-reflexiones-a-la-palabra-de-dios\/homilias-y-reflexiones-ano-b\/"},"img":{"alt_text":"","src":"https:\/\/i0.wp.com\/vincentians.com\/es\/wp-content\/uploads\/sites\/11\/2016\/07\/reflexiones-palabra-de-dios.jpg?fit=1200%2C630&resize=350%2C200","width":350,"height":200,"srcset":"https:\/\/i0.wp.com\/vincentians.com\/es\/wp-content\/uploads\/sites\/11\/2016\/07\/reflexiones-palabra-de-dios.jpg?fit=1200%2C630&resize=350%2C200 1x, https:\/\/i0.wp.com\/vincentians.com\/es\/wp-content\/uploads\/sites\/11\/2016\/07\/reflexiones-palabra-de-dios.jpg?fit=1200%2C630&resize=525%2C300 1.5x, https:\/\/i0.wp.com\/vincentians.com\/es\/wp-content\/uploads\/sites\/11\/2016\/07\/reflexiones-palabra-de-dios.jpg?fit=1200%2C630&resize=700%2C400 2x, https:\/\/i0.wp.com\/vincentians.com\/es\/wp-content\/uploads\/sites\/11\/2016\/07\/reflexiones-palabra-de-dios.jpg?fit=1200%2C630&resize=1050%2C600 3x"},"classes":[]},{"id":139943,"url":"http:\/\/vincentians.com\/es\/1o-domingo-de-cuaresma-reflexion-de-jose-antonio-pagola-3\/","url_meta":{"origin":136352,"position":4},"title":"1\u00ba domingo de Cuaresma (reflexi\u00f3n de Jos\u00e9 Antonio Pagola)","author":"Francisco Javier Fern\u00e1ndez Chento","date":"16\/02\/2015","format":false,"excerpt":"Empujados al desierto Marcos presenta la escena de Jes\u00fas en el desierto como un resumen de su vida. Se\u00f1alo algunas claves. Seg\u00fan el evangelista, \u00abel Esp\u00edritu empuja a Jes\u00fas al desierto\u00bb. No es una iniciativa suya. Es el Esp\u00edritu de Dios el que lo desplaza hasta colocarlo en el desierto:\u2026","rel":"","context":"En \u00abHomil\u00edas y reflexiones, A\u00f1o B\u00bb","block_context":{"text":"Homil\u00edas y reflexiones, A\u00f1o B","link":"http:\/\/vincentians.com\/es\/category\/homilias-y-reflexiones-a-la-palabra-de-dios\/homilias-y-reflexiones-ano-b\/"},"img":{"alt_text":"","src":"https:\/\/i0.wp.com\/vincentians.com\/es\/wp-content\/uploads\/sites\/11\/2016\/07\/reflexiones-pagola.jpg?fit=1200%2C630&resize=350%2C200","width":350,"height":200,"srcset":"https:\/\/i0.wp.com\/vincentians.com\/es\/wp-content\/uploads\/sites\/11\/2016\/07\/reflexiones-pagola.jpg?fit=1200%2C630&resize=350%2C200 1x, https:\/\/i0.wp.com\/vincentians.com\/es\/wp-content\/uploads\/sites\/11\/2016\/07\/reflexiones-pagola.jpg?fit=1200%2C630&resize=525%2C300 1.5x, https:\/\/i0.wp.com\/vincentians.com\/es\/wp-content\/uploads\/sites\/11\/2016\/07\/reflexiones-pagola.jpg?fit=1200%2C630&resize=700%2C400 2x, https:\/\/i0.wp.com\/vincentians.com\/es\/wp-content\/uploads\/sites\/11\/2016\/07\/reflexiones-pagola.jpg?fit=1200%2C630&resize=1050%2C600 3x"},"classes":[]},{"id":137822,"url":"http:\/\/vincentians.com\/es\/5o-domingo-de-t-o-reflexion-de-jose-antonio-pagola\/","url_meta":{"origin":136352,"position":5},"title":"5\u00ba domingo de T.O. (reflexi\u00f3n de Jos\u00e9 Antonio Pagola)","author":"Francisco Javier Fern\u00e1ndez Chento","date":"02\/02\/2015","format":false,"excerpt":"Retirarse a orar En medio de su intensa actividad de profeta itinerante, Jes\u00fas cuid\u00f3 siempre su comunicaci\u00f3n con Dios en el silencio y la soledad. Los evangelios han conservado el recuerdo de una costumbre suya que caus\u00f3 honda impresi\u00f3n: Jes\u00fas sol\u00eda retirarse de noche a orar. El episodio que narra\u2026","rel":"","context":"En \u00abHomil\u00edas y reflexiones, A\u00f1o B\u00bb","block_context":{"text":"Homil\u00edas y reflexiones, A\u00f1o B","link":"http:\/\/vincentians.com\/es\/category\/homilias-y-reflexiones-a-la-palabra-de-dios\/homilias-y-reflexiones-ano-b\/"},"img":{"alt_text":"","src":"https:\/\/i0.wp.com\/vincentians.com\/es\/wp-content\/uploads\/sites\/11\/2016\/07\/reflexiones-pagola.jpg?fit=1200%2C630&resize=350%2C200","width":350,"height":200,"srcset":"https:\/\/i0.wp.com\/vincentians.com\/es\/wp-content\/uploads\/sites\/11\/2016\/07\/reflexiones-pagola.jpg?fit=1200%2C630&resize=350%2C200 1x, https:\/\/i0.wp.com\/vincentians.com\/es\/wp-content\/uploads\/sites\/11\/2016\/07\/reflexiones-pagola.jpg?fit=1200%2C630&resize=525%2C300 1.5x, https:\/\/i0.wp.com\/vincentians.com\/es\/wp-content\/uploads\/sites\/11\/2016\/07\/reflexiones-pagola.jpg?fit=1200%2C630&resize=700%2C400 2x, https:\/\/i0.wp.com\/vincentians.com\/es\/wp-content\/uploads\/sites\/11\/2016\/07\/reflexiones-pagola.jpg?fit=1200%2C630&resize=1050%2C600 3x"},"classes":[]}],"_links":{"self":[{"href":"http:\/\/vincentians.com\/es\/wp-json\/wp\/v2\/posts\/136352","targetHints":{"allow":["GET"]}}],"collection":[{"href":"http:\/\/vincentians.com\/es\/wp-json\/wp\/v2\/posts"}],"about":[{"href":"http:\/\/vincentians.com\/es\/wp-json\/wp\/v2\/types\/post"}],"author":[{"embeddable":true,"href":"http:\/\/vincentians.com\/es\/wp-json\/wp\/v2\/users\/4"}],"replies":[{"embeddable":true,"href":"http:\/\/vincentians.com\/es\/wp-json\/wp\/v2\/comments?post=136352"}],"version-history":[{"count":0,"href":"http:\/\/vincentians.com\/es\/wp-json\/wp\/v2\/posts\/136352\/revisions"}],"wp:featuredmedia":[{"embeddable":true,"href":"http:\/\/vincentians.com\/es\/wp-json\/wp\/v2\/media\/388396"}],"wp:attachment":[{"href":"http:\/\/vincentians.com\/es\/wp-json\/wp\/v2\/media?parent=136352"}],"wp:term":[{"taxonomy":"category","embeddable":true,"href":"http:\/\/vincentians.com\/es\/wp-json\/wp\/v2\/categories?post=136352"},{"taxonomy":"post_tag","embeddable":true,"href":"http:\/\/vincentians.com\/es\/wp-json\/wp\/v2\/tags?post=136352"}],"curies":[{"name":"wp","href":"https:\/\/api.w.org\/{rel}","templated":true}]}}