{"id":136323,"date":"2015-01-20T06:40:20","date_gmt":"2015-01-20T05:40:20","guid":{"rendered":"http:\/\/somos.vicencianos.org\/?p=136323"},"modified":"2016-07-24T10:28:14","modified_gmt":"2016-07-24T08:28:14","slug":"3o-domingo-de-t-o-reflexion-de-jose-roman-flecha","status":"publish","type":"post","link":"http:\/\/vincentians.com\/es\/3o-domingo-de-t-o-reflexion-de-jose-roman-flecha\/","title":{"rendered":"3\u00ba Domingo de T.O. (reflexi\u00f3n de Jos\u00e9 Rom\u00e1n Flecha)"},"content":{"rendered":"<p><a href=\"https:\/\/i0.wp.com\/vicencianos.org\/wp-content\/2014\/12\/jose_roman_flecha.jpg\"><img data-recalc-dims=\"1\" loading=\"lazy\" decoding=\"async\" class=\"alignright size-medium wp-image-132397\" src=\"https:\/\/i0.wp.com\/vicencianos.org\/wp-content\/2014\/12\/jose_roman_flecha-216x300.jpg?resize=216%2C300\" alt=\"jose_roman_flecha\" width=\"216\" height=\"300\" \/><\/a><strong>LA LLAMADA Y LA MISI\u00d3N<\/strong><br \/>\nDomingo 3\u00ba del Tiempo Ordinario. B.<br \/>\n25 de enero de 2015<\/p>\n<p>\u201cLev\u00e1ntate y vete a N\u00ednive, la gran capital, y pregona all\u00ed el preg\u00f3n que te dir\u00e9\u201d (Jon 3,1). Esa es la orden que el Se\u00f1or dirige a Jon\u00e1s. No era un encargo f\u00e1cil. N\u00ednive era una potencia despiadada, que somet\u00eda a esclavitud a todos los pueblos que iba conquistando. Exhortar a Ninive a convertirse, de parte de un Dios al que despreciaba, parec\u00eda una tarea imposible.<\/p>\n<p>No es extra\u00f1o que Jon\u00e1s trate de ignorar la llamada de Dios y de huir lejos, exactamente en la direcci\u00f3n contraria de la ciudad a la que Dios le env\u00eda. Jonas nos parece un profeta desobediente, pero otros podr\u00edan calificarlo como un hombre realista y prudente. Nadie puede ser obligado a meterse en la boca del lobo.<\/p>\n<p>Sin embargo, contra todo pron\u00f3stico, los ninivitas escuchan un mensaje en el que no cree el mensajero. Y ante el arrepentimiento de N\u00ednive, Dios se arrepiente del castigo que pensaba enviar a la ciudad. Evidentemente, la misericordia de Dios es mayor que la incredulidad humana.<\/p>\n<p><strong>LA LLAMADA<\/strong><\/p>\n<p>El evangelio que hoy se proclama recuerda tambi\u00e9n una llamada. La escena nos sit\u00faa en las orillas del lago de Galilea. Jes\u00fas es todav\u00eda un desconocido en la regi\u00f3n. Al pasar, encuentra a Sim\u00f3n y a su hermano Andr\u00e9s enfrascados en su tarea habitual. Son pescadores y est\u00e1n echando el copo en el lago.<\/p>\n<p>\u201cVenid conmigo y os har\u00e9 pescadores de hombres\u201d (Mc 1,17). Hemos escuchado muchas veces estas palabras. Hoy nos resultan familiares, pero tuvieron que suscitar algunas preguntas en aquel momento. \u00bfQui\u00e9n era aquel personaje que invitaba a unos desconocidos a seguirle? \u00bfQu\u00e9 pod\u00eda significar ser pescadores de hombres?<\/p>\n<p>La escena puede explicarse por el evangelio de Juan. Andr\u00e9s era disc\u00edpulo de Juan Bautista, hab\u00eda tenido ya un encuentro con Jes\u00fas y lo hab\u00eda comentado con su hermano Sim\u00f3n. Y tal vez con Santiago y Juan, los hijos de Zebedeo, que eran sus compa\u00f1eros en las tareas de la pesca. Tambi\u00e9n a ellos dirige Jes\u00fas su llamada.<\/p>\n<p><strong>EL SEGUIMIENTO<\/strong><\/p>\n<p>Pero la escena que se desarrolla junto al lago de Galilea es como una par\u00e1bola en acci\u00f3n. Nos indica que la llamada obedece a la iniciativa de Jes\u00fas. Y nos recuerda la respuesta de los que han sido llamados por \u00e9l:<\/p>\n<ul>\n<li>Los cuatro pescadores dejaron sus aperos de pesca y a sus familiares y compa\u00f1eros. Abraham sali\u00f3 de su tierra y dej\u00f3 atr\u00e1s a su parentela. Mois\u00e9s dej\u00f3 la tierra en la que hab\u00eda nacido y la alta posici\u00f3n que ocupaba. Tambi\u00e9n Jon\u00e1s dej\u00f3 su tierra y su comodidad. La llamada de Dios relativiza nuestra instalaci\u00f3n y posesiones y hasta nuestras relaciones personales.<\/li>\n<li>Los cuatro pescadores del lago decidieron seguir a Jes\u00fas y se marcharon con \u00e9l. Abraham, Mois\u00e9s y Jon\u00e1s, siguieron la indicaci\u00f3n del Dios que los enviaba a un futuro dif\u00edcil y arriesgado. La llamada de Dios exige de nosotros una generosa disponibilidad para seguir los pasos de Jes\u00fas, acompa\u00f1arlo por el camino y ser testigos de su vida y su mensaje.<\/li>\n<\/ul>\n<p><em>&#8211; Se\u00f1or Jes\u00fas, queremos reconocer tu paso junto a nosotros. Agradecemos tu llamada y nos disponemos a seguirte con fidelidad en la misi\u00f3n. Am\u00e9n.<\/em><\/p>\n","protected":false},"excerpt":{"rendered":"<p>LA LLAMADA Y LA MISI\u00d3N Domingo 3\u00ba del Tiempo Ordinario. B. 25 de enero de 2015 \u201cLev\u00e1ntate y vete a N\u00ednive, la gran capital, y pregona all\u00ed el preg\u00f3n que te dir\u00e9\u201d (Jon 3,1). Esa &#8230; <a href=\"http:\/\/vincentians.com\/es\/3o-domingo-de-t-o-reflexion-de-jose-roman-flecha\/\" class=\"more-link\">Read More<\/a><\/p>\n","protected":false},"author":4,"featured_media":388408,"comment_status":"open","ping_status":"open","sticky":false,"template":"","format":"standard","meta":{"jetpack_post_was_ever_published":false,"_jetpack_newsletter_access":"","_jetpack_dont_email_post_to_subs":false,"_jetpack_newsletter_tier_id":0,"_jetpack_memberships_contains_paywalled_content":false,"_jetpack_memberships_contains_paid_content":false,"footnotes":"","jetpack_publicize_message":"","jetpack_publicize_feature_enabled":true,"jetpack_social_post_already_shared":true,"jetpack_social_options":{"image_generator_settings":{"template":"highway","default_image_id":0,"font":"","enabled":false},"version":2}},"categories":[93],"tags":[],"class_list":["post-136323","post","type-post","status-publish","format-standard","has-post-thumbnail","hentry","category-homilias-y-reflexiones-ano-b"],"yoast_head":"<!-- This site is optimized with the Yoast SEO plugin v26.3 - https:\/\/yoast.com\/wordpress\/plugins\/seo\/ -->\n<title>3\u00ba Domingo de T.O. (reflexi\u00f3n de Jos\u00e9 Rom\u00e1n Flecha) - Somos Vicencianos<\/title>\n<meta name=\"robots\" content=\"index, follow, max-snippet:-1, max-image-preview:large, max-video-preview:-1\" \/>\n<link rel=\"canonical\" href=\"http:\/\/vincentians.com\/es\/3o-domingo-de-t-o-reflexion-de-jose-roman-flecha\/\" \/>\n<meta property=\"og:locale\" content=\"es_ES\" \/>\n<meta property=\"og:type\" content=\"article\" \/>\n<meta property=\"og:title\" content=\"3\u00ba Domingo de T.O. (reflexi\u00f3n de Jos\u00e9 Rom\u00e1n Flecha) - Somos Vicencianos\" \/>\n<meta property=\"og:description\" content=\"LA LLAMADA Y LA MISI\u00d3N Domingo 3\u00ba del Tiempo Ordinario. B. 25 de enero de 2015 \u201cLev\u00e1ntate y vete a N\u00ednive, la gran capital, y pregona all\u00ed el preg\u00f3n que te dir\u00e9\u201d (Jon 3,1). Esa ... Read More\" \/>\n<meta property=\"og:url\" content=\"http:\/\/vincentians.com\/es\/3o-domingo-de-t-o-reflexion-de-jose-roman-flecha\/\" \/>\n<meta property=\"og:site_name\" content=\"Somos Vicencianos\" \/>\n<meta property=\"article:publisher\" content=\"https:\/\/www.facebook.com\/WeAreVincentians\/\" \/>\n<meta property=\"article:author\" content=\"https:\/\/www.facebook.com\/JavierChento\" \/>\n<meta property=\"article:published_time\" content=\"2015-01-20T05:40:20+00:00\" \/>\n<meta property=\"article:modified_time\" content=\"2016-07-24T08:28:14+00:00\" \/>\n<meta property=\"og:image\" content=\"https:\/\/i0.wp.com\/vincentians.com\/es\/wp-content\/uploads\/sites\/11\/2016\/07\/reflexiones-palabra-de-dios.jpg?fit=1200%2C630\" \/>\n\t<meta property=\"og:image:width\" content=\"1200\" \/>\n\t<meta property=\"og:image:height\" content=\"630\" \/>\n\t<meta property=\"og:image:type\" content=\"image\/jpeg\" \/>\n<meta name=\"author\" content=\"Francisco Javier Fern\u00e1ndez Chento\" \/>\n<meta name=\"twitter:card\" content=\"summary_large_image\" \/>\n<meta name=\"twitter:creator\" content=\"@https:\/\/twitter.com\/javierchento\" \/>\n<meta name=\"twitter:site\" content=\"@WeVincentians\" \/>\n<meta name=\"twitter:label1\" content=\"Escrito por\" \/>\n\t<meta name=\"twitter:data1\" content=\"Francisco Javier Fern\u00e1ndez Chento\" \/>\n\t<meta name=\"twitter:label2\" content=\"Tiempo de lectura\" \/>\n\t<meta name=\"twitter:data2\" content=\"3 minutos\" \/>\n<script type=\"application\/ld+json\" class=\"yoast-schema-graph\">{\"@context\":\"https:\/\/schema.org\",\"@graph\":[{\"@type\":\"Article\",\"@id\":\"http:\/\/vincentians.com\/es\/3o-domingo-de-t-o-reflexion-de-jose-roman-flecha\/#article\",\"isPartOf\":{\"@id\":\"http:\/\/vincentians.com\/es\/3o-domingo-de-t-o-reflexion-de-jose-roman-flecha\/\"},\"author\":{\"name\":\"Francisco Javier Fern\u00e1ndez Chento\",\"@id\":\"https:\/\/vincentians.com\/es\/#\/schema\/person\/9623ef4d9aa3b2dfb8c061f1499288f2\"},\"headline\":\"3\u00ba Domingo de T.O. (reflexi\u00f3n de Jos\u00e9 Rom\u00e1n Flecha)\",\"datePublished\":\"2015-01-20T05:40:20+00:00\",\"dateModified\":\"2016-07-24T08:28:14+00:00\",\"mainEntityOfPage\":{\"@id\":\"http:\/\/vincentians.com\/es\/3o-domingo-de-t-o-reflexion-de-jose-roman-flecha\/\"},\"wordCount\":599,\"commentCount\":0,\"publisher\":{\"@id\":\"https:\/\/vincentians.com\/es\/#organization\"},\"image\":{\"@id\":\"http:\/\/vincentians.com\/es\/3o-domingo-de-t-o-reflexion-de-jose-roman-flecha\/#primaryimage\"},\"thumbnailUrl\":\"https:\/\/i0.wp.com\/vincentians.com\/es\/wp-content\/uploads\/sites\/11\/2016\/07\/reflexiones-palabra-de-dios.jpg?fit=1200%2C630\",\"articleSection\":[\"Homil\u00edas y reflexiones, A\u00f1o B\"],\"inLanguage\":\"es\",\"potentialAction\":[{\"@type\":\"CommentAction\",\"name\":\"Comment\",\"target\":[\"http:\/\/vincentians.com\/es\/3o-domingo-de-t-o-reflexion-de-jose-roman-flecha\/#respond\"]}]},{\"@type\":\"WebPage\",\"@id\":\"http:\/\/vincentians.com\/es\/3o-domingo-de-t-o-reflexion-de-jose-roman-flecha\/\",\"url\":\"http:\/\/vincentians.com\/es\/3o-domingo-de-t-o-reflexion-de-jose-roman-flecha\/\",\"name\":\"3\u00ba Domingo de T.O. (reflexi\u00f3n de Jos\u00e9 Rom\u00e1n Flecha) - Somos Vicencianos\",\"isPartOf\":{\"@id\":\"https:\/\/vincentians.com\/es\/#website\"},\"primaryImageOfPage\":{\"@id\":\"http:\/\/vincentians.com\/es\/3o-domingo-de-t-o-reflexion-de-jose-roman-flecha\/#primaryimage\"},\"image\":{\"@id\":\"http:\/\/vincentians.com\/es\/3o-domingo-de-t-o-reflexion-de-jose-roman-flecha\/#primaryimage\"},\"thumbnailUrl\":\"https:\/\/i0.wp.com\/vincentians.com\/es\/wp-content\/uploads\/sites\/11\/2016\/07\/reflexiones-palabra-de-dios.jpg?fit=1200%2C630\",\"datePublished\":\"2015-01-20T05:40:20+00:00\",\"dateModified\":\"2016-07-24T08:28:14+00:00\",\"breadcrumb\":{\"@id\":\"http:\/\/vincentians.com\/es\/3o-domingo-de-t-o-reflexion-de-jose-roman-flecha\/#breadcrumb\"},\"inLanguage\":\"es\",\"potentialAction\":[{\"@type\":\"ReadAction\",\"target\":[\"http:\/\/vincentians.com\/es\/3o-domingo-de-t-o-reflexion-de-jose-roman-flecha\/\"]}]},{\"@type\":\"ImageObject\",\"inLanguage\":\"es\",\"@id\":\"http:\/\/vincentians.com\/es\/3o-domingo-de-t-o-reflexion-de-jose-roman-flecha\/#primaryimage\",\"url\":\"https:\/\/i0.wp.com\/vincentians.com\/es\/wp-content\/uploads\/sites\/11\/2016\/07\/reflexiones-palabra-de-dios.jpg?fit=1200%2C630\",\"contentUrl\":\"https:\/\/i0.wp.com\/vincentians.com\/es\/wp-content\/uploads\/sites\/11\/2016\/07\/reflexiones-palabra-de-dios.jpg?fit=1200%2C630\",\"width\":1200,\"height\":630},{\"@type\":\"BreadcrumbList\",\"@id\":\"http:\/\/vincentians.com\/es\/3o-domingo-de-t-o-reflexion-de-jose-roman-flecha\/#breadcrumb\",\"itemListElement\":[{\"@type\":\"ListItem\",\"position\":1,\"name\":\"Portada\",\"item\":\"https:\/\/vincentians.com\/es\/\"},{\"@type\":\"ListItem\",\"position\":2,\"name\":\"3\u00ba Domingo de T.O. (reflexi\u00f3n de Jos\u00e9 Rom\u00e1n Flecha)\"}]},{\"@type\":\"WebSite\",\"@id\":\"https:\/\/vincentians.com\/es\/#website\",\"url\":\"https:\/\/vincentians.com\/es\/\",\"name\":\"Somos Vicencianos\",\"description\":\"Know more to serve more\",\"publisher\":{\"@id\":\"https:\/\/vincentians.com\/es\/#organization\"},\"potentialAction\":[{\"@type\":\"SearchAction\",\"target\":{\"@type\":\"EntryPoint\",\"urlTemplate\":\"https:\/\/vincentians.com\/es\/?s={search_term_string}\"},\"query-input\":{\"@type\":\"PropertyValueSpecification\",\"valueRequired\":true,\"valueName\":\"search_term_string\"}}],\"inLanguage\":\"es\"},{\"@type\":\"Organization\",\"@id\":\"https:\/\/vincentians.com\/es\/#organization\",\"name\":\"The Vincentian Network\",\"url\":\"https:\/\/vincentians.com\/es\/\",\"logo\":{\"@type\":\"ImageObject\",\"inLanguage\":\"es\",\"@id\":\"https:\/\/vincentians.com\/es\/#\/schema\/logo\/image\/\",\"url\":\"https:\/\/i1.wp.com\/vincentians.com\/es\/wp-content\/uploads\/sites\/11\/2016\/06\/Vincentian-Network-logo-big.png?fit=778%2C778\",\"contentUrl\":\"https:\/\/i1.wp.com\/vincentians.com\/es\/wp-content\/uploads\/sites\/11\/2016\/06\/Vincentian-Network-logo-big.png?fit=778%2C778\",\"width\":778,\"height\":778,\"caption\":\"The Vincentian Network\"},\"image\":{\"@id\":\"https:\/\/vincentians.com\/es\/#\/schema\/logo\/image\/\"},\"sameAs\":[\"https:\/\/www.facebook.com\/WeAreVincentians\/\",\"https:\/\/x.com\/WeVincentians\"]},{\"@type\":\"Person\",\"@id\":\"https:\/\/vincentians.com\/es\/#\/schema\/person\/9623ef4d9aa3b2dfb8c061f1499288f2\",\"name\":\"Francisco Javier Fern\u00e1ndez Chento\",\"image\":{\"@type\":\"ImageObject\",\"inLanguage\":\"es\",\"@id\":\"https:\/\/vincentians.com\/es\/#\/schema\/person\/image\/\",\"url\":\"https:\/\/secure.gravatar.com\/avatar\/497d5cde87b4c3d097d0315953521681ba2cd523ee66e5077c3711f7021e65de?s=96&d=mm&r=g\",\"contentUrl\":\"https:\/\/secure.gravatar.com\/avatar\/497d5cde87b4c3d097d0315953521681ba2cd523ee66e5077c3711f7021e65de?s=96&d=mm&r=g\",\"caption\":\"Francisco Javier Fern\u00e1ndez Chento\"},\"description\":\"Director General y cofundador de La Red de Formaci\u00f3n Vicenciana. Javier es laico vicenciano, afiliado a la Congregaci\u00f3n de la Misi\u00f3n y miembro del Equipo de Misiones Populares de la provincia can\u00f3nica de Zaragoza (Espa\u00f1a) de la Congregaci\u00f3n de la Misi\u00f3n. Graduado en la Universidad Oberta de Catalunya con cuatro grados (Asistente de direcci\u00f3n, Gesti\u00f3n Administrativa, Recursos Humanos y Contabilidad Avanzada). Bil\u00edng\u00fce Espa\u00f1ol\/Ingl\u00e9s. gestiona y mantiene varias p\u00e1ginas web cristianas y vicencianas, incluida including La Red de Formaci\u00f3n Vicenciana, de la que es cofundador. Actualmente es responsable del \u00e1rea de Espa\u00f1ol de .famvin, la Red de Noticias de la Familia Vicenciana. Tambi\u00e9n es m\u00fasico cat\u00f3lico y ha editado varios discos. Es Director General y cofundador de Trovador, una reconocida compa\u00f1\u00eda discogr\u00e1fica critiana de Espa\u00f1a. Trabaja en las Tecnolog\u00edas de la Informaci\u00f3n, ofreciendo servicios de alojamiento, dise\u00f1o y mantenimiento Web, as\u00ed como asesoramiento, formaci\u00f3n y soluciones inform\u00e1ticas, gesti\u00f3n documental y digitalizaci\u00f3n de textos, edici\u00f3n y maquetaci\u00f3n de libros, revistas, flyers, etc.\",\"sameAs\":[\"http:\/\/chento.org\",\"https:\/\/www.facebook.com\/JavierChento\",\"https:\/\/x.com\/https:\/\/twitter.com\/javierchento\"],\"url\":\"http:\/\/vincentians.com\/es\/author\/chento\/\"}]}<\/script>\n<!-- \/ Yoast SEO plugin. -->","yoast_head_json":{"title":"3\u00ba Domingo de T.O. (reflexi\u00f3n de Jos\u00e9 Rom\u00e1n Flecha) - Somos Vicencianos","robots":{"index":"index","follow":"follow","max-snippet":"max-snippet:-1","max-image-preview":"max-image-preview:large","max-video-preview":"max-video-preview:-1"},"canonical":"http:\/\/vincentians.com\/es\/3o-domingo-de-t-o-reflexion-de-jose-roman-flecha\/","og_locale":"es_ES","og_type":"article","og_title":"3\u00ba Domingo de T.O. (reflexi\u00f3n de Jos\u00e9 Rom\u00e1n Flecha) - Somos Vicencianos","og_description":"LA LLAMADA Y LA MISI\u00d3N Domingo 3\u00ba del Tiempo Ordinario. B. 25 de enero de 2015 \u201cLev\u00e1ntate y vete a N\u00ednive, la gran capital, y pregona all\u00ed el preg\u00f3n que te dir\u00e9\u201d (Jon 3,1). Esa ... Read More","og_url":"http:\/\/vincentians.com\/es\/3o-domingo-de-t-o-reflexion-de-jose-roman-flecha\/","og_site_name":"Somos Vicencianos","article_publisher":"https:\/\/www.facebook.com\/WeAreVincentians\/","article_author":"https:\/\/www.facebook.com\/JavierChento","article_published_time":"2015-01-20T05:40:20+00:00","article_modified_time":"2016-07-24T08:28:14+00:00","og_image":[{"width":1200,"height":630,"url":"https:\/\/i0.wp.com\/vincentians.com\/es\/wp-content\/uploads\/sites\/11\/2016\/07\/reflexiones-palabra-de-dios.jpg?fit=1200%2C630","type":"image\/jpeg"}],"author":"Francisco Javier Fern\u00e1ndez Chento","twitter_card":"summary_large_image","twitter_creator":"@https:\/\/twitter.com\/javierchento","twitter_site":"@WeVincentians","twitter_misc":{"Escrito por":"Francisco Javier Fern\u00e1ndez Chento","Tiempo de lectura":"3 minutos"},"schema":{"@context":"https:\/\/schema.org","@graph":[{"@type":"Article","@id":"http:\/\/vincentians.com\/es\/3o-domingo-de-t-o-reflexion-de-jose-roman-flecha\/#article","isPartOf":{"@id":"http:\/\/vincentians.com\/es\/3o-domingo-de-t-o-reflexion-de-jose-roman-flecha\/"},"author":{"name":"Francisco Javier Fern\u00e1ndez Chento","@id":"https:\/\/vincentians.com\/es\/#\/schema\/person\/9623ef4d9aa3b2dfb8c061f1499288f2"},"headline":"3\u00ba Domingo de T.O. (reflexi\u00f3n de Jos\u00e9 Rom\u00e1n Flecha)","datePublished":"2015-01-20T05:40:20+00:00","dateModified":"2016-07-24T08:28:14+00:00","mainEntityOfPage":{"@id":"http:\/\/vincentians.com\/es\/3o-domingo-de-t-o-reflexion-de-jose-roman-flecha\/"},"wordCount":599,"commentCount":0,"publisher":{"@id":"https:\/\/vincentians.com\/es\/#organization"},"image":{"@id":"http:\/\/vincentians.com\/es\/3o-domingo-de-t-o-reflexion-de-jose-roman-flecha\/#primaryimage"},"thumbnailUrl":"https:\/\/i0.wp.com\/vincentians.com\/es\/wp-content\/uploads\/sites\/11\/2016\/07\/reflexiones-palabra-de-dios.jpg?fit=1200%2C630","articleSection":["Homil\u00edas y reflexiones, A\u00f1o B"],"inLanguage":"es","potentialAction":[{"@type":"CommentAction","name":"Comment","target":["http:\/\/vincentians.com\/es\/3o-domingo-de-t-o-reflexion-de-jose-roman-flecha\/#respond"]}]},{"@type":"WebPage","@id":"http:\/\/vincentians.com\/es\/3o-domingo-de-t-o-reflexion-de-jose-roman-flecha\/","url":"http:\/\/vincentians.com\/es\/3o-domingo-de-t-o-reflexion-de-jose-roman-flecha\/","name":"3\u00ba Domingo de T.O. (reflexi\u00f3n de Jos\u00e9 Rom\u00e1n Flecha) - Somos Vicencianos","isPartOf":{"@id":"https:\/\/vincentians.com\/es\/#website"},"primaryImageOfPage":{"@id":"http:\/\/vincentians.com\/es\/3o-domingo-de-t-o-reflexion-de-jose-roman-flecha\/#primaryimage"},"image":{"@id":"http:\/\/vincentians.com\/es\/3o-domingo-de-t-o-reflexion-de-jose-roman-flecha\/#primaryimage"},"thumbnailUrl":"https:\/\/i0.wp.com\/vincentians.com\/es\/wp-content\/uploads\/sites\/11\/2016\/07\/reflexiones-palabra-de-dios.jpg?fit=1200%2C630","datePublished":"2015-01-20T05:40:20+00:00","dateModified":"2016-07-24T08:28:14+00:00","breadcrumb":{"@id":"http:\/\/vincentians.com\/es\/3o-domingo-de-t-o-reflexion-de-jose-roman-flecha\/#breadcrumb"},"inLanguage":"es","potentialAction":[{"@type":"ReadAction","target":["http:\/\/vincentians.com\/es\/3o-domingo-de-t-o-reflexion-de-jose-roman-flecha\/"]}]},{"@type":"ImageObject","inLanguage":"es","@id":"http:\/\/vincentians.com\/es\/3o-domingo-de-t-o-reflexion-de-jose-roman-flecha\/#primaryimage","url":"https:\/\/i0.wp.com\/vincentians.com\/es\/wp-content\/uploads\/sites\/11\/2016\/07\/reflexiones-palabra-de-dios.jpg?fit=1200%2C630","contentUrl":"https:\/\/i0.wp.com\/vincentians.com\/es\/wp-content\/uploads\/sites\/11\/2016\/07\/reflexiones-palabra-de-dios.jpg?fit=1200%2C630","width":1200,"height":630},{"@type":"BreadcrumbList","@id":"http:\/\/vincentians.com\/es\/3o-domingo-de-t-o-reflexion-de-jose-roman-flecha\/#breadcrumb","itemListElement":[{"@type":"ListItem","position":1,"name":"Portada","item":"https:\/\/vincentians.com\/es\/"},{"@type":"ListItem","position":2,"name":"3\u00ba Domingo de T.O. (reflexi\u00f3n de Jos\u00e9 Rom\u00e1n Flecha)"}]},{"@type":"WebSite","@id":"https:\/\/vincentians.com\/es\/#website","url":"https:\/\/vincentians.com\/es\/","name":"Somos Vicencianos","description":"Know more to serve more","publisher":{"@id":"https:\/\/vincentians.com\/es\/#organization"},"potentialAction":[{"@type":"SearchAction","target":{"@type":"EntryPoint","urlTemplate":"https:\/\/vincentians.com\/es\/?s={search_term_string}"},"query-input":{"@type":"PropertyValueSpecification","valueRequired":true,"valueName":"search_term_string"}}],"inLanguage":"es"},{"@type":"Organization","@id":"https:\/\/vincentians.com\/es\/#organization","name":"The Vincentian Network","url":"https:\/\/vincentians.com\/es\/","logo":{"@type":"ImageObject","inLanguage":"es","@id":"https:\/\/vincentians.com\/es\/#\/schema\/logo\/image\/","url":"https:\/\/i1.wp.com\/vincentians.com\/es\/wp-content\/uploads\/sites\/11\/2016\/06\/Vincentian-Network-logo-big.png?fit=778%2C778","contentUrl":"https:\/\/i1.wp.com\/vincentians.com\/es\/wp-content\/uploads\/sites\/11\/2016\/06\/Vincentian-Network-logo-big.png?fit=778%2C778","width":778,"height":778,"caption":"The Vincentian Network"},"image":{"@id":"https:\/\/vincentians.com\/es\/#\/schema\/logo\/image\/"},"sameAs":["https:\/\/www.facebook.com\/WeAreVincentians\/","https:\/\/x.com\/WeVincentians"]},{"@type":"Person","@id":"https:\/\/vincentians.com\/es\/#\/schema\/person\/9623ef4d9aa3b2dfb8c061f1499288f2","name":"Francisco Javier Fern\u00e1ndez Chento","image":{"@type":"ImageObject","inLanguage":"es","@id":"https:\/\/vincentians.com\/es\/#\/schema\/person\/image\/","url":"https:\/\/secure.gravatar.com\/avatar\/497d5cde87b4c3d097d0315953521681ba2cd523ee66e5077c3711f7021e65de?s=96&d=mm&r=g","contentUrl":"https:\/\/secure.gravatar.com\/avatar\/497d5cde87b4c3d097d0315953521681ba2cd523ee66e5077c3711f7021e65de?s=96&d=mm&r=g","caption":"Francisco Javier Fern\u00e1ndez Chento"},"description":"Director General y cofundador de La Red de Formaci\u00f3n Vicenciana. Javier es laico vicenciano, afiliado a la Congregaci\u00f3n de la Misi\u00f3n y miembro del Equipo de Misiones Populares de la provincia can\u00f3nica de Zaragoza (Espa\u00f1a) de la Congregaci\u00f3n de la Misi\u00f3n. Graduado en la Universidad Oberta de Catalunya con cuatro grados (Asistente de direcci\u00f3n, Gesti\u00f3n Administrativa, Recursos Humanos y Contabilidad Avanzada). Bil\u00edng\u00fce Espa\u00f1ol\/Ingl\u00e9s. gestiona y mantiene varias p\u00e1ginas web cristianas y vicencianas, incluida including La Red de Formaci\u00f3n Vicenciana, de la que es cofundador. Actualmente es responsable del \u00e1rea de Espa\u00f1ol de .famvin, la Red de Noticias de la Familia Vicenciana. Tambi\u00e9n es m\u00fasico cat\u00f3lico y ha editado varios discos. Es Director General y cofundador de Trovador, una reconocida compa\u00f1\u00eda discogr\u00e1fica critiana de Espa\u00f1a. Trabaja en las Tecnolog\u00edas de la Informaci\u00f3n, ofreciendo servicios de alojamiento, dise\u00f1o y mantenimiento Web, as\u00ed como asesoramiento, formaci\u00f3n y soluciones inform\u00e1ticas, gesti\u00f3n documental y digitalizaci\u00f3n de textos, edici\u00f3n y maquetaci\u00f3n de libros, revistas, flyers, etc.","sameAs":["http:\/\/chento.org","https:\/\/www.facebook.com\/JavierChento","https:\/\/x.com\/https:\/\/twitter.com\/javierchento"],"url":"http:\/\/vincentians.com\/es\/author\/chento\/"}]}},"jetpack_publicize_connections":[],"jetpack_featured_media_url":"https:\/\/i0.wp.com\/vincentians.com\/es\/wp-content\/uploads\/sites\/11\/2016\/07\/reflexiones-palabra-de-dios.jpg?fit=1200%2C630","jetpack_sharing_enabled":true,"jetpack_shortlink":"https:\/\/wp.me\/p7ETMF-zsL","jetpack-related-posts":[{"id":135670,"url":"http:\/\/vincentians.com\/es\/3o-domingo-de-t-o-reflexion-de-mario-yepez-c-m\/","url_meta":{"origin":136323,"position":0},"title":"3\u00ba domingo de T.O. (reflexi\u00f3n de Mario Y\u00e9pez, C.M.)","author":"Francisco Javier Fern\u00e1ndez Chento","date":"21\/01\/2012","format":false,"excerpt":"A diferencia de los dem\u00e1s evangelios, el evangelista Marcos elabora al comienzo de su narraci\u00f3n una presentaci\u00f3n de la persona de Jes\u00fas sin recurrir a relatos de su infancia o apelando a un himno que hable sobre su origen divino. Para \u00e9l, es preciso hilvanar el misterio de la identidad\u2026","rel":"","context":"En \u00abHomil\u00edas y reflexiones, A\u00f1o B\u00bb","block_context":{"text":"Homil\u00edas y reflexiones, A\u00f1o B","link":"http:\/\/vincentians.com\/es\/category\/homilias-y-reflexiones-a-la-palabra-de-dios\/homilias-y-reflexiones-ano-b\/"},"img":{"alt_text":"","src":"https:\/\/i0.wp.com\/vincentians.com\/es\/wp-content\/uploads\/sites\/11\/2016\/07\/reflexiones-palabra-de-dios.jpg?fit=1200%2C630&resize=350%2C200","width":350,"height":200,"srcset":"https:\/\/i0.wp.com\/vincentians.com\/es\/wp-content\/uploads\/sites\/11\/2016\/07\/reflexiones-palabra-de-dios.jpg?fit=1200%2C630&resize=350%2C200 1x, https:\/\/i0.wp.com\/vincentians.com\/es\/wp-content\/uploads\/sites\/11\/2016\/07\/reflexiones-palabra-de-dios.jpg?fit=1200%2C630&resize=525%2C300 1.5x, https:\/\/i0.wp.com\/vincentians.com\/es\/wp-content\/uploads\/sites\/11\/2016\/07\/reflexiones-palabra-de-dios.jpg?fit=1200%2C630&resize=700%2C400 2x, https:\/\/i0.wp.com\/vincentians.com\/es\/wp-content\/uploads\/sites\/11\/2016\/07\/reflexiones-palabra-de-dios.jpg?fit=1200%2C630&resize=1050%2C600 3x"},"classes":[]},{"id":136490,"url":"http:\/\/vincentians.com\/es\/3o-domingo-de-t-o-reflexion-de-la-s-s-v-p-en-espana\/","url_meta":{"origin":136323,"position":1},"title":"3\u00ba Domingo de T.O. (reflexi\u00f3n de la S.S.V.P. en Espa\u00f1a)","author":"Francisco Javier Fern\u00e1ndez Chento","date":"23\/01\/2015","format":false,"excerpt":"\"Nuestra vocaci\u00f3n consiste en ir... por toda la tierra... abrazar los corazones de los hombres, hacer lo que hizo el Hijo de Dios...\" (SV XII, 85 \/ ES XI, 391) Jon\u00e1s no se dirige a N\u00ednive como misionero, sino como ejecutor del juicio implacable de Dios sobre las naciones. Para\u2026","rel":"","context":"En \u00abHomil\u00edas y reflexiones, A\u00f1o B\u00bb","block_context":{"text":"Homil\u00edas y reflexiones, A\u00f1o B","link":"http:\/\/vincentians.com\/es\/category\/homilias-y-reflexiones-a-la-palabra-de-dios\/homilias-y-reflexiones-ano-b\/"},"img":{"alt_text":"","src":"https:\/\/i0.wp.com\/vincentians.com\/es\/wp-content\/uploads\/sites\/11\/2016\/07\/reflexiones-palabra-de-dios.jpg?fit=1200%2C630&resize=350%2C200","width":350,"height":200,"srcset":"https:\/\/i0.wp.com\/vincentians.com\/es\/wp-content\/uploads\/sites\/11\/2016\/07\/reflexiones-palabra-de-dios.jpg?fit=1200%2C630&resize=350%2C200 1x, https:\/\/i0.wp.com\/vincentians.com\/es\/wp-content\/uploads\/sites\/11\/2016\/07\/reflexiones-palabra-de-dios.jpg?fit=1200%2C630&resize=525%2C300 1.5x, https:\/\/i0.wp.com\/vincentians.com\/es\/wp-content\/uploads\/sites\/11\/2016\/07\/reflexiones-palabra-de-dios.jpg?fit=1200%2C630&resize=700%2C400 2x, https:\/\/i0.wp.com\/vincentians.com\/es\/wp-content\/uploads\/sites\/11\/2016\/07\/reflexiones-palabra-de-dios.jpg?fit=1200%2C630&resize=1050%2C600 3x"},"classes":[]},{"id":179098,"url":"http:\/\/vincentians.com\/es\/12o-domingo-de-t-o-reflexion-de-mario-yepez-c-m\/","url_meta":{"origin":136323,"position":2},"title":"12\u00ba Domingo de T.O. (reflexi\u00f3n de Mario Y\u00e9pez, C.M.)","author":"Francisco Javier Fern\u00e1ndez Chento","date":"17\/06\/2015","format":false,"excerpt":"El poder de confiar El pasaje del libro de Job que leemos en este domingo est\u00e1 tomado de la intervenci\u00f3n final de Dios luego del pedido de apelaci\u00f3n que lanz\u00f3 el justo sufriente al callar a sus amigos guardianes defensores de la teolog\u00eda de la retribuci\u00f3n. Dios habla con autoridad\u2026","rel":"","context":"En \u00abHomil\u00edas y reflexiones, A\u00f1o B\u00bb","block_context":{"text":"Homil\u00edas y reflexiones, A\u00f1o B","link":"http:\/\/vincentians.com\/es\/category\/homilias-y-reflexiones-a-la-palabra-de-dios\/homilias-y-reflexiones-ano-b\/"},"img":{"alt_text":"","src":"https:\/\/i0.wp.com\/vincentians.com\/es\/wp-content\/uploads\/sites\/11\/2016\/07\/reflexiones-palabra-de-dios.jpg?fit=1200%2C630&resize=350%2C200","width":350,"height":200,"srcset":"https:\/\/i0.wp.com\/vincentians.com\/es\/wp-content\/uploads\/sites\/11\/2016\/07\/reflexiones-palabra-de-dios.jpg?fit=1200%2C630&resize=350%2C200 1x, https:\/\/i0.wp.com\/vincentians.com\/es\/wp-content\/uploads\/sites\/11\/2016\/07\/reflexiones-palabra-de-dios.jpg?fit=1200%2C630&resize=525%2C300 1.5x, https:\/\/i0.wp.com\/vincentians.com\/es\/wp-content\/uploads\/sites\/11\/2016\/07\/reflexiones-palabra-de-dios.jpg?fit=1200%2C630&resize=700%2C400 2x, https:\/\/i0.wp.com\/vincentians.com\/es\/wp-content\/uploads\/sites\/11\/2016\/07\/reflexiones-palabra-de-dios.jpg?fit=1200%2C630&resize=1050%2C600 3x"},"classes":[]},{"id":1220,"url":"http:\/\/vincentians.com\/es\/3o-domingo-de-t-o-reflexion-de-julio-suescun-c-m\/","url_meta":{"origin":136323,"position":3},"title":"3\u00ba Domingo de T.O. (reflexi\u00f3n de Julio Suescun, C.M.)","author":"Francisco Javier Fern\u00e1ndez Chento","date":"17\/01\/2012","format":false,"excerpt":"Se ha cumplido el plazo En una sociedad como la nuestra, acostumbrada a comprar a plazos, entendemos bien lo que significa el apremio del cumplimiento de cada uno los plazos en que nos vemos implicados: hipoteca, lavadora, televisi\u00f3n\u2026 \u2026 A los ciudadanos de N\u00ednive, la ciudad perversa, prototipo de una\u2026","rel":"","context":"En \u00abHomil\u00edas y reflexiones, A\u00f1o B\u00bb","block_context":{"text":"Homil\u00edas y reflexiones, A\u00f1o B","link":"http:\/\/vincentians.com\/es\/category\/homilias-y-reflexiones-a-la-palabra-de-dios\/homilias-y-reflexiones-ano-b\/"},"img":{"alt_text":"","src":"https:\/\/i0.wp.com\/vincentians.com\/es\/wp-content\/uploads\/sites\/11\/2016\/07\/reflexiones-palabra-de-dios.jpg?fit=1200%2C630&resize=350%2C200","width":350,"height":200,"srcset":"https:\/\/i0.wp.com\/vincentians.com\/es\/wp-content\/uploads\/sites\/11\/2016\/07\/reflexiones-palabra-de-dios.jpg?fit=1200%2C630&resize=350%2C200 1x, https:\/\/i0.wp.com\/vincentians.com\/es\/wp-content\/uploads\/sites\/11\/2016\/07\/reflexiones-palabra-de-dios.jpg?fit=1200%2C630&resize=525%2C300 1.5x, https:\/\/i0.wp.com\/vincentians.com\/es\/wp-content\/uploads\/sites\/11\/2016\/07\/reflexiones-palabra-de-dios.jpg?fit=1200%2C630&resize=700%2C400 2x, https:\/\/i0.wp.com\/vincentians.com\/es\/wp-content\/uploads\/sites\/11\/2016\/07\/reflexiones-palabra-de-dios.jpg?fit=1200%2C630&resize=1050%2C600 3x"},"classes":[]},{"id":134443,"url":"http:\/\/vincentians.com\/es\/3o-domingo-de-tiempo-ordinario-reflexion-de-silviano-calderon-c-m\/","url_meta":{"origin":136323,"position":4},"title":"3\u00ba domingo de T.O. (reflexi\u00f3n de Silviano Calder\u00f3n, C.M.)","author":"Francisco Javier Fern\u00e1ndez Chento","date":"18\/01\/2015","format":false,"excerpt":"Jon 3,1-5.10\/Sal 24\/1 Cor 7,29-31\/Mc 1,14-20 El reino de Dios est\u00e1 cerca. Hoy celebramos la fiesta de la conversi\u00f3n de San Pablo, el gran ap\u00f3stol de los gentiles, fundador de comunidades, sembrador incansable del Evangelio. Tambi\u00e9n un d\u00eda como hoy naci\u00f3 una bella obra en la Iglesia. San Vicente de\u2026","rel":"","context":"En \u00abHomil\u00edas y reflexiones, A\u00f1o B\u00bb","block_context":{"text":"Homil\u00edas y reflexiones, A\u00f1o B","link":"http:\/\/vincentians.com\/es\/category\/homilias-y-reflexiones-a-la-palabra-de-dios\/homilias-y-reflexiones-ano-b\/"},"img":{"alt_text":"","src":"https:\/\/i0.wp.com\/vincentians.com\/es\/wp-content\/uploads\/sites\/11\/2016\/07\/reflexiones-palabra-de-dios.jpg?fit=1200%2C630&resize=350%2C200","width":350,"height":200,"srcset":"https:\/\/i0.wp.com\/vincentians.com\/es\/wp-content\/uploads\/sites\/11\/2016\/07\/reflexiones-palabra-de-dios.jpg?fit=1200%2C630&resize=350%2C200 1x, https:\/\/i0.wp.com\/vincentians.com\/es\/wp-content\/uploads\/sites\/11\/2016\/07\/reflexiones-palabra-de-dios.jpg?fit=1200%2C630&resize=525%2C300 1.5x, https:\/\/i0.wp.com\/vincentians.com\/es\/wp-content\/uploads\/sites\/11\/2016\/07\/reflexiones-palabra-de-dios.jpg?fit=1200%2C630&resize=700%2C400 2x, https:\/\/i0.wp.com\/vincentians.com\/es\/wp-content\/uploads\/sites\/11\/2016\/07\/reflexiones-palabra-de-dios.jpg?fit=1200%2C630&resize=1050%2C600 3x"},"classes":[]},{"id":136556,"url":"http:\/\/vincentians.com\/es\/3o-domingo-de-t-o-reflexion-de-jose-cervantes-gabarron-2\/","url_meta":{"origin":136323,"position":5},"title":"3\u00ba Domingo de T.O. (reflexi\u00f3n de Jos\u00e9 Cervantes Gabarr\u00f3n)","author":"Francisco Javier Fern\u00e1ndez Chento","date":"24\/01\/2015","format":false,"excerpt":"El Evangelio y el Reinado de Dios La palabra de Dios de este domingo proclama la\u00a0cercan\u00eda inminente del tiempo de Dios\u00a0presente en la historia humana que apela urgentemente a la\u00a0conversi\u00f3n\u00a0del coraz\u00f3n, al cambio de vida y de mentalidad para experimentar la alegr\u00eda del Reinado de Dios. Esto es lo que\u2026","rel":"","context":"En \u00abHomil\u00edas y reflexiones, A\u00f1o B\u00bb","block_context":{"text":"Homil\u00edas y reflexiones, A\u00f1o B","link":"http:\/\/vincentians.com\/es\/category\/homilias-y-reflexiones-a-la-palabra-de-dios\/homilias-y-reflexiones-ano-b\/"},"img":{"alt_text":"","src":"https:\/\/i0.wp.com\/vincentians.com\/es\/wp-content\/uploads\/sites\/11\/2016\/07\/reflexiones-palabra-de-dios.jpg?fit=1200%2C630&resize=350%2C200","width":350,"height":200,"srcset":"https:\/\/i0.wp.com\/vincentians.com\/es\/wp-content\/uploads\/sites\/11\/2016\/07\/reflexiones-palabra-de-dios.jpg?fit=1200%2C630&resize=350%2C200 1x, https:\/\/i0.wp.com\/vincentians.com\/es\/wp-content\/uploads\/sites\/11\/2016\/07\/reflexiones-palabra-de-dios.jpg?fit=1200%2C630&resize=525%2C300 1.5x, https:\/\/i0.wp.com\/vincentians.com\/es\/wp-content\/uploads\/sites\/11\/2016\/07\/reflexiones-palabra-de-dios.jpg?fit=1200%2C630&resize=700%2C400 2x, https:\/\/i0.wp.com\/vincentians.com\/es\/wp-content\/uploads\/sites\/11\/2016\/07\/reflexiones-palabra-de-dios.jpg?fit=1200%2C630&resize=1050%2C600 3x"},"classes":[]}],"_links":{"self":[{"href":"http:\/\/vincentians.com\/es\/wp-json\/wp\/v2\/posts\/136323","targetHints":{"allow":["GET"]}}],"collection":[{"href":"http:\/\/vincentians.com\/es\/wp-json\/wp\/v2\/posts"}],"about":[{"href":"http:\/\/vincentians.com\/es\/wp-json\/wp\/v2\/types\/post"}],"author":[{"embeddable":true,"href":"http:\/\/vincentians.com\/es\/wp-json\/wp\/v2\/users\/4"}],"replies":[{"embeddable":true,"href":"http:\/\/vincentians.com\/es\/wp-json\/wp\/v2\/comments?post=136323"}],"version-history":[{"count":0,"href":"http:\/\/vincentians.com\/es\/wp-json\/wp\/v2\/posts\/136323\/revisions"}],"wp:featuredmedia":[{"embeddable":true,"href":"http:\/\/vincentians.com\/es\/wp-json\/wp\/v2\/media\/388408"}],"wp:attachment":[{"href":"http:\/\/vincentians.com\/es\/wp-json\/wp\/v2\/media?parent=136323"}],"wp:term":[{"taxonomy":"category","embeddable":true,"href":"http:\/\/vincentians.com\/es\/wp-json\/wp\/v2\/categories?post=136323"},{"taxonomy":"post_tag","embeddable":true,"href":"http:\/\/vincentians.com\/es\/wp-json\/wp\/v2\/tags?post=136323"}],"curies":[{"name":"wp","href":"https:\/\/api.w.org\/{rel}","templated":true}]}}