{"id":135845,"date":"2013-03-22T12:00:16","date_gmt":"2013-03-22T11:00:16","guid":{"rendered":"http:\/\/somos.vicencianos.org\/comentarios\/2013\/03\/15\/5o-domingo-de-cuaresma-reflexion-de-jose-cervantes-gabarron-2\/"},"modified":"2016-07-24T10:27:25","modified_gmt":"2016-07-24T08:27:25","slug":"domingo-de-ramos-reflexion-de-jose-cervantes-gabarron","status":"publish","type":"post","link":"http:\/\/vincentians.com\/es\/domingo-de-ramos-reflexion-de-jose-cervantes-gabarron\/","title":{"rendered":"Domingo de Ramos (reflexi\u00f3n de Jos\u00e9 Cervantes Gabarr\u00f3n)"},"content":{"rendered":"<h2 align=\"center\"><strong><b><b><i><b><i><b><i><b><i><b><i><b><i><b><i><b><i><b><i>El Se\u00f1or Jes\u00fas, justo e inocente<\/i><\/b><\/i><\/b><\/i><\/b><\/i><\/b><\/i><\/b><\/i><\/b><\/i><\/b><\/i><\/b><\/i><\/b><\/b><\/strong><\/h2>\n<dl class=\"wp-caption alignright\" id=\"attachment_911\" style=\"width: 220px\">\n<dt class=\"wp-caption-dt\"><a href=\"https:\/\/i0.wp.com\/vicencianos.org\/comentarios\/files\/2011\/10\/Jose_Cervantes.jpg\"><img data-recalc-dims=\"1\" loading=\"lazy\" decoding=\"async\" class=\"size-medium wp-image-911\" title=\"Jose_Cervantes\" alt=\"\" src=\"https:\/\/i0.wp.com\/vicencianos.org\/comentarios\/files\/2011\/10\/Jose_Cervantes-210x300.jpg?resize=210%2C300\" width=\"210\" height=\"300\" \/><\/a><\/dt>\n<dd class=\"wp-caption-dd\">Jos\u00e9 Cervantes Gabarr\u00f3n, sacerdote misionero y profesor de Sagrada Escritura.<\/dd>\n<\/dl>\n<p>El mundo ha quedado sorprendido otra vez por la decisi\u00f3n del papa Francisco de celebrar la misa de la Cena del Se\u00f1or del pr\u00f3ximo Jueves santo en la Instituci\u00f3n Penal para Menores de Casal del Marmo y no en la bas\u00edlica de San Juan de Letr\u00e1n, como era habitual anteriormente. Me parece una forma magn\u00edfica de vivir la Pasi\u00f3n de Cristo seg\u00fan San Lucas. Reconocer a los inocentes y ponerse de parte de ellos, compartir con ellos la vida y la cruz, es lo que hizo con Jes\u00fas el que llamamos \u201cbuen ladr\u00f3n\u201d\u00a0 y por ello \u00e9ste aparece ante nosotros como ejemplo a imitar tras la lectura de la Pasi\u00f3n del domingo de Ramos. Los menores, todos los menores, incluso los que delinquen, en la perspectiva de la justicia de Dios son inocentes. Un menor que delinque es siempre una v\u00edctima, aun cuando desarrolle malas conductas, dignas siempre de toda reprobaci\u00f3n. Pero un menor siempre es m\u00e1s inocente que culpable. Ponerse de parte de los menores es ponerse de parte de las v\u00edctimas y es anteponer el Reinado de Dios a cualquier otra realidad humana. Y esto es lo que creo que hace el papa Francisco con este gesto prof\u00e9tico y discipular encomiable en el d\u00eda de Jueves Santo. Algo semejante hizo el pasado a\u00f1o el Cardenal Julio Terrazas en Santa Cruz de la Sierra, cuando visit\u00f3 el d\u00eda del Viernes Santo nuestra casa de ni\u00f1os de la calle, Oik\u00eda, y otros hogares de menores que sufren como v\u00edctimas las consecuencias de los m\u00faltiples males de esta sociedad injusta. Alentados por estos ejemplos, nos disponemos a vivir con intensidad la Semana Santa.<\/p>\n<p>&nbsp;<\/p>\n<p>El Domingo de Ramos al comienzo de la semana Santa ofrece dos motivos fundamentales para la celebraci\u00f3n de la comunidad cristiana: la manifestaci\u00f3n mesi\u00e1nica de Jes\u00fas en las inmediaciones de Jerusal\u00e9n y el gran relato b\u00edblico de la Pasi\u00f3n, ambos tomados este a\u00f1o del evangelio de Lucas. En el primer relato, lejos de las categor\u00edas de triunfalismo y de exaltaci\u00f3n del poder del supuesto mes\u00edas esperado por Israel, el evangelio de Lucas presenta a Jes\u00fas como Se\u00f1or y como Mes\u00edas, pero de manera sorprendente. La soberan\u00eda de Jes\u00fas es la de la humildad y la sencillez. Su grandeza es la de ser servidor de los otros y su autoridad la del que va a ser crucificado para revelarnos d\u00f3nde y c\u00f3mo podemos encontrarnos con Dios en esta tierra.<\/p>\n<p>&nbsp;<\/p>\n<p>Tampoco en Lucas hay una \u201centrada triunfal en Jerusal\u00e9n\u201d, sino un acercamiento mesi\u00e1nico de Jes\u00fas, m\u00e1s bien dram\u00e1tico, a la ciudad, que le conducir\u00e1 a la cruz, tras un conflicto de muerte. (Lc 19,29-40). El se\u00f1or\u00edo real de Jes\u00fas queda patente ante los disc\u00edpulos, que realizan su mandato de proporcionar un pollino para la realizaci\u00f3n de un gesto mesi\u00e1nico simb\u00f3lico de car\u00e1cter prof\u00e9tico (cf. Zac 9,9). La dignidad mesi\u00e1nica se muestra cuando Jes\u00fas es entronizado como un rey sobre el pollino. \u00c9ste es un animal digno y majestuoso, pero a la vez sencillo, humilde y pac\u00edfico. El pollino no es tratado aqu\u00ed como un animal de carga, sino como el que sirve para realzar la figura de Jes\u00fas. Pero no se trata de un caballo, poderoso y violento, como corresponde a los reyes de la tierra. Asimismo la manifestaci\u00f3n popular entusiasta no consiste en un desfile militar sino en una alegr\u00eda espont\u00e1nea de seguidores, que esperan al que viene en nombre del Se\u00f1or, pero incorporando la aclamaci\u00f3n de Jes\u00fas como rey. En esa multitud de disc\u00edpulos puede quedar representada la humanidad de los humildes y sencillos que, lejos del poder establecido, anhelan la llegada del Se\u00f1or y Salvador, de un rey verdaderamente justo en quien se cumple el mensaje de los profetas y cuya gloria real no pueden sofocar los poderosos de este mundo. La multitud da gloria a Dios por todo lo que han visto en \u00e9l. En realidad la escena no transcurre en Jerusal\u00e9n sino en el monte que est\u00e1 enfrente de Jerusal\u00e9n, m\u00e1s exactamente frente al templo. Y en confrontaci\u00f3n con el templo es como se plantea el mesianismo de Jes\u00fas, el cual prosigue su recorrido hasta Jerusal\u00e9n. Pero hay una escena lucana (Lc 19,41-44) que sigue a la lectura lit\u00fargica, que es relevante para mostrar la compasi\u00f3n y la misericordia de Jes\u00fas hacia la ciudad. En el descenso del monte de los Olivos hasta el torrente Cedr\u00f3n, para subir a Jerusal\u00e9n, desde un punto panor\u00e1mico de extraordinaria belleza, Jes\u00fas, al contemplar la ciudad\u2026 llor\u00f3 por ella, porque no reconoci\u00f3 el momento de su venida. Jes\u00fas empez\u00f3 as\u00ed su Pasi\u00f3n por Jerusal\u00e9n, como el Mes\u00edas que ama a su pueblo, pero \u00e9ste ni percibe ni valora lo que significa la visita de su Dios ni la forma en que \u00e9sta se ha realizado. Jerusal\u00e9n no acepta a un Dios justo y misericordioso cuyo Rey es este Jes\u00fas que contemplamos en la narraci\u00f3n de la Pasi\u00f3n, como v\u00edctima justa e inocente. Por eso llor\u00f3 Jes\u00fas, no por s\u00ed mismo, ni por lo que se le ven\u00eda encima, sino por su gente y su perdici\u00f3n. Despu\u00e9s Jes\u00fas entr\u00f3 en el templo de Jerusal\u00e9n y realiz\u00f3 la acci\u00f3n prof\u00e9tica de la purificaci\u00f3n del templo como expresi\u00f3n de la necesidad de un cambio total de orientaci\u00f3n en la vida religiosa de su pueblo.<\/p>\n<p>&nbsp;<\/p>\n<p>El relato de la Pasi\u00f3n en Lucas revela la tensi\u00f3n dram\u00e1tica de todos los Evangelios. Sus temas fundamentales son tambi\u00e9n la identidad de Jes\u00fas y el templo, cuyo velo, desgarrado en dos antes de la muerte de Jes\u00fas, muestra la ineficacia y caducidad de dicha instituci\u00f3n religiosa para seguir representando el espacio de la presencia de Dios en esta tierra. Acerca de la identidad de Jes\u00fas queda patente que es Mes\u00edas e Hijo de Dios. Pero Lucas pone un \u00e9nfasis especial al destacar al Se\u00f1or como Justo por antonomasia. De ah\u00ed los m\u00faltiples lugares donde se resalta la inocencia de Jes\u00fas. Pilato lo prueba y lo comprueba hasta decidir su liberaci\u00f3n. Las palabras del centuri\u00f3n pagano al pie de la cruz constituyen la revelaci\u00f3n m\u00e1s solemne de todo el evangelio de Lucas: <i>\u201cRealmente este hombre era justo\u201d<\/i> (Lc 23,47). El paso decisivo para convertirse en disc\u00edpulo de Jes\u00fas es hacer lo mismo que hizo el buen ladr\u00f3n estando ya en la cruz: reconocer la propia culpa y proclamar la inocencia de Jes\u00fas poni\u00e9ndose a favor de \u00e9l como v\u00edctima injusta. Para tener parte en el Reino es preciso ponerse de parte de las v\u00edctimas, por el mero hecho de ser tales, como hab\u00eda hecho Jes\u00fas con la ad\u00faltera. Jes\u00fas est\u00e1 en la cruz y es el Rey justo, porque es el Se\u00f1or de la misericordia. Al contemplar tal misterio la multitud se convierte a Dios. S\u00f3lo con esta concentraci\u00f3n de la mirada hacia Jes\u00fas en la cruz y, con \u00e9l, hacia todas las v\u00edctimas de la injusticia y los sufrientes de este mundo, se producir\u00e1\u00a0 en nosotros la aut\u00e9ntica conversi\u00f3n y el verdadero cambio de mentalidad y de comprensi\u00f3n del Mes\u00edas que nos ped\u00eda el evangelio al principio de la Cuaresma.<\/p>\n<p>&nbsp;<\/p>\n<p>Jes\u00fas ha sido entronizado y aclamado como rey, pero \u00e9l viene en nombre del Se\u00f1or. No nos equivoquemos de reino. Este rey es el hombre inocente y justo, Jes\u00fas en la cruz, que, en medio del espect\u00e1culo inhumano, violento e injusto, consuma su fidelidad al Padre, su entrega definitiva realizada ya por \u00e9l en Getseman\u00ed. Getseman\u00ed es el momento de su Pasi\u00f3n interior, es la gran tensi\u00f3n dram\u00e1tica de Lucas. Jes\u00fas se abre en oraci\u00f3n intensa al Esp\u00edritu de Dios y all\u00ed es donde asume la voluntad del Padre de que en \u00e9l se realice el plan de salvaci\u00f3n mediante el amor misericordioso que toma cuerpo en su cuerpo inocente, entregado por todos como expresi\u00f3n de la Nueva Alianza de Dios con la humanidad. A partir de Getseman\u00ed Jes\u00fas va como un Se\u00f1or hacia la Cruz. En Lucas el drama del proceso se ha transformado en una presentaci\u00f3n ejemplar de Jes\u00fas como maestro de bondad, de inocencia y de justicia y es el Se\u00f1or que da el gran ejemplo de la entrega de la vida para todo disc\u00edpulo.<\/p>\n<p>&nbsp;<\/p>\n<p>Otras dos notas pueden caracterizar la lectura de la Pasi\u00f3n de Lucas. La relaci\u00f3n de Jes\u00fas con el Padre y con la diversidad de personajes del relato. La oraci\u00f3n, como vivencia fundamental de Jes\u00fas desde su vinculaci\u00f3n y relaci\u00f3n \u00edntima con el Padre, transforma en sacrificio eucar\u00edstico el sufrimiento de su cuerpo, convirtiendo en proceso de vida el proceso de muerte al que est\u00e1 sometido. Desde la oraci\u00f3n confiada al Padre, la cruz ser\u00e1 el nuevo templo y el nuevo altar de la relaci\u00f3n con Dios. El crucificado consuma el amor de la misericordia en su oraci\u00f3n y transforma el odio en perd\u00f3n: De sus palabras \u201c<i>Padre, perd\u00f3nalos pues no saben lo que hacen\u201d<\/i> (Lc 23,34) recibimos la capacidad para perdonar, incluso a los enemigos, y tambi\u00e9n la audacia para proclamar siempre la verdad. En las dirigidas al buen ladr\u00f3n \u201c<i>De veras te digo: Hoy estar\u00e1s conmigo en el Para\u00edso\u201d<\/i> (Lc 23,43)<i> <\/i>percibimos la salvaci\u00f3n que lleva consigo la defensa de las v\u00edctimas inocentes, el apoyo a la causa de los justos y el reconocimiento de la propia culpa. Jes\u00fas hace de la solidaridad con las v\u00edctimas y con los crucificados del mundo la m\u00e1s viva e inmediata expresi\u00f3n de la participaci\u00f3n en su Reino. Y a punto de morir en la cruz, podemos percibir que Jes\u00fas ha transformado ya la muerte en vida y, m\u00e1s all\u00e1 del car\u00e1cter dram\u00e1tico, los disc\u00edpulos percibimos la serenidad y la paz de Cristo por su misi\u00f3n bien cumplida, la de anunciar el Reino de Dios y su misericordia, que le permite decir finalmente <i>\u201cPadre, a tus manos, encomiendo mi esp\u00edritu\u201d <\/i>(Lc 23,46).<\/p>\n<p>En el relato lucano de la Pasi\u00f3n aparecen muchos m\u00e1s personajes que en otros evangelios, y todos se retratan tomando diferentes posturas ante el inocente cuya bondad desenmascara toda hipocres\u00eda. Ellos pueden servirnos de referencia para nuestra meditaci\u00f3n en la Semana Santa. En nuestra relaci\u00f3n con Jes\u00fas y en la vivencia del v\u00eda crucis de este mundo, ante la multitud de v\u00edctimas inocentes en esta tierra, sabiendo que la persona de Jes\u00fas con su palabra, su mirada o su presencia siempre nos interpela, podr\u00edamos preguntarnos a qu\u00e9 personaje o personajes de la Pasi\u00f3n nos parecemos m\u00e1s:<\/p>\n<p>\u00bfA Judas el traidor interesado? \u00bfA Pedro, el fanfarr\u00f3n y despu\u00e9s arrepentido?<\/p>\n<p>\u00bfAl que se beneficia de la bondad de Jes\u00fas, sin respuesta personal alguna, como el desorejado y curado?<\/p>\n<p>\u00bfA los dirigentes religiosos del entorno del templo, a los que les estorba este tipo de Mes\u00edas, justo e inocente, y servidor de todos?<\/p>\n<p>\u00bfA Pilato, el pol\u00edtico populista, que traiciona la verdad? \u00bfA Herodes, el curioso y superficial?<\/p>\n<p>\u00bfA las mujeres piadosas y sentimentalistas, pero inconscientes de los dramas de sus hijos?<\/p>\n<p>\u00bfAl pecador, arrepentido, digno y solidario, como el buen ladr\u00f3n?<\/p>\n<p>\u00bfAl condenado insolente que se burla como todos los dem\u00e1s?<\/p>\n<p>\u00bfAl que ayuda a llevar la cruz de los otros, como el Cireneo?<\/p>\n<p>\u00bfA la multitud impersonal, convertida en masa, la mayor\u00eda manipulada por los poderosos de turno?<\/p>\n<p>\u00bfA la persona que, como el centuri\u00f3n, abre los ojos para contemplar en profundidad lo que realmente est\u00e1 pasando en la cruz?<\/p>\n<p>\u00bfA las mujeres disc\u00edpulas que siguen all\u00ed presentes, hasta el final, acompa\u00f1ando a Jes\u00fas incluso cuando ya est\u00e1 muerto?<\/p>\n<p>\u00bfO a Jes\u00fas, que vive el sufrimiento como entrega en el amor a la voluntad de Dios haciendo siempre el bien al pr\u00f3jimo samaritano?<\/p>\n<p>Y finalmente \u00bfen qu\u00e9 debo cambiar yo para ser un verdadero disc\u00edpulo de Jes\u00fas?<\/p>\n","protected":false},"excerpt":{"rendered":"<p>El Se\u00f1or Jes\u00fas, justo e inocente Jos\u00e9 Cervantes Gabarr\u00f3n, sacerdote misionero y profesor de Sagrada Escritura. El mundo ha quedado sorprendido otra vez por la decisi\u00f3n del papa Francisco de celebrar la misa de la &#8230; <a href=\"http:\/\/vincentians.com\/es\/domingo-de-ramos-reflexion-de-jose-cervantes-gabarron\/\" class=\"more-link\">Read More<\/a><\/p>\n","protected":false},"author":4,"featured_media":388408,"comment_status":"open","ping_status":"open","sticky":false,"template":"","format":"standard","meta":{"jetpack_post_was_ever_published":false,"_jetpack_newsletter_access":"","_jetpack_dont_email_post_to_subs":false,"_jetpack_newsletter_tier_id":0,"_jetpack_memberships_contains_paywalled_content":false,"_jetpack_memberships_contains_paid_content":false,"footnotes":"","jetpack_publicize_message":"","jetpack_publicize_feature_enabled":true,"jetpack_social_post_already_shared":true,"jetpack_social_options":{"image_generator_settings":{"template":"highway","default_image_id":0,"font":"","enabled":false},"version":2}},"categories":[94],"tags":[],"class_list":["post-135845","post","type-post","status-publish","format-standard","has-post-thumbnail","hentry","category-homilias-y-reflexiones-ano-c"],"yoast_head":"<!-- This site is optimized with the Yoast SEO plugin v26.3 - https:\/\/yoast.com\/wordpress\/plugins\/seo\/ -->\n<title>Domingo de Ramos (reflexi\u00f3n de Jos\u00e9 Cervantes Gabarr\u00f3n) - Somos Vicencianos<\/title>\n<meta name=\"robots\" content=\"index, follow, max-snippet:-1, max-image-preview:large, max-video-preview:-1\" \/>\n<link rel=\"canonical\" href=\"http:\/\/vincentians.com\/es\/domingo-de-ramos-reflexion-de-jose-cervantes-gabarron\/\" \/>\n<meta property=\"og:locale\" content=\"es_ES\" \/>\n<meta property=\"og:type\" content=\"article\" \/>\n<meta property=\"og:title\" content=\"Domingo de Ramos (reflexi\u00f3n de Jos\u00e9 Cervantes Gabarr\u00f3n) - Somos Vicencianos\" \/>\n<meta property=\"og:description\" content=\"El Se\u00f1or Jes\u00fas, justo e inocente Jos\u00e9 Cervantes Gabarr\u00f3n, sacerdote misionero y profesor de Sagrada Escritura. El mundo ha quedado sorprendido otra vez por la decisi\u00f3n del papa Francisco de celebrar la misa de la ... Read More\" \/>\n<meta property=\"og:url\" content=\"http:\/\/vincentians.com\/es\/domingo-de-ramos-reflexion-de-jose-cervantes-gabarron\/\" \/>\n<meta property=\"og:site_name\" content=\"Somos Vicencianos\" \/>\n<meta property=\"article:publisher\" content=\"https:\/\/www.facebook.com\/WeAreVincentians\/\" \/>\n<meta property=\"article:author\" content=\"https:\/\/www.facebook.com\/JavierChento\" \/>\n<meta property=\"article:published_time\" content=\"2013-03-22T11:00:16+00:00\" \/>\n<meta property=\"article:modified_time\" content=\"2016-07-24T08:27:25+00:00\" \/>\n<meta property=\"og:image\" content=\"https:\/\/i0.wp.com\/vincentians.com\/es\/wp-content\/uploads\/sites\/11\/2016\/07\/reflexiones-palabra-de-dios.jpg?fit=1200%2C630\" \/>\n\t<meta property=\"og:image:width\" content=\"1200\" \/>\n\t<meta property=\"og:image:height\" content=\"630\" \/>\n\t<meta property=\"og:image:type\" content=\"image\/jpeg\" \/>\n<meta name=\"author\" content=\"Francisco Javier Fern\u00e1ndez Chento\" \/>\n<meta name=\"twitter:card\" content=\"summary_large_image\" \/>\n<meta name=\"twitter:creator\" content=\"@https:\/\/twitter.com\/javierchento\" \/>\n<meta name=\"twitter:site\" content=\"@WeVincentians\" \/>\n<meta name=\"twitter:label1\" content=\"Escrito por\" \/>\n\t<meta name=\"twitter:data1\" content=\"Francisco Javier Fern\u00e1ndez Chento\" \/>\n\t<meta name=\"twitter:label2\" content=\"Tiempo de lectura\" \/>\n\t<meta name=\"twitter:data2\" content=\"11 minutos\" \/>\n<script type=\"application\/ld+json\" class=\"yoast-schema-graph\">{\"@context\":\"https:\/\/schema.org\",\"@graph\":[{\"@type\":\"Article\",\"@id\":\"http:\/\/vincentians.com\/es\/domingo-de-ramos-reflexion-de-jose-cervantes-gabarron\/#article\",\"isPartOf\":{\"@id\":\"http:\/\/vincentians.com\/es\/domingo-de-ramos-reflexion-de-jose-cervantes-gabarron\/\"},\"author\":{\"name\":\"Francisco Javier Fern\u00e1ndez Chento\",\"@id\":\"https:\/\/vincentians.com\/es\/#\/schema\/person\/9623ef4d9aa3b2dfb8c061f1499288f2\"},\"headline\":\"Domingo de Ramos (reflexi\u00f3n de Jos\u00e9 Cervantes Gabarr\u00f3n)\",\"datePublished\":\"2013-03-22T11:00:16+00:00\",\"dateModified\":\"2016-07-24T08:27:25+00:00\",\"mainEntityOfPage\":{\"@id\":\"http:\/\/vincentians.com\/es\/domingo-de-ramos-reflexion-de-jose-cervantes-gabarron\/\"},\"wordCount\":2160,\"commentCount\":0,\"publisher\":{\"@id\":\"https:\/\/vincentians.com\/es\/#organization\"},\"image\":{\"@id\":\"http:\/\/vincentians.com\/es\/domingo-de-ramos-reflexion-de-jose-cervantes-gabarron\/#primaryimage\"},\"thumbnailUrl\":\"https:\/\/i0.wp.com\/vincentians.com\/es\/wp-content\/uploads\/sites\/11\/2016\/07\/reflexiones-palabra-de-dios.jpg?fit=1200%2C630\",\"articleSection\":[\"Homil\u00edas y reflexiones, A\u00f1o C\"],\"inLanguage\":\"es\",\"potentialAction\":[{\"@type\":\"CommentAction\",\"name\":\"Comment\",\"target\":[\"http:\/\/vincentians.com\/es\/domingo-de-ramos-reflexion-de-jose-cervantes-gabarron\/#respond\"]}]},{\"@type\":\"WebPage\",\"@id\":\"http:\/\/vincentians.com\/es\/domingo-de-ramos-reflexion-de-jose-cervantes-gabarron\/\",\"url\":\"http:\/\/vincentians.com\/es\/domingo-de-ramos-reflexion-de-jose-cervantes-gabarron\/\",\"name\":\"Domingo de Ramos (reflexi\u00f3n de Jos\u00e9 Cervantes Gabarr\u00f3n) - Somos Vicencianos\",\"isPartOf\":{\"@id\":\"https:\/\/vincentians.com\/es\/#website\"},\"primaryImageOfPage\":{\"@id\":\"http:\/\/vincentians.com\/es\/domingo-de-ramos-reflexion-de-jose-cervantes-gabarron\/#primaryimage\"},\"image\":{\"@id\":\"http:\/\/vincentians.com\/es\/domingo-de-ramos-reflexion-de-jose-cervantes-gabarron\/#primaryimage\"},\"thumbnailUrl\":\"https:\/\/i0.wp.com\/vincentians.com\/es\/wp-content\/uploads\/sites\/11\/2016\/07\/reflexiones-palabra-de-dios.jpg?fit=1200%2C630\",\"datePublished\":\"2013-03-22T11:00:16+00:00\",\"dateModified\":\"2016-07-24T08:27:25+00:00\",\"breadcrumb\":{\"@id\":\"http:\/\/vincentians.com\/es\/domingo-de-ramos-reflexion-de-jose-cervantes-gabarron\/#breadcrumb\"},\"inLanguage\":\"es\",\"potentialAction\":[{\"@type\":\"ReadAction\",\"target\":[\"http:\/\/vincentians.com\/es\/domingo-de-ramos-reflexion-de-jose-cervantes-gabarron\/\"]}]},{\"@type\":\"ImageObject\",\"inLanguage\":\"es\",\"@id\":\"http:\/\/vincentians.com\/es\/domingo-de-ramos-reflexion-de-jose-cervantes-gabarron\/#primaryimage\",\"url\":\"https:\/\/i0.wp.com\/vincentians.com\/es\/wp-content\/uploads\/sites\/11\/2016\/07\/reflexiones-palabra-de-dios.jpg?fit=1200%2C630\",\"contentUrl\":\"https:\/\/i0.wp.com\/vincentians.com\/es\/wp-content\/uploads\/sites\/11\/2016\/07\/reflexiones-palabra-de-dios.jpg?fit=1200%2C630\",\"width\":1200,\"height\":630},{\"@type\":\"BreadcrumbList\",\"@id\":\"http:\/\/vincentians.com\/es\/domingo-de-ramos-reflexion-de-jose-cervantes-gabarron\/#breadcrumb\",\"itemListElement\":[{\"@type\":\"ListItem\",\"position\":1,\"name\":\"Portada\",\"item\":\"https:\/\/vincentians.com\/es\/\"},{\"@type\":\"ListItem\",\"position\":2,\"name\":\"Domingo de Ramos (reflexi\u00f3n de Jos\u00e9 Cervantes Gabarr\u00f3n)\"}]},{\"@type\":\"WebSite\",\"@id\":\"https:\/\/vincentians.com\/es\/#website\",\"url\":\"https:\/\/vincentians.com\/es\/\",\"name\":\"Somos Vicencianos\",\"description\":\"Know more to serve more\",\"publisher\":{\"@id\":\"https:\/\/vincentians.com\/es\/#organization\"},\"potentialAction\":[{\"@type\":\"SearchAction\",\"target\":{\"@type\":\"EntryPoint\",\"urlTemplate\":\"https:\/\/vincentians.com\/es\/?s={search_term_string}\"},\"query-input\":{\"@type\":\"PropertyValueSpecification\",\"valueRequired\":true,\"valueName\":\"search_term_string\"}}],\"inLanguage\":\"es\"},{\"@type\":\"Organization\",\"@id\":\"https:\/\/vincentians.com\/es\/#organization\",\"name\":\"The Vincentian Network\",\"url\":\"https:\/\/vincentians.com\/es\/\",\"logo\":{\"@type\":\"ImageObject\",\"inLanguage\":\"es\",\"@id\":\"https:\/\/vincentians.com\/es\/#\/schema\/logo\/image\/\",\"url\":\"https:\/\/i1.wp.com\/vincentians.com\/es\/wp-content\/uploads\/sites\/11\/2016\/06\/Vincentian-Network-logo-big.png?fit=778%2C778\",\"contentUrl\":\"https:\/\/i1.wp.com\/vincentians.com\/es\/wp-content\/uploads\/sites\/11\/2016\/06\/Vincentian-Network-logo-big.png?fit=778%2C778\",\"width\":778,\"height\":778,\"caption\":\"The Vincentian Network\"},\"image\":{\"@id\":\"https:\/\/vincentians.com\/es\/#\/schema\/logo\/image\/\"},\"sameAs\":[\"https:\/\/www.facebook.com\/WeAreVincentians\/\",\"https:\/\/x.com\/WeVincentians\"]},{\"@type\":\"Person\",\"@id\":\"https:\/\/vincentians.com\/es\/#\/schema\/person\/9623ef4d9aa3b2dfb8c061f1499288f2\",\"name\":\"Francisco Javier Fern\u00e1ndez Chento\",\"image\":{\"@type\":\"ImageObject\",\"inLanguage\":\"es\",\"@id\":\"https:\/\/vincentians.com\/es\/#\/schema\/person\/image\/\",\"url\":\"https:\/\/secure.gravatar.com\/avatar\/497d5cde87b4c3d097d0315953521681ba2cd523ee66e5077c3711f7021e65de?s=96&d=mm&r=g\",\"contentUrl\":\"https:\/\/secure.gravatar.com\/avatar\/497d5cde87b4c3d097d0315953521681ba2cd523ee66e5077c3711f7021e65de?s=96&d=mm&r=g\",\"caption\":\"Francisco Javier Fern\u00e1ndez Chento\"},\"description\":\"Director General y cofundador de La Red de Formaci\u00f3n Vicenciana. Javier es laico vicenciano, afiliado a la Congregaci\u00f3n de la Misi\u00f3n y miembro del Equipo de Misiones Populares de la provincia can\u00f3nica de Zaragoza (Espa\u00f1a) de la Congregaci\u00f3n de la Misi\u00f3n. Graduado en la Universidad Oberta de Catalunya con cuatro grados (Asistente de direcci\u00f3n, Gesti\u00f3n Administrativa, Recursos Humanos y Contabilidad Avanzada). Bil\u00edng\u00fce Espa\u00f1ol\/Ingl\u00e9s. gestiona y mantiene varias p\u00e1ginas web cristianas y vicencianas, incluida including La Red de Formaci\u00f3n Vicenciana, de la que es cofundador. Actualmente es responsable del \u00e1rea de Espa\u00f1ol de .famvin, la Red de Noticias de la Familia Vicenciana. Tambi\u00e9n es m\u00fasico cat\u00f3lico y ha editado varios discos. Es Director General y cofundador de Trovador, una reconocida compa\u00f1\u00eda discogr\u00e1fica critiana de Espa\u00f1a. Trabaja en las Tecnolog\u00edas de la Informaci\u00f3n, ofreciendo servicios de alojamiento, dise\u00f1o y mantenimiento Web, as\u00ed como asesoramiento, formaci\u00f3n y soluciones inform\u00e1ticas, gesti\u00f3n documental y digitalizaci\u00f3n de textos, edici\u00f3n y maquetaci\u00f3n de libros, revistas, flyers, etc.\",\"sameAs\":[\"http:\/\/chento.org\",\"https:\/\/www.facebook.com\/JavierChento\",\"https:\/\/x.com\/https:\/\/twitter.com\/javierchento\"],\"url\":\"http:\/\/vincentians.com\/es\/author\/chento\/\"}]}<\/script>\n<!-- \/ Yoast SEO plugin. -->","yoast_head_json":{"title":"Domingo de Ramos (reflexi\u00f3n de Jos\u00e9 Cervantes Gabarr\u00f3n) - Somos Vicencianos","robots":{"index":"index","follow":"follow","max-snippet":"max-snippet:-1","max-image-preview":"max-image-preview:large","max-video-preview":"max-video-preview:-1"},"canonical":"http:\/\/vincentians.com\/es\/domingo-de-ramos-reflexion-de-jose-cervantes-gabarron\/","og_locale":"es_ES","og_type":"article","og_title":"Domingo de Ramos (reflexi\u00f3n de Jos\u00e9 Cervantes Gabarr\u00f3n) - Somos Vicencianos","og_description":"El Se\u00f1or Jes\u00fas, justo e inocente Jos\u00e9 Cervantes Gabarr\u00f3n, sacerdote misionero y profesor de Sagrada Escritura. El mundo ha quedado sorprendido otra vez por la decisi\u00f3n del papa Francisco de celebrar la misa de la ... Read More","og_url":"http:\/\/vincentians.com\/es\/domingo-de-ramos-reflexion-de-jose-cervantes-gabarron\/","og_site_name":"Somos Vicencianos","article_publisher":"https:\/\/www.facebook.com\/WeAreVincentians\/","article_author":"https:\/\/www.facebook.com\/JavierChento","article_published_time":"2013-03-22T11:00:16+00:00","article_modified_time":"2016-07-24T08:27:25+00:00","og_image":[{"width":1200,"height":630,"url":"https:\/\/i0.wp.com\/vincentians.com\/es\/wp-content\/uploads\/sites\/11\/2016\/07\/reflexiones-palabra-de-dios.jpg?fit=1200%2C630","type":"image\/jpeg"}],"author":"Francisco Javier Fern\u00e1ndez Chento","twitter_card":"summary_large_image","twitter_creator":"@https:\/\/twitter.com\/javierchento","twitter_site":"@WeVincentians","twitter_misc":{"Escrito por":"Francisco Javier Fern\u00e1ndez Chento","Tiempo de lectura":"11 minutos"},"schema":{"@context":"https:\/\/schema.org","@graph":[{"@type":"Article","@id":"http:\/\/vincentians.com\/es\/domingo-de-ramos-reflexion-de-jose-cervantes-gabarron\/#article","isPartOf":{"@id":"http:\/\/vincentians.com\/es\/domingo-de-ramos-reflexion-de-jose-cervantes-gabarron\/"},"author":{"name":"Francisco Javier Fern\u00e1ndez Chento","@id":"https:\/\/vincentians.com\/es\/#\/schema\/person\/9623ef4d9aa3b2dfb8c061f1499288f2"},"headline":"Domingo de Ramos (reflexi\u00f3n de Jos\u00e9 Cervantes Gabarr\u00f3n)","datePublished":"2013-03-22T11:00:16+00:00","dateModified":"2016-07-24T08:27:25+00:00","mainEntityOfPage":{"@id":"http:\/\/vincentians.com\/es\/domingo-de-ramos-reflexion-de-jose-cervantes-gabarron\/"},"wordCount":2160,"commentCount":0,"publisher":{"@id":"https:\/\/vincentians.com\/es\/#organization"},"image":{"@id":"http:\/\/vincentians.com\/es\/domingo-de-ramos-reflexion-de-jose-cervantes-gabarron\/#primaryimage"},"thumbnailUrl":"https:\/\/i0.wp.com\/vincentians.com\/es\/wp-content\/uploads\/sites\/11\/2016\/07\/reflexiones-palabra-de-dios.jpg?fit=1200%2C630","articleSection":["Homil\u00edas y reflexiones, A\u00f1o C"],"inLanguage":"es","potentialAction":[{"@type":"CommentAction","name":"Comment","target":["http:\/\/vincentians.com\/es\/domingo-de-ramos-reflexion-de-jose-cervantes-gabarron\/#respond"]}]},{"@type":"WebPage","@id":"http:\/\/vincentians.com\/es\/domingo-de-ramos-reflexion-de-jose-cervantes-gabarron\/","url":"http:\/\/vincentians.com\/es\/domingo-de-ramos-reflexion-de-jose-cervantes-gabarron\/","name":"Domingo de Ramos (reflexi\u00f3n de Jos\u00e9 Cervantes Gabarr\u00f3n) - Somos Vicencianos","isPartOf":{"@id":"https:\/\/vincentians.com\/es\/#website"},"primaryImageOfPage":{"@id":"http:\/\/vincentians.com\/es\/domingo-de-ramos-reflexion-de-jose-cervantes-gabarron\/#primaryimage"},"image":{"@id":"http:\/\/vincentians.com\/es\/domingo-de-ramos-reflexion-de-jose-cervantes-gabarron\/#primaryimage"},"thumbnailUrl":"https:\/\/i0.wp.com\/vincentians.com\/es\/wp-content\/uploads\/sites\/11\/2016\/07\/reflexiones-palabra-de-dios.jpg?fit=1200%2C630","datePublished":"2013-03-22T11:00:16+00:00","dateModified":"2016-07-24T08:27:25+00:00","breadcrumb":{"@id":"http:\/\/vincentians.com\/es\/domingo-de-ramos-reflexion-de-jose-cervantes-gabarron\/#breadcrumb"},"inLanguage":"es","potentialAction":[{"@type":"ReadAction","target":["http:\/\/vincentians.com\/es\/domingo-de-ramos-reflexion-de-jose-cervantes-gabarron\/"]}]},{"@type":"ImageObject","inLanguage":"es","@id":"http:\/\/vincentians.com\/es\/domingo-de-ramos-reflexion-de-jose-cervantes-gabarron\/#primaryimage","url":"https:\/\/i0.wp.com\/vincentians.com\/es\/wp-content\/uploads\/sites\/11\/2016\/07\/reflexiones-palabra-de-dios.jpg?fit=1200%2C630","contentUrl":"https:\/\/i0.wp.com\/vincentians.com\/es\/wp-content\/uploads\/sites\/11\/2016\/07\/reflexiones-palabra-de-dios.jpg?fit=1200%2C630","width":1200,"height":630},{"@type":"BreadcrumbList","@id":"http:\/\/vincentians.com\/es\/domingo-de-ramos-reflexion-de-jose-cervantes-gabarron\/#breadcrumb","itemListElement":[{"@type":"ListItem","position":1,"name":"Portada","item":"https:\/\/vincentians.com\/es\/"},{"@type":"ListItem","position":2,"name":"Domingo de Ramos (reflexi\u00f3n de Jos\u00e9 Cervantes Gabarr\u00f3n)"}]},{"@type":"WebSite","@id":"https:\/\/vincentians.com\/es\/#website","url":"https:\/\/vincentians.com\/es\/","name":"Somos Vicencianos","description":"Know more to serve more","publisher":{"@id":"https:\/\/vincentians.com\/es\/#organization"},"potentialAction":[{"@type":"SearchAction","target":{"@type":"EntryPoint","urlTemplate":"https:\/\/vincentians.com\/es\/?s={search_term_string}"},"query-input":{"@type":"PropertyValueSpecification","valueRequired":true,"valueName":"search_term_string"}}],"inLanguage":"es"},{"@type":"Organization","@id":"https:\/\/vincentians.com\/es\/#organization","name":"The Vincentian Network","url":"https:\/\/vincentians.com\/es\/","logo":{"@type":"ImageObject","inLanguage":"es","@id":"https:\/\/vincentians.com\/es\/#\/schema\/logo\/image\/","url":"https:\/\/i1.wp.com\/vincentians.com\/es\/wp-content\/uploads\/sites\/11\/2016\/06\/Vincentian-Network-logo-big.png?fit=778%2C778","contentUrl":"https:\/\/i1.wp.com\/vincentians.com\/es\/wp-content\/uploads\/sites\/11\/2016\/06\/Vincentian-Network-logo-big.png?fit=778%2C778","width":778,"height":778,"caption":"The Vincentian Network"},"image":{"@id":"https:\/\/vincentians.com\/es\/#\/schema\/logo\/image\/"},"sameAs":["https:\/\/www.facebook.com\/WeAreVincentians\/","https:\/\/x.com\/WeVincentians"]},{"@type":"Person","@id":"https:\/\/vincentians.com\/es\/#\/schema\/person\/9623ef4d9aa3b2dfb8c061f1499288f2","name":"Francisco Javier Fern\u00e1ndez Chento","image":{"@type":"ImageObject","inLanguage":"es","@id":"https:\/\/vincentians.com\/es\/#\/schema\/person\/image\/","url":"https:\/\/secure.gravatar.com\/avatar\/497d5cde87b4c3d097d0315953521681ba2cd523ee66e5077c3711f7021e65de?s=96&d=mm&r=g","contentUrl":"https:\/\/secure.gravatar.com\/avatar\/497d5cde87b4c3d097d0315953521681ba2cd523ee66e5077c3711f7021e65de?s=96&d=mm&r=g","caption":"Francisco Javier Fern\u00e1ndez Chento"},"description":"Director General y cofundador de La Red de Formaci\u00f3n Vicenciana. Javier es laico vicenciano, afiliado a la Congregaci\u00f3n de la Misi\u00f3n y miembro del Equipo de Misiones Populares de la provincia can\u00f3nica de Zaragoza (Espa\u00f1a) de la Congregaci\u00f3n de la Misi\u00f3n. Graduado en la Universidad Oberta de Catalunya con cuatro grados (Asistente de direcci\u00f3n, Gesti\u00f3n Administrativa, Recursos Humanos y Contabilidad Avanzada). Bil\u00edng\u00fce Espa\u00f1ol\/Ingl\u00e9s. gestiona y mantiene varias p\u00e1ginas web cristianas y vicencianas, incluida including La Red de Formaci\u00f3n Vicenciana, de la que es cofundador. Actualmente es responsable del \u00e1rea de Espa\u00f1ol de .famvin, la Red de Noticias de la Familia Vicenciana. Tambi\u00e9n es m\u00fasico cat\u00f3lico y ha editado varios discos. Es Director General y cofundador de Trovador, una reconocida compa\u00f1\u00eda discogr\u00e1fica critiana de Espa\u00f1a. Trabaja en las Tecnolog\u00edas de la Informaci\u00f3n, ofreciendo servicios de alojamiento, dise\u00f1o y mantenimiento Web, as\u00ed como asesoramiento, formaci\u00f3n y soluciones inform\u00e1ticas, gesti\u00f3n documental y digitalizaci\u00f3n de textos, edici\u00f3n y maquetaci\u00f3n de libros, revistas, flyers, etc.","sameAs":["http:\/\/chento.org","https:\/\/www.facebook.com\/JavierChento","https:\/\/x.com\/https:\/\/twitter.com\/javierchento"],"url":"http:\/\/vincentians.com\/es\/author\/chento\/"}]}},"jetpack_publicize_connections":[],"jetpack_featured_media_url":"https:\/\/i0.wp.com\/vincentians.com\/es\/wp-content\/uploads\/sites\/11\/2016\/07\/reflexiones-palabra-de-dios.jpg?fit=1200%2C630","jetpack_sharing_enabled":true,"jetpack_shortlink":"https:\/\/wp.me\/p7ETMF-zl3","jetpack-related-posts":[{"id":134008,"url":"http:\/\/vincentians.com\/es\/la-sagrada-familia-reflexion-de-jose-cervantes-gabarron-3\/","url_meta":{"origin":135845,"position":0},"title":"La Sagrada Familia (reflexi\u00f3n de Jos\u00e9 Cervantes Gabarr\u00f3n)","author":"Francisco Javier Fern\u00e1ndez Chento","date":"26\/12\/2014","format":false,"excerpt":"La familia de Jes\u00fas: Mar\u00eda y Jos\u00e9 La fiesta de la Navidad nos acerca en el d\u00eda de la\u00a0Sagrada Familia\u00a0a la contemplaci\u00f3n de las tres figuras que la componen concentrando siempre la atenci\u00f3n en Jes\u00fas. Los relatos narrados en los dos primeros cap\u00edtulos de los evangelios de Mateo y Lucas\u2026","rel":"","context":"En \u00abHomil\u00edas y reflexiones, A\u00f1o B\u00bb","block_context":{"text":"Homil\u00edas y reflexiones, A\u00f1o B","link":"http:\/\/vincentians.com\/es\/category\/homilias-y-reflexiones-a-la-palabra-de-dios\/homilias-y-reflexiones-ano-b\/"},"img":{"alt_text":"","src":"https:\/\/i0.wp.com\/vincentians.com\/es\/wp-content\/uploads\/sites\/11\/2016\/07\/reflexiones-palabra-de-dios.jpg?fit=1200%2C630&resize=350%2C200","width":350,"height":200,"srcset":"https:\/\/i0.wp.com\/vincentians.com\/es\/wp-content\/uploads\/sites\/11\/2016\/07\/reflexiones-palabra-de-dios.jpg?fit=1200%2C630&resize=350%2C200 1x, https:\/\/i0.wp.com\/vincentians.com\/es\/wp-content\/uploads\/sites\/11\/2016\/07\/reflexiones-palabra-de-dios.jpg?fit=1200%2C630&resize=525%2C300 1.5x, https:\/\/i0.wp.com\/vincentians.com\/es\/wp-content\/uploads\/sites\/11\/2016\/07\/reflexiones-palabra-de-dios.jpg?fit=1200%2C630&resize=700%2C400 2x, https:\/\/i0.wp.com\/vincentians.com\/es\/wp-content\/uploads\/sites\/11\/2016\/07\/reflexiones-palabra-de-dios.jpg?fit=1200%2C630&resize=1050%2C600 3x"},"classes":[]},{"id":138728,"url":"http:\/\/vincentians.com\/es\/5o-domingo-de-t-o-reflexion-de-jose-cervantes-gabarron-2-2\/","url_meta":{"origin":135845,"position":1},"title":"5\u00ba Domingo de T.O. (reflexi\u00f3n de Jos\u00e9 Cervantes Gabarr\u00f3n)","author":"Francisco Javier Fern\u00e1ndez Chento","date":"07\/02\/2015","format":false,"excerpt":"\u201cLa dulce y confortadora alegr\u00eda de evangelizar\u201d Con estas palabras titula el papa Francisco una secci\u00f3n introductoria de su exhortaci\u00f3n Evangelii Gaudium (EG 9-13) y as\u00ed asume el mismo mensaje desarrollado por Pablo VI en la Evangelii Nuntiandi (EN 90). De este modo presenta la misi\u00f3n evangelizadora de la Iglesia\u2026","rel":"","context":"En \u00abHomil\u00edas y reflexiones, A\u00f1o B\u00bb","block_context":{"text":"Homil\u00edas y reflexiones, A\u00f1o B","link":"http:\/\/vincentians.com\/es\/category\/homilias-y-reflexiones-a-la-palabra-de-dios\/homilias-y-reflexiones-ano-b\/"},"img":{"alt_text":"","src":"https:\/\/i0.wp.com\/vincentians.com\/es\/wp-content\/uploads\/sites\/11\/2016\/07\/reflexiones-palabra-de-dios.jpg?fit=1200%2C630&resize=350%2C200","width":350,"height":200,"srcset":"https:\/\/i0.wp.com\/vincentians.com\/es\/wp-content\/uploads\/sites\/11\/2016\/07\/reflexiones-palabra-de-dios.jpg?fit=1200%2C630&resize=350%2C200 1x, https:\/\/i0.wp.com\/vincentians.com\/es\/wp-content\/uploads\/sites\/11\/2016\/07\/reflexiones-palabra-de-dios.jpg?fit=1200%2C630&resize=525%2C300 1.5x, https:\/\/i0.wp.com\/vincentians.com\/es\/wp-content\/uploads\/sites\/11\/2016\/07\/reflexiones-palabra-de-dios.jpg?fit=1200%2C630&resize=700%2C400 2x, https:\/\/i0.wp.com\/vincentians.com\/es\/wp-content\/uploads\/sites\/11\/2016\/07\/reflexiones-palabra-de-dios.jpg?fit=1200%2C630&resize=1050%2C600 3x"},"classes":[]},{"id":143408,"url":"http:\/\/vincentians.com\/es\/3o-domingo-de-pascua-reflexion-de-jose-cervantes-gabarron-4\/","url_meta":{"origin":135845,"position":2},"title":"3\u00ba Domingo de Pascua (reflexi\u00f3n de Jos\u00e9 Cervantes Gabarr\u00f3n)","author":"Francisco Javier Fern\u00e1ndez Chento","date":"19\/04\/2015","format":false,"excerpt":"La misi\u00f3n de dar testimonio del Resucitado Las dos lecturas lucanas de este tercer domingo de Pascua (Hech 3,13-19; Lc\u00a0 24,35-48) permiten profundizar en los hechos acaecidos a Jes\u00fas que le llevaron a su pasi\u00f3n, muerte y resurrecci\u00f3n, para descubrir en ellos la historia de la salvaci\u00f3n seg\u00fan el plan\u2026","rel":"","context":"En \u00abHomil\u00edas y reflexiones, A\u00f1o B\u00bb","block_context":{"text":"Homil\u00edas y reflexiones, A\u00f1o B","link":"http:\/\/vincentians.com\/es\/category\/homilias-y-reflexiones-a-la-palabra-de-dios\/homilias-y-reflexiones-ano-b\/"},"img":{"alt_text":"","src":"https:\/\/i0.wp.com\/vincentians.com\/es\/wp-content\/uploads\/sites\/11\/2016\/07\/reflexiones-palabra-de-dios.jpg?fit=1200%2C630&resize=350%2C200","width":350,"height":200,"srcset":"https:\/\/i0.wp.com\/vincentians.com\/es\/wp-content\/uploads\/sites\/11\/2016\/07\/reflexiones-palabra-de-dios.jpg?fit=1200%2C630&resize=350%2C200 1x, https:\/\/i0.wp.com\/vincentians.com\/es\/wp-content\/uploads\/sites\/11\/2016\/07\/reflexiones-palabra-de-dios.jpg?fit=1200%2C630&resize=525%2C300 1.5x, https:\/\/i0.wp.com\/vincentians.com\/es\/wp-content\/uploads\/sites\/11\/2016\/07\/reflexiones-palabra-de-dios.jpg?fit=1200%2C630&resize=700%2C400 2x, https:\/\/i0.wp.com\/vincentians.com\/es\/wp-content\/uploads\/sites\/11\/2016\/07\/reflexiones-palabra-de-dios.jpg?fit=1200%2C630&resize=1050%2C600 3x"},"classes":[]},{"id":132433,"url":"http:\/\/vincentians.com\/es\/4o-domingo-de-cuaresma-reflexion-de-jose-cervantes-gabarron-2\/","url_meta":{"origin":135845,"position":3},"title":"4\u00ba Domingo de Cuaresma (reflexi\u00f3n de Jos\u00e9 Cervantes Gabarr\u00f3n)","author":"Francisco Javier Fern\u00e1ndez Chento","date":"17\/03\/2012","format":false,"excerpt":"El amor da la vida \"Dios, rico en misericordia, por el gran amor con que nos am\u00f3, estando nosotros muertos por los pecados, nos ha hecho vivir con Cristo\" (Ef 2,4). \"Tanto am\u00f3 Dios al mundo que le dio a su \u00fanico Hijo para que todo el que crea en\u2026","rel":"","context":"En \u00abHomil\u00edas y reflexiones, A\u00f1o B\u00bb","block_context":{"text":"Homil\u00edas y reflexiones, A\u00f1o B","link":"http:\/\/vincentians.com\/es\/category\/homilias-y-reflexiones-a-la-palabra-de-dios\/homilias-y-reflexiones-ano-b\/"},"img":{"alt_text":"","src":"https:\/\/i0.wp.com\/vincentians.com\/es\/wp-content\/uploads\/sites\/11\/2016\/07\/reflexiones-palabra-de-dios.jpg?fit=1200%2C630&resize=350%2C200","width":350,"height":200,"srcset":"https:\/\/i0.wp.com\/vincentians.com\/es\/wp-content\/uploads\/sites\/11\/2016\/07\/reflexiones-palabra-de-dios.jpg?fit=1200%2C630&resize=350%2C200 1x, https:\/\/i0.wp.com\/vincentians.com\/es\/wp-content\/uploads\/sites\/11\/2016\/07\/reflexiones-palabra-de-dios.jpg?fit=1200%2C630&resize=525%2C300 1.5x, https:\/\/i0.wp.com\/vincentians.com\/es\/wp-content\/uploads\/sites\/11\/2016\/07\/reflexiones-palabra-de-dios.jpg?fit=1200%2C630&resize=700%2C400 2x, https:\/\/i0.wp.com\/vincentians.com\/es\/wp-content\/uploads\/sites\/11\/2016\/07\/reflexiones-palabra-de-dios.jpg?fit=1200%2C630&resize=1050%2C600 3x"},"classes":[]},{"id":132420,"url":"http:\/\/vincentians.com\/es\/natividad-del-senor-reflexion-de-jose-cervantes-gabarron\/","url_meta":{"origin":135845,"position":4},"title":"Natividad del Se\u00f1or (reflexi\u00f3n de Jos\u00e9 Cervantes Gabarr\u00f3n)","author":"Francisco Javier Fern\u00e1ndez Chento","date":"23\/12\/2011","format":false,"excerpt":"La Navidad, regalo de Dios Acerca del nacimiento de Jes\u00fas que hoy celebramos, hay acuerdo entre los especialistas en admitir como hist\u00f3ricamente cierto que Jes\u00fas naci\u00f3 durante el reinado de Herodes el Grande (37-4 a.C.), en la era del emperador Augusto (37 a.C.-14 d.C.), pero no se puede precisar el\u2026","rel":"","context":"En \u00abHomil\u00edas y reflexiones, A\u00f1o B\u00bb","block_context":{"text":"Homil\u00edas y reflexiones, A\u00f1o B","link":"http:\/\/vincentians.com\/es\/category\/homilias-y-reflexiones-a-la-palabra-de-dios\/homilias-y-reflexiones-ano-b\/"},"img":{"alt_text":"","src":"https:\/\/i0.wp.com\/vincentians.com\/es\/wp-content\/uploads\/sites\/11\/2016\/07\/reflexiones-palabra-de-dios.jpg?fit=1200%2C630&resize=350%2C200","width":350,"height":200,"srcset":"https:\/\/i0.wp.com\/vincentians.com\/es\/wp-content\/uploads\/sites\/11\/2016\/07\/reflexiones-palabra-de-dios.jpg?fit=1200%2C630&resize=350%2C200 1x, https:\/\/i0.wp.com\/vincentians.com\/es\/wp-content\/uploads\/sites\/11\/2016\/07\/reflexiones-palabra-de-dios.jpg?fit=1200%2C630&resize=525%2C300 1.5x, https:\/\/i0.wp.com\/vincentians.com\/es\/wp-content\/uploads\/sites\/11\/2016\/07\/reflexiones-palabra-de-dios.jpg?fit=1200%2C630&resize=700%2C400 2x, https:\/\/i0.wp.com\/vincentians.com\/es\/wp-content\/uploads\/sites\/11\/2016\/07\/reflexiones-palabra-de-dios.jpg?fit=1200%2C630&resize=1050%2C600 3x"},"classes":[]},{"id":132359,"url":"http:\/\/vincentians.com\/es\/domingo-2o-de-adviento-reflexion-de-jose-cervantes-gabarron-3\/","url_meta":{"origin":135845,"position":5},"title":"Domingo 2\u00ba de Adviento (reflexi\u00f3n de Jos\u00e9 Cervantes Gabarr\u00f3n)","author":"Francisco Javier Fern\u00e1ndez Chento","date":"04\/12\/2011","format":false,"excerpt":"La palabra de la esperanza Con la presentaci\u00f3n de Isa\u00edas y de Juan Bautista este domingo de Adviento proclama la esperanza mesi\u00e1nica cristiana haciendo una llamada a la conversi\u00f3n y transmitiendo un impulso espiritual orientado a apresurar el d\u00eda de un cielo nuevo y una tierra nueva en los que\u2026","rel":"","context":"En \u00abHomil\u00edas y reflexiones, A\u00f1o B\u00bb","block_context":{"text":"Homil\u00edas y reflexiones, A\u00f1o B","link":"http:\/\/vincentians.com\/es\/category\/homilias-y-reflexiones-a-la-palabra-de-dios\/homilias-y-reflexiones-ano-b\/"},"img":{"alt_text":"","src":"https:\/\/i0.wp.com\/vincentians.com\/es\/wp-content\/uploads\/sites\/11\/2016\/07\/reflexiones-palabra-de-dios.jpg?fit=1200%2C630&resize=350%2C200","width":350,"height":200,"srcset":"https:\/\/i0.wp.com\/vincentians.com\/es\/wp-content\/uploads\/sites\/11\/2016\/07\/reflexiones-palabra-de-dios.jpg?fit=1200%2C630&resize=350%2C200 1x, https:\/\/i0.wp.com\/vincentians.com\/es\/wp-content\/uploads\/sites\/11\/2016\/07\/reflexiones-palabra-de-dios.jpg?fit=1200%2C630&resize=525%2C300 1.5x, https:\/\/i0.wp.com\/vincentians.com\/es\/wp-content\/uploads\/sites\/11\/2016\/07\/reflexiones-palabra-de-dios.jpg?fit=1200%2C630&resize=700%2C400 2x, https:\/\/i0.wp.com\/vincentians.com\/es\/wp-content\/uploads\/sites\/11\/2016\/07\/reflexiones-palabra-de-dios.jpg?fit=1200%2C630&resize=1050%2C600 3x"},"classes":[]}],"_links":{"self":[{"href":"http:\/\/vincentians.com\/es\/wp-json\/wp\/v2\/posts\/135845","targetHints":{"allow":["GET"]}}],"collection":[{"href":"http:\/\/vincentians.com\/es\/wp-json\/wp\/v2\/posts"}],"about":[{"href":"http:\/\/vincentians.com\/es\/wp-json\/wp\/v2\/types\/post"}],"author":[{"embeddable":true,"href":"http:\/\/vincentians.com\/es\/wp-json\/wp\/v2\/users\/4"}],"replies":[{"embeddable":true,"href":"http:\/\/vincentians.com\/es\/wp-json\/wp\/v2\/comments?post=135845"}],"version-history":[{"count":0,"href":"http:\/\/vincentians.com\/es\/wp-json\/wp\/v2\/posts\/135845\/revisions"}],"wp:featuredmedia":[{"embeddable":true,"href":"http:\/\/vincentians.com\/es\/wp-json\/wp\/v2\/media\/388408"}],"wp:attachment":[{"href":"http:\/\/vincentians.com\/es\/wp-json\/wp\/v2\/media?parent=135845"}],"wp:term":[{"taxonomy":"category","embeddable":true,"href":"http:\/\/vincentians.com\/es\/wp-json\/wp\/v2\/categories?post=135845"},{"taxonomy":"post_tag","embeddable":true,"href":"http:\/\/vincentians.com\/es\/wp-json\/wp\/v2\/tags?post=135845"}],"curies":[{"name":"wp","href":"https:\/\/api.w.org\/{rel}","templated":true}]}}