{"id":135827,"date":"2010-12-18T07:01:51","date_gmt":"2010-12-18T06:01:51","guid":{"rendered":"http:\/\/somos.vicencianos.org\/comentarios\/2010\/12\/18\/ciclo-a-domingo-4%c2%ba-de-advientoreflexion-de-julio-cesar-villalobos-c-m\/"},"modified":"2016-07-24T10:22:19","modified_gmt":"2016-07-24T08:22:19","slug":"ciclo-a-domingo-4%c2%ba-de-advientoreflexion-de-julio-cesar-villalobos-c-m","status":"publish","type":"post","link":"http:\/\/vincentians.com\/es\/ciclo-a-domingo-4%c2%ba-de-advientoreflexion-de-julio-cesar-villalobos-c-m\/","title":{"rendered":"Ciclo A, Domingo 4\u00ba de Adviento (reflexi\u00f3n de Julio C\u00e9sar Villalobos, C.M.)"},"content":{"rendered":"<p>Muchas  veces habr\u00eda o\u00eddo hablar a los profetas: \u201cla Virgen est\u00e1 en cinta y dar\u00e1 a luz  un hijo, y le pondr\u00e1n por nombre <em>Enmanuel<\/em>,  que significa <em>Dios con nosotros<\/em>\u201d   (Is.7,10-14). Siempre se habr\u00eda preguntado: \u00bfqui\u00e9n llevar\u00eda semejante  regalo?,  \u00bfa qui\u00e9n le tocar\u00eda semejante bendici\u00f3n?, \u00bfqui\u00e9n ser\u00eda la  elegida de Dios?<\/p>\n<p>Pero  lleg\u00f3 el d\u00eda esperado, ella no se lo esperaba. El  anuncio lo recibi\u00f3 de Gabriel  (cf.Lc.1,30-31). Recibi\u00f3 ese anuncio  grande, \u00bfc\u00f3mo habr\u00eda saltado de gozo  ella?, \u00bfc\u00f3mo se habr\u00eda puesto  contenta?, \u00bfcu\u00e1ntas veces lo habr\u00eda contado? Pero  eso no le hizo  soberbia, al contrario, humilde sierva (cf.Lc.1,38) acept\u00f3 este  regalo  grandioso.<\/p>\n<p>Le  tocaba esperar. Mateo, hoy habla de: \u201cresult\u00f3 que ella  esperaba un hijo por  obra del Esp\u00edritu Santo\u201d (Mt.1,18-24). Ahora ese  gozo se encamin\u00f3 con la virtud  de la Esperanza. Esper\u00f3 la promesa del  Se\u00f1or. Era cierto, habr\u00eda dicho, Dios se  fij\u00f3 en m\u00ed, no le fallar\u00e9 a  Dios, har\u00e9 lo posible para agradarte Se\u00f1or.<\/p>\n<p>\u00bfQu\u00e9  haces t\u00fa, qu\u00e9 hago yo, qu\u00e9 hacemos todos cuando  recibimos una buena noticia? Ya  sabemos que viene Jes\u00fas, como dice San  Pablo hoy \u201cnacido, seg\u00fan la carne\u201d  (Rom.1,1-7). Y no viene lejano, sino  cercano, o sea: <em>Enmanuel, Dios con nosotros.<\/em><br \/>\n\u00bfQu\u00e9  pasa cuando no \u201centendemos\u201d el plan de Dios en  nosotros? Viene la duda, el  rechazo, el cuestionamiento, la  indiferencia. Eso le pas\u00f3 a Jos\u00e9, \u201cque era  justo y no quer\u00eda  denunciarla, decidi\u00f3 repudiarla (separarse) en secreto\u201d.<\/p>\n<p>Dios  se encarg\u00f3 de sanar sus dudas, por eso le regal\u00f3 2  promesas grandes a Jos\u00e9. La  1ra de ellas, va en relaci\u00f3n por el origen  de este nacimiento: \u201cla criatura que  hay en ella viene del Esp\u00edritu  Santo\u201d; la 2da promesa va en relaci\u00f3n a la  misi\u00f3n: \u201c\u00e9l salvar\u00e1 a su  pueblo de los pecados\u201d.<\/p>\n<p>Dios  tambi\u00e9n quiere sacarnos de nuestras dudas, nos dice que no tengamos miedo.<\/p>\n<p>Ante  tanta explosi\u00f3n de gracia que recibi\u00f3 la Virgen, y las  veces en que Jos\u00e9 fue  tocado por Dios, no tuvo otra salida que abrirse  al amor de Dios: \u201cCuando Jos\u00e9  se despert\u00f3, hizo lo que le hab\u00eda  mandado el \u00e1ngel del Se\u00f1or y recibi\u00f3 a Mar\u00eda  como esposa\u201d. Mar\u00eda  Sant\u00edsima no se desesper\u00f3, esper\u00f3 con gozo las  promesas de Dios. Ella se agarr\u00f3  de esa promesa: \u201cno temas Mar\u00eda\u201d.<\/p>\n<p>Estamos  en la \u00faltima semana de adviento, la Virgen nos  ense\u00f1a a no desesperarnos.  Abramos nuestra vida al paso de Dios por  nosotros, y esforc\u00e9monos en hacer lo  que el Se\u00f1or nos pida.<\/p>\n","protected":false},"excerpt":{"rendered":"<p>Muchas veces habr\u00eda o\u00eddo hablar a los profetas: \u201cla Virgen est\u00e1 en cinta y dar\u00e1 a luz un hijo, y le pondr\u00e1n por nombre Enmanuel, que significa Dios con nosotros\u201d (Is.7,10-14). Siempre se habr\u00eda preguntado: &#8230; <a href=\"http:\/\/vincentians.com\/es\/ciclo-a-domingo-4%c2%ba-de-advientoreflexion-de-julio-cesar-villalobos-c-m\/\" class=\"more-link\">Read More<\/a><\/p>\n","protected":false},"author":4,"featured_media":5,"comment_status":"open","ping_status":"open","sticky":false,"template":"","format":"standard","meta":{"jetpack_post_was_ever_published":false,"_jetpack_newsletter_access":"","_jetpack_dont_email_post_to_subs":false,"_jetpack_newsletter_tier_id":0,"_jetpack_memberships_contains_paywalled_content":false,"_jetpack_memberships_contains_paid_content":false,"footnotes":"","jetpack_publicize_message":"","jetpack_publicize_feature_enabled":true,"jetpack_social_post_already_shared":true,"jetpack_social_options":{"image_generator_settings":{"template":"highway","default_image_id":0,"font":"","enabled":false},"version":2}},"categories":[95],"tags":[],"class_list":["post-135827","post","type-post","status-publish","format-standard","has-post-thumbnail","hentry","category-homilias-y-reflexiones-ano-a"],"yoast_head":"<!-- This site is optimized with the Yoast SEO plugin v26.3 - https:\/\/yoast.com\/wordpress\/plugins\/seo\/ -->\n<title>Ciclo A, Domingo 4\u00ba de Adviento (reflexi\u00f3n de Julio C\u00e9sar Villalobos, C.M.) - Somos Vicencianos<\/title>\n<meta name=\"robots\" content=\"index, follow, max-snippet:-1, max-image-preview:large, max-video-preview:-1\" \/>\n<link rel=\"canonical\" href=\"http:\/\/vincentians.com\/es\/ciclo-a-domingo-4\u00ba-de-advientoreflexion-de-julio-cesar-villalobos-c-m\/\" \/>\n<meta property=\"og:locale\" content=\"es_ES\" \/>\n<meta property=\"og:type\" content=\"article\" \/>\n<meta property=\"og:title\" content=\"Ciclo A, Domingo 4\u00ba de Adviento (reflexi\u00f3n de Julio C\u00e9sar Villalobos, C.M.) - Somos Vicencianos\" \/>\n<meta property=\"og:description\" content=\"Muchas veces habr\u00eda o\u00eddo hablar a los profetas: \u201cla Virgen est\u00e1 en cinta y dar\u00e1 a luz un hijo, y le pondr\u00e1n por nombre Enmanuel, que significa Dios con nosotros\u201d (Is.7,10-14). Siempre se habr\u00eda preguntado: ... Read More\" \/>\n<meta property=\"og:url\" content=\"http:\/\/vincentians.com\/es\/ciclo-a-domingo-4\u00ba-de-advientoreflexion-de-julio-cesar-villalobos-c-m\/\" \/>\n<meta property=\"og:site_name\" content=\"Somos Vicencianos\" \/>\n<meta property=\"article:publisher\" content=\"https:\/\/www.facebook.com\/WeAreVincentians\/\" \/>\n<meta property=\"article:author\" content=\"https:\/\/www.facebook.com\/JavierChento\" \/>\n<meta property=\"article:published_time\" content=\"2010-12-18T06:01:51+00:00\" \/>\n<meta property=\"article:modified_time\" content=\"2016-07-24T08:22:19+00:00\" \/>\n<meta property=\"og:image\" content=\"https:\/\/i0.wp.com\/vincentians.com\/es\/wp-content\/uploads\/sites\/11\/2016\/06\/president-signature.png?fit=236%2C64\" \/>\n\t<meta property=\"og:image:width\" content=\"236\" \/>\n\t<meta property=\"og:image:height\" content=\"64\" \/>\n\t<meta property=\"og:image:type\" content=\"image\/png\" \/>\n<meta name=\"author\" content=\"Francisco Javier Fern\u00e1ndez Chento\" \/>\n<meta name=\"twitter:card\" content=\"summary_large_image\" \/>\n<meta name=\"twitter:creator\" content=\"@https:\/\/twitter.com\/javierchento\" \/>\n<meta name=\"twitter:site\" content=\"@WeVincentians\" \/>\n<meta name=\"twitter:label1\" content=\"Escrito por\" \/>\n\t<meta name=\"twitter:data1\" content=\"Francisco Javier Fern\u00e1ndez Chento\" \/>\n\t<meta name=\"twitter:label2\" content=\"Tiempo de lectura\" \/>\n\t<meta name=\"twitter:data2\" content=\"2 minutos\" \/>\n<script type=\"application\/ld+json\" class=\"yoast-schema-graph\">{\"@context\":\"https:\/\/schema.org\",\"@graph\":[{\"@type\":\"Article\",\"@id\":\"http:\/\/vincentians.com\/es\/ciclo-a-domingo-4%c2%ba-de-advientoreflexion-de-julio-cesar-villalobos-c-m\/#article\",\"isPartOf\":{\"@id\":\"http:\/\/vincentians.com\/es\/ciclo-a-domingo-4%c2%ba-de-advientoreflexion-de-julio-cesar-villalobos-c-m\/\"},\"author\":{\"name\":\"Francisco Javier Fern\u00e1ndez Chento\",\"@id\":\"http:\/\/vincentians.com\/es\/#\/schema\/person\/9623ef4d9aa3b2dfb8c061f1499288f2\"},\"headline\":\"Ciclo A, Domingo 4\u00ba de Adviento (reflexi\u00f3n de Julio C\u00e9sar Villalobos, C.M.)\",\"datePublished\":\"2010-12-18T06:01:51+00:00\",\"dateModified\":\"2016-07-24T08:22:19+00:00\",\"mainEntityOfPage\":{\"@id\":\"http:\/\/vincentians.com\/es\/ciclo-a-domingo-4%c2%ba-de-advientoreflexion-de-julio-cesar-villalobos-c-m\/\"},\"wordCount\":467,\"commentCount\":0,\"publisher\":{\"@id\":\"http:\/\/vincentians.com\/es\/#organization\"},\"image\":{\"@id\":\"http:\/\/vincentians.com\/es\/ciclo-a-domingo-4%c2%ba-de-advientoreflexion-de-julio-cesar-villalobos-c-m\/#primaryimage\"},\"thumbnailUrl\":\"https:\/\/i0.wp.com\/vincentians.com\/es\/wp-content\/uploads\/sites\/11\/2016\/06\/president-signature.png?fit=236%2C64\",\"articleSection\":[\"Homil\u00edas y reflexiones, A\u00f1o A\"],\"inLanguage\":\"es\",\"potentialAction\":[{\"@type\":\"CommentAction\",\"name\":\"Comment\",\"target\":[\"http:\/\/vincentians.com\/es\/ciclo-a-domingo-4%c2%ba-de-advientoreflexion-de-julio-cesar-villalobos-c-m\/#respond\"]}]},{\"@type\":\"WebPage\",\"@id\":\"http:\/\/vincentians.com\/es\/ciclo-a-domingo-4%c2%ba-de-advientoreflexion-de-julio-cesar-villalobos-c-m\/\",\"url\":\"http:\/\/vincentians.com\/es\/ciclo-a-domingo-4%c2%ba-de-advientoreflexion-de-julio-cesar-villalobos-c-m\/\",\"name\":\"Ciclo A, Domingo 4\u00ba de Adviento (reflexi\u00f3n de Julio C\u00e9sar Villalobos, C.M.) - Somos Vicencianos\",\"isPartOf\":{\"@id\":\"http:\/\/vincentians.com\/es\/#website\"},\"primaryImageOfPage\":{\"@id\":\"http:\/\/vincentians.com\/es\/ciclo-a-domingo-4%c2%ba-de-advientoreflexion-de-julio-cesar-villalobos-c-m\/#primaryimage\"},\"image\":{\"@id\":\"http:\/\/vincentians.com\/es\/ciclo-a-domingo-4%c2%ba-de-advientoreflexion-de-julio-cesar-villalobos-c-m\/#primaryimage\"},\"thumbnailUrl\":\"https:\/\/i0.wp.com\/vincentians.com\/es\/wp-content\/uploads\/sites\/11\/2016\/06\/president-signature.png?fit=236%2C64\",\"datePublished\":\"2010-12-18T06:01:51+00:00\",\"dateModified\":\"2016-07-24T08:22:19+00:00\",\"breadcrumb\":{\"@id\":\"http:\/\/vincentians.com\/es\/ciclo-a-domingo-4%c2%ba-de-advientoreflexion-de-julio-cesar-villalobos-c-m\/#breadcrumb\"},\"inLanguage\":\"es\",\"potentialAction\":[{\"@type\":\"ReadAction\",\"target\":[\"http:\/\/vincentians.com\/es\/ciclo-a-domingo-4%c2%ba-de-advientoreflexion-de-julio-cesar-villalobos-c-m\/\"]}]},{\"@type\":\"ImageObject\",\"inLanguage\":\"es\",\"@id\":\"http:\/\/vincentians.com\/es\/ciclo-a-domingo-4%c2%ba-de-advientoreflexion-de-julio-cesar-villalobos-c-m\/#primaryimage\",\"url\":\"https:\/\/i0.wp.com\/vincentians.com\/es\/wp-content\/uploads\/sites\/11\/2016\/06\/president-signature.png?fit=236%2C64\",\"contentUrl\":\"https:\/\/i0.wp.com\/vincentians.com\/es\/wp-content\/uploads\/sites\/11\/2016\/06\/president-signature.png?fit=236%2C64\",\"width\":236,\"height\":64},{\"@type\":\"BreadcrumbList\",\"@id\":\"http:\/\/vincentians.com\/es\/ciclo-a-domingo-4%c2%ba-de-advientoreflexion-de-julio-cesar-villalobos-c-m\/#breadcrumb\",\"itemListElement\":[{\"@type\":\"ListItem\",\"position\":1,\"name\":\"Portada\",\"item\":\"http:\/\/vincentians.com\/es\/\"},{\"@type\":\"ListItem\",\"position\":2,\"name\":\"Ciclo A, Domingo 4\u00ba de Adviento (reflexi\u00f3n de Julio C\u00e9sar Villalobos, C.M.)\"}]},{\"@type\":\"WebSite\",\"@id\":\"http:\/\/vincentians.com\/es\/#website\",\"url\":\"http:\/\/vincentians.com\/es\/\",\"name\":\"Somos Vicencianos\",\"description\":\"Know more to serve more\",\"publisher\":{\"@id\":\"http:\/\/vincentians.com\/es\/#organization\"},\"potentialAction\":[{\"@type\":\"SearchAction\",\"target\":{\"@type\":\"EntryPoint\",\"urlTemplate\":\"http:\/\/vincentians.com\/es\/?s={search_term_string}\"},\"query-input\":{\"@type\":\"PropertyValueSpecification\",\"valueRequired\":true,\"valueName\":\"search_term_string\"}}],\"inLanguage\":\"es\"},{\"@type\":\"Organization\",\"@id\":\"http:\/\/vincentians.com\/es\/#organization\",\"name\":\"The Vincentian Network\",\"url\":\"http:\/\/vincentians.com\/es\/\",\"logo\":{\"@type\":\"ImageObject\",\"inLanguage\":\"es\",\"@id\":\"http:\/\/vincentians.com\/es\/#\/schema\/logo\/image\/\",\"url\":\"https:\/\/i1.wp.com\/vincentians.com\/es\/wp-content\/uploads\/sites\/11\/2016\/06\/Vincentian-Network-logo-big.png?fit=778%2C778\",\"contentUrl\":\"https:\/\/i1.wp.com\/vincentians.com\/es\/wp-content\/uploads\/sites\/11\/2016\/06\/Vincentian-Network-logo-big.png?fit=778%2C778\",\"width\":778,\"height\":778,\"caption\":\"The Vincentian Network\"},\"image\":{\"@id\":\"http:\/\/vincentians.com\/es\/#\/schema\/logo\/image\/\"},\"sameAs\":[\"https:\/\/www.facebook.com\/WeAreVincentians\/\",\"https:\/\/x.com\/WeVincentians\"]},{\"@type\":\"Person\",\"@id\":\"http:\/\/vincentians.com\/es\/#\/schema\/person\/9623ef4d9aa3b2dfb8c061f1499288f2\",\"name\":\"Francisco Javier Fern\u00e1ndez Chento\",\"image\":{\"@type\":\"ImageObject\",\"inLanguage\":\"es\",\"@id\":\"http:\/\/vincentians.com\/es\/#\/schema\/person\/image\/\",\"url\":\"https:\/\/secure.gravatar.com\/avatar\/497d5cde87b4c3d097d0315953521681ba2cd523ee66e5077c3711f7021e65de?s=96&d=mm&r=g\",\"contentUrl\":\"https:\/\/secure.gravatar.com\/avatar\/497d5cde87b4c3d097d0315953521681ba2cd523ee66e5077c3711f7021e65de?s=96&d=mm&r=g\",\"caption\":\"Francisco Javier Fern\u00e1ndez Chento\"},\"description\":\"Director General y cofundador de La Red de Formaci\u00f3n Vicenciana. Javier es laico vicenciano, afiliado a la Congregaci\u00f3n de la Misi\u00f3n y miembro del Equipo de Misiones Populares de la provincia can\u00f3nica de Zaragoza (Espa\u00f1a) de la Congregaci\u00f3n de la Misi\u00f3n. Graduado en la Universidad Oberta de Catalunya con cuatro grados (Asistente de direcci\u00f3n, Gesti\u00f3n Administrativa, Recursos Humanos y Contabilidad Avanzada). Bil\u00edng\u00fce Espa\u00f1ol\/Ingl\u00e9s. gestiona y mantiene varias p\u00e1ginas web cristianas y vicencianas, incluida including La Red de Formaci\u00f3n Vicenciana, de la que es cofundador. Actualmente es responsable del \u00e1rea de Espa\u00f1ol de .famvin, la Red de Noticias de la Familia Vicenciana. Tambi\u00e9n es m\u00fasico cat\u00f3lico y ha editado varios discos. Es Director General y cofundador de Trovador, una reconocida compa\u00f1\u00eda discogr\u00e1fica critiana de Espa\u00f1a. Trabaja en las Tecnolog\u00edas de la Informaci\u00f3n, ofreciendo servicios de alojamiento, dise\u00f1o y mantenimiento Web, as\u00ed como asesoramiento, formaci\u00f3n y soluciones inform\u00e1ticas, gesti\u00f3n documental y digitalizaci\u00f3n de textos, edici\u00f3n y maquetaci\u00f3n de libros, revistas, flyers, etc.\",\"sameAs\":[\"http:\/\/chento.org\",\"https:\/\/www.facebook.com\/JavierChento\",\"https:\/\/x.com\/https:\/\/twitter.com\/javierchento\"],\"url\":\"http:\/\/vincentians.com\/es\/author\/chento\/\"}]}<\/script>\n<!-- \/ Yoast SEO plugin. -->","yoast_head_json":{"title":"Ciclo A, Domingo 4\u00ba de Adviento (reflexi\u00f3n de Julio C\u00e9sar Villalobos, C.M.) - Somos Vicencianos","robots":{"index":"index","follow":"follow","max-snippet":"max-snippet:-1","max-image-preview":"max-image-preview:large","max-video-preview":"max-video-preview:-1"},"canonical":"http:\/\/vincentians.com\/es\/ciclo-a-domingo-4\u00ba-de-advientoreflexion-de-julio-cesar-villalobos-c-m\/","og_locale":"es_ES","og_type":"article","og_title":"Ciclo A, Domingo 4\u00ba de Adviento (reflexi\u00f3n de Julio C\u00e9sar Villalobos, C.M.) - Somos Vicencianos","og_description":"Muchas veces habr\u00eda o\u00eddo hablar a los profetas: \u201cla Virgen est\u00e1 en cinta y dar\u00e1 a luz un hijo, y le pondr\u00e1n por nombre Enmanuel, que significa Dios con nosotros\u201d (Is.7,10-14). Siempre se habr\u00eda preguntado: ... Read More","og_url":"http:\/\/vincentians.com\/es\/ciclo-a-domingo-4\u00ba-de-advientoreflexion-de-julio-cesar-villalobos-c-m\/","og_site_name":"Somos Vicencianos","article_publisher":"https:\/\/www.facebook.com\/WeAreVincentians\/","article_author":"https:\/\/www.facebook.com\/JavierChento","article_published_time":"2010-12-18T06:01:51+00:00","article_modified_time":"2016-07-24T08:22:19+00:00","og_image":[{"width":236,"height":64,"url":"https:\/\/i0.wp.com\/vincentians.com\/es\/wp-content\/uploads\/sites\/11\/2016\/06\/president-signature.png?fit=236%2C64","type":"image\/png"}],"author":"Francisco Javier Fern\u00e1ndez Chento","twitter_card":"summary_large_image","twitter_creator":"@https:\/\/twitter.com\/javierchento","twitter_site":"@WeVincentians","twitter_misc":{"Escrito por":"Francisco Javier Fern\u00e1ndez Chento","Tiempo de lectura":"2 minutos"},"schema":{"@context":"https:\/\/schema.org","@graph":[{"@type":"Article","@id":"http:\/\/vincentians.com\/es\/ciclo-a-domingo-4%c2%ba-de-advientoreflexion-de-julio-cesar-villalobos-c-m\/#article","isPartOf":{"@id":"http:\/\/vincentians.com\/es\/ciclo-a-domingo-4%c2%ba-de-advientoreflexion-de-julio-cesar-villalobos-c-m\/"},"author":{"name":"Francisco Javier Fern\u00e1ndez Chento","@id":"http:\/\/vincentians.com\/es\/#\/schema\/person\/9623ef4d9aa3b2dfb8c061f1499288f2"},"headline":"Ciclo A, Domingo 4\u00ba de Adviento (reflexi\u00f3n de Julio C\u00e9sar Villalobos, C.M.)","datePublished":"2010-12-18T06:01:51+00:00","dateModified":"2016-07-24T08:22:19+00:00","mainEntityOfPage":{"@id":"http:\/\/vincentians.com\/es\/ciclo-a-domingo-4%c2%ba-de-advientoreflexion-de-julio-cesar-villalobos-c-m\/"},"wordCount":467,"commentCount":0,"publisher":{"@id":"http:\/\/vincentians.com\/es\/#organization"},"image":{"@id":"http:\/\/vincentians.com\/es\/ciclo-a-domingo-4%c2%ba-de-advientoreflexion-de-julio-cesar-villalobos-c-m\/#primaryimage"},"thumbnailUrl":"https:\/\/i0.wp.com\/vincentians.com\/es\/wp-content\/uploads\/sites\/11\/2016\/06\/president-signature.png?fit=236%2C64","articleSection":["Homil\u00edas y reflexiones, A\u00f1o A"],"inLanguage":"es","potentialAction":[{"@type":"CommentAction","name":"Comment","target":["http:\/\/vincentians.com\/es\/ciclo-a-domingo-4%c2%ba-de-advientoreflexion-de-julio-cesar-villalobos-c-m\/#respond"]}]},{"@type":"WebPage","@id":"http:\/\/vincentians.com\/es\/ciclo-a-domingo-4%c2%ba-de-advientoreflexion-de-julio-cesar-villalobos-c-m\/","url":"http:\/\/vincentians.com\/es\/ciclo-a-domingo-4%c2%ba-de-advientoreflexion-de-julio-cesar-villalobos-c-m\/","name":"Ciclo A, Domingo 4\u00ba de Adviento (reflexi\u00f3n de Julio C\u00e9sar Villalobos, C.M.) - Somos Vicencianos","isPartOf":{"@id":"http:\/\/vincentians.com\/es\/#website"},"primaryImageOfPage":{"@id":"http:\/\/vincentians.com\/es\/ciclo-a-domingo-4%c2%ba-de-advientoreflexion-de-julio-cesar-villalobos-c-m\/#primaryimage"},"image":{"@id":"http:\/\/vincentians.com\/es\/ciclo-a-domingo-4%c2%ba-de-advientoreflexion-de-julio-cesar-villalobos-c-m\/#primaryimage"},"thumbnailUrl":"https:\/\/i0.wp.com\/vincentians.com\/es\/wp-content\/uploads\/sites\/11\/2016\/06\/president-signature.png?fit=236%2C64","datePublished":"2010-12-18T06:01:51+00:00","dateModified":"2016-07-24T08:22:19+00:00","breadcrumb":{"@id":"http:\/\/vincentians.com\/es\/ciclo-a-domingo-4%c2%ba-de-advientoreflexion-de-julio-cesar-villalobos-c-m\/#breadcrumb"},"inLanguage":"es","potentialAction":[{"@type":"ReadAction","target":["http:\/\/vincentians.com\/es\/ciclo-a-domingo-4%c2%ba-de-advientoreflexion-de-julio-cesar-villalobos-c-m\/"]}]},{"@type":"ImageObject","inLanguage":"es","@id":"http:\/\/vincentians.com\/es\/ciclo-a-domingo-4%c2%ba-de-advientoreflexion-de-julio-cesar-villalobos-c-m\/#primaryimage","url":"https:\/\/i0.wp.com\/vincentians.com\/es\/wp-content\/uploads\/sites\/11\/2016\/06\/president-signature.png?fit=236%2C64","contentUrl":"https:\/\/i0.wp.com\/vincentians.com\/es\/wp-content\/uploads\/sites\/11\/2016\/06\/president-signature.png?fit=236%2C64","width":236,"height":64},{"@type":"BreadcrumbList","@id":"http:\/\/vincentians.com\/es\/ciclo-a-domingo-4%c2%ba-de-advientoreflexion-de-julio-cesar-villalobos-c-m\/#breadcrumb","itemListElement":[{"@type":"ListItem","position":1,"name":"Portada","item":"http:\/\/vincentians.com\/es\/"},{"@type":"ListItem","position":2,"name":"Ciclo A, Domingo 4\u00ba de Adviento (reflexi\u00f3n de Julio C\u00e9sar Villalobos, C.M.)"}]},{"@type":"WebSite","@id":"http:\/\/vincentians.com\/es\/#website","url":"http:\/\/vincentians.com\/es\/","name":"Somos Vicencianos","description":"Know more to serve more","publisher":{"@id":"http:\/\/vincentians.com\/es\/#organization"},"potentialAction":[{"@type":"SearchAction","target":{"@type":"EntryPoint","urlTemplate":"http:\/\/vincentians.com\/es\/?s={search_term_string}"},"query-input":{"@type":"PropertyValueSpecification","valueRequired":true,"valueName":"search_term_string"}}],"inLanguage":"es"},{"@type":"Organization","@id":"http:\/\/vincentians.com\/es\/#organization","name":"The Vincentian Network","url":"http:\/\/vincentians.com\/es\/","logo":{"@type":"ImageObject","inLanguage":"es","@id":"http:\/\/vincentians.com\/es\/#\/schema\/logo\/image\/","url":"https:\/\/i1.wp.com\/vincentians.com\/es\/wp-content\/uploads\/sites\/11\/2016\/06\/Vincentian-Network-logo-big.png?fit=778%2C778","contentUrl":"https:\/\/i1.wp.com\/vincentians.com\/es\/wp-content\/uploads\/sites\/11\/2016\/06\/Vincentian-Network-logo-big.png?fit=778%2C778","width":778,"height":778,"caption":"The Vincentian Network"},"image":{"@id":"http:\/\/vincentians.com\/es\/#\/schema\/logo\/image\/"},"sameAs":["https:\/\/www.facebook.com\/WeAreVincentians\/","https:\/\/x.com\/WeVincentians"]},{"@type":"Person","@id":"http:\/\/vincentians.com\/es\/#\/schema\/person\/9623ef4d9aa3b2dfb8c061f1499288f2","name":"Francisco Javier Fern\u00e1ndez Chento","image":{"@type":"ImageObject","inLanguage":"es","@id":"http:\/\/vincentians.com\/es\/#\/schema\/person\/image\/","url":"https:\/\/secure.gravatar.com\/avatar\/497d5cde87b4c3d097d0315953521681ba2cd523ee66e5077c3711f7021e65de?s=96&d=mm&r=g","contentUrl":"https:\/\/secure.gravatar.com\/avatar\/497d5cde87b4c3d097d0315953521681ba2cd523ee66e5077c3711f7021e65de?s=96&d=mm&r=g","caption":"Francisco Javier Fern\u00e1ndez Chento"},"description":"Director General y cofundador de La Red de Formaci\u00f3n Vicenciana. Javier es laico vicenciano, afiliado a la Congregaci\u00f3n de la Misi\u00f3n y miembro del Equipo de Misiones Populares de la provincia can\u00f3nica de Zaragoza (Espa\u00f1a) de la Congregaci\u00f3n de la Misi\u00f3n. Graduado en la Universidad Oberta de Catalunya con cuatro grados (Asistente de direcci\u00f3n, Gesti\u00f3n Administrativa, Recursos Humanos y Contabilidad Avanzada). Bil\u00edng\u00fce Espa\u00f1ol\/Ingl\u00e9s. gestiona y mantiene varias p\u00e1ginas web cristianas y vicencianas, incluida including La Red de Formaci\u00f3n Vicenciana, de la que es cofundador. Actualmente es responsable del \u00e1rea de Espa\u00f1ol de .famvin, la Red de Noticias de la Familia Vicenciana. Tambi\u00e9n es m\u00fasico cat\u00f3lico y ha editado varios discos. Es Director General y cofundador de Trovador, una reconocida compa\u00f1\u00eda discogr\u00e1fica critiana de Espa\u00f1a. Trabaja en las Tecnolog\u00edas de la Informaci\u00f3n, ofreciendo servicios de alojamiento, dise\u00f1o y mantenimiento Web, as\u00ed como asesoramiento, formaci\u00f3n y soluciones inform\u00e1ticas, gesti\u00f3n documental y digitalizaci\u00f3n de textos, edici\u00f3n y maquetaci\u00f3n de libros, revistas, flyers, etc.","sameAs":["http:\/\/chento.org","https:\/\/www.facebook.com\/JavierChento","https:\/\/x.com\/https:\/\/twitter.com\/javierchento"],"url":"http:\/\/vincentians.com\/es\/author\/chento\/"}]}},"jetpack_publicize_connections":[],"jetpack_featured_media_url":"https:\/\/i0.wp.com\/vincentians.com\/es\/wp-content\/uploads\/sites\/11\/2016\/06\/president-signature.png?fit=236%2C64","jetpack_sharing_enabled":true,"jetpack_shortlink":"https:\/\/wp.me\/p7ETMF-zkL","jetpack-related-posts":[{"id":386942,"url":"http:\/\/vincentians.com\/es\/4o-domingo-de-t-o-reflexion-de-antonio-elduayen\/","url_meta":{"origin":135827,"position":0},"title":"4\u00ba Domingo de T.O. (reflexi\u00f3n de Antonio Elduayen)","author":"Francisco Javier Fern\u00e1ndez Chento","date":"28\/01\/2016","format":false,"excerpt":"Queridos amigos, Hab\u00eda vivido 26 a\u00f1os en Nazaret y aqu\u00ed se vino, cuando despu\u00e9s de sus experiencias del Jord\u00e1n y el Desierto, empez\u00f3 su misi\u00f3n de Mes\u00edas. Amaba a su pueblo y quiso regalarle lo espec\u00edfico o a primicia de anunciarle qui\u00e9n de verdad era \u00e9l, a qu\u00e9 iba a\u2026","rel":"","context":"En \u00abHomil\u00edas y reflexiones, A\u00f1o C\u00bb","block_context":{"text":"Homil\u00edas y reflexiones, A\u00f1o C","link":"http:\/\/vincentians.com\/es\/category\/homilias-y-reflexiones-a-la-palabra-de-dios\/homilias-y-reflexiones-ano-c\/"},"img":{"alt_text":"","src":"https:\/\/i0.wp.com\/vincentians.com\/es\/wp-content\/uploads\/sites\/11\/2016\/07\/reflexiones-palabra-de-dios.jpg?fit=1200%2C630&resize=350%2C200","width":350,"height":200,"srcset":"https:\/\/i0.wp.com\/vincentians.com\/es\/wp-content\/uploads\/sites\/11\/2016\/07\/reflexiones-palabra-de-dios.jpg?fit=1200%2C630&resize=350%2C200 1x, https:\/\/i0.wp.com\/vincentians.com\/es\/wp-content\/uploads\/sites\/11\/2016\/07\/reflexiones-palabra-de-dios.jpg?fit=1200%2C630&resize=525%2C300 1.5x, https:\/\/i0.wp.com\/vincentians.com\/es\/wp-content\/uploads\/sites\/11\/2016\/07\/reflexiones-palabra-de-dios.jpg?fit=1200%2C630&resize=700%2C400 2x, https:\/\/i0.wp.com\/vincentians.com\/es\/wp-content\/uploads\/sites\/11\/2016\/07\/reflexiones-palabra-de-dios.jpg?fit=1200%2C630&resize=1050%2C600 3x"},"classes":[]},{"id":132360,"url":"http:\/\/vincentians.com\/es\/ciclo-b-domingo-3%c2%ba-de-adviento-reflexion-de-jose-roman-flecha\/","url_meta":{"origin":135827,"position":1},"title":"Ciclo B, Domingo 3\u00ba de Adviento (reflexi\u00f3n de Jos\u00e9 Rom\u00e1n Flecha)","author":"Francisco Javier Fern\u00e1ndez Chento","date":"05\/12\/2011","format":false,"excerpt":"MENSAJE DEL PRECURSOR Domingo 3\u00ba de Adviento.B 11 de diciembre de 2011 Los profetas son enviados por Dios para nuestra salvaci\u00f3n. Es verdad que demasiadas veces tienen que denunciar el mal y el pecado. Pero son llamados para ser pregoneros de esperanza: anuncian un mundo de paz y de armon\u00eda\u2026","rel":"","context":"En \u00abHomil\u00edas y reflexiones, A\u00f1o B\u00bb","block_context":{"text":"Homil\u00edas y reflexiones, A\u00f1o B","link":"http:\/\/vincentians.com\/es\/category\/homilias-y-reflexiones-a-la-palabra-de-dios\/homilias-y-reflexiones-ano-b\/"},"img":{"alt_text":"","src":"https:\/\/i0.wp.com\/vincentians.com\/es\/wp-content\/uploads\/sites\/11\/2016\/07\/reflexiones-palabra-de-dios.jpg?fit=1200%2C630&resize=350%2C200","width":350,"height":200,"srcset":"https:\/\/i0.wp.com\/vincentians.com\/es\/wp-content\/uploads\/sites\/11\/2016\/07\/reflexiones-palabra-de-dios.jpg?fit=1200%2C630&resize=350%2C200 1x, https:\/\/i0.wp.com\/vincentians.com\/es\/wp-content\/uploads\/sites\/11\/2016\/07\/reflexiones-palabra-de-dios.jpg?fit=1200%2C630&resize=525%2C300 1.5x, https:\/\/i0.wp.com\/vincentians.com\/es\/wp-content\/uploads\/sites\/11\/2016\/07\/reflexiones-palabra-de-dios.jpg?fit=1200%2C630&resize=700%2C400 2x, https:\/\/i0.wp.com\/vincentians.com\/es\/wp-content\/uploads\/sites\/11\/2016\/07\/reflexiones-palabra-de-dios.jpg?fit=1200%2C630&resize=1050%2C600 3x"},"classes":[]},{"id":132447,"url":"http:\/\/vincentians.com\/es\/6o-domingo-de-pascua-reflexion-de-julio-cesar-villalobos-c-m\/","url_meta":{"origin":135827,"position":2},"title":"6\u00ba Domingo de Pascua (reflexi\u00f3n de Julio C\u00e9sar Villalobos, C.M.)","author":"Francisco Javier Fern\u00e1ndez Chento","date":"11\/05\/2012","format":false,"excerpt":"El pedido de Jes\u00fas: permanecer en su amor \u00bfAlguna vez has recibido un regalo?, \u00bfte recuerdas alg\u00fan regalo especial?, \u00bfquiz\u00e1s algo material?, \u00bfquiz\u00e1s algo que ha marcado para siempre tu vida?, \u00bfaceptaste o no ese regalo que te hicieron?, \u00bfconservas ese regalo hasta hoy?... Hubo una vez una persona joven\u2026","rel":"","context":"En \u00abHomil\u00edas y reflexiones, A\u00f1o B\u00bb","block_context":{"text":"Homil\u00edas y reflexiones, A\u00f1o B","link":"http:\/\/vincentians.com\/es\/category\/homilias-y-reflexiones-a-la-palabra-de-dios\/homilias-y-reflexiones-ano-b\/"},"img":{"alt_text":"","src":"https:\/\/i0.wp.com\/vincentians.com\/es\/wp-content\/uploads\/sites\/11\/2016\/07\/reflexiones-palabra-de-dios.jpg?fit=1200%2C630&resize=350%2C200","width":350,"height":200,"srcset":"https:\/\/i0.wp.com\/vincentians.com\/es\/wp-content\/uploads\/sites\/11\/2016\/07\/reflexiones-palabra-de-dios.jpg?fit=1200%2C630&resize=350%2C200 1x, https:\/\/i0.wp.com\/vincentians.com\/es\/wp-content\/uploads\/sites\/11\/2016\/07\/reflexiones-palabra-de-dios.jpg?fit=1200%2C630&resize=525%2C300 1.5x, https:\/\/i0.wp.com\/vincentians.com\/es\/wp-content\/uploads\/sites\/11\/2016\/07\/reflexiones-palabra-de-dios.jpg?fit=1200%2C630&resize=700%2C400 2x, https:\/\/i0.wp.com\/vincentians.com\/es\/wp-content\/uploads\/sites\/11\/2016\/07\/reflexiones-palabra-de-dios.jpg?fit=1200%2C630&resize=1050%2C600 3x"},"classes":[]},{"id":151844,"url":"http:\/\/vincentians.com\/es\/santisima-trinidad-reflexion-de-jose-antonio-pagola\/","url_meta":{"origin":135827,"position":3},"title":"Sant\u00edsima Trinidad (reflexi\u00f3n de Jos\u00e9 Antonio Pagola)","author":"Francisco Javier Fern\u00e1ndez Chento","date":"25\/05\/2015","format":false,"excerpt":"Lo esencial del Credo A lo largo de los siglos, los te\u00f3logos cristianos han elaborado profundos estudios sobre la Trinidad. Sin embargo, bastantes cristianos de nuestros d\u00edas no logran captar qu\u00e9 tienen que ver con su vida esas admirables doctrinas. Al parecer, hoy necesitamos o\u00edr hablar de Dios con palabras\u2026","rel":"","context":"En \u00abHomil\u00edas y reflexiones, A\u00f1o B\u00bb","block_context":{"text":"Homil\u00edas y reflexiones, A\u00f1o B","link":"http:\/\/vincentians.com\/es\/category\/homilias-y-reflexiones-a-la-palabra-de-dios\/homilias-y-reflexiones-ano-b\/"},"img":{"alt_text":"","src":"https:\/\/i0.wp.com\/vincentians.com\/es\/wp-content\/uploads\/sites\/11\/2016\/07\/reflexiones-pagola.jpg?fit=1200%2C630&resize=350%2C200","width":350,"height":200,"srcset":"https:\/\/i0.wp.com\/vincentians.com\/es\/wp-content\/uploads\/sites\/11\/2016\/07\/reflexiones-pagola.jpg?fit=1200%2C630&resize=350%2C200 1x, https:\/\/i0.wp.com\/vincentians.com\/es\/wp-content\/uploads\/sites\/11\/2016\/07\/reflexiones-pagola.jpg?fit=1200%2C630&resize=525%2C300 1.5x, https:\/\/i0.wp.com\/vincentians.com\/es\/wp-content\/uploads\/sites\/11\/2016\/07\/reflexiones-pagola.jpg?fit=1200%2C630&resize=700%2C400 2x, https:\/\/i0.wp.com\/vincentians.com\/es\/wp-content\/uploads\/sites\/11\/2016\/07\/reflexiones-pagola.jpg?fit=1200%2C630&resize=1050%2C600 3x"},"classes":[]},{"id":133650,"url":"http:\/\/vincentians.com\/es\/natividad-del-senor-reflexion-de-la-s-s-v-p-en-espana\/","url_meta":{"origin":135827,"position":4},"title":"Natividad del Se\u00f1or (reflexi\u00f3n de la S.S.V.P. en Espa\u00f1a)","author":"Francisco Javier Fern\u00e1ndez Chento","date":"22\/12\/2014","format":false,"excerpt":"Misa de Noche Is. 9, 1-3. 5-6; Tito 2, 11-14; Lc. 2, 1.14 Hermosos textos de las Lecturas de la \"Misa de media noche\". El nacimiento que hac\u00eda gritar de alegr\u00eda a Isa\u00edas: \u00a1Un Ni\u00f1o nos ha nacido, un Hijo se nos ha dado!, tiene lugar esta noche. Aquello, no\u2026","rel":"","context":"En \u00abHomil\u00edas y reflexiones, A\u00f1o A\u00bb","block_context":{"text":"Homil\u00edas y reflexiones, A\u00f1o A","link":"http:\/\/vincentians.com\/es\/category\/homilias-y-reflexiones-a-la-palabra-de-dios\/homilias-y-reflexiones-ano-a\/"},"img":{"alt_text":"","src":"https:\/\/i0.wp.com\/vincentians.com\/es\/wp-content\/uploads\/sites\/11\/2016\/07\/reflexiones-palabra-de-dios.jpg?fit=1200%2C630&resize=350%2C200","width":350,"height":200,"srcset":"https:\/\/i0.wp.com\/vincentians.com\/es\/wp-content\/uploads\/sites\/11\/2016\/07\/reflexiones-palabra-de-dios.jpg?fit=1200%2C630&resize=350%2C200 1x, https:\/\/i0.wp.com\/vincentians.com\/es\/wp-content\/uploads\/sites\/11\/2016\/07\/reflexiones-palabra-de-dios.jpg?fit=1200%2C630&resize=525%2C300 1.5x, https:\/\/i0.wp.com\/vincentians.com\/es\/wp-content\/uploads\/sites\/11\/2016\/07\/reflexiones-palabra-de-dios.jpg?fit=1200%2C630&resize=700%2C400 2x, https:\/\/i0.wp.com\/vincentians.com\/es\/wp-content\/uploads\/sites\/11\/2016\/07\/reflexiones-palabra-de-dios.jpg?fit=1200%2C630&resize=1050%2C600 3x"},"classes":[]},{"id":144007,"url":"http:\/\/vincentians.com\/es\/5o-domingo-de-pascua-reflexion-de-jose-roman-flecha-4\/","url_meta":{"origin":135827,"position":5},"title":"5\u00ba Domingo de Pascua (reflexi\u00f3n de Jos\u00e9 Rom\u00e1n Flecha)","author":"Francisco Javier Fern\u00e1ndez Chento","date":"27\/04\/2015","format":false,"excerpt":"LA VID Y LOS SARMIENTOS Domingo 5\u00ba de Pascua. B. 3 de mayo de 2015 \u201cLa Iglesia gozaba de paz en toda Judea, Galilea y Samar\u00eda. Se iba construyendo y progresaba en la fidelidad del Se\u00f1or y se multiplicaba animada por el Esp\u00edritu Santo\u201d. As\u00ed se refiere en uno de\u2026","rel":"","context":"En \u00abHomil\u00edas y reflexiones, A\u00f1o B\u00bb","block_context":{"text":"Homil\u00edas y reflexiones, A\u00f1o B","link":"http:\/\/vincentians.com\/es\/category\/homilias-y-reflexiones-a-la-palabra-de-dios\/homilias-y-reflexiones-ano-b\/"},"img":{"alt_text":"","src":"https:\/\/i0.wp.com\/vincentians.com\/es\/wp-content\/uploads\/sites\/11\/2016\/07\/reflexiones-palabra-de-dios.jpg?fit=1200%2C630&resize=350%2C200","width":350,"height":200,"srcset":"https:\/\/i0.wp.com\/vincentians.com\/es\/wp-content\/uploads\/sites\/11\/2016\/07\/reflexiones-palabra-de-dios.jpg?fit=1200%2C630&resize=350%2C200 1x, https:\/\/i0.wp.com\/vincentians.com\/es\/wp-content\/uploads\/sites\/11\/2016\/07\/reflexiones-palabra-de-dios.jpg?fit=1200%2C630&resize=525%2C300 1.5x, https:\/\/i0.wp.com\/vincentians.com\/es\/wp-content\/uploads\/sites\/11\/2016\/07\/reflexiones-palabra-de-dios.jpg?fit=1200%2C630&resize=700%2C400 2x, https:\/\/i0.wp.com\/vincentians.com\/es\/wp-content\/uploads\/sites\/11\/2016\/07\/reflexiones-palabra-de-dios.jpg?fit=1200%2C630&resize=1050%2C600 3x"},"classes":[]}],"_links":{"self":[{"href":"http:\/\/vincentians.com\/es\/wp-json\/wp\/v2\/posts\/135827","targetHints":{"allow":["GET"]}}],"collection":[{"href":"http:\/\/vincentians.com\/es\/wp-json\/wp\/v2\/posts"}],"about":[{"href":"http:\/\/vincentians.com\/es\/wp-json\/wp\/v2\/types\/post"}],"author":[{"embeddable":true,"href":"http:\/\/vincentians.com\/es\/wp-json\/wp\/v2\/users\/4"}],"replies":[{"embeddable":true,"href":"http:\/\/vincentians.com\/es\/wp-json\/wp\/v2\/comments?post=135827"}],"version-history":[{"count":0,"href":"http:\/\/vincentians.com\/es\/wp-json\/wp\/v2\/posts\/135827\/revisions"}],"wp:featuredmedia":[{"embeddable":true,"href":"http:\/\/vincentians.com\/es\/wp-json\/wp\/v2\/media\/5"}],"wp:attachment":[{"href":"http:\/\/vincentians.com\/es\/wp-json\/wp\/v2\/media?parent=135827"}],"wp:term":[{"taxonomy":"category","embeddable":true,"href":"http:\/\/vincentians.com\/es\/wp-json\/wp\/v2\/categories?post=135827"},{"taxonomy":"post_tag","embeddable":true,"href":"http:\/\/vincentians.com\/es\/wp-json\/wp\/v2\/tags?post=135827"}],"curies":[{"name":"wp","href":"https:\/\/api.w.org\/{rel}","templated":true}]}}