{"id":135825,"date":"2010-12-11T07:07:28","date_gmt":"2010-12-11T06:07:28","guid":{"rendered":"http:\/\/somos.vicencianos.org\/comentarios\/2010\/12\/11\/domingo-12-de-diciembre-3%c2%ba-de-adviento\/"},"modified":"2016-07-24T10:22:20","modified_gmt":"2016-07-24T08:22:20","slug":"ciclo-a-domingo-3%c2%ba-de-adviento-reflexion-de-servicios-koinonia","status":"publish","type":"post","link":"http:\/\/vincentians.com\/es\/ciclo-a-domingo-3%c2%ba-de-adviento-reflexion-de-servicios-koinonia\/","title":{"rendered":"Ciclo A, Domingo 3\u00ba de Adviento (reflexi\u00f3n de Servicios Koinon\u00eda)"},"content":{"rendered":"<p>La primera y la segunda lectura de hoy, del profeta Isa\u00edas y del  ap\u00f3stol Santiago, coinciden en el mensaje: merece la pena esperar, hay  que esperar, debemos esperar, porque viene nuestro Dios, \u00e9l mismo viene  en persona, y trae el desquite\u2026 Hay que tener paciencia, porque es  inminente su llegada, ya est\u00e1 a la puerta\u2026<\/p>\n<p>No dudamos de que esta forma de plantear  la esperanza, de vivirla y de transmitirla, ha sido \u00fatil y muy eficaz  para muchas generaciones anteriores a nosotros, pero tampoco dudamos de  que hoy d\u00eda, ese planteamiento pudiera no servir ya.<\/p>\n<p>Este motivo aducido cl\u00e1sicamente para fundamentar la esperanza, de  que Alguien viene, alguien va a irrumpir apocal\u00edpticamente en nuestra  vida, incluso con inminencia, y de que nuestra esperanza consista en  \u00abesperar\u00bb (de espera, no de esperanza) su llegada\u2026 no resulta hoy ya  plausible. Ese esquema conceptual seg\u00fan el cual Dios ha anunciado que  vuelve, en una segunda venida que sellar\u00e1 el final del mundo, y que  nosotros estamos en un tiempo intermedio, incierto y amenazado por la  espada colgante (de Damocles) de esa sorpresa que llegar\u00e1 como la visita  del ladr\u00f3n, ha sido una imagen poderosa, que ha cautivado la atenci\u00f3n  de muchas generaciones, pero que hoy empieza ya a no funcionar.<\/p>\n<p>Aquellas generaciones ten\u00edan una comprensi\u00f3n del mundo  fundamentalmente religiosa, inserta en las coordenadas de la descripci\u00f3n  del mundo que las mismas religiones hab\u00edan elaborado: un mundo que  consist\u00eda esencialmente en un \u00abplan de Dios\u00bb para poner una prueba al  ser humano y llevarlo a otra vida, mejor o peor seg\u00fan mereciera premio o  castigo.<\/p>\n<p>Dentro de ese \u00abpeque\u00f1o mundo\u00bb, dentro de esa cosmovisi\u00f3n religiosista  que ocup\u00f3 por milenios el imaginario de nuestros mayores, funcionaba el  hablar de una segunda venida, de la prueba que Dios nos pone, de la  amenaza que supone la posible sorpresa del Dios que viene e irrumpe en  el mundo para finalizarlo e inaugurar otro e\u00f3n, el de los premios y  castigos. Este imaginario religioso (tradicional, antiqu\u00edsimo,  milenario\u2026) est\u00e1 agot\u00e1ndose, desapareciendo con las generaciones  mayores, desvaneci\u00e9ndose y perdiendo vivacidad yplausibilidad en las  generaciones medias, y siendo rechazada en las generaciones j\u00f3venes, en  las que no logra ya implantarse.<\/p>\n<p>En el nuevo imaginario o cosmovisi\u00f3n que muchos estamos adquiriendo,  fundamentado en la nueva imagen que la cosmolog\u00eda y el conjunto actual  de las ciencias nos ofrecen, ya no cabe concebir la realidad tan  \u00abantropoc\u00e9ntricamente\u00bb como para pensar que todo consiste y todo se  reduce a \u00abun plan que Dios ha hecho para probar al ser humano\u00bb. Al ser  humano actual no le resulta ya plausible una espiritualidad que le dice  que \u00e9l es el centro del cosmos, y que este cosmos \u00abha sido creado  simplemente para servir de escenario al drama humano de su salvaci\u00f3n  ultraterrena\u00bb\u2026 Y no le resulta plausible tampoco que el misterio tan  respetable del m\u00e1s all\u00e1 sea asociado con, y puesto al servicio de la  amenaza de castigos ni de la promesa de premios\u2026<\/p>\n<p>\u00bfEs posible ser cristiano sin tener que adoptar estas im\u00e1genes que  hoy sentimos como no incorporables a nuestra cosmovisi\u00f3n? S\u00ed, lo es, al  costo de purificar nuestra esperanza -y, m\u00e1s ampliamente, nuestra  cosmovisi\u00f3n global- de aquellas im\u00e1genes propias de un tiempo que ya no  es el nuestro.<\/p>\n<p>En realidad, lo que importa es el contenido profundo, la experiencia  espiritual, la dimensi\u00f3n de esperanza (en este caso), no el soporte de  categor\u00edas, esquemas mentales, cosmovisiones apocal\u00edpticas o esquemas de  concepci\u00f3n del tiempo de los que echaron mano nuestros antepasados. El  cristianismo, a lo largo de s historia, ya ha abandonado muchas im\u00e1genes  que en su tiempo fueron comunes, que luego se oscurecieron, y que  finalmente nos resultaron inaceptables (de algunas de las cuales hoy  incluso nos avergonzamos).<\/p>\n<p>En los \u00faltimos tiempos, el predominio del pensamiento est\u00e1tico, el  supuesto de la ahistoricidad y la negaci\u00f3n del car\u00e1cter evolutivo de  todo, nos ha querido hacer pensar que no podemos cambiar nada, que  debemos creer a la letra lo que expresaron nuestros mayores, sin  remontarnos a revivir su misma experiencia profunda pero con libertad y  creatividad, y que nada puede ser innovado. Pero la misma historia est\u00e1  ah\u00ed para demostrar lo contrario a quien sepa y quiera verlo. Y tambi\u00e9n  est\u00e1 ah\u00ed el presente: son muchos ya, de hecho, los cristianos\/as que  \u00abcreen de otra manera\u00bb.<\/p>\n<p>El evangelio de Mateo nos presenta la llamada \u00abprueba mesi\u00e1nica\u00bb.  Juan el Bautista desde la c\u00e1rcel manda emisarios para preguntarle a  Jes\u00fas si es \u00e9l el esperado o si deben esperar a otro. Jes\u00fas no responde  con algunas pruebas teologicas, ni con citas b\u00edblicas apolog\u00e9ticas, o  con algunos dogmas o doctrinas, sino que se remite y remite a los  consultantes a los puros hechos, que pueden ser \u00abvistos y o\u00eddos\u00bb: \u00ablos  ciegos ven, los inv\u00e1lidos andan, los leprosos quedan limpios\u2026 y a los  pobres se les anuncia el Evangelio, la Buena Noticia\u00bb.<\/p>\n<p>Estos \u00abhechos\u00bb, estas buenas noticias, son la prueba de identidad del  Mes\u00edas. Y ser\u00e1n, tienen que ser, la prueba de identidad de quienes  sigan al Mes\u00edas, al Xrist\u00f3s, o sea, los \u00abcristianos\u00bb. S\u00f3lo si nuestra  vida produce esos mismos hechos, s\u00f3lo si somos \u00abbuena noticia para los  pobres\u00bb, s\u00f3lo entonces estaremos siendo seguidores de aquel Mes\u00edas, del  Xrist\u00f3s, o sea, \u00abcristianos\u00bb.<\/p>\n<p>No olvidamos que hoy es la fiesta de Nuestra Se\u00f1ora de Guadalupe, tan  latinoamericana, y mexican\u00edsima. Buena ocasi\u00f3n para leer algo de lo  mucho que ha sido escrito sobre ese \u00abmensaje guadalupano\u00bb que, todav\u00eda  hoy, sigue cautivando a los expertos.<\/p>\n<blockquote><p><strong>Para la revisi\u00f3n de vida<\/strong><\/p>\n<p>Deteng\u00e1monos un momento en nuestro camino de evangelizadores y  tratemos de configurar de nuevo en nuestra vida la imagen de Jes\u00fas:  \u00bfcoincide esa imagen con la que nos revelan los evangelios?  Pregunt\u00e9monos: \u201ceres t\u00fa, o debemos replantearnos tu imagen?<\/p>\n<p><strong>Para la reuni\u00f3n de grupo<\/strong><\/p>\n<p>\u00bfEl mundo se va a acabar, o puede ser que se acabe \u00abcon la segunda  venida de Cristo\u00bb? \u00bfEs dogma de fe? \u00bfQu\u00e9 fundamento tiene? Pero, \u00bfqu\u00e9  significar\u00eda en todo caso? \u00bfEs un elemento esencial del \u00abrelato\u00bb  cristiano? \u00bfQu\u00e9 es lo que ser\u00eda esencial, la expresi\u00f3n o su contenido  profundo? \u00bfY cu\u00e1l es ese contenido? Se puede ser cristiano y \u00abcreer\u00bb en  el mundo que la ciencia nos presenta hoy d\u00eda? Alguien puede preparar  este tema con una reflexi\u00f3n-planteamiento del tema. Luego se conversa y  dialoga abiertamente, y alguien finalmente trata de expresar una  conclusi\u00f3n com\u00fan, aunque no sea \u00fanica.<\/p>\n<p>&#8211; Retomemos la respuesta de Jes\u00fas a los mensajeros de Juan, \u00bfcu\u00e1les  son las se\u00f1ales que Jes\u00fas ve como la prueba de su mesianismo? \u00bfValen  esas mismas se\u00f1ales para probar la identidad del seguidor del Mes\u00edas?  Poner alg\u00fan ejemplo: \u00bfen qu\u00e9 situaciones, actitudes, personas, grupos\u2026  creemos que hoy se dan esas buenas noticias, esas pruebas de estar  compartiendo la misi\u00f3n del Mes\u00edas\u2026 y en cu\u00e1les no?<\/p>\n<p><strong>Para la oraci\u00f3n de los fieles<\/strong><\/p>\n<p>&#8211; Por los que viven sin esperanza o en tristeza, para que Cristo  Salvador los llene de fortaleza y de alegr\u00eda. Roguemos al Se\u00f1or.<\/p>\n<p>&#8211; Por nuestros grupos y comunidades, para que a pesar de las  dificultades e injusticias que enfrentamos cada d\u00eda, seamos capaces de  sembrar esperanza y luchar con entusiasmo evang\u00e9lico por un mundo mejor.  Roguemos al Se\u00f1or.<\/p>\n<p>&#8211; Por los que hemos sido llamados a trabajar de manera directa en el  anuncio del Evangelio, para que el Jes\u00fas que predicamos sea el que  realmente vivimos y seguimos. Roguemos al Se\u00f1or.<\/p>\n<p>&#8211; Por todas las iglesias que confiesan su fe en Jes\u00fas, para que m\u00e1s all\u00e1  de los intereses de grupo sepamos poner todos nuestros esfuerzos a  favor de la paz, la unidad y la fraternidad. Roguemos\u2026<\/p>\n<p><strong>Oraci\u00f3n comunitaria<\/strong><\/p>\n<p>Padre bueno, al acercarnos a la celebraci\u00f3n de la fiesta entra\u00f1able  de la Navidad te pedimos que acrecientes nuestra esperanza, para que  nunca desistamos del esfuerzo por crear un mundo en el que el amor sea  posible. Nosotros te lo pedimos por Jes\u00fas de Nazaret, hijo tuyo y  hermano nuestro, cuyo nacimiento nos aprestamos a celebrar. Am\u00e9n.<\/p>\n<p>Oh Fuerza vital que nos constituyes, que nos has hecho brotar de la  Vida, como Materia organizada y consciente, que se mantiene y se  sostiene contra el embate del Tiempo, que tiende continuamente a  disolverla\u2026 Nos entregamos a tu abrazo poderoso que nos ha tra\u00eddo al  ser, nos mantiene en \u00e9l, y un d\u00eda nos abrazar\u00e1 plenamente hasta  absorbernos en su seno y mantenernos ya para siempre unidos a Ti\u2026 Am\u00e9n.<\/p><\/blockquote>\n","protected":false},"excerpt":{"rendered":"<p>La primera y la segunda lectura de hoy, del profeta Isa\u00edas y del ap\u00f3stol Santiago, coinciden en el mensaje: merece la pena esperar, hay que esperar, debemos esperar, porque viene nuestro Dios, \u00e9l mismo viene &#8230; <a href=\"http:\/\/vincentians.com\/es\/ciclo-a-domingo-3%c2%ba-de-adviento-reflexion-de-servicios-koinonia\/\" class=\"more-link\">Read More<\/a><\/p>\n","protected":false},"author":4,"featured_media":388408,"comment_status":"open","ping_status":"open","sticky":false,"template":"","format":"standard","meta":{"jetpack_post_was_ever_published":false,"_jetpack_newsletter_access":"","_jetpack_dont_email_post_to_subs":false,"_jetpack_newsletter_tier_id":0,"_jetpack_memberships_contains_paywalled_content":false,"_jetpack_memberships_contains_paid_content":false,"footnotes":"","jetpack_publicize_message":"","jetpack_publicize_feature_enabled":true,"jetpack_social_post_already_shared":true,"jetpack_social_options":{"image_generator_settings":{"template":"highway","default_image_id":0,"font":"","enabled":false},"version":2}},"categories":[95],"tags":[],"class_list":["post-135825","post","type-post","status-publish","format-standard","has-post-thumbnail","hentry","category-homilias-y-reflexiones-ano-a"],"yoast_head":"<!-- This site is optimized with the Yoast SEO plugin v26.3 - https:\/\/yoast.com\/wordpress\/plugins\/seo\/ -->\n<title>Ciclo A, Domingo 3\u00ba de Adviento (reflexi\u00f3n de Servicios Koinon\u00eda) - Somos Vicencianos<\/title>\n<meta name=\"robots\" content=\"index, follow, max-snippet:-1, max-image-preview:large, max-video-preview:-1\" \/>\n<link rel=\"canonical\" href=\"http:\/\/vincentians.com\/es\/ciclo-a-domingo-3\u00ba-de-adviento-reflexion-de-servicios-koinonia\/\" \/>\n<meta property=\"og:locale\" content=\"es_ES\" \/>\n<meta property=\"og:type\" content=\"article\" \/>\n<meta property=\"og:title\" content=\"Ciclo A, Domingo 3\u00ba de Adviento (reflexi\u00f3n de Servicios Koinon\u00eda) - Somos Vicencianos\" \/>\n<meta property=\"og:description\" content=\"La primera y la segunda lectura de hoy, del profeta Isa\u00edas y del ap\u00f3stol Santiago, coinciden en el mensaje: merece la pena esperar, hay que esperar, debemos esperar, porque viene nuestro Dios, \u00e9l mismo viene ... Read More\" \/>\n<meta property=\"og:url\" content=\"http:\/\/vincentians.com\/es\/ciclo-a-domingo-3\u00ba-de-adviento-reflexion-de-servicios-koinonia\/\" \/>\n<meta property=\"og:site_name\" content=\"Somos Vicencianos\" \/>\n<meta property=\"article:publisher\" content=\"https:\/\/www.facebook.com\/WeAreVincentians\/\" \/>\n<meta property=\"article:author\" content=\"https:\/\/www.facebook.com\/JavierChento\" \/>\n<meta property=\"article:published_time\" content=\"2010-12-11T06:07:28+00:00\" \/>\n<meta property=\"article:modified_time\" content=\"2016-07-24T08:22:20+00:00\" \/>\n<meta property=\"og:image\" content=\"https:\/\/i0.wp.com\/vincentians.com\/es\/wp-content\/uploads\/sites\/11\/2016\/07\/reflexiones-palabra-de-dios.jpg?fit=1200%2C630\" \/>\n\t<meta property=\"og:image:width\" content=\"1200\" \/>\n\t<meta property=\"og:image:height\" content=\"630\" \/>\n\t<meta property=\"og:image:type\" content=\"image\/jpeg\" \/>\n<meta name=\"author\" content=\"Francisco Javier Fern\u00e1ndez Chento\" \/>\n<meta name=\"twitter:card\" content=\"summary_large_image\" \/>\n<meta name=\"twitter:creator\" content=\"@https:\/\/twitter.com\/javierchento\" \/>\n<meta name=\"twitter:site\" content=\"@WeVincentians\" \/>\n<meta name=\"twitter:label1\" content=\"Escrito por\" \/>\n\t<meta name=\"twitter:data1\" content=\"Francisco Javier Fern\u00e1ndez Chento\" \/>\n\t<meta name=\"twitter:label2\" content=\"Tiempo de lectura\" \/>\n\t<meta name=\"twitter:data2\" content=\"7 minutos\" \/>\n<script type=\"application\/ld+json\" class=\"yoast-schema-graph\">{\"@context\":\"https:\/\/schema.org\",\"@graph\":[{\"@type\":\"Article\",\"@id\":\"http:\/\/vincentians.com\/es\/ciclo-a-domingo-3%c2%ba-de-adviento-reflexion-de-servicios-koinonia\/#article\",\"isPartOf\":{\"@id\":\"http:\/\/vincentians.com\/es\/ciclo-a-domingo-3%c2%ba-de-adviento-reflexion-de-servicios-koinonia\/\"},\"author\":{\"name\":\"Francisco Javier Fern\u00e1ndez Chento\",\"@id\":\"http:\/\/vincentians.com\/es\/#\/schema\/person\/9623ef4d9aa3b2dfb8c061f1499288f2\"},\"headline\":\"Ciclo A, Domingo 3\u00ba de Adviento (reflexi\u00f3n de Servicios Koinon\u00eda)\",\"datePublished\":\"2010-12-11T06:07:28+00:00\",\"dateModified\":\"2016-07-24T08:22:20+00:00\",\"mainEntityOfPage\":{\"@id\":\"http:\/\/vincentians.com\/es\/ciclo-a-domingo-3%c2%ba-de-adviento-reflexion-de-servicios-koinonia\/\"},\"wordCount\":1497,\"commentCount\":0,\"publisher\":{\"@id\":\"http:\/\/vincentians.com\/es\/#organization\"},\"image\":{\"@id\":\"http:\/\/vincentians.com\/es\/ciclo-a-domingo-3%c2%ba-de-adviento-reflexion-de-servicios-koinonia\/#primaryimage\"},\"thumbnailUrl\":\"https:\/\/i0.wp.com\/vincentians.com\/es\/wp-content\/uploads\/sites\/11\/2016\/07\/reflexiones-palabra-de-dios.jpg?fit=1200%2C630\",\"articleSection\":[\"Homil\u00edas y reflexiones, A\u00f1o A\"],\"inLanguage\":\"es\",\"potentialAction\":[{\"@type\":\"CommentAction\",\"name\":\"Comment\",\"target\":[\"http:\/\/vincentians.com\/es\/ciclo-a-domingo-3%c2%ba-de-adviento-reflexion-de-servicios-koinonia\/#respond\"]}]},{\"@type\":\"WebPage\",\"@id\":\"http:\/\/vincentians.com\/es\/ciclo-a-domingo-3%c2%ba-de-adviento-reflexion-de-servicios-koinonia\/\",\"url\":\"http:\/\/vincentians.com\/es\/ciclo-a-domingo-3%c2%ba-de-adviento-reflexion-de-servicios-koinonia\/\",\"name\":\"Ciclo A, Domingo 3\u00ba de Adviento (reflexi\u00f3n de Servicios Koinon\u00eda) - Somos Vicencianos\",\"isPartOf\":{\"@id\":\"http:\/\/vincentians.com\/es\/#website\"},\"primaryImageOfPage\":{\"@id\":\"http:\/\/vincentians.com\/es\/ciclo-a-domingo-3%c2%ba-de-adviento-reflexion-de-servicios-koinonia\/#primaryimage\"},\"image\":{\"@id\":\"http:\/\/vincentians.com\/es\/ciclo-a-domingo-3%c2%ba-de-adviento-reflexion-de-servicios-koinonia\/#primaryimage\"},\"thumbnailUrl\":\"https:\/\/i0.wp.com\/vincentians.com\/es\/wp-content\/uploads\/sites\/11\/2016\/07\/reflexiones-palabra-de-dios.jpg?fit=1200%2C630\",\"datePublished\":\"2010-12-11T06:07:28+00:00\",\"dateModified\":\"2016-07-24T08:22:20+00:00\",\"breadcrumb\":{\"@id\":\"http:\/\/vincentians.com\/es\/ciclo-a-domingo-3%c2%ba-de-adviento-reflexion-de-servicios-koinonia\/#breadcrumb\"},\"inLanguage\":\"es\",\"potentialAction\":[{\"@type\":\"ReadAction\",\"target\":[\"http:\/\/vincentians.com\/es\/ciclo-a-domingo-3%c2%ba-de-adviento-reflexion-de-servicios-koinonia\/\"]}]},{\"@type\":\"ImageObject\",\"inLanguage\":\"es\",\"@id\":\"http:\/\/vincentians.com\/es\/ciclo-a-domingo-3%c2%ba-de-adviento-reflexion-de-servicios-koinonia\/#primaryimage\",\"url\":\"https:\/\/i0.wp.com\/vincentians.com\/es\/wp-content\/uploads\/sites\/11\/2016\/07\/reflexiones-palabra-de-dios.jpg?fit=1200%2C630\",\"contentUrl\":\"https:\/\/i0.wp.com\/vincentians.com\/es\/wp-content\/uploads\/sites\/11\/2016\/07\/reflexiones-palabra-de-dios.jpg?fit=1200%2C630\",\"width\":1200,\"height\":630},{\"@type\":\"BreadcrumbList\",\"@id\":\"http:\/\/vincentians.com\/es\/ciclo-a-domingo-3%c2%ba-de-adviento-reflexion-de-servicios-koinonia\/#breadcrumb\",\"itemListElement\":[{\"@type\":\"ListItem\",\"position\":1,\"name\":\"Portada\",\"item\":\"http:\/\/vincentians.com\/es\/\"},{\"@type\":\"ListItem\",\"position\":2,\"name\":\"Ciclo A, Domingo 3\u00ba de Adviento (reflexi\u00f3n de Servicios Koinon\u00eda)\"}]},{\"@type\":\"WebSite\",\"@id\":\"http:\/\/vincentians.com\/es\/#website\",\"url\":\"http:\/\/vincentians.com\/es\/\",\"name\":\"Somos Vicencianos\",\"description\":\"Know more to serve more\",\"publisher\":{\"@id\":\"http:\/\/vincentians.com\/es\/#organization\"},\"potentialAction\":[{\"@type\":\"SearchAction\",\"target\":{\"@type\":\"EntryPoint\",\"urlTemplate\":\"http:\/\/vincentians.com\/es\/?s={search_term_string}\"},\"query-input\":{\"@type\":\"PropertyValueSpecification\",\"valueRequired\":true,\"valueName\":\"search_term_string\"}}],\"inLanguage\":\"es\"},{\"@type\":\"Organization\",\"@id\":\"http:\/\/vincentians.com\/es\/#organization\",\"name\":\"The Vincentian Network\",\"url\":\"http:\/\/vincentians.com\/es\/\",\"logo\":{\"@type\":\"ImageObject\",\"inLanguage\":\"es\",\"@id\":\"http:\/\/vincentians.com\/es\/#\/schema\/logo\/image\/\",\"url\":\"https:\/\/i1.wp.com\/vincentians.com\/es\/wp-content\/uploads\/sites\/11\/2016\/06\/Vincentian-Network-logo-big.png?fit=778%2C778\",\"contentUrl\":\"https:\/\/i1.wp.com\/vincentians.com\/es\/wp-content\/uploads\/sites\/11\/2016\/06\/Vincentian-Network-logo-big.png?fit=778%2C778\",\"width\":778,\"height\":778,\"caption\":\"The Vincentian Network\"},\"image\":{\"@id\":\"http:\/\/vincentians.com\/es\/#\/schema\/logo\/image\/\"},\"sameAs\":[\"https:\/\/www.facebook.com\/WeAreVincentians\/\",\"https:\/\/x.com\/WeVincentians\"]},{\"@type\":\"Person\",\"@id\":\"http:\/\/vincentians.com\/es\/#\/schema\/person\/9623ef4d9aa3b2dfb8c061f1499288f2\",\"name\":\"Francisco Javier Fern\u00e1ndez Chento\",\"image\":{\"@type\":\"ImageObject\",\"inLanguage\":\"es\",\"@id\":\"http:\/\/vincentians.com\/es\/#\/schema\/person\/image\/\",\"url\":\"https:\/\/secure.gravatar.com\/avatar\/497d5cde87b4c3d097d0315953521681ba2cd523ee66e5077c3711f7021e65de?s=96&d=mm&r=g\",\"contentUrl\":\"https:\/\/secure.gravatar.com\/avatar\/497d5cde87b4c3d097d0315953521681ba2cd523ee66e5077c3711f7021e65de?s=96&d=mm&r=g\",\"caption\":\"Francisco Javier Fern\u00e1ndez Chento\"},\"description\":\"Director General y cofundador de La Red de Formaci\u00f3n Vicenciana. Javier es laico vicenciano, afiliado a la Congregaci\u00f3n de la Misi\u00f3n y miembro del Equipo de Misiones Populares de la provincia can\u00f3nica de Zaragoza (Espa\u00f1a) de la Congregaci\u00f3n de la Misi\u00f3n. Graduado en la Universidad Oberta de Catalunya con cuatro grados (Asistente de direcci\u00f3n, Gesti\u00f3n Administrativa, Recursos Humanos y Contabilidad Avanzada). Bil\u00edng\u00fce Espa\u00f1ol\/Ingl\u00e9s. gestiona y mantiene varias p\u00e1ginas web cristianas y vicencianas, incluida including La Red de Formaci\u00f3n Vicenciana, de la que es cofundador. Actualmente es responsable del \u00e1rea de Espa\u00f1ol de .famvin, la Red de Noticias de la Familia Vicenciana. Tambi\u00e9n es m\u00fasico cat\u00f3lico y ha editado varios discos. Es Director General y cofundador de Trovador, una reconocida compa\u00f1\u00eda discogr\u00e1fica critiana de Espa\u00f1a. Trabaja en las Tecnolog\u00edas de la Informaci\u00f3n, ofreciendo servicios de alojamiento, dise\u00f1o y mantenimiento Web, as\u00ed como asesoramiento, formaci\u00f3n y soluciones inform\u00e1ticas, gesti\u00f3n documental y digitalizaci\u00f3n de textos, edici\u00f3n y maquetaci\u00f3n de libros, revistas, flyers, etc.\",\"sameAs\":[\"http:\/\/chento.org\",\"https:\/\/www.facebook.com\/JavierChento\",\"https:\/\/x.com\/https:\/\/twitter.com\/javierchento\"],\"url\":\"http:\/\/vincentians.com\/es\/author\/chento\/\"}]}<\/script>\n<!-- \/ Yoast SEO plugin. -->","yoast_head_json":{"title":"Ciclo A, Domingo 3\u00ba de Adviento (reflexi\u00f3n de Servicios Koinon\u00eda) - Somos Vicencianos","robots":{"index":"index","follow":"follow","max-snippet":"max-snippet:-1","max-image-preview":"max-image-preview:large","max-video-preview":"max-video-preview:-1"},"canonical":"http:\/\/vincentians.com\/es\/ciclo-a-domingo-3\u00ba-de-adviento-reflexion-de-servicios-koinonia\/","og_locale":"es_ES","og_type":"article","og_title":"Ciclo A, Domingo 3\u00ba de Adviento (reflexi\u00f3n de Servicios Koinon\u00eda) - Somos Vicencianos","og_description":"La primera y la segunda lectura de hoy, del profeta Isa\u00edas y del ap\u00f3stol Santiago, coinciden en el mensaje: merece la pena esperar, hay que esperar, debemos esperar, porque viene nuestro Dios, \u00e9l mismo viene ... Read More","og_url":"http:\/\/vincentians.com\/es\/ciclo-a-domingo-3\u00ba-de-adviento-reflexion-de-servicios-koinonia\/","og_site_name":"Somos Vicencianos","article_publisher":"https:\/\/www.facebook.com\/WeAreVincentians\/","article_author":"https:\/\/www.facebook.com\/JavierChento","article_published_time":"2010-12-11T06:07:28+00:00","article_modified_time":"2016-07-24T08:22:20+00:00","og_image":[{"width":1200,"height":630,"url":"https:\/\/i0.wp.com\/vincentians.com\/es\/wp-content\/uploads\/sites\/11\/2016\/07\/reflexiones-palabra-de-dios.jpg?fit=1200%2C630","type":"image\/jpeg"}],"author":"Francisco Javier Fern\u00e1ndez Chento","twitter_card":"summary_large_image","twitter_creator":"@https:\/\/twitter.com\/javierchento","twitter_site":"@WeVincentians","twitter_misc":{"Escrito por":"Francisco Javier Fern\u00e1ndez Chento","Tiempo de lectura":"7 minutos"},"schema":{"@context":"https:\/\/schema.org","@graph":[{"@type":"Article","@id":"http:\/\/vincentians.com\/es\/ciclo-a-domingo-3%c2%ba-de-adviento-reflexion-de-servicios-koinonia\/#article","isPartOf":{"@id":"http:\/\/vincentians.com\/es\/ciclo-a-domingo-3%c2%ba-de-adviento-reflexion-de-servicios-koinonia\/"},"author":{"name":"Francisco Javier Fern\u00e1ndez Chento","@id":"http:\/\/vincentians.com\/es\/#\/schema\/person\/9623ef4d9aa3b2dfb8c061f1499288f2"},"headline":"Ciclo A, Domingo 3\u00ba de Adviento (reflexi\u00f3n de Servicios Koinon\u00eda)","datePublished":"2010-12-11T06:07:28+00:00","dateModified":"2016-07-24T08:22:20+00:00","mainEntityOfPage":{"@id":"http:\/\/vincentians.com\/es\/ciclo-a-domingo-3%c2%ba-de-adviento-reflexion-de-servicios-koinonia\/"},"wordCount":1497,"commentCount":0,"publisher":{"@id":"http:\/\/vincentians.com\/es\/#organization"},"image":{"@id":"http:\/\/vincentians.com\/es\/ciclo-a-domingo-3%c2%ba-de-adviento-reflexion-de-servicios-koinonia\/#primaryimage"},"thumbnailUrl":"https:\/\/i0.wp.com\/vincentians.com\/es\/wp-content\/uploads\/sites\/11\/2016\/07\/reflexiones-palabra-de-dios.jpg?fit=1200%2C630","articleSection":["Homil\u00edas y reflexiones, A\u00f1o A"],"inLanguage":"es","potentialAction":[{"@type":"CommentAction","name":"Comment","target":["http:\/\/vincentians.com\/es\/ciclo-a-domingo-3%c2%ba-de-adviento-reflexion-de-servicios-koinonia\/#respond"]}]},{"@type":"WebPage","@id":"http:\/\/vincentians.com\/es\/ciclo-a-domingo-3%c2%ba-de-adviento-reflexion-de-servicios-koinonia\/","url":"http:\/\/vincentians.com\/es\/ciclo-a-domingo-3%c2%ba-de-adviento-reflexion-de-servicios-koinonia\/","name":"Ciclo A, Domingo 3\u00ba de Adviento (reflexi\u00f3n de Servicios Koinon\u00eda) - Somos Vicencianos","isPartOf":{"@id":"http:\/\/vincentians.com\/es\/#website"},"primaryImageOfPage":{"@id":"http:\/\/vincentians.com\/es\/ciclo-a-domingo-3%c2%ba-de-adviento-reflexion-de-servicios-koinonia\/#primaryimage"},"image":{"@id":"http:\/\/vincentians.com\/es\/ciclo-a-domingo-3%c2%ba-de-adviento-reflexion-de-servicios-koinonia\/#primaryimage"},"thumbnailUrl":"https:\/\/i0.wp.com\/vincentians.com\/es\/wp-content\/uploads\/sites\/11\/2016\/07\/reflexiones-palabra-de-dios.jpg?fit=1200%2C630","datePublished":"2010-12-11T06:07:28+00:00","dateModified":"2016-07-24T08:22:20+00:00","breadcrumb":{"@id":"http:\/\/vincentians.com\/es\/ciclo-a-domingo-3%c2%ba-de-adviento-reflexion-de-servicios-koinonia\/#breadcrumb"},"inLanguage":"es","potentialAction":[{"@type":"ReadAction","target":["http:\/\/vincentians.com\/es\/ciclo-a-domingo-3%c2%ba-de-adviento-reflexion-de-servicios-koinonia\/"]}]},{"@type":"ImageObject","inLanguage":"es","@id":"http:\/\/vincentians.com\/es\/ciclo-a-domingo-3%c2%ba-de-adviento-reflexion-de-servicios-koinonia\/#primaryimage","url":"https:\/\/i0.wp.com\/vincentians.com\/es\/wp-content\/uploads\/sites\/11\/2016\/07\/reflexiones-palabra-de-dios.jpg?fit=1200%2C630","contentUrl":"https:\/\/i0.wp.com\/vincentians.com\/es\/wp-content\/uploads\/sites\/11\/2016\/07\/reflexiones-palabra-de-dios.jpg?fit=1200%2C630","width":1200,"height":630},{"@type":"BreadcrumbList","@id":"http:\/\/vincentians.com\/es\/ciclo-a-domingo-3%c2%ba-de-adviento-reflexion-de-servicios-koinonia\/#breadcrumb","itemListElement":[{"@type":"ListItem","position":1,"name":"Portada","item":"http:\/\/vincentians.com\/es\/"},{"@type":"ListItem","position":2,"name":"Ciclo A, Domingo 3\u00ba de Adviento (reflexi\u00f3n de Servicios Koinon\u00eda)"}]},{"@type":"WebSite","@id":"http:\/\/vincentians.com\/es\/#website","url":"http:\/\/vincentians.com\/es\/","name":"Somos Vicencianos","description":"Know more to serve more","publisher":{"@id":"http:\/\/vincentians.com\/es\/#organization"},"potentialAction":[{"@type":"SearchAction","target":{"@type":"EntryPoint","urlTemplate":"http:\/\/vincentians.com\/es\/?s={search_term_string}"},"query-input":{"@type":"PropertyValueSpecification","valueRequired":true,"valueName":"search_term_string"}}],"inLanguage":"es"},{"@type":"Organization","@id":"http:\/\/vincentians.com\/es\/#organization","name":"The Vincentian Network","url":"http:\/\/vincentians.com\/es\/","logo":{"@type":"ImageObject","inLanguage":"es","@id":"http:\/\/vincentians.com\/es\/#\/schema\/logo\/image\/","url":"https:\/\/i1.wp.com\/vincentians.com\/es\/wp-content\/uploads\/sites\/11\/2016\/06\/Vincentian-Network-logo-big.png?fit=778%2C778","contentUrl":"https:\/\/i1.wp.com\/vincentians.com\/es\/wp-content\/uploads\/sites\/11\/2016\/06\/Vincentian-Network-logo-big.png?fit=778%2C778","width":778,"height":778,"caption":"The Vincentian Network"},"image":{"@id":"http:\/\/vincentians.com\/es\/#\/schema\/logo\/image\/"},"sameAs":["https:\/\/www.facebook.com\/WeAreVincentians\/","https:\/\/x.com\/WeVincentians"]},{"@type":"Person","@id":"http:\/\/vincentians.com\/es\/#\/schema\/person\/9623ef4d9aa3b2dfb8c061f1499288f2","name":"Francisco Javier Fern\u00e1ndez Chento","image":{"@type":"ImageObject","inLanguage":"es","@id":"http:\/\/vincentians.com\/es\/#\/schema\/person\/image\/","url":"https:\/\/secure.gravatar.com\/avatar\/497d5cde87b4c3d097d0315953521681ba2cd523ee66e5077c3711f7021e65de?s=96&d=mm&r=g","contentUrl":"https:\/\/secure.gravatar.com\/avatar\/497d5cde87b4c3d097d0315953521681ba2cd523ee66e5077c3711f7021e65de?s=96&d=mm&r=g","caption":"Francisco Javier Fern\u00e1ndez Chento"},"description":"Director General y cofundador de La Red de Formaci\u00f3n Vicenciana. Javier es laico vicenciano, afiliado a la Congregaci\u00f3n de la Misi\u00f3n y miembro del Equipo de Misiones Populares de la provincia can\u00f3nica de Zaragoza (Espa\u00f1a) de la Congregaci\u00f3n de la Misi\u00f3n. Graduado en la Universidad Oberta de Catalunya con cuatro grados (Asistente de direcci\u00f3n, Gesti\u00f3n Administrativa, Recursos Humanos y Contabilidad Avanzada). Bil\u00edng\u00fce Espa\u00f1ol\/Ingl\u00e9s. gestiona y mantiene varias p\u00e1ginas web cristianas y vicencianas, incluida including La Red de Formaci\u00f3n Vicenciana, de la que es cofundador. Actualmente es responsable del \u00e1rea de Espa\u00f1ol de .famvin, la Red de Noticias de la Familia Vicenciana. Tambi\u00e9n es m\u00fasico cat\u00f3lico y ha editado varios discos. Es Director General y cofundador de Trovador, una reconocida compa\u00f1\u00eda discogr\u00e1fica critiana de Espa\u00f1a. Trabaja en las Tecnolog\u00edas de la Informaci\u00f3n, ofreciendo servicios de alojamiento, dise\u00f1o y mantenimiento Web, as\u00ed como asesoramiento, formaci\u00f3n y soluciones inform\u00e1ticas, gesti\u00f3n documental y digitalizaci\u00f3n de textos, edici\u00f3n y maquetaci\u00f3n de libros, revistas, flyers, etc.","sameAs":["http:\/\/chento.org","https:\/\/www.facebook.com\/JavierChento","https:\/\/x.com\/https:\/\/twitter.com\/javierchento"],"url":"http:\/\/vincentians.com\/es\/author\/chento\/"}]}},"jetpack_publicize_connections":[],"jetpack_featured_media_url":"https:\/\/i0.wp.com\/vincentians.com\/es\/wp-content\/uploads\/sites\/11\/2016\/07\/reflexiones-palabra-de-dios.jpg?fit=1200%2C630","jetpack_sharing_enabled":true,"jetpack_shortlink":"https:\/\/wp.me\/p7ETMF-zkJ","jetpack-related-posts":[{"id":88,"url":"http:\/\/vincentians.com\/es\/ciclo-a-domingo-3%c2%ba-de-adviento-reflexion-de-servicios-koinonia-2\/","url_meta":{"origin":135825,"position":0},"title":"Ciclo A, Domingo 3\u00ba de Adviento (reflexi\u00f3n de Servicios Koinon\u00eda)","author":"Francisco Javier Fern\u00e1ndez Chento","date":"13\/12\/2010","format":false,"excerpt":"La primera y la segunda lectura de hoy, del profeta Isa\u00edas y del ap\u00f3stol Santiago, coinciden en el mensaje: merece la pena esperar, hay que esperar, debemos esperar, porque viene nuestro Dios, \u00e9l mismo viene en persona, y trae el desquite\u2026 Hay que tener paciencia, porque es inminente su llegada,\u2026","rel":"","context":"En \u00abHomil\u00edas y reflexiones, A\u00f1o A\u00bb","block_context":{"text":"Homil\u00edas y reflexiones, A\u00f1o A","link":"http:\/\/vincentians.com\/es\/category\/homilias-y-reflexiones-a-la-palabra-de-dios\/homilias-y-reflexiones-ano-a\/"},"img":{"alt_text":"","src":"https:\/\/i0.wp.com\/vincentians.com\/es\/wp-content\/uploads\/sites\/11\/2016\/07\/reflexiones-palabra-de-dios.jpg?fit=1200%2C630&resize=350%2C200","width":350,"height":200,"srcset":"https:\/\/i0.wp.com\/vincentians.com\/es\/wp-content\/uploads\/sites\/11\/2016\/07\/reflexiones-palabra-de-dios.jpg?fit=1200%2C630&resize=350%2C200 1x, https:\/\/i0.wp.com\/vincentians.com\/es\/wp-content\/uploads\/sites\/11\/2016\/07\/reflexiones-palabra-de-dios.jpg?fit=1200%2C630&resize=525%2C300 1.5x, https:\/\/i0.wp.com\/vincentians.com\/es\/wp-content\/uploads\/sites\/11\/2016\/07\/reflexiones-palabra-de-dios.jpg?fit=1200%2C630&resize=700%2C400 2x, https:\/\/i0.wp.com\/vincentians.com\/es\/wp-content\/uploads\/sites\/11\/2016\/07\/reflexiones-palabra-de-dios.jpg?fit=1200%2C630&resize=1050%2C600 3x"},"classes":[]},{"id":4537,"url":"http:\/\/vincentians.com\/es\/domingo-3o-de-adviento-reflexion-de-jose-cervantes-gabarron-2\/","url_meta":{"origin":135825,"position":1},"title":"Domingo 3\u00ba de Adviento (reflexi\u00f3n de Jos\u00e9 Cervantes Gabarr\u00f3n)","author":"Francisco Javier Fern\u00e1ndez Chento","date":"14\/12\/2013","format":false,"excerpt":"\u201cCon Jesucristo siempre nace y renace la alegr\u00eda\u201d Jos\u00e9 Cervantes Gabarr\u00f3n, sacerdote misionero y profesor de Sagrada Escritura.Este t\u00edtulo es la segunda afirmaci\u00f3n del papa Francisco en su reciente Exhortaci\u00f3n Apost\u00f3lica, Evangelii Gaudium (EG, 1). Y poco m\u00e1s adelante dice: \u201cEl gran riesgo del mundo actual, con su m\u00faltiple y\u2026","rel":"","context":"En \u00abHomil\u00edas y reflexiones, A\u00f1o A\u00bb","block_context":{"text":"Homil\u00edas y reflexiones, A\u00f1o A","link":"http:\/\/vincentians.com\/es\/category\/homilias-y-reflexiones-a-la-palabra-de-dios\/homilias-y-reflexiones-ano-a\/"},"img":{"alt_text":"","src":"https:\/\/i0.wp.com\/vincentians.com\/es\/wp-content\/uploads\/sites\/11\/2016\/07\/reflexiones-palabra-de-dios.jpg?fit=1200%2C630&resize=350%2C200","width":350,"height":200,"srcset":"https:\/\/i0.wp.com\/vincentians.com\/es\/wp-content\/uploads\/sites\/11\/2016\/07\/reflexiones-palabra-de-dios.jpg?fit=1200%2C630&resize=350%2C200 1x, https:\/\/i0.wp.com\/vincentians.com\/es\/wp-content\/uploads\/sites\/11\/2016\/07\/reflexiones-palabra-de-dios.jpg?fit=1200%2C630&resize=525%2C300 1.5x, https:\/\/i0.wp.com\/vincentians.com\/es\/wp-content\/uploads\/sites\/11\/2016\/07\/reflexiones-palabra-de-dios.jpg?fit=1200%2C630&resize=700%2C400 2x, https:\/\/i0.wp.com\/vincentians.com\/es\/wp-content\/uploads\/sites\/11\/2016\/07\/reflexiones-palabra-de-dios.jpg?fit=1200%2C630&resize=1050%2C600 3x"},"classes":[]},{"id":4410,"url":"http:\/\/vincentians.com\/es\/domingo-1o-de-adviento-reflexion-de-pedro-guillen-goni-c-m\/","url_meta":{"origin":135825,"position":2},"title":"Domingo 1\u00ba de Adviento (reflexi\u00f3n de Pedro Guill\u00e9n Go\u00f1i, C.M.)","author":"Francisco Javier Fern\u00e1ndez Chento","date":"27\/11\/2013","format":false,"excerpt":"Cada a\u00f1o iniciamos el tiempo lit\u00fargico con el Adviento, \u201chacia la venida\u201d. La Iglesia nos propone todos los a\u00f1os cuatro semanas de preparaci\u00f3n inmediata para celebrar con gozo y esperanza el d\u00eda de la Navidad, la encarnaci\u00f3n del Ni\u00f1o Dios en nuestra propia historia. La Palabra de Dios nos exhorta\u2026","rel":"","context":"En \u00abHomil\u00edas y reflexiones, A\u00f1o A\u00bb","block_context":{"text":"Homil\u00edas y reflexiones, A\u00f1o A","link":"http:\/\/vincentians.com\/es\/category\/homilias-y-reflexiones-a-la-palabra-de-dios\/homilias-y-reflexiones-ano-a\/"},"img":{"alt_text":"","src":"https:\/\/i0.wp.com\/vincentians.com\/es\/wp-content\/uploads\/sites\/11\/2016\/07\/reflexiones-palabra-de-dios.jpg?fit=1200%2C630&resize=350%2C200","width":350,"height":200,"srcset":"https:\/\/i0.wp.com\/vincentians.com\/es\/wp-content\/uploads\/sites\/11\/2016\/07\/reflexiones-palabra-de-dios.jpg?fit=1200%2C630&resize=350%2C200 1x, https:\/\/i0.wp.com\/vincentians.com\/es\/wp-content\/uploads\/sites\/11\/2016\/07\/reflexiones-palabra-de-dios.jpg?fit=1200%2C630&resize=525%2C300 1.5x, https:\/\/i0.wp.com\/vincentians.com\/es\/wp-content\/uploads\/sites\/11\/2016\/07\/reflexiones-palabra-de-dios.jpg?fit=1200%2C630&resize=700%2C400 2x, https:\/\/i0.wp.com\/vincentians.com\/es\/wp-content\/uploads\/sites\/11\/2016\/07\/reflexiones-palabra-de-dios.jpg?fit=1200%2C630&resize=1050%2C600 3x"},"classes":[]},{"id":2426,"url":"http:\/\/vincentians.com\/es\/segundo-domingo-de-adviento-reflexion-de-jose-cervantes-gabarron\/","url_meta":{"origin":135825,"position":3},"title":"Segundo Domingo de Adviento (reflexi\u00f3n de Jos\u00e9 Cervantes Gabarr\u00f3n)","author":"Francisco Javier Fern\u00e1ndez Chento","date":"07\/12\/2012","format":false,"excerpt":"Jes\u00fas es la paz en la justicia Jos\u00e9 Cervantes Gabarr\u00f3n, sacerdote misionero y profesor de Sagrada Escritura.El segundo domingo de Adviento permite a los creyentes dar un paso adelante en el camino de esperanza y de cambio de vida que conlleva la celebraci\u00f3n de la venida definitiva de Jes\u00fas. El\u2026","rel":"","context":"En \u00abHomil\u00edas y reflexiones, A\u00f1o C\u00bb","block_context":{"text":"Homil\u00edas y reflexiones, A\u00f1o C","link":"http:\/\/vincentians.com\/es\/category\/homilias-y-reflexiones-a-la-palabra-de-dios\/homilias-y-reflexiones-ano-c\/"},"img":{"alt_text":"","src":"https:\/\/i0.wp.com\/vincentians.com\/es\/wp-content\/uploads\/sites\/11\/2016\/07\/reflexiones-palabra-de-dios.jpg?fit=1200%2C630&resize=350%2C200","width":350,"height":200,"srcset":"https:\/\/i0.wp.com\/vincentians.com\/es\/wp-content\/uploads\/sites\/11\/2016\/07\/reflexiones-palabra-de-dios.jpg?fit=1200%2C630&resize=350%2C200 1x, https:\/\/i0.wp.com\/vincentians.com\/es\/wp-content\/uploads\/sites\/11\/2016\/07\/reflexiones-palabra-de-dios.jpg?fit=1200%2C630&resize=525%2C300 1.5x, https:\/\/i0.wp.com\/vincentians.com\/es\/wp-content\/uploads\/sites\/11\/2016\/07\/reflexiones-palabra-de-dios.jpg?fit=1200%2C630&resize=700%2C400 2x, https:\/\/i0.wp.com\/vincentians.com\/es\/wp-content\/uploads\/sites\/11\/2016\/07\/reflexiones-palabra-de-dios.jpg?fit=1200%2C630&resize=1050%2C600 3x"},"classes":[]},{"id":2325,"url":"http:\/\/vincentians.com\/es\/primer-domingo-de-adviento-reflexion-de-pedro-guillen-goni-c-m\/","url_meta":{"origin":135825,"position":4},"title":"Primer Domingo de Adviento (reflexi\u00f3n de Pedro Guill\u00e9n Go\u00f1i, C.M.)","author":"Francisco Javier Fern\u00e1ndez Chento","date":"29\/11\/2012","format":false,"excerpt":"Cada a\u00f1o iniciamos el tiempo lit\u00fargico con el Adviento, \u201chacia la venida\u201d. La Iglesia nos propone todos los a\u00f1os cuatro semanas de preparaci\u00f3n inmediata para celebrar con gozo y esperanza el d\u00eda de la Navidad, la encarnaci\u00f3n del Ni\u00f1o Dios en nuestra propia historia. La Palabra de Dios nos exhorta\u2026","rel":"","context":"En \u00abHomil\u00edas y reflexiones, A\u00f1o C\u00bb","block_context":{"text":"Homil\u00edas y reflexiones, A\u00f1o C","link":"http:\/\/vincentians.com\/es\/category\/homilias-y-reflexiones-a-la-palabra-de-dios\/homilias-y-reflexiones-ano-c\/"},"img":{"alt_text":"","src":"https:\/\/i0.wp.com\/vincentians.com\/es\/wp-content\/uploads\/sites\/11\/2016\/07\/reflexiones-palabra-de-dios.jpg?fit=1200%2C630&resize=350%2C200","width":350,"height":200,"srcset":"https:\/\/i0.wp.com\/vincentians.com\/es\/wp-content\/uploads\/sites\/11\/2016\/07\/reflexiones-palabra-de-dios.jpg?fit=1200%2C630&resize=350%2C200 1x, https:\/\/i0.wp.com\/vincentians.com\/es\/wp-content\/uploads\/sites\/11\/2016\/07\/reflexiones-palabra-de-dios.jpg?fit=1200%2C630&resize=525%2C300 1.5x, https:\/\/i0.wp.com\/vincentians.com\/es\/wp-content\/uploads\/sites\/11\/2016\/07\/reflexiones-palabra-de-dios.jpg?fit=1200%2C630&resize=700%2C400 2x, https:\/\/i0.wp.com\/vincentians.com\/es\/wp-content\/uploads\/sites\/11\/2016\/07\/reflexiones-palabra-de-dios.jpg?fit=1200%2C630&resize=1050%2C600 3x"},"classes":[]},{"id":4550,"url":"http:\/\/vincentians.com\/es\/domingo-3o-de-adviento-reflexion-de-javier-balda-c-m-2\/","url_meta":{"origin":135825,"position":5},"title":"Domingo 3\u00ba de Adviento (reflexi\u00f3n de Javier Balda, C.M.)","author":"Francisco Javier Fern\u00e1ndez Chento","date":"14\/12\/2013","format":false,"excerpt":"\u00bfEres t\u00fa el que ha de venir? Domingo, d\u00eda de Gozo y alegr\u00eda. Domingo, d\u00eda que debe marcar toda la vida del cristiano. Domingo, d\u00eda que debe significar que aceptamos y nos comprometemos con un estilo nuevo de vida todos los que celebramos y participamos plenamente de la. Cena del\u2026","rel":"","context":"En \u00abHomil\u00edas y reflexiones, A\u00f1o A\u00bb","block_context":{"text":"Homil\u00edas y reflexiones, A\u00f1o A","link":"http:\/\/vincentians.com\/es\/category\/homilias-y-reflexiones-a-la-palabra-de-dios\/homilias-y-reflexiones-ano-a\/"},"img":{"alt_text":"","src":"https:\/\/i0.wp.com\/vincentians.com\/es\/wp-content\/uploads\/sites\/11\/2016\/07\/reflexiones-palabra-de-dios.jpg?fit=1200%2C630&resize=350%2C200","width":350,"height":200,"srcset":"https:\/\/i0.wp.com\/vincentians.com\/es\/wp-content\/uploads\/sites\/11\/2016\/07\/reflexiones-palabra-de-dios.jpg?fit=1200%2C630&resize=350%2C200 1x, https:\/\/i0.wp.com\/vincentians.com\/es\/wp-content\/uploads\/sites\/11\/2016\/07\/reflexiones-palabra-de-dios.jpg?fit=1200%2C630&resize=525%2C300 1.5x, https:\/\/i0.wp.com\/vincentians.com\/es\/wp-content\/uploads\/sites\/11\/2016\/07\/reflexiones-palabra-de-dios.jpg?fit=1200%2C630&resize=700%2C400 2x, https:\/\/i0.wp.com\/vincentians.com\/es\/wp-content\/uploads\/sites\/11\/2016\/07\/reflexiones-palabra-de-dios.jpg?fit=1200%2C630&resize=1050%2C600 3x"},"classes":[]}],"_links":{"self":[{"href":"http:\/\/vincentians.com\/es\/wp-json\/wp\/v2\/posts\/135825","targetHints":{"allow":["GET"]}}],"collection":[{"href":"http:\/\/vincentians.com\/es\/wp-json\/wp\/v2\/posts"}],"about":[{"href":"http:\/\/vincentians.com\/es\/wp-json\/wp\/v2\/types\/post"}],"author":[{"embeddable":true,"href":"http:\/\/vincentians.com\/es\/wp-json\/wp\/v2\/users\/4"}],"replies":[{"embeddable":true,"href":"http:\/\/vincentians.com\/es\/wp-json\/wp\/v2\/comments?post=135825"}],"version-history":[{"count":0,"href":"http:\/\/vincentians.com\/es\/wp-json\/wp\/v2\/posts\/135825\/revisions"}],"wp:featuredmedia":[{"embeddable":true,"href":"http:\/\/vincentians.com\/es\/wp-json\/wp\/v2\/media\/388408"}],"wp:attachment":[{"href":"http:\/\/vincentians.com\/es\/wp-json\/wp\/v2\/media?parent=135825"}],"wp:term":[{"taxonomy":"category","embeddable":true,"href":"http:\/\/vincentians.com\/es\/wp-json\/wp\/v2\/categories?post=135825"},{"taxonomy":"post_tag","embeddable":true,"href":"http:\/\/vincentians.com\/es\/wp-json\/wp\/v2\/tags?post=135825"}],"curies":[{"name":"wp","href":"https:\/\/api.w.org\/{rel}","templated":true}]}}