{"id":135791,"date":"2012-07-28T10:00:11","date_gmt":"2012-07-28T08:00:11","guid":{"rendered":"http:\/\/somos.vicencianos.org\/comentarios\/?p=1805"},"modified":"2016-07-24T10:29:47","modified_gmt":"2016-07-24T08:29:47","slug":"17o-domingo-de-tiempo-ordinario-reflexion-de-alfonso-berrade-c-m","status":"publish","type":"post","link":"http:\/\/vincentians.com\/es\/17o-domingo-de-tiempo-ordinario-reflexion-de-alfonso-berrade-c-m\/","title":{"rendered":"17\u00ba Domingo de T.O. (reflexi\u00f3n de Alfonso Berrade, C.M.)"},"content":{"rendered":"<h2>Hay que reponer las fuerzas para el camino<\/h2>\n<p>No s\u00e9 si has escuchado hablar a los campesinos o a los monta\u00f1eros antes de iniciar una jornada. Hablan de la fuerza que necesitan para el d\u00eda, y esa fuerza se adquiere con la alimentaci\u00f3n. Van al campo o la escalada con provisiones para mantener las fuerzas necesarias para realizar la tarea.<\/p>\n<p>Del mismo modo, leemos en la Biblia, act\u00faan los profetas y actuar\u00e1 Jes\u00fas con sus disc\u00edpulos. \u00bfRecuerdas el pasaje de El\u00edas huyendo de los perseguidores y hambriento hasta ya no poder m\u00e1s? Piensa en morir, pero Dios lo resguarda para algo grande. Por eso, un \u00e1ngel lo despierta bajo el tamarindo y le hace comer. Vuelve a dormirse, y de nuevo el \u00e1ngel le dice: \u201cLev\u00e1ntate y come, porque te falta un camino largo que recorrer\u201d. As\u00ed estuvo luego El\u00edas tres d\u00edas caminando.<\/p>\n<p>Hoy iniciamos la lectura del cap. VI de Juan que empieza con el alimento material y seguir\u00e1 en los pr\u00f3ximos domingos con el alimento de la Eucarist\u00eda. En el pasaje de hoy me cae muy simp\u00e1tico el ni\u00f1o que entrega sus cinco panecitos y los dos pescaditos para que coman los cinco mil hombres. \u00bfQu\u00e9 sabe el ni\u00f1o de cantidades y estad\u00edsticas? El solo sabe amar y tener compasi\u00f3n de los que pasan hambre. Jes\u00fas tambi\u00e9n se emociona ante el hecho y hace el resto: Que puedan comer los cinco mil hombres hasta saciarse y a\u00fan quedar comida de sobra.<\/p>\n<p>No s\u00e9 si el milagro fue multiplicar los panes y pescados o multiplicar el amor entre las personas que estaban ansiosas por escuchar a Jes\u00fas. Mayor milagro es para m\u00ed abrir los corazones que multiplicar los panes. Mayor milagro es mirar alrededor para ver el rostro hambriento del hermano y abrir las loncheras que acrecentar los panes. Multiplicar los panes es obra directa de Dios, pero acrecentar el amor supone la participaci\u00f3n libre del hombre. \u00a1Qu\u00e9 gran milagro es \u00e9ste! Al terminar de comer, no tengo duda, aquella gente estaba m\u00e1s unida y conversadora, era m\u00e1s comunidad y estaban m\u00e1s abiertos a la palabra de Jes\u00fas.<\/p>\n<p>Pero as\u00ed y todo, se fijan en el liderazgo de Jes\u00fas y quieren hacerle rey. No han entendido nada lo que ha hecho Jes\u00fas. Piensan seg\u00fan el mundo, no seg\u00fan Dios. Por eso se retira solo al monte para orar, para pedir al Padre que abra los corazones de aquellos que han comido, para que puedan aceptar el reino de Dios.<\/p>\n<p>M\u00e1s adelante iremos viendo que les resulta muy dif\u00edcil aceptar el \u201cpan del cielo, el pan que da la vida\u201d. Lo dejar\u00e1n a Jes\u00fas. S\u00f3lo pueden entender lo tangible o aquello que afecta a sus necesidades materiales. Pueden aceptarlo como ministro de agricultura que facilita alimentos materiales, pero lo ven loco cuando les quiere aportar el alimento espiritual.<\/p>\n<p>C\u00f3mo tendremos que ir luchando para abrirnos al misterio de Dios, al misterio de su proyecto y plan de vida para nosotros. Entendemos de pol\u00edticas alimentarias, no entendemos la providencia de Dios. Sabemos exigir y no sabemos aceptar a Dios. \u00bfNo creen que deberemos retirarnos a lugares y tiempos en soledad para templar nuestros corazones y abrir nuestra mente a la voluntad de Dios? Mientras tanto, ofrezcamos nuestros panecitos y pescaditos para acallar el hambre de los hermanos.<\/p>\n","protected":false},"excerpt":{"rendered":"<p>Hay que reponer las fuerzas para el camino No s\u00e9 si has escuchado hablar a los campesinos o a los monta\u00f1eros antes de iniciar una jornada. Hablan de la fuerza que necesitan para el d\u00eda, &#8230; <a href=\"http:\/\/vincentians.com\/es\/17o-domingo-de-tiempo-ordinario-reflexion-de-alfonso-berrade-c-m\/\" class=\"more-link\">Read More<\/a><\/p>\n","protected":false},"author":4,"featured_media":388408,"comment_status":"open","ping_status":"open","sticky":false,"template":"","format":"standard","meta":{"jetpack_post_was_ever_published":false,"_jetpack_newsletter_access":"","_jetpack_dont_email_post_to_subs":false,"_jetpack_newsletter_tier_id":0,"_jetpack_memberships_contains_paywalled_content":false,"_jetpack_memberships_contains_paid_content":false,"footnotes":"","jetpack_publicize_message":"","jetpack_publicize_feature_enabled":true,"jetpack_social_post_already_shared":true,"jetpack_social_options":{"image_generator_settings":{"template":"highway","default_image_id":0,"font":"","enabled":false},"version":2}},"categories":[93],"tags":[],"class_list":["post-135791","post","type-post","status-publish","format-standard","has-post-thumbnail","hentry","category-homilias-y-reflexiones-ano-b"],"yoast_head":"<!-- This site is optimized with the Yoast SEO plugin v26.3 - https:\/\/yoast.com\/wordpress\/plugins\/seo\/ -->\n<title>17\u00ba Domingo de T.O. (reflexi\u00f3n de Alfonso Berrade, C.M.) - Somos Vicencianos<\/title>\n<meta name=\"robots\" content=\"index, follow, max-snippet:-1, max-image-preview:large, max-video-preview:-1\" \/>\n<link rel=\"canonical\" href=\"http:\/\/vincentians.com\/es\/17o-domingo-de-tiempo-ordinario-reflexion-de-alfonso-berrade-c-m\/\" \/>\n<meta property=\"og:locale\" content=\"es_ES\" \/>\n<meta property=\"og:type\" content=\"article\" \/>\n<meta property=\"og:title\" content=\"17\u00ba Domingo de T.O. (reflexi\u00f3n de Alfonso Berrade, C.M.) - Somos Vicencianos\" \/>\n<meta property=\"og:description\" content=\"Hay que reponer las fuerzas para el camino No s\u00e9 si has escuchado hablar a los campesinos o a los monta\u00f1eros antes de iniciar una jornada. Hablan de la fuerza que necesitan para el d\u00eda, ... Read More\" \/>\n<meta property=\"og:url\" content=\"http:\/\/vincentians.com\/es\/17o-domingo-de-tiempo-ordinario-reflexion-de-alfonso-berrade-c-m\/\" \/>\n<meta property=\"og:site_name\" content=\"Somos Vicencianos\" \/>\n<meta property=\"article:publisher\" content=\"https:\/\/www.facebook.com\/WeAreVincentians\/\" \/>\n<meta property=\"article:author\" content=\"https:\/\/www.facebook.com\/JavierChento\" \/>\n<meta property=\"article:published_time\" content=\"2012-07-28T08:00:11+00:00\" \/>\n<meta property=\"article:modified_time\" content=\"2016-07-24T08:29:47+00:00\" \/>\n<meta property=\"og:image\" content=\"https:\/\/i0.wp.com\/vincentians.com\/es\/wp-content\/uploads\/sites\/11\/2016\/07\/reflexiones-palabra-de-dios.jpg?fit=1200%2C630\" \/>\n\t<meta property=\"og:image:width\" content=\"1200\" \/>\n\t<meta property=\"og:image:height\" content=\"630\" \/>\n\t<meta property=\"og:image:type\" content=\"image\/jpeg\" \/>\n<meta name=\"author\" content=\"Francisco Javier Fern\u00e1ndez Chento\" \/>\n<meta name=\"twitter:card\" content=\"summary_large_image\" \/>\n<meta name=\"twitter:creator\" content=\"@https:\/\/twitter.com\/javierchento\" \/>\n<meta name=\"twitter:site\" content=\"@WeVincentians\" \/>\n<meta name=\"twitter:label1\" content=\"Escrito por\" \/>\n\t<meta name=\"twitter:data1\" content=\"Francisco Javier Fern\u00e1ndez Chento\" \/>\n\t<meta name=\"twitter:label2\" content=\"Tiempo de lectura\" \/>\n\t<meta name=\"twitter:data2\" content=\"3 minutos\" \/>\n<script type=\"application\/ld+json\" class=\"yoast-schema-graph\">{\"@context\":\"https:\/\/schema.org\",\"@graph\":[{\"@type\":\"Article\",\"@id\":\"http:\/\/vincentians.com\/es\/17o-domingo-de-tiempo-ordinario-reflexion-de-alfonso-berrade-c-m\/#article\",\"isPartOf\":{\"@id\":\"http:\/\/vincentians.com\/es\/17o-domingo-de-tiempo-ordinario-reflexion-de-alfonso-berrade-c-m\/\"},\"author\":{\"name\":\"Francisco Javier Fern\u00e1ndez Chento\",\"@id\":\"http:\/\/vincentians.com\/es\/#\/schema\/person\/9623ef4d9aa3b2dfb8c061f1499288f2\"},\"headline\":\"17\u00ba Domingo de T.O. (reflexi\u00f3n de Alfonso Berrade, C.M.)\",\"datePublished\":\"2012-07-28T08:00:11+00:00\",\"dateModified\":\"2016-07-24T08:29:47+00:00\",\"mainEntityOfPage\":{\"@id\":\"http:\/\/vincentians.com\/es\/17o-domingo-de-tiempo-ordinario-reflexion-de-alfonso-berrade-c-m\/\"},\"wordCount\":595,\"commentCount\":0,\"publisher\":{\"@id\":\"http:\/\/vincentians.com\/es\/#organization\"},\"image\":{\"@id\":\"http:\/\/vincentians.com\/es\/17o-domingo-de-tiempo-ordinario-reflexion-de-alfonso-berrade-c-m\/#primaryimage\"},\"thumbnailUrl\":\"https:\/\/i0.wp.com\/vincentians.com\/es\/wp-content\/uploads\/sites\/11\/2016\/07\/reflexiones-palabra-de-dios.jpg?fit=1200%2C630\",\"articleSection\":[\"Homil\u00edas y reflexiones, A\u00f1o B\"],\"inLanguage\":\"es\",\"potentialAction\":[{\"@type\":\"CommentAction\",\"name\":\"Comment\",\"target\":[\"http:\/\/vincentians.com\/es\/17o-domingo-de-tiempo-ordinario-reflexion-de-alfonso-berrade-c-m\/#respond\"]}]},{\"@type\":\"WebPage\",\"@id\":\"http:\/\/vincentians.com\/es\/17o-domingo-de-tiempo-ordinario-reflexion-de-alfonso-berrade-c-m\/\",\"url\":\"http:\/\/vincentians.com\/es\/17o-domingo-de-tiempo-ordinario-reflexion-de-alfonso-berrade-c-m\/\",\"name\":\"17\u00ba Domingo de T.O. (reflexi\u00f3n de Alfonso Berrade, C.M.) - Somos Vicencianos\",\"isPartOf\":{\"@id\":\"http:\/\/vincentians.com\/es\/#website\"},\"primaryImageOfPage\":{\"@id\":\"http:\/\/vincentians.com\/es\/17o-domingo-de-tiempo-ordinario-reflexion-de-alfonso-berrade-c-m\/#primaryimage\"},\"image\":{\"@id\":\"http:\/\/vincentians.com\/es\/17o-domingo-de-tiempo-ordinario-reflexion-de-alfonso-berrade-c-m\/#primaryimage\"},\"thumbnailUrl\":\"https:\/\/i0.wp.com\/vincentians.com\/es\/wp-content\/uploads\/sites\/11\/2016\/07\/reflexiones-palabra-de-dios.jpg?fit=1200%2C630\",\"datePublished\":\"2012-07-28T08:00:11+00:00\",\"dateModified\":\"2016-07-24T08:29:47+00:00\",\"breadcrumb\":{\"@id\":\"http:\/\/vincentians.com\/es\/17o-domingo-de-tiempo-ordinario-reflexion-de-alfonso-berrade-c-m\/#breadcrumb\"},\"inLanguage\":\"es\",\"potentialAction\":[{\"@type\":\"ReadAction\",\"target\":[\"http:\/\/vincentians.com\/es\/17o-domingo-de-tiempo-ordinario-reflexion-de-alfonso-berrade-c-m\/\"]}]},{\"@type\":\"ImageObject\",\"inLanguage\":\"es\",\"@id\":\"http:\/\/vincentians.com\/es\/17o-domingo-de-tiempo-ordinario-reflexion-de-alfonso-berrade-c-m\/#primaryimage\",\"url\":\"https:\/\/i0.wp.com\/vincentians.com\/es\/wp-content\/uploads\/sites\/11\/2016\/07\/reflexiones-palabra-de-dios.jpg?fit=1200%2C630\",\"contentUrl\":\"https:\/\/i0.wp.com\/vincentians.com\/es\/wp-content\/uploads\/sites\/11\/2016\/07\/reflexiones-palabra-de-dios.jpg?fit=1200%2C630\",\"width\":1200,\"height\":630},{\"@type\":\"BreadcrumbList\",\"@id\":\"http:\/\/vincentians.com\/es\/17o-domingo-de-tiempo-ordinario-reflexion-de-alfonso-berrade-c-m\/#breadcrumb\",\"itemListElement\":[{\"@type\":\"ListItem\",\"position\":1,\"name\":\"Portada\",\"item\":\"http:\/\/vincentians.com\/es\/\"},{\"@type\":\"ListItem\",\"position\":2,\"name\":\"17\u00ba Domingo de T.O. (reflexi\u00f3n de Alfonso Berrade, C.M.)\"}]},{\"@type\":\"WebSite\",\"@id\":\"http:\/\/vincentians.com\/es\/#website\",\"url\":\"http:\/\/vincentians.com\/es\/\",\"name\":\"Somos Vicencianos\",\"description\":\"Know more to serve more\",\"publisher\":{\"@id\":\"http:\/\/vincentians.com\/es\/#organization\"},\"potentialAction\":[{\"@type\":\"SearchAction\",\"target\":{\"@type\":\"EntryPoint\",\"urlTemplate\":\"http:\/\/vincentians.com\/es\/?s={search_term_string}\"},\"query-input\":{\"@type\":\"PropertyValueSpecification\",\"valueRequired\":true,\"valueName\":\"search_term_string\"}}],\"inLanguage\":\"es\"},{\"@type\":\"Organization\",\"@id\":\"http:\/\/vincentians.com\/es\/#organization\",\"name\":\"The Vincentian Network\",\"url\":\"http:\/\/vincentians.com\/es\/\",\"logo\":{\"@type\":\"ImageObject\",\"inLanguage\":\"es\",\"@id\":\"http:\/\/vincentians.com\/es\/#\/schema\/logo\/image\/\",\"url\":\"https:\/\/i1.wp.com\/vincentians.com\/es\/wp-content\/uploads\/sites\/11\/2016\/06\/Vincentian-Network-logo-big.png?fit=778%2C778\",\"contentUrl\":\"https:\/\/i1.wp.com\/vincentians.com\/es\/wp-content\/uploads\/sites\/11\/2016\/06\/Vincentian-Network-logo-big.png?fit=778%2C778\",\"width\":778,\"height\":778,\"caption\":\"The Vincentian Network\"},\"image\":{\"@id\":\"http:\/\/vincentians.com\/es\/#\/schema\/logo\/image\/\"},\"sameAs\":[\"https:\/\/www.facebook.com\/WeAreVincentians\/\",\"https:\/\/x.com\/WeVincentians\"]},{\"@type\":\"Person\",\"@id\":\"http:\/\/vincentians.com\/es\/#\/schema\/person\/9623ef4d9aa3b2dfb8c061f1499288f2\",\"name\":\"Francisco Javier Fern\u00e1ndez Chento\",\"image\":{\"@type\":\"ImageObject\",\"inLanguage\":\"es\",\"@id\":\"http:\/\/vincentians.com\/es\/#\/schema\/person\/image\/\",\"url\":\"https:\/\/secure.gravatar.com\/avatar\/497d5cde87b4c3d097d0315953521681ba2cd523ee66e5077c3711f7021e65de?s=96&d=mm&r=g\",\"contentUrl\":\"https:\/\/secure.gravatar.com\/avatar\/497d5cde87b4c3d097d0315953521681ba2cd523ee66e5077c3711f7021e65de?s=96&d=mm&r=g\",\"caption\":\"Francisco Javier Fern\u00e1ndez Chento\"},\"description\":\"Director General y cofundador de La Red de Formaci\u00f3n Vicenciana. Javier es laico vicenciano, afiliado a la Congregaci\u00f3n de la Misi\u00f3n y miembro del Equipo de Misiones Populares de la provincia can\u00f3nica de Zaragoza (Espa\u00f1a) de la Congregaci\u00f3n de la Misi\u00f3n. Graduado en la Universidad Oberta de Catalunya con cuatro grados (Asistente de direcci\u00f3n, Gesti\u00f3n Administrativa, Recursos Humanos y Contabilidad Avanzada). Bil\u00edng\u00fce Espa\u00f1ol\/Ingl\u00e9s. gestiona y mantiene varias p\u00e1ginas web cristianas y vicencianas, incluida including La Red de Formaci\u00f3n Vicenciana, de la que es cofundador. Actualmente es responsable del \u00e1rea de Espa\u00f1ol de .famvin, la Red de Noticias de la Familia Vicenciana. Tambi\u00e9n es m\u00fasico cat\u00f3lico y ha editado varios discos. Es Director General y cofundador de Trovador, una reconocida compa\u00f1\u00eda discogr\u00e1fica critiana de Espa\u00f1a. Trabaja en las Tecnolog\u00edas de la Informaci\u00f3n, ofreciendo servicios de alojamiento, dise\u00f1o y mantenimiento Web, as\u00ed como asesoramiento, formaci\u00f3n y soluciones inform\u00e1ticas, gesti\u00f3n documental y digitalizaci\u00f3n de textos, edici\u00f3n y maquetaci\u00f3n de libros, revistas, flyers, etc.\",\"sameAs\":[\"http:\/\/chento.org\",\"https:\/\/www.facebook.com\/JavierChento\",\"https:\/\/x.com\/https:\/\/twitter.com\/javierchento\"],\"url\":\"http:\/\/vincentians.com\/es\/author\/chento\/\"}]}<\/script>\n<!-- \/ Yoast SEO plugin. -->","yoast_head_json":{"title":"17\u00ba Domingo de T.O. (reflexi\u00f3n de Alfonso Berrade, C.M.) - Somos Vicencianos","robots":{"index":"index","follow":"follow","max-snippet":"max-snippet:-1","max-image-preview":"max-image-preview:large","max-video-preview":"max-video-preview:-1"},"canonical":"http:\/\/vincentians.com\/es\/17o-domingo-de-tiempo-ordinario-reflexion-de-alfonso-berrade-c-m\/","og_locale":"es_ES","og_type":"article","og_title":"17\u00ba Domingo de T.O. (reflexi\u00f3n de Alfonso Berrade, C.M.) - Somos Vicencianos","og_description":"Hay que reponer las fuerzas para el camino No s\u00e9 si has escuchado hablar a los campesinos o a los monta\u00f1eros antes de iniciar una jornada. Hablan de la fuerza que necesitan para el d\u00eda, ... Read More","og_url":"http:\/\/vincentians.com\/es\/17o-domingo-de-tiempo-ordinario-reflexion-de-alfonso-berrade-c-m\/","og_site_name":"Somos Vicencianos","article_publisher":"https:\/\/www.facebook.com\/WeAreVincentians\/","article_author":"https:\/\/www.facebook.com\/JavierChento","article_published_time":"2012-07-28T08:00:11+00:00","article_modified_time":"2016-07-24T08:29:47+00:00","og_image":[{"width":1200,"height":630,"url":"https:\/\/i0.wp.com\/vincentians.com\/es\/wp-content\/uploads\/sites\/11\/2016\/07\/reflexiones-palabra-de-dios.jpg?fit=1200%2C630","type":"image\/jpeg"}],"author":"Francisco Javier Fern\u00e1ndez Chento","twitter_card":"summary_large_image","twitter_creator":"@https:\/\/twitter.com\/javierchento","twitter_site":"@WeVincentians","twitter_misc":{"Escrito por":"Francisco Javier Fern\u00e1ndez Chento","Tiempo de lectura":"3 minutos"},"schema":{"@context":"https:\/\/schema.org","@graph":[{"@type":"Article","@id":"http:\/\/vincentians.com\/es\/17o-domingo-de-tiempo-ordinario-reflexion-de-alfonso-berrade-c-m\/#article","isPartOf":{"@id":"http:\/\/vincentians.com\/es\/17o-domingo-de-tiempo-ordinario-reflexion-de-alfonso-berrade-c-m\/"},"author":{"name":"Francisco Javier Fern\u00e1ndez Chento","@id":"http:\/\/vincentians.com\/es\/#\/schema\/person\/9623ef4d9aa3b2dfb8c061f1499288f2"},"headline":"17\u00ba Domingo de T.O. (reflexi\u00f3n de Alfonso Berrade, C.M.)","datePublished":"2012-07-28T08:00:11+00:00","dateModified":"2016-07-24T08:29:47+00:00","mainEntityOfPage":{"@id":"http:\/\/vincentians.com\/es\/17o-domingo-de-tiempo-ordinario-reflexion-de-alfonso-berrade-c-m\/"},"wordCount":595,"commentCount":0,"publisher":{"@id":"http:\/\/vincentians.com\/es\/#organization"},"image":{"@id":"http:\/\/vincentians.com\/es\/17o-domingo-de-tiempo-ordinario-reflexion-de-alfonso-berrade-c-m\/#primaryimage"},"thumbnailUrl":"https:\/\/i0.wp.com\/vincentians.com\/es\/wp-content\/uploads\/sites\/11\/2016\/07\/reflexiones-palabra-de-dios.jpg?fit=1200%2C630","articleSection":["Homil\u00edas y reflexiones, A\u00f1o B"],"inLanguage":"es","potentialAction":[{"@type":"CommentAction","name":"Comment","target":["http:\/\/vincentians.com\/es\/17o-domingo-de-tiempo-ordinario-reflexion-de-alfonso-berrade-c-m\/#respond"]}]},{"@type":"WebPage","@id":"http:\/\/vincentians.com\/es\/17o-domingo-de-tiempo-ordinario-reflexion-de-alfonso-berrade-c-m\/","url":"http:\/\/vincentians.com\/es\/17o-domingo-de-tiempo-ordinario-reflexion-de-alfonso-berrade-c-m\/","name":"17\u00ba Domingo de T.O. (reflexi\u00f3n de Alfonso Berrade, C.M.) - Somos Vicencianos","isPartOf":{"@id":"http:\/\/vincentians.com\/es\/#website"},"primaryImageOfPage":{"@id":"http:\/\/vincentians.com\/es\/17o-domingo-de-tiempo-ordinario-reflexion-de-alfonso-berrade-c-m\/#primaryimage"},"image":{"@id":"http:\/\/vincentians.com\/es\/17o-domingo-de-tiempo-ordinario-reflexion-de-alfonso-berrade-c-m\/#primaryimage"},"thumbnailUrl":"https:\/\/i0.wp.com\/vincentians.com\/es\/wp-content\/uploads\/sites\/11\/2016\/07\/reflexiones-palabra-de-dios.jpg?fit=1200%2C630","datePublished":"2012-07-28T08:00:11+00:00","dateModified":"2016-07-24T08:29:47+00:00","breadcrumb":{"@id":"http:\/\/vincentians.com\/es\/17o-domingo-de-tiempo-ordinario-reflexion-de-alfonso-berrade-c-m\/#breadcrumb"},"inLanguage":"es","potentialAction":[{"@type":"ReadAction","target":["http:\/\/vincentians.com\/es\/17o-domingo-de-tiempo-ordinario-reflexion-de-alfonso-berrade-c-m\/"]}]},{"@type":"ImageObject","inLanguage":"es","@id":"http:\/\/vincentians.com\/es\/17o-domingo-de-tiempo-ordinario-reflexion-de-alfonso-berrade-c-m\/#primaryimage","url":"https:\/\/i0.wp.com\/vincentians.com\/es\/wp-content\/uploads\/sites\/11\/2016\/07\/reflexiones-palabra-de-dios.jpg?fit=1200%2C630","contentUrl":"https:\/\/i0.wp.com\/vincentians.com\/es\/wp-content\/uploads\/sites\/11\/2016\/07\/reflexiones-palabra-de-dios.jpg?fit=1200%2C630","width":1200,"height":630},{"@type":"BreadcrumbList","@id":"http:\/\/vincentians.com\/es\/17o-domingo-de-tiempo-ordinario-reflexion-de-alfonso-berrade-c-m\/#breadcrumb","itemListElement":[{"@type":"ListItem","position":1,"name":"Portada","item":"http:\/\/vincentians.com\/es\/"},{"@type":"ListItem","position":2,"name":"17\u00ba Domingo de T.O. (reflexi\u00f3n de Alfonso Berrade, C.M.)"}]},{"@type":"WebSite","@id":"http:\/\/vincentians.com\/es\/#website","url":"http:\/\/vincentians.com\/es\/","name":"Somos Vicencianos","description":"Know more to serve more","publisher":{"@id":"http:\/\/vincentians.com\/es\/#organization"},"potentialAction":[{"@type":"SearchAction","target":{"@type":"EntryPoint","urlTemplate":"http:\/\/vincentians.com\/es\/?s={search_term_string}"},"query-input":{"@type":"PropertyValueSpecification","valueRequired":true,"valueName":"search_term_string"}}],"inLanguage":"es"},{"@type":"Organization","@id":"http:\/\/vincentians.com\/es\/#organization","name":"The Vincentian Network","url":"http:\/\/vincentians.com\/es\/","logo":{"@type":"ImageObject","inLanguage":"es","@id":"http:\/\/vincentians.com\/es\/#\/schema\/logo\/image\/","url":"https:\/\/i1.wp.com\/vincentians.com\/es\/wp-content\/uploads\/sites\/11\/2016\/06\/Vincentian-Network-logo-big.png?fit=778%2C778","contentUrl":"https:\/\/i1.wp.com\/vincentians.com\/es\/wp-content\/uploads\/sites\/11\/2016\/06\/Vincentian-Network-logo-big.png?fit=778%2C778","width":778,"height":778,"caption":"The Vincentian Network"},"image":{"@id":"http:\/\/vincentians.com\/es\/#\/schema\/logo\/image\/"},"sameAs":["https:\/\/www.facebook.com\/WeAreVincentians\/","https:\/\/x.com\/WeVincentians"]},{"@type":"Person","@id":"http:\/\/vincentians.com\/es\/#\/schema\/person\/9623ef4d9aa3b2dfb8c061f1499288f2","name":"Francisco Javier Fern\u00e1ndez Chento","image":{"@type":"ImageObject","inLanguage":"es","@id":"http:\/\/vincentians.com\/es\/#\/schema\/person\/image\/","url":"https:\/\/secure.gravatar.com\/avatar\/497d5cde87b4c3d097d0315953521681ba2cd523ee66e5077c3711f7021e65de?s=96&d=mm&r=g","contentUrl":"https:\/\/secure.gravatar.com\/avatar\/497d5cde87b4c3d097d0315953521681ba2cd523ee66e5077c3711f7021e65de?s=96&d=mm&r=g","caption":"Francisco Javier Fern\u00e1ndez Chento"},"description":"Director General y cofundador de La Red de Formaci\u00f3n Vicenciana. Javier es laico vicenciano, afiliado a la Congregaci\u00f3n de la Misi\u00f3n y miembro del Equipo de Misiones Populares de la provincia can\u00f3nica de Zaragoza (Espa\u00f1a) de la Congregaci\u00f3n de la Misi\u00f3n. Graduado en la Universidad Oberta de Catalunya con cuatro grados (Asistente de direcci\u00f3n, Gesti\u00f3n Administrativa, Recursos Humanos y Contabilidad Avanzada). Bil\u00edng\u00fce Espa\u00f1ol\/Ingl\u00e9s. gestiona y mantiene varias p\u00e1ginas web cristianas y vicencianas, incluida including La Red de Formaci\u00f3n Vicenciana, de la que es cofundador. Actualmente es responsable del \u00e1rea de Espa\u00f1ol de .famvin, la Red de Noticias de la Familia Vicenciana. Tambi\u00e9n es m\u00fasico cat\u00f3lico y ha editado varios discos. Es Director General y cofundador de Trovador, una reconocida compa\u00f1\u00eda discogr\u00e1fica critiana de Espa\u00f1a. Trabaja en las Tecnolog\u00edas de la Informaci\u00f3n, ofreciendo servicios de alojamiento, dise\u00f1o y mantenimiento Web, as\u00ed como asesoramiento, formaci\u00f3n y soluciones inform\u00e1ticas, gesti\u00f3n documental y digitalizaci\u00f3n de textos, edici\u00f3n y maquetaci\u00f3n de libros, revistas, flyers, etc.","sameAs":["http:\/\/chento.org","https:\/\/www.facebook.com\/JavierChento","https:\/\/x.com\/https:\/\/twitter.com\/javierchento"],"url":"http:\/\/vincentians.com\/es\/author\/chento\/"}]}},"jetpack_publicize_connections":[],"jetpack_featured_media_url":"https:\/\/i0.wp.com\/vincentians.com\/es\/wp-content\/uploads\/sites\/11\/2016\/07\/reflexiones-palabra-de-dios.jpg?fit=1200%2C630","jetpack_sharing_enabled":true,"jetpack_shortlink":"https:\/\/wp.me\/p7ETMF-zkb","jetpack-related-posts":[{"id":184210,"url":"http:\/\/vincentians.com\/es\/12o-domingo-de-t-o-reflexion-de-jose-antonio-pagola-2\/","url_meta":{"origin":135791,"position":0},"title":"13\u00ba Domingo de T.O. (reflexi\u00f3n de Jos\u00e9 Antonio Pagola)","author":"Francisco Javier Fern\u00e1ndez Chento","date":"22\/06\/2015","format":false,"excerpt":"Heridas secretas No conocemos su nombre. Es una mujer insignificante, perdida en medio del gent\u00edo que sigue a Jes\u00fas. No se atreve a hablar con \u00e9l como Jairo, el jefe de la sinagoga, que ha conseguido que Jes\u00fas se dirija hacia su casa. Ella no podr\u00e1 tener nunca esa suerte.\u2026","rel":"","context":"En \u00abHomil\u00edas y reflexiones, A\u00f1o B\u00bb","block_context":{"text":"Homil\u00edas y reflexiones, A\u00f1o B","link":"http:\/\/vincentians.com\/es\/category\/homilias-y-reflexiones-a-la-palabra-de-dios\/homilias-y-reflexiones-ano-b\/"},"img":{"alt_text":"","src":"https:\/\/i0.wp.com\/vincentians.com\/es\/wp-content\/uploads\/sites\/11\/2016\/07\/reflexiones-pagola.jpg?fit=1200%2C630&resize=350%2C200","width":350,"height":200,"srcset":"https:\/\/i0.wp.com\/vincentians.com\/es\/wp-content\/uploads\/sites\/11\/2016\/07\/reflexiones-pagola.jpg?fit=1200%2C630&resize=350%2C200 1x, https:\/\/i0.wp.com\/vincentians.com\/es\/wp-content\/uploads\/sites\/11\/2016\/07\/reflexiones-pagola.jpg?fit=1200%2C630&resize=525%2C300 1.5x, https:\/\/i0.wp.com\/vincentians.com\/es\/wp-content\/uploads\/sites\/11\/2016\/07\/reflexiones-pagola.jpg?fit=1200%2C630&resize=700%2C400 2x, https:\/\/i0.wp.com\/vincentians.com\/es\/wp-content\/uploads\/sites\/11\/2016\/07\/reflexiones-pagola.jpg?fit=1200%2C630&resize=1050%2C600 3x"},"classes":[]},{"id":125220,"url":"http:\/\/vincentians.com\/es\/novena-a-la-virgen-milagrosa-2013-dia-segundo\/","url_meta":{"origin":135791,"position":1},"title":"Novena a la Virgen Milagrosa 2013: D\u00eda segundo","author":"Francisco Javier Fern\u00e1ndez Chento","date":"20\/11\/2013","format":false,"excerpt":"Abre nuestro o\u00eddo a la PALABRA, para que reconozcamos la voz de Dios y su llamada. (Vocaci\u00f3n de Santa Catalina) MONICI\u00d3N DE ENTRADA Bienvenidos a la celebraci\u00f3n. Hoy le pedimos a la Milagrosa, siguiendo la oraci\u00f3n del Papa Francisco, que abra nuestro o\u00eddo a la Palabra de Dios, que reconozcamos\u2026","rel":"","context":"En \u00abVirgen Mar\u00eda\u00bb","block_context":{"text":"Virgen Mar\u00eda","link":"http:\/\/vincentians.com\/es\/category\/espiritualidad\/virgen-maria\/"},"img":{"alt_text":"Milagrosa_Pamplona_2013","src":"https:\/\/i0.wp.com\/vicencianos.org\/wp-content\/2012\/11\/Milagrosa_Pamplona_2013-201x300.jpg?resize=350%2C200","width":350,"height":200},"classes":[]},{"id":233234,"url":"http:\/\/vincentians.com\/es\/19o-domingo-de-t-o-reflexion-de-la-s-s-v-p-en-espana\/","url_meta":{"origin":135791,"position":2},"title":"19\u00ba Domingo de T.O. (reflexi\u00f3n de la S.S.V.P. en Espa\u00f1a)","author":"Francisco Javier Fern\u00e1ndez Chento","date":"05\/08\/2015","format":false,"excerpt":"\"Si el mundo nos quita por una parte, Dios nos dar\u00e1 por otra.\" (SVdeP) La principal ense\u00f1anza de las lecturas de este d\u00e9cimo noveno domingo del Tiempo Ordinario, es que Jes\u00fas se nos ha entregado como \u201cpan de vida\u201d, no s\u00f3lo en la fe, sino tambi\u00e9n en la Eucarist\u00eda. Nuestra\u2026","rel":"","context":"En \u00abHomil\u00edas y reflexiones, A\u00f1o B\u00bb","block_context":{"text":"Homil\u00edas y reflexiones, A\u00f1o B","link":"http:\/\/vincentians.com\/es\/category\/homilias-y-reflexiones-a-la-palabra-de-dios\/homilias-y-reflexiones-ano-b\/"},"img":{"alt_text":"","src":"https:\/\/i0.wp.com\/vincentians.com\/es\/wp-content\/uploads\/sites\/11\/2016\/07\/reflexiones-palabra-de-dios.jpg?fit=1200%2C630&resize=350%2C200","width":350,"height":200,"srcset":"https:\/\/i0.wp.com\/vincentians.com\/es\/wp-content\/uploads\/sites\/11\/2016\/07\/reflexiones-palabra-de-dios.jpg?fit=1200%2C630&resize=350%2C200 1x, https:\/\/i0.wp.com\/vincentians.com\/es\/wp-content\/uploads\/sites\/11\/2016\/07\/reflexiones-palabra-de-dios.jpg?fit=1200%2C630&resize=525%2C300 1.5x, https:\/\/i0.wp.com\/vincentians.com\/es\/wp-content\/uploads\/sites\/11\/2016\/07\/reflexiones-palabra-de-dios.jpg?fit=1200%2C630&resize=700%2C400 2x, https:\/\/i0.wp.com\/vincentians.com\/es\/wp-content\/uploads\/sites\/11\/2016\/07\/reflexiones-palabra-de-dios.jpg?fit=1200%2C630&resize=1050%2C600 3x"},"classes":[]},{"id":140736,"url":"http:\/\/vincentians.com\/es\/2o-domingo-de-cuaresma-reflexion-de-jose-antonio-pagola-3\/","url_meta":{"origin":135791,"position":3},"title":"2\u00ba domingo de Cuaresma (reflexi\u00f3n de Jos\u00e9 Antonio Pagola)","author":"Francisco Javier Fern\u00e1ndez Chento","date":"23\/02\/2015","format":false,"excerpt":"No confundir a nadie con Jes\u00fas Seg\u00fan el evangelista, Jes\u00fas toma consigo a Pedro, Santiago y Juan, los lleva aparte a una monta\u00f1a, y all\u00ed \u00abse transfigura delante de ellos\u00bb. Son los tres disc\u00edpulos que, al parecer, ofrecen mayor resistencia a Jes\u00fas cuando les habla de su destino doloroso de\u2026","rel":"","context":"En \u00abHomil\u00edas y reflexiones, A\u00f1o B\u00bb","block_context":{"text":"Homil\u00edas y reflexiones, A\u00f1o B","link":"http:\/\/vincentians.com\/es\/category\/homilias-y-reflexiones-a-la-palabra-de-dios\/homilias-y-reflexiones-ano-b\/"},"img":{"alt_text":"","src":"https:\/\/i0.wp.com\/vincentians.com\/es\/wp-content\/uploads\/sites\/11\/2016\/07\/reflexiones-pagola.jpg?fit=1200%2C630&resize=350%2C200","width":350,"height":200,"srcset":"https:\/\/i0.wp.com\/vincentians.com\/es\/wp-content\/uploads\/sites\/11\/2016\/07\/reflexiones-pagola.jpg?fit=1200%2C630&resize=350%2C200 1x, https:\/\/i0.wp.com\/vincentians.com\/es\/wp-content\/uploads\/sites\/11\/2016\/07\/reflexiones-pagola.jpg?fit=1200%2C630&resize=525%2C300 1.5x, https:\/\/i0.wp.com\/vincentians.com\/es\/wp-content\/uploads\/sites\/11\/2016\/07\/reflexiones-pagola.jpg?fit=1200%2C630&resize=700%2C400 2x, https:\/\/i0.wp.com\/vincentians.com\/es\/wp-content\/uploads\/sites\/11\/2016\/07\/reflexiones-pagola.jpg?fit=1200%2C630&resize=1050%2C600 3x"},"classes":[]},{"id":145277,"url":"http:\/\/vincentians.com\/es\/la-ascension-del-senor-reflexion-de-jose-cervantes-gabarron\/","url_meta":{"origin":135791,"position":4},"title":"La Ascensi\u00f3n del Se\u00f1or (reflexi\u00f3n de Jos\u00e9 Cervantes Gabarr\u00f3n)","author":"Francisco Javier Fern\u00e1ndez Chento","date":"16\/05\/2015","format":false,"excerpt":"Testigos de la Ascensi\u00f3n y Misioneros del Evangelio En el d\u00eda de la Ascensi\u00f3n celebramos a\u00a0Jes\u00fas, el crucificado y resucitado, ascendido al cielo, como Hijo de Dios y Se\u00f1or de toda la tierra.\u00a0Esta fiesta es la misma que la de la resurrecci\u00f3n de Jesucristo pero ha quedado plasmada en categor\u00edas\u2026","rel":"","context":"En \u00abHomil\u00edas y reflexiones, A\u00f1o B\u00bb","block_context":{"text":"Homil\u00edas y reflexiones, A\u00f1o B","link":"http:\/\/vincentians.com\/es\/category\/homilias-y-reflexiones-a-la-palabra-de-dios\/homilias-y-reflexiones-ano-b\/"},"img":{"alt_text":"","src":"https:\/\/i0.wp.com\/vincentians.com\/es\/wp-content\/uploads\/sites\/11\/2016\/07\/reflexiones-palabra-de-dios.jpg?fit=1200%2C630&resize=350%2C200","width":350,"height":200,"srcset":"https:\/\/i0.wp.com\/vincentians.com\/es\/wp-content\/uploads\/sites\/11\/2016\/07\/reflexiones-palabra-de-dios.jpg?fit=1200%2C630&resize=350%2C200 1x, https:\/\/i0.wp.com\/vincentians.com\/es\/wp-content\/uploads\/sites\/11\/2016\/07\/reflexiones-palabra-de-dios.jpg?fit=1200%2C630&resize=525%2C300 1.5x, https:\/\/i0.wp.com\/vincentians.com\/es\/wp-content\/uploads\/sites\/11\/2016\/07\/reflexiones-palabra-de-dios.jpg?fit=1200%2C630&resize=700%2C400 2x, https:\/\/i0.wp.com\/vincentians.com\/es\/wp-content\/uploads\/sites\/11\/2016\/07\/reflexiones-palabra-de-dios.jpg?fit=1200%2C630&resize=1050%2C600 3x"},"classes":[]},{"id":233232,"url":"http:\/\/vincentians.com\/es\/19o-domingo-de-t-o-reflexion-de-jose-roman-flecha\/","url_meta":{"origin":135791,"position":5},"title":"19\u00ba Domingo de T.O. (reflexi\u00f3n de Jos\u00e9 Rom\u00e1n Flecha)","author":"Francisco Javier Fern\u00e1ndez Chento","date":"04\/08\/2015","format":false,"excerpt":"LA FE Y LA VIDA Domingo 19\u00ba del Tiempo Ordinario. B. 9 de agosto de 2015 \u201cLev\u00e1ntate, come, que el camino es superior a tus fuerzas\u201d. Con esas palabras el \u00e1ngel del Se\u00f1or trata de levantar el \u00e1nimo a El\u00edas. El profeta hu\u00eda de la amenaza real que se cern\u00eda\u2026","rel":"","context":"En \u00abHomil\u00edas y reflexiones, A\u00f1o B\u00bb","block_context":{"text":"Homil\u00edas y reflexiones, A\u00f1o B","link":"http:\/\/vincentians.com\/es\/category\/homilias-y-reflexiones-a-la-palabra-de-dios\/homilias-y-reflexiones-ano-b\/"},"img":{"alt_text":"","src":"https:\/\/i0.wp.com\/vincentians.com\/es\/wp-content\/uploads\/sites\/11\/2016\/07\/reflexiones-palabra-de-dios.jpg?fit=1200%2C630&resize=350%2C200","width":350,"height":200,"srcset":"https:\/\/i0.wp.com\/vincentians.com\/es\/wp-content\/uploads\/sites\/11\/2016\/07\/reflexiones-palabra-de-dios.jpg?fit=1200%2C630&resize=350%2C200 1x, https:\/\/i0.wp.com\/vincentians.com\/es\/wp-content\/uploads\/sites\/11\/2016\/07\/reflexiones-palabra-de-dios.jpg?fit=1200%2C630&resize=525%2C300 1.5x, https:\/\/i0.wp.com\/vincentians.com\/es\/wp-content\/uploads\/sites\/11\/2016\/07\/reflexiones-palabra-de-dios.jpg?fit=1200%2C630&resize=700%2C400 2x, https:\/\/i0.wp.com\/vincentians.com\/es\/wp-content\/uploads\/sites\/11\/2016\/07\/reflexiones-palabra-de-dios.jpg?fit=1200%2C630&resize=1050%2C600 3x"},"classes":[]}],"_links":{"self":[{"href":"http:\/\/vincentians.com\/es\/wp-json\/wp\/v2\/posts\/135791","targetHints":{"allow":["GET"]}}],"collection":[{"href":"http:\/\/vincentians.com\/es\/wp-json\/wp\/v2\/posts"}],"about":[{"href":"http:\/\/vincentians.com\/es\/wp-json\/wp\/v2\/types\/post"}],"author":[{"embeddable":true,"href":"http:\/\/vincentians.com\/es\/wp-json\/wp\/v2\/users\/4"}],"replies":[{"embeddable":true,"href":"http:\/\/vincentians.com\/es\/wp-json\/wp\/v2\/comments?post=135791"}],"version-history":[{"count":0,"href":"http:\/\/vincentians.com\/es\/wp-json\/wp\/v2\/posts\/135791\/revisions"}],"wp:featuredmedia":[{"embeddable":true,"href":"http:\/\/vincentians.com\/es\/wp-json\/wp\/v2\/media\/388408"}],"wp:attachment":[{"href":"http:\/\/vincentians.com\/es\/wp-json\/wp\/v2\/media?parent=135791"}],"wp:term":[{"taxonomy":"category","embeddable":true,"href":"http:\/\/vincentians.com\/es\/wp-json\/wp\/v2\/categories?post=135791"},{"taxonomy":"post_tag","embeddable":true,"href":"http:\/\/vincentians.com\/es\/wp-json\/wp\/v2\/tags?post=135791"}],"curies":[{"name":"wp","href":"https:\/\/api.w.org\/{rel}","templated":true}]}}