{"id":135785,"date":"2012-07-15T18:39:31","date_gmt":"2012-07-15T16:39:31","guid":{"rendered":"http:\/\/somos.vicencianos.org\/comentarios\/?p=1771"},"modified":"2016-07-24T10:29:49","modified_gmt":"2016-07-24T08:29:49","slug":"15o-domingo-de-tiempo-ordinario-reflexion-de-jose-cervantes-gabarron","status":"publish","type":"post","link":"http:\/\/vincentians.com\/es\/15o-domingo-de-tiempo-ordinario-reflexion-de-jose-cervantes-gabarron\/","title":{"rendered":"15\u00ba Domingo de Tiempo Ordinario (reflexi\u00f3n de Jos\u00e9 Cervantes Gabarr\u00f3n)"},"content":{"rendered":"<h2><strong><em><strong><em><strong><em><strong><em><strong><em><\/em><\/strong><\/em><\/strong><\/em><\/strong><\/em><\/strong><\/em><\/strong><strong><em><strong><em><strong><em><strong><em><strong><em><strong><em><strong><em><strong><em><strong><em><strong><em><strong><em><strong><em>Profetas y misioneros con autoridad<\/em><\/strong><\/em><\/strong><\/em><\/strong><\/em><\/strong><\/em><\/strong><\/em><\/strong><\/em><\/strong><\/em><\/strong><\/em><\/strong><\/em><\/strong><\/em><\/strong><\/em><\/strong><\/h2>\n<dl id=\"attachment_911\" class=\"wp-caption alignright\" style=\"width: 220px\">\n<dt class=\"wp-caption-dt\"><a href=\"https:\/\/i0.wp.com\/vicencianos.org\/comentarios\/files\/2011\/10\/Jose_Cervantes.jpg\"><img data-recalc-dims=\"1\" loading=\"lazy\" decoding=\"async\" class=\"size-medium wp-image-911\" title=\"Jose_Cervantes\" src=\"https:\/\/i0.wp.com\/vicencianos.org\/comentarios\/files\/2011\/10\/Jose_Cervantes-210x300.jpg?resize=210%2C300\" alt=\"\" width=\"210\" height=\"300\" \/><\/a><\/dt>\n<dd class=\"wp-caption-dd\">Jos\u00e9 Cervantes Gabarr\u00f3n, sacerdote misionero y profesor de Sagrada Escritura.<\/dd>\n<\/dl>\n<p>La palabra de este domingo nos presenta el env\u00edo misionero de los Doce disc\u00edpulos de Jes\u00fas (Mc 6, 7-13) y la llamada a la vida prof\u00e9tica de Am\u00f3s en el Antiguo Testamento. El texto evang\u00e9lico pone demanifiesto la iniciativa del Se\u00f1or en la llamada a los disc\u00edpulos. Jes\u00fas los constituye en misioneros de manera permanente, no solamente para el momento que nos narra el evangelio. Y fueron enviados de dos en dos. El env\u00edo por parejas es espec\u00edfico de Marcos y con ello se expresa la necesidad de que haya dos testigos (Dt 19,15, 17,6). Ninguno de los dos testigos habla en nombre propio y no tiene nada propio que comunicar. Los disc\u00edpulos van en misi\u00f3n y salen de dos en dos para poder ayudarse mutuamente y manifestar la fraternidad entre ellos.<\/p>\n<p>De parte de Jes\u00fas reciben una autoridad tambi\u00e9n permanente para cumplir la misma misi\u00f3n que el maestro ya hab\u00eda mostrado. Es la autoridad para enfrentarse a los esp\u00edritus inmundos. Y deben ir por el mundo como personas libres y austeras.\u00a0 J.P. Meier recuerda estas dos notas esenciales del seguimiento radical de Jes\u00fas y en su obra <em>Un jud\u00edo marginal<\/em>, comenta el texto de Mc 6,7: \u201cY llam\u00f3 a los Doce y empez\u00f3 a enviarlos dedos en dos y les daba autoridad sobre los esp\u00edritus inmundos\u201d y dice: De hecho, relacionando tan estrechamente a los Doce con su persona y misi\u00f3n, Jes\u00fas convirti\u00f3 el grupo en el modelo de lo que significa ser disc\u00edpulo. Las tres condiciones del discipulado (recibir una llamada perentoria de Jes\u00fas; seguir a Jes\u00fas f\u00edsicamente, renunciando a unos v\u00ednculos normales con la propia familia, y exponerse al sufrimiento) estaban especialmente representadas por este c\u00edrculo \u00edntimo de disc\u00edpulos a los que Jes\u00fas hab\u00eda escogido \u201cpara que estuvieran con \u00e9l\u201d (por emplear la expresi\u00f3n con la que Marcos resume su funci\u00f3n) mientras realizaba sus recorridos de predicaci\u00f3n por Palestina. Quiz\u00e1 otros disc\u00edpulos fueran menos constantes en el acompa\u00f1amiento de Jes\u00fas, pero los disc\u00edpulos a los que Jes\u00fas hab\u00eda escogido originalmente para el c\u00edrculo de los Doce perseveraron en ese relevante grupo de seguidores a lo largo de los \u00e9xitos y fracasos del ministerio; es m\u00e1s, con la excepci\u00f3n hecha de Judas, tras el desastre del Calvario llegaron a conocer como grupo los primeros d\u00edas de la Iglesia. Esta asociaci\u00f3n estable a largo plazo con Jes\u00fas permite suponer que los Doce, m\u00e1s que la mayor parte de los otros seguidores, habr\u00edan sido los regulares oyentes y testigos oculares del ministerio de ense\u00f1anza y curaci\u00f3n. Simplemente por su estabilidad y perseverancia y a pesar de sus fallos, encarnaban de manera p\u00fablica y como una lecci\u00f3n permanente lo que Jes\u00fas entend\u00eda por discipulado. Les hubiera asignado o no Jes\u00fas expl\u00edcitamente esta funci\u00f3n, la desempe\u00f1aron de hecho, lo cual probablemente contribuy\u00f3 no en peque\u00f1a manera a su influencia en los primeros d\u00edas de la Iglesia.<\/p>\n<p>En los primeros relatos de vocaci\u00f3n los disc\u00edpulos lo dejaron todo y siguieron a Jes\u00fas, abandonaron trabajo y familia para irse con Jes\u00fas. Para la misi\u00f3n tambi\u00e9n deben ir libres de todo. S\u00f3lo tienen una cosa: la autoridad moral y la fuerza de convicci\u00f3n de su palabra. El mensaje que hay que comunicar no consiste en anunciar la conversi\u00f3n sino en proclamar la cercan\u00eda del Reino de Dios en la persona de Jes\u00fas. Esta cercan\u00eda inminente del Reino se manifiesta en la realizaci\u00f3n de las mismas obras de Jes\u00fas: la expulsi\u00f3n de demonios y la curaci\u00f3n de los enfermos mediante la unci\u00f3n.<\/p>\n<p>Por otra parte el testimonio del profeta Am\u00f3s de la primera lectura de este domingo se remonta al siglo VIII a. de C. Su mensaje puede parecernos muy lejano si nos fijamos en el tiempo en el que escribi\u00f3, pero, dadas las circunstancias de su entorno social y religioso y su posible parang\u00f3n con los problemas que vivimos en nuestro mundo, podr\u00edamos pensar que se trata de uno de los profetas con los pies bien firmes sobre nuestra tierra.<\/p>\n<p>Am\u00f3s es el primer profeta b\u00edblico que nos transmiti\u00f3 su mensaje por escrito. No sabemos en qu\u00e9 a\u00f1o naci\u00f3 ni cu\u00e1ndo muri\u00f3. Naci\u00f3 en Tecoa, una ciudad peque\u00f1a a 17 Km al sur de Jerusal\u00e9n. Era pastor y agricultor de profesi\u00f3n. Pero Dios lo llam\u00f3 a desempe\u00f1ar su misi\u00f3n prof\u00e9tica en el Reino del Norte de Israel. All\u00ed reinaba Jeroboam II (782-753) que fue un gran militar, que ensanch\u00f3 la frontera norte de Israel, derrot\u00f3 a Damasco y se anexion\u00f3 territorios en Transjordania. La econom\u00eda progres\u00f3 mucho durante su reinado gracias al comercio de las caravanas, al desarrollo de la industria textil y a la explotaci\u00f3n de minas de cobre. Fue una \u00e9poca de esplendor macroecon\u00f3mico desconocida desde los tiempos de Salom\u00f3n. Al mismo tiempo exist\u00edan grandes problemas sociales, sobre todo, la terrible opresi\u00f3n de los pobres, v\u00edctimas de los terratenientes, de los potentados y de la corrupci\u00f3n en los tribunales de justicia. Era un tiempo de grandes injusticias y de un contraste brutal entre ricos y pobres.<\/p>\n<p>Un peque\u00f1o agricultor estaba a merced de los prestamistas que los expon\u00edan a la hipoteca, al embargo y a la esclavitud. Este sistema empeoraba por la ambici\u00f3n de los ricos y comerciantes, que aprovechaban las fianzas dadas por los pobres para aumentar sus riquezas. Se falsificaban los pesos y medidas, se recurr\u00eda a trampas legales y se sobornaba a los jueces. Mientras tanto la situaci\u00f3n de los empobrecidos era cada vez m\u00e1s dura.<\/p>\n<p>El profeta Am\u00f3s denunci\u00f3 esta tr\u00e1gica situaci\u00f3n. La novedad de su mensaje consisti\u00f3 en el rechazo del reformismo para dar paso a la ruptura total con las estructuras vigentes: Todo el sistema est\u00e1 podrido, el muro de Israel est\u00e1 abombado y no puede mantenerse en pie; \u201ces un cesto de higos maduros, maduros para el fin\u201d (Am 8,1-3). La denuncia de los pecados concretos del lujo, la injusticia, el culto falso, y la falsa seguridad religiosa constituye el centro de su intervenci\u00f3n prof\u00e9tica. Pero fue su cr\u00edtica mordaz a las instituciones la que le vali\u00f3 la oposici\u00f3n del sacerdote Amas\u00edas y del rey (Am 7,10-17). Am\u00f3s, con la libertad radical de los profetas, pon\u00eda el dedo en la llaga al desvelar que la ra\u00edz del mal social estaba sobre todo en las instituciones: Los poderes pol\u00edtico y judicial, vinculados a la religi\u00f3n, eran los responsables principales de la injusticia por fomentar una idea err\u00f3nea de Dios y tranquilizar la conciencia de los gobernantes y opresores. La firmeza de Am\u00f3s frente a las instituciones pol\u00edticas y religiosas es un ejemplo de actuaci\u00f3n prof\u00e9tica en nuestros d\u00edas.<\/p>\n","protected":false},"excerpt":{"rendered":"<p>Profetas y misioneros con autoridad Jos\u00e9 Cervantes Gabarr\u00f3n, sacerdote misionero y profesor de Sagrada Escritura. La palabra de este domingo nos presenta el env\u00edo misionero de los Doce disc\u00edpulos de Jes\u00fas (Mc 6, 7-13) y &#8230; <a href=\"http:\/\/vincentians.com\/es\/15o-domingo-de-tiempo-ordinario-reflexion-de-jose-cervantes-gabarron\/\" class=\"more-link\">Read More<\/a><\/p>\n","protected":false},"author":4,"featured_media":388408,"comment_status":"open","ping_status":"open","sticky":false,"template":"","format":"standard","meta":{"jetpack_post_was_ever_published":false,"_jetpack_newsletter_access":"","_jetpack_dont_email_post_to_subs":false,"_jetpack_newsletter_tier_id":0,"_jetpack_memberships_contains_paywalled_content":false,"_jetpack_memberships_contains_paid_content":false,"footnotes":"","jetpack_publicize_message":"","jetpack_publicize_feature_enabled":true,"jetpack_social_post_already_shared":true,"jetpack_social_options":{"image_generator_settings":{"template":"highway","default_image_id":0,"font":"","enabled":false},"version":2}},"categories":[93],"tags":[],"class_list":["post-135785","post","type-post","status-publish","format-standard","has-post-thumbnail","hentry","category-homilias-y-reflexiones-ano-b"],"yoast_head":"<!-- This site is optimized with the Yoast SEO plugin v26.3 - https:\/\/yoast.com\/wordpress\/plugins\/seo\/ -->\n<title>15\u00ba Domingo de Tiempo Ordinario (reflexi\u00f3n de Jos\u00e9 Cervantes Gabarr\u00f3n) - Somos Vicencianos<\/title>\n<meta name=\"robots\" content=\"index, follow, max-snippet:-1, max-image-preview:large, max-video-preview:-1\" \/>\n<link rel=\"canonical\" href=\"https:\/\/vincentians.com\/es\/15o-domingo-de-tiempo-ordinario-reflexion-de-jose-cervantes-gabarron\/\" \/>\n<meta property=\"og:locale\" content=\"es_ES\" \/>\n<meta property=\"og:type\" content=\"article\" \/>\n<meta property=\"og:title\" content=\"15\u00ba Domingo de Tiempo Ordinario (reflexi\u00f3n de Jos\u00e9 Cervantes Gabarr\u00f3n) - Somos Vicencianos\" \/>\n<meta property=\"og:description\" content=\"Profetas y misioneros con autoridad Jos\u00e9 Cervantes Gabarr\u00f3n, sacerdote misionero y profesor de Sagrada Escritura. La palabra de este domingo nos presenta el env\u00edo misionero de los Doce disc\u00edpulos de Jes\u00fas (Mc 6, 7-13) y ... Read More\" \/>\n<meta property=\"og:url\" content=\"https:\/\/vincentians.com\/es\/15o-domingo-de-tiempo-ordinario-reflexion-de-jose-cervantes-gabarron\/\" \/>\n<meta property=\"og:site_name\" content=\"Somos Vicencianos\" \/>\n<meta property=\"article:publisher\" content=\"https:\/\/www.facebook.com\/WeAreVincentians\/\" \/>\n<meta property=\"article:author\" content=\"https:\/\/www.facebook.com\/JavierChento\" \/>\n<meta property=\"article:published_time\" content=\"2012-07-15T16:39:31+00:00\" \/>\n<meta property=\"article:modified_time\" content=\"2016-07-24T08:29:49+00:00\" \/>\n<meta property=\"og:image\" content=\"https:\/\/i0.wp.com\/vincentians.com\/es\/wp-content\/uploads\/sites\/11\/2016\/07\/reflexiones-palabra-de-dios.jpg?fit=1200%2C630&ssl=1\" \/>\n\t<meta property=\"og:image:width\" content=\"1200\" \/>\n\t<meta property=\"og:image:height\" content=\"630\" \/>\n\t<meta property=\"og:image:type\" content=\"image\/jpeg\" \/>\n<meta name=\"author\" content=\"Francisco Javier Fern\u00e1ndez Chento\" \/>\n<meta name=\"twitter:card\" content=\"summary_large_image\" \/>\n<meta name=\"twitter:creator\" content=\"@https:\/\/twitter.com\/javierchento\" \/>\n<meta name=\"twitter:site\" content=\"@WeVincentians\" \/>\n<meta name=\"twitter:label1\" content=\"Escrito por\" \/>\n\t<meta name=\"twitter:data1\" content=\"Francisco Javier Fern\u00e1ndez Chento\" \/>\n\t<meta name=\"twitter:label2\" content=\"Tiempo de lectura\" \/>\n\t<meta name=\"twitter:data2\" content=\"6 minutos\" \/>\n<script type=\"application\/ld+json\" class=\"yoast-schema-graph\">{\"@context\":\"https:\/\/schema.org\",\"@graph\":[{\"@type\":\"Article\",\"@id\":\"https:\/\/vincentians.com\/es\/15o-domingo-de-tiempo-ordinario-reflexion-de-jose-cervantes-gabarron\/#article\",\"isPartOf\":{\"@id\":\"https:\/\/vincentians.com\/es\/15o-domingo-de-tiempo-ordinario-reflexion-de-jose-cervantes-gabarron\/\"},\"author\":{\"name\":\"Francisco Javier Fern\u00e1ndez Chento\",\"@id\":\"http:\/\/vincentians.com\/es\/#\/schema\/person\/9623ef4d9aa3b2dfb8c061f1499288f2\"},\"headline\":\"15\u00ba Domingo de Tiempo Ordinario (reflexi\u00f3n de Jos\u00e9 Cervantes Gabarr\u00f3n)\",\"datePublished\":\"2012-07-15T16:39:31+00:00\",\"dateModified\":\"2016-07-24T08:29:49+00:00\",\"mainEntityOfPage\":{\"@id\":\"https:\/\/vincentians.com\/es\/15o-domingo-de-tiempo-ordinario-reflexion-de-jose-cervantes-gabarron\/\"},\"wordCount\":1228,\"commentCount\":0,\"publisher\":{\"@id\":\"http:\/\/vincentians.com\/es\/#organization\"},\"image\":{\"@id\":\"https:\/\/vincentians.com\/es\/15o-domingo-de-tiempo-ordinario-reflexion-de-jose-cervantes-gabarron\/#primaryimage\"},\"thumbnailUrl\":\"https:\/\/i0.wp.com\/vincentians.com\/es\/wp-content\/uploads\/sites\/11\/2016\/07\/reflexiones-palabra-de-dios.jpg?fit=1200%2C630\",\"articleSection\":[\"Homil\u00edas y reflexiones, A\u00f1o B\"],\"inLanguage\":\"es\",\"potentialAction\":[{\"@type\":\"CommentAction\",\"name\":\"Comment\",\"target\":[\"https:\/\/vincentians.com\/es\/15o-domingo-de-tiempo-ordinario-reflexion-de-jose-cervantes-gabarron\/#respond\"]}]},{\"@type\":\"WebPage\",\"@id\":\"https:\/\/vincentians.com\/es\/15o-domingo-de-tiempo-ordinario-reflexion-de-jose-cervantes-gabarron\/\",\"url\":\"https:\/\/vincentians.com\/es\/15o-domingo-de-tiempo-ordinario-reflexion-de-jose-cervantes-gabarron\/\",\"name\":\"15\u00ba Domingo de Tiempo Ordinario (reflexi\u00f3n de Jos\u00e9 Cervantes Gabarr\u00f3n) - Somos Vicencianos\",\"isPartOf\":{\"@id\":\"http:\/\/vincentians.com\/es\/#website\"},\"primaryImageOfPage\":{\"@id\":\"https:\/\/vincentians.com\/es\/15o-domingo-de-tiempo-ordinario-reflexion-de-jose-cervantes-gabarron\/#primaryimage\"},\"image\":{\"@id\":\"https:\/\/vincentians.com\/es\/15o-domingo-de-tiempo-ordinario-reflexion-de-jose-cervantes-gabarron\/#primaryimage\"},\"thumbnailUrl\":\"https:\/\/i0.wp.com\/vincentians.com\/es\/wp-content\/uploads\/sites\/11\/2016\/07\/reflexiones-palabra-de-dios.jpg?fit=1200%2C630\",\"datePublished\":\"2012-07-15T16:39:31+00:00\",\"dateModified\":\"2016-07-24T08:29:49+00:00\",\"breadcrumb\":{\"@id\":\"https:\/\/vincentians.com\/es\/15o-domingo-de-tiempo-ordinario-reflexion-de-jose-cervantes-gabarron\/#breadcrumb\"},\"inLanguage\":\"es\",\"potentialAction\":[{\"@type\":\"ReadAction\",\"target\":[\"https:\/\/vincentians.com\/es\/15o-domingo-de-tiempo-ordinario-reflexion-de-jose-cervantes-gabarron\/\"]}]},{\"@type\":\"ImageObject\",\"inLanguage\":\"es\",\"@id\":\"https:\/\/vincentians.com\/es\/15o-domingo-de-tiempo-ordinario-reflexion-de-jose-cervantes-gabarron\/#primaryimage\",\"url\":\"https:\/\/i0.wp.com\/vincentians.com\/es\/wp-content\/uploads\/sites\/11\/2016\/07\/reflexiones-palabra-de-dios.jpg?fit=1200%2C630\",\"contentUrl\":\"https:\/\/i0.wp.com\/vincentians.com\/es\/wp-content\/uploads\/sites\/11\/2016\/07\/reflexiones-palabra-de-dios.jpg?fit=1200%2C630\",\"width\":1200,\"height\":630},{\"@type\":\"BreadcrumbList\",\"@id\":\"https:\/\/vincentians.com\/es\/15o-domingo-de-tiempo-ordinario-reflexion-de-jose-cervantes-gabarron\/#breadcrumb\",\"itemListElement\":[{\"@type\":\"ListItem\",\"position\":1,\"name\":\"Portada\",\"item\":\"http:\/\/vincentians.com\/es\/\"},{\"@type\":\"ListItem\",\"position\":2,\"name\":\"15\u00ba Domingo de Tiempo Ordinario (reflexi\u00f3n de Jos\u00e9 Cervantes Gabarr\u00f3n)\"}]},{\"@type\":\"WebSite\",\"@id\":\"http:\/\/vincentians.com\/es\/#website\",\"url\":\"http:\/\/vincentians.com\/es\/\",\"name\":\"Somos Vicencianos\",\"description\":\"Know more to serve more\",\"publisher\":{\"@id\":\"http:\/\/vincentians.com\/es\/#organization\"},\"potentialAction\":[{\"@type\":\"SearchAction\",\"target\":{\"@type\":\"EntryPoint\",\"urlTemplate\":\"http:\/\/vincentians.com\/es\/?s={search_term_string}\"},\"query-input\":{\"@type\":\"PropertyValueSpecification\",\"valueRequired\":true,\"valueName\":\"search_term_string\"}}],\"inLanguage\":\"es\"},{\"@type\":\"Organization\",\"@id\":\"http:\/\/vincentians.com\/es\/#organization\",\"name\":\"The Vincentian Network\",\"url\":\"http:\/\/vincentians.com\/es\/\",\"logo\":{\"@type\":\"ImageObject\",\"inLanguage\":\"es\",\"@id\":\"http:\/\/vincentians.com\/es\/#\/schema\/logo\/image\/\",\"url\":\"https:\/\/i1.wp.com\/vincentians.com\/es\/wp-content\/uploads\/sites\/11\/2016\/06\/Vincentian-Network-logo-big.png?fit=778%2C778\",\"contentUrl\":\"https:\/\/i1.wp.com\/vincentians.com\/es\/wp-content\/uploads\/sites\/11\/2016\/06\/Vincentian-Network-logo-big.png?fit=778%2C778\",\"width\":778,\"height\":778,\"caption\":\"The Vincentian Network\"},\"image\":{\"@id\":\"http:\/\/vincentians.com\/es\/#\/schema\/logo\/image\/\"},\"sameAs\":[\"https:\/\/www.facebook.com\/WeAreVincentians\/\",\"https:\/\/x.com\/WeVincentians\"]},{\"@type\":\"Person\",\"@id\":\"http:\/\/vincentians.com\/es\/#\/schema\/person\/9623ef4d9aa3b2dfb8c061f1499288f2\",\"name\":\"Francisco Javier Fern\u00e1ndez Chento\",\"image\":{\"@type\":\"ImageObject\",\"inLanguage\":\"es\",\"@id\":\"http:\/\/vincentians.com\/es\/#\/schema\/person\/image\/\",\"url\":\"https:\/\/secure.gravatar.com\/avatar\/497d5cde87b4c3d097d0315953521681ba2cd523ee66e5077c3711f7021e65de?s=96&d=mm&r=g\",\"contentUrl\":\"https:\/\/secure.gravatar.com\/avatar\/497d5cde87b4c3d097d0315953521681ba2cd523ee66e5077c3711f7021e65de?s=96&d=mm&r=g\",\"caption\":\"Francisco Javier Fern\u00e1ndez Chento\"},\"description\":\"Director General y cofundador de La Red de Formaci\u00f3n Vicenciana. Javier es laico vicenciano, afiliado a la Congregaci\u00f3n de la Misi\u00f3n y miembro del Equipo de Misiones Populares de la provincia can\u00f3nica de Zaragoza (Espa\u00f1a) de la Congregaci\u00f3n de la Misi\u00f3n. Graduado en la Universidad Oberta de Catalunya con cuatro grados (Asistente de direcci\u00f3n, Gesti\u00f3n Administrativa, Recursos Humanos y Contabilidad Avanzada). Bil\u00edng\u00fce Espa\u00f1ol\/Ingl\u00e9s. gestiona y mantiene varias p\u00e1ginas web cristianas y vicencianas, incluida including La Red de Formaci\u00f3n Vicenciana, de la que es cofundador. Actualmente es responsable del \u00e1rea de Espa\u00f1ol de .famvin, la Red de Noticias de la Familia Vicenciana. Tambi\u00e9n es m\u00fasico cat\u00f3lico y ha editado varios discos. Es Director General y cofundador de Trovador, una reconocida compa\u00f1\u00eda discogr\u00e1fica critiana de Espa\u00f1a. Trabaja en las Tecnolog\u00edas de la Informaci\u00f3n, ofreciendo servicios de alojamiento, dise\u00f1o y mantenimiento Web, as\u00ed como asesoramiento, formaci\u00f3n y soluciones inform\u00e1ticas, gesti\u00f3n documental y digitalizaci\u00f3n de textos, edici\u00f3n y maquetaci\u00f3n de libros, revistas, flyers, etc.\",\"sameAs\":[\"http:\/\/chento.org\",\"https:\/\/www.facebook.com\/JavierChento\",\"https:\/\/x.com\/https:\/\/twitter.com\/javierchento\"],\"url\":\"http:\/\/vincentians.com\/es\/author\/chento\/\"}]}<\/script>\n<!-- \/ Yoast SEO plugin. -->","yoast_head_json":{"title":"15\u00ba Domingo de Tiempo Ordinario (reflexi\u00f3n de Jos\u00e9 Cervantes Gabarr\u00f3n) - Somos Vicencianos","robots":{"index":"index","follow":"follow","max-snippet":"max-snippet:-1","max-image-preview":"max-image-preview:large","max-video-preview":"max-video-preview:-1"},"canonical":"https:\/\/vincentians.com\/es\/15o-domingo-de-tiempo-ordinario-reflexion-de-jose-cervantes-gabarron\/","og_locale":"es_ES","og_type":"article","og_title":"15\u00ba Domingo de Tiempo Ordinario (reflexi\u00f3n de Jos\u00e9 Cervantes Gabarr\u00f3n) - Somos Vicencianos","og_description":"Profetas y misioneros con autoridad Jos\u00e9 Cervantes Gabarr\u00f3n, sacerdote misionero y profesor de Sagrada Escritura. La palabra de este domingo nos presenta el env\u00edo misionero de los Doce disc\u00edpulos de Jes\u00fas (Mc 6, 7-13) y ... Read More","og_url":"https:\/\/vincentians.com\/es\/15o-domingo-de-tiempo-ordinario-reflexion-de-jose-cervantes-gabarron\/","og_site_name":"Somos Vicencianos","article_publisher":"https:\/\/www.facebook.com\/WeAreVincentians\/","article_author":"https:\/\/www.facebook.com\/JavierChento","article_published_time":"2012-07-15T16:39:31+00:00","article_modified_time":"2016-07-24T08:29:49+00:00","og_image":[{"width":1200,"height":630,"url":"https:\/\/i0.wp.com\/vincentians.com\/es\/wp-content\/uploads\/sites\/11\/2016\/07\/reflexiones-palabra-de-dios.jpg?fit=1200%2C630&ssl=1","type":"image\/jpeg"}],"author":"Francisco Javier Fern\u00e1ndez Chento","twitter_card":"summary_large_image","twitter_creator":"@https:\/\/twitter.com\/javierchento","twitter_site":"@WeVincentians","twitter_misc":{"Escrito por":"Francisco Javier Fern\u00e1ndez Chento","Tiempo de lectura":"6 minutos"},"schema":{"@context":"https:\/\/schema.org","@graph":[{"@type":"Article","@id":"https:\/\/vincentians.com\/es\/15o-domingo-de-tiempo-ordinario-reflexion-de-jose-cervantes-gabarron\/#article","isPartOf":{"@id":"https:\/\/vincentians.com\/es\/15o-domingo-de-tiempo-ordinario-reflexion-de-jose-cervantes-gabarron\/"},"author":{"name":"Francisco Javier Fern\u00e1ndez Chento","@id":"http:\/\/vincentians.com\/es\/#\/schema\/person\/9623ef4d9aa3b2dfb8c061f1499288f2"},"headline":"15\u00ba Domingo de Tiempo Ordinario (reflexi\u00f3n de Jos\u00e9 Cervantes Gabarr\u00f3n)","datePublished":"2012-07-15T16:39:31+00:00","dateModified":"2016-07-24T08:29:49+00:00","mainEntityOfPage":{"@id":"https:\/\/vincentians.com\/es\/15o-domingo-de-tiempo-ordinario-reflexion-de-jose-cervantes-gabarron\/"},"wordCount":1228,"commentCount":0,"publisher":{"@id":"http:\/\/vincentians.com\/es\/#organization"},"image":{"@id":"https:\/\/vincentians.com\/es\/15o-domingo-de-tiempo-ordinario-reflexion-de-jose-cervantes-gabarron\/#primaryimage"},"thumbnailUrl":"https:\/\/i0.wp.com\/vincentians.com\/es\/wp-content\/uploads\/sites\/11\/2016\/07\/reflexiones-palabra-de-dios.jpg?fit=1200%2C630","articleSection":["Homil\u00edas y reflexiones, A\u00f1o B"],"inLanguage":"es","potentialAction":[{"@type":"CommentAction","name":"Comment","target":["https:\/\/vincentians.com\/es\/15o-domingo-de-tiempo-ordinario-reflexion-de-jose-cervantes-gabarron\/#respond"]}]},{"@type":"WebPage","@id":"https:\/\/vincentians.com\/es\/15o-domingo-de-tiempo-ordinario-reflexion-de-jose-cervantes-gabarron\/","url":"https:\/\/vincentians.com\/es\/15o-domingo-de-tiempo-ordinario-reflexion-de-jose-cervantes-gabarron\/","name":"15\u00ba Domingo de Tiempo Ordinario (reflexi\u00f3n de Jos\u00e9 Cervantes Gabarr\u00f3n) - Somos Vicencianos","isPartOf":{"@id":"http:\/\/vincentians.com\/es\/#website"},"primaryImageOfPage":{"@id":"https:\/\/vincentians.com\/es\/15o-domingo-de-tiempo-ordinario-reflexion-de-jose-cervantes-gabarron\/#primaryimage"},"image":{"@id":"https:\/\/vincentians.com\/es\/15o-domingo-de-tiempo-ordinario-reflexion-de-jose-cervantes-gabarron\/#primaryimage"},"thumbnailUrl":"https:\/\/i0.wp.com\/vincentians.com\/es\/wp-content\/uploads\/sites\/11\/2016\/07\/reflexiones-palabra-de-dios.jpg?fit=1200%2C630","datePublished":"2012-07-15T16:39:31+00:00","dateModified":"2016-07-24T08:29:49+00:00","breadcrumb":{"@id":"https:\/\/vincentians.com\/es\/15o-domingo-de-tiempo-ordinario-reflexion-de-jose-cervantes-gabarron\/#breadcrumb"},"inLanguage":"es","potentialAction":[{"@type":"ReadAction","target":["https:\/\/vincentians.com\/es\/15o-domingo-de-tiempo-ordinario-reflexion-de-jose-cervantes-gabarron\/"]}]},{"@type":"ImageObject","inLanguage":"es","@id":"https:\/\/vincentians.com\/es\/15o-domingo-de-tiempo-ordinario-reflexion-de-jose-cervantes-gabarron\/#primaryimage","url":"https:\/\/i0.wp.com\/vincentians.com\/es\/wp-content\/uploads\/sites\/11\/2016\/07\/reflexiones-palabra-de-dios.jpg?fit=1200%2C630","contentUrl":"https:\/\/i0.wp.com\/vincentians.com\/es\/wp-content\/uploads\/sites\/11\/2016\/07\/reflexiones-palabra-de-dios.jpg?fit=1200%2C630","width":1200,"height":630},{"@type":"BreadcrumbList","@id":"https:\/\/vincentians.com\/es\/15o-domingo-de-tiempo-ordinario-reflexion-de-jose-cervantes-gabarron\/#breadcrumb","itemListElement":[{"@type":"ListItem","position":1,"name":"Portada","item":"http:\/\/vincentians.com\/es\/"},{"@type":"ListItem","position":2,"name":"15\u00ba Domingo de Tiempo Ordinario (reflexi\u00f3n de Jos\u00e9 Cervantes Gabarr\u00f3n)"}]},{"@type":"WebSite","@id":"http:\/\/vincentians.com\/es\/#website","url":"http:\/\/vincentians.com\/es\/","name":"Somos Vicencianos","description":"Know more to serve more","publisher":{"@id":"http:\/\/vincentians.com\/es\/#organization"},"potentialAction":[{"@type":"SearchAction","target":{"@type":"EntryPoint","urlTemplate":"http:\/\/vincentians.com\/es\/?s={search_term_string}"},"query-input":{"@type":"PropertyValueSpecification","valueRequired":true,"valueName":"search_term_string"}}],"inLanguage":"es"},{"@type":"Organization","@id":"http:\/\/vincentians.com\/es\/#organization","name":"The Vincentian Network","url":"http:\/\/vincentians.com\/es\/","logo":{"@type":"ImageObject","inLanguage":"es","@id":"http:\/\/vincentians.com\/es\/#\/schema\/logo\/image\/","url":"https:\/\/i1.wp.com\/vincentians.com\/es\/wp-content\/uploads\/sites\/11\/2016\/06\/Vincentian-Network-logo-big.png?fit=778%2C778","contentUrl":"https:\/\/i1.wp.com\/vincentians.com\/es\/wp-content\/uploads\/sites\/11\/2016\/06\/Vincentian-Network-logo-big.png?fit=778%2C778","width":778,"height":778,"caption":"The Vincentian Network"},"image":{"@id":"http:\/\/vincentians.com\/es\/#\/schema\/logo\/image\/"},"sameAs":["https:\/\/www.facebook.com\/WeAreVincentians\/","https:\/\/x.com\/WeVincentians"]},{"@type":"Person","@id":"http:\/\/vincentians.com\/es\/#\/schema\/person\/9623ef4d9aa3b2dfb8c061f1499288f2","name":"Francisco Javier Fern\u00e1ndez Chento","image":{"@type":"ImageObject","inLanguage":"es","@id":"http:\/\/vincentians.com\/es\/#\/schema\/person\/image\/","url":"https:\/\/secure.gravatar.com\/avatar\/497d5cde87b4c3d097d0315953521681ba2cd523ee66e5077c3711f7021e65de?s=96&d=mm&r=g","contentUrl":"https:\/\/secure.gravatar.com\/avatar\/497d5cde87b4c3d097d0315953521681ba2cd523ee66e5077c3711f7021e65de?s=96&d=mm&r=g","caption":"Francisco Javier Fern\u00e1ndez Chento"},"description":"Director General y cofundador de La Red de Formaci\u00f3n Vicenciana. Javier es laico vicenciano, afiliado a la Congregaci\u00f3n de la Misi\u00f3n y miembro del Equipo de Misiones Populares de la provincia can\u00f3nica de Zaragoza (Espa\u00f1a) de la Congregaci\u00f3n de la Misi\u00f3n. Graduado en la Universidad Oberta de Catalunya con cuatro grados (Asistente de direcci\u00f3n, Gesti\u00f3n Administrativa, Recursos Humanos y Contabilidad Avanzada). Bil\u00edng\u00fce Espa\u00f1ol\/Ingl\u00e9s. gestiona y mantiene varias p\u00e1ginas web cristianas y vicencianas, incluida including La Red de Formaci\u00f3n Vicenciana, de la que es cofundador. Actualmente es responsable del \u00e1rea de Espa\u00f1ol de .famvin, la Red de Noticias de la Familia Vicenciana. Tambi\u00e9n es m\u00fasico cat\u00f3lico y ha editado varios discos. Es Director General y cofundador de Trovador, una reconocida compa\u00f1\u00eda discogr\u00e1fica critiana de Espa\u00f1a. Trabaja en las Tecnolog\u00edas de la Informaci\u00f3n, ofreciendo servicios de alojamiento, dise\u00f1o y mantenimiento Web, as\u00ed como asesoramiento, formaci\u00f3n y soluciones inform\u00e1ticas, gesti\u00f3n documental y digitalizaci\u00f3n de textos, edici\u00f3n y maquetaci\u00f3n de libros, revistas, flyers, etc.","sameAs":["http:\/\/chento.org","https:\/\/www.facebook.com\/JavierChento","https:\/\/x.com\/https:\/\/twitter.com\/javierchento"],"url":"http:\/\/vincentians.com\/es\/author\/chento\/"}]}},"jetpack_publicize_connections":[],"jetpack_featured_media_url":"https:\/\/i0.wp.com\/vincentians.com\/es\/wp-content\/uploads\/sites\/11\/2016\/07\/reflexiones-palabra-de-dios.jpg?fit=1200%2C630","jetpack_sharing_enabled":true,"jetpack_shortlink":"https:\/\/wp.me\/p7ETMF-zk5","jetpack-related-posts":[{"id":132433,"url":"http:\/\/vincentians.com\/es\/4o-domingo-de-cuaresma-reflexion-de-jose-cervantes-gabarron-2\/","url_meta":{"origin":135785,"position":0},"title":"4\u00ba Domingo de Cuaresma (reflexi\u00f3n de Jos\u00e9 Cervantes Gabarr\u00f3n)","author":"Francisco Javier Fern\u00e1ndez Chento","date":"17\/03\/2012","format":false,"excerpt":"El amor da la vida \"Dios, rico en misericordia, por el gran amor con que nos am\u00f3, estando nosotros muertos por los pecados, nos ha hecho vivir con Cristo\" (Ef 2,4). \"Tanto am\u00f3 Dios al mundo que le dio a su \u00fanico Hijo para que todo el que crea en\u2026","rel":"","context":"En \u00abHomil\u00edas y reflexiones, A\u00f1o B\u00bb","block_context":{"text":"Homil\u00edas y reflexiones, A\u00f1o B","link":"http:\/\/vincentians.com\/es\/category\/homilias-y-reflexiones-a-la-palabra-de-dios\/homilias-y-reflexiones-ano-b\/"},"img":{"alt_text":"","src":"https:\/\/i0.wp.com\/vincentians.com\/es\/wp-content\/uploads\/sites\/11\/2016\/07\/reflexiones-palabra-de-dios.jpg?fit=1200%2C630&resize=350%2C200","width":350,"height":200,"srcset":"https:\/\/i0.wp.com\/vincentians.com\/es\/wp-content\/uploads\/sites\/11\/2016\/07\/reflexiones-palabra-de-dios.jpg?fit=1200%2C630&resize=350%2C200 1x, https:\/\/i0.wp.com\/vincentians.com\/es\/wp-content\/uploads\/sites\/11\/2016\/07\/reflexiones-palabra-de-dios.jpg?fit=1200%2C630&resize=525%2C300 1.5x, https:\/\/i0.wp.com\/vincentians.com\/es\/wp-content\/uploads\/sites\/11\/2016\/07\/reflexiones-palabra-de-dios.jpg?fit=1200%2C630&resize=700%2C400 2x, https:\/\/i0.wp.com\/vincentians.com\/es\/wp-content\/uploads\/sites\/11\/2016\/07\/reflexiones-palabra-de-dios.jpg?fit=1200%2C630&resize=1050%2C600 3x"},"classes":[]},{"id":136145,"url":"http:\/\/vincentians.com\/es\/2o-domingo-de-t-o-reflexion-de-jose-cervantes-gabarron\/","url_meta":{"origin":135785,"position":1},"title":"2\u00ba Domingo de T.O. (reflexi\u00f3n de Jos\u00e9 Cervantes Gabarr\u00f3n)","author":"Francisco Javier Fern\u00e1ndez Chento","date":"17\/01\/2015","format":false,"excerpt":"El encuentro con el Mes\u00edas En la primera lectura de este domingo (1Sm 3,3b-10.19) tenemos un relato formidable de vocaci\u00f3n, la de Samuel, a la vida prof\u00e9tica. En este tipo de relatos de vocaci\u00f3n-testimonio se encuentra tambi\u00e9n el texto evang\u00e9lico (Jn 1,35-42) que revela\u00a0el descubrimiento que hacen los disc\u00edpulos de\u2026","rel":"","context":"En \u00abHomil\u00edas y reflexiones, A\u00f1o B\u00bb","block_context":{"text":"Homil\u00edas y reflexiones, A\u00f1o B","link":"http:\/\/vincentians.com\/es\/category\/homilias-y-reflexiones-a-la-palabra-de-dios\/homilias-y-reflexiones-ano-b\/"},"img":{"alt_text":"","src":"https:\/\/i0.wp.com\/vincentians.com\/es\/wp-content\/uploads\/sites\/11\/2016\/07\/reflexiones-palabra-de-dios.jpg?fit=1200%2C630&resize=350%2C200","width":350,"height":200,"srcset":"https:\/\/i0.wp.com\/vincentians.com\/es\/wp-content\/uploads\/sites\/11\/2016\/07\/reflexiones-palabra-de-dios.jpg?fit=1200%2C630&resize=350%2C200 1x, https:\/\/i0.wp.com\/vincentians.com\/es\/wp-content\/uploads\/sites\/11\/2016\/07\/reflexiones-palabra-de-dios.jpg?fit=1200%2C630&resize=525%2C300 1.5x, https:\/\/i0.wp.com\/vincentians.com\/es\/wp-content\/uploads\/sites\/11\/2016\/07\/reflexiones-palabra-de-dios.jpg?fit=1200%2C630&resize=700%2C400 2x, https:\/\/i0.wp.com\/vincentians.com\/es\/wp-content\/uploads\/sites\/11\/2016\/07\/reflexiones-palabra-de-dios.jpg?fit=1200%2C630&resize=1050%2C600 3x"},"classes":[]},{"id":135794,"url":"http:\/\/vincentians.com\/es\/18o-domingo-de-tiempo-ordinario-reflexion-de-jose-cervantes-gabarron\/","url_meta":{"origin":135785,"position":2},"title":"18\u00ba Domingo de Tiempo Ordinario (reflexi\u00f3n de Jos\u00e9 Cervantes Gabarr\u00f3n)","author":"Francisco Javier Fern\u00e1ndez Chento","date":"03\/08\/2012","format":false,"excerpt":"Jesucristo, pan de vida Jos\u00e9 Cervantes Gabarr\u00f3n, sacerdote misionero y profesor de Sagrada Escritura.El relato del reparto del pan entre la multitud seg\u00fan el cuarto evangelio (Jn 6,1-15) escuchado el pasado domingo en nuestra Iglesia es el fundamento del mensaje que se va a ir profundizando en los pr\u00f3ximos domingos.\u2026","rel":"","context":"En \u00abHomil\u00edas y reflexiones, A\u00f1o B\u00bb","block_context":{"text":"Homil\u00edas y reflexiones, A\u00f1o B","link":"http:\/\/vincentians.com\/es\/category\/homilias-y-reflexiones-a-la-palabra-de-dios\/homilias-y-reflexiones-ano-b\/"},"img":{"alt_text":"","src":"https:\/\/i0.wp.com\/vincentians.com\/es\/wp-content\/uploads\/sites\/11\/2016\/07\/reflexiones-palabra-de-dios.jpg?fit=1200%2C630&resize=350%2C200","width":350,"height":200,"srcset":"https:\/\/i0.wp.com\/vincentians.com\/es\/wp-content\/uploads\/sites\/11\/2016\/07\/reflexiones-palabra-de-dios.jpg?fit=1200%2C630&resize=350%2C200 1x, https:\/\/i0.wp.com\/vincentians.com\/es\/wp-content\/uploads\/sites\/11\/2016\/07\/reflexiones-palabra-de-dios.jpg?fit=1200%2C630&resize=525%2C300 1.5x, https:\/\/i0.wp.com\/vincentians.com\/es\/wp-content\/uploads\/sites\/11\/2016\/07\/reflexiones-palabra-de-dios.jpg?fit=1200%2C630&resize=700%2C400 2x, https:\/\/i0.wp.com\/vincentians.com\/es\/wp-content\/uploads\/sites\/11\/2016\/07\/reflexiones-palabra-de-dios.jpg?fit=1200%2C630&resize=1050%2C600 3x"},"classes":[]},{"id":143408,"url":"http:\/\/vincentians.com\/es\/3o-domingo-de-pascua-reflexion-de-jose-cervantes-gabarron-4\/","url_meta":{"origin":135785,"position":3},"title":"3\u00ba Domingo de Pascua (reflexi\u00f3n de Jos\u00e9 Cervantes Gabarr\u00f3n)","author":"Francisco Javier Fern\u00e1ndez Chento","date":"19\/04\/2015","format":false,"excerpt":"La misi\u00f3n de dar testimonio del Resucitado Las dos lecturas lucanas de este tercer domingo de Pascua (Hech 3,13-19; Lc\u00a0 24,35-48) permiten profundizar en los hechos acaecidos a Jes\u00fas que le llevaron a su pasi\u00f3n, muerte y resurrecci\u00f3n, para descubrir en ellos la historia de la salvaci\u00f3n seg\u00fan el plan\u2026","rel":"","context":"En \u00abHomil\u00edas y reflexiones, A\u00f1o B\u00bb","block_context":{"text":"Homil\u00edas y reflexiones, A\u00f1o B","link":"http:\/\/vincentians.com\/es\/category\/homilias-y-reflexiones-a-la-palabra-de-dios\/homilias-y-reflexiones-ano-b\/"},"img":{"alt_text":"","src":"https:\/\/i0.wp.com\/vincentians.com\/es\/wp-content\/uploads\/sites\/11\/2016\/07\/reflexiones-palabra-de-dios.jpg?fit=1200%2C630&resize=350%2C200","width":350,"height":200,"srcset":"https:\/\/i0.wp.com\/vincentians.com\/es\/wp-content\/uploads\/sites\/11\/2016\/07\/reflexiones-palabra-de-dios.jpg?fit=1200%2C630&resize=350%2C200 1x, https:\/\/i0.wp.com\/vincentians.com\/es\/wp-content\/uploads\/sites\/11\/2016\/07\/reflexiones-palabra-de-dios.jpg?fit=1200%2C630&resize=525%2C300 1.5x, https:\/\/i0.wp.com\/vincentians.com\/es\/wp-content\/uploads\/sites\/11\/2016\/07\/reflexiones-palabra-de-dios.jpg?fit=1200%2C630&resize=700%2C400 2x, https:\/\/i0.wp.com\/vincentians.com\/es\/wp-content\/uploads\/sites\/11\/2016\/07\/reflexiones-palabra-de-dios.jpg?fit=1200%2C630&resize=1050%2C600 3x"},"classes":[]},{"id":141030,"url":"http:\/\/vincentians.com\/es\/2o-domingo-de-cuaresma-reflexion-de-jose-cervantes-gabarron-3\/","url_meta":{"origin":135785,"position":4},"title":"2\u00ba Domingo de Cuaresma (reflexi\u00f3n de Jos\u00e9 Cervantes Gabarr\u00f3n)","author":"Francisco Javier Fern\u00e1ndez Chento","date":"28\/02\/2015","format":false,"excerpt":"Transfigurados por la Pasi\u00f3n de Cristo La escena de la\u00a0transfiguraci\u00f3n de Jes\u00fas\u00a0en lo alto de un monte anuncia la gloria final de la cuaresma. Sin embargo,\u00a0el itinerario hasta la Pascua hay que recorrerlo a trav\u00e9s de la Pasi\u00f3n.\u00a0\u00c9ste es el mensaje dominical. En el centro de los evangelios sin\u00f3pticos la\u2026","rel":"","context":"En \u00abHomil\u00edas y reflexiones, A\u00f1o B\u00bb","block_context":{"text":"Homil\u00edas y reflexiones, A\u00f1o B","link":"http:\/\/vincentians.com\/es\/category\/homilias-y-reflexiones-a-la-palabra-de-dios\/homilias-y-reflexiones-ano-b\/"},"img":{"alt_text":"","src":"https:\/\/i0.wp.com\/vincentians.com\/es\/wp-content\/uploads\/sites\/11\/2016\/07\/reflexiones-palabra-de-dios.jpg?fit=1200%2C630&resize=350%2C200","width":350,"height":200,"srcset":"https:\/\/i0.wp.com\/vincentians.com\/es\/wp-content\/uploads\/sites\/11\/2016\/07\/reflexiones-palabra-de-dios.jpg?fit=1200%2C630&resize=350%2C200 1x, https:\/\/i0.wp.com\/vincentians.com\/es\/wp-content\/uploads\/sites\/11\/2016\/07\/reflexiones-palabra-de-dios.jpg?fit=1200%2C630&resize=525%2C300 1.5x, https:\/\/i0.wp.com\/vincentians.com\/es\/wp-content\/uploads\/sites\/11\/2016\/07\/reflexiones-palabra-de-dios.jpg?fit=1200%2C630&resize=700%2C400 2x, https:\/\/i0.wp.com\/vincentians.com\/es\/wp-content\/uploads\/sites\/11\/2016\/07\/reflexiones-palabra-de-dios.jpg?fit=1200%2C630&resize=1050%2C600 3x"},"classes":[]},{"id":137701,"url":"http:\/\/vincentians.com\/es\/4o-domingo-de-t-o-reflexion-de-jose-cervantes-gabarron-2\/","url_meta":{"origin":135785,"position":5},"title":"4\u00ba Domingo de T.O. (reflexi\u00f3n de Jos\u00e9 Cervantes Gabarr\u00f3n)","author":"Francisco Javier Fern\u00e1ndez Chento","date":"31\/01\/2015","format":false,"excerpt":"Autoridad de Jes\u00fas contra el mal El evangelio de este domingo\u00a0empieza la narraci\u00f3n de la actividad taumat\u00fargica de Jes\u00fas. El primero de los milagros narrados por Marcos es un exorcismo, acaecido en la sinagoga de Cafarna\u00fan, donde Jes\u00fas lleva a cabo la expulsi\u00f3n de un esp\u00edritu inmundo de un hombre\u2026","rel":"","context":"En \u00abHomil\u00edas y reflexiones, A\u00f1o B\u00bb","block_context":{"text":"Homil\u00edas y reflexiones, A\u00f1o B","link":"http:\/\/vincentians.com\/es\/category\/homilias-y-reflexiones-a-la-palabra-de-dios\/homilias-y-reflexiones-ano-b\/"},"img":{"alt_text":"","src":"https:\/\/i0.wp.com\/vincentians.com\/es\/wp-content\/uploads\/sites\/11\/2016\/07\/reflexiones-palabra-de-dios.jpg?fit=1200%2C630&resize=350%2C200","width":350,"height":200,"srcset":"https:\/\/i0.wp.com\/vincentians.com\/es\/wp-content\/uploads\/sites\/11\/2016\/07\/reflexiones-palabra-de-dios.jpg?fit=1200%2C630&resize=350%2C200 1x, https:\/\/i0.wp.com\/vincentians.com\/es\/wp-content\/uploads\/sites\/11\/2016\/07\/reflexiones-palabra-de-dios.jpg?fit=1200%2C630&resize=525%2C300 1.5x, https:\/\/i0.wp.com\/vincentians.com\/es\/wp-content\/uploads\/sites\/11\/2016\/07\/reflexiones-palabra-de-dios.jpg?fit=1200%2C630&resize=700%2C400 2x, https:\/\/i0.wp.com\/vincentians.com\/es\/wp-content\/uploads\/sites\/11\/2016\/07\/reflexiones-palabra-de-dios.jpg?fit=1200%2C630&resize=1050%2C600 3x"},"classes":[]}],"_links":{"self":[{"href":"http:\/\/vincentians.com\/es\/wp-json\/wp\/v2\/posts\/135785","targetHints":{"allow":["GET"]}}],"collection":[{"href":"http:\/\/vincentians.com\/es\/wp-json\/wp\/v2\/posts"}],"about":[{"href":"http:\/\/vincentians.com\/es\/wp-json\/wp\/v2\/types\/post"}],"author":[{"embeddable":true,"href":"http:\/\/vincentians.com\/es\/wp-json\/wp\/v2\/users\/4"}],"replies":[{"embeddable":true,"href":"http:\/\/vincentians.com\/es\/wp-json\/wp\/v2\/comments?post=135785"}],"version-history":[{"count":0,"href":"http:\/\/vincentians.com\/es\/wp-json\/wp\/v2\/posts\/135785\/revisions"}],"wp:featuredmedia":[{"embeddable":true,"href":"http:\/\/vincentians.com\/es\/wp-json\/wp\/v2\/media\/388408"}],"wp:attachment":[{"href":"http:\/\/vincentians.com\/es\/wp-json\/wp\/v2\/media?parent=135785"}],"wp:term":[{"taxonomy":"category","embeddable":true,"href":"http:\/\/vincentians.com\/es\/wp-json\/wp\/v2\/categories?post=135785"},{"taxonomy":"post_tag","embeddable":true,"href":"http:\/\/vincentians.com\/es\/wp-json\/wp\/v2\/tags?post=135785"}],"curies":[{"name":"wp","href":"https:\/\/api.w.org\/{rel}","templated":true}]}}