{"id":135784,"date":"2012-07-14T18:23:24","date_gmt":"2012-07-14T16:23:24","guid":{"rendered":"http:\/\/somos.vicencianos.org\/comentarios\/?p=1767"},"modified":"2016-07-24T10:29:49","modified_gmt":"2016-07-24T08:29:49","slug":"15o-domingo-de-tiempo-ordinario-reflexion-de-julio-cesar-villalobos-c-m","status":"publish","type":"post","link":"http:\/\/vincentians.com\/es\/15o-domingo-de-tiempo-ordinario-reflexion-de-julio-cesar-villalobos-c-m\/","title":{"rendered":"15\u00ba Domingo de Tiempo Ordinario (reflexi\u00f3n de Julio C\u00e9sar Villalobos, C.M.)"},"content":{"rendered":"<h2 align=\"center\">Continuar la obra del Maestro<\/h2>\n<p>\u00bfSabes Jes\u00fas? Cu\u00e1ntas veces nos muestras que eres grande, cu\u00e1ntas veces proclamamos en nuestro Credo que eres Todopoderoso y no te creemos. \u00bfTe acuerdas Jes\u00fas cuando en el evangelio de Marcos T\u00fa dec\u00edas que te maravillabas de la falta de fe de los tuyos? (cf.Mc.6,6). Tantas bendiciones recibimos de ti, Se\u00f1or, y no queremos darnos cuenta; todav\u00eda, Jes\u00fas, no nos convencemos que nosotros tambi\u00e9n podemos actuar en tu nombre. Tanta gente, Se\u00f1or, hay que todav\u00eda no te ama, no te conoce o se cierra a tu amor y necesitas nuestras manos para bendecirlos a ellos, nuestros labios para proclamar que T\u00fa vives y reinas, nuestros brazos para consolar a tanta gente que ha perdido la esperanza, nuestros pies para caminar por aquellos caminos que nos quieras llevar para dar a conocer tu mensaje.<\/p>\n<p>\u00bfNos habremos preguntado en alg\u00fan momento por qu\u00e9 el mundo est\u00e1 como est\u00e1?, \u00bfpor qu\u00e9 el mundo est\u00e1 dejando de creer en Dios y de creerle a \u00c9l? La respuesta puede sonar muy simple o sencilla: porque le estamos ayudando a Dios para que este mundo tenga un nuevo y renovado sentido. Si alguien nos pregunta: \u201coye, \u00bfpor qu\u00e9 no vas a la parroquia que est\u00e1n necesitando gente que se comprometa para evangelizar?\u201d, \u201c\u00bfqu\u00e9 tal si entras a este grupo parroquial o a este servicio misionero?\u201d. La respuesta ya la tenemos prefabricada: \u201cno tengo tiempo\u201d, \u201ceso no es para m\u00ed\u201d, \u201ctengo mucho trabajo que hacer en casa\u201d, \u201cyo no s\u00e9 leer ni escribir\u201d, \u201ctengo miedo, mejor no\u201d\u2026<\/p>\n<p>Am\u00f3s reconoce de d\u00f3nde viene y cu\u00e1les son sus \u201cdificultades\u201d para estar en el camino del Se\u00f1or: \u201cNo soy profeta ni hijo de profeta, sino pastor y cultivador de higos\u201d (Am.7,12-15), pero tambi\u00e9n se abre a la gracia de Dios y a su querer: \u201cEl Se\u00f1or me sac\u00f3 de junto al reba\u00f1o y me dijo: ve y profetiza a mi pueblo Israel\u201d.<\/p>\n<p>Algo especial quiere Dios de cada uno de nosotros sus hijos y todav\u00eda nos cerramos. Qu\u00e9 ingratos somos con Dios!!! Tanto nos da \u00c9l, \u00bfy c\u00f3mo le pagamos? El que seamos d\u00e9biles, pecadores, o que no podamos hablar, o que no tengamos tiempo, nunca ser\u00e1 excusa para agradar a Dios y hacer que otros tambi\u00e9n le agraden.<\/p>\n<p>\u201c\u00c9l nos eligi\u00f3 en la persona de Cristo, antes de crear el mundo, para que fu\u00e9ramos santos\u201d (Ef.1,3-14). Tanto nos quiere Dios para su obra redentora que nos llama santos. Desde que nos hemos bautizado se nos ha dado esta gracia como en semilla. El mundo de hoy necesita hombres y mujeres que le crean m\u00e1s a Dios para que este mundo sea como Dios quiere que sea: santo.<\/p>\n<p>Una vez le pregunt\u00e9 a un grupo de personas: \u201c\u00bfsaben cu\u00e1nta gente necesit\u00f3 Jes\u00fas para evangelizar?, s\u00f3lo 12 y a veces nos quejamos de que no tengamos gente para hacer tal o cual trabajo en nuestra parroquia\u201d. Y seg\u00fan el evangelio de hoy: \u201cllam\u00f3, Jes\u00fas, a los doce y los fue enviando de dos en dos, D\u00c1NDOLES AUTORIDAD sobre esp\u00edritus inmundos\u201d (Mc.6,7-13). \u00bfSabemos que Dios nos da la autoridad para hablar y actuar en su nombre? Y a veces somos tan cerrados que queremos terminar de creer. Una vez me encontr\u00e9 con un amigo sacerdote y le dec\u00eda: \u201csi todos le crey\u00e9ramos m\u00e1s a Dios, este mundo ser\u00eda distinto\u201d, \u201csi nosotros los sacerdotes crey\u00e9ramos m\u00e1s en lo que Dios nos ha dado, podr\u00edamos ayudar a tant\u00edsima gente\u201d, \u201csi los laicos juntamente con nosotros crey\u00e9ramos cu\u00e1nta bendici\u00f3n hemos recibido de Dios, mucha gente creyera m\u00e1s en \u00c9l y por consiguiente se animar\u00edan tambi\u00e9n a actuar como Dios nos pida\u201d (cf.Filp.2,5).<\/p>\n<p>La Iglesia hace lo que hace Jes\u00fas. La Iglesia est\u00e1 llamada a continuar la obra del Maestro, para que el mundo crea.<\/p>\n","protected":false},"excerpt":{"rendered":"<p>Continuar la obra del Maestro \u00bfSabes Jes\u00fas? Cu\u00e1ntas veces nos muestras que eres grande, cu\u00e1ntas veces proclamamos en nuestro Credo que eres Todopoderoso y no te creemos. \u00bfTe acuerdas Jes\u00fas cuando en el evangelio de &#8230; <a href=\"http:\/\/vincentians.com\/es\/15o-domingo-de-tiempo-ordinario-reflexion-de-julio-cesar-villalobos-c-m\/\" class=\"more-link\">Read More<\/a><\/p>\n","protected":false},"author":4,"featured_media":5,"comment_status":"open","ping_status":"open","sticky":false,"template":"","format":"standard","meta":{"jetpack_post_was_ever_published":false,"_jetpack_newsletter_access":"","_jetpack_dont_email_post_to_subs":false,"_jetpack_newsletter_tier_id":0,"_jetpack_memberships_contains_paywalled_content":false,"_jetpack_memberships_contains_paid_content":false,"footnotes":"","jetpack_publicize_message":"","jetpack_publicize_feature_enabled":true,"jetpack_social_post_already_shared":true,"jetpack_social_options":{"image_generator_settings":{"template":"highway","default_image_id":0,"font":"","enabled":false},"version":2}},"categories":[93],"tags":[],"class_list":["post-135784","post","type-post","status-publish","format-standard","has-post-thumbnail","hentry","category-homilias-y-reflexiones-ano-b"],"yoast_head":"<!-- This site is optimized with the Yoast SEO plugin v26.3 - https:\/\/yoast.com\/wordpress\/plugins\/seo\/ -->\n<title>15\u00ba Domingo de Tiempo Ordinario (reflexi\u00f3n de Julio C\u00e9sar Villalobos, C.M.) - Somos Vicencianos<\/title>\n<meta name=\"robots\" content=\"index, follow, max-snippet:-1, max-image-preview:large, max-video-preview:-1\" \/>\n<link rel=\"canonical\" href=\"http:\/\/vincentians.com\/es\/15o-domingo-de-tiempo-ordinario-reflexion-de-julio-cesar-villalobos-c-m\/\" \/>\n<meta property=\"og:locale\" content=\"es_ES\" \/>\n<meta property=\"og:type\" content=\"article\" \/>\n<meta property=\"og:title\" content=\"15\u00ba Domingo de Tiempo Ordinario (reflexi\u00f3n de Julio C\u00e9sar Villalobos, C.M.) - Somos Vicencianos\" \/>\n<meta property=\"og:description\" content=\"Continuar la obra del Maestro \u00bfSabes Jes\u00fas? Cu\u00e1ntas veces nos muestras que eres grande, cu\u00e1ntas veces proclamamos en nuestro Credo que eres Todopoderoso y no te creemos. \u00bfTe acuerdas Jes\u00fas cuando en el evangelio de ... Read More\" \/>\n<meta property=\"og:url\" content=\"http:\/\/vincentians.com\/es\/15o-domingo-de-tiempo-ordinario-reflexion-de-julio-cesar-villalobos-c-m\/\" \/>\n<meta property=\"og:site_name\" content=\"Somos Vicencianos\" \/>\n<meta property=\"article:publisher\" content=\"https:\/\/www.facebook.com\/WeAreVincentians\/\" \/>\n<meta property=\"article:author\" content=\"https:\/\/www.facebook.com\/JavierChento\" \/>\n<meta property=\"article:published_time\" content=\"2012-07-14T16:23:24+00:00\" \/>\n<meta property=\"article:modified_time\" content=\"2016-07-24T08:29:49+00:00\" \/>\n<meta property=\"og:image\" content=\"https:\/\/i0.wp.com\/vincentians.com\/es\/wp-content\/uploads\/sites\/11\/2016\/06\/president-signature.png?fit=236%2C64\" \/>\n\t<meta property=\"og:image:width\" content=\"236\" \/>\n\t<meta property=\"og:image:height\" content=\"64\" \/>\n\t<meta property=\"og:image:type\" content=\"image\/png\" \/>\n<meta name=\"author\" content=\"Francisco Javier Fern\u00e1ndez Chento\" \/>\n<meta name=\"twitter:card\" content=\"summary_large_image\" \/>\n<meta name=\"twitter:creator\" content=\"@https:\/\/twitter.com\/javierchento\" \/>\n<meta name=\"twitter:site\" content=\"@WeVincentians\" \/>\n<meta name=\"twitter:label1\" content=\"Escrito por\" \/>\n\t<meta name=\"twitter:data1\" content=\"Francisco Javier Fern\u00e1ndez Chento\" \/>\n\t<meta name=\"twitter:label2\" content=\"Tiempo de lectura\" \/>\n\t<meta name=\"twitter:data2\" content=\"3 minutos\" \/>\n<script type=\"application\/ld+json\" class=\"yoast-schema-graph\">{\"@context\":\"https:\/\/schema.org\",\"@graph\":[{\"@type\":\"Article\",\"@id\":\"http:\/\/vincentians.com\/es\/15o-domingo-de-tiempo-ordinario-reflexion-de-julio-cesar-villalobos-c-m\/#article\",\"isPartOf\":{\"@id\":\"http:\/\/vincentians.com\/es\/15o-domingo-de-tiempo-ordinario-reflexion-de-julio-cesar-villalobos-c-m\/\"},\"author\":{\"name\":\"Francisco Javier Fern\u00e1ndez Chento\",\"@id\":\"https:\/\/vincentians.com\/es\/#\/schema\/person\/9623ef4d9aa3b2dfb8c061f1499288f2\"},\"headline\":\"15\u00ba Domingo de Tiempo Ordinario (reflexi\u00f3n de Julio C\u00e9sar Villalobos, C.M.)\",\"datePublished\":\"2012-07-14T16:23:24+00:00\",\"dateModified\":\"2016-07-24T08:29:49+00:00\",\"mainEntityOfPage\":{\"@id\":\"http:\/\/vincentians.com\/es\/15o-domingo-de-tiempo-ordinario-reflexion-de-julio-cesar-villalobos-c-m\/\"},\"wordCount\":689,\"commentCount\":0,\"publisher\":{\"@id\":\"https:\/\/vincentians.com\/es\/#organization\"},\"image\":{\"@id\":\"http:\/\/vincentians.com\/es\/15o-domingo-de-tiempo-ordinario-reflexion-de-julio-cesar-villalobos-c-m\/#primaryimage\"},\"thumbnailUrl\":\"https:\/\/i0.wp.com\/vincentians.com\/es\/wp-content\/uploads\/sites\/11\/2016\/06\/president-signature.png?fit=236%2C64\",\"articleSection\":[\"Homil\u00edas y reflexiones, A\u00f1o B\"],\"inLanguage\":\"es\",\"potentialAction\":[{\"@type\":\"CommentAction\",\"name\":\"Comment\",\"target\":[\"http:\/\/vincentians.com\/es\/15o-domingo-de-tiempo-ordinario-reflexion-de-julio-cesar-villalobos-c-m\/#respond\"]}]},{\"@type\":\"WebPage\",\"@id\":\"http:\/\/vincentians.com\/es\/15o-domingo-de-tiempo-ordinario-reflexion-de-julio-cesar-villalobos-c-m\/\",\"url\":\"http:\/\/vincentians.com\/es\/15o-domingo-de-tiempo-ordinario-reflexion-de-julio-cesar-villalobos-c-m\/\",\"name\":\"15\u00ba Domingo de Tiempo Ordinario (reflexi\u00f3n de Julio C\u00e9sar Villalobos, C.M.) - Somos Vicencianos\",\"isPartOf\":{\"@id\":\"https:\/\/vincentians.com\/es\/#website\"},\"primaryImageOfPage\":{\"@id\":\"http:\/\/vincentians.com\/es\/15o-domingo-de-tiempo-ordinario-reflexion-de-julio-cesar-villalobos-c-m\/#primaryimage\"},\"image\":{\"@id\":\"http:\/\/vincentians.com\/es\/15o-domingo-de-tiempo-ordinario-reflexion-de-julio-cesar-villalobos-c-m\/#primaryimage\"},\"thumbnailUrl\":\"https:\/\/i0.wp.com\/vincentians.com\/es\/wp-content\/uploads\/sites\/11\/2016\/06\/president-signature.png?fit=236%2C64\",\"datePublished\":\"2012-07-14T16:23:24+00:00\",\"dateModified\":\"2016-07-24T08:29:49+00:00\",\"breadcrumb\":{\"@id\":\"http:\/\/vincentians.com\/es\/15o-domingo-de-tiempo-ordinario-reflexion-de-julio-cesar-villalobos-c-m\/#breadcrumb\"},\"inLanguage\":\"es\",\"potentialAction\":[{\"@type\":\"ReadAction\",\"target\":[\"http:\/\/vincentians.com\/es\/15o-domingo-de-tiempo-ordinario-reflexion-de-julio-cesar-villalobos-c-m\/\"]}]},{\"@type\":\"ImageObject\",\"inLanguage\":\"es\",\"@id\":\"http:\/\/vincentians.com\/es\/15o-domingo-de-tiempo-ordinario-reflexion-de-julio-cesar-villalobos-c-m\/#primaryimage\",\"url\":\"https:\/\/i0.wp.com\/vincentians.com\/es\/wp-content\/uploads\/sites\/11\/2016\/06\/president-signature.png?fit=236%2C64\",\"contentUrl\":\"https:\/\/i0.wp.com\/vincentians.com\/es\/wp-content\/uploads\/sites\/11\/2016\/06\/president-signature.png?fit=236%2C64\",\"width\":236,\"height\":64},{\"@type\":\"BreadcrumbList\",\"@id\":\"http:\/\/vincentians.com\/es\/15o-domingo-de-tiempo-ordinario-reflexion-de-julio-cesar-villalobos-c-m\/#breadcrumb\",\"itemListElement\":[{\"@type\":\"ListItem\",\"position\":1,\"name\":\"Portada\",\"item\":\"https:\/\/vincentians.com\/es\/\"},{\"@type\":\"ListItem\",\"position\":2,\"name\":\"15\u00ba Domingo de Tiempo Ordinario (reflexi\u00f3n de Julio C\u00e9sar Villalobos, C.M.)\"}]},{\"@type\":\"WebSite\",\"@id\":\"https:\/\/vincentians.com\/es\/#website\",\"url\":\"https:\/\/vincentians.com\/es\/\",\"name\":\"Somos Vicencianos\",\"description\":\"Know more to serve more\",\"publisher\":{\"@id\":\"https:\/\/vincentians.com\/es\/#organization\"},\"potentialAction\":[{\"@type\":\"SearchAction\",\"target\":{\"@type\":\"EntryPoint\",\"urlTemplate\":\"https:\/\/vincentians.com\/es\/?s={search_term_string}\"},\"query-input\":{\"@type\":\"PropertyValueSpecification\",\"valueRequired\":true,\"valueName\":\"search_term_string\"}}],\"inLanguage\":\"es\"},{\"@type\":\"Organization\",\"@id\":\"https:\/\/vincentians.com\/es\/#organization\",\"name\":\"The Vincentian Network\",\"url\":\"https:\/\/vincentians.com\/es\/\",\"logo\":{\"@type\":\"ImageObject\",\"inLanguage\":\"es\",\"@id\":\"https:\/\/vincentians.com\/es\/#\/schema\/logo\/image\/\",\"url\":\"https:\/\/i1.wp.com\/vincentians.com\/es\/wp-content\/uploads\/sites\/11\/2016\/06\/Vincentian-Network-logo-big.png?fit=778%2C778\",\"contentUrl\":\"https:\/\/i1.wp.com\/vincentians.com\/es\/wp-content\/uploads\/sites\/11\/2016\/06\/Vincentian-Network-logo-big.png?fit=778%2C778\",\"width\":778,\"height\":778,\"caption\":\"The Vincentian Network\"},\"image\":{\"@id\":\"https:\/\/vincentians.com\/es\/#\/schema\/logo\/image\/\"},\"sameAs\":[\"https:\/\/www.facebook.com\/WeAreVincentians\/\",\"https:\/\/x.com\/WeVincentians\"]},{\"@type\":\"Person\",\"@id\":\"https:\/\/vincentians.com\/es\/#\/schema\/person\/9623ef4d9aa3b2dfb8c061f1499288f2\",\"name\":\"Francisco Javier Fern\u00e1ndez Chento\",\"image\":{\"@type\":\"ImageObject\",\"inLanguage\":\"es\",\"@id\":\"https:\/\/vincentians.com\/es\/#\/schema\/person\/image\/\",\"url\":\"https:\/\/secure.gravatar.com\/avatar\/497d5cde87b4c3d097d0315953521681ba2cd523ee66e5077c3711f7021e65de?s=96&d=mm&r=g\",\"contentUrl\":\"https:\/\/secure.gravatar.com\/avatar\/497d5cde87b4c3d097d0315953521681ba2cd523ee66e5077c3711f7021e65de?s=96&d=mm&r=g\",\"caption\":\"Francisco Javier Fern\u00e1ndez Chento\"},\"description\":\"Director General y cofundador de La Red de Formaci\u00f3n Vicenciana. Javier es laico vicenciano, afiliado a la Congregaci\u00f3n de la Misi\u00f3n y miembro del Equipo de Misiones Populares de la provincia can\u00f3nica de Zaragoza (Espa\u00f1a) de la Congregaci\u00f3n de la Misi\u00f3n. Graduado en la Universidad Oberta de Catalunya con cuatro grados (Asistente de direcci\u00f3n, Gesti\u00f3n Administrativa, Recursos Humanos y Contabilidad Avanzada). Bil\u00edng\u00fce Espa\u00f1ol\/Ingl\u00e9s. gestiona y mantiene varias p\u00e1ginas web cristianas y vicencianas, incluida including La Red de Formaci\u00f3n Vicenciana, de la que es cofundador. Actualmente es responsable del \u00e1rea de Espa\u00f1ol de .famvin, la Red de Noticias de la Familia Vicenciana. Tambi\u00e9n es m\u00fasico cat\u00f3lico y ha editado varios discos. Es Director General y cofundador de Trovador, una reconocida compa\u00f1\u00eda discogr\u00e1fica critiana de Espa\u00f1a. Trabaja en las Tecnolog\u00edas de la Informaci\u00f3n, ofreciendo servicios de alojamiento, dise\u00f1o y mantenimiento Web, as\u00ed como asesoramiento, formaci\u00f3n y soluciones inform\u00e1ticas, gesti\u00f3n documental y digitalizaci\u00f3n de textos, edici\u00f3n y maquetaci\u00f3n de libros, revistas, flyers, etc.\",\"sameAs\":[\"http:\/\/chento.org\",\"https:\/\/www.facebook.com\/JavierChento\",\"https:\/\/x.com\/https:\/\/twitter.com\/javierchento\"],\"url\":\"http:\/\/vincentians.com\/es\/author\/chento\/\"}]}<\/script>\n<!-- \/ Yoast SEO plugin. -->","yoast_head_json":{"title":"15\u00ba Domingo de Tiempo Ordinario (reflexi\u00f3n de Julio C\u00e9sar Villalobos, C.M.) - Somos Vicencianos","robots":{"index":"index","follow":"follow","max-snippet":"max-snippet:-1","max-image-preview":"max-image-preview:large","max-video-preview":"max-video-preview:-1"},"canonical":"http:\/\/vincentians.com\/es\/15o-domingo-de-tiempo-ordinario-reflexion-de-julio-cesar-villalobos-c-m\/","og_locale":"es_ES","og_type":"article","og_title":"15\u00ba Domingo de Tiempo Ordinario (reflexi\u00f3n de Julio C\u00e9sar Villalobos, C.M.) - Somos Vicencianos","og_description":"Continuar la obra del Maestro \u00bfSabes Jes\u00fas? Cu\u00e1ntas veces nos muestras que eres grande, cu\u00e1ntas veces proclamamos en nuestro Credo que eres Todopoderoso y no te creemos. \u00bfTe acuerdas Jes\u00fas cuando en el evangelio de ... Read More","og_url":"http:\/\/vincentians.com\/es\/15o-domingo-de-tiempo-ordinario-reflexion-de-julio-cesar-villalobos-c-m\/","og_site_name":"Somos Vicencianos","article_publisher":"https:\/\/www.facebook.com\/WeAreVincentians\/","article_author":"https:\/\/www.facebook.com\/JavierChento","article_published_time":"2012-07-14T16:23:24+00:00","article_modified_time":"2016-07-24T08:29:49+00:00","og_image":[{"width":236,"height":64,"url":"https:\/\/i0.wp.com\/vincentians.com\/es\/wp-content\/uploads\/sites\/11\/2016\/06\/president-signature.png?fit=236%2C64","type":"image\/png"}],"author":"Francisco Javier Fern\u00e1ndez Chento","twitter_card":"summary_large_image","twitter_creator":"@https:\/\/twitter.com\/javierchento","twitter_site":"@WeVincentians","twitter_misc":{"Escrito por":"Francisco Javier Fern\u00e1ndez Chento","Tiempo de lectura":"3 minutos"},"schema":{"@context":"https:\/\/schema.org","@graph":[{"@type":"Article","@id":"http:\/\/vincentians.com\/es\/15o-domingo-de-tiempo-ordinario-reflexion-de-julio-cesar-villalobos-c-m\/#article","isPartOf":{"@id":"http:\/\/vincentians.com\/es\/15o-domingo-de-tiempo-ordinario-reflexion-de-julio-cesar-villalobos-c-m\/"},"author":{"name":"Francisco Javier Fern\u00e1ndez Chento","@id":"https:\/\/vincentians.com\/es\/#\/schema\/person\/9623ef4d9aa3b2dfb8c061f1499288f2"},"headline":"15\u00ba Domingo de Tiempo Ordinario (reflexi\u00f3n de Julio C\u00e9sar Villalobos, C.M.)","datePublished":"2012-07-14T16:23:24+00:00","dateModified":"2016-07-24T08:29:49+00:00","mainEntityOfPage":{"@id":"http:\/\/vincentians.com\/es\/15o-domingo-de-tiempo-ordinario-reflexion-de-julio-cesar-villalobos-c-m\/"},"wordCount":689,"commentCount":0,"publisher":{"@id":"https:\/\/vincentians.com\/es\/#organization"},"image":{"@id":"http:\/\/vincentians.com\/es\/15o-domingo-de-tiempo-ordinario-reflexion-de-julio-cesar-villalobos-c-m\/#primaryimage"},"thumbnailUrl":"https:\/\/i0.wp.com\/vincentians.com\/es\/wp-content\/uploads\/sites\/11\/2016\/06\/president-signature.png?fit=236%2C64","articleSection":["Homil\u00edas y reflexiones, A\u00f1o B"],"inLanguage":"es","potentialAction":[{"@type":"CommentAction","name":"Comment","target":["http:\/\/vincentians.com\/es\/15o-domingo-de-tiempo-ordinario-reflexion-de-julio-cesar-villalobos-c-m\/#respond"]}]},{"@type":"WebPage","@id":"http:\/\/vincentians.com\/es\/15o-domingo-de-tiempo-ordinario-reflexion-de-julio-cesar-villalobos-c-m\/","url":"http:\/\/vincentians.com\/es\/15o-domingo-de-tiempo-ordinario-reflexion-de-julio-cesar-villalobos-c-m\/","name":"15\u00ba Domingo de Tiempo Ordinario (reflexi\u00f3n de Julio C\u00e9sar Villalobos, C.M.) - Somos Vicencianos","isPartOf":{"@id":"https:\/\/vincentians.com\/es\/#website"},"primaryImageOfPage":{"@id":"http:\/\/vincentians.com\/es\/15o-domingo-de-tiempo-ordinario-reflexion-de-julio-cesar-villalobos-c-m\/#primaryimage"},"image":{"@id":"http:\/\/vincentians.com\/es\/15o-domingo-de-tiempo-ordinario-reflexion-de-julio-cesar-villalobos-c-m\/#primaryimage"},"thumbnailUrl":"https:\/\/i0.wp.com\/vincentians.com\/es\/wp-content\/uploads\/sites\/11\/2016\/06\/president-signature.png?fit=236%2C64","datePublished":"2012-07-14T16:23:24+00:00","dateModified":"2016-07-24T08:29:49+00:00","breadcrumb":{"@id":"http:\/\/vincentians.com\/es\/15o-domingo-de-tiempo-ordinario-reflexion-de-julio-cesar-villalobos-c-m\/#breadcrumb"},"inLanguage":"es","potentialAction":[{"@type":"ReadAction","target":["http:\/\/vincentians.com\/es\/15o-domingo-de-tiempo-ordinario-reflexion-de-julio-cesar-villalobos-c-m\/"]}]},{"@type":"ImageObject","inLanguage":"es","@id":"http:\/\/vincentians.com\/es\/15o-domingo-de-tiempo-ordinario-reflexion-de-julio-cesar-villalobos-c-m\/#primaryimage","url":"https:\/\/i0.wp.com\/vincentians.com\/es\/wp-content\/uploads\/sites\/11\/2016\/06\/president-signature.png?fit=236%2C64","contentUrl":"https:\/\/i0.wp.com\/vincentians.com\/es\/wp-content\/uploads\/sites\/11\/2016\/06\/president-signature.png?fit=236%2C64","width":236,"height":64},{"@type":"BreadcrumbList","@id":"http:\/\/vincentians.com\/es\/15o-domingo-de-tiempo-ordinario-reflexion-de-julio-cesar-villalobos-c-m\/#breadcrumb","itemListElement":[{"@type":"ListItem","position":1,"name":"Portada","item":"https:\/\/vincentians.com\/es\/"},{"@type":"ListItem","position":2,"name":"15\u00ba Domingo de Tiempo Ordinario (reflexi\u00f3n de Julio C\u00e9sar Villalobos, C.M.)"}]},{"@type":"WebSite","@id":"https:\/\/vincentians.com\/es\/#website","url":"https:\/\/vincentians.com\/es\/","name":"Somos Vicencianos","description":"Know more to serve more","publisher":{"@id":"https:\/\/vincentians.com\/es\/#organization"},"potentialAction":[{"@type":"SearchAction","target":{"@type":"EntryPoint","urlTemplate":"https:\/\/vincentians.com\/es\/?s={search_term_string}"},"query-input":{"@type":"PropertyValueSpecification","valueRequired":true,"valueName":"search_term_string"}}],"inLanguage":"es"},{"@type":"Organization","@id":"https:\/\/vincentians.com\/es\/#organization","name":"The Vincentian Network","url":"https:\/\/vincentians.com\/es\/","logo":{"@type":"ImageObject","inLanguage":"es","@id":"https:\/\/vincentians.com\/es\/#\/schema\/logo\/image\/","url":"https:\/\/i1.wp.com\/vincentians.com\/es\/wp-content\/uploads\/sites\/11\/2016\/06\/Vincentian-Network-logo-big.png?fit=778%2C778","contentUrl":"https:\/\/i1.wp.com\/vincentians.com\/es\/wp-content\/uploads\/sites\/11\/2016\/06\/Vincentian-Network-logo-big.png?fit=778%2C778","width":778,"height":778,"caption":"The Vincentian Network"},"image":{"@id":"https:\/\/vincentians.com\/es\/#\/schema\/logo\/image\/"},"sameAs":["https:\/\/www.facebook.com\/WeAreVincentians\/","https:\/\/x.com\/WeVincentians"]},{"@type":"Person","@id":"https:\/\/vincentians.com\/es\/#\/schema\/person\/9623ef4d9aa3b2dfb8c061f1499288f2","name":"Francisco Javier Fern\u00e1ndez Chento","image":{"@type":"ImageObject","inLanguage":"es","@id":"https:\/\/vincentians.com\/es\/#\/schema\/person\/image\/","url":"https:\/\/secure.gravatar.com\/avatar\/497d5cde87b4c3d097d0315953521681ba2cd523ee66e5077c3711f7021e65de?s=96&d=mm&r=g","contentUrl":"https:\/\/secure.gravatar.com\/avatar\/497d5cde87b4c3d097d0315953521681ba2cd523ee66e5077c3711f7021e65de?s=96&d=mm&r=g","caption":"Francisco Javier Fern\u00e1ndez Chento"},"description":"Director General y cofundador de La Red de Formaci\u00f3n Vicenciana. Javier es laico vicenciano, afiliado a la Congregaci\u00f3n de la Misi\u00f3n y miembro del Equipo de Misiones Populares de la provincia can\u00f3nica de Zaragoza (Espa\u00f1a) de la Congregaci\u00f3n de la Misi\u00f3n. Graduado en la Universidad Oberta de Catalunya con cuatro grados (Asistente de direcci\u00f3n, Gesti\u00f3n Administrativa, Recursos Humanos y Contabilidad Avanzada). Bil\u00edng\u00fce Espa\u00f1ol\/Ingl\u00e9s. gestiona y mantiene varias p\u00e1ginas web cristianas y vicencianas, incluida including La Red de Formaci\u00f3n Vicenciana, de la que es cofundador. Actualmente es responsable del \u00e1rea de Espa\u00f1ol de .famvin, la Red de Noticias de la Familia Vicenciana. Tambi\u00e9n es m\u00fasico cat\u00f3lico y ha editado varios discos. Es Director General y cofundador de Trovador, una reconocida compa\u00f1\u00eda discogr\u00e1fica critiana de Espa\u00f1a. Trabaja en las Tecnolog\u00edas de la Informaci\u00f3n, ofreciendo servicios de alojamiento, dise\u00f1o y mantenimiento Web, as\u00ed como asesoramiento, formaci\u00f3n y soluciones inform\u00e1ticas, gesti\u00f3n documental y digitalizaci\u00f3n de textos, edici\u00f3n y maquetaci\u00f3n de libros, revistas, flyers, etc.","sameAs":["http:\/\/chento.org","https:\/\/www.facebook.com\/JavierChento","https:\/\/x.com\/https:\/\/twitter.com\/javierchento"],"url":"http:\/\/vincentians.com\/es\/author\/chento\/"}]}},"jetpack_publicize_connections":[],"jetpack_featured_media_url":"https:\/\/i0.wp.com\/vincentians.com\/es\/wp-content\/uploads\/sites\/11\/2016\/06\/president-signature.png?fit=236%2C64","jetpack_sharing_enabled":true,"jetpack_shortlink":"https:\/\/wp.me\/p7ETMF-zk4","jetpack-related-posts":[{"id":132423,"url":"http:\/\/vincentians.com\/es\/bautismo-del-senor-reflexion-de-jose-roman-flecha-2\/","url_meta":{"origin":135784,"position":0},"title":"Bautismo del Se\u00f1or (reflexi\u00f3n de Jos\u00e9 Rom\u00e1n Flecha)","author":"Francisco Javier Fern\u00e1ndez Chento","date":"06\/01\/2012","format":false,"excerpt":"LA VOZ SOBRE LAS AGUAS Fiesta del Bautismo del Se\u00f1or.B Domingo 8 de enero de 2012 En el rezo del Rosario, sol\u00edamos meditar los misterios gozosos, dolorosos y gloriosos de la vida de Jes\u00fas. Como sabemos, el Papa Juan Pablo II introdujo en esa devoci\u00f3n tradicional los \"misterios luminosos\". Entre\u2026","rel":"","context":"En \u00abHomil\u00edas y reflexiones, A\u00f1o B\u00bb","block_context":{"text":"Homil\u00edas y reflexiones, A\u00f1o B","link":"http:\/\/vincentians.com\/es\/category\/homilias-y-reflexiones-a-la-palabra-de-dios\/homilias-y-reflexiones-ano-b\/"},"img":{"alt_text":"","src":"https:\/\/i0.wp.com\/vincentians.com\/es\/wp-content\/uploads\/sites\/11\/2016\/07\/reflexiones-palabra-de-dios.jpg?fit=1200%2C630&resize=350%2C200","width":350,"height":200,"srcset":"https:\/\/i0.wp.com\/vincentians.com\/es\/wp-content\/uploads\/sites\/11\/2016\/07\/reflexiones-palabra-de-dios.jpg?fit=1200%2C630&resize=350%2C200 1x, https:\/\/i0.wp.com\/vincentians.com\/es\/wp-content\/uploads\/sites\/11\/2016\/07\/reflexiones-palabra-de-dios.jpg?fit=1200%2C630&resize=525%2C300 1.5x, https:\/\/i0.wp.com\/vincentians.com\/es\/wp-content\/uploads\/sites\/11\/2016\/07\/reflexiones-palabra-de-dios.jpg?fit=1200%2C630&resize=700%2C400 2x, https:\/\/i0.wp.com\/vincentians.com\/es\/wp-content\/uploads\/sites\/11\/2016\/07\/reflexiones-palabra-de-dios.jpg?fit=1200%2C630&resize=1050%2C600 3x"},"classes":[]},{"id":144956,"url":"http:\/\/vincentians.com\/es\/la-ascension-del-senor-reflexion-de-jose-roman-flecha-2\/","url_meta":{"origin":135784,"position":1},"title":"La Ascensi\u00f3n del Se\u00f1or (reflexi\u00f3n de Jos\u00e9 Rom\u00e1n Flecha)","author":"Francisco Javier Fern\u00e1ndez Chento","date":"12\/05\/2015","format":false,"excerpt":"LA LLAMA DEL DESEO Solemnidad de la Ascensi\u00f3n del Se\u00f1or. B. 17 de mayo de 2015 \u201cGalileos, \u00bfqu\u00e9 hac\u00e9is ah\u00ed plantados mirando al cielo? El mismo Jes\u00fas que os ha dejado para subir al cielo, volver\u00e1 como le hab\u00e9is visto marcharse\u201d. Los ap\u00f3stoles contemplaban a su Maestro irse hacia los\u2026","rel":"","context":"En \u00abHomil\u00edas y reflexiones, A\u00f1o B\u00bb","block_context":{"text":"Homil\u00edas y reflexiones, A\u00f1o B","link":"http:\/\/vincentians.com\/es\/category\/homilias-y-reflexiones-a-la-palabra-de-dios\/homilias-y-reflexiones-ano-b\/"},"img":{"alt_text":"","src":"https:\/\/i0.wp.com\/vincentians.com\/es\/wp-content\/uploads\/sites\/11\/2016\/07\/reflexiones-palabra-de-dios.jpg?fit=1200%2C630&resize=350%2C200","width":350,"height":200,"srcset":"https:\/\/i0.wp.com\/vincentians.com\/es\/wp-content\/uploads\/sites\/11\/2016\/07\/reflexiones-palabra-de-dios.jpg?fit=1200%2C630&resize=350%2C200 1x, https:\/\/i0.wp.com\/vincentians.com\/es\/wp-content\/uploads\/sites\/11\/2016\/07\/reflexiones-palabra-de-dios.jpg?fit=1200%2C630&resize=525%2C300 1.5x, https:\/\/i0.wp.com\/vincentians.com\/es\/wp-content\/uploads\/sites\/11\/2016\/07\/reflexiones-palabra-de-dios.jpg?fit=1200%2C630&resize=700%2C400 2x, https:\/\/i0.wp.com\/vincentians.com\/es\/wp-content\/uploads\/sites\/11\/2016\/07\/reflexiones-palabra-de-dios.jpg?fit=1200%2C630&resize=1050%2C600 3x"},"classes":[]},{"id":136984,"url":"http:\/\/vincentians.com\/es\/domingo-de-resurreccion-reflexion-de-jose-roman-flecha-2\/","url_meta":{"origin":135784,"position":2},"title":"Domingo de Resurrecci\u00f3n (reflexi\u00f3n de Jos\u00e9 Rom\u00e1n Flecha)","author":"Francisco Javier Fern\u00e1ndez Chento","date":"16\/04\/2014","format":false,"excerpt":"FIESTA DE LA LUZ Solemnidad de la Pascua. A 20 de abril de 2014 \u201cHay cristianos cuya opci\u00f3n parece ser la de una cuaresma sin Pascua\u201d. As\u00ed ha escrito el Papa Francisco en su exhortaci\u00f3n La Alegr\u00eda del Evangelio (n.6). La Cuaresma nos ha ido preparando para aceptar la cruz\u2026","rel":"","context":"En \u00abHomil\u00edas y reflexiones, A\u00f1o A\u00bb","block_context":{"text":"Homil\u00edas y reflexiones, A\u00f1o A","link":"http:\/\/vincentians.com\/es\/category\/homilias-y-reflexiones-a-la-palabra-de-dios\/homilias-y-reflexiones-ano-a\/"},"img":{"alt_text":"","src":"https:\/\/i0.wp.com\/vincentians.com\/es\/wp-content\/uploads\/sites\/11\/2016\/07\/reflexiones-palabra-de-dios.jpg?fit=1200%2C630&resize=350%2C200","width":350,"height":200,"srcset":"https:\/\/i0.wp.com\/vincentians.com\/es\/wp-content\/uploads\/sites\/11\/2016\/07\/reflexiones-palabra-de-dios.jpg?fit=1200%2C630&resize=350%2C200 1x, https:\/\/i0.wp.com\/vincentians.com\/es\/wp-content\/uploads\/sites\/11\/2016\/07\/reflexiones-palabra-de-dios.jpg?fit=1200%2C630&resize=525%2C300 1.5x, https:\/\/i0.wp.com\/vincentians.com\/es\/wp-content\/uploads\/sites\/11\/2016\/07\/reflexiones-palabra-de-dios.jpg?fit=1200%2C630&resize=700%2C400 2x, https:\/\/i0.wp.com\/vincentians.com\/es\/wp-content\/uploads\/sites\/11\/2016\/07\/reflexiones-palabra-de-dios.jpg?fit=1200%2C630&resize=1050%2C600 3x"},"classes":[]},{"id":135787,"url":"http:\/\/vincentians.com\/es\/16o-domingo-de-tiempo-ordinario-reflexion-de-jose-roman-flecha\/","url_meta":{"origin":135784,"position":3},"title":"16\u00ba Domingo de T.O. (reflexi\u00f3n de Jos\u00e9 Rom\u00e1n Flecha)","author":"Francisco Javier Fern\u00e1ndez Chento","date":"17\/07\/2012","format":false,"excerpt":"OVEJAS SIN PASTOR Domingo 16 del Tiempo Ordinario. B 22 de julio de 2012 El pastor y las ovejas aparecen muchas veces en las p\u00e1ginas de la Biblia. Su imagen hab\u00eda de convertirse necesariamente en parab\u00f3lica para un pueblo que se hab\u00eda ido formando siguiendo a sus reba\u00f1os. En el\u2026","rel":"","context":"En \u00abHomil\u00edas y reflexiones, A\u00f1o B\u00bb","block_context":{"text":"Homil\u00edas y reflexiones, A\u00f1o B","link":"http:\/\/vincentians.com\/es\/category\/homilias-y-reflexiones-a-la-palabra-de-dios\/homilias-y-reflexiones-ano-b\/"},"img":{"alt_text":"","src":"https:\/\/i0.wp.com\/vincentians.com\/es\/wp-content\/uploads\/sites\/11\/2016\/07\/reflexiones-palabra-de-dios.jpg?fit=1200%2C630&resize=350%2C200","width":350,"height":200,"srcset":"https:\/\/i0.wp.com\/vincentians.com\/es\/wp-content\/uploads\/sites\/11\/2016\/07\/reflexiones-palabra-de-dios.jpg?fit=1200%2C630&resize=350%2C200 1x, https:\/\/i0.wp.com\/vincentians.com\/es\/wp-content\/uploads\/sites\/11\/2016\/07\/reflexiones-palabra-de-dios.jpg?fit=1200%2C630&resize=525%2C300 1.5x, https:\/\/i0.wp.com\/vincentians.com\/es\/wp-content\/uploads\/sites\/11\/2016\/07\/reflexiones-palabra-de-dios.jpg?fit=1200%2C630&resize=700%2C400 2x, https:\/\/i0.wp.com\/vincentians.com\/es\/wp-content\/uploads\/sites\/11\/2016\/07\/reflexiones-palabra-de-dios.jpg?fit=1200%2C630&resize=1050%2C600 3x"},"classes":[]},{"id":196509,"url":"http:\/\/vincentians.com\/es\/lectio-para-14o-domingo-de-t-o-preparada-por-chuno-chavez-alva-c-m\/","url_meta":{"origin":135784,"position":4},"title":"Lectio para 14\u00ba Domingo de T.O. (preparada por Chuno Ch\u00e1vez Alva, C.M.)","author":"Francisco Javier Fern\u00e1ndez Chento","date":"01\/07\/2015","format":false,"excerpt":"\u00bfNo es el hijo del carpintero? LA PALABRA HOY: Ezequiel 2,2-5; Salmo 122; 2 Corintios12, 7b-10; Marcos 6,1-6 Ambientaci\u00f3n: Im\u00e1genes de situaciones de pobreza extrema, de excluidos, de rostros donde nos resulta dif\u00edcil reconocer el rostro de Jes\u00fas. Frase: Los ten\u00eda desconcertados. Cantos sugeridos: El profeta; Con nosotros est\u00e1 y\u2026","rel":"","context":"En \u00abHomil\u00edas y reflexiones, A\u00f1o B\u00bb","block_context":{"text":"Homil\u00edas y reflexiones, A\u00f1o B","link":"http:\/\/vincentians.com\/es\/category\/homilias-y-reflexiones-a-la-palabra-de-dios\/homilias-y-reflexiones-ano-b\/"},"img":{"alt_text":"","src":"https:\/\/i0.wp.com\/vincentians.com\/es\/wp-content\/uploads\/sites\/11\/2016\/07\/reflexiones-palabra-de-dios.jpg?fit=1200%2C630&resize=350%2C200","width":350,"height":200,"srcset":"https:\/\/i0.wp.com\/vincentians.com\/es\/wp-content\/uploads\/sites\/11\/2016\/07\/reflexiones-palabra-de-dios.jpg?fit=1200%2C630&resize=350%2C200 1x, https:\/\/i0.wp.com\/vincentians.com\/es\/wp-content\/uploads\/sites\/11\/2016\/07\/reflexiones-palabra-de-dios.jpg?fit=1200%2C630&resize=525%2C300 1.5x, https:\/\/i0.wp.com\/vincentians.com\/es\/wp-content\/uploads\/sites\/11\/2016\/07\/reflexiones-palabra-de-dios.jpg?fit=1200%2C630&resize=700%2C400 2x, https:\/\/i0.wp.com\/vincentians.com\/es\/wp-content\/uploads\/sites\/11\/2016\/07\/reflexiones-palabra-de-dios.jpg?fit=1200%2C630&resize=1050%2C600 3x"},"classes":[]},{"id":144936,"url":"http:\/\/vincentians.com\/es\/la-ascension-del-senor-reflexion-de-jose-antonio-pagola\/","url_meta":{"origin":135784,"position":5},"title":"La Ascensi\u00f3n del Se\u00f1or (reflexi\u00f3n de Jos\u00e9 Antonio Pagola)","author":"Francisco Javier Fern\u00e1ndez Chento","date":"11\/05\/2015","format":false,"excerpt":"Confianza y responsabilidad Al evangelio original de Marcos se le a\u00f1adi\u00f3 en alg\u00fan momento un ap\u00e9ndice donde se recoge este mandato final de Jes\u00fas: \u00abId al mundo entero y proclamad el Evangelio a toda la creaci\u00f3n\u00bb. El Evangelio no ha de quedar en el interior del peque\u00f1o grupo de sus\u2026","rel":"","context":"En \u00abHomil\u00edas y reflexiones, A\u00f1o B\u00bb","block_context":{"text":"Homil\u00edas y reflexiones, A\u00f1o B","link":"http:\/\/vincentians.com\/es\/category\/homilias-y-reflexiones-a-la-palabra-de-dios\/homilias-y-reflexiones-ano-b\/"},"img":{"alt_text":"","src":"https:\/\/i0.wp.com\/vincentians.com\/es\/wp-content\/uploads\/sites\/11\/2016\/07\/reflexiones-pagola.jpg?fit=1200%2C630&resize=350%2C200","width":350,"height":200,"srcset":"https:\/\/i0.wp.com\/vincentians.com\/es\/wp-content\/uploads\/sites\/11\/2016\/07\/reflexiones-pagola.jpg?fit=1200%2C630&resize=350%2C200 1x, https:\/\/i0.wp.com\/vincentians.com\/es\/wp-content\/uploads\/sites\/11\/2016\/07\/reflexiones-pagola.jpg?fit=1200%2C630&resize=525%2C300 1.5x, https:\/\/i0.wp.com\/vincentians.com\/es\/wp-content\/uploads\/sites\/11\/2016\/07\/reflexiones-pagola.jpg?fit=1200%2C630&resize=700%2C400 2x, https:\/\/i0.wp.com\/vincentians.com\/es\/wp-content\/uploads\/sites\/11\/2016\/07\/reflexiones-pagola.jpg?fit=1200%2C630&resize=1050%2C600 3x"},"classes":[]}],"_links":{"self":[{"href":"http:\/\/vincentians.com\/es\/wp-json\/wp\/v2\/posts\/135784","targetHints":{"allow":["GET"]}}],"collection":[{"href":"http:\/\/vincentians.com\/es\/wp-json\/wp\/v2\/posts"}],"about":[{"href":"http:\/\/vincentians.com\/es\/wp-json\/wp\/v2\/types\/post"}],"author":[{"embeddable":true,"href":"http:\/\/vincentians.com\/es\/wp-json\/wp\/v2\/users\/4"}],"replies":[{"embeddable":true,"href":"http:\/\/vincentians.com\/es\/wp-json\/wp\/v2\/comments?post=135784"}],"version-history":[{"count":0,"href":"http:\/\/vincentians.com\/es\/wp-json\/wp\/v2\/posts\/135784\/revisions"}],"wp:featuredmedia":[{"embeddable":true,"href":"http:\/\/vincentians.com\/es\/wp-json\/wp\/v2\/media\/5"}],"wp:attachment":[{"href":"http:\/\/vincentians.com\/es\/wp-json\/wp\/v2\/media?parent=135784"}],"wp:term":[{"taxonomy":"category","embeddable":true,"href":"http:\/\/vincentians.com\/es\/wp-json\/wp\/v2\/categories?post=135784"},{"taxonomy":"post_tag","embeddable":true,"href":"http:\/\/vincentians.com\/es\/wp-json\/wp\/v2\/tags?post=135784"}],"curies":[{"name":"wp","href":"https:\/\/api.w.org\/{rel}","templated":true}]}}