{"id":135774,"date":"2012-06-16T07:51:53","date_gmt":"2012-06-16T05:51:53","guid":{"rendered":"http:\/\/somos.vicencianos.org\/comentarios\/?p=1684"},"modified":"2016-07-24T10:29:52","modified_gmt":"2016-07-24T08:29:52","slug":"11o-domingo-de-tiempo-ordinario-reflexion-de-antonio-elduayen-c-m","status":"publish","type":"post","link":"http:\/\/vincentians.com\/es\/11o-domingo-de-tiempo-ordinario-reflexion-de-antonio-elduayen-c-m\/","title":{"rendered":"11\u00ba Domingo de Tiempo Ordinario (reflexi\u00f3n de Antonio Elduayen, C.M.)"},"content":{"rendered":"<p><a href=\"https:\/\/i0.wp.com\/vicencianos.org\/wp-content\/2011\/12\/antonio_elduayen.jpg\"><img data-recalc-dims=\"1\" loading=\"lazy\" decoding=\"async\" class=\"alignright size-medium wp-image-132405\" src=\"https:\/\/i0.wp.com\/vicencianos.org\/wp-content\/2011\/12\/antonio_elduayen-271x300.jpg?resize=271%2C300\" alt=\"antonio_elduayen\" width=\"271\" height=\"300\" \/><\/a>Queridos amigos<\/p>\n<p>En el Corpus Cristi parroquial, que con misa solemne y procesi\u00f3n celebramos hoy, les remito a la Carta y Tema, que sobre la eucarist\u00eda les escrib\u00ed para su Fiesta el domingo pasado. Aqu\u00ed y ahora, quiero referirme a lo que nuestro Proyecto Pastoral Parroquial nos pide tener en cuenta sobre la eucarist\u00eda. Ante todo su objetivo, que es: \u201cayudar a conocer y valorar la Eucarist\u00eda, para centrar en ella la vida personal, familiar y comunitaria (de los Grupos Pastorales y de toda la Comunidad Cristiana Parroquial)\u201d. Para ello, se se\u00f1alan las siguientes l\u00edneas de acci\u00f3n:<\/p>\n<p>1.- Ofrecer y animar un servicio cultual de calidad (bello y participado, en las Misas, la Adoraci\u00f3n al Sant\u00edsimo, la Comuni\u00f3n de enfermos), y de respeto (por la puntualidad y el decoro en el vestir);<\/p>\n<p>2.- Motivar y organizar una mayor participaci\u00f3n de los fieles en la adoraci\u00f3n al Sant\u00edsimo: en los Jueves Eucar\u00edsticos; los Primeros Viernes dedicados al Coraz\u00f3n de Jes\u00fas, la celebraci\u00f3n de la Semana Eucar\u00edstica y del Corpus Cristi; la participaci\u00f3n en la adoraci\u00f3n de las 40 Horas.<\/p>\n<p>3.- Facilitar el acercamiento permanente al Sacramento de la Reconciliaci\u00f3n, condici\u00f3n muchas veces para la comuni\u00f3n;<\/p>\n<p>4.- Renovar el Equipo de Ministros Extraordinarios de la Comuni\u00f3n (MEC) y proveer a su formaci\u00f3n permanente<\/p>\n<p>5.- Reactivar el de Grupo de Ac\u00f3litos San Vicente (MACOVI).<\/p>\n<p>6.-Apoyar al Equipo Lit\u00fargico Gabriel Perboyre, que tendr\u00e1 a su cargo la organizaci\u00f3n de las celebraciones, especialmente de la eucarist\u00eda, proveyendo los Monitores, Lectores, Colecteros, distribuidores de la HP y Recepcionistas.<\/p>\n<p>7.-Vocacionalizar nuestra pastoral e interesar a fieles, familias y Grupos en la promoci\u00f3n vocacional sacerdotal y consagrada, pues sin sacerdotes no hay eucarist\u00eda. Para lograrlo se consolidar\u00e1 y apoyar\u00e1 el Equipo Vocacional Parroquial, cuyo plan de trabajo fomentar\u00e1 la oraci\u00f3n por las vocaciones, la promoci\u00f3n vocacional y la obtenci\u00f3n de becas y semibecas de seminaristas vicentinos.<\/p>\n<p>8.-Acentuar las exigencias y consecuencias de Misi\u00f3n y Caridad, propias de la eucarist\u00eda. Para ello se continuar\u00e1 sensibilizando a los Grupos Pastorales misioneramente desde las conclusiones de APARECIDA; y sociocaritativamente para que vivan una caridad pr\u00e1ctica en favor de los pobres.<\/p>\n","protected":false},"excerpt":{"rendered":"<p>Queridos amigos En el Corpus Cristi parroquial, que con misa solemne y procesi\u00f3n celebramos hoy, les remito a la Carta y Tema, que sobre la eucarist\u00eda les escrib\u00ed para su Fiesta el domingo pasado. Aqu\u00ed &#8230; <a href=\"http:\/\/vincentians.com\/es\/11o-domingo-de-tiempo-ordinario-reflexion-de-antonio-elduayen-c-m\/\" class=\"more-link\">Read More<\/a><\/p>\n","protected":false},"author":4,"featured_media":388408,"comment_status":"open","ping_status":"open","sticky":false,"template":"","format":"standard","meta":{"jetpack_post_was_ever_published":false,"_jetpack_newsletter_access":"","_jetpack_dont_email_post_to_subs":false,"_jetpack_newsletter_tier_id":0,"_jetpack_memberships_contains_paywalled_content":false,"_jetpack_memberships_contains_paid_content":false,"footnotes":"","jetpack_publicize_message":"","jetpack_publicize_feature_enabled":true,"jetpack_social_post_already_shared":true,"jetpack_social_options":{"image_generator_settings":{"template":"highway","default_image_id":0,"font":"","enabled":false},"version":2}},"categories":[93],"tags":[196],"class_list":["post-135774","post","type-post","status-publish","format-standard","has-post-thumbnail","hentry","category-homilias-y-reflexiones-ano-b","tag-perboyre"],"yoast_head":"<!-- This site is optimized with the Yoast SEO plugin v26.3 - https:\/\/yoast.com\/wordpress\/plugins\/seo\/ -->\n<title>11\u00ba Domingo de Tiempo Ordinario (reflexi\u00f3n de Antonio Elduayen, C.M.) - Somos Vicencianos<\/title>\n<meta name=\"robots\" content=\"index, follow, max-snippet:-1, max-image-preview:large, max-video-preview:-1\" \/>\n<link rel=\"canonical\" href=\"http:\/\/vincentians.com\/es\/11o-domingo-de-tiempo-ordinario-reflexion-de-antonio-elduayen-c-m\/\" \/>\n<meta property=\"og:locale\" content=\"es_ES\" \/>\n<meta property=\"og:type\" content=\"article\" \/>\n<meta property=\"og:title\" content=\"11\u00ba Domingo de Tiempo Ordinario (reflexi\u00f3n de Antonio Elduayen, C.M.) - Somos Vicencianos\" \/>\n<meta property=\"og:description\" content=\"Queridos amigos En el Corpus Cristi parroquial, que con misa solemne y procesi\u00f3n celebramos hoy, les remito a la Carta y Tema, que sobre la eucarist\u00eda les escrib\u00ed para su Fiesta el domingo pasado. Aqu\u00ed ... Read More\" \/>\n<meta property=\"og:url\" content=\"http:\/\/vincentians.com\/es\/11o-domingo-de-tiempo-ordinario-reflexion-de-antonio-elduayen-c-m\/\" \/>\n<meta property=\"og:site_name\" content=\"Somos Vicencianos\" \/>\n<meta property=\"article:publisher\" content=\"https:\/\/www.facebook.com\/WeAreVincentians\/\" \/>\n<meta property=\"article:author\" content=\"https:\/\/www.facebook.com\/JavierChento\" \/>\n<meta property=\"article:published_time\" content=\"2012-06-16T05:51:53+00:00\" \/>\n<meta property=\"article:modified_time\" content=\"2016-07-24T08:29:52+00:00\" \/>\n<meta property=\"og:image\" content=\"https:\/\/i0.wp.com\/vincentians.com\/es\/wp-content\/uploads\/sites\/11\/2016\/07\/reflexiones-palabra-de-dios.jpg?fit=1200%2C630\" \/>\n\t<meta property=\"og:image:width\" content=\"1200\" \/>\n\t<meta property=\"og:image:height\" content=\"630\" \/>\n\t<meta property=\"og:image:type\" content=\"image\/jpeg\" \/>\n<meta name=\"author\" content=\"Francisco Javier Fern\u00e1ndez Chento\" \/>\n<meta name=\"twitter:card\" content=\"summary_large_image\" \/>\n<meta name=\"twitter:creator\" content=\"@https:\/\/twitter.com\/javierchento\" \/>\n<meta name=\"twitter:site\" content=\"@WeVincentians\" \/>\n<meta name=\"twitter:label1\" content=\"Escrito por\" \/>\n\t<meta name=\"twitter:data1\" content=\"Francisco Javier Fern\u00e1ndez Chento\" \/>\n\t<meta name=\"twitter:label2\" content=\"Tiempo de lectura\" \/>\n\t<meta name=\"twitter:data2\" content=\"2 minutos\" \/>\n<script type=\"application\/ld+json\" class=\"yoast-schema-graph\">{\"@context\":\"https:\/\/schema.org\",\"@graph\":[{\"@type\":\"Article\",\"@id\":\"http:\/\/vincentians.com\/es\/11o-domingo-de-tiempo-ordinario-reflexion-de-antonio-elduayen-c-m\/#article\",\"isPartOf\":{\"@id\":\"http:\/\/vincentians.com\/es\/11o-domingo-de-tiempo-ordinario-reflexion-de-antonio-elduayen-c-m\/\"},\"author\":{\"name\":\"Francisco Javier Fern\u00e1ndez Chento\",\"@id\":\"http:\/\/vincentians.com\/es\/#\/schema\/person\/9623ef4d9aa3b2dfb8c061f1499288f2\"},\"headline\":\"11\u00ba Domingo de Tiempo Ordinario (reflexi\u00f3n de Antonio Elduayen, C.M.)\",\"datePublished\":\"2012-06-16T05:51:53+00:00\",\"dateModified\":\"2016-07-24T08:29:52+00:00\",\"mainEntityOfPage\":{\"@id\":\"http:\/\/vincentians.com\/es\/11o-domingo-de-tiempo-ordinario-reflexion-de-antonio-elduayen-c-m\/\"},\"wordCount\":396,\"commentCount\":0,\"publisher\":{\"@id\":\"http:\/\/vincentians.com\/es\/#organization\"},\"image\":{\"@id\":\"http:\/\/vincentians.com\/es\/11o-domingo-de-tiempo-ordinario-reflexion-de-antonio-elduayen-c-m\/#primaryimage\"},\"thumbnailUrl\":\"https:\/\/i0.wp.com\/vincentians.com\/es\/wp-content\/uploads\/sites\/11\/2016\/07\/reflexiones-palabra-de-dios.jpg?fit=1200%2C630\",\"keywords\":[\"Perboyre\"],\"articleSection\":[\"Homil\u00edas y reflexiones, A\u00f1o B\"],\"inLanguage\":\"es\",\"potentialAction\":[{\"@type\":\"CommentAction\",\"name\":\"Comment\",\"target\":[\"http:\/\/vincentians.com\/es\/11o-domingo-de-tiempo-ordinario-reflexion-de-antonio-elduayen-c-m\/#respond\"]}]},{\"@type\":\"WebPage\",\"@id\":\"http:\/\/vincentians.com\/es\/11o-domingo-de-tiempo-ordinario-reflexion-de-antonio-elduayen-c-m\/\",\"url\":\"http:\/\/vincentians.com\/es\/11o-domingo-de-tiempo-ordinario-reflexion-de-antonio-elduayen-c-m\/\",\"name\":\"11\u00ba Domingo de Tiempo Ordinario (reflexi\u00f3n de Antonio Elduayen, C.M.) - Somos Vicencianos\",\"isPartOf\":{\"@id\":\"http:\/\/vincentians.com\/es\/#website\"},\"primaryImageOfPage\":{\"@id\":\"http:\/\/vincentians.com\/es\/11o-domingo-de-tiempo-ordinario-reflexion-de-antonio-elduayen-c-m\/#primaryimage\"},\"image\":{\"@id\":\"http:\/\/vincentians.com\/es\/11o-domingo-de-tiempo-ordinario-reflexion-de-antonio-elduayen-c-m\/#primaryimage\"},\"thumbnailUrl\":\"https:\/\/i0.wp.com\/vincentians.com\/es\/wp-content\/uploads\/sites\/11\/2016\/07\/reflexiones-palabra-de-dios.jpg?fit=1200%2C630\",\"datePublished\":\"2012-06-16T05:51:53+00:00\",\"dateModified\":\"2016-07-24T08:29:52+00:00\",\"breadcrumb\":{\"@id\":\"http:\/\/vincentians.com\/es\/11o-domingo-de-tiempo-ordinario-reflexion-de-antonio-elduayen-c-m\/#breadcrumb\"},\"inLanguage\":\"es\",\"potentialAction\":[{\"@type\":\"ReadAction\",\"target\":[\"http:\/\/vincentians.com\/es\/11o-domingo-de-tiempo-ordinario-reflexion-de-antonio-elduayen-c-m\/\"]}]},{\"@type\":\"ImageObject\",\"inLanguage\":\"es\",\"@id\":\"http:\/\/vincentians.com\/es\/11o-domingo-de-tiempo-ordinario-reflexion-de-antonio-elduayen-c-m\/#primaryimage\",\"url\":\"https:\/\/i0.wp.com\/vincentians.com\/es\/wp-content\/uploads\/sites\/11\/2016\/07\/reflexiones-palabra-de-dios.jpg?fit=1200%2C630\",\"contentUrl\":\"https:\/\/i0.wp.com\/vincentians.com\/es\/wp-content\/uploads\/sites\/11\/2016\/07\/reflexiones-palabra-de-dios.jpg?fit=1200%2C630\",\"width\":1200,\"height\":630},{\"@type\":\"BreadcrumbList\",\"@id\":\"http:\/\/vincentians.com\/es\/11o-domingo-de-tiempo-ordinario-reflexion-de-antonio-elduayen-c-m\/#breadcrumb\",\"itemListElement\":[{\"@type\":\"ListItem\",\"position\":1,\"name\":\"Portada\",\"item\":\"http:\/\/vincentians.com\/es\/\"},{\"@type\":\"ListItem\",\"position\":2,\"name\":\"11\u00ba Domingo de Tiempo Ordinario (reflexi\u00f3n de Antonio Elduayen, C.M.)\"}]},{\"@type\":\"WebSite\",\"@id\":\"http:\/\/vincentians.com\/es\/#website\",\"url\":\"http:\/\/vincentians.com\/es\/\",\"name\":\"Somos Vicencianos\",\"description\":\"Know more to serve more\",\"publisher\":{\"@id\":\"http:\/\/vincentians.com\/es\/#organization\"},\"potentialAction\":[{\"@type\":\"SearchAction\",\"target\":{\"@type\":\"EntryPoint\",\"urlTemplate\":\"http:\/\/vincentians.com\/es\/?s={search_term_string}\"},\"query-input\":{\"@type\":\"PropertyValueSpecification\",\"valueRequired\":true,\"valueName\":\"search_term_string\"}}],\"inLanguage\":\"es\"},{\"@type\":\"Organization\",\"@id\":\"http:\/\/vincentians.com\/es\/#organization\",\"name\":\"The Vincentian Network\",\"url\":\"http:\/\/vincentians.com\/es\/\",\"logo\":{\"@type\":\"ImageObject\",\"inLanguage\":\"es\",\"@id\":\"http:\/\/vincentians.com\/es\/#\/schema\/logo\/image\/\",\"url\":\"https:\/\/i1.wp.com\/vincentians.com\/es\/wp-content\/uploads\/sites\/11\/2016\/06\/Vincentian-Network-logo-big.png?fit=778%2C778\",\"contentUrl\":\"https:\/\/i1.wp.com\/vincentians.com\/es\/wp-content\/uploads\/sites\/11\/2016\/06\/Vincentian-Network-logo-big.png?fit=778%2C778\",\"width\":778,\"height\":778,\"caption\":\"The Vincentian Network\"},\"image\":{\"@id\":\"http:\/\/vincentians.com\/es\/#\/schema\/logo\/image\/\"},\"sameAs\":[\"https:\/\/www.facebook.com\/WeAreVincentians\/\",\"https:\/\/x.com\/WeVincentians\"]},{\"@type\":\"Person\",\"@id\":\"http:\/\/vincentians.com\/es\/#\/schema\/person\/9623ef4d9aa3b2dfb8c061f1499288f2\",\"name\":\"Francisco Javier Fern\u00e1ndez Chento\",\"image\":{\"@type\":\"ImageObject\",\"inLanguage\":\"es\",\"@id\":\"http:\/\/vincentians.com\/es\/#\/schema\/person\/image\/\",\"url\":\"https:\/\/secure.gravatar.com\/avatar\/497d5cde87b4c3d097d0315953521681ba2cd523ee66e5077c3711f7021e65de?s=96&d=mm&r=g\",\"contentUrl\":\"https:\/\/secure.gravatar.com\/avatar\/497d5cde87b4c3d097d0315953521681ba2cd523ee66e5077c3711f7021e65de?s=96&d=mm&r=g\",\"caption\":\"Francisco Javier Fern\u00e1ndez Chento\"},\"description\":\"Director General y cofundador de La Red de Formaci\u00f3n Vicenciana. Javier es laico vicenciano, afiliado a la Congregaci\u00f3n de la Misi\u00f3n y miembro del Equipo de Misiones Populares de la provincia can\u00f3nica de Zaragoza (Espa\u00f1a) de la Congregaci\u00f3n de la Misi\u00f3n. Graduado en la Universidad Oberta de Catalunya con cuatro grados (Asistente de direcci\u00f3n, Gesti\u00f3n Administrativa, Recursos Humanos y Contabilidad Avanzada). Bil\u00edng\u00fce Espa\u00f1ol\/Ingl\u00e9s. gestiona y mantiene varias p\u00e1ginas web cristianas y vicencianas, incluida including La Red de Formaci\u00f3n Vicenciana, de la que es cofundador. Actualmente es responsable del \u00e1rea de Espa\u00f1ol de .famvin, la Red de Noticias de la Familia Vicenciana. Tambi\u00e9n es m\u00fasico cat\u00f3lico y ha editado varios discos. Es Director General y cofundador de Trovador, una reconocida compa\u00f1\u00eda discogr\u00e1fica critiana de Espa\u00f1a. Trabaja en las Tecnolog\u00edas de la Informaci\u00f3n, ofreciendo servicios de alojamiento, dise\u00f1o y mantenimiento Web, as\u00ed como asesoramiento, formaci\u00f3n y soluciones inform\u00e1ticas, gesti\u00f3n documental y digitalizaci\u00f3n de textos, edici\u00f3n y maquetaci\u00f3n de libros, revistas, flyers, etc.\",\"sameAs\":[\"http:\/\/chento.org\",\"https:\/\/www.facebook.com\/JavierChento\",\"https:\/\/x.com\/https:\/\/twitter.com\/javierchento\"],\"url\":\"http:\/\/vincentians.com\/es\/author\/chento\/\"}]}<\/script>\n<!-- \/ Yoast SEO plugin. -->","yoast_head_json":{"title":"11\u00ba Domingo de Tiempo Ordinario (reflexi\u00f3n de Antonio Elduayen, C.M.) - Somos Vicencianos","robots":{"index":"index","follow":"follow","max-snippet":"max-snippet:-1","max-image-preview":"max-image-preview:large","max-video-preview":"max-video-preview:-1"},"canonical":"http:\/\/vincentians.com\/es\/11o-domingo-de-tiempo-ordinario-reflexion-de-antonio-elduayen-c-m\/","og_locale":"es_ES","og_type":"article","og_title":"11\u00ba Domingo de Tiempo Ordinario (reflexi\u00f3n de Antonio Elduayen, C.M.) - Somos Vicencianos","og_description":"Queridos amigos En el Corpus Cristi parroquial, que con misa solemne y procesi\u00f3n celebramos hoy, les remito a la Carta y Tema, que sobre la eucarist\u00eda les escrib\u00ed para su Fiesta el domingo pasado. Aqu\u00ed ... Read More","og_url":"http:\/\/vincentians.com\/es\/11o-domingo-de-tiempo-ordinario-reflexion-de-antonio-elduayen-c-m\/","og_site_name":"Somos Vicencianos","article_publisher":"https:\/\/www.facebook.com\/WeAreVincentians\/","article_author":"https:\/\/www.facebook.com\/JavierChento","article_published_time":"2012-06-16T05:51:53+00:00","article_modified_time":"2016-07-24T08:29:52+00:00","og_image":[{"width":1200,"height":630,"url":"https:\/\/i0.wp.com\/vincentians.com\/es\/wp-content\/uploads\/sites\/11\/2016\/07\/reflexiones-palabra-de-dios.jpg?fit=1200%2C630","type":"image\/jpeg"}],"author":"Francisco Javier Fern\u00e1ndez Chento","twitter_card":"summary_large_image","twitter_creator":"@https:\/\/twitter.com\/javierchento","twitter_site":"@WeVincentians","twitter_misc":{"Escrito por":"Francisco Javier Fern\u00e1ndez Chento","Tiempo de lectura":"2 minutos"},"schema":{"@context":"https:\/\/schema.org","@graph":[{"@type":"Article","@id":"http:\/\/vincentians.com\/es\/11o-domingo-de-tiempo-ordinario-reflexion-de-antonio-elduayen-c-m\/#article","isPartOf":{"@id":"http:\/\/vincentians.com\/es\/11o-domingo-de-tiempo-ordinario-reflexion-de-antonio-elduayen-c-m\/"},"author":{"name":"Francisco Javier Fern\u00e1ndez Chento","@id":"http:\/\/vincentians.com\/es\/#\/schema\/person\/9623ef4d9aa3b2dfb8c061f1499288f2"},"headline":"11\u00ba Domingo de Tiempo Ordinario (reflexi\u00f3n de Antonio Elduayen, C.M.)","datePublished":"2012-06-16T05:51:53+00:00","dateModified":"2016-07-24T08:29:52+00:00","mainEntityOfPage":{"@id":"http:\/\/vincentians.com\/es\/11o-domingo-de-tiempo-ordinario-reflexion-de-antonio-elduayen-c-m\/"},"wordCount":396,"commentCount":0,"publisher":{"@id":"http:\/\/vincentians.com\/es\/#organization"},"image":{"@id":"http:\/\/vincentians.com\/es\/11o-domingo-de-tiempo-ordinario-reflexion-de-antonio-elduayen-c-m\/#primaryimage"},"thumbnailUrl":"https:\/\/i0.wp.com\/vincentians.com\/es\/wp-content\/uploads\/sites\/11\/2016\/07\/reflexiones-palabra-de-dios.jpg?fit=1200%2C630","keywords":["Perboyre"],"articleSection":["Homil\u00edas y reflexiones, A\u00f1o B"],"inLanguage":"es","potentialAction":[{"@type":"CommentAction","name":"Comment","target":["http:\/\/vincentians.com\/es\/11o-domingo-de-tiempo-ordinario-reflexion-de-antonio-elduayen-c-m\/#respond"]}]},{"@type":"WebPage","@id":"http:\/\/vincentians.com\/es\/11o-domingo-de-tiempo-ordinario-reflexion-de-antonio-elduayen-c-m\/","url":"http:\/\/vincentians.com\/es\/11o-domingo-de-tiempo-ordinario-reflexion-de-antonio-elduayen-c-m\/","name":"11\u00ba Domingo de Tiempo Ordinario (reflexi\u00f3n de Antonio Elduayen, C.M.) - Somos Vicencianos","isPartOf":{"@id":"http:\/\/vincentians.com\/es\/#website"},"primaryImageOfPage":{"@id":"http:\/\/vincentians.com\/es\/11o-domingo-de-tiempo-ordinario-reflexion-de-antonio-elduayen-c-m\/#primaryimage"},"image":{"@id":"http:\/\/vincentians.com\/es\/11o-domingo-de-tiempo-ordinario-reflexion-de-antonio-elduayen-c-m\/#primaryimage"},"thumbnailUrl":"https:\/\/i0.wp.com\/vincentians.com\/es\/wp-content\/uploads\/sites\/11\/2016\/07\/reflexiones-palabra-de-dios.jpg?fit=1200%2C630","datePublished":"2012-06-16T05:51:53+00:00","dateModified":"2016-07-24T08:29:52+00:00","breadcrumb":{"@id":"http:\/\/vincentians.com\/es\/11o-domingo-de-tiempo-ordinario-reflexion-de-antonio-elduayen-c-m\/#breadcrumb"},"inLanguage":"es","potentialAction":[{"@type":"ReadAction","target":["http:\/\/vincentians.com\/es\/11o-domingo-de-tiempo-ordinario-reflexion-de-antonio-elduayen-c-m\/"]}]},{"@type":"ImageObject","inLanguage":"es","@id":"http:\/\/vincentians.com\/es\/11o-domingo-de-tiempo-ordinario-reflexion-de-antonio-elduayen-c-m\/#primaryimage","url":"https:\/\/i0.wp.com\/vincentians.com\/es\/wp-content\/uploads\/sites\/11\/2016\/07\/reflexiones-palabra-de-dios.jpg?fit=1200%2C630","contentUrl":"https:\/\/i0.wp.com\/vincentians.com\/es\/wp-content\/uploads\/sites\/11\/2016\/07\/reflexiones-palabra-de-dios.jpg?fit=1200%2C630","width":1200,"height":630},{"@type":"BreadcrumbList","@id":"http:\/\/vincentians.com\/es\/11o-domingo-de-tiempo-ordinario-reflexion-de-antonio-elduayen-c-m\/#breadcrumb","itemListElement":[{"@type":"ListItem","position":1,"name":"Portada","item":"http:\/\/vincentians.com\/es\/"},{"@type":"ListItem","position":2,"name":"11\u00ba Domingo de Tiempo Ordinario (reflexi\u00f3n de Antonio Elduayen, C.M.)"}]},{"@type":"WebSite","@id":"http:\/\/vincentians.com\/es\/#website","url":"http:\/\/vincentians.com\/es\/","name":"Somos Vicencianos","description":"Know more to serve more","publisher":{"@id":"http:\/\/vincentians.com\/es\/#organization"},"potentialAction":[{"@type":"SearchAction","target":{"@type":"EntryPoint","urlTemplate":"http:\/\/vincentians.com\/es\/?s={search_term_string}"},"query-input":{"@type":"PropertyValueSpecification","valueRequired":true,"valueName":"search_term_string"}}],"inLanguage":"es"},{"@type":"Organization","@id":"http:\/\/vincentians.com\/es\/#organization","name":"The Vincentian Network","url":"http:\/\/vincentians.com\/es\/","logo":{"@type":"ImageObject","inLanguage":"es","@id":"http:\/\/vincentians.com\/es\/#\/schema\/logo\/image\/","url":"https:\/\/i1.wp.com\/vincentians.com\/es\/wp-content\/uploads\/sites\/11\/2016\/06\/Vincentian-Network-logo-big.png?fit=778%2C778","contentUrl":"https:\/\/i1.wp.com\/vincentians.com\/es\/wp-content\/uploads\/sites\/11\/2016\/06\/Vincentian-Network-logo-big.png?fit=778%2C778","width":778,"height":778,"caption":"The Vincentian Network"},"image":{"@id":"http:\/\/vincentians.com\/es\/#\/schema\/logo\/image\/"},"sameAs":["https:\/\/www.facebook.com\/WeAreVincentians\/","https:\/\/x.com\/WeVincentians"]},{"@type":"Person","@id":"http:\/\/vincentians.com\/es\/#\/schema\/person\/9623ef4d9aa3b2dfb8c061f1499288f2","name":"Francisco Javier Fern\u00e1ndez Chento","image":{"@type":"ImageObject","inLanguage":"es","@id":"http:\/\/vincentians.com\/es\/#\/schema\/person\/image\/","url":"https:\/\/secure.gravatar.com\/avatar\/497d5cde87b4c3d097d0315953521681ba2cd523ee66e5077c3711f7021e65de?s=96&d=mm&r=g","contentUrl":"https:\/\/secure.gravatar.com\/avatar\/497d5cde87b4c3d097d0315953521681ba2cd523ee66e5077c3711f7021e65de?s=96&d=mm&r=g","caption":"Francisco Javier Fern\u00e1ndez Chento"},"description":"Director General y cofundador de La Red de Formaci\u00f3n Vicenciana. Javier es laico vicenciano, afiliado a la Congregaci\u00f3n de la Misi\u00f3n y miembro del Equipo de Misiones Populares de la provincia can\u00f3nica de Zaragoza (Espa\u00f1a) de la Congregaci\u00f3n de la Misi\u00f3n. Graduado en la Universidad Oberta de Catalunya con cuatro grados (Asistente de direcci\u00f3n, Gesti\u00f3n Administrativa, Recursos Humanos y Contabilidad Avanzada). Bil\u00edng\u00fce Espa\u00f1ol\/Ingl\u00e9s. gestiona y mantiene varias p\u00e1ginas web cristianas y vicencianas, incluida including La Red de Formaci\u00f3n Vicenciana, de la que es cofundador. Actualmente es responsable del \u00e1rea de Espa\u00f1ol de .famvin, la Red de Noticias de la Familia Vicenciana. Tambi\u00e9n es m\u00fasico cat\u00f3lico y ha editado varios discos. Es Director General y cofundador de Trovador, una reconocida compa\u00f1\u00eda discogr\u00e1fica critiana de Espa\u00f1a. Trabaja en las Tecnolog\u00edas de la Informaci\u00f3n, ofreciendo servicios de alojamiento, dise\u00f1o y mantenimiento Web, as\u00ed como asesoramiento, formaci\u00f3n y soluciones inform\u00e1ticas, gesti\u00f3n documental y digitalizaci\u00f3n de textos, edici\u00f3n y maquetaci\u00f3n de libros, revistas, flyers, etc.","sameAs":["http:\/\/chento.org","https:\/\/www.facebook.com\/JavierChento","https:\/\/x.com\/https:\/\/twitter.com\/javierchento"],"url":"http:\/\/vincentians.com\/es\/author\/chento\/"}]}},"jetpack_publicize_connections":[],"jetpack_featured_media_url":"https:\/\/i0.wp.com\/vincentians.com\/es\/wp-content\/uploads\/sites\/11\/2016\/07\/reflexiones-palabra-de-dios.jpg?fit=1200%2C630","jetpack_sharing_enabled":true,"jetpack_shortlink":"https:\/\/wp.me\/p7ETMF-zjU","jetpack-related-posts":[{"id":118274,"url":"http:\/\/vincentians.com\/es\/la-parroquia-de-san-vicente-de-paul-propiedad-de-la-congregacion\/","url_meta":{"origin":135774,"position":0},"title":"La Parroquia de San Vicente de Pa\u00fal de Madrid, propiedad de la Congregaci\u00f3n (1965)","author":"Mitxel Olabu\u00e9naga","date":"13\/03\/2013","format":false,"excerpt":"Las bodas de oro del P. Dionisio Villagr\u00e1, hombre que dedic\u00f3 todos sus d\u00edas a los quehaceres parroquiales, me han movido a es\u00adcribir esta cr\u00f3nica. El d\u00eda 16 de septiembre celebramos un sencillo homenaje. Mi\u00adsa armonizada, arte de nuestro hermano Castillo realzado por la presencia del consejo provincial, los superiores\u2026","rel":"","context":"En \u00abHistoria de la Congregaci\u00f3n de la Misi\u00f3n en Espa\u00f1a\u00bb","block_context":{"text":"Historia de la Congregaci\u00f3n de la Misi\u00f3n en Espa\u00f1a","link":"http:\/\/vincentians.com\/es\/category\/historia-de-la-familia-vicenciana\/historia-de-la-congregacion-de-la-mision-en-espana\/"},"img":{"alt_text":"001-p","src":"https:\/\/i0.wp.com\/vicencianos.org\/wp-content\/2013\/02\/001-p.jpg?resize=350%2C200","width":350,"height":200},"classes":[]},{"id":109317,"url":"http:\/\/vincentians.com\/es\/cincuenta-aniversario-de-la-parroquia-de-pisco\/","url_meta":{"origin":135774,"position":1},"title":"Cincuenta aniversario de la parroquia de Pisco","author":"Mitxel Olabu\u00e9naga","date":"12\/10\/2012","format":false,"excerpt":"Como al reclamo de un alegre repique de campanas se dieron cita en la ciudad de Pisco numerosas personas de Iglesia. El Obispo Auxiliar de Ica, Mons. Jes\u00fas Mateo Calder\u00f3n, O. P. Nuestro Superior Provincial. Va\u00adrios misioneros venidos de Lima, Chincha, Ica, y el P. Peram\u00e1s, desde Chiclayo. Se hicieron\u2026","rel":"","context":"En \u00abHistoria de la Congregaci\u00f3n de la Misi\u00f3n\u00bb","block_context":{"text":"Historia de la Congregaci\u00f3n de la Misi\u00f3n","link":"http:\/\/vincentians.com\/es\/category\/historia-de-la-familia-vicenciana\/historia-de-la-congregacion-de-la-mision\/"},"img":{"alt_text":"","src":"https:\/\/i0.wp.com\/vicencianos.org\/wp-content\/2012\/09\/ESCUDOCM2-237x300.jpg?resize=350%2C200","width":350,"height":200},"classes":[]},{"id":133262,"url":"http:\/\/vincentians.com\/es\/conceptos-clave-en-misiones-populares-19-eucaristia-final\/","url_meta":{"origin":135774,"position":2},"title":"Conceptos clave en misiones populares 19: Eucarist\u00eda final","author":"Francisco Javier Fern\u00e1ndez Chento","date":"19\/01\/2015","format":false,"excerpt":"Este nombre que le damos entre nosotros est\u00e1 cargado de sentido. Los curas hablan frecuentemente de eucarist\u00eda \"de clausura\", nosotros de eucarist\u00eda \"final de etapa\". Su sentido es misionero. Retoma la historia propia (tradici\u00f3n) de la comunidad y lo vivido en la misi\u00f3n (a trav\u00e9s de las Conclusiones de la\u2026","rel":"","context":"En \u00abMisiones populares\u00bb","block_context":{"text":"Misiones populares","link":"http:\/\/vincentians.com\/es\/category\/servicios-y-ministerios\/misiones-populares-misiones\/"},"img":{"alt_text":"SVPAZ-2","src":"https:\/\/i0.wp.com\/vicencianos.org\/wp-content\/2015\/01\/SVPAZ-2-200x300.jpg?resize=350%2C200","width":350,"height":200},"classes":[]},{"id":135770,"url":"http:\/\/vincentians.com\/es\/corpus-christi-reflexion-de-julio-cesar-villalobos-c-m\/","url_meta":{"origin":135774,"position":3},"title":"Corpus Christi (reflexi\u00f3n de Julio C\u00e9sar Villalobos, C.M.)","author":"Francisco Javier Fern\u00e1ndez Chento","date":"08\/06\/2012","format":false,"excerpt":"Dios es tan real, que hasta lo podemos tocar y comer Se acerc\u00f3 a la oficina parroquial una pareja de esposos, por la ma\u00f1ana, un d\u00eda ordinario, para hablarme de c\u00f3mo Dios hab\u00eda entrado en sus vidas, de c\u00f3mo Dios hab\u00eda tocado su matrimonio, de c\u00f3mo hab\u00edan vuelto a la\u2026","rel":"","context":"En \u00abHomil\u00edas y reflexiones, A\u00f1o B\u00bb","block_context":{"text":"Homil\u00edas y reflexiones, A\u00f1o B","link":"http:\/\/vincentians.com\/es\/category\/homilias-y-reflexiones-a-la-palabra-de-dios\/homilias-y-reflexiones-ano-b\/"},"img":{"alt_text":"","src":"https:\/\/i0.wp.com\/vincentians.com\/es\/wp-content\/uploads\/sites\/11\/2016\/07\/reflexiones-palabra-de-dios.jpg?fit=1200%2C630&resize=350%2C200","width":350,"height":200,"srcset":"https:\/\/i0.wp.com\/vincentians.com\/es\/wp-content\/uploads\/sites\/11\/2016\/07\/reflexiones-palabra-de-dios.jpg?fit=1200%2C630&resize=350%2C200 1x, https:\/\/i0.wp.com\/vincentians.com\/es\/wp-content\/uploads\/sites\/11\/2016\/07\/reflexiones-palabra-de-dios.jpg?fit=1200%2C630&resize=525%2C300 1.5x, https:\/\/i0.wp.com\/vincentians.com\/es\/wp-content\/uploads\/sites\/11\/2016\/07\/reflexiones-palabra-de-dios.jpg?fit=1200%2C630&resize=700%2C400 2x, https:\/\/i0.wp.com\/vincentians.com\/es\/wp-content\/uploads\/sites\/11\/2016\/07\/reflexiones-palabra-de-dios.jpg?fit=1200%2C630&resize=1050%2C600 3x"},"classes":[]},{"id":118018,"url":"http:\/\/vincentians.com\/es\/las-misiones-parroquiales-se-renuevan-1964\/","url_meta":{"origin":135774,"position":4},"title":"Las misiones parroquiales se renuevan (1964)","author":"Francisco Javier Fern\u00e1ndez Chento","date":"01\/09\/2021","format":false,"excerpt":"Este instrumento oficial, eficaz y obligatorio de la Pastoral de la Iglesia, que son las misiones al pueblo por medio de las Pa\u00adrroquias, aisladas o en conjunto, sigue su marcha ascendente, a3 menos en Espa\u00f1a y Am\u00e9rica, que es lo que m\u00e1s conozco. Al mis\u00admo tiempo que se trabaja con\u2026","rel":"","context":"En \u00abFormaci\u00f3n Vicenciana\u00bb","block_context":{"text":"Formaci\u00f3n Vicenciana","link":"http:\/\/vincentians.com\/es\/category\/formacion-vicenciana\/"},"img":{"alt_text":"","src":"https:\/\/i0.wp.com\/vincentians.com\/es\/wp-content\/uploads\/sites\/11\/2016\/09\/sencillos-como-palomas.jpg?fit=1200%2C630&resize=350%2C200","width":350,"height":200,"srcset":"https:\/\/i0.wp.com\/vincentians.com\/es\/wp-content\/uploads\/sites\/11\/2016\/09\/sencillos-como-palomas.jpg?fit=1200%2C630&resize=350%2C200 1x, https:\/\/i0.wp.com\/vincentians.com\/es\/wp-content\/uploads\/sites\/11\/2016\/09\/sencillos-como-palomas.jpg?fit=1200%2C630&resize=525%2C300 1.5x, https:\/\/i0.wp.com\/vincentians.com\/es\/wp-content\/uploads\/sites\/11\/2016\/09\/sencillos-como-palomas.jpg?fit=1200%2C630&resize=700%2C400 2x, https:\/\/i0.wp.com\/vincentians.com\/es\/wp-content\/uploads\/sites\/11\/2016\/09\/sencillos-como-palomas.jpg?fit=1200%2C630&resize=1050%2C600 3x"},"classes":[]},{"id":120724,"url":"http:\/\/vincentians.com\/es\/la-trasmision-de-la-fe-en-la-parroquia-vicencianal-dificultades-y-posibilidades\/","url_meta":{"origin":135774,"position":5},"title":"La trasmisi\u00f3n de la fe en la parroquia vicencianal. Dificultades y posibilidades","author":"Francisco Javier Fern\u00e1ndez Chento","date":"11\/10\/2022","format":false,"excerpt":"1. Introducci\u00f3n: la instituci\u00f3n parroquial, c\u00e9lula de la Iglesia universal La instituci\u00f3n parroquial nos proporciona una cercan\u00eda a cada persona, a las distintas edades, clases sociales y situaciones por las que pasa cada miembro del pueblo de Dios. La permanencia en el tiempo nos permite el contacto asiduo con las\u2026","rel":"","context":"En \u00abEspiritualidad vicenciana\u00bb","block_context":{"text":"Espiritualidad vicenciana","link":"http:\/\/vincentians.com\/es\/category\/espiritualidad\/espiritualidad-vicenciana\/"},"img":{"alt_text":"","src":"https:\/\/i0.wp.com\/vincentians.com\/es\/wp-content\/uploads\/sites\/11\/2013\/04\/4.jpg?fit=1200%2C801&resize=350%2C200","width":350,"height":200,"srcset":"https:\/\/i0.wp.com\/vincentians.com\/es\/wp-content\/uploads\/sites\/11\/2013\/04\/4.jpg?fit=1200%2C801&resize=350%2C200 1x, https:\/\/i0.wp.com\/vincentians.com\/es\/wp-content\/uploads\/sites\/11\/2013\/04\/4.jpg?fit=1200%2C801&resize=525%2C300 1.5x, https:\/\/i0.wp.com\/vincentians.com\/es\/wp-content\/uploads\/sites\/11\/2013\/04\/4.jpg?fit=1200%2C801&resize=700%2C400 2x, https:\/\/i0.wp.com\/vincentians.com\/es\/wp-content\/uploads\/sites\/11\/2013\/04\/4.jpg?fit=1200%2C801&resize=1050%2C600 3x"},"classes":[]}],"_links":{"self":[{"href":"http:\/\/vincentians.com\/es\/wp-json\/wp\/v2\/posts\/135774","targetHints":{"allow":["GET"]}}],"collection":[{"href":"http:\/\/vincentians.com\/es\/wp-json\/wp\/v2\/posts"}],"about":[{"href":"http:\/\/vincentians.com\/es\/wp-json\/wp\/v2\/types\/post"}],"author":[{"embeddable":true,"href":"http:\/\/vincentians.com\/es\/wp-json\/wp\/v2\/users\/4"}],"replies":[{"embeddable":true,"href":"http:\/\/vincentians.com\/es\/wp-json\/wp\/v2\/comments?post=135774"}],"version-history":[{"count":0,"href":"http:\/\/vincentians.com\/es\/wp-json\/wp\/v2\/posts\/135774\/revisions"}],"wp:featuredmedia":[{"embeddable":true,"href":"http:\/\/vincentians.com\/es\/wp-json\/wp\/v2\/media\/388408"}],"wp:attachment":[{"href":"http:\/\/vincentians.com\/es\/wp-json\/wp\/v2\/media?parent=135774"}],"wp:term":[{"taxonomy":"category","embeddable":true,"href":"http:\/\/vincentians.com\/es\/wp-json\/wp\/v2\/categories?post=135774"},{"taxonomy":"post_tag","embeddable":true,"href":"http:\/\/vincentians.com\/es\/wp-json\/wp\/v2\/tags?post=135774"}],"curies":[{"name":"wp","href":"https:\/\/api.w.org\/{rel}","templated":true}]}}