{"id":135706,"date":"2015-01-18T19:30:32","date_gmt":"2015-01-18T18:30:32","guid":{"rendered":"http:\/\/somos.vicencianos.org\/?p=135706"},"modified":"2016-07-24T10:28:14","modified_gmt":"2016-07-24T08:28:14","slug":"lectio-para-3o-domingo-de-tiempo-ordinario-preparada-por-chuno-chavez-alva-c-m","status":"publish","type":"post","link":"http:\/\/vincentians.com\/es\/lectio-para-3o-domingo-de-tiempo-ordinario-preparada-por-chuno-chavez-alva-c-m\/","title":{"rendered":"Lectio para 3\u00ba domingo de T.O. (preparada por Chuno Ch\u00e1vez Alva, C.M.)"},"content":{"rendered":"<h2 style=\"text-align: center\"><b>Inmediatamente lo siguieron<\/b><\/h2>\n<p><strong>LA PALABRA<\/strong><strong> HOY<\/strong><strong>: <\/strong>Jon\u00e1s 3,1-5.10; Salmo 24; 1 Corintios 7,29-31; Marcos 1,14-20.<\/p>\n<p><strong>Ambientaci\u00f3n: <\/strong>Una red o algo que se asemeje a ella, imagen de Jes\u00fas o una cruz.<\/p>\n<p><strong>Cantos sugeridos: <\/strong>Pescador de hombres.<\/p>\n<h2>Ambientaci\u00f3n<\/h2>\n<p><em>Dios nos sigue invitando a \u00abconvertirnos y a creer la Buena Noticia\u00bb, a que cambiemos de verdad para que en nuestro mundo se haga presente ese Reino cuya semilla El ya ha plantado entre nosotros.<\/em><\/p>\n<h2>Oraci\u00f3n inicial<\/h2>\n<p>Se\u00f1or Jes\u00fas,<br \/>\nT\u00fa que en la plenitud de los tiempos,<br \/>\nhas venido a manifestar el reinado de Dios,<br \/>\nque nos has invitado a adherirnos<br \/>\na ese proyecto de amor, convirti\u00e9ndonos<br \/>\ny creyendo en la Buena nueva,<br \/>\nte pedimos que que nos des lo que necesitamos<br \/>\npara realizar lo que quieres y esperas de nosotros.<br \/>\nAy\u00fadanos, Se\u00f1or,<br \/>\na comprender lo que implica seguirte,<br \/>\na ser conscientes de la misi\u00f3n que nos diste,<br \/>\ndel compromiso que significa asumir tu estilo de vida;<br \/>\nreg\u00e1lanos la gracia<br \/>\nde conocerte siempre m\u00e1s,<br \/>\nasumiendo tus actitudes,<br \/>\naprendiendo de ti a realizar<br \/>\nla voluntad y el proyecto del Padre,<br \/>\nactualizando as\u00ed su reinado<br \/>\ncon nuestra vida y siendo presencia tuya<br \/>\npara todos los que nos rodean.<br \/>\nQue as\u00ed sea.<\/p>\n<h2>I. Lectio: \u00bfQu\u00e9 dice el texto? \u2013 Marcos 1, 14-20<b><br \/>\n<\/b><\/h2>\n<p><strong>Motivaci\u00f3n:<\/strong><em> La vocaci\u00f3n de los primeros disc\u00edpulos es para Marcos el ejemplo concreto de esa fe y esa conversi\u00f3n necesarias para seguir a Jes\u00fas. Lo importante no es tanto la renuncia y el desprendimiento, sino la adhesi\u00f3n a \u00c9l. Disc\u00edpulo no es alguien que ha abandonado algo, sino m\u00e1s bien el que ha encontrado a Alguien. <\/em><em>Escuchemos:<\/em><\/p>\n<p><strong>Forma de leerlo:<\/strong><\/p>\n<ol>\n<li>Proclamar el texto en voz alta (todos de pie).<\/li>\n<li>Cada uno puede leer en voz alta el vers\u00edculo que m\u00e1s le llam\u00f3 la atenci\u00f3n (sentados).<\/li>\n<\/ol>\n<p><strong>Preguntas para la lectura:<\/strong><\/p>\n<ul>\n<li>En Galilea, Jes\u00fas da comienzo a su vida p\u00fablica. \u00bfQu\u00e9 anuncia Jes\u00fas? \u00bfQu\u00e9 consecuencias tiene ese anuncio para quienes lo escuchan?<\/li>\n<li><em>Mc 1,16-20: Jes\u00fas encuentra a un grupo de pescadores. <\/em>\u00bfQu\u00e9 les propone? \u00bfDe qu\u00e9 manera reaccionan ellos ante su llamada?<\/li>\n<li><em>No hay vocaci\u00f3n que no est\u00e9 orientada a la misi\u00f3n.<\/em> \u00bfCu\u00e1l es la misi\u00f3n que Jes\u00fas conf\u00eda a los nuevos disc\u00edpulos? \u00bfEn que cambia sus vidas?<\/li>\n<\/ul>\n<p><strong>Otros textos b\u00edblicos para confrontar: Mt 4,18-22; Lc 5, 1-11<\/strong>.<\/p>\n<h2>II. Meditatio: \u00bfQu\u00e9 me dice? \u00bfQu\u00e9 nos dice el Texto?<\/h2>\n<p><strong><em>Motivaci\u00f3n: <\/em><\/strong><em>La llamada de Jes\u00fas a los primeros disc\u00edpulos no es un hecho del pasado. \u00c9l sigue pasando por nuestro lado y nos invita a proclamar con \u00e9l la Buena Noticia. Tambi\u00e9n nosotros somos sus colaboradores en la tarea del Reino. Interpelados, pues, por la respuesta de sus primeros seguidores, reflexionamos juntos.<\/em><\/p>\n<ul>\n<li><em>Jes\u00fas sigue llamando a ser sus disc\u00edpulos. <\/em>\u00bfDe qu\u00e9 manera percibo en mi vida y en mi experiencia esa llamada?<\/li>\n<li><em>Convi\u00e9rtanse y crean en el evangelio\u2026<\/em> \u00bfQu\u00e9 cambio radical espera Dios de m\u00ed? \u00bfJes\u00fas es para m\u00ed realmente Buena Noticia?<\/li>\n<li>\u00bfC\u00f3mo vivo en este momento de mi vida el seguimiento de Jes\u00fas?<\/li>\n<li>\u00bfQu\u00e9 significa hoy para m\u00ed ser disc\u00edpulo, disc\u00edpula de Jes\u00fas?<\/li>\n<li>\u00bfRespondo con prontitud, \u201cinmediatamente\u201d a las llamadas del Se\u00f1or?<\/li>\n<\/ul>\n<h2>III. Oratio: \u00bfQu\u00e9 le digo al Se\u00f1or motivado por su Palabra?<\/h2>\n<p><strong><em>Motivaci\u00f3n: <\/em><\/strong><em>A la luz de la Palabra hemos descubierto que nuestro camino de seguimiento est\u00e1 lleno de luces y de sombras. Le damos gracias al Se\u00f1or por todas las cosas buenas que hay en la vida, por la Luz que pone en nuestros corazones y, sobre todo, porque nos anuncia la llegada del Reino con sus palabras y con sus obras.<\/em><\/p>\n<ul>\n<li>Luego de un tiempo de oraci\u00f3n personal, compartimos en grupos nuestra oraci\u00f3n (o todos juntos)<\/li>\n<li>Se puede, tambi\u00e9n, recitar el salmo responsorial que corresponde a este domingo.<\/li>\n<\/ul>\n<h2>IV. Contemplatio: \u00bfQu\u00e9 me lleva a hacer el texto?<\/h2>\n<p><strong><em>Motivaci\u00f3n: <\/em><\/strong>San Vicente no deja de sorprenderse ante la iniciativa de Jes\u00fas, de llamar a personas sencillas y ordinarias a colaborar en la tarea del Reino:<\/p>\n<p><strong><em>\u201c<\/em><\/strong><em>dar a conocer a Dios a los pobres, anunciarles a Jesucristo, decirles que est\u00e1 cerca el reino de los cielos y que ese reino es para los pobres. \u00a1Qu\u00e9 grande es esto! Y el que hayamos sido llamados para ser compa\u00f1eros y para participar en.los planes del Hijo de Dios, es algo que supera nuestro entendimiento. \u00a1Qu\u00e9! \u00a1Hacernos&#8230;, no me atrevo a decirlo&#8230;. s\u00ed: evangelizar a los pobres es un oficio tan alto que es, por excelencia, el oficio del Hijo de Dios! Y a nosotros se nos dedica a ello como instrumentos por los que el Hijo de Dios sigue haciendo desde el cielo lo que hizo en la tierra. \u00a1Qu\u00e9 gran motivo para alabar a Dios, hermanos m\u00edos, y agradecerle incesantemente esta gracia! (XI, 387)<\/em><\/p>\n<p><strong><em>Todo cristiano es misionero en la medida en que se ha encontrado con el amor de Dios en Cristo Jes\u00fas; ya no decimos que somos \u00ab disc\u00edpulos \u00bb y \u00ab misioneros \u00bb, sino que somos siempre \u00ab disc\u00edpulos misioneros \u00bb. Si no nos convencemos, miremos a los primeros disc\u00edpulos, quienes inmediatamente despu\u00e9s de conocer la mirada de Jes\u00fas, sal\u00edan a proclamarlo gozosos. (Evangelii Gaudium 120)<\/em><\/strong><\/p>\n<ul>\n<li><strong>Compromiso<\/strong>: En mi tiempo de oraci\u00f3n personal, le pido al Se\u00f1or la luz necesaria para descubrir en qu\u00e9 debo cambiar, cu\u00e1l es la conversi\u00f3n que espera de m\u00ed.<\/li>\n<li>Realizar alguna acci\u00f3n concreta que exprese mi compromiso por el Reino y mi gratitud a Dios por haberme (habernos) llamado a colaborar con \u00c9l.<\/li>\n<\/ul>\n<h2>Oraci\u00f3n final<\/h2>\n<p>Bendito seas, Se\u00f1or Jes\u00fas, porque hoy nos invitas<br \/>\na optar contigo por la espl\u00e9ndida aventura del reino de Dios,<br \/>\nHaz que tu amor desbordante y el momento decisivo que vivimos<br \/>\nnos motiven para crecer m\u00e1s y m\u00e1s como personas y cristianos.<br \/>\nConvi\u00e9rtenos, Se\u00f1or, a los valores perennes de tu reino:<br \/>\nverdad y vida, santidad y gracia, justicia, amor y paz,<br \/>\nY conc\u00e9denos el esp\u00edritu joven del Evangelio para amar m\u00e1s,<br \/>\npara empezar la vida cada ma\u00f1ana,<br \/>\npara que tu Reino venga efectivamente a nosotros. AM\u00c9N.<\/p>\n","protected":false},"excerpt":{"rendered":"<p>Inmediatamente lo siguieron LA PALABRA HOY: Jon\u00e1s 3,1-5.10; Salmo 24; 1 Corintios 7,29-31; Marcos 1,14-20. Ambientaci\u00f3n: Una red o algo que se asemeje a ella, imagen de Jes\u00fas o una cruz. Cantos sugeridos: Pescador de &#8230; <a href=\"http:\/\/vincentians.com\/es\/lectio-para-3o-domingo-de-tiempo-ordinario-preparada-por-chuno-chavez-alva-c-m\/\" class=\"more-link\">Read More<\/a><\/p>\n","protected":false},"author":4,"featured_media":388408,"comment_status":"open","ping_status":"open","sticky":false,"template":"","format":"standard","meta":{"jetpack_post_was_ever_published":false,"_jetpack_newsletter_access":"","_jetpack_dont_email_post_to_subs":false,"_jetpack_newsletter_tier_id":0,"_jetpack_memberships_contains_paywalled_content":false,"_jetpack_memberships_contains_paid_content":false,"footnotes":"","jetpack_publicize_message":"","jetpack_publicize_feature_enabled":true,"jetpack_social_post_already_shared":true,"jetpack_social_options":{"image_generator_settings":{"template":"highway","default_image_id":0,"font":"","enabled":false},"version":2}},"categories":[93],"tags":[],"class_list":["post-135706","post","type-post","status-publish","format-standard","has-post-thumbnail","hentry","category-homilias-y-reflexiones-ano-b"],"yoast_head":"<!-- This site is optimized with the Yoast SEO plugin v26.3 - https:\/\/yoast.com\/wordpress\/plugins\/seo\/ -->\n<title>Lectio para 3\u00ba domingo de T.O. (preparada por Chuno Ch\u00e1vez Alva, C.M.) - Somos Vicencianos<\/title>\n<meta name=\"robots\" content=\"index, follow, max-snippet:-1, max-image-preview:large, max-video-preview:-1\" \/>\n<link rel=\"canonical\" href=\"http:\/\/vincentians.com\/es\/lectio-para-3o-domingo-de-tiempo-ordinario-preparada-por-chuno-chavez-alva-c-m\/\" \/>\n<meta property=\"og:locale\" content=\"es_ES\" \/>\n<meta property=\"og:type\" content=\"article\" \/>\n<meta property=\"og:title\" content=\"Lectio para 3\u00ba domingo de T.O. (preparada por Chuno Ch\u00e1vez Alva, C.M.) - Somos Vicencianos\" \/>\n<meta property=\"og:description\" content=\"Inmediatamente lo siguieron LA PALABRA HOY: Jon\u00e1s 3,1-5.10; Salmo 24; 1 Corintios 7,29-31; Marcos 1,14-20. Ambientaci\u00f3n: Una red o algo que se asemeje a ella, imagen de Jes\u00fas o una cruz. Cantos sugeridos: Pescador de ... Read More\" \/>\n<meta property=\"og:url\" content=\"http:\/\/vincentians.com\/es\/lectio-para-3o-domingo-de-tiempo-ordinario-preparada-por-chuno-chavez-alva-c-m\/\" \/>\n<meta property=\"og:site_name\" content=\"Somos Vicencianos\" \/>\n<meta property=\"article:publisher\" content=\"https:\/\/www.facebook.com\/WeAreVincentians\/\" \/>\n<meta property=\"article:author\" content=\"https:\/\/www.facebook.com\/JavierChento\" \/>\n<meta property=\"article:published_time\" content=\"2015-01-18T18:30:32+00:00\" \/>\n<meta property=\"article:modified_time\" content=\"2016-07-24T08:28:14+00:00\" \/>\n<meta property=\"og:image\" content=\"https:\/\/i0.wp.com\/vincentians.com\/es\/wp-content\/uploads\/sites\/11\/2016\/07\/reflexiones-palabra-de-dios.jpg?fit=1200%2C630\" \/>\n\t<meta property=\"og:image:width\" content=\"1200\" \/>\n\t<meta property=\"og:image:height\" content=\"630\" \/>\n\t<meta property=\"og:image:type\" content=\"image\/jpeg\" \/>\n<meta name=\"author\" content=\"Francisco Javier Fern\u00e1ndez Chento\" \/>\n<meta name=\"twitter:card\" content=\"summary_large_image\" \/>\n<meta name=\"twitter:creator\" content=\"@https:\/\/twitter.com\/javierchento\" \/>\n<meta name=\"twitter:site\" content=\"@WeVincentians\" \/>\n<meta name=\"twitter:label1\" content=\"Escrito por\" \/>\n\t<meta name=\"twitter:data1\" content=\"Francisco Javier Fern\u00e1ndez Chento\" \/>\n\t<meta name=\"twitter:label2\" content=\"Tiempo de lectura\" \/>\n\t<meta name=\"twitter:data2\" content=\"5 minutos\" \/>\n<script type=\"application\/ld+json\" class=\"yoast-schema-graph\">{\"@context\":\"https:\/\/schema.org\",\"@graph\":[{\"@type\":\"Article\",\"@id\":\"http:\/\/vincentians.com\/es\/lectio-para-3o-domingo-de-tiempo-ordinario-preparada-por-chuno-chavez-alva-c-m\/#article\",\"isPartOf\":{\"@id\":\"http:\/\/vincentians.com\/es\/lectio-para-3o-domingo-de-tiempo-ordinario-preparada-por-chuno-chavez-alva-c-m\/\"},\"author\":{\"name\":\"Francisco Javier Fern\u00e1ndez Chento\",\"@id\":\"https:\/\/vincentians.com\/es\/#\/schema\/person\/9623ef4d9aa3b2dfb8c061f1499288f2\"},\"headline\":\"Lectio para 3\u00ba domingo de T.O. (preparada por Chuno Ch\u00e1vez Alva, C.M.)\",\"datePublished\":\"2015-01-18T18:30:32+00:00\",\"dateModified\":\"2016-07-24T08:28:14+00:00\",\"mainEntityOfPage\":{\"@id\":\"http:\/\/vincentians.com\/es\/lectio-para-3o-domingo-de-tiempo-ordinario-preparada-por-chuno-chavez-alva-c-m\/\"},\"wordCount\":1057,\"commentCount\":0,\"publisher\":{\"@id\":\"https:\/\/vincentians.com\/es\/#organization\"},\"image\":{\"@id\":\"http:\/\/vincentians.com\/es\/lectio-para-3o-domingo-de-tiempo-ordinario-preparada-por-chuno-chavez-alva-c-m\/#primaryimage\"},\"thumbnailUrl\":\"https:\/\/i0.wp.com\/vincentians.com\/es\/wp-content\/uploads\/sites\/11\/2016\/07\/reflexiones-palabra-de-dios.jpg?fit=1200%2C630\",\"articleSection\":[\"Homil\u00edas y reflexiones, A\u00f1o B\"],\"inLanguage\":\"es\",\"potentialAction\":[{\"@type\":\"CommentAction\",\"name\":\"Comment\",\"target\":[\"http:\/\/vincentians.com\/es\/lectio-para-3o-domingo-de-tiempo-ordinario-preparada-por-chuno-chavez-alva-c-m\/#respond\"]}]},{\"@type\":\"WebPage\",\"@id\":\"http:\/\/vincentians.com\/es\/lectio-para-3o-domingo-de-tiempo-ordinario-preparada-por-chuno-chavez-alva-c-m\/\",\"url\":\"http:\/\/vincentians.com\/es\/lectio-para-3o-domingo-de-tiempo-ordinario-preparada-por-chuno-chavez-alva-c-m\/\",\"name\":\"Lectio para 3\u00ba domingo de T.O. (preparada por Chuno Ch\u00e1vez Alva, C.M.) - Somos Vicencianos\",\"isPartOf\":{\"@id\":\"https:\/\/vincentians.com\/es\/#website\"},\"primaryImageOfPage\":{\"@id\":\"http:\/\/vincentians.com\/es\/lectio-para-3o-domingo-de-tiempo-ordinario-preparada-por-chuno-chavez-alva-c-m\/#primaryimage\"},\"image\":{\"@id\":\"http:\/\/vincentians.com\/es\/lectio-para-3o-domingo-de-tiempo-ordinario-preparada-por-chuno-chavez-alva-c-m\/#primaryimage\"},\"thumbnailUrl\":\"https:\/\/i0.wp.com\/vincentians.com\/es\/wp-content\/uploads\/sites\/11\/2016\/07\/reflexiones-palabra-de-dios.jpg?fit=1200%2C630\",\"datePublished\":\"2015-01-18T18:30:32+00:00\",\"dateModified\":\"2016-07-24T08:28:14+00:00\",\"breadcrumb\":{\"@id\":\"http:\/\/vincentians.com\/es\/lectio-para-3o-domingo-de-tiempo-ordinario-preparada-por-chuno-chavez-alva-c-m\/#breadcrumb\"},\"inLanguage\":\"es\",\"potentialAction\":[{\"@type\":\"ReadAction\",\"target\":[\"http:\/\/vincentians.com\/es\/lectio-para-3o-domingo-de-tiempo-ordinario-preparada-por-chuno-chavez-alva-c-m\/\"]}]},{\"@type\":\"ImageObject\",\"inLanguage\":\"es\",\"@id\":\"http:\/\/vincentians.com\/es\/lectio-para-3o-domingo-de-tiempo-ordinario-preparada-por-chuno-chavez-alva-c-m\/#primaryimage\",\"url\":\"https:\/\/i0.wp.com\/vincentians.com\/es\/wp-content\/uploads\/sites\/11\/2016\/07\/reflexiones-palabra-de-dios.jpg?fit=1200%2C630\",\"contentUrl\":\"https:\/\/i0.wp.com\/vincentians.com\/es\/wp-content\/uploads\/sites\/11\/2016\/07\/reflexiones-palabra-de-dios.jpg?fit=1200%2C630\",\"width\":1200,\"height\":630},{\"@type\":\"BreadcrumbList\",\"@id\":\"http:\/\/vincentians.com\/es\/lectio-para-3o-domingo-de-tiempo-ordinario-preparada-por-chuno-chavez-alva-c-m\/#breadcrumb\",\"itemListElement\":[{\"@type\":\"ListItem\",\"position\":1,\"name\":\"Portada\",\"item\":\"https:\/\/vincentians.com\/es\/\"},{\"@type\":\"ListItem\",\"position\":2,\"name\":\"Lectio para 3\u00ba domingo de T.O. (preparada por Chuno Ch\u00e1vez Alva, C.M.)\"}]},{\"@type\":\"WebSite\",\"@id\":\"https:\/\/vincentians.com\/es\/#website\",\"url\":\"https:\/\/vincentians.com\/es\/\",\"name\":\"Somos Vicencianos\",\"description\":\"Know more to serve more\",\"publisher\":{\"@id\":\"https:\/\/vincentians.com\/es\/#organization\"},\"potentialAction\":[{\"@type\":\"SearchAction\",\"target\":{\"@type\":\"EntryPoint\",\"urlTemplate\":\"https:\/\/vincentians.com\/es\/?s={search_term_string}\"},\"query-input\":{\"@type\":\"PropertyValueSpecification\",\"valueRequired\":true,\"valueName\":\"search_term_string\"}}],\"inLanguage\":\"es\"},{\"@type\":\"Organization\",\"@id\":\"https:\/\/vincentians.com\/es\/#organization\",\"name\":\"The Vincentian Network\",\"url\":\"https:\/\/vincentians.com\/es\/\",\"logo\":{\"@type\":\"ImageObject\",\"inLanguage\":\"es\",\"@id\":\"https:\/\/vincentians.com\/es\/#\/schema\/logo\/image\/\",\"url\":\"https:\/\/i1.wp.com\/vincentians.com\/es\/wp-content\/uploads\/sites\/11\/2016\/06\/Vincentian-Network-logo-big.png?fit=778%2C778\",\"contentUrl\":\"https:\/\/i1.wp.com\/vincentians.com\/es\/wp-content\/uploads\/sites\/11\/2016\/06\/Vincentian-Network-logo-big.png?fit=778%2C778\",\"width\":778,\"height\":778,\"caption\":\"The Vincentian Network\"},\"image\":{\"@id\":\"https:\/\/vincentians.com\/es\/#\/schema\/logo\/image\/\"},\"sameAs\":[\"https:\/\/www.facebook.com\/WeAreVincentians\/\",\"https:\/\/x.com\/WeVincentians\"]},{\"@type\":\"Person\",\"@id\":\"https:\/\/vincentians.com\/es\/#\/schema\/person\/9623ef4d9aa3b2dfb8c061f1499288f2\",\"name\":\"Francisco Javier Fern\u00e1ndez Chento\",\"image\":{\"@type\":\"ImageObject\",\"inLanguage\":\"es\",\"@id\":\"https:\/\/vincentians.com\/es\/#\/schema\/person\/image\/\",\"url\":\"https:\/\/secure.gravatar.com\/avatar\/497d5cde87b4c3d097d0315953521681ba2cd523ee66e5077c3711f7021e65de?s=96&d=mm&r=g\",\"contentUrl\":\"https:\/\/secure.gravatar.com\/avatar\/497d5cde87b4c3d097d0315953521681ba2cd523ee66e5077c3711f7021e65de?s=96&d=mm&r=g\",\"caption\":\"Francisco Javier Fern\u00e1ndez Chento\"},\"description\":\"Director General y cofundador de La Red de Formaci\u00f3n Vicenciana. Javier es laico vicenciano, afiliado a la Congregaci\u00f3n de la Misi\u00f3n y miembro del Equipo de Misiones Populares de la provincia can\u00f3nica de Zaragoza (Espa\u00f1a) de la Congregaci\u00f3n de la Misi\u00f3n. Graduado en la Universidad Oberta de Catalunya con cuatro grados (Asistente de direcci\u00f3n, Gesti\u00f3n Administrativa, Recursos Humanos y Contabilidad Avanzada). Bil\u00edng\u00fce Espa\u00f1ol\/Ingl\u00e9s. gestiona y mantiene varias p\u00e1ginas web cristianas y vicencianas, incluida including La Red de Formaci\u00f3n Vicenciana, de la que es cofundador. Actualmente es responsable del \u00e1rea de Espa\u00f1ol de .famvin, la Red de Noticias de la Familia Vicenciana. Tambi\u00e9n es m\u00fasico cat\u00f3lico y ha editado varios discos. Es Director General y cofundador de Trovador, una reconocida compa\u00f1\u00eda discogr\u00e1fica critiana de Espa\u00f1a. Trabaja en las Tecnolog\u00edas de la Informaci\u00f3n, ofreciendo servicios de alojamiento, dise\u00f1o y mantenimiento Web, as\u00ed como asesoramiento, formaci\u00f3n y soluciones inform\u00e1ticas, gesti\u00f3n documental y digitalizaci\u00f3n de textos, edici\u00f3n y maquetaci\u00f3n de libros, revistas, flyers, etc.\",\"sameAs\":[\"http:\/\/chento.org\",\"https:\/\/www.facebook.com\/JavierChento\",\"https:\/\/x.com\/https:\/\/twitter.com\/javierchento\"],\"url\":\"http:\/\/vincentians.com\/es\/author\/chento\/\"}]}<\/script>\n<!-- \/ Yoast SEO plugin. -->","yoast_head_json":{"title":"Lectio para 3\u00ba domingo de T.O. (preparada por Chuno Ch\u00e1vez Alva, C.M.) - Somos Vicencianos","robots":{"index":"index","follow":"follow","max-snippet":"max-snippet:-1","max-image-preview":"max-image-preview:large","max-video-preview":"max-video-preview:-1"},"canonical":"http:\/\/vincentians.com\/es\/lectio-para-3o-domingo-de-tiempo-ordinario-preparada-por-chuno-chavez-alva-c-m\/","og_locale":"es_ES","og_type":"article","og_title":"Lectio para 3\u00ba domingo de T.O. (preparada por Chuno Ch\u00e1vez Alva, C.M.) - Somos Vicencianos","og_description":"Inmediatamente lo siguieron LA PALABRA HOY: Jon\u00e1s 3,1-5.10; Salmo 24; 1 Corintios 7,29-31; Marcos 1,14-20. Ambientaci\u00f3n: Una red o algo que se asemeje a ella, imagen de Jes\u00fas o una cruz. Cantos sugeridos: Pescador de ... Read More","og_url":"http:\/\/vincentians.com\/es\/lectio-para-3o-domingo-de-tiempo-ordinario-preparada-por-chuno-chavez-alva-c-m\/","og_site_name":"Somos Vicencianos","article_publisher":"https:\/\/www.facebook.com\/WeAreVincentians\/","article_author":"https:\/\/www.facebook.com\/JavierChento","article_published_time":"2015-01-18T18:30:32+00:00","article_modified_time":"2016-07-24T08:28:14+00:00","og_image":[{"width":1200,"height":630,"url":"https:\/\/i0.wp.com\/vincentians.com\/es\/wp-content\/uploads\/sites\/11\/2016\/07\/reflexiones-palabra-de-dios.jpg?fit=1200%2C630","type":"image\/jpeg"}],"author":"Francisco Javier Fern\u00e1ndez Chento","twitter_card":"summary_large_image","twitter_creator":"@https:\/\/twitter.com\/javierchento","twitter_site":"@WeVincentians","twitter_misc":{"Escrito por":"Francisco Javier Fern\u00e1ndez Chento","Tiempo de lectura":"5 minutos"},"schema":{"@context":"https:\/\/schema.org","@graph":[{"@type":"Article","@id":"http:\/\/vincentians.com\/es\/lectio-para-3o-domingo-de-tiempo-ordinario-preparada-por-chuno-chavez-alva-c-m\/#article","isPartOf":{"@id":"http:\/\/vincentians.com\/es\/lectio-para-3o-domingo-de-tiempo-ordinario-preparada-por-chuno-chavez-alva-c-m\/"},"author":{"name":"Francisco Javier Fern\u00e1ndez Chento","@id":"https:\/\/vincentians.com\/es\/#\/schema\/person\/9623ef4d9aa3b2dfb8c061f1499288f2"},"headline":"Lectio para 3\u00ba domingo de T.O. (preparada por Chuno Ch\u00e1vez Alva, C.M.)","datePublished":"2015-01-18T18:30:32+00:00","dateModified":"2016-07-24T08:28:14+00:00","mainEntityOfPage":{"@id":"http:\/\/vincentians.com\/es\/lectio-para-3o-domingo-de-tiempo-ordinario-preparada-por-chuno-chavez-alva-c-m\/"},"wordCount":1057,"commentCount":0,"publisher":{"@id":"https:\/\/vincentians.com\/es\/#organization"},"image":{"@id":"http:\/\/vincentians.com\/es\/lectio-para-3o-domingo-de-tiempo-ordinario-preparada-por-chuno-chavez-alva-c-m\/#primaryimage"},"thumbnailUrl":"https:\/\/i0.wp.com\/vincentians.com\/es\/wp-content\/uploads\/sites\/11\/2016\/07\/reflexiones-palabra-de-dios.jpg?fit=1200%2C630","articleSection":["Homil\u00edas y reflexiones, A\u00f1o B"],"inLanguage":"es","potentialAction":[{"@type":"CommentAction","name":"Comment","target":["http:\/\/vincentians.com\/es\/lectio-para-3o-domingo-de-tiempo-ordinario-preparada-por-chuno-chavez-alva-c-m\/#respond"]}]},{"@type":"WebPage","@id":"http:\/\/vincentians.com\/es\/lectio-para-3o-domingo-de-tiempo-ordinario-preparada-por-chuno-chavez-alva-c-m\/","url":"http:\/\/vincentians.com\/es\/lectio-para-3o-domingo-de-tiempo-ordinario-preparada-por-chuno-chavez-alva-c-m\/","name":"Lectio para 3\u00ba domingo de T.O. (preparada por Chuno Ch\u00e1vez Alva, C.M.) - Somos Vicencianos","isPartOf":{"@id":"https:\/\/vincentians.com\/es\/#website"},"primaryImageOfPage":{"@id":"http:\/\/vincentians.com\/es\/lectio-para-3o-domingo-de-tiempo-ordinario-preparada-por-chuno-chavez-alva-c-m\/#primaryimage"},"image":{"@id":"http:\/\/vincentians.com\/es\/lectio-para-3o-domingo-de-tiempo-ordinario-preparada-por-chuno-chavez-alva-c-m\/#primaryimage"},"thumbnailUrl":"https:\/\/i0.wp.com\/vincentians.com\/es\/wp-content\/uploads\/sites\/11\/2016\/07\/reflexiones-palabra-de-dios.jpg?fit=1200%2C630","datePublished":"2015-01-18T18:30:32+00:00","dateModified":"2016-07-24T08:28:14+00:00","breadcrumb":{"@id":"http:\/\/vincentians.com\/es\/lectio-para-3o-domingo-de-tiempo-ordinario-preparada-por-chuno-chavez-alva-c-m\/#breadcrumb"},"inLanguage":"es","potentialAction":[{"@type":"ReadAction","target":["http:\/\/vincentians.com\/es\/lectio-para-3o-domingo-de-tiempo-ordinario-preparada-por-chuno-chavez-alva-c-m\/"]}]},{"@type":"ImageObject","inLanguage":"es","@id":"http:\/\/vincentians.com\/es\/lectio-para-3o-domingo-de-tiempo-ordinario-preparada-por-chuno-chavez-alva-c-m\/#primaryimage","url":"https:\/\/i0.wp.com\/vincentians.com\/es\/wp-content\/uploads\/sites\/11\/2016\/07\/reflexiones-palabra-de-dios.jpg?fit=1200%2C630","contentUrl":"https:\/\/i0.wp.com\/vincentians.com\/es\/wp-content\/uploads\/sites\/11\/2016\/07\/reflexiones-palabra-de-dios.jpg?fit=1200%2C630","width":1200,"height":630},{"@type":"BreadcrumbList","@id":"http:\/\/vincentians.com\/es\/lectio-para-3o-domingo-de-tiempo-ordinario-preparada-por-chuno-chavez-alva-c-m\/#breadcrumb","itemListElement":[{"@type":"ListItem","position":1,"name":"Portada","item":"https:\/\/vincentians.com\/es\/"},{"@type":"ListItem","position":2,"name":"Lectio para 3\u00ba domingo de T.O. (preparada por Chuno Ch\u00e1vez Alva, C.M.)"}]},{"@type":"WebSite","@id":"https:\/\/vincentians.com\/es\/#website","url":"https:\/\/vincentians.com\/es\/","name":"Somos Vicencianos","description":"Know more to serve more","publisher":{"@id":"https:\/\/vincentians.com\/es\/#organization"},"potentialAction":[{"@type":"SearchAction","target":{"@type":"EntryPoint","urlTemplate":"https:\/\/vincentians.com\/es\/?s={search_term_string}"},"query-input":{"@type":"PropertyValueSpecification","valueRequired":true,"valueName":"search_term_string"}}],"inLanguage":"es"},{"@type":"Organization","@id":"https:\/\/vincentians.com\/es\/#organization","name":"The Vincentian Network","url":"https:\/\/vincentians.com\/es\/","logo":{"@type":"ImageObject","inLanguage":"es","@id":"https:\/\/vincentians.com\/es\/#\/schema\/logo\/image\/","url":"https:\/\/i1.wp.com\/vincentians.com\/es\/wp-content\/uploads\/sites\/11\/2016\/06\/Vincentian-Network-logo-big.png?fit=778%2C778","contentUrl":"https:\/\/i1.wp.com\/vincentians.com\/es\/wp-content\/uploads\/sites\/11\/2016\/06\/Vincentian-Network-logo-big.png?fit=778%2C778","width":778,"height":778,"caption":"The Vincentian Network"},"image":{"@id":"https:\/\/vincentians.com\/es\/#\/schema\/logo\/image\/"},"sameAs":["https:\/\/www.facebook.com\/WeAreVincentians\/","https:\/\/x.com\/WeVincentians"]},{"@type":"Person","@id":"https:\/\/vincentians.com\/es\/#\/schema\/person\/9623ef4d9aa3b2dfb8c061f1499288f2","name":"Francisco Javier Fern\u00e1ndez Chento","image":{"@type":"ImageObject","inLanguage":"es","@id":"https:\/\/vincentians.com\/es\/#\/schema\/person\/image\/","url":"https:\/\/secure.gravatar.com\/avatar\/497d5cde87b4c3d097d0315953521681ba2cd523ee66e5077c3711f7021e65de?s=96&d=mm&r=g","contentUrl":"https:\/\/secure.gravatar.com\/avatar\/497d5cde87b4c3d097d0315953521681ba2cd523ee66e5077c3711f7021e65de?s=96&d=mm&r=g","caption":"Francisco Javier Fern\u00e1ndez Chento"},"description":"Director General y cofundador de La Red de Formaci\u00f3n Vicenciana. Javier es laico vicenciano, afiliado a la Congregaci\u00f3n de la Misi\u00f3n y miembro del Equipo de Misiones Populares de la provincia can\u00f3nica de Zaragoza (Espa\u00f1a) de la Congregaci\u00f3n de la Misi\u00f3n. Graduado en la Universidad Oberta de Catalunya con cuatro grados (Asistente de direcci\u00f3n, Gesti\u00f3n Administrativa, Recursos Humanos y Contabilidad Avanzada). Bil\u00edng\u00fce Espa\u00f1ol\/Ingl\u00e9s. gestiona y mantiene varias p\u00e1ginas web cristianas y vicencianas, incluida including La Red de Formaci\u00f3n Vicenciana, de la que es cofundador. Actualmente es responsable del \u00e1rea de Espa\u00f1ol de .famvin, la Red de Noticias de la Familia Vicenciana. Tambi\u00e9n es m\u00fasico cat\u00f3lico y ha editado varios discos. Es Director General y cofundador de Trovador, una reconocida compa\u00f1\u00eda discogr\u00e1fica critiana de Espa\u00f1a. Trabaja en las Tecnolog\u00edas de la Informaci\u00f3n, ofreciendo servicios de alojamiento, dise\u00f1o y mantenimiento Web, as\u00ed como asesoramiento, formaci\u00f3n y soluciones inform\u00e1ticas, gesti\u00f3n documental y digitalizaci\u00f3n de textos, edici\u00f3n y maquetaci\u00f3n de libros, revistas, flyers, etc.","sameAs":["http:\/\/chento.org","https:\/\/www.facebook.com\/JavierChento","https:\/\/x.com\/https:\/\/twitter.com\/javierchento"],"url":"http:\/\/vincentians.com\/es\/author\/chento\/"}]}},"jetpack_publicize_connections":[],"jetpack_featured_media_url":"https:\/\/i0.wp.com\/vincentians.com\/es\/wp-content\/uploads\/sites\/11\/2016\/07\/reflexiones-palabra-de-dios.jpg?fit=1200%2C630","jetpack_sharing_enabled":true,"jetpack_shortlink":"https:\/\/wp.me\/p7ETMF-ziO","jetpack-related-posts":[{"id":139300,"url":"http:\/\/vincentians.com\/es\/lectio-para-1o-domingo-de-cuaresma-preparada-por-chuno-chavez-alva-c-m\/","url_meta":{"origin":135706,"position":0},"title":"Lectio para 1\u00ba domingo de Cuaresma (preparada por Chuno Ch\u00e1vez Alva, C.M.)","author":"Francisco Javier Fern\u00e1ndez Chento","date":"16\/02\/2015","format":false,"excerpt":"Convi\u00e9rtanse y crean en el Evangelio... LA PALABRA HOY: G\u00e9nesis 9,8-15; Salmo 24; 1 Pedro 3,18-22; Marcos 1, 12-15 Ambientaci\u00f3n: Para toda la cuaresma: una Cruz. Para esta semana: pu\u00f1ados de arena con carteles de las tentaciones de nuestro tiempo: consumismo, poder, aparentar\u2026 Cantos sugeridos: Nos has llamado al desierto;\u2026","rel":"","context":"En \u00abHomil\u00edas y reflexiones, A\u00f1o B\u00bb","block_context":{"text":"Homil\u00edas y reflexiones, A\u00f1o B","link":"http:\/\/vincentians.com\/es\/category\/homilias-y-reflexiones-a-la-palabra-de-dios\/homilias-y-reflexiones-ano-b\/"},"img":{"alt_text":"","src":"https:\/\/i0.wp.com\/vincentians.com\/es\/wp-content\/uploads\/sites\/11\/2016\/07\/reflexiones-palabra-de-dios.jpg?fit=1200%2C630&resize=350%2C200","width":350,"height":200,"srcset":"https:\/\/i0.wp.com\/vincentians.com\/es\/wp-content\/uploads\/sites\/11\/2016\/07\/reflexiones-palabra-de-dios.jpg?fit=1200%2C630&resize=350%2C200 1x, https:\/\/i0.wp.com\/vincentians.com\/es\/wp-content\/uploads\/sites\/11\/2016\/07\/reflexiones-palabra-de-dios.jpg?fit=1200%2C630&resize=525%2C300 1.5x, https:\/\/i0.wp.com\/vincentians.com\/es\/wp-content\/uploads\/sites\/11\/2016\/07\/reflexiones-palabra-de-dios.jpg?fit=1200%2C630&resize=700%2C400 2x, https:\/\/i0.wp.com\/vincentians.com\/es\/wp-content\/uploads\/sites\/11\/2016\/07\/reflexiones-palabra-de-dios.jpg?fit=1200%2C630&resize=1050%2C600 3x"},"classes":[]},{"id":141747,"url":"http:\/\/vincentians.com\/es\/lectio-para-5o-domingo-de-cuaresma-preparada-por-chuno-chavez-alva-c-m\/","url_meta":{"origin":135706,"position":1},"title":"Lectio para 5\u00ba domingo de Cuaresma (preparada por Chuno Ch\u00e1vez Alva, C.M.)","author":"Francisco Javier Fern\u00e1ndez Chento","date":"16\/03\/2015","format":false,"excerpt":"Si el grano de trigo no cae y muere... LA PALABRA HOY: Jerem\u00edas 31,31-34; Salmo 50; Hebreos 5,7-9; Juan 12, 20-33 Ambientaci\u00f3n: Cruz, espigas, granos de trigo Cantos sugeridos: En mi Getseman\u00ed; Victoria, t\u00fa reinar\u00e1s Ambientaci\u00f3n La Alianza nueva y definitiva es el tema que hoy se nos propone como\u2026","rel":"","context":"En \u00abHomil\u00edas y reflexiones, A\u00f1o B\u00bb","block_context":{"text":"Homil\u00edas y reflexiones, A\u00f1o B","link":"http:\/\/vincentians.com\/es\/category\/homilias-y-reflexiones-a-la-palabra-de-dios\/homilias-y-reflexiones-ano-b\/"},"img":{"alt_text":"","src":"https:\/\/i0.wp.com\/vincentians.com\/es\/wp-content\/uploads\/sites\/11\/2016\/07\/reflexiones-palabra-de-dios.jpg?fit=1200%2C630&resize=350%2C200","width":350,"height":200,"srcset":"https:\/\/i0.wp.com\/vincentians.com\/es\/wp-content\/uploads\/sites\/11\/2016\/07\/reflexiones-palabra-de-dios.jpg?fit=1200%2C630&resize=350%2C200 1x, https:\/\/i0.wp.com\/vincentians.com\/es\/wp-content\/uploads\/sites\/11\/2016\/07\/reflexiones-palabra-de-dios.jpg?fit=1200%2C630&resize=525%2C300 1.5x, https:\/\/i0.wp.com\/vincentians.com\/es\/wp-content\/uploads\/sites\/11\/2016\/07\/reflexiones-palabra-de-dios.jpg?fit=1200%2C630&resize=700%2C400 2x, https:\/\/i0.wp.com\/vincentians.com\/es\/wp-content\/uploads\/sites\/11\/2016\/07\/reflexiones-palabra-de-dios.jpg?fit=1200%2C630&resize=1050%2C600 3x"},"classes":[]},{"id":163750,"url":"http:\/\/vincentians.com\/es\/lectio-para-corpus-christi-preparada-por-chuno-chavez-alva-c-m\/","url_meta":{"origin":135706,"position":2},"title":"Lectio para Corpus Christi (preparada por Chuno Ch\u00e1vez Alva, C.M.)","author":"Francisco Javier Fern\u00e1ndez Chento","date":"03\/06\/2015","format":false,"excerpt":"Esto es mi cuerpo... \u00c9sta es mi sangre... LA PALABRA HOY: \u00c9xodo 24,3-8; Salmo 115; Hebreos 9,11-15; Marcos 14, 12-16.22-26 Ambientaci\u00f3n: Un pan grande, adornado con algunas espigas, el cual se compartir\u00e1 al final entre los participantes. Cantos sugeridos: En su mesa hay amor; Cantemos al amor de los amores\u2026","rel":"","context":"En \u00abHomil\u00edas y reflexiones, A\u00f1o B\u00bb","block_context":{"text":"Homil\u00edas y reflexiones, A\u00f1o B","link":"http:\/\/vincentians.com\/es\/category\/homilias-y-reflexiones-a-la-palabra-de-dios\/homilias-y-reflexiones-ano-b\/"},"img":{"alt_text":"","src":"https:\/\/i0.wp.com\/vincentians.com\/es\/wp-content\/uploads\/sites\/11\/2016\/07\/reflexiones-palabra-de-dios.jpg?fit=1200%2C630&resize=350%2C200","width":350,"height":200,"srcset":"https:\/\/i0.wp.com\/vincentians.com\/es\/wp-content\/uploads\/sites\/11\/2016\/07\/reflexiones-palabra-de-dios.jpg?fit=1200%2C630&resize=350%2C200 1x, https:\/\/i0.wp.com\/vincentians.com\/es\/wp-content\/uploads\/sites\/11\/2016\/07\/reflexiones-palabra-de-dios.jpg?fit=1200%2C630&resize=525%2C300 1.5x, https:\/\/i0.wp.com\/vincentians.com\/es\/wp-content\/uploads\/sites\/11\/2016\/07\/reflexiones-palabra-de-dios.jpg?fit=1200%2C630&resize=700%2C400 2x, https:\/\/i0.wp.com\/vincentians.com\/es\/wp-content\/uploads\/sites\/11\/2016\/07\/reflexiones-palabra-de-dios.jpg?fit=1200%2C630&resize=1050%2C600 3x"},"classes":[]},{"id":140738,"url":"http:\/\/vincentians.com\/es\/lectio-para-2o-domingo-de-cuaresma-preparada-por-chuno-chavez-alva-c-m\/","url_meta":{"origin":135706,"position":3},"title":"Lectio para 2\u00ba domingo de Cuaresma (preparada por Chuno Ch\u00e1vez Alva, C.M.)","author":"Francisco Javier Fern\u00e1ndez Chento","date":"23\/02\/2015","format":false,"excerpt":"Se transfigur\u00f3 ante ellos LA PALABRA HOY: G\u00e9nesis 22,1-2.9.15-18; Salmo 115; Romanos 8,31-34; Marcos 9, 2-10 Ambientaci\u00f3n: Imagen de Jes\u00fas (resucitado, de la Misericordia). Alrededor papeles con los siguiente rasgos de Jes\u00fas: amor \u2013 entrega \u2013 perd\u00f3n \u2013 conversi\u00f3n \u2013 vida \u2013 sanaci\u00f3n \u2013 acogida \u2013 compasi\u00f3n \u2013 ternura \u2013\u2026","rel":"","context":"En \u00abHomil\u00edas y reflexiones, A\u00f1o B\u00bb","block_context":{"text":"Homil\u00edas y reflexiones, A\u00f1o B","link":"http:\/\/vincentians.com\/es\/category\/homilias-y-reflexiones-a-la-palabra-de-dios\/homilias-y-reflexiones-ano-b\/"},"img":{"alt_text":"","src":"https:\/\/i0.wp.com\/vincentians.com\/es\/wp-content\/uploads\/sites\/11\/2016\/07\/reflexiones-palabra-de-dios.jpg?fit=1200%2C630&resize=350%2C200","width":350,"height":200,"srcset":"https:\/\/i0.wp.com\/vincentians.com\/es\/wp-content\/uploads\/sites\/11\/2016\/07\/reflexiones-palabra-de-dios.jpg?fit=1200%2C630&resize=350%2C200 1x, https:\/\/i0.wp.com\/vincentians.com\/es\/wp-content\/uploads\/sites\/11\/2016\/07\/reflexiones-palabra-de-dios.jpg?fit=1200%2C630&resize=525%2C300 1.5x, https:\/\/i0.wp.com\/vincentians.com\/es\/wp-content\/uploads\/sites\/11\/2016\/07\/reflexiones-palabra-de-dios.jpg?fit=1200%2C630&resize=700%2C400 2x, https:\/\/i0.wp.com\/vincentians.com\/es\/wp-content\/uploads\/sites\/11\/2016\/07\/reflexiones-palabra-de-dios.jpg?fit=1200%2C630&resize=1050%2C600 3x"},"classes":[]},{"id":169007,"url":"http:\/\/vincentians.com\/es\/lectio-para-11o-domingo-de-t-o-preparada-por-chuno-chavez-alva-c-m\/","url_meta":{"origin":135706,"position":4},"title":"Lectio para 11\u00ba Domingo de T.O. (preparada por Chuno Ch\u00e1vez Alva, C.M.)","author":"Francisco Javier Fern\u00e1ndez Chento","date":"09\/06\/2015","format":false,"excerpt":"Es la m\u00e1s peque\u00f1a de todas las semillas... LA PALABRA HOY: Ezequiel 17,22-24; Salmo 91; 2 Corintios 5,6-10; Marcos 4,26-34 Ambientaci\u00f3n: Al centro, una bandeja con semillas; plantas. Frase: El Reino se parece a una semilla\u2026 Cantos sugeridos: Sois la semilla Ambientaci\u00f3n Predicar el Reino de Dios fue la ocupaci\u00f3n\u2026","rel":"","context":"En \u00abHomil\u00edas y reflexiones, A\u00f1o B\u00bb","block_context":{"text":"Homil\u00edas y reflexiones, A\u00f1o B","link":"http:\/\/vincentians.com\/es\/category\/homilias-y-reflexiones-a-la-palabra-de-dios\/homilias-y-reflexiones-ano-b\/"},"img":{"alt_text":"","src":"https:\/\/i0.wp.com\/vincentians.com\/es\/wp-content\/uploads\/sites\/11\/2016\/07\/reflexiones-palabra-de-dios.jpg?fit=1200%2C630&resize=350%2C200","width":350,"height":200,"srcset":"https:\/\/i0.wp.com\/vincentians.com\/es\/wp-content\/uploads\/sites\/11\/2016\/07\/reflexiones-palabra-de-dios.jpg?fit=1200%2C630&resize=350%2C200 1x, https:\/\/i0.wp.com\/vincentians.com\/es\/wp-content\/uploads\/sites\/11\/2016\/07\/reflexiones-palabra-de-dios.jpg?fit=1200%2C630&resize=525%2C300 1.5x, https:\/\/i0.wp.com\/vincentians.com\/es\/wp-content\/uploads\/sites\/11\/2016\/07\/reflexiones-palabra-de-dios.jpg?fit=1200%2C630&resize=700%2C400 2x, https:\/\/i0.wp.com\/vincentians.com\/es\/wp-content\/uploads\/sites\/11\/2016\/07\/reflexiones-palabra-de-dios.jpg?fit=1200%2C630&resize=1050%2C600 3x"},"classes":[]},{"id":134218,"url":"http:\/\/vincentians.com\/es\/epifania-del-senor-preparada-por-chuno-chavez-alva-c-m\/","url_meta":{"origin":135706,"position":5},"title":"Epifan\u00eda del Se\u00f1or (preparada por Chuno Ch\u00e1vez Alva, C.M.)","author":"Francisco Javier Fern\u00e1ndez Chento","date":"31\/12\/2014","format":false,"excerpt":"Hemos visto su estrella LA PALABRA HOY: Isa\u00edas 60, 1-6; Salmo 71; Efesios 3, 2-3.5-6; Mateo 2, 1-12 Ambientaci\u00f3n: Imagen del Ni\u00f1o Jes\u00fas, delante cajas envueltas en papel de regalo Cantos sugeridos: Esa estrella que ha nacido; Tres magos llegan de Oriente. Ambientaci\u00f3n En la fiesta de la Epifan\u00eda celebramos\u2026","rel":"","context":"En \u00abHomil\u00edas y reflexiones, A\u00f1o B\u00bb","block_context":{"text":"Homil\u00edas y reflexiones, A\u00f1o B","link":"http:\/\/vincentians.com\/es\/category\/homilias-y-reflexiones-a-la-palabra-de-dios\/homilias-y-reflexiones-ano-b\/"},"img":{"alt_text":"","src":"https:\/\/i0.wp.com\/vincentians.com\/es\/wp-content\/uploads\/sites\/11\/2016\/07\/reflexiones-palabra-de-dios.jpg?fit=1200%2C630&resize=350%2C200","width":350,"height":200,"srcset":"https:\/\/i0.wp.com\/vincentians.com\/es\/wp-content\/uploads\/sites\/11\/2016\/07\/reflexiones-palabra-de-dios.jpg?fit=1200%2C630&resize=350%2C200 1x, https:\/\/i0.wp.com\/vincentians.com\/es\/wp-content\/uploads\/sites\/11\/2016\/07\/reflexiones-palabra-de-dios.jpg?fit=1200%2C630&resize=525%2C300 1.5x, https:\/\/i0.wp.com\/vincentians.com\/es\/wp-content\/uploads\/sites\/11\/2016\/07\/reflexiones-palabra-de-dios.jpg?fit=1200%2C630&resize=700%2C400 2x, https:\/\/i0.wp.com\/vincentians.com\/es\/wp-content\/uploads\/sites\/11\/2016\/07\/reflexiones-palabra-de-dios.jpg?fit=1200%2C630&resize=1050%2C600 3x"},"classes":[]}],"_links":{"self":[{"href":"http:\/\/vincentians.com\/es\/wp-json\/wp\/v2\/posts\/135706","targetHints":{"allow":["GET"]}}],"collection":[{"href":"http:\/\/vincentians.com\/es\/wp-json\/wp\/v2\/posts"}],"about":[{"href":"http:\/\/vincentians.com\/es\/wp-json\/wp\/v2\/types\/post"}],"author":[{"embeddable":true,"href":"http:\/\/vincentians.com\/es\/wp-json\/wp\/v2\/users\/4"}],"replies":[{"embeddable":true,"href":"http:\/\/vincentians.com\/es\/wp-json\/wp\/v2\/comments?post=135706"}],"version-history":[{"count":0,"href":"http:\/\/vincentians.com\/es\/wp-json\/wp\/v2\/posts\/135706\/revisions"}],"wp:featuredmedia":[{"embeddable":true,"href":"http:\/\/vincentians.com\/es\/wp-json\/wp\/v2\/media\/388408"}],"wp:attachment":[{"href":"http:\/\/vincentians.com\/es\/wp-json\/wp\/v2\/media?parent=135706"}],"wp:term":[{"taxonomy":"category","embeddable":true,"href":"http:\/\/vincentians.com\/es\/wp-json\/wp\/v2\/categories?post=135706"},{"taxonomy":"post_tag","embeddable":true,"href":"http:\/\/vincentians.com\/es\/wp-json\/wp\/v2\/tags?post=135706"}],"curies":[{"name":"wp","href":"https:\/\/api.w.org\/{rel}","templated":true}]}}