{"id":135670,"date":"2012-01-21T18:45:39","date_gmt":"2012-01-21T17:45:39","guid":{"rendered":"http:\/\/somos.vicencianos.org\/comentarios\/?p=1236"},"modified":"2016-07-24T10:29:59","modified_gmt":"2016-07-24T08:29:59","slug":"3o-domingo-de-t-o-reflexion-de-mario-yepez-c-m","status":"publish","type":"post","link":"http:\/\/vincentians.com\/es\/3o-domingo-de-t-o-reflexion-de-mario-yepez-c-m\/","title":{"rendered":"3\u00ba domingo de T.O. (reflexi\u00f3n de Mario Y\u00e9pez, C.M.)"},"content":{"rendered":"<p><a href=\"https:\/\/i0.wp.com\/vicencianos.org\/wp-content\/2010\/12\/padre-mario.jpg\"><img data-recalc-dims=\"1\" loading=\"lazy\" decoding=\"async\" class=\"alignright size-full wp-image-95\" src=\"https:\/\/i0.wp.com\/vicencianos.org\/wp-content\/2010\/12\/padre-mario.jpg?resize=224%2C239\" alt=\"padre-mario\" width=\"224\" height=\"239\" \/><\/a>A diferencia de los dem\u00e1s evangelios, el evangelista Marcos elabora al comienzo de su narraci\u00f3n una presentaci\u00f3n de la persona de Jes\u00fas sin recurrir a relatos de su infancia o apelando a un himno que hable sobre su origen divino. Para \u00e9l, es preciso hilvanar el misterio de la identidad de Jes\u00fas desde el esquema: afirmaci\u00f3n-negaci\u00f3n-reafirmaci\u00f3n (el conocido secreto mesi\u00e1nico de Marcos). Por ello, los que est\u00e1n llamados a realizar esta identificaci\u00f3n se convierten tambi\u00e9n en protagonistas de esta narraci\u00f3n, es decir, sus disc\u00edpulos. Marcos inici\u00f3 su evangelio confirmando de qui\u00e9n se tratar\u00eda el mismo: Jes\u00fas, el Cristo, Hijo de Dios (1,1) y lo presenta como tal desde la teofan\u00eda de su bautismo: \u201cT\u00fa eres mi Hijo amado, en ti me complazco\u201d.<\/p>\n<p>Es desde aqu\u00ed, donde se teje la trama del reconocimiento de Jes\u00fas como el Hijo de Dios por parte de quienes se sienten motivados a seguirlo dentro de un contexto teol\u00f3gico y que no est\u00e1 ajeno al hist\u00f3rico. Por ello, Jes\u00fas proclama que el \u201ctiempo se ha cumplido y el Reino de Dios se ha acercado\u201d.<\/p>\n<p>Este tiempo no es uno cualquiera; no es el que est\u00e1 preso en el esquema presente, pasado, futuro; es un \u201cmomento oportuno\u201d, es un tiempo de salvaci\u00f3n, el momento en que Dios irrumpe en la historia y abre una nueva etapa para el hombre.<\/p>\n<p>La imagen del reino de Dios siempre se ha entendido en Israel como la aceptaci\u00f3n de su soberan\u00eda sobre toda la creaci\u00f3n y el reconocimiento del mismo por su pueblo y por toda la humanidad, insistencia muy propia del profetismo como nos lo recuerda el pasaje de Jon\u00e1s preparado por la liturgia dominical. Sabemos que la historia de Jon\u00e1s parece m\u00e1s una historia ejemplar que un libro meramente prof\u00e9tico y recoge el sentir de la misericordia de Dios que se extiende a todos los pueblos por lo que se cita a N\u00ednive, capital del imperio asirio, que acoge la proclamaci\u00f3n del dif\u00edcil Jon\u00e1s, resultando m\u00e1s bien para \u00e9l, una lecci\u00f3n de lo que significa plenamente la misi\u00f3n del profeta. Por ello, si la salvaci\u00f3n pudo ser buena noticia para Israel, \u00bfpor qu\u00e9 no lo podr\u00eda ser para las naciones paganas?<\/p>\n<p>Es Jes\u00fas quien trae esta buena noticia (evangelio), por lo que se hace necesario una disposici\u00f3n para aceptarlo plena y urgentemente: \u201ccambiad y cree\u201d (son verbos imperativos). Esta claro que se est\u00e1 abriendo un di\u00e1logo: la revelaci\u00f3n de la salvaci\u00f3n de Dios y la respuesta urgente y comprometida del creyente, o mejor dicho, siguiendo a Marcos, del disc\u00edpulo.<\/p>\n<p>Por ello, inmediatamente, Jes\u00fas irrumpe la vida de estos pescadores en su paso por el Mar de Galilea (lugar muy citado por este evangelio). Hay, sin duda, aspectos muy llamativos en este peculiar llamado de Jes\u00fas.<\/p>\n<p>1. Jes\u00fas va buscar y llamar a sus seguidores, rompiendo el esquema tradicional de los rabinos de Israel. \u00bfNos sentimos realmente \u201cllamados por \u00e9l\u201d o m\u00e1s bien pensamos que somos nosotros los que le hemos escogido?<\/p>\n<p>2. Jes\u00fas llama en esos dos momentos relatados a dos hermanos. Propiamente estamos ante un solo llamado articulados o narrados en dos momentos, pero la fraternidad es la constante. \u00bfEn qu\u00e9 medida me siento parte de esta fraternidad del llamado?<\/p>\n<p>3. Jes\u00fas los vio y los llam\u00f3 para que lo sigan \u201cdetr\u00e1s de \u00e9l\u201d (propiamente, detr\u00e1s de m\u00ed). Esto aunque pueda parecer trivial, tiene mucha importancia para Marcos (se repetir\u00e1 en el momento clave de su evangelio Mc 8,33). La clave del discipulado es ir detr\u00e1s de Jes\u00fas; ni al costado ni mucho menos delante de \u00e9l. Jes\u00fas ha fijado su mirada en nosotros y nos ha llamado a participar de una identidad (\u201clos convertir\u00e9) que luego se revestir\u00e1 de misi\u00f3n y tarea (\u201cen pescadores de hombres\u201d)<\/p>\n<p>4. Jes\u00fas exige sopesar este llamado y en ello hay que elegir entre \u00c9l y la vida cotidiana. Ello dejaron (\u201cabandonaron\u201d) mucho: redes, barca, padre, jornaleros. \u00bfQu\u00e9 dejamos por seguir a Jes\u00fas?<\/p>\n<p>No es dejar lo ordinario por dejarlo sin m\u00e1s; hay una exigencia de transformar eso ordinario en algo extraordinario. El Reino de Dios no anula lo ordinario de la vida del hombre; lo lleva a que<\/p>\n<p>se entienda en su plenitud. Quiz\u00e1 por ello de la insistencia del evangelista Marcos de presentar la dimensi\u00f3n del aprendizaje del disc\u00edpulo antes de poder ser enviados con la luz de la resurrecci\u00f3n. Es cierto, que estos hermanos fueron luego convocados a formar parte de los Doce, pero en ellos est\u00e1 centrado el llamado que hace Jes\u00fas a todos los que quieran seguirlo y esto no es particularidad de algunos pocos. En esto quiz\u00e1 pueda ayudarnos la reflexi\u00f3n de Pablo hecha a los corintios subrayando la urgencia del \u201cmomento oportuno\u201d (el mismo vocablo que el usado en Marcos) y c\u00f3mo el disc\u00edpulo de Cristo est\u00e1 llamado a trascender la realidad ordinaria (la apariencia de este mundo) viviendo esta experiencia extraordinaria de ser \u201cpescador de hombres\u201d.<\/p>\n<p>Reflexionemos en torno a esta invitaci\u00f3n que Jes\u00fas nos ha hecho a ser sus disc\u00edpulos y que hoy a la luz de la Palabra recordamos y renovemos el compromiso de hacer de nuestro quehacer cotidiano un reflejo de lo que estamos llamados a ser por la gracia de Jes\u00fas. El requisito es uno: caminar detr\u00e1s de Jes\u00fas. Pidamos, pues, que sea Jes\u00fas quien nos ense\u00f1e su camino, que nos instruya en sus sendas y as\u00ed podamos caminar con lealtad hacia \u00e9l.<\/p>\n","protected":false},"excerpt":{"rendered":"<p>A diferencia de los dem\u00e1s evangelios, el evangelista Marcos elabora al comienzo de su narraci\u00f3n una presentaci\u00f3n de la persona de Jes\u00fas sin recurrir a relatos de su infancia o apelando a un himno que &#8230; <a href=\"http:\/\/vincentians.com\/es\/3o-domingo-de-t-o-reflexion-de-mario-yepez-c-m\/\" class=\"more-link\">Read More<\/a><\/p>\n","protected":false},"author":4,"featured_media":388408,"comment_status":"open","ping_status":"open","sticky":false,"template":"","format":"standard","meta":{"jetpack_post_was_ever_published":false,"_jetpack_newsletter_access":"","_jetpack_dont_email_post_to_subs":false,"_jetpack_newsletter_tier_id":0,"_jetpack_memberships_contains_paywalled_content":false,"_jetpack_memberships_contains_paid_content":false,"footnotes":"","jetpack_publicize_message":"","jetpack_publicize_feature_enabled":true,"jetpack_social_post_already_shared":true,"jetpack_social_options":{"image_generator_settings":{"template":"highway","default_image_id":0,"font":"","enabled":false},"version":2}},"categories":[93],"tags":[],"class_list":["post-135670","post","type-post","status-publish","format-standard","has-post-thumbnail","hentry","category-homilias-y-reflexiones-ano-b"],"yoast_head":"<!-- This site is optimized with the Yoast SEO plugin v26.3 - https:\/\/yoast.com\/wordpress\/plugins\/seo\/ -->\n<title>3\u00ba domingo de T.O. (reflexi\u00f3n de Mario Y\u00e9pez, C.M.) - Somos Vicencianos<\/title>\n<meta name=\"robots\" content=\"index, follow, max-snippet:-1, max-image-preview:large, max-video-preview:-1\" \/>\n<link rel=\"canonical\" href=\"http:\/\/vincentians.com\/es\/3o-domingo-de-t-o-reflexion-de-mario-yepez-c-m\/\" \/>\n<meta property=\"og:locale\" content=\"es_ES\" \/>\n<meta property=\"og:type\" content=\"article\" \/>\n<meta property=\"og:title\" content=\"3\u00ba domingo de T.O. (reflexi\u00f3n de Mario Y\u00e9pez, C.M.) - Somos Vicencianos\" \/>\n<meta property=\"og:description\" content=\"A diferencia de los dem\u00e1s evangelios, el evangelista Marcos elabora al comienzo de su narraci\u00f3n una presentaci\u00f3n de la persona de Jes\u00fas sin recurrir a relatos de su infancia o apelando a un himno que ... Read More\" \/>\n<meta property=\"og:url\" content=\"http:\/\/vincentians.com\/es\/3o-domingo-de-t-o-reflexion-de-mario-yepez-c-m\/\" \/>\n<meta property=\"og:site_name\" content=\"Somos Vicencianos\" \/>\n<meta property=\"article:publisher\" content=\"https:\/\/www.facebook.com\/WeAreVincentians\/\" \/>\n<meta property=\"article:author\" content=\"https:\/\/www.facebook.com\/JavierChento\" \/>\n<meta property=\"article:published_time\" content=\"2012-01-21T17:45:39+00:00\" \/>\n<meta property=\"article:modified_time\" content=\"2016-07-24T08:29:59+00:00\" \/>\n<meta property=\"og:image\" content=\"https:\/\/i0.wp.com\/vincentians.com\/es\/wp-content\/uploads\/sites\/11\/2016\/07\/reflexiones-palabra-de-dios.jpg?fit=1200%2C630\" \/>\n\t<meta property=\"og:image:width\" content=\"1200\" \/>\n\t<meta property=\"og:image:height\" content=\"630\" \/>\n\t<meta property=\"og:image:type\" content=\"image\/jpeg\" \/>\n<meta name=\"author\" content=\"Francisco Javier Fern\u00e1ndez Chento\" \/>\n<meta name=\"twitter:card\" content=\"summary_large_image\" \/>\n<meta name=\"twitter:creator\" content=\"@https:\/\/twitter.com\/javierchento\" \/>\n<meta name=\"twitter:site\" content=\"@WeVincentians\" \/>\n<meta name=\"twitter:label1\" content=\"Escrito por\" \/>\n\t<meta name=\"twitter:data1\" content=\"Francisco Javier Fern\u00e1ndez Chento\" \/>\n\t<meta name=\"twitter:label2\" content=\"Tiempo de lectura\" \/>\n\t<meta name=\"twitter:data2\" content=\"5 minutos\" \/>\n<script type=\"application\/ld+json\" class=\"yoast-schema-graph\">{\"@context\":\"https:\/\/schema.org\",\"@graph\":[{\"@type\":\"Article\",\"@id\":\"http:\/\/vincentians.com\/es\/3o-domingo-de-t-o-reflexion-de-mario-yepez-c-m\/#article\",\"isPartOf\":{\"@id\":\"http:\/\/vincentians.com\/es\/3o-domingo-de-t-o-reflexion-de-mario-yepez-c-m\/\"},\"author\":{\"name\":\"Francisco Javier Fern\u00e1ndez Chento\",\"@id\":\"http:\/\/vincentians.com\/es\/#\/schema\/person\/9623ef4d9aa3b2dfb8c061f1499288f2\"},\"headline\":\"3\u00ba domingo de T.O. (reflexi\u00f3n de Mario Y\u00e9pez, C.M.)\",\"datePublished\":\"2012-01-21T17:45:39+00:00\",\"dateModified\":\"2016-07-24T08:29:59+00:00\",\"mainEntityOfPage\":{\"@id\":\"http:\/\/vincentians.com\/es\/3o-domingo-de-t-o-reflexion-de-mario-yepez-c-m\/\"},\"wordCount\":974,\"commentCount\":0,\"publisher\":{\"@id\":\"http:\/\/vincentians.com\/es\/#organization\"},\"image\":{\"@id\":\"http:\/\/vincentians.com\/es\/3o-domingo-de-t-o-reflexion-de-mario-yepez-c-m\/#primaryimage\"},\"thumbnailUrl\":\"https:\/\/i0.wp.com\/vincentians.com\/es\/wp-content\/uploads\/sites\/11\/2016\/07\/reflexiones-palabra-de-dios.jpg?fit=1200%2C630\",\"articleSection\":[\"Homil\u00edas y reflexiones, A\u00f1o B\"],\"inLanguage\":\"es\",\"potentialAction\":[{\"@type\":\"CommentAction\",\"name\":\"Comment\",\"target\":[\"http:\/\/vincentians.com\/es\/3o-domingo-de-t-o-reflexion-de-mario-yepez-c-m\/#respond\"]}]},{\"@type\":\"WebPage\",\"@id\":\"http:\/\/vincentians.com\/es\/3o-domingo-de-t-o-reflexion-de-mario-yepez-c-m\/\",\"url\":\"http:\/\/vincentians.com\/es\/3o-domingo-de-t-o-reflexion-de-mario-yepez-c-m\/\",\"name\":\"3\u00ba domingo de T.O. (reflexi\u00f3n de Mario Y\u00e9pez, C.M.) - Somos Vicencianos\",\"isPartOf\":{\"@id\":\"http:\/\/vincentians.com\/es\/#website\"},\"primaryImageOfPage\":{\"@id\":\"http:\/\/vincentians.com\/es\/3o-domingo-de-t-o-reflexion-de-mario-yepez-c-m\/#primaryimage\"},\"image\":{\"@id\":\"http:\/\/vincentians.com\/es\/3o-domingo-de-t-o-reflexion-de-mario-yepez-c-m\/#primaryimage\"},\"thumbnailUrl\":\"https:\/\/i0.wp.com\/vincentians.com\/es\/wp-content\/uploads\/sites\/11\/2016\/07\/reflexiones-palabra-de-dios.jpg?fit=1200%2C630\",\"datePublished\":\"2012-01-21T17:45:39+00:00\",\"dateModified\":\"2016-07-24T08:29:59+00:00\",\"breadcrumb\":{\"@id\":\"http:\/\/vincentians.com\/es\/3o-domingo-de-t-o-reflexion-de-mario-yepez-c-m\/#breadcrumb\"},\"inLanguage\":\"es\",\"potentialAction\":[{\"@type\":\"ReadAction\",\"target\":[\"http:\/\/vincentians.com\/es\/3o-domingo-de-t-o-reflexion-de-mario-yepez-c-m\/\"]}]},{\"@type\":\"ImageObject\",\"inLanguage\":\"es\",\"@id\":\"http:\/\/vincentians.com\/es\/3o-domingo-de-t-o-reflexion-de-mario-yepez-c-m\/#primaryimage\",\"url\":\"https:\/\/i0.wp.com\/vincentians.com\/es\/wp-content\/uploads\/sites\/11\/2016\/07\/reflexiones-palabra-de-dios.jpg?fit=1200%2C630\",\"contentUrl\":\"https:\/\/i0.wp.com\/vincentians.com\/es\/wp-content\/uploads\/sites\/11\/2016\/07\/reflexiones-palabra-de-dios.jpg?fit=1200%2C630\",\"width\":1200,\"height\":630},{\"@type\":\"BreadcrumbList\",\"@id\":\"http:\/\/vincentians.com\/es\/3o-domingo-de-t-o-reflexion-de-mario-yepez-c-m\/#breadcrumb\",\"itemListElement\":[{\"@type\":\"ListItem\",\"position\":1,\"name\":\"Portada\",\"item\":\"http:\/\/vincentians.com\/es\/\"},{\"@type\":\"ListItem\",\"position\":2,\"name\":\"3\u00ba domingo de T.O. (reflexi\u00f3n de Mario Y\u00e9pez, C.M.)\"}]},{\"@type\":\"WebSite\",\"@id\":\"http:\/\/vincentians.com\/es\/#website\",\"url\":\"http:\/\/vincentians.com\/es\/\",\"name\":\"Somos Vicencianos\",\"description\":\"Know more to serve more\",\"publisher\":{\"@id\":\"http:\/\/vincentians.com\/es\/#organization\"},\"potentialAction\":[{\"@type\":\"SearchAction\",\"target\":{\"@type\":\"EntryPoint\",\"urlTemplate\":\"http:\/\/vincentians.com\/es\/?s={search_term_string}\"},\"query-input\":{\"@type\":\"PropertyValueSpecification\",\"valueRequired\":true,\"valueName\":\"search_term_string\"}}],\"inLanguage\":\"es\"},{\"@type\":\"Organization\",\"@id\":\"http:\/\/vincentians.com\/es\/#organization\",\"name\":\"The Vincentian Network\",\"url\":\"http:\/\/vincentians.com\/es\/\",\"logo\":{\"@type\":\"ImageObject\",\"inLanguage\":\"es\",\"@id\":\"http:\/\/vincentians.com\/es\/#\/schema\/logo\/image\/\",\"url\":\"https:\/\/i1.wp.com\/vincentians.com\/es\/wp-content\/uploads\/sites\/11\/2016\/06\/Vincentian-Network-logo-big.png?fit=778%2C778\",\"contentUrl\":\"https:\/\/i1.wp.com\/vincentians.com\/es\/wp-content\/uploads\/sites\/11\/2016\/06\/Vincentian-Network-logo-big.png?fit=778%2C778\",\"width\":778,\"height\":778,\"caption\":\"The Vincentian Network\"},\"image\":{\"@id\":\"http:\/\/vincentians.com\/es\/#\/schema\/logo\/image\/\"},\"sameAs\":[\"https:\/\/www.facebook.com\/WeAreVincentians\/\",\"https:\/\/x.com\/WeVincentians\"]},{\"@type\":\"Person\",\"@id\":\"http:\/\/vincentians.com\/es\/#\/schema\/person\/9623ef4d9aa3b2dfb8c061f1499288f2\",\"name\":\"Francisco Javier Fern\u00e1ndez Chento\",\"image\":{\"@type\":\"ImageObject\",\"inLanguage\":\"es\",\"@id\":\"http:\/\/vincentians.com\/es\/#\/schema\/person\/image\/\",\"url\":\"https:\/\/secure.gravatar.com\/avatar\/497d5cde87b4c3d097d0315953521681ba2cd523ee66e5077c3711f7021e65de?s=96&d=mm&r=g\",\"contentUrl\":\"https:\/\/secure.gravatar.com\/avatar\/497d5cde87b4c3d097d0315953521681ba2cd523ee66e5077c3711f7021e65de?s=96&d=mm&r=g\",\"caption\":\"Francisco Javier Fern\u00e1ndez Chento\"},\"description\":\"Director General y cofundador de La Red de Formaci\u00f3n Vicenciana. Javier es laico vicenciano, afiliado a la Congregaci\u00f3n de la Misi\u00f3n y miembro del Equipo de Misiones Populares de la provincia can\u00f3nica de Zaragoza (Espa\u00f1a) de la Congregaci\u00f3n de la Misi\u00f3n. Graduado en la Universidad Oberta de Catalunya con cuatro grados (Asistente de direcci\u00f3n, Gesti\u00f3n Administrativa, Recursos Humanos y Contabilidad Avanzada). Bil\u00edng\u00fce Espa\u00f1ol\/Ingl\u00e9s. gestiona y mantiene varias p\u00e1ginas web cristianas y vicencianas, incluida including La Red de Formaci\u00f3n Vicenciana, de la que es cofundador. Actualmente es responsable del \u00e1rea de Espa\u00f1ol de .famvin, la Red de Noticias de la Familia Vicenciana. Tambi\u00e9n es m\u00fasico cat\u00f3lico y ha editado varios discos. Es Director General y cofundador de Trovador, una reconocida compa\u00f1\u00eda discogr\u00e1fica critiana de Espa\u00f1a. Trabaja en las Tecnolog\u00edas de la Informaci\u00f3n, ofreciendo servicios de alojamiento, dise\u00f1o y mantenimiento Web, as\u00ed como asesoramiento, formaci\u00f3n y soluciones inform\u00e1ticas, gesti\u00f3n documental y digitalizaci\u00f3n de textos, edici\u00f3n y maquetaci\u00f3n de libros, revistas, flyers, etc.\",\"sameAs\":[\"http:\/\/chento.org\",\"https:\/\/www.facebook.com\/JavierChento\",\"https:\/\/x.com\/https:\/\/twitter.com\/javierchento\"],\"url\":\"http:\/\/vincentians.com\/es\/author\/chento\/\"}]}<\/script>\n<!-- \/ Yoast SEO plugin. -->","yoast_head_json":{"title":"3\u00ba domingo de T.O. (reflexi\u00f3n de Mario Y\u00e9pez, C.M.) - Somos Vicencianos","robots":{"index":"index","follow":"follow","max-snippet":"max-snippet:-1","max-image-preview":"max-image-preview:large","max-video-preview":"max-video-preview:-1"},"canonical":"http:\/\/vincentians.com\/es\/3o-domingo-de-t-o-reflexion-de-mario-yepez-c-m\/","og_locale":"es_ES","og_type":"article","og_title":"3\u00ba domingo de T.O. (reflexi\u00f3n de Mario Y\u00e9pez, C.M.) - Somos Vicencianos","og_description":"A diferencia de los dem\u00e1s evangelios, el evangelista Marcos elabora al comienzo de su narraci\u00f3n una presentaci\u00f3n de la persona de Jes\u00fas sin recurrir a relatos de su infancia o apelando a un himno que ... Read More","og_url":"http:\/\/vincentians.com\/es\/3o-domingo-de-t-o-reflexion-de-mario-yepez-c-m\/","og_site_name":"Somos Vicencianos","article_publisher":"https:\/\/www.facebook.com\/WeAreVincentians\/","article_author":"https:\/\/www.facebook.com\/JavierChento","article_published_time":"2012-01-21T17:45:39+00:00","article_modified_time":"2016-07-24T08:29:59+00:00","og_image":[{"width":1200,"height":630,"url":"https:\/\/i0.wp.com\/vincentians.com\/es\/wp-content\/uploads\/sites\/11\/2016\/07\/reflexiones-palabra-de-dios.jpg?fit=1200%2C630","type":"image\/jpeg"}],"author":"Francisco Javier Fern\u00e1ndez Chento","twitter_card":"summary_large_image","twitter_creator":"@https:\/\/twitter.com\/javierchento","twitter_site":"@WeVincentians","twitter_misc":{"Escrito por":"Francisco Javier Fern\u00e1ndez Chento","Tiempo de lectura":"5 minutos"},"schema":{"@context":"https:\/\/schema.org","@graph":[{"@type":"Article","@id":"http:\/\/vincentians.com\/es\/3o-domingo-de-t-o-reflexion-de-mario-yepez-c-m\/#article","isPartOf":{"@id":"http:\/\/vincentians.com\/es\/3o-domingo-de-t-o-reflexion-de-mario-yepez-c-m\/"},"author":{"name":"Francisco Javier Fern\u00e1ndez Chento","@id":"http:\/\/vincentians.com\/es\/#\/schema\/person\/9623ef4d9aa3b2dfb8c061f1499288f2"},"headline":"3\u00ba domingo de T.O. (reflexi\u00f3n de Mario Y\u00e9pez, C.M.)","datePublished":"2012-01-21T17:45:39+00:00","dateModified":"2016-07-24T08:29:59+00:00","mainEntityOfPage":{"@id":"http:\/\/vincentians.com\/es\/3o-domingo-de-t-o-reflexion-de-mario-yepez-c-m\/"},"wordCount":974,"commentCount":0,"publisher":{"@id":"http:\/\/vincentians.com\/es\/#organization"},"image":{"@id":"http:\/\/vincentians.com\/es\/3o-domingo-de-t-o-reflexion-de-mario-yepez-c-m\/#primaryimage"},"thumbnailUrl":"https:\/\/i0.wp.com\/vincentians.com\/es\/wp-content\/uploads\/sites\/11\/2016\/07\/reflexiones-palabra-de-dios.jpg?fit=1200%2C630","articleSection":["Homil\u00edas y reflexiones, A\u00f1o B"],"inLanguage":"es","potentialAction":[{"@type":"CommentAction","name":"Comment","target":["http:\/\/vincentians.com\/es\/3o-domingo-de-t-o-reflexion-de-mario-yepez-c-m\/#respond"]}]},{"@type":"WebPage","@id":"http:\/\/vincentians.com\/es\/3o-domingo-de-t-o-reflexion-de-mario-yepez-c-m\/","url":"http:\/\/vincentians.com\/es\/3o-domingo-de-t-o-reflexion-de-mario-yepez-c-m\/","name":"3\u00ba domingo de T.O. (reflexi\u00f3n de Mario Y\u00e9pez, C.M.) - Somos Vicencianos","isPartOf":{"@id":"http:\/\/vincentians.com\/es\/#website"},"primaryImageOfPage":{"@id":"http:\/\/vincentians.com\/es\/3o-domingo-de-t-o-reflexion-de-mario-yepez-c-m\/#primaryimage"},"image":{"@id":"http:\/\/vincentians.com\/es\/3o-domingo-de-t-o-reflexion-de-mario-yepez-c-m\/#primaryimage"},"thumbnailUrl":"https:\/\/i0.wp.com\/vincentians.com\/es\/wp-content\/uploads\/sites\/11\/2016\/07\/reflexiones-palabra-de-dios.jpg?fit=1200%2C630","datePublished":"2012-01-21T17:45:39+00:00","dateModified":"2016-07-24T08:29:59+00:00","breadcrumb":{"@id":"http:\/\/vincentians.com\/es\/3o-domingo-de-t-o-reflexion-de-mario-yepez-c-m\/#breadcrumb"},"inLanguage":"es","potentialAction":[{"@type":"ReadAction","target":["http:\/\/vincentians.com\/es\/3o-domingo-de-t-o-reflexion-de-mario-yepez-c-m\/"]}]},{"@type":"ImageObject","inLanguage":"es","@id":"http:\/\/vincentians.com\/es\/3o-domingo-de-t-o-reflexion-de-mario-yepez-c-m\/#primaryimage","url":"https:\/\/i0.wp.com\/vincentians.com\/es\/wp-content\/uploads\/sites\/11\/2016\/07\/reflexiones-palabra-de-dios.jpg?fit=1200%2C630","contentUrl":"https:\/\/i0.wp.com\/vincentians.com\/es\/wp-content\/uploads\/sites\/11\/2016\/07\/reflexiones-palabra-de-dios.jpg?fit=1200%2C630","width":1200,"height":630},{"@type":"BreadcrumbList","@id":"http:\/\/vincentians.com\/es\/3o-domingo-de-t-o-reflexion-de-mario-yepez-c-m\/#breadcrumb","itemListElement":[{"@type":"ListItem","position":1,"name":"Portada","item":"http:\/\/vincentians.com\/es\/"},{"@type":"ListItem","position":2,"name":"3\u00ba domingo de T.O. (reflexi\u00f3n de Mario Y\u00e9pez, C.M.)"}]},{"@type":"WebSite","@id":"http:\/\/vincentians.com\/es\/#website","url":"http:\/\/vincentians.com\/es\/","name":"Somos Vicencianos","description":"Know more to serve more","publisher":{"@id":"http:\/\/vincentians.com\/es\/#organization"},"potentialAction":[{"@type":"SearchAction","target":{"@type":"EntryPoint","urlTemplate":"http:\/\/vincentians.com\/es\/?s={search_term_string}"},"query-input":{"@type":"PropertyValueSpecification","valueRequired":true,"valueName":"search_term_string"}}],"inLanguage":"es"},{"@type":"Organization","@id":"http:\/\/vincentians.com\/es\/#organization","name":"The Vincentian Network","url":"http:\/\/vincentians.com\/es\/","logo":{"@type":"ImageObject","inLanguage":"es","@id":"http:\/\/vincentians.com\/es\/#\/schema\/logo\/image\/","url":"https:\/\/i1.wp.com\/vincentians.com\/es\/wp-content\/uploads\/sites\/11\/2016\/06\/Vincentian-Network-logo-big.png?fit=778%2C778","contentUrl":"https:\/\/i1.wp.com\/vincentians.com\/es\/wp-content\/uploads\/sites\/11\/2016\/06\/Vincentian-Network-logo-big.png?fit=778%2C778","width":778,"height":778,"caption":"The Vincentian Network"},"image":{"@id":"http:\/\/vincentians.com\/es\/#\/schema\/logo\/image\/"},"sameAs":["https:\/\/www.facebook.com\/WeAreVincentians\/","https:\/\/x.com\/WeVincentians"]},{"@type":"Person","@id":"http:\/\/vincentians.com\/es\/#\/schema\/person\/9623ef4d9aa3b2dfb8c061f1499288f2","name":"Francisco Javier Fern\u00e1ndez Chento","image":{"@type":"ImageObject","inLanguage":"es","@id":"http:\/\/vincentians.com\/es\/#\/schema\/person\/image\/","url":"https:\/\/secure.gravatar.com\/avatar\/497d5cde87b4c3d097d0315953521681ba2cd523ee66e5077c3711f7021e65de?s=96&d=mm&r=g","contentUrl":"https:\/\/secure.gravatar.com\/avatar\/497d5cde87b4c3d097d0315953521681ba2cd523ee66e5077c3711f7021e65de?s=96&d=mm&r=g","caption":"Francisco Javier Fern\u00e1ndez Chento"},"description":"Director General y cofundador de La Red de Formaci\u00f3n Vicenciana. Javier es laico vicenciano, afiliado a la Congregaci\u00f3n de la Misi\u00f3n y miembro del Equipo de Misiones Populares de la provincia can\u00f3nica de Zaragoza (Espa\u00f1a) de la Congregaci\u00f3n de la Misi\u00f3n. Graduado en la Universidad Oberta de Catalunya con cuatro grados (Asistente de direcci\u00f3n, Gesti\u00f3n Administrativa, Recursos Humanos y Contabilidad Avanzada). Bil\u00edng\u00fce Espa\u00f1ol\/Ingl\u00e9s. gestiona y mantiene varias p\u00e1ginas web cristianas y vicencianas, incluida including La Red de Formaci\u00f3n Vicenciana, de la que es cofundador. Actualmente es responsable del \u00e1rea de Espa\u00f1ol de .famvin, la Red de Noticias de la Familia Vicenciana. Tambi\u00e9n es m\u00fasico cat\u00f3lico y ha editado varios discos. Es Director General y cofundador de Trovador, una reconocida compa\u00f1\u00eda discogr\u00e1fica critiana de Espa\u00f1a. Trabaja en las Tecnolog\u00edas de la Informaci\u00f3n, ofreciendo servicios de alojamiento, dise\u00f1o y mantenimiento Web, as\u00ed como asesoramiento, formaci\u00f3n y soluciones inform\u00e1ticas, gesti\u00f3n documental y digitalizaci\u00f3n de textos, edici\u00f3n y maquetaci\u00f3n de libros, revistas, flyers, etc.","sameAs":["http:\/\/chento.org","https:\/\/www.facebook.com\/JavierChento","https:\/\/x.com\/https:\/\/twitter.com\/javierchento"],"url":"http:\/\/vincentians.com\/es\/author\/chento\/"}]}},"jetpack_publicize_connections":[],"jetpack_featured_media_url":"https:\/\/i0.wp.com\/vincentians.com\/es\/wp-content\/uploads\/sites\/11\/2016\/07\/reflexiones-palabra-de-dios.jpg?fit=1200%2C630","jetpack_sharing_enabled":true,"jetpack_shortlink":"https:\/\/wp.me\/p7ETMF-zie","jetpack-related-posts":[{"id":190815,"url":"http:\/\/vincentians.com\/es\/13o-domingo-de-t-o-reflexion-de-mario-yepez-c-m\/","url_meta":{"origin":135670,"position":0},"title":"13\u00ba Domingo de T.O. (reflexi\u00f3n de Mario Y\u00e9pez, C.M.)","author":"Francisco Javier Fern\u00e1ndez Chento","date":"27\/06\/2015","format":false,"excerpt":"Fe que puede todo, fe que sana El libro de la Sabidur\u00eda, escrito por un jud\u00edo sabio en la segunda mitad del siglo I a.C., busca aferrarse a la sabidur\u00eda de los antepasados para fortalecer la fe de sus compatriotas en el Dios de los Padres, pues \u00e9stos se est\u00e1n\u2026","rel":"","context":"En \u00abHomil\u00edas y reflexiones, A\u00f1o B\u00bb","block_context":{"text":"Homil\u00edas y reflexiones, A\u00f1o B","link":"http:\/\/vincentians.com\/es\/category\/homilias-y-reflexiones-a-la-palabra-de-dios\/homilias-y-reflexiones-ano-b\/"},"img":{"alt_text":"","src":"https:\/\/i0.wp.com\/vincentians.com\/es\/wp-content\/uploads\/sites\/11\/2016\/07\/reflexiones-palabra-de-dios.jpg?fit=1200%2C630&resize=350%2C200","width":350,"height":200,"srcset":"https:\/\/i0.wp.com\/vincentians.com\/es\/wp-content\/uploads\/sites\/11\/2016\/07\/reflexiones-palabra-de-dios.jpg?fit=1200%2C630&resize=350%2C200 1x, https:\/\/i0.wp.com\/vincentians.com\/es\/wp-content\/uploads\/sites\/11\/2016\/07\/reflexiones-palabra-de-dios.jpg?fit=1200%2C630&resize=525%2C300 1.5x, https:\/\/i0.wp.com\/vincentians.com\/es\/wp-content\/uploads\/sites\/11\/2016\/07\/reflexiones-palabra-de-dios.jpg?fit=1200%2C630&resize=700%2C400 2x, https:\/\/i0.wp.com\/vincentians.com\/es\/wp-content\/uploads\/sites\/11\/2016\/07\/reflexiones-palabra-de-dios.jpg?fit=1200%2C630&resize=1050%2C600 3x"},"classes":[]},{"id":137701,"url":"http:\/\/vincentians.com\/es\/4o-domingo-de-t-o-reflexion-de-jose-cervantes-gabarron-2\/","url_meta":{"origin":135670,"position":1},"title":"4\u00ba Domingo de T.O. (reflexi\u00f3n de Jos\u00e9 Cervantes Gabarr\u00f3n)","author":"Francisco Javier Fern\u00e1ndez Chento","date":"31\/01\/2015","format":false,"excerpt":"Autoridad de Jes\u00fas contra el mal El evangelio de este domingo\u00a0empieza la narraci\u00f3n de la actividad taumat\u00fargica de Jes\u00fas. El primero de los milagros narrados por Marcos es un exorcismo, acaecido en la sinagoga de Cafarna\u00fan, donde Jes\u00fas lleva a cabo la expulsi\u00f3n de un esp\u00edritu inmundo de un hombre\u2026","rel":"","context":"En \u00abHomil\u00edas y reflexiones, A\u00f1o B\u00bb","block_context":{"text":"Homil\u00edas y reflexiones, A\u00f1o B","link":"http:\/\/vincentians.com\/es\/category\/homilias-y-reflexiones-a-la-palabra-de-dios\/homilias-y-reflexiones-ano-b\/"},"img":{"alt_text":"","src":"https:\/\/i0.wp.com\/vincentians.com\/es\/wp-content\/uploads\/sites\/11\/2016\/07\/reflexiones-palabra-de-dios.jpg?fit=1200%2C630&resize=350%2C200","width":350,"height":200,"srcset":"https:\/\/i0.wp.com\/vincentians.com\/es\/wp-content\/uploads\/sites\/11\/2016\/07\/reflexiones-palabra-de-dios.jpg?fit=1200%2C630&resize=350%2C200 1x, https:\/\/i0.wp.com\/vincentians.com\/es\/wp-content\/uploads\/sites\/11\/2016\/07\/reflexiones-palabra-de-dios.jpg?fit=1200%2C630&resize=525%2C300 1.5x, https:\/\/i0.wp.com\/vincentians.com\/es\/wp-content\/uploads\/sites\/11\/2016\/07\/reflexiones-palabra-de-dios.jpg?fit=1200%2C630&resize=700%2C400 2x, https:\/\/i0.wp.com\/vincentians.com\/es\/wp-content\/uploads\/sites\/11\/2016\/07\/reflexiones-palabra-de-dios.jpg?fit=1200%2C630&resize=1050%2C600 3x"},"classes":[]},{"id":135547,"url":"http:\/\/vincentians.com\/es\/bautismo-del-senor-reflexion-de-jose-cervantes-gabarron-3\/","url_meta":{"origin":135670,"position":2},"title":"Bautismo del Se\u00f1or (reflexi\u00f3n de Jos\u00e9 Cervantes Gabarr\u00f3n)","author":"Francisco Javier Fern\u00e1ndez Chento","date":"10\/01\/2015","format":false,"excerpt":"El desgarr\u00f3n revelador del Siervo Reci\u00e9n comenzado el a\u00f1o nos viene bien una fiesta, la del bautismo de Jes\u00fas, el Siervo de Dios y servidor de los hombres, que nos resit\u00faa con los pies en la tierra y con la mirada y el o\u00eddo en el cielo, para poner en\u2026","rel":"","context":"En \u00abHomil\u00edas y reflexiones, A\u00f1o B\u00bb","block_context":{"text":"Homil\u00edas y reflexiones, A\u00f1o B","link":"http:\/\/vincentians.com\/es\/category\/homilias-y-reflexiones-a-la-palabra-de-dios\/homilias-y-reflexiones-ano-b\/"},"img":{"alt_text":"","src":"https:\/\/i0.wp.com\/vincentians.com\/es\/wp-content\/uploads\/sites\/11\/2016\/07\/reflexiones-palabra-de-dios.jpg?fit=1200%2C630&resize=350%2C200","width":350,"height":200,"srcset":"https:\/\/i0.wp.com\/vincentians.com\/es\/wp-content\/uploads\/sites\/11\/2016\/07\/reflexiones-palabra-de-dios.jpg?fit=1200%2C630&resize=350%2C200 1x, https:\/\/i0.wp.com\/vincentians.com\/es\/wp-content\/uploads\/sites\/11\/2016\/07\/reflexiones-palabra-de-dios.jpg?fit=1200%2C630&resize=525%2C300 1.5x, https:\/\/i0.wp.com\/vincentians.com\/es\/wp-content\/uploads\/sites\/11\/2016\/07\/reflexiones-palabra-de-dios.jpg?fit=1200%2C630&resize=700%2C400 2x, https:\/\/i0.wp.com\/vincentians.com\/es\/wp-content\/uploads\/sites\/11\/2016\/07\/reflexiones-palabra-de-dios.jpg?fit=1200%2C630&resize=1050%2C600 3x"},"classes":[]},{"id":135794,"url":"http:\/\/vincentians.com\/es\/18o-domingo-de-tiempo-ordinario-reflexion-de-jose-cervantes-gabarron\/","url_meta":{"origin":135670,"position":3},"title":"18\u00ba Domingo de Tiempo Ordinario (reflexi\u00f3n de Jos\u00e9 Cervantes Gabarr\u00f3n)","author":"Francisco Javier Fern\u00e1ndez Chento","date":"03\/08\/2012","format":false,"excerpt":"Jesucristo, pan de vida Jos\u00e9 Cervantes Gabarr\u00f3n, sacerdote misionero y profesor de Sagrada Escritura.El relato del reparto del pan entre la multitud seg\u00fan el cuarto evangelio (Jn 6,1-15) escuchado el pasado domingo en nuestra Iglesia es el fundamento del mensaje que se va a ir profundizando en los pr\u00f3ximos domingos.\u2026","rel":"","context":"En \u00abHomil\u00edas y reflexiones, A\u00f1o B\u00bb","block_context":{"text":"Homil\u00edas y reflexiones, A\u00f1o B","link":"http:\/\/vincentians.com\/es\/category\/homilias-y-reflexiones-a-la-palabra-de-dios\/homilias-y-reflexiones-ano-b\/"},"img":{"alt_text":"","src":"https:\/\/i0.wp.com\/vincentians.com\/es\/wp-content\/uploads\/sites\/11\/2016\/07\/reflexiones-palabra-de-dios.jpg?fit=1200%2C630&resize=350%2C200","width":350,"height":200,"srcset":"https:\/\/i0.wp.com\/vincentians.com\/es\/wp-content\/uploads\/sites\/11\/2016\/07\/reflexiones-palabra-de-dios.jpg?fit=1200%2C630&resize=350%2C200 1x, https:\/\/i0.wp.com\/vincentians.com\/es\/wp-content\/uploads\/sites\/11\/2016\/07\/reflexiones-palabra-de-dios.jpg?fit=1200%2C630&resize=525%2C300 1.5x, https:\/\/i0.wp.com\/vincentians.com\/es\/wp-content\/uploads\/sites\/11\/2016\/07\/reflexiones-palabra-de-dios.jpg?fit=1200%2C630&resize=700%2C400 2x, https:\/\/i0.wp.com\/vincentians.com\/es\/wp-content\/uploads\/sites\/11\/2016\/07\/reflexiones-palabra-de-dios.jpg?fit=1200%2C630&resize=1050%2C600 3x"},"classes":[]},{"id":146151,"url":"http:\/\/vincentians.com\/es\/la-ascension-del-senor-reflexion-de-mario-yepez-c-m\/","url_meta":{"origin":135670,"position":4},"title":"La Ascensi\u00f3n del Se\u00f1or (reflexi\u00f3n de Mario Y\u00e9pez, C.M.)","author":"Francisco Javier Fern\u00e1ndez Chento","date":"16\/05\/2015","format":false,"excerpt":"Tocad con maestr\u00eda Jes\u00fas vuelve al Padre. Pareciera que su misi\u00f3n ha concluido. Pero, \u00bfquienes quedaron de aquellas multitudes que a lo largo de su vida lo siguieron? Los evangelios s\u00f3lo nos manifiestan la presencia de estos once ap\u00f3stoles, temerosos en el momento de la verdad; pero luego misteriosamente privilegiados\u2026","rel":"","context":"En \u00abHomil\u00edas y reflexiones, A\u00f1o B\u00bb","block_context":{"text":"Homil\u00edas y reflexiones, A\u00f1o B","link":"http:\/\/vincentians.com\/es\/category\/homilias-y-reflexiones-a-la-palabra-de-dios\/homilias-y-reflexiones-ano-b\/"},"img":{"alt_text":"","src":"https:\/\/i0.wp.com\/vincentians.com\/es\/wp-content\/uploads\/sites\/11\/2016\/07\/reflexiones-palabra-de-dios.jpg?fit=1200%2C630&resize=350%2C200","width":350,"height":200,"srcset":"https:\/\/i0.wp.com\/vincentians.com\/es\/wp-content\/uploads\/sites\/11\/2016\/07\/reflexiones-palabra-de-dios.jpg?fit=1200%2C630&resize=350%2C200 1x, https:\/\/i0.wp.com\/vincentians.com\/es\/wp-content\/uploads\/sites\/11\/2016\/07\/reflexiones-palabra-de-dios.jpg?fit=1200%2C630&resize=525%2C300 1.5x, https:\/\/i0.wp.com\/vincentians.com\/es\/wp-content\/uploads\/sites\/11\/2016\/07\/reflexiones-palabra-de-dios.jpg?fit=1200%2C630&resize=700%2C400 2x, https:\/\/i0.wp.com\/vincentians.com\/es\/wp-content\/uploads\/sites\/11\/2016\/07\/reflexiones-palabra-de-dios.jpg?fit=1200%2C630&resize=1050%2C600 3x"},"classes":[]},{"id":145277,"url":"http:\/\/vincentians.com\/es\/la-ascension-del-senor-reflexion-de-jose-cervantes-gabarron\/","url_meta":{"origin":135670,"position":5},"title":"La Ascensi\u00f3n del Se\u00f1or (reflexi\u00f3n de Jos\u00e9 Cervantes Gabarr\u00f3n)","author":"Francisco Javier Fern\u00e1ndez Chento","date":"16\/05\/2015","format":false,"excerpt":"Testigos de la Ascensi\u00f3n y Misioneros del Evangelio En el d\u00eda de la Ascensi\u00f3n celebramos a\u00a0Jes\u00fas, el crucificado y resucitado, ascendido al cielo, como Hijo de Dios y Se\u00f1or de toda la tierra.\u00a0Esta fiesta es la misma que la de la resurrecci\u00f3n de Jesucristo pero ha quedado plasmada en categor\u00edas\u2026","rel":"","context":"En \u00abHomil\u00edas y reflexiones, A\u00f1o B\u00bb","block_context":{"text":"Homil\u00edas y reflexiones, A\u00f1o B","link":"http:\/\/vincentians.com\/es\/category\/homilias-y-reflexiones-a-la-palabra-de-dios\/homilias-y-reflexiones-ano-b\/"},"img":{"alt_text":"","src":"https:\/\/i0.wp.com\/vincentians.com\/es\/wp-content\/uploads\/sites\/11\/2016\/07\/reflexiones-palabra-de-dios.jpg?fit=1200%2C630&resize=350%2C200","width":350,"height":200,"srcset":"https:\/\/i0.wp.com\/vincentians.com\/es\/wp-content\/uploads\/sites\/11\/2016\/07\/reflexiones-palabra-de-dios.jpg?fit=1200%2C630&resize=350%2C200 1x, https:\/\/i0.wp.com\/vincentians.com\/es\/wp-content\/uploads\/sites\/11\/2016\/07\/reflexiones-palabra-de-dios.jpg?fit=1200%2C630&resize=525%2C300 1.5x, https:\/\/i0.wp.com\/vincentians.com\/es\/wp-content\/uploads\/sites\/11\/2016\/07\/reflexiones-palabra-de-dios.jpg?fit=1200%2C630&resize=700%2C400 2x, https:\/\/i0.wp.com\/vincentians.com\/es\/wp-content\/uploads\/sites\/11\/2016\/07\/reflexiones-palabra-de-dios.jpg?fit=1200%2C630&resize=1050%2C600 3x"},"classes":[]}],"_links":{"self":[{"href":"http:\/\/vincentians.com\/es\/wp-json\/wp\/v2\/posts\/135670","targetHints":{"allow":["GET"]}}],"collection":[{"href":"http:\/\/vincentians.com\/es\/wp-json\/wp\/v2\/posts"}],"about":[{"href":"http:\/\/vincentians.com\/es\/wp-json\/wp\/v2\/types\/post"}],"author":[{"embeddable":true,"href":"http:\/\/vincentians.com\/es\/wp-json\/wp\/v2\/users\/4"}],"replies":[{"embeddable":true,"href":"http:\/\/vincentians.com\/es\/wp-json\/wp\/v2\/comments?post=135670"}],"version-history":[{"count":0,"href":"http:\/\/vincentians.com\/es\/wp-json\/wp\/v2\/posts\/135670\/revisions"}],"wp:featuredmedia":[{"embeddable":true,"href":"http:\/\/vincentians.com\/es\/wp-json\/wp\/v2\/media\/388408"}],"wp:attachment":[{"href":"http:\/\/vincentians.com\/es\/wp-json\/wp\/v2\/media?parent=135670"}],"wp:term":[{"taxonomy":"category","embeddable":true,"href":"http:\/\/vincentians.com\/es\/wp-json\/wp\/v2\/categories?post=135670"},{"taxonomy":"post_tag","embeddable":true,"href":"http:\/\/vincentians.com\/es\/wp-json\/wp\/v2\/tags?post=135670"}],"curies":[{"name":"wp","href":"https:\/\/api.w.org\/{rel}","templated":true}]}}