{"id":133262,"date":"2015-01-19T00:36:50","date_gmt":"2015-01-18T23:36:50","guid":{"rendered":"http:\/\/somos.vicencianos.org\/misionespopulares\/?p=209"},"modified":"2015-01-19T00:36:50","modified_gmt":"2015-01-18T23:36:50","slug":"conceptos-clave-en-misiones-populares-19-eucaristia-final","status":"publish","type":"post","link":"http:\/\/vincentians.com\/es\/conceptos-clave-en-misiones-populares-19-eucaristia-final\/","title":{"rendered":"Conceptos clave en misiones populares 19: Eucarist\u00eda final"},"content":{"rendered":"<p><a href=\"https:\/\/i0.wp.com\/vicencianos.org\/wp-content\/2015\/01\/SVPAZ-2.jpg\"><img data-recalc-dims=\"1\" loading=\"lazy\" decoding=\"async\" class=\"alignright size-medium wp-image-133400\" src=\"https:\/\/i0.wp.com\/vicencianos.org\/wp-content\/2015\/01\/SVPAZ-2-200x300.jpg?resize=200%2C300\" alt=\"SVPAZ-2\" width=\"200\" height=\"300\" \/><\/a>Este nombre que le damos entre nosotros est\u00e1 cargado de sentido. Los curas hablan frecuentemente de eucarist\u00eda \u00abde clausura\u00bb, nosotros de eucarist\u00eda \u00abfinal de etapa\u00bb.<\/p>\n<p>Su sentido es misionero. Retoma la historia propia (tradici\u00f3n) de la comunidad y lo vivido en la misi\u00f3n (a trav\u00e9s de las Conclusiones de la Asamblea) y lo lanza hacia una acci\u00f3n misionera futura m\u00e1s propia de cada comunidad. Queremos ir hacia una <i>iglesia-comunidad familiar misionera comprometida con la caridad y la justicia<\/i>.<\/p>\n<p>Y otra vez el gozo&#8230; S\u00ed, el gozo que quiere ser continuado. Mal tendr\u00eda este sentido si fuera una eucarist\u00eda de clausura. Es una eucarist\u00eda de <b>inicio de continuidad<\/b>. Una eucarist\u00eda que quiere entusiasmar a los m\u00e1s comprometidos de la comunidad parroquial y a los nuevos para <b>seguir<\/b>.<\/p>\n<p>En provocar esta orientaci\u00f3n consiste el acierto definitivo del quehacer misionero.<\/p>\n<p>No hay mucho que comentar al se\u00f1alar este concepto, pues se trata de una acci\u00f3n tan frecuente como una eucarist\u00eda. Pero es una eucarist\u00eda que lleva con un t\u00edtulo espec\u00edfico y una intenci\u00f3n: <b>Eucarist\u00eda de la Comunidad-Familia<\/b>. Porque es eso lo que queremos dejar como conclusi\u00f3n, que queremos una comunidad parroquial m\u00e1s \u00abcomunitaria\u00bb, m\u00e1s \u00abfamiliar\u00bb.<\/p>\n<p>\u00bfLo record\u00e1is? Al referirnos al planteamiento de la misi\u00f3n utilizamos tres t\u00e9rminos: Una misi\u00f3n <i>desde<\/i> la comunidad, <i>con<\/i> la comunidad parroquial y <i>hacia<\/i> una comunidad evangelizadora. Esto es pues lo que durante todo el proceso hemos pretendido, parroquias fuertemente <b>evangelizadoras<\/b>, llenas de <b>parres\u00eda<\/b>, parroquias que no quieren vivir encerradas.<\/p>\n<p>Y si la Eucarist\u00eda queremos que sea celebraci\u00f3n de la <i>Vida con Jes\u00fas<\/i>, esto hay que \u00ab<b>celebrarlo<\/b>\u00bb de modo especial cuando culmina un tiempo fuerte de evangelizaci\u00f3n que no debe \u00abclausurarse\u00bb.<\/p>\n","protected":false},"excerpt":{"rendered":"<p>Este nombre que le damos entre nosotros est\u00e1 cargado de sentido. Los curas hablan frecuentemente de eucarist\u00eda \u00abde clausura\u00bb, nosotros de eucarist\u00eda \u00abfinal de etapa\u00bb. Su sentido es misionero. Retoma la historia propia (tradici\u00f3n) de &#8230; <a href=\"http:\/\/vincentians.com\/es\/conceptos-clave-en-misiones-populares-19-eucaristia-final\/\" class=\"more-link\">Read More<\/a><\/p>\n","protected":false},"author":4,"featured_media":133400,"comment_status":"open","ping_status":"open","sticky":false,"template":"","format":"standard","meta":{"jetpack_post_was_ever_published":false,"_jetpack_newsletter_access":"","_jetpack_dont_email_post_to_subs":false,"_jetpack_newsletter_tier_id":0,"_jetpack_memberships_contains_paywalled_content":false,"_jetpack_memberships_contains_paid_content":false,"footnotes":"","jetpack_publicize_message":"","jetpack_publicize_feature_enabled":true,"jetpack_social_post_already_shared":true,"jetpack_social_options":{"image_generator_settings":{"template":"highway","default_image_id":0,"font":"","enabled":false},"version":2}},"categories":[328],"tags":[176],"class_list":["post-133262","post","type-post","status-publish","format-standard","has-post-thumbnail","hentry","category-misiones-populares-misiones","tag-misiones-populares"],"yoast_head":"<!-- This site is optimized with the Yoast SEO plugin v26.3 - https:\/\/yoast.com\/wordpress\/plugins\/seo\/ -->\n<title>Conceptos clave en misiones populares 19: Eucarist\u00eda final - Somos Vicencianos<\/title>\n<meta name=\"robots\" content=\"index, follow, max-snippet:-1, max-image-preview:large, max-video-preview:-1\" \/>\n<link rel=\"canonical\" href=\"http:\/\/vincentians.com\/es\/conceptos-clave-en-misiones-populares-19-eucaristia-final\/\" \/>\n<meta property=\"og:locale\" content=\"es_ES\" \/>\n<meta property=\"og:type\" content=\"article\" \/>\n<meta property=\"og:title\" content=\"Conceptos clave en misiones populares 19: Eucarist\u00eda final - Somos Vicencianos\" \/>\n<meta property=\"og:description\" content=\"Este nombre que le damos entre nosotros est\u00e1 cargado de sentido. Los curas hablan frecuentemente de eucarist\u00eda \u00abde clausura\u00bb, nosotros de eucarist\u00eda \u00abfinal de etapa\u00bb. Su sentido es misionero. Retoma la historia propia (tradici\u00f3n) de ... Read More\" \/>\n<meta property=\"og:url\" content=\"http:\/\/vincentians.com\/es\/conceptos-clave-en-misiones-populares-19-eucaristia-final\/\" \/>\n<meta property=\"og:site_name\" content=\"Somos Vicencianos\" \/>\n<meta property=\"article:publisher\" content=\"https:\/\/www.facebook.com\/WeAreVincentians\/\" \/>\n<meta property=\"article:author\" content=\"https:\/\/www.facebook.com\/JavierChento\" \/>\n<meta property=\"article:published_time\" content=\"2015-01-18T23:36:50+00:00\" \/>\n<meta name=\"author\" content=\"Francisco Javier Fern\u00e1ndez Chento\" \/>\n<meta name=\"twitter:card\" content=\"summary_large_image\" \/>\n<meta name=\"twitter:creator\" content=\"@https:\/\/twitter.com\/javierchento\" \/>\n<meta name=\"twitter:site\" content=\"@WeVincentians\" \/>\n<meta name=\"twitter:label1\" content=\"Escrito por\" \/>\n\t<meta name=\"twitter:data1\" content=\"Francisco Javier Fern\u00e1ndez Chento\" \/>\n\t<meta name=\"twitter:label2\" content=\"Tiempo de lectura\" \/>\n\t<meta name=\"twitter:data2\" content=\"2 minutos\" \/>\n<script type=\"application\/ld+json\" class=\"yoast-schema-graph\">{\"@context\":\"https:\/\/schema.org\",\"@graph\":[{\"@type\":\"Article\",\"@id\":\"http:\/\/vincentians.com\/es\/conceptos-clave-en-misiones-populares-19-eucaristia-final\/#article\",\"isPartOf\":{\"@id\":\"http:\/\/vincentians.com\/es\/conceptos-clave-en-misiones-populares-19-eucaristia-final\/\"},\"author\":{\"name\":\"Francisco Javier Fern\u00e1ndez Chento\",\"@id\":\"http:\/\/vincentians.com\/es\/#\/schema\/person\/9623ef4d9aa3b2dfb8c061f1499288f2\"},\"headline\":\"Conceptos clave en misiones populares 19: Eucarist\u00eda final\",\"datePublished\":\"2015-01-18T23:36:50+00:00\",\"mainEntityOfPage\":{\"@id\":\"http:\/\/vincentians.com\/es\/conceptos-clave-en-misiones-populares-19-eucaristia-final\/\"},\"wordCount\":313,\"commentCount\":0,\"publisher\":{\"@id\":\"http:\/\/vincentians.com\/es\/#organization\"},\"image\":{\"@id\":\"http:\/\/vincentians.com\/es\/conceptos-clave-en-misiones-populares-19-eucaristia-final\/#primaryimage\"},\"thumbnailUrl\":\"\",\"keywords\":[\"Misiones Populares\"],\"articleSection\":[\"Misiones populares\"],\"inLanguage\":\"es\",\"potentialAction\":[{\"@type\":\"CommentAction\",\"name\":\"Comment\",\"target\":[\"http:\/\/vincentians.com\/es\/conceptos-clave-en-misiones-populares-19-eucaristia-final\/#respond\"]}]},{\"@type\":\"WebPage\",\"@id\":\"http:\/\/vincentians.com\/es\/conceptos-clave-en-misiones-populares-19-eucaristia-final\/\",\"url\":\"http:\/\/vincentians.com\/es\/conceptos-clave-en-misiones-populares-19-eucaristia-final\/\",\"name\":\"Conceptos clave en misiones populares 19: Eucarist\u00eda final - Somos Vicencianos\",\"isPartOf\":{\"@id\":\"http:\/\/vincentians.com\/es\/#website\"},\"primaryImageOfPage\":{\"@id\":\"http:\/\/vincentians.com\/es\/conceptos-clave-en-misiones-populares-19-eucaristia-final\/#primaryimage\"},\"image\":{\"@id\":\"http:\/\/vincentians.com\/es\/conceptos-clave-en-misiones-populares-19-eucaristia-final\/#primaryimage\"},\"thumbnailUrl\":\"\",\"datePublished\":\"2015-01-18T23:36:50+00:00\",\"breadcrumb\":{\"@id\":\"http:\/\/vincentians.com\/es\/conceptos-clave-en-misiones-populares-19-eucaristia-final\/#breadcrumb\"},\"inLanguage\":\"es\",\"potentialAction\":[{\"@type\":\"ReadAction\",\"target\":[\"http:\/\/vincentians.com\/es\/conceptos-clave-en-misiones-populares-19-eucaristia-final\/\"]}]},{\"@type\":\"ImageObject\",\"inLanguage\":\"es\",\"@id\":\"http:\/\/vincentians.com\/es\/conceptos-clave-en-misiones-populares-19-eucaristia-final\/#primaryimage\",\"url\":\"\",\"contentUrl\":\"\"},{\"@type\":\"BreadcrumbList\",\"@id\":\"http:\/\/vincentians.com\/es\/conceptos-clave-en-misiones-populares-19-eucaristia-final\/#breadcrumb\",\"itemListElement\":[{\"@type\":\"ListItem\",\"position\":1,\"name\":\"Portada\",\"item\":\"http:\/\/vincentians.com\/es\/\"},{\"@type\":\"ListItem\",\"position\":2,\"name\":\"Conceptos clave en misiones populares 19: Eucarist\u00eda final\"}]},{\"@type\":\"WebSite\",\"@id\":\"http:\/\/vincentians.com\/es\/#website\",\"url\":\"http:\/\/vincentians.com\/es\/\",\"name\":\"Somos Vicencianos\",\"description\":\"Know more to serve more\",\"publisher\":{\"@id\":\"http:\/\/vincentians.com\/es\/#organization\"},\"potentialAction\":[{\"@type\":\"SearchAction\",\"target\":{\"@type\":\"EntryPoint\",\"urlTemplate\":\"http:\/\/vincentians.com\/es\/?s={search_term_string}\"},\"query-input\":{\"@type\":\"PropertyValueSpecification\",\"valueRequired\":true,\"valueName\":\"search_term_string\"}}],\"inLanguage\":\"es\"},{\"@type\":\"Organization\",\"@id\":\"http:\/\/vincentians.com\/es\/#organization\",\"name\":\"The Vincentian Network\",\"url\":\"http:\/\/vincentians.com\/es\/\",\"logo\":{\"@type\":\"ImageObject\",\"inLanguage\":\"es\",\"@id\":\"http:\/\/vincentians.com\/es\/#\/schema\/logo\/image\/\",\"url\":\"https:\/\/i1.wp.com\/vincentians.com\/es\/wp-content\/uploads\/sites\/11\/2016\/06\/Vincentian-Network-logo-big.png?fit=778%2C778\",\"contentUrl\":\"https:\/\/i1.wp.com\/vincentians.com\/es\/wp-content\/uploads\/sites\/11\/2016\/06\/Vincentian-Network-logo-big.png?fit=778%2C778\",\"width\":778,\"height\":778,\"caption\":\"The Vincentian Network\"},\"image\":{\"@id\":\"http:\/\/vincentians.com\/es\/#\/schema\/logo\/image\/\"},\"sameAs\":[\"https:\/\/www.facebook.com\/WeAreVincentians\/\",\"https:\/\/x.com\/WeVincentians\"]},{\"@type\":\"Person\",\"@id\":\"http:\/\/vincentians.com\/es\/#\/schema\/person\/9623ef4d9aa3b2dfb8c061f1499288f2\",\"name\":\"Francisco Javier Fern\u00e1ndez Chento\",\"image\":{\"@type\":\"ImageObject\",\"inLanguage\":\"es\",\"@id\":\"http:\/\/vincentians.com\/es\/#\/schema\/person\/image\/\",\"url\":\"https:\/\/secure.gravatar.com\/avatar\/497d5cde87b4c3d097d0315953521681ba2cd523ee66e5077c3711f7021e65de?s=96&d=mm&r=g\",\"contentUrl\":\"https:\/\/secure.gravatar.com\/avatar\/497d5cde87b4c3d097d0315953521681ba2cd523ee66e5077c3711f7021e65de?s=96&d=mm&r=g\",\"caption\":\"Francisco Javier Fern\u00e1ndez Chento\"},\"description\":\"Director General y cofundador de La Red de Formaci\u00f3n Vicenciana. Javier es laico vicenciano, afiliado a la Congregaci\u00f3n de la Misi\u00f3n y miembro del Equipo de Misiones Populares de la provincia can\u00f3nica de Zaragoza (Espa\u00f1a) de la Congregaci\u00f3n de la Misi\u00f3n. Graduado en la Universidad Oberta de Catalunya con cuatro grados (Asistente de direcci\u00f3n, Gesti\u00f3n Administrativa, Recursos Humanos y Contabilidad Avanzada). Bil\u00edng\u00fce Espa\u00f1ol\/Ingl\u00e9s. gestiona y mantiene varias p\u00e1ginas web cristianas y vicencianas, incluida including La Red de Formaci\u00f3n Vicenciana, de la que es cofundador. Actualmente es responsable del \u00e1rea de Espa\u00f1ol de .famvin, la Red de Noticias de la Familia Vicenciana. Tambi\u00e9n es m\u00fasico cat\u00f3lico y ha editado varios discos. Es Director General y cofundador de Trovador, una reconocida compa\u00f1\u00eda discogr\u00e1fica critiana de Espa\u00f1a. Trabaja en las Tecnolog\u00edas de la Informaci\u00f3n, ofreciendo servicios de alojamiento, dise\u00f1o y mantenimiento Web, as\u00ed como asesoramiento, formaci\u00f3n y soluciones inform\u00e1ticas, gesti\u00f3n documental y digitalizaci\u00f3n de textos, edici\u00f3n y maquetaci\u00f3n de libros, revistas, flyers, etc.\",\"sameAs\":[\"http:\/\/chento.org\",\"https:\/\/www.facebook.com\/JavierChento\",\"https:\/\/x.com\/https:\/\/twitter.com\/javierchento\"],\"url\":\"http:\/\/vincentians.com\/es\/author\/chento\/\"}]}<\/script>\n<!-- \/ Yoast SEO plugin. -->","yoast_head_json":{"title":"Conceptos clave en misiones populares 19: Eucarist\u00eda final - Somos Vicencianos","robots":{"index":"index","follow":"follow","max-snippet":"max-snippet:-1","max-image-preview":"max-image-preview:large","max-video-preview":"max-video-preview:-1"},"canonical":"http:\/\/vincentians.com\/es\/conceptos-clave-en-misiones-populares-19-eucaristia-final\/","og_locale":"es_ES","og_type":"article","og_title":"Conceptos clave en misiones populares 19: Eucarist\u00eda final - Somos Vicencianos","og_description":"Este nombre que le damos entre nosotros est\u00e1 cargado de sentido. Los curas hablan frecuentemente de eucarist\u00eda \u00abde clausura\u00bb, nosotros de eucarist\u00eda \u00abfinal de etapa\u00bb. Su sentido es misionero. Retoma la historia propia (tradici\u00f3n) de ... Read More","og_url":"http:\/\/vincentians.com\/es\/conceptos-clave-en-misiones-populares-19-eucaristia-final\/","og_site_name":"Somos Vicencianos","article_publisher":"https:\/\/www.facebook.com\/WeAreVincentians\/","article_author":"https:\/\/www.facebook.com\/JavierChento","article_published_time":"2015-01-18T23:36:50+00:00","author":"Francisco Javier Fern\u00e1ndez Chento","twitter_card":"summary_large_image","twitter_creator":"@https:\/\/twitter.com\/javierchento","twitter_site":"@WeVincentians","twitter_misc":{"Escrito por":"Francisco Javier Fern\u00e1ndez Chento","Tiempo de lectura":"2 minutos"},"schema":{"@context":"https:\/\/schema.org","@graph":[{"@type":"Article","@id":"http:\/\/vincentians.com\/es\/conceptos-clave-en-misiones-populares-19-eucaristia-final\/#article","isPartOf":{"@id":"http:\/\/vincentians.com\/es\/conceptos-clave-en-misiones-populares-19-eucaristia-final\/"},"author":{"name":"Francisco Javier Fern\u00e1ndez Chento","@id":"http:\/\/vincentians.com\/es\/#\/schema\/person\/9623ef4d9aa3b2dfb8c061f1499288f2"},"headline":"Conceptos clave en misiones populares 19: Eucarist\u00eda final","datePublished":"2015-01-18T23:36:50+00:00","mainEntityOfPage":{"@id":"http:\/\/vincentians.com\/es\/conceptos-clave-en-misiones-populares-19-eucaristia-final\/"},"wordCount":313,"commentCount":0,"publisher":{"@id":"http:\/\/vincentians.com\/es\/#organization"},"image":{"@id":"http:\/\/vincentians.com\/es\/conceptos-clave-en-misiones-populares-19-eucaristia-final\/#primaryimage"},"thumbnailUrl":"","keywords":["Misiones Populares"],"articleSection":["Misiones populares"],"inLanguage":"es","potentialAction":[{"@type":"CommentAction","name":"Comment","target":["http:\/\/vincentians.com\/es\/conceptos-clave-en-misiones-populares-19-eucaristia-final\/#respond"]}]},{"@type":"WebPage","@id":"http:\/\/vincentians.com\/es\/conceptos-clave-en-misiones-populares-19-eucaristia-final\/","url":"http:\/\/vincentians.com\/es\/conceptos-clave-en-misiones-populares-19-eucaristia-final\/","name":"Conceptos clave en misiones populares 19: Eucarist\u00eda final - Somos Vicencianos","isPartOf":{"@id":"http:\/\/vincentians.com\/es\/#website"},"primaryImageOfPage":{"@id":"http:\/\/vincentians.com\/es\/conceptos-clave-en-misiones-populares-19-eucaristia-final\/#primaryimage"},"image":{"@id":"http:\/\/vincentians.com\/es\/conceptos-clave-en-misiones-populares-19-eucaristia-final\/#primaryimage"},"thumbnailUrl":"","datePublished":"2015-01-18T23:36:50+00:00","breadcrumb":{"@id":"http:\/\/vincentians.com\/es\/conceptos-clave-en-misiones-populares-19-eucaristia-final\/#breadcrumb"},"inLanguage":"es","potentialAction":[{"@type":"ReadAction","target":["http:\/\/vincentians.com\/es\/conceptos-clave-en-misiones-populares-19-eucaristia-final\/"]}]},{"@type":"ImageObject","inLanguage":"es","@id":"http:\/\/vincentians.com\/es\/conceptos-clave-en-misiones-populares-19-eucaristia-final\/#primaryimage","url":"","contentUrl":""},{"@type":"BreadcrumbList","@id":"http:\/\/vincentians.com\/es\/conceptos-clave-en-misiones-populares-19-eucaristia-final\/#breadcrumb","itemListElement":[{"@type":"ListItem","position":1,"name":"Portada","item":"http:\/\/vincentians.com\/es\/"},{"@type":"ListItem","position":2,"name":"Conceptos clave en misiones populares 19: Eucarist\u00eda final"}]},{"@type":"WebSite","@id":"http:\/\/vincentians.com\/es\/#website","url":"http:\/\/vincentians.com\/es\/","name":"Somos Vicencianos","description":"Know more to serve more","publisher":{"@id":"http:\/\/vincentians.com\/es\/#organization"},"potentialAction":[{"@type":"SearchAction","target":{"@type":"EntryPoint","urlTemplate":"http:\/\/vincentians.com\/es\/?s={search_term_string}"},"query-input":{"@type":"PropertyValueSpecification","valueRequired":true,"valueName":"search_term_string"}}],"inLanguage":"es"},{"@type":"Organization","@id":"http:\/\/vincentians.com\/es\/#organization","name":"The Vincentian Network","url":"http:\/\/vincentians.com\/es\/","logo":{"@type":"ImageObject","inLanguage":"es","@id":"http:\/\/vincentians.com\/es\/#\/schema\/logo\/image\/","url":"https:\/\/i1.wp.com\/vincentians.com\/es\/wp-content\/uploads\/sites\/11\/2016\/06\/Vincentian-Network-logo-big.png?fit=778%2C778","contentUrl":"https:\/\/i1.wp.com\/vincentians.com\/es\/wp-content\/uploads\/sites\/11\/2016\/06\/Vincentian-Network-logo-big.png?fit=778%2C778","width":778,"height":778,"caption":"The Vincentian Network"},"image":{"@id":"http:\/\/vincentians.com\/es\/#\/schema\/logo\/image\/"},"sameAs":["https:\/\/www.facebook.com\/WeAreVincentians\/","https:\/\/x.com\/WeVincentians"]},{"@type":"Person","@id":"http:\/\/vincentians.com\/es\/#\/schema\/person\/9623ef4d9aa3b2dfb8c061f1499288f2","name":"Francisco Javier Fern\u00e1ndez Chento","image":{"@type":"ImageObject","inLanguage":"es","@id":"http:\/\/vincentians.com\/es\/#\/schema\/person\/image\/","url":"https:\/\/secure.gravatar.com\/avatar\/497d5cde87b4c3d097d0315953521681ba2cd523ee66e5077c3711f7021e65de?s=96&d=mm&r=g","contentUrl":"https:\/\/secure.gravatar.com\/avatar\/497d5cde87b4c3d097d0315953521681ba2cd523ee66e5077c3711f7021e65de?s=96&d=mm&r=g","caption":"Francisco Javier Fern\u00e1ndez Chento"},"description":"Director General y cofundador de La Red de Formaci\u00f3n Vicenciana. Javier es laico vicenciano, afiliado a la Congregaci\u00f3n de la Misi\u00f3n y miembro del Equipo de Misiones Populares de la provincia can\u00f3nica de Zaragoza (Espa\u00f1a) de la Congregaci\u00f3n de la Misi\u00f3n. Graduado en la Universidad Oberta de Catalunya con cuatro grados (Asistente de direcci\u00f3n, Gesti\u00f3n Administrativa, Recursos Humanos y Contabilidad Avanzada). Bil\u00edng\u00fce Espa\u00f1ol\/Ingl\u00e9s. gestiona y mantiene varias p\u00e1ginas web cristianas y vicencianas, incluida including La Red de Formaci\u00f3n Vicenciana, de la que es cofundador. Actualmente es responsable del \u00e1rea de Espa\u00f1ol de .famvin, la Red de Noticias de la Familia Vicenciana. Tambi\u00e9n es m\u00fasico cat\u00f3lico y ha editado varios discos. Es Director General y cofundador de Trovador, una reconocida compa\u00f1\u00eda discogr\u00e1fica critiana de Espa\u00f1a. Trabaja en las Tecnolog\u00edas de la Informaci\u00f3n, ofreciendo servicios de alojamiento, dise\u00f1o y mantenimiento Web, as\u00ed como asesoramiento, formaci\u00f3n y soluciones inform\u00e1ticas, gesti\u00f3n documental y digitalizaci\u00f3n de textos, edici\u00f3n y maquetaci\u00f3n de libros, revistas, flyers, etc.","sameAs":["http:\/\/chento.org","https:\/\/www.facebook.com\/JavierChento","https:\/\/x.com\/https:\/\/twitter.com\/javierchento"],"url":"http:\/\/vincentians.com\/es\/author\/chento\/"}]}},"jetpack_publicize_connections":[],"jetpack_featured_media_url":"","jetpack_sharing_enabled":true,"jetpack_shortlink":"https:\/\/wp.me\/p7ETMF-yFo","jetpack-related-posts":[{"id":15730,"url":"http:\/\/vincentians.com\/es\/la-centralidad-de-la-eucaristia-en-la-vocacion-vicenciana\/","url_meta":{"origin":133262,"position":0},"title":"La centralidad de la Eucaristia en la vocaci\u00f3n vicenciana","author":"Francisco Javier Fern\u00e1ndez Chento","date":"22\/01\/2015","format":false,"excerpt":"Caridad y misi\u00f3n son dos modalidades expresivas del \u00edntimo sen\u00adtir, vivir y actuar de la personalidad del misionero vicentino. Su voca\u00adci\u00f3n se mueve entre las dos dimensiones fundamentales de la caridad y de la misi\u00f3n. La caridad designa el principio propio de su existir yla misi\u00f3n expresa la acci\u00f3n de\u2026","rel":"","context":"En \u00abEspiritualidad vicenciana\u00bb","block_context":{"text":"Espiritualidad vicenciana","link":"http:\/\/vincentians.com\/es\/category\/espiritualidad\/espiritualidad-vicenciana\/"},"img":{"alt_text":"","src":"https:\/\/i0.wp.com\/vicencianos.org\/wp-content\/2010\/04\/eucaristia_2010-257x300.jpg?resize=350%2C200","width":350,"height":200},"classes":[]},{"id":46065,"url":"http:\/\/vincentians.com\/es\/una-experiencia-de-pastoral-de-juventud-en-misiones-populares\/","url_meta":{"origin":133262,"position":1},"title":"Una experiencia de pastoral de juventud en misiones populares","author":"Francisco Javier Fern\u00e1ndez Chento","date":"24\/09\/2011","format":false,"excerpt":"Introducci\u00f3n \"Mensaje Vicenciano y Juventud Actual\", como tema cen\u00adtral de una Semana de Estudios vicencianos dentro del A\u00f1o Internacional que estamos celebrando parece lo m\u00e1s normal e interesante. Lo que no v\u00ed, desde el principio, fue mi presencia dentro de esta ponencia. No lo v\u00ed y me sigue costando verlo\u2026","rel":"","context":"En \u00abJuventud\u00bb","block_context":{"text":"Juventud","link":"http:\/\/vincentians.com\/es\/category\/servicios-y-ministerios\/juventud\/"},"img":{"alt_text":"","src":"https:\/\/i0.wp.com\/vicencianos.org\/wp-content\/2011\/07\/jovenes-230x300.jpg?resize=350%2C200","width":350,"height":200},"classes":[]},{"id":141786,"url":"http:\/\/vincentians.com\/es\/unidos-en-la-oracion\/","url_meta":{"origin":133262,"position":2},"title":"Unidos en la oraci\u00f3n","author":"Francisco Javier Fern\u00e1ndez Chento","date":"18\/03\/2015","format":false,"excerpt":"\u00abSi aqu\u00ed en la tierra dos de vosotros se ponen de acuerdo, cualquier asunto por el \u00ad que pidan les resultar\u00e1, por obra de mi Padre del cielo, pues donde est\u00e1n dos o tres reunidos apelando a m\u00ed, all\u00ed en medio de ellos estoy yo\u00bb. (Mt 18, 19-20). \u00abLa comunidad\u2026","rel":"","context":"En \u00abEspiritualidad vicenciana\u00bb","block_context":{"text":"Espiritualidad vicenciana","link":"http:\/\/vincentians.com\/es\/category\/espiritualidad\/espiritualidad-vicenciana\/"},"img":{"alt_text":"asd","src":"https:\/\/i0.wp.com\/vicencianos.org\/wp-content\/2015\/03\/asd7-269x300.jpg?resize=350%2C200","width":350,"height":200},"classes":[]},{"id":135774,"url":"http:\/\/vincentians.com\/es\/11o-domingo-de-tiempo-ordinario-reflexion-de-antonio-elduayen-c-m\/","url_meta":{"origin":133262,"position":3},"title":"11\u00ba Domingo de Tiempo Ordinario (reflexi\u00f3n de Antonio Elduayen, C.M.)","author":"Francisco Javier Fern\u00e1ndez Chento","date":"16\/06\/2012","format":false,"excerpt":"Queridos amigos En el Corpus Cristi parroquial, que con misa solemne y procesi\u00f3n celebramos hoy, les remito a la Carta y Tema, que sobre la eucarist\u00eda les escrib\u00ed para su Fiesta el domingo pasado. Aqu\u00ed y ahora, quiero referirme a lo que nuestro Proyecto Pastoral Parroquial nos pide tener en\u2026","rel":"","context":"En \u00abHomil\u00edas y reflexiones, A\u00f1o B\u00bb","block_context":{"text":"Homil\u00edas y reflexiones, A\u00f1o B","link":"http:\/\/vincentians.com\/es\/category\/homilias-y-reflexiones-a-la-palabra-de-dios\/homilias-y-reflexiones-ano-b\/"},"img":{"alt_text":"","src":"https:\/\/i0.wp.com\/vincentians.com\/es\/wp-content\/uploads\/sites\/11\/2016\/07\/reflexiones-palabra-de-dios.jpg?fit=1200%2C630&resize=350%2C200","width":350,"height":200,"srcset":"https:\/\/i0.wp.com\/vincentians.com\/es\/wp-content\/uploads\/sites\/11\/2016\/07\/reflexiones-palabra-de-dios.jpg?fit=1200%2C630&resize=350%2C200 1x, https:\/\/i0.wp.com\/vincentians.com\/es\/wp-content\/uploads\/sites\/11\/2016\/07\/reflexiones-palabra-de-dios.jpg?fit=1200%2C630&resize=525%2C300 1.5x, https:\/\/i0.wp.com\/vincentians.com\/es\/wp-content\/uploads\/sites\/11\/2016\/07\/reflexiones-palabra-de-dios.jpg?fit=1200%2C630&resize=700%2C400 2x, https:\/\/i0.wp.com\/vincentians.com\/es\/wp-content\/uploads\/sites\/11\/2016\/07\/reflexiones-palabra-de-dios.jpg?fit=1200%2C630&resize=1050%2C600 3x"},"classes":[]},{"id":387144,"url":"http:\/\/vincentians.com\/es\/la-eucaristia-fuente-y-culmen-de-la-vida-cristiana\/","url_meta":{"origin":133262,"position":4},"title":"La Eucarist\u00eda fuente y culmen de la vida cristiana","author":"Mitxel Olabu\u00e9naga","date":"03\/03\/2016","format":false,"excerpt":"Cada vez que com\u00e9is de este pan y beb\u00e9is de esa copa, proclam\u00e1is la muerte del Se\u00f1or, hasta que El vuelva\u00bb. (I Cor 11,26). \u00ad\u00abNuestra vida debe tender a la celebraci\u00f3n diaria de la Cena del Se\u00f1or como a su culmen: de ella dimana, en efecto, como de su fuente,\u2026","rel":"","context":"En \u00abEspiritualidad\u00bb","block_context":{"text":"Espiritualidad","link":"http:\/\/vincentians.com\/es\/category\/espiritualidad\/"},"img":{"alt_text":"asd","src":"https:\/\/i0.wp.com\/vicencianos.org\/wp-content\/uploads\/2016\/02\/asd-6-300x224.jpg?resize=350%2C200","width":350,"height":200},"classes":[]},{"id":135765,"url":"http:\/\/vincentians.com\/es\/corpus-christi-reflexion-de-jose-roman-flecha\/","url_meta":{"origin":133262,"position":5},"title":"Corpus Christi (reflexi\u00f3n de Jos\u00e9 Rom\u00e1n Flecha)","author":"Francisco Javier Fern\u00e1ndez Chento","date":"05\/06\/2012","format":false,"excerpt":"CUERPO Y SANGRE DE CRISTO Solemnidad del Sant\u00edsimo Cuerpo y Sangre de Cristo 10 de junio de 2012 La fiesta del Cuerpo y la Sangre de Cristo nos recuerda la instituci\u00f3n de la Eucarist\u00eda. En su celebraci\u00f3n, anunciamos la muerte de Cristo, proclamamos su resurrecci\u00f3n y manifestamos nuestra decisi\u00f3n de\u2026","rel":"","context":"En \u00abHomil\u00edas y reflexiones, A\u00f1o B\u00bb","block_context":{"text":"Homil\u00edas y reflexiones, A\u00f1o B","link":"http:\/\/vincentians.com\/es\/category\/homilias-y-reflexiones-a-la-palabra-de-dios\/homilias-y-reflexiones-ano-b\/"},"img":{"alt_text":"","src":"https:\/\/i0.wp.com\/vincentians.com\/es\/wp-content\/uploads\/sites\/11\/2016\/07\/reflexiones-palabra-de-dios.jpg?fit=1200%2C630&resize=350%2C200","width":350,"height":200,"srcset":"https:\/\/i0.wp.com\/vincentians.com\/es\/wp-content\/uploads\/sites\/11\/2016\/07\/reflexiones-palabra-de-dios.jpg?fit=1200%2C630&resize=350%2C200 1x, https:\/\/i0.wp.com\/vincentians.com\/es\/wp-content\/uploads\/sites\/11\/2016\/07\/reflexiones-palabra-de-dios.jpg?fit=1200%2C630&resize=525%2C300 1.5x, https:\/\/i0.wp.com\/vincentians.com\/es\/wp-content\/uploads\/sites\/11\/2016\/07\/reflexiones-palabra-de-dios.jpg?fit=1200%2C630&resize=700%2C400 2x, https:\/\/i0.wp.com\/vincentians.com\/es\/wp-content\/uploads\/sites\/11\/2016\/07\/reflexiones-palabra-de-dios.jpg?fit=1200%2C630&resize=1050%2C600 3x"},"classes":[]}],"_links":{"self":[{"href":"http:\/\/vincentians.com\/es\/wp-json\/wp\/v2\/posts\/133262","targetHints":{"allow":["GET"]}}],"collection":[{"href":"http:\/\/vincentians.com\/es\/wp-json\/wp\/v2\/posts"}],"about":[{"href":"http:\/\/vincentians.com\/es\/wp-json\/wp\/v2\/types\/post"}],"author":[{"embeddable":true,"href":"http:\/\/vincentians.com\/es\/wp-json\/wp\/v2\/users\/4"}],"replies":[{"embeddable":true,"href":"http:\/\/vincentians.com\/es\/wp-json\/wp\/v2\/comments?post=133262"}],"version-history":[{"count":0,"href":"http:\/\/vincentians.com\/es\/wp-json\/wp\/v2\/posts\/133262\/revisions"}],"wp:featuredmedia":[{"embeddable":true,"href":"http:\/\/vincentians.com\/es\/wp-json\/"}],"wp:attachment":[{"href":"http:\/\/vincentians.com\/es\/wp-json\/wp\/v2\/media?parent=133262"}],"wp:term":[{"taxonomy":"category","embeddable":true,"href":"http:\/\/vincentians.com\/es\/wp-json\/wp\/v2\/categories?post=133262"},{"taxonomy":"post_tag","embeddable":true,"href":"http:\/\/vincentians.com\/es\/wp-json\/wp\/v2\/tags?post=133262"}],"curies":[{"name":"wp","href":"https:\/\/api.w.org\/{rel}","templated":true}]}}