{"id":133260,"date":"2015-01-17T05:02:21","date_gmt":"2015-01-17T04:02:21","guid":{"rendered":"http:\/\/somos.vicencianos.org\/misionespopulares\/?p=200"},"modified":"2015-01-17T05:02:21","modified_gmt":"2015-01-17T04:02:21","slug":"conceptos-clave-en-misiones-populares-17-ofrecer-y-disponerse","status":"publish","type":"post","link":"http:\/\/vincentians.com\/es\/conceptos-clave-en-misiones-populares-17-ofrecer-y-disponerse\/","title":{"rendered":"Conceptos clave en misiones populares 17: Ofrecer y disponerse"},"content":{"rendered":"<p><a href=\"https:\/\/i0.wp.com\/vicencianos.org\/wp-content\/2015\/01\/Agustin89.jpg\"><img data-recalc-dims=\"1\" loading=\"lazy\" decoding=\"async\" class=\"alignright size-medium wp-image-133393\" src=\"https:\/\/i0.wp.com\/vicencianos.org\/wp-content\/2015\/01\/Agustin89-300x225.jpg?resize=300%2C225\" alt=\"Agustin89\" width=\"300\" height=\"225\" \/><\/a>El concepto anterior dedicado a los <b>Grupos de Encuentro<\/b> tiene una continuidad necesaria en este nuevo concepto (estos nuevos conceptos): <b>ofrecer <\/b>y<b> disponerse<\/b>. <i>Vino a nosotros<\/i>, dice el pr\u00f3logo de Juan (Jn 1) y las respuestas son diferentes: unos se niegan a la luz, otros se cierran y otros reciben, aceptan, muestran su buena disposici\u00f3n. Nunca hemos de olvidar que esta respuesta es libre y aceptada as\u00ed por Jes\u00fas mismo. Cualquier estructura por buena que sea sin la respuesta positiva y de fe queda sin fruto.<\/p>\n<p>Conforme va avanzando el <i>tiempo de preparaci\u00f3n<\/i> a los p\u00e1rrocos se les pide que, sirvi\u00e9ndose del conocimiento de su parroquia y de cualquier otro medio vayan haciendo una llamada en un doble sentido: para <b>abrir la propia casa<\/b> y para un servicio, el de <b>animar <\/b>uno de esos grupos de encuentro. Un bolet\u00edn que utilizamos en los \u00faltimos d\u00edas de la preparaci\u00f3n dice as\u00ed:<\/p>\n<blockquote>\n<h2>\u00a1Necesitamos encontrarnos!<\/h2>\n<p>Y en la Misi\u00f3n que est\u00e1 organizando la Parroquia para todos, vamos a tener la oportunidad de \u00abencontrarnos\u00bb. Para ello, <b>en la \u00faltima semana de la Misi\u00f3n<\/b>, se organizar\u00e1n unos <b>Grupos de Encuentro<\/b>.<\/p>\n<h2>\u00a1T\u00fa puedes colaborar!<\/h2>\n[1] \u00bfTe animas a <b>ofrecer tu casa<\/b> para acoger uno de estos Grupos de Encuentro?<\/p>\n[2] \u00bfSabes de alguna casa\/piso de la zona donde vives en la que piensas que se sentir\u00eda\u00a0 a gusto la gente?<\/p>\n[3] \u00bfTe atrever\u00edas a <b>conducir<\/b> y <b>animar<\/b> uno de estos Grupos de Encuentro?<\/p>\n<p>Eligiendo [1] o [3], o ambas posibilidades, puedes hacer un <b>gran servicio<\/b> a tu \u00abComunidad\u00bb. \u00a1Gracias!<\/p><\/blockquote>\n<p>Luego, durante todo el tiempo fuerte de misi\u00f3n y particularmente en las visitas y encuentros con las personas los misioneros que venimos de fuera de la comunidad parroquial seguimos potenciando esta tarea.<\/p>\n<p><i>El bolet\u00edn termina diciendo<\/i>: No tengas miedo. Los Misioneros dedicar\u00e1n todo el tiempo que necesites a prepararte. Porque este es uno de los objetivos m\u00e1s cuidados por los misioneros venidos de fuera en el tiempo fuerte de la misi\u00f3n.<\/p>\n<p><a href=\"https:\/\/i0.wp.com\/vicencianos.org\/wp-content\/2015\/01\/P1190129.jpg\"><img data-recalc-dims=\"1\" loading=\"lazy\" decoding=\"async\" class=\"aligncenter size-full wp-image-133395\" src=\"https:\/\/i0.wp.com\/vicencianos.org\/wp-content\/2015\/01\/P1190129.jpg?resize=846%2C635\" alt=\"P1190129\" width=\"846\" height=\"635\" \/><\/a><\/p>\n","protected":false},"excerpt":{"rendered":"<p>El concepto anterior dedicado a los Grupos de Encuentro tiene una continuidad necesaria en este nuevo concepto (estos nuevos conceptos): ofrecer y disponerse. Vino a nosotros, dice el pr\u00f3logo de Juan (Jn 1) y las &#8230; <a href=\"http:\/\/vincentians.com\/es\/conceptos-clave-en-misiones-populares-17-ofrecer-y-disponerse\/\" class=\"more-link\">Read More<\/a><\/p>\n","protected":false},"author":4,"featured_media":133393,"comment_status":"open","ping_status":"open","sticky":false,"template":"","format":"standard","meta":{"jetpack_post_was_ever_published":false,"_jetpack_newsletter_access":"","_jetpack_dont_email_post_to_subs":false,"_jetpack_newsletter_tier_id":0,"_jetpack_memberships_contains_paywalled_content":false,"_jetpack_memberships_contains_paid_content":false,"footnotes":"","jetpack_publicize_message":"","jetpack_publicize_feature_enabled":true,"jetpack_social_post_already_shared":true,"jetpack_social_options":{"image_generator_settings":{"template":"highway","default_image_id":0,"font":"","enabled":false},"version":2}},"categories":[328],"tags":[176],"class_list":["post-133260","post","type-post","status-publish","format-standard","has-post-thumbnail","hentry","category-misiones-populares-misiones","tag-misiones-populares"],"yoast_head":"<!-- This site is optimized with the Yoast SEO plugin v26.3 - https:\/\/yoast.com\/wordpress\/plugins\/seo\/ -->\n<title>Conceptos clave en misiones populares 17: Ofrecer y disponerse - Somos Vicencianos<\/title>\n<meta name=\"robots\" content=\"index, follow, max-snippet:-1, max-image-preview:large, max-video-preview:-1\" \/>\n<link rel=\"canonical\" href=\"http:\/\/vincentians.com\/es\/conceptos-clave-en-misiones-populares-17-ofrecer-y-disponerse\/\" \/>\n<meta property=\"og:locale\" content=\"es_ES\" \/>\n<meta property=\"og:type\" content=\"article\" \/>\n<meta property=\"og:title\" content=\"Conceptos clave en misiones populares 17: Ofrecer y disponerse - Somos Vicencianos\" \/>\n<meta property=\"og:description\" content=\"El concepto anterior dedicado a los Grupos de Encuentro tiene una continuidad necesaria en este nuevo concepto (estos nuevos conceptos): ofrecer y disponerse. Vino a nosotros, dice el pr\u00f3logo de Juan (Jn 1) y las ... Read More\" \/>\n<meta property=\"og:url\" content=\"http:\/\/vincentians.com\/es\/conceptos-clave-en-misiones-populares-17-ofrecer-y-disponerse\/\" \/>\n<meta property=\"og:site_name\" content=\"Somos Vicencianos\" \/>\n<meta property=\"article:publisher\" content=\"https:\/\/www.facebook.com\/WeAreVincentians\/\" \/>\n<meta property=\"article:author\" content=\"https:\/\/www.facebook.com\/JavierChento\" \/>\n<meta property=\"article:published_time\" content=\"2015-01-17T04:02:21+00:00\" \/>\n<meta name=\"author\" content=\"Francisco Javier Fern\u00e1ndez Chento\" \/>\n<meta name=\"twitter:card\" content=\"summary_large_image\" \/>\n<meta name=\"twitter:creator\" content=\"@https:\/\/twitter.com\/javierchento\" \/>\n<meta name=\"twitter:site\" content=\"@WeVincentians\" \/>\n<meta name=\"twitter:label1\" content=\"Escrito por\" \/>\n\t<meta name=\"twitter:data1\" content=\"Francisco Javier Fern\u00e1ndez Chento\" \/>\n\t<meta name=\"twitter:label2\" content=\"Tiempo de lectura\" \/>\n\t<meta name=\"twitter:data2\" content=\"2 minutos\" \/>\n<script type=\"application\/ld+json\" class=\"yoast-schema-graph\">{\"@context\":\"https:\/\/schema.org\",\"@graph\":[{\"@type\":\"Article\",\"@id\":\"http:\/\/vincentians.com\/es\/conceptos-clave-en-misiones-populares-17-ofrecer-y-disponerse\/#article\",\"isPartOf\":{\"@id\":\"http:\/\/vincentians.com\/es\/conceptos-clave-en-misiones-populares-17-ofrecer-y-disponerse\/\"},\"author\":{\"name\":\"Francisco Javier Fern\u00e1ndez Chento\",\"@id\":\"http:\/\/vincentians.com\/es\/#\/schema\/person\/9623ef4d9aa3b2dfb8c061f1499288f2\"},\"headline\":\"Conceptos clave en misiones populares 17: Ofrecer y disponerse\",\"datePublished\":\"2015-01-17T04:02:21+00:00\",\"mainEntityOfPage\":{\"@id\":\"http:\/\/vincentians.com\/es\/conceptos-clave-en-misiones-populares-17-ofrecer-y-disponerse\/\"},\"wordCount\":346,\"commentCount\":0,\"publisher\":{\"@id\":\"http:\/\/vincentians.com\/es\/#organization\"},\"image\":{\"@id\":\"http:\/\/vincentians.com\/es\/conceptos-clave-en-misiones-populares-17-ofrecer-y-disponerse\/#primaryimage\"},\"thumbnailUrl\":\"\",\"keywords\":[\"Misiones Populares\"],\"articleSection\":[\"Misiones populares\"],\"inLanguage\":\"es\",\"potentialAction\":[{\"@type\":\"CommentAction\",\"name\":\"Comment\",\"target\":[\"http:\/\/vincentians.com\/es\/conceptos-clave-en-misiones-populares-17-ofrecer-y-disponerse\/#respond\"]}]},{\"@type\":\"WebPage\",\"@id\":\"http:\/\/vincentians.com\/es\/conceptos-clave-en-misiones-populares-17-ofrecer-y-disponerse\/\",\"url\":\"http:\/\/vincentians.com\/es\/conceptos-clave-en-misiones-populares-17-ofrecer-y-disponerse\/\",\"name\":\"Conceptos clave en misiones populares 17: Ofrecer y disponerse - Somos Vicencianos\",\"isPartOf\":{\"@id\":\"http:\/\/vincentians.com\/es\/#website\"},\"primaryImageOfPage\":{\"@id\":\"http:\/\/vincentians.com\/es\/conceptos-clave-en-misiones-populares-17-ofrecer-y-disponerse\/#primaryimage\"},\"image\":{\"@id\":\"http:\/\/vincentians.com\/es\/conceptos-clave-en-misiones-populares-17-ofrecer-y-disponerse\/#primaryimage\"},\"thumbnailUrl\":\"\",\"datePublished\":\"2015-01-17T04:02:21+00:00\",\"breadcrumb\":{\"@id\":\"http:\/\/vincentians.com\/es\/conceptos-clave-en-misiones-populares-17-ofrecer-y-disponerse\/#breadcrumb\"},\"inLanguage\":\"es\",\"potentialAction\":[{\"@type\":\"ReadAction\",\"target\":[\"http:\/\/vincentians.com\/es\/conceptos-clave-en-misiones-populares-17-ofrecer-y-disponerse\/\"]}]},{\"@type\":\"ImageObject\",\"inLanguage\":\"es\",\"@id\":\"http:\/\/vincentians.com\/es\/conceptos-clave-en-misiones-populares-17-ofrecer-y-disponerse\/#primaryimage\",\"url\":\"\",\"contentUrl\":\"\"},{\"@type\":\"BreadcrumbList\",\"@id\":\"http:\/\/vincentians.com\/es\/conceptos-clave-en-misiones-populares-17-ofrecer-y-disponerse\/#breadcrumb\",\"itemListElement\":[{\"@type\":\"ListItem\",\"position\":1,\"name\":\"Portada\",\"item\":\"http:\/\/vincentians.com\/es\/\"},{\"@type\":\"ListItem\",\"position\":2,\"name\":\"Conceptos clave en misiones populares 17: Ofrecer y disponerse\"}]},{\"@type\":\"WebSite\",\"@id\":\"http:\/\/vincentians.com\/es\/#website\",\"url\":\"http:\/\/vincentians.com\/es\/\",\"name\":\"Somos Vicencianos\",\"description\":\"Know more to serve more\",\"publisher\":{\"@id\":\"http:\/\/vincentians.com\/es\/#organization\"},\"potentialAction\":[{\"@type\":\"SearchAction\",\"target\":{\"@type\":\"EntryPoint\",\"urlTemplate\":\"http:\/\/vincentians.com\/es\/?s={search_term_string}\"},\"query-input\":{\"@type\":\"PropertyValueSpecification\",\"valueRequired\":true,\"valueName\":\"search_term_string\"}}],\"inLanguage\":\"es\"},{\"@type\":\"Organization\",\"@id\":\"http:\/\/vincentians.com\/es\/#organization\",\"name\":\"The Vincentian Network\",\"url\":\"http:\/\/vincentians.com\/es\/\",\"logo\":{\"@type\":\"ImageObject\",\"inLanguage\":\"es\",\"@id\":\"http:\/\/vincentians.com\/es\/#\/schema\/logo\/image\/\",\"url\":\"https:\/\/i1.wp.com\/vincentians.com\/es\/wp-content\/uploads\/sites\/11\/2016\/06\/Vincentian-Network-logo-big.png?fit=778%2C778\",\"contentUrl\":\"https:\/\/i1.wp.com\/vincentians.com\/es\/wp-content\/uploads\/sites\/11\/2016\/06\/Vincentian-Network-logo-big.png?fit=778%2C778\",\"width\":778,\"height\":778,\"caption\":\"The Vincentian Network\"},\"image\":{\"@id\":\"http:\/\/vincentians.com\/es\/#\/schema\/logo\/image\/\"},\"sameAs\":[\"https:\/\/www.facebook.com\/WeAreVincentians\/\",\"https:\/\/x.com\/WeVincentians\"]},{\"@type\":\"Person\",\"@id\":\"http:\/\/vincentians.com\/es\/#\/schema\/person\/9623ef4d9aa3b2dfb8c061f1499288f2\",\"name\":\"Francisco Javier Fern\u00e1ndez Chento\",\"image\":{\"@type\":\"ImageObject\",\"inLanguage\":\"es\",\"@id\":\"http:\/\/vincentians.com\/es\/#\/schema\/person\/image\/\",\"url\":\"https:\/\/secure.gravatar.com\/avatar\/497d5cde87b4c3d097d0315953521681ba2cd523ee66e5077c3711f7021e65de?s=96&d=mm&r=g\",\"contentUrl\":\"https:\/\/secure.gravatar.com\/avatar\/497d5cde87b4c3d097d0315953521681ba2cd523ee66e5077c3711f7021e65de?s=96&d=mm&r=g\",\"caption\":\"Francisco Javier Fern\u00e1ndez Chento\"},\"description\":\"Director General y cofundador de La Red de Formaci\u00f3n Vicenciana. Javier es laico vicenciano, afiliado a la Congregaci\u00f3n de la Misi\u00f3n y miembro del Equipo de Misiones Populares de la provincia can\u00f3nica de Zaragoza (Espa\u00f1a) de la Congregaci\u00f3n de la Misi\u00f3n. Graduado en la Universidad Oberta de Catalunya con cuatro grados (Asistente de direcci\u00f3n, Gesti\u00f3n Administrativa, Recursos Humanos y Contabilidad Avanzada). Bil\u00edng\u00fce Espa\u00f1ol\/Ingl\u00e9s. gestiona y mantiene varias p\u00e1ginas web cristianas y vicencianas, incluida including La Red de Formaci\u00f3n Vicenciana, de la que es cofundador. Actualmente es responsable del \u00e1rea de Espa\u00f1ol de .famvin, la Red de Noticias de la Familia Vicenciana. Tambi\u00e9n es m\u00fasico cat\u00f3lico y ha editado varios discos. Es Director General y cofundador de Trovador, una reconocida compa\u00f1\u00eda discogr\u00e1fica critiana de Espa\u00f1a. Trabaja en las Tecnolog\u00edas de la Informaci\u00f3n, ofreciendo servicios de alojamiento, dise\u00f1o y mantenimiento Web, as\u00ed como asesoramiento, formaci\u00f3n y soluciones inform\u00e1ticas, gesti\u00f3n documental y digitalizaci\u00f3n de textos, edici\u00f3n y maquetaci\u00f3n de libros, revistas, flyers, etc.\",\"sameAs\":[\"http:\/\/chento.org\",\"https:\/\/www.facebook.com\/JavierChento\",\"https:\/\/x.com\/https:\/\/twitter.com\/javierchento\"],\"url\":\"http:\/\/vincentians.com\/es\/author\/chento\/\"}]}<\/script>\n<!-- \/ Yoast SEO plugin. -->","yoast_head_json":{"title":"Conceptos clave en misiones populares 17: Ofrecer y disponerse - Somos Vicencianos","robots":{"index":"index","follow":"follow","max-snippet":"max-snippet:-1","max-image-preview":"max-image-preview:large","max-video-preview":"max-video-preview:-1"},"canonical":"http:\/\/vincentians.com\/es\/conceptos-clave-en-misiones-populares-17-ofrecer-y-disponerse\/","og_locale":"es_ES","og_type":"article","og_title":"Conceptos clave en misiones populares 17: Ofrecer y disponerse - Somos Vicencianos","og_description":"El concepto anterior dedicado a los Grupos de Encuentro tiene una continuidad necesaria en este nuevo concepto (estos nuevos conceptos): ofrecer y disponerse. Vino a nosotros, dice el pr\u00f3logo de Juan (Jn 1) y las ... Read More","og_url":"http:\/\/vincentians.com\/es\/conceptos-clave-en-misiones-populares-17-ofrecer-y-disponerse\/","og_site_name":"Somos Vicencianos","article_publisher":"https:\/\/www.facebook.com\/WeAreVincentians\/","article_author":"https:\/\/www.facebook.com\/JavierChento","article_published_time":"2015-01-17T04:02:21+00:00","author":"Francisco Javier Fern\u00e1ndez Chento","twitter_card":"summary_large_image","twitter_creator":"@https:\/\/twitter.com\/javierchento","twitter_site":"@WeVincentians","twitter_misc":{"Escrito por":"Francisco Javier Fern\u00e1ndez Chento","Tiempo de lectura":"2 minutos"},"schema":{"@context":"https:\/\/schema.org","@graph":[{"@type":"Article","@id":"http:\/\/vincentians.com\/es\/conceptos-clave-en-misiones-populares-17-ofrecer-y-disponerse\/#article","isPartOf":{"@id":"http:\/\/vincentians.com\/es\/conceptos-clave-en-misiones-populares-17-ofrecer-y-disponerse\/"},"author":{"name":"Francisco Javier Fern\u00e1ndez Chento","@id":"http:\/\/vincentians.com\/es\/#\/schema\/person\/9623ef4d9aa3b2dfb8c061f1499288f2"},"headline":"Conceptos clave en misiones populares 17: Ofrecer y disponerse","datePublished":"2015-01-17T04:02:21+00:00","mainEntityOfPage":{"@id":"http:\/\/vincentians.com\/es\/conceptos-clave-en-misiones-populares-17-ofrecer-y-disponerse\/"},"wordCount":346,"commentCount":0,"publisher":{"@id":"http:\/\/vincentians.com\/es\/#organization"},"image":{"@id":"http:\/\/vincentians.com\/es\/conceptos-clave-en-misiones-populares-17-ofrecer-y-disponerse\/#primaryimage"},"thumbnailUrl":"","keywords":["Misiones Populares"],"articleSection":["Misiones populares"],"inLanguage":"es","potentialAction":[{"@type":"CommentAction","name":"Comment","target":["http:\/\/vincentians.com\/es\/conceptos-clave-en-misiones-populares-17-ofrecer-y-disponerse\/#respond"]}]},{"@type":"WebPage","@id":"http:\/\/vincentians.com\/es\/conceptos-clave-en-misiones-populares-17-ofrecer-y-disponerse\/","url":"http:\/\/vincentians.com\/es\/conceptos-clave-en-misiones-populares-17-ofrecer-y-disponerse\/","name":"Conceptos clave en misiones populares 17: Ofrecer y disponerse - Somos Vicencianos","isPartOf":{"@id":"http:\/\/vincentians.com\/es\/#website"},"primaryImageOfPage":{"@id":"http:\/\/vincentians.com\/es\/conceptos-clave-en-misiones-populares-17-ofrecer-y-disponerse\/#primaryimage"},"image":{"@id":"http:\/\/vincentians.com\/es\/conceptos-clave-en-misiones-populares-17-ofrecer-y-disponerse\/#primaryimage"},"thumbnailUrl":"","datePublished":"2015-01-17T04:02:21+00:00","breadcrumb":{"@id":"http:\/\/vincentians.com\/es\/conceptos-clave-en-misiones-populares-17-ofrecer-y-disponerse\/#breadcrumb"},"inLanguage":"es","potentialAction":[{"@type":"ReadAction","target":["http:\/\/vincentians.com\/es\/conceptos-clave-en-misiones-populares-17-ofrecer-y-disponerse\/"]}]},{"@type":"ImageObject","inLanguage":"es","@id":"http:\/\/vincentians.com\/es\/conceptos-clave-en-misiones-populares-17-ofrecer-y-disponerse\/#primaryimage","url":"","contentUrl":""},{"@type":"BreadcrumbList","@id":"http:\/\/vincentians.com\/es\/conceptos-clave-en-misiones-populares-17-ofrecer-y-disponerse\/#breadcrumb","itemListElement":[{"@type":"ListItem","position":1,"name":"Portada","item":"http:\/\/vincentians.com\/es\/"},{"@type":"ListItem","position":2,"name":"Conceptos clave en misiones populares 17: Ofrecer y disponerse"}]},{"@type":"WebSite","@id":"http:\/\/vincentians.com\/es\/#website","url":"http:\/\/vincentians.com\/es\/","name":"Somos Vicencianos","description":"Know more to serve more","publisher":{"@id":"http:\/\/vincentians.com\/es\/#organization"},"potentialAction":[{"@type":"SearchAction","target":{"@type":"EntryPoint","urlTemplate":"http:\/\/vincentians.com\/es\/?s={search_term_string}"},"query-input":{"@type":"PropertyValueSpecification","valueRequired":true,"valueName":"search_term_string"}}],"inLanguage":"es"},{"@type":"Organization","@id":"http:\/\/vincentians.com\/es\/#organization","name":"The Vincentian Network","url":"http:\/\/vincentians.com\/es\/","logo":{"@type":"ImageObject","inLanguage":"es","@id":"http:\/\/vincentians.com\/es\/#\/schema\/logo\/image\/","url":"https:\/\/i1.wp.com\/vincentians.com\/es\/wp-content\/uploads\/sites\/11\/2016\/06\/Vincentian-Network-logo-big.png?fit=778%2C778","contentUrl":"https:\/\/i1.wp.com\/vincentians.com\/es\/wp-content\/uploads\/sites\/11\/2016\/06\/Vincentian-Network-logo-big.png?fit=778%2C778","width":778,"height":778,"caption":"The Vincentian Network"},"image":{"@id":"http:\/\/vincentians.com\/es\/#\/schema\/logo\/image\/"},"sameAs":["https:\/\/www.facebook.com\/WeAreVincentians\/","https:\/\/x.com\/WeVincentians"]},{"@type":"Person","@id":"http:\/\/vincentians.com\/es\/#\/schema\/person\/9623ef4d9aa3b2dfb8c061f1499288f2","name":"Francisco Javier Fern\u00e1ndez Chento","image":{"@type":"ImageObject","inLanguage":"es","@id":"http:\/\/vincentians.com\/es\/#\/schema\/person\/image\/","url":"https:\/\/secure.gravatar.com\/avatar\/497d5cde87b4c3d097d0315953521681ba2cd523ee66e5077c3711f7021e65de?s=96&d=mm&r=g","contentUrl":"https:\/\/secure.gravatar.com\/avatar\/497d5cde87b4c3d097d0315953521681ba2cd523ee66e5077c3711f7021e65de?s=96&d=mm&r=g","caption":"Francisco Javier Fern\u00e1ndez Chento"},"description":"Director General y cofundador de La Red de Formaci\u00f3n Vicenciana. Javier es laico vicenciano, afiliado a la Congregaci\u00f3n de la Misi\u00f3n y miembro del Equipo de Misiones Populares de la provincia can\u00f3nica de Zaragoza (Espa\u00f1a) de la Congregaci\u00f3n de la Misi\u00f3n. Graduado en la Universidad Oberta de Catalunya con cuatro grados (Asistente de direcci\u00f3n, Gesti\u00f3n Administrativa, Recursos Humanos y Contabilidad Avanzada). Bil\u00edng\u00fce Espa\u00f1ol\/Ingl\u00e9s. gestiona y mantiene varias p\u00e1ginas web cristianas y vicencianas, incluida including La Red de Formaci\u00f3n Vicenciana, de la que es cofundador. Actualmente es responsable del \u00e1rea de Espa\u00f1ol de .famvin, la Red de Noticias de la Familia Vicenciana. Tambi\u00e9n es m\u00fasico cat\u00f3lico y ha editado varios discos. Es Director General y cofundador de Trovador, una reconocida compa\u00f1\u00eda discogr\u00e1fica critiana de Espa\u00f1a. Trabaja en las Tecnolog\u00edas de la Informaci\u00f3n, ofreciendo servicios de alojamiento, dise\u00f1o y mantenimiento Web, as\u00ed como asesoramiento, formaci\u00f3n y soluciones inform\u00e1ticas, gesti\u00f3n documental y digitalizaci\u00f3n de textos, edici\u00f3n y maquetaci\u00f3n de libros, revistas, flyers, etc.","sameAs":["http:\/\/chento.org","https:\/\/www.facebook.com\/JavierChento","https:\/\/x.com\/https:\/\/twitter.com\/javierchento"],"url":"http:\/\/vincentians.com\/es\/author\/chento\/"}]}},"jetpack_publicize_connections":[],"jetpack_featured_media_url":"","jetpack_sharing_enabled":true,"jetpack_shortlink":"https:\/\/wp.me\/p7ETMF-yFm","jetpack-related-posts":[{"id":143,"url":"http:\/\/vincentians.com\/es\/conceptos-clave-en-misiones-populares-09-encuentro-con-las-personas\/","url_meta":{"origin":133260,"position":0},"title":"Conceptos clave en misiones populares 09: Encuentro con las personas","author":"Francisco Javier Fern\u00e1ndez Chento","date":"09\/01\/2015","format":false,"excerpt":"La palabra encuentro es una de las palabras claves de nuestro quehacer misionero. La realidad del encuentro es la forma de presentarse Jes\u00fas entre nosotros. El ha salido del Padre y ha venido hasta nosotros para encontrarse. Volvemos al evangelio: Iba Jes\u00fas de camino, se encuentra con una mujer, le\u2026","rel":"","context":"En \u00abMisiones populares\u00bb","block_context":{"text":"Misiones populares","link":"http:\/\/vincentians.com\/es\/category\/servicios-y-ministerios\/misiones-populares-misiones\/"},"img":{"alt_text":"encontrarse","src":"https:\/\/i0.wp.com\/vicencianos.org\/wp-content\/2015\/01\/encontrarse-300x225.jpg?resize=350%2C200","width":350,"height":200},"classes":[]},{"id":194,"url":"http:\/\/vincentians.com\/es\/conceptos-clave-en-misiones-populares-16-grupos-de-encuentro\/","url_meta":{"origin":133260,"position":1},"title":"Conceptos clave en misiones populares 16: Grupos de Encuentro","author":"Francisco Javier Fern\u00e1ndez Chento","date":"16\/01\/2015","format":false,"excerpt":"Los Grupos de Encuentro son una f\u00f3rmula empleada en el Equipo de Zaragoza para que las personas de un determinado lugar se encuentren de forma natural, cercana y sencilla con Dios y con las ra\u00edces de la Fe, con otras personas y consigo mismo\/a. A trav\u00e9s de estos Grupos se\u2026","rel":"","context":"En \u00abMisiones populares\u00bb","block_context":{"text":"Misiones populares","link":"http:\/\/vincentians.com\/es\/category\/servicios-y-ministerios\/misiones-populares-misiones\/"},"img":{"alt_text":"P18","src":"https:\/\/i0.wp.com\/vicencianos.org\/wp-content\/2015\/01\/P18-300x225.jpg?resize=350%2C200","width":350,"height":200},"classes":[]},{"id":214,"url":"http:\/\/vincentians.com\/es\/conceptos-clave-en-misiones-populares-20-un-proceso-que-continua\/","url_meta":{"origin":133260,"position":2},"title":"Conceptos clave en misiones populares 20: Un proceso que contin\u00faa","author":"Francisco Javier Fern\u00e1ndez Chento","date":"20\/01\/2015","format":false,"excerpt":"Pod\u00edamos haber titulado mejor un proceso continuo; s\u00f3lo que al titularlo as\u00ed, quedaban integrados tanto la preparaci\u00f3n como el tiempo fuerte y con este concepto nos referimos m\u00e1s a un tiempo largo que llamamos tiempo de continuidad. La casa edificada sobre roca, el mensaje que no es flor de un\u2026","rel":"","context":"En \u00abMisiones populares\u00bb","block_context":{"text":"Misiones populares","link":"http:\/\/vincentians.com\/es\/category\/servicios-y-ministerios\/misiones-populares-misiones\/"},"img":{"alt_text":"","src":"","width":0,"height":0},"classes":[]},{"id":150,"url":"http:\/\/vincentians.com\/es\/conceptos-clave-en-misiones-populares-10-anuncio\/","url_meta":{"origin":133260,"position":3},"title":"Conceptos clave en misiones populares 10: Anuncio","author":"Francisco Javier Fern\u00e1ndez Chento","date":"10\/01\/2015","format":false,"excerpt":"Al llegar a este concepto clave era dif\u00edcil, sin decir todo, decir menos. Pienso que este concepto, un poco m\u00e1s largo, no pod\u00eda evitar un desarrollo con las precisiones que siguen. \u00bfC\u00f3mo creer\u00e1n si nadie se lo anuncia? Pero, \u00bfqu\u00e9 anunciamos? \u00bfSe anuncia algo nuevo, o, algo viejo, o, lo\u2026","rel":"","context":"En \u00abMisiones populares\u00bb","block_context":{"text":"Misiones populares","link":"http:\/\/vincentians.com\/es\/category\/servicios-y-ministerios\/misiones-populares-misiones\/"},"img":{"alt_text":"P1020561","src":"https:\/\/i0.wp.com\/vicencianos.org\/wp-content\/2015\/01\/P1020561-300x225.jpg?resize=350%2C200","width":350,"height":200},"classes":[]},{"id":117,"url":"http:\/\/vincentians.com\/es\/conceptos-clave-en-misiones-populares-05-un-estilo-de-mision-un-estilo-de-iglesia\/","url_meta":{"origin":133260,"position":4},"title":"Conceptos clave en misiones populares 05: Un estilo de misi\u00f3n \u2013 Un estilo de Iglesia","author":"Francisco Javier Fern\u00e1ndez Chento","date":"05\/01\/2015","format":false,"excerpt":"Recordad la invitaci\u00f3n prudente de Jes\u00fas: al ponerse a construir una casa hay que hacer c\u00e1lculos. Y todos sabemos que cuando queremos construir una casa o hacer una reforma son necesarios los planos. Por eso, en cualquier plan pastoral una pregunta previa necesaria es: \u00bfQu\u00e9 tipo de iglesia o de\u2026","rel":"","context":"En \u00abMisiones populares\u00bb","block_context":{"text":"Misiones populares","link":"http:\/\/vincentians.com\/es\/category\/servicios-y-ministerios\/misiones-populares-misiones\/"},"img":{"alt_text":"comojesus","src":"https:\/\/i0.wp.com\/vicencianos.org\/wp-content\/2015\/01\/comojesus-300x225.jpg?resize=350%2C200","width":350,"height":200},"classes":[]},{"id":182,"url":"http:\/\/vincentians.com\/es\/conceptos-clave-en-misiones-populares-14-en-comunidad\/","url_meta":{"origin":133260,"position":5},"title":"Conceptos clave en misiones populares 14: En comunidad","author":"Francisco Javier Fern\u00e1ndez Chento","date":"14\/01\/2015","format":false,"excerpt":"El sentido de comunidad, adem\u00e1s de comuni\u00f3n con Dios, tiene un doble sentido entre nosotros: [1] Hemos repetido frecuentemente que venimos a misionar en nombre de la Iglesia; no venimos en nombre propio ni como francotiradores. [2] Misionamos en equipo eclesial en el que procuremos que no falten ni los\u2026","rel":"","context":"En \u00abMisiones populares\u00bb","block_context":{"text":"Misiones populares","link":"http:\/\/vincentians.com\/es\/category\/servicios-y-ministerios\/misiones-populares-misiones\/"},"img":{"alt_text":"P1190127","src":"https:\/\/i0.wp.com\/vicencianos.org\/wp-content\/2015\/01\/P1190127-300x225.jpg?resize=350%2C200","width":350,"height":200},"classes":[]}],"_links":{"self":[{"href":"http:\/\/vincentians.com\/es\/wp-json\/wp\/v2\/posts\/133260","targetHints":{"allow":["GET"]}}],"collection":[{"href":"http:\/\/vincentians.com\/es\/wp-json\/wp\/v2\/posts"}],"about":[{"href":"http:\/\/vincentians.com\/es\/wp-json\/wp\/v2\/types\/post"}],"author":[{"embeddable":true,"href":"http:\/\/vincentians.com\/es\/wp-json\/wp\/v2\/users\/4"}],"replies":[{"embeddable":true,"href":"http:\/\/vincentians.com\/es\/wp-json\/wp\/v2\/comments?post=133260"}],"version-history":[{"count":0,"href":"http:\/\/vincentians.com\/es\/wp-json\/wp\/v2\/posts\/133260\/revisions"}],"wp:featuredmedia":[{"embeddable":true,"href":"http:\/\/vincentians.com\/es\/wp-json\/"}],"wp:attachment":[{"href":"http:\/\/vincentians.com\/es\/wp-json\/wp\/v2\/media?parent=133260"}],"wp:term":[{"taxonomy":"category","embeddable":true,"href":"http:\/\/vincentians.com\/es\/wp-json\/wp\/v2\/categories?post=133260"},{"taxonomy":"post_tag","embeddable":true,"href":"http:\/\/vincentians.com\/es\/wp-json\/wp\/v2\/tags?post=133260"}],"curies":[{"name":"wp","href":"https:\/\/api.w.org\/{rel}","templated":true}]}}