{"id":133259,"date":"2015-01-15T05:24:55","date_gmt":"2015-01-15T04:24:55","guid":{"rendered":"http:\/\/somos.vicencianos.org\/misionespopulares\/?p=191"},"modified":"2015-01-15T05:24:55","modified_gmt":"2015-01-15T04:24:55","slug":"conceptos-clave-en-misiones-populares-15-una-nueva-experiencia","status":"publish","type":"post","link":"http:\/\/vincentians.com\/es\/conceptos-clave-en-misiones-populares-15-una-nueva-experiencia\/","title":{"rendered":"Conceptos clave en misiones populares 15: Una nueva experiencia"},"content":{"rendered":"<p><a href=\"https:\/\/i0.wp.com\/vicencianos.org\/wp-content\/2015\/01\/DSC_0003.jpg\"><img data-recalc-dims=\"1\" loading=\"lazy\" decoding=\"async\" class=\"alignright size-medium wp-image-133386\" src=\"https:\/\/i0.wp.com\/vicencianos.org\/wp-content\/2015\/01\/DSC_0003-300x200.jpg?resize=300%2C200\" alt=\"DSC_0003\" width=\"300\" height=\"200\" \/><\/a>Como complemento del concepto anterior quiero ofrecer una nueva experiencia de trabajo en Iglesia, o si quer\u00e9is mejor, <b>en comunidad parroquial<\/b>, que estamos alumbrando en este \u00faltimo a\u00f1o.<\/p>\n<p>Cuando defin\u00edamos nuestra tarea misionera como un trabajo<i> desde<\/i><i>, con y para la comunidad<\/i> y, a la vez como una <i>tarea realizada por un equipo llegado desde fuera<\/i> a una determinada comunidad parroquial, (algo, por otra parte, que siempre ha tenido su sitio en la Iglesia), somos conscientes de que este <b>trabajo de conjunto<\/b> tiene much\u00edsimas posibilidades.<\/p>\n<p>Hace tiempo, sobre todo en Francia, estuvieron de moda las <b>parroquias misioneras<\/b>. Me da que esta experiencia no ha tenido demasiado \u00e9xito o por lo menos continuidad. Y me da que ha sido en parte porque la parroquia tiende <i>por necesidades sociol\u00f3gicas<\/i> a centrarse en lo sacramental. Por lo dem\u00e1s, no podemos olvidar que ambas realidades pastorales, el trabajo estrictamente parroquial y la animaci\u00f3n misionera de apoyo han sido energ\u00edas continuamente presentes en la historia de la Iglesia.<\/p>\n<p>Comentaba un p\u00e1rroco: <i>Tenemos bastante bien organizada la caridad, la catequesis, la liturgia\u2026 Pero nos falta un equipo parroquial misionero. Y nosotros no sabemos c\u00f3mo hacerlo\u2026<\/i> Y este es precisamente, sintiendo muy viva la llamada a una <i>Nueva Evangelizaci\u00f3n<\/i>, <b>el reto que nos est\u00e1 provocando<\/b>.<\/p>\n<p>\u00bfEs algo muy diferente de lo que venimos haciendo? S\u00ed y no.<\/p>\n<p>S\u00ed porque es la comunidad parroquial la protagonista de todo el proceso. Y no, porque los pilares b\u00e1sicos del trabajo misionero contin\u00faan siendo los mismos. (No puede ser de otra manera, porque misi\u00f3n y evangelizaci\u00f3n son realidades que tienen su origen en la vida de Jes\u00fas).<\/p>\n<p>S\u00ed porque la colaboraci\u00f3n entre los Misioneros Seglares Parroquiales y el Equipo Misionero venido de fuera conlleva toda una serie de empe\u00f1os m\u00e1s o menos novedosos. Y no porque, si queremos ser fieles al Evangelio, <b>la realidad<\/b> siempre mandar\u00e1 al intentar inculturar la fe. Lo hemos repetido una y mil veces, si queremos evangelizar con realismo hemos de estar continuamente atentos a una realidad siempre cambiante.<\/p>\n<p>En el blog misiones-populares.es van apareciendo datos concretos sobre nuestro trabajo de conjunto. Baste al ofrecer este nuevo concepto volver a repetir que el trabajo misionero siempre ha de ser <b><i>desde<\/i><i>, con y para la comunidad<\/i><\/b><i> parroquial <\/i>(o la que sea, si fuera, por ejemplo, un Colegio cat\u00f3lico).<\/p>\n","protected":false},"excerpt":{"rendered":"<p>Como complemento del concepto anterior quiero ofrecer una nueva experiencia de trabajo en Iglesia, o si quer\u00e9is mejor, en comunidad parroquial, que estamos alumbrando en este \u00faltimo a\u00f1o. Cuando defin\u00edamos nuestra tarea misionera como un &#8230; <a href=\"http:\/\/vincentians.com\/es\/conceptos-clave-en-misiones-populares-15-una-nueva-experiencia\/\" class=\"more-link\">Read More<\/a><\/p>\n","protected":false},"author":4,"featured_media":133386,"comment_status":"open","ping_status":"open","sticky":false,"template":"","format":"standard","meta":{"jetpack_post_was_ever_published":false,"_jetpack_newsletter_access":"","_jetpack_dont_email_post_to_subs":false,"_jetpack_newsletter_tier_id":0,"_jetpack_memberships_contains_paywalled_content":false,"_jetpack_memberships_contains_paid_content":false,"footnotes":"","jetpack_publicize_message":"","jetpack_publicize_feature_enabled":true,"jetpack_social_post_already_shared":true,"jetpack_social_options":{"image_generator_settings":{"template":"highway","default_image_id":0,"font":"","enabled":false},"version":2}},"categories":[328],"tags":[195,176],"class_list":["post-133259","post","type-post","status-publish","format-standard","has-post-thumbnail","hentry","category-misiones-populares-misiones","tag-misioneros-seglares","tag-misiones-populares"],"yoast_head":"<!-- This site is optimized with the Yoast SEO plugin v26.3 - https:\/\/yoast.com\/wordpress\/plugins\/seo\/ -->\n<title>Conceptos clave en misiones populares 15: Una nueva experiencia - Somos Vicencianos<\/title>\n<meta name=\"robots\" content=\"index, follow, max-snippet:-1, max-image-preview:large, max-video-preview:-1\" \/>\n<link rel=\"canonical\" href=\"https:\/\/vincentians.com\/es\/conceptos-clave-en-misiones-populares-15-una-nueva-experiencia\/\" \/>\n<meta property=\"og:locale\" content=\"es_ES\" \/>\n<meta property=\"og:type\" content=\"article\" \/>\n<meta property=\"og:title\" content=\"Conceptos clave en misiones populares 15: Una nueva experiencia - Somos Vicencianos\" \/>\n<meta property=\"og:description\" content=\"Como complemento del concepto anterior quiero ofrecer una nueva experiencia de trabajo en Iglesia, o si quer\u00e9is mejor, en comunidad parroquial, que estamos alumbrando en este \u00faltimo a\u00f1o. Cuando defin\u00edamos nuestra tarea misionera como un ... Read More\" \/>\n<meta property=\"og:url\" content=\"https:\/\/vincentians.com\/es\/conceptos-clave-en-misiones-populares-15-una-nueva-experiencia\/\" \/>\n<meta property=\"og:site_name\" content=\"Somos Vicencianos\" \/>\n<meta property=\"article:publisher\" content=\"https:\/\/www.facebook.com\/WeAreVincentians\/\" \/>\n<meta property=\"article:author\" content=\"https:\/\/www.facebook.com\/JavierChento\" \/>\n<meta property=\"article:published_time\" content=\"2015-01-15T04:24:55+00:00\" \/>\n<meta name=\"author\" content=\"Francisco Javier Fern\u00e1ndez Chento\" \/>\n<meta name=\"twitter:card\" content=\"summary_large_image\" \/>\n<meta name=\"twitter:creator\" content=\"@https:\/\/twitter.com\/javierchento\" \/>\n<meta name=\"twitter:site\" content=\"@WeVincentians\" \/>\n<meta name=\"twitter:label1\" content=\"Escrito por\" \/>\n\t<meta name=\"twitter:data1\" content=\"Francisco Javier Fern\u00e1ndez Chento\" \/>\n\t<meta name=\"twitter:label2\" content=\"Tiempo de lectura\" \/>\n\t<meta name=\"twitter:data2\" content=\"2 minutos\" \/>\n<script type=\"application\/ld+json\" class=\"yoast-schema-graph\">{\"@context\":\"https:\/\/schema.org\",\"@graph\":[{\"@type\":\"Article\",\"@id\":\"https:\/\/vincentians.com\/es\/conceptos-clave-en-misiones-populares-15-una-nueva-experiencia\/#article\",\"isPartOf\":{\"@id\":\"https:\/\/vincentians.com\/es\/conceptos-clave-en-misiones-populares-15-una-nueva-experiencia\/\"},\"author\":{\"name\":\"Francisco Javier Fern\u00e1ndez Chento\",\"@id\":\"http:\/\/vincentians.com\/es\/#\/schema\/person\/9623ef4d9aa3b2dfb8c061f1499288f2\"},\"headline\":\"Conceptos clave en misiones populares 15: Una nueva experiencia\",\"datePublished\":\"2015-01-15T04:24:55+00:00\",\"mainEntityOfPage\":{\"@id\":\"https:\/\/vincentians.com\/es\/conceptos-clave-en-misiones-populares-15-una-nueva-experiencia\/\"},\"wordCount\":409,\"commentCount\":0,\"publisher\":{\"@id\":\"http:\/\/vincentians.com\/es\/#organization\"},\"image\":{\"@id\":\"https:\/\/vincentians.com\/es\/conceptos-clave-en-misiones-populares-15-una-nueva-experiencia\/#primaryimage\"},\"thumbnailUrl\":\"\",\"keywords\":[\"Misioneros Seglares\",\"Misiones Populares\"],\"articleSection\":[\"Misiones populares\"],\"inLanguage\":\"es\",\"potentialAction\":[{\"@type\":\"CommentAction\",\"name\":\"Comment\",\"target\":[\"https:\/\/vincentians.com\/es\/conceptos-clave-en-misiones-populares-15-una-nueva-experiencia\/#respond\"]}]},{\"@type\":\"WebPage\",\"@id\":\"https:\/\/vincentians.com\/es\/conceptos-clave-en-misiones-populares-15-una-nueva-experiencia\/\",\"url\":\"https:\/\/vincentians.com\/es\/conceptos-clave-en-misiones-populares-15-una-nueva-experiencia\/\",\"name\":\"Conceptos clave en misiones populares 15: Una nueva experiencia - Somos Vicencianos\",\"isPartOf\":{\"@id\":\"http:\/\/vincentians.com\/es\/#website\"},\"primaryImageOfPage\":{\"@id\":\"https:\/\/vincentians.com\/es\/conceptos-clave-en-misiones-populares-15-una-nueva-experiencia\/#primaryimage\"},\"image\":{\"@id\":\"https:\/\/vincentians.com\/es\/conceptos-clave-en-misiones-populares-15-una-nueva-experiencia\/#primaryimage\"},\"thumbnailUrl\":\"\",\"datePublished\":\"2015-01-15T04:24:55+00:00\",\"breadcrumb\":{\"@id\":\"https:\/\/vincentians.com\/es\/conceptos-clave-en-misiones-populares-15-una-nueva-experiencia\/#breadcrumb\"},\"inLanguage\":\"es\",\"potentialAction\":[{\"@type\":\"ReadAction\",\"target\":[\"https:\/\/vincentians.com\/es\/conceptos-clave-en-misiones-populares-15-una-nueva-experiencia\/\"]}]},{\"@type\":\"ImageObject\",\"inLanguage\":\"es\",\"@id\":\"https:\/\/vincentians.com\/es\/conceptos-clave-en-misiones-populares-15-una-nueva-experiencia\/#primaryimage\",\"url\":\"\",\"contentUrl\":\"\"},{\"@type\":\"BreadcrumbList\",\"@id\":\"https:\/\/vincentians.com\/es\/conceptos-clave-en-misiones-populares-15-una-nueva-experiencia\/#breadcrumb\",\"itemListElement\":[{\"@type\":\"ListItem\",\"position\":1,\"name\":\"Portada\",\"item\":\"http:\/\/vincentians.com\/es\/\"},{\"@type\":\"ListItem\",\"position\":2,\"name\":\"Conceptos clave en misiones populares 15: Una nueva experiencia\"}]},{\"@type\":\"WebSite\",\"@id\":\"http:\/\/vincentians.com\/es\/#website\",\"url\":\"http:\/\/vincentians.com\/es\/\",\"name\":\"Somos Vicencianos\",\"description\":\"Know more to serve more\",\"publisher\":{\"@id\":\"http:\/\/vincentians.com\/es\/#organization\"},\"potentialAction\":[{\"@type\":\"SearchAction\",\"target\":{\"@type\":\"EntryPoint\",\"urlTemplate\":\"http:\/\/vincentians.com\/es\/?s={search_term_string}\"},\"query-input\":{\"@type\":\"PropertyValueSpecification\",\"valueRequired\":true,\"valueName\":\"search_term_string\"}}],\"inLanguage\":\"es\"},{\"@type\":\"Organization\",\"@id\":\"http:\/\/vincentians.com\/es\/#organization\",\"name\":\"The Vincentian Network\",\"url\":\"http:\/\/vincentians.com\/es\/\",\"logo\":{\"@type\":\"ImageObject\",\"inLanguage\":\"es\",\"@id\":\"http:\/\/vincentians.com\/es\/#\/schema\/logo\/image\/\",\"url\":\"https:\/\/i1.wp.com\/vincentians.com\/es\/wp-content\/uploads\/sites\/11\/2016\/06\/Vincentian-Network-logo-big.png?fit=778%2C778\",\"contentUrl\":\"https:\/\/i1.wp.com\/vincentians.com\/es\/wp-content\/uploads\/sites\/11\/2016\/06\/Vincentian-Network-logo-big.png?fit=778%2C778\",\"width\":778,\"height\":778,\"caption\":\"The Vincentian Network\"},\"image\":{\"@id\":\"http:\/\/vincentians.com\/es\/#\/schema\/logo\/image\/\"},\"sameAs\":[\"https:\/\/www.facebook.com\/WeAreVincentians\/\",\"https:\/\/x.com\/WeVincentians\"]},{\"@type\":\"Person\",\"@id\":\"http:\/\/vincentians.com\/es\/#\/schema\/person\/9623ef4d9aa3b2dfb8c061f1499288f2\",\"name\":\"Francisco Javier Fern\u00e1ndez Chento\",\"image\":{\"@type\":\"ImageObject\",\"inLanguage\":\"es\",\"@id\":\"http:\/\/vincentians.com\/es\/#\/schema\/person\/image\/\",\"url\":\"https:\/\/secure.gravatar.com\/avatar\/497d5cde87b4c3d097d0315953521681ba2cd523ee66e5077c3711f7021e65de?s=96&d=mm&r=g\",\"contentUrl\":\"https:\/\/secure.gravatar.com\/avatar\/497d5cde87b4c3d097d0315953521681ba2cd523ee66e5077c3711f7021e65de?s=96&d=mm&r=g\",\"caption\":\"Francisco Javier Fern\u00e1ndez Chento\"},\"description\":\"Director General y cofundador de La Red de Formaci\u00f3n Vicenciana. Javier es laico vicenciano, afiliado a la Congregaci\u00f3n de la Misi\u00f3n y miembro del Equipo de Misiones Populares de la provincia can\u00f3nica de Zaragoza (Espa\u00f1a) de la Congregaci\u00f3n de la Misi\u00f3n. Graduado en la Universidad Oberta de Catalunya con cuatro grados (Asistente de direcci\u00f3n, Gesti\u00f3n Administrativa, Recursos Humanos y Contabilidad Avanzada). Bil\u00edng\u00fce Espa\u00f1ol\/Ingl\u00e9s. gestiona y mantiene varias p\u00e1ginas web cristianas y vicencianas, incluida including La Red de Formaci\u00f3n Vicenciana, de la que es cofundador. Actualmente es responsable del \u00e1rea de Espa\u00f1ol de .famvin, la Red de Noticias de la Familia Vicenciana. Tambi\u00e9n es m\u00fasico cat\u00f3lico y ha editado varios discos. Es Director General y cofundador de Trovador, una reconocida compa\u00f1\u00eda discogr\u00e1fica critiana de Espa\u00f1a. Trabaja en las Tecnolog\u00edas de la Informaci\u00f3n, ofreciendo servicios de alojamiento, dise\u00f1o y mantenimiento Web, as\u00ed como asesoramiento, formaci\u00f3n y soluciones inform\u00e1ticas, gesti\u00f3n documental y digitalizaci\u00f3n de textos, edici\u00f3n y maquetaci\u00f3n de libros, revistas, flyers, etc.\",\"sameAs\":[\"http:\/\/chento.org\",\"https:\/\/www.facebook.com\/JavierChento\",\"https:\/\/x.com\/https:\/\/twitter.com\/javierchento\"],\"url\":\"http:\/\/vincentians.com\/es\/author\/chento\/\"}]}<\/script>\n<!-- \/ Yoast SEO plugin. -->","yoast_head_json":{"title":"Conceptos clave en misiones populares 15: Una nueva experiencia - Somos Vicencianos","robots":{"index":"index","follow":"follow","max-snippet":"max-snippet:-1","max-image-preview":"max-image-preview:large","max-video-preview":"max-video-preview:-1"},"canonical":"https:\/\/vincentians.com\/es\/conceptos-clave-en-misiones-populares-15-una-nueva-experiencia\/","og_locale":"es_ES","og_type":"article","og_title":"Conceptos clave en misiones populares 15: Una nueva experiencia - Somos Vicencianos","og_description":"Como complemento del concepto anterior quiero ofrecer una nueva experiencia de trabajo en Iglesia, o si quer\u00e9is mejor, en comunidad parroquial, que estamos alumbrando en este \u00faltimo a\u00f1o. Cuando defin\u00edamos nuestra tarea misionera como un ... Read More","og_url":"https:\/\/vincentians.com\/es\/conceptos-clave-en-misiones-populares-15-una-nueva-experiencia\/","og_site_name":"Somos Vicencianos","article_publisher":"https:\/\/www.facebook.com\/WeAreVincentians\/","article_author":"https:\/\/www.facebook.com\/JavierChento","article_published_time":"2015-01-15T04:24:55+00:00","author":"Francisco Javier Fern\u00e1ndez Chento","twitter_card":"summary_large_image","twitter_creator":"@https:\/\/twitter.com\/javierchento","twitter_site":"@WeVincentians","twitter_misc":{"Escrito por":"Francisco Javier Fern\u00e1ndez Chento","Tiempo de lectura":"2 minutos"},"schema":{"@context":"https:\/\/schema.org","@graph":[{"@type":"Article","@id":"https:\/\/vincentians.com\/es\/conceptos-clave-en-misiones-populares-15-una-nueva-experiencia\/#article","isPartOf":{"@id":"https:\/\/vincentians.com\/es\/conceptos-clave-en-misiones-populares-15-una-nueva-experiencia\/"},"author":{"name":"Francisco Javier Fern\u00e1ndez Chento","@id":"http:\/\/vincentians.com\/es\/#\/schema\/person\/9623ef4d9aa3b2dfb8c061f1499288f2"},"headline":"Conceptos clave en misiones populares 15: Una nueva experiencia","datePublished":"2015-01-15T04:24:55+00:00","mainEntityOfPage":{"@id":"https:\/\/vincentians.com\/es\/conceptos-clave-en-misiones-populares-15-una-nueva-experiencia\/"},"wordCount":409,"commentCount":0,"publisher":{"@id":"http:\/\/vincentians.com\/es\/#organization"},"image":{"@id":"https:\/\/vincentians.com\/es\/conceptos-clave-en-misiones-populares-15-una-nueva-experiencia\/#primaryimage"},"thumbnailUrl":"","keywords":["Misioneros Seglares","Misiones Populares"],"articleSection":["Misiones populares"],"inLanguage":"es","potentialAction":[{"@type":"CommentAction","name":"Comment","target":["https:\/\/vincentians.com\/es\/conceptos-clave-en-misiones-populares-15-una-nueva-experiencia\/#respond"]}]},{"@type":"WebPage","@id":"https:\/\/vincentians.com\/es\/conceptos-clave-en-misiones-populares-15-una-nueva-experiencia\/","url":"https:\/\/vincentians.com\/es\/conceptos-clave-en-misiones-populares-15-una-nueva-experiencia\/","name":"Conceptos clave en misiones populares 15: Una nueva experiencia - Somos Vicencianos","isPartOf":{"@id":"http:\/\/vincentians.com\/es\/#website"},"primaryImageOfPage":{"@id":"https:\/\/vincentians.com\/es\/conceptos-clave-en-misiones-populares-15-una-nueva-experiencia\/#primaryimage"},"image":{"@id":"https:\/\/vincentians.com\/es\/conceptos-clave-en-misiones-populares-15-una-nueva-experiencia\/#primaryimage"},"thumbnailUrl":"","datePublished":"2015-01-15T04:24:55+00:00","breadcrumb":{"@id":"https:\/\/vincentians.com\/es\/conceptos-clave-en-misiones-populares-15-una-nueva-experiencia\/#breadcrumb"},"inLanguage":"es","potentialAction":[{"@type":"ReadAction","target":["https:\/\/vincentians.com\/es\/conceptos-clave-en-misiones-populares-15-una-nueva-experiencia\/"]}]},{"@type":"ImageObject","inLanguage":"es","@id":"https:\/\/vincentians.com\/es\/conceptos-clave-en-misiones-populares-15-una-nueva-experiencia\/#primaryimage","url":"","contentUrl":""},{"@type":"BreadcrumbList","@id":"https:\/\/vincentians.com\/es\/conceptos-clave-en-misiones-populares-15-una-nueva-experiencia\/#breadcrumb","itemListElement":[{"@type":"ListItem","position":1,"name":"Portada","item":"http:\/\/vincentians.com\/es\/"},{"@type":"ListItem","position":2,"name":"Conceptos clave en misiones populares 15: Una nueva experiencia"}]},{"@type":"WebSite","@id":"http:\/\/vincentians.com\/es\/#website","url":"http:\/\/vincentians.com\/es\/","name":"Somos Vicencianos","description":"Know more to serve more","publisher":{"@id":"http:\/\/vincentians.com\/es\/#organization"},"potentialAction":[{"@type":"SearchAction","target":{"@type":"EntryPoint","urlTemplate":"http:\/\/vincentians.com\/es\/?s={search_term_string}"},"query-input":{"@type":"PropertyValueSpecification","valueRequired":true,"valueName":"search_term_string"}}],"inLanguage":"es"},{"@type":"Organization","@id":"http:\/\/vincentians.com\/es\/#organization","name":"The Vincentian Network","url":"http:\/\/vincentians.com\/es\/","logo":{"@type":"ImageObject","inLanguage":"es","@id":"http:\/\/vincentians.com\/es\/#\/schema\/logo\/image\/","url":"https:\/\/i1.wp.com\/vincentians.com\/es\/wp-content\/uploads\/sites\/11\/2016\/06\/Vincentian-Network-logo-big.png?fit=778%2C778","contentUrl":"https:\/\/i1.wp.com\/vincentians.com\/es\/wp-content\/uploads\/sites\/11\/2016\/06\/Vincentian-Network-logo-big.png?fit=778%2C778","width":778,"height":778,"caption":"The Vincentian Network"},"image":{"@id":"http:\/\/vincentians.com\/es\/#\/schema\/logo\/image\/"},"sameAs":["https:\/\/www.facebook.com\/WeAreVincentians\/","https:\/\/x.com\/WeVincentians"]},{"@type":"Person","@id":"http:\/\/vincentians.com\/es\/#\/schema\/person\/9623ef4d9aa3b2dfb8c061f1499288f2","name":"Francisco Javier Fern\u00e1ndez Chento","image":{"@type":"ImageObject","inLanguage":"es","@id":"http:\/\/vincentians.com\/es\/#\/schema\/person\/image\/","url":"https:\/\/secure.gravatar.com\/avatar\/497d5cde87b4c3d097d0315953521681ba2cd523ee66e5077c3711f7021e65de?s=96&d=mm&r=g","contentUrl":"https:\/\/secure.gravatar.com\/avatar\/497d5cde87b4c3d097d0315953521681ba2cd523ee66e5077c3711f7021e65de?s=96&d=mm&r=g","caption":"Francisco Javier Fern\u00e1ndez Chento"},"description":"Director General y cofundador de La Red de Formaci\u00f3n Vicenciana. Javier es laico vicenciano, afiliado a la Congregaci\u00f3n de la Misi\u00f3n y miembro del Equipo de Misiones Populares de la provincia can\u00f3nica de Zaragoza (Espa\u00f1a) de la Congregaci\u00f3n de la Misi\u00f3n. Graduado en la Universidad Oberta de Catalunya con cuatro grados (Asistente de direcci\u00f3n, Gesti\u00f3n Administrativa, Recursos Humanos y Contabilidad Avanzada). Bil\u00edng\u00fce Espa\u00f1ol\/Ingl\u00e9s. gestiona y mantiene varias p\u00e1ginas web cristianas y vicencianas, incluida including La Red de Formaci\u00f3n Vicenciana, de la que es cofundador. Actualmente es responsable del \u00e1rea de Espa\u00f1ol de .famvin, la Red de Noticias de la Familia Vicenciana. Tambi\u00e9n es m\u00fasico cat\u00f3lico y ha editado varios discos. Es Director General y cofundador de Trovador, una reconocida compa\u00f1\u00eda discogr\u00e1fica critiana de Espa\u00f1a. Trabaja en las Tecnolog\u00edas de la Informaci\u00f3n, ofreciendo servicios de alojamiento, dise\u00f1o y mantenimiento Web, as\u00ed como asesoramiento, formaci\u00f3n y soluciones inform\u00e1ticas, gesti\u00f3n documental y digitalizaci\u00f3n de textos, edici\u00f3n y maquetaci\u00f3n de libros, revistas, flyers, etc.","sameAs":["http:\/\/chento.org","https:\/\/www.facebook.com\/JavierChento","https:\/\/x.com\/https:\/\/twitter.com\/javierchento"],"url":"http:\/\/vincentians.com\/es\/author\/chento\/"}]}},"jetpack_publicize_connections":[],"jetpack_featured_media_url":"","jetpack_sharing_enabled":true,"jetpack_shortlink":"https:\/\/wp.me\/p7ETMF-yFl","jetpack-related-posts":[{"id":133262,"url":"http:\/\/vincentians.com\/es\/conceptos-clave-en-misiones-populares-19-eucaristia-final\/","url_meta":{"origin":133259,"position":0},"title":"Conceptos clave en misiones populares 19: Eucarist\u00eda final","author":"Francisco Javier Fern\u00e1ndez Chento","date":"19\/01\/2015","format":false,"excerpt":"Este nombre que le damos entre nosotros est\u00e1 cargado de sentido. Los curas hablan frecuentemente de eucarist\u00eda \"de clausura\", nosotros de eucarist\u00eda \"final de etapa\". Su sentido es misionero. Retoma la historia propia (tradici\u00f3n) de la comunidad y lo vivido en la misi\u00f3n (a trav\u00e9s de las Conclusiones de la\u2026","rel":"","context":"En \u00abMisiones populares\u00bb","block_context":{"text":"Misiones populares","link":"http:\/\/vincentians.com\/es\/category\/servicios-y-ministerios\/misiones-populares-misiones\/"},"img":{"alt_text":"SVPAZ-2","src":"https:\/\/i0.wp.com\/vicencianos.org\/wp-content\/2015\/01\/SVPAZ-2-200x300.jpg?resize=350%2C200","width":350,"height":200},"classes":[]},{"id":118018,"url":"http:\/\/vincentians.com\/es\/las-misiones-parroquiales-se-renuevan-1964\/","url_meta":{"origin":133259,"position":1},"title":"Las misiones parroquiales se renuevan (1964)","author":"Francisco Javier Fern\u00e1ndez Chento","date":"01\/09\/2021","format":false,"excerpt":"Este instrumento oficial, eficaz y obligatorio de la Pastoral de la Iglesia, que son las misiones al pueblo por medio de las Pa\u00adrroquias, aisladas o en conjunto, sigue su marcha ascendente, a3 menos en Espa\u00f1a y Am\u00e9rica, que es lo que m\u00e1s conozco. Al mis\u00admo tiempo que se trabaja con\u2026","rel":"","context":"En \u00abFormaci\u00f3n Vicenciana\u00bb","block_context":{"text":"Formaci\u00f3n Vicenciana","link":"http:\/\/vincentians.com\/es\/category\/formacion-vicenciana\/"},"img":{"alt_text":"","src":"https:\/\/i0.wp.com\/vincentians.com\/es\/wp-content\/uploads\/sites\/11\/2016\/09\/sencillos-como-palomas.jpg?fit=1200%2C630&resize=350%2C200","width":350,"height":200,"srcset":"https:\/\/i0.wp.com\/vincentians.com\/es\/wp-content\/uploads\/sites\/11\/2016\/09\/sencillos-como-palomas.jpg?fit=1200%2C630&resize=350%2C200 1x, https:\/\/i0.wp.com\/vincentians.com\/es\/wp-content\/uploads\/sites\/11\/2016\/09\/sencillos-como-palomas.jpg?fit=1200%2C630&resize=525%2C300 1.5x, https:\/\/i0.wp.com\/vincentians.com\/es\/wp-content\/uploads\/sites\/11\/2016\/09\/sencillos-como-palomas.jpg?fit=1200%2C630&resize=700%2C400 2x, https:\/\/i0.wp.com\/vincentians.com\/es\/wp-content\/uploads\/sites\/11\/2016\/09\/sencillos-como-palomas.jpg?fit=1200%2C630&resize=1050%2C600 3x"},"classes":[]},{"id":128330,"url":"http:\/\/vincentians.com\/es\/alexis-maltes\/","url_meta":{"origin":133259,"position":2},"title":"Alexis Malt\u00e9s","author":"Francisco Javier Fern\u00e1ndez Chento","date":"21\/01\/2014","format":false,"excerpt":"Alexis Malt\u00e9s, casado con su esposa Leticia y padre de Dieguito. De profesi\u00f3n, ebanista, y de vocaci\u00f3n, constructor del Reino... Incorporado a la vida comprometida de la Iglesia desde su experiencia en Comunidades Eclesiales de Base, en la Misi\u00f3n Diocesana del a\u00f1o 1991, forma parte del Equipo Parroquial de Comunidades\u2026","rel":"","context":"En \u00abTestigos vicencianos\u00bb","block_context":{"text":"Testigos vicencianos","link":"http:\/\/vincentians.com\/es\/category\/la-familia-vicenciana\/testigos-vicencianos\/"},"img":{"alt_text":"alexis","src":"https:\/\/i0.wp.com\/vicencianos.org\/wp-content\/2014\/01\/alexis-300x224.jpg?resize=350%2C200","width":350,"height":200},"classes":[]},{"id":121913,"url":"http:\/\/vincentians.com\/es\/historia-de-los-paules-en-cuba-capitulo-viii-a\/","url_meta":{"origin":133259,"position":3},"title":"Historia de los Pa\u00fales en Cuba: Cap\u00edtulo VIII (A)","author":"Mitxel Olabu\u00e9naga","date":"03\/05\/2013","format":false,"excerpt":"1. La Obra de las Misiones Parroquiales. La Congregaci\u00f3n de la Misi\u00f3n, desde su inicio en 1625, ha tenido como uno de sus fines el de dar a conocer el mensaje de Jesucristo por medio de las misiones. De ah\u00ed su nombre. Cuba no ha sido la excepci\u00f3n. Ya en\u2026","rel":"","context":"En \u00abHistoria de la Congregaci\u00f3n de la Misi\u00f3n\u00bb","block_context":{"text":"Historia de la Congregaci\u00f3n de la Misi\u00f3n","link":"http:\/\/vincentians.com\/es\/category\/historia-de-la-familia-vicenciana\/historia-de-la-congregacion-de-la-mision\/"},"img":{"alt_text":"aaa","src":"https:\/\/i0.wp.com\/vicencianos.org\/wp-content\/2013\/05\/aaa.jpg?resize=350%2C200","width":350,"height":200},"classes":[]},{"id":133248,"url":"http:\/\/vincentians.com\/es\/presentacion-de-las-misiones-populares-vicencianas\/","url_meta":{"origin":133259,"position":4},"title":"Presentaci\u00f3n de las misiones populares vicencianas","author":"Francisco Javier Fern\u00e1ndez Chento","date":"21\/12\/2014","format":false,"excerpt":"Las misiones son nuestra vocaci\u00f3n: por eso nos llamamos Congregaci\u00f3n de la Misi\u00f3n, una vocaci\u00f3n que nos lleva a \"corresponder a los designios eternos que Dios tiene sobre nosotros\". San Vicente lo dice con claridad: \"Lo m\u00e1s importante de nuestra vocaci\u00f3n es trabajar por la salvaci\u00f3n de las pobres gentes\u2026","rel":"","context":"En \u00abMisiones populares\u00bb","block_context":{"text":"Misiones populares","link":"http:\/\/vincentians.com\/es\/category\/servicios-y-ministerios\/misiones-populares-misiones\/"},"img":{"alt_text":"Peral","src":"https:\/\/i0.wp.com\/vicencianos.org\/wp-content\/2014\/12\/Peral-300x223.jpg?resize=350%2C200","width":350,"height":200},"classes":[]},{"id":133260,"url":"http:\/\/vincentians.com\/es\/conceptos-clave-en-misiones-populares-17-ofrecer-y-disponerse\/","url_meta":{"origin":133259,"position":5},"title":"Conceptos clave en misiones populares 17: Ofrecer y disponerse","author":"Francisco Javier Fern\u00e1ndez Chento","date":"17\/01\/2015","format":false,"excerpt":"El concepto anterior dedicado a los Grupos de Encuentro tiene una continuidad necesaria en este nuevo concepto (estos nuevos conceptos): ofrecer y disponerse. Vino a nosotros, dice el pr\u00f3logo de Juan (Jn 1) y las respuestas son diferentes: unos se niegan a la luz, otros se cierran y otros reciben,\u2026","rel":"","context":"En \u00abMisiones populares\u00bb","block_context":{"text":"Misiones populares","link":"http:\/\/vincentians.com\/es\/category\/servicios-y-ministerios\/misiones-populares-misiones\/"},"img":{"alt_text":"Agustin89","src":"https:\/\/i0.wp.com\/vicencianos.org\/wp-content\/2015\/01\/Agustin89-300x225.jpg?resize=350%2C200","width":350,"height":200},"classes":[]}],"_links":{"self":[{"href":"http:\/\/vincentians.com\/es\/wp-json\/wp\/v2\/posts\/133259","targetHints":{"allow":["GET"]}}],"collection":[{"href":"http:\/\/vincentians.com\/es\/wp-json\/wp\/v2\/posts"}],"about":[{"href":"http:\/\/vincentians.com\/es\/wp-json\/wp\/v2\/types\/post"}],"author":[{"embeddable":true,"href":"http:\/\/vincentians.com\/es\/wp-json\/wp\/v2\/users\/4"}],"replies":[{"embeddable":true,"href":"http:\/\/vincentians.com\/es\/wp-json\/wp\/v2\/comments?post=133259"}],"version-history":[{"count":0,"href":"http:\/\/vincentians.com\/es\/wp-json\/wp\/v2\/posts\/133259\/revisions"}],"wp:featuredmedia":[{"embeddable":true,"href":"http:\/\/vincentians.com\/es\/wp-json\/"}],"wp:attachment":[{"href":"http:\/\/vincentians.com\/es\/wp-json\/wp\/v2\/media?parent=133259"}],"wp:term":[{"taxonomy":"category","embeddable":true,"href":"http:\/\/vincentians.com\/es\/wp-json\/wp\/v2\/categories?post=133259"},{"taxonomy":"post_tag","embeddable":true,"href":"http:\/\/vincentians.com\/es\/wp-json\/wp\/v2\/tags?post=133259"}],"curies":[{"name":"wp","href":"https:\/\/api.w.org\/{rel}","templated":true}]}}