{"id":133255,"date":"2015-01-04T05:55:22","date_gmt":"2015-01-04T04:55:22","guid":{"rendered":"http:\/\/somos.vicencianos.org\/misionespopulares\/?p=110"},"modified":"2015-01-04T05:55:22","modified_gmt":"2015-01-04T04:55:22","slug":"conceptos-clave-en-misiones-populares-04-vamos-venimos-de-fuera","status":"publish","type":"post","link":"http:\/\/vincentians.com\/es\/conceptos-clave-en-misiones-populares-04-vamos-venimos-de-fuera\/","title":{"rendered":"Conceptos clave en misiones populares 04: Vamos &#8211; Venimos de fuera"},"content":{"rendered":"<p><em><a href=\"https:\/\/i0.wp.com\/vicencianos.org\/wp-content\/2015\/01\/Entre_la_gente.jpg\"><img data-recalc-dims=\"1\" loading=\"lazy\" decoding=\"async\" class=\"alignright size-medium wp-image-133352\" src=\"https:\/\/i0.wp.com\/vicencianos.org\/wp-content\/2015\/01\/Entre_la_gente-300x217.jpg?resize=300%2C217\" alt=\"Entre_la_gente\" width=\"300\" height=\"217\" \/><\/a>Tened los mismos sentimientos de Cristo Jes\u00fas quien renunci\u00f3 a su categor\u00eda de Dios, descendi\u00f3, se acerc\u00f3 y pas\u00f3 por uno de tantos&#8230;<\/em> (ver Flp 2, 5ss). De fuera viene Dios y se hace cercano, \u00abnuestro\u00bb.<\/p>\n<p>Es esta <strong>salida-descenso<\/strong> la clave de la Misi\u00f3n. Salimos en un sentido pleno. Salimos para hacernos de ellos (<em>me hice todo a todos<\/em> &#8211; confiesa san Pablo-). Salimos y descendemos para, como Jes\u00fas, <em>ser uno de tantos<\/em>&#8230;<\/p>\n<p><em>Dar raz\u00f3n de la esperanza<\/em>, por encima de la predicaci\u00f3n, es un reto que nunca puede olvidar el cristiano y que hemos de tener claro en la misi\u00f3n. Siempre ha habido distintas \u00abmaneras\u00bb de Anuncio. San Vicente aconseja un m\u00e9todo sencillo, comprensible, desde el destinatario, (el <em>Peque\u00f1o M\u00e9todo<\/em>). Pero el acercamiento en di\u00e1logo y cercan\u00eda (la visita), ha sido desde el principio, ya en Chatillon, (e incluso en Folleville),\u00a0 una tarea del buen misionero. Las calles, las salas de los hospitales, la visita en la SSVP, etc. son maneras de este \u00abacercarse\u00bb vicenciano. El vicenciano no espera que vengan; el vicenciano va.<\/p>\n<p>Pero vayamos a los or\u00edgenes: El di\u00e1logo con la samaritana; la comida en casa de Zaqueo o con los publicanos; el \u00ab<em>se quedaron con \u00e9l<\/em>\u00ab; el acompa\u00f1amiento en la barca de Pedro; el di\u00e1logo nocturno con Nicodemo; el quedarse s\u00f3lo con la pecadora; el \u00abcuando entr\u00e9is en una casa, decid primero; el id y decid a Juan, etc, \u2026; en definitiva, <em>qui\u00e9n dice la gente que soy yo y vosotros qui\u00e9n dec\u00eds que soy<\/em>, \u00bfno son de sobra testimonios del estilo dialogante de Jes\u00fas mismo?<\/p>\n<p>Esta necesidad de <strong>salir<\/strong> (ir fuera, ir a los de lejos) conlleva, lo repetimos otra vez, un cierto movimiento que <strong>desestabiliza<\/strong>. Nos desestabiliza primero a nosotros y nos exige ofrecer \u00abno clich\u00e9s\u00bb, sino convencimientos evang\u00e9licos profundos. No permite que nos acomodemos ni <em>a este mundo<\/em> ni a nuestro mundillo tantas veces estrecho.<\/p>\n<p>Venimos de fuera, pero somos de casa. \u00a1No lo olvidemos! Vaya, que <strong>nadie<\/strong> debe sentirse <strong>extra\u00f1o<\/strong>. No somos los \u00abcontrarios\u00bb del marco pol\u00edtico. Somos un miembro m\u00e1s, aunque pertenezcamos a un \u00f3rgano distinto de la misma Iglesia, del mismo mundo, somos representantes (ministros, servidores) del <em>Dios que ama lo que ha creado<\/em>.<\/p>\n<p>Por lo dem\u00e1s, tambi\u00e9n en los pueblos hay gente que est\u00e1 fuera y la misi\u00f3n es para ellos. No podemos quedarnos al abrigo con los de dentro <em>(\u00a1qu\u00e9 bien estamos aqu\u00ed, hagamos tres tiendas!&#8230;<\/em>). Lo hemos dicho ya y hay que repetirlo: los pobres, la gente, los agn\u00f3sticos, los indiferentes, los ateos\u2026 <strong>todos<\/strong>: <strong>tienen derecho<\/strong> a Jes\u00fas, al Evangelio. Si no fuera as\u00ed, \u00bfpara que ha descendido a nuestra peque\u00f1ez y ha pasado por unos de tantos?<\/p>\n<p><strong>Vamos<\/strong> en busca de <em>la oveja perdida<\/em>&#8230; Y aunque venimos de fuera, representamos a una comunidad que quiere abrirse y, como el Dios de nuestra fe, salir al encuentro.<\/p>\n","protected":false},"excerpt":{"rendered":"<p>Tened los mismos sentimientos de Cristo Jes\u00fas quien renunci\u00f3 a su categor\u00eda de Dios, descendi\u00f3, se acerc\u00f3 y pas\u00f3 por uno de tantos&#8230; (ver Flp 2, 5ss). De fuera viene Dios y se hace cercano, &#8230; <a href=\"http:\/\/vincentians.com\/es\/conceptos-clave-en-misiones-populares-04-vamos-venimos-de-fuera\/\" class=\"more-link\">Read More<\/a><\/p>\n","protected":false},"author":4,"featured_media":133352,"comment_status":"open","ping_status":"open","sticky":false,"template":"","format":"standard","meta":{"jetpack_post_was_ever_published":false,"_jetpack_newsletter_access":"","_jetpack_dont_email_post_to_subs":false,"_jetpack_newsletter_tier_id":0,"_jetpack_memberships_contains_paywalled_content":false,"_jetpack_memberships_contains_paid_content":false,"footnotes":"","jetpack_publicize_message":"","jetpack_publicize_feature_enabled":true,"jetpack_social_post_already_shared":true,"jetpack_social_options":{"image_generator_settings":{"template":"highway","default_image_id":0,"font":"","enabled":false},"version":2}},"categories":[328],"tags":[173,175,176],"class_list":["post-133255","post","type-post","status-publish","format-standard","has-post-thumbnail","hentry","category-misiones-populares-misiones","tag-chatillon-les-dombes","tag-folleville","tag-misiones-populares"],"yoast_head":"<!-- This site is optimized with the Yoast SEO plugin v26.3 - https:\/\/yoast.com\/wordpress\/plugins\/seo\/ -->\n<title>Conceptos clave en misiones populares 04: Vamos - Venimos de fuera - Somos Vicencianos<\/title>\n<meta name=\"robots\" content=\"index, follow, max-snippet:-1, max-image-preview:large, max-video-preview:-1\" \/>\n<link rel=\"canonical\" href=\"http:\/\/vincentians.com\/es\/conceptos-clave-en-misiones-populares-04-vamos-venimos-de-fuera\/\" \/>\n<meta property=\"og:locale\" content=\"es_ES\" \/>\n<meta property=\"og:type\" content=\"article\" \/>\n<meta property=\"og:title\" content=\"Conceptos clave en misiones populares 04: Vamos - Venimos de fuera - Somos Vicencianos\" \/>\n<meta property=\"og:description\" content=\"Tened los mismos sentimientos de Cristo Jes\u00fas quien renunci\u00f3 a su categor\u00eda de Dios, descendi\u00f3, se acerc\u00f3 y pas\u00f3 por uno de tantos&#8230; (ver Flp 2, 5ss). De fuera viene Dios y se hace cercano, ... Read More\" \/>\n<meta property=\"og:url\" content=\"http:\/\/vincentians.com\/es\/conceptos-clave-en-misiones-populares-04-vamos-venimos-de-fuera\/\" \/>\n<meta property=\"og:site_name\" content=\"Somos Vicencianos\" \/>\n<meta property=\"article:publisher\" content=\"https:\/\/www.facebook.com\/WeAreVincentians\/\" \/>\n<meta property=\"article:author\" content=\"https:\/\/www.facebook.com\/JavierChento\" \/>\n<meta property=\"article:published_time\" content=\"2015-01-04T04:55:22+00:00\" \/>\n<meta name=\"author\" content=\"Francisco Javier Fern\u00e1ndez Chento\" \/>\n<meta name=\"twitter:card\" content=\"summary_large_image\" \/>\n<meta name=\"twitter:creator\" content=\"@https:\/\/twitter.com\/javierchento\" \/>\n<meta name=\"twitter:site\" content=\"@WeVincentians\" \/>\n<meta name=\"twitter:label1\" content=\"Escrito por\" \/>\n\t<meta name=\"twitter:data1\" content=\"Francisco Javier Fern\u00e1ndez Chento\" \/>\n\t<meta name=\"twitter:label2\" content=\"Tiempo de lectura\" \/>\n\t<meta name=\"twitter:data2\" content=\"3 minutos\" \/>\n<script type=\"application\/ld+json\" class=\"yoast-schema-graph\">{\"@context\":\"https:\/\/schema.org\",\"@graph\":[{\"@type\":\"Article\",\"@id\":\"http:\/\/vincentians.com\/es\/conceptos-clave-en-misiones-populares-04-vamos-venimos-de-fuera\/#article\",\"isPartOf\":{\"@id\":\"http:\/\/vincentians.com\/es\/conceptos-clave-en-misiones-populares-04-vamos-venimos-de-fuera\/\"},\"author\":{\"name\":\"Francisco Javier Fern\u00e1ndez Chento\",\"@id\":\"https:\/\/vincentians.com\/es\/#\/schema\/person\/9623ef4d9aa3b2dfb8c061f1499288f2\"},\"headline\":\"Conceptos clave en misiones populares 04: Vamos &#8211; Venimos de fuera\",\"datePublished\":\"2015-01-04T04:55:22+00:00\",\"mainEntityOfPage\":{\"@id\":\"http:\/\/vincentians.com\/es\/conceptos-clave-en-misiones-populares-04-vamos-venimos-de-fuera\/\"},\"wordCount\":511,\"commentCount\":0,\"publisher\":{\"@id\":\"https:\/\/vincentians.com\/es\/#organization\"},\"image\":{\"@id\":\"http:\/\/vincentians.com\/es\/conceptos-clave-en-misiones-populares-04-vamos-venimos-de-fuera\/#primaryimage\"},\"thumbnailUrl\":\"\",\"keywords\":[\"Chatillon\",\"Folleville\",\"Misiones Populares\"],\"articleSection\":[\"Misiones populares\"],\"inLanguage\":\"es\",\"potentialAction\":[{\"@type\":\"CommentAction\",\"name\":\"Comment\",\"target\":[\"http:\/\/vincentians.com\/es\/conceptos-clave-en-misiones-populares-04-vamos-venimos-de-fuera\/#respond\"]}]},{\"@type\":\"WebPage\",\"@id\":\"http:\/\/vincentians.com\/es\/conceptos-clave-en-misiones-populares-04-vamos-venimos-de-fuera\/\",\"url\":\"http:\/\/vincentians.com\/es\/conceptos-clave-en-misiones-populares-04-vamos-venimos-de-fuera\/\",\"name\":\"Conceptos clave en misiones populares 04: Vamos - Venimos de fuera - Somos Vicencianos\",\"isPartOf\":{\"@id\":\"https:\/\/vincentians.com\/es\/#website\"},\"primaryImageOfPage\":{\"@id\":\"http:\/\/vincentians.com\/es\/conceptos-clave-en-misiones-populares-04-vamos-venimos-de-fuera\/#primaryimage\"},\"image\":{\"@id\":\"http:\/\/vincentians.com\/es\/conceptos-clave-en-misiones-populares-04-vamos-venimos-de-fuera\/#primaryimage\"},\"thumbnailUrl\":\"\",\"datePublished\":\"2015-01-04T04:55:22+00:00\",\"breadcrumb\":{\"@id\":\"http:\/\/vincentians.com\/es\/conceptos-clave-en-misiones-populares-04-vamos-venimos-de-fuera\/#breadcrumb\"},\"inLanguage\":\"es\",\"potentialAction\":[{\"@type\":\"ReadAction\",\"target\":[\"http:\/\/vincentians.com\/es\/conceptos-clave-en-misiones-populares-04-vamos-venimos-de-fuera\/\"]}]},{\"@type\":\"ImageObject\",\"inLanguage\":\"es\",\"@id\":\"http:\/\/vincentians.com\/es\/conceptos-clave-en-misiones-populares-04-vamos-venimos-de-fuera\/#primaryimage\",\"url\":\"\",\"contentUrl\":\"\"},{\"@type\":\"BreadcrumbList\",\"@id\":\"http:\/\/vincentians.com\/es\/conceptos-clave-en-misiones-populares-04-vamos-venimos-de-fuera\/#breadcrumb\",\"itemListElement\":[{\"@type\":\"ListItem\",\"position\":1,\"name\":\"Portada\",\"item\":\"https:\/\/vincentians.com\/es\/\"},{\"@type\":\"ListItem\",\"position\":2,\"name\":\"Conceptos clave en misiones populares 04: Vamos &#8211; Venimos de fuera\"}]},{\"@type\":\"WebSite\",\"@id\":\"https:\/\/vincentians.com\/es\/#website\",\"url\":\"https:\/\/vincentians.com\/es\/\",\"name\":\"Somos Vicencianos\",\"description\":\"Know more to serve more\",\"publisher\":{\"@id\":\"https:\/\/vincentians.com\/es\/#organization\"},\"potentialAction\":[{\"@type\":\"SearchAction\",\"target\":{\"@type\":\"EntryPoint\",\"urlTemplate\":\"https:\/\/vincentians.com\/es\/?s={search_term_string}\"},\"query-input\":{\"@type\":\"PropertyValueSpecification\",\"valueRequired\":true,\"valueName\":\"search_term_string\"}}],\"inLanguage\":\"es\"},{\"@type\":\"Organization\",\"@id\":\"https:\/\/vincentians.com\/es\/#organization\",\"name\":\"The Vincentian Network\",\"url\":\"https:\/\/vincentians.com\/es\/\",\"logo\":{\"@type\":\"ImageObject\",\"inLanguage\":\"es\",\"@id\":\"https:\/\/vincentians.com\/es\/#\/schema\/logo\/image\/\",\"url\":\"https:\/\/i1.wp.com\/vincentians.com\/es\/wp-content\/uploads\/sites\/11\/2016\/06\/Vincentian-Network-logo-big.png?fit=778%2C778\",\"contentUrl\":\"https:\/\/i1.wp.com\/vincentians.com\/es\/wp-content\/uploads\/sites\/11\/2016\/06\/Vincentian-Network-logo-big.png?fit=778%2C778\",\"width\":778,\"height\":778,\"caption\":\"The Vincentian Network\"},\"image\":{\"@id\":\"https:\/\/vincentians.com\/es\/#\/schema\/logo\/image\/\"},\"sameAs\":[\"https:\/\/www.facebook.com\/WeAreVincentians\/\",\"https:\/\/x.com\/WeVincentians\"]},{\"@type\":\"Person\",\"@id\":\"https:\/\/vincentians.com\/es\/#\/schema\/person\/9623ef4d9aa3b2dfb8c061f1499288f2\",\"name\":\"Francisco Javier Fern\u00e1ndez Chento\",\"image\":{\"@type\":\"ImageObject\",\"inLanguage\":\"es\",\"@id\":\"https:\/\/vincentians.com\/es\/#\/schema\/person\/image\/\",\"url\":\"https:\/\/secure.gravatar.com\/avatar\/497d5cde87b4c3d097d0315953521681ba2cd523ee66e5077c3711f7021e65de?s=96&d=mm&r=g\",\"contentUrl\":\"https:\/\/secure.gravatar.com\/avatar\/497d5cde87b4c3d097d0315953521681ba2cd523ee66e5077c3711f7021e65de?s=96&d=mm&r=g\",\"caption\":\"Francisco Javier Fern\u00e1ndez Chento\"},\"description\":\"Director General y cofundador de La Red de Formaci\u00f3n Vicenciana. Javier es laico vicenciano, afiliado a la Congregaci\u00f3n de la Misi\u00f3n y miembro del Equipo de Misiones Populares de la provincia can\u00f3nica de Zaragoza (Espa\u00f1a) de la Congregaci\u00f3n de la Misi\u00f3n. Graduado en la Universidad Oberta de Catalunya con cuatro grados (Asistente de direcci\u00f3n, Gesti\u00f3n Administrativa, Recursos Humanos y Contabilidad Avanzada). Bil\u00edng\u00fce Espa\u00f1ol\/Ingl\u00e9s. gestiona y mantiene varias p\u00e1ginas web cristianas y vicencianas, incluida including La Red de Formaci\u00f3n Vicenciana, de la que es cofundador. Actualmente es responsable del \u00e1rea de Espa\u00f1ol de .famvin, la Red de Noticias de la Familia Vicenciana. Tambi\u00e9n es m\u00fasico cat\u00f3lico y ha editado varios discos. Es Director General y cofundador de Trovador, una reconocida compa\u00f1\u00eda discogr\u00e1fica critiana de Espa\u00f1a. Trabaja en las Tecnolog\u00edas de la Informaci\u00f3n, ofreciendo servicios de alojamiento, dise\u00f1o y mantenimiento Web, as\u00ed como asesoramiento, formaci\u00f3n y soluciones inform\u00e1ticas, gesti\u00f3n documental y digitalizaci\u00f3n de textos, edici\u00f3n y maquetaci\u00f3n de libros, revistas, flyers, etc.\",\"sameAs\":[\"http:\/\/chento.org\",\"https:\/\/www.facebook.com\/JavierChento\",\"https:\/\/x.com\/https:\/\/twitter.com\/javierchento\"],\"url\":\"http:\/\/vincentians.com\/es\/author\/chento\/\"}]}<\/script>\n<!-- \/ Yoast SEO plugin. -->","yoast_head_json":{"title":"Conceptos clave en misiones populares 04: Vamos - Venimos de fuera - Somos Vicencianos","robots":{"index":"index","follow":"follow","max-snippet":"max-snippet:-1","max-image-preview":"max-image-preview:large","max-video-preview":"max-video-preview:-1"},"canonical":"http:\/\/vincentians.com\/es\/conceptos-clave-en-misiones-populares-04-vamos-venimos-de-fuera\/","og_locale":"es_ES","og_type":"article","og_title":"Conceptos clave en misiones populares 04: Vamos - Venimos de fuera - Somos Vicencianos","og_description":"Tened los mismos sentimientos de Cristo Jes\u00fas quien renunci\u00f3 a su categor\u00eda de Dios, descendi\u00f3, se acerc\u00f3 y pas\u00f3 por uno de tantos&#8230; (ver Flp 2, 5ss). De fuera viene Dios y se hace cercano, ... Read More","og_url":"http:\/\/vincentians.com\/es\/conceptos-clave-en-misiones-populares-04-vamos-venimos-de-fuera\/","og_site_name":"Somos Vicencianos","article_publisher":"https:\/\/www.facebook.com\/WeAreVincentians\/","article_author":"https:\/\/www.facebook.com\/JavierChento","article_published_time":"2015-01-04T04:55:22+00:00","author":"Francisco Javier Fern\u00e1ndez Chento","twitter_card":"summary_large_image","twitter_creator":"@https:\/\/twitter.com\/javierchento","twitter_site":"@WeVincentians","twitter_misc":{"Escrito por":"Francisco Javier Fern\u00e1ndez Chento","Tiempo de lectura":"3 minutos"},"schema":{"@context":"https:\/\/schema.org","@graph":[{"@type":"Article","@id":"http:\/\/vincentians.com\/es\/conceptos-clave-en-misiones-populares-04-vamos-venimos-de-fuera\/#article","isPartOf":{"@id":"http:\/\/vincentians.com\/es\/conceptos-clave-en-misiones-populares-04-vamos-venimos-de-fuera\/"},"author":{"name":"Francisco Javier Fern\u00e1ndez Chento","@id":"https:\/\/vincentians.com\/es\/#\/schema\/person\/9623ef4d9aa3b2dfb8c061f1499288f2"},"headline":"Conceptos clave en misiones populares 04: Vamos &#8211; Venimos de fuera","datePublished":"2015-01-04T04:55:22+00:00","mainEntityOfPage":{"@id":"http:\/\/vincentians.com\/es\/conceptos-clave-en-misiones-populares-04-vamos-venimos-de-fuera\/"},"wordCount":511,"commentCount":0,"publisher":{"@id":"https:\/\/vincentians.com\/es\/#organization"},"image":{"@id":"http:\/\/vincentians.com\/es\/conceptos-clave-en-misiones-populares-04-vamos-venimos-de-fuera\/#primaryimage"},"thumbnailUrl":"","keywords":["Chatillon","Folleville","Misiones Populares"],"articleSection":["Misiones populares"],"inLanguage":"es","potentialAction":[{"@type":"CommentAction","name":"Comment","target":["http:\/\/vincentians.com\/es\/conceptos-clave-en-misiones-populares-04-vamos-venimos-de-fuera\/#respond"]}]},{"@type":"WebPage","@id":"http:\/\/vincentians.com\/es\/conceptos-clave-en-misiones-populares-04-vamos-venimos-de-fuera\/","url":"http:\/\/vincentians.com\/es\/conceptos-clave-en-misiones-populares-04-vamos-venimos-de-fuera\/","name":"Conceptos clave en misiones populares 04: Vamos - Venimos de fuera - Somos Vicencianos","isPartOf":{"@id":"https:\/\/vincentians.com\/es\/#website"},"primaryImageOfPage":{"@id":"http:\/\/vincentians.com\/es\/conceptos-clave-en-misiones-populares-04-vamos-venimos-de-fuera\/#primaryimage"},"image":{"@id":"http:\/\/vincentians.com\/es\/conceptos-clave-en-misiones-populares-04-vamos-venimos-de-fuera\/#primaryimage"},"thumbnailUrl":"","datePublished":"2015-01-04T04:55:22+00:00","breadcrumb":{"@id":"http:\/\/vincentians.com\/es\/conceptos-clave-en-misiones-populares-04-vamos-venimos-de-fuera\/#breadcrumb"},"inLanguage":"es","potentialAction":[{"@type":"ReadAction","target":["http:\/\/vincentians.com\/es\/conceptos-clave-en-misiones-populares-04-vamos-venimos-de-fuera\/"]}]},{"@type":"ImageObject","inLanguage":"es","@id":"http:\/\/vincentians.com\/es\/conceptos-clave-en-misiones-populares-04-vamos-venimos-de-fuera\/#primaryimage","url":"","contentUrl":""},{"@type":"BreadcrumbList","@id":"http:\/\/vincentians.com\/es\/conceptos-clave-en-misiones-populares-04-vamos-venimos-de-fuera\/#breadcrumb","itemListElement":[{"@type":"ListItem","position":1,"name":"Portada","item":"https:\/\/vincentians.com\/es\/"},{"@type":"ListItem","position":2,"name":"Conceptos clave en misiones populares 04: Vamos &#8211; Venimos de fuera"}]},{"@type":"WebSite","@id":"https:\/\/vincentians.com\/es\/#website","url":"https:\/\/vincentians.com\/es\/","name":"Somos Vicencianos","description":"Know more to serve more","publisher":{"@id":"https:\/\/vincentians.com\/es\/#organization"},"potentialAction":[{"@type":"SearchAction","target":{"@type":"EntryPoint","urlTemplate":"https:\/\/vincentians.com\/es\/?s={search_term_string}"},"query-input":{"@type":"PropertyValueSpecification","valueRequired":true,"valueName":"search_term_string"}}],"inLanguage":"es"},{"@type":"Organization","@id":"https:\/\/vincentians.com\/es\/#organization","name":"The Vincentian Network","url":"https:\/\/vincentians.com\/es\/","logo":{"@type":"ImageObject","inLanguage":"es","@id":"https:\/\/vincentians.com\/es\/#\/schema\/logo\/image\/","url":"https:\/\/i1.wp.com\/vincentians.com\/es\/wp-content\/uploads\/sites\/11\/2016\/06\/Vincentian-Network-logo-big.png?fit=778%2C778","contentUrl":"https:\/\/i1.wp.com\/vincentians.com\/es\/wp-content\/uploads\/sites\/11\/2016\/06\/Vincentian-Network-logo-big.png?fit=778%2C778","width":778,"height":778,"caption":"The Vincentian Network"},"image":{"@id":"https:\/\/vincentians.com\/es\/#\/schema\/logo\/image\/"},"sameAs":["https:\/\/www.facebook.com\/WeAreVincentians\/","https:\/\/x.com\/WeVincentians"]},{"@type":"Person","@id":"https:\/\/vincentians.com\/es\/#\/schema\/person\/9623ef4d9aa3b2dfb8c061f1499288f2","name":"Francisco Javier Fern\u00e1ndez Chento","image":{"@type":"ImageObject","inLanguage":"es","@id":"https:\/\/vincentians.com\/es\/#\/schema\/person\/image\/","url":"https:\/\/secure.gravatar.com\/avatar\/497d5cde87b4c3d097d0315953521681ba2cd523ee66e5077c3711f7021e65de?s=96&d=mm&r=g","contentUrl":"https:\/\/secure.gravatar.com\/avatar\/497d5cde87b4c3d097d0315953521681ba2cd523ee66e5077c3711f7021e65de?s=96&d=mm&r=g","caption":"Francisco Javier Fern\u00e1ndez Chento"},"description":"Director General y cofundador de La Red de Formaci\u00f3n Vicenciana. Javier es laico vicenciano, afiliado a la Congregaci\u00f3n de la Misi\u00f3n y miembro del Equipo de Misiones Populares de la provincia can\u00f3nica de Zaragoza (Espa\u00f1a) de la Congregaci\u00f3n de la Misi\u00f3n. Graduado en la Universidad Oberta de Catalunya con cuatro grados (Asistente de direcci\u00f3n, Gesti\u00f3n Administrativa, Recursos Humanos y Contabilidad Avanzada). Bil\u00edng\u00fce Espa\u00f1ol\/Ingl\u00e9s. gestiona y mantiene varias p\u00e1ginas web cristianas y vicencianas, incluida including La Red de Formaci\u00f3n Vicenciana, de la que es cofundador. Actualmente es responsable del \u00e1rea de Espa\u00f1ol de .famvin, la Red de Noticias de la Familia Vicenciana. Tambi\u00e9n es m\u00fasico cat\u00f3lico y ha editado varios discos. Es Director General y cofundador de Trovador, una reconocida compa\u00f1\u00eda discogr\u00e1fica critiana de Espa\u00f1a. Trabaja en las Tecnolog\u00edas de la Informaci\u00f3n, ofreciendo servicios de alojamiento, dise\u00f1o y mantenimiento Web, as\u00ed como asesoramiento, formaci\u00f3n y soluciones inform\u00e1ticas, gesti\u00f3n documental y digitalizaci\u00f3n de textos, edici\u00f3n y maquetaci\u00f3n de libros, revistas, flyers, etc.","sameAs":["http:\/\/chento.org","https:\/\/www.facebook.com\/JavierChento","https:\/\/x.com\/https:\/\/twitter.com\/javierchento"],"url":"http:\/\/vincentians.com\/es\/author\/chento\/"}]}},"jetpack_publicize_connections":[],"jetpack_featured_media_url":"","jetpack_sharing_enabled":true,"jetpack_shortlink":"https:\/\/wp.me\/p7ETMF-yFh","jetpack-related-posts":[{"id":143,"url":"http:\/\/vincentians.com\/es\/conceptos-clave-en-misiones-populares-09-encuentro-con-las-personas\/","url_meta":{"origin":133255,"position":0},"title":"Conceptos clave en misiones populares 09: Encuentro con las personas","author":"Francisco Javier Fern\u00e1ndez Chento","date":"09\/01\/2015","format":false,"excerpt":"La palabra encuentro es una de las palabras claves de nuestro quehacer misionero. La realidad del encuentro es la forma de presentarse Jes\u00fas entre nosotros. El ha salido del Padre y ha venido hasta nosotros para encontrarse. Volvemos al evangelio: Iba Jes\u00fas de camino, se encuentra con una mujer, le\u2026","rel":"","context":"En \u00abMisiones populares\u00bb","block_context":{"text":"Misiones populares","link":"http:\/\/vincentians.com\/es\/category\/servicios-y-ministerios\/misiones-populares-misiones\/"},"img":{"alt_text":"encontrarse","src":"https:\/\/i0.wp.com\/vicencianos.org\/wp-content\/2015\/01\/encontrarse-300x225.jpg?resize=350%2C200","width":350,"height":200},"classes":[]},{"id":173,"url":"http:\/\/vincentians.com\/es\/conceptos-clave-en-misiones-populares-13-encuentro-con-dios\/","url_meta":{"origin":133255,"position":1},"title":"Conceptos clave en misiones populares 13: Encuentro con Dios","author":"Francisco Javier Fern\u00e1ndez Chento","date":"13\/01\/2015","format":false,"excerpt":"En la presentaci\u00f3n de los Grupos de Encuentro hacemos ver como esa palabra \"encuentro\" significa tambi\u00e9n, o si queremos inicialmente, encuentro con Dios. Ya era pues hora de centrarnos en esta realidad clave de todo estilo misionero. Este encuentro con Dios se produce durante la misi\u00f3n de muchas maneras: En\u2026","rel":"","context":"En \u00abMisiones populares\u00bb","block_context":{"text":"Misiones populares","link":"http:\/\/vincentians.com\/es\/category\/servicios-y-ministerios\/misiones-populares-misiones\/"},"img":{"alt_text":"encuentro","src":"https:\/\/i0.wp.com\/vicencianos.org\/wp-content\/2015\/01\/encuentro.jpg?resize=350%2C200","width":350,"height":200,"srcset":"https:\/\/i0.wp.com\/vicencianos.org\/wp-content\/2015\/01\/encuentro.jpg?resize=350%2C200 1x, https:\/\/i0.wp.com\/vicencianos.org\/wp-content\/2015\/01\/encuentro.jpg?resize=525%2C300 1.5x, https:\/\/i0.wp.com\/vicencianos.org\/wp-content\/2015\/01\/encuentro.jpg?resize=700%2C400 2x"},"classes":[]},{"id":150,"url":"http:\/\/vincentians.com\/es\/conceptos-clave-en-misiones-populares-10-anuncio\/","url_meta":{"origin":133255,"position":2},"title":"Conceptos clave en misiones populares 10: Anuncio","author":"Francisco Javier Fern\u00e1ndez Chento","date":"10\/01\/2015","format":false,"excerpt":"Al llegar a este concepto clave era dif\u00edcil, sin decir todo, decir menos. Pienso que este concepto, un poco m\u00e1s largo, no pod\u00eda evitar un desarrollo con las precisiones que siguen. \u00bfC\u00f3mo creer\u00e1n si nadie se lo anuncia? Pero, \u00bfqu\u00e9 anunciamos? \u00bfSe anuncia algo nuevo, o, algo viejo, o, lo\u2026","rel":"","context":"En \u00abMisiones populares\u00bb","block_context":{"text":"Misiones populares","link":"http:\/\/vincentians.com\/es\/category\/servicios-y-ministerios\/misiones-populares-misiones\/"},"img":{"alt_text":"P1020561","src":"https:\/\/i0.wp.com\/vicencianos.org\/wp-content\/2015\/01\/P1020561-300x225.jpg?resize=350%2C200","width":350,"height":200},"classes":[]},{"id":182,"url":"http:\/\/vincentians.com\/es\/conceptos-clave-en-misiones-populares-14-en-comunidad\/","url_meta":{"origin":133255,"position":3},"title":"Conceptos clave en misiones populares 14: En comunidad","author":"Francisco Javier Fern\u00e1ndez Chento","date":"14\/01\/2015","format":false,"excerpt":"El sentido de comunidad, adem\u00e1s de comuni\u00f3n con Dios, tiene un doble sentido entre nosotros: [1] Hemos repetido frecuentemente que venimos a misionar en nombre de la Iglesia; no venimos en nombre propio ni como francotiradores. [2] Misionamos en equipo eclesial en el que procuremos que no falten ni los\u2026","rel":"","context":"En \u00abMisiones populares\u00bb","block_context":{"text":"Misiones populares","link":"http:\/\/vincentians.com\/es\/category\/servicios-y-ministerios\/misiones-populares-misiones\/"},"img":{"alt_text":"P1190127","src":"https:\/\/i0.wp.com\/vicencianos.org\/wp-content\/2015\/01\/P1190127-300x225.jpg?resize=350%2C200","width":350,"height":200},"classes":[]},{"id":133248,"url":"http:\/\/vincentians.com\/es\/presentacion-de-las-misiones-populares-vicencianas\/","url_meta":{"origin":133255,"position":4},"title":"Presentaci\u00f3n de las misiones populares vicencianas","author":"Francisco Javier Fern\u00e1ndez Chento","date":"21\/12\/2014","format":false,"excerpt":"Las misiones son nuestra vocaci\u00f3n: por eso nos llamamos Congregaci\u00f3n de la Misi\u00f3n, una vocaci\u00f3n que nos lleva a \"corresponder a los designios eternos que Dios tiene sobre nosotros\". San Vicente lo dice con claridad: \"Lo m\u00e1s importante de nuestra vocaci\u00f3n es trabajar por la salvaci\u00f3n de las pobres gentes\u2026","rel":"","context":"En \u00abMisiones populares\u00bb","block_context":{"text":"Misiones populares","link":"http:\/\/vincentians.com\/es\/category\/servicios-y-ministerios\/misiones-populares-misiones\/"},"img":{"alt_text":"Peral","src":"https:\/\/i0.wp.com\/vicencianos.org\/wp-content\/2014\/12\/Peral-300x223.jpg?resize=350%2C200","width":350,"height":200},"classes":[]},{"id":94,"url":"http:\/\/vincentians.com\/es\/conceptos-clave-en-misiones-populares-02-renovacion\/","url_meta":{"origin":133255,"position":5},"title":"Conceptos clave en misiones populares 02: Renovaci\u00f3n","author":"Francisco Javier Fern\u00e1ndez Chento","date":"02\/01\/2015","format":false,"excerpt":"Hoy se emplea con frecuencia una expresi\u00f3n en la propaganda misionera: \"misiones renovadas\". Pero, tenemos que preguntarnos, \u00bfes as\u00ed? Porque da la sensaci\u00f3n que, empezando por los responsables de las comunidades, hay quien no cree que se pueda renovar una comunidad con una misi\u00f3n. Por eso, debemos preguntarnos, \"cu\u00e1ndo\", \"bajo\u2026","rel":"","context":"En \u00abMisiones populares\u00bb","block_context":{"text":"Misiones populares","link":"http:\/\/vincentians.com\/es\/category\/servicios-y-ministerios\/misiones-populares-misiones\/"},"img":{"alt_text":"Reuni\u00f3n de formaci\u00f3n de misioneros pa\u00fales y seglares. Zaragoza, Diciembre de 2010.","src":"https:\/\/i0.wp.com\/vicencianos.org\/wp-content\/2015\/01\/reunion_formacion-300x225.jpg?resize=350%2C200","width":350,"height":200},"classes":[]}],"_links":{"self":[{"href":"http:\/\/vincentians.com\/es\/wp-json\/wp\/v2\/posts\/133255","targetHints":{"allow":["GET"]}}],"collection":[{"href":"http:\/\/vincentians.com\/es\/wp-json\/wp\/v2\/posts"}],"about":[{"href":"http:\/\/vincentians.com\/es\/wp-json\/wp\/v2\/types\/post"}],"author":[{"embeddable":true,"href":"http:\/\/vincentians.com\/es\/wp-json\/wp\/v2\/users\/4"}],"replies":[{"embeddable":true,"href":"http:\/\/vincentians.com\/es\/wp-json\/wp\/v2\/comments?post=133255"}],"version-history":[{"count":0,"href":"http:\/\/vincentians.com\/es\/wp-json\/wp\/v2\/posts\/133255\/revisions"}],"wp:featuredmedia":[{"embeddable":true,"href":"http:\/\/vincentians.com\/es\/wp-json\/"}],"wp:attachment":[{"href":"http:\/\/vincentians.com\/es\/wp-json\/wp\/v2\/media?parent=133255"}],"wp:term":[{"taxonomy":"category","embeddable":true,"href":"http:\/\/vincentians.com\/es\/wp-json\/wp\/v2\/categories?post=133255"},{"taxonomy":"post_tag","embeddable":true,"href":"http:\/\/vincentians.com\/es\/wp-json\/wp\/v2\/tags?post=133255"}],"curies":[{"name":"wp","href":"https:\/\/api.w.org\/{rel}","templated":true}]}}