{"id":133250,"date":"2014-12-27T17:53:46","date_gmt":"2014-12-27T16:53:46","guid":{"rendered":"http:\/\/somos.vicencianos.org\/misionespopulares\/?p=47"},"modified":"2014-12-27T17:53:46","modified_gmt":"2014-12-27T16:53:46","slug":"misiones-populares-algunas-experiencias","status":"publish","type":"post","link":"http:\/\/vincentians.com\/es\/misiones-populares-algunas-experiencias\/","title":{"rendered":"Misiones populares: algunas experiencias"},"content":{"rendered":"<p><a href=\"https:\/\/i0.wp.com\/vicencianos.org\/wp-content\/2014\/12\/P1020159.jpg\"><img data-recalc-dims=\"1\" loading=\"lazy\" decoding=\"async\" class=\"alignright size-medium wp-image-133310\" src=\"https:\/\/i0.wp.com\/vicencianos.org\/wp-content\/2014\/12\/P1020159-300x225.jpg?resize=300%2C225\" alt=\"P1020159\" width=\"300\" height=\"225\" \/><\/a>Quiz\u00e1 ahora te pueda servir, tras haberte comentado lo que b\u00e1sicamente hacemos en el <strong>tiempo de preparaci\u00f3n<\/strong> de una misi\u00f3n, la narraci\u00f3n de un \u00ab<strong>tiempo fuerte\u00bb<\/strong> de misi\u00f3n \u00aben vivo\u00bb. Estos d\u00edas, que estoy en mi casa base, tengo algo de tiempo para dar cuenta de una tarea que adem\u00e1s me han pedido los seglares tanto de nuestro Equipo de Misiones como de muchos de los lugares en los que hemos vivido la misma experiencia misionera.<\/p>\n<p>Y comienzo \u00e9sta narraci\u00f3n insistiendo en una precisi\u00f3n que ya te hice. En los muchos a\u00f1os que llevo trabajando en este campo <strong>nunca<\/strong> he vivido dos misiones iguales. El esquema es el mismo o, por lo menos semejante, pero la realidad, como cualquier cuerpo vivo, es individual y \u00fanica. Y \u00abla realidad\u00bb es siempre la que manda. Ya lo volver\u00e9 a comentar en dos noticias de \u00abtiempo de preparaci\u00f3n\u00bb que escribir\u00e9 m\u00e1s adelante.<\/p>\n<h2>Tiempo fuerte en \u00c1guilas<\/h2>\n<p>Te cuento muy sucintamente lo vivido en una ciudad de Murcia, \u00c1guilas. San Jos\u00e9 de \u00c1guilas es una parroquia con mucha tradici\u00f3n. Tiene grupos con recorrido de a\u00f1os y tambi\u00e9n una gran dosis de \u00abcostumbres religiosas\u00bb y de \u00abpr\u00e1ctica sacramental elemental\u00bb. Un solo dato puede aclarar esta afirmaci\u00f3n: Cada a\u00f1o vienen a recibir la primera comuni\u00f3n unos 200 ni\u00f1os. Y ayer era el d\u00eda en que de esos 200 ni\u00f1os ninguno continuaba la catequesis tras recibir la comuni\u00f3n. Problemas serio, \u00bfverdad?<\/p>\n<h3><strong>Los objetivos<\/strong><\/h3>\n<p>Tras el <strong>Estudio de la Realidad<\/strong> realizado por los distintos grupos de la parroquia y con los consejos que se nos daban en dicho estudio nos marcamos los siguientes objetivos:<\/p>\n<ul>\n<li>Provocar un mayor sentido de \u00abiglesia de todos y con todos\u00bb. Superar el grupismo, e incluso el personalismo. Potenciar el conocimiento y la colaboraci\u00f3n de grupos.<\/li>\n<li>Llevar a un sentido de caridad que desemboque en el compromiso transformador. Se\u00f1alar a nivel de comunidad parroquial alg\u00fan compromiso caritativo\/social.<\/li>\n<li>Intentar la formaci\u00f3n de grupo en edades m\u00e1s j\u00f3venes, de matrimonios j\u00f3venes para abajo. [Insistir en grupos de familias para mejorar el nivel de educaci\u00f3n familiar, necesidad detectada por las catequistas].<\/li>\n<li>Procurar a partir de todos los grupos, (los que existen o puedan surgir), desarrollar un sentido de formaci\u00f3n cristiana que lleve a la trasformaci\u00f3n de la realidad, sobre todo de los m\u00e1s necesitados.<\/li>\n<li>Potenciar la catequesis de poscomuni\u00f3n y de confirmaci\u00f3n.<\/li>\n<\/ul>\n<p>Quiero confesar humildemente que no todos los objetivos se han alcanzado de manera satisfactoria. Pero s\u00ed que creemos que se ha avanzado en la l\u00ednea se\u00f1alada por dichos objetivos.<\/p>\n<h3><strong>Breve relato del TF<\/strong><\/h3>\n<p>La <strong>primera parte<\/strong> del tiempo fuerte de misi\u00f3n, la que dedicamos sobre todo a las visitas por las casas, fue complicada. Nos encontramos cantidad de gente o que no estaba o que no abr\u00eda. \u00c1guilas, como pueblo de playa, crece en verano y decrece en oto\u00f1o; y esta pudo ser una de las causas por las que nos encontramos con puertas cerradas. Y este hecho pudo afectar negativamente al equipo de misioneros venidos de fuera.<\/p>\n<p>En el <strong>segundo momento<\/strong>, el que dedicamos al Anuncio expl\u00edcito del Evangelio, unido a las celebraciones y a diversas formas de contacto con la gente, nos pareci\u00f3 observar que el ambiente se iba caldeando: Un grupito de ni\u00f1os, otro de preadolescentes, el de novios y otros grupos de matrimonios j\u00f3venes (entre los cuales cuento 25 personas de una Cofrad\u00eda) iniciaron un camino esperanzador que desean continuar. A estos colectivos se sumaron todos los grupos que ya exist\u00edan en la parroquia y algunos nuevos dentro del sector de las personas de m\u00e1s edad.<\/p>\n<p>As\u00ed, fue en el <strong>tercer momento<\/strong>, el que llamamos de <em>Grupos de Encuentro<\/em>, cuando un buen n\u00famero de personas de la comunidad parroquial, dej\u00e1ndose llevar por <em>el viento del Esp\u00edritu<\/em>, creemos que <strong>ha iniciado<\/strong> un camino de renovaci\u00f3n. Fueron 16 los grupos que funcionaron, la impresi\u00f3n que trasmitieron en la Asamblea final de este tiempo fue de satisfacci\u00f3n; el n\u00famero de personas que se aprovecharon fue amplio y su car\u00e1cter: un porcentaje amplio de \u00abpoco habituales\u00bb.<\/p>\n<p>Todos sabemos que la semilla puede caer en distintos terrenos. Nos lo advirti\u00f3 Jes\u00fas. Pero nosotros confiamos que al menos produzca alg\u00fan fruto, aunque sea un \u00ab15 por uno\u00bb; un poco menos que lo indicado por Jes\u00fas.<\/p>\n<p>Hubo bastantes m\u00e1s cosas positivas. La experiencia misionera fue m\u00e1s rica. Y si me he contentado con ofreceros estos pocos datos, ha sido con la intenci\u00f3n de resaltar algunos que puedan servir, y tambi\u00e9n por no cansaros y por no ser un cronista triunfalista. Otras notas las dejo para otra ocasi\u00f3n.<\/p>\n<h2>Misi\u00f3n en Alhama<\/h2>\n<p><a href=\"https:\/\/i0.wp.com\/vicencianos.org\/wp-content\/2014\/12\/P1020301b.jpg\"><img data-recalc-dims=\"1\" loading=\"lazy\" decoding=\"async\" class=\"alignright size-medium wp-image-133311\" src=\"https:\/\/i0.wp.com\/vicencianos.org\/wp-content\/2014\/12\/P1020301b-300x225.jpg?resize=300%2C225\" alt=\"P1020301b\" width=\"300\" height=\"225\" \/><\/a>Entre el 15 de enero y el 12 de febrero de 2012 realizamos un tiempo fuerte de misi\u00f3n en Alhama de Murcia, el pueblo donde est\u00e1 ubicada la f\u00e1brica boyante de embutidos El Pozo. El pueblo tiene dos parroquias y misionamos s\u00f3lo la grande, la parroquia de san L\u00e1zaro Obispo; la catedral, que dicen ellos.<\/p>\n<p>Algunos me han comentado: est\u00e1is trabajando mucho en Murcia. Y quiero decir el por qu\u00e9. En esta di\u00f3cesis de Cartagena se est\u00e1n dando dos circunstancias positivas: 1. La labor de contagio de unos curas a otros tras la experiencia positiva de una misi\u00f3n; 2. El inter\u00e9s vivo y pr\u00e1ctico de D. Antonio Le\u00f3n, delegado de Econom\u00eda de la Di\u00f3cesis, que est\u00e1 viendo en la misi\u00f3n un instrumento necesario para hacer efectiva la Nueva Evangelizaci\u00f3n y se est\u00e1 dedicando a motivar a muchos. Y como nosotros no nos ofrecemos, nos dedicamos a quienes nos llaman.<\/p>\n<p>En esta misi\u00f3n se me produjo una gran sorpresa: Las varias reuniones del tiempo de preparaci\u00f3n con el Consejo y los principales Animadores de fe del pueblo y las respuestas al Estudio de la Realidad me parecieron indicar un nivel de compromiso y de aceptaci\u00f3n que luego no concordaron con lo que experimentamos en el Tiempo Fuerte.<\/p>\n<h3><strong>Un tiempo fuerte un tanto contradictorio<\/strong><\/h3>\n<p>\u00bfCu\u00e1l pudo ser la causa? \u00bfLos fallos en nuestro trabajo? \u00bfEl trabajo, quiz\u00e1 excesivo, y quiz\u00e1 convertido en un dios falso? \u00bfEl descuido y la falta de motivaci\u00f3n\/formaci\u00f3n en el terreno de la fe por parte de los animadores parroquiales que, seg\u00fan el p\u00e1rroco actual, ven\u00eda de m\u00e1s de 10 a\u00f1os? \u00bfUna preparaci\u00f3n del tiempo fuerte de misi\u00f3n, por diversas circunstancias, precipitada? No lo sabr\u00eda decir. Pero la conclusi\u00f3n que algunos sacamos es que quiz\u00e1 tendr\u00edamos que haber dedicado a la preparaci\u00f3n un tiempo especial, algo as\u00ed como en \u00c1guilas, o como estamos haciendo en Zaragoza.<\/p>\n<p>Al final, la impresi\u00f3n que me ha quedado es de una misi\u00f3n buena. No piensa lo mismo el p\u00e1rroco (y quiz\u00e1 muchas personas del pueblo) que consideran que la misi\u00f3n ha sido muy buena. \u00bfEn qu\u00e9 se basan para opinar as\u00ed? El p\u00e1rroco me dec\u00eda, \u00abse ha hecho una buena siembre, se han apuntado un mont\u00f3n de caminos nuevos, ahora nos toca a nosotros ir consolidando todas estas cosas, atentos a todo lo que pueda surgir\u00bb.<\/p>\n<p>Pero no s\u00f3lo me quedo con lo que me dijo el p\u00e1rroco; tras el tiempo fuerte, varias personas ven en el p\u00e1rroco el primer y m\u00e1s importante fruto de la misi\u00f3n, pues se est\u00e1 tomando en serio la tarea de evangelizar. Sigue animando la continuidad de la misi\u00f3n, como manifestaba arriba. No se ha quedado en palabras.<\/p>\n<p>El p\u00e1rroco y varios Seglares siguen animando unos grupos que me parecen claves en el futuro de Alhama. Y quiero destacar algunos: 1. Los catequistas tanto de comuni\u00f3n como de confirmaci\u00f3n que est\u00e1n iniciando un Plan de Formaci\u00f3n (era uno de los objetivos se\u00f1alados por ellos mismos en el Estudio de la Realidad); 2. Un buen grupo de preadolescentes de 1\u00ba y 2\u00ba de ESO; 3. Un grupo de J\u00f3venes que apuntan como \u00abel grano de mostaza\u00bb a un futuro prometedor; 4. Un grupo de \u00abparejas j\u00f3venes\u00bb (unido al compromiso misionero de dos matrimonios de Murcia que los van a cultivar); 5. Y todo potenciado por la oraci\u00f3n: Los s\u00e1bados un grupo superior a 40 personas se juntan una hora para hacer oraci\u00f3n (y luego, por lo menos el primer s\u00e1bado, se fueron con el p\u00e1rroco a almorzar juntos). [Esto hac\u00edan los primeros cristianos uni\u00e9ndolo a la Eucarist\u00eda, \u00bfno?]\n<p style=\"text-align: center\"><strong>\u2014 \u2014 \u2014<br \/>\n<\/strong><\/p>\n<p>Y termino este relato al estilo de las noveles de la tele, adelantando un reto que intentar\u00e9 desarrollar en alg\u00fan otro art\u00edculo. All\u00e1 va\u2026<\/p>\n<p>\u00bfSer\u00e1 salirse de tema citar el evangelio? \u00bfNo? Pues voy a hacerlo, porque creo que fue Jes\u00fas quien dijo <em>la mies es mucha y los obreros pocos<\/em>; y creo que tambi\u00e9n dijo, <em>cuando venga el Hijo del Hombre, \u00bfencontrar\u00e1 fe en la tierra?<\/em> Ya lo sab\u00edas, \u00bfverdad? Pero me he permitido citarlo como un gran SOS, porque hoy, (el otro d\u00eda me lo confirm\u00f3 un Arcipreste), se habla mucho de la <em>Nueva Evangelizaci\u00f3n<\/em>. Pero, \u00bfno os parece que se hace poco? As\u00ed que, si alguien quiere unirse a nuestro equipo misionero, le env\u00edo la llave para que entre.<\/p>\n","protected":false},"excerpt":{"rendered":"<p>Quiz\u00e1 ahora te pueda servir, tras haberte comentado lo que b\u00e1sicamente hacemos en el tiempo de preparaci\u00f3n de una misi\u00f3n, la narraci\u00f3n de un \u00abtiempo fuerte\u00bb de misi\u00f3n \u00aben vivo\u00bb. Estos d\u00edas, que estoy en &#8230; <a href=\"http:\/\/vincentians.com\/es\/misiones-populares-algunas-experiencias\/\" class=\"more-link\">Read More<\/a><\/p>\n","protected":false},"author":4,"featured_media":133310,"comment_status":"open","ping_status":"open","sticky":false,"template":"","format":"standard","meta":{"jetpack_post_was_ever_published":false,"_jetpack_newsletter_access":"","_jetpack_dont_email_post_to_subs":false,"_jetpack_newsletter_tier_id":0,"_jetpack_memberships_contains_paywalled_content":false,"_jetpack_memberships_contains_paid_content":false,"footnotes":"","jetpack_publicize_message":"","jetpack_publicize_feature_enabled":true,"jetpack_social_post_already_shared":true,"jetpack_social_options":{"image_generator_settings":{"template":"highway","default_image_id":0,"font":"","enabled":false},"version":2}},"categories":[328],"tags":[176,143],"class_list":["post-133250","post","type-post","status-publish","format-standard","has-post-thumbnail","hentry","category-misiones-populares-misiones","tag-misiones-populares","tag-san-lazaro"],"yoast_head":"<!-- This site is optimized with the Yoast SEO plugin v26.3 - https:\/\/yoast.com\/wordpress\/plugins\/seo\/ -->\n<title>Misiones populares: algunas experiencias - Somos Vicencianos<\/title>\n<meta name=\"robots\" content=\"index, follow, max-snippet:-1, max-image-preview:large, max-video-preview:-1\" \/>\n<link rel=\"canonical\" href=\"http:\/\/vincentians.com\/es\/misiones-populares-algunas-experiencias\/\" \/>\n<meta property=\"og:locale\" content=\"es_ES\" \/>\n<meta property=\"og:type\" content=\"article\" \/>\n<meta property=\"og:title\" content=\"Misiones populares: algunas experiencias - Somos Vicencianos\" \/>\n<meta property=\"og:description\" content=\"Quiz\u00e1 ahora te pueda servir, tras haberte comentado lo que b\u00e1sicamente hacemos en el tiempo de preparaci\u00f3n de una misi\u00f3n, la narraci\u00f3n de un \u00abtiempo fuerte\u00bb de misi\u00f3n \u00aben vivo\u00bb. Estos d\u00edas, que estoy en ... Read More\" \/>\n<meta property=\"og:url\" content=\"http:\/\/vincentians.com\/es\/misiones-populares-algunas-experiencias\/\" \/>\n<meta property=\"og:site_name\" content=\"Somos Vicencianos\" \/>\n<meta property=\"article:publisher\" content=\"https:\/\/www.facebook.com\/WeAreVincentians\/\" \/>\n<meta property=\"article:author\" content=\"https:\/\/www.facebook.com\/JavierChento\" \/>\n<meta property=\"article:published_time\" content=\"2014-12-27T16:53:46+00:00\" \/>\n<meta name=\"author\" content=\"Francisco Javier Fern\u00e1ndez Chento\" \/>\n<meta name=\"twitter:card\" content=\"summary_large_image\" \/>\n<meta name=\"twitter:creator\" content=\"@https:\/\/twitter.com\/javierchento\" \/>\n<meta name=\"twitter:site\" content=\"@WeVincentians\" \/>\n<meta name=\"twitter:label1\" content=\"Escrito por\" \/>\n\t<meta name=\"twitter:data1\" content=\"Francisco Javier Fern\u00e1ndez Chento\" \/>\n\t<meta name=\"twitter:label2\" content=\"Tiempo de lectura\" \/>\n\t<meta name=\"twitter:data2\" content=\"8 minutos\" \/>\n<script type=\"application\/ld+json\" class=\"yoast-schema-graph\">{\"@context\":\"https:\/\/schema.org\",\"@graph\":[{\"@type\":\"Article\",\"@id\":\"http:\/\/vincentians.com\/es\/misiones-populares-algunas-experiencias\/#article\",\"isPartOf\":{\"@id\":\"http:\/\/vincentians.com\/es\/misiones-populares-algunas-experiencias\/\"},\"author\":{\"name\":\"Francisco Javier Fern\u00e1ndez Chento\",\"@id\":\"http:\/\/vincentians.com\/es\/#\/schema\/person\/9623ef4d9aa3b2dfb8c061f1499288f2\"},\"headline\":\"Misiones populares: algunas experiencias\",\"datePublished\":\"2014-12-27T16:53:46+00:00\",\"mainEntityOfPage\":{\"@id\":\"http:\/\/vincentians.com\/es\/misiones-populares-algunas-experiencias\/\"},\"wordCount\":1584,\"commentCount\":0,\"publisher\":{\"@id\":\"http:\/\/vincentians.com\/es\/#organization\"},\"image\":{\"@id\":\"http:\/\/vincentians.com\/es\/misiones-populares-algunas-experiencias\/#primaryimage\"},\"thumbnailUrl\":\"\",\"keywords\":[\"Misiones Populares\",\"San L\u00e1zaro\"],\"articleSection\":[\"Misiones populares\"],\"inLanguage\":\"es\",\"potentialAction\":[{\"@type\":\"CommentAction\",\"name\":\"Comment\",\"target\":[\"http:\/\/vincentians.com\/es\/misiones-populares-algunas-experiencias\/#respond\"]}]},{\"@type\":\"WebPage\",\"@id\":\"http:\/\/vincentians.com\/es\/misiones-populares-algunas-experiencias\/\",\"url\":\"http:\/\/vincentians.com\/es\/misiones-populares-algunas-experiencias\/\",\"name\":\"Misiones populares: algunas experiencias - Somos Vicencianos\",\"isPartOf\":{\"@id\":\"http:\/\/vincentians.com\/es\/#website\"},\"primaryImageOfPage\":{\"@id\":\"http:\/\/vincentians.com\/es\/misiones-populares-algunas-experiencias\/#primaryimage\"},\"image\":{\"@id\":\"http:\/\/vincentians.com\/es\/misiones-populares-algunas-experiencias\/#primaryimage\"},\"thumbnailUrl\":\"\",\"datePublished\":\"2014-12-27T16:53:46+00:00\",\"breadcrumb\":{\"@id\":\"http:\/\/vincentians.com\/es\/misiones-populares-algunas-experiencias\/#breadcrumb\"},\"inLanguage\":\"es\",\"potentialAction\":[{\"@type\":\"ReadAction\",\"target\":[\"http:\/\/vincentians.com\/es\/misiones-populares-algunas-experiencias\/\"]}]},{\"@type\":\"ImageObject\",\"inLanguage\":\"es\",\"@id\":\"http:\/\/vincentians.com\/es\/misiones-populares-algunas-experiencias\/#primaryimage\",\"url\":\"\",\"contentUrl\":\"\"},{\"@type\":\"BreadcrumbList\",\"@id\":\"http:\/\/vincentians.com\/es\/misiones-populares-algunas-experiencias\/#breadcrumb\",\"itemListElement\":[{\"@type\":\"ListItem\",\"position\":1,\"name\":\"Portada\",\"item\":\"http:\/\/vincentians.com\/es\/\"},{\"@type\":\"ListItem\",\"position\":2,\"name\":\"Misiones populares: algunas experiencias\"}]},{\"@type\":\"WebSite\",\"@id\":\"http:\/\/vincentians.com\/es\/#website\",\"url\":\"http:\/\/vincentians.com\/es\/\",\"name\":\"Somos Vicencianos\",\"description\":\"Know more to serve more\",\"publisher\":{\"@id\":\"http:\/\/vincentians.com\/es\/#organization\"},\"potentialAction\":[{\"@type\":\"SearchAction\",\"target\":{\"@type\":\"EntryPoint\",\"urlTemplate\":\"http:\/\/vincentians.com\/es\/?s={search_term_string}\"},\"query-input\":{\"@type\":\"PropertyValueSpecification\",\"valueRequired\":true,\"valueName\":\"search_term_string\"}}],\"inLanguage\":\"es\"},{\"@type\":\"Organization\",\"@id\":\"http:\/\/vincentians.com\/es\/#organization\",\"name\":\"The Vincentian Network\",\"url\":\"http:\/\/vincentians.com\/es\/\",\"logo\":{\"@type\":\"ImageObject\",\"inLanguage\":\"es\",\"@id\":\"http:\/\/vincentians.com\/es\/#\/schema\/logo\/image\/\",\"url\":\"https:\/\/i1.wp.com\/vincentians.com\/es\/wp-content\/uploads\/sites\/11\/2016\/06\/Vincentian-Network-logo-big.png?fit=778%2C778\",\"contentUrl\":\"https:\/\/i1.wp.com\/vincentians.com\/es\/wp-content\/uploads\/sites\/11\/2016\/06\/Vincentian-Network-logo-big.png?fit=778%2C778\",\"width\":778,\"height\":778,\"caption\":\"The Vincentian Network\"},\"image\":{\"@id\":\"http:\/\/vincentians.com\/es\/#\/schema\/logo\/image\/\"},\"sameAs\":[\"https:\/\/www.facebook.com\/WeAreVincentians\/\",\"https:\/\/x.com\/WeVincentians\"]},{\"@type\":\"Person\",\"@id\":\"http:\/\/vincentians.com\/es\/#\/schema\/person\/9623ef4d9aa3b2dfb8c061f1499288f2\",\"name\":\"Francisco Javier Fern\u00e1ndez Chento\",\"image\":{\"@type\":\"ImageObject\",\"inLanguage\":\"es\",\"@id\":\"http:\/\/vincentians.com\/es\/#\/schema\/person\/image\/\",\"url\":\"https:\/\/secure.gravatar.com\/avatar\/497d5cde87b4c3d097d0315953521681ba2cd523ee66e5077c3711f7021e65de?s=96&d=mm&r=g\",\"contentUrl\":\"https:\/\/secure.gravatar.com\/avatar\/497d5cde87b4c3d097d0315953521681ba2cd523ee66e5077c3711f7021e65de?s=96&d=mm&r=g\",\"caption\":\"Francisco Javier Fern\u00e1ndez Chento\"},\"description\":\"Director General y cofundador de La Red de Formaci\u00f3n Vicenciana. Javier es laico vicenciano, afiliado a la Congregaci\u00f3n de la Misi\u00f3n y miembro del Equipo de Misiones Populares de la provincia can\u00f3nica de Zaragoza (Espa\u00f1a) de la Congregaci\u00f3n de la Misi\u00f3n. Graduado en la Universidad Oberta de Catalunya con cuatro grados (Asistente de direcci\u00f3n, Gesti\u00f3n Administrativa, Recursos Humanos y Contabilidad Avanzada). Bil\u00edng\u00fce Espa\u00f1ol\/Ingl\u00e9s. gestiona y mantiene varias p\u00e1ginas web cristianas y vicencianas, incluida including La Red de Formaci\u00f3n Vicenciana, de la que es cofundador. Actualmente es responsable del \u00e1rea de Espa\u00f1ol de .famvin, la Red de Noticias de la Familia Vicenciana. Tambi\u00e9n es m\u00fasico cat\u00f3lico y ha editado varios discos. Es Director General y cofundador de Trovador, una reconocida compa\u00f1\u00eda discogr\u00e1fica critiana de Espa\u00f1a. Trabaja en las Tecnolog\u00edas de la Informaci\u00f3n, ofreciendo servicios de alojamiento, dise\u00f1o y mantenimiento Web, as\u00ed como asesoramiento, formaci\u00f3n y soluciones inform\u00e1ticas, gesti\u00f3n documental y digitalizaci\u00f3n de textos, edici\u00f3n y maquetaci\u00f3n de libros, revistas, flyers, etc.\",\"sameAs\":[\"http:\/\/chento.org\",\"https:\/\/www.facebook.com\/JavierChento\",\"https:\/\/x.com\/https:\/\/twitter.com\/javierchento\"],\"url\":\"http:\/\/vincentians.com\/es\/author\/chento\/\"}]}<\/script>\n<!-- \/ Yoast SEO plugin. -->","yoast_head_json":{"title":"Misiones populares: algunas experiencias - Somos Vicencianos","robots":{"index":"index","follow":"follow","max-snippet":"max-snippet:-1","max-image-preview":"max-image-preview:large","max-video-preview":"max-video-preview:-1"},"canonical":"http:\/\/vincentians.com\/es\/misiones-populares-algunas-experiencias\/","og_locale":"es_ES","og_type":"article","og_title":"Misiones populares: algunas experiencias - Somos Vicencianos","og_description":"Quiz\u00e1 ahora te pueda servir, tras haberte comentado lo que b\u00e1sicamente hacemos en el tiempo de preparaci\u00f3n de una misi\u00f3n, la narraci\u00f3n de un \u00abtiempo fuerte\u00bb de misi\u00f3n \u00aben vivo\u00bb. Estos d\u00edas, que estoy en ... Read More","og_url":"http:\/\/vincentians.com\/es\/misiones-populares-algunas-experiencias\/","og_site_name":"Somos Vicencianos","article_publisher":"https:\/\/www.facebook.com\/WeAreVincentians\/","article_author":"https:\/\/www.facebook.com\/JavierChento","article_published_time":"2014-12-27T16:53:46+00:00","author":"Francisco Javier Fern\u00e1ndez Chento","twitter_card":"summary_large_image","twitter_creator":"@https:\/\/twitter.com\/javierchento","twitter_site":"@WeVincentians","twitter_misc":{"Escrito por":"Francisco Javier Fern\u00e1ndez Chento","Tiempo de lectura":"8 minutos"},"schema":{"@context":"https:\/\/schema.org","@graph":[{"@type":"Article","@id":"http:\/\/vincentians.com\/es\/misiones-populares-algunas-experiencias\/#article","isPartOf":{"@id":"http:\/\/vincentians.com\/es\/misiones-populares-algunas-experiencias\/"},"author":{"name":"Francisco Javier Fern\u00e1ndez Chento","@id":"http:\/\/vincentians.com\/es\/#\/schema\/person\/9623ef4d9aa3b2dfb8c061f1499288f2"},"headline":"Misiones populares: algunas experiencias","datePublished":"2014-12-27T16:53:46+00:00","mainEntityOfPage":{"@id":"http:\/\/vincentians.com\/es\/misiones-populares-algunas-experiencias\/"},"wordCount":1584,"commentCount":0,"publisher":{"@id":"http:\/\/vincentians.com\/es\/#organization"},"image":{"@id":"http:\/\/vincentians.com\/es\/misiones-populares-algunas-experiencias\/#primaryimage"},"thumbnailUrl":"","keywords":["Misiones Populares","San L\u00e1zaro"],"articleSection":["Misiones populares"],"inLanguage":"es","potentialAction":[{"@type":"CommentAction","name":"Comment","target":["http:\/\/vincentians.com\/es\/misiones-populares-algunas-experiencias\/#respond"]}]},{"@type":"WebPage","@id":"http:\/\/vincentians.com\/es\/misiones-populares-algunas-experiencias\/","url":"http:\/\/vincentians.com\/es\/misiones-populares-algunas-experiencias\/","name":"Misiones populares: algunas experiencias - Somos Vicencianos","isPartOf":{"@id":"http:\/\/vincentians.com\/es\/#website"},"primaryImageOfPage":{"@id":"http:\/\/vincentians.com\/es\/misiones-populares-algunas-experiencias\/#primaryimage"},"image":{"@id":"http:\/\/vincentians.com\/es\/misiones-populares-algunas-experiencias\/#primaryimage"},"thumbnailUrl":"","datePublished":"2014-12-27T16:53:46+00:00","breadcrumb":{"@id":"http:\/\/vincentians.com\/es\/misiones-populares-algunas-experiencias\/#breadcrumb"},"inLanguage":"es","potentialAction":[{"@type":"ReadAction","target":["http:\/\/vincentians.com\/es\/misiones-populares-algunas-experiencias\/"]}]},{"@type":"ImageObject","inLanguage":"es","@id":"http:\/\/vincentians.com\/es\/misiones-populares-algunas-experiencias\/#primaryimage","url":"","contentUrl":""},{"@type":"BreadcrumbList","@id":"http:\/\/vincentians.com\/es\/misiones-populares-algunas-experiencias\/#breadcrumb","itemListElement":[{"@type":"ListItem","position":1,"name":"Portada","item":"http:\/\/vincentians.com\/es\/"},{"@type":"ListItem","position":2,"name":"Misiones populares: algunas experiencias"}]},{"@type":"WebSite","@id":"http:\/\/vincentians.com\/es\/#website","url":"http:\/\/vincentians.com\/es\/","name":"Somos Vicencianos","description":"Know more to serve more","publisher":{"@id":"http:\/\/vincentians.com\/es\/#organization"},"potentialAction":[{"@type":"SearchAction","target":{"@type":"EntryPoint","urlTemplate":"http:\/\/vincentians.com\/es\/?s={search_term_string}"},"query-input":{"@type":"PropertyValueSpecification","valueRequired":true,"valueName":"search_term_string"}}],"inLanguage":"es"},{"@type":"Organization","@id":"http:\/\/vincentians.com\/es\/#organization","name":"The Vincentian Network","url":"http:\/\/vincentians.com\/es\/","logo":{"@type":"ImageObject","inLanguage":"es","@id":"http:\/\/vincentians.com\/es\/#\/schema\/logo\/image\/","url":"https:\/\/i1.wp.com\/vincentians.com\/es\/wp-content\/uploads\/sites\/11\/2016\/06\/Vincentian-Network-logo-big.png?fit=778%2C778","contentUrl":"https:\/\/i1.wp.com\/vincentians.com\/es\/wp-content\/uploads\/sites\/11\/2016\/06\/Vincentian-Network-logo-big.png?fit=778%2C778","width":778,"height":778,"caption":"The Vincentian Network"},"image":{"@id":"http:\/\/vincentians.com\/es\/#\/schema\/logo\/image\/"},"sameAs":["https:\/\/www.facebook.com\/WeAreVincentians\/","https:\/\/x.com\/WeVincentians"]},{"@type":"Person","@id":"http:\/\/vincentians.com\/es\/#\/schema\/person\/9623ef4d9aa3b2dfb8c061f1499288f2","name":"Francisco Javier Fern\u00e1ndez Chento","image":{"@type":"ImageObject","inLanguage":"es","@id":"http:\/\/vincentians.com\/es\/#\/schema\/person\/image\/","url":"https:\/\/secure.gravatar.com\/avatar\/497d5cde87b4c3d097d0315953521681ba2cd523ee66e5077c3711f7021e65de?s=96&d=mm&r=g","contentUrl":"https:\/\/secure.gravatar.com\/avatar\/497d5cde87b4c3d097d0315953521681ba2cd523ee66e5077c3711f7021e65de?s=96&d=mm&r=g","caption":"Francisco Javier Fern\u00e1ndez Chento"},"description":"Director General y cofundador de La Red de Formaci\u00f3n Vicenciana. Javier es laico vicenciano, afiliado a la Congregaci\u00f3n de la Misi\u00f3n y miembro del Equipo de Misiones Populares de la provincia can\u00f3nica de Zaragoza (Espa\u00f1a) de la Congregaci\u00f3n de la Misi\u00f3n. Graduado en la Universidad Oberta de Catalunya con cuatro grados (Asistente de direcci\u00f3n, Gesti\u00f3n Administrativa, Recursos Humanos y Contabilidad Avanzada). Bil\u00edng\u00fce Espa\u00f1ol\/Ingl\u00e9s. gestiona y mantiene varias p\u00e1ginas web cristianas y vicencianas, incluida including La Red de Formaci\u00f3n Vicenciana, de la que es cofundador. Actualmente es responsable del \u00e1rea de Espa\u00f1ol de .famvin, la Red de Noticias de la Familia Vicenciana. Tambi\u00e9n es m\u00fasico cat\u00f3lico y ha editado varios discos. Es Director General y cofundador de Trovador, una reconocida compa\u00f1\u00eda discogr\u00e1fica critiana de Espa\u00f1a. Trabaja en las Tecnolog\u00edas de la Informaci\u00f3n, ofreciendo servicios de alojamiento, dise\u00f1o y mantenimiento Web, as\u00ed como asesoramiento, formaci\u00f3n y soluciones inform\u00e1ticas, gesti\u00f3n documental y digitalizaci\u00f3n de textos, edici\u00f3n y maquetaci\u00f3n de libros, revistas, flyers, etc.","sameAs":["http:\/\/chento.org","https:\/\/www.facebook.com\/JavierChento","https:\/\/x.com\/https:\/\/twitter.com\/javierchento"],"url":"http:\/\/vincentians.com\/es\/author\/chento\/"}]}},"jetpack_publicize_connections":[],"jetpack_featured_media_url":"","jetpack_sharing_enabled":true,"jetpack_shortlink":"https:\/\/wp.me\/p7ETMF-yFc","jetpack-related-posts":[{"id":60,"url":"http:\/\/vincentians.com\/es\/el-tiempo-fuerte-en-las-misiones-populares\/","url_meta":{"origin":133250,"position":0},"title":"El Tiempo Fuerte en las misiones populares","author":"Francisco Javier Fern\u00e1ndez Chento","date":"28\/12\/2014","format":false,"excerpt":"Queridos amigos, preocupados por el presente y el futuro cat\u00f3lico de vuestras parroquias: Un nuevo art\u00edculo quiero responder a algunas de vuestras inquietudes.\u00a0 Y como lo inici\u00e9 en los primeros art\u00edculos, intentar\u00e9 justificar teol\u00f3gica y pastoralmente el camino que hoy voy a describir. Ya habr\u00e9is observado que, como aperitivo de\u2026","rel":"","context":"En \u00abMisiones populares\u00bb","block_context":{"text":"Misiones populares","link":"http:\/\/vincentians.com\/es\/category\/servicios-y-ministerios\/misiones-populares-misiones\/"},"img":{"alt_text":"nuevae","src":"https:\/\/i0.wp.com\/vicencianos.org\/wp-content\/2014\/12\/nuevae-300x213.jpg?resize=350%2C200","width":350,"height":200},"classes":[]},{"id":133259,"url":"http:\/\/vincentians.com\/es\/conceptos-clave-en-misiones-populares-15-una-nueva-experiencia\/","url_meta":{"origin":133250,"position":1},"title":"Conceptos clave en misiones populares 15: Una nueva experiencia","author":"Francisco Javier Fern\u00e1ndez Chento","date":"15\/01\/2015","format":false,"excerpt":"Como complemento del concepto anterior quiero ofrecer una nueva experiencia de trabajo en Iglesia, o si quer\u00e9is mejor, en comunidad parroquial, que estamos alumbrando en este \u00faltimo a\u00f1o. Cuando defin\u00edamos nuestra tarea misionera como un trabajo desde, con y para la comunidad y, a la vez como una tarea realizada\u2026","rel":"","context":"En \u00abMisiones populares\u00bb","block_context":{"text":"Misiones populares","link":"http:\/\/vincentians.com\/es\/category\/servicios-y-ministerios\/misiones-populares-misiones\/"},"img":{"alt_text":"DSC_0003","src":"https:\/\/i0.wp.com\/vicencianos.org\/wp-content\/2015\/01\/DSC_0003-300x200.jpg?resize=350%2C200","width":350,"height":200},"classes":[]},{"id":403861,"url":"http:\/\/vincentians.com\/es\/vicente-de-paul-en-gannes-folleville-x\/","url_meta":{"origin":133250,"position":2},"title":"VICENTE DE PAUL EN GANNES-FOLLEVILLE (X)","author":"Mitxel Olabu\u00e9naga","date":"14\/12\/2021","format":false,"excerpt":"4.3. LAS MISIONES POPULARES Y LA CONGREGACI\u00d3N DE LA MISI\u00d3N EN LA ACTUALIDAD Pretendo afrontar, finalmente, tanto la presencia de las misio\u00adnes populares y la misma Congregaci\u00f3n de la Misi\u00f3n en el inundo actual y en la situaci\u00f3n actual. \u00bfSon factibles? \u00bfTienen sentido? \u00bfSe requieren cambios o estrategias nuevas, diferentes\u2026","rel":"","context":"En \u00abFormaci\u00f3n Vicenciana\u00bb","block_context":{"text":"Formaci\u00f3n Vicenciana","link":"http:\/\/vincentians.com\/es\/category\/formacion-vicenciana\/"},"img":{"alt_text":"","src":"https:\/\/i0.wp.com\/vincentians.com\/es\/wp-content\/uploads\/sites\/11\/2017\/04\/vicente-y-eucaristia.jpg?fit=1200%2C630&resize=350%2C200","width":350,"height":200,"srcset":"https:\/\/i0.wp.com\/vincentians.com\/es\/wp-content\/uploads\/sites\/11\/2017\/04\/vicente-y-eucaristia.jpg?fit=1200%2C630&resize=350%2C200 1x, https:\/\/i0.wp.com\/vincentians.com\/es\/wp-content\/uploads\/sites\/11\/2017\/04\/vicente-y-eucaristia.jpg?fit=1200%2C630&resize=525%2C300 1.5x, https:\/\/i0.wp.com\/vincentians.com\/es\/wp-content\/uploads\/sites\/11\/2017\/04\/vicente-y-eucaristia.jpg?fit=1200%2C630&resize=700%2C400 2x, https:\/\/i0.wp.com\/vincentians.com\/es\/wp-content\/uploads\/sites\/11\/2017\/04\/vicente-y-eucaristia.jpg?fit=1200%2C630&resize=1050%2C600 3x"},"classes":[]},{"id":133257,"url":"http:\/\/vincentians.com\/es\/conceptos-clave-en-misiones-populares-07-lectura-creyente-de-la-realidad\/","url_meta":{"origin":133250,"position":3},"title":"Conceptos clave en misiones populares 07: Lectura Creyente de la Realidad","author":"Francisco Javier Fern\u00e1ndez Chento","date":"07\/01\/2015","format":false,"excerpt":"En esta exposici\u00f3n de conceptos que no siguen un orden l\u00f3gico o temporal hoy vamos a fijarnos en otro concepto que tiene su carta de ciudadan\u00eda en la misma manera de estar configurada la biblia. La llamada lectura creyente de la realidad se inicia en la etapa previa al tiempo\u2026","rel":"","context":"En \u00abMisiones populares\u00bb","block_context":{"text":"Misiones populares","link":"http:\/\/vincentians.com\/es\/category\/servicios-y-ministerios\/misiones-populares-misiones\/"},"img":{"alt_text":"P1010491","src":"https:\/\/i0.wp.com\/vicencianos.org\/wp-content\/2015\/01\/P1010491-300x225.jpg?resize=350%2C200","width":350,"height":200},"classes":[]},{"id":133248,"url":"http:\/\/vincentians.com\/es\/presentacion-de-las-misiones-populares-vicencianas\/","url_meta":{"origin":133250,"position":4},"title":"Presentaci\u00f3n de las misiones populares vicencianas","author":"Francisco Javier Fern\u00e1ndez Chento","date":"21\/12\/2014","format":false,"excerpt":"Las misiones son nuestra vocaci\u00f3n: por eso nos llamamos Congregaci\u00f3n de la Misi\u00f3n, una vocaci\u00f3n que nos lleva a \"corresponder a los designios eternos que Dios tiene sobre nosotros\". San Vicente lo dice con claridad: \"Lo m\u00e1s importante de nuestra vocaci\u00f3n es trabajar por la salvaci\u00f3n de las pobres gentes\u2026","rel":"","context":"En \u00abMisiones populares\u00bb","block_context":{"text":"Misiones populares","link":"http:\/\/vincentians.com\/es\/category\/servicios-y-ministerios\/misiones-populares-misiones\/"},"img":{"alt_text":"Peral","src":"https:\/\/i0.wp.com\/vicencianos.org\/wp-content\/2014\/12\/Peral-300x223.jpg?resize=350%2C200","width":350,"height":200},"classes":[]},{"id":403843,"url":"http:\/\/vincentians.com\/es\/vicente-de-paul-en-gannes-folleville-i\/","url_meta":{"origin":133250,"position":5},"title":"VICENTE DE PAUL EN GANNES-FOLLEVILLE (I)","author":"Mitxel Olabu\u00e9naga","date":"26\/11\/2021","format":false,"excerpt":"Se me ha pedido que diserte sobre Vicente de Pa\u00fal y su expe\u00adriencia en Gannes y Folleville. Y, tambi\u00e9n, que analice dicha experiencia como un momento revelador de las misiones popu\u00adlares. Con cierto temor y pudor pretendo adentrarme en el tema. El centro de esta intervenci\u00f3n es el de la\u2026","rel":"","context":"En \u00abFormaci\u00f3n Vicenciana\u00bb","block_context":{"text":"Formaci\u00f3n Vicenciana","link":"http:\/\/vincentians.com\/es\/category\/formacion-vicenciana\/"},"img":{"alt_text":"","src":"https:\/\/i0.wp.com\/vincentians.com\/es\/wp-content\/uploads\/sites\/11\/2017\/04\/vicente-y-eucaristia.jpg?fit=1200%2C630&resize=350%2C200","width":350,"height":200,"srcset":"https:\/\/i0.wp.com\/vincentians.com\/es\/wp-content\/uploads\/sites\/11\/2017\/04\/vicente-y-eucaristia.jpg?fit=1200%2C630&resize=350%2C200 1x, https:\/\/i0.wp.com\/vincentians.com\/es\/wp-content\/uploads\/sites\/11\/2017\/04\/vicente-y-eucaristia.jpg?fit=1200%2C630&resize=525%2C300 1.5x, https:\/\/i0.wp.com\/vincentians.com\/es\/wp-content\/uploads\/sites\/11\/2017\/04\/vicente-y-eucaristia.jpg?fit=1200%2C630&resize=700%2C400 2x, https:\/\/i0.wp.com\/vincentians.com\/es\/wp-content\/uploads\/sites\/11\/2017\/04\/vicente-y-eucaristia.jpg?fit=1200%2C630&resize=1050%2C600 3x"},"classes":[]}],"_links":{"self":[{"href":"http:\/\/vincentians.com\/es\/wp-json\/wp\/v2\/posts\/133250","targetHints":{"allow":["GET"]}}],"collection":[{"href":"http:\/\/vincentians.com\/es\/wp-json\/wp\/v2\/posts"}],"about":[{"href":"http:\/\/vincentians.com\/es\/wp-json\/wp\/v2\/types\/post"}],"author":[{"embeddable":true,"href":"http:\/\/vincentians.com\/es\/wp-json\/wp\/v2\/users\/4"}],"replies":[{"embeddable":true,"href":"http:\/\/vincentians.com\/es\/wp-json\/wp\/v2\/comments?post=133250"}],"version-history":[{"count":0,"href":"http:\/\/vincentians.com\/es\/wp-json\/wp\/v2\/posts\/133250\/revisions"}],"wp:featuredmedia":[{"embeddable":true,"href":"http:\/\/vincentians.com\/es\/wp-json\/"}],"wp:attachment":[{"href":"http:\/\/vincentians.com\/es\/wp-json\/wp\/v2\/media?parent=133250"}],"wp:term":[{"taxonomy":"category","embeddable":true,"href":"http:\/\/vincentians.com\/es\/wp-json\/wp\/v2\/categories?post=133250"},{"taxonomy":"post_tag","embeddable":true,"href":"http:\/\/vincentians.com\/es\/wp-json\/wp\/v2\/tags?post=133250"}],"curies":[{"name":"wp","href":"https:\/\/api.w.org\/{rel}","templated":true}]}}