{"id":133249,"date":"2014-12-23T05:04:38","date_gmt":"2014-12-23T04:04:38","guid":{"rendered":"http:\/\/somos.vicencianos.org\/misionespopulares\/2011\/09\/27\/la-mision-vicenciana-interrogantes\/"},"modified":"2014-12-23T05:04:38","modified_gmt":"2014-12-23T04:04:38","slug":"la-mision-vicenciana-interrogantes","status":"publish","type":"post","link":"http:\/\/vincentians.com\/es\/la-mision-vicenciana-interrogantes\/","title":{"rendered":"La Misi\u00f3n Vicenciana: Interrogantes"},"content":{"rendered":"<p><a href=\"https:\/\/i0.wp.com\/vicencianos.org\/wp-content\/2014\/12\/En_Guardamar.jpg\"><img data-recalc-dims=\"1\" loading=\"lazy\" decoding=\"async\" class=\"alignright size-medium wp-image-133299\" src=\"https:\/\/i0.wp.com\/vicencianos.org\/wp-content\/2014\/12\/En_Guardamar-300x225.jpg?resize=300%2C225\" alt=\"En_Guardamar\" width=\"300\" height=\"225\" \/><\/a>\u00bfEs la misi\u00f3n un ministerio gris, poco llamativo, o, poco significativo? En perspectiva renovadora dentro de lo vicenciano (algunos lo han llegado a escribir), \u00bfser\u00eda mejor, como el P. Opeka y otros, dedicarse a obras m\u00e1s productivas, puesto que si uno piensa que ha venido a la Congragaci\u00f3n <em>para evangelizar a los pobres y no para cuidarlos<\/em>, san Vicente le dir\u00e1 que est\u00e1 equivocado?<\/p>\n<p>Si es cierto que vivimos en un \u00abinvierno eclesial\u00bb que lleva a muchos de dentro y de fuera a renunciar a lo cristiano, \u00bfser\u00e1 hoy la misi\u00f3n un empe\u00f1o imposible?<\/p>\n<p>Cuando muchos a quienes nos dirigimos, tienen como referencia que nos aplican los esc\u00e1ndalos, las propagandas interesadas, o lo que no entienden de la Iglesia\u2026, \u00bfser\u00e1 la misi\u00f3n una pasi\u00f3n in\u00fatil?<\/p>\n<p>\u00bfTendr\u00e1n raz\u00f3n quienes sospechan que nos puede pasar lo que ya ha pasado a otras Congregaciones, que tengamos que diluirnos? En mi a\u00f1o de estudio \u00abpara la misi\u00f3n\u00bb en Roma me dijo el P. Flores: <em>La Iglesia nunca fallar\u00e1 ni como instituci\u00f3n ni como carisma; pero una Congragaci\u00f3n puede fallar como instituci\u00f3n y c\u00f3mo carisma<\/em>. Centr\u00e1ndose en Europa, escribi\u00f3 el P. Rafferty, <em>\u00abla Iglesia se est\u00e1 muriendo\u00bb en muchas partes del mundo occidental<\/em>.<\/p>\n<p>\u00bfQu\u00e9 raci\u00f3n de raz\u00f3n tendr\u00e1n quienes hacen una teolog\u00eda del \u00abconsenso con otras religiones\u00bb que lleva a muchos a decir que la misi\u00f3n hoy no tiene ya sentido, que Cristo est\u00e1 trabajando la historia como<em> una sinfon\u00eda diferida<\/em>, y que basta con eso, sin tanto esforzarse por un Anuncio expl\u00edcito?<\/p>\n<p>\u00bfTendr\u00e1 el cristianismo que replegarse al \u00e1mbito individual, como proclaman algunos soci\u00f3logos?<\/p>\n<p>\u00bfNo ser\u00e1 la misi\u00f3n un dato m\u00e1s que viene a apoyar esa falta de \u00ab<em>novedad evang\u00e9lica<\/em>\u00bb que quiz\u00e1 est\u00e1 haciendo dif\u00edcil la trasmisi\u00f3n de la Fe a las generaciones j\u00f3venes?<\/p>\n<p>Estos son algunos de los interrogantes (muchos, \u00bfverdad?) que me martillean hace a\u00f1os, pues siempre me ha parecido que un buen misionero nunca puede volverse de espaldas a cuestiones que le plantea ya sea la reflexi\u00f3n sincera de algunos como el trabajo de calle de otros. Pero no. No he querido introducir unas dudas perturbadoras. Porque en el trabajo de a\u00f1os he visto que, como afirman algunos te\u00f3logos, tampoco Jes\u00fas fue para los historiadores de su tiempo demasiado significativo. Creo que Flavio Josefo lo cita dos veces y T\u00e1cito una, y encima muy poco amable; nada m\u00e1s.<\/p>\n<p>En mi trabajo de a\u00f1os he visto cu\u00e1ntas dificultades tiene la gente para vivir humanamente y c\u00f3mo la misi\u00f3n es una fuerza humanizadora.<\/p>\n<p>En mi trabajo de a\u00f1os he visto que curas y laicos (quiz\u00e1 algo de esto vio Vicente de Pa\u00fal cuando promovi\u00f3 la formaci\u00f3n del clero) est\u00e1n tan desorientados que llegan a pedirnos ayuda (una nueva formaci\u00f3n para cl\u00e9rigos y laicos en orden a la evangelizaci\u00f3n de los pobres).<\/p>\n<p>En mi trabajo de a\u00f1os, me he preguntado -como lo ha hecho \u00faltimamente el cardenal Martini- si el problema de la trasmisi\u00f3n de la fe a las generaciones j\u00f3venes estar\u00e1 ligado con nuestra falta de cercan\u00eda (de trabajo de calle).<\/p>\n<p>En mi trabajo de a\u00f1os he sentido que \u00abser misionero\u00bb no es una profesi\u00f3n ni un destino ni un sentimiento y menos un capricho; en mi trabajo de a\u00f1os he sentido y he vivido la alegr\u00eda comprometida que debi\u00f3 sentir san Pablo cuando afirmaba: <em>\u00abSi evangelizo, no es para m\u00ed motivo de orgullo, sino que se me impone como necesidad. Pues \u00a1ay de mi si no evangelizare!<\/em> Porque evangelizar (misionar) <em>es un servicio que me ha sido confiado\u00bb<\/em>.<\/p>\n<p>En mi trabajo de a\u00f1os me he alegrado por sentir dificultades y contradicciones, para que as\u00ed se vea que esta obra que intentamos llevar adelante <em>no es de los hombres sino de Dios<\/em> <em>y que llevamos este tesoro en vasijas de barro<\/em>.<\/p>\n<p>En mi trabajo de a\u00f1os me he sentido gozosamente pobre al comprobar que el ideal del Reino tal como lo vivi\u00f3 Jes\u00fas se me escapa de las manos, pues no logramos ser \u00ab<strong>signo<\/strong> porque <em>evangelizamos a los pobres<\/em>\u00bb y porque <em>la mies sigue siendo mucha y los obreros pocos<\/em> (y jodidos).<\/p>\n<p>En mi trabajo de a\u00f1os\u2026<\/p>\n<p>Pero esto no est\u00e1 evitando que los interrogantes con los que comenzaba este intento de compromiso con los 350 a\u00f1os de esp\u00edritu m\u00e1s o menos vivo, sigan siendo provocadores y puedan llevarnos a evitar instalarnos m\u00e1s de la cuenta, pues creo que no estaba nada alejado de la realidad el P. Mitxel cuando en la Semana Vicenciana de 2004 afirmaba: <em>\u00abLos misioneros del pasado viv\u00edan pobremente (no hay m\u00e1s que revisar los libros de cuentas) pero sus obras eran brillantes y significativas. Nosotros hoy d\u00eda vivimos como burgueses (no hay m\u00e1s que revisar los libros de cuentas) pero nuestras obras no son ni brillantes ni significativas\u00bb.<\/em> De esta constataci\u00f3n me ha brotado un nuevo interrogante: Los compa\u00f1eros inquietos son una fuente de renovaci\u00f3n.<\/p>\n<p>Quiz\u00e1 tengamos que reconocer que estamos en un momento de crisis general que toca todos los anaqueles de lo social, de lo familiar, de lo joven, de lo laboral y de lo eclesial\u2026 Y si es as\u00ed la realidad nos brinda un matiz diferente. Porque tambi\u00e9n es un dato que hay bastante gente que nos pide apoyo, tanto curas como laicos; tanto practicantes como alejados.<\/p>\n<p>Tambi\u00e9n es cierto que muy humildemente, (no podemos compararnos con los kikos), como granitos de mostaza, est\u00e1n surgiendo por aqu\u00ed y por all\u00e1 grupos vicencianos.<\/p>\n<p>Tambi\u00e9n es cierto que se est\u00e1n ofreciendo (hace a\u00f1os nos ret\u00f3 a ello Ms\u00f1or. Estepa) ayudas para la formaci\u00f3n que se est\u00e1n utilizando en bastantes parroquias.<\/p>\n<p>Tambi\u00e9n es cierto que hay grupos de personas que se han tomado en serio la caridad y la promoci\u00f3n de la justicia (\u00bfcambios sist\u00e9micos?), y adem\u00e1s, al estilo de la viuda del evangelio.<\/p>\n<p>Tambi\u00e9n es cierto que la tarea de la evangelizaci\u00f3n misionera est\u00e1 siendo expansiva.<\/p>\n<p>Pero tambi\u00e9n es cierto que en muchas Provincias en Europa estamos envejeciendo y no se ve el relevo <strong>a corto plazo <\/strong>(he subrayado a corto plazo porque creo en la fuerza revolucionaria del Esp\u00edritu).<\/p>\n<p>Tambi\u00e9n es cierto que si dejamos de mirarnos cr\u00edticamente podemos caer en una sublimaci\u00f3n paralizante.<\/p>\n<p>Pero, \u00bfno tendremos la obligaci\u00f3n de morir en el surco de la misi\u00f3n o fuera de las tapias, como so\u00f1aba san Vicente y vivi\u00f3 el fracasado Jes\u00fas, con la esperanza firme en que ma\u00f1ana habr\u00e1 quienes lo hagan con m\u00e1s coraje y mejor?<\/p>\n<p>\u00bfQui\u00e9nes? Lo tenemos que seguir buscando. Porque quiz\u00e1, el esp\u00edritu vicenciano, como agua eficazmente callada, comenzar\u00e1 a abrirse nuevos caminos. Yo no dudo que el Esp\u00edritu con may\u00fasculas (y nuestro esp\u00edritu) van a provocar una nueva Navidad.<\/p>\n<p>Juan de Dios M. Velasco al presentar con abundancia de datos los problemas de la <em>Trasmisi\u00f3n de la Fe<\/em> hoy, suger\u00eda caminos posibles de soluci\u00f3n. Y algo de esto creo que se hace pobremente, pero con entusiasmo, en misiones. Pero de ello trataremos en otro art\u00edculo.<\/p>\n<p>Hemos recibido una herencia. Y a nosotros nos toca trasmitirla.<\/p>\n","protected":false},"excerpt":{"rendered":"<p>\u00bfEs la misi\u00f3n un ministerio gris, poco llamativo, o, poco significativo? En perspectiva renovadora dentro de lo vicenciano (algunos lo han llegado a escribir), \u00bfser\u00eda mejor, como el P. Opeka y otros, dedicarse a obras &#8230; <a href=\"http:\/\/vincentians.com\/es\/la-mision-vicenciana-interrogantes\/\" class=\"more-link\">Read More<\/a><\/p>\n","protected":false},"author":4,"featured_media":133299,"comment_status":"open","ping_status":"open","sticky":false,"template":"","format":"standard","meta":{"jetpack_post_was_ever_published":false,"_jetpack_newsletter_access":"","_jetpack_dont_email_post_to_subs":false,"_jetpack_newsletter_tier_id":0,"_jetpack_memberships_contains_paywalled_content":false,"_jetpack_memberships_contains_paid_content":false,"footnotes":"","jetpack_publicize_message":"","jetpack_publicize_feature_enabled":true,"jetpack_social_post_already_shared":true,"jetpack_social_options":{"image_generator_settings":{"template":"highway","default_image_id":0,"font":"","enabled":false},"version":2}},"categories":[328],"tags":[],"class_list":["post-133249","post","type-post","status-publish","format-standard","has-post-thumbnail","hentry","category-misiones-populares-misiones"],"yoast_head":"<!-- This site is optimized with the Yoast SEO plugin v26.3 - https:\/\/yoast.com\/wordpress\/plugins\/seo\/ -->\n<title>La Misi\u00f3n Vicenciana: Interrogantes - Somos Vicencianos<\/title>\n<meta name=\"robots\" content=\"index, follow, max-snippet:-1, max-image-preview:large, max-video-preview:-1\" \/>\n<link rel=\"canonical\" href=\"http:\/\/vincentians.com\/es\/la-mision-vicenciana-interrogantes\/\" \/>\n<meta property=\"og:locale\" content=\"es_ES\" \/>\n<meta property=\"og:type\" content=\"article\" \/>\n<meta property=\"og:title\" content=\"La Misi\u00f3n Vicenciana: Interrogantes - Somos Vicencianos\" \/>\n<meta property=\"og:description\" content=\"\u00bfEs la misi\u00f3n un ministerio gris, poco llamativo, o, poco significativo? En perspectiva renovadora dentro de lo vicenciano (algunos lo han llegado a escribir), \u00bfser\u00eda mejor, como el P. Opeka y otros, dedicarse a obras ... Read More\" \/>\n<meta property=\"og:url\" content=\"http:\/\/vincentians.com\/es\/la-mision-vicenciana-interrogantes\/\" \/>\n<meta property=\"og:site_name\" content=\"Somos Vicencianos\" \/>\n<meta property=\"article:publisher\" content=\"https:\/\/www.facebook.com\/WeAreVincentians\/\" \/>\n<meta property=\"article:author\" content=\"https:\/\/www.facebook.com\/JavierChento\" \/>\n<meta property=\"article:published_time\" content=\"2014-12-23T04:04:38+00:00\" \/>\n<meta name=\"author\" content=\"Francisco Javier Fern\u00e1ndez Chento\" \/>\n<meta name=\"twitter:card\" content=\"summary_large_image\" \/>\n<meta name=\"twitter:creator\" content=\"@https:\/\/twitter.com\/javierchento\" \/>\n<meta name=\"twitter:site\" content=\"@WeVincentians\" \/>\n<meta name=\"twitter:label1\" content=\"Escrito por\" \/>\n\t<meta name=\"twitter:data1\" content=\"Francisco Javier Fern\u00e1ndez Chento\" \/>\n\t<meta name=\"twitter:label2\" content=\"Tiempo de lectura\" \/>\n\t<meta name=\"twitter:data2\" content=\"6 minutos\" \/>\n<script type=\"application\/ld+json\" class=\"yoast-schema-graph\">{\"@context\":\"https:\/\/schema.org\",\"@graph\":[{\"@type\":\"Article\",\"@id\":\"http:\/\/vincentians.com\/es\/la-mision-vicenciana-interrogantes\/#article\",\"isPartOf\":{\"@id\":\"http:\/\/vincentians.com\/es\/la-mision-vicenciana-interrogantes\/\"},\"author\":{\"name\":\"Francisco Javier Fern\u00e1ndez Chento\",\"@id\":\"http:\/\/vincentians.com\/es\/#\/schema\/person\/9623ef4d9aa3b2dfb8c061f1499288f2\"},\"headline\":\"La Misi\u00f3n Vicenciana: Interrogantes\",\"datePublished\":\"2014-12-23T04:04:38+00:00\",\"mainEntityOfPage\":{\"@id\":\"http:\/\/vincentians.com\/es\/la-mision-vicenciana-interrogantes\/\"},\"wordCount\":1256,\"commentCount\":0,\"publisher\":{\"@id\":\"http:\/\/vincentians.com\/es\/#organization\"},\"image\":{\"@id\":\"http:\/\/vincentians.com\/es\/la-mision-vicenciana-interrogantes\/#primaryimage\"},\"thumbnailUrl\":\"\",\"articleSection\":[\"Misiones populares\"],\"inLanguage\":\"es\",\"potentialAction\":[{\"@type\":\"CommentAction\",\"name\":\"Comment\",\"target\":[\"http:\/\/vincentians.com\/es\/la-mision-vicenciana-interrogantes\/#respond\"]}]},{\"@type\":\"WebPage\",\"@id\":\"http:\/\/vincentians.com\/es\/la-mision-vicenciana-interrogantes\/\",\"url\":\"http:\/\/vincentians.com\/es\/la-mision-vicenciana-interrogantes\/\",\"name\":\"La Misi\u00f3n Vicenciana: Interrogantes - Somos Vicencianos\",\"isPartOf\":{\"@id\":\"http:\/\/vincentians.com\/es\/#website\"},\"primaryImageOfPage\":{\"@id\":\"http:\/\/vincentians.com\/es\/la-mision-vicenciana-interrogantes\/#primaryimage\"},\"image\":{\"@id\":\"http:\/\/vincentians.com\/es\/la-mision-vicenciana-interrogantes\/#primaryimage\"},\"thumbnailUrl\":\"\",\"datePublished\":\"2014-12-23T04:04:38+00:00\",\"breadcrumb\":{\"@id\":\"http:\/\/vincentians.com\/es\/la-mision-vicenciana-interrogantes\/#breadcrumb\"},\"inLanguage\":\"es\",\"potentialAction\":[{\"@type\":\"ReadAction\",\"target\":[\"http:\/\/vincentians.com\/es\/la-mision-vicenciana-interrogantes\/\"]}]},{\"@type\":\"ImageObject\",\"inLanguage\":\"es\",\"@id\":\"http:\/\/vincentians.com\/es\/la-mision-vicenciana-interrogantes\/#primaryimage\",\"url\":\"\",\"contentUrl\":\"\"},{\"@type\":\"BreadcrumbList\",\"@id\":\"http:\/\/vincentians.com\/es\/la-mision-vicenciana-interrogantes\/#breadcrumb\",\"itemListElement\":[{\"@type\":\"ListItem\",\"position\":1,\"name\":\"Portada\",\"item\":\"http:\/\/vincentians.com\/es\/\"},{\"@type\":\"ListItem\",\"position\":2,\"name\":\"La Misi\u00f3n Vicenciana: Interrogantes\"}]},{\"@type\":\"WebSite\",\"@id\":\"http:\/\/vincentians.com\/es\/#website\",\"url\":\"http:\/\/vincentians.com\/es\/\",\"name\":\"Somos Vicencianos\",\"description\":\"Know more to serve more\",\"publisher\":{\"@id\":\"http:\/\/vincentians.com\/es\/#organization\"},\"potentialAction\":[{\"@type\":\"SearchAction\",\"target\":{\"@type\":\"EntryPoint\",\"urlTemplate\":\"http:\/\/vincentians.com\/es\/?s={search_term_string}\"},\"query-input\":{\"@type\":\"PropertyValueSpecification\",\"valueRequired\":true,\"valueName\":\"search_term_string\"}}],\"inLanguage\":\"es\"},{\"@type\":\"Organization\",\"@id\":\"http:\/\/vincentians.com\/es\/#organization\",\"name\":\"The Vincentian Network\",\"url\":\"http:\/\/vincentians.com\/es\/\",\"logo\":{\"@type\":\"ImageObject\",\"inLanguage\":\"es\",\"@id\":\"http:\/\/vincentians.com\/es\/#\/schema\/logo\/image\/\",\"url\":\"https:\/\/i1.wp.com\/vincentians.com\/es\/wp-content\/uploads\/sites\/11\/2016\/06\/Vincentian-Network-logo-big.png?fit=778%2C778\",\"contentUrl\":\"https:\/\/i1.wp.com\/vincentians.com\/es\/wp-content\/uploads\/sites\/11\/2016\/06\/Vincentian-Network-logo-big.png?fit=778%2C778\",\"width\":778,\"height\":778,\"caption\":\"The Vincentian Network\"},\"image\":{\"@id\":\"http:\/\/vincentians.com\/es\/#\/schema\/logo\/image\/\"},\"sameAs\":[\"https:\/\/www.facebook.com\/WeAreVincentians\/\",\"https:\/\/x.com\/WeVincentians\"]},{\"@type\":\"Person\",\"@id\":\"http:\/\/vincentians.com\/es\/#\/schema\/person\/9623ef4d9aa3b2dfb8c061f1499288f2\",\"name\":\"Francisco Javier Fern\u00e1ndez Chento\",\"image\":{\"@type\":\"ImageObject\",\"inLanguage\":\"es\",\"@id\":\"http:\/\/vincentians.com\/es\/#\/schema\/person\/image\/\",\"url\":\"https:\/\/secure.gravatar.com\/avatar\/497d5cde87b4c3d097d0315953521681ba2cd523ee66e5077c3711f7021e65de?s=96&d=mm&r=g\",\"contentUrl\":\"https:\/\/secure.gravatar.com\/avatar\/497d5cde87b4c3d097d0315953521681ba2cd523ee66e5077c3711f7021e65de?s=96&d=mm&r=g\",\"caption\":\"Francisco Javier Fern\u00e1ndez Chento\"},\"description\":\"Director General y cofundador de La Red de Formaci\u00f3n Vicenciana. Javier es laico vicenciano, afiliado a la Congregaci\u00f3n de la Misi\u00f3n y miembro del Equipo de Misiones Populares de la provincia can\u00f3nica de Zaragoza (Espa\u00f1a) de la Congregaci\u00f3n de la Misi\u00f3n. Graduado en la Universidad Oberta de Catalunya con cuatro grados (Asistente de direcci\u00f3n, Gesti\u00f3n Administrativa, Recursos Humanos y Contabilidad Avanzada). Bil\u00edng\u00fce Espa\u00f1ol\/Ingl\u00e9s. gestiona y mantiene varias p\u00e1ginas web cristianas y vicencianas, incluida including La Red de Formaci\u00f3n Vicenciana, de la que es cofundador. Actualmente es responsable del \u00e1rea de Espa\u00f1ol de .famvin, la Red de Noticias de la Familia Vicenciana. Tambi\u00e9n es m\u00fasico cat\u00f3lico y ha editado varios discos. Es Director General y cofundador de Trovador, una reconocida compa\u00f1\u00eda discogr\u00e1fica critiana de Espa\u00f1a. Trabaja en las Tecnolog\u00edas de la Informaci\u00f3n, ofreciendo servicios de alojamiento, dise\u00f1o y mantenimiento Web, as\u00ed como asesoramiento, formaci\u00f3n y soluciones inform\u00e1ticas, gesti\u00f3n documental y digitalizaci\u00f3n de textos, edici\u00f3n y maquetaci\u00f3n de libros, revistas, flyers, etc.\",\"sameAs\":[\"http:\/\/chento.org\",\"https:\/\/www.facebook.com\/JavierChento\",\"https:\/\/x.com\/https:\/\/twitter.com\/javierchento\"],\"url\":\"http:\/\/vincentians.com\/es\/author\/chento\/\"}]}<\/script>\n<!-- \/ Yoast SEO plugin. -->","yoast_head_json":{"title":"La Misi\u00f3n Vicenciana: Interrogantes - Somos Vicencianos","robots":{"index":"index","follow":"follow","max-snippet":"max-snippet:-1","max-image-preview":"max-image-preview:large","max-video-preview":"max-video-preview:-1"},"canonical":"http:\/\/vincentians.com\/es\/la-mision-vicenciana-interrogantes\/","og_locale":"es_ES","og_type":"article","og_title":"La Misi\u00f3n Vicenciana: Interrogantes - Somos Vicencianos","og_description":"\u00bfEs la misi\u00f3n un ministerio gris, poco llamativo, o, poco significativo? En perspectiva renovadora dentro de lo vicenciano (algunos lo han llegado a escribir), \u00bfser\u00eda mejor, como el P. Opeka y otros, dedicarse a obras ... Read More","og_url":"http:\/\/vincentians.com\/es\/la-mision-vicenciana-interrogantes\/","og_site_name":"Somos Vicencianos","article_publisher":"https:\/\/www.facebook.com\/WeAreVincentians\/","article_author":"https:\/\/www.facebook.com\/JavierChento","article_published_time":"2014-12-23T04:04:38+00:00","author":"Francisco Javier Fern\u00e1ndez Chento","twitter_card":"summary_large_image","twitter_creator":"@https:\/\/twitter.com\/javierchento","twitter_site":"@WeVincentians","twitter_misc":{"Escrito por":"Francisco Javier Fern\u00e1ndez Chento","Tiempo de lectura":"6 minutos"},"schema":{"@context":"https:\/\/schema.org","@graph":[{"@type":"Article","@id":"http:\/\/vincentians.com\/es\/la-mision-vicenciana-interrogantes\/#article","isPartOf":{"@id":"http:\/\/vincentians.com\/es\/la-mision-vicenciana-interrogantes\/"},"author":{"name":"Francisco Javier Fern\u00e1ndez Chento","@id":"http:\/\/vincentians.com\/es\/#\/schema\/person\/9623ef4d9aa3b2dfb8c061f1499288f2"},"headline":"La Misi\u00f3n Vicenciana: Interrogantes","datePublished":"2014-12-23T04:04:38+00:00","mainEntityOfPage":{"@id":"http:\/\/vincentians.com\/es\/la-mision-vicenciana-interrogantes\/"},"wordCount":1256,"commentCount":0,"publisher":{"@id":"http:\/\/vincentians.com\/es\/#organization"},"image":{"@id":"http:\/\/vincentians.com\/es\/la-mision-vicenciana-interrogantes\/#primaryimage"},"thumbnailUrl":"","articleSection":["Misiones populares"],"inLanguage":"es","potentialAction":[{"@type":"CommentAction","name":"Comment","target":["http:\/\/vincentians.com\/es\/la-mision-vicenciana-interrogantes\/#respond"]}]},{"@type":"WebPage","@id":"http:\/\/vincentians.com\/es\/la-mision-vicenciana-interrogantes\/","url":"http:\/\/vincentians.com\/es\/la-mision-vicenciana-interrogantes\/","name":"La Misi\u00f3n Vicenciana: Interrogantes - Somos Vicencianos","isPartOf":{"@id":"http:\/\/vincentians.com\/es\/#website"},"primaryImageOfPage":{"@id":"http:\/\/vincentians.com\/es\/la-mision-vicenciana-interrogantes\/#primaryimage"},"image":{"@id":"http:\/\/vincentians.com\/es\/la-mision-vicenciana-interrogantes\/#primaryimage"},"thumbnailUrl":"","datePublished":"2014-12-23T04:04:38+00:00","breadcrumb":{"@id":"http:\/\/vincentians.com\/es\/la-mision-vicenciana-interrogantes\/#breadcrumb"},"inLanguage":"es","potentialAction":[{"@type":"ReadAction","target":["http:\/\/vincentians.com\/es\/la-mision-vicenciana-interrogantes\/"]}]},{"@type":"ImageObject","inLanguage":"es","@id":"http:\/\/vincentians.com\/es\/la-mision-vicenciana-interrogantes\/#primaryimage","url":"","contentUrl":""},{"@type":"BreadcrumbList","@id":"http:\/\/vincentians.com\/es\/la-mision-vicenciana-interrogantes\/#breadcrumb","itemListElement":[{"@type":"ListItem","position":1,"name":"Portada","item":"http:\/\/vincentians.com\/es\/"},{"@type":"ListItem","position":2,"name":"La Misi\u00f3n Vicenciana: Interrogantes"}]},{"@type":"WebSite","@id":"http:\/\/vincentians.com\/es\/#website","url":"http:\/\/vincentians.com\/es\/","name":"Somos Vicencianos","description":"Know more to serve more","publisher":{"@id":"http:\/\/vincentians.com\/es\/#organization"},"potentialAction":[{"@type":"SearchAction","target":{"@type":"EntryPoint","urlTemplate":"http:\/\/vincentians.com\/es\/?s={search_term_string}"},"query-input":{"@type":"PropertyValueSpecification","valueRequired":true,"valueName":"search_term_string"}}],"inLanguage":"es"},{"@type":"Organization","@id":"http:\/\/vincentians.com\/es\/#organization","name":"The Vincentian Network","url":"http:\/\/vincentians.com\/es\/","logo":{"@type":"ImageObject","inLanguage":"es","@id":"http:\/\/vincentians.com\/es\/#\/schema\/logo\/image\/","url":"https:\/\/i1.wp.com\/vincentians.com\/es\/wp-content\/uploads\/sites\/11\/2016\/06\/Vincentian-Network-logo-big.png?fit=778%2C778","contentUrl":"https:\/\/i1.wp.com\/vincentians.com\/es\/wp-content\/uploads\/sites\/11\/2016\/06\/Vincentian-Network-logo-big.png?fit=778%2C778","width":778,"height":778,"caption":"The Vincentian Network"},"image":{"@id":"http:\/\/vincentians.com\/es\/#\/schema\/logo\/image\/"},"sameAs":["https:\/\/www.facebook.com\/WeAreVincentians\/","https:\/\/x.com\/WeVincentians"]},{"@type":"Person","@id":"http:\/\/vincentians.com\/es\/#\/schema\/person\/9623ef4d9aa3b2dfb8c061f1499288f2","name":"Francisco Javier Fern\u00e1ndez Chento","image":{"@type":"ImageObject","inLanguage":"es","@id":"http:\/\/vincentians.com\/es\/#\/schema\/person\/image\/","url":"https:\/\/secure.gravatar.com\/avatar\/497d5cde87b4c3d097d0315953521681ba2cd523ee66e5077c3711f7021e65de?s=96&d=mm&r=g","contentUrl":"https:\/\/secure.gravatar.com\/avatar\/497d5cde87b4c3d097d0315953521681ba2cd523ee66e5077c3711f7021e65de?s=96&d=mm&r=g","caption":"Francisco Javier Fern\u00e1ndez Chento"},"description":"Director General y cofundador de La Red de Formaci\u00f3n Vicenciana. Javier es laico vicenciano, afiliado a la Congregaci\u00f3n de la Misi\u00f3n y miembro del Equipo de Misiones Populares de la provincia can\u00f3nica de Zaragoza (Espa\u00f1a) de la Congregaci\u00f3n de la Misi\u00f3n. Graduado en la Universidad Oberta de Catalunya con cuatro grados (Asistente de direcci\u00f3n, Gesti\u00f3n Administrativa, Recursos Humanos y Contabilidad Avanzada). Bil\u00edng\u00fce Espa\u00f1ol\/Ingl\u00e9s. gestiona y mantiene varias p\u00e1ginas web cristianas y vicencianas, incluida including La Red de Formaci\u00f3n Vicenciana, de la que es cofundador. Actualmente es responsable del \u00e1rea de Espa\u00f1ol de .famvin, la Red de Noticias de la Familia Vicenciana. Tambi\u00e9n es m\u00fasico cat\u00f3lico y ha editado varios discos. Es Director General y cofundador de Trovador, una reconocida compa\u00f1\u00eda discogr\u00e1fica critiana de Espa\u00f1a. Trabaja en las Tecnolog\u00edas de la Informaci\u00f3n, ofreciendo servicios de alojamiento, dise\u00f1o y mantenimiento Web, as\u00ed como asesoramiento, formaci\u00f3n y soluciones inform\u00e1ticas, gesti\u00f3n documental y digitalizaci\u00f3n de textos, edici\u00f3n y maquetaci\u00f3n de libros, revistas, flyers, etc.","sameAs":["http:\/\/chento.org","https:\/\/www.facebook.com\/JavierChento","https:\/\/x.com\/https:\/\/twitter.com\/javierchento"],"url":"http:\/\/vincentians.com\/es\/author\/chento\/"}]}},"jetpack_publicize_connections":[],"jetpack_featured_media_url":"","jetpack_sharing_enabled":true,"jetpack_shortlink":"https:\/\/wp.me\/p7ETMF-yFb","jetpack-related-posts":[{"id":387335,"url":"http:\/\/vincentians.com\/es\/la-mision-vicenciana-una-primera-aproximacion\/","url_meta":{"origin":133249,"position":0},"title":"La Misi\u00f3n Vicenciana: una primera aproximaci\u00f3n","author":"Francisco Javier Fern\u00e1ndez Chento","date":"22\/12\/2014","format":false,"excerpt":"1. Lugar de la Misi\u00f3n Vicenciana La Misi\u00f3n vicenciana surge en un momento determinado de la historia en el que se est\u00e1n viviendo unas circunstancias sociales (reg\u00edmenes absolutistas) y eclesiales (iglesia de cristiandad) que la condicionan. Hoy las circunstancias han cambiado. De ah\u00ed que no sea in\u00fatil preguntarse: \u00bfTiene hoy\u2026","rel":"","context":"En \u00abMisiones populares\u00bb","block_context":{"text":"Misiones populares","link":"http:\/\/vincentians.com\/es\/category\/servicios-y-ministerios\/misiones-populares-misiones\/"},"img":{"alt_text":"Minolta DSC","src":"https:\/\/i0.wp.com\/vicencianos.org\/wp-content\/2014\/12\/Honduras-300x225.jpg?resize=350%2C200","width":350,"height":200},"classes":[]},{"id":127199,"url":"http:\/\/vincentians.com\/es\/misioneros-vicencianos-con-dios-entre-los-mas-pobres\/","url_meta":{"origin":133249,"position":1},"title":"Misioneros Vicencianos: con Dios entre los m\u00e1s pobres","author":"Francisco Javier Fern\u00e1ndez Chento","date":"15\/01\/2024","format":false,"excerpt":"Bajo la denominaci\u00f3n de Misioneros Vicencianos se hace referencia en este art\u00edculo al carisma misionero de los Padres Pa\u00fales, Hijas de la Caridad y Misioneros Seglares Vicencianos. Una galer\u00eda de hombres y mujeres de talla excepcional que se encuentran all\u00ed donde m\u00e1s se les necesita \u2013entre los perseguidos, hu\u00e9rfanos, hambrientos,\u2026","rel":"","context":"En \u00abMisiones \u00abAd gentes\u00bb\u00bb","block_context":{"text":"Misiones \u00abAd gentes\u00bb","link":"http:\/\/vincentians.com\/es\/category\/servicios-y-ministerios\/misiones-ad-gentes\/"},"img":{"alt_text":"","src":"https:\/\/i0.wp.com\/vincentians.com\/es\/wp-content\/uploads\/sites\/11\/2016\/09\/enviados-evangelizar-pobres.jpg?fit=1200%2C630&resize=350%2C200","width":350,"height":200,"srcset":"https:\/\/i0.wp.com\/vincentians.com\/es\/wp-content\/uploads\/sites\/11\/2016\/09\/enviados-evangelizar-pobres.jpg?fit=1200%2C630&resize=350%2C200 1x, https:\/\/i0.wp.com\/vincentians.com\/es\/wp-content\/uploads\/sites\/11\/2016\/09\/enviados-evangelizar-pobres.jpg?fit=1200%2C630&resize=525%2C300 1.5x, https:\/\/i0.wp.com\/vincentians.com\/es\/wp-content\/uploads\/sites\/11\/2016\/09\/enviados-evangelizar-pobres.jpg?fit=1200%2C630&resize=700%2C400 2x, https:\/\/i0.wp.com\/vincentians.com\/es\/wp-content\/uploads\/sites\/11\/2016\/09\/enviados-evangelizar-pobres.jpg?fit=1200%2C630&resize=1050%2C600 3x"},"classes":[]},{"id":398646,"url":"http:\/\/vincentians.com\/es\/aportacion-del-carisma-vicenciano-la-mision-la-iglesia-10-fin\/","url_meta":{"origin":133249,"position":2},"title":"Aportaci\u00f3n del carisma vicenciano a la Misi\u00f3n de la Iglesia (10 &#8211; Fin)","author":"Francisco Javier Fern\u00e1ndez Chento","date":"13\/08\/2016","format":false,"excerpt":"10.- La circularidad vicenciana: de Cristo a los pobres, de los pobres a Cristo. Para concluir esta reflexi\u00f3n sobre la aportaci\u00f3n del carisma vicenciano a la Misi\u00f3n de la Iglesia, me parece oportuno referirme a la \u201ccircularidad\u201d vicenciana: de Cristo a los pobres, de los pobres a Cristo. \u201cAmemos al\u2026","rel":"","context":"En \u00abFormaci\u00f3n Vicenciana\u00bb","block_context":{"text":"Formaci\u00f3n Vicenciana","link":"http:\/\/vincentians.com\/es\/category\/formacion-vicenciana\/"},"img":{"alt_text":"","src":"https:\/\/i0.wp.com\/vincentians.com\/es\/wp-content\/uploads\/sites\/11\/2016\/06\/contributions-charism.jpg?fit=1200%2C630&resize=350%2C200","width":350,"height":200,"srcset":"https:\/\/i0.wp.com\/vincentians.com\/es\/wp-content\/uploads\/sites\/11\/2016\/06\/contributions-charism.jpg?fit=1200%2C630&resize=350%2C200 1x, https:\/\/i0.wp.com\/vincentians.com\/es\/wp-content\/uploads\/sites\/11\/2016\/06\/contributions-charism.jpg?fit=1200%2C630&resize=525%2C300 1.5x, https:\/\/i0.wp.com\/vincentians.com\/es\/wp-content\/uploads\/sites\/11\/2016\/06\/contributions-charism.jpg?fit=1200%2C630&resize=700%2C400 2x, https:\/\/i0.wp.com\/vincentians.com\/es\/wp-content\/uploads\/sites\/11\/2016\/06\/contributions-charism.jpg?fit=1200%2C630&resize=1050%2C600 3x"},"classes":[]},{"id":128402,"url":"http:\/\/vincentians.com\/es\/aportes-vicencianos-a-la-nueva-evangelizacion\/","url_meta":{"origin":133249,"position":3},"title":"Aportes vicencianos a la nueva evangelizaci\u00f3n","author":"Francisco Javier Fern\u00e1ndez Chento","date":"15\/06\/2024","format":false,"excerpt":"Introducci\u00f3n Desde hace bastante tiempo, estamos oyendo, en la Congregaci\u00f3n de la Misi\u00f3n y en muchos c\u00edrculos de la Familia Vicenciana, dos cuestiones referentes al \"ser\" y al \"quehacer\" vicencianos. Por un lado, todos estamos plenamente de acuerdo en que el carisma, el \"ser\", la identidad, el sello caracter\u00edstico de\u2026","rel":"","context":"En \u00abFormaci\u00f3n Vicenciana\u00bb","block_context":{"text":"Formaci\u00f3n Vicenciana","link":"http:\/\/vincentians.com\/es\/category\/formacion-vicenciana\/"},"img":{"alt_text":"","src":"https:\/\/i0.wp.com\/vincentians.com\/es\/wp-content\/uploads\/sites\/11\/2016\/09\/enviados-evangelizar-pobres.jpg?fit=1200%2C630&resize=350%2C200","width":350,"height":200,"srcset":"https:\/\/i0.wp.com\/vincentians.com\/es\/wp-content\/uploads\/sites\/11\/2016\/09\/enviados-evangelizar-pobres.jpg?fit=1200%2C630&resize=350%2C200 1x, https:\/\/i0.wp.com\/vincentians.com\/es\/wp-content\/uploads\/sites\/11\/2016\/09\/enviados-evangelizar-pobres.jpg?fit=1200%2C630&resize=525%2C300 1.5x, https:\/\/i0.wp.com\/vincentians.com\/es\/wp-content\/uploads\/sites\/11\/2016\/09\/enviados-evangelizar-pobres.jpg?fit=1200%2C630&resize=700%2C400 2x, https:\/\/i0.wp.com\/vincentians.com\/es\/wp-content\/uploads\/sites\/11\/2016\/09\/enviados-evangelizar-pobres.jpg?fit=1200%2C630&resize=1050%2C600 3x"},"classes":[]},{"id":140029,"url":"http:\/\/vincentians.com\/es\/aportes-vicencianos-a-la-nueva-evangelizacion-2\/","url_meta":{"origin":133249,"position":4},"title":"Aportes vicencianos a la Nueva Evangelizaci\u00f3n","author":"Francisco Javier Fern\u00e1ndez Chento","date":"19\/02\/2015","format":false,"excerpt":"Convocados por el Superior General, P. Gregory G. Gay, los misioneros de la Congregaci\u00f3n de la Misi\u00f3n celebrar\u00e1n su 42\u00aa Asamblea General, del 27 de junio al 15 de julio de 2016. El lema de la Asamblea se centra en la entra\u00f1a evangelizadora de nuestro ser y quehacer: \u201cDej\u00e9monos renovar\u2026","rel":"","context":"En \u00abEspiritualidad vicenciana\u00bb","block_context":{"text":"Espiritualidad vicenciana","link":"http:\/\/vincentians.com\/es\/category\/espiritualidad\/espiritualidad-vicenciana\/"},"img":{"alt_text":"OLYMPUS DIGITAL CAMERA","src":"https:\/\/i0.wp.com\/vicencianos.org\/wp-content\/2015\/02\/nueva-evangelizacion1-300x225.jpg?resize=350%2C200","width":350,"height":200},"classes":[]},{"id":126479,"url":"http:\/\/vincentians.com\/es\/el-laicado-vicenciano-a-la-luz-del-vaticano-ii\/","url_meta":{"origin":133249,"position":5},"title":"El Laicado Vicenciano a la luz del Vaticano II","author":"Francisco Javier Fern\u00e1ndez Chento","date":"26\/08\/2019","format":false,"excerpt":"De entrada, confieso mi rubor y mi atrevimiento. Porque soy consciente de que puedo caer en la sempiterna tentaci\u00f3n del t\u00edpico cl\u00e9rigo que, desde las alambradas del dogmatismo, se permite adoctrinar a los \"pobrecitos\" laicos, como si ellos no fueran mayores de edad y protagonis\u00adtas de su compromiso vital. Sin\u2026","rel":"","context":"En \u00abFormaci\u00f3n Vicenciana\u00bb","block_context":{"text":"Formaci\u00f3n Vicenciana","link":"http:\/\/vincentians.com\/es\/category\/formacion-vicenciana\/"},"img":{"alt_text":"","src":"https:\/\/i0.wp.com\/vincentians.com\/es\/wp-content\/uploads\/sites\/11\/2016\/09\/vincentian-missionarie.jpg?fit=846%2C444&resize=350%2C200","width":350,"height":200,"srcset":"https:\/\/i0.wp.com\/vincentians.com\/es\/wp-content\/uploads\/sites\/11\/2016\/09\/vincentian-missionarie.jpg?fit=846%2C444&resize=350%2C200 1x, https:\/\/i0.wp.com\/vincentians.com\/es\/wp-content\/uploads\/sites\/11\/2016\/09\/vincentian-missionarie.jpg?fit=846%2C444&resize=525%2C300 1.5x, https:\/\/i0.wp.com\/vincentians.com\/es\/wp-content\/uploads\/sites\/11\/2016\/09\/vincentian-missionarie.jpg?fit=846%2C444&resize=700%2C400 2x"},"classes":[]}],"_links":{"self":[{"href":"http:\/\/vincentians.com\/es\/wp-json\/wp\/v2\/posts\/133249","targetHints":{"allow":["GET"]}}],"collection":[{"href":"http:\/\/vincentians.com\/es\/wp-json\/wp\/v2\/posts"}],"about":[{"href":"http:\/\/vincentians.com\/es\/wp-json\/wp\/v2\/types\/post"}],"author":[{"embeddable":true,"href":"http:\/\/vincentians.com\/es\/wp-json\/wp\/v2\/users\/4"}],"replies":[{"embeddable":true,"href":"http:\/\/vincentians.com\/es\/wp-json\/wp\/v2\/comments?post=133249"}],"version-history":[{"count":0,"href":"http:\/\/vincentians.com\/es\/wp-json\/wp\/v2\/posts\/133249\/revisions"}],"wp:featuredmedia":[{"embeddable":true,"href":"http:\/\/vincentians.com\/es\/wp-json\/"}],"wp:attachment":[{"href":"http:\/\/vincentians.com\/es\/wp-json\/wp\/v2\/media?parent=133249"}],"wp:term":[{"taxonomy":"category","embeddable":true,"href":"http:\/\/vincentians.com\/es\/wp-json\/wp\/v2\/categories?post=133249"},{"taxonomy":"post_tag","embeddable":true,"href":"http:\/\/vincentians.com\/es\/wp-json\/wp\/v2\/tags?post=133249"}],"curies":[{"name":"wp","href":"https:\/\/api.w.org\/{rel}","templated":true}]}}