{"id":132984,"date":"2014-12-20T07:55:03","date_gmt":"2014-12-20T06:55:03","guid":{"rendered":"http:\/\/somos.vicencianos.org\/?p=132984"},"modified":"2016-07-24T10:22:36","modified_gmt":"2016-07-24T08:22:36","slug":"domingo-4o-de-adviento-reflexion-de-julio-cesar-villalobos-c-m","status":"publish","type":"post","link":"http:\/\/vincentians.com\/es\/domingo-4o-de-adviento-reflexion-de-julio-cesar-villalobos-c-m\/","title":{"rendered":"Domingo 4\u00ba de Adviento (reflexi\u00f3n de Julio C\u00e9sar Villalobos, C.M.)"},"content":{"rendered":"<h2 align=\"center\">Mar\u00eda Sant\u00edsima, mujer del Adviento<\/h2>\n<p>Muchas prisas, mucha propaganda de TV, radio, internet, redes sociales del ciber espacio, muchas chocolatadas en distintos lugares, cu\u00e1ntas luces, cu\u00e1ntas guirnaldas, cu\u00e1ntos \u00abpapanoeles\u00bb, cu\u00e1ntos \u00abtrineos\u00bb, cu\u00e1ntos juguetes \u00abmodernos y bonitos\u00bb, muchos y muchos gastos\u2026uff\u2026.la lista es larga de cosas que pueden estar \u00abdistrayendo\u00bb nuestra fe. \u00bfCu\u00e1ntas de estas cosas me est\u00e1n abrumando?, \u00bfcu\u00e1ntos de nosotros nos estamos olvidando del misterio grande que estamos a punto de celebrar?, \u00bfcu\u00e1ntos de nosotros nos estamos alegrando de la llegada de Jes\u00fas?<\/p>\n<p>El Rey David puede marcar una de las pautas de nuestra reflexi\u00f3n cuando le dice al profeta Nat\u00e1n: \u00abMira yo estoy viviendo en una casa de Cedro, mientras el arca del Se\u00f1or est\u00e1 en una tienda de campa\u00f1a\u00bb (2Sam.7,1-5.8b-12.14\u00aa.16). Dios jam\u00e1s se olvida de nosotros, de c\u00f3mo hemos crecido, de qu\u00e9 barro somos. \u00c9l se hace recordar al Rey David, por medio de Nat\u00e1n que no se olvide de que Dios siempre est\u00e1 y estuvo a su lado, que \u00e9l le protege de sus enemigos, que \u00e9l har\u00e1 que su pueblo sea grande.<\/p>\n<p>\u00bfEntendemos por qu\u00e9 nada nos debe preocupar? A veces queremos \u00abquedar bien ante los dem\u00e1s\u00bb, pero a veces nos equivocamos. Dejemos que Dios haga vida en nuestra propia vida.<\/p>\n<p>Mar\u00eda Sant\u00edsima estaba, est\u00e1 y estar\u00e1 siempre en el plan de Dios. Ella ocupa un lugar important\u00edsimo en ese plan salvador de Dios. El \u00e1ngel Gabriel viene con un mensaje para ella, que la llenar\u00e1 de gozo, de paz y de esperanza: \u00abNo temas porque encontraste el favor de Dios. Concebir\u00e1s en tu vientre y dar\u00e1s a luz un hijo, y le pondr\u00e1s por nombre Jes\u00fas\u00bb (Lc.1,26-38).<\/p>\n<p>Ella, Mar\u00eda Sant\u00edsima, no se dej\u00f3 llevar por el \u00abmundo\u00bb, no se dej\u00f3 atrapar por lo que no cuenta, por las cosas superfluas. Su miedo se disip\u00f3 cuando escuch\u00f3 una promesa de salvaci\u00f3n: \u00abEl Esp\u00edritu Santo vendr\u00e1 sobre ti, y la fuerza del Alt\u00edsimo te cubrir\u00e1 con su sombra\u2026\u00bb<\/p>\n<p>Adviento es un tiempo para escuchas buenas noticias, para escuchar siempre la voz de Dios, como Mar\u00eda Sant\u00edsima. Adviento es un tiempo para llenarse del Esp\u00edritu como Mar\u00eda Sant\u00edsima que se dej\u00f3 inundar del Esp\u00edritu Santo para preparar su vientre como el 1ER PESEBRE SANTO donde alberg\u00f3 a Jes\u00fas, su Hijo muy amado.<\/p>\n<p>El \u00e1ngel Gabriel le anunci\u00f3 que iba a ser Madre del Salvador. Ella no cuestiono, no dud\u00f3, no fue indiferente. Simplemente acept\u00f3, su docilidad, humildad, apertura y sencillez le hicieron gritar de esperanza: \u00abAqu\u00ed est\u00e1 la servidora del Se\u00f1or, h\u00e1gase en m\u00ed seg\u00fan tu palabra\u00bb.<\/p>\n<p>Mar\u00eda es una mujer del Adviento. Ella esper\u00f3 que se cumpla las promesas salvadoras porque fue, es y ser\u00e1 la humilde servidora del Se\u00f1or.<\/p>\n<p>\u00bfPodemos preparar el pesebre de nuestra vida para que nazca Jes\u00fas de verdad?<\/p>\n","protected":false},"excerpt":{"rendered":"<p>Mar\u00eda Sant\u00edsima, mujer del Adviento Muchas prisas, mucha propaganda de TV, radio, internet, redes sociales del ciber espacio, muchas chocolatadas en distintos lugares, cu\u00e1ntas luces, cu\u00e1ntas guirnaldas, cu\u00e1ntos \u00abpapanoeles\u00bb, cu\u00e1ntos \u00abtrineos\u00bb, cu\u00e1ntos juguetes \u00abmodernos y &#8230; <a href=\"http:\/\/vincentians.com\/es\/domingo-4o-de-adviento-reflexion-de-julio-cesar-villalobos-c-m\/\" class=\"more-link\">Read More<\/a><\/p>\n","protected":false},"author":4,"featured_media":388408,"comment_status":"open","ping_status":"open","sticky":false,"template":"","format":"standard","meta":{"jetpack_post_was_ever_published":false,"_jetpack_newsletter_access":"","_jetpack_dont_email_post_to_subs":false,"_jetpack_newsletter_tier_id":0,"_jetpack_memberships_contains_paywalled_content":false,"_jetpack_memberships_contains_paid_content":false,"footnotes":"","jetpack_publicize_message":"","jetpack_publicize_feature_enabled":true,"jetpack_social_post_already_shared":true,"jetpack_social_options":{"image_generator_settings":{"template":"highway","default_image_id":0,"font":"","enabled":false},"version":2}},"categories":[93],"tags":[],"class_list":["post-132984","post","type-post","status-publish","format-standard","has-post-thumbnail","hentry","category-homilias-y-reflexiones-ano-b"],"yoast_head":"<!-- This site is optimized with the Yoast SEO plugin v26.3 - https:\/\/yoast.com\/wordpress\/plugins\/seo\/ -->\n<title>Domingo 4\u00ba de Adviento (reflexi\u00f3n de Julio C\u00e9sar Villalobos, C.M.) - Somos Vicencianos<\/title>\n<meta name=\"robots\" content=\"index, follow, max-snippet:-1, max-image-preview:large, max-video-preview:-1\" \/>\n<link rel=\"canonical\" href=\"http:\/\/vincentians.com\/es\/domingo-4o-de-adviento-reflexion-de-julio-cesar-villalobos-c-m\/\" \/>\n<meta property=\"og:locale\" content=\"es_ES\" \/>\n<meta property=\"og:type\" content=\"article\" \/>\n<meta property=\"og:title\" content=\"Domingo 4\u00ba de Adviento (reflexi\u00f3n de Julio C\u00e9sar Villalobos, C.M.) - Somos Vicencianos\" \/>\n<meta property=\"og:description\" content=\"Mar\u00eda Sant\u00edsima, mujer del Adviento Muchas prisas, mucha propaganda de TV, radio, internet, redes sociales del ciber espacio, muchas chocolatadas en distintos lugares, cu\u00e1ntas luces, cu\u00e1ntas guirnaldas, cu\u00e1ntos \u00abpapanoeles\u00bb, cu\u00e1ntos \u00abtrineos\u00bb, cu\u00e1ntos juguetes \u00abmodernos y ... Read More\" \/>\n<meta property=\"og:url\" content=\"http:\/\/vincentians.com\/es\/domingo-4o-de-adviento-reflexion-de-julio-cesar-villalobos-c-m\/\" \/>\n<meta property=\"og:site_name\" content=\"Somos Vicencianos\" \/>\n<meta property=\"article:publisher\" content=\"https:\/\/www.facebook.com\/WeAreVincentians\/\" \/>\n<meta property=\"article:author\" content=\"https:\/\/www.facebook.com\/JavierChento\" \/>\n<meta property=\"article:published_time\" content=\"2014-12-20T06:55:03+00:00\" \/>\n<meta property=\"article:modified_time\" content=\"2016-07-24T08:22:36+00:00\" \/>\n<meta property=\"og:image\" content=\"https:\/\/i0.wp.com\/vincentians.com\/es\/wp-content\/uploads\/sites\/11\/2016\/07\/reflexiones-palabra-de-dios.jpg?fit=1200%2C630\" \/>\n\t<meta property=\"og:image:width\" content=\"1200\" \/>\n\t<meta property=\"og:image:height\" content=\"630\" \/>\n\t<meta property=\"og:image:type\" content=\"image\/jpeg\" \/>\n<meta name=\"author\" content=\"Francisco Javier Fern\u00e1ndez Chento\" \/>\n<meta name=\"twitter:card\" content=\"summary_large_image\" \/>\n<meta name=\"twitter:creator\" content=\"@https:\/\/twitter.com\/javierchento\" \/>\n<meta name=\"twitter:site\" content=\"@WeVincentians\" \/>\n<meta name=\"twitter:label1\" content=\"Escrito por\" \/>\n\t<meta name=\"twitter:data1\" content=\"Francisco Javier Fern\u00e1ndez Chento\" \/>\n\t<meta name=\"twitter:label2\" content=\"Tiempo de lectura\" \/>\n\t<meta name=\"twitter:data2\" content=\"3 minutos\" \/>\n<script type=\"application\/ld+json\" class=\"yoast-schema-graph\">{\"@context\":\"https:\/\/schema.org\",\"@graph\":[{\"@type\":\"Article\",\"@id\":\"http:\/\/vincentians.com\/es\/domingo-4o-de-adviento-reflexion-de-julio-cesar-villalobos-c-m\/#article\",\"isPartOf\":{\"@id\":\"http:\/\/vincentians.com\/es\/domingo-4o-de-adviento-reflexion-de-julio-cesar-villalobos-c-m\/\"},\"author\":{\"name\":\"Francisco Javier Fern\u00e1ndez Chento\",\"@id\":\"https:\/\/vincentians.com\/es\/#\/schema\/person\/9623ef4d9aa3b2dfb8c061f1499288f2\"},\"headline\":\"Domingo 4\u00ba de Adviento (reflexi\u00f3n de Julio C\u00e9sar Villalobos, C.M.)\",\"datePublished\":\"2014-12-20T06:55:03+00:00\",\"dateModified\":\"2016-07-24T08:22:36+00:00\",\"mainEntityOfPage\":{\"@id\":\"http:\/\/vincentians.com\/es\/domingo-4o-de-adviento-reflexion-de-julio-cesar-villalobos-c-m\/\"},\"wordCount\":519,\"commentCount\":0,\"publisher\":{\"@id\":\"https:\/\/vincentians.com\/es\/#organization\"},\"image\":{\"@id\":\"http:\/\/vincentians.com\/es\/domingo-4o-de-adviento-reflexion-de-julio-cesar-villalobos-c-m\/#primaryimage\"},\"thumbnailUrl\":\"https:\/\/i0.wp.com\/vincentians.com\/es\/wp-content\/uploads\/sites\/11\/2016\/07\/reflexiones-palabra-de-dios.jpg?fit=1200%2C630\",\"articleSection\":[\"Homil\u00edas y reflexiones, A\u00f1o B\"],\"inLanguage\":\"es\",\"potentialAction\":[{\"@type\":\"CommentAction\",\"name\":\"Comment\",\"target\":[\"http:\/\/vincentians.com\/es\/domingo-4o-de-adviento-reflexion-de-julio-cesar-villalobos-c-m\/#respond\"]}]},{\"@type\":\"WebPage\",\"@id\":\"http:\/\/vincentians.com\/es\/domingo-4o-de-adviento-reflexion-de-julio-cesar-villalobos-c-m\/\",\"url\":\"http:\/\/vincentians.com\/es\/domingo-4o-de-adviento-reflexion-de-julio-cesar-villalobos-c-m\/\",\"name\":\"Domingo 4\u00ba de Adviento (reflexi\u00f3n de Julio C\u00e9sar Villalobos, C.M.) - Somos Vicencianos\",\"isPartOf\":{\"@id\":\"https:\/\/vincentians.com\/es\/#website\"},\"primaryImageOfPage\":{\"@id\":\"http:\/\/vincentians.com\/es\/domingo-4o-de-adviento-reflexion-de-julio-cesar-villalobos-c-m\/#primaryimage\"},\"image\":{\"@id\":\"http:\/\/vincentians.com\/es\/domingo-4o-de-adviento-reflexion-de-julio-cesar-villalobos-c-m\/#primaryimage\"},\"thumbnailUrl\":\"https:\/\/i0.wp.com\/vincentians.com\/es\/wp-content\/uploads\/sites\/11\/2016\/07\/reflexiones-palabra-de-dios.jpg?fit=1200%2C630\",\"datePublished\":\"2014-12-20T06:55:03+00:00\",\"dateModified\":\"2016-07-24T08:22:36+00:00\",\"breadcrumb\":{\"@id\":\"http:\/\/vincentians.com\/es\/domingo-4o-de-adviento-reflexion-de-julio-cesar-villalobos-c-m\/#breadcrumb\"},\"inLanguage\":\"es\",\"potentialAction\":[{\"@type\":\"ReadAction\",\"target\":[\"http:\/\/vincentians.com\/es\/domingo-4o-de-adviento-reflexion-de-julio-cesar-villalobos-c-m\/\"]}]},{\"@type\":\"ImageObject\",\"inLanguage\":\"es\",\"@id\":\"http:\/\/vincentians.com\/es\/domingo-4o-de-adviento-reflexion-de-julio-cesar-villalobos-c-m\/#primaryimage\",\"url\":\"https:\/\/i0.wp.com\/vincentians.com\/es\/wp-content\/uploads\/sites\/11\/2016\/07\/reflexiones-palabra-de-dios.jpg?fit=1200%2C630\",\"contentUrl\":\"https:\/\/i0.wp.com\/vincentians.com\/es\/wp-content\/uploads\/sites\/11\/2016\/07\/reflexiones-palabra-de-dios.jpg?fit=1200%2C630\",\"width\":1200,\"height\":630},{\"@type\":\"BreadcrumbList\",\"@id\":\"http:\/\/vincentians.com\/es\/domingo-4o-de-adviento-reflexion-de-julio-cesar-villalobos-c-m\/#breadcrumb\",\"itemListElement\":[{\"@type\":\"ListItem\",\"position\":1,\"name\":\"Portada\",\"item\":\"https:\/\/vincentians.com\/es\/\"},{\"@type\":\"ListItem\",\"position\":2,\"name\":\"Domingo 4\u00ba de Adviento (reflexi\u00f3n de Julio C\u00e9sar Villalobos, C.M.)\"}]},{\"@type\":\"WebSite\",\"@id\":\"https:\/\/vincentians.com\/es\/#website\",\"url\":\"https:\/\/vincentians.com\/es\/\",\"name\":\"Somos Vicencianos\",\"description\":\"Know more to serve more\",\"publisher\":{\"@id\":\"https:\/\/vincentians.com\/es\/#organization\"},\"potentialAction\":[{\"@type\":\"SearchAction\",\"target\":{\"@type\":\"EntryPoint\",\"urlTemplate\":\"https:\/\/vincentians.com\/es\/?s={search_term_string}\"},\"query-input\":{\"@type\":\"PropertyValueSpecification\",\"valueRequired\":true,\"valueName\":\"search_term_string\"}}],\"inLanguage\":\"es\"},{\"@type\":\"Organization\",\"@id\":\"https:\/\/vincentians.com\/es\/#organization\",\"name\":\"The Vincentian Network\",\"url\":\"https:\/\/vincentians.com\/es\/\",\"logo\":{\"@type\":\"ImageObject\",\"inLanguage\":\"es\",\"@id\":\"https:\/\/vincentians.com\/es\/#\/schema\/logo\/image\/\",\"url\":\"https:\/\/i1.wp.com\/vincentians.com\/es\/wp-content\/uploads\/sites\/11\/2016\/06\/Vincentian-Network-logo-big.png?fit=778%2C778\",\"contentUrl\":\"https:\/\/i1.wp.com\/vincentians.com\/es\/wp-content\/uploads\/sites\/11\/2016\/06\/Vincentian-Network-logo-big.png?fit=778%2C778\",\"width\":778,\"height\":778,\"caption\":\"The Vincentian Network\"},\"image\":{\"@id\":\"https:\/\/vincentians.com\/es\/#\/schema\/logo\/image\/\"},\"sameAs\":[\"https:\/\/www.facebook.com\/WeAreVincentians\/\",\"https:\/\/x.com\/WeVincentians\"]},{\"@type\":\"Person\",\"@id\":\"https:\/\/vincentians.com\/es\/#\/schema\/person\/9623ef4d9aa3b2dfb8c061f1499288f2\",\"name\":\"Francisco Javier Fern\u00e1ndez Chento\",\"image\":{\"@type\":\"ImageObject\",\"inLanguage\":\"es\",\"@id\":\"https:\/\/vincentians.com\/es\/#\/schema\/person\/image\/\",\"url\":\"https:\/\/secure.gravatar.com\/avatar\/497d5cde87b4c3d097d0315953521681ba2cd523ee66e5077c3711f7021e65de?s=96&d=mm&r=g\",\"contentUrl\":\"https:\/\/secure.gravatar.com\/avatar\/497d5cde87b4c3d097d0315953521681ba2cd523ee66e5077c3711f7021e65de?s=96&d=mm&r=g\",\"caption\":\"Francisco Javier Fern\u00e1ndez Chento\"},\"description\":\"Director General y cofundador de La Red de Formaci\u00f3n Vicenciana. Javier es laico vicenciano, afiliado a la Congregaci\u00f3n de la Misi\u00f3n y miembro del Equipo de Misiones Populares de la provincia can\u00f3nica de Zaragoza (Espa\u00f1a) de la Congregaci\u00f3n de la Misi\u00f3n. Graduado en la Universidad Oberta de Catalunya con cuatro grados (Asistente de direcci\u00f3n, Gesti\u00f3n Administrativa, Recursos Humanos y Contabilidad Avanzada). Bil\u00edng\u00fce Espa\u00f1ol\/Ingl\u00e9s. gestiona y mantiene varias p\u00e1ginas web cristianas y vicencianas, incluida including La Red de Formaci\u00f3n Vicenciana, de la que es cofundador. Actualmente es responsable del \u00e1rea de Espa\u00f1ol de .famvin, la Red de Noticias de la Familia Vicenciana. Tambi\u00e9n es m\u00fasico cat\u00f3lico y ha editado varios discos. Es Director General y cofundador de Trovador, una reconocida compa\u00f1\u00eda discogr\u00e1fica critiana de Espa\u00f1a. Trabaja en las Tecnolog\u00edas de la Informaci\u00f3n, ofreciendo servicios de alojamiento, dise\u00f1o y mantenimiento Web, as\u00ed como asesoramiento, formaci\u00f3n y soluciones inform\u00e1ticas, gesti\u00f3n documental y digitalizaci\u00f3n de textos, edici\u00f3n y maquetaci\u00f3n de libros, revistas, flyers, etc.\",\"sameAs\":[\"http:\/\/chento.org\",\"https:\/\/www.facebook.com\/JavierChento\",\"https:\/\/x.com\/https:\/\/twitter.com\/javierchento\"],\"url\":\"http:\/\/vincentians.com\/es\/author\/chento\/\"}]}<\/script>\n<!-- \/ Yoast SEO plugin. -->","yoast_head_json":{"title":"Domingo 4\u00ba de Adviento (reflexi\u00f3n de Julio C\u00e9sar Villalobos, C.M.) - Somos Vicencianos","robots":{"index":"index","follow":"follow","max-snippet":"max-snippet:-1","max-image-preview":"max-image-preview:large","max-video-preview":"max-video-preview:-1"},"canonical":"http:\/\/vincentians.com\/es\/domingo-4o-de-adviento-reflexion-de-julio-cesar-villalobos-c-m\/","og_locale":"es_ES","og_type":"article","og_title":"Domingo 4\u00ba de Adviento (reflexi\u00f3n de Julio C\u00e9sar Villalobos, C.M.) - Somos Vicencianos","og_description":"Mar\u00eda Sant\u00edsima, mujer del Adviento Muchas prisas, mucha propaganda de TV, radio, internet, redes sociales del ciber espacio, muchas chocolatadas en distintos lugares, cu\u00e1ntas luces, cu\u00e1ntas guirnaldas, cu\u00e1ntos \u00abpapanoeles\u00bb, cu\u00e1ntos \u00abtrineos\u00bb, cu\u00e1ntos juguetes \u00abmodernos y ... Read More","og_url":"http:\/\/vincentians.com\/es\/domingo-4o-de-adviento-reflexion-de-julio-cesar-villalobos-c-m\/","og_site_name":"Somos Vicencianos","article_publisher":"https:\/\/www.facebook.com\/WeAreVincentians\/","article_author":"https:\/\/www.facebook.com\/JavierChento","article_published_time":"2014-12-20T06:55:03+00:00","article_modified_time":"2016-07-24T08:22:36+00:00","og_image":[{"width":1200,"height":630,"url":"https:\/\/i0.wp.com\/vincentians.com\/es\/wp-content\/uploads\/sites\/11\/2016\/07\/reflexiones-palabra-de-dios.jpg?fit=1200%2C630","type":"image\/jpeg"}],"author":"Francisco Javier Fern\u00e1ndez Chento","twitter_card":"summary_large_image","twitter_creator":"@https:\/\/twitter.com\/javierchento","twitter_site":"@WeVincentians","twitter_misc":{"Escrito por":"Francisco Javier Fern\u00e1ndez Chento","Tiempo de lectura":"3 minutos"},"schema":{"@context":"https:\/\/schema.org","@graph":[{"@type":"Article","@id":"http:\/\/vincentians.com\/es\/domingo-4o-de-adviento-reflexion-de-julio-cesar-villalobos-c-m\/#article","isPartOf":{"@id":"http:\/\/vincentians.com\/es\/domingo-4o-de-adviento-reflexion-de-julio-cesar-villalobos-c-m\/"},"author":{"name":"Francisco Javier Fern\u00e1ndez Chento","@id":"https:\/\/vincentians.com\/es\/#\/schema\/person\/9623ef4d9aa3b2dfb8c061f1499288f2"},"headline":"Domingo 4\u00ba de Adviento (reflexi\u00f3n de Julio C\u00e9sar Villalobos, C.M.)","datePublished":"2014-12-20T06:55:03+00:00","dateModified":"2016-07-24T08:22:36+00:00","mainEntityOfPage":{"@id":"http:\/\/vincentians.com\/es\/domingo-4o-de-adviento-reflexion-de-julio-cesar-villalobos-c-m\/"},"wordCount":519,"commentCount":0,"publisher":{"@id":"https:\/\/vincentians.com\/es\/#organization"},"image":{"@id":"http:\/\/vincentians.com\/es\/domingo-4o-de-adviento-reflexion-de-julio-cesar-villalobos-c-m\/#primaryimage"},"thumbnailUrl":"https:\/\/i0.wp.com\/vincentians.com\/es\/wp-content\/uploads\/sites\/11\/2016\/07\/reflexiones-palabra-de-dios.jpg?fit=1200%2C630","articleSection":["Homil\u00edas y reflexiones, A\u00f1o B"],"inLanguage":"es","potentialAction":[{"@type":"CommentAction","name":"Comment","target":["http:\/\/vincentians.com\/es\/domingo-4o-de-adviento-reflexion-de-julio-cesar-villalobos-c-m\/#respond"]}]},{"@type":"WebPage","@id":"http:\/\/vincentians.com\/es\/domingo-4o-de-adviento-reflexion-de-julio-cesar-villalobos-c-m\/","url":"http:\/\/vincentians.com\/es\/domingo-4o-de-adviento-reflexion-de-julio-cesar-villalobos-c-m\/","name":"Domingo 4\u00ba de Adviento (reflexi\u00f3n de Julio C\u00e9sar Villalobos, C.M.) - Somos Vicencianos","isPartOf":{"@id":"https:\/\/vincentians.com\/es\/#website"},"primaryImageOfPage":{"@id":"http:\/\/vincentians.com\/es\/domingo-4o-de-adviento-reflexion-de-julio-cesar-villalobos-c-m\/#primaryimage"},"image":{"@id":"http:\/\/vincentians.com\/es\/domingo-4o-de-adviento-reflexion-de-julio-cesar-villalobos-c-m\/#primaryimage"},"thumbnailUrl":"https:\/\/i0.wp.com\/vincentians.com\/es\/wp-content\/uploads\/sites\/11\/2016\/07\/reflexiones-palabra-de-dios.jpg?fit=1200%2C630","datePublished":"2014-12-20T06:55:03+00:00","dateModified":"2016-07-24T08:22:36+00:00","breadcrumb":{"@id":"http:\/\/vincentians.com\/es\/domingo-4o-de-adviento-reflexion-de-julio-cesar-villalobos-c-m\/#breadcrumb"},"inLanguage":"es","potentialAction":[{"@type":"ReadAction","target":["http:\/\/vincentians.com\/es\/domingo-4o-de-adviento-reflexion-de-julio-cesar-villalobos-c-m\/"]}]},{"@type":"ImageObject","inLanguage":"es","@id":"http:\/\/vincentians.com\/es\/domingo-4o-de-adviento-reflexion-de-julio-cesar-villalobos-c-m\/#primaryimage","url":"https:\/\/i0.wp.com\/vincentians.com\/es\/wp-content\/uploads\/sites\/11\/2016\/07\/reflexiones-palabra-de-dios.jpg?fit=1200%2C630","contentUrl":"https:\/\/i0.wp.com\/vincentians.com\/es\/wp-content\/uploads\/sites\/11\/2016\/07\/reflexiones-palabra-de-dios.jpg?fit=1200%2C630","width":1200,"height":630},{"@type":"BreadcrumbList","@id":"http:\/\/vincentians.com\/es\/domingo-4o-de-adviento-reflexion-de-julio-cesar-villalobos-c-m\/#breadcrumb","itemListElement":[{"@type":"ListItem","position":1,"name":"Portada","item":"https:\/\/vincentians.com\/es\/"},{"@type":"ListItem","position":2,"name":"Domingo 4\u00ba de Adviento (reflexi\u00f3n de Julio C\u00e9sar Villalobos, C.M.)"}]},{"@type":"WebSite","@id":"https:\/\/vincentians.com\/es\/#website","url":"https:\/\/vincentians.com\/es\/","name":"Somos Vicencianos","description":"Know more to serve more","publisher":{"@id":"https:\/\/vincentians.com\/es\/#organization"},"potentialAction":[{"@type":"SearchAction","target":{"@type":"EntryPoint","urlTemplate":"https:\/\/vincentians.com\/es\/?s={search_term_string}"},"query-input":{"@type":"PropertyValueSpecification","valueRequired":true,"valueName":"search_term_string"}}],"inLanguage":"es"},{"@type":"Organization","@id":"https:\/\/vincentians.com\/es\/#organization","name":"The Vincentian Network","url":"https:\/\/vincentians.com\/es\/","logo":{"@type":"ImageObject","inLanguage":"es","@id":"https:\/\/vincentians.com\/es\/#\/schema\/logo\/image\/","url":"https:\/\/i1.wp.com\/vincentians.com\/es\/wp-content\/uploads\/sites\/11\/2016\/06\/Vincentian-Network-logo-big.png?fit=778%2C778","contentUrl":"https:\/\/i1.wp.com\/vincentians.com\/es\/wp-content\/uploads\/sites\/11\/2016\/06\/Vincentian-Network-logo-big.png?fit=778%2C778","width":778,"height":778,"caption":"The Vincentian Network"},"image":{"@id":"https:\/\/vincentians.com\/es\/#\/schema\/logo\/image\/"},"sameAs":["https:\/\/www.facebook.com\/WeAreVincentians\/","https:\/\/x.com\/WeVincentians"]},{"@type":"Person","@id":"https:\/\/vincentians.com\/es\/#\/schema\/person\/9623ef4d9aa3b2dfb8c061f1499288f2","name":"Francisco Javier Fern\u00e1ndez Chento","image":{"@type":"ImageObject","inLanguage":"es","@id":"https:\/\/vincentians.com\/es\/#\/schema\/person\/image\/","url":"https:\/\/secure.gravatar.com\/avatar\/497d5cde87b4c3d097d0315953521681ba2cd523ee66e5077c3711f7021e65de?s=96&d=mm&r=g","contentUrl":"https:\/\/secure.gravatar.com\/avatar\/497d5cde87b4c3d097d0315953521681ba2cd523ee66e5077c3711f7021e65de?s=96&d=mm&r=g","caption":"Francisco Javier Fern\u00e1ndez Chento"},"description":"Director General y cofundador de La Red de Formaci\u00f3n Vicenciana. Javier es laico vicenciano, afiliado a la Congregaci\u00f3n de la Misi\u00f3n y miembro del Equipo de Misiones Populares de la provincia can\u00f3nica de Zaragoza (Espa\u00f1a) de la Congregaci\u00f3n de la Misi\u00f3n. Graduado en la Universidad Oberta de Catalunya con cuatro grados (Asistente de direcci\u00f3n, Gesti\u00f3n Administrativa, Recursos Humanos y Contabilidad Avanzada). Bil\u00edng\u00fce Espa\u00f1ol\/Ingl\u00e9s. gestiona y mantiene varias p\u00e1ginas web cristianas y vicencianas, incluida including La Red de Formaci\u00f3n Vicenciana, de la que es cofundador. Actualmente es responsable del \u00e1rea de Espa\u00f1ol de .famvin, la Red de Noticias de la Familia Vicenciana. Tambi\u00e9n es m\u00fasico cat\u00f3lico y ha editado varios discos. Es Director General y cofundador de Trovador, una reconocida compa\u00f1\u00eda discogr\u00e1fica critiana de Espa\u00f1a. Trabaja en las Tecnolog\u00edas de la Informaci\u00f3n, ofreciendo servicios de alojamiento, dise\u00f1o y mantenimiento Web, as\u00ed como asesoramiento, formaci\u00f3n y soluciones inform\u00e1ticas, gesti\u00f3n documental y digitalizaci\u00f3n de textos, edici\u00f3n y maquetaci\u00f3n de libros, revistas, flyers, etc.","sameAs":["http:\/\/chento.org","https:\/\/www.facebook.com\/JavierChento","https:\/\/x.com\/https:\/\/twitter.com\/javierchento"],"url":"http:\/\/vincentians.com\/es\/author\/chento\/"}]}},"jetpack_publicize_connections":[],"jetpack_featured_media_url":"https:\/\/i0.wp.com\/vincentians.com\/es\/wp-content\/uploads\/sites\/11\/2016\/07\/reflexiones-palabra-de-dios.jpg?fit=1200%2C630","jetpack_sharing_enabled":true,"jetpack_shortlink":"https:\/\/wp.me\/p7ETMF-yAU","jetpack-related-posts":[{"id":1094,"url":"http:\/\/vincentians.com\/es\/ciclo-b-domingo-4o-de-adviento-reflexion-de-julio-cesar-villalobos-c-m\/","url_meta":{"origin":132984,"position":0},"title":"Ciclo B, Domingo, 4\u00ba de Adviento (reflexi\u00f3n de Julio C\u00e9sar Villalobos, C.M.)","author":"Francisco Javier Fern\u00e1ndez Chento","date":"17\/12\/2011","format":false,"excerpt":"Mar\u00eda sant\u00edsima, mujer del Adviento Muchas prisas, mucha propaganda de TV, radio, internet, redes sociales del ciber espacio, muchas chocolatadas en distintos lugares, cu\u00e1ntas luces, cu\u00e1ntas guirnaldas, cu\u00e1ntos \"papanoeles\", cu\u00e1ntos \"trineos\", cu\u00e1ntos juguetes \"modernos y bonitos\", muchos y muchos gastos\u2026uff\u2026.la lista es larga de cosas que pueden estar \"distrayendo\" nuestra\u2026","rel":"","context":"En \u00abHomil\u00edas y reflexiones, A\u00f1o B\u00bb","block_context":{"text":"Homil\u00edas y reflexiones, A\u00f1o B","link":"http:\/\/vincentians.com\/es\/category\/homilias-y-reflexiones-a-la-palabra-de-dios\/homilias-y-reflexiones-ano-b\/"},"img":{"alt_text":"","src":"https:\/\/i0.wp.com\/vincentians.com\/es\/wp-content\/uploads\/sites\/11\/2016\/07\/reflexiones-palabra-de-dios.jpg?fit=1200%2C630&resize=350%2C200","width":350,"height":200,"srcset":"https:\/\/i0.wp.com\/vincentians.com\/es\/wp-content\/uploads\/sites\/11\/2016\/07\/reflexiones-palabra-de-dios.jpg?fit=1200%2C630&resize=350%2C200 1x, https:\/\/i0.wp.com\/vincentians.com\/es\/wp-content\/uploads\/sites\/11\/2016\/07\/reflexiones-palabra-de-dios.jpg?fit=1200%2C630&resize=525%2C300 1.5x, https:\/\/i0.wp.com\/vincentians.com\/es\/wp-content\/uploads\/sites\/11\/2016\/07\/reflexiones-palabra-de-dios.jpg?fit=1200%2C630&resize=700%2C400 2x, https:\/\/i0.wp.com\/vincentians.com\/es\/wp-content\/uploads\/sites\/11\/2016\/07\/reflexiones-palabra-de-dios.jpg?fit=1200%2C630&resize=1050%2C600 3x"},"classes":[]},{"id":153772,"url":"http:\/\/vincentians.com\/es\/ciclo-a-domingo-3%c2%ba-de-adviento-reflexion-de-antonio-elduayen-c-m\/","url_meta":{"origin":132984,"position":1},"title":"Ciclo A, Domingo 3\u00ba de Adviento (reflexi\u00f3n de Antonio Elduayen, C.M.)","author":"Francisco Javier Fern\u00e1ndez Chento","date":"11\/12\/2010","format":false,"excerpt":"El evangelio de hoy nos habla de Juan, como Precursor, y de Jes\u00fas, como Mes\u00edas (Mt 11, 2-11). Lo que, en el contexto del Adviento, viene a mostrarnos lo que nosotros tenemos que hacer: ser precursores como Juan y otros Cristo o Mes\u00edas como Jes\u00fas. En cuanto precursores, nuestro menester\u2026","rel":"","context":"En \u00abHomil\u00edas y reflexiones, A\u00f1o A\u00bb","block_context":{"text":"Homil\u00edas y reflexiones, A\u00f1o A","link":"http:\/\/vincentians.com\/es\/category\/homilias-y-reflexiones-a-la-palabra-de-dios\/homilias-y-reflexiones-ano-a\/"},"img":{"alt_text":"","src":"https:\/\/i0.wp.com\/vincentians.com\/es\/wp-content\/uploads\/sites\/11\/2016\/07\/reflexiones-palabra-de-dios.jpg?fit=1200%2C630&resize=350%2C200","width":350,"height":200,"srcset":"https:\/\/i0.wp.com\/vincentians.com\/es\/wp-content\/uploads\/sites\/11\/2016\/07\/reflexiones-palabra-de-dios.jpg?fit=1200%2C630&resize=350%2C200 1x, https:\/\/i0.wp.com\/vincentians.com\/es\/wp-content\/uploads\/sites\/11\/2016\/07\/reflexiones-palabra-de-dios.jpg?fit=1200%2C630&resize=525%2C300 1.5x, https:\/\/i0.wp.com\/vincentians.com\/es\/wp-content\/uploads\/sites\/11\/2016\/07\/reflexiones-palabra-de-dios.jpg?fit=1200%2C630&resize=700%2C400 2x, https:\/\/i0.wp.com\/vincentians.com\/es\/wp-content\/uploads\/sites\/11\/2016\/07\/reflexiones-palabra-de-dios.jpg?fit=1200%2C630&resize=1050%2C600 3x"},"classes":[]},{"id":132539,"url":"http:\/\/vincentians.com\/es\/domingo-3o-de-adviento-reflexion-de-julio-cesar-villalobos-c-m\/","url_meta":{"origin":132984,"position":2},"title":"Domingo 3\u00ba de Adviento (reflexi\u00f3n de Julio C\u00e9sar Villalobos, C.M.)","author":"Francisco Javier Fern\u00e1ndez Chento","date":"11\/12\/2014","format":false,"excerpt":"El Adviento tiene un rostro: la alegr\u00eda Una vez, un joven de 15 a\u00f1os de edad estaba en su escuela, jugando con sus compa\u00f1eros, visitando la biblioteca de esa escuela, de pronto el encargado de la biblioteca le pregunta: \"Oye, \u00bftu madre no se llama Mar\u00eda Rosa? El joven contest\u00f3:\u2026","rel":"","context":"En \u00abHomil\u00edas y reflexiones, A\u00f1o B\u00bb","block_context":{"text":"Homil\u00edas y reflexiones, A\u00f1o B","link":"http:\/\/vincentians.com\/es\/category\/homilias-y-reflexiones-a-la-palabra-de-dios\/homilias-y-reflexiones-ano-b\/"},"img":{"alt_text":"","src":"https:\/\/i0.wp.com\/vincentians.com\/es\/wp-content\/uploads\/sites\/11\/2016\/07\/reflexiones-palabra-de-dios.jpg?fit=1200%2C630&resize=350%2C200","width":350,"height":200,"srcset":"https:\/\/i0.wp.com\/vincentians.com\/es\/wp-content\/uploads\/sites\/11\/2016\/07\/reflexiones-palabra-de-dios.jpg?fit=1200%2C630&resize=350%2C200 1x, https:\/\/i0.wp.com\/vincentians.com\/es\/wp-content\/uploads\/sites\/11\/2016\/07\/reflexiones-palabra-de-dios.jpg?fit=1200%2C630&resize=525%2C300 1.5x, https:\/\/i0.wp.com\/vincentians.com\/es\/wp-content\/uploads\/sites\/11\/2016\/07\/reflexiones-palabra-de-dios.jpg?fit=1200%2C630&resize=700%2C400 2x, https:\/\/i0.wp.com\/vincentians.com\/es\/wp-content\/uploads\/sites\/11\/2016\/07\/reflexiones-palabra-de-dios.jpg?fit=1200%2C630&resize=1050%2C600 3x"},"classes":[]},{"id":132626,"url":"http:\/\/vincentians.com\/es\/domingo-3o-de-adviento-power-point-de-luis-ma-martinez-sanjuan-c-m\/","url_meta":{"origin":132984,"position":3},"title":"Domingo 3\u00ba de Adviento (Power Point de Luis M\u00aa Mart\u00ednez Sanjuan, C.M.)","author":"Francisco Javier Fern\u00e1ndez Chento","date":"12\/12\/2014","format":false,"excerpt":"\u00a1Hola! Vamos de interrogantes\u2026 \u00bfT\u00fa le conoces? No lo hemos visto, pero creemos en \u00c9l. Pero no te extra\u00f1e; todo el mundo cree en muchas cosas que no hemos visto\u2026 (Hasta quienes se dedican a la ciencia).Y hay algo que no podemos olvidar. Lo que estamos intentando vivir en Adviento\u2026","rel":"","context":"En \u00abHomil\u00edas y reflexiones, A\u00f1o B\u00bb","block_context":{"text":"Homil\u00edas y reflexiones, A\u00f1o B","link":"http:\/\/vincentians.com\/es\/category\/homilias-y-reflexiones-a-la-palabra-de-dios\/homilias-y-reflexiones-ano-b\/"},"img":{"alt_text":"","src":"https:\/\/i0.wp.com\/vincentians.com\/es\/wp-content\/uploads\/sites\/11\/2016\/07\/reflexiones-palabra-de-dios.jpg?fit=1200%2C630&resize=350%2C200","width":350,"height":200,"srcset":"https:\/\/i0.wp.com\/vincentians.com\/es\/wp-content\/uploads\/sites\/11\/2016\/07\/reflexiones-palabra-de-dios.jpg?fit=1200%2C630&resize=350%2C200 1x, https:\/\/i0.wp.com\/vincentians.com\/es\/wp-content\/uploads\/sites\/11\/2016\/07\/reflexiones-palabra-de-dios.jpg?fit=1200%2C630&resize=525%2C300 1.5x, https:\/\/i0.wp.com\/vincentians.com\/es\/wp-content\/uploads\/sites\/11\/2016\/07\/reflexiones-palabra-de-dios.jpg?fit=1200%2C630&resize=700%2C400 2x, https:\/\/i0.wp.com\/vincentians.com\/es\/wp-content\/uploads\/sites\/11\/2016\/07\/reflexiones-palabra-de-dios.jpg?fit=1200%2C630&resize=1050%2C600 3x"},"classes":[]},{"id":135837,"url":"http:\/\/vincentians.com\/es\/cuarto-domingo-de-adviento-reflexion-de-jose-antonio-pagola\/","url_meta":{"origin":132984,"position":4},"title":"Cuarto Domingo de Adviento (reflexi\u00f3n de Jos\u00e9 Antonio Pagola)","author":"Francisco Javier Fern\u00e1ndez Chento","date":"18\/12\/2012","format":false,"excerpt":"Mujeres creyentes Despu\u00e9s de recibir la llamada de Dios, anunci\u00e1ndole que ser\u00e1 madre del Mes\u00edas, Mar\u00eda se pone en camino sola. Empieza para ella una vida nueva, al servicio de su Hijo Jes\u00fas. Marcha \"aprisa\", con decisi\u00f3n. Siente necesidad de compartir su alegr\u00eda con su prima Isabel y de ponerse\u2026","rel":"","context":"En \u00abHomil\u00edas y reflexiones, A\u00f1o C\u00bb","block_context":{"text":"Homil\u00edas y reflexiones, A\u00f1o C","link":"http:\/\/vincentians.com\/es\/category\/homilias-y-reflexiones-a-la-palabra-de-dios\/homilias-y-reflexiones-ano-c\/"},"img":{"alt_text":"","src":"https:\/\/i0.wp.com\/vincentians.com\/es\/wp-content\/uploads\/sites\/11\/2016\/07\/reflexiones-pagola.jpg?fit=1200%2C630&resize=350%2C200","width":350,"height":200,"srcset":"https:\/\/i0.wp.com\/vincentians.com\/es\/wp-content\/uploads\/sites\/11\/2016\/07\/reflexiones-pagola.jpg?fit=1200%2C630&resize=350%2C200 1x, https:\/\/i0.wp.com\/vincentians.com\/es\/wp-content\/uploads\/sites\/11\/2016\/07\/reflexiones-pagola.jpg?fit=1200%2C630&resize=525%2C300 1.5x, https:\/\/i0.wp.com\/vincentians.com\/es\/wp-content\/uploads\/sites\/11\/2016\/07\/reflexiones-pagola.jpg?fit=1200%2C630&resize=700%2C400 2x, https:\/\/i0.wp.com\/vincentians.com\/es\/wp-content\/uploads\/sites\/11\/2016\/07\/reflexiones-pagola.jpg?fit=1200%2C630&resize=1050%2C600 3x"},"classes":[]},{"id":4529,"url":"http:\/\/vincentians.com\/es\/domingo-3o-de-adviento-reflexion-de-antonio-elduayen-c-m-2\/","url_meta":{"origin":132984,"position":5},"title":"Domingo 3\u00ba de Adviento (reflexi\u00f3n de Antonio Elduayen, C.M.)","author":"Francisco Javier Fern\u00e1ndez Chento","date":"12\/12\/2013","format":false,"excerpt":"Queridos amigos y amigas El evangelio de hoy nos habla de Juan, como Precursor, y de Jes\u00fas, como Mes\u00edas (Mt 11, 2-11). Lo que, en el contexto del Adviento, equivale a preguntarnos: qu\u00e9 hemos de hacer para ser precursores como Juan, y otros-Cristo o Mes\u00edas como Jes\u00fas. En cuanto precursores,\u2026","rel":"","context":"En \u00abHomil\u00edas y reflexiones, A\u00f1o A\u00bb","block_context":{"text":"Homil\u00edas y reflexiones, A\u00f1o A","link":"http:\/\/vincentians.com\/es\/category\/homilias-y-reflexiones-a-la-palabra-de-dios\/homilias-y-reflexiones-ano-a\/"},"img":{"alt_text":"","src":"https:\/\/i0.wp.com\/vincentians.com\/es\/wp-content\/uploads\/sites\/11\/2016\/07\/reflexiones-palabra-de-dios.jpg?fit=1200%2C630&resize=350%2C200","width":350,"height":200,"srcset":"https:\/\/i0.wp.com\/vincentians.com\/es\/wp-content\/uploads\/sites\/11\/2016\/07\/reflexiones-palabra-de-dios.jpg?fit=1200%2C630&resize=350%2C200 1x, https:\/\/i0.wp.com\/vincentians.com\/es\/wp-content\/uploads\/sites\/11\/2016\/07\/reflexiones-palabra-de-dios.jpg?fit=1200%2C630&resize=525%2C300 1.5x, https:\/\/i0.wp.com\/vincentians.com\/es\/wp-content\/uploads\/sites\/11\/2016\/07\/reflexiones-palabra-de-dios.jpg?fit=1200%2C630&resize=700%2C400 2x, https:\/\/i0.wp.com\/vincentians.com\/es\/wp-content\/uploads\/sites\/11\/2016\/07\/reflexiones-palabra-de-dios.jpg?fit=1200%2C630&resize=1050%2C600 3x"},"classes":[]}],"_links":{"self":[{"href":"http:\/\/vincentians.com\/es\/wp-json\/wp\/v2\/posts\/132984","targetHints":{"allow":["GET"]}}],"collection":[{"href":"http:\/\/vincentians.com\/es\/wp-json\/wp\/v2\/posts"}],"about":[{"href":"http:\/\/vincentians.com\/es\/wp-json\/wp\/v2\/types\/post"}],"author":[{"embeddable":true,"href":"http:\/\/vincentians.com\/es\/wp-json\/wp\/v2\/users\/4"}],"replies":[{"embeddable":true,"href":"http:\/\/vincentians.com\/es\/wp-json\/wp\/v2\/comments?post=132984"}],"version-history":[{"count":0,"href":"http:\/\/vincentians.com\/es\/wp-json\/wp\/v2\/posts\/132984\/revisions"}],"wp:featuredmedia":[{"embeddable":true,"href":"http:\/\/vincentians.com\/es\/wp-json\/wp\/v2\/media\/388408"}],"wp:attachment":[{"href":"http:\/\/vincentians.com\/es\/wp-json\/wp\/v2\/media?parent=132984"}],"wp:term":[{"taxonomy":"category","embeddable":true,"href":"http:\/\/vincentians.com\/es\/wp-json\/wp\/v2\/categories?post=132984"},{"taxonomy":"post_tag","embeddable":true,"href":"http:\/\/vincentians.com\/es\/wp-json\/wp\/v2\/tags?post=132984"}],"curies":[{"name":"wp","href":"https:\/\/api.w.org\/{rel}","templated":true}]}}