{"id":132875,"date":"2014-12-17T05:14:27","date_gmt":"2014-12-17T04:14:27","guid":{"rendered":"http:\/\/somos.vicencianos.org\/?p=132875"},"modified":"2014-12-17T05:14:27","modified_gmt":"2014-12-17T04:14:27","slug":"estatutos-de-misevi-en-colombia","status":"publish","type":"post","link":"http:\/\/vincentians.com\/es\/estatutos-de-misevi-en-colombia\/","title":{"rendered":"Estatutos de MISEVI en Colombia"},"content":{"rendered":"<p><strong><em>CONREGAZIONE DELLA MISSIONE<br \/>\nCuna Generaiizia<\/em><\/strong><\/p>\n<p>Roma 27 de abril 2005<\/p>\n<p style=\"text-align: right\">Padre <strong>Gabriel NARANJO SALAZAR, CM<\/strong><br \/>\nVisitador<br \/>\nBogot\u00e1<\/p>\n<p><a href=\"https:\/\/i0.wp.com\/vicencianos.org\/wp-content\/2014\/12\/misevi_colombia.jpg\"><img data-recalc-dims=\"1\" loading=\"lazy\" decoding=\"async\" class=\"alignright size-medium wp-image-132876\" src=\"https:\/\/i0.wp.com\/vicencianos.org\/wp-content\/2014\/12\/misevi_colombia-175x300.jpg?resize=175%2C300\" alt=\"misevi_colombia\" width=\"175\" height=\"300\" \/><\/a>Querido Gabriel:<\/p>\n<p><em>\u00a1Que la gracia y la paz del Se\u00f1or Jesucristo llenen tu coraz\u00f3n ahora y siempre!<\/em><\/p>\n<p>Por medio de la presente quiero felicitarte a Ti y en tu nombre, a los miembros de la Asociaci\u00f3n de Misioneros Seglares Vicentinos de Colombia por el trabajo de reflexi\u00f3n y elaboraci\u00f3n de sus estatutos nacionales. En el d\u00eda de hoy le comunico que han sido aprobados para cumplir lo establecido en el canon 304.<\/p>\n<p>Te agradezco tu dedicaci\u00f3n y tu empe\u00f1o personal en la animaci\u00f3n en esta din\u00e1mica rama de la familia vicentina y la labor que realizan los cohermanos de la provincia de Colombia para responder a las exigencias pastorales que d\u00eda a d\u00eda nos pide la misi\u00f3n con los laicos.<\/p>\n<p>Espero que con la aprobaci\u00f3n de los estatutos, Misevi de Colombia se consolide y se fortifique en sus prop\u00f3sitos de evangelizar a los pobres con la vitalidad que les ofrece el carisma vicentino. Cuentan con mi apoyo y bendici\u00f3n.<\/p>\n<p>Gracias querido Gabriel por el servicio que realizas en la animaci\u00f3n de los cohermanos y de los laicos de la familia vicentina.<\/p>\n<p>Tu hermano en San Vicente,<\/p>\n<p>Gregory Gay, CM<br \/>\nSuperior General<\/p>\n<p>&nbsp;<\/p>\n<p style=\"text-align: center\"><strong>GREGORY GAY, C.M.<br \/>\nSUPERIOR DE LA CONGREGAI\u00d3N DE LA MISI\u00d3N<br \/>\nY DE LAS HIJAS DE LA CARIDAD<br \/>\nY<br \/>\nDIRECTOR GENERAL DE LA ASOCIACI\u00d3N<br \/>\nDE LOS MISIONEROS SEGLARES VICENTINOS<\/strong><\/p>\n<p>En virtud de la declaraci\u00f3n de la Congregaci\u00f3n para los Institutos de vida consagrada y las Sociedades de vida apost\u00f3lica dada el 29 de septiembre de 2001 donde es reconocida como can\u00f3nicamente erigida la Asociaci\u00f3n denominada misioneros Seglares Vicentinos\u00bb (MISEVI)\u00a0 con aprobaci\u00f3n de sus Estatutos Internacionales con Decreto del mismo Dicasterio de 7 de abril de 1959, Pront.n. P. 53-2\/99 como asociaci\u00f3n p\u00fablica Internacional de derecho pontifico y donde reconoce que tiene sus or\u00edgenes en la unificaci\u00f3n de dos asociaciones es decir, la asociaci\u00f3n llamada \u00abHijas de Maria Inmaculada\u00bb erigida can\u00f3nicamente por el sumo Pont\u00edfice el 19 de julio de 1950, el superior general de la Congregaci\u00f3n de la Misi\u00f3n y de las hijas de la Caridad es el Director General de la Asociaci\u00f3n \u00abMisioneros Seglares Vicencianos\u00bb (<strong>MISEVI<\/strong>)<\/p>\n<p>Como Director General de dicha Asociaci\u00f3n apruebo los\u00a0 presentes Estatutos Nacionales de MISEVI de Colombia para cumplir lo establecido en el canon 304.<\/p>\n<ol>\n<li>\u00abTodas las Asociaciones de fieles, tanto p\u00fablicas como privadas, cualquiera que sea su nombre o su t\u00edtulo, deben tener sus Estatutos propios, en los que se determine el fin u objeto social de la asociaci\u00f3n, su sede, el gobierno y las condiciones que se requieren para forma parte de ellas, y se se\u00f1ale tambi\u00e9n el modo de actuar, teniendo la necesidad o conveniencia d el tiempo y lugar.<\/li>\n<li>Escoger\u00e1n un t\u00edtulo o nombre que responda a la mentalidad del tiempo, inspirado preferentemente en el fin que persiguen\u00bb.<\/li>\n<\/ol>\n<p>Roma, a veintid\u00f3s de abril de dos mil cinco.<\/p>\n<p style=\"text-align: center\"><strong>ESTATUTOS NACIONALES<br \/>\nDE LA ASOCIACI\u00d3N DE MISIONEROS<br \/>\nSEGLARES VICENTINOS,<\/strong><\/p>\n<p style=\"text-align: center\"><strong>Misevi-Colombia.<\/strong><\/p>\n<p>1. <strong>NATURALEZA<\/strong><\/p>\n<p style=\"padding-left: 30px\"><strong>1.1. <\/strong>La asociaci\u00f3n de \u00abMisioneros Seglares Vicentinos\u00bb (MISEVI) est\u00e1 constituida can\u00f3nicamente como Asociaci\u00f3n de Fieles, con personer\u00eda jur\u00eddica aut\u00f3noma y plena pudiendo, en consecuencia, poseer, administrar y disponer de toda clase de bienes y derechos, obligarse en todos los \u00e1mbitos y ejercitar las acciones pertinentes en defensa de sus intereses ante toda clase de personas, autoridades y jurisdicciones.<\/p>\n<p style=\"padding-left: 30px\"><strong>1.2. <\/strong>En los presentes estatutos se establecen las Normas particulares que se consideran convenientes para la creaci\u00f3n y el funcionamiento de la Asociaci\u00f3n Nacional de MISEVI\u00a0 en Colombia.<\/p>\n<p style=\"padding-left: 30px\"><strong>1.3. <\/strong>En la organizaci\u00f3n colombiana partimos y nos adherimos a los Estatutos Internacionales propios de la Asociaci\u00f3n como un ente \u00a0reconocido por la Iglesia y al servicio de la misma desde el carisma vicentino.<\/p>\n<p style=\"padding-left: 30px\"><strong>1.4. <\/strong>La asociaci\u00f3n tendr\u00e1 una espiritualidad misionera y vicentina que asumir\u00e1 las orientaciones de la Doctrina de la Iglesia y se fundamentar\u00e1 en\u00a0 las virtudes espec\u00edficas que San Vicente y Santa Luisa, encargaron a los misioneros.<\/p>\n<p style=\"padding-left: 30px\"><strong>1.5. <\/strong><strong>\u00c1MBITO: <\/strong>La asociaci\u00f3n es de \u00c1mbito Nacional.<\/p>\n<p style=\"padding-left: 30px\"><strong>1.6. <\/strong><strong>SEDE <\/strong>La sede nacional de la Asociaci\u00f3n y su secretariado permanente es:<\/p>\n<p style=\"text-align: center\">Congregaci\u00f3n de la Misi\u00f3n\u00a0 Padres Vicentinos,<br \/>\nCasa Provincial, Carrera 30A N\u00ba 23A-81<br \/>\nTel. 57-1 3379747<br \/>\nBogot\u00e1, D .C. Colombia, Sur Am\u00e9rica,<br \/>\nE-mail: misevicol@hotmail.com\u00a0\u00a0 misevicol@yahoo.com.mx<\/p>\n<p><strong>2. FINALIDAD<\/strong><\/p>\n<p style=\"padding-left: 30px\"><strong>2.1. <\/strong>La asociaci\u00f3n MISEVI-COLOMBIA, se crea para fomentar, y apoyar. facilitar y coordinar la presencia y el trabajo misionero de los laicos vicentinos del pa\u00eds en las misiones \u00abAd gentes\u00bb encomendadas a la Familia Vicentinas o animadas por ellas<strong>.<\/strong><\/p>\n<p style=\"padding-left: 30px\"><strong>2.2. <\/strong>Los fines de la asociaci\u00f3n son:<\/p>\n<p style=\"padding-left: 60px\"><strong>2.1. <\/strong>Ofrecer un respaldo humano, moral, espiritual, formativo, econ\u00f3mico a las misiones vinculadas a la Familia Vicentina mediante el env\u00edo de laicos y de recursos materiales.<\/p>\n<p style=\"padding-left: 60px\">\n<p style=\"padding-left: 60px\"><strong>2.2. <\/strong>Ser un cauce de comuni\u00f3n y de intercambio de experiencias entre los laicos misioneros que forman parte de la Asociaci\u00f3n.<\/p>\n<p style=\"padding-left: 60px\">\n<p style=\"padding-left: 60px\"><strong>2.3. <\/strong>Potenciar la vida espiritual en grupo y el compartir comunitario de los seglares que est\u00e1n en misiones \u00abde agentes\u00bb.<\/p>\n<p style=\"padding-left: 60px\">\n<p style=\"padding-left: 60px\"><strong>2.4. <\/strong>Facilitar la pertenencia y la presencia de los laicos Vicentinos que trabajan en las misiones dentro de las estructuras de coordinaci\u00f3n de las asociaciones vicentinas, seg\u00fan las normas propias.<\/p>\n<p style=\"padding-left: 60px\">\n<p style=\"padding-left: 60px\"><strong>2.5. <\/strong>Apoyar la comunicaci\u00f3n de los laicos misioneros con las comunidades de origen que los han enviado.<\/p>\n<p style=\"padding-left: 60px\">\n<p style=\"padding-left: 60px\"><strong>2.6. <\/strong>Acoger a los misioneros que regresan de su labor \u00abad gentes\u00bb brind\u00e1ndoles apoyo humano, formativo, espiritual y econ\u00f3mico, seg\u00fan las posibilidades de la asociaci\u00f3n a la que pertenecen; de acuerdo con lo estipulado en los estatutos nacionales\u00a0 y a la organizaci\u00f3n local y nacional.<\/p>\n<p style=\"padding-left: 60px\">\n<p style=\"padding-left: 60px\"><strong>2.7. <\/strong>Ser un espacio de acogida, para todos los laicos,\u00a0 que llamados por Dios al servicio misionero de la Iglesia, puedan aprender, desarrollar y fortalecer su vocaci\u00f3n misionera.<\/p>\n<p><strong>3. MIEMBROS<\/strong><\/p>\n<p style=\"padding-left: 30px\"><strong>3.1. <\/strong>La asociaci\u00f3n est\u00e1\u00a0 constituida por los laicos vicentinos que,\u00a0 o se preparan para vivir, viven o han vivido en la misi\u00f3n \u00abad gentes\u00bb, o est\u00e1n vinculados de alg\u00fan modo a la labor misionera organizada por MISEVI.<\/p>\n<p style=\"padding-left: 30px\"><strong>3.2. <\/strong><strong>Los miembros de la Asociaci\u00f3n podr\u00e1n ser<\/strong>:<\/p>\n<p style=\"padding-left: 60px\"><strong>3.2.1. <\/strong>Miembros en formaci\u00f3n: Los j\u00f3venes y adultos laicos de las diferentes asociaciones vicentinas, o las personas que sin pertenecer a una de dichas asociaciones, reconocen y aceptan el carisma vicentino; estos miembros:<\/p>\n<p style=\"padding-left: 90px\">O se preparan para iniciar sus actividades misioneras \u00abad gentes\u00bb, y avanzan en el conocimiento del carisma vicentino y el esp\u00edritu de la Asociaci\u00f3n, con miras a ser miembros de pleno derecho.<\/p>\n<p style=\"padding-left: 90px\">O est\u00e1n en su primer a\u00f1o de presencia en la misi\u00f3n \u00abad gentes\u00bb.<\/p>\n<p style=\"padding-left: 60px\"><strong>3.2.2.<\/strong> Miembros de pleno derecho: los seglares que, con un m\u00ednimo de dos a\u00f1os consecutivos de\u00a0 trabajo misionero previo \u00abad gentes\u00bb, solicitan su pertenencia de pleno derecho a la Asocia-ci\u00f3n. Esta pertenencia ser\u00e1 renovada cada tres<\/p>\n<p style=\"padding-left: 60px\">a\u00f1os, sin l\u00edmites de renovaciones.<\/p>\n<p style=\"padding-left: 60px\"><strong>3.2.3<\/strong>. Miembros colaboradores: las personas que desean colaborar con la Asociaci\u00f3n, asumiendo compromisos concretos de servicio, de formaci\u00f3n o de colaboraci\u00f3n econ\u00f3mica.<\/p>\n<p style=\"padding-left: 30px\"><strong>3.3. Requisitos de admisi\u00f3n<\/strong>.<\/p>\n<p style=\"padding-left: 60px\"><strong>3.3.1.<\/strong> Ser mayor de edad, tener conocimiento y aceptar los pasos precisados en los criterios de or-ganizaci\u00f3n nacional.<\/p>\n<p style=\"padding-left: 60px\"><strong>3.3.2. <\/strong>La solicitud por escrito de quienes aspiran a ser miembros de la Asociaci\u00f3n, presentada a la Junta Coordinadora Local, \u00e9sta, a su vez, previo estudio, dar\u00e1 la aceptaci\u00f3n.<\/p>\n<p style=\"padding-left: 60px\"><strong>3.3.3. <\/strong>Para ser miembro de pleno derecho un m\u00ednimode dos a\u00f1os en la misi\u00f3n \u00abad gentes\u00bb, el conocimiento suficiente de la Asociaci\u00f3n, y la solicitud por escrito, presentada a la Junta Coordinadora Nacional.<\/p>\n<p><strong> 4. COMPROMISOS DE LOS MIEMBROS<\/strong><\/p>\n<p style=\"padding-left: 30px\"><strong>4.1.<\/strong> Los miembros en formaci\u00f3n se esforzar\u00e1n por asumirlos contenidos y las actitudes propios de una prepara-ci\u00f3n misionera integral, y se formar\u00e1n en el estilo de vida propio de los miembros de pleno derecho. MISEVI- COLOMBIA establecer\u00e1 los criterios m\u00ednimos de la formaci\u00f3n inicial con la mayor calidad posible y atendiendo a la realidad del pa\u00eds y de cada Asociaci\u00f3n Local.<\/p>\n<p style=\"padding-left: 30px\"><strong>4.2.<\/strong> Los miembros de pleno derecho pondr\u00e1n el m\u00e1ximo inter\u00e9s en colaborar con los fines de la Asociaci\u00f3n. En concreto procurar\u00e1n:<\/p>\n<p style=\"padding-left: 60px\"><strong>4.2.1.<\/strong> Entregarse con generosidad a las tareas misioneras definidas en su compromiso misionero ^en los proyectos comunitarios y pastorales.<\/p>\n<p style=\"padding-left: 60px\"><strong>4.2.2.<\/strong> Esforzarse por profundizar en la espiritualidad vicentina: vida de oraci\u00f3n, relaci\u00f3n entre servicio y oraci\u00f3n, conocimiento de la doctrina, de los santos y de los m\u00e1rtires vicentinos.<\/p>\n<p style=\"padding-left: 60px\"><strong>4.2.3.<\/strong> Presentar sugerencias e iniciativas para avanzar en la identidad de la Asociaci\u00f3n.<\/p>\n<p style=\"padding-left: 60px\"><strong>4.2.4.<\/strong> Mantener v\u00ednculos de fraterna relaci\u00f3n con el Visitador Provincial, teniendo en cuenta la potestad ordinaria de su oficio y su car\u00e1cter representativo del Superior General.<\/p>\n<p style=\"padding-left: 60px\"><strong>4.2.5.<\/strong> Estar dispuesto a pertenecer a la Junta Coordinadora Nacional.<\/p>\n<p style=\"padding-left: 60px\"><strong>4.2.6<\/strong> Entregar al fondo com\u00fan los frutos econ\u00f3micos de su trabajo en la misi\u00f3n seg\u00fan los Criterios de Organizaci\u00f3n y el Proyecto Comunitario Na-cional.<\/p>\n<p style=\"padding-left: 30px\"><strong>4.3<\/strong>. Los miembros colaboradores aprovechar\u00e1n la infor-maci\u00f3n sobre los proyectos de la Asociaci\u00f3n y busca-r\u00e1n el bien de la misi\u00f3n desde la oraci\u00f3n, la colabora-ci\u00f3n en la formaci\u00f3n, la gesti\u00f3n de proyectos, la b\u00fas-queda de fondos econ\u00f3micos y la sensibilizaci\u00f3n so-cial.<\/p>\n<p style=\"padding-left: 30px\"><strong>4.4.<\/strong> Exclusi\u00f3n de miembros. Se pierde la condici\u00f3n de miembro cuando:<\/p>\n<p style=\"padding-left: 60px\"><strong>4.4.1.<\/strong> La Junta Coordinadora Nacional constata la in-actividad de 1 a\u00f1o de los miembros en forma-ci\u00f3n, de 2 a\u00f1os de los miembros de pleno dere-cho. En tal caso, dicha Junta se pondr\u00e1 en con-tacto con el interesado, escuchar\u00e1 sus razones, le invitar\u00e1 a retomar la actividad; si no hay reac-ci\u00f3n positiva, decidir\u00e1 por mayor\u00eda absoluta el procedimiento a seguir: exclusi\u00f3n o cambio de condici\u00f3n de miembro.<\/p>\n<p style=\"padding-left: 60px\"><strong>4.4.2.<\/strong> El misionero manifieste expresiones o compor-tamientos en contra de la fe, la \u00e9tica y la moral cristiana, tanto en la misi\u00f3n, como en su vida personal.<\/p>\n<p style=\"padding-left: 60px\"><strong>4.4.3.<\/strong> Los miembros de pleno derecho llevan m\u00e1s de5 a\u00f1os seguidos sin realizar una labor misione-ra \u00abad gentes\u00bb, de por lo menos un a\u00f1o de duraci\u00f3n.<\/p>\n<p><strong> 5. ORGANIZACI\u00d3N<\/strong><\/p>\n<p style=\"padding-left: 30px\"><strong>5.1<\/strong>. Asamblea Nacional.<\/p>\n<p style=\"padding-left: 60px\"><strong>5.1.1.<\/strong> Naturaleza<\/p>\n<p style=\"padding-left: 90px\">a) Es el \u00f3rgano m\u00e1ximo de participaci\u00f3n y gobierno de la Asociaci\u00f3n.<\/p>\n<p style=\"padding-left: 90px\">b) Se reunir\u00e1 ordinariamente cada tres a\u00f1os; de forma extraordinaria cuando sea necesario par, la buena marcha de la Asociaci\u00f3n.<\/p>\n<p style=\"padding-left: 90px\">c) Queda v\u00e1lidamente constituida cuando, convocada por la Junta Coordinadora Nacional est\u00e9n presentes las dos terceras partes de sus miembros.<\/p>\n<p style=\"padding-left: 90px\">d) Los acuerdos se tomar\u00e1n por mayor\u00eda absoluta en primera votaci\u00f3n o por mayor\u00eda simple en segunda votaci\u00f3n.<\/p>\n<p style=\"padding-left: 60px\"><strong>5.1.2.<\/strong> Miembros<\/p>\n<p style=\"padding-left: 90px\">a) Los miembros de la Junta Coordinadora Nacional.<\/p>\n<p style=\"padding-left: 90px\">b) Los coordinadores de las asociaciones locales, o su delegado.<\/p>\n<p style=\"padding-left: 90px\">c) Un miembro en formaci\u00f3n de cada asociaci\u00f3n local por elecci\u00f3n.<\/p>\n<p style=\"padding-left: 90px\">d) Todos los miembros de pleno derecho.<\/p>\n<p style=\"padding-left: 90px\">e) Dos miembros colaboradores, elegidos por la Junta Coordinadora Nacional.<\/p>\n<p style=\"padding-left: 60px\"><strong>5.1.3.<\/strong> Funciones<\/p>\n<p style=\"padding-left: 90px\">a) Elegir la Junta Coordinadora Nacional y un suplente.<\/p>\n<p style=\"padding-left: 90px\">b) Elegir los representantes para la asamblea nacional.<\/p>\n<p style=\"padding-left: 90px\">c) Dar orientaciones sobre la organizaci\u00f3n de la asociaci\u00f3n y de las comunidades permanentes de misi\u00f3n.<\/p>\n<p style=\"padding-left: 90px\">d) Proponer el programa de actuaci\u00f3n futura.<\/p>\n<p style=\"padding-left: 90px\">e) Revisar los balances y presupuestos econ\u00f3micos.<\/p>\n<p style=\"padding-left: 90px\">f) Evaluar la marcha de la asociaci\u00f3n y el cumplimiento del proyecto Comunitario.<\/p>\n<p style=\"padding-left: 30px\"><strong>5.2.<\/strong> Junta Coordinadora Nacional<\/p>\n<p style=\"padding-left: 60px\"><strong>5.2.1<\/strong> Funciones<\/p>\n<p style=\"padding-left: 90px\">\u00a7 La junta coordinadora actuara de acuerdo con los estatutos nacionales, los criterios de organizaci\u00f3n nacional y las orientaciones de las asambleas Nacional e Internacional; le corresponde la gesti\u00f3n de la Asociaci\u00f3n; dar\u00e1 especial atenci\u00f3n a los proyectos pastorales y comunitarios de las comunidades misioneras.<\/p>\n<p style=\"padding-left: 90px\">\u00a7 Se reunir\u00e1 al menos, tres veces al a\u00f1o, por\u00a0 convocatoria hecha por el Presidente.<\/p>\n<p style=\"padding-left: 60px\"><strong>5.2.2.<\/strong> Miembros.<\/p>\n<p style=\"padding-left: 90px\">\u00a7 Estar\u00e1 conformada por un presidente(a), un secretario(a), un tesorero(a), un fiscal y los asesores de la congregaci\u00f3n de la Misi\u00f3n de las Hijas de la Caridad.<\/p>\n<p style=\"padding-left: 60px\"><strong>5.2.3.<\/strong> Elecci\u00f3n y funci\u00f3n de los miembros.<\/p>\n<p style=\"padding-left: 90px\">a) Presidente(a)<\/p>\n<p style=\"padding-left: 120px\">Elecci\u00f3n: Ser\u00e1 elegido(a) por la Asamblea Nacional de\u00a0 todos los miembros de pleno derecho, en votaci\u00f3n secreta; para\u00a0 la elecci\u00f3n se necesita la mayor\u00eda absoluta en las dos primeras votaciones; en una tercera votaci\u00f3n ser\u00e1 suficiente la mayor\u00eda simple.<\/p>\n<p style=\"padding-left: 120px\">Funciones:<\/p>\n<p style=\"padding-left: 150px\">\u2014Ejercer la representaci\u00f3n legal de la Asociaci\u00f3n.<\/p>\n<p style=\"padding-left: 150px\">\u2014Velar por el cumplimiento de los Estatutos, los criterios de la Organizaci\u00f3n Nacional y el Proyecto Comunitario.<\/p>\n<p style=\"padding-left: 150px\">\u2014Animar y coordinar la marcha de la Asociaci\u00f3n.<\/p>\n<p style=\"padding-left: 150px\">\u2014Representar la Asociaci\u00f3n en los \u00e1mbitos eclesiales y civiles, y en la Junta Coordinadora Vicentina Nacional (JUCOVI).<\/p>\n<p style=\"padding-left: 150px\">\u2014Convocar a las reuniones de la Junta Coordinadora.<\/p>\n<p style=\"padding-left: 150px\">\u2014Preparar la agenda de las reuniones de la Junta Coordinadora.<\/p>\n<p style=\"padding-left: 150px\">\u2014Organizar el trabajo de la Junta Coordinadora, despu\u00e9s de haber consultado a sus miembros.<\/p>\n<p style=\"padding-left: 150px\">\u2014Presentar los informes de gesti\u00f3n a la Junta Coordinadora Nacional y a la Asamblea.<\/p>\n<p style=\"padding-left: 150px\">\u2014Mantener contacto con las asociaciones locales y hacerles seguimiento.<\/p>\n<p style=\"padding-left: 150px\">\u2014Mantener relaci\u00f3n con otras ramas de la familia Vicentina y otros movimientos eclesiales, especialmente de car\u00e1cter misionero.<\/p>\n<p style=\"padding-left: 90px\">b) Secretario(a)<\/p>\n<p style=\"padding-left: 120px\">Elecci\u00f3n: Elegido(a) en la Asamblea Nacional.<\/p>\n<p style=\"padding-left: 120px\">Funciones:<\/p>\n<p style=\"padding-left: 150px\">\u2014Servir de centro de informaci\u00f3n de la Junta.<\/p>\n<p style=\"padding-left: 150px\">\u2014Redactar las actas de las reuniones de las asambleas y de la Junta Nacional, tomando las firmas correspondientes.<\/p>\n<p style=\"padding-left: 150px\">\u2014Organizar y mantener el archivo.<\/p>\n<p style=\"padding-left: 150px\">\u2014Llevar las Estad\u00edsticas de las Asociaciones Locales.<\/p>\n<p style=\"padding-left: 150px\">\u2014Llevar la correspondencia con las Asociaciones Locales, con los distintos organismos y con la sede central de la Junta Internacional.<\/p>\n<p style=\"padding-left: 150px\">\u2014Ayudar al presidente en la preparaci\u00f3n de los informes.<\/p>\n<p style=\"padding-left: 150px\">\u2014Asumir todas aquellas funciones que la asigne la junta.<\/p>\n<p style=\"padding-left: 90px\">c) Tesorero(a)<\/p>\n<p style=\"padding-left: 120px\">Nombramiento: Designado por la Junta Nacional, en una de sus reuniones ordinarias.<\/p>\n<p style=\"padding-left: 120px\">Funciones:<\/p>\n<p style=\"padding-left: 150px\">\u2014Recaudar los aportes ordinarios y los extraordinarios fijados para cada Asociaci\u00f3n local, por la Asamblea Nacional.<\/p>\n<p style=\"padding-left: 150px\">\u2014Mantener al d\u00eda cuentas y relaci\u00f3n de gastos, debidamente soportados por documentos que cumplan el marco legal vigente.<\/p>\n<p style=\"padding-left: 150px\">\u2014Presentar semestralmente, o cuando lo solicite, la junta Coordinadora o el revisor fiscal informe y balance de la econom\u00eda.<\/p>\n<p style=\"padding-left: 150px\">\u2014Elaborar el presupuesto anual para someterlo a estudio y aprobaci\u00f3n de la Junta Coordinadora .<\/p>\n<p style=\"padding-left: 150px\">\u2014Verificar los pagos que sean autorizados por la Junta Coordinadora y el presidente Nacional.<\/p>\n<p style=\"padding-left: 150px\">\u2014Recibir cuotas de todo orden: donaciones. contribuciones otorgando los recibos correspondientes.<\/p>\n<p style=\"padding-left: 90px\">d) Fiscal.<\/p>\n<p style=\"padding-left: 120px\">Nombramiento: Designado por la Junta Nacional, en una de sus reuniones ordinarias.<\/p>\n<p style=\"padding-left: 120px\">Funciones:<\/p>\n<p style=\"padding-left: 150px\">\u2014Revisar y firmar los libros de contabilidad, por los menos cada tres meses.<\/p>\n<p style=\"padding-left: 150px\">\u2014Cerciorarse de que las operaciones contables se ajusten a las normas legales vigentes y a las decisiones de la junta Coordinadora.<\/p>\n<p style=\"padding-left: 150px\">\u2014Velar por la correcta utilizaci\u00f3n de los bienes materiales yy pecuniarios y denunciar ante el Presidente Nacional, en la primera instancia, y luego ante la Asamblea Nacional, las irregularidades que observe.<\/p>\n<p style=\"padding-left: 30px\"><strong>5.3.<\/strong> Asociaciones locales.<\/p>\n<p style=\"padding-left: 60px\">\u2014La asociaci\u00f3n se realiza concretamente en las asociaciones locales, tanto a nivel de su esp\u00edritu, misi\u00f3n y organizaci\u00f3n.<\/p>\n<p style=\"padding-left: 60px\">\u2014Velaran por el cumplimiento de su esp\u00edritu basados en los criterios de\u00a0 Organizaci\u00f3n Nacional.<\/p>\n<p style=\"padding-left: 60px\">\u2014Cada una de ellas contar\u00e1 con una Junta Coordinadora Local, cuya funci\u00f3n ser\u00e1 la animaci\u00f3n a este nivel y la relaci\u00f3n con la Junta Nacional.<\/p>\n<p style=\"padding-left: 30px\"><strong>5.4.<\/strong> Asesores.<\/p>\n<p style=\"padding-left: 60px\"><strong>5.4.1<\/strong>. Nombramiento:<\/p>\n<p style=\"padding-left: 90px\">Ser\u00e1n dos, un miembro de la Congregaci\u00f3n de\u00a0 la misi\u00f3n nombrado por el Visitador Provincial, y una Hija de la Caridad nombrada, de com\u00fan acuerdo, por las dos hermanas Visitadoras de Colombia y confirmados por el Superior General.<\/p>\n<p style=\"padding-left: 60px\"><strong>5.4.2.<\/strong> Funciones.<\/p>\n<p style=\"padding-left: 90px\">a) Apoyar la formaci\u00f3n espiritual y vicentina de los miembros de la Asociaci\u00f3n.<\/p>\n<p style=\"padding-left: 90px\">b) Hacer visitas de animaci\u00f3n a las comunidades con los miembros de la Junta Coordinadora.<\/p>\n<p style=\"padding-left: 90px\">c) Participar en las reuniones de la Junta Coordinadora y en la Asamblea Nacional, con voz pero no voto.<\/p>\n<p style=\"padding-left: 60px\"><strong>5.4.3.<\/strong> Duraci\u00f3n del cargo.<\/p>\n<p style=\"padding-left: 90px\">Depender\u00e1 de los respectivos superiores; pero teniendo en cuenta, en lo posible teniendo en cuenta no sea menor de tres a\u00f1os ni mayor de seis.<\/p>\n<p style=\"padding-left: 30px\"><strong>5.5.<\/strong> Solo har\u00e1 parte activa de la junta coordinadora cuando uno de sus miembros renuncie.<\/p>\n<p style=\"padding-left: 30px\"><strong>5.6.<\/strong> Duraci\u00f3n de los cargos.<\/p>\n<p style=\"padding-left: 60px\">Todos los miembros de la Junta Coordinadora son elegidos o nombrados por tres a\u00f1os, pueden ser confirmados por otro trienio, como m\u00e1ximo.<\/p>\n<p><strong> 6. ECONOM\u00cdA.<\/strong><\/p>\n<p style=\"padding-left: 30px\"><strong>6.1.<\/strong> MISEVI es una organizaci\u00f3n sin \u00e1nimo de lucro; sus bienes pertenecen a los pobres.<\/p>\n<p style=\"padding-left: 30px\"><strong>6.2.<\/strong> No se establecer\u00e1n v\u00ednculos laborales con los miembros de la Avocaci\u00f3n, todo servicio pastoral se har\u00e1 con el esp\u00edritu de voluntariado no remunerado.<\/p>\n<p style=\"padding-left: 30px\"><strong>6.3.<\/strong> Los recursos econ\u00f3micos proceder\u00e1n de:<\/p>\n<p style=\"padding-left: 60px\">\u2014Aportes o donaciones de colaboradores o de instituciones.<\/p>\n<p style=\"padding-left: 60px\">\u2014Fondos obtenidos por posibles gratificaciones del trabajo de los laicos misioneros.<\/p>\n<p style=\"padding-left: 60px\">\u2014Aportes en las instituciones en las que prestan sus servicios.<\/p>\n<p style=\"padding-left: 60px\">\u2014Otras actividades l\u00edcitas organizadas por la misma Asociaci\u00f3n.<\/p>\n<p style=\"padding-left: 30px\"><strong>6.4.<\/strong> La Asociaci\u00f3n gestionar\u00e1 proyectos de financiamiento para solventar gastos de formaci\u00f3n estad\u00eda en la misi\u00f3n regreso de los misioneros y otros proyectos en bien de los pobres.<\/p>\n<p style=\"padding-left: 30px\">6.5. La Asociaci\u00f3n buscar\u00e1 fondos para sufragar los gastos de seguros y apoyo a la reinserci\u00f3n de los misioneros en su pa\u00eds de origen, seg\u00fan las posibilidades de cada Asociaci\u00f3n Local.<\/p>\n<p style=\"padding-left: 30px\">6.6. La Junta Coordinadora tiene la responsabilidad de fijar los criterios de gesti\u00f3n econ\u00f3mica y velar por la correcta fijaci\u00f3n de los mismos.<\/p>\n<p style=\"padding-left: 30px\">6.7. Cuando se realice el envi\u00f3 de un misionero a misi\u00f3n se har\u00e1 un convenio entre la instituci\u00f3n eclesial que lo recibe y la Asociaci\u00f3n Nacional, donde se precise tanto el trabajo pastoral del enviado como la financiaci\u00f3n de su estad\u00eda.<\/p>\n<p><strong>7. RELACIONES CON LA FAMILIA VICENTINA.<\/strong><\/p>\n<p style=\"padding-left: 30px\">7.1. La Asociaci\u00f3n estar\u00e1 vinculada a las dem\u00e1s ramas de la familia vicentina, toda vez que aquellas son la fuente de misioneros \u00abad gentes\u00bb para la Asociaci\u00f3n; \u00e9stas a su vez, se sentir\u00e1n comprometidas a apoyarles en su misi\u00f3n.<\/p>\n<p style=\"padding-left: 30px\">7.2. La Asociaci\u00f3n buscar\u00e1 el contacto y colaboraci\u00f3n con la Familia Vicentina, a nivel local, en lugares donde se establezcan las comunidades misioneras de laicos pertenecientes a MISEVI, y a nivel nacional.<\/p>\n<p style=\"padding-left: 30px\">7.3. La Asociaci\u00f3n Nacional velar\u00e1 para que se cumplan, a trav\u00e9s de JUCOVI, los apartados sobre el tema establecidos en los criterios de Organizaci\u00f3n Nacional.<\/p>\n<p><strong>8. DISPOCICIONES FNALES.<\/strong><\/p>\n<p style=\"padding-left: 30px\">8.1. REFORMA DE LOS ESTATUTOS.<\/p>\n<p style=\"padding-left: 60px\">8.1.1. Los presentes Estatutos ser\u00e1n enviados al Superior Provincial, al Equipo Coordinador Nacional para el estudio y presentaci\u00f3n del Superior General de la Congregaci\u00f3n de la misi\u00f3n y de las Hijas de la Caridad, para su aprobaci\u00f3n.<\/p>\n<p style=\"padding-left: 60px\">8.2.2. La Asamblea Nacional podr\u00e1 hacer reformas a los presentes Estatutos, si as\u00ed lo juzga conveniente. Estas ser\u00e1n votadas para su aprobaci\u00f3n por dos tercios de la Asamblea Nacional. Dichas reformas ser\u00e1n presentadas para su aprobaci\u00f3n al Superior General de la Congregaci\u00f3n de la Misi\u00f3n y de las hijas de la caridad.<\/p>\n<p style=\"padding-left: 30px\">8.2. DISOLUCI\u00d3N DE LA ASOCIACI\u00d3N.<\/p>\n<p style=\"padding-left: 60px\">8.2.1. El Superior General de la Congregaci\u00f3n de la misi\u00f3n y de las Hijas de la Caridad puede disolver la Asociaci\u00f3n Nacional. Tambi\u00e9n podr\u00e1 hacer la Asamblea Nacional, con el consentimiento del Superior General.<\/p>\n<p style=\"padding-left: 60px\">8.2.2. En caso de disoluci\u00f3n de la Asociaci\u00f3n, los bienes restantes despu\u00e9s de haber saldado los d\u00e9bitos, ser\u00e1n entregados al Superior General para las misiones ad\u00bbgentes\u00bb.<\/p>\n<p style=\"padding-left: 30px\">8.3. INTERPRETACI\u00d3N DE LOS ESTATUTOS.<\/p>\n<p style=\"padding-left: 60px\">En caso de deudas sobre el contenido o el sentido de estos estatutos, \u00e9stas se resolver\u00e1n a la luz de los Estatutos Internacionales.<\/p>\n<p style=\"text-align: center\"><strong>CRITERIOS DE ORGANIZACI\u00d3N<br \/>\nA NIVEL NACIONAL<br \/>\nMISEVI-COLOMBIA<\/strong><\/p>\n<p><strong>FORMACION:<\/strong><\/p>\n<ul>\n<li>Conformar un comit\u00e9 a nivel nacional que se responsabilice de orientar la formaci\u00f3n de MISEVI Colombia y asesorar a los grupos locales; elaborando un plan de formaci\u00f3n misionera.<\/li>\n<li>Conocer y asumir el proyecto de formaci\u00f3n de la Familia Vicentina, adapt\u00e1ndolo a las exigencias propias de la Asociai\u00f3n.<\/li>\n<li>Integrar en el proceso formativo el an\u00e1lisis de la realidad en la cual se realizar\u00e1 el servicio misionero; favoreciendo de esta manera el proceso de inculturaci\u00f3n.<\/li>\n<li>Involucrar e l componente formativo en los encuentros nacionales que se realicen anualmente.<\/li>\n<li>Organizar al cronograma de formaci\u00f3n con la asesor\u00eda del comit\u00e9 nacional en cada asociaci\u00f3n local de manera aut\u00f3noma.<\/li>\n<li>Asumir el aprendizaje de un idioma extranjero en cada asociaci\u00f3n local de manera aut\u00f3noma.<\/li>\n<\/ul>\n<p><strong>ADMISI\u00d3N DE MIEMBROS:<\/strong><\/p>\n<p>Las personas que deseen integrase al movimiento deben ser mayores de edad.<\/p>\n<p><strong>Aspirantazo:<\/strong><\/p>\n<p>Habr\u00e1 un per\u00edodo de conocimiento mutuo entre el aspirante y la asociaci\u00f3n, m\u00ednimo de un (1) a\u00f1o para las personas que provienen de otra rama de la Familia vicentina. Para las personas que deseen conocer el carisma vicentino, se tendr\u00e1 un per\u00edodo de conocimiento y formaci\u00f3n vicentina de dos (2)<\/p>\n<p>a\u00f1os, donde se madure la opci\u00f3n a la vocaci\u00f3n misionera.<\/p>\n<p><strong>Incorporaci\u00f3n:<\/strong><\/p>\n<p>Despu\u00e9s de haber cumplido el per\u00edodo de conocimiento, se debe realizar una solicitud por escrito, manifestando su deseo de ser admitido en la asociaci\u00f3n. El grupo local junto con el asesor aprobar\u00e1n la solicitud previo estudio y se har\u00e1 la incorporaci\u00f3n en una ceremonia especial.<\/p>\n<p>Cada Asociaci\u00f3n Local informa a la Junta Nacional acerca de la admisi\u00f3n de una persona, remitiendo hoja de inscripci\u00f3n y documentaci\u00f3n, para el archivo nacional.<\/p>\n<p><strong>En pleno derecho:<\/strong><\/p>\n<p>Para ser declarado miembro en pleno derecho el misionero tendr\u00e1 un m\u00ednimo de un (1) a\u00f1o de participaci\u00f3n en misi\u00f3n \u00abad gentes\u00bb, teniendo en cuenta el cumplimiento de los requisitos anteriores.<\/p>\n<p><strong>Colaboradores:<\/strong><\/p>\n<p>Para ser miembro colaborador se siguen los numerales 4.2.3y 5.3 de los Estatutos Nacionales<\/p>\n<p><strong>EXCLUSI\u00d3N DE MIEMBROS<\/strong>:<\/p>\n<p>Se aplicar\u00e1n los numerales 5.4.1 y 5.4.2 para todos los miembros; y para los miembros de pleno derecho los numeral&#8217;5.4.1 y 5.4.3 de los Estatutos Nacionales<\/p>\n<p><strong>ORGANIZACI\u00d3N A NIVEL NACIONAL<\/strong>:<\/p>\n<ul>\n<li>Conformar una Junta Nacional integrada por: Un Presidente Nacional elegido por la asamblea, tres miembros y un suplente igualmente elegidos por la Asamblea, \u00a0un asesor provincial de la Congregaci\u00f3n de la Misi\u00f3n y una asesora de las Hijas de la Caridad, nombrados por los Superiores Provinciales.<\/li>\n<li>Crear un proyecto nacional unificado que oriente los planes y programas de la comunidad local.<\/li>\n<li>Para la elecci\u00f3n del Presidente Nacional, se har\u00e1 acuerdo con el numeral 6.5.1.1 de los Estatutos Nacionales. El aspirante a este cargo debe estar incorporado y tener un tiempo m\u00ednimo de un (1) a\u00f1o para las personas que tienen trayectoria vicentina y de dos a\u00f1os para quienes est\u00e1n en conocimiento del carisma.<\/li>\n<li>La Junta Nacional ser\u00e1 la encargada de organizar las misiones de car\u00e1cter nacional e internacional, lo mismo que del env\u00edo a experiencias misioneras \u00abad gentes\u00bb.<\/li>\n<\/ul>\n<p><strong>A NIVEL LOCAL:<\/strong><\/p>\n<ul>\n<li>Se nombrar\u00e1 un coordinador, que represente la Asociaci\u00f3n loca!, oriente los planes y proyectos del grupo mantenga la comunicaci\u00f3n con el asesor local y la Junta Nacional.<\/li>\n<li>Cada asociaci\u00f3n local debe asumir los Estatutos y Criterios de Organizaci\u00f3n Nacional en su totalidad y elaborar su proyecto comunitario local de acuerdo con el proyecto nacional comunitario.<\/li>\n<li>Cada Asociaci\u00f3n local debe asegurar la presencia de un asesor ya sea un Misionero vicentino \u00f3 una Hija de la Caridad.<\/li>\n<li>Cada Asociaci\u00f3n local es aut\u00f3noma en su organizaci\u00f3n, teniendo en cuenta la participaci\u00f3n de otros miembros para asumir diferentes responsabilidades (Formaci\u00f3n, Econom\u00eda, Espiritualidad, Comunicaci\u00f3n de grupo, Secretar\u00eda).<\/li>\n<li>Cada Asociaci\u00f3n local organizar\u00e1 experiencias misioneras cortas (per\u00edodos fuertes), en sus regiones, de manera que todos participen en ellas. Y est\u00e9n disponibles a la participaci\u00f3n de misiones organizadas a nivel nacional.<\/li>\n<li>Se organizar\u00e1n las reuniones cada quince (15) d\u00edas, con una hora de formaci\u00f3n como m\u00ednimo.<\/li>\n<\/ul>\n<p><strong>ECONOM\u00cdA:<\/strong><\/p>\n<ul>\n<li>Cada Asociaci\u00f3n local, buscar\u00e1 la financiaci\u00f3n propia y aportar\u00e1 una cuota anual al fondo nacional Misevi, que se incrementar\u00e1 cada a\u00f1o en un 10%.<\/li>\n<li>De acuerdo con el presupuesto el presidente puede autorizar para gastos en acuerdo con el tesorero el equivalente a dos salarios m\u00ednimos (SMLV), y con el consentimiento de la Junta Coordinadora hasta ocho salarios m\u00ednimos (SMLV). Superados estos topes econ\u00f3micos, le corresponde a la Asamblea Nacional estudiar y aprobar gastos superiores a este monto.<\/li>\n<li>La Junta Coordinadora en una de sus sesiones ordinarias designar\u00e1 a una persona que no haga parte de este que se encargue de llevar la contabilidad de la Asociaci\u00f3n, de acuerdo con las normas contables dentro marco legal vigente colombiano.<\/li>\n<li>Cuando la Asociaci\u00f3n nacional o local lo estime conveniente, abrir\u00e1 una cuenta bancaria a nombre de Misevi cuyo representante legal ser\u00e1 para la Junta Nacional (presidente y el tesorero y para las asociaciones locales el coordinador y el tesorero.<\/li>\n<li>Cada Asociaci\u00f3n local manejar\u00e1 su econom\u00eda responsablemente, no a t\u00edtulo personal, y con la supervisi\u00f3n del asesor local.<\/li>\n<li>Para responder a la petici\u00f3n de servicio pastoral misionero en los tiempos fuertes, el solicitante debe garantizar los gastos de hospedaje, alimentaci\u00f3n y transporte su totalidad o al menos en un 50%.<\/li>\n<li>Todos los aportes que se reciben por concepto del servicio misionero pertenecen a la Asociaci\u00f3n que env\u00eda los misioneros.<\/li>\n<li>El encargado de la econom\u00eda de la Asociaci\u00f3n presentara informes escritos con sus debidos soportes contables, a la Asociaci\u00f3n local, al asesor local cada seis meses.<\/li>\n<li>Se debe crear un comit\u00e9 econ\u00f3mico a nivel nacional que promueva proyectos de financiaci\u00f3n con diferentes entidades nacionales e internacionales. La Junta Nacional debe aprobar los proyectos de gesti\u00f3n local y garantizar el surgimiento.<\/li>\n<li>Cada Asociaci\u00f3n local debe aportar el 50% de financiaci\u00f3n para asistir a reuniones, encuentros o eventos que programe la Asociaci\u00f3n a nivel nacional.<\/li>\n<\/ul>\n<p><strong>RELACIONES CON LA FAMILIA VICENTINA<\/strong><\/p>\n<ul>\n<li>Desde la asesor\u00eda que se reciba por parte de la congregaci\u00f3n de la Misi\u00f3n y de las Hijas de la Caridad.<\/li>\n<li>Mantener una base de datos con informaci\u00f3n a trav\u00e9s del directorio de la Comunidad Vicentina.<\/li>\n<li>Participaci\u00f3n en el JUCOVI nacional y local.<\/li>\n<li>Ser apoyo en las obras vicentinas que existan en cada localidad.<\/li>\n<li>Existencia de redes de comunicaci\u00f3n, a trav\u00e9s de los espacios de la informaci\u00f3n con los medios que la familia vicentina posee.<\/li>\n<li>Para favorecer la intercomunicaci\u00f3n con los dem\u00e1s grupos vicentinos y las mismas comunidades misioneras, cada grupo tendr\u00e1 un correo electr\u00f3nico.<\/li>\n<li>Existencia de la corresponsabilidad de pertenencia a la familia vicentina.<\/li>\n<li>Cada Asociaci\u00f3n local deber\u00e1 poseer un correo electr\u00f3nico para facilitar la comunicaci\u00f3n.<\/li>\n<\/ul>\n","protected":false},"excerpt":{"rendered":"<p>CONREGAZIONE DELLA MISSIONE Cuna Generaiizia Roma 27 de abril 2005 Padre Gabriel NARANJO SALAZAR, CM Visitador Bogot\u00e1 Querido Gabriel: \u00a1Que la gracia y la paz del Se\u00f1or Jesucristo llenen tu coraz\u00f3n ahora y siempre! Por &#8230; <a href=\"http:\/\/vincentians.com\/es\/estatutos-de-misevi-en-colombia\/\" class=\"more-link\">Read More<\/a><\/p>\n","protected":false},"author":4,"featured_media":132876,"comment_status":"open","ping_status":"open","sticky":false,"template":"","format":"standard","meta":{"jetpack_post_was_ever_published":false,"_jetpack_newsletter_access":"","_jetpack_dont_email_post_to_subs":false,"_jetpack_newsletter_tier_id":0,"_jetpack_memberships_contains_paywalled_content":false,"_jetpack_memberships_contains_paid_content":false,"footnotes":"","jetpack_publicize_message":"","jetpack_publicize_feature_enabled":true,"jetpack_social_post_already_shared":true,"jetpack_social_options":{"image_generator_settings":{"template":"highway","default_image_id":0,"font":"","enabled":false},"version":2}},"categories":[324],"tags":[195],"class_list":["post-132875","post","type-post","status-publish","format-standard","has-post-thumbnail","hentry","category-documentos-de-misioneros-seglares-vicencianos","tag-misioneros-seglares"],"yoast_head":"<!-- This site is optimized with the Yoast SEO plugin v26.3 - https:\/\/yoast.com\/wordpress\/plugins\/seo\/ -->\n<title>Estatutos de MISEVI en Colombia - Somos Vicencianos<\/title>\n<meta name=\"robots\" content=\"index, follow, max-snippet:-1, max-image-preview:large, max-video-preview:-1\" \/>\n<link rel=\"canonical\" href=\"http:\/\/vincentians.com\/es\/estatutos-de-misevi-en-colombia\/\" \/>\n<meta property=\"og:locale\" content=\"es_ES\" \/>\n<meta property=\"og:type\" content=\"article\" \/>\n<meta property=\"og:title\" content=\"Estatutos de MISEVI en Colombia - Somos Vicencianos\" \/>\n<meta property=\"og:description\" content=\"CONREGAZIONE DELLA MISSIONE Cuna Generaiizia Roma 27 de abril 2005 Padre Gabriel NARANJO SALAZAR, CM Visitador Bogot\u00e1 Querido Gabriel: \u00a1Que la gracia y la paz del Se\u00f1or Jesucristo llenen tu coraz\u00f3n ahora y siempre! Por ... Read More\" \/>\n<meta property=\"og:url\" content=\"http:\/\/vincentians.com\/es\/estatutos-de-misevi-en-colombia\/\" \/>\n<meta property=\"og:site_name\" content=\"Somos Vicencianos\" \/>\n<meta property=\"article:publisher\" content=\"https:\/\/www.facebook.com\/WeAreVincentians\/\" \/>\n<meta property=\"article:author\" content=\"https:\/\/www.facebook.com\/JavierChento\" \/>\n<meta property=\"article:published_time\" content=\"2014-12-17T04:14:27+00:00\" \/>\n<meta name=\"author\" content=\"Francisco Javier Fern\u00e1ndez Chento\" \/>\n<meta name=\"twitter:card\" content=\"summary_large_image\" \/>\n<meta name=\"twitter:creator\" content=\"@https:\/\/twitter.com\/javierchento\" \/>\n<meta name=\"twitter:site\" content=\"@WeVincentians\" \/>\n<meta name=\"twitter:label1\" content=\"Escrito por\" \/>\n\t<meta name=\"twitter:data1\" content=\"Francisco Javier Fern\u00e1ndez Chento\" \/>\n\t<meta name=\"twitter:label2\" content=\"Tiempo de lectura\" \/>\n\t<meta name=\"twitter:data2\" content=\"22 minutos\" \/>\n<script type=\"application\/ld+json\" class=\"yoast-schema-graph\">{\"@context\":\"https:\/\/schema.org\",\"@graph\":[{\"@type\":\"Article\",\"@id\":\"http:\/\/vincentians.com\/es\/estatutos-de-misevi-en-colombia\/#article\",\"isPartOf\":{\"@id\":\"http:\/\/vincentians.com\/es\/estatutos-de-misevi-en-colombia\/\"},\"author\":{\"name\":\"Francisco Javier Fern\u00e1ndez Chento\",\"@id\":\"http:\/\/vincentians.com\/es\/#\/schema\/person\/9623ef4d9aa3b2dfb8c061f1499288f2\"},\"headline\":\"Estatutos de MISEVI en Colombia\",\"datePublished\":\"2014-12-17T04:14:27+00:00\",\"mainEntityOfPage\":{\"@id\":\"http:\/\/vincentians.com\/es\/estatutos-de-misevi-en-colombia\/\"},\"wordCount\":4430,\"commentCount\":1,\"publisher\":{\"@id\":\"http:\/\/vincentians.com\/es\/#organization\"},\"image\":{\"@id\":\"http:\/\/vincentians.com\/es\/estatutos-de-misevi-en-colombia\/#primaryimage\"},\"thumbnailUrl\":\"\",\"keywords\":[\"Misioneros Seglares\"],\"articleSection\":[\"Documentos de Misioneros Seglares Vicencianos\"],\"inLanguage\":\"es\",\"potentialAction\":[{\"@type\":\"CommentAction\",\"name\":\"Comment\",\"target\":[\"http:\/\/vincentians.com\/es\/estatutos-de-misevi-en-colombia\/#respond\"]}]},{\"@type\":\"WebPage\",\"@id\":\"http:\/\/vincentians.com\/es\/estatutos-de-misevi-en-colombia\/\",\"url\":\"http:\/\/vincentians.com\/es\/estatutos-de-misevi-en-colombia\/\",\"name\":\"Estatutos de MISEVI en Colombia - Somos Vicencianos\",\"isPartOf\":{\"@id\":\"http:\/\/vincentians.com\/es\/#website\"},\"primaryImageOfPage\":{\"@id\":\"http:\/\/vincentians.com\/es\/estatutos-de-misevi-en-colombia\/#primaryimage\"},\"image\":{\"@id\":\"http:\/\/vincentians.com\/es\/estatutos-de-misevi-en-colombia\/#primaryimage\"},\"thumbnailUrl\":\"\",\"datePublished\":\"2014-12-17T04:14:27+00:00\",\"breadcrumb\":{\"@id\":\"http:\/\/vincentians.com\/es\/estatutos-de-misevi-en-colombia\/#breadcrumb\"},\"inLanguage\":\"es\",\"potentialAction\":[{\"@type\":\"ReadAction\",\"target\":[\"http:\/\/vincentians.com\/es\/estatutos-de-misevi-en-colombia\/\"]}]},{\"@type\":\"ImageObject\",\"inLanguage\":\"es\",\"@id\":\"http:\/\/vincentians.com\/es\/estatutos-de-misevi-en-colombia\/#primaryimage\",\"url\":\"\",\"contentUrl\":\"\"},{\"@type\":\"BreadcrumbList\",\"@id\":\"http:\/\/vincentians.com\/es\/estatutos-de-misevi-en-colombia\/#breadcrumb\",\"itemListElement\":[{\"@type\":\"ListItem\",\"position\":1,\"name\":\"Portada\",\"item\":\"http:\/\/vincentians.com\/es\/\"},{\"@type\":\"ListItem\",\"position\":2,\"name\":\"Estatutos de MISEVI en Colombia\"}]},{\"@type\":\"WebSite\",\"@id\":\"http:\/\/vincentians.com\/es\/#website\",\"url\":\"http:\/\/vincentians.com\/es\/\",\"name\":\"Somos Vicencianos\",\"description\":\"Know more to serve more\",\"publisher\":{\"@id\":\"http:\/\/vincentians.com\/es\/#organization\"},\"potentialAction\":[{\"@type\":\"SearchAction\",\"target\":{\"@type\":\"EntryPoint\",\"urlTemplate\":\"http:\/\/vincentians.com\/es\/?s={search_term_string}\"},\"query-input\":{\"@type\":\"PropertyValueSpecification\",\"valueRequired\":true,\"valueName\":\"search_term_string\"}}],\"inLanguage\":\"es\"},{\"@type\":\"Organization\",\"@id\":\"http:\/\/vincentians.com\/es\/#organization\",\"name\":\"The Vincentian Network\",\"url\":\"http:\/\/vincentians.com\/es\/\",\"logo\":{\"@type\":\"ImageObject\",\"inLanguage\":\"es\",\"@id\":\"http:\/\/vincentians.com\/es\/#\/schema\/logo\/image\/\",\"url\":\"https:\/\/i1.wp.com\/vincentians.com\/es\/wp-content\/uploads\/sites\/11\/2016\/06\/Vincentian-Network-logo-big.png?fit=778%2C778\",\"contentUrl\":\"https:\/\/i1.wp.com\/vincentians.com\/es\/wp-content\/uploads\/sites\/11\/2016\/06\/Vincentian-Network-logo-big.png?fit=778%2C778\",\"width\":778,\"height\":778,\"caption\":\"The Vincentian Network\"},\"image\":{\"@id\":\"http:\/\/vincentians.com\/es\/#\/schema\/logo\/image\/\"},\"sameAs\":[\"https:\/\/www.facebook.com\/WeAreVincentians\/\",\"https:\/\/x.com\/WeVincentians\"]},{\"@type\":\"Person\",\"@id\":\"http:\/\/vincentians.com\/es\/#\/schema\/person\/9623ef4d9aa3b2dfb8c061f1499288f2\",\"name\":\"Francisco Javier Fern\u00e1ndez Chento\",\"image\":{\"@type\":\"ImageObject\",\"inLanguage\":\"es\",\"@id\":\"http:\/\/vincentians.com\/es\/#\/schema\/person\/image\/\",\"url\":\"https:\/\/secure.gravatar.com\/avatar\/497d5cde87b4c3d097d0315953521681ba2cd523ee66e5077c3711f7021e65de?s=96&d=mm&r=g\",\"contentUrl\":\"https:\/\/secure.gravatar.com\/avatar\/497d5cde87b4c3d097d0315953521681ba2cd523ee66e5077c3711f7021e65de?s=96&d=mm&r=g\",\"caption\":\"Francisco Javier Fern\u00e1ndez Chento\"},\"description\":\"Director General y cofundador de La Red de Formaci\u00f3n Vicenciana. Javier es laico vicenciano, afiliado a la Congregaci\u00f3n de la Misi\u00f3n y miembro del Equipo de Misiones Populares de la provincia can\u00f3nica de Zaragoza (Espa\u00f1a) de la Congregaci\u00f3n de la Misi\u00f3n. Graduado en la Universidad Oberta de Catalunya con cuatro grados (Asistente de direcci\u00f3n, Gesti\u00f3n Administrativa, Recursos Humanos y Contabilidad Avanzada). Bil\u00edng\u00fce Espa\u00f1ol\/Ingl\u00e9s. gestiona y mantiene varias p\u00e1ginas web cristianas y vicencianas, incluida including La Red de Formaci\u00f3n Vicenciana, de la que es cofundador. Actualmente es responsable del \u00e1rea de Espa\u00f1ol de .famvin, la Red de Noticias de la Familia Vicenciana. Tambi\u00e9n es m\u00fasico cat\u00f3lico y ha editado varios discos. Es Director General y cofundador de Trovador, una reconocida compa\u00f1\u00eda discogr\u00e1fica critiana de Espa\u00f1a. Trabaja en las Tecnolog\u00edas de la Informaci\u00f3n, ofreciendo servicios de alojamiento, dise\u00f1o y mantenimiento Web, as\u00ed como asesoramiento, formaci\u00f3n y soluciones inform\u00e1ticas, gesti\u00f3n documental y digitalizaci\u00f3n de textos, edici\u00f3n y maquetaci\u00f3n de libros, revistas, flyers, etc.\",\"sameAs\":[\"http:\/\/chento.org\",\"https:\/\/www.facebook.com\/JavierChento\",\"https:\/\/x.com\/https:\/\/twitter.com\/javierchento\"],\"url\":\"http:\/\/vincentians.com\/es\/author\/chento\/\"}]}<\/script>\n<!-- \/ Yoast SEO plugin. -->","yoast_head_json":{"title":"Estatutos de MISEVI en Colombia - Somos Vicencianos","robots":{"index":"index","follow":"follow","max-snippet":"max-snippet:-1","max-image-preview":"max-image-preview:large","max-video-preview":"max-video-preview:-1"},"canonical":"http:\/\/vincentians.com\/es\/estatutos-de-misevi-en-colombia\/","og_locale":"es_ES","og_type":"article","og_title":"Estatutos de MISEVI en Colombia - Somos Vicencianos","og_description":"CONREGAZIONE DELLA MISSIONE Cuna Generaiizia Roma 27 de abril 2005 Padre Gabriel NARANJO SALAZAR, CM Visitador Bogot\u00e1 Querido Gabriel: \u00a1Que la gracia y la paz del Se\u00f1or Jesucristo llenen tu coraz\u00f3n ahora y siempre! Por ... Read More","og_url":"http:\/\/vincentians.com\/es\/estatutos-de-misevi-en-colombia\/","og_site_name":"Somos Vicencianos","article_publisher":"https:\/\/www.facebook.com\/WeAreVincentians\/","article_author":"https:\/\/www.facebook.com\/JavierChento","article_published_time":"2014-12-17T04:14:27+00:00","author":"Francisco Javier Fern\u00e1ndez Chento","twitter_card":"summary_large_image","twitter_creator":"@https:\/\/twitter.com\/javierchento","twitter_site":"@WeVincentians","twitter_misc":{"Escrito por":"Francisco Javier Fern\u00e1ndez Chento","Tiempo de lectura":"22 minutos"},"schema":{"@context":"https:\/\/schema.org","@graph":[{"@type":"Article","@id":"http:\/\/vincentians.com\/es\/estatutos-de-misevi-en-colombia\/#article","isPartOf":{"@id":"http:\/\/vincentians.com\/es\/estatutos-de-misevi-en-colombia\/"},"author":{"name":"Francisco Javier Fern\u00e1ndez Chento","@id":"http:\/\/vincentians.com\/es\/#\/schema\/person\/9623ef4d9aa3b2dfb8c061f1499288f2"},"headline":"Estatutos de MISEVI en Colombia","datePublished":"2014-12-17T04:14:27+00:00","mainEntityOfPage":{"@id":"http:\/\/vincentians.com\/es\/estatutos-de-misevi-en-colombia\/"},"wordCount":4430,"commentCount":1,"publisher":{"@id":"http:\/\/vincentians.com\/es\/#organization"},"image":{"@id":"http:\/\/vincentians.com\/es\/estatutos-de-misevi-en-colombia\/#primaryimage"},"thumbnailUrl":"","keywords":["Misioneros Seglares"],"articleSection":["Documentos de Misioneros Seglares Vicencianos"],"inLanguage":"es","potentialAction":[{"@type":"CommentAction","name":"Comment","target":["http:\/\/vincentians.com\/es\/estatutos-de-misevi-en-colombia\/#respond"]}]},{"@type":"WebPage","@id":"http:\/\/vincentians.com\/es\/estatutos-de-misevi-en-colombia\/","url":"http:\/\/vincentians.com\/es\/estatutos-de-misevi-en-colombia\/","name":"Estatutos de MISEVI en Colombia - Somos Vicencianos","isPartOf":{"@id":"http:\/\/vincentians.com\/es\/#website"},"primaryImageOfPage":{"@id":"http:\/\/vincentians.com\/es\/estatutos-de-misevi-en-colombia\/#primaryimage"},"image":{"@id":"http:\/\/vincentians.com\/es\/estatutos-de-misevi-en-colombia\/#primaryimage"},"thumbnailUrl":"","datePublished":"2014-12-17T04:14:27+00:00","breadcrumb":{"@id":"http:\/\/vincentians.com\/es\/estatutos-de-misevi-en-colombia\/#breadcrumb"},"inLanguage":"es","potentialAction":[{"@type":"ReadAction","target":["http:\/\/vincentians.com\/es\/estatutos-de-misevi-en-colombia\/"]}]},{"@type":"ImageObject","inLanguage":"es","@id":"http:\/\/vincentians.com\/es\/estatutos-de-misevi-en-colombia\/#primaryimage","url":"","contentUrl":""},{"@type":"BreadcrumbList","@id":"http:\/\/vincentians.com\/es\/estatutos-de-misevi-en-colombia\/#breadcrumb","itemListElement":[{"@type":"ListItem","position":1,"name":"Portada","item":"http:\/\/vincentians.com\/es\/"},{"@type":"ListItem","position":2,"name":"Estatutos de MISEVI en Colombia"}]},{"@type":"WebSite","@id":"http:\/\/vincentians.com\/es\/#website","url":"http:\/\/vincentians.com\/es\/","name":"Somos Vicencianos","description":"Know more to serve more","publisher":{"@id":"http:\/\/vincentians.com\/es\/#organization"},"potentialAction":[{"@type":"SearchAction","target":{"@type":"EntryPoint","urlTemplate":"http:\/\/vincentians.com\/es\/?s={search_term_string}"},"query-input":{"@type":"PropertyValueSpecification","valueRequired":true,"valueName":"search_term_string"}}],"inLanguage":"es"},{"@type":"Organization","@id":"http:\/\/vincentians.com\/es\/#organization","name":"The Vincentian Network","url":"http:\/\/vincentians.com\/es\/","logo":{"@type":"ImageObject","inLanguage":"es","@id":"http:\/\/vincentians.com\/es\/#\/schema\/logo\/image\/","url":"https:\/\/i1.wp.com\/vincentians.com\/es\/wp-content\/uploads\/sites\/11\/2016\/06\/Vincentian-Network-logo-big.png?fit=778%2C778","contentUrl":"https:\/\/i1.wp.com\/vincentians.com\/es\/wp-content\/uploads\/sites\/11\/2016\/06\/Vincentian-Network-logo-big.png?fit=778%2C778","width":778,"height":778,"caption":"The Vincentian Network"},"image":{"@id":"http:\/\/vincentians.com\/es\/#\/schema\/logo\/image\/"},"sameAs":["https:\/\/www.facebook.com\/WeAreVincentians\/","https:\/\/x.com\/WeVincentians"]},{"@type":"Person","@id":"http:\/\/vincentians.com\/es\/#\/schema\/person\/9623ef4d9aa3b2dfb8c061f1499288f2","name":"Francisco Javier Fern\u00e1ndez Chento","image":{"@type":"ImageObject","inLanguage":"es","@id":"http:\/\/vincentians.com\/es\/#\/schema\/person\/image\/","url":"https:\/\/secure.gravatar.com\/avatar\/497d5cde87b4c3d097d0315953521681ba2cd523ee66e5077c3711f7021e65de?s=96&d=mm&r=g","contentUrl":"https:\/\/secure.gravatar.com\/avatar\/497d5cde87b4c3d097d0315953521681ba2cd523ee66e5077c3711f7021e65de?s=96&d=mm&r=g","caption":"Francisco Javier Fern\u00e1ndez Chento"},"description":"Director General y cofundador de La Red de Formaci\u00f3n Vicenciana. Javier es laico vicenciano, afiliado a la Congregaci\u00f3n de la Misi\u00f3n y miembro del Equipo de Misiones Populares de la provincia can\u00f3nica de Zaragoza (Espa\u00f1a) de la Congregaci\u00f3n de la Misi\u00f3n. Graduado en la Universidad Oberta de Catalunya con cuatro grados (Asistente de direcci\u00f3n, Gesti\u00f3n Administrativa, Recursos Humanos y Contabilidad Avanzada). Bil\u00edng\u00fce Espa\u00f1ol\/Ingl\u00e9s. gestiona y mantiene varias p\u00e1ginas web cristianas y vicencianas, incluida including La Red de Formaci\u00f3n Vicenciana, de la que es cofundador. Actualmente es responsable del \u00e1rea de Espa\u00f1ol de .famvin, la Red de Noticias de la Familia Vicenciana. Tambi\u00e9n es m\u00fasico cat\u00f3lico y ha editado varios discos. Es Director General y cofundador de Trovador, una reconocida compa\u00f1\u00eda discogr\u00e1fica critiana de Espa\u00f1a. Trabaja en las Tecnolog\u00edas de la Informaci\u00f3n, ofreciendo servicios de alojamiento, dise\u00f1o y mantenimiento Web, as\u00ed como asesoramiento, formaci\u00f3n y soluciones inform\u00e1ticas, gesti\u00f3n documental y digitalizaci\u00f3n de textos, edici\u00f3n y maquetaci\u00f3n de libros, revistas, flyers, etc.","sameAs":["http:\/\/chento.org","https:\/\/www.facebook.com\/JavierChento","https:\/\/x.com\/https:\/\/twitter.com\/javierchento"],"url":"http:\/\/vincentians.com\/es\/author\/chento\/"}]}},"jetpack_publicize_connections":[],"jetpack_featured_media_url":"","jetpack_sharing_enabled":true,"jetpack_shortlink":"https:\/\/wp.me\/p7ETMF-yz9","jetpack-related-posts":[{"id":132580,"url":"http:\/\/vincentians.com\/es\/estatutos-del-voluntariado-juvenil-vicentino-voljuvi\/","url_meta":{"origin":132875,"position":0},"title":"Estatutos del Voluntariado Juvenil Vicentino \u00abVOLJUVI\u00bb","author":"Francisco Javier Fern\u00e1ndez Chento","date":"10\/12\/2014","format":false,"excerpt":"Pre\u00e1mbulo El Voluntariado Juvenil Vicentino tuvo su origen en Par\u00eds el 29 de noviembre de 1909. Naci\u00f3 con el nombre de \"Obra de Luisas de Marillac\", y como parte de la Cofrad\u00eda de las Damas de la Caridad, hoy Asociaci\u00f3n Internacional de Caridades (A.I.C.). De esto hay constancia en un\u2026","rel":"","context":"En \u00abDocumentos de otras Ramas e Instituciones vicencianas\u00bb","block_context":{"text":"Documentos de otras Ramas e Instituciones vicencianas","link":"http:\/\/vincentians.com\/es\/category\/formacion-vicenciana\/documentos-oficiales-de-la-familia-vicenciana\/documentos-de-otras-ramas-e-instituciones-vicencianas\/"},"img":{"alt_text":"voluntariado_juvenil_vicentino","src":"https:\/\/i0.wp.com\/vicencianos.org\/wp-content\/2014\/12\/voluntariado_juvenil_vicentino-300x300.jpg?resize=350%2C200","width":350,"height":200},"classes":[]},{"id":132806,"url":"http:\/\/vincentians.com\/es\/estatutos-de-los-hijos-de-maria-inmaculada-en-colombia\/","url_meta":{"origin":132875,"position":1},"title":"Estatutos de los Hijos de Mar\u00eda Inmaculada en Colombia","author":"Francisco Javier Fern\u00e1ndez Chento","date":"16\/12\/2014","format":false,"excerpt":"Identidad: La asociaci\u00f3n de los Hijos de Mar\u00eda Inmaculada tuvo su origen en las apariciones de la Virgen Mar\u00eda a Santa Catalina Labour\u00e9 en 1830. Cuatro notas caracter\u00edsticas le hacen vivir su identidad: Eclesial: fue aprobada por P\u00edo IX en 1850 y est\u00e1 invitada expl\u00edcitamente a colaborar con la jerarqu\u00eda.\u2026","rel":"","context":"En \u00abDocumentos de otras Ramas e Instituciones vicencianas\u00bb","block_context":{"text":"Documentos de otras Ramas e Instituciones vicencianas","link":"http:\/\/vincentians.com\/es\/category\/formacion-vicenciana\/documentos-oficiales-de-la-familia-vicenciana\/documentos-de-otras-ramas-e-instituciones-vicencianas\/"},"img":{"alt_text":"Hijos de Maria Inmaculada en Colombia","src":"https:\/\/i0.wp.com\/vicencianos.org\/wp-content\/2014\/12\/Hijos-de-Maria-Inmaculada-en-Colombia-598x1024.jpg?resize=350%2C200","width":350,"height":200},"classes":[]},{"id":137107,"url":"http:\/\/vincentians.com\/es\/estatutos-de-aic-en-colombia\/","url_meta":{"origin":132875,"position":2},"title":"Estatutos de AIC en Colombia","author":"Francisco Javier Fern\u00e1ndez Chento","date":"01\/02\/2015","format":false,"excerpt":"CAPITULO I: NOMBRE, NATURALEZA, OBJETO, PATRIMONIO, DURACI\u00d3N Y DOMICILIO Art\u00edculo 1: NOMBRE. Organismo Nacional de Asociaciones Voluntarias Vicentinas de la Caridad que en adelante llevar\u00e1 el nombre de: FEDERACI\u00d3N NACIONAL DE VOLUNTARIADOS VICENTINOS DE LA CARIDAD A.I.C. COLOMBIA, se regir\u00e1 por estos estatutos y en lo no dispuesto en \u00e9l,\u2026","rel":"","context":"En \u00abDocumentos de Asociaci\u00f3n Internacional de Caridades\u00bb","block_context":{"text":"Documentos de Asociaci\u00f3n Internacional de Caridades","link":"http:\/\/vincentians.com\/es\/category\/formacion-vicenciana\/documentos-oficiales-de-la-familia-vicenciana\/documentos-de-asociacion-internacional-de-caridades\/"},"img":{"alt_text":"aic_colombia","src":"https:\/\/i0.wp.com\/vicencianos.org\/wp-content\/2014\/12\/aic_colombia-300x300.jpg?resize=350%2C200","width":350,"height":200},"classes":[]},{"id":137108,"url":"http:\/\/vincentians.com\/es\/estatutos-de-navyl-en-colombia\/","url_meta":{"origin":132875,"position":3},"title":"Estatutos de NAVYL en Colombia","author":"Francisco Javier Fern\u00e1ndez Chento","date":"30\/01\/2015","format":false,"excerpt":"Fundaci\u00f3n: La rama de la Familia Vicentina, Navyl, Ni\u00f1os amigos de Vicente y Luisa, naci\u00f3 en Cali el 15 de marzo de 1991, con ocasi\u00f3n de la celebraci\u00f3n de los 400 a\u00f1os del nacimiento de Santa Luisa de Marillac, para perpetuar su memoria y presentarla como modelo al igual que\u2026","rel":"","context":"En \u00abDocumentos de otras Ramas e Instituciones vicencianas\u00bb","block_context":{"text":"Documentos de otras Ramas e Instituciones vicencianas","link":"http:\/\/vincentians.com\/es\/category\/formacion-vicenciana\/documentos-oficiales-de-la-familia-vicenciana\/documentos-de-otras-ramas-e-instituciones-vicencianas\/"},"img":{"alt_text":"navyl","src":"https:\/\/i0.wp.com\/vicencianos.org\/wp-content\/2014\/01\/navyl-300x300.jpg?resize=350%2C200","width":350,"height":200},"classes":[]},{"id":137106,"url":"http:\/\/vincentians.com\/es\/estatutos-de-misevi-en-colombia-2\/","url_meta":{"origin":132875,"position":4},"title":"Estatutos de Fundaci\u00f3n Vicentina Luisa de Marillac en Colombia","author":"Francisco Javier Fern\u00e1ndez Chento","date":"31\/01\/2015","format":false,"excerpt":"Introducci\u00f3n hist\u00f3rica La historia providencial de la Fundaci\u00f3n Vicentina Luisa de Marillac se inicia en la cuna del carisma vicentino, Francia, con la afiliaci\u00f3n de la conocida en ese momento como \u201cobra de la venerable Luisa de Marillac\u201d a la familia de las Damas de la Caridad. Este hecho fundacional\u2026","rel":"","context":"En \u00abDocumentos de otras Ramas e Instituciones vicencianas\u00bb","block_context":{"text":"Documentos de otras Ramas e Instituciones vicencianas","link":"http:\/\/vincentians.com\/es\/category\/formacion-vicenciana\/documentos-oficiales-de-la-familia-vicenciana\/documentos-de-otras-ramas-e-instituciones-vicencianas\/"},"img":{"alt_text":"fvlm","src":"https:\/\/i0.wp.com\/vicencianos.org\/wp-content\/2014\/12\/fvlm-300x300.jpg?resize=350%2C200","width":350,"height":200},"classes":[]},{"id":127199,"url":"http:\/\/vincentians.com\/es\/misioneros-vicencianos-con-dios-entre-los-mas-pobres\/","url_meta":{"origin":132875,"position":5},"title":"Misioneros Vicencianos: con Dios entre los m\u00e1s pobres","author":"Francisco Javier Fern\u00e1ndez Chento","date":"15\/01\/2024","format":false,"excerpt":"Bajo la denominaci\u00f3n de Misioneros Vicencianos se hace referencia en este art\u00edculo al carisma misionero de los Padres Pa\u00fales, Hijas de la Caridad y Misioneros Seglares Vicencianos. Una galer\u00eda de hombres y mujeres de talla excepcional que se encuentran all\u00ed donde m\u00e1s se les necesita \u2013entre los perseguidos, hu\u00e9rfanos, hambrientos,\u2026","rel":"","context":"En \u00abMisiones \u00abAd gentes\u00bb\u00bb","block_context":{"text":"Misiones \u00abAd gentes\u00bb","link":"http:\/\/vincentians.com\/es\/category\/servicios-y-ministerios\/misiones-ad-gentes\/"},"img":{"alt_text":"","src":"https:\/\/i0.wp.com\/vincentians.com\/es\/wp-content\/uploads\/sites\/11\/2016\/09\/enviados-evangelizar-pobres.jpg?fit=1200%2C630&resize=350%2C200","width":350,"height":200,"srcset":"https:\/\/i0.wp.com\/vincentians.com\/es\/wp-content\/uploads\/sites\/11\/2016\/09\/enviados-evangelizar-pobres.jpg?fit=1200%2C630&resize=350%2C200 1x, https:\/\/i0.wp.com\/vincentians.com\/es\/wp-content\/uploads\/sites\/11\/2016\/09\/enviados-evangelizar-pobres.jpg?fit=1200%2C630&resize=525%2C300 1.5x, https:\/\/i0.wp.com\/vincentians.com\/es\/wp-content\/uploads\/sites\/11\/2016\/09\/enviados-evangelizar-pobres.jpg?fit=1200%2C630&resize=700%2C400 2x, https:\/\/i0.wp.com\/vincentians.com\/es\/wp-content\/uploads\/sites\/11\/2016\/09\/enviados-evangelizar-pobres.jpg?fit=1200%2C630&resize=1050%2C600 3x"},"classes":[]}],"_links":{"self":[{"href":"http:\/\/vincentians.com\/es\/wp-json\/wp\/v2\/posts\/132875","targetHints":{"allow":["GET"]}}],"collection":[{"href":"http:\/\/vincentians.com\/es\/wp-json\/wp\/v2\/posts"}],"about":[{"href":"http:\/\/vincentians.com\/es\/wp-json\/wp\/v2\/types\/post"}],"author":[{"embeddable":true,"href":"http:\/\/vincentians.com\/es\/wp-json\/wp\/v2\/users\/4"}],"replies":[{"embeddable":true,"href":"http:\/\/vincentians.com\/es\/wp-json\/wp\/v2\/comments?post=132875"}],"version-history":[{"count":0,"href":"http:\/\/vincentians.com\/es\/wp-json\/wp\/v2\/posts\/132875\/revisions"}],"wp:featuredmedia":[{"embeddable":true,"href":"http:\/\/vincentians.com\/es\/wp-json\/"}],"wp:attachment":[{"href":"http:\/\/vincentians.com\/es\/wp-json\/wp\/v2\/media?parent=132875"}],"wp:term":[{"taxonomy":"category","embeddable":true,"href":"http:\/\/vincentians.com\/es\/wp-json\/wp\/v2\/categories?post=132875"},{"taxonomy":"post_tag","embeddable":true,"href":"http:\/\/vincentians.com\/es\/wp-json\/wp\/v2\/tags?post=132875"}],"curies":[{"name":"wp","href":"https:\/\/api.w.org\/{rel}","templated":true}]}}