{"id":132580,"date":"2014-12-10T17:42:36","date_gmt":"2014-12-10T16:42:36","guid":{"rendered":"http:\/\/somos.vicencianos.org\/?p=132580"},"modified":"2014-12-10T17:42:36","modified_gmt":"2014-12-10T16:42:36","slug":"estatutos-del-voluntariado-juvenil-vicentino-voljuvi","status":"publish","type":"post","link":"http:\/\/vincentians.com\/es\/estatutos-del-voluntariado-juvenil-vicentino-voljuvi\/","title":{"rendered":"Estatutos del Voluntariado Juvenil Vicentino \u00abVOLJUVI\u00bb"},"content":{"rendered":"<h2><strong>Pre\u00e1mbulo<\/strong><\/h2>\n<p><a href=\"https:\/\/i0.wp.com\/vicencianos.org\/wp-content\/2014\/12\/voluntariado_juvenil_vicentino.jpg\"><img data-recalc-dims=\"1\" loading=\"lazy\" decoding=\"async\" class=\"alignright size-medium wp-image-132581\" src=\"https:\/\/i0.wp.com\/vicencianos.org\/wp-content\/2014\/12\/voluntariado_juvenil_vicentino-300x300.jpg?resize=300%2C300\" alt=\"voluntariado_juvenil_vicentino\" width=\"300\" height=\"300\" \/><\/a>El Voluntariado Juvenil Vicentino tuvo su origen en Par\u00eds el 29 de noviembre de 1909. Naci\u00f3 con el nombre de \u00abObra de Luisas de Marillac\u00bb, y como parte de la Cofrad\u00eda de las Damas de la Caridad, hoy Asociaci\u00f3n Internacional de Caridades (A.I.C.). De esto hay constancia en un acta en la parroquia de San Nicol\u00e1s de Chardonet, firmada por Monse\u00f1or Annette, Arzobispo de Paris.<\/p>\n<p>En Colombia fue organizado el movimiento el 2 de enero de 1933 3n Cali, desde donde se propag\u00f3 al resto del Pa\u00eds. En 1971 tomo el nombre de Voluntariado Juvenil Vicentino \u00abVOLJUVI\u00bb dejando de ser solo femenino.<\/p>\n<p>Hace parte de la familia vicentina. Sigue las orientaciones de la Iglesia Cat\u00f3lica, es ajeno a toda actividad de car\u00e1cter partidista. Acata la constituci\u00f3n y las leyes de la Republica y promueve obras sociales de caridad y Evangelizaci\u00f3n, desarrollo humano y servicio a la comunidad.<\/p>\n<p>Queridos hermanos:<\/p>\n<blockquote><p><strong>Voluntariado Juvenil Vicentino \u00a1se lo que eres\u00a1 No te conformes con la mediocridad. Transf\u00f3rmate en fuego. Camina apasionado en seguimiento de Jesucristo evangelizador de los pobres, a ejemplo de San Vicente. Aviva el carisma, don que el Esp\u00edritu te ha confiado. Trabaja y extiende incansablemente las fronteras de la misi\u00f3n. \u00a1Vive como testigo convencido y contagia la vitalidad de tu vocaci\u00f3n\u00a1<\/strong><\/p><\/blockquote>\n<p>Con este preg\u00f3n, que la Comunidad proclamo para si misma durante la \u00faltima Asamblea General, les comunico la aprobaci\u00f3n oficial de los Estatutos recientemente revisados, en mi calidad de Visitador Provincial de la Congregaci\u00f3n de la Misi\u00f3n \u2013 padres vicentinos, de Colombia y por lo mismo, en representaci\u00f3n del Superior General, sucesor de San Vicente de Pa\u00fal. Lo hago despu\u00e9s de haber consultado a los asesores de nuestros movimientos laicales vicentinos y a mis consejeros provinciales.<\/p>\n<p>Los Estatu\u00edos son el entramado jur\u00eddico de una instituci\u00f3n, pero su verdadero encanto radica en el hecho de que contienen la vocaci\u00f3n y el esp\u00edritu de la misma, recogen el carisma familiar y el especifico, pretenden mantenerlo vivo y siempre actual.<\/p>\n<p>Los actuales recogen la historia del VOLJUVI de los \u00faltimos 36 a\u00f1os, pero se remontan a sus or\u00edgenes en Francia, a comienzos del siglo pasado, y dejan ver su camino por Colombia desde la primera mitad del siglo XX.<\/p>\n<p>Recientemente, los Estatutos han sido revisados a la luz de la vida; ha llegado la hora de que la vida sea revisada a la luz de los Estatutos. Los invito a empe\u00f1arse en esta tarea iluminados por lo que afirmo San Vicente de Pa\u00fal: \u00abSi ustedes los guardan, ellos los guardaran\u00bb.<\/p>\n<p>El Se\u00f1or bendiga los esfuerzos por conservar de esta manera su patrimonio espiritual y apost\u00f3lico; nuestra Se\u00f1ora de la Medalla Milagrosa los cubra a todos con su protecci\u00f3n; San Vicente de Pa\u00fal interceda para que en una din\u00e1mica personal y comunitaria de discipulado de Jes\u00fas, sigan siendo esperanza de los pobres de hoy.<\/p>\n<p>Cordialmente.<\/p>\n<p>Gabriel Naranjo Salazar, C.M.<br \/>\nVisitador Provincial<\/p>\n<h2><strong>Cap\u00edtulo I: Nombre, domicilio, finalidad, insignias y duraci\u00f3n<\/strong><\/h2>\n<p><strong>Art\u00edculo 1\u00ba.- Nombre.- <\/strong>El VOLUNTARIADO JUVENIL VICENTINO es una fundaci\u00f3n cristiana cat\u00f3lica de laicos, con personer\u00eda de derecho p\u00fablico eclesi\u00e1stico, sin \u00e1nimo de lucro y proyecci\u00f3n social.<\/p>\n<p><strong>Par\u00e1grafo.- <\/strong>El movimiento denominado Voluntariado Juvenil Vicentino de Colombia podr\u00e1 usar la sigla \u00abVOLJUVI\u00bb<\/p>\n<p><strong>Art\u00edculo 2\u00ba.Domicilio.-<\/strong> VOLJUVI, de nacionalidad colombiana, tiene su domicilio principal en la ciudad de Bogot\u00e1 en la Casa Provincial de los Misioneros Vicentinos en la Carrera 30\u00aa No. 23\u00aa81. Barrio Gran Am\u00e9rica. Cuenta adem\u00e1s, con dos sedes provinciales: Una en la ciudad de Cali, casa de las Hijas de la Caridad en la avenida Roosevelt No. 29-71; y otra en la ciudad de Bogota, Casa de las Hijas de la Caridad en la Calle 22C No. 26-35 Barrio Samper Mendoza; y podr\u00e1 establecer sedes regionales o locales en otras ciudades del territorio nacional o del exterior, cuando as\u00ed lo determine la Junta Directiva.<\/p>\n<p><strong>Articulo 3\u00ba.- Objetivo.- <\/strong>VOLJUVI tiene por finalidad conformar comunidades de J\u00f3venes con el fin de desarrollar planes, programas, proyectos y actividades de voluntariado y de inter\u00e9s general inspirados en el evangelio y en la Doctrina Social de la Iglesia y fundamentados en el carisma, la espiritualidad y las ense\u00f1anzas de san Vicente de pa\u00fal y Santa Luisa de Marillac, con miras al servicio de los pobres buscando la transformaci\u00f3n social.<\/p>\n<p><strong>Art\u00edculo 4\u00ba.- Principios.-<\/strong> VOLJUVI se regir\u00e1 por los siguientes principios:<\/p>\n<ol>\n<li>La libertad como principio de acci\u00f3n tanto de los voluntarios como de los destinatarios quienes actuar\u00e1n con esp\u00edritu de unidad y cooperaci\u00f3n;<\/li>\n<li>La solidaridad como principio del bien com\u00fan que inspira acciones a favor de personas y grupos, atendiendo el inter\u00e9s general y no exclusivamente el de los j\u00f3venes Voluntarios miembros de VOLJUVI;<\/li>\n<li>El compromiso social que orienta una acci\u00f3n estable y rigurosa, buscando la eficacia de sus actuaciones como contribuci\u00f3n a los fines de VOLJUVI;<\/li>\n<li>El respeto a las convicciones y creencias de las personas;<\/li>\n<li>En general todos aquellos principios inspiradores de la Doctrina Social de la Iglesia.<\/li>\n<\/ol>\n<p><strong>Art\u00edculo 5\u00ba.- Fines.- <\/strong>VOLJUVI tendr\u00e1 como fines espec\u00edficos:<\/p>\n<ol>\n<li>Propiciar una experiencia profunda de fe<\/li>\n<li>Impulsar procesos formativos de car\u00e1cter psicol\u00f3gico, humano y religioso en los j\u00f3venes y en las comunidades<\/li>\n<li>Fortalecer la conformaci\u00f3n y vivencia de comunidades voljuvistas al estilo de Jes\u00fas<\/li>\n<li>Fomentar obras de promoci\u00f3n y asistencia a los m\u00e1s pobres y necesitados<\/li>\n<li>Promover los valores de solidaridad, amistad y alegr\u00eda como un aporte a la justicia y a la paz, para articular y fortalecer el tejido social.<\/li>\n<li>Impulsar el esp\u00edritu misionero mediante el conocimiento y el compromiso con al realidad.<\/li>\n<li>Incrementar el sentido de pertenencia a la Familia Vicentina, uniendo fuerzas en la realizaci\u00f3n del carisma.<\/li>\n<li>Testimoniar y promover a otros j\u00f3venes en el esp\u00edritu voljuvista.<\/li>\n<li>Contribuir al desarrollo integral de las personas y de las comunidades, con fundamento en el reconocimiento de la dignidad de la persona humana y la realizaci\u00f3n de los valores esenciales de la vida, la libertad, la solidaridad la justicia y l a paz.<\/li>\n<\/ol>\n<p><strong>Par\u00e1grafo.- <\/strong>En desarrollo de tales fines, VOLJUVI, podr\u00e1 adquirir, vender, construir, reformar, administrar, arrendar muebles e inmuebles, con el fin de generar rendimientos y remanentes con destino al funcionamiento y desarrollo de los programas de la Familia Vicentina a favor de los pobres.<\/p>\n<p>Igualmente, podr\u00e1 realizar operaciones fiduciarias e inmobiliarias, contratos de mutuo, comodato, cuenta corriente y\/o de ahorro con Bancos, corporaciones financieras o de ahorro y vivienda y dem\u00e1s actos y contratos atinentes al cumplimiento de los fines de la fundaci\u00f3n y de que manera directa o indirecta se relacione con estos.<\/p>\n<p>VOLJUVI podr\u00e1 celebrar convenio con otras entidades p\u00fablicas o privadas sobre asuntos relacionados con los fines sociales que lo inspiran.<\/p>\n<p><strong>Articulo 6\u00ba.- Insignias.- <\/strong>Las insignias de VOLJUVI son el himno que describe el ser y que hacer del voljuvista y la bandera de color gris plateado con un sol en el centro, dentro del cual se encuentran las letras iniciales del nombre de forma cruzada en color verde para la primera letra \u00abV\u00bb, rojo para la letra \u00abJ\u00bb y azul para la segunda letra \u00abV\u00bb.<\/p>\n<p><strong>Art\u00edculo 7\u00ba.- Duraci\u00f3n.- <\/strong>VOLJUVI tendr\u00e1 una duraci\u00f3n indefinida. No obstante podr\u00e1 extinguirse en cualquier momento de acuerdo con lo previsto en estos estatutos y en la ley eclesi\u00e1stica que la rige.<\/p>\n<h2><strong>Cap\u00edtulo II: Patrimonio<br \/>\n<\/strong><\/h2>\n<p><strong>Art\u00edculo 8\u00ba.- Conformaci\u00f3n.- <\/strong>El patrimonio de VOLJUVI estar\u00e1 constituido por los bienes muebles e inmuebles que en la actualidad posee, como aquellos que han sido entregados por instituciones privadas o gubernamentales, mediante contrato de comodatos; y por los dem\u00e1s bienes que a cualquier titulo adquiera.<\/p>\n<p>Conformar\u00e1n tambi\u00e9n el patrimonio de VOLJUVI, las donaciones entre vivos y legados y disposiciones testamentarias que hagan otras personas para continuar los fines de VOLJUVI. Del mismo modo, los aportes o donaciones de personas naturales yv organismos nacionales o internacionales que se identifiquen con los nobles fines y objetivos de VOLJUVI.<\/p>\n<p><strong>Art\u00edculo 9\u00ba.- Destino del patrimonio.- <\/strong>El patrimonio, rendimientos y remanentes de VOLJUVI no podr\u00e1 destinarse a fin distinto del expresado en sus objetivos y fines (arts. 3\u00ba y 5\u00ba).<\/p>\n<p><strong>Par\u00e1grafo.- <\/strong>La administraci\u00f3n y disposici\u00f3n de los bienes y dineros de VOLJUVI se har\u00e1 de acuerdo con las normas que al respecto se establecen en estos estatutos y en las leyes eclesi\u00e1sticas y civiles que la rigen.<\/p>\n<h2><strong>Cap\u00edtulo III: De sus miembros<br \/>\n<\/strong><\/h2>\n<p><strong>Articulo 10.- Miembros.- <\/strong>Son miembros de VOLJUVI, todos los ni\u00f1os y j\u00f3venes de ambos sexos que libre y responsablemente deseen integrarse a \u00e9l, sin recibir remuneraci\u00f3n de car\u00e1cter laboral, ofreciendo tiempo, trabajo y talento para la construcci\u00f3n del bien com\u00fan de acuerdo con los objetivos y fines de VOLJUVI, haciendo parte en una de las siguientes categor\u00edas de voluntariado: infantiles, prejuveniles y juveniles.<\/p>\n<p><strong>Par\u00e1grafo.- <\/strong>El n\u00famero de los miembros de VOLJUVI es ilimitado.<\/p>\n<p><strong>Articulo 11.- Condiciones.- <\/strong>Las condiciones generales de ingreso y permanencia en VOLJUVI son:<\/p>\n<ol>\n<li>Pueden ser miembros de VOLJUVI los j\u00f3venes de cualquier condici\u00f3n que est\u00e9n dispuestos a comprometerse con Jesucristo en la Iglesia Cat\u00f3lica para el servicio de los pobres y que quieran adherirse a la finalidad, los principios, el carisma y los valores del mismo, de acuerdo a lo establecido en estos Estatutos y en las reglamentaciones complementarias.<\/li>\n<li>Los miembros ingresan voluntariamente y con intenci\u00f3n de gratitud en el servicio; en el caso de menores de edad lo hacen con la autorizaci\u00f3n de sus representantes legales.<\/li>\n<li>El Ingreso y registro no implica responsabilidad de car\u00e1cter econ\u00f3mico alguno de VOLJUVI respecto de da\u00f1os perjuicios en la persona de los miembros.<\/li>\n<li>El ingreso y registro en VOLJUVI implica el conocimiento y la aceptaci\u00f3n de los Estatutos, los Reglamentos y las obligaciones resultantes.<\/li>\n<li>VOLJUVI en sus respectivas comunidades locales en consulta con sus asesores, realizara el debido an\u00e1lisis y se reservar\u00e1 el derecho de admisi\u00f3n de sus miembros.<\/li>\n<li>La pertenencia al Voluntariado se acredita mediante la presentaci\u00f3n de la credencial o carn\u00e9 vigente expedida las juntas coordinadoras locales.<\/li>\n<\/ol>\n<p><strong>Articulo 12.- Forma de Vinculaci\u00f3n.- <\/strong>La vinculaci\u00f3n de los miembros de VOLJUVI se inicia con una inducci\u00f3n, seguida de un proceso formativo que lleva gradual y pedag\u00f3gicamente al joven a comprometerse con Jesucristo para el servicio de los pobres, mediant5e la promesa, que se ratifica con la consagraci\u00f3n.<\/p>\n<p>Por<strong> Inducci\u00f3n <\/strong> se entiende el periodo inicial de conocimiento,. Mediante la vivencia del acercamiento a la realidad del pobre.<\/p>\n<p><strong>La promesa <\/strong>es la opci\u00f3n de vinculaci\u00f3n a la comunidad juvenil dentro de un proceso formativo experiencial desde el conocimiento de los estatutos, la vivencia del carisma y espiritualidad vicentina de VOLJUVI, fundamentados en la Palabra de Dios y la Doctrina Social de la Iglesia.<\/p>\n<p><strong>La consagraci\u00f3n <\/strong> es el momento de ratificar la opci\u00f3n por Jesucristo, en el servicio de los pobres.<\/p>\n<p>Este proceso ser\u00e1 acompa\u00f1ado por la comunidad juvenil, el animador y el asesor, quienes en clima de formaci\u00f3n, oraci\u00f3n y discernimiento, ayudar\u00e1 al joven en la toma de su decisi\u00f3n de integrar al VOLJUVI, hacer la promesa y consagrarse.<\/p>\n<p><strong>Art\u00edculo 13.- P\u00e9rdida de la calidad.-<\/strong> la calidad de miembro de VOLJUVI se pierde por:<\/p>\n<ol>\n<li>renuncia presentada a la Junta Local, Provincial y Nacional, seg\u00fan el grado de pertenencia.<\/li>\n<li>haber dejado de reunir las condiciones estatutarias o reglamentarias.<\/li>\n<li>inactividad durante un periodo superior a seis meses, sin justificaci\u00f3n v\u00e1lida.<\/li>\n<li>expulsi\u00f3n, de acuerdo con lo establecido en los Estatutos y los reglamentos.<\/li>\n<li>En caso de disoluci\u00f3n y que el miembro no se haya vinculado o conformado a otra comunidad juvenil voljuvista.<\/li>\n<\/ol>\n<p><strong>Art\u00edculo 14.- Derechos y Obligaciones.-<\/strong> El voljuvista tiene os siguientes derechos y obligaciones:<\/p>\n<ol>\n<li>1) Recibir los servicios ofrecidos exclusivamente a los miembros de VOLJUVI: proceso formativo, participaci\u00f3n en actividades y eventos, formaci\u00f3n de animadores y coordinadores y cualquier otro beneficio que VOLJUVI otorgue conforme a sus Estatutos y Reglamentos.<\/li>\n<li>2) Llevar los distintivos del grupo con dignidad<\/li>\n<li>3) Conocer los Estatutos de VOLJUVI<\/li>\n<li>4) Ser respetados en sus propias ideas, criterios e inquietudes, siempre y cuando no afecten los principios y objetivos de VOLJUVI.<\/li>\n<li>5) Presentar proyectos y propuestas a las Juntas Coordinadoras Locales, Provinciales y a la Junta Nacional.<\/li>\n<li>6) Elegir y ser elegido o designado para desempe\u00f1ar los cargos y funciones, de conformidad con las normas establecidas en estos Estatutos y Reglamentos.<\/li>\n<li>7) representar a VOLJUVI a nivel local, regional y nacional, y cuando la comunidad juvenil as\u00ed lo requiera, ejerciendo el derecho a voto en conformidad con los Estatutos<\/li>\n<li>8) Participar en la elaboraci\u00f3n, ejecuci\u00f3n y evaluaci\u00f3n de las actividades programadas a a nivel local, regional y nacional<\/li>\n<li>9) Respetar y cumplir los Estatutos y reglamentos, los acuerdos y decisiones de las comunidades juveniles en todos los niveles.<\/li>\n<li>10) Vivir el carisma, la espiritualidad vicentina del servicio al pobre, como el estilo de vida propio del voljuvista.<\/li>\n<li>11) Contribuir al sostenimiento y financiaci\u00f3n del voluntariado a nivel local, regional provincial y nacional.<\/li>\n<li>12) Manifestar con acciones completas el sentido de pertenencia a VOLJUVI.<\/li>\n<li>13) Ser coherente en su vida personal, familiar y social seg\u00fan el evangelio de Jesucristo y el carisma vicentino.<\/li>\n<li>14) Fortalecer el sentido de pertenencia, la comunicaci\u00f3n vinculaci\u00f3n y servicio con las parroquias y jurisdicciones Eclesi\u00e1sticas y la Junta Coordinadora Vicentina, JUCOVI<\/li>\n<li>15) Participar en reuniones ordinarias y extraordinarias a las que convoque las diferentes juntas locales, provinciales y nacionales.<\/li>\n<li>16) Desempe\u00f1ar los servicios para los cuales sean elegidos o designados y, habiendo aceptado asumir aquellas tareas propias de acuerdo a los Estatutos y al Reglamento.<\/li>\n<li>17) participar de los procesos formativos propuestos por la Junta Provincial y Nacional.<\/li>\n<\/ol>\n<p><strong>Articulo 15.- Sanciones.- <\/strong>Las amonestaciones y sanciones estar\u00e1n contempladas en el Reglamento interno de VOLJUVI teniendo en cuenta:<\/p>\n<ol>\n<li>Dialogo y correcci\u00f3n fraterna, individual y comunitaria seg\u00fan el caso lo amerite.<\/li>\n<li>Retiro de algunas funciones dentro de la comunidad o de algunas actividades<\/li>\n<li>Retiro parcial o definitivo del Voluntariado seg\u00fan el Reglamento<\/li>\n<li>Entrega del Carne que lo acredita como perteneciente al Voluntariado.<\/li>\n<\/ol>\n<h2><strong>Cap\u00edtulo<\/strong> IV: Direcci\u00f3n y administraci\u00f3n<\/h2>\n<p><strong>Articulo 16.- organizaci\u00f3n.- <\/strong> VOLJUVI est\u00e1 organizado en Colombia a nivel local, regional, provincial y nacional, en juntas coordinadoras.<\/p>\n<p><strong>DE LA JUNTA COORDINADORA LOCAL. <\/strong><\/p>\n<p><strong>Articulo 17.- Conformaci\u00f3n.-<\/strong> A nivel local, VOLJUVI se encuentra conformado por j\u00f3venes de una misma localidad que se vinculan a la Junta Provincial, mediante una inscripci\u00f3n, eligen un ajunta Coordinadora Local conformada por coordinador, secretario, tesorero y fiscal. Su duraci\u00f3n y remoci\u00f3n estar\u00e1n contemplado en el reglamento.<\/p>\n<p><strong>Articulo 18.- Funciones.- <\/strong> Las funciones de la Junta Coordinadora Local son:<\/p>\n<ol>\n<li>Dise\u00f1ar un reglamento interno en conformidad con los Estatutos y presentarlo a la Junta Coordinadora Regional.<\/li>\n<li>propiciar la realizaci\u00f3n de proyectos formativos, de proyecci\u00f3n social y financieros<\/li>\n<li>Aprobar la admisi\u00f3n de nuevos miembros.<\/li>\n<li>Propiciar la adhesi\u00f3n de nuevos miembros y conformaci\u00f3n de nuevas comunidades.<\/li>\n<li>Presidir la asamblea Local.<\/li>\n<li>Participar de las Asambleas Regionales y Nacionales<\/li>\n<li>Mantener las comunicaciones a todo nivel.<\/li>\n<\/ol>\n<p><strong>DE LA JUNTA COORDINADORA REGIONAL<\/strong><\/p>\n<p><strong>Articulo 19.- <\/strong>A nivel regional, esta constituido por las comunidades juveniles equidistantes geogr\u00e1ficamente para realizar actividades en com\u00fan, de acuerdo a los objetivos de VOLJUVI y en coordinaci\u00f3n con la respectiva Junta Coordinadora Provincial.<\/p>\n<p><strong>Articulo 20.- Conformaci\u00f3n.-<\/strong> La Junta Coordinadora Regional est\u00e1 conformada por los coordinadores o delegados de las comunidades locales quienes eligen una Junta Coordinadora Regional, conformado por un Coordinador, una asistente y un secretario y el asesor regional. Su duraci\u00f3n y remoci\u00f3n est\u00e1 determinada por la permanencia de la Junta Coordinadora Provincial<\/p>\n<p><strong>Art\u00edculo 21.-funciones.-<\/strong> Son funciones de la Junta coordinadora Regional:<\/p>\n<ol>\n<li>Dise\u00f1ar un reglamento interno en conformidad con los estatutos y presentarlo a la Junta Coordinadora Provincial.<\/li>\n<li>Proponer la realizaci\u00f3n de proyectos formativos de proyecci\u00f3n social y financieros a la Junta Coordinadora Provincial<\/li>\n<li>Propiciar la adhesi\u00f3n de nuevos miembros y conformaci\u00f3n de nuevas comunidades.<\/li>\n<li>Presidir la Asamblea Regional.<\/li>\n<li>Participar de las Asambleas Nacionales<\/li>\n<li>Mantener las comunicaciones a todo nivel<\/li>\n<\/ol>\n<p><strong>DE LA JUNTA COORDINADORA PROVINCIAL<\/strong><\/p>\n<p><strong>Articulo 22.- Provincias.-<\/strong> Existen dos Provincias: Bogot\u00e1 que cubre toda la regi\u00f3n oriental del pa\u00eds y Cali, que se extiende en toda la regional occidental, divididas por el r\u00edo Magdalena. A cada una de ellas corresponde una Junta Coordinadora Provincial.<\/p>\n<p><strong>Articulo 23.- Conformaci\u00f3n.-<\/strong> La Junta Coordinadora provincial esta conformada por un Coordinador Provincial y un Equipo de trabajo elegido en la Asamblea Provincial por un periodo de tres a\u00f1os. Cada una de las Juntas Provinciales tienen una Asesora que es nombrada por la Visitadora de las Hijas de la Caridad.<\/p>\n<p><strong>Articulo 24.- funciones.- <\/strong> Son funciones de la Junta Coordinadora Provincial.<\/p>\n<ol>\n<li>Dise\u00f1ar el proyecto provincial de gobierno para los tres a\u00f1os en conformidad con los Estatutos y con la orientaci\u00f3n y acompa\u00f1amiento de sus asesores<\/li>\n<li>Programar la realizaci\u00f3n de propuestas formativas, de proyecci\u00f3n social y financieras<\/li>\n<li>Propiciar la adhesi\u00f3n de nuevos miembros y conformaci\u00f3n de nuevas comunidades<\/li>\n<li>Presidir la Asamblea Provincial<\/li>\n<li>Formar parte de la Junta Coordinadora Nacional<\/li>\n<li>Participar en la Junta Coordinadora Nacional : JUCOVI<\/li>\n<li>Mantener las comunicaciones a todo nivel<\/li>\n<\/ol>\n<p><strong>Articulo 25.- Coordinadores Provinciales.-<\/strong> El representante legal de VOLJUVI es el Coordinador de cada una de las provincias, quienes son elegidas por la Asambleas Provinciales, hacen parte de la Junta coordinadora Nacional y su periodo es de tres a\u00f1os.<\/p>\n<p>En caso de ausencia temporal o definitiva lo remplazara en sus funciones, con las mismas limitaciones, quien para ese efecto sea designado por la Junta Coordinadora Nacional. En el desempe\u00f1o de sus funciones, el coordinador provincial estar\u00e1 sujeto a los presentes Estatutos y a las decisiones dela Junta Coordinadora Nacional<\/p>\n<p><strong>Articulo 26.- Funciones de los Coordinadores Provinciales.-<\/strong> Son funciones de los representantes legales de cada una de la Provincias, las siguientes:<\/p>\n<ol>\n<li>Velar por el cumplimiento de los Estatutos, reglamentos determinaciones e instrucciones de las Juntas Coordinadoras Provinciales y orientaciones del Superior General de la Congregaci\u00f3n de la Misi\u00f3n- Padres Vicentinos<\/li>\n<li>Realizar los contratos que fuesen necesarios para el desarrollo de su objeto y fines, conforme a lo dispuesto en estos Estatutos, sin embargo, para todo acto o contrato cuya cuant\u00eda sea superior a cinco (5) salarios m\u00ednimos legales mensuales requerir\u00e1 de previa autorizaci\u00f3n de la Junta coordinadora Provincial<\/li>\n<li>Representar judicial y extrajudicialmente a VOLJUVI en su respectiva provincia, ante toda clase de personas, instituciones y autoridades.<\/li>\n<li>constituir apoderados judiciales para las defensas de los interese de VOLJUVI<\/li>\n<li>Presentar los informes que le soliciten las respectivas juntas coordinadoras provinciales o la Junta coordinadora Nacional<\/li>\n<li>Someter a su respectiva Juta coordinadora Provincial los planes o programas de VOLJUVI<\/li>\n<li>Representar al VOLJUVI provincial en la Junta Coordinadora Vicentina de Colombia (JUCOVI)<\/li>\n<li>Las dem\u00e1s que correspondan a la naturaleza de su cargo y las que le sean asignadas por la Junta coordinadora Nacional<\/li>\n<\/ol>\n<p><strong>DE LA JUNTA COORDINADORA NACIONAL<\/strong><\/p>\n<p><strong>Articulo 27.- Conformaci\u00f3n.-<\/strong> La Junta coordinadora Nacional la conforman los dos Coordinadores Provinciales y uno o dos coordinadores regionales por cada provincia, la asesora de cada provincia y el asesor nacional<\/p>\n<p><strong>Articulo 28.- Funciones.- <\/strong> Son funciones de la Junta coordinadora Nacional :<\/p>\n<ol>\n<li>Organizar sesiones ordinarias dos veces al a\u00f1o<\/li>\n<li>Dise\u00f1ar estrategias de convocatoria para fundar nuevas comunidades Voljuvistas<\/li>\n<li>Mantener las comunicaciones a todo nivel<\/li>\n<li>Velar por el cumplimiento de los Estatutos Propender por la comuni\u00f3n nacional del VOLJUVI en la vivencia del carisma Vicentino<\/li>\n<li>Propender por la comuni\u00f3n nacional del VOLJUVI en la vivencia del carisma Vicentino<\/li>\n<li>Extender el movimiento Voljuvista a otros pa\u00edses, con el apoyo de la Compa\u00f1\u00eda de las Hijas de la caridad y de la Congregaci\u00f3n de la misi\u00f3n<\/li>\n<\/ol>\n<p><strong>Articulo 29.- Sujeci\u00f3n.-<\/strong> VOLJUVI como miembro de la Familia Vicentina sigue las orientaciones del superior General de la congregaci\u00f3n de la Misi\u00f3n- Padres Vicentinos a trav\u00e9s de un asesor nacional quien es nombrado por el Visitador Provincial<\/p>\n<p><strong>Articulo 30.- Reuniones.-<\/strong> La Junta Coordinadora Nacional de reunir\u00e1 ordinariamente, dos veces al a\u00f1o, con car\u00e1cter formativo, estatutario, y electivo.<\/p>\n<p><strong>DE LAS JUNTAS COORDINADORAS<\/strong><\/p>\n<p><strong>Articulo 31.- Qu\u00f3rum.-<\/strong> El qu\u00f3rum para las reuniones ordinarias o extraordinarias de las Juntas coordinadoras lo har\u00e1 la concurrencia de un n\u00famero de personas que representen la mayor\u00eda absoluta de sus integrantes<\/p>\n<p><strong>Articulo 32.- Decisiones.-<\/strong> Las determinaciones de las Juntas Coordinadoras se tomar\u00e1n por la mayor\u00eda absoluta de votos presentes y cuando exista el qu\u00f3rum.<\/p>\n<p><strong>Articulo 33.- Libro de Actas.-<\/strong> De las reuniones, resoluciones, deliberaciones y en general los actos de las Juntas Coordinadoras de VOLJUVI se dejar\u00e1 constancia escrita en un libro de actas y cada una de las Actas ser\u00e1 firmada por el Coordinador, el Secretario, y el Asesor de las respectivas Juntas Coordinadoras<\/p>\n<h2><strong>Cap\u00edtulo V: Reforma de Estatutos<br \/>\n<\/strong><\/h2>\n<p><strong>Articulo 34.- Reforma de los Estatutos.-<\/strong> Cuando a juicio de la Junta coordinadora Nacional sea necesario reformar total o parcialmente estos Estatutos, corresponde a la misma, estudiar y presentar el proyecto de reformas o modificaciones a estos Estatutos en la Asamblea Nacional.<\/p>\n<h2><strong>Cap\u00edtulo VI: Disoluci\u00f3n y liquidaci\u00f3n<br \/>\n<\/strong><\/h2>\n<p><strong>Articulo 35.- Disoluci\u00f3n.-<\/strong> VOLJUVI se disolver\u00e1 por las causales que la ley civil establece<\/p>\n<p>De manera general para esta clase de asociaciones, fundaciones o instituciones de utilidad com\u00fan y en particular, cuando la Junta Coordinadora Nacional decida disolverla.<\/p>\n<p>Igualmente, VOLJUVI se disolver\u00e1 cuando su personer\u00eda jur\u00eddica sea cancelada por autoridad competente.<\/p>\n<p><strong>Art\u00edculo 36.- Liquidador.- <\/strong> Cuando se decreta la disoluci\u00f3n del movimiento, ya sea a nivel local, regional y provincial o nacional la Asamblea Nacional o Provincial, con el qu\u00f3rum previsto en estos estatutos, proceder\u00e1 a nombrar liquidador.<\/p>\n<p><strong>Articulo 37.- Funciones del Liquidador.- <\/strong>Las funciones y facultades del liquidador ser\u00e1n las que la ley asigna al liquidador de universalidades jur\u00eddicas y podr\u00e1, en cuanto sea necesario, vender, ceder, aportar o, de cualquier modo, traspasar a titulo oneroso, a cualquier persona natural o jur\u00eddica, los bienes de VOLJUVI que sean necesarios para pagar los pasivos, deudas y obligaciones de VOLJUVI.<\/p>\n<p><strong>Articulo 38.- Destino de los bienes.-<\/strong> Cuando se disuelva o extinga VIOLJUVI, el destino de sus bienes, derechos patrimoniales y los remanentes, cualquiera que sea la naturaleza y forma de estos bienes, deber\u00e1n ser entregados y transferidos a titulo gratuito a alguno de los Movimientos Laicales Vicentinos.<\/p>\n<h2><strong>Cap\u00edtulo VII: Del revisor fiscal<br \/>\n<\/strong><\/h2>\n<p><strong>Articulo 39.- Revisor Fiscal.- <\/strong>VOLJUVI tendr\u00e1 un revisor fiscal en cada una de las juntas coordinadoras y ser\u00e1 nombrado y removido por su respectiva junta coordinadora para periodos de tres (3) a\u00f1os, pero podr\u00e1 ser reelegido. El Revisor Fiscal podr\u00e1 ser una sociedad de revisor\u00eda fiscal competente, caso en el cual el representante legal de la sociedad designada indicar\u00e1 la persona que desempe\u00f1ara directamente el cargo e informara el n\u00famero de su matricula y de su documento de identidad. El Revisor Fiscal podr\u00e1 tener un suplente nombrado de la misma forma. El Revisor Fiscal y su suplente, si lo hubiere, podr\u00e1n ser removidos por el nominador libremente en cualquier tiempo. Mientras el \u00f3rgano competente no haga un nuevo nombramiento, permanecer\u00e1n en el cargo los inicialmente designados<\/p>\n<p><strong>Art\u00edculo 40.- Funciones del Revisor Fiscal.- <\/strong> tendr\u00e1 las siguientes funciones:<\/p>\n<ol>\n<li>Examinar todas las operaciones, inventarios, libros, comprobantes y estad\u00edsticas de cuentas, ingresos y egresos, y revisar las operaciones pertinentes<\/li>\n<li>Cerciorarse de que las operaciones y transacciones realizadas por VOLJUVI se ajusten a las prescripciones de la ley, los estatutos y las decisiones de la asamblea<\/li>\n<li>Informar oportunamente y por escrito a la Junta Coordinadora Provincial, seg\u00fan sea el caso, sobre el manejo administrativo, econ\u00f3mico y financiero del movimiento, como cualquier irregularidad presentada<\/li>\n<li>Colaborar con las autoridades gubernamentales y darles los informes que por ley le soliciten<\/li>\n<li>Velar para que se lleven debidamente los libros de contabilidad con sus correspondientes soportes, los libros de actas, correspondencia y dem\u00e1s documentos<\/li>\n<li>Efectuar los arqueos que sean necesarios e inspeccionar permanentemente los bienes y valores que conforman el patrimonio de VOLJUVI y recomendar de conservaci\u00f3n y seguridad de los mismos.<\/li>\n<li>Avalar con su firma los balances y dem\u00e1s informes econ\u00f3micos de VOLJUVI, y , en general, los estados financieros de la misma<\/li>\n<li>Asistir a las reuniones de su respectiva junta Coordinadora de VOLJUVI en las que se estudien las cuentas e informes de fin de ejercicio y las dem\u00e1s a las que se invitado.<\/li>\n<li>Las dem\u00e1s funciones que le se\u00f1alen la ley, los estatutos y las que fije su respectiva Junta Coordinadora, compatibles con la naturaleza de sus funciones.<\/li>\n<\/ol>\n<h2><strong>Cap\u00edtulo VIII: Inventarios y balances<br \/>\n<\/strong><\/h2>\n<p><strong>Articulo 41.- <\/strong>El 31 de diciembre de cada a\u00f1o se cortar\u00e1n las cuentas de VOLJUVI y se proceder\u00e1 a hacer un balance y un inventario generales. Si el resultado fuere positivo, la Junta Coordinadora indicar\u00e1 la destinaci\u00f3n que debe darse al super\u00e1vit, que forzosamente debe aplicarse al fortalecimiento y mejora de os bienes y servicios que contribuyen al objetivo de VOLJUVI. Todos estos documentos y determinaciones deber\u00e1n ce\u00f1irse a las prescripciones legales para entidades sin \u00e1nimo de lucro y a las normas de contabilidad establecidas.<\/p>\n<h2><strong>Cap\u00edtulo IX: Disposiciones varias<br \/>\n<\/strong><\/h2>\n<p><strong>Articulo 42.- Personer\u00eda Jur\u00eddica Propia.-<\/strong> Cuando a nivel local o Regional VOLJUVI tenga personer\u00eda Jur\u00eddica propia, el Coordinador Regional ser\u00e1 su representante legal y le corresponde representarla judicial y extrajudicialmente ante toda clase de personas, instituciones<\/p>\n<p>Y autoridades, teniendo en cuenta lo determinado en estos Estatutos para los Coordinadores Provinciales.<\/p>\n<p>Aprobados en Medell\u00edn a los 28 d\u00edas del mes de marzo del 2004.<\/p>\n","protected":false},"excerpt":{"rendered":"<p>Pre\u00e1mbulo El Voluntariado Juvenil Vicentino tuvo su origen en Par\u00eds el 29 de noviembre de 1909. Naci\u00f3 con el nombre de \u00abObra de Luisas de Marillac\u00bb, y como parte de la Cofrad\u00eda de las Damas &#8230; <a href=\"http:\/\/vincentians.com\/es\/estatutos-del-voluntariado-juvenil-vicentino-voljuvi\/\" class=\"more-link\">Read More<\/a><\/p>\n","protected":false},"author":4,"featured_media":132581,"comment_status":"open","ping_status":"open","sticky":false,"template":"","format":"standard","meta":{"jetpack_post_was_ever_published":false,"_jetpack_newsletter_access":"","_jetpack_dont_email_post_to_subs":false,"_jetpack_newsletter_tier_id":0,"_jetpack_memberships_contains_paywalled_content":false,"_jetpack_memberships_contains_paid_content":false,"footnotes":"","jetpack_publicize_message":"","jetpack_publicize_feature_enabled":true,"jetpack_social_post_already_shared":true,"jetpack_social_options":{"image_generator_settings":{"template":"highway","default_image_id":0,"font":"","enabled":false},"version":2}},"categories":[321],"tags":[],"class_list":["post-132580","post","type-post","status-publish","format-standard","has-post-thumbnail","hentry","category-documentos-de-otras-ramas-e-instituciones-vicencianas"],"yoast_head":"<!-- This site is optimized with the Yoast SEO plugin v26.3 - https:\/\/yoast.com\/wordpress\/plugins\/seo\/ -->\n<title>Estatutos del Voluntariado Juvenil Vicentino &quot;VOLJUVI&quot; - Somos Vicencianos<\/title>\n<meta name=\"robots\" content=\"index, follow, max-snippet:-1, max-image-preview:large, max-video-preview:-1\" \/>\n<link rel=\"canonical\" href=\"https:\/\/vincentians.com\/es\/estatutos-del-voluntariado-juvenil-vicentino-voljuvi\/\" \/>\n<meta property=\"og:locale\" content=\"es_ES\" \/>\n<meta property=\"og:type\" content=\"article\" \/>\n<meta property=\"og:title\" content=\"Estatutos del Voluntariado Juvenil Vicentino &quot;VOLJUVI&quot; - Somos Vicencianos\" \/>\n<meta property=\"og:description\" content=\"Pre\u00e1mbulo El Voluntariado Juvenil Vicentino tuvo su origen en Par\u00eds el 29 de noviembre de 1909. Naci\u00f3 con el nombre de \u00abObra de Luisas de Marillac\u00bb, y como parte de la Cofrad\u00eda de las Damas ... Read More\" \/>\n<meta property=\"og:url\" content=\"https:\/\/vincentians.com\/es\/estatutos-del-voluntariado-juvenil-vicentino-voljuvi\/\" \/>\n<meta property=\"og:site_name\" content=\"Somos Vicencianos\" \/>\n<meta property=\"article:publisher\" content=\"https:\/\/www.facebook.com\/WeAreVincentians\/\" \/>\n<meta property=\"article:author\" content=\"https:\/\/www.facebook.com\/JavierChento\" \/>\n<meta property=\"article:published_time\" content=\"2014-12-10T16:42:36+00:00\" \/>\n<meta name=\"author\" content=\"Francisco Javier Fern\u00e1ndez Chento\" \/>\n<meta name=\"twitter:card\" content=\"summary_large_image\" \/>\n<meta name=\"twitter:creator\" content=\"@https:\/\/twitter.com\/javierchento\" \/>\n<meta name=\"twitter:site\" content=\"@WeVincentians\" \/>\n<meta name=\"twitter:label1\" content=\"Escrito por\" \/>\n\t<meta name=\"twitter:data1\" content=\"Francisco Javier Fern\u00e1ndez Chento\" \/>\n\t<meta name=\"twitter:label2\" content=\"Tiempo de lectura\" \/>\n\t<meta name=\"twitter:data2\" content=\"22 minutos\" \/>\n<script type=\"application\/ld+json\" class=\"yoast-schema-graph\">{\"@context\":\"https:\/\/schema.org\",\"@graph\":[{\"@type\":\"Article\",\"@id\":\"https:\/\/vincentians.com\/es\/estatutos-del-voluntariado-juvenil-vicentino-voljuvi\/#article\",\"isPartOf\":{\"@id\":\"https:\/\/vincentians.com\/es\/estatutos-del-voluntariado-juvenil-vicentino-voljuvi\/\"},\"author\":{\"name\":\"Francisco Javier Fern\u00e1ndez Chento\",\"@id\":\"http:\/\/vincentians.com\/es\/#\/schema\/person\/9623ef4d9aa3b2dfb8c061f1499288f2\"},\"headline\":\"Estatutos del Voluntariado Juvenil Vicentino \u00abVOLJUVI\u00bb\",\"datePublished\":\"2014-12-10T16:42:36+00:00\",\"mainEntityOfPage\":{\"@id\":\"https:\/\/vincentians.com\/es\/estatutos-del-voluntariado-juvenil-vicentino-voljuvi\/\"},\"wordCount\":4363,\"commentCount\":0,\"publisher\":{\"@id\":\"http:\/\/vincentians.com\/es\/#organization\"},\"image\":{\"@id\":\"https:\/\/vincentians.com\/es\/estatutos-del-voluntariado-juvenil-vicentino-voljuvi\/#primaryimage\"},\"thumbnailUrl\":\"\",\"articleSection\":[\"Documentos de otras Ramas e Instituciones vicencianas\"],\"inLanguage\":\"es\",\"potentialAction\":[{\"@type\":\"CommentAction\",\"name\":\"Comment\",\"target\":[\"https:\/\/vincentians.com\/es\/estatutos-del-voluntariado-juvenil-vicentino-voljuvi\/#respond\"]}]},{\"@type\":\"WebPage\",\"@id\":\"https:\/\/vincentians.com\/es\/estatutos-del-voluntariado-juvenil-vicentino-voljuvi\/\",\"url\":\"https:\/\/vincentians.com\/es\/estatutos-del-voluntariado-juvenil-vicentino-voljuvi\/\",\"name\":\"Estatutos del Voluntariado Juvenil Vicentino \\\"VOLJUVI\\\" - Somos Vicencianos\",\"isPartOf\":{\"@id\":\"http:\/\/vincentians.com\/es\/#website\"},\"primaryImageOfPage\":{\"@id\":\"https:\/\/vincentians.com\/es\/estatutos-del-voluntariado-juvenil-vicentino-voljuvi\/#primaryimage\"},\"image\":{\"@id\":\"https:\/\/vincentians.com\/es\/estatutos-del-voluntariado-juvenil-vicentino-voljuvi\/#primaryimage\"},\"thumbnailUrl\":\"\",\"datePublished\":\"2014-12-10T16:42:36+00:00\",\"breadcrumb\":{\"@id\":\"https:\/\/vincentians.com\/es\/estatutos-del-voluntariado-juvenil-vicentino-voljuvi\/#breadcrumb\"},\"inLanguage\":\"es\",\"potentialAction\":[{\"@type\":\"ReadAction\",\"target\":[\"https:\/\/vincentians.com\/es\/estatutos-del-voluntariado-juvenil-vicentino-voljuvi\/\"]}]},{\"@type\":\"ImageObject\",\"inLanguage\":\"es\",\"@id\":\"https:\/\/vincentians.com\/es\/estatutos-del-voluntariado-juvenil-vicentino-voljuvi\/#primaryimage\",\"url\":\"\",\"contentUrl\":\"\"},{\"@type\":\"BreadcrumbList\",\"@id\":\"https:\/\/vincentians.com\/es\/estatutos-del-voluntariado-juvenil-vicentino-voljuvi\/#breadcrumb\",\"itemListElement\":[{\"@type\":\"ListItem\",\"position\":1,\"name\":\"Portada\",\"item\":\"http:\/\/vincentians.com\/es\/\"},{\"@type\":\"ListItem\",\"position\":2,\"name\":\"Estatutos del Voluntariado Juvenil Vicentino \u00abVOLJUVI\u00bb\"}]},{\"@type\":\"WebSite\",\"@id\":\"http:\/\/vincentians.com\/es\/#website\",\"url\":\"http:\/\/vincentians.com\/es\/\",\"name\":\"Somos Vicencianos\",\"description\":\"Know more to serve more\",\"publisher\":{\"@id\":\"http:\/\/vincentians.com\/es\/#organization\"},\"potentialAction\":[{\"@type\":\"SearchAction\",\"target\":{\"@type\":\"EntryPoint\",\"urlTemplate\":\"http:\/\/vincentians.com\/es\/?s={search_term_string}\"},\"query-input\":{\"@type\":\"PropertyValueSpecification\",\"valueRequired\":true,\"valueName\":\"search_term_string\"}}],\"inLanguage\":\"es\"},{\"@type\":\"Organization\",\"@id\":\"http:\/\/vincentians.com\/es\/#organization\",\"name\":\"The Vincentian Network\",\"url\":\"http:\/\/vincentians.com\/es\/\",\"logo\":{\"@type\":\"ImageObject\",\"inLanguage\":\"es\",\"@id\":\"http:\/\/vincentians.com\/es\/#\/schema\/logo\/image\/\",\"url\":\"https:\/\/i1.wp.com\/vincentians.com\/es\/wp-content\/uploads\/sites\/11\/2016\/06\/Vincentian-Network-logo-big.png?fit=778%2C778\",\"contentUrl\":\"https:\/\/i1.wp.com\/vincentians.com\/es\/wp-content\/uploads\/sites\/11\/2016\/06\/Vincentian-Network-logo-big.png?fit=778%2C778\",\"width\":778,\"height\":778,\"caption\":\"The Vincentian Network\"},\"image\":{\"@id\":\"http:\/\/vincentians.com\/es\/#\/schema\/logo\/image\/\"},\"sameAs\":[\"https:\/\/www.facebook.com\/WeAreVincentians\/\",\"https:\/\/x.com\/WeVincentians\"]},{\"@type\":\"Person\",\"@id\":\"http:\/\/vincentians.com\/es\/#\/schema\/person\/9623ef4d9aa3b2dfb8c061f1499288f2\",\"name\":\"Francisco Javier Fern\u00e1ndez Chento\",\"image\":{\"@type\":\"ImageObject\",\"inLanguage\":\"es\",\"@id\":\"http:\/\/vincentians.com\/es\/#\/schema\/person\/image\/\",\"url\":\"https:\/\/secure.gravatar.com\/avatar\/497d5cde87b4c3d097d0315953521681ba2cd523ee66e5077c3711f7021e65de?s=96&d=mm&r=g\",\"contentUrl\":\"https:\/\/secure.gravatar.com\/avatar\/497d5cde87b4c3d097d0315953521681ba2cd523ee66e5077c3711f7021e65de?s=96&d=mm&r=g\",\"caption\":\"Francisco Javier Fern\u00e1ndez Chento\"},\"description\":\"Director General y cofundador de La Red de Formaci\u00f3n Vicenciana. Javier es laico vicenciano, afiliado a la Congregaci\u00f3n de la Misi\u00f3n y miembro del Equipo de Misiones Populares de la provincia can\u00f3nica de Zaragoza (Espa\u00f1a) de la Congregaci\u00f3n de la Misi\u00f3n. Graduado en la Universidad Oberta de Catalunya con cuatro grados (Asistente de direcci\u00f3n, Gesti\u00f3n Administrativa, Recursos Humanos y Contabilidad Avanzada). Bil\u00edng\u00fce Espa\u00f1ol\/Ingl\u00e9s. gestiona y mantiene varias p\u00e1ginas web cristianas y vicencianas, incluida including La Red de Formaci\u00f3n Vicenciana, de la que es cofundador. Actualmente es responsable del \u00e1rea de Espa\u00f1ol de .famvin, la Red de Noticias de la Familia Vicenciana. Tambi\u00e9n es m\u00fasico cat\u00f3lico y ha editado varios discos. Es Director General y cofundador de Trovador, una reconocida compa\u00f1\u00eda discogr\u00e1fica critiana de Espa\u00f1a. Trabaja en las Tecnolog\u00edas de la Informaci\u00f3n, ofreciendo servicios de alojamiento, dise\u00f1o y mantenimiento Web, as\u00ed como asesoramiento, formaci\u00f3n y soluciones inform\u00e1ticas, gesti\u00f3n documental y digitalizaci\u00f3n de textos, edici\u00f3n y maquetaci\u00f3n de libros, revistas, flyers, etc.\",\"sameAs\":[\"http:\/\/chento.org\",\"https:\/\/www.facebook.com\/JavierChento\",\"https:\/\/x.com\/https:\/\/twitter.com\/javierchento\"],\"url\":\"http:\/\/vincentians.com\/es\/author\/chento\/\"}]}<\/script>\n<!-- \/ Yoast SEO plugin. -->","yoast_head_json":{"title":"Estatutos del Voluntariado Juvenil Vicentino \"VOLJUVI\" - Somos Vicencianos","robots":{"index":"index","follow":"follow","max-snippet":"max-snippet:-1","max-image-preview":"max-image-preview:large","max-video-preview":"max-video-preview:-1"},"canonical":"https:\/\/vincentians.com\/es\/estatutos-del-voluntariado-juvenil-vicentino-voljuvi\/","og_locale":"es_ES","og_type":"article","og_title":"Estatutos del Voluntariado Juvenil Vicentino \"VOLJUVI\" - Somos Vicencianos","og_description":"Pre\u00e1mbulo El Voluntariado Juvenil Vicentino tuvo su origen en Par\u00eds el 29 de noviembre de 1909. Naci\u00f3 con el nombre de \u00abObra de Luisas de Marillac\u00bb, y como parte de la Cofrad\u00eda de las Damas ... Read More","og_url":"https:\/\/vincentians.com\/es\/estatutos-del-voluntariado-juvenil-vicentino-voljuvi\/","og_site_name":"Somos Vicencianos","article_publisher":"https:\/\/www.facebook.com\/WeAreVincentians\/","article_author":"https:\/\/www.facebook.com\/JavierChento","article_published_time":"2014-12-10T16:42:36+00:00","author":"Francisco Javier Fern\u00e1ndez Chento","twitter_card":"summary_large_image","twitter_creator":"@https:\/\/twitter.com\/javierchento","twitter_site":"@WeVincentians","twitter_misc":{"Escrito por":"Francisco Javier Fern\u00e1ndez Chento","Tiempo de lectura":"22 minutos"},"schema":{"@context":"https:\/\/schema.org","@graph":[{"@type":"Article","@id":"https:\/\/vincentians.com\/es\/estatutos-del-voluntariado-juvenil-vicentino-voljuvi\/#article","isPartOf":{"@id":"https:\/\/vincentians.com\/es\/estatutos-del-voluntariado-juvenil-vicentino-voljuvi\/"},"author":{"name":"Francisco Javier Fern\u00e1ndez Chento","@id":"http:\/\/vincentians.com\/es\/#\/schema\/person\/9623ef4d9aa3b2dfb8c061f1499288f2"},"headline":"Estatutos del Voluntariado Juvenil Vicentino \u00abVOLJUVI\u00bb","datePublished":"2014-12-10T16:42:36+00:00","mainEntityOfPage":{"@id":"https:\/\/vincentians.com\/es\/estatutos-del-voluntariado-juvenil-vicentino-voljuvi\/"},"wordCount":4363,"commentCount":0,"publisher":{"@id":"http:\/\/vincentians.com\/es\/#organization"},"image":{"@id":"https:\/\/vincentians.com\/es\/estatutos-del-voluntariado-juvenil-vicentino-voljuvi\/#primaryimage"},"thumbnailUrl":"","articleSection":["Documentos de otras Ramas e Instituciones vicencianas"],"inLanguage":"es","potentialAction":[{"@type":"CommentAction","name":"Comment","target":["https:\/\/vincentians.com\/es\/estatutos-del-voluntariado-juvenil-vicentino-voljuvi\/#respond"]}]},{"@type":"WebPage","@id":"https:\/\/vincentians.com\/es\/estatutos-del-voluntariado-juvenil-vicentino-voljuvi\/","url":"https:\/\/vincentians.com\/es\/estatutos-del-voluntariado-juvenil-vicentino-voljuvi\/","name":"Estatutos del Voluntariado Juvenil Vicentino \"VOLJUVI\" - Somos Vicencianos","isPartOf":{"@id":"http:\/\/vincentians.com\/es\/#website"},"primaryImageOfPage":{"@id":"https:\/\/vincentians.com\/es\/estatutos-del-voluntariado-juvenil-vicentino-voljuvi\/#primaryimage"},"image":{"@id":"https:\/\/vincentians.com\/es\/estatutos-del-voluntariado-juvenil-vicentino-voljuvi\/#primaryimage"},"thumbnailUrl":"","datePublished":"2014-12-10T16:42:36+00:00","breadcrumb":{"@id":"https:\/\/vincentians.com\/es\/estatutos-del-voluntariado-juvenil-vicentino-voljuvi\/#breadcrumb"},"inLanguage":"es","potentialAction":[{"@type":"ReadAction","target":["https:\/\/vincentians.com\/es\/estatutos-del-voluntariado-juvenil-vicentino-voljuvi\/"]}]},{"@type":"ImageObject","inLanguage":"es","@id":"https:\/\/vincentians.com\/es\/estatutos-del-voluntariado-juvenil-vicentino-voljuvi\/#primaryimage","url":"","contentUrl":""},{"@type":"BreadcrumbList","@id":"https:\/\/vincentians.com\/es\/estatutos-del-voluntariado-juvenil-vicentino-voljuvi\/#breadcrumb","itemListElement":[{"@type":"ListItem","position":1,"name":"Portada","item":"http:\/\/vincentians.com\/es\/"},{"@type":"ListItem","position":2,"name":"Estatutos del Voluntariado Juvenil Vicentino \u00abVOLJUVI\u00bb"}]},{"@type":"WebSite","@id":"http:\/\/vincentians.com\/es\/#website","url":"http:\/\/vincentians.com\/es\/","name":"Somos Vicencianos","description":"Know more to serve more","publisher":{"@id":"http:\/\/vincentians.com\/es\/#organization"},"potentialAction":[{"@type":"SearchAction","target":{"@type":"EntryPoint","urlTemplate":"http:\/\/vincentians.com\/es\/?s={search_term_string}"},"query-input":{"@type":"PropertyValueSpecification","valueRequired":true,"valueName":"search_term_string"}}],"inLanguage":"es"},{"@type":"Organization","@id":"http:\/\/vincentians.com\/es\/#organization","name":"The Vincentian Network","url":"http:\/\/vincentians.com\/es\/","logo":{"@type":"ImageObject","inLanguage":"es","@id":"http:\/\/vincentians.com\/es\/#\/schema\/logo\/image\/","url":"https:\/\/i1.wp.com\/vincentians.com\/es\/wp-content\/uploads\/sites\/11\/2016\/06\/Vincentian-Network-logo-big.png?fit=778%2C778","contentUrl":"https:\/\/i1.wp.com\/vincentians.com\/es\/wp-content\/uploads\/sites\/11\/2016\/06\/Vincentian-Network-logo-big.png?fit=778%2C778","width":778,"height":778,"caption":"The Vincentian Network"},"image":{"@id":"http:\/\/vincentians.com\/es\/#\/schema\/logo\/image\/"},"sameAs":["https:\/\/www.facebook.com\/WeAreVincentians\/","https:\/\/x.com\/WeVincentians"]},{"@type":"Person","@id":"http:\/\/vincentians.com\/es\/#\/schema\/person\/9623ef4d9aa3b2dfb8c061f1499288f2","name":"Francisco Javier Fern\u00e1ndez Chento","image":{"@type":"ImageObject","inLanguage":"es","@id":"http:\/\/vincentians.com\/es\/#\/schema\/person\/image\/","url":"https:\/\/secure.gravatar.com\/avatar\/497d5cde87b4c3d097d0315953521681ba2cd523ee66e5077c3711f7021e65de?s=96&d=mm&r=g","contentUrl":"https:\/\/secure.gravatar.com\/avatar\/497d5cde87b4c3d097d0315953521681ba2cd523ee66e5077c3711f7021e65de?s=96&d=mm&r=g","caption":"Francisco Javier Fern\u00e1ndez Chento"},"description":"Director General y cofundador de La Red de Formaci\u00f3n Vicenciana. Javier es laico vicenciano, afiliado a la Congregaci\u00f3n de la Misi\u00f3n y miembro del Equipo de Misiones Populares de la provincia can\u00f3nica de Zaragoza (Espa\u00f1a) de la Congregaci\u00f3n de la Misi\u00f3n. Graduado en la Universidad Oberta de Catalunya con cuatro grados (Asistente de direcci\u00f3n, Gesti\u00f3n Administrativa, Recursos Humanos y Contabilidad Avanzada). Bil\u00edng\u00fce Espa\u00f1ol\/Ingl\u00e9s. gestiona y mantiene varias p\u00e1ginas web cristianas y vicencianas, incluida including La Red de Formaci\u00f3n Vicenciana, de la que es cofundador. Actualmente es responsable del \u00e1rea de Espa\u00f1ol de .famvin, la Red de Noticias de la Familia Vicenciana. Tambi\u00e9n es m\u00fasico cat\u00f3lico y ha editado varios discos. Es Director General y cofundador de Trovador, una reconocida compa\u00f1\u00eda discogr\u00e1fica critiana de Espa\u00f1a. Trabaja en las Tecnolog\u00edas de la Informaci\u00f3n, ofreciendo servicios de alojamiento, dise\u00f1o y mantenimiento Web, as\u00ed como asesoramiento, formaci\u00f3n y soluciones inform\u00e1ticas, gesti\u00f3n documental y digitalizaci\u00f3n de textos, edici\u00f3n y maquetaci\u00f3n de libros, revistas, flyers, etc.","sameAs":["http:\/\/chento.org","https:\/\/www.facebook.com\/JavierChento","https:\/\/x.com\/https:\/\/twitter.com\/javierchento"],"url":"http:\/\/vincentians.com\/es\/author\/chento\/"}]}},"jetpack_publicize_connections":[],"jetpack_featured_media_url":"","jetpack_sharing_enabled":true,"jetpack_shortlink":"https:\/\/wp.me\/p7ETMF-yuo","jetpack-related-posts":[{"id":137107,"url":"http:\/\/vincentians.com\/es\/estatutos-de-aic-en-colombia\/","url_meta":{"origin":132580,"position":0},"title":"Estatutos de AIC en Colombia","author":"Francisco Javier Fern\u00e1ndez Chento","date":"01\/02\/2015","format":false,"excerpt":"CAPITULO I: NOMBRE, NATURALEZA, OBJETO, PATRIMONIO, DURACI\u00d3N Y DOMICILIO Art\u00edculo 1: NOMBRE. Organismo Nacional de Asociaciones Voluntarias Vicentinas de la Caridad que en adelante llevar\u00e1 el nombre de: FEDERACI\u00d3N NACIONAL DE VOLUNTARIADOS VICENTINOS DE LA CARIDAD A.I.C. COLOMBIA, se regir\u00e1 por estos estatutos y en lo no dispuesto en \u00e9l,\u2026","rel":"","context":"En \u00abDocumentos de Asociaci\u00f3n Internacional de Caridades\u00bb","block_context":{"text":"Documentos de Asociaci\u00f3n Internacional de Caridades","link":"http:\/\/vincentians.com\/es\/category\/formacion-vicenciana\/documentos-oficiales-de-la-familia-vicenciana\/documentos-de-asociacion-internacional-de-caridades\/"},"img":{"alt_text":"aic_colombia","src":"https:\/\/i0.wp.com\/vicencianos.org\/wp-content\/2014\/12\/aic_colombia-300x300.jpg?resize=350%2C200","width":350,"height":200},"classes":[]},{"id":137106,"url":"http:\/\/vincentians.com\/es\/estatutos-de-misevi-en-colombia-2\/","url_meta":{"origin":132580,"position":1},"title":"Estatutos de Fundaci\u00f3n Vicentina Luisa de Marillac en Colombia","author":"Francisco Javier Fern\u00e1ndez Chento","date":"31\/01\/2015","format":false,"excerpt":"Introducci\u00f3n hist\u00f3rica La historia providencial de la Fundaci\u00f3n Vicentina Luisa de Marillac se inicia en la cuna del carisma vicentino, Francia, con la afiliaci\u00f3n de la conocida en ese momento como \u201cobra de la venerable Luisa de Marillac\u201d a la familia de las Damas de la Caridad. Este hecho fundacional\u2026","rel":"","context":"En \u00abDocumentos de otras Ramas e Instituciones vicencianas\u00bb","block_context":{"text":"Documentos de otras Ramas e Instituciones vicencianas","link":"http:\/\/vincentians.com\/es\/category\/formacion-vicenciana\/documentos-oficiales-de-la-familia-vicenciana\/documentos-de-otras-ramas-e-instituciones-vicencianas\/"},"img":{"alt_text":"fvlm","src":"https:\/\/i0.wp.com\/vicencianos.org\/wp-content\/2014\/12\/fvlm-300x300.jpg?resize=350%2C200","width":350,"height":200},"classes":[]},{"id":132875,"url":"http:\/\/vincentians.com\/es\/estatutos-de-misevi-en-colombia\/","url_meta":{"origin":132580,"position":2},"title":"Estatutos de MISEVI en Colombia","author":"Francisco Javier Fern\u00e1ndez Chento","date":"17\/12\/2014","format":false,"excerpt":"CONREGAZIONE DELLA MISSIONE Cuna Generaiizia Roma 27 de abril 2005 Padre Gabriel NARANJO SALAZAR, CM Visitador Bogot\u00e1 Querido Gabriel: \u00a1Que la gracia y la paz del Se\u00f1or Jesucristo llenen tu coraz\u00f3n ahora y siempre! Por medio de la presente quiero felicitarte a Ti y en tu nombre, a los miembros\u2026","rel":"","context":"En \u00abDocumentos de Misioneros Seglares Vicencianos\u00bb","block_context":{"text":"Documentos de Misioneros Seglares Vicencianos","link":"http:\/\/vincentians.com\/es\/category\/formacion-vicenciana\/documentos-oficiales-de-la-familia-vicenciana\/documentos-de-misioneros-seglares-vicencianos\/"},"img":{"alt_text":"misevi_colombia","src":"https:\/\/i0.wp.com\/vicencianos.org\/wp-content\/2014\/12\/misevi_colombia-175x300.jpg?resize=350%2C200","width":350,"height":200},"classes":[]},{"id":161107,"url":"http:\/\/vincentians.com\/es\/la-colaboracion-en-la-familia-vicentina\/","url_meta":{"origin":132580,"position":3},"title":"La Colaboraci\u00f3n en la Familia Vicentina","author":"Francisco Javier Fern\u00e1ndez Chento","date":"02\/06\/2015","format":false,"excerpt":"\u201c\u00a1Ensancha el espacio de la tienda vicentina!\u201d En este a\u00f1o el tema para la Familia Vicentina es \u201cLa Colaboraci\u00f3n\u201d. Nuestra convicci\u00f3n es que la colaboraci\u00f3n entre las varias ramas de la Familia Vicentina es necesaria para el desarrollo cualitativo y cuantitativo del servicio a los pobres. Hoy en d\u00eda, en\u2026","rel":"","context":"En \u00abFormaci\u00f3n Vicenciana\u00bb","block_context":{"text":"Formaci\u00f3n Vicenciana","link":"http:\/\/vincentians.com\/es\/category\/formacion-vicenciana\/"},"img":{"alt_text":"collaboration","src":"https:\/\/i0.wp.com\/vicencianos.org\/wp-content\/uploads\/2015\/06\/collaboration.jpg?resize=350%2C200","width":350,"height":200,"srcset":"https:\/\/i0.wp.com\/vicencianos.org\/wp-content\/uploads\/2015\/06\/collaboration.jpg?resize=350%2C200 1x, https:\/\/i0.wp.com\/vicencianos.org\/wp-content\/uploads\/2015\/06\/collaboration.jpg?resize=525%2C300 1.5x, https:\/\/i0.wp.com\/vicencianos.org\/wp-content\/uploads\/2015\/06\/collaboration.jpg?resize=700%2C400 2x, https:\/\/i0.wp.com\/vicencianos.org\/wp-content\/uploads\/2015\/06\/collaboration.jpg?resize=1050%2C600 3x, https:\/\/i0.wp.com\/vicencianos.org\/wp-content\/uploads\/2015\/06\/collaboration.jpg?resize=1400%2C800 4x"},"classes":[]},{"id":132576,"url":"http:\/\/vincentians.com\/es\/manual-para-afiliados-a-la-congregacion-de-la-mision-en-colombia\/","url_meta":{"origin":132580,"position":4},"title":"Manual para Afiliados a la Congregaci\u00f3n de la Misi\u00f3n en Colombia","author":"Francisco Javier Fern\u00e1ndez Chento","date":"11\/12\/2014","format":false,"excerpt":"1. Justificaci\u00f3n: La inmensa mayor\u00eda de los miembros de la Familia Vicentina en el mundo y en Colombia, son laicos Existe un grupo considerable de afiliados a la Congregaci\u00f3n de la Misi\u00f3n en Colombia Hay poco conocimiento mutuo entre la Congregaci\u00f3n y sus afiliados laicos : ni ellos saben mucho\u2026","rel":"","context":"En \u00abDocumentos de otras Ramas e Instituciones vicencianas\u00bb","block_context":{"text":"Documentos de otras Ramas e Instituciones vicencianas","link":"http:\/\/vincentians.com\/es\/category\/formacion-vicenciana\/documentos-oficiales-de-la-familia-vicenciana\/documentos-de-otras-ramas-e-instituciones-vicencianas\/"},"img":{"alt_text":"logo_afiliados","src":"https:\/\/i0.wp.com\/vicencianos.org\/wp-content\/2014\/12\/logo_afiliados-300x291.jpg?resize=350%2C200","width":350,"height":200},"classes":[]},{"id":132331,"url":"http:\/\/vincentians.com\/es\/mensaje-de-navidad-del-presidente-de-la-ssvp-dr-michael-thio\/","url_meta":{"origin":132580,"position":5},"title":"Mensaje de Navidad del Presidente de la SSVP, Dr. Michael Thio","author":"Francisco Javier Fern\u00e1ndez Chento","date":"08\/12\/2014","format":false,"excerpt":"Mis queridos consocios vicentinos, Que la Paz y las Bendiciones del Ni\u00f1o Jes\u00fas est\u00e9n con vosotros. La Navidad es siempre una \u00e9poca especial para las personas de todo el mundo, y mucho m\u00e1s para los cristianos y especialmente para nosotros vicentinos. Nosotros llevamos muy dentro del coraz\u00f3n la celebraci\u00f3n del\u2026","rel":"","context":"En \u00abSociedad de San Vicente de Pa\u00fal\u00bb","block_context":{"text":"Sociedad de San Vicente de Pa\u00fal","link":"http:\/\/vincentians.com\/es\/category\/la-familia-vicenciana\/ramas\/sociedad-de-san-vicente-de-paul\/"},"img":{"alt_text":"MichaelThio","src":"https:\/\/i0.wp.com\/vicencianos.org\/wp-content\/2014\/12\/MichaelThio-300x183.jpg?resize=350%2C200","width":350,"height":200},"classes":[]}],"_links":{"self":[{"href":"http:\/\/vincentians.com\/es\/wp-json\/wp\/v2\/posts\/132580","targetHints":{"allow":["GET"]}}],"collection":[{"href":"http:\/\/vincentians.com\/es\/wp-json\/wp\/v2\/posts"}],"about":[{"href":"http:\/\/vincentians.com\/es\/wp-json\/wp\/v2\/types\/post"}],"author":[{"embeddable":true,"href":"http:\/\/vincentians.com\/es\/wp-json\/wp\/v2\/users\/4"}],"replies":[{"embeddable":true,"href":"http:\/\/vincentians.com\/es\/wp-json\/wp\/v2\/comments?post=132580"}],"version-history":[{"count":0,"href":"http:\/\/vincentians.com\/es\/wp-json\/wp\/v2\/posts\/132580\/revisions"}],"wp:featuredmedia":[{"embeddable":true,"href":"http:\/\/vincentians.com\/es\/wp-json\/"}],"wp:attachment":[{"href":"http:\/\/vincentians.com\/es\/wp-json\/wp\/v2\/media?parent=132580"}],"wp:term":[{"taxonomy":"category","embeddable":true,"href":"http:\/\/vincentians.com\/es\/wp-json\/wp\/v2\/categories?post=132580"},{"taxonomy":"post_tag","embeddable":true,"href":"http:\/\/vincentians.com\/es\/wp-json\/wp\/v2\/tags?post=132580"}],"curies":[{"name":"wp","href":"https:\/\/api.w.org\/{rel}","templated":true}]}}