{"id":132576,"date":"2014-12-11T17:42:36","date_gmt":"2014-12-11T16:42:36","guid":{"rendered":"http:\/\/somos.vicencianos.org\/?p=132576"},"modified":"2014-12-11T17:42:36","modified_gmt":"2014-12-11T16:42:36","slug":"manual-para-afiliados-a-la-congregacion-de-la-mision-en-colombia","status":"publish","type":"post","link":"http:\/\/vincentians.com\/es\/manual-para-afiliados-a-la-congregacion-de-la-mision-en-colombia\/","title":{"rendered":"Manual para Afiliados a la Congregaci\u00f3n de la Misi\u00f3n en Colombia"},"content":{"rendered":"<p><strong><a href=\"https:\/\/i0.wp.com\/vicencianos.org\/wp-content\/2014\/12\/logo_afiliados.jpg\"><img data-recalc-dims=\"1\" loading=\"lazy\" decoding=\"async\" class=\"alignright size-medium wp-image-132577\" src=\"https:\/\/i0.wp.com\/vicencianos.org\/wp-content\/2014\/12\/logo_afiliados-300x291.jpg?resize=300%2C291\" alt=\"logo_afiliados\" width=\"300\" height=\"291\" \/><\/a>1. Justificaci\u00f3n:<\/strong><\/p>\n<ul>\n<li>La inmensa mayor\u00eda de los miembros de la Familia Vicentina en el mundo y en Colombia, son laicos<\/li>\n<li>Existe un grupo considerable de afiliados a la Congregaci\u00f3n de la Misi\u00f3n en Colombia<\/li>\n<li>Hay poco conocimiento mutuo entre la Congregaci\u00f3n y sus afiliados laicos : ni ellos saben mucho de la C.M., ni los Cohermanos sabemos mucho de ellos.<\/li>\n<li>Las relaciones entre los afiliados son pocas o inexistentes<\/li>\n<li>Es necesario identificar la misi\u00f3n que tienen como afiliados a la Congregaci\u00f3n<\/li>\n<\/ul>\n<p><strong>2. Miembros:<\/strong><\/p>\n<p>Los afiliados a la Congregaci\u00f3n de la Misi\u00f3n no son una rama diferente de la Familia Vicentina, pues hacen parte de la Congregaci\u00f3n de la Misi\u00f3n.<\/p>\n<p>Los afiliados son \u00a0aquellas personas\u00a0 que por una amistad o relaci\u00f3n especial \u00a0con la Congregaci\u00f3n \u00a0de la Misi\u00f3n han obtenido la certificaci\u00f3n de afiliados de parte del Padre General.<\/p>\n<p><strong>3. Objetivo:<\/strong><\/p>\n<p>Unir los esfuerzos de coordinaci\u00f3n entre los afiliados a la Congregaci\u00f3n, y asumir una funci\u00f3n apost\u00f3lica com\u00fan concreta.<\/p>\n<p>Ayudar econ\u00f3micamente al sostenimiento de las vocaciones y de las misiones vicentinas<\/p>\n<p>Procurar una mayor capacitaci\u00f3n para nuestro actuar en la misi\u00f3n<\/p>\n<p>Que los afiliados sean una fortaleza y apoyo para las acciones de la Congregaci\u00f3n de la Misi\u00f3n<\/p>\n<p><strong>4. Meta:<\/strong><\/p>\n<p>Conocimiento entre los miembros afiliados.<\/p>\n<p>Fomento de \u00a0buenas relaciones entre todos los afiliados, y entre ellos y \u00a0la Congregaci\u00f3n.<\/p>\n<p>Participaci\u00f3n en los principales eventos de la provincia en Colombia<\/p>\n<p>Establecimiento de \u00a0una red de comunicaci\u00f3n entre los afiliados y la Familia Vicentina<\/p>\n<p><strong>5. Criterios:<\/strong><\/p>\n<ul>\n<li>Vivir intensamente el carisma vicentino y darlo a conocer<\/li>\n<li>Dar testimonio de una vida cristiana y vicentina<\/li>\n<li>Mantener comunicaci\u00f3n permanente a trav\u00e9s de boletines informativos<\/li>\n<li>Divulgar el carisma, y preocuparse por la capacitaci\u00f3n de los dem\u00e1s<\/li>\n<\/ul>\n<p><strong>6. Organizaci\u00f3n:<\/strong><\/p>\n<p>La \u00fanica \u00abestructura\u00bb es la existencia de \u00a0un Coordinador, cuyas funciones son:<\/p>\n<ul>\n<li>Convocar, organizar y presidir las reuniones.<\/li>\n<li>Ser canal de comunicaci\u00f3n \u00a0entre los afiliados.<\/li>\n<li>Velar porque se cumplan las decisiones aprobadas.<\/li>\n<li>Llevar el archivo<\/li>\n<li>Asignar para cada reuni\u00f3n un secretario que tome nota del encuentro<\/li>\n<\/ul>\n<p><strong>7. Obligaciones de los miembros:<\/strong><\/p>\n<ol>\n<li>Asistir a las reuniones<\/li>\n<li>Apoyar las decisiones tomadas<\/li>\n<li>Cumplir con las tareas asignadas<\/li>\n<li>Mantener la comunicaci\u00f3n<\/li>\n<\/ol>\n<p><strong>8. Reuniones:<\/strong><\/p>\n<p>Cada tres (3) a\u00f1os, para:<\/p>\n<ol>\n<li>Formaci\u00f3n vicentina<\/li>\n<li>Evaluaci\u00f3n<\/li>\n<li>Planeamiento de actividades<\/li>\n<li>Elecci\u00f3n del Coordinador<\/li>\n<\/ol>\n<p><em>Este Reglamento interno, o Manual del Afiliado a la Congregaci\u00f3n de la Misi\u00f3n, Padres Vicentinos, fue aprobado en la reuni\u00f3n del 25-27 de\u00a0 noviembre del 2010, en Santa Rosa de Cabal, siendo asesor nacional de la Familia Vicentina el Padre Rodrigo Restrepo Bernal.<\/em><\/p>\n","protected":false},"excerpt":{"rendered":"<p>1. Justificaci\u00f3n: La inmensa mayor\u00eda de los miembros de la Familia Vicentina en el mundo y en Colombia, son laicos Existe un grupo considerable de afiliados a la Congregaci\u00f3n de la Misi\u00f3n en Colombia Hay &#8230; <a href=\"http:\/\/vincentians.com\/es\/manual-para-afiliados-a-la-congregacion-de-la-mision-en-colombia\/\" class=\"more-link\">Read More<\/a><\/p>\n","protected":false},"author":4,"featured_media":132577,"comment_status":"open","ping_status":"open","sticky":false,"template":"","format":"standard","meta":{"jetpack_post_was_ever_published":false,"_jetpack_newsletter_access":"","_jetpack_dont_email_post_to_subs":false,"_jetpack_newsletter_tier_id":0,"_jetpack_memberships_contains_paywalled_content":false,"_jetpack_memberships_contains_paid_content":false,"footnotes":"","jetpack_publicize_message":"","jetpack_publicize_feature_enabled":true,"jetpack_social_post_already_shared":true,"jetpack_social_options":{"image_generator_settings":{"template":"highway","default_image_id":0,"font":"","enabled":false},"version":2}},"categories":[321],"tags":[],"class_list":["post-132576","post","type-post","status-publish","format-standard","has-post-thumbnail","hentry","category-documentos-de-otras-ramas-e-instituciones-vicencianas"],"yoast_head":"<!-- This site is optimized with the Yoast SEO plugin v26.3 - https:\/\/yoast.com\/wordpress\/plugins\/seo\/ -->\n<title>Manual para Afiliados a la Congregaci\u00f3n de la Misi\u00f3n en Colombia - Somos Vicencianos<\/title>\n<meta name=\"robots\" content=\"index, follow, max-snippet:-1, max-image-preview:large, max-video-preview:-1\" \/>\n<link rel=\"canonical\" href=\"https:\/\/vincentians.com\/es\/manual-para-afiliados-a-la-congregacion-de-la-mision-en-colombia\/\" \/>\n<meta property=\"og:locale\" content=\"es_ES\" \/>\n<meta property=\"og:type\" content=\"article\" \/>\n<meta property=\"og:title\" content=\"Manual para Afiliados a la Congregaci\u00f3n de la Misi\u00f3n en Colombia - Somos Vicencianos\" \/>\n<meta property=\"og:description\" content=\"1. Justificaci\u00f3n: La inmensa mayor\u00eda de los miembros de la Familia Vicentina en el mundo y en Colombia, son laicos Existe un grupo considerable de afiliados a la Congregaci\u00f3n de la Misi\u00f3n en Colombia Hay ... Read More\" \/>\n<meta property=\"og:url\" content=\"https:\/\/vincentians.com\/es\/manual-para-afiliados-a-la-congregacion-de-la-mision-en-colombia\/\" \/>\n<meta property=\"og:site_name\" content=\"Somos Vicencianos\" \/>\n<meta property=\"article:publisher\" content=\"https:\/\/www.facebook.com\/WeAreVincentians\/\" \/>\n<meta property=\"article:author\" content=\"https:\/\/www.facebook.com\/JavierChento\" \/>\n<meta property=\"article:published_time\" content=\"2014-12-11T16:42:36+00:00\" \/>\n<meta name=\"author\" content=\"Francisco Javier Fern\u00e1ndez Chento\" \/>\n<meta name=\"twitter:card\" content=\"summary_large_image\" \/>\n<meta name=\"twitter:creator\" content=\"@https:\/\/twitter.com\/javierchento\" \/>\n<meta name=\"twitter:site\" content=\"@WeVincentians\" \/>\n<meta name=\"twitter:label1\" content=\"Escrito por\" \/>\n\t<meta name=\"twitter:data1\" content=\"Francisco Javier Fern\u00e1ndez Chento\" \/>\n\t<meta name=\"twitter:label2\" content=\"Tiempo de lectura\" \/>\n\t<meta name=\"twitter:data2\" content=\"2 minutos\" \/>\n<script type=\"application\/ld+json\" class=\"yoast-schema-graph\">{\"@context\":\"https:\/\/schema.org\",\"@graph\":[{\"@type\":\"Article\",\"@id\":\"https:\/\/vincentians.com\/es\/manual-para-afiliados-a-la-congregacion-de-la-mision-en-colombia\/#article\",\"isPartOf\":{\"@id\":\"https:\/\/vincentians.com\/es\/manual-para-afiliados-a-la-congregacion-de-la-mision-en-colombia\/\"},\"author\":{\"name\":\"Francisco Javier Fern\u00e1ndez Chento\",\"@id\":\"http:\/\/vincentians.com\/es\/#\/schema\/person\/9623ef4d9aa3b2dfb8c061f1499288f2\"},\"headline\":\"Manual para Afiliados a la Congregaci\u00f3n de la Misi\u00f3n en Colombia\",\"datePublished\":\"2014-12-11T16:42:36+00:00\",\"mainEntityOfPage\":{\"@id\":\"https:\/\/vincentians.com\/es\/manual-para-afiliados-a-la-congregacion-de-la-mision-en-colombia\/\"},\"wordCount\":453,\"commentCount\":2,\"publisher\":{\"@id\":\"http:\/\/vincentians.com\/es\/#organization\"},\"image\":{\"@id\":\"https:\/\/vincentians.com\/es\/manual-para-afiliados-a-la-congregacion-de-la-mision-en-colombia\/#primaryimage\"},\"thumbnailUrl\":\"\",\"articleSection\":[\"Documentos de otras Ramas e Instituciones vicencianas\"],\"inLanguage\":\"es\",\"potentialAction\":[{\"@type\":\"CommentAction\",\"name\":\"Comment\",\"target\":[\"https:\/\/vincentians.com\/es\/manual-para-afiliados-a-la-congregacion-de-la-mision-en-colombia\/#respond\"]}]},{\"@type\":\"WebPage\",\"@id\":\"https:\/\/vincentians.com\/es\/manual-para-afiliados-a-la-congregacion-de-la-mision-en-colombia\/\",\"url\":\"https:\/\/vincentians.com\/es\/manual-para-afiliados-a-la-congregacion-de-la-mision-en-colombia\/\",\"name\":\"Manual para Afiliados a la Congregaci\u00f3n de la Misi\u00f3n en Colombia - Somos Vicencianos\",\"isPartOf\":{\"@id\":\"http:\/\/vincentians.com\/es\/#website\"},\"primaryImageOfPage\":{\"@id\":\"https:\/\/vincentians.com\/es\/manual-para-afiliados-a-la-congregacion-de-la-mision-en-colombia\/#primaryimage\"},\"image\":{\"@id\":\"https:\/\/vincentians.com\/es\/manual-para-afiliados-a-la-congregacion-de-la-mision-en-colombia\/#primaryimage\"},\"thumbnailUrl\":\"\",\"datePublished\":\"2014-12-11T16:42:36+00:00\",\"breadcrumb\":{\"@id\":\"https:\/\/vincentians.com\/es\/manual-para-afiliados-a-la-congregacion-de-la-mision-en-colombia\/#breadcrumb\"},\"inLanguage\":\"es\",\"potentialAction\":[{\"@type\":\"ReadAction\",\"target\":[\"https:\/\/vincentians.com\/es\/manual-para-afiliados-a-la-congregacion-de-la-mision-en-colombia\/\"]}]},{\"@type\":\"ImageObject\",\"inLanguage\":\"es\",\"@id\":\"https:\/\/vincentians.com\/es\/manual-para-afiliados-a-la-congregacion-de-la-mision-en-colombia\/#primaryimage\",\"url\":\"\",\"contentUrl\":\"\"},{\"@type\":\"BreadcrumbList\",\"@id\":\"https:\/\/vincentians.com\/es\/manual-para-afiliados-a-la-congregacion-de-la-mision-en-colombia\/#breadcrumb\",\"itemListElement\":[{\"@type\":\"ListItem\",\"position\":1,\"name\":\"Portada\",\"item\":\"http:\/\/vincentians.com\/es\/\"},{\"@type\":\"ListItem\",\"position\":2,\"name\":\"Manual para Afiliados a la Congregaci\u00f3n de la Misi\u00f3n en Colombia\"}]},{\"@type\":\"WebSite\",\"@id\":\"http:\/\/vincentians.com\/es\/#website\",\"url\":\"http:\/\/vincentians.com\/es\/\",\"name\":\"Somos Vicencianos\",\"description\":\"Know more to serve more\",\"publisher\":{\"@id\":\"http:\/\/vincentians.com\/es\/#organization\"},\"potentialAction\":[{\"@type\":\"SearchAction\",\"target\":{\"@type\":\"EntryPoint\",\"urlTemplate\":\"http:\/\/vincentians.com\/es\/?s={search_term_string}\"},\"query-input\":{\"@type\":\"PropertyValueSpecification\",\"valueRequired\":true,\"valueName\":\"search_term_string\"}}],\"inLanguage\":\"es\"},{\"@type\":\"Organization\",\"@id\":\"http:\/\/vincentians.com\/es\/#organization\",\"name\":\"The Vincentian Network\",\"url\":\"http:\/\/vincentians.com\/es\/\",\"logo\":{\"@type\":\"ImageObject\",\"inLanguage\":\"es\",\"@id\":\"http:\/\/vincentians.com\/es\/#\/schema\/logo\/image\/\",\"url\":\"https:\/\/i1.wp.com\/vincentians.com\/es\/wp-content\/uploads\/sites\/11\/2016\/06\/Vincentian-Network-logo-big.png?fit=778%2C778\",\"contentUrl\":\"https:\/\/i1.wp.com\/vincentians.com\/es\/wp-content\/uploads\/sites\/11\/2016\/06\/Vincentian-Network-logo-big.png?fit=778%2C778\",\"width\":778,\"height\":778,\"caption\":\"The Vincentian Network\"},\"image\":{\"@id\":\"http:\/\/vincentians.com\/es\/#\/schema\/logo\/image\/\"},\"sameAs\":[\"https:\/\/www.facebook.com\/WeAreVincentians\/\",\"https:\/\/x.com\/WeVincentians\"]},{\"@type\":\"Person\",\"@id\":\"http:\/\/vincentians.com\/es\/#\/schema\/person\/9623ef4d9aa3b2dfb8c061f1499288f2\",\"name\":\"Francisco Javier Fern\u00e1ndez Chento\",\"image\":{\"@type\":\"ImageObject\",\"inLanguage\":\"es\",\"@id\":\"http:\/\/vincentians.com\/es\/#\/schema\/person\/image\/\",\"url\":\"https:\/\/secure.gravatar.com\/avatar\/497d5cde87b4c3d097d0315953521681ba2cd523ee66e5077c3711f7021e65de?s=96&d=mm&r=g\",\"contentUrl\":\"https:\/\/secure.gravatar.com\/avatar\/497d5cde87b4c3d097d0315953521681ba2cd523ee66e5077c3711f7021e65de?s=96&d=mm&r=g\",\"caption\":\"Francisco Javier Fern\u00e1ndez Chento\"},\"description\":\"Director General y cofundador de La Red de Formaci\u00f3n Vicenciana. Javier es laico vicenciano, afiliado a la Congregaci\u00f3n de la Misi\u00f3n y miembro del Equipo de Misiones Populares de la provincia can\u00f3nica de Zaragoza (Espa\u00f1a) de la Congregaci\u00f3n de la Misi\u00f3n. Graduado en la Universidad Oberta de Catalunya con cuatro grados (Asistente de direcci\u00f3n, Gesti\u00f3n Administrativa, Recursos Humanos y Contabilidad Avanzada). Bil\u00edng\u00fce Espa\u00f1ol\/Ingl\u00e9s. gestiona y mantiene varias p\u00e1ginas web cristianas y vicencianas, incluida including La Red de Formaci\u00f3n Vicenciana, de la que es cofundador. Actualmente es responsable del \u00e1rea de Espa\u00f1ol de .famvin, la Red de Noticias de la Familia Vicenciana. Tambi\u00e9n es m\u00fasico cat\u00f3lico y ha editado varios discos. Es Director General y cofundador de Trovador, una reconocida compa\u00f1\u00eda discogr\u00e1fica critiana de Espa\u00f1a. Trabaja en las Tecnolog\u00edas de la Informaci\u00f3n, ofreciendo servicios de alojamiento, dise\u00f1o y mantenimiento Web, as\u00ed como asesoramiento, formaci\u00f3n y soluciones inform\u00e1ticas, gesti\u00f3n documental y digitalizaci\u00f3n de textos, edici\u00f3n y maquetaci\u00f3n de libros, revistas, flyers, etc.\",\"sameAs\":[\"http:\/\/chento.org\",\"https:\/\/www.facebook.com\/JavierChento\",\"https:\/\/x.com\/https:\/\/twitter.com\/javierchento\"],\"url\":\"http:\/\/vincentians.com\/es\/author\/chento\/\"}]}<\/script>\n<!-- \/ Yoast SEO plugin. -->","yoast_head_json":{"title":"Manual para Afiliados a la Congregaci\u00f3n de la Misi\u00f3n en Colombia - Somos Vicencianos","robots":{"index":"index","follow":"follow","max-snippet":"max-snippet:-1","max-image-preview":"max-image-preview:large","max-video-preview":"max-video-preview:-1"},"canonical":"https:\/\/vincentians.com\/es\/manual-para-afiliados-a-la-congregacion-de-la-mision-en-colombia\/","og_locale":"es_ES","og_type":"article","og_title":"Manual para Afiliados a la Congregaci\u00f3n de la Misi\u00f3n en Colombia - Somos Vicencianos","og_description":"1. Justificaci\u00f3n: La inmensa mayor\u00eda de los miembros de la Familia Vicentina en el mundo y en Colombia, son laicos Existe un grupo considerable de afiliados a la Congregaci\u00f3n de la Misi\u00f3n en Colombia Hay ... Read More","og_url":"https:\/\/vincentians.com\/es\/manual-para-afiliados-a-la-congregacion-de-la-mision-en-colombia\/","og_site_name":"Somos Vicencianos","article_publisher":"https:\/\/www.facebook.com\/WeAreVincentians\/","article_author":"https:\/\/www.facebook.com\/JavierChento","article_published_time":"2014-12-11T16:42:36+00:00","author":"Francisco Javier Fern\u00e1ndez Chento","twitter_card":"summary_large_image","twitter_creator":"@https:\/\/twitter.com\/javierchento","twitter_site":"@WeVincentians","twitter_misc":{"Escrito por":"Francisco Javier Fern\u00e1ndez Chento","Tiempo de lectura":"2 minutos"},"schema":{"@context":"https:\/\/schema.org","@graph":[{"@type":"Article","@id":"https:\/\/vincentians.com\/es\/manual-para-afiliados-a-la-congregacion-de-la-mision-en-colombia\/#article","isPartOf":{"@id":"https:\/\/vincentians.com\/es\/manual-para-afiliados-a-la-congregacion-de-la-mision-en-colombia\/"},"author":{"name":"Francisco Javier Fern\u00e1ndez Chento","@id":"http:\/\/vincentians.com\/es\/#\/schema\/person\/9623ef4d9aa3b2dfb8c061f1499288f2"},"headline":"Manual para Afiliados a la Congregaci\u00f3n de la Misi\u00f3n en Colombia","datePublished":"2014-12-11T16:42:36+00:00","mainEntityOfPage":{"@id":"https:\/\/vincentians.com\/es\/manual-para-afiliados-a-la-congregacion-de-la-mision-en-colombia\/"},"wordCount":453,"commentCount":2,"publisher":{"@id":"http:\/\/vincentians.com\/es\/#organization"},"image":{"@id":"https:\/\/vincentians.com\/es\/manual-para-afiliados-a-la-congregacion-de-la-mision-en-colombia\/#primaryimage"},"thumbnailUrl":"","articleSection":["Documentos de otras Ramas e Instituciones vicencianas"],"inLanguage":"es","potentialAction":[{"@type":"CommentAction","name":"Comment","target":["https:\/\/vincentians.com\/es\/manual-para-afiliados-a-la-congregacion-de-la-mision-en-colombia\/#respond"]}]},{"@type":"WebPage","@id":"https:\/\/vincentians.com\/es\/manual-para-afiliados-a-la-congregacion-de-la-mision-en-colombia\/","url":"https:\/\/vincentians.com\/es\/manual-para-afiliados-a-la-congregacion-de-la-mision-en-colombia\/","name":"Manual para Afiliados a la Congregaci\u00f3n de la Misi\u00f3n en Colombia - Somos Vicencianos","isPartOf":{"@id":"http:\/\/vincentians.com\/es\/#website"},"primaryImageOfPage":{"@id":"https:\/\/vincentians.com\/es\/manual-para-afiliados-a-la-congregacion-de-la-mision-en-colombia\/#primaryimage"},"image":{"@id":"https:\/\/vincentians.com\/es\/manual-para-afiliados-a-la-congregacion-de-la-mision-en-colombia\/#primaryimage"},"thumbnailUrl":"","datePublished":"2014-12-11T16:42:36+00:00","breadcrumb":{"@id":"https:\/\/vincentians.com\/es\/manual-para-afiliados-a-la-congregacion-de-la-mision-en-colombia\/#breadcrumb"},"inLanguage":"es","potentialAction":[{"@type":"ReadAction","target":["https:\/\/vincentians.com\/es\/manual-para-afiliados-a-la-congregacion-de-la-mision-en-colombia\/"]}]},{"@type":"ImageObject","inLanguage":"es","@id":"https:\/\/vincentians.com\/es\/manual-para-afiliados-a-la-congregacion-de-la-mision-en-colombia\/#primaryimage","url":"","contentUrl":""},{"@type":"BreadcrumbList","@id":"https:\/\/vincentians.com\/es\/manual-para-afiliados-a-la-congregacion-de-la-mision-en-colombia\/#breadcrumb","itemListElement":[{"@type":"ListItem","position":1,"name":"Portada","item":"http:\/\/vincentians.com\/es\/"},{"@type":"ListItem","position":2,"name":"Manual para Afiliados a la Congregaci\u00f3n de la Misi\u00f3n en Colombia"}]},{"@type":"WebSite","@id":"http:\/\/vincentians.com\/es\/#website","url":"http:\/\/vincentians.com\/es\/","name":"Somos Vicencianos","description":"Know more to serve more","publisher":{"@id":"http:\/\/vincentians.com\/es\/#organization"},"potentialAction":[{"@type":"SearchAction","target":{"@type":"EntryPoint","urlTemplate":"http:\/\/vincentians.com\/es\/?s={search_term_string}"},"query-input":{"@type":"PropertyValueSpecification","valueRequired":true,"valueName":"search_term_string"}}],"inLanguage":"es"},{"@type":"Organization","@id":"http:\/\/vincentians.com\/es\/#organization","name":"The Vincentian Network","url":"http:\/\/vincentians.com\/es\/","logo":{"@type":"ImageObject","inLanguage":"es","@id":"http:\/\/vincentians.com\/es\/#\/schema\/logo\/image\/","url":"https:\/\/i1.wp.com\/vincentians.com\/es\/wp-content\/uploads\/sites\/11\/2016\/06\/Vincentian-Network-logo-big.png?fit=778%2C778","contentUrl":"https:\/\/i1.wp.com\/vincentians.com\/es\/wp-content\/uploads\/sites\/11\/2016\/06\/Vincentian-Network-logo-big.png?fit=778%2C778","width":778,"height":778,"caption":"The Vincentian Network"},"image":{"@id":"http:\/\/vincentians.com\/es\/#\/schema\/logo\/image\/"},"sameAs":["https:\/\/www.facebook.com\/WeAreVincentians\/","https:\/\/x.com\/WeVincentians"]},{"@type":"Person","@id":"http:\/\/vincentians.com\/es\/#\/schema\/person\/9623ef4d9aa3b2dfb8c061f1499288f2","name":"Francisco Javier Fern\u00e1ndez Chento","image":{"@type":"ImageObject","inLanguage":"es","@id":"http:\/\/vincentians.com\/es\/#\/schema\/person\/image\/","url":"https:\/\/secure.gravatar.com\/avatar\/497d5cde87b4c3d097d0315953521681ba2cd523ee66e5077c3711f7021e65de?s=96&d=mm&r=g","contentUrl":"https:\/\/secure.gravatar.com\/avatar\/497d5cde87b4c3d097d0315953521681ba2cd523ee66e5077c3711f7021e65de?s=96&d=mm&r=g","caption":"Francisco Javier Fern\u00e1ndez Chento"},"description":"Director General y cofundador de La Red de Formaci\u00f3n Vicenciana. Javier es laico vicenciano, afiliado a la Congregaci\u00f3n de la Misi\u00f3n y miembro del Equipo de Misiones Populares de la provincia can\u00f3nica de Zaragoza (Espa\u00f1a) de la Congregaci\u00f3n de la Misi\u00f3n. Graduado en la Universidad Oberta de Catalunya con cuatro grados (Asistente de direcci\u00f3n, Gesti\u00f3n Administrativa, Recursos Humanos y Contabilidad Avanzada). Bil\u00edng\u00fce Espa\u00f1ol\/Ingl\u00e9s. gestiona y mantiene varias p\u00e1ginas web cristianas y vicencianas, incluida including La Red de Formaci\u00f3n Vicenciana, de la que es cofundador. Actualmente es responsable del \u00e1rea de Espa\u00f1ol de .famvin, la Red de Noticias de la Familia Vicenciana. Tambi\u00e9n es m\u00fasico cat\u00f3lico y ha editado varios discos. Es Director General y cofundador de Trovador, una reconocida compa\u00f1\u00eda discogr\u00e1fica critiana de Espa\u00f1a. Trabaja en las Tecnolog\u00edas de la Informaci\u00f3n, ofreciendo servicios de alojamiento, dise\u00f1o y mantenimiento Web, as\u00ed como asesoramiento, formaci\u00f3n y soluciones inform\u00e1ticas, gesti\u00f3n documental y digitalizaci\u00f3n de textos, edici\u00f3n y maquetaci\u00f3n de libros, revistas, flyers, etc.","sameAs":["http:\/\/chento.org","https:\/\/www.facebook.com\/JavierChento","https:\/\/x.com\/https:\/\/twitter.com\/javierchento"],"url":"http:\/\/vincentians.com\/es\/author\/chento\/"}]}},"jetpack_publicize_connections":[],"jetpack_featured_media_url":"","jetpack_sharing_enabled":true,"jetpack_shortlink":"https:\/\/wp.me\/p7ETMF-yuk","jetpack-related-posts":[{"id":132875,"url":"http:\/\/vincentians.com\/es\/estatutos-de-misevi-en-colombia\/","url_meta":{"origin":132576,"position":0},"title":"Estatutos de MISEVI en Colombia","author":"Francisco Javier Fern\u00e1ndez Chento","date":"17\/12\/2014","format":false,"excerpt":"CONREGAZIONE DELLA MISSIONE Cuna Generaiizia Roma 27 de abril 2005 Padre Gabriel NARANJO SALAZAR, CM Visitador Bogot\u00e1 Querido Gabriel: \u00a1Que la gracia y la paz del Se\u00f1or Jesucristo llenen tu coraz\u00f3n ahora y siempre! Por medio de la presente quiero felicitarte a Ti y en tu nombre, a los miembros\u2026","rel":"","context":"En \u00abDocumentos de Misioneros Seglares Vicencianos\u00bb","block_context":{"text":"Documentos de Misioneros Seglares Vicencianos","link":"http:\/\/vincentians.com\/es\/category\/formacion-vicenciana\/documentos-oficiales-de-la-familia-vicenciana\/documentos-de-misioneros-seglares-vicencianos\/"},"img":{"alt_text":"misevi_colombia","src":"https:\/\/i0.wp.com\/vicencianos.org\/wp-content\/2014\/12\/misevi_colombia-175x300.jpg?resize=350%2C200","width":350,"height":200},"classes":[]},{"id":137106,"url":"http:\/\/vincentians.com\/es\/estatutos-de-misevi-en-colombia-2\/","url_meta":{"origin":132576,"position":1},"title":"Estatutos de Fundaci\u00f3n Vicentina Luisa de Marillac en Colombia","author":"Francisco Javier Fern\u00e1ndez Chento","date":"31\/01\/2015","format":false,"excerpt":"Introducci\u00f3n hist\u00f3rica La historia providencial de la Fundaci\u00f3n Vicentina Luisa de Marillac se inicia en la cuna del carisma vicentino, Francia, con la afiliaci\u00f3n de la conocida en ese momento como \u201cobra de la venerable Luisa de Marillac\u201d a la familia de las Damas de la Caridad. Este hecho fundacional\u2026","rel":"","context":"En \u00abDocumentos de otras Ramas e Instituciones vicencianas\u00bb","block_context":{"text":"Documentos de otras Ramas e Instituciones vicencianas","link":"http:\/\/vincentians.com\/es\/category\/formacion-vicenciana\/documentos-oficiales-de-la-familia-vicenciana\/documentos-de-otras-ramas-e-instituciones-vicencianas\/"},"img":{"alt_text":"fvlm","src":"https:\/\/i0.wp.com\/vicencianos.org\/wp-content\/2014\/12\/fvlm-300x300.jpg?resize=350%2C200","width":350,"height":200},"classes":[]},{"id":134512,"url":"http:\/\/vincentians.com\/es\/dos-papas-santos-simpatizantes-del-carisma-vicentino\/","url_meta":{"origin":132576,"position":2},"title":"Dos papas santos simpatizantes del carisma vicentino","author":"Francisco Javier Fern\u00e1ndez Chento","date":"31\/12\/2014","format":false,"excerpt":"El Papa Francisco canoniz\u00f3 a los papas Juan XXIII (1881\u20131963) y Juan Pablo II (1929\u20132005) el 27 de abril de 2014 en Roma, en el contexto del 50 aniversario de la apertura del Concilio Vaticano II convocado por el papa Roncalli, convirti\u00e9ndose as\u00ed en los otros pont\u00edfices proclamados santos en\u2026","rel":"","context":"En \u00abFormaci\u00f3n Vicenciana\u00bb","block_context":{"text":"Formaci\u00f3n Vicenciana","link":"http:\/\/vincentians.com\/es\/category\/formacion-vicenciana\/"},"img":{"alt_text":"juan23_y_juanpablo2","src":"https:\/\/i0.wp.com\/vicencianos.org\/wp-content\/2014\/12\/juan23_y_juanpablo2.jpg?resize=350%2C200","width":350,"height":200},"classes":[]},{"id":132806,"url":"http:\/\/vincentians.com\/es\/estatutos-de-los-hijos-de-maria-inmaculada-en-colombia\/","url_meta":{"origin":132576,"position":3},"title":"Estatutos de los Hijos de Mar\u00eda Inmaculada en Colombia","author":"Francisco Javier Fern\u00e1ndez Chento","date":"16\/12\/2014","format":false,"excerpt":"Identidad: La asociaci\u00f3n de los Hijos de Mar\u00eda Inmaculada tuvo su origen en las apariciones de la Virgen Mar\u00eda a Santa Catalina Labour\u00e9 en 1830. Cuatro notas caracter\u00edsticas le hacen vivir su identidad: Eclesial: fue aprobada por P\u00edo IX en 1850 y est\u00e1 invitada expl\u00edcitamente a colaborar con la jerarqu\u00eda.\u2026","rel":"","context":"En \u00abDocumentos de otras Ramas e Instituciones vicencianas\u00bb","block_context":{"text":"Documentos de otras Ramas e Instituciones vicencianas","link":"http:\/\/vincentians.com\/es\/category\/formacion-vicenciana\/documentos-oficiales-de-la-familia-vicenciana\/documentos-de-otras-ramas-e-instituciones-vicencianas\/"},"img":{"alt_text":"Hijos de Maria Inmaculada en Colombia","src":"https:\/\/i0.wp.com\/vicencianos.org\/wp-content\/2014\/12\/Hijos-de-Maria-Inmaculada-en-Colombia-598x1024.jpg?resize=350%2C200","width":350,"height":200},"classes":[]},{"id":137107,"url":"http:\/\/vincentians.com\/es\/estatutos-de-aic-en-colombia\/","url_meta":{"origin":132576,"position":4},"title":"Estatutos de AIC en Colombia","author":"Francisco Javier Fern\u00e1ndez Chento","date":"01\/02\/2015","format":false,"excerpt":"CAPITULO I: NOMBRE, NATURALEZA, OBJETO, PATRIMONIO, DURACI\u00d3N Y DOMICILIO Art\u00edculo 1: NOMBRE. Organismo Nacional de Asociaciones Voluntarias Vicentinas de la Caridad que en adelante llevar\u00e1 el nombre de: FEDERACI\u00d3N NACIONAL DE VOLUNTARIADOS VICENTINOS DE LA CARIDAD A.I.C. COLOMBIA, se regir\u00e1 por estos estatutos y en lo no dispuesto en \u00e9l,\u2026","rel":"","context":"En \u00abDocumentos de Asociaci\u00f3n Internacional de Caridades\u00bb","block_context":{"text":"Documentos de Asociaci\u00f3n Internacional de Caridades","link":"http:\/\/vincentians.com\/es\/category\/formacion-vicenciana\/documentos-oficiales-de-la-familia-vicenciana\/documentos-de-asociacion-internacional-de-caridades\/"},"img":{"alt_text":"aic_colombia","src":"https:\/\/i0.wp.com\/vicencianos.org\/wp-content\/2014\/12\/aic_colombia-300x300.jpg?resize=350%2C200","width":350,"height":200},"classes":[]},{"id":116845,"url":"http:\/\/vincentians.com\/es\/la-congregacion-vicenciana-del-rito-siro-malabar-india\/","url_meta":{"origin":132576,"position":5},"title":"La Congregaci\u00f3n Vicenciana del rito Siro-Malabar (India)","author":"Francisco Javier Fern\u00e1ndez Chento","date":"15\/06\/2016","format":false,"excerpt":"Historia y desarrollo La INDIA es un pa\u00eds extens\u00edsimo y sumamente variado. Hacia el sur de la misma y a lo largo de la estrecha franja de su costa occidental est\u00e1 situada la regi\u00f3n denominada Malabar y tambi\u00e9n Kerala, que, con raz\u00f3n, se considera como \"el Jard\u00edn de la India\".\u2026","rel":"","context":"En \u00abCongregaci\u00f3n Vicenciana del rito Siro-Malabar\u00bb","block_context":{"text":"Congregaci\u00f3n Vicenciana del rito Siro-Malabar","link":"http:\/\/vincentians.com\/es\/category\/la-familia-vicenciana\/ramas\/congregacion-vicenciana-del-rito-siro-malabar\/"},"img":{"alt_text":"asd","src":"https:\/\/i0.wp.com\/vicencianos.org\/wp-content\/uploads\/2013\/01\/asd-3-137x300.jpg?resize=350%2C200","width":350,"height":200},"classes":[]}],"_links":{"self":[{"href":"http:\/\/vincentians.com\/es\/wp-json\/wp\/v2\/posts\/132576","targetHints":{"allow":["GET"]}}],"collection":[{"href":"http:\/\/vincentians.com\/es\/wp-json\/wp\/v2\/posts"}],"about":[{"href":"http:\/\/vincentians.com\/es\/wp-json\/wp\/v2\/types\/post"}],"author":[{"embeddable":true,"href":"http:\/\/vincentians.com\/es\/wp-json\/wp\/v2\/users\/4"}],"replies":[{"embeddable":true,"href":"http:\/\/vincentians.com\/es\/wp-json\/wp\/v2\/comments?post=132576"}],"version-history":[{"count":0,"href":"http:\/\/vincentians.com\/es\/wp-json\/wp\/v2\/posts\/132576\/revisions"}],"wp:featuredmedia":[{"embeddable":true,"href":"http:\/\/vincentians.com\/es\/wp-json\/"}],"wp:attachment":[{"href":"http:\/\/vincentians.com\/es\/wp-json\/wp\/v2\/media?parent=132576"}],"wp:term":[{"taxonomy":"category","embeddable":true,"href":"http:\/\/vincentians.com\/es\/wp-json\/wp\/v2\/categories?post=132576"},{"taxonomy":"post_tag","embeddable":true,"href":"http:\/\/vincentians.com\/es\/wp-json\/wp\/v2\/tags?post=132576"}],"curies":[{"name":"wp","href":"https:\/\/api.w.org\/{rel}","templated":true}]}}