{"id":132442,"date":"2012-05-06T00:31:41","date_gmt":"2012-05-05T22:31:41","guid":{"rendered":"http:\/\/somos.vicencianos.org\/comentarios\/?p=1548"},"modified":"2016-07-24T10:27:15","modified_gmt":"2016-07-24T08:27:15","slug":"domingo-5o-de-pascua-reflexion-de-alfonso-berrade-c-m","status":"publish","type":"post","link":"http:\/\/vincentians.com\/es\/domingo-5o-de-pascua-reflexion-de-alfonso-berrade-c-m\/","title":{"rendered":"Domingo 5\u00ba de Pascua (reflexi\u00f3n de Alfonso Berrade, C.M.)"},"content":{"rendered":"<h2>Lecci\u00f3n de agronom\u00eda en el Evangelio<\/h2>\n<p><img data-recalc-dims=\"1\" loading=\"lazy\" decoding=\"async\" class=\"alignright size-full wp-image-79\" title=\"alfonso_berrade\" src=\"https:\/\/i0.wp.com\/vicencianos.org\/wp-content\/2010\/12\/alfonso_berrade.jpg?resize=166%2C225\" alt=\"\" width=\"166\" height=\"225\" \/>Desde ni\u00f1o he visto las cosas que hacen los hombres del campo. Tambi\u00e9n Jes\u00fas vivi\u00f3 en el campo y le eran familiares las acciones de sus coet\u00e1neos. Vio sembrar y cosechar, vio limpiar los campos de malas hierbas y quemarlas, vio podar las vi\u00f1as y vio brotar los p\u00e1mpanos verdes en primavera, p\u00e1mpanos que luego se llenar\u00edan de racimos. Con todos esos elementos agr\u00edcolas fue tejiendo las par\u00e1bolas con las que hacer inteligibles temas como: Providencia de Dios, amor, Reino de Dios, perd\u00f3n y reconciliaci\u00f3n, ternura y compasi\u00f3n\u2026.Jes\u00fas se fij\u00f3 en que el coraz\u00f3n del hombre campesino vive a caballo entre la alegr\u00eda de su esfuerzo y el agradecimiento del regalo que Dios le da en sus cosechas. \u00a1Eso es vivir en Dios! \u00a1Qu\u00e9 bien nos lo expres\u00f3 San Vicente: \u00abEntre la sencilla gente del campo se vive la verdadera religi\u00f3n\u00bb!<\/p>\n<p>Hoy habr\u00e1 que mirar la vida como productora de bien, de servicios y de amor. Hay una manera maravillosa de hacer pronto el bien. Es injertarse. En agricultura se suelen tomar \u00e1rboles ya crecidos y en sus ramas se injertan esquejes de otros \u00e1rboles. Esos injertos dan fruto muy pronto porque son parte del \u00e1rbol desarrollado. Pero la rama injertada produce el fruto de su propia clase, no de la clase del \u00e1rbol. Si nos injertamos en Cristo, no perdemos nuestra propia naturaleza, nuestra propia personalidad, daremos frutos humanos seg\u00fan lo que somos. Pero quien nos alimenta es Cristo, el tronco, el \u00e1rbol. Ya nos dec\u00eda el Papa al hablar en Aparecida: \u00abNo tengan miedo a unirse con Cristo, \u00c9l no te quita nada, nada, nada. \u00c9l te da todo\u00bb. As\u00ed como el \u00e1rbol alimenta al injerto para que sea \u00e9l mismo y d\u00e9 fruto seg\u00fan es \u00e9l, Cristo nos alimenta para que seamos lo que Dios ha hecho de nosotros: Creaturas a su imagen y semejanza.<\/p>\n<p>Vivir como cristiano es tener el coraz\u00f3n contento y saber admirarnos de tanta bondad y tanta acci\u00f3n gratuita de Dios (gracia). Me gustar\u00eda saber de d\u00f3nde sacan miedos a Dios todas esas personas que rechazan a Cristo, a Dios y a la Iglesia porque, dicen, no les dejan vivir con libertad. \u00a1Si conocieran el don de Dios, correr\u00edan a conocerlo y vivir siempre unidos a \u00c9l! Pero habr\u00e1 que meditar a ver si nosotros, que nos llamamos cristianos, estamos trasmitiendo una imagen de Dios que provoque acogerlo y conocerlo. Un cristiano que no valore la vida, un cristiano que viva en miedo y tristeza, un cristiano sin coraje y con p\u00e1nico a amar y hablar con todos los seres del mundo\u2026 \u00bfQu\u00e9 Dios trasmite a los dem\u00e1s?<\/p>\n<p>Necesitamos reflexionar mucho y tomar decisiones sobre la alegr\u00eda, sobre el buen \u00e1nimo, sobre la belleza que existe en el mundo, sobre el trabajo y los frutos del mismo, sobre el amor y la ternura, sobre las capacidades nuestras y las de los dem\u00e1s. Si vamos caminando as\u00ed, no tendremos tiempo para aburrirnos. Si se viviera as\u00ed, no ser\u00edan nuestros noticieros de televisi\u00f3n una exposici\u00f3n monocorde de asaltos, muertes, robos, violaciones. Habr\u00e1 que cerrar los noticieros cuando veamos que s\u00f3lo se fijan en la maldad y porquer\u00eda del mundo y nunca hablan de lo bueno. El propagar la maldad genera m\u00e1s maldad. Propagar los maravillosos ejemplos producir\u00e1 m\u00e1s ejemplos maravillosos. Entonces el tronco fuerte de Jes\u00fas alimentar\u00e1 nuestras ramas y daremos fruto para la vida.<\/p>\n","protected":false},"excerpt":{"rendered":"<p>Lecci\u00f3n de agronom\u00eda en el Evangelio Desde ni\u00f1o he visto las cosas que hacen los hombres del campo. Tambi\u00e9n Jes\u00fas vivi\u00f3 en el campo y le eran familiares las acciones de sus coet\u00e1neos. Vio sembrar &#8230; <a href=\"http:\/\/vincentians.com\/es\/domingo-5o-de-pascua-reflexion-de-alfonso-berrade-c-m\/\" class=\"more-link\">Read More<\/a><\/p>\n","protected":false},"author":4,"featured_media":388408,"comment_status":"open","ping_status":"open","sticky":false,"template":"","format":"standard","meta":{"jetpack_post_was_ever_published":false,"_jetpack_newsletter_access":"","_jetpack_dont_email_post_to_subs":false,"_jetpack_newsletter_tier_id":0,"_jetpack_memberships_contains_paywalled_content":false,"_jetpack_memberships_contains_paid_content":false,"footnotes":"","jetpack_publicize_message":"","jetpack_publicize_feature_enabled":true,"jetpack_social_post_already_shared":true,"jetpack_social_options":{"image_generator_settings":{"template":"highway","default_image_id":0,"font":"","enabled":false},"version":2}},"categories":[93],"tags":[],"class_list":["post-132442","post","type-post","status-publish","format-standard","has-post-thumbnail","hentry","category-homilias-y-reflexiones-ano-b"],"yoast_head":"<!-- This site is optimized with the Yoast SEO plugin v26.3 - https:\/\/yoast.com\/wordpress\/plugins\/seo\/ -->\n<title>Domingo 5\u00ba de Pascua (reflexi\u00f3n de Alfonso Berrade, C.M.) - Somos Vicencianos<\/title>\n<meta name=\"robots\" content=\"index, follow, max-snippet:-1, max-image-preview:large, max-video-preview:-1\" \/>\n<link rel=\"canonical\" href=\"http:\/\/vincentians.com\/es\/domingo-5o-de-pascua-reflexion-de-alfonso-berrade-c-m\/\" \/>\n<meta property=\"og:locale\" content=\"es_ES\" \/>\n<meta property=\"og:type\" content=\"article\" \/>\n<meta property=\"og:title\" content=\"Domingo 5\u00ba de Pascua (reflexi\u00f3n de Alfonso Berrade, C.M.) - Somos Vicencianos\" \/>\n<meta property=\"og:description\" content=\"Lecci\u00f3n de agronom\u00eda en el Evangelio Desde ni\u00f1o he visto las cosas que hacen los hombres del campo. Tambi\u00e9n Jes\u00fas vivi\u00f3 en el campo y le eran familiares las acciones de sus coet\u00e1neos. Vio sembrar ... Read More\" \/>\n<meta property=\"og:url\" content=\"http:\/\/vincentians.com\/es\/domingo-5o-de-pascua-reflexion-de-alfonso-berrade-c-m\/\" \/>\n<meta property=\"og:site_name\" content=\"Somos Vicencianos\" \/>\n<meta property=\"article:publisher\" content=\"https:\/\/www.facebook.com\/WeAreVincentians\/\" \/>\n<meta property=\"article:author\" content=\"https:\/\/www.facebook.com\/JavierChento\" \/>\n<meta property=\"article:published_time\" content=\"2012-05-05T22:31:41+00:00\" \/>\n<meta property=\"article:modified_time\" content=\"2016-07-24T08:27:15+00:00\" \/>\n<meta property=\"og:image\" content=\"https:\/\/i0.wp.com\/vincentians.com\/es\/wp-content\/uploads\/sites\/11\/2016\/07\/reflexiones-palabra-de-dios.jpg?fit=1200%2C630\" \/>\n\t<meta property=\"og:image:width\" content=\"1200\" \/>\n\t<meta property=\"og:image:height\" content=\"630\" \/>\n\t<meta property=\"og:image:type\" content=\"image\/jpeg\" \/>\n<meta name=\"author\" content=\"Francisco Javier Fern\u00e1ndez Chento\" \/>\n<meta name=\"twitter:card\" content=\"summary_large_image\" \/>\n<meta name=\"twitter:creator\" content=\"@https:\/\/twitter.com\/javierchento\" \/>\n<meta name=\"twitter:site\" content=\"@WeVincentians\" \/>\n<meta name=\"twitter:label1\" content=\"Escrito por\" \/>\n\t<meta name=\"twitter:data1\" content=\"Francisco Javier Fern\u00e1ndez Chento\" \/>\n\t<meta name=\"twitter:label2\" content=\"Tiempo de lectura\" \/>\n\t<meta name=\"twitter:data2\" content=\"3 minutos\" \/>\n<script type=\"application\/ld+json\" class=\"yoast-schema-graph\">{\"@context\":\"https:\/\/schema.org\",\"@graph\":[{\"@type\":\"Article\",\"@id\":\"http:\/\/vincentians.com\/es\/domingo-5o-de-pascua-reflexion-de-alfonso-berrade-c-m\/#article\",\"isPartOf\":{\"@id\":\"http:\/\/vincentians.com\/es\/domingo-5o-de-pascua-reflexion-de-alfonso-berrade-c-m\/\"},\"author\":{\"name\":\"Francisco Javier Fern\u00e1ndez Chento\",\"@id\":\"http:\/\/vincentians.com\/es\/#\/schema\/person\/9623ef4d9aa3b2dfb8c061f1499288f2\"},\"headline\":\"Domingo 5\u00ba de Pascua (reflexi\u00f3n de Alfonso Berrade, C.M.)\",\"datePublished\":\"2012-05-05T22:31:41+00:00\",\"dateModified\":\"2016-07-24T08:27:15+00:00\",\"mainEntityOfPage\":{\"@id\":\"http:\/\/vincentians.com\/es\/domingo-5o-de-pascua-reflexion-de-alfonso-berrade-c-m\/\"},\"wordCount\":616,\"commentCount\":0,\"publisher\":{\"@id\":\"http:\/\/vincentians.com\/es\/#organization\"},\"image\":{\"@id\":\"http:\/\/vincentians.com\/es\/domingo-5o-de-pascua-reflexion-de-alfonso-berrade-c-m\/#primaryimage\"},\"thumbnailUrl\":\"https:\/\/i0.wp.com\/vincentians.com\/es\/wp-content\/uploads\/sites\/11\/2016\/07\/reflexiones-palabra-de-dios.jpg?fit=1200%2C630\",\"articleSection\":[\"Homil\u00edas y reflexiones, A\u00f1o B\"],\"inLanguage\":\"es\",\"potentialAction\":[{\"@type\":\"CommentAction\",\"name\":\"Comment\",\"target\":[\"http:\/\/vincentians.com\/es\/domingo-5o-de-pascua-reflexion-de-alfonso-berrade-c-m\/#respond\"]}]},{\"@type\":\"WebPage\",\"@id\":\"http:\/\/vincentians.com\/es\/domingo-5o-de-pascua-reflexion-de-alfonso-berrade-c-m\/\",\"url\":\"http:\/\/vincentians.com\/es\/domingo-5o-de-pascua-reflexion-de-alfonso-berrade-c-m\/\",\"name\":\"Domingo 5\u00ba de Pascua (reflexi\u00f3n de Alfonso Berrade, C.M.) - Somos Vicencianos\",\"isPartOf\":{\"@id\":\"http:\/\/vincentians.com\/es\/#website\"},\"primaryImageOfPage\":{\"@id\":\"http:\/\/vincentians.com\/es\/domingo-5o-de-pascua-reflexion-de-alfonso-berrade-c-m\/#primaryimage\"},\"image\":{\"@id\":\"http:\/\/vincentians.com\/es\/domingo-5o-de-pascua-reflexion-de-alfonso-berrade-c-m\/#primaryimage\"},\"thumbnailUrl\":\"https:\/\/i0.wp.com\/vincentians.com\/es\/wp-content\/uploads\/sites\/11\/2016\/07\/reflexiones-palabra-de-dios.jpg?fit=1200%2C630\",\"datePublished\":\"2012-05-05T22:31:41+00:00\",\"dateModified\":\"2016-07-24T08:27:15+00:00\",\"breadcrumb\":{\"@id\":\"http:\/\/vincentians.com\/es\/domingo-5o-de-pascua-reflexion-de-alfonso-berrade-c-m\/#breadcrumb\"},\"inLanguage\":\"es\",\"potentialAction\":[{\"@type\":\"ReadAction\",\"target\":[\"http:\/\/vincentians.com\/es\/domingo-5o-de-pascua-reflexion-de-alfonso-berrade-c-m\/\"]}]},{\"@type\":\"ImageObject\",\"inLanguage\":\"es\",\"@id\":\"http:\/\/vincentians.com\/es\/domingo-5o-de-pascua-reflexion-de-alfonso-berrade-c-m\/#primaryimage\",\"url\":\"https:\/\/i0.wp.com\/vincentians.com\/es\/wp-content\/uploads\/sites\/11\/2016\/07\/reflexiones-palabra-de-dios.jpg?fit=1200%2C630\",\"contentUrl\":\"https:\/\/i0.wp.com\/vincentians.com\/es\/wp-content\/uploads\/sites\/11\/2016\/07\/reflexiones-palabra-de-dios.jpg?fit=1200%2C630\",\"width\":1200,\"height\":630},{\"@type\":\"BreadcrumbList\",\"@id\":\"http:\/\/vincentians.com\/es\/domingo-5o-de-pascua-reflexion-de-alfonso-berrade-c-m\/#breadcrumb\",\"itemListElement\":[{\"@type\":\"ListItem\",\"position\":1,\"name\":\"Portada\",\"item\":\"http:\/\/vincentians.com\/es\/\"},{\"@type\":\"ListItem\",\"position\":2,\"name\":\"Domingo 5\u00ba de Pascua (reflexi\u00f3n de Alfonso Berrade, C.M.)\"}]},{\"@type\":\"WebSite\",\"@id\":\"http:\/\/vincentians.com\/es\/#website\",\"url\":\"http:\/\/vincentians.com\/es\/\",\"name\":\"Somos Vicencianos\",\"description\":\"Know more to serve more\",\"publisher\":{\"@id\":\"http:\/\/vincentians.com\/es\/#organization\"},\"potentialAction\":[{\"@type\":\"SearchAction\",\"target\":{\"@type\":\"EntryPoint\",\"urlTemplate\":\"http:\/\/vincentians.com\/es\/?s={search_term_string}\"},\"query-input\":{\"@type\":\"PropertyValueSpecification\",\"valueRequired\":true,\"valueName\":\"search_term_string\"}}],\"inLanguage\":\"es\"},{\"@type\":\"Organization\",\"@id\":\"http:\/\/vincentians.com\/es\/#organization\",\"name\":\"The Vincentian Network\",\"url\":\"http:\/\/vincentians.com\/es\/\",\"logo\":{\"@type\":\"ImageObject\",\"inLanguage\":\"es\",\"@id\":\"http:\/\/vincentians.com\/es\/#\/schema\/logo\/image\/\",\"url\":\"https:\/\/i1.wp.com\/vincentians.com\/es\/wp-content\/uploads\/sites\/11\/2016\/06\/Vincentian-Network-logo-big.png?fit=778%2C778\",\"contentUrl\":\"https:\/\/i1.wp.com\/vincentians.com\/es\/wp-content\/uploads\/sites\/11\/2016\/06\/Vincentian-Network-logo-big.png?fit=778%2C778\",\"width\":778,\"height\":778,\"caption\":\"The Vincentian Network\"},\"image\":{\"@id\":\"http:\/\/vincentians.com\/es\/#\/schema\/logo\/image\/\"},\"sameAs\":[\"https:\/\/www.facebook.com\/WeAreVincentians\/\",\"https:\/\/x.com\/WeVincentians\"]},{\"@type\":\"Person\",\"@id\":\"http:\/\/vincentians.com\/es\/#\/schema\/person\/9623ef4d9aa3b2dfb8c061f1499288f2\",\"name\":\"Francisco Javier Fern\u00e1ndez Chento\",\"image\":{\"@type\":\"ImageObject\",\"inLanguage\":\"es\",\"@id\":\"http:\/\/vincentians.com\/es\/#\/schema\/person\/image\/\",\"url\":\"https:\/\/secure.gravatar.com\/avatar\/497d5cde87b4c3d097d0315953521681ba2cd523ee66e5077c3711f7021e65de?s=96&d=mm&r=g\",\"contentUrl\":\"https:\/\/secure.gravatar.com\/avatar\/497d5cde87b4c3d097d0315953521681ba2cd523ee66e5077c3711f7021e65de?s=96&d=mm&r=g\",\"caption\":\"Francisco Javier Fern\u00e1ndez Chento\"},\"description\":\"Director General y cofundador de La Red de Formaci\u00f3n Vicenciana. Javier es laico vicenciano, afiliado a la Congregaci\u00f3n de la Misi\u00f3n y miembro del Equipo de Misiones Populares de la provincia can\u00f3nica de Zaragoza (Espa\u00f1a) de la Congregaci\u00f3n de la Misi\u00f3n. Graduado en la Universidad Oberta de Catalunya con cuatro grados (Asistente de direcci\u00f3n, Gesti\u00f3n Administrativa, Recursos Humanos y Contabilidad Avanzada). Bil\u00edng\u00fce Espa\u00f1ol\/Ingl\u00e9s. gestiona y mantiene varias p\u00e1ginas web cristianas y vicencianas, incluida including La Red de Formaci\u00f3n Vicenciana, de la que es cofundador. Actualmente es responsable del \u00e1rea de Espa\u00f1ol de .famvin, la Red de Noticias de la Familia Vicenciana. Tambi\u00e9n es m\u00fasico cat\u00f3lico y ha editado varios discos. Es Director General y cofundador de Trovador, una reconocida compa\u00f1\u00eda discogr\u00e1fica critiana de Espa\u00f1a. Trabaja en las Tecnolog\u00edas de la Informaci\u00f3n, ofreciendo servicios de alojamiento, dise\u00f1o y mantenimiento Web, as\u00ed como asesoramiento, formaci\u00f3n y soluciones inform\u00e1ticas, gesti\u00f3n documental y digitalizaci\u00f3n de textos, edici\u00f3n y maquetaci\u00f3n de libros, revistas, flyers, etc.\",\"sameAs\":[\"http:\/\/chento.org\",\"https:\/\/www.facebook.com\/JavierChento\",\"https:\/\/x.com\/https:\/\/twitter.com\/javierchento\"],\"url\":\"http:\/\/vincentians.com\/es\/author\/chento\/\"}]}<\/script>\n<!-- \/ Yoast SEO plugin. -->","yoast_head_json":{"title":"Domingo 5\u00ba de Pascua (reflexi\u00f3n de Alfonso Berrade, C.M.) - Somos Vicencianos","robots":{"index":"index","follow":"follow","max-snippet":"max-snippet:-1","max-image-preview":"max-image-preview:large","max-video-preview":"max-video-preview:-1"},"canonical":"http:\/\/vincentians.com\/es\/domingo-5o-de-pascua-reflexion-de-alfonso-berrade-c-m\/","og_locale":"es_ES","og_type":"article","og_title":"Domingo 5\u00ba de Pascua (reflexi\u00f3n de Alfonso Berrade, C.M.) - Somos Vicencianos","og_description":"Lecci\u00f3n de agronom\u00eda en el Evangelio Desde ni\u00f1o he visto las cosas que hacen los hombres del campo. Tambi\u00e9n Jes\u00fas vivi\u00f3 en el campo y le eran familiares las acciones de sus coet\u00e1neos. Vio sembrar ... Read More","og_url":"http:\/\/vincentians.com\/es\/domingo-5o-de-pascua-reflexion-de-alfonso-berrade-c-m\/","og_site_name":"Somos Vicencianos","article_publisher":"https:\/\/www.facebook.com\/WeAreVincentians\/","article_author":"https:\/\/www.facebook.com\/JavierChento","article_published_time":"2012-05-05T22:31:41+00:00","article_modified_time":"2016-07-24T08:27:15+00:00","og_image":[{"width":1200,"height":630,"url":"https:\/\/i0.wp.com\/vincentians.com\/es\/wp-content\/uploads\/sites\/11\/2016\/07\/reflexiones-palabra-de-dios.jpg?fit=1200%2C630","type":"image\/jpeg"}],"author":"Francisco Javier Fern\u00e1ndez Chento","twitter_card":"summary_large_image","twitter_creator":"@https:\/\/twitter.com\/javierchento","twitter_site":"@WeVincentians","twitter_misc":{"Escrito por":"Francisco Javier Fern\u00e1ndez Chento","Tiempo de lectura":"3 minutos"},"schema":{"@context":"https:\/\/schema.org","@graph":[{"@type":"Article","@id":"http:\/\/vincentians.com\/es\/domingo-5o-de-pascua-reflexion-de-alfonso-berrade-c-m\/#article","isPartOf":{"@id":"http:\/\/vincentians.com\/es\/domingo-5o-de-pascua-reflexion-de-alfonso-berrade-c-m\/"},"author":{"name":"Francisco Javier Fern\u00e1ndez Chento","@id":"http:\/\/vincentians.com\/es\/#\/schema\/person\/9623ef4d9aa3b2dfb8c061f1499288f2"},"headline":"Domingo 5\u00ba de Pascua (reflexi\u00f3n de Alfonso Berrade, C.M.)","datePublished":"2012-05-05T22:31:41+00:00","dateModified":"2016-07-24T08:27:15+00:00","mainEntityOfPage":{"@id":"http:\/\/vincentians.com\/es\/domingo-5o-de-pascua-reflexion-de-alfonso-berrade-c-m\/"},"wordCount":616,"commentCount":0,"publisher":{"@id":"http:\/\/vincentians.com\/es\/#organization"},"image":{"@id":"http:\/\/vincentians.com\/es\/domingo-5o-de-pascua-reflexion-de-alfonso-berrade-c-m\/#primaryimage"},"thumbnailUrl":"https:\/\/i0.wp.com\/vincentians.com\/es\/wp-content\/uploads\/sites\/11\/2016\/07\/reflexiones-palabra-de-dios.jpg?fit=1200%2C630","articleSection":["Homil\u00edas y reflexiones, A\u00f1o B"],"inLanguage":"es","potentialAction":[{"@type":"CommentAction","name":"Comment","target":["http:\/\/vincentians.com\/es\/domingo-5o-de-pascua-reflexion-de-alfonso-berrade-c-m\/#respond"]}]},{"@type":"WebPage","@id":"http:\/\/vincentians.com\/es\/domingo-5o-de-pascua-reflexion-de-alfonso-berrade-c-m\/","url":"http:\/\/vincentians.com\/es\/domingo-5o-de-pascua-reflexion-de-alfonso-berrade-c-m\/","name":"Domingo 5\u00ba de Pascua (reflexi\u00f3n de Alfonso Berrade, C.M.) - Somos Vicencianos","isPartOf":{"@id":"http:\/\/vincentians.com\/es\/#website"},"primaryImageOfPage":{"@id":"http:\/\/vincentians.com\/es\/domingo-5o-de-pascua-reflexion-de-alfonso-berrade-c-m\/#primaryimage"},"image":{"@id":"http:\/\/vincentians.com\/es\/domingo-5o-de-pascua-reflexion-de-alfonso-berrade-c-m\/#primaryimage"},"thumbnailUrl":"https:\/\/i0.wp.com\/vincentians.com\/es\/wp-content\/uploads\/sites\/11\/2016\/07\/reflexiones-palabra-de-dios.jpg?fit=1200%2C630","datePublished":"2012-05-05T22:31:41+00:00","dateModified":"2016-07-24T08:27:15+00:00","breadcrumb":{"@id":"http:\/\/vincentians.com\/es\/domingo-5o-de-pascua-reflexion-de-alfonso-berrade-c-m\/#breadcrumb"},"inLanguage":"es","potentialAction":[{"@type":"ReadAction","target":["http:\/\/vincentians.com\/es\/domingo-5o-de-pascua-reflexion-de-alfonso-berrade-c-m\/"]}]},{"@type":"ImageObject","inLanguage":"es","@id":"http:\/\/vincentians.com\/es\/domingo-5o-de-pascua-reflexion-de-alfonso-berrade-c-m\/#primaryimage","url":"https:\/\/i0.wp.com\/vincentians.com\/es\/wp-content\/uploads\/sites\/11\/2016\/07\/reflexiones-palabra-de-dios.jpg?fit=1200%2C630","contentUrl":"https:\/\/i0.wp.com\/vincentians.com\/es\/wp-content\/uploads\/sites\/11\/2016\/07\/reflexiones-palabra-de-dios.jpg?fit=1200%2C630","width":1200,"height":630},{"@type":"BreadcrumbList","@id":"http:\/\/vincentians.com\/es\/domingo-5o-de-pascua-reflexion-de-alfonso-berrade-c-m\/#breadcrumb","itemListElement":[{"@type":"ListItem","position":1,"name":"Portada","item":"http:\/\/vincentians.com\/es\/"},{"@type":"ListItem","position":2,"name":"Domingo 5\u00ba de Pascua (reflexi\u00f3n de Alfonso Berrade, C.M.)"}]},{"@type":"WebSite","@id":"http:\/\/vincentians.com\/es\/#website","url":"http:\/\/vincentians.com\/es\/","name":"Somos Vicencianos","description":"Know more to serve more","publisher":{"@id":"http:\/\/vincentians.com\/es\/#organization"},"potentialAction":[{"@type":"SearchAction","target":{"@type":"EntryPoint","urlTemplate":"http:\/\/vincentians.com\/es\/?s={search_term_string}"},"query-input":{"@type":"PropertyValueSpecification","valueRequired":true,"valueName":"search_term_string"}}],"inLanguage":"es"},{"@type":"Organization","@id":"http:\/\/vincentians.com\/es\/#organization","name":"The Vincentian Network","url":"http:\/\/vincentians.com\/es\/","logo":{"@type":"ImageObject","inLanguage":"es","@id":"http:\/\/vincentians.com\/es\/#\/schema\/logo\/image\/","url":"https:\/\/i1.wp.com\/vincentians.com\/es\/wp-content\/uploads\/sites\/11\/2016\/06\/Vincentian-Network-logo-big.png?fit=778%2C778","contentUrl":"https:\/\/i1.wp.com\/vincentians.com\/es\/wp-content\/uploads\/sites\/11\/2016\/06\/Vincentian-Network-logo-big.png?fit=778%2C778","width":778,"height":778,"caption":"The Vincentian Network"},"image":{"@id":"http:\/\/vincentians.com\/es\/#\/schema\/logo\/image\/"},"sameAs":["https:\/\/www.facebook.com\/WeAreVincentians\/","https:\/\/x.com\/WeVincentians"]},{"@type":"Person","@id":"http:\/\/vincentians.com\/es\/#\/schema\/person\/9623ef4d9aa3b2dfb8c061f1499288f2","name":"Francisco Javier Fern\u00e1ndez Chento","image":{"@type":"ImageObject","inLanguage":"es","@id":"http:\/\/vincentians.com\/es\/#\/schema\/person\/image\/","url":"https:\/\/secure.gravatar.com\/avatar\/497d5cde87b4c3d097d0315953521681ba2cd523ee66e5077c3711f7021e65de?s=96&d=mm&r=g","contentUrl":"https:\/\/secure.gravatar.com\/avatar\/497d5cde87b4c3d097d0315953521681ba2cd523ee66e5077c3711f7021e65de?s=96&d=mm&r=g","caption":"Francisco Javier Fern\u00e1ndez Chento"},"description":"Director General y cofundador de La Red de Formaci\u00f3n Vicenciana. Javier es laico vicenciano, afiliado a la Congregaci\u00f3n de la Misi\u00f3n y miembro del Equipo de Misiones Populares de la provincia can\u00f3nica de Zaragoza (Espa\u00f1a) de la Congregaci\u00f3n de la Misi\u00f3n. Graduado en la Universidad Oberta de Catalunya con cuatro grados (Asistente de direcci\u00f3n, Gesti\u00f3n Administrativa, Recursos Humanos y Contabilidad Avanzada). Bil\u00edng\u00fce Espa\u00f1ol\/Ingl\u00e9s. gestiona y mantiene varias p\u00e1ginas web cristianas y vicencianas, incluida including La Red de Formaci\u00f3n Vicenciana, de la que es cofundador. Actualmente es responsable del \u00e1rea de Espa\u00f1ol de .famvin, la Red de Noticias de la Familia Vicenciana. Tambi\u00e9n es m\u00fasico cat\u00f3lico y ha editado varios discos. Es Director General y cofundador de Trovador, una reconocida compa\u00f1\u00eda discogr\u00e1fica critiana de Espa\u00f1a. Trabaja en las Tecnolog\u00edas de la Informaci\u00f3n, ofreciendo servicios de alojamiento, dise\u00f1o y mantenimiento Web, as\u00ed como asesoramiento, formaci\u00f3n y soluciones inform\u00e1ticas, gesti\u00f3n documental y digitalizaci\u00f3n de textos, edici\u00f3n y maquetaci\u00f3n de libros, revistas, flyers, etc.","sameAs":["http:\/\/chento.org","https:\/\/www.facebook.com\/JavierChento","https:\/\/x.com\/https:\/\/twitter.com\/javierchento"],"url":"http:\/\/vincentians.com\/es\/author\/chento\/"}]}},"jetpack_publicize_connections":[],"jetpack_featured_media_url":"https:\/\/i0.wp.com\/vincentians.com\/es\/wp-content\/uploads\/sites\/11\/2016\/07\/reflexiones-palabra-de-dios.jpg?fit=1200%2C630","jetpack_sharing_enabled":true,"jetpack_shortlink":"https:\/\/wp.me\/p7ETMF-ysa","jetpack-related-posts":[{"id":172844,"url":"http:\/\/vincentians.com\/es\/11o-domingo-de-t-o-reflexion-de-javier-balda-c-m\/","url_meta":{"origin":132442,"position":0},"title":"11\u00ba Domingo de T.O. (reflexi\u00f3n de Javier Balda, C.M.)","author":"Francisco Javier Fern\u00e1ndez Chento","date":"11\/06\/2015","format":false,"excerpt":"S\u00e9 sembrador del Reino Fue Cristo quien implant\u00f3 su Reino el d\u00eda de la Encarnaci\u00f3n, el d\u00eda en que Dios hizo su morada en medio de los hombres, pero sobre todo, el d\u00eda en que, con su muerte y resurrecci\u00f3n sell\u00f3 el Nuevo Pacto, firm\u00f3 la Nueva Alianza y se\u2026","rel":"","context":"En \u00abHomil\u00edas y reflexiones, A\u00f1o B\u00bb","block_context":{"text":"Homil\u00edas y reflexiones, A\u00f1o B","link":"http:\/\/vincentians.com\/es\/category\/homilias-y-reflexiones-a-la-palabra-de-dios\/homilias-y-reflexiones-ano-b\/"},"img":{"alt_text":"","src":"https:\/\/i0.wp.com\/vincentians.com\/es\/wp-content\/uploads\/sites\/11\/2016\/07\/reflexiones-palabra-de-dios.jpg?fit=1200%2C630&resize=350%2C200","width":350,"height":200,"srcset":"https:\/\/i0.wp.com\/vincentians.com\/es\/wp-content\/uploads\/sites\/11\/2016\/07\/reflexiones-palabra-de-dios.jpg?fit=1200%2C630&resize=350%2C200 1x, https:\/\/i0.wp.com\/vincentians.com\/es\/wp-content\/uploads\/sites\/11\/2016\/07\/reflexiones-palabra-de-dios.jpg?fit=1200%2C630&resize=525%2C300 1.5x, https:\/\/i0.wp.com\/vincentians.com\/es\/wp-content\/uploads\/sites\/11\/2016\/07\/reflexiones-palabra-de-dios.jpg?fit=1200%2C630&resize=700%2C400 2x, https:\/\/i0.wp.com\/vincentians.com\/es\/wp-content\/uploads\/sites\/11\/2016\/07\/reflexiones-palabra-de-dios.jpg?fit=1200%2C630&resize=1050%2C600 3x"},"classes":[]},{"id":396484,"url":"http:\/\/vincentians.com\/es\/18o-domingo-t-reflexion-la-s-s-v-p-estados-unidos\/","url_meta":{"origin":132442,"position":1},"title":"18\u00ba Domingo de T.O. (reflexi\u00f3n de la S.S.V.P. en Estados Unidos)","author":"Francisco Javier Fern\u00e1ndez Chento","date":"27\/07\/2016","format":false,"excerpt":"Evangelio: (San Lucas 12:13-21) Jes\u00fas le dijo a la gente: \u201cEviten con gran cuidado toda clase de codicia, porque aunque uno lo tenga todo, no son sus posesiones las que le dan vida.\u201d\u00a0 A continuaci\u00f3n les propuso este ejemplo:\u00a0 \u201cHab\u00eda un hombre rico, al que sus campos le hab\u00edan producido\u2026","rel":"","context":"En \u00abHomil\u00edas y reflexiones, A\u00f1o C\u00bb","block_context":{"text":"Homil\u00edas y reflexiones, A\u00f1o C","link":"http:\/\/vincentians.com\/es\/category\/homilias-y-reflexiones-a-la-palabra-de-dios\/homilias-y-reflexiones-ano-c\/"},"img":{"alt_text":"","src":"https:\/\/i0.wp.com\/vincentians.com\/es\/wp-content\/uploads\/sites\/11\/2016\/07\/reflexiones-palabra-de-dios.jpg?fit=1200%2C630&resize=350%2C200","width":350,"height":200,"srcset":"https:\/\/i0.wp.com\/vincentians.com\/es\/wp-content\/uploads\/sites\/11\/2016\/07\/reflexiones-palabra-de-dios.jpg?fit=1200%2C630&resize=350%2C200 1x, https:\/\/i0.wp.com\/vincentians.com\/es\/wp-content\/uploads\/sites\/11\/2016\/07\/reflexiones-palabra-de-dios.jpg?fit=1200%2C630&resize=525%2C300 1.5x, https:\/\/i0.wp.com\/vincentians.com\/es\/wp-content\/uploads\/sites\/11\/2016\/07\/reflexiones-palabra-de-dios.jpg?fit=1200%2C630&resize=700%2C400 2x, https:\/\/i0.wp.com\/vincentians.com\/es\/wp-content\/uploads\/sites\/11\/2016\/07\/reflexiones-palabra-de-dios.jpg?fit=1200%2C630&resize=1050%2C600 3x"},"classes":[]},{"id":144277,"url":"http:\/\/vincentians.com\/es\/5o-domingo-de-pascua-reflexion-de-alfonso-berrade-c-m\/","url_meta":{"origin":132442,"position":2},"title":"5\u00ba Domingo de Pascua (reflexi\u00f3n de Alfonso Berrade, C.M.)","author":"Francisco Javier Fern\u00e1ndez Chento","date":"03\/05\/2015","format":false,"excerpt":"Los campesinos s\u00ed le entienden Cuando yo empec\u00e9 a leer los evangelios al entrar en el colegio, me parec\u00eda que Jes\u00fas hab\u00eda vivido toda su vida en mi pueblo. Captaba bien lo del buen pastor, las ramas del \u00e1rbol que dan fruto, entend\u00eda lo de la poda, el sembrador que\u2026","rel":"","context":"En \u00abHomil\u00edas y reflexiones, A\u00f1o B\u00bb","block_context":{"text":"Homil\u00edas y reflexiones, A\u00f1o B","link":"http:\/\/vincentians.com\/es\/category\/homilias-y-reflexiones-a-la-palabra-de-dios\/homilias-y-reflexiones-ano-b\/"},"img":{"alt_text":"","src":"https:\/\/i0.wp.com\/vincentians.com\/es\/wp-content\/uploads\/sites\/11\/2016\/07\/reflexiones-palabra-de-dios.jpg?fit=1200%2C630&resize=350%2C200","width":350,"height":200,"srcset":"https:\/\/i0.wp.com\/vincentians.com\/es\/wp-content\/uploads\/sites\/11\/2016\/07\/reflexiones-palabra-de-dios.jpg?fit=1200%2C630&resize=350%2C200 1x, https:\/\/i0.wp.com\/vincentians.com\/es\/wp-content\/uploads\/sites\/11\/2016\/07\/reflexiones-palabra-de-dios.jpg?fit=1200%2C630&resize=525%2C300 1.5x, https:\/\/i0.wp.com\/vincentians.com\/es\/wp-content\/uploads\/sites\/11\/2016\/07\/reflexiones-palabra-de-dios.jpg?fit=1200%2C630&resize=700%2C400 2x, https:\/\/i0.wp.com\/vincentians.com\/es\/wp-content\/uploads\/sites\/11\/2016\/07\/reflexiones-palabra-de-dios.jpg?fit=1200%2C630&resize=1050%2C600 3x"},"classes":[]},{"id":389544,"url":"http:\/\/vincentians.com\/es\/desenmascarar-la-insensatez\/","url_meta":{"origin":132442,"position":3},"title":"18\u00ba Domingo de T.O. (Jos\u00e9 Antonio Pagola): Desenmascarar la insensatez","author":"Ross Reyes Dizon","date":"26\/07\/2016","format":false,"excerpt":"El protagonista de la peque\u00f1a par\u00e1bola del \u00abrico insensato\u00bb es un terrateniente como aquellos que conoci\u00f3 Jes\u00fas en Galilea. Hombres poderosos que explotaban sin piedad a los campesinos, pensando solo en aumentar su bienestar. La gente los tem\u00eda y envidiaba: sin duda eran los m\u00e1s afortunados. Para Jes\u00fas, son los\u2026","rel":"","context":"En \u00abHomil\u00edas y reflexiones, A\u00f1o C\u00bb","block_context":{"text":"Homil\u00edas y reflexiones, A\u00f1o C","link":"http:\/\/vincentians.com\/es\/category\/homilias-y-reflexiones-a-la-palabra-de-dios\/homilias-y-reflexiones-ano-c\/"},"img":{"alt_text":"","src":"https:\/\/i0.wp.com\/vincentians.com\/es\/wp-content\/uploads\/sites\/11\/2016\/07\/reflexiones-pagola.jpg?fit=1200%2C630&resize=350%2C200","width":350,"height":200,"srcset":"https:\/\/i0.wp.com\/vincentians.com\/es\/wp-content\/uploads\/sites\/11\/2016\/07\/reflexiones-pagola.jpg?fit=1200%2C630&resize=350%2C200 1x, https:\/\/i0.wp.com\/vincentians.com\/es\/wp-content\/uploads\/sites\/11\/2016\/07\/reflexiones-pagola.jpg?fit=1200%2C630&resize=525%2C300 1.5x, https:\/\/i0.wp.com\/vincentians.com\/es\/wp-content\/uploads\/sites\/11\/2016\/07\/reflexiones-pagola.jpg?fit=1200%2C630&resize=700%2C400 2x, https:\/\/i0.wp.com\/vincentians.com\/es\/wp-content\/uploads\/sites\/11\/2016\/07\/reflexiones-pagola.jpg?fit=1200%2C630&resize=1050%2C600 3x"},"classes":[]},{"id":134803,"url":"http:\/\/vincentians.com\/es\/epifania-del-senor-reflexion-de-javier-balda-c-m\/","url_meta":{"origin":132442,"position":4},"title":"Epifan\u00eda del Se\u00f1or (reflexi\u00f3n de Javier Balda, C.M.)","author":"Francisco Javier Fern\u00e1ndez Chento","date":"02\/01\/2015","format":false,"excerpt":"Los \u00e1ngeles han regresado al cielo. Los pastores caminan otra vez, junto a sus ovejas en busca de nuevos y buenos pastos. Una estrella brilla con nueva luz y corre por el firmamento. Es la estrella que ven los magos, como un \"signo milagroso\", signo milagroso que ellos interpretan como\u2026","rel":"","context":"En \u00abHomil\u00edas y reflexiones, A\u00f1o B\u00bb","block_context":{"text":"Homil\u00edas y reflexiones, A\u00f1o B","link":"http:\/\/vincentians.com\/es\/category\/homilias-y-reflexiones-a-la-palabra-de-dios\/homilias-y-reflexiones-ano-b\/"},"img":{"alt_text":"","src":"https:\/\/i0.wp.com\/vincentians.com\/es\/wp-content\/uploads\/sites\/11\/2016\/07\/reflexiones-palabra-de-dios.jpg?fit=1200%2C630&resize=350%2C200","width":350,"height":200,"srcset":"https:\/\/i0.wp.com\/vincentians.com\/es\/wp-content\/uploads\/sites\/11\/2016\/07\/reflexiones-palabra-de-dios.jpg?fit=1200%2C630&resize=350%2C200 1x, https:\/\/i0.wp.com\/vincentians.com\/es\/wp-content\/uploads\/sites\/11\/2016\/07\/reflexiones-palabra-de-dios.jpg?fit=1200%2C630&resize=525%2C300 1.5x, https:\/\/i0.wp.com\/vincentians.com\/es\/wp-content\/uploads\/sites\/11\/2016\/07\/reflexiones-palabra-de-dios.jpg?fit=1200%2C630&resize=700%2C400 2x, https:\/\/i0.wp.com\/vincentians.com\/es\/wp-content\/uploads\/sites\/11\/2016\/07\/reflexiones-palabra-de-dios.jpg?fit=1200%2C630&resize=1050%2C600 3x"},"classes":[]},{"id":135667,"url":"http:\/\/vincentians.com\/es\/3o-domingo-de-t-o-reflexion-de-jose-cervantes-gabarron\/","url_meta":{"origin":132442,"position":5},"title":"3\u00ba Domingo de T.O. (reflexi\u00f3n de Jos\u00e9 Cervantes Gabarr\u00f3n)","author":"Francisco Javier Fern\u00e1ndez Chento","date":"20\/01\/2012","format":false,"excerpt":"El Reinado de Dios Al comienzo del Evangelio de Marcos (Mc 1,14-20), \u00e9ste presenta claves fundamentales para la lectura de su obra: \u201cJes\u00fas fue predicando el Evangelio de Dios y diciendo: Se ha cumplido el plazo y se ha acercado el Reino de Dios; convert\u00edos y creed en el Evangelio\u201d\u2026","rel":"","context":"En \u00abHomil\u00edas y reflexiones, A\u00f1o B\u00bb","block_context":{"text":"Homil\u00edas y reflexiones, A\u00f1o B","link":"http:\/\/vincentians.com\/es\/category\/homilias-y-reflexiones-a-la-palabra-de-dios\/homilias-y-reflexiones-ano-b\/"},"img":{"alt_text":"","src":"https:\/\/i0.wp.com\/vincentians.com\/es\/wp-content\/uploads\/sites\/11\/2016\/07\/reflexiones-palabra-de-dios.jpg?fit=1200%2C630&resize=350%2C200","width":350,"height":200,"srcset":"https:\/\/i0.wp.com\/vincentians.com\/es\/wp-content\/uploads\/sites\/11\/2016\/07\/reflexiones-palabra-de-dios.jpg?fit=1200%2C630&resize=350%2C200 1x, https:\/\/i0.wp.com\/vincentians.com\/es\/wp-content\/uploads\/sites\/11\/2016\/07\/reflexiones-palabra-de-dios.jpg?fit=1200%2C630&resize=525%2C300 1.5x, https:\/\/i0.wp.com\/vincentians.com\/es\/wp-content\/uploads\/sites\/11\/2016\/07\/reflexiones-palabra-de-dios.jpg?fit=1200%2C630&resize=700%2C400 2x, https:\/\/i0.wp.com\/vincentians.com\/es\/wp-content\/uploads\/sites\/11\/2016\/07\/reflexiones-palabra-de-dios.jpg?fit=1200%2C630&resize=1050%2C600 3x"},"classes":[]}],"_links":{"self":[{"href":"http:\/\/vincentians.com\/es\/wp-json\/wp\/v2\/posts\/132442","targetHints":{"allow":["GET"]}}],"collection":[{"href":"http:\/\/vincentians.com\/es\/wp-json\/wp\/v2\/posts"}],"about":[{"href":"http:\/\/vincentians.com\/es\/wp-json\/wp\/v2\/types\/post"}],"author":[{"embeddable":true,"href":"http:\/\/vincentians.com\/es\/wp-json\/wp\/v2\/users\/4"}],"replies":[{"embeddable":true,"href":"http:\/\/vincentians.com\/es\/wp-json\/wp\/v2\/comments?post=132442"}],"version-history":[{"count":0,"href":"http:\/\/vincentians.com\/es\/wp-json\/wp\/v2\/posts\/132442\/revisions"}],"wp:featuredmedia":[{"embeddable":true,"href":"http:\/\/vincentians.com\/es\/wp-json\/wp\/v2\/media\/388408"}],"wp:attachment":[{"href":"http:\/\/vincentians.com\/es\/wp-json\/wp\/v2\/media?parent=132442"}],"wp:term":[{"taxonomy":"category","embeddable":true,"href":"http:\/\/vincentians.com\/es\/wp-json\/wp\/v2\/categories?post=132442"},{"taxonomy":"post_tag","embeddable":true,"href":"http:\/\/vincentians.com\/es\/wp-json\/wp\/v2\/tags?post=132442"}],"curies":[{"name":"wp","href":"https:\/\/api.w.org\/{rel}","templated":true}]}}