{"id":132438,"date":"2015-04-23T14:35:35","date_gmt":"2015-04-23T12:35:35","guid":{"rendered":"http:\/\/somos.vicencianos.org\/comentarios\/?p=1503"},"modified":"2016-07-24T10:27:08","modified_gmt":"2016-07-24T08:27:08","slug":"4o-domingo-de-pascua-reflexion-de-antonio-elduayen-c-m-3","status":"publish","type":"post","link":"http:\/\/vincentians.com\/es\/4o-domingo-de-pascua-reflexion-de-antonio-elduayen-c-m-3\/","title":{"rendered":"4\u00ba Domingo de Pascua (reflexi\u00f3n de Antonio Elduayen, C.M.)"},"content":{"rendered":"<p><img data-recalc-dims=\"1\" loading=\"lazy\" decoding=\"async\" class=\"alignright size-full wp-image-74\" title=\"antonio_elduayen\" src=\"https:\/\/i0.wp.com\/vicencianos.org\/wp-content\/2010\/12\/antonio_elduayen.jpg?resize=204%2C225\" alt=\"\" width=\"204\" height=\"225\" \/><\/p>\n<p>Queridos amigos<\/p>\n<p>Con motivo del evangelio del Buen Pastor (Jn 10, 11-18), hoy celebramos en la Iglesia el D\u00eda de las Vocaciones Sacerdotales. Entiendo que para ustedes es clara la relaci\u00f3n que hay entre la Vocaci\u00f3n Sacerdotal y el Buen Pastor, y es claro el por qu\u00e9 la Iglesia puso el D\u00eda de las Vocaciones Sacerdotales en el D\u00eda del Buen Pastor. (Digamos entre par\u00e9ntesis que hoy es tambi\u00e9n D\u00eda de las Vocaciones a la Vida Consagrada y Religiosa, pues tambi\u00e9n ellos, los consagrados y religiosos, tienen que ser buenos pastores, y el D\u00eda de las Vocaciones de los Laicos, pues todos ellos, especialmente los pap\u00e1s y cuantos tienen autoridad y gobierno, tienen que ser buenos pastores).<\/p>\n<p>Jes\u00fas Buen Pastor nos dice lo que el sacerdote tiene que ser: Pastor, y c\u00f3mo tiene que serlo: Bueno. Algo tan sencillo encierra muchas ense\u00f1anzas y consecuencias. La primera y m\u00e1s importante es que la grandeza del sacerdote est\u00e1 en ser un buen \u201cpastor de almas y de comunidades\u201d. Como Jesucristo. Es esto lo que hay que mirar en y pedir del sacerdote, y no tanto si es una profesi\u00f3n con peso y rango en la sociedad (su figuraci\u00f3n social). Sino si se parece a Jes\u00fas Buen Pastor y se comporta con la gente como \u00c9l. Al sacerdote se le suele ver como \u201cel hombre del culto\u201d (misa y sacramentos), y es eso, pero sin dejar de ser pastor y con olor a oveja. Se lo suele ver tambi\u00e9n como \u201chombre de iglesia\u201d, pero sin dejar de ir por calles y plazas, buscando las ovejas \u201cperdidas\u201d, extraviadas y remisas.<\/p>\n<p>Otra ense\u00f1anza importante es que, como pastor, el sacerdote debe pastorear, es decir, debe convocar las ovejas, reunirlas en grupos (comunidades), conducirlas juntas hacia prados buenos y seguros, y, al caer de la tarde, guardarlas en el redil. Hasta el siguiente d\u00eda. As\u00ed, la evangelizaci\u00f3n del sacerdote pasa por la pastoral, que es hacer pastoreo. Es lo que hizo el ap\u00f3stol Pablo, porque, como Jes\u00fas, am\u00f3 de coraz\u00f3n a las ovejas, lleg\u00f3 a conocerlas y a llamar a cada una por su nombre, las cuid\u00f3 y defendi\u00f3, carg\u00f3 a hombros las heridas y extraviadas, y dio su vida por ellas (Jn 10, 1-21). Amor, dedicaci\u00f3n, paciencia, sacrificio, son algunas de las virtudes que se esperan del sacerdote buen pastor.<\/p>\n<p>Y es aqu\u00ed donde entra y cobra todo su valor el D\u00eda de oraci\u00f3n por las vocaciones sacerdotales. Hay que orar mucho para que el Se\u00f1or env\u00ede a su campo sacerdotes (Lc 10.2), que sean buenos pastores. Orar y apoyar moral y econ\u00f3micamente. Orar, apoyar y valorar tanto el sacerdocio que los pap\u00e1s se ilusionen con un hijo sacerdote. Tanto\u2026 que preparen el ambiente donde surjan vocaciones, que luego cultiven y ofrezcan al Se\u00f1or en su Iglesia.<\/p>\n","protected":false},"excerpt":{"rendered":"<p>Queridos amigos Con motivo del evangelio del Buen Pastor (Jn 10, 11-18), hoy celebramos en la Iglesia el D\u00eda de las Vocaciones Sacerdotales. Entiendo que para ustedes es clara la relaci\u00f3n que hay entre la &#8230; <a href=\"http:\/\/vincentians.com\/es\/4o-domingo-de-pascua-reflexion-de-antonio-elduayen-c-m-3\/\" class=\"more-link\">Read More<\/a><\/p>\n","protected":false},"author":4,"featured_media":388408,"comment_status":"open","ping_status":"open","sticky":false,"template":"","format":"standard","meta":{"jetpack_post_was_ever_published":false,"_jetpack_newsletter_access":"","_jetpack_dont_email_post_to_subs":false,"_jetpack_newsletter_tier_id":0,"_jetpack_memberships_contains_paywalled_content":false,"_jetpack_memberships_contains_paid_content":false,"footnotes":"","jetpack_publicize_message":"","jetpack_publicize_feature_enabled":true,"jetpack_social_post_already_shared":true,"jetpack_social_options":{"image_generator_settings":{"template":"highway","default_image_id":0,"font":"","enabled":false},"version":2}},"categories":[93],"tags":[],"class_list":["post-132438","post","type-post","status-publish","format-standard","has-post-thumbnail","hentry","category-homilias-y-reflexiones-ano-b"],"yoast_head":"<!-- This site is optimized with the Yoast SEO plugin v26.3 - https:\/\/yoast.com\/wordpress\/plugins\/seo\/ -->\n<title>4\u00ba Domingo de Pascua (reflexi\u00f3n de Antonio Elduayen, C.M.) - Somos Vicencianos<\/title>\n<meta name=\"robots\" content=\"index, follow, max-snippet:-1, max-image-preview:large, max-video-preview:-1\" \/>\n<link rel=\"canonical\" href=\"http:\/\/vincentians.com\/es\/4o-domingo-de-pascua-reflexion-de-antonio-elduayen-c-m-3\/\" \/>\n<meta property=\"og:locale\" content=\"es_ES\" \/>\n<meta property=\"og:type\" content=\"article\" \/>\n<meta property=\"og:title\" content=\"4\u00ba Domingo de Pascua (reflexi\u00f3n de Antonio Elduayen, C.M.) - Somos Vicencianos\" \/>\n<meta property=\"og:description\" content=\"Queridos amigos Con motivo del evangelio del Buen Pastor (Jn 10, 11-18), hoy celebramos en la Iglesia el D\u00eda de las Vocaciones Sacerdotales. Entiendo que para ustedes es clara la relaci\u00f3n que hay entre la ... Read More\" \/>\n<meta property=\"og:url\" content=\"http:\/\/vincentians.com\/es\/4o-domingo-de-pascua-reflexion-de-antonio-elduayen-c-m-3\/\" \/>\n<meta property=\"og:site_name\" content=\"Somos Vicencianos\" \/>\n<meta property=\"article:publisher\" content=\"https:\/\/www.facebook.com\/WeAreVincentians\/\" \/>\n<meta property=\"article:author\" content=\"https:\/\/www.facebook.com\/JavierChento\" \/>\n<meta property=\"article:published_time\" content=\"2015-04-23T12:35:35+00:00\" \/>\n<meta property=\"article:modified_time\" content=\"2016-07-24T08:27:08+00:00\" \/>\n<meta property=\"og:image\" content=\"https:\/\/i0.wp.com\/vincentians.com\/es\/wp-content\/uploads\/sites\/11\/2016\/07\/reflexiones-palabra-de-dios.jpg?fit=1200%2C630\" \/>\n\t<meta property=\"og:image:width\" content=\"1200\" \/>\n\t<meta property=\"og:image:height\" content=\"630\" \/>\n\t<meta property=\"og:image:type\" content=\"image\/jpeg\" \/>\n<meta name=\"author\" content=\"Francisco Javier Fern\u00e1ndez Chento\" \/>\n<meta name=\"twitter:card\" content=\"summary_large_image\" \/>\n<meta name=\"twitter:creator\" content=\"@https:\/\/twitter.com\/javierchento\" \/>\n<meta name=\"twitter:site\" content=\"@WeVincentians\" \/>\n<meta name=\"twitter:label1\" content=\"Escrito por\" \/>\n\t<meta name=\"twitter:data1\" content=\"Francisco Javier Fern\u00e1ndez Chento\" \/>\n\t<meta name=\"twitter:label2\" content=\"Tiempo de lectura\" \/>\n\t<meta name=\"twitter:data2\" content=\"2 minutos\" \/>\n<script type=\"application\/ld+json\" class=\"yoast-schema-graph\">{\"@context\":\"https:\/\/schema.org\",\"@graph\":[{\"@type\":\"Article\",\"@id\":\"http:\/\/vincentians.com\/es\/4o-domingo-de-pascua-reflexion-de-antonio-elduayen-c-m-3\/#article\",\"isPartOf\":{\"@id\":\"http:\/\/vincentians.com\/es\/4o-domingo-de-pascua-reflexion-de-antonio-elduayen-c-m-3\/\"},\"author\":{\"name\":\"Francisco Javier Fern\u00e1ndez Chento\",\"@id\":\"https:\/\/vincentians.com\/es\/#\/schema\/person\/9623ef4d9aa3b2dfb8c061f1499288f2\"},\"headline\":\"4\u00ba Domingo de Pascua (reflexi\u00f3n de Antonio Elduayen, C.M.)\",\"datePublished\":\"2015-04-23T12:35:35+00:00\",\"dateModified\":\"2016-07-24T08:27:08+00:00\",\"mainEntityOfPage\":{\"@id\":\"http:\/\/vincentians.com\/es\/4o-domingo-de-pascua-reflexion-de-antonio-elduayen-c-m-3\/\"},\"wordCount\":502,\"commentCount\":0,\"publisher\":{\"@id\":\"https:\/\/vincentians.com\/es\/#organization\"},\"image\":{\"@id\":\"http:\/\/vincentians.com\/es\/4o-domingo-de-pascua-reflexion-de-antonio-elduayen-c-m-3\/#primaryimage\"},\"thumbnailUrl\":\"https:\/\/i0.wp.com\/vincentians.com\/es\/wp-content\/uploads\/sites\/11\/2016\/07\/reflexiones-palabra-de-dios.jpg?fit=1200%2C630\",\"articleSection\":[\"Homil\u00edas y reflexiones, A\u00f1o B\"],\"inLanguage\":\"es\",\"potentialAction\":[{\"@type\":\"CommentAction\",\"name\":\"Comment\",\"target\":[\"http:\/\/vincentians.com\/es\/4o-domingo-de-pascua-reflexion-de-antonio-elduayen-c-m-3\/#respond\"]}]},{\"@type\":\"WebPage\",\"@id\":\"http:\/\/vincentians.com\/es\/4o-domingo-de-pascua-reflexion-de-antonio-elduayen-c-m-3\/\",\"url\":\"http:\/\/vincentians.com\/es\/4o-domingo-de-pascua-reflexion-de-antonio-elduayen-c-m-3\/\",\"name\":\"4\u00ba Domingo de Pascua (reflexi\u00f3n de Antonio Elduayen, C.M.) - Somos Vicencianos\",\"isPartOf\":{\"@id\":\"https:\/\/vincentians.com\/es\/#website\"},\"primaryImageOfPage\":{\"@id\":\"http:\/\/vincentians.com\/es\/4o-domingo-de-pascua-reflexion-de-antonio-elduayen-c-m-3\/#primaryimage\"},\"image\":{\"@id\":\"http:\/\/vincentians.com\/es\/4o-domingo-de-pascua-reflexion-de-antonio-elduayen-c-m-3\/#primaryimage\"},\"thumbnailUrl\":\"https:\/\/i0.wp.com\/vincentians.com\/es\/wp-content\/uploads\/sites\/11\/2016\/07\/reflexiones-palabra-de-dios.jpg?fit=1200%2C630\",\"datePublished\":\"2015-04-23T12:35:35+00:00\",\"dateModified\":\"2016-07-24T08:27:08+00:00\",\"breadcrumb\":{\"@id\":\"http:\/\/vincentians.com\/es\/4o-domingo-de-pascua-reflexion-de-antonio-elduayen-c-m-3\/#breadcrumb\"},\"inLanguage\":\"es\",\"potentialAction\":[{\"@type\":\"ReadAction\",\"target\":[\"http:\/\/vincentians.com\/es\/4o-domingo-de-pascua-reflexion-de-antonio-elduayen-c-m-3\/\"]}]},{\"@type\":\"ImageObject\",\"inLanguage\":\"es\",\"@id\":\"http:\/\/vincentians.com\/es\/4o-domingo-de-pascua-reflexion-de-antonio-elduayen-c-m-3\/#primaryimage\",\"url\":\"https:\/\/i0.wp.com\/vincentians.com\/es\/wp-content\/uploads\/sites\/11\/2016\/07\/reflexiones-palabra-de-dios.jpg?fit=1200%2C630\",\"contentUrl\":\"https:\/\/i0.wp.com\/vincentians.com\/es\/wp-content\/uploads\/sites\/11\/2016\/07\/reflexiones-palabra-de-dios.jpg?fit=1200%2C630\",\"width\":1200,\"height\":630},{\"@type\":\"BreadcrumbList\",\"@id\":\"http:\/\/vincentians.com\/es\/4o-domingo-de-pascua-reflexion-de-antonio-elduayen-c-m-3\/#breadcrumb\",\"itemListElement\":[{\"@type\":\"ListItem\",\"position\":1,\"name\":\"Portada\",\"item\":\"https:\/\/vincentians.com\/es\/\"},{\"@type\":\"ListItem\",\"position\":2,\"name\":\"4\u00ba Domingo de Pascua (reflexi\u00f3n de Antonio Elduayen, C.M.)\"}]},{\"@type\":\"WebSite\",\"@id\":\"https:\/\/vincentians.com\/es\/#website\",\"url\":\"https:\/\/vincentians.com\/es\/\",\"name\":\"Somos Vicencianos\",\"description\":\"Know more to serve more\",\"publisher\":{\"@id\":\"https:\/\/vincentians.com\/es\/#organization\"},\"potentialAction\":[{\"@type\":\"SearchAction\",\"target\":{\"@type\":\"EntryPoint\",\"urlTemplate\":\"https:\/\/vincentians.com\/es\/?s={search_term_string}\"},\"query-input\":{\"@type\":\"PropertyValueSpecification\",\"valueRequired\":true,\"valueName\":\"search_term_string\"}}],\"inLanguage\":\"es\"},{\"@type\":\"Organization\",\"@id\":\"https:\/\/vincentians.com\/es\/#organization\",\"name\":\"The Vincentian Network\",\"url\":\"https:\/\/vincentians.com\/es\/\",\"logo\":{\"@type\":\"ImageObject\",\"inLanguage\":\"es\",\"@id\":\"https:\/\/vincentians.com\/es\/#\/schema\/logo\/image\/\",\"url\":\"https:\/\/i1.wp.com\/vincentians.com\/es\/wp-content\/uploads\/sites\/11\/2016\/06\/Vincentian-Network-logo-big.png?fit=778%2C778\",\"contentUrl\":\"https:\/\/i1.wp.com\/vincentians.com\/es\/wp-content\/uploads\/sites\/11\/2016\/06\/Vincentian-Network-logo-big.png?fit=778%2C778\",\"width\":778,\"height\":778,\"caption\":\"The Vincentian Network\"},\"image\":{\"@id\":\"https:\/\/vincentians.com\/es\/#\/schema\/logo\/image\/\"},\"sameAs\":[\"https:\/\/www.facebook.com\/WeAreVincentians\/\",\"https:\/\/x.com\/WeVincentians\"]},{\"@type\":\"Person\",\"@id\":\"https:\/\/vincentians.com\/es\/#\/schema\/person\/9623ef4d9aa3b2dfb8c061f1499288f2\",\"name\":\"Francisco Javier Fern\u00e1ndez Chento\",\"image\":{\"@type\":\"ImageObject\",\"inLanguage\":\"es\",\"@id\":\"https:\/\/vincentians.com\/es\/#\/schema\/person\/image\/\",\"url\":\"https:\/\/secure.gravatar.com\/avatar\/497d5cde87b4c3d097d0315953521681ba2cd523ee66e5077c3711f7021e65de?s=96&d=mm&r=g\",\"contentUrl\":\"https:\/\/secure.gravatar.com\/avatar\/497d5cde87b4c3d097d0315953521681ba2cd523ee66e5077c3711f7021e65de?s=96&d=mm&r=g\",\"caption\":\"Francisco Javier Fern\u00e1ndez Chento\"},\"description\":\"Director General y cofundador de La Red de Formaci\u00f3n Vicenciana. Javier es laico vicenciano, afiliado a la Congregaci\u00f3n de la Misi\u00f3n y miembro del Equipo de Misiones Populares de la provincia can\u00f3nica de Zaragoza (Espa\u00f1a) de la Congregaci\u00f3n de la Misi\u00f3n. Graduado en la Universidad Oberta de Catalunya con cuatro grados (Asistente de direcci\u00f3n, Gesti\u00f3n Administrativa, Recursos Humanos y Contabilidad Avanzada). Bil\u00edng\u00fce Espa\u00f1ol\/Ingl\u00e9s. gestiona y mantiene varias p\u00e1ginas web cristianas y vicencianas, incluida including La Red de Formaci\u00f3n Vicenciana, de la que es cofundador. Actualmente es responsable del \u00e1rea de Espa\u00f1ol de .famvin, la Red de Noticias de la Familia Vicenciana. Tambi\u00e9n es m\u00fasico cat\u00f3lico y ha editado varios discos. Es Director General y cofundador de Trovador, una reconocida compa\u00f1\u00eda discogr\u00e1fica critiana de Espa\u00f1a. Trabaja en las Tecnolog\u00edas de la Informaci\u00f3n, ofreciendo servicios de alojamiento, dise\u00f1o y mantenimiento Web, as\u00ed como asesoramiento, formaci\u00f3n y soluciones inform\u00e1ticas, gesti\u00f3n documental y digitalizaci\u00f3n de textos, edici\u00f3n y maquetaci\u00f3n de libros, revistas, flyers, etc.\",\"sameAs\":[\"http:\/\/chento.org\",\"https:\/\/www.facebook.com\/JavierChento\",\"https:\/\/x.com\/https:\/\/twitter.com\/javierchento\"],\"url\":\"http:\/\/vincentians.com\/es\/author\/chento\/\"}]}<\/script>\n<!-- \/ Yoast SEO plugin. -->","yoast_head_json":{"title":"4\u00ba Domingo de Pascua (reflexi\u00f3n de Antonio Elduayen, C.M.) - Somos Vicencianos","robots":{"index":"index","follow":"follow","max-snippet":"max-snippet:-1","max-image-preview":"max-image-preview:large","max-video-preview":"max-video-preview:-1"},"canonical":"http:\/\/vincentians.com\/es\/4o-domingo-de-pascua-reflexion-de-antonio-elduayen-c-m-3\/","og_locale":"es_ES","og_type":"article","og_title":"4\u00ba Domingo de Pascua (reflexi\u00f3n de Antonio Elduayen, C.M.) - Somos Vicencianos","og_description":"Queridos amigos Con motivo del evangelio del Buen Pastor (Jn 10, 11-18), hoy celebramos en la Iglesia el D\u00eda de las Vocaciones Sacerdotales. Entiendo que para ustedes es clara la relaci\u00f3n que hay entre la ... Read More","og_url":"http:\/\/vincentians.com\/es\/4o-domingo-de-pascua-reflexion-de-antonio-elduayen-c-m-3\/","og_site_name":"Somos Vicencianos","article_publisher":"https:\/\/www.facebook.com\/WeAreVincentians\/","article_author":"https:\/\/www.facebook.com\/JavierChento","article_published_time":"2015-04-23T12:35:35+00:00","article_modified_time":"2016-07-24T08:27:08+00:00","og_image":[{"width":1200,"height":630,"url":"https:\/\/i0.wp.com\/vincentians.com\/es\/wp-content\/uploads\/sites\/11\/2016\/07\/reflexiones-palabra-de-dios.jpg?fit=1200%2C630","type":"image\/jpeg"}],"author":"Francisco Javier Fern\u00e1ndez Chento","twitter_card":"summary_large_image","twitter_creator":"@https:\/\/twitter.com\/javierchento","twitter_site":"@WeVincentians","twitter_misc":{"Escrito por":"Francisco Javier Fern\u00e1ndez Chento","Tiempo de lectura":"2 minutos"},"schema":{"@context":"https:\/\/schema.org","@graph":[{"@type":"Article","@id":"http:\/\/vincentians.com\/es\/4o-domingo-de-pascua-reflexion-de-antonio-elduayen-c-m-3\/#article","isPartOf":{"@id":"http:\/\/vincentians.com\/es\/4o-domingo-de-pascua-reflexion-de-antonio-elduayen-c-m-3\/"},"author":{"name":"Francisco Javier Fern\u00e1ndez Chento","@id":"https:\/\/vincentians.com\/es\/#\/schema\/person\/9623ef4d9aa3b2dfb8c061f1499288f2"},"headline":"4\u00ba Domingo de Pascua (reflexi\u00f3n de Antonio Elduayen, C.M.)","datePublished":"2015-04-23T12:35:35+00:00","dateModified":"2016-07-24T08:27:08+00:00","mainEntityOfPage":{"@id":"http:\/\/vincentians.com\/es\/4o-domingo-de-pascua-reflexion-de-antonio-elduayen-c-m-3\/"},"wordCount":502,"commentCount":0,"publisher":{"@id":"https:\/\/vincentians.com\/es\/#organization"},"image":{"@id":"http:\/\/vincentians.com\/es\/4o-domingo-de-pascua-reflexion-de-antonio-elduayen-c-m-3\/#primaryimage"},"thumbnailUrl":"https:\/\/i0.wp.com\/vincentians.com\/es\/wp-content\/uploads\/sites\/11\/2016\/07\/reflexiones-palabra-de-dios.jpg?fit=1200%2C630","articleSection":["Homil\u00edas y reflexiones, A\u00f1o B"],"inLanguage":"es","potentialAction":[{"@type":"CommentAction","name":"Comment","target":["http:\/\/vincentians.com\/es\/4o-domingo-de-pascua-reflexion-de-antonio-elduayen-c-m-3\/#respond"]}]},{"@type":"WebPage","@id":"http:\/\/vincentians.com\/es\/4o-domingo-de-pascua-reflexion-de-antonio-elduayen-c-m-3\/","url":"http:\/\/vincentians.com\/es\/4o-domingo-de-pascua-reflexion-de-antonio-elduayen-c-m-3\/","name":"4\u00ba Domingo de Pascua (reflexi\u00f3n de Antonio Elduayen, C.M.) - Somos Vicencianos","isPartOf":{"@id":"https:\/\/vincentians.com\/es\/#website"},"primaryImageOfPage":{"@id":"http:\/\/vincentians.com\/es\/4o-domingo-de-pascua-reflexion-de-antonio-elduayen-c-m-3\/#primaryimage"},"image":{"@id":"http:\/\/vincentians.com\/es\/4o-domingo-de-pascua-reflexion-de-antonio-elduayen-c-m-3\/#primaryimage"},"thumbnailUrl":"https:\/\/i0.wp.com\/vincentians.com\/es\/wp-content\/uploads\/sites\/11\/2016\/07\/reflexiones-palabra-de-dios.jpg?fit=1200%2C630","datePublished":"2015-04-23T12:35:35+00:00","dateModified":"2016-07-24T08:27:08+00:00","breadcrumb":{"@id":"http:\/\/vincentians.com\/es\/4o-domingo-de-pascua-reflexion-de-antonio-elduayen-c-m-3\/#breadcrumb"},"inLanguage":"es","potentialAction":[{"@type":"ReadAction","target":["http:\/\/vincentians.com\/es\/4o-domingo-de-pascua-reflexion-de-antonio-elduayen-c-m-3\/"]}]},{"@type":"ImageObject","inLanguage":"es","@id":"http:\/\/vincentians.com\/es\/4o-domingo-de-pascua-reflexion-de-antonio-elduayen-c-m-3\/#primaryimage","url":"https:\/\/i0.wp.com\/vincentians.com\/es\/wp-content\/uploads\/sites\/11\/2016\/07\/reflexiones-palabra-de-dios.jpg?fit=1200%2C630","contentUrl":"https:\/\/i0.wp.com\/vincentians.com\/es\/wp-content\/uploads\/sites\/11\/2016\/07\/reflexiones-palabra-de-dios.jpg?fit=1200%2C630","width":1200,"height":630},{"@type":"BreadcrumbList","@id":"http:\/\/vincentians.com\/es\/4o-domingo-de-pascua-reflexion-de-antonio-elduayen-c-m-3\/#breadcrumb","itemListElement":[{"@type":"ListItem","position":1,"name":"Portada","item":"https:\/\/vincentians.com\/es\/"},{"@type":"ListItem","position":2,"name":"4\u00ba Domingo de Pascua (reflexi\u00f3n de Antonio Elduayen, C.M.)"}]},{"@type":"WebSite","@id":"https:\/\/vincentians.com\/es\/#website","url":"https:\/\/vincentians.com\/es\/","name":"Somos Vicencianos","description":"Know more to serve more","publisher":{"@id":"https:\/\/vincentians.com\/es\/#organization"},"potentialAction":[{"@type":"SearchAction","target":{"@type":"EntryPoint","urlTemplate":"https:\/\/vincentians.com\/es\/?s={search_term_string}"},"query-input":{"@type":"PropertyValueSpecification","valueRequired":true,"valueName":"search_term_string"}}],"inLanguage":"es"},{"@type":"Organization","@id":"https:\/\/vincentians.com\/es\/#organization","name":"The Vincentian Network","url":"https:\/\/vincentians.com\/es\/","logo":{"@type":"ImageObject","inLanguage":"es","@id":"https:\/\/vincentians.com\/es\/#\/schema\/logo\/image\/","url":"https:\/\/i1.wp.com\/vincentians.com\/es\/wp-content\/uploads\/sites\/11\/2016\/06\/Vincentian-Network-logo-big.png?fit=778%2C778","contentUrl":"https:\/\/i1.wp.com\/vincentians.com\/es\/wp-content\/uploads\/sites\/11\/2016\/06\/Vincentian-Network-logo-big.png?fit=778%2C778","width":778,"height":778,"caption":"The Vincentian Network"},"image":{"@id":"https:\/\/vincentians.com\/es\/#\/schema\/logo\/image\/"},"sameAs":["https:\/\/www.facebook.com\/WeAreVincentians\/","https:\/\/x.com\/WeVincentians"]},{"@type":"Person","@id":"https:\/\/vincentians.com\/es\/#\/schema\/person\/9623ef4d9aa3b2dfb8c061f1499288f2","name":"Francisco Javier Fern\u00e1ndez Chento","image":{"@type":"ImageObject","inLanguage":"es","@id":"https:\/\/vincentians.com\/es\/#\/schema\/person\/image\/","url":"https:\/\/secure.gravatar.com\/avatar\/497d5cde87b4c3d097d0315953521681ba2cd523ee66e5077c3711f7021e65de?s=96&d=mm&r=g","contentUrl":"https:\/\/secure.gravatar.com\/avatar\/497d5cde87b4c3d097d0315953521681ba2cd523ee66e5077c3711f7021e65de?s=96&d=mm&r=g","caption":"Francisco Javier Fern\u00e1ndez Chento"},"description":"Director General y cofundador de La Red de Formaci\u00f3n Vicenciana. Javier es laico vicenciano, afiliado a la Congregaci\u00f3n de la Misi\u00f3n y miembro del Equipo de Misiones Populares de la provincia can\u00f3nica de Zaragoza (Espa\u00f1a) de la Congregaci\u00f3n de la Misi\u00f3n. Graduado en la Universidad Oberta de Catalunya con cuatro grados (Asistente de direcci\u00f3n, Gesti\u00f3n Administrativa, Recursos Humanos y Contabilidad Avanzada). Bil\u00edng\u00fce Espa\u00f1ol\/Ingl\u00e9s. gestiona y mantiene varias p\u00e1ginas web cristianas y vicencianas, incluida including La Red de Formaci\u00f3n Vicenciana, de la que es cofundador. Actualmente es responsable del \u00e1rea de Espa\u00f1ol de .famvin, la Red de Noticias de la Familia Vicenciana. Tambi\u00e9n es m\u00fasico cat\u00f3lico y ha editado varios discos. Es Director General y cofundador de Trovador, una reconocida compa\u00f1\u00eda discogr\u00e1fica critiana de Espa\u00f1a. Trabaja en las Tecnolog\u00edas de la Informaci\u00f3n, ofreciendo servicios de alojamiento, dise\u00f1o y mantenimiento Web, as\u00ed como asesoramiento, formaci\u00f3n y soluciones inform\u00e1ticas, gesti\u00f3n documental y digitalizaci\u00f3n de textos, edici\u00f3n y maquetaci\u00f3n de libros, revistas, flyers, etc.","sameAs":["http:\/\/chento.org","https:\/\/www.facebook.com\/JavierChento","https:\/\/x.com\/https:\/\/twitter.com\/javierchento"],"url":"http:\/\/vincentians.com\/es\/author\/chento\/"}]}},"jetpack_publicize_connections":[],"jetpack_featured_media_url":"https:\/\/i0.wp.com\/vincentians.com\/es\/wp-content\/uploads\/sites\/11\/2016\/07\/reflexiones-palabra-de-dios.jpg?fit=1200%2C630","jetpack_sharing_enabled":true,"jetpack_shortlink":"https:\/\/wp.me\/p7ETMF-ys6","jetpack-related-posts":[{"id":143671,"url":"http:\/\/vincentians.com\/es\/lectio-para-4o-domingo-de-pascua-preparada-por-chuno-chavez-alva-c-m-2\/","url_meta":{"origin":132438,"position":0},"title":"Lectio para 4\u00ba Domingo de Pascua (preparada por Chuno Ch\u00e1vez Alva, C.M.)","author":"Francisco Javier Fern\u00e1ndez Chento","date":"20\/04\/2015","format":false,"excerpt":"Yo soy el buen Pastor LA PALABRA HOY: Hechos Ap\u00f3stoles 4,8-12; Salmo 117; 1 Juan 3,1-2; Juan 10,11-18 Ambientaci\u00f3n: Un cayado de pastor; fotograf\u00edas de personas que han encarnado las actitudes del Buen Pastor. Cantos sugeridos: El Se\u00f1or es mi Pastor, nada me falta Ambientaci\u00f3n En esta Pascua que continuamos\u2026","rel":"","context":"En \u00abHomil\u00edas y reflexiones, A\u00f1o B\u00bb","block_context":{"text":"Homil\u00edas y reflexiones, A\u00f1o B","link":"http:\/\/vincentians.com\/es\/category\/homilias-y-reflexiones-a-la-palabra-de-dios\/homilias-y-reflexiones-ano-b\/"},"img":{"alt_text":"","src":"https:\/\/i0.wp.com\/vincentians.com\/es\/wp-content\/uploads\/sites\/11\/2016\/07\/reflexiones-palabra-de-dios.jpg?fit=1200%2C630&resize=350%2C200","width":350,"height":200,"srcset":"https:\/\/i0.wp.com\/vincentians.com\/es\/wp-content\/uploads\/sites\/11\/2016\/07\/reflexiones-palabra-de-dios.jpg?fit=1200%2C630&resize=350%2C200 1x, https:\/\/i0.wp.com\/vincentians.com\/es\/wp-content\/uploads\/sites\/11\/2016\/07\/reflexiones-palabra-de-dios.jpg?fit=1200%2C630&resize=525%2C300 1.5x, https:\/\/i0.wp.com\/vincentians.com\/es\/wp-content\/uploads\/sites\/11\/2016\/07\/reflexiones-palabra-de-dios.jpg?fit=1200%2C630&resize=700%2C400 2x, https:\/\/i0.wp.com\/vincentians.com\/es\/wp-content\/uploads\/sites\/11\/2016\/07\/reflexiones-palabra-de-dios.jpg?fit=1200%2C630&resize=1050%2C600 3x"},"classes":[]},{"id":387167,"url":"http:\/\/vincentians.com\/es\/la-mies-es-mucha-y-los-obreros-son-pocos\/","url_meta":{"origin":132438,"position":1},"title":"La mies es mucha y los obreros son pocos","author":"Mitxel Olabu\u00e9naga","date":"10\/03\/2016","format":false,"excerpt":"\u00abRecorr\u00eda Jes\u00fas todos los pueblos y aldeas, ensenando en las sinagogas, proclamando la buena noticia del Reino, curando todo achaque y enfermedad. Viendo el gent\u00edo, le dio lastima de ellos, porque andaban maltrechos v derrengados como ovejas sin pastor. Entonces dijo a sus disc\u00edpulos: la mies es mucha y los\u2026","rel":"","context":"En \u00abEspiritualidad\u00bb","block_context":{"text":"Espiritualidad","link":"http:\/\/vincentians.com\/es\/category\/espiritualidad\/"},"img":{"alt_text":"asd","src":"https:\/\/i0.wp.com\/vicencianos.org\/wp-content\/uploads\/2016\/03\/asd-250x300.gif?resize=350%2C200","width":350,"height":200},"classes":[]},{"id":6003,"url":"http:\/\/vincentians.com\/es\/4o-domingo-de-pascua-reflexion-de-pedro-guillen-goni-c-m-2\/","url_meta":{"origin":132438,"position":2},"title":"4\u00ba Domingo de Pascua (reflexi\u00f3n de Pedro Guill\u00e9n Go\u00f1i, C.M.)","author":"Francisco Javier Fern\u00e1ndez Chento","date":"08\/05\/2014","format":false,"excerpt":"Este domingo de Pascua nos presenta el evangelio la figura del Buen Pastor. Una alegor\u00eda que nos traslada a la relaci\u00f3n perfecta que existe entre Cristo y los hombres. Jes\u00fas es modelo de pastor porque conoce a las ovejas y da la vida por ellas. Siente una profunda relaci\u00f3n entre\u2026","rel":"","context":"En \u00abHomil\u00edas y reflexiones, A\u00f1o A\u00bb","block_context":{"text":"Homil\u00edas y reflexiones, A\u00f1o A","link":"http:\/\/vincentians.com\/es\/category\/homilias-y-reflexiones-a-la-palabra-de-dios\/homilias-y-reflexiones-ano-a\/"},"img":{"alt_text":"","src":"https:\/\/i0.wp.com\/vincentians.com\/es\/wp-content\/uploads\/sites\/11\/2016\/07\/reflexiones-palabra-de-dios.jpg?fit=1200%2C630&resize=350%2C200","width":350,"height":200,"srcset":"https:\/\/i0.wp.com\/vincentians.com\/es\/wp-content\/uploads\/sites\/11\/2016\/07\/reflexiones-palabra-de-dios.jpg?fit=1200%2C630&resize=350%2C200 1x, https:\/\/i0.wp.com\/vincentians.com\/es\/wp-content\/uploads\/sites\/11\/2016\/07\/reflexiones-palabra-de-dios.jpg?fit=1200%2C630&resize=525%2C300 1.5x, https:\/\/i0.wp.com\/vincentians.com\/es\/wp-content\/uploads\/sites\/11\/2016\/07\/reflexiones-palabra-de-dios.jpg?fit=1200%2C630&resize=700%2C400 2x, https:\/\/i0.wp.com\/vincentians.com\/es\/wp-content\/uploads\/sites\/11\/2016\/07\/reflexiones-palabra-de-dios.jpg?fit=1200%2C630&resize=1050%2C600 3x"},"classes":[]},{"id":5996,"url":"http:\/\/vincentians.com\/es\/lectio-para-4o-domingo-de-pascua-preparada-por-chuno-chavez-alva-c-m\/","url_meta":{"origin":132438,"position":3},"title":"Lectio para 4\u00ba domingo de Pascua (preparada por Chuno Ch\u00e1vez Alva, C.M.)","author":"Francisco Javier Fern\u00e1ndez Chento","date":"07\/05\/2014","format":false,"excerpt":"Vine para que tengan vida y vida en abundancia LA PALABRA HOY: Hechos Ap\u00f3stoles 2,14.36-41; Salmo 22; 1 Pedro 2,20-25; Juan 10,1-10 Ambientaci\u00f3n: Un cayado de pastor; fotograf\u00edas de personas que han encarnado las actitudes del Buen Pastor. Cantos sugeridos: El Se\u00f1or es mi Pastor, nada me falta Ambientaci\u00f3n El\u2026","rel":"","context":"En \u00abHomil\u00edas y reflexiones, A\u00f1o A\u00bb","block_context":{"text":"Homil\u00edas y reflexiones, A\u00f1o A","link":"http:\/\/vincentians.com\/es\/category\/homilias-y-reflexiones-a-la-palabra-de-dios\/homilias-y-reflexiones-ano-a\/"},"img":{"alt_text":"","src":"https:\/\/i0.wp.com\/vincentians.com\/es\/wp-content\/uploads\/sites\/11\/2016\/07\/reflexiones-palabra-de-dios.jpg?fit=1200%2C630&resize=350%2C200","width":350,"height":200,"srcset":"https:\/\/i0.wp.com\/vincentians.com\/es\/wp-content\/uploads\/sites\/11\/2016\/07\/reflexiones-palabra-de-dios.jpg?fit=1200%2C630&resize=350%2C200 1x, https:\/\/i0.wp.com\/vincentians.com\/es\/wp-content\/uploads\/sites\/11\/2016\/07\/reflexiones-palabra-de-dios.jpg?fit=1200%2C630&resize=525%2C300 1.5x, https:\/\/i0.wp.com\/vincentians.com\/es\/wp-content\/uploads\/sites\/11\/2016\/07\/reflexiones-palabra-de-dios.jpg?fit=1200%2C630&resize=700%2C400 2x, https:\/\/i0.wp.com\/vincentians.com\/es\/wp-content\/uploads\/sites\/11\/2016\/07\/reflexiones-palabra-de-dios.jpg?fit=1200%2C630&resize=1050%2C600 3x"},"classes":[]},{"id":143891,"url":"http:\/\/vincentians.com\/es\/4o-domingo-de-pascua-reflexion-de-jose-cervantes-gabarron-4\/","url_meta":{"origin":132438,"position":4},"title":"4\u00ba Domingo de Pascua (reflexi\u00f3n de Jos\u00e9 Cervantes Gabarr\u00f3n)","author":"Francisco Javier Fern\u00e1ndez Chento","date":"26\/04\/2015","format":false,"excerpt":"El domingo del buen Pastor Este\u00a0domingo pascual del Buen Pastor\u00a0est\u00e1 dedicado en la Iglesia Cat\u00f3lica a la oraci\u00f3n por las vocaciones a la vida consagrada para que, en la misi\u00f3n evangelizadora, surjan hombres y mujeres que sigan las huellas del \u00fanico Pastor. Seguir las huellas de Jesucristo en su camino\u2026","rel":"","context":"En \u00abHomil\u00edas y reflexiones, A\u00f1o B\u00bb","block_context":{"text":"Homil\u00edas y reflexiones, A\u00f1o B","link":"http:\/\/vincentians.com\/es\/category\/homilias-y-reflexiones-a-la-palabra-de-dios\/homilias-y-reflexiones-ano-b\/"},"img":{"alt_text":"","src":"https:\/\/i0.wp.com\/vincentians.com\/es\/wp-content\/uploads\/sites\/11\/2016\/07\/reflexiones-palabra-de-dios.jpg?fit=1200%2C630&resize=350%2C200","width":350,"height":200,"srcset":"https:\/\/i0.wp.com\/vincentians.com\/es\/wp-content\/uploads\/sites\/11\/2016\/07\/reflexiones-palabra-de-dios.jpg?fit=1200%2C630&resize=350%2C200 1x, https:\/\/i0.wp.com\/vincentians.com\/es\/wp-content\/uploads\/sites\/11\/2016\/07\/reflexiones-palabra-de-dios.jpg?fit=1200%2C630&resize=525%2C300 1.5x, https:\/\/i0.wp.com\/vincentians.com\/es\/wp-content\/uploads\/sites\/11\/2016\/07\/reflexiones-palabra-de-dios.jpg?fit=1200%2C630&resize=700%2C400 2x, https:\/\/i0.wp.com\/vincentians.com\/es\/wp-content\/uploads\/sites\/11\/2016\/07\/reflexiones-palabra-de-dios.jpg?fit=1200%2C630&resize=1050%2C600 3x"},"classes":[]},{"id":540,"url":"http:\/\/vincentians.com\/es\/ciclo-a-4%c2%ba-domingo-de-pascua-reflexion-de-pedro-guillen-goni-c-m\/","url_meta":{"origin":132438,"position":5},"title":"Ciclo A, 4\u00ba Domingo de Pascua (reflexi\u00f3n de Pedro Guill\u00e9n Go\u00f1i, C.M.)","author":"Francisco Javier Fern\u00e1ndez Chento","date":"12\/05\/2011","format":false,"excerpt":"Este domingo de Pascua nos presenta el evangelio la figura del Buen Pastor. Una alegor\u00eda que nos traslada a la relaci\u00f3n perfecta que existe entre Cristo y los hombres. Jes\u00fas es modelo de pastor porque conoce a las ovejas y da la vida por ellas. Siente una profunda relaci\u00f3n entre\u2026","rel":"","context":"En \u00abHomil\u00edas y reflexiones, A\u00f1o A\u00bb","block_context":{"text":"Homil\u00edas y reflexiones, A\u00f1o A","link":"http:\/\/vincentians.com\/es\/category\/homilias-y-reflexiones-a-la-palabra-de-dios\/homilias-y-reflexiones-ano-a\/"},"img":{"alt_text":"","src":"https:\/\/i0.wp.com\/vincentians.com\/es\/wp-content\/uploads\/sites\/11\/2016\/07\/reflexiones-palabra-de-dios.jpg?fit=1200%2C630&resize=350%2C200","width":350,"height":200,"srcset":"https:\/\/i0.wp.com\/vincentians.com\/es\/wp-content\/uploads\/sites\/11\/2016\/07\/reflexiones-palabra-de-dios.jpg?fit=1200%2C630&resize=350%2C200 1x, https:\/\/i0.wp.com\/vincentians.com\/es\/wp-content\/uploads\/sites\/11\/2016\/07\/reflexiones-palabra-de-dios.jpg?fit=1200%2C630&resize=525%2C300 1.5x, https:\/\/i0.wp.com\/vincentians.com\/es\/wp-content\/uploads\/sites\/11\/2016\/07\/reflexiones-palabra-de-dios.jpg?fit=1200%2C630&resize=700%2C400 2x, https:\/\/i0.wp.com\/vincentians.com\/es\/wp-content\/uploads\/sites\/11\/2016\/07\/reflexiones-palabra-de-dios.jpg?fit=1200%2C630&resize=1050%2C600 3x"},"classes":[]}],"_links":{"self":[{"href":"http:\/\/vincentians.com\/es\/wp-json\/wp\/v2\/posts\/132438","targetHints":{"allow":["GET"]}}],"collection":[{"href":"http:\/\/vincentians.com\/es\/wp-json\/wp\/v2\/posts"}],"about":[{"href":"http:\/\/vincentians.com\/es\/wp-json\/wp\/v2\/types\/post"}],"author":[{"embeddable":true,"href":"http:\/\/vincentians.com\/es\/wp-json\/wp\/v2\/users\/4"}],"replies":[{"embeddable":true,"href":"http:\/\/vincentians.com\/es\/wp-json\/wp\/v2\/comments?post=132438"}],"version-history":[{"count":0,"href":"http:\/\/vincentians.com\/es\/wp-json\/wp\/v2\/posts\/132438\/revisions"}],"wp:featuredmedia":[{"embeddable":true,"href":"http:\/\/vincentians.com\/es\/wp-json\/wp\/v2\/media\/388408"}],"wp:attachment":[{"href":"http:\/\/vincentians.com\/es\/wp-json\/wp\/v2\/media?parent=132438"}],"wp:term":[{"taxonomy":"category","embeddable":true,"href":"http:\/\/vincentians.com\/es\/wp-json\/wp\/v2\/categories?post=132438"},{"taxonomy":"post_tag","embeddable":true,"href":"http:\/\/vincentians.com\/es\/wp-json\/wp\/v2\/tags?post=132438"}],"curies":[{"name":"wp","href":"https:\/\/api.w.org\/{rel}","templated":true}]}}