{"id":132423,"date":"2012-01-06T12:36:54","date_gmt":"2012-01-06T11:36:54","guid":{"rendered":"http:\/\/somos.vicencianos.org\/comentarios\/2012\/01\/02\/ciclo-b-epifania-del-senor-reflexion-de-jose-roman-flecha\/"},"modified":"2016-07-24T10:26:24","modified_gmt":"2016-07-24T08:26:24","slug":"bautismo-del-senor-reflexion-de-jose-roman-flecha-2","status":"publish","type":"post","link":"http:\/\/vincentians.com\/es\/bautismo-del-senor-reflexion-de-jose-roman-flecha-2\/","title":{"rendered":"Bautismo del Se\u00f1or (reflexi\u00f3n de Jos\u00e9 Rom\u00e1n Flecha)"},"content":{"rendered":"<p align=\"center\"><strong>LA VOZ SOBRE LAS AGUAS<\/strong><br \/>\nFiesta del Bautismo del Se\u00f1or.B<br \/>\nDomingo 8 de enero de 2012<\/p>\n<p>En el rezo del Rosario, sol\u00edamos meditar los misterios gozosos, dolorosos y gloriosos de la vida de Jes\u00fas. Como sabemos, el Papa Juan Pablo II introdujo en esa devoci\u00f3n tradicional los \u00abmisterios luminosos\u00bb. Entre ellos meditamos el Bautismo de Jes\u00fas, como principio de su vida p\u00fablica y proclamaci\u00f3n de su misi\u00f3n.<\/p>\n<p>Seguramente la celebraci\u00f3n de esta fiesta del Bautismo de Jes\u00fas nos sorprende por venir tan unida a la que conmemora la llegada de los Magos. Tenemos la impresi\u00f3n de que toda la vida oculta de Jes\u00fas se escapa de nuestra consideraci\u00f3n. No es extra\u00f1o que los evangelios ap\u00f3crifos trataran de llenar ese vac\u00edo con tantas leyendas fant\u00e1sticas.<\/p>\n<p>Sin embargo, durante muchos siglos a los cristianos les parec\u00eda normal unir la fiesta del Bautismo de Jes\u00fas con la llegada de los sabios del Oriente. Ambos acontecimientos eran y son una \u00abepifan\u00eda\u00bb, es decir, una \u00abmanifestaci\u00f3n\u00bb de Dios en Jes\u00fas de Nazaret.<\/p>\n<p>De hecho, en Jes\u00fas se manifiesta la gloria salvadora de Dios, tanto a los que llegan a adorarlo como a los que lo ven bajar a las aguas del Jord\u00e1n. Es decir, en \u00c9l se manifiesta el amor de Dios tanto a los lejanos como a los cercanos, a los paganos como a los creyentes.<\/p>\n<p><strong>JES\u00daS Y EL JORD\u00c1N<\/strong><\/p>\n<p>El relato evang\u00e9lico del Bautismo de Jes\u00fas que hoy se recuerda y proclama (Mc 1, 6-11) es de una enorme y consoladora riqueza. No es extra\u00f1o que tantas veces haya atra\u00eddo la atenci\u00f3n de los Padres de la Iglesia, y tambi\u00e9n\u00a0 de los pintores y escultores cristianos. En el entorno del Jord\u00e1n se nos revela la identidad y la misi\u00f3n de Jes\u00fas, el Mes\u00edas y Se\u00f1or.<\/p>\n<p>El escenario mismo tiene una gran importancia. Tras el largo camino por el desierto, Josu\u00e9 cruz\u00f3 con los hebreos el Jord\u00e1n para entrar en la tierra prometida por Dios. Como un nuevo gu\u00eda del nuevo pueblo de Dios, Jes\u00fas baja al Jord\u00e1n para introducirnos en el reino de las promesas y de la gracia.<\/p>\n<p>Al Jord\u00e1n hab\u00eda bajado tambi\u00e9n Naam\u00e1n, el jefe de los ej\u00e9rcitos de Damasco. El profeta Eliseo le orden\u00f3 ba\u00f1arse en sus aguas. Y gracias a ello se vio curado de su lepra. Al Jord\u00e1n baja tambi\u00e9n\u00a0 Jes\u00fas, haci\u00e9ndose solidario del dolor de todos los que sufren y de la humillaci\u00f3n de todos los marginados.<\/p>\n<p>El Bautismo de Jes\u00fas es ya de alguna manera la revelaci\u00f3n de la Trinidad de nuestro Dios. Por una parte, se oye una voz celestial que reconoce a Jes\u00fas como Hijo. Adem\u00e1s, Jes\u00fas es presentado como un peregrino procedente de Galilea, que llega a escuchar a un profeta y es reconocido como Hijo de Dios. Y, finalmente, sobre \u00e9l aletea el Esp\u00edritu de Dios que, como la paloma de los tiempos del diluvio, encuentra en \u00e9l la tierra de la nueva creaci\u00f3n.<\/p>\n<p><strong>DIOS Y EL AMOR<\/strong><\/p>\n<p>En el evangelio de hoy se recogen unas palabras del Bautista: \u00abDetr\u00e1s de m\u00ed viene el que puede m\u00e1s que yo\u00bb. Se hace notar el silencio del Bautizado. Y finalmente se oye una voz del cielo: \u00abT\u00fa eres mi hijo amado, mi predilecto\u00bb.\u00a0 Hay que escuchar siempre esa alternancia de profec\u00eda,\u00a0 silencio y or\u00e1culo divino.<\/p>\n<ul>\n<li>\u00abT\u00fa eres mi hijo amado, mi predilecto\u00bb.\u00a0 En otros tiempos, las gentes \u00abtem\u00edan que Dios no fuera bueno del todo\u00bb. En Jes\u00fas se nos revela que \u00abDios es pura bondad\u00bb. As\u00ed lo ha recordado Benedicto XVI en la noche de la pasada Navidad. En el Bautismo de Jes\u00fas, Dios se revela como fuente de amor.<\/li>\n<li>\u00abT\u00fa eres mi hijo amado, mi predilecto\u00bb. Bien sabemos que el amor es como un diamante con muchas facetas. \u00abS\u00f3lo el Dios que es amor y el amor que es Dios\u00bb pod\u00eda optar por salvarnos por el camino que \u00abrespeta su verdad y la nuestra: el camino de la reconciliaci\u00f3n, el di\u00e1logo y la colaboraci\u00f3n\u00bb. As\u00ed lo ha dicho el mismo Papa el d\u00eda de Navidad.<\/li>\n<li>\u00abT\u00fa eres mi hijo amado, mi predilecto\u00bb. En la historia de Israel, se ha presentado a Dios como due\u00f1o de la vi\u00f1a,\u00a0 pastor del reba\u00f1o, esposo amante muchas veces traicionado, y como padre que cuida y gu\u00eda a su hijo. Con esa imagen se presenta el mismo Dios en el Jord\u00e1n. Es el Padre de Jes\u00fas. El Padre de quien se proclama como hermano nuestro. \u00a1Nuestro Padre!<\/li>\n<\/ul>\n<p><em>&#8211; Padre nuestro que est\u00e1s en el cielo, al recordar el bautismo de Jes\u00fas y nuestro propio bautismo,\u00a0 agradecemos el don de tu amor y tu voluntad de liberarnos de nuestro orgullo y presunci\u00f3n. Am\u00e9n.<\/em><\/p>\n","protected":false},"excerpt":{"rendered":"<p>LA VOZ SOBRE LAS AGUAS Fiesta del Bautismo del Se\u00f1or.B Domingo 8 de enero de 2012 En el rezo del Rosario, sol\u00edamos meditar los misterios gozosos, dolorosos y gloriosos de la vida de Jes\u00fas. Como &#8230; <a href=\"http:\/\/vincentians.com\/es\/bautismo-del-senor-reflexion-de-jose-roman-flecha-2\/\" class=\"more-link\">Read More<\/a><\/p>\n","protected":false},"author":4,"featured_media":388408,"comment_status":"open","ping_status":"open","sticky":false,"template":"","format":"standard","meta":{"jetpack_post_was_ever_published":false,"_jetpack_newsletter_access":"","_jetpack_dont_email_post_to_subs":false,"_jetpack_newsletter_tier_id":0,"_jetpack_memberships_contains_paywalled_content":false,"_jetpack_memberships_contains_paid_content":false,"footnotes":"","jetpack_publicize_message":"","jetpack_publicize_feature_enabled":true,"jetpack_social_post_already_shared":true,"jetpack_social_options":{"image_generator_settings":{"template":"highway","default_image_id":0,"font":"","enabled":false},"version":2}},"categories":[93],"tags":[],"class_list":["post-132423","post","type-post","status-publish","format-standard","has-post-thumbnail","hentry","category-homilias-y-reflexiones-ano-b"],"yoast_head":"<!-- This site is optimized with the Yoast SEO plugin v26.3 - https:\/\/yoast.com\/wordpress\/plugins\/seo\/ -->\n<title>Bautismo del Se\u00f1or (reflexi\u00f3n de Jos\u00e9 Rom\u00e1n Flecha) - Somos Vicencianos<\/title>\n<meta name=\"robots\" content=\"index, follow, max-snippet:-1, max-image-preview:large, max-video-preview:-1\" \/>\n<link rel=\"canonical\" href=\"http:\/\/vincentians.com\/es\/bautismo-del-senor-reflexion-de-jose-roman-flecha-2\/\" \/>\n<meta property=\"og:locale\" content=\"es_ES\" \/>\n<meta property=\"og:type\" content=\"article\" \/>\n<meta property=\"og:title\" content=\"Bautismo del Se\u00f1or (reflexi\u00f3n de Jos\u00e9 Rom\u00e1n Flecha) - Somos Vicencianos\" \/>\n<meta property=\"og:description\" content=\"LA VOZ SOBRE LAS AGUAS Fiesta del Bautismo del Se\u00f1or.B Domingo 8 de enero de 2012 En el rezo del Rosario, sol\u00edamos meditar los misterios gozosos, dolorosos y gloriosos de la vida de Jes\u00fas. Como ... Read More\" \/>\n<meta property=\"og:url\" content=\"http:\/\/vincentians.com\/es\/bautismo-del-senor-reflexion-de-jose-roman-flecha-2\/\" \/>\n<meta property=\"og:site_name\" content=\"Somos Vicencianos\" \/>\n<meta property=\"article:publisher\" content=\"https:\/\/www.facebook.com\/WeAreVincentians\/\" \/>\n<meta property=\"article:author\" content=\"https:\/\/www.facebook.com\/JavierChento\" \/>\n<meta property=\"article:published_time\" content=\"2012-01-06T11:36:54+00:00\" \/>\n<meta property=\"article:modified_time\" content=\"2016-07-24T08:26:24+00:00\" \/>\n<meta property=\"og:image\" content=\"https:\/\/i0.wp.com\/vincentians.com\/es\/wp-content\/uploads\/sites\/11\/2016\/07\/reflexiones-palabra-de-dios.jpg?fit=1200%2C630\" \/>\n\t<meta property=\"og:image:width\" content=\"1200\" \/>\n\t<meta property=\"og:image:height\" content=\"630\" \/>\n\t<meta property=\"og:image:type\" content=\"image\/jpeg\" \/>\n<meta name=\"author\" content=\"Francisco Javier Fern\u00e1ndez Chento\" \/>\n<meta name=\"twitter:card\" content=\"summary_large_image\" \/>\n<meta name=\"twitter:creator\" content=\"@https:\/\/twitter.com\/javierchento\" \/>\n<meta name=\"twitter:site\" content=\"@WeVincentians\" \/>\n<meta name=\"twitter:label1\" content=\"Escrito por\" \/>\n\t<meta name=\"twitter:data1\" content=\"Francisco Javier Fern\u00e1ndez Chento\" \/>\n\t<meta name=\"twitter:label2\" content=\"Tiempo de lectura\" \/>\n\t<meta name=\"twitter:data2\" content=\"4 minutos\" \/>\n<script type=\"application\/ld+json\" class=\"yoast-schema-graph\">{\"@context\":\"https:\/\/schema.org\",\"@graph\":[{\"@type\":\"Article\",\"@id\":\"http:\/\/vincentians.com\/es\/bautismo-del-senor-reflexion-de-jose-roman-flecha-2\/#article\",\"isPartOf\":{\"@id\":\"http:\/\/vincentians.com\/es\/bautismo-del-senor-reflexion-de-jose-roman-flecha-2\/\"},\"author\":{\"name\":\"Francisco Javier Fern\u00e1ndez Chento\",\"@id\":\"https:\/\/vincentians.com\/es\/#\/schema\/person\/9623ef4d9aa3b2dfb8c061f1499288f2\"},\"headline\":\"Bautismo del Se\u00f1or (reflexi\u00f3n de Jos\u00e9 Rom\u00e1n Flecha)\",\"datePublished\":\"2012-01-06T11:36:54+00:00\",\"dateModified\":\"2016-07-24T08:26:24+00:00\",\"mainEntityOfPage\":{\"@id\":\"http:\/\/vincentians.com\/es\/bautismo-del-senor-reflexion-de-jose-roman-flecha-2\/\"},\"wordCount\":855,\"commentCount\":0,\"publisher\":{\"@id\":\"https:\/\/vincentians.com\/es\/#organization\"},\"image\":{\"@id\":\"http:\/\/vincentians.com\/es\/bautismo-del-senor-reflexion-de-jose-roman-flecha-2\/#primaryimage\"},\"thumbnailUrl\":\"https:\/\/i0.wp.com\/vincentians.com\/es\/wp-content\/uploads\/sites\/11\/2016\/07\/reflexiones-palabra-de-dios.jpg?fit=1200%2C630\",\"articleSection\":[\"Homil\u00edas y reflexiones, A\u00f1o B\"],\"inLanguage\":\"es\",\"potentialAction\":[{\"@type\":\"CommentAction\",\"name\":\"Comment\",\"target\":[\"http:\/\/vincentians.com\/es\/bautismo-del-senor-reflexion-de-jose-roman-flecha-2\/#respond\"]}]},{\"@type\":\"WebPage\",\"@id\":\"http:\/\/vincentians.com\/es\/bautismo-del-senor-reflexion-de-jose-roman-flecha-2\/\",\"url\":\"http:\/\/vincentians.com\/es\/bautismo-del-senor-reflexion-de-jose-roman-flecha-2\/\",\"name\":\"Bautismo del Se\u00f1or (reflexi\u00f3n de Jos\u00e9 Rom\u00e1n Flecha) - Somos Vicencianos\",\"isPartOf\":{\"@id\":\"https:\/\/vincentians.com\/es\/#website\"},\"primaryImageOfPage\":{\"@id\":\"http:\/\/vincentians.com\/es\/bautismo-del-senor-reflexion-de-jose-roman-flecha-2\/#primaryimage\"},\"image\":{\"@id\":\"http:\/\/vincentians.com\/es\/bautismo-del-senor-reflexion-de-jose-roman-flecha-2\/#primaryimage\"},\"thumbnailUrl\":\"https:\/\/i0.wp.com\/vincentians.com\/es\/wp-content\/uploads\/sites\/11\/2016\/07\/reflexiones-palabra-de-dios.jpg?fit=1200%2C630\",\"datePublished\":\"2012-01-06T11:36:54+00:00\",\"dateModified\":\"2016-07-24T08:26:24+00:00\",\"breadcrumb\":{\"@id\":\"http:\/\/vincentians.com\/es\/bautismo-del-senor-reflexion-de-jose-roman-flecha-2\/#breadcrumb\"},\"inLanguage\":\"es\",\"potentialAction\":[{\"@type\":\"ReadAction\",\"target\":[\"http:\/\/vincentians.com\/es\/bautismo-del-senor-reflexion-de-jose-roman-flecha-2\/\"]}]},{\"@type\":\"ImageObject\",\"inLanguage\":\"es\",\"@id\":\"http:\/\/vincentians.com\/es\/bautismo-del-senor-reflexion-de-jose-roman-flecha-2\/#primaryimage\",\"url\":\"https:\/\/i0.wp.com\/vincentians.com\/es\/wp-content\/uploads\/sites\/11\/2016\/07\/reflexiones-palabra-de-dios.jpg?fit=1200%2C630\",\"contentUrl\":\"https:\/\/i0.wp.com\/vincentians.com\/es\/wp-content\/uploads\/sites\/11\/2016\/07\/reflexiones-palabra-de-dios.jpg?fit=1200%2C630\",\"width\":1200,\"height\":630},{\"@type\":\"BreadcrumbList\",\"@id\":\"http:\/\/vincentians.com\/es\/bautismo-del-senor-reflexion-de-jose-roman-flecha-2\/#breadcrumb\",\"itemListElement\":[{\"@type\":\"ListItem\",\"position\":1,\"name\":\"Portada\",\"item\":\"https:\/\/vincentians.com\/es\/\"},{\"@type\":\"ListItem\",\"position\":2,\"name\":\"Bautismo del Se\u00f1or (reflexi\u00f3n de Jos\u00e9 Rom\u00e1n Flecha)\"}]},{\"@type\":\"WebSite\",\"@id\":\"https:\/\/vincentians.com\/es\/#website\",\"url\":\"https:\/\/vincentians.com\/es\/\",\"name\":\"Somos Vicencianos\",\"description\":\"Know more to serve more\",\"publisher\":{\"@id\":\"https:\/\/vincentians.com\/es\/#organization\"},\"potentialAction\":[{\"@type\":\"SearchAction\",\"target\":{\"@type\":\"EntryPoint\",\"urlTemplate\":\"https:\/\/vincentians.com\/es\/?s={search_term_string}\"},\"query-input\":{\"@type\":\"PropertyValueSpecification\",\"valueRequired\":true,\"valueName\":\"search_term_string\"}}],\"inLanguage\":\"es\"},{\"@type\":\"Organization\",\"@id\":\"https:\/\/vincentians.com\/es\/#organization\",\"name\":\"The Vincentian Network\",\"url\":\"https:\/\/vincentians.com\/es\/\",\"logo\":{\"@type\":\"ImageObject\",\"inLanguage\":\"es\",\"@id\":\"https:\/\/vincentians.com\/es\/#\/schema\/logo\/image\/\",\"url\":\"https:\/\/i1.wp.com\/vincentians.com\/es\/wp-content\/uploads\/sites\/11\/2016\/06\/Vincentian-Network-logo-big.png?fit=778%2C778\",\"contentUrl\":\"https:\/\/i1.wp.com\/vincentians.com\/es\/wp-content\/uploads\/sites\/11\/2016\/06\/Vincentian-Network-logo-big.png?fit=778%2C778\",\"width\":778,\"height\":778,\"caption\":\"The Vincentian Network\"},\"image\":{\"@id\":\"https:\/\/vincentians.com\/es\/#\/schema\/logo\/image\/\"},\"sameAs\":[\"https:\/\/www.facebook.com\/WeAreVincentians\/\",\"https:\/\/x.com\/WeVincentians\"]},{\"@type\":\"Person\",\"@id\":\"https:\/\/vincentians.com\/es\/#\/schema\/person\/9623ef4d9aa3b2dfb8c061f1499288f2\",\"name\":\"Francisco Javier Fern\u00e1ndez Chento\",\"image\":{\"@type\":\"ImageObject\",\"inLanguage\":\"es\",\"@id\":\"https:\/\/vincentians.com\/es\/#\/schema\/person\/image\/\",\"url\":\"https:\/\/secure.gravatar.com\/avatar\/497d5cde87b4c3d097d0315953521681ba2cd523ee66e5077c3711f7021e65de?s=96&d=mm&r=g\",\"contentUrl\":\"https:\/\/secure.gravatar.com\/avatar\/497d5cde87b4c3d097d0315953521681ba2cd523ee66e5077c3711f7021e65de?s=96&d=mm&r=g\",\"caption\":\"Francisco Javier Fern\u00e1ndez Chento\"},\"description\":\"Director General y cofundador de La Red de Formaci\u00f3n Vicenciana. Javier es laico vicenciano, afiliado a la Congregaci\u00f3n de la Misi\u00f3n y miembro del Equipo de Misiones Populares de la provincia can\u00f3nica de Zaragoza (Espa\u00f1a) de la Congregaci\u00f3n de la Misi\u00f3n. Graduado en la Universidad Oberta de Catalunya con cuatro grados (Asistente de direcci\u00f3n, Gesti\u00f3n Administrativa, Recursos Humanos y Contabilidad Avanzada). Bil\u00edng\u00fce Espa\u00f1ol\/Ingl\u00e9s. gestiona y mantiene varias p\u00e1ginas web cristianas y vicencianas, incluida including La Red de Formaci\u00f3n Vicenciana, de la que es cofundador. Actualmente es responsable del \u00e1rea de Espa\u00f1ol de .famvin, la Red de Noticias de la Familia Vicenciana. Tambi\u00e9n es m\u00fasico cat\u00f3lico y ha editado varios discos. Es Director General y cofundador de Trovador, una reconocida compa\u00f1\u00eda discogr\u00e1fica critiana de Espa\u00f1a. Trabaja en las Tecnolog\u00edas de la Informaci\u00f3n, ofreciendo servicios de alojamiento, dise\u00f1o y mantenimiento Web, as\u00ed como asesoramiento, formaci\u00f3n y soluciones inform\u00e1ticas, gesti\u00f3n documental y digitalizaci\u00f3n de textos, edici\u00f3n y maquetaci\u00f3n de libros, revistas, flyers, etc.\",\"sameAs\":[\"http:\/\/chento.org\",\"https:\/\/www.facebook.com\/JavierChento\",\"https:\/\/x.com\/https:\/\/twitter.com\/javierchento\"],\"url\":\"http:\/\/vincentians.com\/es\/author\/chento\/\"}]}<\/script>\n<!-- \/ Yoast SEO plugin. -->","yoast_head_json":{"title":"Bautismo del Se\u00f1or (reflexi\u00f3n de Jos\u00e9 Rom\u00e1n Flecha) - Somos Vicencianos","robots":{"index":"index","follow":"follow","max-snippet":"max-snippet:-1","max-image-preview":"max-image-preview:large","max-video-preview":"max-video-preview:-1"},"canonical":"http:\/\/vincentians.com\/es\/bautismo-del-senor-reflexion-de-jose-roman-flecha-2\/","og_locale":"es_ES","og_type":"article","og_title":"Bautismo del Se\u00f1or (reflexi\u00f3n de Jos\u00e9 Rom\u00e1n Flecha) - Somos Vicencianos","og_description":"LA VOZ SOBRE LAS AGUAS Fiesta del Bautismo del Se\u00f1or.B Domingo 8 de enero de 2012 En el rezo del Rosario, sol\u00edamos meditar los misterios gozosos, dolorosos y gloriosos de la vida de Jes\u00fas. Como ... Read More","og_url":"http:\/\/vincentians.com\/es\/bautismo-del-senor-reflexion-de-jose-roman-flecha-2\/","og_site_name":"Somos Vicencianos","article_publisher":"https:\/\/www.facebook.com\/WeAreVincentians\/","article_author":"https:\/\/www.facebook.com\/JavierChento","article_published_time":"2012-01-06T11:36:54+00:00","article_modified_time":"2016-07-24T08:26:24+00:00","og_image":[{"width":1200,"height":630,"url":"https:\/\/i0.wp.com\/vincentians.com\/es\/wp-content\/uploads\/sites\/11\/2016\/07\/reflexiones-palabra-de-dios.jpg?fit=1200%2C630","type":"image\/jpeg"}],"author":"Francisco Javier Fern\u00e1ndez Chento","twitter_card":"summary_large_image","twitter_creator":"@https:\/\/twitter.com\/javierchento","twitter_site":"@WeVincentians","twitter_misc":{"Escrito por":"Francisco Javier Fern\u00e1ndez Chento","Tiempo de lectura":"4 minutos"},"schema":{"@context":"https:\/\/schema.org","@graph":[{"@type":"Article","@id":"http:\/\/vincentians.com\/es\/bautismo-del-senor-reflexion-de-jose-roman-flecha-2\/#article","isPartOf":{"@id":"http:\/\/vincentians.com\/es\/bautismo-del-senor-reflexion-de-jose-roman-flecha-2\/"},"author":{"name":"Francisco Javier Fern\u00e1ndez Chento","@id":"https:\/\/vincentians.com\/es\/#\/schema\/person\/9623ef4d9aa3b2dfb8c061f1499288f2"},"headline":"Bautismo del Se\u00f1or (reflexi\u00f3n de Jos\u00e9 Rom\u00e1n Flecha)","datePublished":"2012-01-06T11:36:54+00:00","dateModified":"2016-07-24T08:26:24+00:00","mainEntityOfPage":{"@id":"http:\/\/vincentians.com\/es\/bautismo-del-senor-reflexion-de-jose-roman-flecha-2\/"},"wordCount":855,"commentCount":0,"publisher":{"@id":"https:\/\/vincentians.com\/es\/#organization"},"image":{"@id":"http:\/\/vincentians.com\/es\/bautismo-del-senor-reflexion-de-jose-roman-flecha-2\/#primaryimage"},"thumbnailUrl":"https:\/\/i0.wp.com\/vincentians.com\/es\/wp-content\/uploads\/sites\/11\/2016\/07\/reflexiones-palabra-de-dios.jpg?fit=1200%2C630","articleSection":["Homil\u00edas y reflexiones, A\u00f1o B"],"inLanguage":"es","potentialAction":[{"@type":"CommentAction","name":"Comment","target":["http:\/\/vincentians.com\/es\/bautismo-del-senor-reflexion-de-jose-roman-flecha-2\/#respond"]}]},{"@type":"WebPage","@id":"http:\/\/vincentians.com\/es\/bautismo-del-senor-reflexion-de-jose-roman-flecha-2\/","url":"http:\/\/vincentians.com\/es\/bautismo-del-senor-reflexion-de-jose-roman-flecha-2\/","name":"Bautismo del Se\u00f1or (reflexi\u00f3n de Jos\u00e9 Rom\u00e1n Flecha) - Somos Vicencianos","isPartOf":{"@id":"https:\/\/vincentians.com\/es\/#website"},"primaryImageOfPage":{"@id":"http:\/\/vincentians.com\/es\/bautismo-del-senor-reflexion-de-jose-roman-flecha-2\/#primaryimage"},"image":{"@id":"http:\/\/vincentians.com\/es\/bautismo-del-senor-reflexion-de-jose-roman-flecha-2\/#primaryimage"},"thumbnailUrl":"https:\/\/i0.wp.com\/vincentians.com\/es\/wp-content\/uploads\/sites\/11\/2016\/07\/reflexiones-palabra-de-dios.jpg?fit=1200%2C630","datePublished":"2012-01-06T11:36:54+00:00","dateModified":"2016-07-24T08:26:24+00:00","breadcrumb":{"@id":"http:\/\/vincentians.com\/es\/bautismo-del-senor-reflexion-de-jose-roman-flecha-2\/#breadcrumb"},"inLanguage":"es","potentialAction":[{"@type":"ReadAction","target":["http:\/\/vincentians.com\/es\/bautismo-del-senor-reflexion-de-jose-roman-flecha-2\/"]}]},{"@type":"ImageObject","inLanguage":"es","@id":"http:\/\/vincentians.com\/es\/bautismo-del-senor-reflexion-de-jose-roman-flecha-2\/#primaryimage","url":"https:\/\/i0.wp.com\/vincentians.com\/es\/wp-content\/uploads\/sites\/11\/2016\/07\/reflexiones-palabra-de-dios.jpg?fit=1200%2C630","contentUrl":"https:\/\/i0.wp.com\/vincentians.com\/es\/wp-content\/uploads\/sites\/11\/2016\/07\/reflexiones-palabra-de-dios.jpg?fit=1200%2C630","width":1200,"height":630},{"@type":"BreadcrumbList","@id":"http:\/\/vincentians.com\/es\/bautismo-del-senor-reflexion-de-jose-roman-flecha-2\/#breadcrumb","itemListElement":[{"@type":"ListItem","position":1,"name":"Portada","item":"https:\/\/vincentians.com\/es\/"},{"@type":"ListItem","position":2,"name":"Bautismo del Se\u00f1or (reflexi\u00f3n de Jos\u00e9 Rom\u00e1n Flecha)"}]},{"@type":"WebSite","@id":"https:\/\/vincentians.com\/es\/#website","url":"https:\/\/vincentians.com\/es\/","name":"Somos Vicencianos","description":"Know more to serve more","publisher":{"@id":"https:\/\/vincentians.com\/es\/#organization"},"potentialAction":[{"@type":"SearchAction","target":{"@type":"EntryPoint","urlTemplate":"https:\/\/vincentians.com\/es\/?s={search_term_string}"},"query-input":{"@type":"PropertyValueSpecification","valueRequired":true,"valueName":"search_term_string"}}],"inLanguage":"es"},{"@type":"Organization","@id":"https:\/\/vincentians.com\/es\/#organization","name":"The Vincentian Network","url":"https:\/\/vincentians.com\/es\/","logo":{"@type":"ImageObject","inLanguage":"es","@id":"https:\/\/vincentians.com\/es\/#\/schema\/logo\/image\/","url":"https:\/\/i1.wp.com\/vincentians.com\/es\/wp-content\/uploads\/sites\/11\/2016\/06\/Vincentian-Network-logo-big.png?fit=778%2C778","contentUrl":"https:\/\/i1.wp.com\/vincentians.com\/es\/wp-content\/uploads\/sites\/11\/2016\/06\/Vincentian-Network-logo-big.png?fit=778%2C778","width":778,"height":778,"caption":"The Vincentian Network"},"image":{"@id":"https:\/\/vincentians.com\/es\/#\/schema\/logo\/image\/"},"sameAs":["https:\/\/www.facebook.com\/WeAreVincentians\/","https:\/\/x.com\/WeVincentians"]},{"@type":"Person","@id":"https:\/\/vincentians.com\/es\/#\/schema\/person\/9623ef4d9aa3b2dfb8c061f1499288f2","name":"Francisco Javier Fern\u00e1ndez Chento","image":{"@type":"ImageObject","inLanguage":"es","@id":"https:\/\/vincentians.com\/es\/#\/schema\/person\/image\/","url":"https:\/\/secure.gravatar.com\/avatar\/497d5cde87b4c3d097d0315953521681ba2cd523ee66e5077c3711f7021e65de?s=96&d=mm&r=g","contentUrl":"https:\/\/secure.gravatar.com\/avatar\/497d5cde87b4c3d097d0315953521681ba2cd523ee66e5077c3711f7021e65de?s=96&d=mm&r=g","caption":"Francisco Javier Fern\u00e1ndez Chento"},"description":"Director General y cofundador de La Red de Formaci\u00f3n Vicenciana. Javier es laico vicenciano, afiliado a la Congregaci\u00f3n de la Misi\u00f3n y miembro del Equipo de Misiones Populares de la provincia can\u00f3nica de Zaragoza (Espa\u00f1a) de la Congregaci\u00f3n de la Misi\u00f3n. Graduado en la Universidad Oberta de Catalunya con cuatro grados (Asistente de direcci\u00f3n, Gesti\u00f3n Administrativa, Recursos Humanos y Contabilidad Avanzada). Bil\u00edng\u00fce Espa\u00f1ol\/Ingl\u00e9s. gestiona y mantiene varias p\u00e1ginas web cristianas y vicencianas, incluida including La Red de Formaci\u00f3n Vicenciana, de la que es cofundador. Actualmente es responsable del \u00e1rea de Espa\u00f1ol de .famvin, la Red de Noticias de la Familia Vicenciana. Tambi\u00e9n es m\u00fasico cat\u00f3lico y ha editado varios discos. Es Director General y cofundador de Trovador, una reconocida compa\u00f1\u00eda discogr\u00e1fica critiana de Espa\u00f1a. Trabaja en las Tecnolog\u00edas de la Informaci\u00f3n, ofreciendo servicios de alojamiento, dise\u00f1o y mantenimiento Web, as\u00ed como asesoramiento, formaci\u00f3n y soluciones inform\u00e1ticas, gesti\u00f3n documental y digitalizaci\u00f3n de textos, edici\u00f3n y maquetaci\u00f3n de libros, revistas, flyers, etc.","sameAs":["http:\/\/chento.org","https:\/\/www.facebook.com\/JavierChento","https:\/\/x.com\/https:\/\/twitter.com\/javierchento"],"url":"http:\/\/vincentians.com\/es\/author\/chento\/"}]}},"jetpack_publicize_connections":[],"jetpack_featured_media_url":"https:\/\/i0.wp.com\/vincentians.com\/es\/wp-content\/uploads\/sites\/11\/2016\/07\/reflexiones-palabra-de-dios.jpg?fit=1200%2C630","jetpack_sharing_enabled":true,"jetpack_shortlink":"https:\/\/wp.me\/p7ETMF-yrR","jetpack-related-posts":[{"id":135285,"url":"http:\/\/vincentians.com\/es\/bautismo-del-senor-reflexion-de-jose-roman-flecha-3\/","url_meta":{"origin":132423,"position":0},"title":"Bautismo del Se\u00f1or (reflexi\u00f3n de Jos\u00e9 Rom\u00e1n Flecha)","author":"Francisco Javier Fern\u00e1ndez Chento","date":"06\/01\/2015","format":false,"excerpt":"BAUTISMO Y LIBERACI\u00d3N Fiesta del Bautismo de Jes\u00fas. B. 11 de enero de 2015 \"Mirad a mi siervo a quien sostengo; mi elegido, a quien prefiero. Sobre \u00e9l he puesto mi esp\u00edritu para que traiga el derecho a las naciones\". Este texto que hoy se lee en la misa (Is\u2026","rel":"","context":"En \u00abHomil\u00edas y reflexiones, A\u00f1o B\u00bb","block_context":{"text":"Homil\u00edas y reflexiones, A\u00f1o B","link":"http:\/\/vincentians.com\/es\/category\/homilias-y-reflexiones-a-la-palabra-de-dios\/homilias-y-reflexiones-ano-b\/"},"img":{"alt_text":"","src":"https:\/\/i0.wp.com\/vincentians.com\/es\/wp-content\/uploads\/sites\/11\/2016\/07\/reflexiones-palabra-de-dios.jpg?fit=1200%2C630&resize=350%2C200","width":350,"height":200,"srcset":"https:\/\/i0.wp.com\/vincentians.com\/es\/wp-content\/uploads\/sites\/11\/2016\/07\/reflexiones-palabra-de-dios.jpg?fit=1200%2C630&resize=350%2C200 1x, https:\/\/i0.wp.com\/vincentians.com\/es\/wp-content\/uploads\/sites\/11\/2016\/07\/reflexiones-palabra-de-dios.jpg?fit=1200%2C630&resize=525%2C300 1.5x, https:\/\/i0.wp.com\/vincentians.com\/es\/wp-content\/uploads\/sites\/11\/2016\/07\/reflexiones-palabra-de-dios.jpg?fit=1200%2C630&resize=700%2C400 2x, https:\/\/i0.wp.com\/vincentians.com\/es\/wp-content\/uploads\/sites\/11\/2016\/07\/reflexiones-palabra-de-dios.jpg?fit=1200%2C630&resize=1050%2C600 3x"},"classes":[]},{"id":135376,"url":"http:\/\/vincentians.com\/es\/bautismo-del-senor-reflexion-de-la-s-s-v-p-en-espana-2\/","url_meta":{"origin":132423,"position":1},"title":"Bautismo del Se\u00f1or (reflexi\u00f3n de la S.S.V.P. en Espa\u00f1a)","author":"Francisco Javier Fern\u00e1ndez Chento","date":"09\/01\/2015","format":false,"excerpt":"\"Jesucristo es nuestro \u00fanico Sumo Sacerdote. Es el perfecto adorador del Padre y, a la vez, perfecto sacrificador y v\u00edctima perfecta\". (SVdeP ES XI, 522) La fiesta del Bautismo del Se\u00f1or cierra el ciclo de Navidad, e inaugura el Ministerio P\u00fablico de Jes\u00fas. El protagonismo, no es ya el Ni\u00f1o\u2026","rel":"","context":"En \u00abHomil\u00edas y reflexiones, A\u00f1o B\u00bb","block_context":{"text":"Homil\u00edas y reflexiones, A\u00f1o B","link":"http:\/\/vincentians.com\/es\/category\/homilias-y-reflexiones-a-la-palabra-de-dios\/homilias-y-reflexiones-ano-b\/"},"img":{"alt_text":"","src":"https:\/\/i0.wp.com\/vincentians.com\/es\/wp-content\/uploads\/sites\/11\/2016\/07\/reflexiones-palabra-de-dios.jpg?fit=1200%2C630&resize=350%2C200","width":350,"height":200,"srcset":"https:\/\/i0.wp.com\/vincentians.com\/es\/wp-content\/uploads\/sites\/11\/2016\/07\/reflexiones-palabra-de-dios.jpg?fit=1200%2C630&resize=350%2C200 1x, https:\/\/i0.wp.com\/vincentians.com\/es\/wp-content\/uploads\/sites\/11\/2016\/07\/reflexiones-palabra-de-dios.jpg?fit=1200%2C630&resize=525%2C300 1.5x, https:\/\/i0.wp.com\/vincentians.com\/es\/wp-content\/uploads\/sites\/11\/2016\/07\/reflexiones-palabra-de-dios.jpg?fit=1200%2C630&resize=700%2C400 2x, https:\/\/i0.wp.com\/vincentians.com\/es\/wp-content\/uploads\/sites\/11\/2016\/07\/reflexiones-palabra-de-dios.jpg?fit=1200%2C630&resize=1050%2C600 3x"},"classes":[]},{"id":135322,"url":"http:\/\/vincentians.com\/es\/bautismo-del-senor-reflexion-de-antonio-elduayen-c-m-2\/","url_meta":{"origin":132423,"position":2},"title":"Bautismo del Se\u00f1or (reflexi\u00f3n de Antonio Elduayen, C.M.)","author":"Francisco Javier Fern\u00e1ndez Chento","date":"07\/01\/2015","format":false,"excerpt":"Queridos amigos y amigas, El bautismo de Jes\u00fas por Juan, que Marcos nos cuenta en su evangelio (Mc 11, 7-11), termina en la m\u00e1s importante de las epifan\u00edas del Se\u00f1or. Una epifan\u00eda que es al mismo tiempo teofan\u00eda, pues, por primera vez, Dios mismo se nos manifiesta como es \u00c9l,\u2026","rel":"","context":"En \u00abHomil\u00edas y reflexiones, A\u00f1o B\u00bb","block_context":{"text":"Homil\u00edas y reflexiones, A\u00f1o B","link":"http:\/\/vincentians.com\/es\/category\/homilias-y-reflexiones-a-la-palabra-de-dios\/homilias-y-reflexiones-ano-b\/"},"img":{"alt_text":"","src":"https:\/\/i0.wp.com\/vincentians.com\/es\/wp-content\/uploads\/sites\/11\/2016\/07\/reflexiones-palabra-de-dios.jpg?fit=1200%2C630&resize=350%2C200","width":350,"height":200,"srcset":"https:\/\/i0.wp.com\/vincentians.com\/es\/wp-content\/uploads\/sites\/11\/2016\/07\/reflexiones-palabra-de-dios.jpg?fit=1200%2C630&resize=350%2C200 1x, https:\/\/i0.wp.com\/vincentians.com\/es\/wp-content\/uploads\/sites\/11\/2016\/07\/reflexiones-palabra-de-dios.jpg?fit=1200%2C630&resize=525%2C300 1.5x, https:\/\/i0.wp.com\/vincentians.com\/es\/wp-content\/uploads\/sites\/11\/2016\/07\/reflexiones-palabra-de-dios.jpg?fit=1200%2C630&resize=700%2C400 2x, https:\/\/i0.wp.com\/vincentians.com\/es\/wp-content\/uploads\/sites\/11\/2016\/07\/reflexiones-palabra-de-dios.jpg?fit=1200%2C630&resize=1050%2C600 3x"},"classes":[]},{"id":135547,"url":"http:\/\/vincentians.com\/es\/bautismo-del-senor-reflexion-de-jose-cervantes-gabarron-3\/","url_meta":{"origin":132423,"position":3},"title":"Bautismo del Se\u00f1or (reflexi\u00f3n de Jos\u00e9 Cervantes Gabarr\u00f3n)","author":"Francisco Javier Fern\u00e1ndez Chento","date":"10\/01\/2015","format":false,"excerpt":"El desgarr\u00f3n revelador del Siervo Reci\u00e9n comenzado el a\u00f1o nos viene bien una fiesta, la del bautismo de Jes\u00fas, el Siervo de Dios y servidor de los hombres, que nos resit\u00faa con los pies en la tierra y con la mirada y el o\u00eddo en el cielo, para poner en\u2026","rel":"","context":"En \u00abHomil\u00edas y reflexiones, A\u00f1o B\u00bb","block_context":{"text":"Homil\u00edas y reflexiones, A\u00f1o B","link":"http:\/\/vincentians.com\/es\/category\/homilias-y-reflexiones-a-la-palabra-de-dios\/homilias-y-reflexiones-ano-b\/"},"img":{"alt_text":"","src":"https:\/\/i0.wp.com\/vincentians.com\/es\/wp-content\/uploads\/sites\/11\/2016\/07\/reflexiones-palabra-de-dios.jpg?fit=1200%2C630&resize=350%2C200","width":350,"height":200,"srcset":"https:\/\/i0.wp.com\/vincentians.com\/es\/wp-content\/uploads\/sites\/11\/2016\/07\/reflexiones-palabra-de-dios.jpg?fit=1200%2C630&resize=350%2C200 1x, https:\/\/i0.wp.com\/vincentians.com\/es\/wp-content\/uploads\/sites\/11\/2016\/07\/reflexiones-palabra-de-dios.jpg?fit=1200%2C630&resize=525%2C300 1.5x, https:\/\/i0.wp.com\/vincentians.com\/es\/wp-content\/uploads\/sites\/11\/2016\/07\/reflexiones-palabra-de-dios.jpg?fit=1200%2C630&resize=700%2C400 2x, https:\/\/i0.wp.com\/vincentians.com\/es\/wp-content\/uploads\/sites\/11\/2016\/07\/reflexiones-palabra-de-dios.jpg?fit=1200%2C630&resize=1050%2C600 3x"},"classes":[]},{"id":386808,"url":"http:\/\/vincentians.com\/es\/el-bautismo-del-senor-reflexion-de-la-s-s-v-p-en-estados-unidos\/","url_meta":{"origin":132423,"position":4},"title":"El bautismo del Se\u00f1or (reflexi\u00f3n de la S.S.V.P. en Estados Unidos)","author":"Francisco Javier Fern\u00e1ndez Chento","date":"09\/01\/2016","format":false,"excerpt":"Evangelio: (San Lucas 3:15-16; 21-22) El pueblo estaba en la duda, y todos se preguntaban interiormente si Juan no ser\u00eda el Mes\u00edas, por lo que Juan hizo a todos esta declaraci\u00f3n: \u201cYo les bautizo con agua, pero esta para llegar uno con mas poder que yo, y yo no soy\u2026","rel":"","context":"En \u00abHomil\u00edas y reflexiones, A\u00f1o C\u00bb","block_context":{"text":"Homil\u00edas y reflexiones, A\u00f1o C","link":"http:\/\/vincentians.com\/es\/category\/homilias-y-reflexiones-a-la-palabra-de-dios\/homilias-y-reflexiones-ano-c\/"},"img":{"alt_text":"","src":"https:\/\/i0.wp.com\/vincentians.com\/es\/wp-content\/uploads\/sites\/11\/2016\/07\/reflexiones-palabra-de-dios.jpg?fit=1200%2C630&resize=350%2C200","width":350,"height":200,"srcset":"https:\/\/i0.wp.com\/vincentians.com\/es\/wp-content\/uploads\/sites\/11\/2016\/07\/reflexiones-palabra-de-dios.jpg?fit=1200%2C630&resize=350%2C200 1x, https:\/\/i0.wp.com\/vincentians.com\/es\/wp-content\/uploads\/sites\/11\/2016\/07\/reflexiones-palabra-de-dios.jpg?fit=1200%2C630&resize=525%2C300 1.5x, https:\/\/i0.wp.com\/vincentians.com\/es\/wp-content\/uploads\/sites\/11\/2016\/07\/reflexiones-palabra-de-dios.jpg?fit=1200%2C630&resize=700%2C400 2x, https:\/\/i0.wp.com\/vincentians.com\/es\/wp-content\/uploads\/sites\/11\/2016\/07\/reflexiones-palabra-de-dios.jpg?fit=1200%2C630&resize=1050%2C600 3x"},"classes":[]},{"id":136984,"url":"http:\/\/vincentians.com\/es\/domingo-de-resurreccion-reflexion-de-jose-roman-flecha-2\/","url_meta":{"origin":132423,"position":5},"title":"Domingo de Resurrecci\u00f3n (reflexi\u00f3n de Jos\u00e9 Rom\u00e1n Flecha)","author":"Francisco Javier Fern\u00e1ndez Chento","date":"16\/04\/2014","format":false,"excerpt":"FIESTA DE LA LUZ Solemnidad de la Pascua. A 20 de abril de 2014 \u201cHay cristianos cuya opci\u00f3n parece ser la de una cuaresma sin Pascua\u201d. As\u00ed ha escrito el Papa Francisco en su exhortaci\u00f3n La Alegr\u00eda del Evangelio (n.6). La Cuaresma nos ha ido preparando para aceptar la cruz\u2026","rel":"","context":"En \u00abHomil\u00edas y reflexiones, A\u00f1o A\u00bb","block_context":{"text":"Homil\u00edas y reflexiones, A\u00f1o A","link":"http:\/\/vincentians.com\/es\/category\/homilias-y-reflexiones-a-la-palabra-de-dios\/homilias-y-reflexiones-ano-a\/"},"img":{"alt_text":"","src":"https:\/\/i0.wp.com\/vincentians.com\/es\/wp-content\/uploads\/sites\/11\/2016\/07\/reflexiones-palabra-de-dios.jpg?fit=1200%2C630&resize=350%2C200","width":350,"height":200,"srcset":"https:\/\/i0.wp.com\/vincentians.com\/es\/wp-content\/uploads\/sites\/11\/2016\/07\/reflexiones-palabra-de-dios.jpg?fit=1200%2C630&resize=350%2C200 1x, https:\/\/i0.wp.com\/vincentians.com\/es\/wp-content\/uploads\/sites\/11\/2016\/07\/reflexiones-palabra-de-dios.jpg?fit=1200%2C630&resize=525%2C300 1.5x, https:\/\/i0.wp.com\/vincentians.com\/es\/wp-content\/uploads\/sites\/11\/2016\/07\/reflexiones-palabra-de-dios.jpg?fit=1200%2C630&resize=700%2C400 2x, https:\/\/i0.wp.com\/vincentians.com\/es\/wp-content\/uploads\/sites\/11\/2016\/07\/reflexiones-palabra-de-dios.jpg?fit=1200%2C630&resize=1050%2C600 3x"},"classes":[]}],"_links":{"self":[{"href":"http:\/\/vincentians.com\/es\/wp-json\/wp\/v2\/posts\/132423","targetHints":{"allow":["GET"]}}],"collection":[{"href":"http:\/\/vincentians.com\/es\/wp-json\/wp\/v2\/posts"}],"about":[{"href":"http:\/\/vincentians.com\/es\/wp-json\/wp\/v2\/types\/post"}],"author":[{"embeddable":true,"href":"http:\/\/vincentians.com\/es\/wp-json\/wp\/v2\/users\/4"}],"replies":[{"embeddable":true,"href":"http:\/\/vincentians.com\/es\/wp-json\/wp\/v2\/comments?post=132423"}],"version-history":[{"count":0,"href":"http:\/\/vincentians.com\/es\/wp-json\/wp\/v2\/posts\/132423\/revisions"}],"wp:featuredmedia":[{"embeddable":true,"href":"http:\/\/vincentians.com\/es\/wp-json\/wp\/v2\/media\/388408"}],"wp:attachment":[{"href":"http:\/\/vincentians.com\/es\/wp-json\/wp\/v2\/media?parent=132423"}],"wp:term":[{"taxonomy":"category","embeddable":true,"href":"http:\/\/vincentians.com\/es\/wp-json\/wp\/v2\/categories?post=132423"},{"taxonomy":"post_tag","embeddable":true,"href":"http:\/\/vincentians.com\/es\/wp-json\/wp\/v2\/tags?post=132423"}],"curies":[{"name":"wp","href":"https:\/\/api.w.org\/{rel}","templated":true}]}}