{"id":132188,"date":"2014-12-31T08:31:26","date_gmt":"2014-12-31T07:31:26","guid":{"rendered":"http:\/\/somos.vicencianos.org\/?p=132188"},"modified":"2016-07-27T12:06:34","modified_gmt":"2016-07-27T10:06:34","slug":"louis-de-bras-c-m-1678-1761-viii-superior-general","status":"publish","type":"post","link":"http:\/\/vincentians.com\/es\/louis-de-bras-c-m-1678-1761-viii-superior-general\/","title":{"rendered":"Louis de Bras, C.M. (1678-1761) (VIII Superior General)"},"content":{"rendered":"<p><a href=\"http:\/\/vicencianos.org\/blog\/santiago-ramiro-abadia-ortiz\/biografias-paules-345\/\" rel=\"attachment wp-att-128931\"><img data-recalc-dims=\"1\" loading=\"lazy\" decoding=\"async\" class=\"alignleft size-full wp-image-128931\" src=\"https:\/\/i0.wp.com\/vicencianos.org\/wp-content\/2014\/01\/Biografias-Pa%C3%BAles.jpg?resize=232%2C300\" alt=\"Biografias Pa\u00fales\" width=\"232\" height=\"300\" \/><\/a>Nace en Montdidier cerca de Folleville, en la di\u00f3cesis de Amiens en el a\u00f1o 1678. Despu\u00e9s de su ordenaci\u00f3n sacerdotal es destinado a la educaci\u00f3n, sucesivamente, en Sed\u00e1n, Toul y Saint-Flour. Durante 23 a\u00f1os fue superior en Tours. Particip\u00f3 en las asambleas generales de 1734 y 1736 como diputado de la provincia de Poitou.<\/p>\n<p>En el a\u00f1o 1744 es nominado visitador de Breta\u00f1a e en calidad del mismo participa en la asamblea de 1747, en la que sale como superior general. Ten\u00eda 69 a\u00f1os destacando por su gran intelecto y conocimiento en el campo de derecho can\u00f3nico.<\/p>\n<h2>Logros y preocupaciones<\/h2>\n<p>Debido a su sensibilidad hacia la pobreza y su lucha contra el relajamiento. redacta una explicaci\u00f3n y clarificaci\u00f3n del voto del mismo nombre, por el mismo motivo, cierra la discusi\u00f3n sobre la manera de vestir de los misioneros (prohibici\u00f3n de ropas costosas y pelucas).<\/p>\n<p>Otro gran trabajo es la elaboraci\u00f3n de una relaci\u00f3n entre parroquias, misiones y seminarios.<\/p>\n<h2>Contexto de la Congregaci\u00f3n de la Misi\u00f3n<\/h2>\n<p>Sigue la discusi\u00f3n con los italianos que abren nuevas disputas entre diversos temas: la necesidad de un procurador franc\u00e9s en Roma, el tema de que el visitador no fuese nombrado por el superior general sino la asamblea provincial, que no se cambiase el h\u00e1bito de los hermanos\u2026entre otros.<\/p>\n<p>Debido a la relajaci\u00f3n que se va adoptando en las provincias francesas de la humilde compa\u00f1\u00eda se van dejando los trabajos de las misiones populares en el que era, todav\u00eda, reino franc\u00e9s.<\/p>\n<h2>Contexto hist\u00f3rico y social<\/h2>\n<p>En 1740 se produce en Europa un choque por causa de la guerra de sucesi\u00f3n austr\u00edaca. Por un lado, Francia estaba en conflicto con Baviera; Prusia, por otro, Espa\u00f1a contra Austria y Saboya, apoyada por Inglaterra y Holanda.<\/p>\n<p>A nivel cultural se divulga el pensamiento pol\u00edtico de la divisi\u00f3n de los poderes de Montesquieu<\/p>\n","protected":false},"excerpt":{"rendered":"<p>Nace en Montdidier cerca de Folleville, en la di\u00f3cesis de Amiens en el a\u00f1o 1678. Despu\u00e9s de su ordenaci\u00f3n sacerdotal es destinado a la educaci\u00f3n, sucesivamente, en Sed\u00e1n, Toul y Saint-Flour. Durante 23 a\u00f1os fue &#8230; <a href=\"http:\/\/vincentians.com\/es\/louis-de-bras-c-m-1678-1761-viii-superior-general\/\" class=\"more-link\">Read More<\/a><\/p>\n","protected":false},"author":5,"featured_media":391249,"comment_status":"open","ping_status":"open","sticky":false,"template":"","format":"standard","meta":{"jetpack_post_was_ever_published":false,"_jetpack_newsletter_access":"","_jetpack_dont_email_post_to_subs":false,"_jetpack_newsletter_tier_id":0,"_jetpack_memberships_contains_paywalled_content":false,"_jetpack_memberships_contains_paid_content":false,"footnotes":"","jetpack_publicize_message":"","jetpack_publicize_feature_enabled":true,"jetpack_social_post_already_shared":true,"jetpack_social_options":{"image_generator_settings":{"template":"highway","default_image_id":0,"font":"","enabled":false},"version":2}},"categories":[19],"tags":[175,176,172],"class_list":["post-132188","post","type-post","status-publish","format-standard","has-post-thumbnail","hentry","category-biografias-de-misioneros-paules","tag-folleville","tag-misiones-populares","tag-pobreza"],"yoast_head":"<!-- This site is optimized with the Yoast SEO plugin v26.3 - https:\/\/yoast.com\/wordpress\/plugins\/seo\/ -->\n<title>Louis de Bras, C.M. (1678-1761) (VIII Superior General) - Somos Vicencianos<\/title>\n<meta name=\"robots\" content=\"index, follow, max-snippet:-1, max-image-preview:large, max-video-preview:-1\" \/>\n<link rel=\"canonical\" href=\"http:\/\/vincentians.com\/es\/louis-de-bras-c-m-1678-1761-viii-superior-general\/\" \/>\n<meta property=\"og:locale\" content=\"es_ES\" \/>\n<meta property=\"og:type\" content=\"article\" \/>\n<meta property=\"og:title\" content=\"Louis de Bras, C.M. (1678-1761) (VIII Superior General) - Somos Vicencianos\" \/>\n<meta property=\"og:description\" content=\"Nace en Montdidier cerca de Folleville, en la di\u00f3cesis de Amiens en el a\u00f1o 1678. Despu\u00e9s de su ordenaci\u00f3n sacerdotal es destinado a la educaci\u00f3n, sucesivamente, en Sed\u00e1n, Toul y Saint-Flour. Durante 23 a\u00f1os fue ... Read More\" \/>\n<meta property=\"og:url\" content=\"http:\/\/vincentians.com\/es\/louis-de-bras-c-m-1678-1761-viii-superior-general\/\" \/>\n<meta property=\"og:site_name\" content=\"Somos Vicencianos\" \/>\n<meta property=\"article:publisher\" content=\"https:\/\/www.facebook.com\/WeAreVincentians\/\" \/>\n<meta property=\"article:published_time\" content=\"2014-12-31T07:31:26+00:00\" \/>\n<meta property=\"article:modified_time\" content=\"2016-07-27T10:06:34+00:00\" \/>\n<meta property=\"og:image\" content=\"https:\/\/i0.wp.com\/vincentians.com\/es\/wp-content\/uploads\/sites\/11\/2016\/07\/bio-cm.jpg?fit=1200%2C630\" \/>\n\t<meta property=\"og:image:width\" content=\"1200\" \/>\n\t<meta property=\"og:image:height\" content=\"630\" \/>\n\t<meta property=\"og:image:type\" content=\"image\/jpeg\" \/>\n<meta name=\"author\" content=\"Mitxel Olabu\u00e9naga\" \/>\n<meta name=\"twitter:card\" content=\"summary_large_image\" \/>\n<meta name=\"twitter:creator\" content=\"@WeVincentians\" \/>\n<meta name=\"twitter:site\" content=\"@WeVincentians\" \/>\n<meta name=\"twitter:label1\" content=\"Escrito por\" \/>\n\t<meta name=\"twitter:data1\" content=\"Mitxel Olabu\u00e9naga\" \/>\n\t<meta name=\"twitter:label2\" content=\"Tiempo de lectura\" \/>\n\t<meta name=\"twitter:data2\" content=\"2 minutos\" \/>\n<script type=\"application\/ld+json\" class=\"yoast-schema-graph\">{\"@context\":\"https:\/\/schema.org\",\"@graph\":[{\"@type\":\"Article\",\"@id\":\"http:\/\/vincentians.com\/es\/louis-de-bras-c-m-1678-1761-viii-superior-general\/#article\",\"isPartOf\":{\"@id\":\"http:\/\/vincentians.com\/es\/louis-de-bras-c-m-1678-1761-viii-superior-general\/\"},\"author\":{\"name\":\"Mitxel Olabu\u00e9naga\",\"@id\":\"https:\/\/vincentians.com\/es\/#\/schema\/person\/7c2670b4445a7ca9d164ea6acdb31859\"},\"headline\":\"Louis de Bras, C.M. (1678-1761) (VIII Superior General)\",\"datePublished\":\"2014-12-31T07:31:26+00:00\",\"dateModified\":\"2016-07-27T10:06:34+00:00\",\"mainEntityOfPage\":{\"@id\":\"http:\/\/vincentians.com\/es\/louis-de-bras-c-m-1678-1761-viii-superior-general\/\"},\"wordCount\":338,\"commentCount\":0,\"publisher\":{\"@id\":\"https:\/\/vincentians.com\/es\/#organization\"},\"image\":{\"@id\":\"http:\/\/vincentians.com\/es\/louis-de-bras-c-m-1678-1761-viii-superior-general\/#primaryimage\"},\"thumbnailUrl\":\"https:\/\/i0.wp.com\/vincentians.com\/es\/wp-content\/uploads\/sites\/11\/2016\/07\/bio-cm.jpg?fit=1200%2C630\",\"keywords\":[\"Folleville\",\"Misiones Populares\",\"Pobreza\"],\"articleSection\":[\"Biograf\u00edas de Misioneros Pa\u00fales\"],\"inLanguage\":\"es\",\"potentialAction\":[{\"@type\":\"CommentAction\",\"name\":\"Comment\",\"target\":[\"http:\/\/vincentians.com\/es\/louis-de-bras-c-m-1678-1761-viii-superior-general\/#respond\"]}]},{\"@type\":\"WebPage\",\"@id\":\"http:\/\/vincentians.com\/es\/louis-de-bras-c-m-1678-1761-viii-superior-general\/\",\"url\":\"http:\/\/vincentians.com\/es\/louis-de-bras-c-m-1678-1761-viii-superior-general\/\",\"name\":\"Louis de Bras, C.M. (1678-1761) (VIII Superior General) - Somos Vicencianos\",\"isPartOf\":{\"@id\":\"https:\/\/vincentians.com\/es\/#website\"},\"primaryImageOfPage\":{\"@id\":\"http:\/\/vincentians.com\/es\/louis-de-bras-c-m-1678-1761-viii-superior-general\/#primaryimage\"},\"image\":{\"@id\":\"http:\/\/vincentians.com\/es\/louis-de-bras-c-m-1678-1761-viii-superior-general\/#primaryimage\"},\"thumbnailUrl\":\"https:\/\/i0.wp.com\/vincentians.com\/es\/wp-content\/uploads\/sites\/11\/2016\/07\/bio-cm.jpg?fit=1200%2C630\",\"datePublished\":\"2014-12-31T07:31:26+00:00\",\"dateModified\":\"2016-07-27T10:06:34+00:00\",\"breadcrumb\":{\"@id\":\"http:\/\/vincentians.com\/es\/louis-de-bras-c-m-1678-1761-viii-superior-general\/#breadcrumb\"},\"inLanguage\":\"es\",\"potentialAction\":[{\"@type\":\"ReadAction\",\"target\":[\"http:\/\/vincentians.com\/es\/louis-de-bras-c-m-1678-1761-viii-superior-general\/\"]}]},{\"@type\":\"ImageObject\",\"inLanguage\":\"es\",\"@id\":\"http:\/\/vincentians.com\/es\/louis-de-bras-c-m-1678-1761-viii-superior-general\/#primaryimage\",\"url\":\"https:\/\/i0.wp.com\/vincentians.com\/es\/wp-content\/uploads\/sites\/11\/2016\/07\/bio-cm.jpg?fit=1200%2C630\",\"contentUrl\":\"https:\/\/i0.wp.com\/vincentians.com\/es\/wp-content\/uploads\/sites\/11\/2016\/07\/bio-cm.jpg?fit=1200%2C630\",\"width\":1200,\"height\":630},{\"@type\":\"BreadcrumbList\",\"@id\":\"http:\/\/vincentians.com\/es\/louis-de-bras-c-m-1678-1761-viii-superior-general\/#breadcrumb\",\"itemListElement\":[{\"@type\":\"ListItem\",\"position\":1,\"name\":\"Portada\",\"item\":\"https:\/\/vincentians.com\/es\/\"},{\"@type\":\"ListItem\",\"position\":2,\"name\":\"Louis de Bras, C.M. (1678-1761) (VIII Superior General)\"}]},{\"@type\":\"WebSite\",\"@id\":\"https:\/\/vincentians.com\/es\/#website\",\"url\":\"https:\/\/vincentians.com\/es\/\",\"name\":\"Somos Vicencianos\",\"description\":\"Know more to serve more\",\"publisher\":{\"@id\":\"https:\/\/vincentians.com\/es\/#organization\"},\"potentialAction\":[{\"@type\":\"SearchAction\",\"target\":{\"@type\":\"EntryPoint\",\"urlTemplate\":\"https:\/\/vincentians.com\/es\/?s={search_term_string}\"},\"query-input\":{\"@type\":\"PropertyValueSpecification\",\"valueRequired\":true,\"valueName\":\"search_term_string\"}}],\"inLanguage\":\"es\"},{\"@type\":\"Organization\",\"@id\":\"https:\/\/vincentians.com\/es\/#organization\",\"name\":\"The Vincentian Network\",\"url\":\"https:\/\/vincentians.com\/es\/\",\"logo\":{\"@type\":\"ImageObject\",\"inLanguage\":\"es\",\"@id\":\"https:\/\/vincentians.com\/es\/#\/schema\/logo\/image\/\",\"url\":\"https:\/\/i1.wp.com\/vincentians.com\/es\/wp-content\/uploads\/sites\/11\/2016\/06\/Vincentian-Network-logo-big.png?fit=778%2C778\",\"contentUrl\":\"https:\/\/i1.wp.com\/vincentians.com\/es\/wp-content\/uploads\/sites\/11\/2016\/06\/Vincentian-Network-logo-big.png?fit=778%2C778\",\"width\":778,\"height\":778,\"caption\":\"The Vincentian Network\"},\"image\":{\"@id\":\"https:\/\/vincentians.com\/es\/#\/schema\/logo\/image\/\"},\"sameAs\":[\"https:\/\/www.facebook.com\/WeAreVincentians\/\",\"https:\/\/x.com\/WeVincentians\"]},{\"@type\":\"Person\",\"@id\":\"https:\/\/vincentians.com\/es\/#\/schema\/person\/7c2670b4445a7ca9d164ea6acdb31859\",\"name\":\"Mitxel Olabu\u00e9naga\",\"image\":{\"@type\":\"ImageObject\",\"inLanguage\":\"es\",\"@id\":\"https:\/\/vincentians.com\/es\/#\/schema\/person\/image\/\",\"url\":\"https:\/\/secure.gravatar.com\/avatar\/34137ec2e2b8939cbbed975731e71f3f4f1defc7266ded337a5ce0f925426877?s=96&d=mm&r=g\",\"contentUrl\":\"https:\/\/secure.gravatar.com\/avatar\/34137ec2e2b8939cbbed975731e71f3f4f1defc7266ded337a5ce0f925426877?s=96&d=mm&r=g\",\"caption\":\"Mitxel Olabu\u00e9naga\"},\"url\":\"http:\/\/vincentians.com\/es\/author\/mitxel\/\"}]}<\/script>\n<!-- \/ Yoast SEO plugin. -->","yoast_head_json":{"title":"Louis de Bras, C.M. (1678-1761) (VIII Superior General) - Somos Vicencianos","robots":{"index":"index","follow":"follow","max-snippet":"max-snippet:-1","max-image-preview":"max-image-preview:large","max-video-preview":"max-video-preview:-1"},"canonical":"http:\/\/vincentians.com\/es\/louis-de-bras-c-m-1678-1761-viii-superior-general\/","og_locale":"es_ES","og_type":"article","og_title":"Louis de Bras, C.M. (1678-1761) (VIII Superior General) - Somos Vicencianos","og_description":"Nace en Montdidier cerca de Folleville, en la di\u00f3cesis de Amiens en el a\u00f1o 1678. Despu\u00e9s de su ordenaci\u00f3n sacerdotal es destinado a la educaci\u00f3n, sucesivamente, en Sed\u00e1n, Toul y Saint-Flour. Durante 23 a\u00f1os fue ... Read More","og_url":"http:\/\/vincentians.com\/es\/louis-de-bras-c-m-1678-1761-viii-superior-general\/","og_site_name":"Somos Vicencianos","article_publisher":"https:\/\/www.facebook.com\/WeAreVincentians\/","article_published_time":"2014-12-31T07:31:26+00:00","article_modified_time":"2016-07-27T10:06:34+00:00","og_image":[{"width":1200,"height":630,"url":"https:\/\/i0.wp.com\/vincentians.com\/es\/wp-content\/uploads\/sites\/11\/2016\/07\/bio-cm.jpg?fit=1200%2C630","type":"image\/jpeg"}],"author":"Mitxel Olabu\u00e9naga","twitter_card":"summary_large_image","twitter_creator":"@WeVincentians","twitter_site":"@WeVincentians","twitter_misc":{"Escrito por":"Mitxel Olabu\u00e9naga","Tiempo de lectura":"2 minutos"},"schema":{"@context":"https:\/\/schema.org","@graph":[{"@type":"Article","@id":"http:\/\/vincentians.com\/es\/louis-de-bras-c-m-1678-1761-viii-superior-general\/#article","isPartOf":{"@id":"http:\/\/vincentians.com\/es\/louis-de-bras-c-m-1678-1761-viii-superior-general\/"},"author":{"name":"Mitxel Olabu\u00e9naga","@id":"https:\/\/vincentians.com\/es\/#\/schema\/person\/7c2670b4445a7ca9d164ea6acdb31859"},"headline":"Louis de Bras, C.M. (1678-1761) (VIII Superior General)","datePublished":"2014-12-31T07:31:26+00:00","dateModified":"2016-07-27T10:06:34+00:00","mainEntityOfPage":{"@id":"http:\/\/vincentians.com\/es\/louis-de-bras-c-m-1678-1761-viii-superior-general\/"},"wordCount":338,"commentCount":0,"publisher":{"@id":"https:\/\/vincentians.com\/es\/#organization"},"image":{"@id":"http:\/\/vincentians.com\/es\/louis-de-bras-c-m-1678-1761-viii-superior-general\/#primaryimage"},"thumbnailUrl":"https:\/\/i0.wp.com\/vincentians.com\/es\/wp-content\/uploads\/sites\/11\/2016\/07\/bio-cm.jpg?fit=1200%2C630","keywords":["Folleville","Misiones Populares","Pobreza"],"articleSection":["Biograf\u00edas de Misioneros Pa\u00fales"],"inLanguage":"es","potentialAction":[{"@type":"CommentAction","name":"Comment","target":["http:\/\/vincentians.com\/es\/louis-de-bras-c-m-1678-1761-viii-superior-general\/#respond"]}]},{"@type":"WebPage","@id":"http:\/\/vincentians.com\/es\/louis-de-bras-c-m-1678-1761-viii-superior-general\/","url":"http:\/\/vincentians.com\/es\/louis-de-bras-c-m-1678-1761-viii-superior-general\/","name":"Louis de Bras, C.M. (1678-1761) (VIII Superior General) - Somos Vicencianos","isPartOf":{"@id":"https:\/\/vincentians.com\/es\/#website"},"primaryImageOfPage":{"@id":"http:\/\/vincentians.com\/es\/louis-de-bras-c-m-1678-1761-viii-superior-general\/#primaryimage"},"image":{"@id":"http:\/\/vincentians.com\/es\/louis-de-bras-c-m-1678-1761-viii-superior-general\/#primaryimage"},"thumbnailUrl":"https:\/\/i0.wp.com\/vincentians.com\/es\/wp-content\/uploads\/sites\/11\/2016\/07\/bio-cm.jpg?fit=1200%2C630","datePublished":"2014-12-31T07:31:26+00:00","dateModified":"2016-07-27T10:06:34+00:00","breadcrumb":{"@id":"http:\/\/vincentians.com\/es\/louis-de-bras-c-m-1678-1761-viii-superior-general\/#breadcrumb"},"inLanguage":"es","potentialAction":[{"@type":"ReadAction","target":["http:\/\/vincentians.com\/es\/louis-de-bras-c-m-1678-1761-viii-superior-general\/"]}]},{"@type":"ImageObject","inLanguage":"es","@id":"http:\/\/vincentians.com\/es\/louis-de-bras-c-m-1678-1761-viii-superior-general\/#primaryimage","url":"https:\/\/i0.wp.com\/vincentians.com\/es\/wp-content\/uploads\/sites\/11\/2016\/07\/bio-cm.jpg?fit=1200%2C630","contentUrl":"https:\/\/i0.wp.com\/vincentians.com\/es\/wp-content\/uploads\/sites\/11\/2016\/07\/bio-cm.jpg?fit=1200%2C630","width":1200,"height":630},{"@type":"BreadcrumbList","@id":"http:\/\/vincentians.com\/es\/louis-de-bras-c-m-1678-1761-viii-superior-general\/#breadcrumb","itemListElement":[{"@type":"ListItem","position":1,"name":"Portada","item":"https:\/\/vincentians.com\/es\/"},{"@type":"ListItem","position":2,"name":"Louis de Bras, C.M. (1678-1761) (VIII Superior General)"}]},{"@type":"WebSite","@id":"https:\/\/vincentians.com\/es\/#website","url":"https:\/\/vincentians.com\/es\/","name":"Somos Vicencianos","description":"Know more to serve more","publisher":{"@id":"https:\/\/vincentians.com\/es\/#organization"},"potentialAction":[{"@type":"SearchAction","target":{"@type":"EntryPoint","urlTemplate":"https:\/\/vincentians.com\/es\/?s={search_term_string}"},"query-input":{"@type":"PropertyValueSpecification","valueRequired":true,"valueName":"search_term_string"}}],"inLanguage":"es"},{"@type":"Organization","@id":"https:\/\/vincentians.com\/es\/#organization","name":"The Vincentian Network","url":"https:\/\/vincentians.com\/es\/","logo":{"@type":"ImageObject","inLanguage":"es","@id":"https:\/\/vincentians.com\/es\/#\/schema\/logo\/image\/","url":"https:\/\/i1.wp.com\/vincentians.com\/es\/wp-content\/uploads\/sites\/11\/2016\/06\/Vincentian-Network-logo-big.png?fit=778%2C778","contentUrl":"https:\/\/i1.wp.com\/vincentians.com\/es\/wp-content\/uploads\/sites\/11\/2016\/06\/Vincentian-Network-logo-big.png?fit=778%2C778","width":778,"height":778,"caption":"The Vincentian Network"},"image":{"@id":"https:\/\/vincentians.com\/es\/#\/schema\/logo\/image\/"},"sameAs":["https:\/\/www.facebook.com\/WeAreVincentians\/","https:\/\/x.com\/WeVincentians"]},{"@type":"Person","@id":"https:\/\/vincentians.com\/es\/#\/schema\/person\/7c2670b4445a7ca9d164ea6acdb31859","name":"Mitxel Olabu\u00e9naga","image":{"@type":"ImageObject","inLanguage":"es","@id":"https:\/\/vincentians.com\/es\/#\/schema\/person\/image\/","url":"https:\/\/secure.gravatar.com\/avatar\/34137ec2e2b8939cbbed975731e71f3f4f1defc7266ded337a5ce0f925426877?s=96&d=mm&r=g","contentUrl":"https:\/\/secure.gravatar.com\/avatar\/34137ec2e2b8939cbbed975731e71f3f4f1defc7266ded337a5ce0f925426877?s=96&d=mm&r=g","caption":"Mitxel Olabu\u00e9naga"},"url":"http:\/\/vincentians.com\/es\/author\/mitxel\/"}]}},"jetpack_publicize_connections":[],"jetpack_featured_media_url":"https:\/\/i0.wp.com\/vincentians.com\/es\/wp-content\/uploads\/sites\/11\/2016\/07\/bio-cm.jpg?fit=1200%2C630","jetpack_sharing_enabled":true,"jetpack_shortlink":"https:\/\/wp.me\/p7ETMF-yo4","jetpack-related-posts":[{"id":114121,"url":"http:\/\/vincentians.com\/es\/estatutos-del-centro-internacional-de-formacion-san-vicente-de-paul-cif\/","url_meta":{"origin":132188,"position":0},"title":"Estatutos del Centro Internacional de Formaci\u00f3n San Vicente de Pa\u00fal (CIF)","author":"Francisco Javier Fern\u00e1ndez Chento","date":"26\/10\/2012","format":false,"excerpt":"1. Identidad El Centro Internacional de Formaci\u00f3n San Vicente de Pa\u00fal (CIF) es una obra establecida por el Superior General de la Congregaci\u00f3n de la Misi\u00f3n con su consejo para ofrecer programas de formaci\u00f3n vicenciana. Los programas se dirigen en primer lugar a los miembros de la Congregaci\u00f3n de la\u2026","rel":"","context":"En \u00abDocumentos de otras Ramas e Instituciones vicencianas\u00bb","block_context":{"text":"Documentos de otras Ramas e Instituciones vicencianas","link":"http:\/\/vincentians.com\/es\/category\/formacion-vicenciana\/documentos-oficiales-de-la-familia-vicenciana\/documentos-de-otras-ramas-e-instituciones-vicencianas\/"},"img":{"alt_text":"","src":"","width":0,"height":0},"classes":[]},{"id":119706,"url":"http:\/\/vincentians.com\/es\/el-senor-vicente-relee-su-vida-folleville\/","url_meta":{"origin":132188,"position":1},"title":"El Se\u00f1or Vicente relee su vida: Folleville","author":"Francisco Javier Fern\u00e1ndez Chento","date":"03\/03\/2022","format":false,"excerpt":"Mi celo pastoral aumentaba, yo me ocupaba entonces de los campesinos de los pueblos en las tierras de los Gondi. En efecto, los se\u00f1ores llevaban tambi\u00e9n la responsabilidad espiritual de sus s\u00fabditos. El se\u00f1or de Gondi era consciente de ello. Despu\u00e9s de su entrada solemne en Joigny, para encargarse del\u2026","rel":"","context":"En \u00abVicente de Pa\u00fal\u00bb","block_context":{"text":"Vicente de Pa\u00fal","link":"http:\/\/vincentians.com\/es\/category\/la-familia-vicenciana\/fundadores\/vicente-de-paul\/"},"img":{"alt_text":"","src":"https:\/\/i0.wp.com\/vincentians.com\/es\/wp-content\/uploads\/sites\/11\/2013\/04\/f-4-scaled.jpg?fit=1200%2C570&resize=350%2C200","width":350,"height":200,"srcset":"https:\/\/i0.wp.com\/vincentians.com\/es\/wp-content\/uploads\/sites\/11\/2013\/04\/f-4-scaled.jpg?fit=1200%2C570&resize=350%2C200 1x, https:\/\/i0.wp.com\/vincentians.com\/es\/wp-content\/uploads\/sites\/11\/2013\/04\/f-4-scaled.jpg?fit=1200%2C570&resize=525%2C300 1.5x, https:\/\/i0.wp.com\/vincentians.com\/es\/wp-content\/uploads\/sites\/11\/2013\/04\/f-4-scaled.jpg?fit=1200%2C570&resize=700%2C400 2x, https:\/\/i0.wp.com\/vincentians.com\/es\/wp-content\/uploads\/sites\/11\/2013\/04\/f-4-scaled.jpg?fit=1200%2C570&resize=1050%2C600 3x"},"classes":[]},{"id":131900,"url":"http:\/\/vincentians.com\/es\/el-senor-vicente-relee-su-vida-vii\/","url_meta":{"origin":132188,"position":2},"title":"El se\u00f1or Vicente relee su vida (VII)","author":"Francisco Javier Fern\u00e1ndez Chento","date":"13\/12\/2014","format":false,"excerpt":"Preceptor Fue en la segunda mitad de 1613 cuando concluy\u00f3 mi b\u00fasqueda que tanto dur\u00f3. Recib\u00eda en efecto \"el cargo de preceptor de los hijos del Se\u00f1or Philippe-Emmanuel de Gondi, Conde de Joigny, General de las Galeras de Francia \". El mayor de los hijos, Pierre, ten\u00eda 11 a\u00f1os, el\u2026","rel":"","context":"En \u00abVicente de Pa\u00fal\u00bb","block_context":{"text":"Vicente de Pa\u00fal","link":"http:\/\/vincentians.com\/es\/category\/la-familia-vicenciana\/fundadores\/vicente-de-paul\/"},"img":{"alt_text":"corazon","src":"https:\/\/i0.wp.com\/vicencianos.org\/wp-content\/2014\/12\/corazon-289x300.jpg?resize=350%2C200","width":350,"height":200},"classes":[]},{"id":131357,"url":"http:\/\/vincentians.com\/es\/el-senor-vicente-evolucion-de-un-santo-viii\/","url_meta":{"origin":132188,"position":3},"title":"El se\u00f1or Vicente, evoluci\u00f3n de un santo (VIII)","author":"Francisco Javier Fern\u00e1ndez Chento","date":"02\/10\/2014","format":false,"excerpt":"8. LA C\u00c1NDIDA EVA 1.El se\u00f1or Vicente, p\u00e1rroco de Clichy.- 2.La Hermandad del Rosario.- 3.Restauraci\u00f3n de la iglesia.- 4.Adios a la parroquia.- 5.En la casa de los Gondi.- 6.La familia.- 7.Beneficio.- 8.Las tierra de los Gondi.- 9.Maestro y maestra.- 10.\"El se\u00f1or Vicente\".- 11.Los ni\u00f1os.- 12.El preceptor.- 13.Conducata del capell\u00e1n; proyecto\u2026","rel":"","context":"En \u00abVicente de Pa\u00fal\u00bb","block_context":{"text":"Vicente de Pa\u00fal","link":"http:\/\/vincentians.com\/es\/category\/la-familia-vicenciana\/fundadores\/vicente-de-paul\/"},"img":{"alt_text":"coraz\u00f3n","src":"https:\/\/i0.wp.com\/vicencianos.org\/wp-content\/2014\/03\/coraz%C3%B3n.jpg?resize=350%2C200","width":350,"height":200},"classes":[]},{"id":119698,"url":"http:\/\/vincentians.com\/es\/el-senor-vicente-relee-su-vida-preceptor\/","url_meta":{"origin":132188,"position":4},"title":"El Se\u00f1or Vicente relee su vida: Preceptor","author":"Francisco Javier Fern\u00e1ndez Chento","date":"11\/02\/2022","format":false,"excerpt":"Fue en la segunda mitad de 1613 cuando concluy\u00f3 mi b\u00fasqueda que tanto dur\u00f3. Recib\u00eda en efecto \"el cargo de preceptor de los hijos del Se\u00f1or Philippe-Emmanuel de Gondi, Conde de Joigny, General de las Galeras de Francia\". El mayor de los hijos, Pierre, ten\u00eda 11 a\u00f1os, el segundo, Henri,\u2026","rel":"","context":"En \u00abVicente de Pa\u00fal\u00bb","block_context":{"text":"Vicente de Pa\u00fal","link":"http:\/\/vincentians.com\/es\/category\/la-familia-vicenciana\/fundadores\/vicente-de-paul\/"},"img":{"alt_text":"","src":"https:\/\/i0.wp.com\/vincentians.com\/es\/wp-content\/uploads\/sites\/11\/2013\/04\/f-3-scaled.jpg?fit=1200%2C570&resize=350%2C200","width":350,"height":200,"srcset":"https:\/\/i0.wp.com\/vincentians.com\/es\/wp-content\/uploads\/sites\/11\/2013\/04\/f-3-scaled.jpg?fit=1200%2C570&resize=350%2C200 1x, https:\/\/i0.wp.com\/vincentians.com\/es\/wp-content\/uploads\/sites\/11\/2013\/04\/f-3-scaled.jpg?fit=1200%2C570&resize=525%2C300 1.5x, https:\/\/i0.wp.com\/vincentians.com\/es\/wp-content\/uploads\/sites\/11\/2013\/04\/f-3-scaled.jpg?fit=1200%2C570&resize=700%2C400 2x, https:\/\/i0.wp.com\/vincentians.com\/es\/wp-content\/uploads\/sites\/11\/2013\/04\/f-3-scaled.jpg?fit=1200%2C570&resize=1050%2C600 3x"},"classes":[]},{"id":127038,"url":"http:\/\/vincentians.com\/es\/una-comunidad-mas-firme-y-mas-solida\/","url_meta":{"origin":132188,"position":5},"title":"Una comunidad m\u00e1s firme y m\u00e1s s\u00f3lida","author":"Mitxel Olabu\u00e9naga","date":"25\/01\/2024","format":false,"excerpt":"La vivencia de los votos La Compa\u00f1\u00eda es as\u00ed m\u00e1s perfecta... (X, 397) 1. La primera dimensi\u00f3n es la vivencia de los votos. Podemos concretar esta cuesti\u00f3n en las siguientes preguntas: \u00bfHasta qu\u00e9 punto han influido los votos en la vida espiritual, personal, comunitaria y apost\u00f3lica? \u00bfFueron v\u00e1lidas las razones\u2026","rel":"","context":"En \u00abHistoria de la Congregaci\u00f3n de la Misi\u00f3n\u00bb","block_context":{"text":"Historia de la Congregaci\u00f3n de la Misi\u00f3n","link":"http:\/\/vincentians.com\/es\/category\/historia-de-la-familia-vicenciana\/historia-de-la-congregacion-de-la-mision\/"},"img":{"alt_text":"","src":"https:\/\/i0.wp.com\/vincentians.com\/es\/wp-content\/uploads\/sites\/11\/2013\/04\/f-7-scaled.jpg?fit=1200%2C570&resize=350%2C200","width":350,"height":200,"srcset":"https:\/\/i0.wp.com\/vincentians.com\/es\/wp-content\/uploads\/sites\/11\/2013\/04\/f-7-scaled.jpg?fit=1200%2C570&resize=350%2C200 1x, https:\/\/i0.wp.com\/vincentians.com\/es\/wp-content\/uploads\/sites\/11\/2013\/04\/f-7-scaled.jpg?fit=1200%2C570&resize=525%2C300 1.5x, https:\/\/i0.wp.com\/vincentians.com\/es\/wp-content\/uploads\/sites\/11\/2013\/04\/f-7-scaled.jpg?fit=1200%2C570&resize=700%2C400 2x, https:\/\/i0.wp.com\/vincentians.com\/es\/wp-content\/uploads\/sites\/11\/2013\/04\/f-7-scaled.jpg?fit=1200%2C570&resize=1050%2C600 3x"},"classes":[]}],"_links":{"self":[{"href":"http:\/\/vincentians.com\/es\/wp-json\/wp\/v2\/posts\/132188","targetHints":{"allow":["GET"]}}],"collection":[{"href":"http:\/\/vincentians.com\/es\/wp-json\/wp\/v2\/posts"}],"about":[{"href":"http:\/\/vincentians.com\/es\/wp-json\/wp\/v2\/types\/post"}],"author":[{"embeddable":true,"href":"http:\/\/vincentians.com\/es\/wp-json\/wp\/v2\/users\/5"}],"replies":[{"embeddable":true,"href":"http:\/\/vincentians.com\/es\/wp-json\/wp\/v2\/comments?post=132188"}],"version-history":[{"count":0,"href":"http:\/\/vincentians.com\/es\/wp-json\/wp\/v2\/posts\/132188\/revisions"}],"wp:featuredmedia":[{"embeddable":true,"href":"http:\/\/vincentians.com\/es\/wp-json\/wp\/v2\/media\/391249"}],"wp:attachment":[{"href":"http:\/\/vincentians.com\/es\/wp-json\/wp\/v2\/media?parent=132188"}],"wp:term":[{"taxonomy":"category","embeddable":true,"href":"http:\/\/vincentians.com\/es\/wp-json\/wp\/v2\/categories?post=132188"},{"taxonomy":"post_tag","embeddable":true,"href":"http:\/\/vincentians.com\/es\/wp-json\/wp\/v2\/tags?post=132188"}],"curies":[{"name":"wp","href":"https:\/\/api.w.org\/{rel}","templated":true}]}}