{"id":132137,"date":"2014-12-07T10:29:18","date_gmt":"2014-12-07T09:29:18","guid":{"rendered":"http:\/\/somos.vicencianos.org\/?p=132137"},"modified":"2014-12-07T10:29:18","modified_gmt":"2014-12-07T09:29:18","slug":"sor-mari-luz-ibarz-bazan","status":"publish","type":"post","link":"http:\/\/vincentians.com\/es\/sor-mari-luz-ibarz-bazan\/","title":{"rendered":"Sor Mari Luz Ibarz Baz\u00e1n"},"content":{"rendered":"<p><a href=\"http:\/\/vicencianos.org\/blog\/sor-mari-luz-ibarz-bazan\/la_hermana_mari_luz\/\" rel=\"attachment wp-att-132138\"><img data-recalc-dims=\"1\" loading=\"lazy\" decoding=\"async\" class=\"alignleft  wp-image-132138\" src=\"https:\/\/i0.wp.com\/vicencianos.org\/wp-content\/2014\/12\/la_hermana_mari_luz.jpg?resize=310%2C174\" alt=\"la_hermana_mari_luz\" width=\"310\" height=\"174\" \/><\/a>Ha muerto <strong>Sor Mari Luz Ibarz Baz\u00e1n<\/strong>, Hija de la Caridad, m\u00e1s conocida como Sor Tripi entre los presos que pueblan las c\u00e1rceles de Espa\u00f1a. Dec\u00edan que\u00a0<strong>sus palabras les pon\u00edan m\u00e1s euf\u00f3ricos que cualquier droga.<\/strong><\/p>\n<p>Llevaba m\u00e1s de\u00a0<strong>30 a\u00f1os dedic\u00e1ndose a la pastoral penitenciaria<\/strong> y no ten\u00eda\u00a0ninguna intenci\u00f3n de abandonar su tarea. Cada ma\u00f1ana se levantaba a las cuatro de la madrugada y, a pesar de estar enferma, no\u00a0pensaba retirarse: \u00ab<strong>Me jubilar\u00e9 cuando vaya al cielo<\/strong>\u00ab, dijo hace unos meses al diario Abc.<\/p>\n<h2>Dar amor a los cautivos<\/h2>\n<p>Tras hacer un rato de oraci\u00f3n: \u00ab<strong>porque yo sola no puedo hacer nada\u00bb, <\/strong>sal\u00eda del convento de la Hijas de la Caridad en Madrid y esperaba una hora o\u00a0dos o las que hicieran falta en la calle, y daba igual que lloviera, nevara o cayera un sol de justicia. <strong>Sor Tripi ten\u00eda un compromisos con sus presos y eso era sagrado<\/strong>. Cog\u00eda el\u00a0autob\u00fas y recorr\u00eda cientos de\u00a0kil\u00f3metros para ir de una c\u00e1rcel a otra, dando amor a los cautivos.<\/p>\n<h2>Iluminar a los que viven en tinieblas<\/h2>\n<p>Sor Tripi se dedic\u00f3 a consolar y acoger\u00a0a los presos de las c\u00e1rceles espa\u00f1olas si que se sintieran juzgados. Sin moralizar su pasado. Ten\u00eda s\u00f3lo un mensaje:\u00a0\u00ab<strong>Dios te quiere; Dios te quiere mucho\u00bb.<\/strong><\/p>\n<p>Su vocaci\u00f3n hac\u00eda los presos lo explicaba con naturalidad: \u00abYo me siento enviada por el Se\u00f1or y por mis superiores\u00a0a <strong>sanar los corazones rotos<\/strong>, a liberar a los cautivos, a iluminar a los que viven en tinieblas; yo <strong>voy a hablarles de Dios.<\/strong> Voy a las c\u00e1rceles y hablo con los presos; leo con ellos la Biblia, por ejemplo Isa\u00edas 43:\u00a0<strong>No temas, eres precioso para m\u00ed, yo te amo<\/strong>. Y ellos me dicen: Pero si soy un miserable\u2026 Y\u00a0les contesto:\u00a0Nada de eso, para Dios t\u00fa eres su hijo amado. <strong>Dios quiere que t\u00fa seas feliz, con \u00c9l<\/strong>. Decirles que Dios los ama es la mejor evangelizaci\u00f3n\u00bb.<\/p>\n<h2>Sanar corazones destrozados<\/h2>\n<p>\u00abT\u00fa coraz\u00f3n es bueno y est\u00e1 hecho a imagen y semejanza de Dios -dec\u00eda Sor Tripi a los presos-. <strong>Esas heridas que tienes s\u00f3lo Cristo las puede curar<\/strong>. T\u00fa eres importante y especial para Dios. \u00c9l te ama tanto que s\u00f3lo quiere que seas feliz. <strong>Aunque t\u00fa hayas andado a tu rollo, \u00c9l viene a rehacer tu vida<\/strong>\u00ab.<\/p>\n<h2>Muy querida en las prisiones<\/h2>\n<p>Sor Mari Luz era, posiblemente,\u00a0la \u00fanica persona en Espa\u00f1a que siendo ajena a Instituciones Penitenciarias ten\u00eda un\u00a0salvoconducto para entrar en todas las c\u00e1rceles\u00a0del pa\u00eds. \u00abSon buenas personas, no hay m\u00e1s que verlos. <strong>Ninguno tendr\u00eda que estar aqu\u00ed<\/strong>. <strong>Cometieron un error<\/strong>, todos los cometemos\u00bb, se\u00f1alaba a <em>Abc<\/em> hace unos meses.<\/p>\n<p>Siempre cargada con su carro de la compra, sor Tripi se paseaba por prisi\u00f3n regalando\u00a0<strong>biblias y rosarios blancos de pl\u00e1stico<\/strong> que cada interno se colocaba al cuello o se lo colocaba\u00a0en la mu\u00f1eca. Tambi\u00e9n les entregaba alguna <strong>tarjeta de tel\u00e9fono que llamar\u00e1n a sus familias<\/strong>, o unos sobres con sellos y unas tarjetas para escribir felicitaciones de Navidad.<\/p>\n<h2>Sor Tripi nunca los juzgaba&#8230;<\/h2>\n<p>\u00abYo nunca les pregunto qu\u00e9 han hecho. <strong>Si quieren desahogarse, me lo cuentan\u00bb, <\/strong>dec\u00eda a Jos\u00e9 Antonio M\u00e9ndez en una entrevista publicada hace unos a\u00f1os en <em>La Raz\u00f3n<\/em>.<\/p>\n<h2>Mi mam\u00e1 es la monja&#8230;<\/h2>\n<p>\u00d3scar, preso por culpa de la droga; est\u00e1 inquieto\u00a0con la metadona que tiene en el cuerpo.\u00a0Cuenta al periodista J. A. M\u00e9ndez que\u00a0<strong>\u00abllama \u00abmam\u00e1\u00bb a la monja<\/strong>\u00bb y dice que \u00ab<strong>esta mujercilla\u00a0le ha cambiado la vida<\/strong>\u00ab. Y tanto\u00a0que, cuando sale de permiso, pasa la tarde con el grupo de oraci\u00f3n de sor Mari Luz.<\/p>\n<p>\u00abEs una santa. Si ella no hubiera llegado a mi vida, no s\u00e9 qu\u00e9 habr\u00eda sido de m\u00ed\u00bb, se\u00f1ala \u00d3scar con l\u00e1grimas en los ojos.<\/p>\n<h2>Su testimonio<\/h2>\n<p>Con motivo de la Jornada Mundial de la Juventud de Madrid, el semanario\u00a0<em>Alfa y Omega<\/em> public\u00f3 su testimonio que reproducimos \u00edntegro:<\/p>\n<p>\u00abNo hay que ir a los pobres m\u00e1s que con mucho amor, y ayudarles para que descubran, saboreen, experimenten y conozcan con qu\u00e9 amor y misericordia y ternura los ama Dios. Lo importante es que se sientan amados por \u00c9l.<\/p>\n<p>\u00abCristo ha venido a salvar a todos, pero tiene una especial predilecci\u00f3n por los pobres. Yo me siento enviada por el Se\u00f1or y por mis superiores\u00a0a sanar los corazones rotos, a liberar a los cautivos, a iluminar a los que viven en tinieblas; yo voy a hablarles de Dios. <strong>Voy a las c\u00e1rceles y hablo con los presos; leo con ellos la Biblia, por ejemplo Isa\u00edas 43:\u00a0No temas, eres precioso para m\u00ed, yo te amo<\/strong>. Y ellos me dicen: Pero si soy un miserable\u2026 Y\u00a0les contesto:\u00a0Nada de eso, para Dios t\u00fa eres su hijo amado. Dios quiere que t\u00fa seas feliz, con \u00c9l. Decirles que Dios los ama es la mejor evangelizaci\u00f3n. Hacemos peque\u00f1os grupos para leer la Biblia y rezar el Rosario, porque la fe no se puede vivir solo; hay que vivirla en comunidad.<\/p>\n<p>\u00abMe levanto a las cuatro de la ma\u00f1ana para hacer oraci\u00f3n y luego ir a las c\u00e1rceles. San Pablo dice: \u00bfC\u00f3mo van a creer, si nadie se lo anuncia?\u00a0Por eso, si uno ama a Dios, habla de \u00c9l a los dem\u00e1s. El problema es que no conocemos a Dios. \u00bfY c\u00f3mo lo podemos conocer? Pues con la oraci\u00f3n y con la Palabra; y tambi\u00e9n es necesaria la comunidad: la fe que no se comparte, no crece. Si tienes un encuentro con Jesucristo, tienes que darlo a los dem\u00e1s. \u00a1Muchos mueren tristes y amargados por no conocer a Dios!\u00bb.<\/p>\n","protected":false},"excerpt":{"rendered":"<p>Ha muerto Sor Mari Luz Ibarz Baz\u00e1n, Hija de la Caridad, m\u00e1s conocida como Sor Tripi entre los presos que pueblan las c\u00e1rceles de Espa\u00f1a. Dec\u00edan que\u00a0sus palabras les pon\u00edan m\u00e1s euf\u00f3ricos que cualquier droga. &#8230; <a href=\"http:\/\/vincentians.com\/es\/sor-mari-luz-ibarz-bazan\/\" class=\"more-link\">Read More<\/a><\/p>\n","protected":false},"author":4,"featured_media":132138,"comment_status":"open","ping_status":"open","sticky":false,"template":"","format":"standard","meta":{"jetpack_post_was_ever_published":false,"_jetpack_newsletter_access":"","_jetpack_dont_email_post_to_subs":false,"_jetpack_newsletter_tier_id":0,"_jetpack_memberships_contains_paywalled_content":false,"_jetpack_memberships_contains_paid_content":false,"footnotes":"","jetpack_publicize_message":"","jetpack_publicize_feature_enabled":true,"jetpack_social_post_already_shared":true,"jetpack_social_options":{"image_generator_settings":{"template":"highway","default_image_id":0,"font":"","enabled":false},"version":2}},"categories":[210],"tags":[],"class_list":["post-132137","post","type-post","status-publish","format-standard","has-post-thumbnail","hentry","category-testigos-vicencianos"],"yoast_head":"<!-- This site is optimized with the Yoast SEO plugin v26.3 - https:\/\/yoast.com\/wordpress\/plugins\/seo\/ -->\n<title>Sor Mari Luz Ibarz Baz\u00e1n - Somos Vicencianos<\/title>\n<meta name=\"robots\" content=\"index, follow, max-snippet:-1, max-image-preview:large, max-video-preview:-1\" \/>\n<link rel=\"canonical\" href=\"http:\/\/vincentians.com\/es\/sor-mari-luz-ibarz-bazan\/\" \/>\n<meta property=\"og:locale\" content=\"es_ES\" \/>\n<meta property=\"og:type\" content=\"article\" \/>\n<meta property=\"og:title\" content=\"Sor Mari Luz Ibarz Baz\u00e1n - Somos Vicencianos\" \/>\n<meta property=\"og:description\" content=\"Ha muerto Sor Mari Luz Ibarz Baz\u00e1n, Hija de la Caridad, m\u00e1s conocida como Sor Tripi entre los presos que pueblan las c\u00e1rceles de Espa\u00f1a. Dec\u00edan que\u00a0sus palabras les pon\u00edan m\u00e1s euf\u00f3ricos que cualquier droga. ... Read More\" \/>\n<meta property=\"og:url\" content=\"http:\/\/vincentians.com\/es\/sor-mari-luz-ibarz-bazan\/\" \/>\n<meta property=\"og:site_name\" content=\"Somos Vicencianos\" \/>\n<meta property=\"article:publisher\" content=\"https:\/\/www.facebook.com\/WeAreVincentians\/\" \/>\n<meta property=\"article:author\" content=\"https:\/\/www.facebook.com\/JavierChento\" \/>\n<meta property=\"article:published_time\" content=\"2014-12-07T09:29:18+00:00\" \/>\n<meta name=\"author\" content=\"Francisco Javier Fern\u00e1ndez Chento\" \/>\n<meta name=\"twitter:card\" content=\"summary_large_image\" \/>\n<meta name=\"twitter:creator\" content=\"@https:\/\/twitter.com\/javierchento\" \/>\n<meta name=\"twitter:site\" content=\"@WeVincentians\" \/>\n<meta name=\"twitter:label1\" content=\"Escrito por\" \/>\n\t<meta name=\"twitter:data1\" content=\"Francisco Javier Fern\u00e1ndez Chento\" \/>\n\t<meta name=\"twitter:label2\" content=\"Tiempo de lectura\" \/>\n\t<meta name=\"twitter:data2\" content=\"5 minutos\" \/>\n<script type=\"application\/ld+json\" class=\"yoast-schema-graph\">{\"@context\":\"https:\/\/schema.org\",\"@graph\":[{\"@type\":\"Article\",\"@id\":\"http:\/\/vincentians.com\/es\/sor-mari-luz-ibarz-bazan\/#article\",\"isPartOf\":{\"@id\":\"http:\/\/vincentians.com\/es\/sor-mari-luz-ibarz-bazan\/\"},\"author\":{\"name\":\"Francisco Javier Fern\u00e1ndez Chento\",\"@id\":\"https:\/\/vincentians.com\/es\/#\/schema\/person\/9623ef4d9aa3b2dfb8c061f1499288f2\"},\"headline\":\"Sor Mari Luz Ibarz Baz\u00e1n\",\"datePublished\":\"2014-12-07T09:29:18+00:00\",\"mainEntityOfPage\":{\"@id\":\"http:\/\/vincentians.com\/es\/sor-mari-luz-ibarz-bazan\/\"},\"wordCount\":1005,\"commentCount\":0,\"publisher\":{\"@id\":\"https:\/\/vincentians.com\/es\/#organization\"},\"image\":{\"@id\":\"http:\/\/vincentians.com\/es\/sor-mari-luz-ibarz-bazan\/#primaryimage\"},\"thumbnailUrl\":\"\",\"articleSection\":[\"Testigos vicencianos\"],\"inLanguage\":\"es\",\"potentialAction\":[{\"@type\":\"CommentAction\",\"name\":\"Comment\",\"target\":[\"http:\/\/vincentians.com\/es\/sor-mari-luz-ibarz-bazan\/#respond\"]}]},{\"@type\":\"WebPage\",\"@id\":\"http:\/\/vincentians.com\/es\/sor-mari-luz-ibarz-bazan\/\",\"url\":\"http:\/\/vincentians.com\/es\/sor-mari-luz-ibarz-bazan\/\",\"name\":\"Sor Mari Luz Ibarz Baz\u00e1n - Somos Vicencianos\",\"isPartOf\":{\"@id\":\"https:\/\/vincentians.com\/es\/#website\"},\"primaryImageOfPage\":{\"@id\":\"http:\/\/vincentians.com\/es\/sor-mari-luz-ibarz-bazan\/#primaryimage\"},\"image\":{\"@id\":\"http:\/\/vincentians.com\/es\/sor-mari-luz-ibarz-bazan\/#primaryimage\"},\"thumbnailUrl\":\"\",\"datePublished\":\"2014-12-07T09:29:18+00:00\",\"breadcrumb\":{\"@id\":\"http:\/\/vincentians.com\/es\/sor-mari-luz-ibarz-bazan\/#breadcrumb\"},\"inLanguage\":\"es\",\"potentialAction\":[{\"@type\":\"ReadAction\",\"target\":[\"http:\/\/vincentians.com\/es\/sor-mari-luz-ibarz-bazan\/\"]}]},{\"@type\":\"ImageObject\",\"inLanguage\":\"es\",\"@id\":\"http:\/\/vincentians.com\/es\/sor-mari-luz-ibarz-bazan\/#primaryimage\",\"url\":\"\",\"contentUrl\":\"\"},{\"@type\":\"BreadcrumbList\",\"@id\":\"http:\/\/vincentians.com\/es\/sor-mari-luz-ibarz-bazan\/#breadcrumb\",\"itemListElement\":[{\"@type\":\"ListItem\",\"position\":1,\"name\":\"Portada\",\"item\":\"https:\/\/vincentians.com\/es\/\"},{\"@type\":\"ListItem\",\"position\":2,\"name\":\"Sor Mari Luz Ibarz Baz\u00e1n\"}]},{\"@type\":\"WebSite\",\"@id\":\"https:\/\/vincentians.com\/es\/#website\",\"url\":\"https:\/\/vincentians.com\/es\/\",\"name\":\"Somos Vicencianos\",\"description\":\"Know more to serve more\",\"publisher\":{\"@id\":\"https:\/\/vincentians.com\/es\/#organization\"},\"potentialAction\":[{\"@type\":\"SearchAction\",\"target\":{\"@type\":\"EntryPoint\",\"urlTemplate\":\"https:\/\/vincentians.com\/es\/?s={search_term_string}\"},\"query-input\":{\"@type\":\"PropertyValueSpecification\",\"valueRequired\":true,\"valueName\":\"search_term_string\"}}],\"inLanguage\":\"es\"},{\"@type\":\"Organization\",\"@id\":\"https:\/\/vincentians.com\/es\/#organization\",\"name\":\"The Vincentian Network\",\"url\":\"https:\/\/vincentians.com\/es\/\",\"logo\":{\"@type\":\"ImageObject\",\"inLanguage\":\"es\",\"@id\":\"https:\/\/vincentians.com\/es\/#\/schema\/logo\/image\/\",\"url\":\"https:\/\/i1.wp.com\/vincentians.com\/es\/wp-content\/uploads\/sites\/11\/2016\/06\/Vincentian-Network-logo-big.png?fit=778%2C778\",\"contentUrl\":\"https:\/\/i1.wp.com\/vincentians.com\/es\/wp-content\/uploads\/sites\/11\/2016\/06\/Vincentian-Network-logo-big.png?fit=778%2C778\",\"width\":778,\"height\":778,\"caption\":\"The Vincentian Network\"},\"image\":{\"@id\":\"https:\/\/vincentians.com\/es\/#\/schema\/logo\/image\/\"},\"sameAs\":[\"https:\/\/www.facebook.com\/WeAreVincentians\/\",\"https:\/\/x.com\/WeVincentians\"]},{\"@type\":\"Person\",\"@id\":\"https:\/\/vincentians.com\/es\/#\/schema\/person\/9623ef4d9aa3b2dfb8c061f1499288f2\",\"name\":\"Francisco Javier Fern\u00e1ndez Chento\",\"image\":{\"@type\":\"ImageObject\",\"inLanguage\":\"es\",\"@id\":\"https:\/\/vincentians.com\/es\/#\/schema\/person\/image\/\",\"url\":\"https:\/\/secure.gravatar.com\/avatar\/497d5cde87b4c3d097d0315953521681ba2cd523ee66e5077c3711f7021e65de?s=96&d=mm&r=g\",\"contentUrl\":\"https:\/\/secure.gravatar.com\/avatar\/497d5cde87b4c3d097d0315953521681ba2cd523ee66e5077c3711f7021e65de?s=96&d=mm&r=g\",\"caption\":\"Francisco Javier Fern\u00e1ndez Chento\"},\"description\":\"Director General y cofundador de La Red de Formaci\u00f3n Vicenciana. Javier es laico vicenciano, afiliado a la Congregaci\u00f3n de la Misi\u00f3n y miembro del Equipo de Misiones Populares de la provincia can\u00f3nica de Zaragoza (Espa\u00f1a) de la Congregaci\u00f3n de la Misi\u00f3n. Graduado en la Universidad Oberta de Catalunya con cuatro grados (Asistente de direcci\u00f3n, Gesti\u00f3n Administrativa, Recursos Humanos y Contabilidad Avanzada). Bil\u00edng\u00fce Espa\u00f1ol\/Ingl\u00e9s. gestiona y mantiene varias p\u00e1ginas web cristianas y vicencianas, incluida including La Red de Formaci\u00f3n Vicenciana, de la que es cofundador. Actualmente es responsable del \u00e1rea de Espa\u00f1ol de .famvin, la Red de Noticias de la Familia Vicenciana. Tambi\u00e9n es m\u00fasico cat\u00f3lico y ha editado varios discos. Es Director General y cofundador de Trovador, una reconocida compa\u00f1\u00eda discogr\u00e1fica critiana de Espa\u00f1a. Trabaja en las Tecnolog\u00edas de la Informaci\u00f3n, ofreciendo servicios de alojamiento, dise\u00f1o y mantenimiento Web, as\u00ed como asesoramiento, formaci\u00f3n y soluciones inform\u00e1ticas, gesti\u00f3n documental y digitalizaci\u00f3n de textos, edici\u00f3n y maquetaci\u00f3n de libros, revistas, flyers, etc.\",\"sameAs\":[\"http:\/\/chento.org\",\"https:\/\/www.facebook.com\/JavierChento\",\"https:\/\/x.com\/https:\/\/twitter.com\/javierchento\"],\"url\":\"http:\/\/vincentians.com\/es\/author\/chento\/\"}]}<\/script>\n<!-- \/ Yoast SEO plugin. -->","yoast_head_json":{"title":"Sor Mari Luz Ibarz Baz\u00e1n - Somos Vicencianos","robots":{"index":"index","follow":"follow","max-snippet":"max-snippet:-1","max-image-preview":"max-image-preview:large","max-video-preview":"max-video-preview:-1"},"canonical":"http:\/\/vincentians.com\/es\/sor-mari-luz-ibarz-bazan\/","og_locale":"es_ES","og_type":"article","og_title":"Sor Mari Luz Ibarz Baz\u00e1n - Somos Vicencianos","og_description":"Ha muerto Sor Mari Luz Ibarz Baz\u00e1n, Hija de la Caridad, m\u00e1s conocida como Sor Tripi entre los presos que pueblan las c\u00e1rceles de Espa\u00f1a. Dec\u00edan que\u00a0sus palabras les pon\u00edan m\u00e1s euf\u00f3ricos que cualquier droga. ... Read More","og_url":"http:\/\/vincentians.com\/es\/sor-mari-luz-ibarz-bazan\/","og_site_name":"Somos Vicencianos","article_publisher":"https:\/\/www.facebook.com\/WeAreVincentians\/","article_author":"https:\/\/www.facebook.com\/JavierChento","article_published_time":"2014-12-07T09:29:18+00:00","author":"Francisco Javier Fern\u00e1ndez Chento","twitter_card":"summary_large_image","twitter_creator":"@https:\/\/twitter.com\/javierchento","twitter_site":"@WeVincentians","twitter_misc":{"Escrito por":"Francisco Javier Fern\u00e1ndez Chento","Tiempo de lectura":"5 minutos"},"schema":{"@context":"https:\/\/schema.org","@graph":[{"@type":"Article","@id":"http:\/\/vincentians.com\/es\/sor-mari-luz-ibarz-bazan\/#article","isPartOf":{"@id":"http:\/\/vincentians.com\/es\/sor-mari-luz-ibarz-bazan\/"},"author":{"name":"Francisco Javier Fern\u00e1ndez Chento","@id":"https:\/\/vincentians.com\/es\/#\/schema\/person\/9623ef4d9aa3b2dfb8c061f1499288f2"},"headline":"Sor Mari Luz Ibarz Baz\u00e1n","datePublished":"2014-12-07T09:29:18+00:00","mainEntityOfPage":{"@id":"http:\/\/vincentians.com\/es\/sor-mari-luz-ibarz-bazan\/"},"wordCount":1005,"commentCount":0,"publisher":{"@id":"https:\/\/vincentians.com\/es\/#organization"},"image":{"@id":"http:\/\/vincentians.com\/es\/sor-mari-luz-ibarz-bazan\/#primaryimage"},"thumbnailUrl":"","articleSection":["Testigos vicencianos"],"inLanguage":"es","potentialAction":[{"@type":"CommentAction","name":"Comment","target":["http:\/\/vincentians.com\/es\/sor-mari-luz-ibarz-bazan\/#respond"]}]},{"@type":"WebPage","@id":"http:\/\/vincentians.com\/es\/sor-mari-luz-ibarz-bazan\/","url":"http:\/\/vincentians.com\/es\/sor-mari-luz-ibarz-bazan\/","name":"Sor Mari Luz Ibarz Baz\u00e1n - Somos Vicencianos","isPartOf":{"@id":"https:\/\/vincentians.com\/es\/#website"},"primaryImageOfPage":{"@id":"http:\/\/vincentians.com\/es\/sor-mari-luz-ibarz-bazan\/#primaryimage"},"image":{"@id":"http:\/\/vincentians.com\/es\/sor-mari-luz-ibarz-bazan\/#primaryimage"},"thumbnailUrl":"","datePublished":"2014-12-07T09:29:18+00:00","breadcrumb":{"@id":"http:\/\/vincentians.com\/es\/sor-mari-luz-ibarz-bazan\/#breadcrumb"},"inLanguage":"es","potentialAction":[{"@type":"ReadAction","target":["http:\/\/vincentians.com\/es\/sor-mari-luz-ibarz-bazan\/"]}]},{"@type":"ImageObject","inLanguage":"es","@id":"http:\/\/vincentians.com\/es\/sor-mari-luz-ibarz-bazan\/#primaryimage","url":"","contentUrl":""},{"@type":"BreadcrumbList","@id":"http:\/\/vincentians.com\/es\/sor-mari-luz-ibarz-bazan\/#breadcrumb","itemListElement":[{"@type":"ListItem","position":1,"name":"Portada","item":"https:\/\/vincentians.com\/es\/"},{"@type":"ListItem","position":2,"name":"Sor Mari Luz Ibarz Baz\u00e1n"}]},{"@type":"WebSite","@id":"https:\/\/vincentians.com\/es\/#website","url":"https:\/\/vincentians.com\/es\/","name":"Somos Vicencianos","description":"Know more to serve more","publisher":{"@id":"https:\/\/vincentians.com\/es\/#organization"},"potentialAction":[{"@type":"SearchAction","target":{"@type":"EntryPoint","urlTemplate":"https:\/\/vincentians.com\/es\/?s={search_term_string}"},"query-input":{"@type":"PropertyValueSpecification","valueRequired":true,"valueName":"search_term_string"}}],"inLanguage":"es"},{"@type":"Organization","@id":"https:\/\/vincentians.com\/es\/#organization","name":"The Vincentian Network","url":"https:\/\/vincentians.com\/es\/","logo":{"@type":"ImageObject","inLanguage":"es","@id":"https:\/\/vincentians.com\/es\/#\/schema\/logo\/image\/","url":"https:\/\/i1.wp.com\/vincentians.com\/es\/wp-content\/uploads\/sites\/11\/2016\/06\/Vincentian-Network-logo-big.png?fit=778%2C778","contentUrl":"https:\/\/i1.wp.com\/vincentians.com\/es\/wp-content\/uploads\/sites\/11\/2016\/06\/Vincentian-Network-logo-big.png?fit=778%2C778","width":778,"height":778,"caption":"The Vincentian Network"},"image":{"@id":"https:\/\/vincentians.com\/es\/#\/schema\/logo\/image\/"},"sameAs":["https:\/\/www.facebook.com\/WeAreVincentians\/","https:\/\/x.com\/WeVincentians"]},{"@type":"Person","@id":"https:\/\/vincentians.com\/es\/#\/schema\/person\/9623ef4d9aa3b2dfb8c061f1499288f2","name":"Francisco Javier Fern\u00e1ndez Chento","image":{"@type":"ImageObject","inLanguage":"es","@id":"https:\/\/vincentians.com\/es\/#\/schema\/person\/image\/","url":"https:\/\/secure.gravatar.com\/avatar\/497d5cde87b4c3d097d0315953521681ba2cd523ee66e5077c3711f7021e65de?s=96&d=mm&r=g","contentUrl":"https:\/\/secure.gravatar.com\/avatar\/497d5cde87b4c3d097d0315953521681ba2cd523ee66e5077c3711f7021e65de?s=96&d=mm&r=g","caption":"Francisco Javier Fern\u00e1ndez Chento"},"description":"Director General y cofundador de La Red de Formaci\u00f3n Vicenciana. Javier es laico vicenciano, afiliado a la Congregaci\u00f3n de la Misi\u00f3n y miembro del Equipo de Misiones Populares de la provincia can\u00f3nica de Zaragoza (Espa\u00f1a) de la Congregaci\u00f3n de la Misi\u00f3n. Graduado en la Universidad Oberta de Catalunya con cuatro grados (Asistente de direcci\u00f3n, Gesti\u00f3n Administrativa, Recursos Humanos y Contabilidad Avanzada). Bil\u00edng\u00fce Espa\u00f1ol\/Ingl\u00e9s. gestiona y mantiene varias p\u00e1ginas web cristianas y vicencianas, incluida including La Red de Formaci\u00f3n Vicenciana, de la que es cofundador. Actualmente es responsable del \u00e1rea de Espa\u00f1ol de .famvin, la Red de Noticias de la Familia Vicenciana. Tambi\u00e9n es m\u00fasico cat\u00f3lico y ha editado varios discos. Es Director General y cofundador de Trovador, una reconocida compa\u00f1\u00eda discogr\u00e1fica critiana de Espa\u00f1a. Trabaja en las Tecnolog\u00edas de la Informaci\u00f3n, ofreciendo servicios de alojamiento, dise\u00f1o y mantenimiento Web, as\u00ed como asesoramiento, formaci\u00f3n y soluciones inform\u00e1ticas, gesti\u00f3n documental y digitalizaci\u00f3n de textos, edici\u00f3n y maquetaci\u00f3n de libros, revistas, flyers, etc.","sameAs":["http:\/\/chento.org","https:\/\/www.facebook.com\/JavierChento","https:\/\/x.com\/https:\/\/twitter.com\/javierchento"],"url":"http:\/\/vincentians.com\/es\/author\/chento\/"}]}},"jetpack_publicize_connections":[],"jetpack_featured_media_url":"","jetpack_sharing_enabled":true,"jetpack_shortlink":"https:\/\/wp.me\/p7ETMF-ynf","jetpack-related-posts":[{"id":117819,"url":"http:\/\/vincentians.com\/es\/entrevista-con-sor-maria-julia-mondejar-h-c\/","url_meta":{"origin":132137,"position":0},"title":"Entrevista con sor Mar\u00eda Julia Mond\u00e9jar, H.C.","author":"Francisco Javier Fern\u00e1ndez Chento","date":"28\/01\/2013","format":false,"excerpt":"\"Vidas con Luz\" es un programa de Popular TV Murcia que recoge la forma de vivir la fe los diferentes invitados que entrevistamos. Queremos compartir, de una forma diferente, como la gente vive la fe, la llamada del Se\u00f1or. En este programa, emitido el 16 de enero de 2013, se\u2026","rel":"","context":"En \u00abHijas de la Caridad\u00bb","block_context":{"text":"Hijas de la Caridad","link":"http:\/\/vincentians.com\/es\/category\/la-familia-vicenciana\/ramas\/hijas-de-la-caridad\/"},"img":{"alt_text":"","src":"https:\/\/i0.wp.com\/img.youtube.com\/vi\/0jBetLqIrvM\/0.jpg?resize=350%2C200","width":350,"height":200},"classes":[]},{"id":387400,"url":"http:\/\/vincentians.com\/es\/la-provincia-espanola-de-las-hijas-de-la-caridad-iv\/","url_meta":{"origin":132137,"position":1},"title":"La Provincia espa\u00f1ola de las Hijas de la Caridad (IV)","author":"Mitxel Olabu\u00e9naga","date":"05\/05\/2016","format":false,"excerpt":"Fundaci\u00f3n en L\u00e9rida. La venida de las Hijas de la Caridad a Espa\u00f1a hab\u00eda sido providencial. La revoluci\u00f3n espantosa francesa disolvi\u00f3 en Francia todas las comunidades y muy amargos d\u00edas hubiesen pasado nuestras Hermanas espa\u00f1olas de haber continuado en aquel pa\u00eds, lejos de sus familias. Y no fue menos providencial\u2026","rel":"","context":"En \u00abHistoria de las Hijas de la Caridad\u00bb","block_context":{"text":"Historia de las Hijas de la Caridad","link":"http:\/\/vincentians.com\/es\/category\/historia-de-la-familia-vicenciana\/historia-de-las-hijas-de-la-caridad\/"},"img":{"alt_text":"","src":"https:\/\/i0.wp.com\/vincentians.com\/es\/wp-content\/uploads\/sites\/11\/2016\/07\/hijas-caridad-espanya.jpg?fit=1200%2C630&resize=350%2C200","width":350,"height":200,"srcset":"https:\/\/i0.wp.com\/vincentians.com\/es\/wp-content\/uploads\/sites\/11\/2016\/07\/hijas-caridad-espanya.jpg?fit=1200%2C630&resize=350%2C200 1x, https:\/\/i0.wp.com\/vincentians.com\/es\/wp-content\/uploads\/sites\/11\/2016\/07\/hijas-caridad-espanya.jpg?fit=1200%2C630&resize=525%2C300 1.5x, https:\/\/i0.wp.com\/vincentians.com\/es\/wp-content\/uploads\/sites\/11\/2016\/07\/hijas-caridad-espanya.jpg?fit=1200%2C630&resize=700%2C400 2x, https:\/\/i0.wp.com\/vincentians.com\/es\/wp-content\/uploads\/sites\/11\/2016\/07\/hijas-caridad-espanya.jpg?fit=1200%2C630&resize=1050%2C600 3x"},"classes":[]},{"id":387305,"url":"http:\/\/vincentians.com\/es\/power-point-en-la-renovacion-de-votos-de-las-hijas-de-la-caridad\/","url_meta":{"origin":132137,"position":2},"title":"Power Point en la renovaci\u00f3n de votos de las Hijas de la Caridad","author":"Mitxel Olabu\u00e9naga","date":"04\/04\/2016","format":false,"excerpt":"En esta fiesta de renovaci\u00f3n de votos para todas las Hijas de la Caridad del mundo, sor Mar\u00eda Vicenta, H.C. nos regala un Power Point: Un a\u00f1o m\u00e1s lo quiero compartir con toda la Familia Vicenciana. Pido al Se\u00f1or\u00a0\"Que el ejemplo de Mar\u00eda nos ayude a ser cada d\u00eda mas\u2026","rel":"","context":"En \u00abBiograf\u00edas de Hijas de la Caridad\u00bb","block_context":{"text":"Biograf\u00edas de Hijas de la Caridad","link":"http:\/\/vincentians.com\/es\/category\/la-familia-vicenciana\/biografias-vicencianas\/biografias-de-hijas-de-la-caridad\/"},"img":{"alt_text":"","src":"https:\/\/i0.wp.com\/vincentians.com\/es\/wp-content\/uploads\/sites\/11\/2016\/07\/bio-hc.jpg?fit=1200%2C630&resize=350%2C200","width":350,"height":200,"srcset":"https:\/\/i0.wp.com\/vincentians.com\/es\/wp-content\/uploads\/sites\/11\/2016\/07\/bio-hc.jpg?fit=1200%2C630&resize=350%2C200 1x, https:\/\/i0.wp.com\/vincentians.com\/es\/wp-content\/uploads\/sites\/11\/2016\/07\/bio-hc.jpg?fit=1200%2C630&resize=525%2C300 1.5x, https:\/\/i0.wp.com\/vincentians.com\/es\/wp-content\/uploads\/sites\/11\/2016\/07\/bio-hc.jpg?fit=1200%2C630&resize=700%2C400 2x, https:\/\/i0.wp.com\/vincentians.com\/es\/wp-content\/uploads\/sites\/11\/2016\/07\/bio-hc.jpg?fit=1200%2C630&resize=1050%2C600 3x"},"classes":[]},{"id":143163,"url":"http:\/\/vincentians.com\/es\/vidas-que-cambian-vidas-los-martires-de-espana\/","url_meta":{"origin":132137,"position":3},"title":"Vidas que cambian vidas: los m\u00e1rtires de Espa\u00f1a","author":"Francisco Javier Fern\u00e1ndez Chento","date":"16\/04\/2015","format":false,"excerpt":"Introducci\u00f3n \u201cDefender y custodiar la vida\u201d es el tema del a\u00f1o elegido para los Colegios de las Hijas de la Caridad en Espa\u00f1a. El lema que lo ilustra \u00a1Todo por la vida! La Comisi\u00f3n interprovincial de Hermanas ha elaborado para los alumnos y los profesores un material educativo, pedag\u00f3gico y\u2026","rel":"","context":"En \u00abTestigos vicencianos\u00bb","block_context":{"text":"Testigos vicencianos","link":"http:\/\/vincentians.com\/es\/category\/la-familia-vicenciana\/testigos-vicencianos\/"},"img":{"alt_text":"martires hijas de la caridad 2013","src":"https:\/\/i0.wp.com\/vicencianos.org\/wp-content\/2015\/04\/martires-hijas-de-la-caridad-2013-456x1024.jpg?resize=350%2C200","width":350,"height":200},"classes":[]},{"id":387724,"url":"http:\/\/vincentians.com\/es\/la-provincia-espanola-de-las-hijas-de-la-caridad-xxvii\/","url_meta":{"origin":132137,"position":4},"title":"La Provincia espa\u00f1ola de las Hijas de la Caridad (XXVII)","author":"Mitxel Olabu\u00e9naga","date":"13\/07\/2016","format":false,"excerpt":"De la primera fundaci\u00f3n de las Hijas de la Caridad en el Hospital de Bilbao, que se verific\u00f3 en 1824 y dur\u00f3 sin formalizarse hasta 1832, s\u00f3lo hallamos su cita en el antiguo Cat\u00e1logo y el acta de Visita que pas\u00f3 el P. Codina, en 30 de septiembre de 1828.\u2026","rel":"","context":"En \u00abHistoria de las Hijas de la Caridad\u00bb","block_context":{"text":"Historia de las Hijas de la Caridad","link":"http:\/\/vincentians.com\/es\/category\/historia-de-la-familia-vicenciana\/historia-de-las-hijas-de-la-caridad\/"},"img":{"alt_text":"","src":"https:\/\/i0.wp.com\/vincentians.com\/es\/wp-content\/uploads\/sites\/11\/2016\/07\/hijas-caridad-espanya.jpg?fit=1200%2C630&resize=350%2C200","width":350,"height":200,"srcset":"https:\/\/i0.wp.com\/vincentians.com\/es\/wp-content\/uploads\/sites\/11\/2016\/07\/hijas-caridad-espanya.jpg?fit=1200%2C630&resize=350%2C200 1x, https:\/\/i0.wp.com\/vincentians.com\/es\/wp-content\/uploads\/sites\/11\/2016\/07\/hijas-caridad-espanya.jpg?fit=1200%2C630&resize=525%2C300 1.5x, https:\/\/i0.wp.com\/vincentians.com\/es\/wp-content\/uploads\/sites\/11\/2016\/07\/hijas-caridad-espanya.jpg?fit=1200%2C630&resize=700%2C400 2x, https:\/\/i0.wp.com\/vincentians.com\/es\/wp-content\/uploads\/sites\/11\/2016\/07\/hijas-caridad-espanya.jpg?fit=1200%2C630&resize=1050%2C600 3x"},"classes":[]},{"id":114080,"url":"http:\/\/vincentians.com\/es\/sor-asuncion-massot\/","url_meta":{"origin":132137,"position":5},"title":"Sor Asunci\u00f3n Massot","author":"Mitxel Olabu\u00e9naga","date":"06\/11\/2012","format":false,"excerpt":"Cuando a los sesenta y nueve a\u00f1os se mira al pasado, interesa ya mu\u00adcho m\u00e1s lo que se espera al otro lado que lo que queda ac\u00e1 abajo. Intere\u00adsan m\u00e1s los amigos idos que los presentes. Pero, al mismo tiempo, se pegan m\u00e1s y m\u00e1s los pocos que quedan todav\u00eda.\u2026","rel":"","context":"En \u00abBiograf\u00edas de Hijas de la Caridad\u00bb","block_context":{"text":"Biograf\u00edas de Hijas de la Caridad","link":"http:\/\/vincentians.com\/es\/category\/la-familia-vicenciana\/biografias-vicencianas\/biografias-de-hijas-de-la-caridad\/"},"img":{"alt_text":"","src":"https:\/\/i0.wp.com\/vincentians.com\/es\/wp-content\/uploads\/sites\/11\/2016\/07\/bio-hc.jpg?fit=1200%2C630&resize=350%2C200","width":350,"height":200,"srcset":"https:\/\/i0.wp.com\/vincentians.com\/es\/wp-content\/uploads\/sites\/11\/2016\/07\/bio-hc.jpg?fit=1200%2C630&resize=350%2C200 1x, https:\/\/i0.wp.com\/vincentians.com\/es\/wp-content\/uploads\/sites\/11\/2016\/07\/bio-hc.jpg?fit=1200%2C630&resize=525%2C300 1.5x, https:\/\/i0.wp.com\/vincentians.com\/es\/wp-content\/uploads\/sites\/11\/2016\/07\/bio-hc.jpg?fit=1200%2C630&resize=700%2C400 2x, https:\/\/i0.wp.com\/vincentians.com\/es\/wp-content\/uploads\/sites\/11\/2016\/07\/bio-hc.jpg?fit=1200%2C630&resize=1050%2C600 3x"},"classes":[]}],"_links":{"self":[{"href":"http:\/\/vincentians.com\/es\/wp-json\/wp\/v2\/posts\/132137","targetHints":{"allow":["GET"]}}],"collection":[{"href":"http:\/\/vincentians.com\/es\/wp-json\/wp\/v2\/posts"}],"about":[{"href":"http:\/\/vincentians.com\/es\/wp-json\/wp\/v2\/types\/post"}],"author":[{"embeddable":true,"href":"http:\/\/vincentians.com\/es\/wp-json\/wp\/v2\/users\/4"}],"replies":[{"embeddable":true,"href":"http:\/\/vincentians.com\/es\/wp-json\/wp\/v2\/comments?post=132137"}],"version-history":[{"count":0,"href":"http:\/\/vincentians.com\/es\/wp-json\/wp\/v2\/posts\/132137\/revisions"}],"wp:featuredmedia":[{"embeddable":true,"href":"http:\/\/vincentians.com\/es\/wp-json\/"}],"wp:attachment":[{"href":"http:\/\/vincentians.com\/es\/wp-json\/wp\/v2\/media?parent=132137"}],"wp:term":[{"taxonomy":"category","embeddable":true,"href":"http:\/\/vincentians.com\/es\/wp-json\/wp\/v2\/categories?post=132137"},{"taxonomy":"post_tag","embeddable":true,"href":"http:\/\/vincentians.com\/es\/wp-json\/wp\/v2\/tags?post=132137"}],"curies":[{"name":"wp","href":"https:\/\/api.w.org\/{rel}","templated":true}]}}