{"id":131900,"date":"2014-12-13T20:00:30","date_gmt":"2014-12-13T19:00:30","guid":{"rendered":"http:\/\/somos.vicencianos.org\/?p=131900"},"modified":"2016-07-26T17:21:59","modified_gmt":"2016-07-26T15:21:59","slug":"el-senor-vicente-relee-su-vida-vii","status":"publish","type":"post","link":"http:\/\/vincentians.com\/es\/el-senor-vicente-relee-su-vida-vii\/","title":{"rendered":"El se\u00f1or Vicente relee su vida (VII)"},"content":{"rendered":"<h2>Preceptor<\/h2>\n<p><a href=\"https:\/\/i0.wp.com\/vicencianos.org\/wp-content\/2014\/12\/corazon.jpg\"><img data-recalc-dims=\"1\" loading=\"lazy\" decoding=\"async\" class=\"alignright size-medium wp-image-132261\" src=\"https:\/\/i0.wp.com\/vicencianos.org\/wp-content\/2014\/12\/corazon-289x300.jpg?resize=289%2C300\" alt=\"corazon\" width=\"289\" height=\"300\" \/><\/a>Fue en la segunda mitad de 1613 cuando concluy\u00f3 mi b\u00fasqueda que tanto dur\u00f3. Recib\u00eda en efecto \u00abel cargo de preceptor de los hijos del Se\u00f1or Philippe-Emmanuel de Gondi, Conde de Joigny, General de las Galeras de Francia \u00ab. El mayor de los hijos, Pierre, ten\u00eda 11 a\u00f1os, el segundo, Henri, 2 o 3 a\u00f1os, el \u00faltimo, Jean-Fran\u00e7ois-Paul, acababa justo de nacer. Llegados de Florencia una centenar de a\u00f1os antes, los Gondi eran ahora se\u00f1ores de una parte importante de las tierras del Reino, y el Obispado de Par\u00eds les estaba pr\u00e1cticamente reservado a t\u00edo y sobrinos. Entretanto, el Se\u00f1or de Gondi estaba acribillado de deudas, ya que, si bien creyente por cumplir y recto, llevaba una gran vida. La se\u00f1ora Generala quien hab\u00eda aportado a la familia, entre otras tierras, la de Folleville, cerca de Amiens, era francamente piadosa, preocupada por progresar en la virtud hasta ser escrupulosa . En cuanto a m\u00ed, Yo ten\u00eda por m\u00e1xima mirar al Se\u00f1or General en Dios y a Dios en \u00e9l, y obedecerle de la misma manera, y a la difunta Se\u00f1ora como a la Virgen, y no presentarme a no ser que me llamasen, o por alg\u00fan asunto urgente y de importancia \u00ab.<\/p>\n<p>Yo vine a residir en su casa, acompa\u00f1\u00e1ndoles en sus diferentes hoteles y castillos, en Par\u00eds, Joigny, Montmirail, Villepreux, Folleville , etc.<\/p>\n<p>No obstante, hab\u00eda conservado la abad\u00eda de Saint-L\u00e9onard y el curato de Clichy, cuyo servicio continuaba. Asegurando un vicario el trabajo ordinario, yo iba siempre que pod\u00eda. As\u00ed fue como el ni\u00f1o que yo bautic\u00e9 el 9 de octubre de 1623, Claude Gilbert, se hizo sacerdote y fue vicario de Clichy, ante de ser p\u00e1rroco de Montmartre. Conserv\u00e9 este cargo de p\u00e1rroco de Clichy hasta 1626 .<\/p>\n<h2>Tentado contra la fe<\/h2>\n<p>A lo largo de estos a\u00f1os, yo hab\u00eda mantenido relaci\u00f3n con diversas personas una de las cuales este buen \u00abte\u00f3logo\u00bb tentado contra la fe. No s\u00e9 con exactitud qu\u00e9 a\u00f1o, hacia 1611 o 1612 tal vez, su estado se agrav\u00f3 de tal forma que yo tem\u00eda que se muriese en este estado\u2026<\/p>\n<p>\u00abMe puse en oraci\u00f3n para pedir a la divina bondad que tuviera a bien librar a este enfermo de este peligro, y me ofrec\u00ed a Dios en esp\u00edritu de penitencia para sobrellevar en m\u00ed mismo, sino las mismas penas, al menos tales efectos de su justicia y me hiciera hacer sufrir.<\/p>\n<p>Dios libr\u00f3 por completo al enfermo de su tentaci\u00f3n, devolvi\u00f3 la calma a su esp\u00edritu, y esclareci\u00f3 su fe oscurecida y turbada [\u2026].<\/p>\n<p>Pero al mismo tiempo Dios permiti\u00f3 que esta misma tentaci\u00f3n pasara a mi esp\u00edritu, que se vio desde entonces vivamente asaltado\u00bb.<\/p>\n<p>Oraciones y mortificaciones no tuvieron otro efecto que ayudarme a sufrir aquello con paciencia. S\u00f3lo pude hacer dos cosas:<\/p>\n<p>\u00abLa primera, escrib\u00ed mi profesi\u00f3n de fe en un papel que apliqu\u00e9 a mi coraz\u00f3n, [\u2026] haciendo un pacto con Nuestro Se\u00f1or que cada vez que yo llevara la mano a mi coraz\u00f3n y sobre este pape, entend\u00eda renunciar a la tentaci\u00f3n [\u2026]\n<p>El segundo remedio [\u2026] fue hacer lo contrario de lo que la tentaci\u00f3n me suger\u00eda, tratando de hacer por fe y dar honor y servicio a Jesucristo [\u2026] en particular en las visita y consuelo de los pobres y enfermos \u00ab.<\/p>\n<p>Este \u00abduro ejercicio\u00bb dur\u00f3 tres o cuatro a\u00f1os, entre 1611 y 1614, no me acuerdo bien.<\/p>\n<p>Mientras tanto, esto no arregl\u00f3 mi car\u00e1cter, ya anteriormente con facilidad quebradizo o de humor negro mientras era capaz de entusiasmarme, como la gente apasionada, particularmente emotiva, sensible. Esto hac\u00eda sufrir a la Se\u00f1ora Generala,<\/p>\n<p>\u00abpensando que estaba descontento en su casa\u2026<br \/>\nMe dirig\u00ed a Dios y le ped\u00ed con insistencia que me cambiara este humor seco y desagradable y me diera un esp\u00edritu dulce y benigno. Y por la gracia de Nuestro Se\u00f1or y con un poco de atenci\u00f3n que puse en reprimir los hervores de la naturaleza, consegu\u00ed quitar un poco de mi humor negro \u00ab.<\/p>\n<p>Pero al cabo de cu\u00e1ntos a\u00f1os y esfuerzos! Y he tenido que luchar siempre para llegar a la mansedumbre.<\/p>\n<p>En mi habitaci\u00f3n, con los Gondi, viv\u00eda \u00abcomo en una cartuja, pero cada vez que est\u00e1bamos en sus pueblos, yo iba a visitar tambi\u00e9n a los pobres y a los enfermos, a catequizar, a predicar. Confesaba igualmente, y las gentes se confiaban con mayor libertad a un sacerdote que no viv\u00eda siempre con ellos . Al cabo de tres o cuatro a\u00f1os, \u00abse me ocurri\u00f3 un d\u00eda tomar una resoluci\u00f3n firme e inviolable para honrar m\u00e1s a Jesucristo y para imitarle m\u00e1s perfectamente que no hab\u00eda hecho todav\u00eda entregarme toda mi vida por su amor al servicio de los pobres.<\/p>\n<p>Apenas hab\u00eda dado forma a esta resoluci\u00f3n en mi cabeza cuando, por un efecto maravilloso de la gracia, todas las sugestiones del esp\u00edritu maligno se disiparon, mi coraz\u00f3n se encontr\u00f3 restablecido en una dulce libertad y mi alma se llen\u00f3 de de tanta luz que me parec\u00eda ver las verdades de la fe con una luz muy particular \u00ab.<\/p>\n<p>Al mismo tiempo, a partir de los a\u00f1os 1613, los sacerdotes del Oratorio se entregaban a Misiones en el campo. Era uno de sus fines, como lo escrib\u00eda el Se\u00f1or de B\u00e9rulle. Ten\u00edan igualmente una preocupaci\u00f3n especial por instruir a los sacerdotes en las cosas de su ministerio \u00ab. Por mi parte, yo segu\u00ed aspirando a los beneficios y, gracias al Sr. de Gondi, recib\u00ed el curato de Gamaches en Vexin, el 28, de febrero de 1614 , por el Vicario General de Rouen. Por otra parte, la Se\u00f1ora de Gondi me confi\u00f3 la direcci\u00f3n de su alma, con sus inquietudes, sus escr\u00fapulos. Trataba de convencerla que se pasara de mis respuestas \u2026 En cuanto a los asuntos del Reino, que andaban siempre agitados, Luis XIII se declar\u00f3 mayor para sus 14 a\u00f1os, el 2 de octubre de 1614. Quiso luego sacudirse la tutela de su madre, que iban a sucederse guerras\u2026Acaban precisamente de terminarse con el tratado de Westfalia (1648) y el de los Pirineos (7 de noviembre de 1659).<br \/>\nProgresivamente mi vida espiritual se ahondaba. Reverenciaba de manera particular la santa Eucarist\u00eda, meditaba mucho la vida de la Sant\u00edsima Trinidad y las intervenciones de las tres divinas personas por nuestra salvaci\u00f3n, muy especialmente la Encarnaci\u00f3n del Hijo eterno de Dios en el seno de la Virgen Mar\u00eda. Evidentemente, predicaba sobre estas verdades . El 27 de mayo de 1615, me proporcionaron un nuevo beneficio eclesi\u00e1stico, en el cap\u00edtulo de Can\u00f3nigos de \u00c9couis, en Normand\u00eda, al norte de los Andelys, del que el Se\u00f1or General de las Galeras era co patr\u00f3n con otro se\u00f1or. El can\u00f3nigo tesorero hab\u00eda fallecido, yo me v\u00ed can\u00f3nigo y tesorero del Cap\u00edtulo. Hice que me representaran en la entronizaci\u00f3n por un procurador y, menos el 16 de septiembre que fui a prometer cumplir mis cargos al mismo tiempo que suplicar que me dieran un suplente,<\/p>\n<p>\u00abEl mi\u00e9rcoles 16 de septiembre de 1615, el cap\u00edtulo general celebr\u00f3 asamblea, me present\u00e9 en persona, a fin de hacer el juramento de fidelidad; lo que he hecho y firmado hacer los cargos contenidos en una hoja escrita. Pero ped\u00ed que mandaran hacer cumplir con ellos a un suplente, lo que me fue concedido, y di el beso de paz y ped\u00ed a la compa\u00f1\u00eda que cenaran al d\u00eda siguiente, d\u00eda de la dedicaci\u00f3n de esta iglesia, por mi gozoso advenimiento, seg\u00fan la costumbre de este cap\u00edtulo\u00bb.<\/p>\n<p>Y no he vuelto a poner m\u00e1s los pies en el, mientras cobraba la prebenda que designa los honorarios de can\u00f3nigo. Siete meses despu\u00e9s, el 20 de abril de 1616, el otro co-patr\u00f3n interven\u00eda ante el Cap\u00edtulo de \u00c9couis para demandarle que me obligara a residir, as\u00ed como a otros dos que faltaban tambi\u00e9n; yo recib\u00ed un aviso, el Se\u00f1or General obtuvo para m\u00ed una pr\u00f3rroga, que fue le\u00edda al Cap\u00edtulo el 25 de mayo, y ya no s\u00e9 conserv\u00e9 por mucho tiempo este beneficio .<br \/>\nEl 29 de octubre de 1616, me liberaba por fin de la abad\u00eda de Saint-L\u00e9onard-de-Chaumes, a favor de Fran\u00e7ois de Lanson, sacerdote, consejero y capell\u00e1n del rey y prior del priorato de Saint-Etienne de Ars en la Isla de R\u00e9, residiendo en Par\u00eds, calle de los Cordiers. .<\/p>\n<h2>Folleville<\/h2>\n<p>Mi celo pastoral aumentaba, yo me ocupaba entonces de los campesinos de los pueblos en las tierras de los Gondi. En efecto, los se\u00f1ores llevaban tambi\u00e9n la responsabilidad espiritual de sus s\u00fabditos. El se\u00f1or de Gondi era consciente de ello. Despu\u00e9s de su entrada solemne en Joigny, para encargarse del Condado, en 1616, si bien me acuerdo, me dio la orden de predicar sobre el catecismo, para \u00abque la juventud est\u00e9 tan bien formada en religi\u00f3n como en las letras y en las armas \u00ab. Desde entonces, y por toda mi vida, siempre he insistido en la necesidad de catequizar a ni\u00f1os y a adultos, tanto a modo de encuentros amistosos como por la ense\u00f1anza. Adopt\u00e9 tambi\u00e9n la pr\u00e1ctica de invitar a los parroquianos a hacer una confesi\u00f3n general de todos sus pecados pasados, ya acusados, o bien olvidados en las confesiones precedentes o que no se hubieran atrevido a decir\u2026 Esta pr\u00e1ctica era aconsejada por Monse\u00f1or Francisco de Sales en su Introducci\u00f3n a la vida devota . Como muchos de estos pecados ten\u00edan su absoluci\u00f3n reservada a los Obispos, tom\u00e9 la costumbre, cuando \u00edbamos aun dominio o a otro de los Gondi, de pedir poderes especiales al obispado del lugar. De esta forma tengo todav\u00eda mi petici\u00f3n del 20 de junio de 1616, al Vicario General de Sens, pues \u00e9l hab\u00eda respondido sobre la carta misma .<\/p>\n<p>La Se\u00f1ora de Gondi, mientras sufr\u00eda cuando yo no estaba all\u00ed para aliviar sus inquietudes de conciencia, me animaba tambi\u00e9n en este ministerio, ya que ella quer\u00eda a su gentes. A primeros del mes de agosto de 1616 apareci\u00f3 el otro gran libro de Monse\u00f1or Francisco de Sales, el Tratado del Amor de Dios, que he le\u00eddo y meditado durante estos a\u00f1os del 1616-1620 . Igual que la otra obra de Monse\u00f1or de Ginebra, yo la he recomendado. Pero adem\u00e1s yo estaba siempre ocupado en los procesos que segu\u00edan \u00abcontra diversos detentadores y usurpadores del dominio de mi abad\u00eda\u00bb de Saint-L\u00e9onard-de-Caumes, cuyos frutos y rentas apenas toqu\u00e9\u2026 No hab\u00eda pues que escoger? El 20 de octubre de 1616, yo hab\u00eda encontrado a otro aficionado, quiz\u00e1s m\u00e1s poderoso que yo, y le entregu\u00e9 todos mis derechos sobre esta abad\u00eda: El Se\u00f1or Fran\u00e7ois de Lanson, sacerdote, consejero y capell\u00e1n del rey .<\/p>\n<p>Para el invierno 1616-1617, and\u00e1bamos por las tierras de la Se\u00f1ora Generala, en Picard\u00eda, en el castillo de Folleville , al sudeste de Amiens, y como de costumbre, fuera del servicio de los ni\u00f1os y de mi vida de oraci\u00f3n y de estudio, ten\u00eda la preocupaci\u00f3n de los campesinos de los pueblos que depend\u00edan de ella. Hacia el 20 de enero de 1617, me vienen a pedir que vaya a Gannes, a un par de leguas de all\u00ed, \u00abpara ir a confesar a un pobre hombre gravemente enfermo, que gozaba de la reputaci\u00f3n de ser el m\u00e1s hombre de bien, o al menos uno de los m\u00e1s hombres de bien de su pueblo. Se vio no obstante que estaba cargado de pecados que nunca se hab\u00eda atrevido a declarar en confesi\u00f3n seg\u00fan confes\u00f3 \u00e9l mismo en voz alta despu\u00e9s en presencia de la se\u00f1ora generala de las galeras , dici\u00e9ndole: \u00abSe\u00f1ora, yo estaba condenado si no hubiera hecho una confesi\u00f3n general por raz\u00f3n de los graves pecados que no me hab\u00eda atrevido a confesar\u00bb. Este hombre se muri\u00f3 enseguida, y dicha se\u00f1ora, habiendo reconocido en esto la necesidad de las confesiones generales, dese\u00f3 que yo hiciera al d\u00eda siguiente una predicaci\u00f3n sobre este asunto en la iglesia de Folleville. La hice, y Dios la bendijo de tal manera que todos los habitantes del lugar hicieron despu\u00e9s confesi\u00f3n general \u00ab.<\/p>\n<p>\u00abPero el gent\u00edo fue tan numeroso que, no pudiendo ser suficientes, con otro sacerdote que me ayudaba, la Se\u00f1ora envi\u00f3 a pedir a los Reverendos Padres jesuitas de Amiens que vinieran a ayudarnos; escribi\u00f3 sobre ello al Reverendo Padre rector, quien vino en persona y, teniendo que dejarlo al poco rato, envi\u00f3 [\u2026] al Reverendo padre Fourch\u00e9, [\u2026]el cual nos ayud\u00f3 a confesar, predicar y catequizar \u00ab.<\/p>\n<p>\u00abFuimos a continuaci\u00f3n a los otros pueblos que pertenec\u00edan a la Se\u00f1ora por aquellas partes, hicimos igual que en el primero. Hubo una gran asistencia y Dios concedi\u00f3 en todas partes su bendici\u00f3n [\u2026].<\/p>\n<p>Era el d\u00eda de la conversi\u00f3n de San Pablo, que es el 25 de enero. Y ya tenemos el primer serm\u00f3n de la Misi\u00f3n, [\u2026]lo que Dios no hizo sin ning\u00fan designio en un d\u00eda semejante\u00bb.<\/p>\n<p>Yo predicaba ya en los pueblos de esta familia y en ellos exhortaba a las confesiones generales, ya lo he dicho. Pero he subrayado varias veces la importancia del hecho que este campesino haya hablado a la Se\u00f1ora de Gondi y el papel capital de \u00e9sta en este asunto. Enti\u00e9ndalo bien, yo hab\u00eda escuchado pecados graves que nunca se hab\u00edan confesado por verg\u00fcenza, y los he o\u00eddo tambi\u00e9n despu\u00e9s, tanto que en el momento, y durante mucho tiempo, no he prestado especial atenci\u00f3n a este suceso. Fue m\u00e1s bien m\u00e1s tarde, al releer mi vida, cuando he comprendido su significado. Yo no pod\u00eda hablar de estos casos, porque estaba obligado por el secreto sacramental, el m\u00e1s grave de los secretos. Ahora que este campesino se hab\u00eda confiado a la Se\u00f1ora de Gondi y que \u00e9sta hab\u00eda hablado, yo me ve\u00eda ya libre, pod\u00eda gritar la gravedad de la situaci\u00f3n espiritual de los campos y dar entonces este ejemplo, ya que no era conocido s\u00f3lo por las confesiones! Hay que subrayar tambi\u00e9n que ella ha desempe\u00f1ado bien su papel del se\u00f1or del lugar, igual que el Se\u00f1or en Joigny el a\u00f1o anterior, fue ella quien me dio misi\u00f3n de predicar la confesi\u00f3n general en sus tierras \u2013lo que ella hac\u00eda ya, pero esta vez era m\u00e1s solemne, y ella misma se sinti\u00f3 estimulada al cuidado de la salvaci\u00f3n de sus gentes y me anim\u00f3 a m\u00ed a ello, incluso si esto no disminu\u00eda sus propios escr\u00fapulos . Por otra parte, esto hab\u00eda provocado un movimiento tal de masas, que no pude continuar s\u00f3lo. Ah\u00ed est\u00e1 la otra experiencia de la intervenci\u00f3n de la Se\u00f1ora de Gondi: yo hab\u00eda comprendido que no se misione solo, sino en grupo, con otros sacerdotes. Y eso no lo he olvidado nunca, nunca m\u00e1s he ejercido mi ministerio solo, sino siempre en equipo, en comunidad. Por \u00faltimo, m\u00e1s tarde tambi\u00e9n, he hecho el &lt;cercamiento con la fiesta de la Conversi\u00f3n de San Pablo, mucho despu\u00e9s de que la Congregaci\u00f3n de la misi\u00f3n se fundara: ah\u00ed he visto el principio de estas misiones. As\u00ed fue como a partir de febrero de 1617, mi tiempo va a transcurrir sobre todo evangelizando los pueblos de los dominios de la Se\u00f1ora Generala mientras vigilaba la educaci\u00f3n de sus hijos como me lo impon\u00eda la responsabilidad de preceptor.<\/p>\n<p>Los Oratorianos continuaban entreg\u00e1ndose a tales \u00abmisiones por los burgos de la di\u00f3cesis a donde el obispo los env\u00eda para permanecer all\u00ed quince d\u00edas o tres semanas en cada uno de ellos\u00bb, como lo escrib\u00eda el Se\u00f1or de B\u00e9rulle a Hugues Quarr\u00e9, exactamente entre febrero y septiembre de 1617 . Mi predecesor en Clichy, el oratoriano Fran\u00e7ois Bourgoing, hab\u00eda acompa\u00f1ado a Mons. Marquemont a mediados de junio de 1614 en sus visitas pastorales de la di\u00f3cesis de Lyon, en particular en Ch\u00e2tillon-les\u2014Dombes, del 5 al 7 de mayo, la mejor parroquia de esta regi\u00f3n, conquistada por Enrique IV a la Saboya en los a\u00f1os de 12595 e incorporada a Francia por el tratado de Lyon en 1600. \u00c9l acababa de misionar all\u00ed en 1616. Mons. De Marquemont, arzobispo de Lyon, que trabajaba en la reforma de la Iglesia, quer\u00eda establecer el Oratorio en Lyon pero se encontraba con la oposici\u00f3n de los can\u00f3nigos. El 18 de octubre de 1616, el prelado escribi\u00f3 al Padre de B\u00e9rulle para pedirle, mientras tanto, que fundara el Oratorio en Ch\u00e2tillon, para ilustrar los alrededores, con si posible el Padre Bourgoing como superior, \u00abo alguno de sus alcances \u00ab. Finalmente el 3 de diciembre, el Oratorio firmaba el contrato de su fundaci\u00f3n en Lyon, siendo superior el Padre Bence. En enero de 1617, el P. Bourgoing estaba todav\u00eda en Lyon, pero B\u00e9rulle le enviaba a fundar en Rouen. Entonces, el 7 de enero, el arzobispo cedi\u00f3 a las instancias del sacerdote diocesano Lourdelot, quien reclamaba Ch\u00e2tillon y se lo hab\u00edan atribuido en Roma incluso. Mons. de Marquemot, aferr\u00e1ndose de todas las maneras a su idea, obten\u00eda una plaza de can\u00f3nigo en Saint-Paul de Lyon para este p\u00e1rroco poco delicado del 30 de marzo que renunciaba al curato de Ch\u00e2tillon el 19 de abril. El arzobispo quer\u00eda a alguien en Ch\u00e2tillon y B\u00e9rulle busc\u00f3 pues a alguien para esta misi\u00f3n. Durante este tiempo, en Par\u00eds, las confusiones se intensificaban. La hostilidad del joven rey Luis XIII contra su madre Mar\u00eda de M\u00e9dicis exiliada en Blois y contra su favorito Concini acab\u00f3 en la decisi\u00f3n de arrestar a \u00e9ste. Como se defendi\u00f3, fue abatido el 24 de abril de 1617. Por su parte, Richelieu lograba un sutil cambio de alianza. Despu\u00e9s de ser despedido, recuperaba todas sus prerrogativas ante el joven Luis XIII.<\/p>\n","protected":false},"excerpt":{"rendered":"<p>Preceptor Fue en la segunda mitad de 1613 cuando concluy\u00f3 mi b\u00fasqueda que tanto dur\u00f3. Recib\u00eda en efecto \u00abel cargo de preceptor de los hijos del Se\u00f1or Philippe-Emmanuel de Gondi, Conde de Joigny, General de &#8230; <a href=\"http:\/\/vincentians.com\/es\/el-senor-vicente-relee-su-vida-vii\/\" class=\"more-link\">Read More<\/a><\/p>\n","protected":false},"author":4,"featured_media":132261,"comment_status":"open","ping_status":"open","sticky":false,"template":"","format":"standard","meta":{"jetpack_post_was_ever_published":false,"_jetpack_newsletter_access":"","_jetpack_dont_email_post_to_subs":false,"_jetpack_newsletter_tier_id":0,"_jetpack_memberships_contains_paywalled_content":false,"_jetpack_memberships_contains_paid_content":false,"footnotes":"","jetpack_publicize_message":"","jetpack_publicize_feature_enabled":true,"jetpack_social_post_already_shared":true,"jetpack_social_options":{"image_generator_settings":{"template":"highway","default_image_id":0,"font":"","enabled":false},"version":2}},"categories":[5],"tags":[173,148,161,175,193,145,119,125,131,120,135],"class_list":["post-131900","post","type-post","status-publish","format-standard","has-post-thumbnail","hentry","category-vicente-de-paul","tag-chatillon-les-dombes","tag-clichy","tag-etienne","tag-folleville","tag-gamaches","tag-gannes","tag-gondi","tag-joigny","tag-montmirail","tag-senora-de-gondi","tag-villepreux"],"yoast_head":"<!-- This site is optimized with the Yoast SEO plugin v26.3 - https:\/\/yoast.com\/wordpress\/plugins\/seo\/ -->\n<title>El se\u00f1or Vicente relee su vida (VII) - Somos Vicencianos<\/title>\n<meta name=\"robots\" content=\"index, follow, max-snippet:-1, max-image-preview:large, max-video-preview:-1\" \/>\n<link rel=\"canonical\" href=\"https:\/\/vincentians.com\/es\/el-senor-vicente-relee-su-vida-vii\/\" \/>\n<meta property=\"og:locale\" content=\"es_ES\" \/>\n<meta property=\"og:type\" content=\"article\" \/>\n<meta property=\"og:title\" content=\"El se\u00f1or Vicente relee su vida (VII) - Somos Vicencianos\" \/>\n<meta property=\"og:description\" content=\"Preceptor Fue en la segunda mitad de 1613 cuando concluy\u00f3 mi b\u00fasqueda que tanto dur\u00f3. Recib\u00eda en efecto \u00abel cargo de preceptor de los hijos del Se\u00f1or Philippe-Emmanuel de Gondi, Conde de Joigny, General de ... Read More\" \/>\n<meta property=\"og:url\" content=\"https:\/\/vincentians.com\/es\/el-senor-vicente-relee-su-vida-vii\/\" \/>\n<meta property=\"og:site_name\" content=\"Somos Vicencianos\" \/>\n<meta property=\"article:publisher\" content=\"https:\/\/www.facebook.com\/WeAreVincentians\/\" \/>\n<meta property=\"article:author\" content=\"https:\/\/www.facebook.com\/JavierChento\" \/>\n<meta property=\"article:published_time\" content=\"2014-12-13T19:00:30+00:00\" \/>\n<meta property=\"article:modified_time\" content=\"2016-07-26T15:21:59+00:00\" \/>\n<meta name=\"author\" content=\"Francisco Javier Fern\u00e1ndez Chento\" \/>\n<meta name=\"twitter:card\" content=\"summary_large_image\" \/>\n<meta name=\"twitter:creator\" content=\"@https:\/\/twitter.com\/javierchento\" \/>\n<meta name=\"twitter:site\" content=\"@WeVincentians\" \/>\n<meta name=\"twitter:label1\" content=\"Escrito por\" \/>\n\t<meta name=\"twitter:data1\" content=\"Francisco Javier Fern\u00e1ndez Chento\" \/>\n\t<meta name=\"twitter:label2\" content=\"Tiempo de lectura\" \/>\n\t<meta name=\"twitter:data2\" content=\"15 minutos\" \/>\n<script type=\"application\/ld+json\" class=\"yoast-schema-graph\">{\"@context\":\"https:\/\/schema.org\",\"@graph\":[{\"@type\":\"Article\",\"@id\":\"https:\/\/vincentians.com\/es\/el-senor-vicente-relee-su-vida-vii\/#article\",\"isPartOf\":{\"@id\":\"https:\/\/vincentians.com\/es\/el-senor-vicente-relee-su-vida-vii\/\"},\"author\":{\"name\":\"Francisco Javier Fern\u00e1ndez Chento\",\"@id\":\"https:\/\/vincentians.com\/es\/#\/schema\/person\/9623ef4d9aa3b2dfb8c061f1499288f2\"},\"headline\":\"El se\u00f1or Vicente relee su vida (VII)\",\"datePublished\":\"2014-12-13T19:00:30+00:00\",\"dateModified\":\"2016-07-26T15:21:59+00:00\",\"mainEntityOfPage\":{\"@id\":\"https:\/\/vincentians.com\/es\/el-senor-vicente-relee-su-vida-vii\/\"},\"wordCount\":3098,\"commentCount\":0,\"publisher\":{\"@id\":\"https:\/\/vincentians.com\/es\/#organization\"},\"image\":{\"@id\":\"https:\/\/vincentians.com\/es\/el-senor-vicente-relee-su-vida-vii\/#primaryimage\"},\"thumbnailUrl\":\"\",\"keywords\":[\"Chatillon\",\"Clichy\",\"Etienne\",\"Folleville\",\"Gamaches\",\"Gannes\",\"Gondi\",\"Joigny\",\"Montmirail\",\"Se\u00f1ora de Gondi\",\"Villepreux\"],\"articleSection\":[\"Vicente de Pa\u00fal\"],\"inLanguage\":\"es\",\"potentialAction\":[{\"@type\":\"CommentAction\",\"name\":\"Comment\",\"target\":[\"https:\/\/vincentians.com\/es\/el-senor-vicente-relee-su-vida-vii\/#respond\"]}]},{\"@type\":\"WebPage\",\"@id\":\"https:\/\/vincentians.com\/es\/el-senor-vicente-relee-su-vida-vii\/\",\"url\":\"https:\/\/vincentians.com\/es\/el-senor-vicente-relee-su-vida-vii\/\",\"name\":\"El se\u00f1or Vicente relee su vida (VII) - Somos Vicencianos\",\"isPartOf\":{\"@id\":\"https:\/\/vincentians.com\/es\/#website\"},\"primaryImageOfPage\":{\"@id\":\"https:\/\/vincentians.com\/es\/el-senor-vicente-relee-su-vida-vii\/#primaryimage\"},\"image\":{\"@id\":\"https:\/\/vincentians.com\/es\/el-senor-vicente-relee-su-vida-vii\/#primaryimage\"},\"thumbnailUrl\":\"\",\"datePublished\":\"2014-12-13T19:00:30+00:00\",\"dateModified\":\"2016-07-26T15:21:59+00:00\",\"breadcrumb\":{\"@id\":\"https:\/\/vincentians.com\/es\/el-senor-vicente-relee-su-vida-vii\/#breadcrumb\"},\"inLanguage\":\"es\",\"potentialAction\":[{\"@type\":\"ReadAction\",\"target\":[\"https:\/\/vincentians.com\/es\/el-senor-vicente-relee-su-vida-vii\/\"]}]},{\"@type\":\"ImageObject\",\"inLanguage\":\"es\",\"@id\":\"https:\/\/vincentians.com\/es\/el-senor-vicente-relee-su-vida-vii\/#primaryimage\",\"url\":\"\",\"contentUrl\":\"\"},{\"@type\":\"BreadcrumbList\",\"@id\":\"https:\/\/vincentians.com\/es\/el-senor-vicente-relee-su-vida-vii\/#breadcrumb\",\"itemListElement\":[{\"@type\":\"ListItem\",\"position\":1,\"name\":\"Portada\",\"item\":\"https:\/\/vincentians.com\/es\/\"},{\"@type\":\"ListItem\",\"position\":2,\"name\":\"El se\u00f1or Vicente relee su vida (VII)\"}]},{\"@type\":\"WebSite\",\"@id\":\"https:\/\/vincentians.com\/es\/#website\",\"url\":\"https:\/\/vincentians.com\/es\/\",\"name\":\"Somos Vicencianos\",\"description\":\"Know more to serve more\",\"publisher\":{\"@id\":\"https:\/\/vincentians.com\/es\/#organization\"},\"potentialAction\":[{\"@type\":\"SearchAction\",\"target\":{\"@type\":\"EntryPoint\",\"urlTemplate\":\"https:\/\/vincentians.com\/es\/?s={search_term_string}\"},\"query-input\":{\"@type\":\"PropertyValueSpecification\",\"valueRequired\":true,\"valueName\":\"search_term_string\"}}],\"inLanguage\":\"es\"},{\"@type\":\"Organization\",\"@id\":\"https:\/\/vincentians.com\/es\/#organization\",\"name\":\"The Vincentian Network\",\"url\":\"https:\/\/vincentians.com\/es\/\",\"logo\":{\"@type\":\"ImageObject\",\"inLanguage\":\"es\",\"@id\":\"https:\/\/vincentians.com\/es\/#\/schema\/logo\/image\/\",\"url\":\"https:\/\/i1.wp.com\/vincentians.com\/es\/wp-content\/uploads\/sites\/11\/2016\/06\/Vincentian-Network-logo-big.png?fit=778%2C778\",\"contentUrl\":\"https:\/\/i1.wp.com\/vincentians.com\/es\/wp-content\/uploads\/sites\/11\/2016\/06\/Vincentian-Network-logo-big.png?fit=778%2C778\",\"width\":778,\"height\":778,\"caption\":\"The Vincentian Network\"},\"image\":{\"@id\":\"https:\/\/vincentians.com\/es\/#\/schema\/logo\/image\/\"},\"sameAs\":[\"https:\/\/www.facebook.com\/WeAreVincentians\/\",\"https:\/\/x.com\/WeVincentians\"]},{\"@type\":\"Person\",\"@id\":\"https:\/\/vincentians.com\/es\/#\/schema\/person\/9623ef4d9aa3b2dfb8c061f1499288f2\",\"name\":\"Francisco Javier Fern\u00e1ndez Chento\",\"image\":{\"@type\":\"ImageObject\",\"inLanguage\":\"es\",\"@id\":\"https:\/\/vincentians.com\/es\/#\/schema\/person\/image\/\",\"url\":\"https:\/\/secure.gravatar.com\/avatar\/497d5cde87b4c3d097d0315953521681ba2cd523ee66e5077c3711f7021e65de?s=96&d=mm&r=g\",\"contentUrl\":\"https:\/\/secure.gravatar.com\/avatar\/497d5cde87b4c3d097d0315953521681ba2cd523ee66e5077c3711f7021e65de?s=96&d=mm&r=g\",\"caption\":\"Francisco Javier Fern\u00e1ndez Chento\"},\"description\":\"Director General y cofundador de La Red de Formaci\u00f3n Vicenciana. Javier es laico vicenciano, afiliado a la Congregaci\u00f3n de la Misi\u00f3n y miembro del Equipo de Misiones Populares de la provincia can\u00f3nica de Zaragoza (Espa\u00f1a) de la Congregaci\u00f3n de la Misi\u00f3n. Graduado en la Universidad Oberta de Catalunya con cuatro grados (Asistente de direcci\u00f3n, Gesti\u00f3n Administrativa, Recursos Humanos y Contabilidad Avanzada). Bil\u00edng\u00fce Espa\u00f1ol\/Ingl\u00e9s. gestiona y mantiene varias p\u00e1ginas web cristianas y vicencianas, incluida including La Red de Formaci\u00f3n Vicenciana, de la que es cofundador. Actualmente es responsable del \u00e1rea de Espa\u00f1ol de .famvin, la Red de Noticias de la Familia Vicenciana. Tambi\u00e9n es m\u00fasico cat\u00f3lico y ha editado varios discos. Es Director General y cofundador de Trovador, una reconocida compa\u00f1\u00eda discogr\u00e1fica critiana de Espa\u00f1a. Trabaja en las Tecnolog\u00edas de la Informaci\u00f3n, ofreciendo servicios de alojamiento, dise\u00f1o y mantenimiento Web, as\u00ed como asesoramiento, formaci\u00f3n y soluciones inform\u00e1ticas, gesti\u00f3n documental y digitalizaci\u00f3n de textos, edici\u00f3n y maquetaci\u00f3n de libros, revistas, flyers, etc.\",\"sameAs\":[\"http:\/\/chento.org\",\"https:\/\/www.facebook.com\/JavierChento\",\"https:\/\/x.com\/https:\/\/twitter.com\/javierchento\"],\"url\":\"http:\/\/vincentians.com\/es\/author\/chento\/\"}]}<\/script>\n<!-- \/ Yoast SEO plugin. -->","yoast_head_json":{"title":"El se\u00f1or Vicente relee su vida (VII) - Somos Vicencianos","robots":{"index":"index","follow":"follow","max-snippet":"max-snippet:-1","max-image-preview":"max-image-preview:large","max-video-preview":"max-video-preview:-1"},"canonical":"https:\/\/vincentians.com\/es\/el-senor-vicente-relee-su-vida-vii\/","og_locale":"es_ES","og_type":"article","og_title":"El se\u00f1or Vicente relee su vida (VII) - Somos Vicencianos","og_description":"Preceptor Fue en la segunda mitad de 1613 cuando concluy\u00f3 mi b\u00fasqueda que tanto dur\u00f3. Recib\u00eda en efecto \u00abel cargo de preceptor de los hijos del Se\u00f1or Philippe-Emmanuel de Gondi, Conde de Joigny, General de ... Read More","og_url":"https:\/\/vincentians.com\/es\/el-senor-vicente-relee-su-vida-vii\/","og_site_name":"Somos Vicencianos","article_publisher":"https:\/\/www.facebook.com\/WeAreVincentians\/","article_author":"https:\/\/www.facebook.com\/JavierChento","article_published_time":"2014-12-13T19:00:30+00:00","article_modified_time":"2016-07-26T15:21:59+00:00","author":"Francisco Javier Fern\u00e1ndez Chento","twitter_card":"summary_large_image","twitter_creator":"@https:\/\/twitter.com\/javierchento","twitter_site":"@WeVincentians","twitter_misc":{"Escrito por":"Francisco Javier Fern\u00e1ndez Chento","Tiempo de lectura":"15 minutos"},"schema":{"@context":"https:\/\/schema.org","@graph":[{"@type":"Article","@id":"https:\/\/vincentians.com\/es\/el-senor-vicente-relee-su-vida-vii\/#article","isPartOf":{"@id":"https:\/\/vincentians.com\/es\/el-senor-vicente-relee-su-vida-vii\/"},"author":{"name":"Francisco Javier Fern\u00e1ndez Chento","@id":"https:\/\/vincentians.com\/es\/#\/schema\/person\/9623ef4d9aa3b2dfb8c061f1499288f2"},"headline":"El se\u00f1or Vicente relee su vida (VII)","datePublished":"2014-12-13T19:00:30+00:00","dateModified":"2016-07-26T15:21:59+00:00","mainEntityOfPage":{"@id":"https:\/\/vincentians.com\/es\/el-senor-vicente-relee-su-vida-vii\/"},"wordCount":3098,"commentCount":0,"publisher":{"@id":"https:\/\/vincentians.com\/es\/#organization"},"image":{"@id":"https:\/\/vincentians.com\/es\/el-senor-vicente-relee-su-vida-vii\/#primaryimage"},"thumbnailUrl":"","keywords":["Chatillon","Clichy","Etienne","Folleville","Gamaches","Gannes","Gondi","Joigny","Montmirail","Se\u00f1ora de Gondi","Villepreux"],"articleSection":["Vicente de Pa\u00fal"],"inLanguage":"es","potentialAction":[{"@type":"CommentAction","name":"Comment","target":["https:\/\/vincentians.com\/es\/el-senor-vicente-relee-su-vida-vii\/#respond"]}]},{"@type":"WebPage","@id":"https:\/\/vincentians.com\/es\/el-senor-vicente-relee-su-vida-vii\/","url":"https:\/\/vincentians.com\/es\/el-senor-vicente-relee-su-vida-vii\/","name":"El se\u00f1or Vicente relee su vida (VII) - Somos Vicencianos","isPartOf":{"@id":"https:\/\/vincentians.com\/es\/#website"},"primaryImageOfPage":{"@id":"https:\/\/vincentians.com\/es\/el-senor-vicente-relee-su-vida-vii\/#primaryimage"},"image":{"@id":"https:\/\/vincentians.com\/es\/el-senor-vicente-relee-su-vida-vii\/#primaryimage"},"thumbnailUrl":"","datePublished":"2014-12-13T19:00:30+00:00","dateModified":"2016-07-26T15:21:59+00:00","breadcrumb":{"@id":"https:\/\/vincentians.com\/es\/el-senor-vicente-relee-su-vida-vii\/#breadcrumb"},"inLanguage":"es","potentialAction":[{"@type":"ReadAction","target":["https:\/\/vincentians.com\/es\/el-senor-vicente-relee-su-vida-vii\/"]}]},{"@type":"ImageObject","inLanguage":"es","@id":"https:\/\/vincentians.com\/es\/el-senor-vicente-relee-su-vida-vii\/#primaryimage","url":"","contentUrl":""},{"@type":"BreadcrumbList","@id":"https:\/\/vincentians.com\/es\/el-senor-vicente-relee-su-vida-vii\/#breadcrumb","itemListElement":[{"@type":"ListItem","position":1,"name":"Portada","item":"https:\/\/vincentians.com\/es\/"},{"@type":"ListItem","position":2,"name":"El se\u00f1or Vicente relee su vida (VII)"}]},{"@type":"WebSite","@id":"https:\/\/vincentians.com\/es\/#website","url":"https:\/\/vincentians.com\/es\/","name":"Somos Vicencianos","description":"Know more to serve more","publisher":{"@id":"https:\/\/vincentians.com\/es\/#organization"},"potentialAction":[{"@type":"SearchAction","target":{"@type":"EntryPoint","urlTemplate":"https:\/\/vincentians.com\/es\/?s={search_term_string}"},"query-input":{"@type":"PropertyValueSpecification","valueRequired":true,"valueName":"search_term_string"}}],"inLanguage":"es"},{"@type":"Organization","@id":"https:\/\/vincentians.com\/es\/#organization","name":"The Vincentian Network","url":"https:\/\/vincentians.com\/es\/","logo":{"@type":"ImageObject","inLanguage":"es","@id":"https:\/\/vincentians.com\/es\/#\/schema\/logo\/image\/","url":"https:\/\/i1.wp.com\/vincentians.com\/es\/wp-content\/uploads\/sites\/11\/2016\/06\/Vincentian-Network-logo-big.png?fit=778%2C778","contentUrl":"https:\/\/i1.wp.com\/vincentians.com\/es\/wp-content\/uploads\/sites\/11\/2016\/06\/Vincentian-Network-logo-big.png?fit=778%2C778","width":778,"height":778,"caption":"The Vincentian Network"},"image":{"@id":"https:\/\/vincentians.com\/es\/#\/schema\/logo\/image\/"},"sameAs":["https:\/\/www.facebook.com\/WeAreVincentians\/","https:\/\/x.com\/WeVincentians"]},{"@type":"Person","@id":"https:\/\/vincentians.com\/es\/#\/schema\/person\/9623ef4d9aa3b2dfb8c061f1499288f2","name":"Francisco Javier Fern\u00e1ndez Chento","image":{"@type":"ImageObject","inLanguage":"es","@id":"https:\/\/vincentians.com\/es\/#\/schema\/person\/image\/","url":"https:\/\/secure.gravatar.com\/avatar\/497d5cde87b4c3d097d0315953521681ba2cd523ee66e5077c3711f7021e65de?s=96&d=mm&r=g","contentUrl":"https:\/\/secure.gravatar.com\/avatar\/497d5cde87b4c3d097d0315953521681ba2cd523ee66e5077c3711f7021e65de?s=96&d=mm&r=g","caption":"Francisco Javier Fern\u00e1ndez Chento"},"description":"Director General y cofundador de La Red de Formaci\u00f3n Vicenciana. Javier es laico vicenciano, afiliado a la Congregaci\u00f3n de la Misi\u00f3n y miembro del Equipo de Misiones Populares de la provincia can\u00f3nica de Zaragoza (Espa\u00f1a) de la Congregaci\u00f3n de la Misi\u00f3n. Graduado en la Universidad Oberta de Catalunya con cuatro grados (Asistente de direcci\u00f3n, Gesti\u00f3n Administrativa, Recursos Humanos y Contabilidad Avanzada). Bil\u00edng\u00fce Espa\u00f1ol\/Ingl\u00e9s. gestiona y mantiene varias p\u00e1ginas web cristianas y vicencianas, incluida including La Red de Formaci\u00f3n Vicenciana, de la que es cofundador. Actualmente es responsable del \u00e1rea de Espa\u00f1ol de .famvin, la Red de Noticias de la Familia Vicenciana. Tambi\u00e9n es m\u00fasico cat\u00f3lico y ha editado varios discos. Es Director General y cofundador de Trovador, una reconocida compa\u00f1\u00eda discogr\u00e1fica critiana de Espa\u00f1a. Trabaja en las Tecnolog\u00edas de la Informaci\u00f3n, ofreciendo servicios de alojamiento, dise\u00f1o y mantenimiento Web, as\u00ed como asesoramiento, formaci\u00f3n y soluciones inform\u00e1ticas, gesti\u00f3n documental y digitalizaci\u00f3n de textos, edici\u00f3n y maquetaci\u00f3n de libros, revistas, flyers, etc.","sameAs":["http:\/\/chento.org","https:\/\/www.facebook.com\/JavierChento","https:\/\/x.com\/https:\/\/twitter.com\/javierchento"],"url":"http:\/\/vincentians.com\/es\/author\/chento\/"}]}},"jetpack_publicize_connections":[],"jetpack_featured_media_url":"","jetpack_sharing_enabled":true,"jetpack_shortlink":"https:\/\/wp.me\/p7ETMF-yjq","jetpack-related-posts":[{"id":119698,"url":"http:\/\/vincentians.com\/es\/el-senor-vicente-relee-su-vida-preceptor\/","url_meta":{"origin":131900,"position":0},"title":"El Se\u00f1or Vicente relee su vida: Preceptor","author":"Francisco Javier Fern\u00e1ndez Chento","date":"11\/02\/2022","format":false,"excerpt":"Fue en la segunda mitad de 1613 cuando concluy\u00f3 mi b\u00fasqueda que tanto dur\u00f3. Recib\u00eda en efecto \"el cargo de preceptor de los hijos del Se\u00f1or Philippe-Emmanuel de Gondi, Conde de Joigny, General de las Galeras de Francia\". El mayor de los hijos, Pierre, ten\u00eda 11 a\u00f1os, el segundo, Henri,\u2026","rel":"","context":"En \u00abVicente de Pa\u00fal\u00bb","block_context":{"text":"Vicente de Pa\u00fal","link":"http:\/\/vincentians.com\/es\/category\/la-familia-vicenciana\/fundadores\/vicente-de-paul\/"},"img":{"alt_text":"","src":"https:\/\/i0.wp.com\/vincentians.com\/es\/wp-content\/uploads\/sites\/11\/2013\/04\/f-3-scaled.jpg?fit=1200%2C570&resize=350%2C200","width":350,"height":200,"srcset":"https:\/\/i0.wp.com\/vincentians.com\/es\/wp-content\/uploads\/sites\/11\/2013\/04\/f-3-scaled.jpg?fit=1200%2C570&resize=350%2C200 1x, https:\/\/i0.wp.com\/vincentians.com\/es\/wp-content\/uploads\/sites\/11\/2013\/04\/f-3-scaled.jpg?fit=1200%2C570&resize=525%2C300 1.5x, https:\/\/i0.wp.com\/vincentians.com\/es\/wp-content\/uploads\/sites\/11\/2013\/04\/f-3-scaled.jpg?fit=1200%2C570&resize=700%2C400 2x, https:\/\/i0.wp.com\/vincentians.com\/es\/wp-content\/uploads\/sites\/11\/2013\/04\/f-3-scaled.jpg?fit=1200%2C570&resize=1050%2C600 3x"},"classes":[]},{"id":131357,"url":"http:\/\/vincentians.com\/es\/el-senor-vicente-evolucion-de-un-santo-viii\/","url_meta":{"origin":131900,"position":1},"title":"El se\u00f1or Vicente, evoluci\u00f3n de un santo (VIII)","author":"Francisco Javier Fern\u00e1ndez Chento","date":"02\/10\/2014","format":false,"excerpt":"8. LA C\u00c1NDIDA EVA 1.El se\u00f1or Vicente, p\u00e1rroco de Clichy.- 2.La Hermandad del Rosario.- 3.Restauraci\u00f3n de la iglesia.- 4.Adios a la parroquia.- 5.En la casa de los Gondi.- 6.La familia.- 7.Beneficio.- 8.Las tierra de los Gondi.- 9.Maestro y maestra.- 10.\"El se\u00f1or Vicente\".- 11.Los ni\u00f1os.- 12.El preceptor.- 13.Conducata del capell\u00e1n; proyecto\u2026","rel":"","context":"En \u00abVicente de Pa\u00fal\u00bb","block_context":{"text":"Vicente de Pa\u00fal","link":"http:\/\/vincentians.com\/es\/category\/la-familia-vicenciana\/fundadores\/vicente-de-paul\/"},"img":{"alt_text":"coraz\u00f3n","src":"https:\/\/i0.wp.com\/vicencianos.org\/wp-content\/2014\/03\/coraz%C3%B3n.jpg?resize=350%2C200","width":350,"height":200},"classes":[]},{"id":121638,"url":"http:\/\/vincentians.com\/es\/san-vicente-de-paul-y-los-gondi-capitulo-05\/","url_meta":{"origin":131900,"position":2},"title":"San Vicente de Pa\u00fal y los Gondi: Cap\u00edtulo 05","author":"Francisco Javier Fern\u00e1ndez Chento","date":"07\/07\/2024","format":false,"excerpt":"Cap\u00edtulo V Vicente de Pa\u00fal y la Sra. de Gondi en el castillo de Folleville. - Nacimiento de la obra de las Misiones. - Salida de Vicente de la casa de Gondi. - Vicente, p\u00e1rroco de Chatillon-lez-Dombes. A comienzos del a\u00f1o de 1617, la familia de Gondi se hallaba reunida\u2026","rel":"","context":"En \u00abVicente de Pa\u00fal\u00bb","block_context":{"text":"Vicente de Pa\u00fal","link":"http:\/\/vincentians.com\/es\/category\/la-familia-vicenciana\/fundadores\/vicente-de-paul\/"},"img":{"alt_text":"","src":"https:\/\/i0.wp.com\/vincentians.com\/es\/wp-content\/uploads\/sites\/11\/2023\/08\/aaaf.jpg?fit=1200%2C827&resize=350%2C200","width":350,"height":200,"srcset":"https:\/\/i0.wp.com\/vincentians.com\/es\/wp-content\/uploads\/sites\/11\/2023\/08\/aaaf.jpg?fit=1200%2C827&resize=350%2C200 1x, https:\/\/i0.wp.com\/vincentians.com\/es\/wp-content\/uploads\/sites\/11\/2023\/08\/aaaf.jpg?fit=1200%2C827&resize=525%2C300 1.5x, https:\/\/i0.wp.com\/vincentians.com\/es\/wp-content\/uploads\/sites\/11\/2023\/08\/aaaf.jpg?fit=1200%2C827&resize=700%2C400 2x, https:\/\/i0.wp.com\/vincentians.com\/es\/wp-content\/uploads\/sites\/11\/2023\/08\/aaaf.jpg?fit=1200%2C827&resize=1050%2C600 3x"},"classes":[]},{"id":121663,"url":"http:\/\/vincentians.com\/es\/san-vicente-de-paul-y-los-gondi-capitulo-06\/","url_meta":{"origin":131900,"position":3},"title":"San Vicente de Pa\u00fal y los Gondi: Cap\u00edtulo 06","author":"Francisco Javier Fern\u00e1ndez Chento","date":"09\/07\/2024","format":false,"excerpt":"Cap\u00edtulo VI Vicente de Pa\u00fal en Ch\u00e2tillon-lez-Dombes. - Primera fundaci\u00f3n de una asociaci\u00f3n de sirvientas para los pobres. - Vuelta de Vicente a la casa de los Gondi. - Misiones en sus dominios. - Vicente de Pa\u00fal capell\u00e1n real de las galeras. Al llegar a Ch\u00e2tillon-lez-Dombes, Vicente de Pa\u00fal encontr\u00f3\u2026","rel":"","context":"En \u00abVicente de Pa\u00fal\u00bb","block_context":{"text":"Vicente de Pa\u00fal","link":"http:\/\/vincentians.com\/es\/category\/la-familia-vicenciana\/fundadores\/vicente-de-paul\/"},"img":{"alt_text":"","src":"https:\/\/i0.wp.com\/vincentians.com\/es\/wp-content\/uploads\/sites\/11\/2023\/08\/aaaf.jpg?fit=1200%2C827&resize=350%2C200","width":350,"height":200,"srcset":"https:\/\/i0.wp.com\/vincentians.com\/es\/wp-content\/uploads\/sites\/11\/2023\/08\/aaaf.jpg?fit=1200%2C827&resize=350%2C200 1x, https:\/\/i0.wp.com\/vincentians.com\/es\/wp-content\/uploads\/sites\/11\/2023\/08\/aaaf.jpg?fit=1200%2C827&resize=525%2C300 1.5x, https:\/\/i0.wp.com\/vincentians.com\/es\/wp-content\/uploads\/sites\/11\/2023\/08\/aaaf.jpg?fit=1200%2C827&resize=700%2C400 2x, https:\/\/i0.wp.com\/vincentians.com\/es\/wp-content\/uploads\/sites\/11\/2023\/08\/aaaf.jpg?fit=1200%2C827&resize=1050%2C600 3x"},"classes":[]},{"id":387854,"url":"http:\/\/vincentians.com\/es\/san-vicente-amigo-de-los-pobres-anos-de-busqueda-1613-1617\/","url_meta":{"origin":131900,"position":4},"title":"San Vicente: Amigo de los pobres: a\u00f1os de b\u00fasqueda (1613-1617)","author":"Mitxel Olabu\u00e9naga","date":"12\/10\/2016","format":false,"excerpt":"El se\u00f1or Vicente abandona Clichy El pueblo de Clichy guard\u00f3 siempre un grato recuerdo del mejor de sus p\u00e1rrocos. Pero, cuando m\u00e1s entusiasmado estaba \u00e9ste en sus proyectos, le lleg\u00f3 una carta de Berulle: Deb\u00eda cam\u00adbiar sus actividades. El director espiritual le ped\u00eda que volviera a Par\u00eds. Argumenta\u00adba que ser\u00eda\u2026","rel":"","context":"En \u00abFormaci\u00f3n Vicenciana\u00bb","block_context":{"text":"Formaci\u00f3n Vicenciana","link":"http:\/\/vincentians.com\/es\/category\/formacion-vicenciana\/"},"img":{"alt_text":"","src":"https:\/\/i0.wp.com\/vincentians.com\/es\/wp-content\/uploads\/sites\/11\/2016\/07\/st-vincent-de-paul.jpg?fit=1200%2C630&resize=350%2C200","width":350,"height":200,"srcset":"https:\/\/i0.wp.com\/vincentians.com\/es\/wp-content\/uploads\/sites\/11\/2016\/07\/st-vincent-de-paul.jpg?fit=1200%2C630&resize=350%2C200 1x, https:\/\/i0.wp.com\/vincentians.com\/es\/wp-content\/uploads\/sites\/11\/2016\/07\/st-vincent-de-paul.jpg?fit=1200%2C630&resize=525%2C300 1.5x, https:\/\/i0.wp.com\/vincentians.com\/es\/wp-content\/uploads\/sites\/11\/2016\/07\/st-vincent-de-paul.jpg?fit=1200%2C630&resize=700%2C400 2x, https:\/\/i0.wp.com\/vincentians.com\/es\/wp-content\/uploads\/sites\/11\/2016\/07\/st-vincent-de-paul.jpg?fit=1200%2C630&resize=1050%2C600 3x"},"classes":[]},{"id":119706,"url":"http:\/\/vincentians.com\/es\/el-senor-vicente-relee-su-vida-folleville\/","url_meta":{"origin":131900,"position":5},"title":"El Se\u00f1or Vicente relee su vida: Folleville","author":"Francisco Javier Fern\u00e1ndez Chento","date":"03\/03\/2022","format":false,"excerpt":"Mi celo pastoral aumentaba, yo me ocupaba entonces de los campesinos de los pueblos en las tierras de los Gondi. En efecto, los se\u00f1ores llevaban tambi\u00e9n la responsabilidad espiritual de sus s\u00fabditos. El se\u00f1or de Gondi era consciente de ello. Despu\u00e9s de su entrada solemne en Joigny, para encargarse del\u2026","rel":"","context":"En \u00abVicente de Pa\u00fal\u00bb","block_context":{"text":"Vicente de Pa\u00fal","link":"http:\/\/vincentians.com\/es\/category\/la-familia-vicenciana\/fundadores\/vicente-de-paul\/"},"img":{"alt_text":"","src":"https:\/\/i0.wp.com\/vincentians.com\/es\/wp-content\/uploads\/sites\/11\/2013\/04\/f-4-scaled.jpg?fit=1200%2C570&resize=350%2C200","width":350,"height":200,"srcset":"https:\/\/i0.wp.com\/vincentians.com\/es\/wp-content\/uploads\/sites\/11\/2013\/04\/f-4-scaled.jpg?fit=1200%2C570&resize=350%2C200 1x, https:\/\/i0.wp.com\/vincentians.com\/es\/wp-content\/uploads\/sites\/11\/2013\/04\/f-4-scaled.jpg?fit=1200%2C570&resize=525%2C300 1.5x, https:\/\/i0.wp.com\/vincentians.com\/es\/wp-content\/uploads\/sites\/11\/2013\/04\/f-4-scaled.jpg?fit=1200%2C570&resize=700%2C400 2x, https:\/\/i0.wp.com\/vincentians.com\/es\/wp-content\/uploads\/sites\/11\/2013\/04\/f-4-scaled.jpg?fit=1200%2C570&resize=1050%2C600 3x"},"classes":[]}],"_links":{"self":[{"href":"http:\/\/vincentians.com\/es\/wp-json\/wp\/v2\/posts\/131900","targetHints":{"allow":["GET"]}}],"collection":[{"href":"http:\/\/vincentians.com\/es\/wp-json\/wp\/v2\/posts"}],"about":[{"href":"http:\/\/vincentians.com\/es\/wp-json\/wp\/v2\/types\/post"}],"author":[{"embeddable":true,"href":"http:\/\/vincentians.com\/es\/wp-json\/wp\/v2\/users\/4"}],"replies":[{"embeddable":true,"href":"http:\/\/vincentians.com\/es\/wp-json\/wp\/v2\/comments?post=131900"}],"version-history":[{"count":0,"href":"http:\/\/vincentians.com\/es\/wp-json\/wp\/v2\/posts\/131900\/revisions"}],"wp:featuredmedia":[{"embeddable":true,"href":"http:\/\/vincentians.com\/es\/wp-json\/"}],"wp:attachment":[{"href":"http:\/\/vincentians.com\/es\/wp-json\/wp\/v2\/media?parent=131900"}],"wp:term":[{"taxonomy":"category","embeddable":true,"href":"http:\/\/vincentians.com\/es\/wp-json\/wp\/v2\/categories?post=131900"},{"taxonomy":"post_tag","embeddable":true,"href":"http:\/\/vincentians.com\/es\/wp-json\/wp\/v2\/tags?post=131900"}],"curies":[{"name":"wp","href":"https:\/\/api.w.org\/{rel}","templated":true}]}}