{"id":131595,"date":"2014-10-25T08:19:37","date_gmt":"2014-10-25T06:19:37","guid":{"rendered":"http:\/\/somos.vicencianos.org\/?p=131595"},"modified":"2016-07-27T12:06:47","modified_gmt":"2016-07-27T10:06:47","slug":"p-enrique-rodriguez-paniagua-c-m","status":"publish","type":"post","link":"http:\/\/vincentians.com\/es\/p-enrique-rodriguez-paniagua-c-m\/","title":{"rendered":"P. Enrique Rodr\u00edguez Paniagua, C.M."},"content":{"rendered":"<p style=\"text-align: justify\"><a href=\"http:\/\/vicencianos.org\/blog\/antoine-morando-1650-1694\/biografias-paules-346\/\" rel=\"attachment wp-att-130116\"><img data-recalc-dims=\"1\" loading=\"lazy\" decoding=\"async\" class=\"alignleft size-full wp-image-130116\" src=\"https:\/\/i0.wp.com\/vicencianos.org\/wp-content\/2011\/03\/Biografias-Pa%C3%BAles.jpg?resize=232%2C300\" alt=\"Biografias Pa\u00fales\" width=\"232\" height=\"300\" \/><\/a>El 28 de abril de 2014 nos dej\u00f3 Enrique Rodr\u00edguez Paniagua (1922- 2014), una de las personalidades se\u00f1eras de las humanidades salmantinas de la segunda mitad del siglo XX.<br \/>\n\u00c9l acostumbraba a presentarse como miembro de la Congregaci\u00f3n de la Misi\u00f3n (PP. Pa\u00fales), doctor en Ciencias Cl\u00e1sicas y licenciado en Historia del Arte, profesor de Filolog\u00eda Griega, Historia del Arte y Est\u00e9tica en las dos universidades de Salamanca, especialmente en la Pontificia. Ha publicado ensayos, art\u00edculos y varios libros, de poes\u00eda sobre todo. Sin embargo, para todos los que lo hemos conocido ha sido mucho m\u00e1s que eso.<br \/>\nLa personalidad cult\u00edsima del padre Paniagua estaba estimulada por una enorme curiosidad intelectual, despierta hasta el reciente 12 de abril, d\u00eda en que ingres\u00f3 en el hospital. Su vasto conocimiento de la cultura antigua lo llev\u00f3 a estudiar las relaciones del mundo griego con el b\u00edblico (como ejemplo El influjo de la figura de Orfeo en la iconografia de David m\u00fasico); a traducir los escritos de San Basilio a los j\u00f3venes sobre c\u00f3mo podr\u00edan sacar provecho de las letras griegas; o a exponer, en la Pontificia, la influencia griega sobre Cy Twombly, el \u00faltimo genio del expresionismo abstracto norteamericano y coet\u00e1neo suyo.<br \/>\nSab\u00eda del mundo antiguo, pero siempre nos ense\u00f1\u00f3 que \u00abnormalmente el hombre despierto, de esp\u00edritu alerta y de cultura viva, desea comprender lo que se descubre en su \u00e9poca, desea vivir en su tiempo\u00bb. Y esto es lo que lo impuls\u00f3 a conocer, como pocos en Espa\u00f1a, y a tener su propia idea sobre la m\u00fasica nueva: dominaba la I I istoria de la M\u00fasica, pero de forma exhaustiva la del siglo XX. Su amistad con Crist\u00f3bal Halffter o Luis de Pablo es buena prueba de ello.<br \/>\nY de la m\u00fasica pas\u00f3 a la pintura \u2014tal vez de la mano de Paul Klee\u2014. Conoc\u00eda toda la Historia del Arte, pero sab\u00eda, como muy pocos, del arte del siglo XX. Lo que le sirvi\u00f3 para trabar una profunda amistad con lo m\u00e1s destacado del panorama art\u00edstico espa\u00f1ol de su tiempo: Cam\u00edn, Antonio Su\u00e1rez, Momp\u00f3, Sempere, Z\u00f3bel, Rueda, Rivera, Antonio Lorenzo y, sobre todos, Gustavo Torner, el m\u00e1s admirado y tambi\u00e9n querido, al estudio de cuya obra dedic\u00f3 su af\u00e1n varios a\u00f1os de su vida.<br \/>\nLos j\u00f3venes artistas salmantinos, conscientes de su saber, le mostraban su obra o lo invitaban a sus exposiciones, porque su buen criterio les orientaba en el mar de dudas en que se mov\u00edan. Tambi\u00e9n asesor\u00f3 a la que ha podido ser la galer\u00eda de arte salmantina m\u00e1s interesante: Varr\u00f3n.<br \/>\nSus disc\u00edpulos y amigos de las dos universidades son numerosos, como tambi\u00e9n lo son sus queridos alumnos de la Congregaci\u00f3n de la Misi\u00f3n, entre los que destacar\u00e9, por su atenci\u00f3n permanente hacia \u00e9l, a Efr\u00e9n Abad y F\u00e9lix Velasco.<br \/>\nEnrique admiraba la belleza como reflejo de la belleza divina, porque lo alejaba del mundo y lo acercaba a Dios. Este esp\u00edritu animaba su creaci\u00f3n literaria, su poes\u00eda. A modo de ejemplo procede reproducir aqu\u00ed uno de sus sonetos m\u00e1s adecuados para la ocasi\u00f3n:<br \/>\nSONETO DEL SOSIEGO FINAL<br \/>\nSe\u00f1or, en tu presencia estoy contento.<br \/>\nNo temo tu inspecci\u00f3n o mano dura,<br \/>\nporque s\u00e9 que me hieres con blandura<br \/>\ny me quieres m\u00e1s de lo que siento.<br \/>\nDe lo profundo clamo, cuando intento<br \/>\ncon angustia emerger de la negrura,<br \/>\ny a lo profundo bajas con ternura<br \/>\na sacarme, otra vez, del hundimiento.<br \/>\nDespu\u00e9s de tanto miedo, al fin conf\u00edo.<br \/>\nDespu\u00e9s de tanto devanar, sosiego.<br \/>\nDespu\u00e9s del largo lamentar, sonr\u00edo.<br \/>\nYa no quiero tentar la nada, ciego.<br \/>\nYa no digo: nacer fue un desvar\u00edo.<br \/>\nY, pues conmigo est\u00e1s, a Ti me entrego.<br \/>\nUno de sus autores predilectos fue Rainer Mar\u00eda Rilke. El epitafio elegido por el propio Rilke para su tumba tal vez fuera de su agrado y, sabedor como soy de su predilecci\u00f3n por las rosas, desde aqu\u00ed quiero depositarlo sobre la de Enrique a modo de homenaje permanente:<br \/>\nRose, oh reinen Widerspruch, Lust,<br \/>\nNiemandes Schlaf zu sein unten soviel<br \/>\nLidern.<br \/>\nRosa, oh contradicci\u00f3n pura, placer,<br \/>\nser el sue\u00f1o de nadie bajo tantos<br \/>\np\u00e1rpados.<br \/>\nAnales Madrid, 2014<\/p>\n","protected":false},"excerpt":{"rendered":"<p>El 28 de abril de 2014 nos dej\u00f3 Enrique Rodr\u00edguez Paniagua (1922- 2014), una de las personalidades se\u00f1eras de las humanidades salmantinas de la segunda mitad del siglo XX. \u00c9l acostumbraba a presentarse como miembro &#8230; <a href=\"http:\/\/vincentians.com\/es\/p-enrique-rodriguez-paniagua-c-m\/\" class=\"more-link\">Read More<\/a><\/p>\n","protected":false},"author":5,"featured_media":391249,"comment_status":"open","ping_status":"open","sticky":false,"template":"","format":"standard","meta":{"jetpack_post_was_ever_published":false,"_jetpack_newsletter_access":"","_jetpack_dont_email_post_to_subs":false,"_jetpack_newsletter_tier_id":0,"_jetpack_memberships_contains_paywalled_content":false,"_jetpack_memberships_contains_paid_content":false,"footnotes":"","jetpack_publicize_message":"","jetpack_publicize_feature_enabled":true,"jetpack_social_post_already_shared":true,"jetpack_social_options":{"image_generator_settings":{"template":"highway","default_image_id":0,"font":"","enabled":false},"version":2}},"categories":[19],"tags":[],"class_list":["post-131595","post","type-post","status-publish","format-standard","has-post-thumbnail","hentry","category-biografias-de-misioneros-paules"],"yoast_head":"<!-- This site is optimized with the Yoast SEO plugin v26.3 - https:\/\/yoast.com\/wordpress\/plugins\/seo\/ -->\n<title>P. Enrique Rodr\u00edguez Paniagua, C.M. - Somos Vicencianos<\/title>\n<meta name=\"robots\" content=\"index, follow, max-snippet:-1, max-image-preview:large, max-video-preview:-1\" \/>\n<link rel=\"canonical\" href=\"http:\/\/vincentians.com\/es\/p-enrique-rodriguez-paniagua-c-m\/\" \/>\n<meta property=\"og:locale\" content=\"es_ES\" \/>\n<meta property=\"og:type\" content=\"article\" \/>\n<meta property=\"og:title\" content=\"P. Enrique Rodr\u00edguez Paniagua, C.M. - Somos Vicencianos\" \/>\n<meta property=\"og:description\" content=\"El 28 de abril de 2014 nos dej\u00f3 Enrique Rodr\u00edguez Paniagua (1922- 2014), una de las personalidades se\u00f1eras de las humanidades salmantinas de la segunda mitad del siglo XX. \u00c9l acostumbraba a presentarse como miembro ... Read More\" \/>\n<meta property=\"og:url\" content=\"http:\/\/vincentians.com\/es\/p-enrique-rodriguez-paniagua-c-m\/\" \/>\n<meta property=\"og:site_name\" content=\"Somos Vicencianos\" \/>\n<meta property=\"article:publisher\" content=\"https:\/\/www.facebook.com\/WeAreVincentians\/\" \/>\n<meta property=\"article:published_time\" content=\"2014-10-25T06:19:37+00:00\" \/>\n<meta property=\"article:modified_time\" content=\"2016-07-27T10:06:47+00:00\" \/>\n<meta property=\"og:image\" content=\"https:\/\/i0.wp.com\/vincentians.com\/es\/wp-content\/uploads\/sites\/11\/2016\/07\/bio-cm.jpg?fit=1200%2C630\" \/>\n\t<meta property=\"og:image:width\" content=\"1200\" \/>\n\t<meta property=\"og:image:height\" content=\"630\" \/>\n\t<meta property=\"og:image:type\" content=\"image\/jpeg\" \/>\n<meta name=\"author\" content=\"Mitxel Olabu\u00e9naga\" \/>\n<meta name=\"twitter:card\" content=\"summary_large_image\" \/>\n<meta name=\"twitter:creator\" content=\"@WeVincentians\" \/>\n<meta name=\"twitter:site\" content=\"@WeVincentians\" \/>\n<meta name=\"twitter:label1\" content=\"Escrito por\" \/>\n\t<meta name=\"twitter:data1\" content=\"Mitxel Olabu\u00e9naga\" \/>\n\t<meta name=\"twitter:label2\" content=\"Tiempo de lectura\" \/>\n\t<meta name=\"twitter:data2\" content=\"4 minutos\" \/>\n<script type=\"application\/ld+json\" class=\"yoast-schema-graph\">{\"@context\":\"https:\/\/schema.org\",\"@graph\":[{\"@type\":\"Article\",\"@id\":\"http:\/\/vincentians.com\/es\/p-enrique-rodriguez-paniagua-c-m\/#article\",\"isPartOf\":{\"@id\":\"http:\/\/vincentians.com\/es\/p-enrique-rodriguez-paniagua-c-m\/\"},\"author\":{\"name\":\"Mitxel Olabu\u00e9naga\",\"@id\":\"http:\/\/vincentians.com\/es\/#\/schema\/person\/7c2670b4445a7ca9d164ea6acdb31859\"},\"headline\":\"P. Enrique Rodr\u00edguez Paniagua, C.M.\",\"datePublished\":\"2014-10-25T06:19:37+00:00\",\"dateModified\":\"2016-07-27T10:06:47+00:00\",\"mainEntityOfPage\":{\"@id\":\"http:\/\/vincentians.com\/es\/p-enrique-rodriguez-paniagua-c-m\/\"},\"wordCount\":750,\"commentCount\":0,\"publisher\":{\"@id\":\"http:\/\/vincentians.com\/es\/#organization\"},\"image\":{\"@id\":\"http:\/\/vincentians.com\/es\/p-enrique-rodriguez-paniagua-c-m\/#primaryimage\"},\"thumbnailUrl\":\"https:\/\/i0.wp.com\/vincentians.com\/es\/wp-content\/uploads\/sites\/11\/2016\/07\/bio-cm.jpg?fit=1200%2C630\",\"articleSection\":[\"Biograf\u00edas de Misioneros Pa\u00fales\"],\"inLanguage\":\"es\",\"potentialAction\":[{\"@type\":\"CommentAction\",\"name\":\"Comment\",\"target\":[\"http:\/\/vincentians.com\/es\/p-enrique-rodriguez-paniagua-c-m\/#respond\"]}]},{\"@type\":\"WebPage\",\"@id\":\"http:\/\/vincentians.com\/es\/p-enrique-rodriguez-paniagua-c-m\/\",\"url\":\"http:\/\/vincentians.com\/es\/p-enrique-rodriguez-paniagua-c-m\/\",\"name\":\"P. Enrique Rodr\u00edguez Paniagua, C.M. - Somos Vicencianos\",\"isPartOf\":{\"@id\":\"http:\/\/vincentians.com\/es\/#website\"},\"primaryImageOfPage\":{\"@id\":\"http:\/\/vincentians.com\/es\/p-enrique-rodriguez-paniagua-c-m\/#primaryimage\"},\"image\":{\"@id\":\"http:\/\/vincentians.com\/es\/p-enrique-rodriguez-paniagua-c-m\/#primaryimage\"},\"thumbnailUrl\":\"https:\/\/i0.wp.com\/vincentians.com\/es\/wp-content\/uploads\/sites\/11\/2016\/07\/bio-cm.jpg?fit=1200%2C630\",\"datePublished\":\"2014-10-25T06:19:37+00:00\",\"dateModified\":\"2016-07-27T10:06:47+00:00\",\"breadcrumb\":{\"@id\":\"http:\/\/vincentians.com\/es\/p-enrique-rodriguez-paniagua-c-m\/#breadcrumb\"},\"inLanguage\":\"es\",\"potentialAction\":[{\"@type\":\"ReadAction\",\"target\":[\"http:\/\/vincentians.com\/es\/p-enrique-rodriguez-paniagua-c-m\/\"]}]},{\"@type\":\"ImageObject\",\"inLanguage\":\"es\",\"@id\":\"http:\/\/vincentians.com\/es\/p-enrique-rodriguez-paniagua-c-m\/#primaryimage\",\"url\":\"https:\/\/i0.wp.com\/vincentians.com\/es\/wp-content\/uploads\/sites\/11\/2016\/07\/bio-cm.jpg?fit=1200%2C630\",\"contentUrl\":\"https:\/\/i0.wp.com\/vincentians.com\/es\/wp-content\/uploads\/sites\/11\/2016\/07\/bio-cm.jpg?fit=1200%2C630\",\"width\":1200,\"height\":630},{\"@type\":\"BreadcrumbList\",\"@id\":\"http:\/\/vincentians.com\/es\/p-enrique-rodriguez-paniagua-c-m\/#breadcrumb\",\"itemListElement\":[{\"@type\":\"ListItem\",\"position\":1,\"name\":\"Portada\",\"item\":\"http:\/\/vincentians.com\/es\/\"},{\"@type\":\"ListItem\",\"position\":2,\"name\":\"P. Enrique Rodr\u00edguez Paniagua, C.M.\"}]},{\"@type\":\"WebSite\",\"@id\":\"http:\/\/vincentians.com\/es\/#website\",\"url\":\"http:\/\/vincentians.com\/es\/\",\"name\":\"Somos Vicencianos\",\"description\":\"Know more to serve more\",\"publisher\":{\"@id\":\"http:\/\/vincentians.com\/es\/#organization\"},\"potentialAction\":[{\"@type\":\"SearchAction\",\"target\":{\"@type\":\"EntryPoint\",\"urlTemplate\":\"http:\/\/vincentians.com\/es\/?s={search_term_string}\"},\"query-input\":{\"@type\":\"PropertyValueSpecification\",\"valueRequired\":true,\"valueName\":\"search_term_string\"}}],\"inLanguage\":\"es\"},{\"@type\":\"Organization\",\"@id\":\"http:\/\/vincentians.com\/es\/#organization\",\"name\":\"The Vincentian Network\",\"url\":\"http:\/\/vincentians.com\/es\/\",\"logo\":{\"@type\":\"ImageObject\",\"inLanguage\":\"es\",\"@id\":\"http:\/\/vincentians.com\/es\/#\/schema\/logo\/image\/\",\"url\":\"https:\/\/i1.wp.com\/vincentians.com\/es\/wp-content\/uploads\/sites\/11\/2016\/06\/Vincentian-Network-logo-big.png?fit=778%2C778\",\"contentUrl\":\"https:\/\/i1.wp.com\/vincentians.com\/es\/wp-content\/uploads\/sites\/11\/2016\/06\/Vincentian-Network-logo-big.png?fit=778%2C778\",\"width\":778,\"height\":778,\"caption\":\"The Vincentian Network\"},\"image\":{\"@id\":\"http:\/\/vincentians.com\/es\/#\/schema\/logo\/image\/\"},\"sameAs\":[\"https:\/\/www.facebook.com\/WeAreVincentians\/\",\"https:\/\/x.com\/WeVincentians\"]},{\"@type\":\"Person\",\"@id\":\"http:\/\/vincentians.com\/es\/#\/schema\/person\/7c2670b4445a7ca9d164ea6acdb31859\",\"name\":\"Mitxel Olabu\u00e9naga\",\"image\":{\"@type\":\"ImageObject\",\"inLanguage\":\"es\",\"@id\":\"http:\/\/vincentians.com\/es\/#\/schema\/person\/image\/\",\"url\":\"https:\/\/secure.gravatar.com\/avatar\/34137ec2e2b8939cbbed975731e71f3f4f1defc7266ded337a5ce0f925426877?s=96&d=mm&r=g\",\"contentUrl\":\"https:\/\/secure.gravatar.com\/avatar\/34137ec2e2b8939cbbed975731e71f3f4f1defc7266ded337a5ce0f925426877?s=96&d=mm&r=g\",\"caption\":\"Mitxel Olabu\u00e9naga\"},\"url\":\"http:\/\/vincentians.com\/es\/author\/mitxel\/\"}]}<\/script>\n<!-- \/ Yoast SEO plugin. -->","yoast_head_json":{"title":"P. Enrique Rodr\u00edguez Paniagua, C.M. - Somos Vicencianos","robots":{"index":"index","follow":"follow","max-snippet":"max-snippet:-1","max-image-preview":"max-image-preview:large","max-video-preview":"max-video-preview:-1"},"canonical":"http:\/\/vincentians.com\/es\/p-enrique-rodriguez-paniagua-c-m\/","og_locale":"es_ES","og_type":"article","og_title":"P. Enrique Rodr\u00edguez Paniagua, C.M. - Somos Vicencianos","og_description":"El 28 de abril de 2014 nos dej\u00f3 Enrique Rodr\u00edguez Paniagua (1922- 2014), una de las personalidades se\u00f1eras de las humanidades salmantinas de la segunda mitad del siglo XX. \u00c9l acostumbraba a presentarse como miembro ... Read More","og_url":"http:\/\/vincentians.com\/es\/p-enrique-rodriguez-paniagua-c-m\/","og_site_name":"Somos Vicencianos","article_publisher":"https:\/\/www.facebook.com\/WeAreVincentians\/","article_published_time":"2014-10-25T06:19:37+00:00","article_modified_time":"2016-07-27T10:06:47+00:00","og_image":[{"width":1200,"height":630,"url":"https:\/\/i0.wp.com\/vincentians.com\/es\/wp-content\/uploads\/sites\/11\/2016\/07\/bio-cm.jpg?fit=1200%2C630","type":"image\/jpeg"}],"author":"Mitxel Olabu\u00e9naga","twitter_card":"summary_large_image","twitter_creator":"@WeVincentians","twitter_site":"@WeVincentians","twitter_misc":{"Escrito por":"Mitxel Olabu\u00e9naga","Tiempo de lectura":"4 minutos"},"schema":{"@context":"https:\/\/schema.org","@graph":[{"@type":"Article","@id":"http:\/\/vincentians.com\/es\/p-enrique-rodriguez-paniagua-c-m\/#article","isPartOf":{"@id":"http:\/\/vincentians.com\/es\/p-enrique-rodriguez-paniagua-c-m\/"},"author":{"name":"Mitxel Olabu\u00e9naga","@id":"http:\/\/vincentians.com\/es\/#\/schema\/person\/7c2670b4445a7ca9d164ea6acdb31859"},"headline":"P. Enrique Rodr\u00edguez Paniagua, C.M.","datePublished":"2014-10-25T06:19:37+00:00","dateModified":"2016-07-27T10:06:47+00:00","mainEntityOfPage":{"@id":"http:\/\/vincentians.com\/es\/p-enrique-rodriguez-paniagua-c-m\/"},"wordCount":750,"commentCount":0,"publisher":{"@id":"http:\/\/vincentians.com\/es\/#organization"},"image":{"@id":"http:\/\/vincentians.com\/es\/p-enrique-rodriguez-paniagua-c-m\/#primaryimage"},"thumbnailUrl":"https:\/\/i0.wp.com\/vincentians.com\/es\/wp-content\/uploads\/sites\/11\/2016\/07\/bio-cm.jpg?fit=1200%2C630","articleSection":["Biograf\u00edas de Misioneros Pa\u00fales"],"inLanguage":"es","potentialAction":[{"@type":"CommentAction","name":"Comment","target":["http:\/\/vincentians.com\/es\/p-enrique-rodriguez-paniagua-c-m\/#respond"]}]},{"@type":"WebPage","@id":"http:\/\/vincentians.com\/es\/p-enrique-rodriguez-paniagua-c-m\/","url":"http:\/\/vincentians.com\/es\/p-enrique-rodriguez-paniagua-c-m\/","name":"P. Enrique Rodr\u00edguez Paniagua, C.M. - Somos Vicencianos","isPartOf":{"@id":"http:\/\/vincentians.com\/es\/#website"},"primaryImageOfPage":{"@id":"http:\/\/vincentians.com\/es\/p-enrique-rodriguez-paniagua-c-m\/#primaryimage"},"image":{"@id":"http:\/\/vincentians.com\/es\/p-enrique-rodriguez-paniagua-c-m\/#primaryimage"},"thumbnailUrl":"https:\/\/i0.wp.com\/vincentians.com\/es\/wp-content\/uploads\/sites\/11\/2016\/07\/bio-cm.jpg?fit=1200%2C630","datePublished":"2014-10-25T06:19:37+00:00","dateModified":"2016-07-27T10:06:47+00:00","breadcrumb":{"@id":"http:\/\/vincentians.com\/es\/p-enrique-rodriguez-paniagua-c-m\/#breadcrumb"},"inLanguage":"es","potentialAction":[{"@type":"ReadAction","target":["http:\/\/vincentians.com\/es\/p-enrique-rodriguez-paniagua-c-m\/"]}]},{"@type":"ImageObject","inLanguage":"es","@id":"http:\/\/vincentians.com\/es\/p-enrique-rodriguez-paniagua-c-m\/#primaryimage","url":"https:\/\/i0.wp.com\/vincentians.com\/es\/wp-content\/uploads\/sites\/11\/2016\/07\/bio-cm.jpg?fit=1200%2C630","contentUrl":"https:\/\/i0.wp.com\/vincentians.com\/es\/wp-content\/uploads\/sites\/11\/2016\/07\/bio-cm.jpg?fit=1200%2C630","width":1200,"height":630},{"@type":"BreadcrumbList","@id":"http:\/\/vincentians.com\/es\/p-enrique-rodriguez-paniagua-c-m\/#breadcrumb","itemListElement":[{"@type":"ListItem","position":1,"name":"Portada","item":"http:\/\/vincentians.com\/es\/"},{"@type":"ListItem","position":2,"name":"P. Enrique Rodr\u00edguez Paniagua, C.M."}]},{"@type":"WebSite","@id":"http:\/\/vincentians.com\/es\/#website","url":"http:\/\/vincentians.com\/es\/","name":"Somos Vicencianos","description":"Know more to serve more","publisher":{"@id":"http:\/\/vincentians.com\/es\/#organization"},"potentialAction":[{"@type":"SearchAction","target":{"@type":"EntryPoint","urlTemplate":"http:\/\/vincentians.com\/es\/?s={search_term_string}"},"query-input":{"@type":"PropertyValueSpecification","valueRequired":true,"valueName":"search_term_string"}}],"inLanguage":"es"},{"@type":"Organization","@id":"http:\/\/vincentians.com\/es\/#organization","name":"The Vincentian Network","url":"http:\/\/vincentians.com\/es\/","logo":{"@type":"ImageObject","inLanguage":"es","@id":"http:\/\/vincentians.com\/es\/#\/schema\/logo\/image\/","url":"https:\/\/i1.wp.com\/vincentians.com\/es\/wp-content\/uploads\/sites\/11\/2016\/06\/Vincentian-Network-logo-big.png?fit=778%2C778","contentUrl":"https:\/\/i1.wp.com\/vincentians.com\/es\/wp-content\/uploads\/sites\/11\/2016\/06\/Vincentian-Network-logo-big.png?fit=778%2C778","width":778,"height":778,"caption":"The Vincentian Network"},"image":{"@id":"http:\/\/vincentians.com\/es\/#\/schema\/logo\/image\/"},"sameAs":["https:\/\/www.facebook.com\/WeAreVincentians\/","https:\/\/x.com\/WeVincentians"]},{"@type":"Person","@id":"http:\/\/vincentians.com\/es\/#\/schema\/person\/7c2670b4445a7ca9d164ea6acdb31859","name":"Mitxel Olabu\u00e9naga","image":{"@type":"ImageObject","inLanguage":"es","@id":"http:\/\/vincentians.com\/es\/#\/schema\/person\/image\/","url":"https:\/\/secure.gravatar.com\/avatar\/34137ec2e2b8939cbbed975731e71f3f4f1defc7266ded337a5ce0f925426877?s=96&d=mm&r=g","contentUrl":"https:\/\/secure.gravatar.com\/avatar\/34137ec2e2b8939cbbed975731e71f3f4f1defc7266ded337a5ce0f925426877?s=96&d=mm&r=g","caption":"Mitxel Olabu\u00e9naga"},"url":"http:\/\/vincentians.com\/es\/author\/mitxel\/"}]}},"jetpack_publicize_connections":[],"jetpack_featured_media_url":"https:\/\/i0.wp.com\/vincentians.com\/es\/wp-content\/uploads\/sites\/11\/2016\/07\/bio-cm.jpg?fit=1200%2C630","jetpack_sharing_enabled":true,"jetpack_shortlink":"https:\/\/wp.me\/p7ETMF-yev","jetpack-related-posts":[{"id":131075,"url":"http:\/\/vincentians.com\/es\/p-enrique-rodriguez-paniagua-c-m-1922-2014\/","url_meta":{"origin":131595,"position":0},"title":"P. Enrique Rodr\u00edguez Paniagua, C.M. (1922-2014)","author":"Mitxel Olabu\u00e9naga","date":"22\/08\/2014","format":false,"excerpt":"El d\u00eda 28 de abril de 2014, a los 92 a\u00f1os, falleci\u00f3 en Salamanca el E Enrique Rodr\u00edguez Paniagua, que en paz descanse. EN MEMORIA DE ENRIQUE R. PANIAGUA (Recuerdos adolescentes) Efr\u00e9n Abad, C.M. a muerte del P. Enrique Rodr\u00edguez Paniagua deja hu\u00e9rfana a toda Luna generaci\u00f3n de disc\u00edpulos suyos.\u2026","rel":"","context":"En \u00abBiograf\u00edas de Misioneros Pa\u00fales\u00bb","block_context":{"text":"Biograf\u00edas de Misioneros Pa\u00fales","link":"http:\/\/vincentians.com\/es\/category\/la-familia-vicenciana\/biografias-vicencianas\/biografias-de-misioneros-paules\/"},"img":{"alt_text":"","src":"https:\/\/i0.wp.com\/vincentians.com\/es\/wp-content\/uploads\/sites\/11\/2016\/07\/bio-cm.jpg?fit=1200%2C630&resize=350%2C200","width":350,"height":200,"srcset":"https:\/\/i0.wp.com\/vincentians.com\/es\/wp-content\/uploads\/sites\/11\/2016\/07\/bio-cm.jpg?fit=1200%2C630&resize=350%2C200 1x, https:\/\/i0.wp.com\/vincentians.com\/es\/wp-content\/uploads\/sites\/11\/2016\/07\/bio-cm.jpg?fit=1200%2C630&resize=525%2C300 1.5x, https:\/\/i0.wp.com\/vincentians.com\/es\/wp-content\/uploads\/sites\/11\/2016\/07\/bio-cm.jpg?fit=1200%2C630&resize=700%2C400 2x, https:\/\/i0.wp.com\/vincentians.com\/es\/wp-content\/uploads\/sites\/11\/2016\/07\/bio-cm.jpg?fit=1200%2C630&resize=1050%2C600 3x"},"classes":[]},{"id":129788,"url":"http:\/\/vincentians.com\/es\/p-manuel-gonzalez-ruiz\/","url_meta":{"origin":131595,"position":1},"title":"P. Manuel Gonz\u00e1lez Ruiz","author":"Mitxel Olabu\u00e9naga","date":"28\/03\/2014","format":false,"excerpt":"El d\u00eda de Ntra. del Carmen, 16 de julio de 2010, en la enfermer\u00eda de los Padres Pa\u00fales de Santa Marta de Tormes, Salamanca, a las 15,45, el P. Manuel Gonz\u00e1lez Ruiz, nos dej\u00f3 para entrar en la casa del Padre, despu\u00e9s de casi cuatro a\u00f1os de situaci\u00f3n de dependencia\u2026","rel":"","context":"En \u00abBiograf\u00edas de Misioneros Pa\u00fales\u00bb","block_context":{"text":"Biograf\u00edas de Misioneros Pa\u00fales","link":"http:\/\/vincentians.com\/es\/category\/la-familia-vicenciana\/biografias-vicencianas\/biografias-de-misioneros-paules\/"},"img":{"alt_text":"","src":"https:\/\/i0.wp.com\/vincentians.com\/es\/wp-content\/uploads\/sites\/11\/2016\/07\/bio-cm.jpg?fit=1200%2C630&resize=350%2C200","width":350,"height":200,"srcset":"https:\/\/i0.wp.com\/vincentians.com\/es\/wp-content\/uploads\/sites\/11\/2016\/07\/bio-cm.jpg?fit=1200%2C630&resize=350%2C200 1x, https:\/\/i0.wp.com\/vincentians.com\/es\/wp-content\/uploads\/sites\/11\/2016\/07\/bio-cm.jpg?fit=1200%2C630&resize=525%2C300 1.5x, https:\/\/i0.wp.com\/vincentians.com\/es\/wp-content\/uploads\/sites\/11\/2016\/07\/bio-cm.jpg?fit=1200%2C630&resize=700%2C400 2x, https:\/\/i0.wp.com\/vincentians.com\/es\/wp-content\/uploads\/sites\/11\/2016\/07\/bio-cm.jpg?fit=1200%2C630&resize=1050%2C600 3x"},"classes":[]},{"id":39656,"url":"http:\/\/vincentians.com\/es\/misiones-populares-en-espana-1975-2000-1977\/","url_meta":{"origin":131595,"position":2},"title":"Misiones populares en Espa\u00f1a, 1975-2000: 1977","author":"Francisco Javier Fern\u00e1ndez Chento","date":"28\/09\/2014","format":false,"excerpt":"1977 1.- SAN MART\u00cdN DEL TESORILLO (C\u00e1diz) y EL SECADERO (M\u00e1laga): 4-13 febrero. PP. Antonio Fern\u00e1ndez Maside, Miguel P\u00e9rez Flores y Alberto L\u00f3pez S\u00e1nchez. Junto con dos HH. de la C. Amplio estudio de Antonio Fern\u00e1ndez Maside sobre las Misiones Populares Hoy. 2.- MALPARTIDA DE C\u00c1CERES (C\u00e1ceres): 23-30 Febrero. PP.\u2026","rel":"","context":"En \u00abMisiones \u00abAd gentes\u00bb\u00bb","block_context":{"text":"Misiones \u00abAd gentes\u00bb","link":"http:\/\/vincentians.com\/es\/category\/servicios-y-ministerios\/misiones-ad-gentes\/"},"img":{"alt_text":"","src":"","width":0,"height":0},"classes":[]},{"id":127861,"url":"http:\/\/vincentians.com\/es\/enrique-lopez-rodriguez\/","url_meta":{"origin":131595,"position":3},"title":"Enrique L\u00f3pez Rodr\u00edguez","author":"Mitxel Olabu\u00e9naga","date":"29\/01\/2014","format":false,"excerpt":"El P. Enrique naci\u00f3 el 4 de noviembre del a\u00f1o 1916 en Poedo, Orense. Sus padres fueron: D. Gabriel \u00a0y D\u00f1\u00aa Esperanza. \u00a0Recibi\u00f3 el sacramento del Bautismo, en la Parroquia de \"Santa Mar\u00eda\", el d\u00eda 7 del mismo mes. \u00a0La Confirmaci\u00f3n, el 3o de mayo de 1919. \u00a0Ingres\u00f3 en la\u2026","rel":"","context":"En \u00abBiograf\u00edas de Misioneros Pa\u00fales\u00bb","block_context":{"text":"Biograf\u00edas de Misioneros Pa\u00fales","link":"http:\/\/vincentians.com\/es\/category\/la-familia-vicenciana\/biografias-vicencianas\/biografias-de-misioneros-paules\/"},"img":{"alt_text":"","src":"https:\/\/i0.wp.com\/vincentians.com\/es\/wp-content\/uploads\/sites\/11\/2016\/07\/bio-cm.jpg?fit=1200%2C630&resize=350%2C200","width":350,"height":200,"srcset":"https:\/\/i0.wp.com\/vincentians.com\/es\/wp-content\/uploads\/sites\/11\/2016\/07\/bio-cm.jpg?fit=1200%2C630&resize=350%2C200 1x, https:\/\/i0.wp.com\/vincentians.com\/es\/wp-content\/uploads\/sites\/11\/2016\/07\/bio-cm.jpg?fit=1200%2C630&resize=525%2C300 1.5x, https:\/\/i0.wp.com\/vincentians.com\/es\/wp-content\/uploads\/sites\/11\/2016\/07\/bio-cm.jpg?fit=1200%2C630&resize=700%2C400 2x, https:\/\/i0.wp.com\/vincentians.com\/es\/wp-content\/uploads\/sites\/11\/2016\/07\/bio-cm.jpg?fit=1200%2C630&resize=1050%2C600 3x"},"classes":[]},{"id":128941,"url":"http:\/\/vincentians.com\/es\/angel-bermejo-rodriguez\/","url_meta":{"origin":131595,"position":4},"title":"\u00c1ngel Bermejo Rodr\u00edguez","author":"Mitxel Olabu\u00e9naga","date":"21\/02\/2014","format":false,"excerpt":"El P. \u00c1ngel Bermejo naci\u00f3 el 29 de junio de 1925 en Bilbao (Vizcaya). Sus padres fueron: D. Pedro y D\u00f1\u00aa Nic\u00e9fora. Al d\u00eda siguiente, fue bautizado en la parroquia: \"Santos Juanes\", de esta misma Ciudad. La confirmaci\u00f3n la recibi\u00f3 el 14 de mayo. Ingres\u00f3 en la Congregaci\u00f3n de la\u2026","rel":"","context":"En \u00abBiograf\u00edas de Misioneros Pa\u00fales\u00bb","block_context":{"text":"Biograf\u00edas de Misioneros Pa\u00fales","link":"http:\/\/vincentians.com\/es\/category\/la-familia-vicenciana\/biografias-vicencianas\/biografias-de-misioneros-paules\/"},"img":{"alt_text":"","src":"https:\/\/i0.wp.com\/vincentians.com\/es\/wp-content\/uploads\/sites\/11\/2016\/07\/bio-cm.jpg?fit=1200%2C630&resize=350%2C200","width":350,"height":200,"srcset":"https:\/\/i0.wp.com\/vincentians.com\/es\/wp-content\/uploads\/sites\/11\/2016\/07\/bio-cm.jpg?fit=1200%2C630&resize=350%2C200 1x, https:\/\/i0.wp.com\/vincentians.com\/es\/wp-content\/uploads\/sites\/11\/2016\/07\/bio-cm.jpg?fit=1200%2C630&resize=525%2C300 1.5x, https:\/\/i0.wp.com\/vincentians.com\/es\/wp-content\/uploads\/sites\/11\/2016\/07\/bio-cm.jpg?fit=1200%2C630&resize=700%2C400 2x, https:\/\/i0.wp.com\/vincentians.com\/es\/wp-content\/uploads\/sites\/11\/2016\/07\/bio-cm.jpg?fit=1200%2C630&resize=1050%2C600 3x"},"classes":[]},{"id":95854,"url":"http:\/\/vincentians.com\/es\/manuel-gonzalez-ruiz\/","url_meta":{"origin":131595,"position":5},"title":"Manuel Gonz\u00e1lez Ruiz","author":"Mitxel Olabu\u00e9naga","date":"03\/09\/2012","format":false,"excerpt":"El d\u00eda de Ntra. Se\u00f1ora del Carmen, 16 de julio de 2010, en la enfermer\u00eda de los Padres Pa\u00fales de Santa Marta de Tormes, Salamanca, a las 15'45, el P. Manuel Gonz\u00e1lez Ruiz (1922-2010) nos dej\u00f3 para entrar en la casa del Padre, despu\u00e9s de casi cuatro a\u00f1os de situaci\u00f3n\u2026","rel":"","context":"En \u00abBiograf\u00edas de Misioneros Pa\u00fales\u00bb","block_context":{"text":"Biograf\u00edas de Misioneros Pa\u00fales","link":"http:\/\/vincentians.com\/es\/category\/la-familia-vicenciana\/biografias-vicencianas\/biografias-de-misioneros-paules\/"},"img":{"alt_text":"","src":"https:\/\/i0.wp.com\/vincentians.com\/es\/wp-content\/uploads\/sites\/11\/2016\/07\/bio-cm.jpg?fit=1200%2C630&resize=350%2C200","width":350,"height":200,"srcset":"https:\/\/i0.wp.com\/vincentians.com\/es\/wp-content\/uploads\/sites\/11\/2016\/07\/bio-cm.jpg?fit=1200%2C630&resize=350%2C200 1x, https:\/\/i0.wp.com\/vincentians.com\/es\/wp-content\/uploads\/sites\/11\/2016\/07\/bio-cm.jpg?fit=1200%2C630&resize=525%2C300 1.5x, https:\/\/i0.wp.com\/vincentians.com\/es\/wp-content\/uploads\/sites\/11\/2016\/07\/bio-cm.jpg?fit=1200%2C630&resize=700%2C400 2x, https:\/\/i0.wp.com\/vincentians.com\/es\/wp-content\/uploads\/sites\/11\/2016\/07\/bio-cm.jpg?fit=1200%2C630&resize=1050%2C600 3x"},"classes":[]}],"_links":{"self":[{"href":"http:\/\/vincentians.com\/es\/wp-json\/wp\/v2\/posts\/131595","targetHints":{"allow":["GET"]}}],"collection":[{"href":"http:\/\/vincentians.com\/es\/wp-json\/wp\/v2\/posts"}],"about":[{"href":"http:\/\/vincentians.com\/es\/wp-json\/wp\/v2\/types\/post"}],"author":[{"embeddable":true,"href":"http:\/\/vincentians.com\/es\/wp-json\/wp\/v2\/users\/5"}],"replies":[{"embeddable":true,"href":"http:\/\/vincentians.com\/es\/wp-json\/wp\/v2\/comments?post=131595"}],"version-history":[{"count":0,"href":"http:\/\/vincentians.com\/es\/wp-json\/wp\/v2\/posts\/131595\/revisions"}],"wp:featuredmedia":[{"embeddable":true,"href":"http:\/\/vincentians.com\/es\/wp-json\/wp\/v2\/media\/391249"}],"wp:attachment":[{"href":"http:\/\/vincentians.com\/es\/wp-json\/wp\/v2\/media?parent=131595"}],"wp:term":[{"taxonomy":"category","embeddable":true,"href":"http:\/\/vincentians.com\/es\/wp-json\/wp\/v2\/categories?post=131595"},{"taxonomy":"post_tag","embeddable":true,"href":"http:\/\/vincentians.com\/es\/wp-json\/wp\/v2\/tags?post=131595"}],"curies":[{"name":"wp","href":"https:\/\/api.w.org\/{rel}","templated":true}]}}