{"id":131435,"date":"2014-10-13T19:23:08","date_gmt":"2014-10-13T17:23:08","guid":{"rendered":"http:\/\/somos.vicencianos.org\/?p=131435"},"modified":"2016-07-27T12:05:42","modified_gmt":"2016-07-27T10:05:42","slug":"bustillo-gonzalez-juan","status":"publish","type":"post","link":"http:\/\/vincentians.com\/es\/bustillo-gonzalez-juan\/","title":{"rendered":"BUSTILLO GONZALEZ, JUAN"},"content":{"rendered":"<p style=\"text-align: justify\"><a href=\"http:\/\/vicencianos.org\/blog\/antoine-morando-1650-1694\/biografias-paules-346\/\" rel=\"attachment wp-att-130116\"><img data-recalc-dims=\"1\" loading=\"lazy\" decoding=\"async\" class=\"alignleft size-full wp-image-130116\" src=\"https:\/\/i0.wp.com\/vicencianos.org\/wp-content\/2011\/03\/Biografias-Pa%C3%BAles.jpg?resize=232%2C300\" alt=\"Biografias Pa\u00fales\" width=\"232\" height=\"300\" \/><\/a>Nacimiento: 11.11.1855 en Parres, Asturias \/ Fecha de vocaci\u00f3n: 1.2.1875 en Valenciana el 1.2.1875 \/ Votos perpetuos: 2.2.1877, ante el P. Boquet \/ Fecha de ordenaci\u00f3n: 25.2.1880 en Morelia.<br \/>\nDESTINOS: P\u00e1tzcuaro 1879 \/ M\u00e9xico-Mascarones 1882 \/ M\u00e9xico-San Lorenzo-Monterrey-Puebla 1884-1885. Recibi\u00f3 el \u00abdimittimus\u00bb el 31.8.1885. (Ver cap\u00edtulo 16: P\u00e1tzcuaro-segunda \u00e9poca).<\/p>\n","protected":false},"excerpt":{"rendered":"<p>Nacimiento: 11.11.1855 en Parres, Asturias \/ Fecha de vocaci\u00f3n: 1.2.1875 en Valenciana el 1.2.1875 \/ Votos perpetuos: 2.2.1877, ante el P. Boquet \/ Fecha de ordenaci\u00f3n: 25.2.1880 en Morelia. DESTINOS: P\u00e1tzcuaro 1879 \/ M\u00e9xico-Mascarones 1882 &#8230; <a href=\"http:\/\/vincentians.com\/es\/bustillo-gonzalez-juan\/\" class=\"more-link\">Read More<\/a><\/p>\n","protected":false},"author":5,"featured_media":391164,"comment_status":"open","ping_status":"open","sticky":false,"template":"","format":"standard","meta":{"jetpack_post_was_ever_published":false,"_jetpack_newsletter_access":"","_jetpack_dont_email_post_to_subs":false,"_jetpack_newsletter_tier_id":0,"_jetpack_memberships_contains_paywalled_content":false,"_jetpack_memberships_contains_paid_content":false,"footnotes":"","jetpack_publicize_message":"","jetpack_publicize_feature_enabled":true,"jetpack_social_post_already_shared":true,"jetpack_social_options":{"image_generator_settings":{"template":"highway","default_image_id":0,"font":"","enabled":false},"version":2}},"categories":[14],"tags":[],"class_list":["post-131435","post","type-post","status-publish","format-standard","has-post-thumbnail","hentry","category-biografias-de-hijas-de-la-caridad"],"yoast_head":"<!-- This site is optimized with the Yoast SEO plugin v26.3 - https:\/\/yoast.com\/wordpress\/plugins\/seo\/ -->\n<title>BUSTILLO GONZALEZ, JUAN - Somos Vicencianos<\/title>\n<meta name=\"robots\" content=\"index, follow, max-snippet:-1, max-image-preview:large, max-video-preview:-1\" \/>\n<link rel=\"canonical\" href=\"http:\/\/vincentians.com\/es\/bustillo-gonzalez-juan\/\" \/>\n<meta property=\"og:locale\" content=\"es_ES\" \/>\n<meta property=\"og:type\" content=\"article\" \/>\n<meta property=\"og:title\" content=\"BUSTILLO GONZALEZ, JUAN - Somos Vicencianos\" \/>\n<meta property=\"og:description\" content=\"Nacimiento: 11.11.1855 en Parres, Asturias \/ Fecha de vocaci\u00f3n: 1.2.1875 en Valenciana el 1.2.1875 \/ Votos perpetuos: 2.2.1877, ante el P. Boquet \/ Fecha de ordenaci\u00f3n: 25.2.1880 en Morelia. DESTINOS: P\u00e1tzcuaro 1879 \/ M\u00e9xico-Mascarones 1882 ... Read More\" \/>\n<meta property=\"og:url\" content=\"http:\/\/vincentians.com\/es\/bustillo-gonzalez-juan\/\" \/>\n<meta property=\"og:site_name\" content=\"Somos Vicencianos\" \/>\n<meta property=\"article:publisher\" content=\"https:\/\/www.facebook.com\/WeAreVincentians\/\" \/>\n<meta property=\"article:published_time\" content=\"2014-10-13T17:23:08+00:00\" \/>\n<meta property=\"article:modified_time\" content=\"2016-07-27T10:05:42+00:00\" \/>\n<meta property=\"og:image\" content=\"https:\/\/i0.wp.com\/vincentians.com\/es\/wp-content\/uploads\/sites\/11\/2016\/07\/bio-hc.jpg?fit=1200%2C630\" \/>\n\t<meta property=\"og:image:width\" content=\"1200\" \/>\n\t<meta property=\"og:image:height\" content=\"630\" \/>\n\t<meta property=\"og:image:type\" content=\"image\/jpeg\" \/>\n<meta name=\"author\" content=\"Mitxel Olabu\u00e9naga\" \/>\n<meta name=\"twitter:card\" content=\"summary_large_image\" \/>\n<meta name=\"twitter:creator\" content=\"@WeVincentians\" \/>\n<meta name=\"twitter:site\" content=\"@WeVincentians\" \/>\n<meta name=\"twitter:label1\" content=\"Escrito por\" \/>\n\t<meta name=\"twitter:data1\" content=\"Mitxel Olabu\u00e9naga\" \/>\n<script type=\"application\/ld+json\" class=\"yoast-schema-graph\">{\"@context\":\"https:\/\/schema.org\",\"@graph\":[{\"@type\":\"Article\",\"@id\":\"http:\/\/vincentians.com\/es\/bustillo-gonzalez-juan\/#article\",\"isPartOf\":{\"@id\":\"http:\/\/vincentians.com\/es\/bustillo-gonzalez-juan\/\"},\"author\":{\"name\":\"Mitxel Olabu\u00e9naga\",\"@id\":\"http:\/\/vincentians.com\/es\/#\/schema\/person\/7c2670b4445a7ca9d164ea6acdb31859\"},\"headline\":\"BUSTILLO GONZALEZ, JUAN\",\"datePublished\":\"2014-10-13T17:23:08+00:00\",\"dateModified\":\"2016-07-27T10:05:42+00:00\",\"mainEntityOfPage\":{\"@id\":\"http:\/\/vincentians.com\/es\/bustillo-gonzalez-juan\/\"},\"wordCount\":45,\"commentCount\":0,\"publisher\":{\"@id\":\"http:\/\/vincentians.com\/es\/#organization\"},\"image\":{\"@id\":\"http:\/\/vincentians.com\/es\/bustillo-gonzalez-juan\/#primaryimage\"},\"thumbnailUrl\":\"https:\/\/i0.wp.com\/vincentians.com\/es\/wp-content\/uploads\/sites\/11\/2016\/07\/bio-hc.jpg?fit=1200%2C630\",\"articleSection\":[\"Biograf\u00edas de Hijas de la Caridad\"],\"inLanguage\":\"es\",\"potentialAction\":[{\"@type\":\"CommentAction\",\"name\":\"Comment\",\"target\":[\"http:\/\/vincentians.com\/es\/bustillo-gonzalez-juan\/#respond\"]}]},{\"@type\":\"WebPage\",\"@id\":\"http:\/\/vincentians.com\/es\/bustillo-gonzalez-juan\/\",\"url\":\"http:\/\/vincentians.com\/es\/bustillo-gonzalez-juan\/\",\"name\":\"BUSTILLO GONZALEZ, JUAN - Somos Vicencianos\",\"isPartOf\":{\"@id\":\"http:\/\/vincentians.com\/es\/#website\"},\"primaryImageOfPage\":{\"@id\":\"http:\/\/vincentians.com\/es\/bustillo-gonzalez-juan\/#primaryimage\"},\"image\":{\"@id\":\"http:\/\/vincentians.com\/es\/bustillo-gonzalez-juan\/#primaryimage\"},\"thumbnailUrl\":\"https:\/\/i0.wp.com\/vincentians.com\/es\/wp-content\/uploads\/sites\/11\/2016\/07\/bio-hc.jpg?fit=1200%2C630\",\"datePublished\":\"2014-10-13T17:23:08+00:00\",\"dateModified\":\"2016-07-27T10:05:42+00:00\",\"breadcrumb\":{\"@id\":\"http:\/\/vincentians.com\/es\/bustillo-gonzalez-juan\/#breadcrumb\"},\"inLanguage\":\"es\",\"potentialAction\":[{\"@type\":\"ReadAction\",\"target\":[\"http:\/\/vincentians.com\/es\/bustillo-gonzalez-juan\/\"]}]},{\"@type\":\"ImageObject\",\"inLanguage\":\"es\",\"@id\":\"http:\/\/vincentians.com\/es\/bustillo-gonzalez-juan\/#primaryimage\",\"url\":\"https:\/\/i0.wp.com\/vincentians.com\/es\/wp-content\/uploads\/sites\/11\/2016\/07\/bio-hc.jpg?fit=1200%2C630\",\"contentUrl\":\"https:\/\/i0.wp.com\/vincentians.com\/es\/wp-content\/uploads\/sites\/11\/2016\/07\/bio-hc.jpg?fit=1200%2C630\",\"width\":1200,\"height\":630},{\"@type\":\"BreadcrumbList\",\"@id\":\"http:\/\/vincentians.com\/es\/bustillo-gonzalez-juan\/#breadcrumb\",\"itemListElement\":[{\"@type\":\"ListItem\",\"position\":1,\"name\":\"Portada\",\"item\":\"http:\/\/vincentians.com\/es\/\"},{\"@type\":\"ListItem\",\"position\":2,\"name\":\"BUSTILLO GONZALEZ, JUAN\"}]},{\"@type\":\"WebSite\",\"@id\":\"http:\/\/vincentians.com\/es\/#website\",\"url\":\"http:\/\/vincentians.com\/es\/\",\"name\":\"Somos Vicencianos\",\"description\":\"Know more to serve more\",\"publisher\":{\"@id\":\"http:\/\/vincentians.com\/es\/#organization\"},\"potentialAction\":[{\"@type\":\"SearchAction\",\"target\":{\"@type\":\"EntryPoint\",\"urlTemplate\":\"http:\/\/vincentians.com\/es\/?s={search_term_string}\"},\"query-input\":{\"@type\":\"PropertyValueSpecification\",\"valueRequired\":true,\"valueName\":\"search_term_string\"}}],\"inLanguage\":\"es\"},{\"@type\":\"Organization\",\"@id\":\"http:\/\/vincentians.com\/es\/#organization\",\"name\":\"The Vincentian Network\",\"url\":\"http:\/\/vincentians.com\/es\/\",\"logo\":{\"@type\":\"ImageObject\",\"inLanguage\":\"es\",\"@id\":\"http:\/\/vincentians.com\/es\/#\/schema\/logo\/image\/\",\"url\":\"https:\/\/i1.wp.com\/vincentians.com\/es\/wp-content\/uploads\/sites\/11\/2016\/06\/Vincentian-Network-logo-big.png?fit=778%2C778\",\"contentUrl\":\"https:\/\/i1.wp.com\/vincentians.com\/es\/wp-content\/uploads\/sites\/11\/2016\/06\/Vincentian-Network-logo-big.png?fit=778%2C778\",\"width\":778,\"height\":778,\"caption\":\"The Vincentian Network\"},\"image\":{\"@id\":\"http:\/\/vincentians.com\/es\/#\/schema\/logo\/image\/\"},\"sameAs\":[\"https:\/\/www.facebook.com\/WeAreVincentians\/\",\"https:\/\/x.com\/WeVincentians\"]},{\"@type\":\"Person\",\"@id\":\"http:\/\/vincentians.com\/es\/#\/schema\/person\/7c2670b4445a7ca9d164ea6acdb31859\",\"name\":\"Mitxel Olabu\u00e9naga\",\"image\":{\"@type\":\"ImageObject\",\"inLanguage\":\"es\",\"@id\":\"http:\/\/vincentians.com\/es\/#\/schema\/person\/image\/\",\"url\":\"https:\/\/secure.gravatar.com\/avatar\/34137ec2e2b8939cbbed975731e71f3f4f1defc7266ded337a5ce0f925426877?s=96&d=mm&r=g\",\"contentUrl\":\"https:\/\/secure.gravatar.com\/avatar\/34137ec2e2b8939cbbed975731e71f3f4f1defc7266ded337a5ce0f925426877?s=96&d=mm&r=g\",\"caption\":\"Mitxel Olabu\u00e9naga\"},\"url\":\"http:\/\/vincentians.com\/es\/author\/mitxel\/\"}]}<\/script>\n<!-- \/ Yoast SEO plugin. -->","yoast_head_json":{"title":"BUSTILLO GONZALEZ, JUAN - Somos Vicencianos","robots":{"index":"index","follow":"follow","max-snippet":"max-snippet:-1","max-image-preview":"max-image-preview:large","max-video-preview":"max-video-preview:-1"},"canonical":"http:\/\/vincentians.com\/es\/bustillo-gonzalez-juan\/","og_locale":"es_ES","og_type":"article","og_title":"BUSTILLO GONZALEZ, JUAN - Somos Vicencianos","og_description":"Nacimiento: 11.11.1855 en Parres, Asturias \/ Fecha de vocaci\u00f3n: 1.2.1875 en Valenciana el 1.2.1875 \/ Votos perpetuos: 2.2.1877, ante el P. Boquet \/ Fecha de ordenaci\u00f3n: 25.2.1880 en Morelia. DESTINOS: P\u00e1tzcuaro 1879 \/ M\u00e9xico-Mascarones 1882 ... Read More","og_url":"http:\/\/vincentians.com\/es\/bustillo-gonzalez-juan\/","og_site_name":"Somos Vicencianos","article_publisher":"https:\/\/www.facebook.com\/WeAreVincentians\/","article_published_time":"2014-10-13T17:23:08+00:00","article_modified_time":"2016-07-27T10:05:42+00:00","og_image":[{"width":1200,"height":630,"url":"https:\/\/i0.wp.com\/vincentians.com\/es\/wp-content\/uploads\/sites\/11\/2016\/07\/bio-hc.jpg?fit=1200%2C630","type":"image\/jpeg"}],"author":"Mitxel Olabu\u00e9naga","twitter_card":"summary_large_image","twitter_creator":"@WeVincentians","twitter_site":"@WeVincentians","twitter_misc":{"Escrito por":"Mitxel Olabu\u00e9naga"},"schema":{"@context":"https:\/\/schema.org","@graph":[{"@type":"Article","@id":"http:\/\/vincentians.com\/es\/bustillo-gonzalez-juan\/#article","isPartOf":{"@id":"http:\/\/vincentians.com\/es\/bustillo-gonzalez-juan\/"},"author":{"name":"Mitxel Olabu\u00e9naga","@id":"http:\/\/vincentians.com\/es\/#\/schema\/person\/7c2670b4445a7ca9d164ea6acdb31859"},"headline":"BUSTILLO GONZALEZ, JUAN","datePublished":"2014-10-13T17:23:08+00:00","dateModified":"2016-07-27T10:05:42+00:00","mainEntityOfPage":{"@id":"http:\/\/vincentians.com\/es\/bustillo-gonzalez-juan\/"},"wordCount":45,"commentCount":0,"publisher":{"@id":"http:\/\/vincentians.com\/es\/#organization"},"image":{"@id":"http:\/\/vincentians.com\/es\/bustillo-gonzalez-juan\/#primaryimage"},"thumbnailUrl":"https:\/\/i0.wp.com\/vincentians.com\/es\/wp-content\/uploads\/sites\/11\/2016\/07\/bio-hc.jpg?fit=1200%2C630","articleSection":["Biograf\u00edas de Hijas de la Caridad"],"inLanguage":"es","potentialAction":[{"@type":"CommentAction","name":"Comment","target":["http:\/\/vincentians.com\/es\/bustillo-gonzalez-juan\/#respond"]}]},{"@type":"WebPage","@id":"http:\/\/vincentians.com\/es\/bustillo-gonzalez-juan\/","url":"http:\/\/vincentians.com\/es\/bustillo-gonzalez-juan\/","name":"BUSTILLO GONZALEZ, JUAN - Somos Vicencianos","isPartOf":{"@id":"http:\/\/vincentians.com\/es\/#website"},"primaryImageOfPage":{"@id":"http:\/\/vincentians.com\/es\/bustillo-gonzalez-juan\/#primaryimage"},"image":{"@id":"http:\/\/vincentians.com\/es\/bustillo-gonzalez-juan\/#primaryimage"},"thumbnailUrl":"https:\/\/i0.wp.com\/vincentians.com\/es\/wp-content\/uploads\/sites\/11\/2016\/07\/bio-hc.jpg?fit=1200%2C630","datePublished":"2014-10-13T17:23:08+00:00","dateModified":"2016-07-27T10:05:42+00:00","breadcrumb":{"@id":"http:\/\/vincentians.com\/es\/bustillo-gonzalez-juan\/#breadcrumb"},"inLanguage":"es","potentialAction":[{"@type":"ReadAction","target":["http:\/\/vincentians.com\/es\/bustillo-gonzalez-juan\/"]}]},{"@type":"ImageObject","inLanguage":"es","@id":"http:\/\/vincentians.com\/es\/bustillo-gonzalez-juan\/#primaryimage","url":"https:\/\/i0.wp.com\/vincentians.com\/es\/wp-content\/uploads\/sites\/11\/2016\/07\/bio-hc.jpg?fit=1200%2C630","contentUrl":"https:\/\/i0.wp.com\/vincentians.com\/es\/wp-content\/uploads\/sites\/11\/2016\/07\/bio-hc.jpg?fit=1200%2C630","width":1200,"height":630},{"@type":"BreadcrumbList","@id":"http:\/\/vincentians.com\/es\/bustillo-gonzalez-juan\/#breadcrumb","itemListElement":[{"@type":"ListItem","position":1,"name":"Portada","item":"http:\/\/vincentians.com\/es\/"},{"@type":"ListItem","position":2,"name":"BUSTILLO GONZALEZ, JUAN"}]},{"@type":"WebSite","@id":"http:\/\/vincentians.com\/es\/#website","url":"http:\/\/vincentians.com\/es\/","name":"Somos Vicencianos","description":"Know more to serve more","publisher":{"@id":"http:\/\/vincentians.com\/es\/#organization"},"potentialAction":[{"@type":"SearchAction","target":{"@type":"EntryPoint","urlTemplate":"http:\/\/vincentians.com\/es\/?s={search_term_string}"},"query-input":{"@type":"PropertyValueSpecification","valueRequired":true,"valueName":"search_term_string"}}],"inLanguage":"es"},{"@type":"Organization","@id":"http:\/\/vincentians.com\/es\/#organization","name":"The Vincentian Network","url":"http:\/\/vincentians.com\/es\/","logo":{"@type":"ImageObject","inLanguage":"es","@id":"http:\/\/vincentians.com\/es\/#\/schema\/logo\/image\/","url":"https:\/\/i1.wp.com\/vincentians.com\/es\/wp-content\/uploads\/sites\/11\/2016\/06\/Vincentian-Network-logo-big.png?fit=778%2C778","contentUrl":"https:\/\/i1.wp.com\/vincentians.com\/es\/wp-content\/uploads\/sites\/11\/2016\/06\/Vincentian-Network-logo-big.png?fit=778%2C778","width":778,"height":778,"caption":"The Vincentian Network"},"image":{"@id":"http:\/\/vincentians.com\/es\/#\/schema\/logo\/image\/"},"sameAs":["https:\/\/www.facebook.com\/WeAreVincentians\/","https:\/\/x.com\/WeVincentians"]},{"@type":"Person","@id":"http:\/\/vincentians.com\/es\/#\/schema\/person\/7c2670b4445a7ca9d164ea6acdb31859","name":"Mitxel Olabu\u00e9naga","image":{"@type":"ImageObject","inLanguage":"es","@id":"http:\/\/vincentians.com\/es\/#\/schema\/person\/image\/","url":"https:\/\/secure.gravatar.com\/avatar\/34137ec2e2b8939cbbed975731e71f3f4f1defc7266ded337a5ce0f925426877?s=96&d=mm&r=g","contentUrl":"https:\/\/secure.gravatar.com\/avatar\/34137ec2e2b8939cbbed975731e71f3f4f1defc7266ded337a5ce0f925426877?s=96&d=mm&r=g","caption":"Mitxel Olabu\u00e9naga"},"url":"http:\/\/vincentians.com\/es\/author\/mitxel\/"}]}},"jetpack_publicize_connections":[],"jetpack_featured_media_url":"https:\/\/i0.wp.com\/vincentians.com\/es\/wp-content\/uploads\/sites\/11\/2016\/07\/bio-hc.jpg?fit=1200%2C630","jetpack_sharing_enabled":true,"jetpack_shortlink":"https:\/\/wp.me\/p7ETMF-ybV","jetpack-related-posts":[{"id":130738,"url":"http:\/\/vincentians.com\/es\/arce-sotelo-fidencio\/","url_meta":{"origin":131435,"position":0},"title":"ARCE SOTELO, FIDENCIO","author":"Mitxel Olabu\u00e9naga","date":"04\/07\/2014","format":false,"excerpt":"Nacimiento: 16.11.1859 en Tejupilco, Mex. \/ Fecha de vocaci\u00f3n: 14.8.1878 en Mexico \/ Votos perpetuos: 15.8.1880 en P\u00e1tzcuaro. DESTINOS: P\u00e1tzcuaro \/ M\u00e9xico 10.8.1882 \/ Puebla 17.1.1883. Aqu\u00ed recibi\u00f3 dispensa de los votos (acta CP 24.10.1883).","rel":"","context":"En \u00abBiograf\u00edas de Misioneros Pa\u00fales\u00bb","block_context":{"text":"Biograf\u00edas de Misioneros Pa\u00fales","link":"http:\/\/vincentians.com\/es\/category\/la-familia-vicenciana\/biografias-vicencianas\/biografias-de-misioneros-paules\/"},"img":{"alt_text":"","src":"https:\/\/i0.wp.com\/vincentians.com\/es\/wp-content\/uploads\/sites\/11\/2016\/07\/bio-cm.jpg?fit=1200%2C630&resize=350%2C200","width":350,"height":200,"srcset":"https:\/\/i0.wp.com\/vincentians.com\/es\/wp-content\/uploads\/sites\/11\/2016\/07\/bio-cm.jpg?fit=1200%2C630&resize=350%2C200 1x, https:\/\/i0.wp.com\/vincentians.com\/es\/wp-content\/uploads\/sites\/11\/2016\/07\/bio-cm.jpg?fit=1200%2C630&resize=525%2C300 1.5x, https:\/\/i0.wp.com\/vincentians.com\/es\/wp-content\/uploads\/sites\/11\/2016\/07\/bio-cm.jpg?fit=1200%2C630&resize=700%2C400 2x, https:\/\/i0.wp.com\/vincentians.com\/es\/wp-content\/uploads\/sites\/11\/2016\/07\/bio-cm.jpg?fit=1200%2C630&resize=1050%2C600 3x"},"classes":[]},{"id":130387,"url":"http:\/\/vincentians.com\/es\/alejos-garcia-justo\/","url_meta":{"origin":131435,"position":1},"title":"Alejos Garc\u00eda, Justo","author":"Mitxel Olabu\u00e9naga","date":"10\/05\/2014","format":false,"excerpt":"Nacimiento: 18.7.1836 en San Clemente del Valle, Burgos \/ Fecha de vocaci\u00f3n: 7.6.1860 en Madrid \/ Votos perpetuos: 8.6.1862 \/ Fecha de ordenaci\u00f3n: 12.2.1865 en La Habana. DESTINOS: Lleg\u00f3 a M\u00e9xico procedente de La Habana el 6.9.1882: Monterrey seminario 1883 \/ Guanajuato seminario externo e interno 1887 \/ M\u00e9xico-San Lorenzo\u2026","rel":"","context":"En \u00abBiograf\u00edas de Misioneros Pa\u00fales\u00bb","block_context":{"text":"Biograf\u00edas de Misioneros Pa\u00fales","link":"http:\/\/vincentians.com\/es\/category\/la-familia-vicenciana\/biografias-vicencianas\/biografias-de-misioneros-paules\/"},"img":{"alt_text":"","src":"https:\/\/i0.wp.com\/vincentians.com\/es\/wp-content\/uploads\/sites\/11\/2016\/07\/bio-cm.jpg?fit=1200%2C630&resize=350%2C200","width":350,"height":200,"srcset":"https:\/\/i0.wp.com\/vincentians.com\/es\/wp-content\/uploads\/sites\/11\/2016\/07\/bio-cm.jpg?fit=1200%2C630&resize=350%2C200 1x, https:\/\/i0.wp.com\/vincentians.com\/es\/wp-content\/uploads\/sites\/11\/2016\/07\/bio-cm.jpg?fit=1200%2C630&resize=525%2C300 1.5x, https:\/\/i0.wp.com\/vincentians.com\/es\/wp-content\/uploads\/sites\/11\/2016\/07\/bio-cm.jpg?fit=1200%2C630&resize=700%2C400 2x, https:\/\/i0.wp.com\/vincentians.com\/es\/wp-content\/uploads\/sites\/11\/2016\/07\/bio-cm.jpg?fit=1200%2C630&resize=1050%2C600 3x"},"classes":[]},{"id":131726,"url":"http:\/\/vincentians.com\/es\/castillo-bata-luis\/","url_meta":{"origin":131435,"position":2},"title":"CASTILLO BATA, LUIS","author":"Mitxel Olabu\u00e9naga","date":"10\/11\/2014","format":false,"excerpt":"Nacimiento: 9.10.1818 en Guadalajara, Jal. \/ Fecha de vocaci\u00f3n: 13.11.1847 \/ Votos perpetuos: 3.3.1850, ante Armengol \/ Fecha de ordenaci\u00f3n: 18.12.1844 (entr\u00f3, pues, ya sacerdote en el seminario interno). DESTINOS: P\u00e1tzcuaro 1855 (a \u00e9l le toc\u00f3 estar al frente cuando la expulsi\u00f3n de los Padres) \/ Le\u00f3n 1860 \/ Saltillo\u2026","rel":"","context":"En \u00abBiograf\u00edas de Misioneros Pa\u00fales\u00bb","block_context":{"text":"Biograf\u00edas de Misioneros Pa\u00fales","link":"http:\/\/vincentians.com\/es\/category\/la-familia-vicenciana\/biografias-vicencianas\/biografias-de-misioneros-paules\/"},"img":{"alt_text":"","src":"https:\/\/i0.wp.com\/vincentians.com\/es\/wp-content\/uploads\/sites\/11\/2016\/07\/bio-cm.jpg?fit=1200%2C630&resize=350%2C200","width":350,"height":200,"srcset":"https:\/\/i0.wp.com\/vincentians.com\/es\/wp-content\/uploads\/sites\/11\/2016\/07\/bio-cm.jpg?fit=1200%2C630&resize=350%2C200 1x, https:\/\/i0.wp.com\/vincentians.com\/es\/wp-content\/uploads\/sites\/11\/2016\/07\/bio-cm.jpg?fit=1200%2C630&resize=525%2C300 1.5x, https:\/\/i0.wp.com\/vincentians.com\/es\/wp-content\/uploads\/sites\/11\/2016\/07\/bio-cm.jpg?fit=1200%2C630&resize=700%2C400 2x, https:\/\/i0.wp.com\/vincentians.com\/es\/wp-content\/uploads\/sites\/11\/2016\/07\/bio-cm.jpg?fit=1200%2C630&resize=1050%2C600 3x"},"classes":[]},{"id":130893,"url":"http:\/\/vincentians.com\/es\/arranachea-arreguin-jesus\/","url_meta":{"origin":131435,"position":3},"title":"ARRANACHEA ARREGUIN, JESUS","author":"Mitxel Olabu\u00e9naga","date":"23\/07\/2014","format":false,"excerpt":"Nacimiento: 16.1.1853 en Silao, Gto. \/ Fecha de vocaci\u00f3n: 8.9.1872 en Guanajuato \/ Votos perpetuos: 9.9.1874 en la iglesia de Valenciana (Seminario Interno, Guanajuato) ante el P.Valga\u00f1\u00f3n \/ Fecha de ordenaci\u00f3n: febrero de 1876 en Guanajuato. DESTINOS seg\u00fan Cat\u00e1logos: Guanajuato 1877 \/ P\u00e1tzcuaro 1880 \/ Alfajayucan superior seminario-parroquia 1881 \/\u2026","rel":"","context":"En \u00abBiograf\u00edas de Misioneros Pa\u00fales\u00bb","block_context":{"text":"Biograf\u00edas de Misioneros Pa\u00fales","link":"http:\/\/vincentians.com\/es\/category\/la-familia-vicenciana\/biografias-vicencianas\/biografias-de-misioneros-paules\/"},"img":{"alt_text":"","src":"https:\/\/i0.wp.com\/vincentians.com\/es\/wp-content\/uploads\/sites\/11\/2016\/07\/bio-cm.jpg?fit=1200%2C630&resize=350%2C200","width":350,"height":200,"srcset":"https:\/\/i0.wp.com\/vincentians.com\/es\/wp-content\/uploads\/sites\/11\/2016\/07\/bio-cm.jpg?fit=1200%2C630&resize=350%2C200 1x, https:\/\/i0.wp.com\/vincentians.com\/es\/wp-content\/uploads\/sites\/11\/2016\/07\/bio-cm.jpg?fit=1200%2C630&resize=525%2C300 1.5x, https:\/\/i0.wp.com\/vincentians.com\/es\/wp-content\/uploads\/sites\/11\/2016\/07\/bio-cm.jpg?fit=1200%2C630&resize=700%2C400 2x, https:\/\/i0.wp.com\/vincentians.com\/es\/wp-content\/uploads\/sites\/11\/2016\/07\/bio-cm.jpg?fit=1200%2C630&resize=1050%2C600 3x"},"classes":[]},{"id":131732,"url":"http:\/\/vincentians.com\/es\/castro-zaragoza-lorenzo\/","url_meta":{"origin":131435,"position":4},"title":"CASTRO ZARAGOZA, LORENZO","author":"Mitxel Olabu\u00e9naga","date":"16\/11\/2014","format":false,"excerpt":"Nacimiento: 10.8.1855 en Piedra Gorda, Guanajuato \/ Fecha de vocaci\u00f3n: 5.4.1877 en Mascarones D.F. \/ Votos perpetuos: 6.4.1879 ibidem, ante Boquet \/ Fecha de ordenaci\u00f3n: 25.3.1882 en el Hospital Franc\u00e9s D.F. por Mons. Torres Agust\u00edn. DESTINOS: Casi su \u00fanico destino fue P\u00e1tzcuaro 1882. En 1877: Pide al SG completar estudios;\u2026","rel":"","context":"En \u00abBiograf\u00edas de Misioneros Pa\u00fales\u00bb","block_context":{"text":"Biograf\u00edas de Misioneros Pa\u00fales","link":"http:\/\/vincentians.com\/es\/category\/la-familia-vicenciana\/biografias-vicencianas\/biografias-de-misioneros-paules\/"},"img":{"alt_text":"","src":"https:\/\/i0.wp.com\/vincentians.com\/es\/wp-content\/uploads\/sites\/11\/2016\/07\/bio-cm.jpg?fit=1200%2C630&resize=350%2C200","width":350,"height":200,"srcset":"https:\/\/i0.wp.com\/vincentians.com\/es\/wp-content\/uploads\/sites\/11\/2016\/07\/bio-cm.jpg?fit=1200%2C630&resize=350%2C200 1x, https:\/\/i0.wp.com\/vincentians.com\/es\/wp-content\/uploads\/sites\/11\/2016\/07\/bio-cm.jpg?fit=1200%2C630&resize=525%2C300 1.5x, https:\/\/i0.wp.com\/vincentians.com\/es\/wp-content\/uploads\/sites\/11\/2016\/07\/bio-cm.jpg?fit=1200%2C630&resize=700%2C400 2x, https:\/\/i0.wp.com\/vincentians.com\/es\/wp-content\/uploads\/sites\/11\/2016\/07\/bio-cm.jpg?fit=1200%2C630&resize=1050%2C600 3x"},"classes":[]},{"id":131277,"url":"http:\/\/vincentians.com\/es\/beltran-sotelo-ignacio\/","url_meta":{"origin":131435,"position":5},"title":"BELTRAN SOTELO, IGNACIO","author":"Mitxel Olabu\u00e9naga","date":"13\/09\/2014","format":false,"excerpt":"Nacimiento: 29.7.1845 en Tejupilco, M\u00e9x. \/ Fecha de vocaci\u00f3n: 31.10.1968 \/ Votos perpetuos: 1.11.1870. DESTINOS: Puebla \/ Monterrey \/ P\u00e1tzcuaro \/ Tacubaya 1901 \/ Chihuahua 1906 \/ Tacubaya 1920 \/ Chihuahua 1922. Aqu\u00ed muri\u00f3 el 25.1.1933 a los 87 de edad y 64 de vocaci\u00f3n. Muy piadoso y observante, dicen\u2026","rel":"","context":"En \u00abBiograf\u00edas de Misioneros Pa\u00fales\u00bb","block_context":{"text":"Biograf\u00edas de Misioneros Pa\u00fales","link":"http:\/\/vincentians.com\/es\/category\/la-familia-vicenciana\/biografias-vicencianas\/biografias-de-misioneros-paules\/"},"img":{"alt_text":"","src":"https:\/\/i0.wp.com\/vincentians.com\/es\/wp-content\/uploads\/sites\/11\/2016\/07\/bio-cm.jpg?fit=1200%2C630&resize=350%2C200","width":350,"height":200,"srcset":"https:\/\/i0.wp.com\/vincentians.com\/es\/wp-content\/uploads\/sites\/11\/2016\/07\/bio-cm.jpg?fit=1200%2C630&resize=350%2C200 1x, https:\/\/i0.wp.com\/vincentians.com\/es\/wp-content\/uploads\/sites\/11\/2016\/07\/bio-cm.jpg?fit=1200%2C630&resize=525%2C300 1.5x, https:\/\/i0.wp.com\/vincentians.com\/es\/wp-content\/uploads\/sites\/11\/2016\/07\/bio-cm.jpg?fit=1200%2C630&resize=700%2C400 2x, https:\/\/i0.wp.com\/vincentians.com\/es\/wp-content\/uploads\/sites\/11\/2016\/07\/bio-cm.jpg?fit=1200%2C630&resize=1050%2C600 3x"},"classes":[]}],"_links":{"self":[{"href":"http:\/\/vincentians.com\/es\/wp-json\/wp\/v2\/posts\/131435","targetHints":{"allow":["GET"]}}],"collection":[{"href":"http:\/\/vincentians.com\/es\/wp-json\/wp\/v2\/posts"}],"about":[{"href":"http:\/\/vincentians.com\/es\/wp-json\/wp\/v2\/types\/post"}],"author":[{"embeddable":true,"href":"http:\/\/vincentians.com\/es\/wp-json\/wp\/v2\/users\/5"}],"replies":[{"embeddable":true,"href":"http:\/\/vincentians.com\/es\/wp-json\/wp\/v2\/comments?post=131435"}],"version-history":[{"count":0,"href":"http:\/\/vincentians.com\/es\/wp-json\/wp\/v2\/posts\/131435\/revisions"}],"wp:featuredmedia":[{"embeddable":true,"href":"http:\/\/vincentians.com\/es\/wp-json\/wp\/v2\/media\/391164"}],"wp:attachment":[{"href":"http:\/\/vincentians.com\/es\/wp-json\/wp\/v2\/media?parent=131435"}],"wp:term":[{"taxonomy":"category","embeddable":true,"href":"http:\/\/vincentians.com\/es\/wp-json\/wp\/v2\/categories?post=131435"},{"taxonomy":"post_tag","embeddable":true,"href":"http:\/\/vincentians.com\/es\/wp-json\/wp\/v2\/tags?post=131435"}],"curies":[{"name":"wp","href":"https:\/\/api.w.org\/{rel}","templated":true}]}}