{"id":131332,"date":"2014-10-01T08:58:17","date_gmt":"2014-10-01T06:58:17","guid":{"rendered":"http:\/\/somos.vicencianos.org\/?p=131332"},"modified":"2014-10-01T08:58:17","modified_gmt":"2014-10-01T06:58:17","slug":"vida-fraterna-en-comun","status":"publish","type":"post","link":"http:\/\/vincentians.com\/es\/vida-fraterna-en-comun\/","title":{"rendered":"Vida fraterna en com\u00fan"},"content":{"rendered":"<p style=\"text-align: justify\">\u00abMientras sub\u00eda a la monta\u00f1a fue llamando a los que \u00e9l quiso y se reunieron con \u00e9l. Design\u00f3 a doce para que fueran sus compa\u00f1eros y para enviarles a predicar con poder de expulsar demonios\u00bb. (Mc. 7, 13.15).<\/p>\n<p style=\"text-align: justify\">\u00abLa Congregaci\u00f3n de la Misi\u00f3n es una sociedad clerical de vida apost\u00f3lica y de derecho pontificio. En ella, sus miembros tratan de alcanzar su propio fin apost\u00f3lico seg\u00fan el patrimonio legado por San Vicente y sancionado por la Iglesia. Llevan una vida fraterna en com\u00fan seg\u00fan un estilo propio y mediante la observancia de las Constituciones tienden a la perfecci\u00f3n de la caridad\u00bb. (C 3,1).<\/p>\n<p style=\"text-align: justify\"><a href=\"https:\/\/i0.wp.com\/vicencianos.org\/wp-content\/2014\/10\/duccio296.jpg\"><img data-recalc-dims=\"1\" loading=\"lazy\" decoding=\"async\" class=\"alignright size-medium wp-image-137255\" src=\"https:\/\/i0.wp.com\/vicencianos.org\/wp-content\/2014\/10\/duccio296-300x240.jpg?resize=300%2C240\" alt=\"duccio296\" width=\"300\" height=\"240\" \/><\/a>La vida fraterna en com\u00fan nace al mismo tiempo que la Misi\u00f3n. No se concibe misi\u00f3n vicenciana sin la vida fraterna en com\u00fan. De ah\u00ed que la vida en com\u00fan fraterna sea un elemento esencial en la vida del apostolado de la Congregaci\u00f3n de Misi\u00f3n.<\/p>\n<h2 style=\"text-align: justify\">1. \u00abNos asociamos a dicha obra para vivir en com\u00fan\u00bb.<\/h2>\n<p style=\"text-align: justify\">Tanto en el contrato de fundaci\u00f3n de la Congregaci\u00f3n de la Misi\u00f3n, como en el acta de asociaci\u00f3n de los primeros misioneros queda bien consignado el prop\u00f3sito de vivir juntos para evangelizar a los pobres. Es el elemento material de la vida comunitaria: \u00abnos asociamos a dicha obra, para vivir juntos en forna de congregaci\u00f3n, compa\u00f1\u00eda o cofrad\u00eda, y para trabajar por la salvaci\u00f3n del pobre pueblo del campo, seg\u00fan dicha fundaci\u00f3n, y tras la s\u00faplica que han hecho&#8230; con la promesa de observar dicha fundaci\u00f3n y el reglamento particular, que sobre la misma hemos escrito, de obedecerme a m\u00ed y a mis sucesores, permaneciendo bajo mi direcci\u00f3n, gobierno y jurisdicci\u00f3n\u00bb. (X 243).<\/p>\n<p style=\"text-align: justify\">Las Reglas Comunes insistir\u00e1n m\u00e1s en concreto sobre este aspecto material de la vida fraterna en com\u00fan:<\/p>\n<p style=\"text-align: justify\">\u00abSe observar\u00e1 con exactitud el orden del d\u00eda acostumbrado en la Congregaci\u00f3n, lo mismo en casa que en las misiones, particularmente en lo que se refiere a las horas de levantarse y acostarse, de orar, de recitar el Oficio Divino y de comer\u00bb. (RC X, 18).<\/p>\n<h2 style=\"text-align: justify\">2. \u00abLa caridad es el cielo de las comunidades\u00bb.<\/h2>\n<p style=\"text-align: justify\">El elemento material no basta, se requiere la fraternidad, el amor mutuo. San Vicente dijo que la \u00abcaridad es el cielo de las comunidades\u00bb:<\/p>\n<p style=\"text-align: justify\">\u00abLa caridad es el alma de las virtudes y el cielo de las comunidades. La casa de San L\u00e1zaro ser\u00e1 un cielo si hay caridad; el cielo no es m\u00e1s que amor, uni\u00f3n, ca-ridad; la felicidad principal de la vida eterna consiste en amar&#8230; finalmente, no hay nada m\u00e1s deseable que vivir con los que uno ama y se siente amado\u00bb. (XI 768).<\/p>\n<p style=\"text-align: justify\">La misma ley universal de la Iglesia insiste sobre la fraternidad, enraizada en la caridad, como elemento din\u00e1mico de la vida comunitaria:<\/p>\n<p style=\"text-align: justify\">\u00abLa vida fraterna propia de un Instituto, por la que todos los miembros se unen en Cristo como en una familia peculiar, debe organizarse de tal manera que sea para todos una ayuda mutua en el cumplimiento de la propia vocaci\u00f3n personal. Por la comuni\u00f3n fraterna, enraizada y fundamentada en la caridad, los miembros han de ser ejemplo de la reconciliaci\u00f3n universal en Cristo\u00bb. (c. 602).<\/p>\n<h2 style=\"text-align: justify\">3. \u00abLa soledad nos hace suspirar por el trabajo y \u00e9ste por la soledad\u00bb.<\/h2>\n<p style=\"text-align: justify\">Desde Abelly se viene repitiendo aquello de que el Misionero es \u00abap\u00f3stol en el campo y cartujo en casa\u00bb. Algo parecido escribi\u00f3 San Vicente a un Padre (II 183). Son dos momentos distintos de la vida del misionero. Ambos requieren actitudes distintas. De todas maneras, Id vida en com\u00fan exige que entre todos se cree el ambiente propio de una vida fraterna en com\u00fan para la misi\u00f3n:<\/p>\n<p style=\"text-align: justify\">\u00abNos esforzaremos con todo cuidado por crear las condiciones necesarias para el trabajo, el descanso, la oraci\u00f3n y la convivencia fraterna; por eso emplearemos con discreci\u00f3n y prudencia los medios de comunicaci\u00f3n y, salvando la exigencia del apostolado, reservaremos ION parte de la casa para la intimidad de la comunidad\u00bb. (C 24, 4.1.<\/p>\n<ul>\n<li style=\"text-align: justify\">\u00bfQu\u00e9 idea tengo de la vida fraterna en com\u00fan en la Congregaci\u00f3n de la Misi\u00f3n?<\/li>\n<li style=\"text-align: justify\">\u00bfCu\u00e1l es mi experiencia hasta este momento de la vida fraterna vivida en com\u00fan en la Congregaci\u00f3n? \u00bfMe siento satisfecho o frustrado? \u00bfPor qu\u00e9 lo uno o lo otro?<\/li>\n<\/ul>\n<h2 style=\"text-align: justify\">Oraci\u00f3n:<\/h2>\n<p style=\"text-align: justify\">\u00abOh divino Salvador, inspira la caridad en todos los corazones de quienes has llamado a formar parte de esta Congregaci\u00f3n, porque solamente por este amor mutuo los fuertes sostendr\u00e1n a los d\u00e9biles y todos llevaremos a cabo Is obra que benignamente nos hab\u00e9is confiado\u00bb. (Cf. XI 769).<\/p>\n","protected":false},"excerpt":{"rendered":"<p>\u00abMientras sub\u00eda a la monta\u00f1a fue llamando a los que \u00e9l quiso y se reunieron con \u00e9l. Design\u00f3 a doce para que fueran sus compa\u00f1eros y para enviarles a predicar con poder de expulsar demonios\u00bb. &#8230; <a href=\"http:\/\/vincentians.com\/es\/vida-fraterna-en-comun\/\" class=\"more-link\">Read More<\/a><\/p>\n","protected":false},"author":4,"featured_media":137255,"comment_status":"open","ping_status":"open","sticky":false,"template":"","format":"standard","meta":{"jetpack_post_was_ever_published":false,"_jetpack_newsletter_access":"","_jetpack_dont_email_post_to_subs":false,"_jetpack_newsletter_tier_id":0,"_jetpack_memberships_contains_paywalled_content":false,"_jetpack_memberships_contains_paid_content":false,"footnotes":"","jetpack_publicize_message":"","jetpack_publicize_feature_enabled":true,"jetpack_social_post_already_shared":true,"jetpack_social_options":{"image_generator_settings":{"template":"highway","default_image_id":0,"font":"","enabled":false},"version":2}},"categories":[226],"tags":[218,143],"class_list":["post-131332","post","type-post","status-publish","format-standard","has-post-thumbnail","hentry","category-espiritualidad-vicenciana","tag-abelly","tag-san-lazaro"],"yoast_head":"<!-- This site is optimized with the Yoast SEO plugin v26.3 - https:\/\/yoast.com\/wordpress\/plugins\/seo\/ -->\n<title>Vida fraterna en com\u00fan - Somos Vicencianos<\/title>\n<meta name=\"robots\" content=\"index, follow, max-snippet:-1, max-image-preview:large, max-video-preview:-1\" \/>\n<link rel=\"canonical\" href=\"http:\/\/vincentians.com\/es\/vida-fraterna-en-comun\/\" \/>\n<meta property=\"og:locale\" content=\"es_ES\" \/>\n<meta property=\"og:type\" content=\"article\" \/>\n<meta property=\"og:title\" content=\"Vida fraterna en com\u00fan - Somos Vicencianos\" \/>\n<meta property=\"og:description\" content=\"\u00abMientras sub\u00eda a la monta\u00f1a fue llamando a los que \u00e9l quiso y se reunieron con \u00e9l. Design\u00f3 a doce para que fueran sus compa\u00f1eros y para enviarles a predicar con poder de expulsar demonios\u00bb. ... Read More\" \/>\n<meta property=\"og:url\" content=\"http:\/\/vincentians.com\/es\/vida-fraterna-en-comun\/\" \/>\n<meta property=\"og:site_name\" content=\"Somos Vicencianos\" \/>\n<meta property=\"article:publisher\" content=\"https:\/\/www.facebook.com\/WeAreVincentians\/\" \/>\n<meta property=\"article:author\" content=\"https:\/\/www.facebook.com\/JavierChento\" \/>\n<meta property=\"article:published_time\" content=\"2014-10-01T06:58:17+00:00\" \/>\n<meta name=\"author\" content=\"Francisco Javier Fern\u00e1ndez Chento\" \/>\n<meta name=\"twitter:card\" content=\"summary_large_image\" \/>\n<meta name=\"twitter:creator\" content=\"@https:\/\/twitter.com\/javierchento\" \/>\n<meta name=\"twitter:site\" content=\"@WeVincentians\" \/>\n<meta name=\"twitter:label1\" content=\"Escrito por\" \/>\n\t<meta name=\"twitter:data1\" content=\"Francisco Javier Fern\u00e1ndez Chento\" \/>\n\t<meta name=\"twitter:label2\" content=\"Tiempo de lectura\" \/>\n\t<meta name=\"twitter:data2\" content=\"4 minutos\" \/>\n<script type=\"application\/ld+json\" class=\"yoast-schema-graph\">{\"@context\":\"https:\/\/schema.org\",\"@graph\":[{\"@type\":\"Article\",\"@id\":\"http:\/\/vincentians.com\/es\/vida-fraterna-en-comun\/#article\",\"isPartOf\":{\"@id\":\"http:\/\/vincentians.com\/es\/vida-fraterna-en-comun\/\"},\"author\":{\"name\":\"Francisco Javier Fern\u00e1ndez Chento\",\"@id\":\"http:\/\/vincentians.com\/es\/#\/schema\/person\/9623ef4d9aa3b2dfb8c061f1499288f2\"},\"headline\":\"Vida fraterna en com\u00fan\",\"datePublished\":\"2014-10-01T06:58:17+00:00\",\"mainEntityOfPage\":{\"@id\":\"http:\/\/vincentians.com\/es\/vida-fraterna-en-comun\/\"},\"wordCount\":800,\"commentCount\":0,\"publisher\":{\"@id\":\"http:\/\/vincentians.com\/es\/#organization\"},\"image\":{\"@id\":\"http:\/\/vincentians.com\/es\/vida-fraterna-en-comun\/#primaryimage\"},\"thumbnailUrl\":\"\",\"keywords\":[\"Abelly\",\"San L\u00e1zaro\"],\"articleSection\":[\"Espiritualidad vicenciana\"],\"inLanguage\":\"es\",\"potentialAction\":[{\"@type\":\"CommentAction\",\"name\":\"Comment\",\"target\":[\"http:\/\/vincentians.com\/es\/vida-fraterna-en-comun\/#respond\"]}]},{\"@type\":\"WebPage\",\"@id\":\"http:\/\/vincentians.com\/es\/vida-fraterna-en-comun\/\",\"url\":\"http:\/\/vincentians.com\/es\/vida-fraterna-en-comun\/\",\"name\":\"Vida fraterna en com\u00fan - Somos Vicencianos\",\"isPartOf\":{\"@id\":\"http:\/\/vincentians.com\/es\/#website\"},\"primaryImageOfPage\":{\"@id\":\"http:\/\/vincentians.com\/es\/vida-fraterna-en-comun\/#primaryimage\"},\"image\":{\"@id\":\"http:\/\/vincentians.com\/es\/vida-fraterna-en-comun\/#primaryimage\"},\"thumbnailUrl\":\"\",\"datePublished\":\"2014-10-01T06:58:17+00:00\",\"breadcrumb\":{\"@id\":\"http:\/\/vincentians.com\/es\/vida-fraterna-en-comun\/#breadcrumb\"},\"inLanguage\":\"es\",\"potentialAction\":[{\"@type\":\"ReadAction\",\"target\":[\"http:\/\/vincentians.com\/es\/vida-fraterna-en-comun\/\"]}]},{\"@type\":\"ImageObject\",\"inLanguage\":\"es\",\"@id\":\"http:\/\/vincentians.com\/es\/vida-fraterna-en-comun\/#primaryimage\",\"url\":\"\",\"contentUrl\":\"\"},{\"@type\":\"BreadcrumbList\",\"@id\":\"http:\/\/vincentians.com\/es\/vida-fraterna-en-comun\/#breadcrumb\",\"itemListElement\":[{\"@type\":\"ListItem\",\"position\":1,\"name\":\"Portada\",\"item\":\"http:\/\/vincentians.com\/es\/\"},{\"@type\":\"ListItem\",\"position\":2,\"name\":\"Vida fraterna en com\u00fan\"}]},{\"@type\":\"WebSite\",\"@id\":\"http:\/\/vincentians.com\/es\/#website\",\"url\":\"http:\/\/vincentians.com\/es\/\",\"name\":\"Somos Vicencianos\",\"description\":\"Know more to serve more\",\"publisher\":{\"@id\":\"http:\/\/vincentians.com\/es\/#organization\"},\"potentialAction\":[{\"@type\":\"SearchAction\",\"target\":{\"@type\":\"EntryPoint\",\"urlTemplate\":\"http:\/\/vincentians.com\/es\/?s={search_term_string}\"},\"query-input\":{\"@type\":\"PropertyValueSpecification\",\"valueRequired\":true,\"valueName\":\"search_term_string\"}}],\"inLanguage\":\"es\"},{\"@type\":\"Organization\",\"@id\":\"http:\/\/vincentians.com\/es\/#organization\",\"name\":\"The Vincentian Network\",\"url\":\"http:\/\/vincentians.com\/es\/\",\"logo\":{\"@type\":\"ImageObject\",\"inLanguage\":\"es\",\"@id\":\"http:\/\/vincentians.com\/es\/#\/schema\/logo\/image\/\",\"url\":\"https:\/\/i1.wp.com\/vincentians.com\/es\/wp-content\/uploads\/sites\/11\/2016\/06\/Vincentian-Network-logo-big.png?fit=778%2C778\",\"contentUrl\":\"https:\/\/i1.wp.com\/vincentians.com\/es\/wp-content\/uploads\/sites\/11\/2016\/06\/Vincentian-Network-logo-big.png?fit=778%2C778\",\"width\":778,\"height\":778,\"caption\":\"The Vincentian Network\"},\"image\":{\"@id\":\"http:\/\/vincentians.com\/es\/#\/schema\/logo\/image\/\"},\"sameAs\":[\"https:\/\/www.facebook.com\/WeAreVincentians\/\",\"https:\/\/x.com\/WeVincentians\"]},{\"@type\":\"Person\",\"@id\":\"http:\/\/vincentians.com\/es\/#\/schema\/person\/9623ef4d9aa3b2dfb8c061f1499288f2\",\"name\":\"Francisco Javier Fern\u00e1ndez Chento\",\"image\":{\"@type\":\"ImageObject\",\"inLanguage\":\"es\",\"@id\":\"http:\/\/vincentians.com\/es\/#\/schema\/person\/image\/\",\"url\":\"https:\/\/secure.gravatar.com\/avatar\/497d5cde87b4c3d097d0315953521681ba2cd523ee66e5077c3711f7021e65de?s=96&d=mm&r=g\",\"contentUrl\":\"https:\/\/secure.gravatar.com\/avatar\/497d5cde87b4c3d097d0315953521681ba2cd523ee66e5077c3711f7021e65de?s=96&d=mm&r=g\",\"caption\":\"Francisco Javier Fern\u00e1ndez Chento\"},\"description\":\"Director General y cofundador de La Red de Formaci\u00f3n Vicenciana. Javier es laico vicenciano, afiliado a la Congregaci\u00f3n de la Misi\u00f3n y miembro del Equipo de Misiones Populares de la provincia can\u00f3nica de Zaragoza (Espa\u00f1a) de la Congregaci\u00f3n de la Misi\u00f3n. Graduado en la Universidad Oberta de Catalunya con cuatro grados (Asistente de direcci\u00f3n, Gesti\u00f3n Administrativa, Recursos Humanos y Contabilidad Avanzada). Bil\u00edng\u00fce Espa\u00f1ol\/Ingl\u00e9s. gestiona y mantiene varias p\u00e1ginas web cristianas y vicencianas, incluida including La Red de Formaci\u00f3n Vicenciana, de la que es cofundador. Actualmente es responsable del \u00e1rea de Espa\u00f1ol de .famvin, la Red de Noticias de la Familia Vicenciana. Tambi\u00e9n es m\u00fasico cat\u00f3lico y ha editado varios discos. Es Director General y cofundador de Trovador, una reconocida compa\u00f1\u00eda discogr\u00e1fica critiana de Espa\u00f1a. Trabaja en las Tecnolog\u00edas de la Informaci\u00f3n, ofreciendo servicios de alojamiento, dise\u00f1o y mantenimiento Web, as\u00ed como asesoramiento, formaci\u00f3n y soluciones inform\u00e1ticas, gesti\u00f3n documental y digitalizaci\u00f3n de textos, edici\u00f3n y maquetaci\u00f3n de libros, revistas, flyers, etc.\",\"sameAs\":[\"http:\/\/chento.org\",\"https:\/\/www.facebook.com\/JavierChento\",\"https:\/\/x.com\/https:\/\/twitter.com\/javierchento\"],\"url\":\"http:\/\/vincentians.com\/es\/author\/chento\/\"}]}<\/script>\n<!-- \/ Yoast SEO plugin. -->","yoast_head_json":{"title":"Vida fraterna en com\u00fan - Somos Vicencianos","robots":{"index":"index","follow":"follow","max-snippet":"max-snippet:-1","max-image-preview":"max-image-preview:large","max-video-preview":"max-video-preview:-1"},"canonical":"http:\/\/vincentians.com\/es\/vida-fraterna-en-comun\/","og_locale":"es_ES","og_type":"article","og_title":"Vida fraterna en com\u00fan - Somos Vicencianos","og_description":"\u00abMientras sub\u00eda a la monta\u00f1a fue llamando a los que \u00e9l quiso y se reunieron con \u00e9l. Design\u00f3 a doce para que fueran sus compa\u00f1eros y para enviarles a predicar con poder de expulsar demonios\u00bb. ... Read More","og_url":"http:\/\/vincentians.com\/es\/vida-fraterna-en-comun\/","og_site_name":"Somos Vicencianos","article_publisher":"https:\/\/www.facebook.com\/WeAreVincentians\/","article_author":"https:\/\/www.facebook.com\/JavierChento","article_published_time":"2014-10-01T06:58:17+00:00","author":"Francisco Javier Fern\u00e1ndez Chento","twitter_card":"summary_large_image","twitter_creator":"@https:\/\/twitter.com\/javierchento","twitter_site":"@WeVincentians","twitter_misc":{"Escrito por":"Francisco Javier Fern\u00e1ndez Chento","Tiempo de lectura":"4 minutos"},"schema":{"@context":"https:\/\/schema.org","@graph":[{"@type":"Article","@id":"http:\/\/vincentians.com\/es\/vida-fraterna-en-comun\/#article","isPartOf":{"@id":"http:\/\/vincentians.com\/es\/vida-fraterna-en-comun\/"},"author":{"name":"Francisco Javier Fern\u00e1ndez Chento","@id":"http:\/\/vincentians.com\/es\/#\/schema\/person\/9623ef4d9aa3b2dfb8c061f1499288f2"},"headline":"Vida fraterna en com\u00fan","datePublished":"2014-10-01T06:58:17+00:00","mainEntityOfPage":{"@id":"http:\/\/vincentians.com\/es\/vida-fraterna-en-comun\/"},"wordCount":800,"commentCount":0,"publisher":{"@id":"http:\/\/vincentians.com\/es\/#organization"},"image":{"@id":"http:\/\/vincentians.com\/es\/vida-fraterna-en-comun\/#primaryimage"},"thumbnailUrl":"","keywords":["Abelly","San L\u00e1zaro"],"articleSection":["Espiritualidad vicenciana"],"inLanguage":"es","potentialAction":[{"@type":"CommentAction","name":"Comment","target":["http:\/\/vincentians.com\/es\/vida-fraterna-en-comun\/#respond"]}]},{"@type":"WebPage","@id":"http:\/\/vincentians.com\/es\/vida-fraterna-en-comun\/","url":"http:\/\/vincentians.com\/es\/vida-fraterna-en-comun\/","name":"Vida fraterna en com\u00fan - Somos Vicencianos","isPartOf":{"@id":"http:\/\/vincentians.com\/es\/#website"},"primaryImageOfPage":{"@id":"http:\/\/vincentians.com\/es\/vida-fraterna-en-comun\/#primaryimage"},"image":{"@id":"http:\/\/vincentians.com\/es\/vida-fraterna-en-comun\/#primaryimage"},"thumbnailUrl":"","datePublished":"2014-10-01T06:58:17+00:00","breadcrumb":{"@id":"http:\/\/vincentians.com\/es\/vida-fraterna-en-comun\/#breadcrumb"},"inLanguage":"es","potentialAction":[{"@type":"ReadAction","target":["http:\/\/vincentians.com\/es\/vida-fraterna-en-comun\/"]}]},{"@type":"ImageObject","inLanguage":"es","@id":"http:\/\/vincentians.com\/es\/vida-fraterna-en-comun\/#primaryimage","url":"","contentUrl":""},{"@type":"BreadcrumbList","@id":"http:\/\/vincentians.com\/es\/vida-fraterna-en-comun\/#breadcrumb","itemListElement":[{"@type":"ListItem","position":1,"name":"Portada","item":"http:\/\/vincentians.com\/es\/"},{"@type":"ListItem","position":2,"name":"Vida fraterna en com\u00fan"}]},{"@type":"WebSite","@id":"http:\/\/vincentians.com\/es\/#website","url":"http:\/\/vincentians.com\/es\/","name":"Somos Vicencianos","description":"Know more to serve more","publisher":{"@id":"http:\/\/vincentians.com\/es\/#organization"},"potentialAction":[{"@type":"SearchAction","target":{"@type":"EntryPoint","urlTemplate":"http:\/\/vincentians.com\/es\/?s={search_term_string}"},"query-input":{"@type":"PropertyValueSpecification","valueRequired":true,"valueName":"search_term_string"}}],"inLanguage":"es"},{"@type":"Organization","@id":"http:\/\/vincentians.com\/es\/#organization","name":"The Vincentian Network","url":"http:\/\/vincentians.com\/es\/","logo":{"@type":"ImageObject","inLanguage":"es","@id":"http:\/\/vincentians.com\/es\/#\/schema\/logo\/image\/","url":"https:\/\/i1.wp.com\/vincentians.com\/es\/wp-content\/uploads\/sites\/11\/2016\/06\/Vincentian-Network-logo-big.png?fit=778%2C778","contentUrl":"https:\/\/i1.wp.com\/vincentians.com\/es\/wp-content\/uploads\/sites\/11\/2016\/06\/Vincentian-Network-logo-big.png?fit=778%2C778","width":778,"height":778,"caption":"The Vincentian Network"},"image":{"@id":"http:\/\/vincentians.com\/es\/#\/schema\/logo\/image\/"},"sameAs":["https:\/\/www.facebook.com\/WeAreVincentians\/","https:\/\/x.com\/WeVincentians"]},{"@type":"Person","@id":"http:\/\/vincentians.com\/es\/#\/schema\/person\/9623ef4d9aa3b2dfb8c061f1499288f2","name":"Francisco Javier Fern\u00e1ndez Chento","image":{"@type":"ImageObject","inLanguage":"es","@id":"http:\/\/vincentians.com\/es\/#\/schema\/person\/image\/","url":"https:\/\/secure.gravatar.com\/avatar\/497d5cde87b4c3d097d0315953521681ba2cd523ee66e5077c3711f7021e65de?s=96&d=mm&r=g","contentUrl":"https:\/\/secure.gravatar.com\/avatar\/497d5cde87b4c3d097d0315953521681ba2cd523ee66e5077c3711f7021e65de?s=96&d=mm&r=g","caption":"Francisco Javier Fern\u00e1ndez Chento"},"description":"Director General y cofundador de La Red de Formaci\u00f3n Vicenciana. Javier es laico vicenciano, afiliado a la Congregaci\u00f3n de la Misi\u00f3n y miembro del Equipo de Misiones Populares de la provincia can\u00f3nica de Zaragoza (Espa\u00f1a) de la Congregaci\u00f3n de la Misi\u00f3n. Graduado en la Universidad Oberta de Catalunya con cuatro grados (Asistente de direcci\u00f3n, Gesti\u00f3n Administrativa, Recursos Humanos y Contabilidad Avanzada). Bil\u00edng\u00fce Espa\u00f1ol\/Ingl\u00e9s. gestiona y mantiene varias p\u00e1ginas web cristianas y vicencianas, incluida including La Red de Formaci\u00f3n Vicenciana, de la que es cofundador. Actualmente es responsable del \u00e1rea de Espa\u00f1ol de .famvin, la Red de Noticias de la Familia Vicenciana. Tambi\u00e9n es m\u00fasico cat\u00f3lico y ha editado varios discos. Es Director General y cofundador de Trovador, una reconocida compa\u00f1\u00eda discogr\u00e1fica critiana de Espa\u00f1a. Trabaja en las Tecnolog\u00edas de la Informaci\u00f3n, ofreciendo servicios de alojamiento, dise\u00f1o y mantenimiento Web, as\u00ed como asesoramiento, formaci\u00f3n y soluciones inform\u00e1ticas, gesti\u00f3n documental y digitalizaci\u00f3n de textos, edici\u00f3n y maquetaci\u00f3n de libros, revistas, flyers, etc.","sameAs":["http:\/\/chento.org","https:\/\/www.facebook.com\/JavierChento","https:\/\/x.com\/https:\/\/twitter.com\/javierchento"],"url":"http:\/\/vincentians.com\/es\/author\/chento\/"}]}},"jetpack_publicize_connections":[],"jetpack_featured_media_url":"","jetpack_sharing_enabled":true,"jetpack_shortlink":"https:\/\/wp.me\/p7ETMF-yag","jetpack-related-posts":[{"id":140316,"url":"http:\/\/vincentians.com\/es\/comunidad-fraterna-para-la-mision\/","url_meta":{"origin":131332,"position":0},"title":"Comunidad fraterna para la Misi\u00f3n","author":"Francisco Javier Fern\u00e1ndez Chento","date":"21\/02\/2015","format":false,"excerpt":"\u00abNo me elegisteis vosotros a m\u00ed, fui yo quien os eleg\u00ed \u00ada vosotros y os destin\u00e9 a que os pong\u00e1is en camino y d\u00e9is fruto, y un fruto que dure\u00bb. (Jn 15,16). \u00abSan Vicente reuni\u00f3 dentro de la Iglesia a algunos compa\u00f1eros, para que llevando una nueva forma de vida\u2026","rel":"","context":"En \u00abEspiritualidad vicenciana\u00bb","block_context":{"text":"Espiritualidad vicenciana","link":"http:\/\/vincentians.com\/es\/category\/espiritualidad\/espiritualidad-vicenciana\/"},"img":{"alt_text":"comunidad_fratrerna","src":"https:\/\/i0.wp.com\/vicencianos.org\/wp-content\/2015\/02\/comunidad_fratrerna-300x219.jpg?resize=350%2C200","width":350,"height":200},"classes":[]},{"id":140961,"url":"http:\/\/vincentians.com\/es\/en-comunidad-como-jesus-con-sus-discipulos\/","url_meta":{"origin":131332,"position":1},"title":"En comunidad como Jes\u00fas con sus disc\u00edpulos","author":"Francisco Javier Fern\u00e1ndez Chento","date":"27\/02\/2015","format":false,"excerpt":"\u00abPor aquel entonces se fue \u00ada la monta\u00f1a a orar y se pas\u00f3 \u00adla noche orando a Dios. Cuando se hizo de d\u00eda llam\u00f3 a sus disc\u00edpulos, escogi\u00f3 a doce de ellos y los nombr\u00f3 ap\u00f3stoles\u00bb. (Lc 6,12-13). \u00abSeguimos a Cristo que convoca a los ap\u00f3stoles y disc\u00edpulos y que\u2026","rel":"","context":"En \u00abEspiritualidad vicenciana\u00bb","block_context":{"text":"Espiritualidad vicenciana","link":"http:\/\/vincentians.com\/es\/category\/espiritualidad\/espiritualidad-vicenciana\/"},"img":{"alt_text":"asd","src":"https:\/\/i0.wp.com\/vicencianos.org\/wp-content\/2015\/02\/asd3-300x195.jpg?resize=350%2C200","width":350,"height":200},"classes":[]},{"id":141002,"url":"http:\/\/vincentians.com\/es\/nuestra-forma-ordinaria-de-vivir\/","url_meta":{"origin":131332,"position":2},"title":"Nuestra forma ordinaria de vivir","author":"Francisco Javier Fern\u00e1ndez Chento","date":"01\/03\/2015","format":false,"excerpt":"\u00abLos creyentes viv\u00edan todos unidos y lo ten\u00edan todo en \u00adcom\u00fan; vend\u00edan posesiones y bienes y lo repart\u00edan entre todos seg\u00fan la necesidad de cada uno\u00bb. (Hch 2,44). \u00abLa vida comunitaria es un rasgo propio de la Congregaci\u00f3n y su forma ordinaria de vivir ya desde su fundaci\u00f3n y por\u2026","rel":"","context":"En \u00abEspiritualidad vicenciana\u00bb","block_context":{"text":"Espiritualidad vicenciana","link":"http:\/\/vincentians.com\/es\/category\/espiritualidad\/espiritualidad-vicenciana\/"},"img":{"alt_text":"comunidad","src":"https:\/\/i0.wp.com\/vicencianos.org\/wp-content\/2011\/04\/comunidad-300x224.jpg?resize=350%2C200","width":350,"height":200},"classes":[]},{"id":141130,"url":"http:\/\/vincentians.com\/es\/animados-por-la-caridad\/","url_meta":{"origin":131332,"position":3},"title":"Animados por la caridad","author":"Francisco Javier Fern\u00e1ndez Chento","date":"07\/03\/2015","format":false,"excerpt":"\u00abEn esto conocer\u00e1n que sois disc\u00edpulos m\u00edos: en que os am\u00e1is unos a otros\u00bb. (Jn 13,35). \u00abPara que sirva de ayuda a nuestro apostolado, nos esforzaremos, sobre todo mediante la pr\u00e1ctica de las cinco virtudes, en llevar una vida comunitaria animada por la caridad, de manera que llegue a ser\u2026","rel":"","context":"En \u00abEspiritualidad vicenciana\u00bb","block_context":{"text":"Espiritualidad vicenciana","link":"http:\/\/vincentians.com\/es\/category\/espiritualidad\/espiritualidad-vicenciana\/"},"img":{"alt_text":"asd","src":"https:\/\/i0.wp.com\/vicencianos.org\/wp-content\/2015\/03\/asd2.jpg?resize=350%2C200","width":350,"height":200},"classes":[]},{"id":398646,"url":"http:\/\/vincentians.com\/es\/aportacion-del-carisma-vicenciano-la-mision-la-iglesia-10-fin\/","url_meta":{"origin":131332,"position":4},"title":"Aportaci\u00f3n del carisma vicenciano a la Misi\u00f3n de la Iglesia (10 &#8211; Fin)","author":"Francisco Javier Fern\u00e1ndez Chento","date":"13\/08\/2016","format":false,"excerpt":"10.- La circularidad vicenciana: de Cristo a los pobres, de los pobres a Cristo. Para concluir esta reflexi\u00f3n sobre la aportaci\u00f3n del carisma vicenciano a la Misi\u00f3n de la Iglesia, me parece oportuno referirme a la \u201ccircularidad\u201d vicenciana: de Cristo a los pobres, de los pobres a Cristo. \u201cAmemos al\u2026","rel":"","context":"En \u00abFormaci\u00f3n Vicenciana\u00bb","block_context":{"text":"Formaci\u00f3n Vicenciana","link":"http:\/\/vincentians.com\/es\/category\/formacion-vicenciana\/"},"img":{"alt_text":"","src":"https:\/\/i0.wp.com\/vincentians.com\/es\/wp-content\/uploads\/sites\/11\/2016\/06\/contributions-charism.jpg?fit=1200%2C630&resize=350%2C200","width":350,"height":200,"srcset":"https:\/\/i0.wp.com\/vincentians.com\/es\/wp-content\/uploads\/sites\/11\/2016\/06\/contributions-charism.jpg?fit=1200%2C630&resize=350%2C200 1x, https:\/\/i0.wp.com\/vincentians.com\/es\/wp-content\/uploads\/sites\/11\/2016\/06\/contributions-charism.jpg?fit=1200%2C630&resize=525%2C300 1.5x, https:\/\/i0.wp.com\/vincentians.com\/es\/wp-content\/uploads\/sites\/11\/2016\/06\/contributions-charism.jpg?fit=1200%2C630&resize=700%2C400 2x, https:\/\/i0.wp.com\/vincentians.com\/es\/wp-content\/uploads\/sites\/11\/2016\/06\/contributions-charism.jpg?fit=1200%2C630&resize=1050%2C600 3x"},"classes":[]},{"id":32953,"url":"http:\/\/vincentians.com\/es\/reflexiones-sobre-la-vida-en-comun-del-misionero-vicenciano\/","url_meta":{"origin":131332,"position":5},"title":"Reflexiones sobre la vida en com\u00fan del misionero vicenciano","author":"Francisco Javier Fern\u00e1ndez Chento","date":"28\/09\/2016","format":false,"excerpt":"INTRODUCCI\u00d3N Punto de referencia El enunciado del tema es ya significativo, porque pone de relieve los tres aspectos que nos interesan: la vida de fraternidad en com\u00fan, del misionero vicenciano. No nos interesa ahora reflexionar sobre los componentes de la vida comunitaria en general, sino sobre los propios de la\u2026","rel":"","context":"En \u00abCongregaci\u00f3n de la Misi\u00f3n\u00bb","block_context":{"text":"Congregaci\u00f3n de la Misi\u00f3n","link":"http:\/\/vincentians.com\/es\/category\/la-familia-vicenciana\/ramas\/congregacion-de-la-mision\/"},"img":{"alt_text":"asd","src":"https:\/\/i0.wp.com\/vicencianos.org\/wp-content\/uploads\/2011\/04\/asd.png?resize=350%2C200","width":350,"height":200},"classes":[]}],"_links":{"self":[{"href":"http:\/\/vincentians.com\/es\/wp-json\/wp\/v2\/posts\/131332","targetHints":{"allow":["GET"]}}],"collection":[{"href":"http:\/\/vincentians.com\/es\/wp-json\/wp\/v2\/posts"}],"about":[{"href":"http:\/\/vincentians.com\/es\/wp-json\/wp\/v2\/types\/post"}],"author":[{"embeddable":true,"href":"http:\/\/vincentians.com\/es\/wp-json\/wp\/v2\/users\/4"}],"replies":[{"embeddable":true,"href":"http:\/\/vincentians.com\/es\/wp-json\/wp\/v2\/comments?post=131332"}],"version-history":[{"count":0,"href":"http:\/\/vincentians.com\/es\/wp-json\/wp\/v2\/posts\/131332\/revisions"}],"wp:featuredmedia":[{"embeddable":true,"href":"http:\/\/vincentians.com\/es\/wp-json\/"}],"wp:attachment":[{"href":"http:\/\/vincentians.com\/es\/wp-json\/wp\/v2\/media?parent=131332"}],"wp:term":[{"taxonomy":"category","embeddable":true,"href":"http:\/\/vincentians.com\/es\/wp-json\/wp\/v2\/categories?post=131332"},{"taxonomy":"post_tag","embeddable":true,"href":"http:\/\/vincentians.com\/es\/wp-json\/wp\/v2\/tags?post=131332"}],"curies":[{"name":"wp","href":"https:\/\/api.w.org\/{rel}","templated":true}]}}